{"id":10626,"date":"2018-01-23T11:20:12","date_gmt":"2018-01-23T14:20:12","guid":{"rendered":"https:\/\/www.cenedcursos.com.br\/meio-ambiente\/?p=10626"},"modified":"2018-01-23T11:20:12","modified_gmt":"2018-01-23T14:20:12","slug":"embrapa-recomposicao-florestal-chapada-veadeiros","status":"publish","type":"post","link":"https:\/\/cenedcursos.com.br\/meio-ambiente\/embrapa-recomposicao-florestal-chapada-veadeiros\/","title":{"rendered":"Embrapa colabora para recomposi\u00e7\u00e3o florestal do Parque Nacional da Chapada dos Veadeiros"},"content":{"rendered":"<p style=\"text-align: justify;\">A Embrapa Recursos Gen\u00e9ticos e Biotecnologia, unidade da Empresa Brasileira de Pesquisa Agropecu\u00e1ria (Embrapa) em Bras\u00edlia, DF, doou ao Parque Nacional da Chapada dos Veadeiros, no dia 17 de janeiro de 2018, aproximadamente 160 mudas e cinco quilos de sementes de quatro esp\u00e9cies nativas do Cerrado para colaborar com a restaura\u00e7\u00e3o ecol\u00f3gica do Parque, uma das mais importantes unidades de conserva\u00e7\u00e3o do Brasil, devastada por um inc\u00eandio em outubro de 2017, que destruiu 64 mil hectares, correspondendo a 26% de sua \u00e1rea total. Para se ter uma ideia, essa extens\u00e3o equivale \u00e0 metade da \u00e1rea do munic\u00edpio do Rio de Janeiro.<\/p>\n<figure id=\"attachment_10627\" aria-describedby=\"caption-attachment-10627\" style=\"width: 500px\" class=\"wp-caption aligncenter\"><a href=\"https:\/\/i0.wp.com\/www.cenedcursos.com.br\/meio-ambiente\/wp-content\/uploads\/2018\/01\/recomposi%C3%A7%C3%A3o-florestal-embrapa.jpg?ssl=1\"><img data-recalc-dims=\"1\" loading=\"lazy\" decoding=\"async\" data-attachment-id=\"10627\" data-permalink=\"https:\/\/cenedcursos.com.br\/meio-ambiente\/recomposicao-florestal-embrapa\/\" data-orig-file=\"https:\/\/i0.wp.com\/cenedcursos.com.br\/meio-ambiente\/wp-content\/uploads\/2018\/01\/recomposicao-florestal-embrapa.jpg?fit=500%2C327&amp;ssl=1\" data-orig-size=\"500,327\" data-comments-opened=\"1\" data-image-meta=\"{&quot;aperture&quot;:&quot;0&quot;,&quot;credit&quot;:&quot;&quot;,&quot;camera&quot;:&quot;&quot;,&quot;caption&quot;:&quot;&quot;,&quot;created_timestamp&quot;:&quot;0&quot;,&quot;copyright&quot;:&quot;&quot;,&quot;focal_length&quot;:&quot;0&quot;,&quot;iso&quot;:&quot;0&quot;,&quot;shutter_speed&quot;:&quot;0&quot;,&quot;title&quot;:&quot;&quot;,&quot;orientation&quot;:&quot;0&quot;}\" data-image-title=\"recomposi\u00e7\u00e3o florestal embrapa\" data-image-description=\"\" data-image-caption=\"\" data-medium-file=\"https:\/\/i0.wp.com\/cenedcursos.com.br\/meio-ambiente\/wp-content\/uploads\/2018\/01\/recomposicao-florestal-embrapa.jpg?fit=300%2C196&amp;ssl=1\" data-large-file=\"https:\/\/i0.wp.com\/cenedcursos.com.br\/meio-ambiente\/wp-content\/uploads\/2018\/01\/recomposicao-florestal-embrapa.jpg?fit=500%2C327&amp;ssl=1\" class=\"wp-image-10627 size-full\" src=\"https:\/\/i0.wp.com\/www.cenedcursos.com.br\/meio-ambiente\/wp-content\/uploads\/2018\/01\/recomposi%C3%A7%C3%A3o-florestal-embrapa.jpg?resize=500%2C327&#038;ssl=1\" alt=\"recomposi\u00e7\u00e3o florestal embrapa\" width=\"500\" height=\"327\" \/><\/a><figcaption id=\"caption-attachment-10627\" class=\"wp-caption-text\">Fernando Tatagiba (esquerda) recebe as mudas entregues por Leonel Neto<\/figcaption><\/figure>\n<p style=\"text-align: justify;\">As sementes e mudas foram entregues pelo analista da Unidade Leonel Neto ao diretor do Parque, Fernando Tatagiba e abrangem quatro esp\u00e9cies: copa\u00edba (<em>Copaifera langsdorffii<\/em>), ip\u00ea-roxo (<em>Handroanthus impetiginosus<\/em>), jacarand\u00e1-caroba (<em>Jacaranda cuspidifolia<\/em>), gon\u00e7alo-alves (<em>Astronium fraxinifolium<\/em>) e aroeira (<em>Myracrodruon urundeuva<\/em>).<\/p>\n<p style=\"text-align: justify;\">A doa\u00e7\u00e3o das mudas de ip\u00ea-roxo, gon\u00e7alo-alves e jacarand\u00e1-caroba contou ainda com um diferencial, como explica Leonel. Elas foram plantadas em tubetes ecol\u00f3gicos feitos do fruto do jequitib\u00e1 (<em>Cariniana estrellensis<\/em>), o que permite o plantio direto sem danos ao meio ambiente, por n\u00e3o utilizar pl\u00e1stico. Todo o processo de prepara\u00e7\u00e3o das esp\u00e9cies doadas foi realizado em conjunto entre Leonel e a pesquisadora Antonieta Salom\u00e3o.<\/p>\n<p style=\"text-align: justify;\">O diretor do Parque v\u00ea com bons olhos a parceria com a Embrapa Recursos Gen\u00e9ticos e Biotecnologia porque \u201crepresenta o encontro entre a conserva\u00e7\u00e3o <em>ex situ<\/em> (fora do local de origem) e <em>in situ <\/em>(no habitat das esp\u00e9cies vegetais), estrat\u00e9gias fundamentais e complementares de prote\u00e7\u00e3o dos recursos naturais do Cerrado\u201d. O objetivo de Tatagiba \u00e9 aprofundar a parceria com a Unidade, considerando a sua expertise em conserva\u00e7\u00e3o de plantas. \u201cAs sementes de esp\u00e9cies nativas s\u00e3o fundamentais para os processos ecol\u00f3gicos respons\u00e1veis pela regenera\u00e7\u00e3o natural de ecossistemas degradados na Chapada dos Veadeiros\u201d, complementa.<\/p>\n<p style=\"text-align: justify;\"><strong>Iniciativa ter\u00e1 continuidade e ser\u00e1 estendida a outros parques de conserva\u00e7\u00e3o<\/strong><\/p>\n<p style=\"text-align: justify;\">A Embrapa Recursos Gen\u00e9ticos e Biotecnologia investe h\u00e1 mais de quatro d\u00e9cadas em pesquisas com recursos gen\u00e9ticos de plantas, animais e microrganismos. Recurso gen\u00e9tico \u00e9 a parte da biodiversidade que apresenta valor real ou potencial para a humanidade. O Brasil \u00e9 privilegiado em rela\u00e7\u00e3o a esses recursos, j\u00e1 que a sua biodiversidade compreende 20% de todas as esp\u00e9cies de plantas, animais e microrganismos do planeta, o que representa o maior patrim\u00f4nio biol\u00f3gico do mundo.<\/p>\n<p style=\"text-align: justify;\">O objetivo \u00e9 conservar e usar de forma sustent\u00e1vel esses recursos gen\u00e9ticos, em prol da seguran\u00e7a alimentar das gera\u00e7\u00f5es atuais e futuras. Para isso, os estudos envolvem v\u00e1rias etapas, que v\u00e3o desde a coleta em todos os biomas brasileiros at\u00e9 a conserva\u00e7\u00e3o em bancos gen\u00e9ticos.<\/p>\n<p style=\"text-align: justify;\">No caso de plantas, uma das prioridades da Embrapa \u00e9 coletar esp\u00e9cies em \u00e1reas que ser\u00e3o sujeitas \u00e0 degrada\u00e7\u00e3o ambiental, como por exemplo, pela constru\u00e7\u00e3o de hidrel\u00e9tricas. Esse trabalho \u00e9 feito de forma sistem\u00e1tica e muito do material gen\u00e9tico coletado n\u00e3o chega at\u00e9 aos bancos gen\u00e9ticos ou \u00e0s c\u00e2maras frias, nas quais as sementes s\u00e3o conservadas a longo prazo.<\/p>\n<p style=\"text-align: justify;\">\u201cNossa ideia \u00e9 coletar as sementes, preparar as mudas que fazem parte desse sistema de conserva\u00e7\u00e3o e entreg\u00e1-las aos parques de conserva\u00e7\u00e3o. N\u00e3o apenas ao Parque Nacional da Chapada dos Veadeiros, mas a outros no Brasil\u201d, explica Leonel, lembrando que muitas vezes, a palavra mais correta \u00e9 \u201cdevolver\u201d porque parte dessas variedades foram coletadas nas pr\u00f3prias reservas. \u00c9 o caso do gon\u00e7alo-alves, uma \u00e1rvore r\u00fastica de m\u00e9dio porte, cujas sementes foram coletadas na regi\u00e3o da Chapada dos Veadeiros.<\/p>\n<p style=\"text-align: right;\"><em>Por: Fernanda Diniz.\u00a0Jornalista.\u00a0Embrapa Recursos Gen\u00e9ticos e Biotecnologia<\/em><\/p>\n","protected":false},"excerpt":{"rendered":"<p>A Embrapa Recursos Gen\u00e9ticos e Biotecnologia, unidade da Empresa Brasileira de Pesquisa Agropecu\u00e1ria (Embrapa) em Bras\u00edlia, DF, doou ao Parque Nacional da Chapada dos Veadeiros, no dia 17 de janeiro de 2018, aproximadamente 160 mudas e cinco quilos de sementes de quatro esp\u00e9cies nativas do Cerrado para colaborar com a restaura\u00e7\u00e3o ecol\u00f3gica do Parque, uma [&hellip;]<\/p>\n","protected":false},"author":1,"featured_media":10627,"comment_status":"open","ping_status":"open","sticky":false,"template":"","format":"standard","meta":{"_jetpack_memberships_contains_paid_content":false,"footnotes":""},"categories":[493],"tags":[436],"class_list":{"0":"post-10626","1":"post","2":"type-post","3":"status-publish","4":"format-standard","5":"has-post-thumbnail","7":"category-florestas-textos","8":"tag-recomposicao-florestal"},"yoast_head":"<!-- This site is optimized with the Yoast SEO plugin v25.1 - https:\/\/yoast.com\/wordpress\/plugins\/seo\/ -->\n<title>Embrapa colabora para recomposi\u00e7\u00e3o florestal do Parque Nacional da Chapada dos Veadeiros - CENED Cursos Online<\/title>\n<meta name=\"robots\" content=\"index, follow, max-snippet:-1, max-image-preview:large, max-video-preview:-1\" \/>\n<link rel=\"canonical\" href=\"https:\/\/cenedcursos.com.br\/meio-ambiente\/embrapa-recomposicao-florestal-chapada-veadeiros\/\" \/>\n<meta property=\"og:locale\" content=\"pt_BR\" \/>\n<meta property=\"og:type\" content=\"article\" \/>\n<meta property=\"og:title\" content=\"Embrapa colabora para recomposi\u00e7\u00e3o florestal do Parque Nacional da Chapada dos Veadeiros - CENED Cursos Online\" \/>\n<meta property=\"og:description\" content=\"A Embrapa Recursos Gen\u00e9ticos e Biotecnologia, unidade da Empresa Brasileira de Pesquisa Agropecu\u00e1ria (Embrapa) em Bras\u00edlia, DF, doou ao Parque Nacional da Chapada dos Veadeiros, no dia 17 de janeiro de 2018, aproximadamente 160 mudas e cinco quilos de sementes de quatro esp\u00e9cies nativas do Cerrado para colaborar com a restaura\u00e7\u00e3o ecol\u00f3gica do Parque, uma [&hellip;]\" \/>\n<meta property=\"og:url\" content=\"https:\/\/cenedcursos.com.br\/meio-ambiente\/embrapa-recomposicao-florestal-chapada-veadeiros\/\" \/>\n<meta property=\"og:site_name\" content=\"CENED Cursos Online\" \/>\n<meta property=\"article:published_time\" content=\"2018-01-23T14:20:12+00:00\" \/>\n<meta property=\"og:image\" content=\"https:\/\/cenedcursos.com.br\/meio-ambiente\/wp-content\/uploads\/2018\/01\/recomposicao-florestal-embrapa.jpg\" \/>\n\t<meta property=\"og:image:width\" content=\"500\" \/>\n\t<meta property=\"og:image:height\" content=\"327\" \/>\n\t<meta property=\"og:image:type\" content=\"image\/jpeg\" \/>\n<meta name=\"author\" content=\"Amarildo R. Ferrari\" \/>\n<meta name=\"twitter:card\" content=\"summary_large_image\" \/>\n<meta name=\"twitter:label1\" content=\"Escrito por\" \/>\n\t<meta name=\"twitter:data1\" content=\"Amarildo R. Ferrari\" \/>\n\t<meta name=\"twitter:label2\" content=\"Est. tempo de leitura\" \/>\n\t<meta name=\"twitter:data2\" content=\"3 minutos\" \/>\n<script type=\"application\/ld+json\" class=\"yoast-schema-graph\">{\"@context\":\"https:\/\/schema.org\",\"@graph\":[{\"@type\":\"WebPage\",\"@id\":\"https:\/\/cenedcursos.com.br\/meio-ambiente\/embrapa-recomposicao-florestal-chapada-veadeiros\/\",\"url\":\"https:\/\/cenedcursos.com.br\/meio-ambiente\/embrapa-recomposicao-florestal-chapada-veadeiros\/\",\"name\":\"Embrapa colabora para recomposi\u00e7\u00e3o florestal do Parque Nacional da Chapada dos Veadeiros - CENED Cursos Online\",\"isPartOf\":{\"@id\":\"https:\/\/cenedcursos.com.br\/meio-ambiente\/#website\"},\"primaryImageOfPage\":{\"@id\":\"https:\/\/cenedcursos.com.br\/meio-ambiente\/embrapa-recomposicao-florestal-chapada-veadeiros\/#primaryimage\"},\"image\":{\"@id\":\"https:\/\/cenedcursos.com.br\/meio-ambiente\/embrapa-recomposicao-florestal-chapada-veadeiros\/#primaryimage\"},\"thumbnailUrl\":\"https:\/\/i0.wp.com\/cenedcursos.com.br\/meio-ambiente\/wp-content\/uploads\/2018\/01\/recomposicao-florestal-embrapa.jpg?fit=500%2C327&ssl=1\",\"datePublished\":\"2018-01-23T14:20:12+00:00\",\"author\":{\"@id\":\"https:\/\/cenedcursos.com.br\/meio-ambiente\/#\/schema\/person\/64377d24cdc16779a1eb6229894af388\"},\"breadcrumb\":{\"@id\":\"https:\/\/cenedcursos.com.br\/meio-ambiente\/embrapa-recomposicao-florestal-chapada-veadeiros\/#breadcrumb\"},\"inLanguage\":\"pt-BR\",\"potentialAction\":[{\"@type\":\"ReadAction\",\"target\":[\"https:\/\/cenedcursos.com.br\/meio-ambiente\/embrapa-recomposicao-florestal-chapada-veadeiros\/\"]}]},{\"@type\":\"ImageObject\",\"inLanguage\":\"pt-BR\",\"@id\":\"https:\/\/cenedcursos.com.br\/meio-ambiente\/embrapa-recomposicao-florestal-chapada-veadeiros\/#primaryimage\",\"url\":\"https:\/\/i0.wp.com\/cenedcursos.com.br\/meio-ambiente\/wp-content\/uploads\/2018\/01\/recomposicao-florestal-embrapa.jpg?fit=500%2C327&ssl=1\",\"contentUrl\":\"https:\/\/i0.wp.com\/cenedcursos.com.br\/meio-ambiente\/wp-content\/uploads\/2018\/01\/recomposicao-florestal-embrapa.jpg?fit=500%2C327&ssl=1\",\"width\":500,\"height\":327,\"caption\":\"recomposi\u00e7\u00e3o florestal embrapa\"},{\"@type\":\"BreadcrumbList\",\"@id\":\"https:\/\/cenedcursos.com.br\/meio-ambiente\/embrapa-recomposicao-florestal-chapada-veadeiros\/#breadcrumb\",\"itemListElement\":[{\"@type\":\"ListItem\",\"position\":1,\"name\":\"In\u00edcio\",\"item\":\"https:\/\/cenedcursos.com.br\/meio-ambiente\/\"},{\"@type\":\"ListItem\",\"position\":2,\"name\":\"Embrapa colabora para recomposi\u00e7\u00e3o florestal do Parque Nacional da Chapada dos Veadeiros\"}]},{\"@type\":\"WebSite\",\"@id\":\"https:\/\/cenedcursos.com.br\/meio-ambiente\/#website\",\"url\":\"https:\/\/cenedcursos.com.br\/meio-ambiente\/\",\"name\":\"CENED Cursos Online\",\"description\":\"Aqui voc\u00ea encontra artigos em diversas \u00e1reas do conhecimento: meio ambiente, educa\u00e7\u00e3o, marketing digital, neg\u00f3cios online e muito mais.\",\"potentialAction\":[{\"@type\":\"SearchAction\",\"target\":{\"@type\":\"EntryPoint\",\"urlTemplate\":\"https:\/\/cenedcursos.com.br\/meio-ambiente\/?s={search_term_string}\"},\"query-input\":{\"@type\":\"PropertyValueSpecification\",\"valueRequired\":true,\"valueName\":\"search_term_string\"}}],\"inLanguage\":\"pt-BR\"},{\"@type\":\"Person\",\"@id\":\"https:\/\/cenedcursos.com.br\/meio-ambiente\/#\/schema\/person\/64377d24cdc16779a1eb6229894af388\",\"name\":\"Amarildo R. Ferrari\",\"image\":{\"@type\":\"ImageObject\",\"inLanguage\":\"pt-BR\",\"@id\":\"https:\/\/cenedcursos.com.br\/meio-ambiente\/#\/schema\/person\/image\/\",\"url\":\"https:\/\/secure.gravatar.com\/avatar\/6ea4248ca9f295c93f1b72f8398232f0fbbffe30349e6ec3839cfa5e09b0de3c?s=96&d=mm&r=g\",\"contentUrl\":\"https:\/\/secure.gravatar.com\/avatar\/6ea4248ca9f295c93f1b72f8398232f0fbbffe30349e6ec3839cfa5e09b0de3c?s=96&d=mm&r=g\",\"caption\":\"Amarildo R. Ferrari\"},\"sameAs\":[\"https:\/\/cenedcursos.com.br\/meio-ambiente\"],\"url\":\"https:\/\/cenedcursos.com.br\/meio-ambiente\/author\/admin\/\"}]}<\/script>\n<!-- \/ Yoast SEO plugin. -->","yoast_head_json":{"title":"Embrapa colabora para recomposi\u00e7\u00e3o florestal do Parque Nacional da Chapada dos Veadeiros - CENED Cursos Online","robots":{"index":"index","follow":"follow","max-snippet":"max-snippet:-1","max-image-preview":"max-image-preview:large","max-video-preview":"max-video-preview:-1"},"canonical":"https:\/\/cenedcursos.com.br\/meio-ambiente\/embrapa-recomposicao-florestal-chapada-veadeiros\/","og_locale":"pt_BR","og_type":"article","og_title":"Embrapa colabora para recomposi\u00e7\u00e3o florestal do Parque Nacional da Chapada dos Veadeiros - CENED Cursos Online","og_description":"A Embrapa Recursos Gen\u00e9ticos e Biotecnologia, unidade da Empresa Brasileira de Pesquisa Agropecu\u00e1ria (Embrapa) em Bras\u00edlia, DF, doou ao Parque Nacional da Chapada dos Veadeiros, no dia 17 de janeiro de 2018, aproximadamente 160 mudas e cinco quilos de sementes de quatro esp\u00e9cies nativas do Cerrado para colaborar com a restaura\u00e7\u00e3o ecol\u00f3gica do Parque, uma [&hellip;]","og_url":"https:\/\/cenedcursos.com.br\/meio-ambiente\/embrapa-recomposicao-florestal-chapada-veadeiros\/","og_site_name":"CENED Cursos Online","article_published_time":"2018-01-23T14:20:12+00:00","og_image":[{"width":500,"height":327,"url":"https:\/\/cenedcursos.com.br\/meio-ambiente\/wp-content\/uploads\/2018\/01\/recomposicao-florestal-embrapa.jpg","type":"image\/jpeg"}],"author":"Amarildo R. Ferrari","twitter_card":"summary_large_image","twitter_misc":{"Escrito por":"Amarildo R. Ferrari","Est. tempo de leitura":"3 minutos"},"schema":{"@context":"https:\/\/schema.org","@graph":[{"@type":"WebPage","@id":"https:\/\/cenedcursos.com.br\/meio-ambiente\/embrapa-recomposicao-florestal-chapada-veadeiros\/","url":"https:\/\/cenedcursos.com.br\/meio-ambiente\/embrapa-recomposicao-florestal-chapada-veadeiros\/","name":"Embrapa colabora para recomposi\u00e7\u00e3o florestal do Parque Nacional da Chapada dos Veadeiros - CENED Cursos Online","isPartOf":{"@id":"https:\/\/cenedcursos.com.br\/meio-ambiente\/#website"},"primaryImageOfPage":{"@id":"https:\/\/cenedcursos.com.br\/meio-ambiente\/embrapa-recomposicao-florestal-chapada-veadeiros\/#primaryimage"},"image":{"@id":"https:\/\/cenedcursos.com.br\/meio-ambiente\/embrapa-recomposicao-florestal-chapada-veadeiros\/#primaryimage"},"thumbnailUrl":"https:\/\/i0.wp.com\/cenedcursos.com.br\/meio-ambiente\/wp-content\/uploads\/2018\/01\/recomposicao-florestal-embrapa.jpg?fit=500%2C327&ssl=1","datePublished":"2018-01-23T14:20:12+00:00","author":{"@id":"https:\/\/cenedcursos.com.br\/meio-ambiente\/#\/schema\/person\/64377d24cdc16779a1eb6229894af388"},"breadcrumb":{"@id":"https:\/\/cenedcursos.com.br\/meio-ambiente\/embrapa-recomposicao-florestal-chapada-veadeiros\/#breadcrumb"},"inLanguage":"pt-BR","potentialAction":[{"@type":"ReadAction","target":["https:\/\/cenedcursos.com.br\/meio-ambiente\/embrapa-recomposicao-florestal-chapada-veadeiros\/"]}]},{"@type":"ImageObject","inLanguage":"pt-BR","@id":"https:\/\/cenedcursos.com.br\/meio-ambiente\/embrapa-recomposicao-florestal-chapada-veadeiros\/#primaryimage","url":"https:\/\/i0.wp.com\/cenedcursos.com.br\/meio-ambiente\/wp-content\/uploads\/2018\/01\/recomposicao-florestal-embrapa.jpg?fit=500%2C327&ssl=1","contentUrl":"https:\/\/i0.wp.com\/cenedcursos.com.br\/meio-ambiente\/wp-content\/uploads\/2018\/01\/recomposicao-florestal-embrapa.jpg?fit=500%2C327&ssl=1","width":500,"height":327,"caption":"recomposi\u00e7\u00e3o florestal embrapa"},{"@type":"BreadcrumbList","@id":"https:\/\/cenedcursos.com.br\/meio-ambiente\/embrapa-recomposicao-florestal-chapada-veadeiros\/#breadcrumb","itemListElement":[{"@type":"ListItem","position":1,"name":"In\u00edcio","item":"https:\/\/cenedcursos.com.br\/meio-ambiente\/"},{"@type":"ListItem","position":2,"name":"Embrapa colabora para recomposi\u00e7\u00e3o florestal do Parque Nacional da Chapada dos Veadeiros"}]},{"@type":"WebSite","@id":"https:\/\/cenedcursos.com.br\/meio-ambiente\/#website","url":"https:\/\/cenedcursos.com.br\/meio-ambiente\/","name":"CENED Cursos Online","description":"Aqui voc\u00ea encontra artigos em diversas \u00e1reas do conhecimento: meio ambiente, educa\u00e7\u00e3o, marketing digital, neg\u00f3cios online e muito mais.","potentialAction":[{"@type":"SearchAction","target":{"@type":"EntryPoint","urlTemplate":"https:\/\/cenedcursos.com.br\/meio-ambiente\/?s={search_term_string}"},"query-input":{"@type":"PropertyValueSpecification","valueRequired":true,"valueName":"search_term_string"}}],"inLanguage":"pt-BR"},{"@type":"Person","@id":"https:\/\/cenedcursos.com.br\/meio-ambiente\/#\/schema\/person\/64377d24cdc16779a1eb6229894af388","name":"Amarildo R. Ferrari","image":{"@type":"ImageObject","inLanguage":"pt-BR","@id":"https:\/\/cenedcursos.com.br\/meio-ambiente\/#\/schema\/person\/image\/","url":"https:\/\/secure.gravatar.com\/avatar\/6ea4248ca9f295c93f1b72f8398232f0fbbffe30349e6ec3839cfa5e09b0de3c?s=96&d=mm&r=g","contentUrl":"https:\/\/secure.gravatar.com\/avatar\/6ea4248ca9f295c93f1b72f8398232f0fbbffe30349e6ec3839cfa5e09b0de3c?s=96&d=mm&r=g","caption":"Amarildo R. Ferrari"},"sameAs":["https:\/\/cenedcursos.com.br\/meio-ambiente"],"url":"https:\/\/cenedcursos.com.br\/meio-ambiente\/author\/admin\/"}]}},"jetpack_featured_media_url":"https:\/\/i0.wp.com\/cenedcursos.com.br\/meio-ambiente\/wp-content\/uploads\/2018\/01\/recomposicao-florestal-embrapa.jpg?fit=500%2C327&ssl=1","jetpack_sharing_enabled":true,"_links":{"self":[{"href":"https:\/\/cenedcursos.com.br\/meio-ambiente\/wp-json\/wp\/v2\/posts\/10626","targetHints":{"allow":["GET"]}}],"collection":[{"href":"https:\/\/cenedcursos.com.br\/meio-ambiente\/wp-json\/wp\/v2\/posts"}],"about":[{"href":"https:\/\/cenedcursos.com.br\/meio-ambiente\/wp-json\/wp\/v2\/types\/post"}],"author":[{"embeddable":true,"href":"https:\/\/cenedcursos.com.br\/meio-ambiente\/wp-json\/wp\/v2\/users\/1"}],"replies":[{"embeddable":true,"href":"https:\/\/cenedcursos.com.br\/meio-ambiente\/wp-json\/wp\/v2\/comments?post=10626"}],"version-history":[{"count":0,"href":"https:\/\/cenedcursos.com.br\/meio-ambiente\/wp-json\/wp\/v2\/posts\/10626\/revisions"}],"wp:featuredmedia":[{"embeddable":true,"href":"https:\/\/cenedcursos.com.br\/meio-ambiente\/wp-json\/wp\/v2\/media\/10627"}],"wp:attachment":[{"href":"https:\/\/cenedcursos.com.br\/meio-ambiente\/wp-json\/wp\/v2\/media?parent=10626"}],"wp:term":[{"taxonomy":"category","embeddable":true,"href":"https:\/\/cenedcursos.com.br\/meio-ambiente\/wp-json\/wp\/v2\/categories?post=10626"},{"taxonomy":"post_tag","embeddable":true,"href":"https:\/\/cenedcursos.com.br\/meio-ambiente\/wp-json\/wp\/v2\/tags?post=10626"}],"curies":[{"name":"wp","href":"https:\/\/api.w.org\/{rel}","templated":true}]}}