{"id":10665,"date":"2018-02-19T15:10:25","date_gmt":"2018-02-19T18:10:25","guid":{"rendered":"https:\/\/www.cenedcursos.com.br\/meio-ambiente\/?p=10665"},"modified":"2018-02-19T15:10:25","modified_gmt":"2018-02-19T18:10:25","slug":"sustentabilidade-empresas-e-poderes-publicos","status":"publish","type":"post","link":"https:\/\/cenedcursos.com.br\/meio-ambiente\/sustentabilidade-empresas-e-poderes-publicos\/","title":{"rendered":"Sustentabilidade, empresas e poderes p\u00fablicos"},"content":{"rendered":"<p style=\"text-align: justify;\">A industrializa\u00e7\u00e3o trouxe o crescimento econ\u00f4mico, valorizando pouco a qualidade de vida, ocasionando nos pa\u00edses uma busca desenfreada pelo crescimento do PIB (Produto Interno Bruto).<br \/>\nO foco do desenvolvimento era crescimento econ\u00f4mico, visto como seu meio e fim. Scatolin (1989, p.7) afirma que \u2015para muitos autores o desenvolvimento \u00e9 entendido como crescimento econ\u00f4mico\u2016. Sob a \u00f3tica econ\u00f4mica, \u2015desenvolvimento \u00e9, basicamente, aumento do fluxo de renda real, isto \u00e9, incremento na quantidade de bens e servi\u00e7os por unidade de tempo \u00e0 disposi\u00e7\u00e3o de determinada coletividade\u2016 (VENTURI, p. 3)<br \/>\nO mundo corporativo e a sociedade civil podem estar dando conta pouco a pouco que s\u00e3o necess\u00e1rias mudan\u00e7as em conjunto, trabalho unido, em prol da vida.<\/p>\n<p style=\"text-align: justify;\"><a href=\"https:\/\/i0.wp.com\/www.cenedcursos.com.br\/meio-ambiente\/wp-content\/uploads\/2018\/02\/street-675224_640.jpg?ssl=1\"><img data-recalc-dims=\"1\" loading=\"lazy\" decoding=\"async\" data-attachment-id=\"10666\" data-permalink=\"https:\/\/cenedcursos.com.br\/meio-ambiente\/street-675224_640\/\" data-orig-file=\"https:\/\/i0.wp.com\/cenedcursos.com.br\/meio-ambiente\/wp-content\/uploads\/2018\/02\/street-675224_640-1.jpg?fit=640%2C426&amp;ssl=1\" data-orig-size=\"640,426\" data-comments-opened=\"1\" data-image-meta=\"{&quot;aperture&quot;:&quot;0&quot;,&quot;credit&quot;:&quot;&quot;,&quot;camera&quot;:&quot;&quot;,&quot;caption&quot;:&quot;&quot;,&quot;created_timestamp&quot;:&quot;0&quot;,&quot;copyright&quot;:&quot;&quot;,&quot;focal_length&quot;:&quot;0&quot;,&quot;iso&quot;:&quot;0&quot;,&quot;shutter_speed&quot;:&quot;0&quot;,&quot;title&quot;:&quot;&quot;,&quot;orientation&quot;:&quot;0&quot;}\" data-image-title=\"sustentabilidade poderes p\u00fablicos\" data-image-description=\"\" data-image-caption=\"\" data-medium-file=\"https:\/\/i0.wp.com\/cenedcursos.com.br\/meio-ambiente\/wp-content\/uploads\/2018\/02\/street-675224_640-1.jpg?fit=300%2C200&amp;ssl=1\" data-large-file=\"https:\/\/i0.wp.com\/cenedcursos.com.br\/meio-ambiente\/wp-content\/uploads\/2018\/02\/street-675224_640-1.jpg?fit=640%2C426&amp;ssl=1\" class=\"alignnone wp-image-10666 size-full\" src=\"https:\/\/i0.wp.com\/www.cenedcursos.com.br\/meio-ambiente\/wp-content\/uploads\/2018\/02\/street-675224_640.jpg?resize=640%2C426&#038;ssl=1\" alt=\"sustentabilidade poderes p\u00fablicos\" width=\"640\" height=\"426\" \/><\/a><br \/>\nQuest\u00f5es como o consumismo desenfreado, a viol\u00eancia, os ataques terroristas, a intoler\u00e2ncia, o aquecimento global e o efeito estufa, a destrui\u00e7\u00e3o das florestas e da camada de oz\u00f4nio, a gera\u00e7\u00e3o e ac\u00famulo de lixo s\u00e3o pautas das discuss\u00f5es de f\u00f3runs mundiais e da preocupa\u00e7\u00e3o cotidiana. Essa consci\u00eancia floresceu a partir da II Guerra Mundial e vem tomando corpo principalmente a partir da d\u00e9cada de 90, quando, concretamente, uma s\u00e9rie de debates sobre o desenvolvimento sustent\u00e1vel foi sendo realizada. Esse conceito abrange a preocupa\u00e7\u00e3o da sociedade com a oferta futura de bens e servi\u00e7os indispens\u00e1veis \u00e0 sobreviv\u00eancia da humanidade. (VENTURI, p. 4)<br \/>\nEm 1997, o ambientalista Adam Werbach esteve presente no gabinete do prefeito de Nova Orleans para ajud\u00e1-lo a preparar a cidade para os efeitos das mudan\u00e7as clim\u00e1ticas que estava ciente que iria acontecer. Sua pretens\u00e3o era que o Corpo de Engenheiros do Ex\u00e9rcito americano acelerasse o projeto de recupera\u00e7\u00e3o das \u00e1reas pantanosas pr\u00f3ximas ao Mississipi. Em seus argumentos, tentou convencer o prefeito daquela cidade de que as \u00e1reas pantanosas s\u00e3o as esponjas da natureza. Ele propunha um projeto que reconstru\u00edsse os diques e rapidamente agisse na recupera\u00e7\u00e3o das \u00e1reas pantanosas.<br \/>\nmostrei-lhe os mapas das amea\u00e7as que pairavam sobre Nova Orleans e apresentei a proposta de financiamento que eu pretendia que ele apoiasse. Ele sorriu e disse que, em breve, sua equipe entrara em contato comigo. &#8230;Nunca mais ele ou algu\u00e9m da sua equipe voltou a falar comigo.<br \/>\nA\u00ed chegou o Katrina. Era um furac\u00e3o de grau cinco, agravado pela aquecida do Golfo do M\u00e9xico. O sistema de diques falhou desastrosamente, e as \u00e1reas pantanosas n\u00e3o conseguiram enfrentar a tempestade. Era setembro de 2005.<br \/>\n&#8230;Eu havia fracassado. Ao ver as pessoas correndo para os telhados e corpos flutuando na \u00e1gua, entendi que n\u00f3s ambientalistas, n\u00e3o podemos continuar fazendo o que estamos fazendo. Pretender somente salvar o ambiente n\u00e3o basta \u2013 n\u00e3o salva vidas, nem meios de vida, nem bairros. Precisamos lutar por uma sustentabilidade mais abrangente, que leve em conta nossa sustentabilidade social, econ\u00f4mica e cultural, em vez de apenas o ambiente circundante. (WERBACH, 2010, p.3)<br \/>\nE continuando Adam, afirma que teve uma grande ideia ao acompanhar os notici\u00e1rios e constatar que os donativos do Walmart estavam chegando antes da ajuda do governo federal. Sua constata\u00e7\u00e3o foi que<br \/>\no setor empresarial tem o incentivo, as t\u00e9cnicas operacionais, o alcance e a inventividade para enfrentar os desafios globais que encaramos hoje em dia \u2013 desafios nas quatro frentes: social, econ\u00f4mica, ambiental e cultural. Por que isso? Porque no come\u00e7o do s\u00e9culo XXI, mais da metade das maiores economias do mundo eram empresas. Em 2007, as vendas do Walmart foram maiores que a economia de 144 pa\u00edses, segundo o Fundo Monet\u00e1rio Internacional. Dois ter\u00e7os do com\u00e9rcio mundial s\u00e3o efetuados por apenas 500 empresas. Com esse poder, surgem maiores expectativas. Cada vez mais, a sociedade v\u00ea as empresas globais como as \u00fanicas institui\u00e7\u00f5es poderosas o bastante para responder na mesma escala dos desafios que o nosso planeta enfrenta. N\u00e3o existe um governo multinacional, mas h\u00e1 muitas empresas transnacionais que veem como a limita\u00e7\u00e3o dos recursos afeta os mercados, consumidores, comunidades e habitats naturais. E essa situa\u00e7\u00e3o d\u00e1 \u00e0s empresas uma oportunidade especial de lideran\u00e7a. Os l\u00edderes empresariais devem reagir se \u00e9 que esperam manter seus mercados e a possibilidade de crescimento da sociedade. O colapso de um sistema nacional de sa\u00fade \u00e9 um peso para os cidad\u00e3os e para os empregadores. Um salto no pre\u00e7o das commodities por culpa da escassez de recursos \u00e9 um problema para produtores e consumidores. Uma comunidade incapaz de fornecer o alimento e o bem-estar b\u00e1sico a si mesmo n\u00e3o se manter\u00e1 por muito tempo. A turbul\u00eancia do mundo faz com que levar em conta esses fatores seja mais do que uma responsabilidade empresarial. \u00c9 uma necessidade de sobreviv\u00eancia empresarial. (WERBACH, 2010, p.3)<br \/>\nConforme Werbach (2010), os l\u00edderes empresariais ou comunit\u00e1rios precisam estar conscientes de seus atos e das consequ\u00eancias sociais e culturais em longo prazo. Devido \u00e0s preocupa\u00e7\u00f5es, apenas de curto prazo, diversos setores como da energia, imobili\u00e1rio e companhias de seguro perderam bilh\u00f5es de d\u00f3lares por ocasi\u00e3o do Katrina, em New Orleans, Estados Unidos. N\u00e3o enxergaram o futuro pr\u00f3ximo e n\u00e3o se preveniram.<\/p>\n","protected":false},"excerpt":{"rendered":"<p>A industrializa\u00e7\u00e3o trouxe o crescimento econ\u00f4mico, valorizando pouco a qualidade de vida, ocasionando nos pa\u00edses uma busca desenfreada pelo crescimento do PIB (Produto Interno Bruto). O foco do desenvolvimento era crescimento econ\u00f4mico, visto como seu meio e fim. Scatolin (1989, p.7) afirma que \u2015para muitos autores o desenvolvimento \u00e9 entendido como crescimento econ\u00f4mico\u2016. Sob a [&hellip;]<\/p>\n","protected":false},"author":1,"featured_media":10666,"comment_status":"open","ping_status":"open","sticky":false,"template":"","format":"standard","meta":{"_jetpack_memberships_contains_paid_content":false,"footnotes":""},"categories":[499],"tags":[439],"class_list":{"0":"post-10665","1":"post","2":"type-post","3":"status-publish","4":"format-standard","5":"has-post-thumbnail","7":"category-sustentabilidade-textos","8":"tag-poderes-publicos"},"yoast_head":"<!-- This site is optimized with the Yoast SEO plugin v25.1 - https:\/\/yoast.com\/wordpress\/plugins\/seo\/ -->\n<title>Sustentabilidade, empresas e poderes p\u00fablicos - CENED Cursos Online<\/title>\n<meta name=\"robots\" content=\"index, follow, max-snippet:-1, max-image-preview:large, max-video-preview:-1\" \/>\n<link rel=\"canonical\" href=\"https:\/\/cenedcursos.com.br\/meio-ambiente\/sustentabilidade-empresas-e-poderes-publicos\/\" \/>\n<meta property=\"og:locale\" content=\"pt_BR\" \/>\n<meta property=\"og:type\" content=\"article\" \/>\n<meta property=\"og:title\" content=\"Sustentabilidade, empresas e poderes p\u00fablicos - CENED Cursos Online\" \/>\n<meta property=\"og:description\" content=\"A industrializa\u00e7\u00e3o trouxe o crescimento econ\u00f4mico, valorizando pouco a qualidade de vida, ocasionando nos pa\u00edses uma busca desenfreada pelo crescimento do PIB (Produto Interno Bruto). O foco do desenvolvimento era crescimento econ\u00f4mico, visto como seu meio e fim. Scatolin (1989, p.7) afirma que \u2015para muitos autores o desenvolvimento \u00e9 entendido como crescimento econ\u00f4mico\u2016. Sob a [&hellip;]\" \/>\n<meta property=\"og:url\" content=\"https:\/\/cenedcursos.com.br\/meio-ambiente\/sustentabilidade-empresas-e-poderes-publicos\/\" \/>\n<meta property=\"og:site_name\" content=\"CENED Cursos Online\" \/>\n<meta property=\"article:published_time\" content=\"2018-02-19T18:10:25+00:00\" \/>\n<meta property=\"og:image\" content=\"https:\/\/cenedcursos.com.br\/meio-ambiente\/wp-content\/uploads\/2018\/02\/street-675224_640-1.jpg\" \/>\n\t<meta property=\"og:image:width\" content=\"640\" \/>\n\t<meta property=\"og:image:height\" content=\"426\" \/>\n\t<meta property=\"og:image:type\" content=\"image\/jpeg\" \/>\n<meta name=\"author\" content=\"Amarildo R. Ferrari\" \/>\n<meta name=\"twitter:card\" content=\"summary_large_image\" \/>\n<meta name=\"twitter:label1\" content=\"Escrito por\" \/>\n\t<meta name=\"twitter:data1\" content=\"Amarildo R. Ferrari\" \/>\n\t<meta name=\"twitter:label2\" content=\"Est. tempo de leitura\" \/>\n\t<meta name=\"twitter:data2\" content=\"4 minutos\" \/>\n<script type=\"application\/ld+json\" class=\"yoast-schema-graph\">{\"@context\":\"https:\/\/schema.org\",\"@graph\":[{\"@type\":\"WebPage\",\"@id\":\"https:\/\/cenedcursos.com.br\/meio-ambiente\/sustentabilidade-empresas-e-poderes-publicos\/\",\"url\":\"https:\/\/cenedcursos.com.br\/meio-ambiente\/sustentabilidade-empresas-e-poderes-publicos\/\",\"name\":\"Sustentabilidade, empresas e poderes p\u00fablicos - CENED Cursos Online\",\"isPartOf\":{\"@id\":\"https:\/\/cenedcursos.com.br\/meio-ambiente\/#website\"},\"primaryImageOfPage\":{\"@id\":\"https:\/\/cenedcursos.com.br\/meio-ambiente\/sustentabilidade-empresas-e-poderes-publicos\/#primaryimage\"},\"image\":{\"@id\":\"https:\/\/cenedcursos.com.br\/meio-ambiente\/sustentabilidade-empresas-e-poderes-publicos\/#primaryimage\"},\"thumbnailUrl\":\"https:\/\/i0.wp.com\/cenedcursos.com.br\/meio-ambiente\/wp-content\/uploads\/2018\/02\/street-675224_640-1.jpg?fit=640%2C426&ssl=1\",\"datePublished\":\"2018-02-19T18:10:25+00:00\",\"author\":{\"@id\":\"https:\/\/cenedcursos.com.br\/meio-ambiente\/#\/schema\/person\/64377d24cdc16779a1eb6229894af388\"},\"breadcrumb\":{\"@id\":\"https:\/\/cenedcursos.com.br\/meio-ambiente\/sustentabilidade-empresas-e-poderes-publicos\/#breadcrumb\"},\"inLanguage\":\"pt-BR\",\"potentialAction\":[{\"@type\":\"ReadAction\",\"target\":[\"https:\/\/cenedcursos.com.br\/meio-ambiente\/sustentabilidade-empresas-e-poderes-publicos\/\"]}]},{\"@type\":\"ImageObject\",\"inLanguage\":\"pt-BR\",\"@id\":\"https:\/\/cenedcursos.com.br\/meio-ambiente\/sustentabilidade-empresas-e-poderes-publicos\/#primaryimage\",\"url\":\"https:\/\/i0.wp.com\/cenedcursos.com.br\/meio-ambiente\/wp-content\/uploads\/2018\/02\/street-675224_640-1.jpg?fit=640%2C426&ssl=1\",\"contentUrl\":\"https:\/\/i0.wp.com\/cenedcursos.com.br\/meio-ambiente\/wp-content\/uploads\/2018\/02\/street-675224_640-1.jpg?fit=640%2C426&ssl=1\",\"width\":640,\"height\":426,\"caption\":\"sustentabilidade poderes p\u00fablicos\"},{\"@type\":\"BreadcrumbList\",\"@id\":\"https:\/\/cenedcursos.com.br\/meio-ambiente\/sustentabilidade-empresas-e-poderes-publicos\/#breadcrumb\",\"itemListElement\":[{\"@type\":\"ListItem\",\"position\":1,\"name\":\"In\u00edcio\",\"item\":\"https:\/\/cenedcursos.com.br\/meio-ambiente\/\"},{\"@type\":\"ListItem\",\"position\":2,\"name\":\"Sustentabilidade, empresas e poderes p\u00fablicos\"}]},{\"@type\":\"WebSite\",\"@id\":\"https:\/\/cenedcursos.com.br\/meio-ambiente\/#website\",\"url\":\"https:\/\/cenedcursos.com.br\/meio-ambiente\/\",\"name\":\"CENED Cursos Online\",\"description\":\"Aqui voc\u00ea encontra artigos em diversas \u00e1reas do conhecimento: meio ambiente, educa\u00e7\u00e3o, marketing digital, neg\u00f3cios online e muito mais.\",\"potentialAction\":[{\"@type\":\"SearchAction\",\"target\":{\"@type\":\"EntryPoint\",\"urlTemplate\":\"https:\/\/cenedcursos.com.br\/meio-ambiente\/?s={search_term_string}\"},\"query-input\":{\"@type\":\"PropertyValueSpecification\",\"valueRequired\":true,\"valueName\":\"search_term_string\"}}],\"inLanguage\":\"pt-BR\"},{\"@type\":\"Person\",\"@id\":\"https:\/\/cenedcursos.com.br\/meio-ambiente\/#\/schema\/person\/64377d24cdc16779a1eb6229894af388\",\"name\":\"Amarildo R. Ferrari\",\"image\":{\"@type\":\"ImageObject\",\"inLanguage\":\"pt-BR\",\"@id\":\"https:\/\/cenedcursos.com.br\/meio-ambiente\/#\/schema\/person\/image\/\",\"url\":\"https:\/\/secure.gravatar.com\/avatar\/6ea4248ca9f295c93f1b72f8398232f0fbbffe30349e6ec3839cfa5e09b0de3c?s=96&d=mm&r=g\",\"contentUrl\":\"https:\/\/secure.gravatar.com\/avatar\/6ea4248ca9f295c93f1b72f8398232f0fbbffe30349e6ec3839cfa5e09b0de3c?s=96&d=mm&r=g\",\"caption\":\"Amarildo R. Ferrari\"},\"sameAs\":[\"https:\/\/cenedcursos.com.br\/meio-ambiente\"],\"url\":\"https:\/\/cenedcursos.com.br\/meio-ambiente\/author\/admin\/\"}]}<\/script>\n<!-- \/ Yoast SEO plugin. -->","yoast_head_json":{"title":"Sustentabilidade, empresas e poderes p\u00fablicos - CENED Cursos Online","robots":{"index":"index","follow":"follow","max-snippet":"max-snippet:-1","max-image-preview":"max-image-preview:large","max-video-preview":"max-video-preview:-1"},"canonical":"https:\/\/cenedcursos.com.br\/meio-ambiente\/sustentabilidade-empresas-e-poderes-publicos\/","og_locale":"pt_BR","og_type":"article","og_title":"Sustentabilidade, empresas e poderes p\u00fablicos - CENED Cursos Online","og_description":"A industrializa\u00e7\u00e3o trouxe o crescimento econ\u00f4mico, valorizando pouco a qualidade de vida, ocasionando nos pa\u00edses uma busca desenfreada pelo crescimento do PIB (Produto Interno Bruto). O foco do desenvolvimento era crescimento econ\u00f4mico, visto como seu meio e fim. Scatolin (1989, p.7) afirma que \u2015para muitos autores o desenvolvimento \u00e9 entendido como crescimento econ\u00f4mico\u2016. Sob a [&hellip;]","og_url":"https:\/\/cenedcursos.com.br\/meio-ambiente\/sustentabilidade-empresas-e-poderes-publicos\/","og_site_name":"CENED Cursos Online","article_published_time":"2018-02-19T18:10:25+00:00","og_image":[{"width":640,"height":426,"url":"https:\/\/cenedcursos.com.br\/meio-ambiente\/wp-content\/uploads\/2018\/02\/street-675224_640-1.jpg","type":"image\/jpeg"}],"author":"Amarildo R. Ferrari","twitter_card":"summary_large_image","twitter_misc":{"Escrito por":"Amarildo R. Ferrari","Est. tempo de leitura":"4 minutos"},"schema":{"@context":"https:\/\/schema.org","@graph":[{"@type":"WebPage","@id":"https:\/\/cenedcursos.com.br\/meio-ambiente\/sustentabilidade-empresas-e-poderes-publicos\/","url":"https:\/\/cenedcursos.com.br\/meio-ambiente\/sustentabilidade-empresas-e-poderes-publicos\/","name":"Sustentabilidade, empresas e poderes p\u00fablicos - CENED Cursos Online","isPartOf":{"@id":"https:\/\/cenedcursos.com.br\/meio-ambiente\/#website"},"primaryImageOfPage":{"@id":"https:\/\/cenedcursos.com.br\/meio-ambiente\/sustentabilidade-empresas-e-poderes-publicos\/#primaryimage"},"image":{"@id":"https:\/\/cenedcursos.com.br\/meio-ambiente\/sustentabilidade-empresas-e-poderes-publicos\/#primaryimage"},"thumbnailUrl":"https:\/\/i0.wp.com\/cenedcursos.com.br\/meio-ambiente\/wp-content\/uploads\/2018\/02\/street-675224_640-1.jpg?fit=640%2C426&ssl=1","datePublished":"2018-02-19T18:10:25+00:00","author":{"@id":"https:\/\/cenedcursos.com.br\/meio-ambiente\/#\/schema\/person\/64377d24cdc16779a1eb6229894af388"},"breadcrumb":{"@id":"https:\/\/cenedcursos.com.br\/meio-ambiente\/sustentabilidade-empresas-e-poderes-publicos\/#breadcrumb"},"inLanguage":"pt-BR","potentialAction":[{"@type":"ReadAction","target":["https:\/\/cenedcursos.com.br\/meio-ambiente\/sustentabilidade-empresas-e-poderes-publicos\/"]}]},{"@type":"ImageObject","inLanguage":"pt-BR","@id":"https:\/\/cenedcursos.com.br\/meio-ambiente\/sustentabilidade-empresas-e-poderes-publicos\/#primaryimage","url":"https:\/\/i0.wp.com\/cenedcursos.com.br\/meio-ambiente\/wp-content\/uploads\/2018\/02\/street-675224_640-1.jpg?fit=640%2C426&ssl=1","contentUrl":"https:\/\/i0.wp.com\/cenedcursos.com.br\/meio-ambiente\/wp-content\/uploads\/2018\/02\/street-675224_640-1.jpg?fit=640%2C426&ssl=1","width":640,"height":426,"caption":"sustentabilidade poderes p\u00fablicos"},{"@type":"BreadcrumbList","@id":"https:\/\/cenedcursos.com.br\/meio-ambiente\/sustentabilidade-empresas-e-poderes-publicos\/#breadcrumb","itemListElement":[{"@type":"ListItem","position":1,"name":"In\u00edcio","item":"https:\/\/cenedcursos.com.br\/meio-ambiente\/"},{"@type":"ListItem","position":2,"name":"Sustentabilidade, empresas e poderes p\u00fablicos"}]},{"@type":"WebSite","@id":"https:\/\/cenedcursos.com.br\/meio-ambiente\/#website","url":"https:\/\/cenedcursos.com.br\/meio-ambiente\/","name":"CENED Cursos Online","description":"Aqui voc\u00ea encontra artigos em diversas \u00e1reas do conhecimento: meio ambiente, educa\u00e7\u00e3o, marketing digital, neg\u00f3cios online e muito mais.","potentialAction":[{"@type":"SearchAction","target":{"@type":"EntryPoint","urlTemplate":"https:\/\/cenedcursos.com.br\/meio-ambiente\/?s={search_term_string}"},"query-input":{"@type":"PropertyValueSpecification","valueRequired":true,"valueName":"search_term_string"}}],"inLanguage":"pt-BR"},{"@type":"Person","@id":"https:\/\/cenedcursos.com.br\/meio-ambiente\/#\/schema\/person\/64377d24cdc16779a1eb6229894af388","name":"Amarildo R. Ferrari","image":{"@type":"ImageObject","inLanguage":"pt-BR","@id":"https:\/\/cenedcursos.com.br\/meio-ambiente\/#\/schema\/person\/image\/","url":"https:\/\/secure.gravatar.com\/avatar\/6ea4248ca9f295c93f1b72f8398232f0fbbffe30349e6ec3839cfa5e09b0de3c?s=96&d=mm&r=g","contentUrl":"https:\/\/secure.gravatar.com\/avatar\/6ea4248ca9f295c93f1b72f8398232f0fbbffe30349e6ec3839cfa5e09b0de3c?s=96&d=mm&r=g","caption":"Amarildo R. Ferrari"},"sameAs":["https:\/\/cenedcursos.com.br\/meio-ambiente"],"url":"https:\/\/cenedcursos.com.br\/meio-ambiente\/author\/admin\/"}]}},"jetpack_featured_media_url":"https:\/\/i0.wp.com\/cenedcursos.com.br\/meio-ambiente\/wp-content\/uploads\/2018\/02\/street-675224_640-1.jpg?fit=640%2C426&ssl=1","jetpack_sharing_enabled":true,"_links":{"self":[{"href":"https:\/\/cenedcursos.com.br\/meio-ambiente\/wp-json\/wp\/v2\/posts\/10665","targetHints":{"allow":["GET"]}}],"collection":[{"href":"https:\/\/cenedcursos.com.br\/meio-ambiente\/wp-json\/wp\/v2\/posts"}],"about":[{"href":"https:\/\/cenedcursos.com.br\/meio-ambiente\/wp-json\/wp\/v2\/types\/post"}],"author":[{"embeddable":true,"href":"https:\/\/cenedcursos.com.br\/meio-ambiente\/wp-json\/wp\/v2\/users\/1"}],"replies":[{"embeddable":true,"href":"https:\/\/cenedcursos.com.br\/meio-ambiente\/wp-json\/wp\/v2\/comments?post=10665"}],"version-history":[{"count":0,"href":"https:\/\/cenedcursos.com.br\/meio-ambiente\/wp-json\/wp\/v2\/posts\/10665\/revisions"}],"wp:featuredmedia":[{"embeddable":true,"href":"https:\/\/cenedcursos.com.br\/meio-ambiente\/wp-json\/wp\/v2\/media\/10666"}],"wp:attachment":[{"href":"https:\/\/cenedcursos.com.br\/meio-ambiente\/wp-json\/wp\/v2\/media?parent=10665"}],"wp:term":[{"taxonomy":"category","embeddable":true,"href":"https:\/\/cenedcursos.com.br\/meio-ambiente\/wp-json\/wp\/v2\/categories?post=10665"},{"taxonomy":"post_tag","embeddable":true,"href":"https:\/\/cenedcursos.com.br\/meio-ambiente\/wp-json\/wp\/v2\/tags?post=10665"}],"curies":[{"name":"wp","href":"https:\/\/api.w.org\/{rel}","templated":true}]}}