{"id":10894,"date":"2018-03-29T18:40:48","date_gmt":"2018-03-29T21:40:48","guid":{"rendered":"https:\/\/www.cenedcursos.com.br\/meio-ambiente\/?p=10894"},"modified":"2018-03-29T18:40:48","modified_gmt":"2018-03-29T21:40:48","slug":"artesa-transforma-guarda-chuvas-quebrados","status":"publish","type":"post","link":"https:\/\/cenedcursos.com.br\/meio-ambiente\/artesa-transforma-guarda-chuvas-quebrados\/","title":{"rendered":"Artes\u00e3 transforma guarda-chuvas quebrados em sacos de dormir para moradores em situa\u00e7\u00e3o de rua"},"content":{"rendered":"<div>\n<p style=\"text-align: justify;\">O mundo est\u00e1 cada vez mais atento \u00e0s quest\u00f5es ambientais e o <strong>reaproveitamento de materiais<\/strong> faz cada vez mais parte de nossa realidade. Hoje, felizmente, a maioria das pessoas pensa duas vezes antes de jogar uma coisa no <strong>lixo<\/strong>, como \u00e9 o caso de <strong>Clara Gomes de Souza<\/strong>, que \u00e9 <strong>artes\u00e3<\/strong> e utiliza <strong>guarda-chuvas quebrados <\/strong>para fazer <strong>sacos de dormir<\/strong> para <strong>pessoas em situa\u00e7\u00e3o de rua<\/strong> no Rio de Janeiro.<\/p>\n<p style=\"text-align: justify;\"><a href=\"https:\/\/i0.wp.com\/www.cenedcursos.com.br\/meio-ambiente\/wp-content\/uploads\/2018\/03\/guarda-chuvas.jpg?ssl=1\"><img data-recalc-dims=\"1\" loading=\"lazy\" decoding=\"async\" data-attachment-id=\"10909\" data-permalink=\"https:\/\/cenedcursos.com.br\/meio-ambiente\/guarda-chuvas\/\" data-orig-file=\"https:\/\/i0.wp.com\/cenedcursos.com.br\/meio-ambiente\/wp-content\/uploads\/2018\/03\/guarda-chuvas-1.jpg?fit=800%2C520&amp;ssl=1\" data-orig-size=\"800,520\" data-comments-opened=\"1\" data-image-meta=\"{&quot;aperture&quot;:&quot;0&quot;,&quot;credit&quot;:&quot;&quot;,&quot;camera&quot;:&quot;&quot;,&quot;caption&quot;:&quot;&quot;,&quot;created_timestamp&quot;:&quot;0&quot;,&quot;copyright&quot;:&quot;&quot;,&quot;focal_length&quot;:&quot;0&quot;,&quot;iso&quot;:&quot;0&quot;,&quot;shutter_speed&quot;:&quot;0&quot;,&quot;title&quot;:&quot;&quot;,&quot;orientation&quot;:&quot;0&quot;}\" data-image-title=\"guarda-chuvas\" data-image-description=\"\" data-image-caption=\"\" data-medium-file=\"https:\/\/i0.wp.com\/cenedcursos.com.br\/meio-ambiente\/wp-content\/uploads\/2018\/03\/guarda-chuvas-1.jpg?fit=300%2C195&amp;ssl=1\" data-large-file=\"https:\/\/i0.wp.com\/cenedcursos.com.br\/meio-ambiente\/wp-content\/uploads\/2018\/03\/guarda-chuvas-1.jpg?fit=696%2C452&amp;ssl=1\" class=\"alignnone wp-image-10909 size-full\" src=\"https:\/\/i0.wp.com\/www.cenedcursos.com.br\/meio-ambiente\/wp-content\/uploads\/2018\/03\/guarda-chuvas.jpg?resize=696%2C452&#038;ssl=1\" alt=\"guarda-chuvas\" width=\"696\" height=\"452\" \/><\/a><\/p>\n<p style=\"text-align: justify;\">A ideia surgiu depois que ela viu um morador de rua passando muito <strong>frio<\/strong>, em Nova Igua\u00e7u, h\u00e1 dois anos. Segundo ela, a grande vantagem de usar esse tipo de material \u00e9 que \u00e9 <strong>imperme\u00e1vel<\/strong>: \u201c\u00c9 imperme\u00e1vel, t\u00e9rmico, seca r\u00e1pido, d\u00e1 pra lavar em qualquer lugar e eles ficam protegidos\u201d.<\/p>\n<p style=\"text-align: justify;\">Mas o que a inspira a continuar fazendo isso \u00e9 a rea\u00e7\u00e3o de profundo agradecimento que as pessoas t\u00eam quando ela entrega o saco de dormir: \u201cQuando o morador de rua recebe esse carinho, de ganhar um saco quentinho pra ele dormir, ele se sente visto. \u00c9 isso que eu acho importante, a gente ter um <strong>olhar para o outro<\/strong>\u201d.<\/p>\n<p style=\"text-align: justify;\">At\u00e9 agora ela j\u00e1 ajudou mais de 100 pessoas em situa\u00e7\u00e3o de rua, entre adultos e crian\u00e7as, e em uma das suas postagens mais recentes, que somou mais de um milh\u00e3o de visualiza\u00e7\u00f5es, ela acabou recebendo v\u00e1rias mensagens de pessoas dispostas a ajud\u00e1-la. Ela, que costuma pegar os guarda-chuvas nos trens Supervia e nas barcas a cada 3 meses, est\u00e1 recebendo <strong>doa\u00e7\u00f5es<\/strong> e deixou at\u00e9 o e-mail para os interessados em ajudar: claragomes.souza@hotmail.com .<\/p>\n<p style=\"text-align: justify;\">Clara afirma que para fazer um saco de dormir \u00e9 preciso 4 guarda-chuvas e que o processo todo leva em m\u00e9dia 2 horas, mas ela garante que esse tempo \u00e9 muito bem empregado, pois ela est\u00e1 fazendo o bem: \u201cJ\u00e1 \u00e9 t\u00e3o dura a vida delas que eu tento dar um toque de fantasia nos sacos de dormir, com desenhos e muita cor\u201d.<\/p>\n<p style=\"text-align: justify;\">Seus sacos de dormir s\u00e3o coloridos, divertidos, quentinhos e imperme\u00e1veis e t\u00eam feito tanto sucesso nas redes sociais que ela est\u00e1 recebendo mensagens do mundo inteiro, de pessoas querendo comercializar suas cria\u00e7\u00f5es. Mas ela diz que o objetivo n\u00e3o \u00e9 e nunca foi ganhar dinheiro, mas ajudar quem precisa. <em>Clara, voc\u00ea acaba de ganhar mais f\u00e3s!<\/em>\u00a0&lt;3<\/p>\n<p style=\"text-align: justify;\"><em>Foto: Arquivo pessoal<\/em><\/p>\n<div class=\"about-author-sec\" style=\"text-align: justify;\">\n&nbsp;\n<\/div>\n<\/div>\n<p style=\"text-align: justify;\"><a href=\"http:\/\/thegreenestpost.com\/a-artesa-que-transforma-guarda-chuvas-quebrados-em-sacos-de-dormir-para-moradores-em-situacao-de-rua\/\">Fonte:http:\/\/thegreenestpost.com<\/a><\/p>\n","protected":false},"excerpt":{"rendered":"<p>O mundo est\u00e1 cada vez mais atento \u00e0s quest\u00f5es ambientais e o reaproveitamento de materiais faz cada vez mais parte de nossa realidade. Hoje, felizmente, a maioria das pessoas pensa duas vezes antes de jogar uma coisa no lixo, como \u00e9 o caso de Clara Gomes de Souza, que \u00e9 artes\u00e3 e utiliza guarda-chuvas quebrados [&hellip;]<\/p>\n","protected":false},"author":1,"featured_media":10909,"comment_status":"open","ping_status":"open","sticky":false,"template":"","format":"standard","meta":{"_jetpack_memberships_contains_paid_content":false,"footnotes":""},"categories":[499],"tags":[],"class_list":{"0":"post-10894","1":"post","2":"type-post","3":"status-publish","4":"format-standard","5":"has-post-thumbnail","7":"category-sustentabilidade-textos"},"yoast_head":"<!-- This site is optimized with the Yoast SEO plugin v25.1 - https:\/\/yoast.com\/wordpress\/plugins\/seo\/ -->\n<title>Artes\u00e3 transforma guarda-chuvas quebrados em sacos de dormir para moradores em situa\u00e7\u00e3o de rua - CENED Cursos Online<\/title>\n<meta name=\"robots\" content=\"index, follow, max-snippet:-1, max-image-preview:large, max-video-preview:-1\" \/>\n<link rel=\"canonical\" href=\"https:\/\/cenedcursos.com.br\/meio-ambiente\/artesa-transforma-guarda-chuvas-quebrados\/\" \/>\n<meta property=\"og:locale\" content=\"pt_BR\" \/>\n<meta property=\"og:type\" content=\"article\" \/>\n<meta property=\"og:title\" content=\"Artes\u00e3 transforma guarda-chuvas quebrados em sacos de dormir para moradores em situa\u00e7\u00e3o de rua - CENED Cursos Online\" \/>\n<meta property=\"og:description\" content=\"O mundo est\u00e1 cada vez mais atento \u00e0s quest\u00f5es ambientais e o reaproveitamento de materiais faz cada vez mais parte de nossa realidade. Hoje, felizmente, a maioria das pessoas pensa duas vezes antes de jogar uma coisa no lixo, como \u00e9 o caso de Clara Gomes de Souza, que \u00e9 artes\u00e3 e utiliza guarda-chuvas quebrados [&hellip;]\" \/>\n<meta property=\"og:url\" content=\"https:\/\/cenedcursos.com.br\/meio-ambiente\/artesa-transforma-guarda-chuvas-quebrados\/\" \/>\n<meta property=\"og:site_name\" content=\"CENED Cursos Online\" \/>\n<meta property=\"article:published_time\" content=\"2018-03-29T21:40:48+00:00\" \/>\n<meta property=\"og:image\" content=\"https:\/\/cenedcursos.com.br\/meio-ambiente\/wp-content\/uploads\/2018\/03\/guarda-chuvas-1.jpg\" \/>\n\t<meta property=\"og:image:width\" content=\"800\" \/>\n\t<meta property=\"og:image:height\" content=\"520\" \/>\n\t<meta property=\"og:image:type\" content=\"image\/jpeg\" \/>\n<meta name=\"author\" content=\"Amarildo R. Ferrari\" \/>\n<meta name=\"twitter:card\" content=\"summary_large_image\" \/>\n<meta name=\"twitter:label1\" content=\"Escrito por\" \/>\n\t<meta name=\"twitter:data1\" content=\"Amarildo R. Ferrari\" \/>\n\t<meta name=\"twitter:label2\" content=\"Est. tempo de leitura\" \/>\n\t<meta name=\"twitter:data2\" content=\"2 minutos\" \/>\n<script type=\"application\/ld+json\" class=\"yoast-schema-graph\">{\"@context\":\"https:\/\/schema.org\",\"@graph\":[{\"@type\":\"WebPage\",\"@id\":\"https:\/\/cenedcursos.com.br\/meio-ambiente\/artesa-transforma-guarda-chuvas-quebrados\/\",\"url\":\"https:\/\/cenedcursos.com.br\/meio-ambiente\/artesa-transforma-guarda-chuvas-quebrados\/\",\"name\":\"Artes\u00e3 transforma guarda-chuvas quebrados em sacos de dormir para moradores em situa\u00e7\u00e3o de rua - CENED Cursos Online\",\"isPartOf\":{\"@id\":\"https:\/\/cenedcursos.com.br\/meio-ambiente\/#website\"},\"primaryImageOfPage\":{\"@id\":\"https:\/\/cenedcursos.com.br\/meio-ambiente\/artesa-transforma-guarda-chuvas-quebrados\/#primaryimage\"},\"image\":{\"@id\":\"https:\/\/cenedcursos.com.br\/meio-ambiente\/artesa-transforma-guarda-chuvas-quebrados\/#primaryimage\"},\"thumbnailUrl\":\"https:\/\/i0.wp.com\/cenedcursos.com.br\/meio-ambiente\/wp-content\/uploads\/2018\/03\/guarda-chuvas-1.jpg?fit=800%2C520&ssl=1\",\"datePublished\":\"2018-03-29T21:40:48+00:00\",\"author\":{\"@id\":\"https:\/\/cenedcursos.com.br\/meio-ambiente\/#\/schema\/person\/64377d24cdc16779a1eb6229894af388\"},\"breadcrumb\":{\"@id\":\"https:\/\/cenedcursos.com.br\/meio-ambiente\/artesa-transforma-guarda-chuvas-quebrados\/#breadcrumb\"},\"inLanguage\":\"pt-BR\",\"potentialAction\":[{\"@type\":\"ReadAction\",\"target\":[\"https:\/\/cenedcursos.com.br\/meio-ambiente\/artesa-transforma-guarda-chuvas-quebrados\/\"]}]},{\"@type\":\"ImageObject\",\"inLanguage\":\"pt-BR\",\"@id\":\"https:\/\/cenedcursos.com.br\/meio-ambiente\/artesa-transforma-guarda-chuvas-quebrados\/#primaryimage\",\"url\":\"https:\/\/i0.wp.com\/cenedcursos.com.br\/meio-ambiente\/wp-content\/uploads\/2018\/03\/guarda-chuvas-1.jpg?fit=800%2C520&ssl=1\",\"contentUrl\":\"https:\/\/i0.wp.com\/cenedcursos.com.br\/meio-ambiente\/wp-content\/uploads\/2018\/03\/guarda-chuvas-1.jpg?fit=800%2C520&ssl=1\",\"width\":800,\"height\":520,\"caption\":\"guarda-chuvas\"},{\"@type\":\"BreadcrumbList\",\"@id\":\"https:\/\/cenedcursos.com.br\/meio-ambiente\/artesa-transforma-guarda-chuvas-quebrados\/#breadcrumb\",\"itemListElement\":[{\"@type\":\"ListItem\",\"position\":1,\"name\":\"In\u00edcio\",\"item\":\"https:\/\/cenedcursos.com.br\/meio-ambiente\/\"},{\"@type\":\"ListItem\",\"position\":2,\"name\":\"Artes\u00e3 transforma guarda-chuvas quebrados em sacos de dormir para moradores em situa\u00e7\u00e3o de rua\"}]},{\"@type\":\"WebSite\",\"@id\":\"https:\/\/cenedcursos.com.br\/meio-ambiente\/#website\",\"url\":\"https:\/\/cenedcursos.com.br\/meio-ambiente\/\",\"name\":\"CENED Cursos Online\",\"description\":\"Aqui voc\u00ea encontra artigos em diversas \u00e1reas do conhecimento: meio ambiente, educa\u00e7\u00e3o, marketing digital, neg\u00f3cios online e muito mais.\",\"potentialAction\":[{\"@type\":\"SearchAction\",\"target\":{\"@type\":\"EntryPoint\",\"urlTemplate\":\"https:\/\/cenedcursos.com.br\/meio-ambiente\/?s={search_term_string}\"},\"query-input\":{\"@type\":\"PropertyValueSpecification\",\"valueRequired\":true,\"valueName\":\"search_term_string\"}}],\"inLanguage\":\"pt-BR\"},{\"@type\":\"Person\",\"@id\":\"https:\/\/cenedcursos.com.br\/meio-ambiente\/#\/schema\/person\/64377d24cdc16779a1eb6229894af388\",\"name\":\"Amarildo R. Ferrari\",\"image\":{\"@type\":\"ImageObject\",\"inLanguage\":\"pt-BR\",\"@id\":\"https:\/\/cenedcursos.com.br\/meio-ambiente\/#\/schema\/person\/image\/\",\"url\":\"https:\/\/secure.gravatar.com\/avatar\/6ea4248ca9f295c93f1b72f8398232f0fbbffe30349e6ec3839cfa5e09b0de3c?s=96&d=mm&r=g\",\"contentUrl\":\"https:\/\/secure.gravatar.com\/avatar\/6ea4248ca9f295c93f1b72f8398232f0fbbffe30349e6ec3839cfa5e09b0de3c?s=96&d=mm&r=g\",\"caption\":\"Amarildo R. Ferrari\"},\"sameAs\":[\"https:\/\/cenedcursos.com.br\/meio-ambiente\"],\"url\":\"https:\/\/cenedcursos.com.br\/meio-ambiente\/author\/admin\/\"}]}<\/script>\n<!-- \/ Yoast SEO plugin. -->","yoast_head_json":{"title":"Artes\u00e3 transforma guarda-chuvas quebrados em sacos de dormir para moradores em situa\u00e7\u00e3o de rua - CENED Cursos Online","robots":{"index":"index","follow":"follow","max-snippet":"max-snippet:-1","max-image-preview":"max-image-preview:large","max-video-preview":"max-video-preview:-1"},"canonical":"https:\/\/cenedcursos.com.br\/meio-ambiente\/artesa-transforma-guarda-chuvas-quebrados\/","og_locale":"pt_BR","og_type":"article","og_title":"Artes\u00e3 transforma guarda-chuvas quebrados em sacos de dormir para moradores em situa\u00e7\u00e3o de rua - CENED Cursos Online","og_description":"O mundo est\u00e1 cada vez mais atento \u00e0s quest\u00f5es ambientais e o reaproveitamento de materiais faz cada vez mais parte de nossa realidade. Hoje, felizmente, a maioria das pessoas pensa duas vezes antes de jogar uma coisa no lixo, como \u00e9 o caso de Clara Gomes de Souza, que \u00e9 artes\u00e3 e utiliza guarda-chuvas quebrados [&hellip;]","og_url":"https:\/\/cenedcursos.com.br\/meio-ambiente\/artesa-transforma-guarda-chuvas-quebrados\/","og_site_name":"CENED Cursos Online","article_published_time":"2018-03-29T21:40:48+00:00","og_image":[{"width":800,"height":520,"url":"https:\/\/cenedcursos.com.br\/meio-ambiente\/wp-content\/uploads\/2018\/03\/guarda-chuvas-1.jpg","type":"image\/jpeg"}],"author":"Amarildo R. Ferrari","twitter_card":"summary_large_image","twitter_misc":{"Escrito por":"Amarildo R. Ferrari","Est. tempo de leitura":"2 minutos"},"schema":{"@context":"https:\/\/schema.org","@graph":[{"@type":"WebPage","@id":"https:\/\/cenedcursos.com.br\/meio-ambiente\/artesa-transforma-guarda-chuvas-quebrados\/","url":"https:\/\/cenedcursos.com.br\/meio-ambiente\/artesa-transforma-guarda-chuvas-quebrados\/","name":"Artes\u00e3 transforma guarda-chuvas quebrados em sacos de dormir para moradores em situa\u00e7\u00e3o de rua - CENED Cursos Online","isPartOf":{"@id":"https:\/\/cenedcursos.com.br\/meio-ambiente\/#website"},"primaryImageOfPage":{"@id":"https:\/\/cenedcursos.com.br\/meio-ambiente\/artesa-transforma-guarda-chuvas-quebrados\/#primaryimage"},"image":{"@id":"https:\/\/cenedcursos.com.br\/meio-ambiente\/artesa-transforma-guarda-chuvas-quebrados\/#primaryimage"},"thumbnailUrl":"https:\/\/i0.wp.com\/cenedcursos.com.br\/meio-ambiente\/wp-content\/uploads\/2018\/03\/guarda-chuvas-1.jpg?fit=800%2C520&ssl=1","datePublished":"2018-03-29T21:40:48+00:00","author":{"@id":"https:\/\/cenedcursos.com.br\/meio-ambiente\/#\/schema\/person\/64377d24cdc16779a1eb6229894af388"},"breadcrumb":{"@id":"https:\/\/cenedcursos.com.br\/meio-ambiente\/artesa-transforma-guarda-chuvas-quebrados\/#breadcrumb"},"inLanguage":"pt-BR","potentialAction":[{"@type":"ReadAction","target":["https:\/\/cenedcursos.com.br\/meio-ambiente\/artesa-transforma-guarda-chuvas-quebrados\/"]}]},{"@type":"ImageObject","inLanguage":"pt-BR","@id":"https:\/\/cenedcursos.com.br\/meio-ambiente\/artesa-transforma-guarda-chuvas-quebrados\/#primaryimage","url":"https:\/\/i0.wp.com\/cenedcursos.com.br\/meio-ambiente\/wp-content\/uploads\/2018\/03\/guarda-chuvas-1.jpg?fit=800%2C520&ssl=1","contentUrl":"https:\/\/i0.wp.com\/cenedcursos.com.br\/meio-ambiente\/wp-content\/uploads\/2018\/03\/guarda-chuvas-1.jpg?fit=800%2C520&ssl=1","width":800,"height":520,"caption":"guarda-chuvas"},{"@type":"BreadcrumbList","@id":"https:\/\/cenedcursos.com.br\/meio-ambiente\/artesa-transforma-guarda-chuvas-quebrados\/#breadcrumb","itemListElement":[{"@type":"ListItem","position":1,"name":"In\u00edcio","item":"https:\/\/cenedcursos.com.br\/meio-ambiente\/"},{"@type":"ListItem","position":2,"name":"Artes\u00e3 transforma guarda-chuvas quebrados em sacos de dormir para moradores em situa\u00e7\u00e3o de rua"}]},{"@type":"WebSite","@id":"https:\/\/cenedcursos.com.br\/meio-ambiente\/#website","url":"https:\/\/cenedcursos.com.br\/meio-ambiente\/","name":"CENED Cursos Online","description":"Aqui voc\u00ea encontra artigos em diversas \u00e1reas do conhecimento: meio ambiente, educa\u00e7\u00e3o, marketing digital, neg\u00f3cios online e muito mais.","potentialAction":[{"@type":"SearchAction","target":{"@type":"EntryPoint","urlTemplate":"https:\/\/cenedcursos.com.br\/meio-ambiente\/?s={search_term_string}"},"query-input":{"@type":"PropertyValueSpecification","valueRequired":true,"valueName":"search_term_string"}}],"inLanguage":"pt-BR"},{"@type":"Person","@id":"https:\/\/cenedcursos.com.br\/meio-ambiente\/#\/schema\/person\/64377d24cdc16779a1eb6229894af388","name":"Amarildo R. Ferrari","image":{"@type":"ImageObject","inLanguage":"pt-BR","@id":"https:\/\/cenedcursos.com.br\/meio-ambiente\/#\/schema\/person\/image\/","url":"https:\/\/secure.gravatar.com\/avatar\/6ea4248ca9f295c93f1b72f8398232f0fbbffe30349e6ec3839cfa5e09b0de3c?s=96&d=mm&r=g","contentUrl":"https:\/\/secure.gravatar.com\/avatar\/6ea4248ca9f295c93f1b72f8398232f0fbbffe30349e6ec3839cfa5e09b0de3c?s=96&d=mm&r=g","caption":"Amarildo R. Ferrari"},"sameAs":["https:\/\/cenedcursos.com.br\/meio-ambiente"],"url":"https:\/\/cenedcursos.com.br\/meio-ambiente\/author\/admin\/"}]}},"jetpack_featured_media_url":"https:\/\/i0.wp.com\/cenedcursos.com.br\/meio-ambiente\/wp-content\/uploads\/2018\/03\/guarda-chuvas-1.jpg?fit=800%2C520&ssl=1","jetpack_sharing_enabled":true,"_links":{"self":[{"href":"https:\/\/cenedcursos.com.br\/meio-ambiente\/wp-json\/wp\/v2\/posts\/10894","targetHints":{"allow":["GET"]}}],"collection":[{"href":"https:\/\/cenedcursos.com.br\/meio-ambiente\/wp-json\/wp\/v2\/posts"}],"about":[{"href":"https:\/\/cenedcursos.com.br\/meio-ambiente\/wp-json\/wp\/v2\/types\/post"}],"author":[{"embeddable":true,"href":"https:\/\/cenedcursos.com.br\/meio-ambiente\/wp-json\/wp\/v2\/users\/1"}],"replies":[{"embeddable":true,"href":"https:\/\/cenedcursos.com.br\/meio-ambiente\/wp-json\/wp\/v2\/comments?post=10894"}],"version-history":[{"count":0,"href":"https:\/\/cenedcursos.com.br\/meio-ambiente\/wp-json\/wp\/v2\/posts\/10894\/revisions"}],"wp:featuredmedia":[{"embeddable":true,"href":"https:\/\/cenedcursos.com.br\/meio-ambiente\/wp-json\/wp\/v2\/media\/10909"}],"wp:attachment":[{"href":"https:\/\/cenedcursos.com.br\/meio-ambiente\/wp-json\/wp\/v2\/media?parent=10894"}],"wp:term":[{"taxonomy":"category","embeddable":true,"href":"https:\/\/cenedcursos.com.br\/meio-ambiente\/wp-json\/wp\/v2\/categories?post=10894"},{"taxonomy":"post_tag","embeddable":true,"href":"https:\/\/cenedcursos.com.br\/meio-ambiente\/wp-json\/wp\/v2\/tags?post=10894"}],"curies":[{"name":"wp","href":"https:\/\/api.w.org\/{rel}","templated":true}]}}