{"id":109,"date":"2007-02-19T17:20:24","date_gmt":"2007-02-19T17:20:24","guid":{"rendered":"http:\/\/www.cenedcursos.com.br\/?p=109"},"modified":"2007-02-19T17:20:24","modified_gmt":"2007-02-19T17:20:24","slug":"residuo-industrial","status":"publish","type":"post","link":"https:\/\/cenedcursos.com.br\/meio-ambiente\/residuo-industrial\/","title":{"rendered":"O Res\u00edduo Industrial na Ind\u00fastria da Transforma\u00e7\u00e3o"},"content":{"rendered":"<div style=\"text-align: left;\"><span style=\"font-family: arial, helvetica, sans-serif; font-size: 10pt; font-weight: bold; text-align: justify;\">Resumo<\/span><\/div>\n<p style=\"text-align: justify;\"><span style=\"font-size: 10pt; font-family: arial, helvetica, sans-serif;\">O Res\u00edduo industrial na ind\u00fastria da transforma\u00e7\u00e3o \u00e9 a grande conseq\u00fc\u00eancia das mudan\u00e7as ocorridas devido \u00e0 industrializa\u00e7\u00e3o acelerada e da falta de conscientiza\u00e7\u00e3o por parte das empresas de pequeno, m\u00e9dio e grande porte. Estaremos abordando os problemas ambientais encontrados em diversos canteiros de obras espalhados por alguns estados do Brasil e consecutivamente a cultura, infra-estrutura e riquezas naturais da regi\u00e3o, objetivando a mudan\u00e7a comportamental dos indiv\u00edduos envolvidos no processo da Transforma\u00e7\u00e3o.<\/span><br style=\"font-family: Arial;\" \/> <br style=\"font-family: Arial;\" \/> <span style=\"font-weight: bold; font-size: 10pt; font-family: arial, helvetica, sans-serif;\"> Objetivo<\/span><br style=\"font-family: Arial;\" \/> <br style=\"font-family: Arial;\" \/> <span style=\"font-size: 10pt; font-family: arial, helvetica, sans-serif;\"> 1) O objetivo desde projeto \u00e9 conscientizar aos indiv\u00edduos diretamente e indiretamente ligados \u00e0 industrial da transforma\u00e7\u00e3o (empresas contratantes e fornecedores), quanto \u00e0 mudan\u00e7a comportamental relacionado aos res\u00edduos gerados. \u00c1gua contaminada lan\u00e7ada \u00e1 efluentes ou len\u00e7ol fre\u00e1tico, res\u00edduo de \u00f3leo ou derivados lan\u00e7ados \u00e0 natureza sem preocupa\u00e7\u00e3o, produtos qu\u00edmicos sendo armazenado de forma incorreta podendo causar s\u00e9rios danos ambientais e mais alguns in\u00fameros itens a serem levantados.<a href=\"https:\/\/i0.wp.com\/www.cenedcursos.com.br\/meio-ambiente\/wp-content\/uploads\/2007\/02\/residuos-industrial.png?ssl=1\" rel=\"attachment wp-att-7907\"><img data-recalc-dims=\"1\" loading=\"lazy\" decoding=\"async\" data-attachment-id=\"7907\" data-permalink=\"https:\/\/cenedcursos.com.br\/meio-ambiente\/residuos-industrial\/\" data-orig-file=\"https:\/\/i0.wp.com\/cenedcursos.com.br\/meio-ambiente\/wp-content\/uploads\/2007\/02\/residuos-industrial-1.png?fit=350%2C217&amp;ssl=1\" data-orig-size=\"350,217\" data-comments-opened=\"1\" data-image-meta=\"{&quot;aperture&quot;:&quot;0&quot;,&quot;credit&quot;:&quot;&quot;,&quot;camera&quot;:&quot;&quot;,&quot;caption&quot;:&quot;&quot;,&quot;created_timestamp&quot;:&quot;0&quot;,&quot;copyright&quot;:&quot;&quot;,&quot;focal_length&quot;:&quot;0&quot;,&quot;iso&quot;:&quot;0&quot;,&quot;shutter_speed&quot;:&quot;0&quot;,&quot;title&quot;:&quot;&quot;,&quot;orientation&quot;:&quot;0&quot;}\" data-image-title=\"residuo industrial\" data-image-description=\"\" data-image-caption=\"\" data-medium-file=\"https:\/\/i0.wp.com\/cenedcursos.com.br\/meio-ambiente\/wp-content\/uploads\/2007\/02\/residuos-industrial-1.png?fit=300%2C186&amp;ssl=1\" data-large-file=\"https:\/\/i0.wp.com\/cenedcursos.com.br\/meio-ambiente\/wp-content\/uploads\/2007\/02\/residuos-industrial-1.png?fit=350%2C217&amp;ssl=1\" class=\"alignright size-full wp-image-7907\" src=\"https:\/\/i0.wp.com\/www.cenedcursos.com.br\/meio-ambiente\/wp-content\/uploads\/2007\/02\/residuos-industrial.png?resize=350%2C217&#038;ssl=1\" alt=\"residuo industrial\" width=\"350\" height=\"217\" \/><\/a><\/span><br style=\"font-family: Arial;\" \/> <br style=\"font-family: Arial;\" \/> <span style=\"font-size: 10pt; font-family: arial, helvetica, sans-serif;\"> Com a busca de novas certifica\u00e7\u00f5es como ISO 14000 e novas exig\u00eancias de mercado, as empresas implementam de forma superficial, programas como o de \u201cGerenciamento de Res\u00edduos\u201d dentro dos canteiros de obras, a fim de, minimizar os impactos ambientais gerados por esses res\u00edduos.<\/span><br style=\"font-family: Arial;\" \/> <br style=\"font-family: Arial;\" \/> <span style=\"font-size: 10pt; font-family: arial, helvetica, sans-serif;\"> O projeto busca realizar de forma concreta a implanta\u00e7\u00e3o do \u201cProgramas de Gerenciamento de Res\u00edduos\u201d, bem como a estrutura necess\u00e1ria para implanta\u00e7\u00e3o de programas como: 3R (redu\u00e7\u00e3o, reutiliza\u00e7\u00e3o e reciclagem), coleta seletiva, empresas especializadas para recebimento de produtos classificados etc, minimizando o passivo ambiental e aumentando a conscientiza\u00e7\u00e3o quanto \u00e0 preserva\u00e7\u00e3o do meio ambiente.<\/span><br style=\"font-family: Arial;\" \/> <br style=\"font-family: Arial;\" \/> <span style=\"font-size: 10pt; font-family: arial, helvetica, sans-serif;\"> 2) Observar as riquezas geradas pelas ind\u00fastrias de transforma\u00e7\u00e3o ser\u00e1 de grande valia para o projeto. Materiais de substancial valor financeiro (papel, pl\u00e1stico, sucata met\u00e1lica, madeira), poder\u00e3o ser destinados \u00e0 comunidade ou entidades especializadas em coleta seletiva, pois reduzir o armazenamento destes res\u00edduos minimizaria riscos de contamina\u00e7\u00e3o, acidentes e geraria algum tipo de benef\u00edcio financeiro para a comunidade. <\/span><br style=\"font-family: Arial;\" \/> <br style=\"font-family: Arial;\" \/> <span style=\"font-weight: bold; font-size: 10pt; font-family: arial, helvetica, sans-serif;\"> P\u00fablico Alvo<\/span><br style=\"font-family: Arial;\" \/> <br style=\"font-family: Arial;\" \/> <span style=\"font-size: 10pt; font-family: arial, helvetica, sans-serif;\"> O projeto \u00e9 destinado a todos os colaboradores envolvidos no processo da Ind\u00fastria da Transforma\u00e7\u00e3o, bem como aqueles que est\u00e3o direta e\/ou indiretamente ligado aos processos industriais e seus res\u00edduos gerados.<\/span><br style=\"font-family: Arial;\" \/><br \/>\n<span style=\"font-size: 10pt; font-family: arial, helvetica, sans-serif;\"> <span style=\"font-weight: bold;\">O projeto ter\u00e1 sua divulga\u00e7\u00e3o por meio de<\/span>:<\/span><br style=\"font-family: Arial;\" \/> <br style=\"font-family: Arial;\" \/> <span style=\"font-size: 10pt; font-family: arial, helvetica, sans-serif;\"> a)Palestras de integra\u00e7\u00e3o quando do in\u00edcio das atividades na obra, visando a padroniza\u00e7\u00e3o das informa\u00e7\u00f5es;<\/span><br style=\"font-family: Arial;\" \/> <span style=\"font-size: 10pt; font-family: arial, helvetica, sans-serif;\"> b)DDSSM (Di\u00e1logo Di\u00e1rio de Seguran\u00e7a, Sa\u00fade e Meio Ambiente), padronizando as atividades bem como os procedimentos ambientais a serem adotados;<\/span><br style=\"font-family: Arial;\" \/> <span style=\"font-size: 10pt; font-family: arial, helvetica, sans-serif;\"> c)Treinamentos peri\u00f3dicos estabelecendo datas espec\u00edficas por meio de cronogramas;<\/span><br style=\"font-family: Arial;\" \/> <br style=\"font-family: Arial;\" \/> <span style=\"font-size: 10pt; font-family: arial, helvetica, sans-serif;\"> Ser\u00e3o utilizados recursos audiovisuais, folders, campanhas e banners para divulga\u00e7\u00e3o do projeto.<\/span><br style=\"font-family: Arial;\" \/> <br style=\"font-family: Arial;\" \/> <span style=\"font-weight: bold; font-size: 10pt; font-family: arial, helvetica, sans-serif;\"> Os recursos necess\u00e1rios para a implementa\u00e7\u00e3o do projeto:<\/span><br style=\"font-family: Arial;\" \/> <br style=\"font-family: Arial;\" \/> <span style=\"font-size: 10pt; font-family: arial, helvetica, sans-serif;\"> a)Instrutores capacitados e qualificados para ministra\u00e7\u00e3o dos treinamentos;<\/span><br style=\"font-family: Arial;\" \/> <span style=\"font-size: 10pt; font-family: arial, helvetica, sans-serif;\"> b)Salas de treinamento com recurso audiovisual (Computador, retroprojetor, caixas de som, flip chart);<\/span><br style=\"font-family: Arial;\" \/> <span style=\"font-size: 10pt; font-family: arial, helvetica, sans-serif;\"> c)Disponibiliza\u00e7\u00e3o de material did\u00e1tico (Livros, apostilas e cartilhas educativas);<\/span><br style=\"font-family: Arial;\" \/> <span style=\"font-size: 10pt; font-family: arial, helvetica, sans-serif;\"> d)Resultado das avalia\u00e7\u00f5es quantitativo com base nas amostragens inseridas no PDRE;<\/span><br style=\"font-family: Arial;\" \/> <br style=\"font-family: Arial;\" \/> <span style=\"font-weight: bold; font-size: 10pt; font-family: arial, helvetica, sans-serif;\"> Estrat\u00e9gias para implanta\u00e7\u00e3o do Projeto<\/span><br style=\"font-family: Arial;\" \/> <br style=\"font-family: Arial;\" \/> <span style=\"font-size: 10pt; font-family: arial, helvetica, sans-serif;\"> A equipes de SMS, CIPA e Comit\u00ea de 5S, agir\u00e3o como facilitadores no processo de divulga\u00e7\u00e3o do Projeto bem como na participa\u00e7\u00e3o da elabora\u00e7\u00e3o de estrat\u00e9gias, divulga\u00e7\u00e3o, mensura\u00e7\u00e3o dos resultados necess\u00e1rios para atingir os objetivos estipulados no processo. Ser\u00e1 tamb\u00e9m verificada a estrutura existente e necess\u00e1ria para realiza\u00e7\u00e3o do projeto.<\/span><br style=\"font-family: Arial;\" \/> <br style=\"font-family: Arial;\" \/> <span style=\"font-size: 10pt; font-family: arial, helvetica, sans-serif;\"> Ser\u00e1 elaborado pelo coordenador do Projeto em conjunto com a equipe de SMS o cronograma de a\u00e7\u00f5es (anexo I), onde ser\u00e3o definidos:<\/span><br style=\"font-family: Arial;\" \/> <br style=\"font-family: Arial;\" \/> <span style=\"font-size: 10pt; font-family: arial, helvetica, sans-serif;\"> Aquisi\u00e7\u00e3o de materiais, <\/span><br style=\"font-family: Arial;\" \/> <span style=\"font-size: 10pt; font-family: arial, helvetica, sans-serif;\"> Implementa\u00e7\u00e3o, <\/span><br style=\"font-family: Arial;\" \/> <span style=\"font-size: 10pt; font-family: arial, helvetica, sans-serif;\"> Divulga\u00e7\u00e3o, <\/span><br style=\"font-family: Arial;\" \/> <span style=\"font-size: 10pt; font-family: arial, helvetica, sans-serif;\"> Avalia\u00e7\u00e3o dos treinamentos;<\/span><br style=\"font-family: Arial;\" \/> <span style=\"font-size: 10pt; font-family: arial, helvetica, sans-serif;\"> Resultados obtidos<\/span><br style=\"font-family: Arial;\" \/> <span style=\"font-size: 10pt; font-family: arial, helvetica, sans-serif;\"> Capacita\u00e7\u00e3o das equipes de apoio;<\/span><br style=\"font-family: Arial;\" \/> <span style=\"font-size: 10pt; font-family: arial, helvetica, sans-serif;\"> Treinamentos dos colaboradores envolvidos no processo;<\/span><br style=\"font-family: Arial;\" \/> <br style=\"font-family: Arial;\" \/> <span style=\"font-size: 10pt; font-family: arial, helvetica, sans-serif;\"> * A cada etapa da implementa\u00e7\u00e3o ser\u00e1 realizada avalia\u00e7\u00e3o da efic\u00e1cia do processo.<\/span><br style=\"font-family: Arial;\" \/><br \/>\n<span style=\"font-size: 10pt; font-family: arial, helvetica, sans-serif;\"> <span style=\"font-weight: bold;\">AVALIA\u00c7\u00c3O DO PROCESSO<\/span><\/span><br style=\"font-family: Arial;\" \/> <br style=\"font-family: Arial;\" \/> <span style=\"font-size: 10pt; font-family: arial, helvetica, sans-serif;\"> <span style=\"font-weight: bold;\">Verifica\u00e7\u00e3o dos resultados e cumprimentos de metas<br \/>\n<br style=\"font-family: Arial;\" \/> <\/span>O projeto ser\u00e1 avaliado a cada etapa de implanta\u00e7\u00e3o, com base no cronograma de a\u00e7\u00f5es (anexo 1), onde, ser\u00e1 avaliado desde o momento de sua elabora\u00e7\u00e3o at\u00e9 o resultado final. Ap\u00f3s a implanta\u00e7\u00e3o do Programa, ser\u00e1 realizada mensalmente avalia\u00e7\u00e3o atrav\u00e9s de Check List Mensal (Anexo II). As avalia\u00e7\u00f5es ser\u00e3o realizadas com base nos crit\u00e9rios legais (legisla\u00e7\u00e3o e normatiza\u00e7\u00e3o), pol\u00edtica de entendimento ambiental, relat\u00f3rio fotogr\u00e1fico de inspe\u00e7\u00e3o, question\u00e1rios, amostragem de materiais, bem como procedimentos internos da empresa, objetivando o levantamento de n\u00e3o conformidades e desenvolvendo a\u00e7\u00f5es corretivas para solu\u00e7\u00e3o dos problemas encontrados em cada fase de implanta\u00e7\u00e3o do projeto.<\/span><br style=\"font-family: Arial;\" \/> <br style=\"font-family: Arial;\" \/> <span style=\"font-size: 10pt; font-family: arial, helvetica, sans-serif;\"> Ser\u00e3o avaliados tamb\u00e9m (anexo III):<\/span><br style=\"font-family: Arial;\" \/> <br style=\"font-family: Arial;\" \/> <span style=\"font-size: 10pt; font-family: arial, helvetica, sans-serif;\"> Res\u00edduos gerados;<\/span><br style=\"font-family: Arial;\" \/> <span style=\"font-size: 10pt; font-family: arial, helvetica, sans-serif;\"> Res\u00edduos reciclados;<\/span><br style=\"font-family: Arial;\" \/> <span style=\"font-size: 10pt; font-family: arial, helvetica, sans-serif;\"> Colaboradores orientados;<\/span><br style=\"font-family: Arial;\" \/> <span style=\"font-size: 10pt; font-family: arial, helvetica, sans-serif;\"> Efic\u00e1cia dos treinamentos e palestras ministradas;<\/span><br style=\"font-family: Arial;\" \/> <span style=\"font-size: 10pt; font-family: arial, helvetica, sans-serif;\"> Avalia\u00e7\u00e3o dos monitores e multiplicadores;<\/span><br style=\"font-family: Arial;\" \/> <span style=\"font-size: 10pt; font-family: arial, helvetica, sans-serif;\"> Necessidade da aquisi\u00e7\u00e3o de novos mecanismos de divulga\u00e7\u00e3o e comunica\u00e7\u00e3o;<\/span><br style=\"font-family: Arial;\" \/> <span style=\"font-size: 10pt; font-family: arial, helvetica, sans-serif;\"> Necessidade de treinamento para colaboradores e multiplicadores;<\/span><br style=\"font-family: Arial;\" \/> <span style=\"font-size: 10pt; font-family: arial, helvetica, sans-serif;\"> Informa\u00e7\u00e3o a todos envolvidos no processo;<\/span><br style=\"font-family: Arial;\" \/> <br style=\"font-family: Arial;\" \/> <span style=\"font-size: 10pt; font-family: arial, helvetica, sans-serif;\"> <span style=\"font-weight: bold;\">An\u00e1lise dos resultados inesperados<\/span> <\/span><br style=\"font-family: Arial;\" \/> <br style=\"font-family: Arial;\" \/> <span style=\"font-size: 10pt; font-family: arial, helvetica, sans-serif;\"> Verificaremos tamb\u00e9m os resultados inesperados, onde ser\u00e3o avaliados e contribuir\u00e3o gradualmente para crescimento e amadurecimento na implanta\u00e7\u00e3o de cada fase do projeto, bem como a cria\u00e7\u00e3o de mecanismos de controle a fim de minimizar tais resultados negativos.<\/span><br style=\"font-family: Arial;\" \/> <br style=\"font-family: Arial;\" \/> <span style=\"font-weight: bold; font-size: 10pt; font-family: arial, helvetica, sans-serif;\"> Dissemina\u00e7\u00e3o de resultados<\/span><br style=\"font-family: Arial;\" \/> <br style=\"font-family: Arial;\" \/> <span style=\"font-size: 10pt; font-family: arial, helvetica, sans-serif;\"> Fase onde ser\u00e1 quantificado o resultado parcial do Projeto, indicando erros e acertos no processo, mostrando com maior clareza os erros\/acertos cometidos e ferramentas para melhor comunica\u00e7\u00e3o entre partes. A divulga\u00e7\u00e3o dos resultados ser\u00e1 feita por meio de quadros de aviso, e-mail e atrav\u00e9s de reuni\u00f5es mensais.<\/span><br style=\"font-family: Arial;\" \/><br \/>\n<span style=\"font-weight: bold; font-size: 10pt; font-family: arial, helvetica, sans-serif;\"> PLANEJAMENTO GERAL DAS A\u00c7\u00d5ES<\/span><br style=\"font-family: Arial;\" \/> <br style=\"font-family: Arial;\" \/> <span style=\"font-size: 10pt; font-family: arial, helvetica, sans-serif;\"> Descri\u00e7\u00e3o detalhada das etapas do Projeto: (vis\u00e3o geral das atividades que ser\u00e3o realizadas no projeto, seus objetivos, suas etapas, divis\u00e3o de tarefas).<\/span><br style=\"font-family: Arial;\" \/> <br style=\"font-family: Arial; font-weight: bold;\" \/> <span style=\"font-weight: bold; font-size: 10pt; font-family: arial, helvetica, sans-serif;\"> Objetivo<\/span><br style=\"font-family: Arial;\" \/> <br style=\"font-family: Arial;\" \/> <span style=\"font-size: 10pt; font-family: arial, helvetica, sans-serif;\"> O que ser\u00e1 feito?<\/span><br style=\"font-family: Arial;\" \/> <span style=\"font-size: 10pt; font-family: arial, helvetica, sans-serif;\"> Como?<\/span><br style=\"font-family: Arial;\" \/> <span style=\"font-size: 10pt; font-family: arial, helvetica, sans-serif;\"> Implanta\u00e7\u00e3o do Programa 5S;<\/span><br style=\"font-family: Arial;\" \/> <span style=\"font-size: 10pt; font-family: arial, helvetica, sans-serif;\"> Fornecimento de estrutura necess\u00e1ria e Palestras de divulga\u00e7\u00e3o;<\/span><br style=\"font-family: Arial;\" \/> <span style=\"font-size: 10pt; font-family: arial, helvetica, sans-serif;\"> Implanta\u00e7\u00e3o do PDRE (Programas de Gerenciamento de Res\u00edduos);<\/span><br style=\"font-family: Arial;\" \/> <span style=\"font-size: 10pt; font-family: arial, helvetica, sans-serif;\"> Fornecimento de estrutura necess\u00e1ria e Palestras de divulga\u00e7\u00e3o;<\/span><br style=\"font-family: Arial;\" \/> <span style=\"font-size: 10pt; font-family: arial, helvetica, sans-serif;\"> Implanta\u00e7\u00e3o do programa 3R (redu\u00e7\u00e3o, reutiliza\u00e7\u00e3o e reciclagem);<\/span><br style=\"font-family: Arial;\" \/> <span style=\"font-size: 10pt; font-family: arial, helvetica, sans-serif;\"> Fornecimento de estrutura necess\u00e1ria e Palestras de divulga\u00e7\u00e3o;<\/span><br style=\"font-family: Arial;\" \/> <span style=\"font-size: 10pt; font-family: arial, helvetica, sans-serif;\"> Conscientiza\u00e7\u00e3o dos colaboradores<\/span><br style=\"font-family: Arial;\" \/> <span style=\"font-size: 10pt; font-family: arial, helvetica, sans-serif;\"> Palestras de integra\u00e7\u00e3o quando do in\u00edcio das atividades na obra, visando a padroniza\u00e7\u00e3o das informa\u00e7\u00f5es;<\/span><br style=\"font-family: Arial;\" \/> <span style=\"font-size: 10pt; font-family: arial, helvetica, sans-serif;\"> DDSSM (Di\u00e1logo Di\u00e1rio de Seguran\u00e7a, Sa\u00fade e Meio Ambiente), padronizando as atividades bem como os procedimentos ambientais a serem adotados;<\/span><br style=\"font-family: Arial;\" \/> <span style=\"font-size: 10pt; font-family: arial, helvetica, sans-serif;\"> Treinamentos peri\u00f3dicos estabelecendo datas espec\u00edficas por meio de cronogramas;<\/span><br style=\"font-family: Arial;\" \/> <br style=\"font-family: Arial; font-weight: bold;\" \/> <span style=\"font-weight: bold; font-size: 10pt; font-family: arial, helvetica, sans-serif;\"> Etapas<\/span><br style=\"font-family: Arial;\" \/> <br style=\"font-family: Arial;\" \/> <span style=\"font-size: 10pt; font-family: arial, helvetica, sans-serif;\"> Elabora\u00e7\u00e3o de panfletos, cartilhas auto explicativa, cartazes e faixas;<\/span><br style=\"font-family: Arial;\" \/> <span style=\"font-size: 10pt; font-family: arial, helvetica, sans-serif;\"> Palestras de integra\u00e7\u00e3o quando do in\u00edcio das atividades na obra, visando a padroniza\u00e7\u00e3o das informa\u00e7\u00f5es;<\/span><br style=\"font-family: Arial;\" \/> <span style=\"font-size: 10pt; font-family: arial, helvetica, sans-serif;\"> Treinamento peri\u00f3dico descrito no cronograma de eventos, em local espec\u00edfico (sala de treinamento), ou nas frentes de trabalho verificando no local da atividade os problemas ambientais encontrados;<\/span><br style=\"font-family: Arial;\" \/> <span style=\"font-size: 10pt; font-family: arial, helvetica, sans-serif;\"> DDSSM (Di\u00e1logo Di\u00e1rio de Seguran\u00e7a, Sa\u00fade e Meio Ambiente), padronizando as atividades bem como os procedimentos ambientais a serem adotados;<\/span><br style=\"font-family: Arial;\" \/> <br style=\"font-family: Arial; font-weight: bold;\" \/> <span style=\"font-weight: bold; font-size: 10pt; font-family: arial, helvetica, sans-serif;\"> Divis\u00e3o de tarefas<\/span><br style=\"font-family: Arial;\" \/> <br style=\"font-family: Arial;\" \/> <span style=\"font-size: 10pt; font-family: arial, helvetica, sans-serif;\"> Ser\u00e3o definidos os respons\u00e1veis por cada etapa no processo no cronograma de a\u00e7\u00f5es;<\/span><br style=\"font-family: Arial;\" \/> <br style=\"font-family: Arial;\" \/> <span style=\"font-weight: bold; font-size: 10pt; font-family: arial, helvetica, sans-serif;\"> Avalia\u00e7\u00e3o do grau de percep\u00e7\u00e3o<\/span><br style=\"font-family: Arial;\" \/> <br style=\"font-family: Arial;\" \/> <span style=\"font-size: 10pt; font-family: arial, helvetica, sans-serif;\"> Ser\u00e1 avaliado o grau de percep\u00e7\u00e3o dos facilitadores quanto aos problemas ambientais locais, bem como os pontos de melhora do fator pessoal dos colaboradores;<\/span><br style=\"font-family: Arial;\" \/> <br style=\"font-family: Arial;\" \/> <span style=\"font-weight: bold; font-size: 10pt; font-family: arial, helvetica, sans-serif;\"> DIAGN\u00d3STICO DA SITUA\u00c7\u00c3O ATUAL<\/span><br style=\"font-family: Arial;\" \/> <br style=\"font-family: Arial;\" \/> <span style=\"font-size: 10pt; font-family: arial, helvetica, sans-serif;\"> Falta de conscientiza\u00e7\u00e3o por parte dos colaboradores envolvidos no processo;<\/span><br style=\"font-family: Arial;\" \/> <span style=\"font-size: 10pt; font-family: arial, helvetica, sans-serif;\"> Falta de recurso, estrutura necess\u00e1ria para a implanta\u00e7\u00e3o do programa;<\/span><br style=\"font-family: Arial;\" \/> <span style=\"font-size: 10pt; font-family: arial, helvetica, sans-serif;\"> Falta de colaboradores qualificados e orientados;<\/span><br style=\"font-family: Arial;\" \/> <span style=\"font-size: 10pt; font-family: arial, helvetica, sans-serif;\"> Falta de interesse por parte de lideres de equipe e respons\u00e1veis;<\/span><br style=\"font-family: Arial;\" \/> <span style=\"font-size: 10pt; font-family: arial, helvetica, sans-serif;\"> Implanta\u00e7\u00e3o superficial dos programas de gerenciamento ambiental;<\/span><br style=\"font-family: Arial;\" \/> <br style=\"font-family: Arial; font-weight: bold;\" \/> <span style=\"font-weight: bold; font-size: 10pt; font-family: arial, helvetica, sans-serif;\"> Defini\u00e7\u00e3o de crit\u00e9rio para sele\u00e7\u00e3o do problema a ser trabalhado<\/span><br style=\"font-family: Arial;\" \/> <br style=\"font-family: Arial;\" \/> <span style=\"font-size: 10pt; font-family: arial, helvetica, sans-serif;\"> O crit\u00e9rio utilizado foi \u00e0s ocorr\u00eancias verificadas \u201cIn loco\u201d, quando dos acompanhamentos dos trabalhos e inspe\u00e7\u00f5es realizadas. Os trabalhos ser\u00e3o realizados na seguinte seq\u00fc\u00eancia:<\/span><br style=\"font-family: Arial;\" \/> <br style=\"font-family: Arial;\" \/> <span style=\"font-size: 10pt; font-family: arial, helvetica, sans-serif;\"> Cria\u00e7\u00e3o de equipe de multiplicadores;<\/span><br style=\"font-family: Arial;\" \/> <span style=\"font-size: 10pt; font-family: arial, helvetica, sans-serif;\"> Treinamento e orienta\u00e7\u00e3o dos multiplicadores;<\/span><br style=\"font-family: Arial;\" \/> <span style=\"font-size: 10pt; font-family: arial, helvetica, sans-serif;\"> Aquisi\u00e7\u00e3o de estrutura f\u00edsica necess\u00e1ria;<\/span><br style=\"font-family: Arial;\" \/> <span style=\"font-size: 10pt; font-family: arial, helvetica, sans-serif;\"> Confec\u00e7\u00e3o do material de divulga\u00e7\u00e3o;<\/span><br style=\"font-family: Arial;\" \/> <span style=\"font-size: 10pt; font-family: arial, helvetica, sans-serif;\"> Ministra\u00e7\u00e3o de treinamentos e divulga\u00e7\u00e3o a todos os colaboradores;<\/span><br style=\"font-family: Arial;\" \/> <span style=\"font-size: 10pt; font-family: arial, helvetica, sans-serif;\"> Avalia\u00e7\u00e3o dos treinamentos (multiplicadores e colaboradores);<\/span><br style=\"font-family: Arial;\" \/> <span style=\"font-size: 10pt; font-family: arial, helvetica, sans-serif;\"> Avalia\u00e7\u00e3o da efic\u00e1cia do processo;<\/span><\/p>\n<p style=\"text-align: right;\">Categoria: Meio Ambiente Industrial<\/p>\n","protected":false},"excerpt":{"rendered":"<p>Resumo O Res\u00edduo industrial na ind\u00fastria da transforma\u00e7\u00e3o \u00e9 a grande conseq\u00fc\u00eancia das mudan\u00e7as ocorridas devido \u00e0 industrializa\u00e7\u00e3o acelerada e da falta de conscientiza\u00e7\u00e3o por parte das empresas de pequeno, m\u00e9dio e grande porte. Estaremos abordando os problemas ambientais encontrados em diversos canteiros de obras espalhados por alguns estados do Brasil e consecutivamente a cultura, [&hellip;]<\/p>\n","protected":false},"author":1,"featured_media":0,"comment_status":"open","ping_status":"open","sticky":false,"template":"","format":"standard","meta":{"_jetpack_memberships_contains_paid_content":false,"footnotes":""},"categories":[3],"tags":[],"class_list":{"0":"post-109","1":"post","2":"type-post","3":"status-publish","4":"format-standard","6":"category-projetos-ambientais"},"yoast_head":"<!-- This site is optimized with the Yoast SEO plugin v25.1 - https:\/\/yoast.com\/wordpress\/plugins\/seo\/ -->\n<title>O Res\u00edduo Industrial na Ind\u00fastria da Transforma\u00e7\u00e3o - CENED Cursos Online<\/title>\n<meta name=\"robots\" content=\"index, follow, max-snippet:-1, max-image-preview:large, max-video-preview:-1\" \/>\n<link rel=\"canonical\" href=\"https:\/\/cenedcursos.com.br\/meio-ambiente\/residuo-industrial\/\" \/>\n<meta property=\"og:locale\" content=\"pt_BR\" \/>\n<meta property=\"og:type\" content=\"article\" \/>\n<meta property=\"og:title\" content=\"O Res\u00edduo Industrial na Ind\u00fastria da Transforma\u00e7\u00e3o - CENED Cursos Online\" \/>\n<meta property=\"og:description\" content=\"Resumo O Res\u00edduo industrial na ind\u00fastria da transforma\u00e7\u00e3o \u00e9 a grande conseq\u00fc\u00eancia das mudan\u00e7as ocorridas devido \u00e0 industrializa\u00e7\u00e3o acelerada e da falta de conscientiza\u00e7\u00e3o por parte das empresas de pequeno, m\u00e9dio e grande porte. Estaremos abordando os problemas ambientais encontrados em diversos canteiros de obras espalhados por alguns estados do Brasil e consecutivamente a cultura, [&hellip;]\" \/>\n<meta property=\"og:url\" content=\"https:\/\/cenedcursos.com.br\/meio-ambiente\/residuo-industrial\/\" \/>\n<meta property=\"og:site_name\" content=\"CENED Cursos Online\" \/>\n<meta property=\"article:published_time\" content=\"2007-02-19T17:20:24+00:00\" \/>\n<meta property=\"og:image\" content=\"https:\/\/www.cenedcursos.com.br\/meio-ambiente\/wp-content\/uploads\/2007\/02\/residuos-industrial.png\" \/>\n<meta name=\"author\" content=\"Amarildo R. Ferrari\" \/>\n<meta name=\"twitter:card\" content=\"summary_large_image\" \/>\n<meta name=\"twitter:label1\" content=\"Escrito por\" \/>\n\t<meta name=\"twitter:data1\" content=\"Amarildo R. Ferrari\" \/>\n\t<meta name=\"twitter:label2\" content=\"Est. tempo de leitura\" \/>\n\t<meta name=\"twitter:data2\" content=\"7 minutos\" \/>\n<script type=\"application\/ld+json\" class=\"yoast-schema-graph\">{\"@context\":\"https:\/\/schema.org\",\"@graph\":[{\"@type\":\"WebPage\",\"@id\":\"https:\/\/cenedcursos.com.br\/meio-ambiente\/residuo-industrial\/\",\"url\":\"https:\/\/cenedcursos.com.br\/meio-ambiente\/residuo-industrial\/\",\"name\":\"O Res\u00edduo Industrial na Ind\u00fastria da Transforma\u00e7\u00e3o - CENED Cursos Online\",\"isPartOf\":{\"@id\":\"https:\/\/cenedcursos.com.br\/meio-ambiente\/#website\"},\"primaryImageOfPage\":{\"@id\":\"https:\/\/cenedcursos.com.br\/meio-ambiente\/residuo-industrial\/#primaryimage\"},\"image\":{\"@id\":\"https:\/\/cenedcursos.com.br\/meio-ambiente\/residuo-industrial\/#primaryimage\"},\"thumbnailUrl\":\"https:\/\/www.cenedcursos.com.br\/meio-ambiente\/wp-content\/uploads\/2007\/02\/residuos-industrial.png\",\"datePublished\":\"2007-02-19T17:20:24+00:00\",\"author\":{\"@id\":\"https:\/\/cenedcursos.com.br\/meio-ambiente\/#\/schema\/person\/64377d24cdc16779a1eb6229894af388\"},\"breadcrumb\":{\"@id\":\"https:\/\/cenedcursos.com.br\/meio-ambiente\/residuo-industrial\/#breadcrumb\"},\"inLanguage\":\"pt-BR\",\"potentialAction\":[{\"@type\":\"ReadAction\",\"target\":[\"https:\/\/cenedcursos.com.br\/meio-ambiente\/residuo-industrial\/\"]}]},{\"@type\":\"ImageObject\",\"inLanguage\":\"pt-BR\",\"@id\":\"https:\/\/cenedcursos.com.br\/meio-ambiente\/residuo-industrial\/#primaryimage\",\"url\":\"https:\/\/www.cenedcursos.com.br\/meio-ambiente\/wp-content\/uploads\/2007\/02\/residuos-industrial.png\",\"contentUrl\":\"https:\/\/www.cenedcursos.com.br\/meio-ambiente\/wp-content\/uploads\/2007\/02\/residuos-industrial.png\"},{\"@type\":\"BreadcrumbList\",\"@id\":\"https:\/\/cenedcursos.com.br\/meio-ambiente\/residuo-industrial\/#breadcrumb\",\"itemListElement\":[{\"@type\":\"ListItem\",\"position\":1,\"name\":\"In\u00edcio\",\"item\":\"https:\/\/cenedcursos.com.br\/meio-ambiente\/\"},{\"@type\":\"ListItem\",\"position\":2,\"name\":\"O Res\u00edduo Industrial na Ind\u00fastria da Transforma\u00e7\u00e3o\"}]},{\"@type\":\"WebSite\",\"@id\":\"https:\/\/cenedcursos.com.br\/meio-ambiente\/#website\",\"url\":\"https:\/\/cenedcursos.com.br\/meio-ambiente\/\",\"name\":\"CENED Cursos Online\",\"description\":\"Aqui voc\u00ea encontra artigos em diversas \u00e1reas do conhecimento: meio ambiente, educa\u00e7\u00e3o, marketing digital, neg\u00f3cios online e muito mais.\",\"potentialAction\":[{\"@type\":\"SearchAction\",\"target\":{\"@type\":\"EntryPoint\",\"urlTemplate\":\"https:\/\/cenedcursos.com.br\/meio-ambiente\/?s={search_term_string}\"},\"query-input\":{\"@type\":\"PropertyValueSpecification\",\"valueRequired\":true,\"valueName\":\"search_term_string\"}}],\"inLanguage\":\"pt-BR\"},{\"@type\":\"Person\",\"@id\":\"https:\/\/cenedcursos.com.br\/meio-ambiente\/#\/schema\/person\/64377d24cdc16779a1eb6229894af388\",\"name\":\"Amarildo R. Ferrari\",\"image\":{\"@type\":\"ImageObject\",\"inLanguage\":\"pt-BR\",\"@id\":\"https:\/\/cenedcursos.com.br\/meio-ambiente\/#\/schema\/person\/image\/\",\"url\":\"https:\/\/secure.gravatar.com\/avatar\/6ea4248ca9f295c93f1b72f8398232f0fbbffe30349e6ec3839cfa5e09b0de3c?s=96&d=mm&r=g\",\"contentUrl\":\"https:\/\/secure.gravatar.com\/avatar\/6ea4248ca9f295c93f1b72f8398232f0fbbffe30349e6ec3839cfa5e09b0de3c?s=96&d=mm&r=g\",\"caption\":\"Amarildo R. Ferrari\"},\"sameAs\":[\"https:\/\/cenedcursos.com.br\/meio-ambiente\"],\"url\":\"https:\/\/cenedcursos.com.br\/meio-ambiente\/author\/admin\/\"}]}<\/script>\n<!-- \/ Yoast SEO plugin. -->","yoast_head_json":{"title":"O Res\u00edduo Industrial na Ind\u00fastria da Transforma\u00e7\u00e3o - CENED Cursos Online","robots":{"index":"index","follow":"follow","max-snippet":"max-snippet:-1","max-image-preview":"max-image-preview:large","max-video-preview":"max-video-preview:-1"},"canonical":"https:\/\/cenedcursos.com.br\/meio-ambiente\/residuo-industrial\/","og_locale":"pt_BR","og_type":"article","og_title":"O Res\u00edduo Industrial na Ind\u00fastria da Transforma\u00e7\u00e3o - CENED Cursos Online","og_description":"Resumo O Res\u00edduo industrial na ind\u00fastria da transforma\u00e7\u00e3o \u00e9 a grande conseq\u00fc\u00eancia das mudan\u00e7as ocorridas devido \u00e0 industrializa\u00e7\u00e3o acelerada e da falta de conscientiza\u00e7\u00e3o por parte das empresas de pequeno, m\u00e9dio e grande porte. Estaremos abordando os problemas ambientais encontrados em diversos canteiros de obras espalhados por alguns estados do Brasil e consecutivamente a cultura, [&hellip;]","og_url":"https:\/\/cenedcursos.com.br\/meio-ambiente\/residuo-industrial\/","og_site_name":"CENED Cursos Online","article_published_time":"2007-02-19T17:20:24+00:00","og_image":[{"url":"https:\/\/www.cenedcursos.com.br\/meio-ambiente\/wp-content\/uploads\/2007\/02\/residuos-industrial.png","type":"","width":"","height":""}],"author":"Amarildo R. Ferrari","twitter_card":"summary_large_image","twitter_misc":{"Escrito por":"Amarildo R. Ferrari","Est. tempo de leitura":"7 minutos"},"schema":{"@context":"https:\/\/schema.org","@graph":[{"@type":"WebPage","@id":"https:\/\/cenedcursos.com.br\/meio-ambiente\/residuo-industrial\/","url":"https:\/\/cenedcursos.com.br\/meio-ambiente\/residuo-industrial\/","name":"O Res\u00edduo Industrial na Ind\u00fastria da Transforma\u00e7\u00e3o - CENED Cursos Online","isPartOf":{"@id":"https:\/\/cenedcursos.com.br\/meio-ambiente\/#website"},"primaryImageOfPage":{"@id":"https:\/\/cenedcursos.com.br\/meio-ambiente\/residuo-industrial\/#primaryimage"},"image":{"@id":"https:\/\/cenedcursos.com.br\/meio-ambiente\/residuo-industrial\/#primaryimage"},"thumbnailUrl":"https:\/\/www.cenedcursos.com.br\/meio-ambiente\/wp-content\/uploads\/2007\/02\/residuos-industrial.png","datePublished":"2007-02-19T17:20:24+00:00","author":{"@id":"https:\/\/cenedcursos.com.br\/meio-ambiente\/#\/schema\/person\/64377d24cdc16779a1eb6229894af388"},"breadcrumb":{"@id":"https:\/\/cenedcursos.com.br\/meio-ambiente\/residuo-industrial\/#breadcrumb"},"inLanguage":"pt-BR","potentialAction":[{"@type":"ReadAction","target":["https:\/\/cenedcursos.com.br\/meio-ambiente\/residuo-industrial\/"]}]},{"@type":"ImageObject","inLanguage":"pt-BR","@id":"https:\/\/cenedcursos.com.br\/meio-ambiente\/residuo-industrial\/#primaryimage","url":"https:\/\/www.cenedcursos.com.br\/meio-ambiente\/wp-content\/uploads\/2007\/02\/residuos-industrial.png","contentUrl":"https:\/\/www.cenedcursos.com.br\/meio-ambiente\/wp-content\/uploads\/2007\/02\/residuos-industrial.png"},{"@type":"BreadcrumbList","@id":"https:\/\/cenedcursos.com.br\/meio-ambiente\/residuo-industrial\/#breadcrumb","itemListElement":[{"@type":"ListItem","position":1,"name":"In\u00edcio","item":"https:\/\/cenedcursos.com.br\/meio-ambiente\/"},{"@type":"ListItem","position":2,"name":"O Res\u00edduo Industrial na Ind\u00fastria da Transforma\u00e7\u00e3o"}]},{"@type":"WebSite","@id":"https:\/\/cenedcursos.com.br\/meio-ambiente\/#website","url":"https:\/\/cenedcursos.com.br\/meio-ambiente\/","name":"CENED Cursos Online","description":"Aqui voc\u00ea encontra artigos em diversas \u00e1reas do conhecimento: meio ambiente, educa\u00e7\u00e3o, marketing digital, neg\u00f3cios online e muito mais.","potentialAction":[{"@type":"SearchAction","target":{"@type":"EntryPoint","urlTemplate":"https:\/\/cenedcursos.com.br\/meio-ambiente\/?s={search_term_string}"},"query-input":{"@type":"PropertyValueSpecification","valueRequired":true,"valueName":"search_term_string"}}],"inLanguage":"pt-BR"},{"@type":"Person","@id":"https:\/\/cenedcursos.com.br\/meio-ambiente\/#\/schema\/person\/64377d24cdc16779a1eb6229894af388","name":"Amarildo R. Ferrari","image":{"@type":"ImageObject","inLanguage":"pt-BR","@id":"https:\/\/cenedcursos.com.br\/meio-ambiente\/#\/schema\/person\/image\/","url":"https:\/\/secure.gravatar.com\/avatar\/6ea4248ca9f295c93f1b72f8398232f0fbbffe30349e6ec3839cfa5e09b0de3c?s=96&d=mm&r=g","contentUrl":"https:\/\/secure.gravatar.com\/avatar\/6ea4248ca9f295c93f1b72f8398232f0fbbffe30349e6ec3839cfa5e09b0de3c?s=96&d=mm&r=g","caption":"Amarildo R. Ferrari"},"sameAs":["https:\/\/cenedcursos.com.br\/meio-ambiente"],"url":"https:\/\/cenedcursos.com.br\/meio-ambiente\/author\/admin\/"}]}},"jetpack_featured_media_url":"","jetpack_sharing_enabled":true,"_links":{"self":[{"href":"https:\/\/cenedcursos.com.br\/meio-ambiente\/wp-json\/wp\/v2\/posts\/109","targetHints":{"allow":["GET"]}}],"collection":[{"href":"https:\/\/cenedcursos.com.br\/meio-ambiente\/wp-json\/wp\/v2\/posts"}],"about":[{"href":"https:\/\/cenedcursos.com.br\/meio-ambiente\/wp-json\/wp\/v2\/types\/post"}],"author":[{"embeddable":true,"href":"https:\/\/cenedcursos.com.br\/meio-ambiente\/wp-json\/wp\/v2\/users\/1"}],"replies":[{"embeddable":true,"href":"https:\/\/cenedcursos.com.br\/meio-ambiente\/wp-json\/wp\/v2\/comments?post=109"}],"version-history":[{"count":0,"href":"https:\/\/cenedcursos.com.br\/meio-ambiente\/wp-json\/wp\/v2\/posts\/109\/revisions"}],"wp:attachment":[{"href":"https:\/\/cenedcursos.com.br\/meio-ambiente\/wp-json\/wp\/v2\/media?parent=109"}],"wp:term":[{"taxonomy":"category","embeddable":true,"href":"https:\/\/cenedcursos.com.br\/meio-ambiente\/wp-json\/wp\/v2\/categories?post=109"},{"taxonomy":"post_tag","embeddable":true,"href":"https:\/\/cenedcursos.com.br\/meio-ambiente\/wp-json\/wp\/v2\/tags?post=109"}],"curies":[{"name":"wp","href":"https:\/\/api.w.org\/{rel}","templated":true}]}}