{"id":110,"date":"2007-02-19T17:41:44","date_gmt":"2007-02-19T17:41:44","guid":{"rendered":"http:\/\/www.cenedcursos.com.br\/?p=110"},"modified":"2007-02-19T17:41:44","modified_gmt":"2007-02-19T17:41:44","slug":"projeto-vida-qualidade-de-vida-de-a","status":"publish","type":"post","link":"https:\/\/cenedcursos.com.br\/meio-ambiente\/projeto-vida-qualidade-de-vida-de-a\/","title":{"rendered":"Projeto + Vida &#8211; Qualidade de Vida de A \u00e0 Z"},"content":{"rendered":"<p><!DOCTYPE html PUBLIC \"-\/\/W3C\/\/DTD HTML 4.01 Transitional\/\/EN\"> <html> <head>   <meta content=\"text\/html; charset=ISO-8859-1\"  http-equiv=\"content-type\">   <title><\/title> <\/head> <body> <\/p>\n<div style=\"text-align: justify;\"><span  style=\"font-family: Arial; font-weight: bold;\">1. IDENTIFICA&Ccedil;&Atilde;O DO PROJETO<\/span><br  style=\"font-family: Arial;\"> <br style=\"font-family: Arial;\"> <span style=\"font-family: Arial; font-weight: bold;\">Nome: &ldquo;Projeto + Vida &#8211; Qualidade de Vida de A &agrave; Z&rdquo;<\/span><br style=\"font-family: Arial;\"> <\/p>\n<div style=\"text-align: right;\"><span  style=\"font-family: Arial;\">Autora: Tatiana Reis<\/span><br  style=\"font-family: Arial;\"> <\/div>\n<p> <span style=\"font-family: Arial;\">Linha Tem&aacute;tica: Educa&ccedil;&atilde;o Ambiental<\/span><br  style=\"font-family: Arial;\"> <span style=\"font-family: Arial;\"><br \/> Palavras-chave: Educa&ccedil;&atilde;o Ambiental, Qualidade de Vida; Meio Ambiente; Esporte; Sa&uacute;de; Cidadania.<\/span><br  style=\"font-family: Arial;\"> <span style=\"font-family: Arial;\"><br \/> Local de execu&ccedil;&atilde;o: Academia Aquacenter Batel e &aacute;reas de influ&ecirc;ncia (Bairro Santa Quit&eacute;ria, Munic&iacute;pio de Curitiba &#8211; Paran&aacute; &#8211; Brasil).<\/span><br  style=\"font-family: Arial;\"> <span style=\"font-family: Arial;\"><br \/> Dura&ccedil;&atilde;o (1&ordf; Fase): 10 meses<\/span><br  style=\"font-family: Arial;\"> <span style=\"font-family: Arial;\"><br \/> P&uacute;blico-alvo: alunos, professores e funcion&aacute;rios da academia e seus amigos e parentes.<\/span><br  style=\"font-family: Arial;\"> <br style=\"font-family: Arial;\"> <span style=\"font-family: Arial; font-weight: bold;\">2. APRESENTA&Ccedil;&Atilde;O<\/span><br  style=\"font-family: Arial;\"> <span style=\"font-family: Arial;\"><br \/> O projeto &ldquo;+ VIDA&rdquo; pretende fundamentalmente despertar nas pessoas um sentimento de responsabilidade universal, uma no&ccedil;&atilde;o ampla sobre bem comum que o mundo moderno demonstra conhecer muito pouco. A participa&ccedil;&atilde;o nas diversas atividades do projeto ir&aacute; auxiliar os envolvidos a desenvolverem capacidade suficiente para cumprirem seu papel de cidadania na sociedade e identificarem-se como pe&ccedil;a-chave na busca por um equil&iacute;brio ecol&oacute;gico compat&iacute;vel com a presen&ccedil;a da esp&eacute;cie humana na Terra. Assim, todos ter&atilde;o a oportunidade de adquirirem uma boa qualidade de vida.<\/span><br style=\"font-family: Arial;\"> <span style=\"font-family: Arial;\">A mudan&ccedil;a de pensamento e, conseq&uuml;entemente, de atitudes dependem n&atilde;o s&oacute; do conhecimento adquirido, mas da habilidade e da vontade para colocar este conhecimento em pr&aacute;tica. Foram desenvolvidas atividades que ir&atilde;o trabalhar muito com a sensibilidade e com a emo&ccedil;&atilde;o que h&aacute; muito s&atilde;o utilizadas para estimular a curiosidade e o interesse pelo aprendizado. A partir desta receptividade agu&ccedil;ada, a transmiss&atilde;o das informa&ccedil;&otilde;es e conceitos te&oacute;ricos ser&aacute; facilitada.<\/span><br  style=\"font-family: Arial;\"> <span style=\"font-family: Arial;\">Por se tratar de um assunto amplo, complexo e que repercute em grandes discuss&otilde;es, projetos na &aacute;rea de Meio Ambiente precisam ser planejados e executados de forma muito peculiar, com a&ccedil;&otilde;es direcionadas e adequadas ao p&uacute;blico-alvo, de forma que os resultados alcan&ccedil;ados sejam promissores e significativos. Diante isso, a utiliza&ccedil;&atilde;o de recursos acess&iacute;veis e linguagem de f&aacute;cil entendimento somados &agrave; t&eacute;cnicas de contextualiza&ccedil;&atilde;o e interdisciplinaridade s&atilde;o estrat&eacute;gias exclusivas que o projeto &ldquo;+ VIDA&rdquo; vem a apresentar. Al&eacute;m disso, o enfoque que ser&aacute; dado &agrave; quest&atilde;o da melhoria da qualidade de vida de cada indiv&iacute;duo ser&aacute; uma estrat&eacute;gia eficiente para cativar o p&uacute;blico-alvo, que caracteristicamente preza por uma vida mais saud&aacute;vel e feliz.<\/span><br  style=\"font-family: Arial;\"> <span style=\"font-family: Arial;\">Esta &eacute; uma iniciativa t&iacute;mida em rela&ccedil;&atilde;o &agrave; urg&ecirc;ncia da uni&atilde;o de esfor&ccedil;os para evitar que as condi&ccedil;&otilde;es do meio ambiente ultrapassem os limites sustent&aacute;veis &ndash; o que j&aacute; est&aacute; sendo anunciado. Entretanto, &eacute; um projeto inovador que poder&aacute; ser adaptado e executado em outras academias e em outros tipos de estabelecimento onde conceitos sobre meio ambiente geralmente n&atilde;o s&atilde;o incorporados &agrave;s atividades rotineiras, mas deveriam ser.<\/span><br style=\"font-family: Arial;\"> <br style=\"font-family: Arial; font-weight: bold;\"> <span style=\"font-family: Arial; font-weight: bold;\">2.1 Resumo do projeto<br \/> <br style=\"font-family: Arial;\"> <\/span><span style=\"font-family: Arial;\">O projeto &ldquo;+ Vida&rdquo; &eacute; um projeto de Educa&ccedil;&atilde;o Ambiental que visa envolver um n&uacute;mero cada vez maior de pessoas na luta pela preserva&ccedil;&atilde;o da vida como um todo. Ser&atilde;o realizadas atividades de sensibiliza&ccedil;&atilde;o, informa&ccedil;&atilde;o e mobiliza&ccedil;&atilde;o. Inicialmente, o projeto ir&aacute; atingir cerca de 500 pessoas, direta ou indiretamente, dependendo do seu grau de participa&ccedil;&atilde;o nas atividades desenvolvidas que compreendem palestras, din&acirc;micas, gincanas, apresenta&ccedil;&atilde;o de v&iacute;deos e pe&ccedil;a teatral al&eacute;m de a&ccedil;&otilde;es como reuni&otilde;es com professores e funcion&aacute;rios, distribui&ccedil;&atilde;o de cartazes, cartilhas e revistas e troca de experi&ecirc;ncias pessoais. Foram estabelecidas 12 metas a serem cumpridas durante os primeiros 10 meses de execu&ccedil;&atilde;o do projeto (Fase 1). Cada meta alcan&ccedil;ada ser&aacute; um indicador de avalia&ccedil;&atilde;o geral do projeto e dos resultados obtidos, onde ser&atilde;o identificados par&acirc;metros quantitativos e qualitativos. A partir dos resultados obtidos durante esta primeira fase de execu&ccedil;&atilde;o do projeto &ldquo;+ Vida&rdquo;, dar-se-&aacute; prosseguimento para o planejamento e execu&ccedil;&atilde;o da Fase 2 que consistir&aacute; basicamente no mesmo projeto com alguns aprimoramentos e altera&ccedil;&otilde;es caso necess&aacute;rio.<\/span><br  style=\"font-family: Arial;\"> <span style=\"font-family: Arial; font-weight: bold;\"><br \/> 3. OBJETIVOS<\/span><br style=\"font-family: Arial;\"> <span style=\"font-family: Arial; font-weight: bold;\"><br \/> 3.1 Objetivo Geral<\/span><br style=\"font-family: Arial;\"> <span style=\"font-family: Arial;\">Integrar a Educa&ccedil;&atilde;o Ambiental no cotidiano da academia Aquacenter Batel contribuindo para a consolida&ccedil;&atilde;o de uma consci&ecirc;ncia ecol&oacute;gica a todos que a freq&uuml;entam, incentivando-os e capacitando-os a adotarem posturas ambientais adequadas que promovam a melhoria da qualidade de vida das pessoas e das condi&ccedil;&otilde;es ambientais.<\/span><br  style=\"font-family: Arial;\"> <br style=\"font-family: Arial;\"> <span style=\"font-family: Arial; font-weight: bold;\">3.1 Objetivos Espec&iacute;ficos<br \/> <br style=\"font-family: Arial;\"> <\/span> <\/p>\n<ul>\n<li><span style=\"font-family: Arial;\">Ampliar o repert&oacute;rio de conhecimentos b&aacute;sicos do p&uacute;blico-alvo sobre meio ambiente;<\/span><\/li>\n<\/ul>\n<ul>\n<li><span style=\"font-family: Arial;\">Demonstrar a import&acirc;ncia dos servi&ccedil;os ecol&oacute;gicos para o equil&iacute;brio ambiental, inclusive e principalmente para a vida humana;<\/span><\/li>\n<\/ul>\n<ul>\n<li><span style=\"font-family: Arial;\">Apresentar os principais problemas ambientais que est&atilde;o tendo lugar no mundo nos dias de hoje, dando enfoque especial para os problemas locais;<\/span><\/li>\n<\/ul>\n<ul>\n<li><span style=\"font-family: Arial;\">Enfatizar a necessidade de cada cidad&atilde;o em contribuir e demonstrar o papel de cada cidad&atilde;o na defesa e preserva&ccedil;&atilde;o dos recursos naturais;<\/span><\/li>\n<\/ul>\n<ul>\n<li><span style=\"font-family: Arial;\">Estimular a ado&ccedil;&atilde;o de atitudes cotidianas adequadas para evitar a explora&ccedil;&atilde;o excessiva e o desperd&iacute;cio dos recursos naturais;<\/span><\/li>\n<\/ul>\n<ul>\n<li><span style=\"font-family: Arial;\">Discutir e atentar o p&uacute;blico-alvo sobre problemas ambientais da comunidade local;<\/span><\/li>\n<\/ul>\n<ul>\n<li><span style=\"font-family: Arial;\">Incentivar os educandos a serem propagadores de conhecimentos e de pr&aacute;ticas sustent&aacute;veis em rela&ccedil;&atilde;o ao Meio Ambiente, em sua fam&iacute;lia, escola e comunidade;<\/span><\/li>\n<\/ul>\n<ul>\n<li><span style=\"font-family: Arial;\">Auxiliar na forma&ccedil;&atilde;o de cidad&atilde;os &eacute;ticos, respons&aacute;veis e atuantes no meio s&oacute;cio-ambiental, levando-os a identificarem-se como agentes fundamentais de mudan&ccedil;a para uma sociedade mais sustent&aacute;vel.<\/span><\/li>\n<\/ul>\n<p> <span style=\"font-family: Arial; font-weight: bold;\"> 4. JUSTIFICATIVA<br \/> <br style=\"font-family: Arial;\"> <\/span><span style=\"font-family: Arial;\">Quanto mais pessoas engajarem-se na defesa do ambiente, maior ser&aacute; a possibilidade de mudan&ccedil;a do atual quadro de degrada&ccedil;&atilde;o ambiental. Atualmente, a falta de pessoas com este perfil &eacute; principalmente devido ao desconhecimento sobre as causas e efeitos de suas pr&oacute;prias a&ccedil;&otilde;es e de como ou que fazer para contribuir.<\/span><br  style=\"font-family: Arial;\"> <span style=\"font-family: Arial;\">A busca de informa&ccedil;&otilde;es, conceitos e princ&iacute;pios sobre meio ambiente est&aacute;, em geral, vinculada a pessoas que estudam ou trabalham na &aacute;rea ambiental ou que, a este, sua profiss&atilde;o e modo de vida est&atilde;o de alguma forma condicionados, como as popula&ccedil;&otilde;es tradicionais. Desta forma, n&atilde;o basta que a Educa&ccedil;&atilde;o Ambiental seja trabalhada apenas na escola, em eventos comemorativos e esparsos ou no meio cient&iacute;fico. &Eacute; preciso que o acesso &agrave; informa&ccedil;&atilde;o seja mais abrangente, profundo e cont&iacute;nuo, pois cada indiv&iacute;duo exerce influ&ecirc;ncia significativa no rumo dos acontecimentos. <\/span><br style=\"font-family: Arial;\"> <span style=\"font-family: Arial;\">Embora o local de execu&ccedil;&atilde;o do projeto seja potencialmente um espa&ccedil;o onde se encontram determinadas condi&ccedil;&otilde;es para adquirir qualidade de vida, estas condi&ccedil;&otilde;es n&atilde;o podem se limitar apenas a uma determinada &aacute;rea, um ponto da cidade. Al&eacute;m disso, qualidade de vida envolve muitos aspectos, n&atilde;o s&oacute; condicionamento f&iacute;sico. De nada adianta a pr&aacute;tica de esportes se esta n&atilde;o for acompanhada de uma alimenta&ccedil;&atilde;o saud&aacute;vel, por exemplo. &Eacute; igualmente infrut&iacute;fero freq&uuml;entar um espa&ccedil;o que proporciona momentos de lazer e sa&uacute;de se, ao sair dali, os benef&iacute;cios adquiridos forem malogrados por polui&ccedil;&atilde;o, doen&ccedil;as, m&aacute; qualidade ou falta de &aacute;gua e de alimentos, estresse e outros problemas oriundos da degrada&ccedil;&atilde;o do meio ambiente e das dificuldades enfrentadas pela sociedade.<\/span><br  style=\"font-family: Arial;\"> <span style=\"font-family: Arial;\">Diante destas considera&ccedil;&otilde;es, o projeto &ldquo;+ Vida&rdquo; ir&aacute; dedicar-se intensamente para contornar estas situa&ccedil;&otilde;es, uma vez que a divulga&ccedil;&atilde;o de informa&ccedil;&otilde;es sobre como alcan&ccedil;ar uma sadia qualidade de vida global &ndash; partindo do indiv&iacute;duo &ndash; ser&aacute; uma constante nos espa&ccedil;os da academia.<\/span><br  style=\"font-family: Arial;\"> <br style=\"font-family: Arial;\"> <span style=\"font-family: Arial; font-weight: bold;\">5. CARACTER&Iacute;STICAS DO PROJETO<\/span><br  style=\"font-family: Arial;\"> <span style=\"font-family: Arial;\"><br \/> <span style=\"font-weight: bold;\">5.1 Cen&aacute;rio<br \/> <br style=\"font-family: Arial;\"> <\/span><\/span><span style=\"font-family: Arial;\">Este projeto ir&aacute; se desenvolver nas depend&ecirc;ncias e entorno do complexo esportivo Aquacenter Batel que est&aacute; localizada no bairro do Semin&aacute;rio, munic&iacute;pio de Curitiba &#8211; Paran&aacute;. Trata-se de uma academia que oferece diferentes modalidades de treinamento esportivo, com aulas de muscula&ccedil;&atilde;o, hidrogin&aacute;stica, artes marciais, y&ocirc;ga, gin&aacute;stica localizada e nata&ccedil;&atilde;o, dentre outras. Sua estrutura f&iacute;sica conta com lanchonete, amplo estacionamento, sauna, piscinas t&eacute;rmicas, banheiros e &aacute;reas espec&iacute;ficas para o desenvolvimento de cada atividade esportiva. A academia tamb&eacute;m mant&eacute;m uma parceria com uma escola de mergulho que oferece cursos de diferentes n&iacute;veis deste esporte.<\/span><br  style=\"font-family: Arial;\"> <span style=\"font-family: Arial;\">O espa&ccedil;o &eacute; considerado pelos administradores e equipe de professores como um verdadeiro &ldquo;Centro de Qualidade de Vida&rdquo;, pois proporciona a todos um &oacute;timo ambiente f&iacute;sico, social, de sa&uacute;de e bem estar. Al&eacute;m disso, h&aacute; uma preocupa&ccedil;&atilde;o constante e crescente com a satisfa&ccedil;&atilde;o de seus clientes, por isso a Aquacenter Batel procura sempre manter seus servi&ccedil;os e estrutura f&iacute;sica adequados, como a garantia de qualifica&ccedil;&atilde;o dos professores, equipamentos em &oacute;timo estado e rela&ccedil;&otilde;es humanas harm&ocirc;nicas.<\/span><br style=\"font-family: Arial;\"> <span style=\"font-family: Arial;\">O principal problema ambiental associado a este local &eacute; a inexist&ecirc;ncia de programas que estimulem a ado&ccedil;&atilde;o de atitudes favor&aacute;veis &agrave; preserva&ccedil;&atilde;o do meio ambiente. Como exemplo, nota-se que consider&aacute;vel quantidade de res&iacute;duos &eacute; gerada nas depend&ecirc;ncias da academia. Existem coletores apropriados, mas estes s&oacute; est&atilde;o dispon&iacute;veis na &aacute;rea da cantina e n&atilde;o h&aacute; um acompanhamento do descarte ou incentivos pra uma separa&ccedil;&atilde;o eficaz. O desperd&iacute;cio de &aacute;gua tamb&eacute;m poder&aacute; ser minimizado.<\/span><br  style=\"font-family: Arial;\"> <br style=\"font-family: Arial;\"> <span style=\"font-family: Arial; font-weight: bold;\">5.2 P&uacute;blico-alvo<br \/> <br style=\"font-family: Arial;\"> <\/span><span style=\"font-family: Arial;\">A popula&ccedil;&atilde;o que freq&uuml;enta o local tem caracter&iacute;sticas bastante variadas, inclusive em rela&ccedil;&atilde;o &agrave; sua faixa et&aacute;ria, que abrange todas as fases de vida de um indiv&iacute;duo: beb&ecirc;s, crian&ccedil;as, adolescentes, adultos e terceira idade. S&atilde;o pessoas de diferentes classes sociais e que atuam em &aacute;reas profissionais diversas. O fato de freq&uuml;entar uma academia de gin&aacute;stica ou de pr&aacute;tica de esportes pode caracterizar o p&uacute;blico-alvo como um grupo de pessoas que procura finalidades muito diferentes, mas pode-se dizer que, para a maioria, a principal delas &eacute; a de obter uma vida mais saud&aacute;vel fisicamente.<\/span><br  style=\"font-family: Arial;\"> <span style=\"font-family: Arial;\">Os benefici&aacute;rios diretos do projeto ser&atilde;o todos os alunos que freq&uuml;entam a academia, desde as crian&ccedil;as at&eacute; os indiv&iacute;duos da terceira idade. Os alunos da capoeira ser&atilde;o envolvidos de forma particular, pois al&eacute;m de participarem das atividades comuns a todos os alunos, estar&atilde;o engajados em determinadas a&ccedil;&otilde;es que fazem parte da execu&ccedil;&atilde;o de etapas posteriores associadas ao projeto.<\/span><br  style=\"font-family: Arial;\"> <span style=\"font-family: Arial;\">Ser&atilde;o beneficiadas indiretamente todas as pessoas que t&ecirc;m alguma rela&ccedil;&atilde;o com os alunos al&eacute;m de outras, que poder&atilde;o ser inclu&iacute;das no projeto ao longo de seu desenvolvimento, principalmente por iniciativas desenvolvidas pelo pr&oacute;pr<br \/>\nio p&uacute;blico-alvo.<\/span><br  style=\"font-family: Arial;\"> <br style=\"font-family: Arial;\"> <span style=\"font-family: Arial; font-weight: bold;\">5.3 Metodologia<\/span><br style=\"font-family: Arial;\"> <span style=\"font-family: Arial;\"><br \/> O projeto ir&aacute; dedicar muita aten&ccedil;&atilde;o a um grupo restrito de pessoas e de uma maneira muito intensa. Isto por que, ao inv&eacute;s de procurar diversos pontos que seriam o alvo de diferentes a&ccedil;&otilde;es e buscando atingir um grande n&uacute;mero de pessoas em um curto espa&ccedil;o de tempo, o projeto ter&aacute; in&iacute;cio em um local espec&iacute;fico (a academia Aquacenter Batel). Aos poucos, outros pontos do entorno ser&atilde;o atingidos &ndash; sempre tendo aquele ponto como refer&ecirc;ncia &ndash; e ir&aacute; abranger progressivamente mais e mais pessoas. A id&eacute;ia central desta metodologia &eacute; o que acontece com as vibra&ccedil;&otilde;es em um lago ap&oacute;s um est&iacute;mulo f&iacute;sico (fig.1).<\/span><br  style=\"font-family: Arial;\"> <br style=\"font-family: Arial;\"> <span style=\"font-family: Arial;\">Antes do in&iacute;cio da execu&ccedil;&atilde;o, propriamente dito, das atividades com o p&uacute;blico-alvo, ser&aacute; feito um diagn&oacute;stico s&oacute;cio-ambiental da academia como um todo, para verificar as rotinas, a estrutura f&iacute;sica, os espa&ccedil;os dispon&iacute;veis para as atividades e os valores percebidos e j&aacute; incorporados por cada indiv&iacute;duo. Para este diagn&oacute;stico ser&atilde;o utilizados dois recursos: observa&ccedil;&atilde;o in loco e aplica&ccedil;&atilde;o de question&aacute;rios. <\/span><br  style=\"font-family: Arial;\"> <span style=\"font-family: Arial;\">Um question&aacute;rio ser&aacute; direcionado a uma amostra significativa do p&uacute;blico-alvo para identificar o seu n&iacute;vel de conhecimento e interesse em rela&ccedil;&atilde;o a diferentes quest&otilde;es ambientais. Este question&aacute;rio tamb&eacute;m ir&aacute; abrir um espa&ccedil;o para sugest&otilde;es de temas a serem abordados, onde as maiores demandas ser&atilde;o incorporadas nas atividades do projeto.<\/span><br style=\"font-family: Arial;\"> <span style=\"font-family: Arial;\">Sendo o p&uacute;blico-alvo escolhido para este projeto extremamente diverso, ser&atilde;o realizadas diferentes atividades, adequadas para lidar com cada p&uacute;blico. Com as crian&ccedil;as, por exemplo, ser&atilde;o realizadas din&acirc;micas, brincadeiras e apresenta&ccedil;&atilde;o de teatro infantil. J&aacute; com os adultos, palestras interativas e educativas e leitura e interpreta&ccedil;&atilde;o de textos e cartazes s&atilde;o as principais atividades desenvolvidas. Outros exemplos de atividades do projeto s&atilde;o: debates, apresenta&ccedil;&atilde;o de v&iacute;deos, gincanas, leitura de revistas. Este projeto &eacute; colaborativo. Assim, outras atividades poder&atilde;o ser desenvolvidas ao longo de sua execu&ccedil;&atilde;o, pois neste per&iacute;odo, a equipe executora e o p&uacute;blico-alvo ir&atilde;o trocar experi&ecirc;ncias, informa&ccedil;&otilde;es e id&eacute;ias que potencialmente ir&atilde;o resultar em novas parcerias e subprojetos.<\/span><br  style=\"font-family: Arial;\"> <span style=\"font-family: Arial;\">O tipo de estabelecimento no qual este projeto ser&aacute; realizado faz com que o tempo e a aten&ccedil;&atilde;o dos alunos, bem como os espa&ccedil;os dispon&iacute;veis, sejam relativamente restritos para integrar atividades de Educa&ccedil;&atilde;o Ambiental da forma convencional. Muitos alunos e professores podem dispor de um tempo adicional para atividades n&atilde;o esportivas, mas outros podem ter motivos diversos que dificultem ou at&eacute; impossibilitem esta participa&ccedil;&atilde;o. Para superar estes e outros desafios, foram desenvolvidas algumas estrat&eacute;gias de trabalho.<\/span><br  style=\"font-family: Arial;\"> <br style=\"font-family: Arial;\"> <span style=\"font-family: Arial;\"><span  style=\"font-style: italic;\">Estrat&eacute;gia 1<\/span>. Cada modalidade esportiva &eacute; realizada em uma determinada &aacute;rea dentro da academia e em cada uma delas as atividades de Educa&ccedil;&atilde;o Ambiental ser&atilde;o desenvolvidas de uma forma espec&iacute;fica:<\/span><br style=\"font-family: Arial;\"> <\/p>\n<ul>\n<li><span style=\"font-family: Arial;\">&Aacute;rea de Muscula&ccedil;&atilde;o<\/span><\/li>\n<\/ul>\n<p> <span style=\"font-family: Arial;\">Para os alunos que praticam muscula&ccedil;&atilde;o, as aulas sempre consistem de 3 etapas fundamentais (em ordem variada): alongamento, exerc&iacute;cios aer&oacute;bicos e s&eacute;ries de repeti&ccedil;&otilde;es de exerc&iacute;cios com pesos. Durante o alongamento os alunos poder&atilde;o ler as informa&ccedil;&otilde;es dispon&iacute;veis em cartazes fixados nas paredes da sala, que estar&atilde;o distribu&iacute;dos tamb&eacute;m em outras depend&ecirc;ncias da academia. Durante os exerc&iacute;cios aer&oacute;bicos, os alunos poder&atilde;o ora ler revistas, quando estiverem na bicicleta (apoiando a revista no colo ou no pr&oacute;prio aparelho), ora assistir televis&atilde;o, se eles estiverem na esteira, stepper ou el&iacute;ptico (nestes aparelhos &eacute; praticamente invi&aacute;vel ler devido &agrave; forma de sua utiliza&ccedil;&atilde;o). Durante os exerc&iacute;cios de muscula&ccedil;&atilde;o propriamente ditos, nenhuma atividade de Educa&ccedil;&atilde;o Ambiental ser&aacute; realizada.<\/span><br  style=\"font-family: Arial;\"> <span style=\"font-family: Arial;\">Ser&atilde;o escolhidos durante cada m&ecirc;s, por meio de vota&ccedil;&atilde;o dos pr&oacute;prios alunos, professores e funcion&aacute;rios, 7 dias exclusivos para a realiza&ccedil;&atilde;o de atividades de Educa&ccedil;&atilde;o Ambiental paralelas &agrave;s atividades de muscula&ccedil;&atilde;o. Nesta &aacute;rea da academia e durante os dias escolhidos &ndash; que poder&aacute; ser um dia seguido do outro, ou seja, durante uma semana corrida &ndash; estar&atilde;o dispon&iacute;veis respectivamente para leitura e para visualiza&ccedil;&atilde;o na televis&atilde;o, somente artigos e programas que tratam sobre quest&otilde;es relacionadas ao meio ambiente.<\/span><br  style=\"font-family: Arial;\"> <span style=\"font-family: Arial;\">As revistas e os programas de televis&atilde;o ser&atilde;o disponibilizados por parceiros na forma de doa&ccedil;&atilde;o ou empr&eacute;stimo. Tanto revistas especializadas como revistas convencionais que t&ecirc;m sess&otilde;es exclusivas para assuntos ambientais ser&atilde;o &uacute;teis para o projeto. O mesmo vale para programas de m&iacute;dia. Ser&atilde;o &uacute;teis quaisquer revistas e programas datados a partir do ano 2000. Os artigos de revistas ser&atilde;o organizados em uma pasta com capa e &iacute;ndice, respectivamente para conservar o material e facilitar a leitura.<\/span><br style=\"font-family: Arial;\"> <\/p>\n<ul>\n<li><span style=\"font-family: Arial;\">&Aacute;rea das piscinas<\/span><\/li>\n<\/ul>\n<p> <span style=\"font-family: Arial;\">Esta &aacute;rea &eacute; muito &uacute;mida, portanto, nenhum material impresso ser&aacute; utilizado para as atividades do projeto. Entretanto, desenvolveram-se algumas estrat&eacute;gias para divulgar conceitos e informa&ccedil;&otilde;es sobre as quest&otilde;es ambientais. Assim como na &aacute;rea de muscula&ccedil;&atilde;o, estas atividades ser&atilde;o desenvolvidas em apenas 7 dias durante cada m&ecirc;s, tamb&eacute;m escolhidos pelos pr&oacute;prios alunos e professores. A seguir uma breve descri&ccedil;&atilde;o destas estrat&eacute;gias:<\/span><br  style=\"font-family: Arial;\"> <span style=\"font-family: Arial;\"><br \/> 1. Nas aulas de nata&ccedil;&atilde;o ser&atilde;o dedicados 5 minutos de cada aula para uma reflex&atilde;o sobre quest&otilde;es ambientais: O professor ir&aacute; ler durante este tempo, textos e frases que tratam sobre meio ambiente e Educa&ccedil;&atilde;o Ambiental. Pode ser parte de uma not&iacute;cia, um conto, uma frase sensibilizadora ou informa&ccedil;&otilde;es b&aacute;sicas em geral.<\/span><br style=\"font-family: Arial;\"> <span style=\"font-family: Arial;\"><br \/> 2. Din&acirc;m<br \/>\nicas de sensibiliza&ccedil;&atilde;o ser&atilde;o realizadas com as crian&ccedil;as dentro e fora da piscina.<\/span><br style=\"font-family: Arial;\"> <span style=\"font-family: Arial;\"><br \/> 3. As aulas de hidrogin&aacute;stica s&atilde;o sempre acompanhadas de m&uacute;sicas. Nos dias determinados, as m&uacute;sicas utilizadas durante as aulas ser&atilde;o m&uacute;sicas que falam sobre meio ambiente ou valores humanos importantes de serem trabalhados para que as pessoas formem uma consci&ecirc;ncia &eacute;tica. A letra e o significado das m&uacute;sicas ser&atilde;o disponibilizados na recep&ccedil;&atilde;o para aqueles interessados. <\/span><br style=\"font-family: Arial;\"> <span style=\"font-family: Arial;\">Posteriormente, a equipe executora entrar&aacute; em contato com os alunos para que estes apresentem suas conclus&otilde;es sobre as atividades que participaram.<\/span><br style=\"font-family: Arial;\"> <\/p>\n<ul>\n<li><span style=\"font-family: Arial;\">&Aacute;rea das Artes Marciais<\/span><\/li>\n<\/ul>\n<p> <span style=\"font-family: Arial;\">Nesta &aacute;rea n&atilde;o h&aacute; problemas em fixar cartazes, por&eacute;m, &eacute; uma &aacute;rea que tem pouco espa&ccedil;o f&iacute;sico. Desta forma, ser&atilde;o fixados por determinado per&iacute;odo, no m&aacute;ximo dois cartazes educativos e uma reportagem ou artigo por vez.<\/span><br style=\"font-family: Arial;\"> <span style=\"font-family: Arial;\">&Eacute; nesta &aacute;rea que se encontra parte do p&uacute;blico-alvo que ser&aacute; envolvido com um trabalho diferenciado: os alunos da capoeira. Por&eacute;m, as atividades desenvolvidas nesta &aacute;rea tamb&eacute;m ser&atilde;o restritas devido ao fato de que antes e ap&oacute;s as aulas desta modalidade esportiva s&atilde;o realizadas outras, como de Y&ocirc;ga e Karat&ecirc;. Desta forma, o trabalho a ser desenvolvido com os alunos da capoeira ser&aacute; um projeto paralelo (Estrat&eacute;gia 4).<\/span><br  style=\"font-family: Arial;\"> <\/p>\n<ul>\n<li><span style=\"font-family: Arial;\">&Aacute;reas comuns<\/span><\/li>\n<\/ul>\n<p> <span style=\"font-family: Arial;\">Compreendem os vesti&aacute;rios masculinos e femininos, a &aacute;rea da cantina, os corredores entre os diversos setores da academia, o hall de entrada, as salas de gin&aacute;stica e de reuni&atilde;o e o estacionamento. As palestras e os debates ser&atilde;o realizados nas salas de reuni&atilde;o. J&aacute; a pe&ccedil;a teatral ser&aacute; apresentada no estacionamento e a gincana ir&aacute; se desenvolver em todas as &aacute;reas da academia em um dia determinado. As din&acirc;micas de sensibiliza&ccedil;&atilde;o ser&atilde;o realizadas nas &aacute;reas comuns conforme a necessidade e a demanda. Por exemplo, a din&acirc;mica para as crian&ccedil;as com enfoque do tema &ldquo;&Aacute;gua&rdquo; ser&aacute; desenvolvida na &aacute;rea das piscinas.<\/span><br  style=\"font-family: Arial;\"> <br style=\"font-family: Arial;\"> <span style=\"font-family: Arial;\"><span  style=\"font-style: italic;\">Estrat&eacute;gia 2.<\/span> As palestras, a pe&ccedil;a teatral, as din&acirc;micas e os debates ser&atilde;o gratuitos, como forma de incentivar os alunos a participarem. Ser&aacute; sugerido que os alunos doem alimentos, roupas e\/ou brinquedos para o projeto, que posteriormente ser&atilde;o distribu&iacute;dos em um evento espec&iacute;fico para institui&ccedil;&otilde;es carentes. Esta parte social do projeto lhe d&aacute; um car&aacute;ter de import&acirc;ncia fundamental, pois coloca em pauta valores como solidariedade, respeito &agrave; diversidade e inclus&atilde;o social.<\/span><br  style=\"font-family: Arial;\"> <br style=\"font-family: Arial;\"> <span style=\"font-family: Arial;\"><span  style=\"font-style: italic;\">Estrat&eacute;gia 3.<\/span> Todas as atividades ser&atilde;o baseadas nas principais necessidades apresentadas pelo p&uacute;blico-alvo, identificadas no diagn&oacute;stico concebido na fase inicial de execu&ccedil;&atilde;o do projeto. Conforme as atividades forem se desenvolvendo, um diagn&oacute;stico semelhante ser&aacute; feito para avaliar a receptividade e aproveitamento do projeto, onde os envolvidos poder&atilde;o expor suas cr&iacute;ticas e sugest&otilde;es.<\/span><br style=\"font-family: Arial;\"> <span style=\"font-family: Arial;\">Uma vez que a popula&ccedil;&atilde;o que freq&uuml;enta o local onde o projeto ser&aacute; desenvolvido preza por uma vida mais saud&aacute;vel, todas as &ldquo;chamadas&rdquo; para as atividades far&atilde;o rela&ccedil;&atilde;o com a quest&atilde;o da sa&uacute;de e da qualidade de vida das pessoas, estimulando-as a participarem para que elas possam alcan&ccedil;ar esta qualidade de vida de uma forma cooperativa com seus semelhantes e de forma mais facilitada.<\/span><br  style=\"font-family: Arial;\"> <br style=\"font-family: Arial;\"> <span style=\"font-family: Arial;\"><span  style=\"font-style: italic;\">Estrat&eacute;gia 4<\/span>. Os alunos da capoeira ser&atilde;o envolvidos de uma forma diferente dos demais. As atividades desenvolvidas com este p&uacute;blico-alvo ser&atilde;o extendidas para um per&iacute;odo e local extra-academia. Isto por que a capoeira &eacute; uma manifesta&ccedil;&atilde;o cultural que apresenta caracter&iacute;sticas peculiares. Basicamente, o professor e os alunos fazem parte de um grupo, com identidade pr&oacute;pria e que n&atilde;o se limita a apenas um local da cidade para as atividades, existindo uma rede de locais onde o grupo atua. Desta forma algumas a&ccedil;&otilde;es de Educa&ccedil;&atilde;o Ambiental ser&atilde;o aplicadas &agrave;s comunidades que este grupo atende de forma experimental. Entretanto, algumas a&ccedil;&otilde;es ser&atilde;o contabilizadas como parte integrante deste projeto, mesmo se executadas fora das depend&ecirc;ncias da academia.<\/span><br  style=\"font-family: Arial;\"> <br style=\"font-family: Arial;\"> <span style=\"font-family: Arial;\"><span  style=\"font-style: italic;\">Estrat&eacute;gia 5.<\/span> O projeto &ldquo;+ Vida&rdquo; ir&aacute; trabalhar muito com valores humanos e espirituais, al&eacute;m dos ambientais. Pessoas como Ghandi, Osho, Jung e Dalai Lama (dentre os mais conhecidos) deram contribui&ccedil;&otilde;es muito importantes neste sentido e muitas de suas id&eacute;ias ser&atilde;o transmitidas para o p&uacute;blico-alvo com muito vigor durante a execu&ccedil;&atilde;o do projeto.<\/span><br  style=\"font-family: Arial;\"> <br style=\"font-family: Arial; font-style: italic;\"> <span style=\"font-family: Arial;\"><span  style=\"font-style: italic;\">Estrat&eacute;gia 6<\/span>. Informar sobre as amea&ccedil;as que o Planeta est&aacute; sujeito &eacute; fundamental para alertar as pessoas do que pode vir a acontecer se n&atilde;o mudarmos urgentemente nosso modo de vida atual. Por outro lado, carregar a mente das pessoas somente e com muitas informa&ccedil;&otilde;es tristes sobre a destrui&ccedil;&atilde;o da Terra pode lev&aacute;-las ao conformismo e, conseq&uuml;entemente, ao n&atilde;o agir. Desta forma procurar-se-&aacute; divulgar in&uacute;meras not&iacute;cias positivas, como a apresenta&ccedil;&atilde;o de casos de sucesso que resultaram em benef&iacute;cios rec&iacute;procos para o homem e para a natureza por meio do estabelecimento de rela&ccedil;&otilde;es mais harm&ocirc;nicas.<\/span><br style=\"font-family: Arial;\"> <br style=\"font-family: Arial;\"> <span style=\"font-family: Arial; font-weight: bold;\">5.4 Metas<br \/> <br style=\"font-family: Arial;\"> <\/span><span style=\"font-family: Arial;\">A seguir est&atilde;o descritas (n&atilde;o nesta ordem) as metas estabelecidas para um per&iacute;odo de dez meses. Cada meta corresponde &agrave; medida essencial para cumprir com os objetivos propostos e para monitorar e avaliar as atividades desenvolvidas e mensurar os resultados obtidos.<\/span><br  style=\"font-family: Arial;\"> <span style=\"font-family: Arial;\">Meta 1 &#8211; Ministrar duas palestras para 20 pessoas, com dura&ccedil;&atilde;o de 30 minutos;<\/span><br style=\"font-family: Arial;\"> <span style=\"font-family: Arial;\">Meta 2 &#8211; Apresentar uma pe&ccedil;a teatral, com dura&ccedil;&atilde;o de cerca de 30 minutos para 20 crian&ccedil;as na faixa et&aacute;ria de 05 a 12 anos, enfocan<br \/>\ndo a quest&atilde;o ambiental;<\/span><br  style=\"font-family: Arial;\"> <span style=\"font-family: Arial;\">Meta 3 &#8211; Promover uma gincana &ldquo;esportivo-ambiental&rdquo; para 20 alunos com idade a partir dos 05 anos.<\/span><br  style=\"font-family: Arial;\"> <span style=\"font-family: Arial;\">Meta 4 &#8211; Distribuir 12 cartazes (1 a cada 15 dias) informando sobre diversas quest&otilde;es ambientais como, por exemplo, a enorme variedade de organismos vivos existentes na Terra e sua import&acirc;ncia particular no ecossistema global; a rela&ccedil;&atilde;o existente entre determinada atividade humana e toda a cadeia de recursos naturais necess&aacute;rios para que tal atividade possa ser realizada, etc.<\/span><br  style=\"font-family: Arial;\"> <span style=\"font-family: Arial;\">Meta 5 &#8211; Distribuir 50 cartilhas que explicam sobre as principais necessidades humanas indispens&aacute;veis para que cada pessoa tenha uma qualidade de vida confort&aacute;vel, informando tamb&eacute;m dados do Brasil e de outros pa&iacute;ses que demonstram que nem todo mundo tem as mesmas condi&ccedil;&otilde;es de vida e que, por isso, devemos dar valor ao que conquistamos.<\/span><br  style=\"font-family: Arial;\"> <span style=\"font-family: Arial;\">Meta 6 &#8211; Divulgar mensalmente: not&iacute;cias, reportagens ou artigo (como, por exemplo, a apresenta&ccedil;&atilde;o de casos de sucesso de determinada solu&ccedil;&atilde;o ambiental) atualizados de 05 temas ambientais que estejam refletindo na diminui&ccedil;&atilde;o ou melhoria da qualidade de vida das pessoas.<\/span><br style=\"font-family: Arial;\"> <span style=\"font-family: Arial;\">Meta 7 &#8211; Promover 05 debates, cada um enfocando um tema ambiental (meta anterior) e contando com a presen&ccedil;a de at&eacute; 20 alunos, professores e\/ou funcion&aacute;rios.<\/span><br style=\"font-family: Arial;\"> <span style=\"font-family: Arial;\">Meta 8 &#8211; Realizar 06 din&acirc;micas de sensibiliza&ccedil;&atilde;o, uma em cada m&ecirc;s, com 05 crian&ccedil;as, 05 jovens e 10 adultos (alunos, professores e funcion&aacute;rios).<\/span><br style=\"font-family: Arial;\"> <span style=\"font-family: Arial;\">Meta 9 &#8211; Fixar cartazes em locais estrat&eacute;gicos indicando que atitudes devem ser tomadas em determinadas situa&ccedil;&otilde;es como, por exemplo: &ldquo;Evite o desperd&iacute;cio de &aacute;gua&rdquo;, nos banheiros; &ldquo;Separe o lixo recicl&aacute;vel&rdquo;, pr&oacute;ximo de lixeiras e outros explicando os benef&iacute;cios oriundos destas a&ccedil;&otilde;es.<\/span><br  style=\"font-family: Arial;\"> <span style=\"font-family: Arial;\">Meta 10 &#8211; De acordo com datas comemorativas do calend&aacute;rio, especialmente as de cunho ecol&oacute;gico, fixar cartazes apresentando cada data e informa&ccedil;&otilde;es sobre elas. Difundir frases sensibilizadoras ao longo de cada m&ecirc;s;<\/span><br  style=\"font-family: Arial;\"> <span style=\"font-family: Arial;\">Meta 11 &#8211; Divulgar os principais resultados alcan&ccedil;ados pelo projeto, tanto na pr&oacute;pria academia como em meios externos (m&iacute;dia), sendo uma forma de incentivo &agrave; participa&ccedil;&atilde;o cont&iacute;nua de todos os alunos;<\/span><br  style=\"font-family: Arial;\"> <span style=\"font-family: Arial;\">Meta 12 &#8211; Desenvolver um espa&ccedil;o de Educa&ccedil;&atilde;o Ambiental na p&aacute;gina de Internet da academia, onde cada aluno poder&aacute; contribuir na sua constru&ccedil;&atilde;o. Informa&ccedil;&otilde;es b&aacute;sicas sobre as tem&aacute;ticas ambientais, divulga&ccedil;&atilde;o de eventos externos relacionados &agrave; &aacute;rea ambiental e esportiva, troca de experi&ecirc;ncias entre alunos, professores e funcion&aacute;rios e refer&ecirc;ncias (bibliogr&aacute;ficas e da Internet) para aprofundamento dos temas s&atilde;o alguns dos itens que ir&atilde;o compor esta p&aacute;gina.<\/span><br style=\"font-family: Arial;\"> <br style=\"font-family: Arial;\"> <span style=\"font-family: Arial; font-weight: bold;\">5.5 Recursos<\/span><br style=\"font-family: Arial;\"> <\/p>\n<ul>\n<li><span style=\"font-family: Arial;\">Recursos Humanos<\/span><\/li>\n<\/ul>\n<p> <span style=\"font-family: Arial;\">Para a execu&ccedil;&atilde;o das atividades do projeto ser&atilde;o necess&aacute;rios:<\/span><br  style=\"font-family: Arial;\"> <span style=\"font-family: Arial;\">&#8211; 1 Coordenador-geral<\/span><br  style=\"font-family: Arial;\"> <span style=\"font-family: Arial;\">&#8211; 1 respons&aacute;vel t&eacute;cnico<\/span><br  style=\"font-family: Arial;\"> <span style=\"font-family: Arial;\">&#8211; 2 auxiliares t&eacute;cnicos \/ volunt&aacute;rios<\/span><br  style=\"font-family: Arial;\"> <span style=\"font-family: Arial;\">&#8211; 1 palestrante<\/span><br  style=\"font-family: Arial;\"> <\/p>\n<ul>\n<li><span style=\"font-family: Arial;\"><span  style=\"font-weight: bold;\"><\/span>Recursos Materiais<\/span><\/li>\n<\/ul>\n<p> <span style=\"font-family: Arial;\">A seguir est&atilde;o listados todos os recursos materiais previstos para a execu&ccedil;&atilde;o do projeto, de acordo com a finalidade:<\/span><br  style=\"font-family: Arial;\"> <span style=\"font-family: Arial;\">1. Elabora&ccedil;&atilde;o de cartazes: cartolina branca (50 unidades); cartolina colorida (50 unidades &#8211; cores variadas); l&aacute;pis preto (10 unidades); r&eacute;gua (05 unidades); estilete (02 unidades); caneta hidrogr&aacute;fica colorida (05 conjuntos); tesoura (02 unidades); cola branca (05 unidades); estojo de l&aacute;pis de cor colorido (05 unidades); fita-crepe (05 unidades); apontador de l&aacute;pis (03 unidades); caixa com alfinetes\/tachinhas (02 unidades); quadro de aviso (corti&ccedil;a ou e.v.a) (05 unidades) <\/span><br style=\"font-family: Arial;\"> <span style=\"font-family: Arial;\">2. Palestras, Oficinas e outras atividades: papel branco tamanho A4 (2 pacotes de 500 unidades); caneta esferogr&aacute;fica azul (10 unidades); caneta esferogr&aacute;fica preta (10 unidades); caneta esferogr&aacute;fica vermelha (10 unidades); borracha branca (05 unidades); corretivo l&iacute;quido (05 unidades); blocos de anota&ccedil;&atilde;o 15 folhas (50 unidades); caderno pequeno 50 folhas (3 unidades); lousa verde (01 unidade); caixa de giz para lousa branco (01 unidade); caixa de giz para lousa colorido (01 unidade); prancheta (05 unidades); transpar&ecirc;ncia manual (20 unidades); transpar&ecirc;ncia para copiadora (30 unidades); caneta retro projetor preta (02 unidades); caneta retro projetor vermelha (02 unidades); caneta retro projetor azul (02 unidades); massa para modelar colorida (10 caixas); tinta pintura a dedo colorida (10 caixas); luvas descart&aacute;veis (01 caixa com 50 unidades).<\/span><br  style=\"font-family: Arial;\"> <span style=\"font-family: Arial;\">3. Outros recursos: revela&ccedil;&atilde;o para fotos das atividades (120 unidades); disquete (10 unidades); CD-R (20 unidades); CD-RW (2 unidades); pasta com el&aacute;stico de pl&aacute;stico (05 unidades); fich&aacute;rio (01 unidade); pl&aacute;sticos para fich&aacute;rio (50 unidades); etiqueta adesiva branca (30 unidades); grampeador (01 unidade); caixa de grampo para grampeador (01 unidade); caixa de clipes (01 unidade); cartucho para impressora preto (02 unidades); cartucho para impressora colorido (02 unidades); crach&aacute; (5 unidades); faixa de mensagem (03 unidades); barbante (2 unidades); estojo para l&aacute;pis (2 unidades) ; sacos pl&aacute;sticos para lixo cor azul (05 pacotes com 50 unidades).<\/span><br style=\"font-family: Arial;\"> <br style=\"font-family: Arial;\"> <span style=\"font-family: Arial; font-weight: bold;\">5.6 Or&ccedil;amento<\/span><br style=\"font-family: Arial;\"> <span style=\"font-family: Arial;\"><br \/> Custos previstos para o primeiro per&iacute;odo de execu&ccedil;&atilde;o do projeto (10 meses).<\/span><br  style=\"font-family: Arial;\"> <span style=\"font-family: Arial;\">Recursos Valor (R$)<\/span><br  style=\"font-family: Arial;\"> <span style=\"font-family: Arial;\">Humanos 4.300<\/span><br  style=\"font-family: Arial;\"> <span style=\"font-family: Arial;\">Materiais 1.600<\/span><br  style=\"font-family: Arial;\"> <span style=\"font-family: Arial;\">Total 5.900<\/span><br  style=\"font-family: Arial;\"> <br style=\"font-family: Arial;\"> <span style=\"font-family: Arial; font-weight: bold;\">5.7 Cr<br \/>\nonograma<\/span><br style=\"font-family: Arial;\"> <span style=\"font-family: Arial;\"><br \/> A&ccedil;&atilde;o Meses \/ Trimestre<\/span><br  style=\"font-family: Arial;\"> <span style=\"font-family: Arial;\"> 1&ordm; 2&ordm; 3&ordm; 4&ordm;<\/span><br style=\"font-family: Arial;\"> <span style=\"font-family: Arial;\">Elabora&ccedil;&atilde;o do Projeto <\/span><br style=\"font-family: Arial;\"> <span style=\"font-family: Arial;\">Busca de Parceiros <\/span><br  style=\"font-family: Arial;\"> <span style=\"font-family: Arial;\">Planejamento das atividades junto aos parceiros <\/span><br  style=\"font-family: Arial;\"> <span style=\"font-family: Arial;\">Forma&ccedil;&atilde;o e capacita&ccedil;&atilde;o da equipe executora <\/span><br  style=\"font-family: Arial;\"> <span style=\"font-family: Arial;\">Diagn&oacute;stico S&oacute;cio-Ambiental <\/span><br  style=\"font-family: Arial;\"> <span style=\"font-family: Arial;\">Meta 1 <\/span><br  style=\"font-family: Arial;\"> <span style=\"font-family: Arial;\">Meta 2 <\/span><br  style=\"font-family: Arial;\"> <span style=\"font-family: Arial;\">Meta 3 <\/span><br  style=\"font-family: Arial;\"> <span style=\"font-family: Arial;\">Meta 4 <\/span><br  style=\"font-family: Arial;\"> <span style=\"font-family: Arial;\">Meta 5 <\/span><br  style=\"font-family: Arial;\"> <span style=\"font-family: Arial;\">Meta 6 <\/span><br  style=\"font-family: Arial;\"> <span style=\"font-family: Arial;\">Meta 7 <\/span><br  style=\"font-family: Arial;\"> <span style=\"font-family: Arial;\">Meta 8 <\/span><br  style=\"font-family: Arial;\"> <span style=\"font-family: Arial;\">Meta 9 <\/span><br  style=\"font-family: Arial;\"> <span style=\"font-family: Arial;\">Meta 10 <\/span><br  style=\"font-family: Arial;\"> <span style=\"font-family: Arial;\">Meta 11 <\/span><br  style=\"font-family: Arial;\"> <span style=\"font-family: Arial;\">Meta 12 <\/span><br  style=\"font-family: Arial;\"> <span style=\"font-family: Arial;\">Avalia&ccedil;&atilde;o do projeto <\/span><br style=\"font-family: Arial;\"> <br style=\"font-family: Arial;\"> <span style=\"font-family: Arial; font-weight: bold;\">6. REFERENCIAL TE&Oacute;RICO<br \/> <br style=\"font-family: Arial;\"> <\/span><span style=\"font-family: Arial;\">Esta breve apresenta&ccedil;&atilde;o que segue ir&aacute; oferecer ao leitor uma oportunidade de conhecer a teoria b&aacute;sica do projeto e ter acesso &agrave;s principais informa&ccedil;&otilde;es que ser&atilde;o transmitidas. O referencial te&oacute;rico &eacute; de extrema import&acirc;ncia, pois &eacute; a partir dele que os resultados esperados poder&atilde;o ser alcan&ccedil;ados, uma vez que se trata de um projeto de Educa&ccedil;&atilde;o Ambiental. Por&eacute;m, optou-se por descrev&ecirc;-lo como &uacute;ltimo item deste documento para deix&aacute;-lo livre na escolha do momento mais oportuno para esta leitura.<\/span><br style=\"font-family: Arial;\"> <br style=\"font-family: Arial;\"> <span style=\"font-family: Arial;\">A degrada&ccedil;&atilde;o do meio ambiente &eacute; causada especialmente por comportamentos inconseq&uuml;entes, ing&ecirc;nuos ou negligentes das pessoas, refletindo em conseq&uuml;&ecirc;ncias tamb&eacute;m a elas mesmas, uma vez que tudo o que existe na sociedade humana foi produzido a partir de recursos naturais. Se acontecer de um ou outro recurso n&atilde;o estar mais dispon&iacute;vel na natureza, muitas atividades humanas estar&atilde;o comprometidas, inclusive oferecendo um risco ainda maior se tratar de um recurso vital, como a &aacute;gua.<\/span><br style=\"font-family: Arial;\"> <span style=\"font-family: Arial;\">O artigo 225 da Constitui&ccedil;&atilde;o da Rep&uacute;blica de 1988 declara bravamente: &ldquo;todos t&ecirc;m direito ao meio ambiente ecologicamente equilibrado, bem de uso comum do povo e essencial &agrave; sadia qualidade de vida&rdquo;. Lamentavelmente este direito n&atilde;o est&aacute; sendo respeitado. Primeiro por que as condi&ccedil;&otilde;es em que o meio ambiente se encontra atualmente n&atilde;o chegam nem pr&oacute;ximo deste equil&iacute;brio preconizado por esta Lei. Segundo, por que os recursos do meio n&atilde;o s&atilde;o acess&iacute;veis proporcionalmente a todo o &ldquo;povo&rdquo;, gerando tamb&eacute;m um desequil&iacute;brio social.<\/span><br  style=\"font-family: Arial;\"> <span style=\"font-family: Arial;\">Para que este direito possa ser efetivamente conquistado dever&aacute; haver consenso geral de toda a popula&ccedil;&atilde;o, inclusive e principalmente entre seus l&iacute;deres e representantes, de que este equil&iacute;brio ecol&oacute;gico &eacute; indispens&aacute;vel para a sadia qualidade de vida e n&atilde;o somente essencial. Esta consci&ecirc;ncia, por&eacute;m, depende da conquista de outro direito, o da Educa&ccedil;&atilde;o para todos.<\/span><br  style=\"font-family: Arial;\"> <span style=\"font-family: Arial;\">Recentemente &ndash; mais precisamente no ano 2000 &ndash; a ONU (Organiza&ccedil;&atilde;o das Na&ccedil;&otilde;es Unidas) aprovou na Declara&ccedil;&atilde;o do Mil&ecirc;nio os ODMs &ndash; Objetivos de Desenvolvimento do Mil&ecirc;nio, simpaticamente denominados &ldquo;8 jeitos de mudar o mundo&rdquo;. S&atilde;o metas a serem cumpridas por todos os pa&iacute;ses signat&aacute;rios at&eacute; 2015 para promover a sobreviv&ecirc;ncia humana a longo prazo, ou seja, sua sustentabilidade. Dentre estas metas est&atilde;o justamente a &ldquo;Educa&ccedil;&atilde;o B&aacute;sica de Qualidade para Todos&rdquo; e o &ldquo;Respeito ao Meio Ambiente&rdquo;.<\/span><br style=\"font-family: Arial;\"> <span style=\"font-family: Arial;\">Novamente a realidade entra em conflito com o que foi determinado. 7 anos se passaram e as amea&ccedil;as &agrave; vida no planeta aparentemente est&atilde;o aumentando. A&ccedil;&otilde;es concretas dos governos e da sociedade deveriam estar ocorrendo a todo vapor, com entusiasmo e otimismo. Mas poucas iniciativas t&ecirc;m surtido efeitos significativos. A velocidade e a intensidade das transforma&ccedil;&otilde;es causadas no ambiente pelo homem s&atilde;o quase que incontrol&aacute;veis. &Eacute; preciso um esfor&ccedil;o conjunto e uma mudan&ccedil;a radical nos padr&otilde;es de vida da sociedade moderna, especialmente no consumo de bens materiais e na ideologia sobre qualidade de vida.<\/span><br  style=\"font-family: Arial;\"> <span style=\"font-family: Arial;\">O conceito sobre qualidade de vida &eacute; um tanto pol&ecirc;mico. Devido &agrave; exist&ecirc;ncia destes padr&otilde;es que foram sendo estabelecidos na sociedade ocidental, qualidade de vida pode ser definido como &ldquo;um estado em que todas ou grande parte das necessidades humanas s&atilde;o alcan&ccedil;adas: sa&uacute;de; alimenta&ccedil;&atilde;o; &aacute;gua; educa&ccedil;&atilde;o; moradia; seguran&ccedil;a; saneamento b&aacute;sico; vestu&aacute;rio; transporte; trabalho; cultura; lazer&rdquo;. Desconsiderando o modo de vida de in&uacute;meras culturas, este conceito &eacute; bastante aceito. O erro est&aacute; na maneira, ou seja, na qualidade e na quantidade em que estas necessidades s&atilde;o desejadas. Muitas pessoas lutam entre si n&atilde;o apenas pela sobreviv&ecirc;ncia natural de sua esp&eacute;cie, mas por outros ideais, notadamente poder, dinheiro, bens materiais, beleza e conforto excessivos. Assim, este modelo de sociedade est&aacute; se auto-destruindo pois est&aacute; acabando com a &uacute;nica fonte de recursos necess&aacute;rios &agrave; sua sobreviv&ecirc;ncia: o meio ambiente.<\/span><br  style=\"font-family: Arial;\"> <span style=\"font-family: Arial;\">Qualidade de vida, portanto, depende da qualidade do meio em que vivemos, seja ele natural &ndash; florestas, oceanos, campos etc. &ndash; ou &ldquo;artificial&rdquo;, ou seja, aquele criado pelo homem &ndash; as cidades. Existe quantidade suficiente de recursos para todos os homens, mas uns usufruem mais do que outros, deixando estes &uacute;ltimos com quase nada.<\/span><br style=\"font-family: Arial;\"> <span style=\"font-family: Arial;\">Voltemos a falar sobre o direito mencionado no artigo 225 da Constitui&ccedil;&atilde;o. Assim como este, outros direitos n&atilde;o se compram ou s&atilde;o adquiridos, eles devem ser conquistados. O poder aquisitivo de alguns n&atilde;o o<br \/>\ns faz ter mais direito que outros. Mas, infelizmente, na sociedade humana, o dinheiro torna-os capazes de comprar mais recursos e satisfazer melhor as suas necessidades do que aqueles que t&ecirc;m pouco ou nenhum. Por&eacute;m, estas pessoas devem ter em mente que um dia seu dinheiro n&atilde;o vai ser suficiente para comprar outro mundo para se viver.<\/span><br style=\"font-family: Arial;\"> <span style=\"font-family: Arial;\">Ter direitos implica tamb&eacute;m em exercer deveres. N&atilde;o se pode atribuir responsabilidades somente a outrem. Vivemos em sociedade e inseridos em um meio que, n&atilde;o fosse as habilidades que o homem conquistou durante sua evolu&ccedil;&atilde;o, estar&iacute;amos sujeito &agrave;s suas leis mais elementares. Estamos conectados uns aos outros e a todos os componentes do ambiente de uma forma muito intensa. N&atilde;o podemos esquecer disto. Tudo o que fazemos reflete no pr&oacute;ximo e, algum dia, refletir&aacute; em n&oacute;s mesmos. A rec&iacute;proca tamb&eacute;m &eacute; verdadeira: tudo o que deixamos de fazer impede a mudan&ccedil;a, pois nada melhora sozinho, todos devem contribuir.<\/span><br  style=\"font-family: Arial;\"> <span style=\"font-family: Arial;\">N&atilde;o s&atilde;o somente os deveres estipulados por lei que devem ser cumpridos, mas tamb&eacute;m todos aqueles indispens&aacute;veis para que possamos viver em sociedade, os chamados princ&iacute;pios &eacute;ticos. E quando se fala em &eacute;tica, deve-se pensar principalmente em pessoas conscientes e respons&aacute;veis por seus atos, inclusive em rela&ccedil;&atilde;o &agrave;s quest&otilde;es ambientais. Sem isso, &eacute; imposs&iacute;vel criar uma sociedade justa, fraterna e ecologicamente equilibrada.<\/span><br style=\"font-family: Arial;\"> <span style=\"font-family: Arial;\">O conhecimento &eacute; fundamental para formar cidad&atilde;os &eacute;ticos. Muitas pessoas fazem errado por que n&atilde;o sabem qual &eacute; o certo a fazer. Conforme j&aacute; citado, o acesso &agrave; informa&ccedil;&atilde;o &eacute; muito limitado. A m&iacute;dia, principalmente a TV e os jornais impressos, oferecem algumas mat&eacute;rias e programas que tratam destas quest&otilde;es, mas a maioria das pessoas n&atilde;o se interessa muito e n&atilde;o d&aacute; a devida aten&ccedil;&atilde;o &agrave;s informa&ccedil;&otilde;es divulgadas. Por outro lado, algumas informa&ccedil;&otilde;es s&atilde;o apresentadas de forma distorcida, inadequada ou insuficiente, n&atilde;o permitindo que uma consci&ecirc;ncia individual e coletiva seja desenvolvida.<\/span><br  style=\"font-family: Arial;\"> <span style=\"font-family: Arial;\">Muitas pessoas at&eacute; sabem dos problemas ambientais e se preocupam com o futuro, mas n&atilde;o fazem nada para contribuir efetivamente. Quando existem campanhas, por exemplo, elas at&eacute; aderem &agrave;s causas, mas depois de algum tempo esquecem. Provavelmente as campanhas n&atilde;o atingiram profundamente a consci&ecirc;ncia das pessoas, ou seja, talvez em algum ponto elas perceberam que deveriam contribuir, mas n&atilde;o sentiram a real necessidade de se engajarem para sempre nesta ou naquela quest&atilde;o, n&atilde;o se comoveram com o problema todo.<\/span><br style=\"font-family: Arial;\"> <span style=\"font-family: Arial;\">A Educa&ccedil;&atilde;o Ambiental &eacute; um instrumento fundamental para a mudan&ccedil;a de valores e pr&aacute;ticas sociais. Ela &eacute; capaz de incorporar in&uacute;meros conceitos de forma transdisciplinar, isto &eacute;, envolvendo todas as &aacute;reas do conhecimento. A Eco-pedagogia, como tamb&eacute;m pode ser chamada, permite transformar o ponto de vista das pessoas, auxiliando-as a desenvolverem uma melhor concep&ccedil;&atilde;o sobre meio ambiente e lev&aacute;-las a ajustarem suas rela&ccedil;&otilde;es com a natureza e com a sociedade, agindo de acordo com os pressupostos da ecologia e da cidadania.<\/span><br  style=\"font-family: Arial;\"> <span style=\"font-family: Arial;\">Assim como outras &aacute;reas da Educa&ccedil;&atilde;o, a Educa&ccedil;&atilde;o Ambiental dever&aacute; ser mais valorizada e praticada em todos os setores da sociedade. &Eacute; com ela que iremos instituir a t&atilde;o sonhada sustentabilidade.<\/span><br  style=\"font-family: Arial;\"> <\/div>\n<p> <\/body> <\/html> <\/p>\n","protected":false},"excerpt":{"rendered":"<p>1. IDENTIFICA&Ccedil;&Atilde;O DO PROJETO Nome: &ldquo;Projeto + Vida &#8211; Qualidade de Vida de A &agrave; Z&rdquo; Autora: Tatiana Reis Linha Tem&aacute;tica: Educa&ccedil;&atilde;o Ambiental Palavras-chave: Educa&ccedil;&atilde;o Ambiental, Qualidade de Vida; Meio Ambiente; Esporte; Sa&uacute;de; Cidadania. Local de execu&ccedil;&atilde;o: Academia Aquacenter Batel e &aacute;reas de influ&ecirc;ncia (Bairro Santa Quit&eacute;ria, Munic&iacute;pio de Curitiba &#8211; Paran&aacute; &#8211; Brasil). Dura&ccedil;&atilde;o [&hellip;]<\/p>\n","protected":false},"author":1,"featured_media":0,"comment_status":"open","ping_status":"open","sticky":false,"template":"","format":"standard","meta":{"_jetpack_memberships_contains_paid_content":false,"footnotes":""},"categories":[3],"tags":[],"class_list":{"0":"post-110","1":"post","2":"type-post","3":"status-publish","4":"format-standard","6":"category-projetos-ambientais"},"yoast_head":"<!-- This site is optimized with the Yoast SEO plugin v25.1 - https:\/\/yoast.com\/wordpress\/plugins\/seo\/ -->\n<title>Projeto + Vida - Qualidade de Vida de A \u00e0 Z - CENED Cursos Online<\/title>\n<meta name=\"robots\" content=\"index, follow, max-snippet:-1, max-image-preview:large, max-video-preview:-1\" \/>\n<link rel=\"canonical\" href=\"https:\/\/cenedcursos.com.br\/meio-ambiente\/projeto-vida-qualidade-de-vida-de-a\/\" \/>\n<meta property=\"og:locale\" content=\"pt_BR\" \/>\n<meta property=\"og:type\" content=\"article\" \/>\n<meta property=\"og:title\" content=\"Projeto + Vida - Qualidade de Vida de A \u00e0 Z - CENED Cursos Online\" \/>\n<meta property=\"og:description\" content=\"1. IDENTIFICA&Ccedil;&Atilde;O DO PROJETO Nome: &ldquo;Projeto + Vida &#8211; Qualidade de Vida de A &agrave; Z&rdquo; Autora: Tatiana Reis Linha Tem&aacute;tica: Educa&ccedil;&atilde;o Ambiental Palavras-chave: Educa&ccedil;&atilde;o Ambiental, Qualidade de Vida; Meio Ambiente; Esporte; Sa&uacute;de; Cidadania. Local de execu&ccedil;&atilde;o: Academia Aquacenter Batel e &aacute;reas de influ&ecirc;ncia (Bairro Santa Quit&eacute;ria, Munic&iacute;pio de Curitiba &#8211; Paran&aacute; &#8211; Brasil). Dura&ccedil;&atilde;o [&hellip;]\" \/>\n<meta property=\"og:url\" content=\"https:\/\/cenedcursos.com.br\/meio-ambiente\/projeto-vida-qualidade-de-vida-de-a\/\" \/>\n<meta property=\"og:site_name\" content=\"CENED Cursos Online\" \/>\n<meta property=\"article:published_time\" content=\"2007-02-19T17:41:44+00:00\" \/>\n<meta name=\"author\" content=\"Amarildo R. Ferrari\" \/>\n<meta name=\"twitter:card\" content=\"summary_large_image\" \/>\n<meta name=\"twitter:label1\" content=\"Escrito por\" \/>\n\t<meta name=\"twitter:data1\" content=\"Amarildo R. Ferrari\" \/>\n\t<meta name=\"twitter:label2\" content=\"Est. tempo de leitura\" \/>\n\t<meta name=\"twitter:data2\" content=\"34 minutos\" \/>\n<script type=\"application\/ld+json\" class=\"yoast-schema-graph\">{\"@context\":\"https:\/\/schema.org\",\"@graph\":[{\"@type\":\"WebPage\",\"@id\":\"https:\/\/cenedcursos.com.br\/meio-ambiente\/projeto-vida-qualidade-de-vida-de-a\/\",\"url\":\"https:\/\/cenedcursos.com.br\/meio-ambiente\/projeto-vida-qualidade-de-vida-de-a\/\",\"name\":\"Projeto + Vida - Qualidade de Vida de A \u00e0 Z - CENED Cursos Online\",\"isPartOf\":{\"@id\":\"https:\/\/cenedcursos.com.br\/meio-ambiente\/#website\"},\"datePublished\":\"2007-02-19T17:41:44+00:00\",\"author\":{\"@id\":\"https:\/\/cenedcursos.com.br\/meio-ambiente\/#\/schema\/person\/64377d24cdc16779a1eb6229894af388\"},\"breadcrumb\":{\"@id\":\"https:\/\/cenedcursos.com.br\/meio-ambiente\/projeto-vida-qualidade-de-vida-de-a\/#breadcrumb\"},\"inLanguage\":\"pt-BR\",\"potentialAction\":[{\"@type\":\"ReadAction\",\"target\":[\"https:\/\/cenedcursos.com.br\/meio-ambiente\/projeto-vida-qualidade-de-vida-de-a\/\"]}]},{\"@type\":\"BreadcrumbList\",\"@id\":\"https:\/\/cenedcursos.com.br\/meio-ambiente\/projeto-vida-qualidade-de-vida-de-a\/#breadcrumb\",\"itemListElement\":[{\"@type\":\"ListItem\",\"position\":1,\"name\":\"In\u00edcio\",\"item\":\"https:\/\/cenedcursos.com.br\/meio-ambiente\/\"},{\"@type\":\"ListItem\",\"position\":2,\"name\":\"Projeto + Vida &#8211; Qualidade de Vida de A \u00e0 Z\"}]},{\"@type\":\"WebSite\",\"@id\":\"https:\/\/cenedcursos.com.br\/meio-ambiente\/#website\",\"url\":\"https:\/\/cenedcursos.com.br\/meio-ambiente\/\",\"name\":\"CENED Cursos Online\",\"description\":\"Aqui voc\u00ea encontra artigos em diversas \u00e1reas do conhecimento: meio ambiente, educa\u00e7\u00e3o, marketing digital, neg\u00f3cios online e muito mais.\",\"potentialAction\":[{\"@type\":\"SearchAction\",\"target\":{\"@type\":\"EntryPoint\",\"urlTemplate\":\"https:\/\/cenedcursos.com.br\/meio-ambiente\/?s={search_term_string}\"},\"query-input\":{\"@type\":\"PropertyValueSpecification\",\"valueRequired\":true,\"valueName\":\"search_term_string\"}}],\"inLanguage\":\"pt-BR\"},{\"@type\":\"Person\",\"@id\":\"https:\/\/cenedcursos.com.br\/meio-ambiente\/#\/schema\/person\/64377d24cdc16779a1eb6229894af388\",\"name\":\"Amarildo R. Ferrari\",\"image\":{\"@type\":\"ImageObject\",\"inLanguage\":\"pt-BR\",\"@id\":\"https:\/\/cenedcursos.com.br\/meio-ambiente\/#\/schema\/person\/image\/\",\"url\":\"https:\/\/secure.gravatar.com\/avatar\/6ea4248ca9f295c93f1b72f8398232f0fbbffe30349e6ec3839cfa5e09b0de3c?s=96&d=mm&r=g\",\"contentUrl\":\"https:\/\/secure.gravatar.com\/avatar\/6ea4248ca9f295c93f1b72f8398232f0fbbffe30349e6ec3839cfa5e09b0de3c?s=96&d=mm&r=g\",\"caption\":\"Amarildo R. Ferrari\"},\"sameAs\":[\"https:\/\/cenedcursos.com.br\/meio-ambiente\"],\"url\":\"https:\/\/cenedcursos.com.br\/meio-ambiente\/author\/admin\/\"}]}<\/script>\n<!-- \/ Yoast SEO plugin. -->","yoast_head_json":{"title":"Projeto + Vida - Qualidade de Vida de A \u00e0 Z - CENED Cursos Online","robots":{"index":"index","follow":"follow","max-snippet":"max-snippet:-1","max-image-preview":"max-image-preview:large","max-video-preview":"max-video-preview:-1"},"canonical":"https:\/\/cenedcursos.com.br\/meio-ambiente\/projeto-vida-qualidade-de-vida-de-a\/","og_locale":"pt_BR","og_type":"article","og_title":"Projeto + Vida - Qualidade de Vida de A \u00e0 Z - CENED Cursos Online","og_description":"1. IDENTIFICA&Ccedil;&Atilde;O DO PROJETO Nome: &ldquo;Projeto + Vida &#8211; Qualidade de Vida de A &agrave; Z&rdquo; Autora: Tatiana Reis Linha Tem&aacute;tica: Educa&ccedil;&atilde;o Ambiental Palavras-chave: Educa&ccedil;&atilde;o Ambiental, Qualidade de Vida; Meio Ambiente; Esporte; Sa&uacute;de; Cidadania. Local de execu&ccedil;&atilde;o: Academia Aquacenter Batel e &aacute;reas de influ&ecirc;ncia (Bairro Santa Quit&eacute;ria, Munic&iacute;pio de Curitiba &#8211; Paran&aacute; &#8211; Brasil). Dura&ccedil;&atilde;o [&hellip;]","og_url":"https:\/\/cenedcursos.com.br\/meio-ambiente\/projeto-vida-qualidade-de-vida-de-a\/","og_site_name":"CENED Cursos Online","article_published_time":"2007-02-19T17:41:44+00:00","author":"Amarildo R. Ferrari","twitter_card":"summary_large_image","twitter_misc":{"Escrito por":"Amarildo R. Ferrari","Est. tempo de leitura":"34 minutos"},"schema":{"@context":"https:\/\/schema.org","@graph":[{"@type":"WebPage","@id":"https:\/\/cenedcursos.com.br\/meio-ambiente\/projeto-vida-qualidade-de-vida-de-a\/","url":"https:\/\/cenedcursos.com.br\/meio-ambiente\/projeto-vida-qualidade-de-vida-de-a\/","name":"Projeto + Vida - Qualidade de Vida de A \u00e0 Z - CENED Cursos Online","isPartOf":{"@id":"https:\/\/cenedcursos.com.br\/meio-ambiente\/#website"},"datePublished":"2007-02-19T17:41:44+00:00","author":{"@id":"https:\/\/cenedcursos.com.br\/meio-ambiente\/#\/schema\/person\/64377d24cdc16779a1eb6229894af388"},"breadcrumb":{"@id":"https:\/\/cenedcursos.com.br\/meio-ambiente\/projeto-vida-qualidade-de-vida-de-a\/#breadcrumb"},"inLanguage":"pt-BR","potentialAction":[{"@type":"ReadAction","target":["https:\/\/cenedcursos.com.br\/meio-ambiente\/projeto-vida-qualidade-de-vida-de-a\/"]}]},{"@type":"BreadcrumbList","@id":"https:\/\/cenedcursos.com.br\/meio-ambiente\/projeto-vida-qualidade-de-vida-de-a\/#breadcrumb","itemListElement":[{"@type":"ListItem","position":1,"name":"In\u00edcio","item":"https:\/\/cenedcursos.com.br\/meio-ambiente\/"},{"@type":"ListItem","position":2,"name":"Projeto + Vida &#8211; Qualidade de Vida de A \u00e0 Z"}]},{"@type":"WebSite","@id":"https:\/\/cenedcursos.com.br\/meio-ambiente\/#website","url":"https:\/\/cenedcursos.com.br\/meio-ambiente\/","name":"CENED Cursos Online","description":"Aqui voc\u00ea encontra artigos em diversas \u00e1reas do conhecimento: meio ambiente, educa\u00e7\u00e3o, marketing digital, neg\u00f3cios online e muito mais.","potentialAction":[{"@type":"SearchAction","target":{"@type":"EntryPoint","urlTemplate":"https:\/\/cenedcursos.com.br\/meio-ambiente\/?s={search_term_string}"},"query-input":{"@type":"PropertyValueSpecification","valueRequired":true,"valueName":"search_term_string"}}],"inLanguage":"pt-BR"},{"@type":"Person","@id":"https:\/\/cenedcursos.com.br\/meio-ambiente\/#\/schema\/person\/64377d24cdc16779a1eb6229894af388","name":"Amarildo R. Ferrari","image":{"@type":"ImageObject","inLanguage":"pt-BR","@id":"https:\/\/cenedcursos.com.br\/meio-ambiente\/#\/schema\/person\/image\/","url":"https:\/\/secure.gravatar.com\/avatar\/6ea4248ca9f295c93f1b72f8398232f0fbbffe30349e6ec3839cfa5e09b0de3c?s=96&d=mm&r=g","contentUrl":"https:\/\/secure.gravatar.com\/avatar\/6ea4248ca9f295c93f1b72f8398232f0fbbffe30349e6ec3839cfa5e09b0de3c?s=96&d=mm&r=g","caption":"Amarildo R. Ferrari"},"sameAs":["https:\/\/cenedcursos.com.br\/meio-ambiente"],"url":"https:\/\/cenedcursos.com.br\/meio-ambiente\/author\/admin\/"}]}},"jetpack_featured_media_url":"","jetpack_sharing_enabled":true,"_links":{"self":[{"href":"https:\/\/cenedcursos.com.br\/meio-ambiente\/wp-json\/wp\/v2\/posts\/110","targetHints":{"allow":["GET"]}}],"collection":[{"href":"https:\/\/cenedcursos.com.br\/meio-ambiente\/wp-json\/wp\/v2\/posts"}],"about":[{"href":"https:\/\/cenedcursos.com.br\/meio-ambiente\/wp-json\/wp\/v2\/types\/post"}],"author":[{"embeddable":true,"href":"https:\/\/cenedcursos.com.br\/meio-ambiente\/wp-json\/wp\/v2\/users\/1"}],"replies":[{"embeddable":true,"href":"https:\/\/cenedcursos.com.br\/meio-ambiente\/wp-json\/wp\/v2\/comments?post=110"}],"version-history":[{"count":0,"href":"https:\/\/cenedcursos.com.br\/meio-ambiente\/wp-json\/wp\/v2\/posts\/110\/revisions"}],"wp:attachment":[{"href":"https:\/\/cenedcursos.com.br\/meio-ambiente\/wp-json\/wp\/v2\/media?parent=110"}],"wp:term":[{"taxonomy":"category","embeddable":true,"href":"https:\/\/cenedcursos.com.br\/meio-ambiente\/wp-json\/wp\/v2\/categories?post=110"},{"taxonomy":"post_tag","embeddable":true,"href":"https:\/\/cenedcursos.com.br\/meio-ambiente\/wp-json\/wp\/v2\/tags?post=110"}],"curies":[{"name":"wp","href":"https:\/\/api.w.org\/{rel}","templated":true}]}}