{"id":111,"date":"2007-02-19T17:52:09","date_gmt":"2007-02-19T17:52:09","guid":{"rendered":"http:\/\/www.cenedcursos.com.br\/?p=111"},"modified":"2007-02-19T17:52:09","modified_gmt":"2007-02-19T17:52:09","slug":"priagnco-da-realidade-s-ambiental","status":"publish","type":"post","link":"https:\/\/cenedcursos.com.br\/meio-ambiente\/priagnco-da-realidade-s-ambiental\/","title":{"rendered":"Pr\u00e9 diagn\u00f3stico da realidade s\u00f3cio ambiental"},"content":{"rendered":"<p><!DOCTYPE html PUBLIC \"-\/\/W3C\/\/DTD HTML 4.01 Transitional\/\/EN\"> <html> <head>   <meta content=\"text\/html; charset=ISO-8859-1\"  http-equiv=\"content-type\">   <title><\/title> <\/head> <body> <\/p>\n<div style=\"text-align: justify;\"><span  style=\"font-family: Arial; font-weight: bold;\">T&Iacute;TULO DO PROJETO<\/span><br style=\"font-family: Arial;\"> <span style=\"font-family: Arial;\"><br \/> Pr&eacute; diagn&oacute;stico da realidade s&oacute;cio ambiental do munic&iacute;pio de Mata- RS, atrav&eacute;s de uma metodologia qualitativa de pesquisa.<br \/> <\/span> <\/p>\n<div style=\"text-align: right;\"><span  style=\"font-family: Arial;\"><br \/> Autora: Renata Baco Hartmann<\/span><br  style=\"font-family: Arial;\"> <span style=\"font-family: Arial;\"><\/span><\/div>\n<p> <span style=\"font-family: Arial;\"><br \/> <span style=\"font-weight: bold;\">TEMA<\/span><\/span><br  style=\"font-family: Arial;\"> <span style=\"font-family: Arial;\">Pr&eacute; diagn&oacute;stico da realidade s&oacute;cio ambiental <\/span><br  style=\"font-family: Arial;\"> <br style=\"font-family: Arial;\"> <span style=\"font-family: Arial; font-weight: bold;\">RESUMO<\/span><br  style=\"font-family: Arial;\"> <span style=\"font-family: Arial;\">Para a realiza&ccedil;&atilde;o do pr&eacute; diagn&oacute;stico da realidade s&oacute;cio ambiental do munic&iacute;pio de Mata- RS, dever&aacute; ser utilizada uma metodologia qualitativa de pesquisa para obten&ccedil;&atilde;o de dados. Esse m&eacute;todo tem como eixo principal a participa&ccedil;&atilde;o efetiva da comunidade em todas as etapas de desenvolvimento do projeto, que visa &agrave; amplia&ccedil;&atilde;o da consci&ecirc;ncia da comunidade em rela&ccedil;&atilde;o a sua pr&oacute;pria realidade. Essa tomada de consci&ecirc;ncia s&oacute; acontece se existe: primeiro reflex&atilde;o e entendimento sobre as causas e conseq&uuml;&ecirc;ncias dos problemas s&oacute;cios ambientais; em segundo lugar, se existe o compromisso de produ&ccedil;&atilde;o de conhecimento e de a&ccedil;&atilde;o por parte da comunidade alvo da pesquisa, ou seja, compromisso com a continuidade. <\/span><br style=\"font-family: Arial;\"> <br style=\"font-family: Arial; font-weight: bold;\"> <span style=\"font-family: Arial;\"><span  style=\"font-weight: bold;\">INTRODU&Ccedil;&Atilde;O<\/span> <\/span><br style=\"font-family: Arial;\"> <span style=\"font-family: Arial;\">Mata possui in&uacute;meras riquezas, dentre as quais sitam-se: sua razo&aacute;vel cobertura vegetal, formada por matas de galeria e florestas; seus principais cursos d&#8217;&aacute;gua s&atilde;o o rio Toropi e os Arroios Sert&atilde;o e Poraima; o munic&iacute;pio se localiza pr&oacute;ximo ao falhamento Jaguari-Mata, zona transfronteiri&ccedil;a do Aqu&iacute;fero Guarani respons&aacute;vel pela recarga, circula&ccedil;&atilde;o e descarga do mesmo, possibilitando sua contamina&ccedil;&atilde;o; Mata conta com a presen&ccedil;a da mundialmente conhecida &#8220;madeira de virou pedra&#8221;, fen&ocirc;meno qu&iacute;mico chamado de substitui&ccedil;&atilde;o, onde a &aacute;gua de percola&ccedil;&atilde;o rica em s&iacute;lica no estado coloidal, substituiu a mol&eacute;cula org&acirc;nica uma a uma, datando de mais de 200 milh&otilde;es de anos. Este fator atrai turistas e cientistas do Brasil e do mundo. Todas essas riquezas tornam o cen&aacute;rio ideal para o desenvolvimento de projetos ambientais, devido, principalmente, a popula&ccedil;&atilde;o n&atilde;o compreender sua responsabilidade em rela&ccedil;&atilde;o &agrave; melhoria da qualidade de vida e conserva&ccedil;&atilde;o ambiental, sendo habitual: desperd&iacute;cio de &aacute;gua (lavagem de carros e cal&ccedil;adas&#8230;); queimadas em florestas para abertura de novas ro&ccedil;as e para limpeza dos campos; desmatamentos (principalmente em &Aacute;reas de Preserva&ccedil;&atilde;o Permanente); lixo nas ruas, terrenos baldios e cursos d&#8217;&aacute;gua; descarte inadequado de embalagens de agrot&oacute;xicos; entre outras. Cabe ressaltar que o munic&iacute;pio n&atilde;o possui secretaria de meio ambiente, ou qualquer outro &oacute;rg&atilde;o correlato e nem participa das iniciativas vinculadas ao tema, demonstrando o total descaso do poder p&uacute;blico. <\/span><br style=\"font-family: Arial;\"> <br style=\"font-family: Arial; font-weight: bold;\"> <span style=\"font-family: Arial; font-weight: bold;\">OBJETIVO GERAL <\/span><br style=\"font-family: Arial;\"> <span style=\"font-family: Arial;\">Estimular a reflex&atilde;o sobre os problemas s&oacute;cio-ambientais (causas, conseq&uuml;&ecirc;ncias e solu&ccedil;&otilde;es), para a mudan&ccedil;a de h&aacute;bitos que visem a melhoria da qualidade de vida e conserva&ccedil;&atilde;o ambiental. <\/span><br style=\"font-family: Arial;\"> <br style=\"font-family: Arial;\"> <span style=\"font-family: Arial; font-weight: bold;\">OBJETIVOS ESPEC&Iacute;FICOS<\/span><br style=\"font-family: Arial;\"> <br style=\"font-family: Arial;\"> <span style=\"font-family: Arial;\">1- pr&eacute; diagnosticar os principais problemas s&oacute;cioambientais do munic&iacute;pio;<\/span><br style=\"font-family: Arial;\"> <span style=\"font-family: Arial;\">2- avaliar metodologia em educa&ccedil;&atilde;o ambiental;<\/span><br  style=\"font-family: Arial;\"> <span style=\"font-family: Arial;\">3- fomentar o processo de sensibiliza&ccedil;&atilde;o e tomada de consci&ecirc;ncia;<\/span><br style=\"font-family: Arial;\"> <span style=\"font-family: Arial;\">4- chamar o poder p&uacute;blico para a discuss&atilde;o e resolu&ccedil;&atilde;o de problemas.<\/span><br  style=\"font-family: Arial;\"> <br style=\"font-family: Arial;\"> <span style=\"font-family: Arial; font-weight: bold;\">JUSTIFICATIVA<\/span><br  style=\"font-family: Arial;\"> <span style=\"font-family: Arial;\">Pode-se perceber a exist&ecirc;ncia de um passivo ambiental que afeta o munic&iacute;pio de Mata- RS, devido, principalmente, aos impactos decorrentes de a&ccedil;&otilde;es predat&oacute;rias. Da&iacute; a necessidade de se adotar um plano para an&aacute;lise microrregional, que considere os aspectos biogeogr&aacute;ficos. Devem ser avaliados, entre outros: conserva&ccedil;&atilde;o de ambientes naturais; fauna e flora; invas&otilde;es biol&oacute;gicas; altera&ccedil;&otilde;es quali\/quantitativas dos recursos h&iacute;dricos; degrada&ccedil;&atilde;o dos solos; contamina&ccedil;&otilde;es por qu&iacute;micos; altera&ccedil;&otilde;es nos meios de vida da popula&ccedil;&atilde;o; perda da paisagem e patrim&ocirc;nio cultural; gera&ccedil;&atilde;o de res&iacute;duos. Busca-se a correta identifica&ccedil;&atilde;o dos problemas s&oacute;cio ambientais da micro bacia, para assim atingir-se o objetivo principal, que &eacute; a ado&ccedil;&atilde;o de medidas que visem a melhoria na qualidade de vida e a conserva&ccedil;&atilde;o ambiental. A partir do momento que se realiza um levantamento de problemas s&oacute;cio ambientais partindo da &oacute;tica da popula&ccedil;&atilde;o, &eacute; facilitado encontrar uma estrat&eacute;gia de a&ccedil;&atilde;o que permita a participa&ccedil;&atilde;o da comunidade na resolu&ccedil;&atilde;o desses problemas. E neste caso, permitir&aacute; que projetos t&eacute;cnicos alcancem os objetivos a que se prop&otilde;em, por exemplo, se for realizado um plantio de &aacute;rvores para recomposi&ccedil;&atilde;o de mata ciliar, a comunidade ir&aacute; auxiliar na conserva&ccedil;&atilde;o da mesma, pois compreender&atilde;o, em primeiro lugar, as causas e conseq&uuml;&ecirc;ncias do desmatamento.<\/span><br  style=\"font-family: Arial;\"> <span style=\"font-family: Arial;\">. <\/span><br  style=\"font-family: Arial; font-weight: bold;\"> <span style=\"font-family: Arial; font-weight: bold;\">CARACTER&Iacute;STICA DO PROJETO<\/span><br style=\"font-family: Arial;\"> <span style=\"font-family: Arial;\"><br \/> <span style=\"font-weight: bold;\">P&Uacute;BLICO ALVO:<\/span> O trabalho dever&aacute; ser desenvolvido junto aos alunos da escola de ensino m&eacute;dio D. Joaquina, munic&iacute;pio de Mata-RS. S&atilde;o 170 alunos, entre 15 e 25 anos, moradores da cidade e do meio rural. Estudam no per&iacute;odo da tarde e da noite. Estes &uacute;ltimos trabalham durante o dia todo. Os alunos da tarde s&atilde;o, na grande<br \/>\nmaioria no interior, trabalhando na lavoura de manh&atilde;, sendo boa parte fumicultores. Formam, assim, um p&uacute;blico heterog&ecirc;neo. <\/span><br  style=\"font-family: Arial;\"> <br style=\"font-family: Arial;\"> <span style=\"font-family: Arial; font-weight: bold;\">METODOLOGIA <\/span><br style=\"font-family: Arial;\"> <span style=\"font-family: Arial;\">Pelo fato de diferentes pessoas atribu&iacute;rem valores diferentes para as mesmas causas e conseq&uuml;&ecirc;ncias, &eacute; dif&iacute;cil definir uma metodologia para ser utilizada. Neste caso espec&iacute;fico dever&aacute; ser utilizado o Diagrama de Venn, com as devidas adequa&ccedil;&otilde;es &agrave;s realidades locais. <\/span><br style=\"font-family: Arial;\"> <span style=\"font-family: Arial;\">Diagrama de Venn (&ldquo;Jogo dos c&iacute;rculos&rdquo;) essa t&eacute;cnica, explicada mais adiante, auxilia na discuss&atilde;o sobre os problemas s&oacute;cios ambientais que, direta ou indiretamente, est&atilde;o envolvidos com o cotidiano do grupo em foco. <\/span><br style=\"font-family: Arial;\"> <br style=\"font-family: Arial; font-weight: bold;\"> <span style=\"font-family: Arial; font-weight: bold;\">DESENVOLVIMENTO DO PROJETO (PROCESSO DE ATIVIDADES)<\/span><br  style=\"font-family: Arial;\"> <span style=\"font-family: Arial;\">O trabalho com os alunos dever&aacute; ser desenvolvido em turno inverso, na sala de v&iacute;deo da escola, duas vezes por semana, durante tr&ecirc;s meses. <\/span><br style=\"font-family: Arial;\"> <span style=\"font-family: Arial;\">Nas primeiras reuni&otilde;es ser&aacute; explicada a din&acirc;mica dos trabalhos, aos professores e alunos. Na terceira reuni&atilde;o j&aacute; come&ccedil;a o desenvolvimento do projeto com a din&acirc;mica do Diagrama de Venn, a partir do qual ser&aacute; montada uma matriz dos principais problemas s&oacute;cios ambientais do munic&iacute;pio e sua import&acirc;ncia. O encontro seguinte j&aacute; servir&aacute; para iniciar as discuss&otilde;es sobre causas e conseq&uuml;&ecirc;ncias para cada um dos problemas mencionados pelos alunos. Essas discuss&otilde;es devem ocupar dois a tr&ecirc;s encontros. Finda esta etapa, inicia-se a fase de discuss&otilde;es sobre as poss&iacute;veis solu&ccedil;&otilde;es que poderiam ser adotadas pela pr&oacute;pria comunidade. Essa fase tamb&eacute;m deve durar de dois a tr&ecirc;s encontros. Lembrando que o t&eacute;cnico &eacute; um mediador, devendo deixar que os alunos discutam livremente o assunto, cuidando apenas para que haja reflex&atilde;o cr&iacute;tica sobre os problemas e tamb&eacute;m estimulando a pesquisa extra classe. <\/span><br style=\"font-family: Arial;\"> <span style=\"font-family: Arial;\">Ap&oacute;s as discuss&otilde;es sobre causas, conseq&uuml;&ecirc;ncias, solu&ccedil;&otilde;es de cada problema, o grupo dever&aacute; escolher uma das solu&ccedil;&otilde;es sugeridas e desenvolver um projeto no munic&iacute;pio, propiciando-se, assim, a a&ccedil;&atilde;o efetiva do grupo.<\/span><br style=\"font-family: Arial;\"> <br style=\"font-family: Arial;\"> <span style=\"font-family: Arial;\"><span  style=\"font-weight: bold;\">DIAGRAMA DE VENN (JOGO DOS C&Iacute;RCULOS):<\/span> Essa t&eacute;cnica auxilia na discuss&atilde;o sobre os problemas s&oacute;cios ambientais que, direta ou indiretamente, est&atilde;o envolvidos com o cotidiano do grupo em foco. No caso, os alunos da Escola Estadual de Ensino M&eacute;dio Dona Joaquina. Os participantes come&ccedil;am discutindo quais os principais problemas s&oacute;cios ambientais s&atilde;o enfrentados no seu cotidiano e a import&acirc;ncia desses problemas. O grupo vai representar cada problema por um c&iacute;rculo recortado em cartolina. O grau de import&acirc;ncia &eacute; representado pela dist&acirc;ncia do c&iacute;rculo maior, o c&iacute;rculo da comunidade, que leva o nome do munic&iacute;pio. Ao redor ou dentro desse c&iacute;rculo s&atilde;o colocados os &ldquo;c&iacute;rculos&rdquo; representando os problemas. A posi&ccedil;&atilde;o relativa dos c&iacute;rculos-problemas e dist&acirc;ncia delas com rela&ccedil;&atilde;o ao c&iacute;rculo da comunidade ir&aacute; representar a import&acirc;ncia dos problemas, ou seja, quanto mais perto do centro do &ldquo;c&iacute;rculo da comunidade&rdquo; aparecerem, maior &eacute; a sua atua&ccedil;&atilde;o naquele local e vice-versa. A representa&ccedil;&atilde;o gr&aacute;fica por si s&oacute; n&atilde;o &eacute; o objetivo desta t&eacute;cnica: o que se procura &eacute; estimular a discuss&atilde;o sobre cada problema citado pelos alunos, de forma a compreender melhor o seu inter-relacionamento, suas causas e seus efeitos. A poss&iacute;vel identifica&ccedil;&atilde;o de solu&ccedil;&otilde;es coordenadas para os problemas &eacute; o objetivo final da t&eacute;cnica, visando reflex&atilde;o, produ&ccedil;&atilde;o de conhecimento e mudan&ccedil;a de h&aacute;bitos. <\/span><br style=\"font-family: Arial;\"> <br style=\"font-family: Arial; font-weight: bold;\"> <span style=\"font-family: Arial; font-weight: bold;\">RECURSOS NECESS&Aacute;RIOS<\/span><br style=\"font-family: Arial;\"> <span style=\"font-family: Arial;\">Sala, x&eacute;rox, impress&atilde;o de material: disponibilizados pela escola;<\/span><br  style=\"font-family: Arial;\"> <span style=\"font-family: Arial;\">Transporte: disponibilizado pela prefeitura; <\/span><br  style=\"font-family: Arial;\"> <span style=\"font-family: Arial;\">Material de consumo:<\/span><br  style=\"font-family: Arial;\"> <span style=\"font-family: Arial;\">Cartolina colorida, pinc&eacute;is at&ocirc;micos coloridos, papel sulfite, m&aacute;quina fotogr&aacute;fica digital;<\/span><br  style=\"font-family: Arial;\"> <span style=\"font-family: Arial;\">Professores- apoio na procura de mat&eacute;rias, tira d&uacute;vidas.<\/span><br  style=\"font-family: Arial;\"> <br style=\"font-family: Arial;\"> <span style=\"font-family: Arial; font-weight: bold;\">CRONOLOGIA<\/span><br  style=\"font-family: Arial;\"> <span style=\"font-family: Arial;\">Mar&ccedil;o de 2007- reuni&otilde;es preliminares com a dire&ccedil;&atilde;o da escola, secretaria de educa&ccedil;&atilde;o e professores; inicio dos trabalhos (discuss&otilde;es causas e conseq&uuml;&ecirc;ncias);<\/span><br  style=\"font-family: Arial;\"> <span style=\"font-family: Arial;\">Abril de 2007- discuss&otilde;es sobre as poss&iacute;veis solu&ccedil;&otilde;es; inicio do desenvolvimento do projeto do grupo;<\/span><br style=\"font-family: Arial;\"> <span style=\"font-family: Arial;\">Maio de 2007- encerramento do projeto na escola; <\/span><br  style=\"font-family: Arial;\"> <span style=\"font-family: Arial;\">O projeto do grupo poder&aacute; se estender at&eacute; o fim do ano letivo, dependendo do trabalho idealizado pelo grupo.<\/span><\/div>\n<p> <\/body> <\/html> <\/p>\n","protected":false},"excerpt":{"rendered":"<p>T&Iacute;TULO DO PROJETO Pr&eacute; diagn&oacute;stico da realidade s&oacute;cio ambiental do munic&iacute;pio de Mata- RS, atrav&eacute;s de uma metodologia qualitativa de pesquisa. Autora: Renata Baco Hartmann TEMA Pr&eacute; diagn&oacute;stico da realidade s&oacute;cio ambiental RESUMO Para a realiza&ccedil;&atilde;o do pr&eacute; diagn&oacute;stico da realidade s&oacute;cio ambiental do munic&iacute;pio de Mata- RS, dever&aacute; ser utilizada uma metodologia qualitativa de [&hellip;]<\/p>\n","protected":false},"author":1,"featured_media":0,"comment_status":"open","ping_status":"open","sticky":false,"template":"","format":"standard","meta":{"_jetpack_memberships_contains_paid_content":false,"footnotes":""},"categories":[3],"tags":[],"class_list":{"0":"post-111","1":"post","2":"type-post","3":"status-publish","4":"format-standard","6":"category-projetos-ambientais"},"yoast_head":"<!-- This site is optimized with the Yoast SEO plugin v25.1 - https:\/\/yoast.com\/wordpress\/plugins\/seo\/ -->\n<title>Pr\u00e9 diagn\u00f3stico da realidade s\u00f3cio ambiental - CENED Cursos Online<\/title>\n<meta name=\"robots\" content=\"index, follow, max-snippet:-1, max-image-preview:large, max-video-preview:-1\" \/>\n<link rel=\"canonical\" href=\"https:\/\/cenedcursos.com.br\/meio-ambiente\/priagnco-da-realidade-s-ambiental\/\" \/>\n<meta property=\"og:locale\" content=\"pt_BR\" \/>\n<meta property=\"og:type\" content=\"article\" \/>\n<meta property=\"og:title\" content=\"Pr\u00e9 diagn\u00f3stico da realidade s\u00f3cio ambiental - CENED Cursos Online\" \/>\n<meta property=\"og:description\" content=\"T&Iacute;TULO DO PROJETO Pr&eacute; diagn&oacute;stico da realidade s&oacute;cio ambiental do munic&iacute;pio de Mata- RS, atrav&eacute;s de uma metodologia qualitativa de pesquisa. Autora: Renata Baco Hartmann TEMA Pr&eacute; diagn&oacute;stico da realidade s&oacute;cio ambiental RESUMO Para a realiza&ccedil;&atilde;o do pr&eacute; diagn&oacute;stico da realidade s&oacute;cio ambiental do munic&iacute;pio de Mata- RS, dever&aacute; ser utilizada uma metodologia qualitativa de [&hellip;]\" \/>\n<meta property=\"og:url\" content=\"https:\/\/cenedcursos.com.br\/meio-ambiente\/priagnco-da-realidade-s-ambiental\/\" \/>\n<meta property=\"og:site_name\" content=\"CENED Cursos Online\" \/>\n<meta property=\"article:published_time\" content=\"2007-02-19T17:52:09+00:00\" \/>\n<meta name=\"author\" content=\"Amarildo R. Ferrari\" \/>\n<meta name=\"twitter:card\" content=\"summary_large_image\" \/>\n<meta name=\"twitter:label1\" content=\"Escrito por\" \/>\n\t<meta name=\"twitter:data1\" content=\"Amarildo R. Ferrari\" \/>\n\t<meta name=\"twitter:label2\" content=\"Est. tempo de leitura\" \/>\n\t<meta name=\"twitter:data2\" content=\"9 minutos\" \/>\n<script type=\"application\/ld+json\" class=\"yoast-schema-graph\">{\"@context\":\"https:\/\/schema.org\",\"@graph\":[{\"@type\":\"WebPage\",\"@id\":\"https:\/\/cenedcursos.com.br\/meio-ambiente\/priagnco-da-realidade-s-ambiental\/\",\"url\":\"https:\/\/cenedcursos.com.br\/meio-ambiente\/priagnco-da-realidade-s-ambiental\/\",\"name\":\"Pr\u00e9 diagn\u00f3stico da realidade s\u00f3cio ambiental - CENED Cursos Online\",\"isPartOf\":{\"@id\":\"https:\/\/cenedcursos.com.br\/meio-ambiente\/#website\"},\"datePublished\":\"2007-02-19T17:52:09+00:00\",\"author\":{\"@id\":\"https:\/\/cenedcursos.com.br\/meio-ambiente\/#\/schema\/person\/64377d24cdc16779a1eb6229894af388\"},\"breadcrumb\":{\"@id\":\"https:\/\/cenedcursos.com.br\/meio-ambiente\/priagnco-da-realidade-s-ambiental\/#breadcrumb\"},\"inLanguage\":\"pt-BR\",\"potentialAction\":[{\"@type\":\"ReadAction\",\"target\":[\"https:\/\/cenedcursos.com.br\/meio-ambiente\/priagnco-da-realidade-s-ambiental\/\"]}]},{\"@type\":\"BreadcrumbList\",\"@id\":\"https:\/\/cenedcursos.com.br\/meio-ambiente\/priagnco-da-realidade-s-ambiental\/#breadcrumb\",\"itemListElement\":[{\"@type\":\"ListItem\",\"position\":1,\"name\":\"In\u00edcio\",\"item\":\"https:\/\/cenedcursos.com.br\/meio-ambiente\/\"},{\"@type\":\"ListItem\",\"position\":2,\"name\":\"Pr\u00e9 diagn\u00f3stico da realidade s\u00f3cio ambiental\"}]},{\"@type\":\"WebSite\",\"@id\":\"https:\/\/cenedcursos.com.br\/meio-ambiente\/#website\",\"url\":\"https:\/\/cenedcursos.com.br\/meio-ambiente\/\",\"name\":\"CENED Cursos Online\",\"description\":\"Aqui voc\u00ea encontra artigos em diversas \u00e1reas do conhecimento: meio ambiente, educa\u00e7\u00e3o, marketing digital, neg\u00f3cios online e muito mais.\",\"potentialAction\":[{\"@type\":\"SearchAction\",\"target\":{\"@type\":\"EntryPoint\",\"urlTemplate\":\"https:\/\/cenedcursos.com.br\/meio-ambiente\/?s={search_term_string}\"},\"query-input\":{\"@type\":\"PropertyValueSpecification\",\"valueRequired\":true,\"valueName\":\"search_term_string\"}}],\"inLanguage\":\"pt-BR\"},{\"@type\":\"Person\",\"@id\":\"https:\/\/cenedcursos.com.br\/meio-ambiente\/#\/schema\/person\/64377d24cdc16779a1eb6229894af388\",\"name\":\"Amarildo R. Ferrari\",\"image\":{\"@type\":\"ImageObject\",\"inLanguage\":\"pt-BR\",\"@id\":\"https:\/\/cenedcursos.com.br\/meio-ambiente\/#\/schema\/person\/image\/\",\"url\":\"https:\/\/secure.gravatar.com\/avatar\/6ea4248ca9f295c93f1b72f8398232f0fbbffe30349e6ec3839cfa5e09b0de3c?s=96&d=mm&r=g\",\"contentUrl\":\"https:\/\/secure.gravatar.com\/avatar\/6ea4248ca9f295c93f1b72f8398232f0fbbffe30349e6ec3839cfa5e09b0de3c?s=96&d=mm&r=g\",\"caption\":\"Amarildo R. Ferrari\"},\"sameAs\":[\"https:\/\/cenedcursos.com.br\/meio-ambiente\"],\"url\":\"https:\/\/cenedcursos.com.br\/meio-ambiente\/author\/admin\/\"}]}<\/script>\n<!-- \/ Yoast SEO plugin. -->","yoast_head_json":{"title":"Pr\u00e9 diagn\u00f3stico da realidade s\u00f3cio ambiental - CENED Cursos Online","robots":{"index":"index","follow":"follow","max-snippet":"max-snippet:-1","max-image-preview":"max-image-preview:large","max-video-preview":"max-video-preview:-1"},"canonical":"https:\/\/cenedcursos.com.br\/meio-ambiente\/priagnco-da-realidade-s-ambiental\/","og_locale":"pt_BR","og_type":"article","og_title":"Pr\u00e9 diagn\u00f3stico da realidade s\u00f3cio ambiental - CENED Cursos Online","og_description":"T&Iacute;TULO DO PROJETO Pr&eacute; diagn&oacute;stico da realidade s&oacute;cio ambiental do munic&iacute;pio de Mata- RS, atrav&eacute;s de uma metodologia qualitativa de pesquisa. Autora: Renata Baco Hartmann TEMA Pr&eacute; diagn&oacute;stico da realidade s&oacute;cio ambiental RESUMO Para a realiza&ccedil;&atilde;o do pr&eacute; diagn&oacute;stico da realidade s&oacute;cio ambiental do munic&iacute;pio de Mata- RS, dever&aacute; ser utilizada uma metodologia qualitativa de [&hellip;]","og_url":"https:\/\/cenedcursos.com.br\/meio-ambiente\/priagnco-da-realidade-s-ambiental\/","og_site_name":"CENED Cursos Online","article_published_time":"2007-02-19T17:52:09+00:00","author":"Amarildo R. Ferrari","twitter_card":"summary_large_image","twitter_misc":{"Escrito por":"Amarildo R. Ferrari","Est. tempo de leitura":"9 minutos"},"schema":{"@context":"https:\/\/schema.org","@graph":[{"@type":"WebPage","@id":"https:\/\/cenedcursos.com.br\/meio-ambiente\/priagnco-da-realidade-s-ambiental\/","url":"https:\/\/cenedcursos.com.br\/meio-ambiente\/priagnco-da-realidade-s-ambiental\/","name":"Pr\u00e9 diagn\u00f3stico da realidade s\u00f3cio ambiental - CENED Cursos Online","isPartOf":{"@id":"https:\/\/cenedcursos.com.br\/meio-ambiente\/#website"},"datePublished":"2007-02-19T17:52:09+00:00","author":{"@id":"https:\/\/cenedcursos.com.br\/meio-ambiente\/#\/schema\/person\/64377d24cdc16779a1eb6229894af388"},"breadcrumb":{"@id":"https:\/\/cenedcursos.com.br\/meio-ambiente\/priagnco-da-realidade-s-ambiental\/#breadcrumb"},"inLanguage":"pt-BR","potentialAction":[{"@type":"ReadAction","target":["https:\/\/cenedcursos.com.br\/meio-ambiente\/priagnco-da-realidade-s-ambiental\/"]}]},{"@type":"BreadcrumbList","@id":"https:\/\/cenedcursos.com.br\/meio-ambiente\/priagnco-da-realidade-s-ambiental\/#breadcrumb","itemListElement":[{"@type":"ListItem","position":1,"name":"In\u00edcio","item":"https:\/\/cenedcursos.com.br\/meio-ambiente\/"},{"@type":"ListItem","position":2,"name":"Pr\u00e9 diagn\u00f3stico da realidade s\u00f3cio ambiental"}]},{"@type":"WebSite","@id":"https:\/\/cenedcursos.com.br\/meio-ambiente\/#website","url":"https:\/\/cenedcursos.com.br\/meio-ambiente\/","name":"CENED Cursos Online","description":"Aqui voc\u00ea encontra artigos em diversas \u00e1reas do conhecimento: meio ambiente, educa\u00e7\u00e3o, marketing digital, neg\u00f3cios online e muito mais.","potentialAction":[{"@type":"SearchAction","target":{"@type":"EntryPoint","urlTemplate":"https:\/\/cenedcursos.com.br\/meio-ambiente\/?s={search_term_string}"},"query-input":{"@type":"PropertyValueSpecification","valueRequired":true,"valueName":"search_term_string"}}],"inLanguage":"pt-BR"},{"@type":"Person","@id":"https:\/\/cenedcursos.com.br\/meio-ambiente\/#\/schema\/person\/64377d24cdc16779a1eb6229894af388","name":"Amarildo R. Ferrari","image":{"@type":"ImageObject","inLanguage":"pt-BR","@id":"https:\/\/cenedcursos.com.br\/meio-ambiente\/#\/schema\/person\/image\/","url":"https:\/\/secure.gravatar.com\/avatar\/6ea4248ca9f295c93f1b72f8398232f0fbbffe30349e6ec3839cfa5e09b0de3c?s=96&d=mm&r=g","contentUrl":"https:\/\/secure.gravatar.com\/avatar\/6ea4248ca9f295c93f1b72f8398232f0fbbffe30349e6ec3839cfa5e09b0de3c?s=96&d=mm&r=g","caption":"Amarildo R. Ferrari"},"sameAs":["https:\/\/cenedcursos.com.br\/meio-ambiente"],"url":"https:\/\/cenedcursos.com.br\/meio-ambiente\/author\/admin\/"}]}},"jetpack_featured_media_url":"","jetpack_sharing_enabled":true,"_links":{"self":[{"href":"https:\/\/cenedcursos.com.br\/meio-ambiente\/wp-json\/wp\/v2\/posts\/111","targetHints":{"allow":["GET"]}}],"collection":[{"href":"https:\/\/cenedcursos.com.br\/meio-ambiente\/wp-json\/wp\/v2\/posts"}],"about":[{"href":"https:\/\/cenedcursos.com.br\/meio-ambiente\/wp-json\/wp\/v2\/types\/post"}],"author":[{"embeddable":true,"href":"https:\/\/cenedcursos.com.br\/meio-ambiente\/wp-json\/wp\/v2\/users\/1"}],"replies":[{"embeddable":true,"href":"https:\/\/cenedcursos.com.br\/meio-ambiente\/wp-json\/wp\/v2\/comments?post=111"}],"version-history":[{"count":0,"href":"https:\/\/cenedcursos.com.br\/meio-ambiente\/wp-json\/wp\/v2\/posts\/111\/revisions"}],"wp:attachment":[{"href":"https:\/\/cenedcursos.com.br\/meio-ambiente\/wp-json\/wp\/v2\/media?parent=111"}],"wp:term":[{"taxonomy":"category","embeddable":true,"href":"https:\/\/cenedcursos.com.br\/meio-ambiente\/wp-json\/wp\/v2\/categories?post=111"},{"taxonomy":"post_tag","embeddable":true,"href":"https:\/\/cenedcursos.com.br\/meio-ambiente\/wp-json\/wp\/v2\/tags?post=111"}],"curies":[{"name":"wp","href":"https:\/\/api.w.org\/{rel}","templated":true}]}}