{"id":112,"date":"2007-02-20T08:51:03","date_gmt":"2007-02-20T08:51:03","guid":{"rendered":"http:\/\/www.cenedcursos.com.br\/?p=112"},"modified":"2007-02-20T08:51:03","modified_gmt":"2007-02-20T08:51:03","slug":"o-bio-e-a-responsabilidade-social-projeto-multiplicadores-ambientais","status":"publish","type":"post","link":"https:\/\/cenedcursos.com.br\/meio-ambiente\/o-bio-e-a-responsabilidade-social-projeto-multiplicadores-ambientais\/","title":{"rendered":"O Bi\u00f3logo e a Responsabilidade Social &#8211; Projeto Multiplicadores Ambientais"},"content":{"rendered":"<p>\u00a0<\/p>\n<div style=\"text-align: justify;\"><span style=\"font-family: Arial; font-weight: bold;\">TEMA: O Bi\u00f3logo e a Responsabilidade Social \u2013 Projeto Multiplicadores Ambientais. <\/span><br style=\"font-family: Arial; font-weight: bold;\" \/><\/div>\n<p> <span style=\"font-family: Arial;\">Autora: M\u00e1rcia Nagem Krag<\/span><br style=\"font-family: Arial;\" \/><\/p>\n<div style=\"text-align: justify;\"><span style=\"font-family: Arial; font-weight: bold;\">RESUMO <\/span><br style=\"font-family: Arial;\" \/> <br style=\"font-family: Arial;\" \/> <span style=\"font-family: Arial;\">Este Projeto pretende promover a Educa\u00e7\u00e3o Ambiental nas comunidades escolares na cidade de Bel\u00e9m (PA), atrav\u00e9s dos acad\u00eamicos com experi\u00eancias em doc\u00eancia, transformando-os em multiplicadores de suas pr\u00e1ticas, fomentando, desta forma, a difus\u00e3o da EA tanto nas escolas de ensino fundamental como no ensino m\u00e9dio da rede p\u00fablica de ensino.<\/span><br style=\"font-family: Arial;\" \/> <br style=\"font-family: Arial;\" \/> <span style=\"font-family: Arial; font-weight: bold;\">INTRODU\u00c7\u00c3O<\/span><br style=\"font-family: Arial;\" \/> <br style=\"font-family: Arial;\" \/> <span style=\"font-family: Arial;\">A Floresta Amaz\u00f4nica \u00e9 a grande respons\u00e1vel por boa parte da riqueza natural do pa\u00eds. Com 5,5 milh\u00f5es de quil\u00f4metros quadrados, possui nada menos que um ter\u00e7o de todas as esp\u00e9cies vivas do planeta, \u00e9 o maior celeiro e biodiversidade da Terra, e boa parte das esp\u00e9cies ainda \u00e9 desconhecida. Segundo Silvio Campos, pesquisas realizadas na Amaz\u00f4nia indicam existir mais de 10 milh\u00f5es de esp\u00e9cies vivas em toda a floresta, mas o n\u00famero real \u00e9 incalcul\u00e1vel. As florestas da regi\u00e3o concentram 60% de todas as formas de vida do planeta, mas somente 30% de todas elas s\u00e3o conhecidas pela ci\u00eancia. Quantos segredos e novas esp\u00e9cies de peixes, p\u00e1ssaros, e muitas outras formas de vida ainda desconhecemos?<\/span><br style=\"font-family: Arial;\" \/> <span style=\"font-family: Arial;\">Bel\u00e9m \u00e9 a capital do Estado do Par\u00e1, a chamada Metr\u00f3pole da Amaz\u00f4nia e que t\u00eam sido a porta de entrada para muitos pesquisadores do mundo inteiro, assim como madeireiros, grileiros, pecuaristas, sojeiros, mineradoras e muitos outros exploradores dos recursos naturais existentes neste Estado. Bel\u00e9m possui 1.253.164 km2 de extens\u00e3o e cerca de 16% das suas florestas e campos j\u00e1 foram alterados pelas atividades humanas sendo o desmatamento desordenado e a extra\u00e7\u00e3o ilegal de madeiras, uma das causas mais preocupantes. O tr\u00e1fico de animais silvestres tamb\u00e9m \u00e9 um fator preocupante. Segundo Ima Vieira , diretora do Museu Paraense Emilio Goeldi, no plano ambiental, a Amaz\u00f4nia em especial o Par\u00e1, t\u00eam sido alvo de crescente aten\u00e7\u00e3o tanto a n\u00edvel nacional como internacional. Os conflitos de interesses que permeiam as quest\u00f5es do uso dos recursos naturais da regi\u00e3o t\u00eam se manifestado no acirramento da viol\u00eancia no campo, perigo crescente para aqueles que defendem as quest\u00f5es ambientais. Governos de diversos pa\u00edses e ONG\u00b4s de meio ambiente tem atuado no sentido de buscar a aprova\u00e7\u00e3o de legisla\u00e7\u00f5es mais r\u00edgidas e uma fiscaliza\u00e7\u00e3o mais atuante para combater o crime ecol\u00f3gico. <\/span><br style=\"font-family: Arial;\" \/> <span style=\"font-family: Arial;\">Al\u00e9m dos in\u00fameros conflitos de interesses pol\u00edticos, encontramos dificuldades em desiludir a popula\u00e7\u00e3o quanto aos sonhados benef\u00edcios do progresso, e entendendo os motivos, se conscientize da import\u00e2ncia das florestas para o equil\u00edbrio ecol\u00f3gico do planeta Terra, para o bom funcionamento do clima e que, o meio ambiente em seu bom funcionamento \u00e9 essencial para a exist\u00eancia de qualquer forma de vida na terra, inclusive e principalmente a humana. <\/span><br style=\"font-family: Arial;\" \/> <br style=\"font-family: Arial;\" \/> <span style=\"font-family: Arial;\">De acordo com Michele Sato, as rela\u00e7\u00f5es da sociedade com o meio ambiente est\u00e3o muito ligadas \u00e0 cultura na qual esta sujeita, destacando-se a dificuldade do encontro de solu\u00e7\u00f5es aos problemas s\u00f3cio-ambientais pois mudar h\u00e1bitos, desenvolver consci\u00eancia, preservar a cultura, reeducar, s\u00e3o tarefas bastantes complexas apesar de serem essenciais \u00e0 preserva\u00e7\u00e3o da qualidade de vida do planeta.<\/span><br style=\"font-family: Arial;\" \/> <br style=\"font-family: Arial;\" \/> <span style=\"font-family: Arial;\">Diante o exposto e levando em considera\u00e7\u00e3o todos os problemas ambientais existente em nossa regi\u00e3o, acreditamos que a Educa\u00e7\u00e3o Ambiental em todas as esferas da sociedade \u00e9 um ponto de partida para a t\u00e3o necess\u00e1ria nova vis\u00e3o do mundo. <\/span><br style=\"font-family: Arial;\" \/> <br style=\"font-family: Arial;\" \/> <span style=\"font-family: Arial; font-weight: bold;\">OBJETIVO GERAL<\/span><br style=\"font-family: Arial;\" \/> <br style=\"font-family: Arial;\" \/> <span style=\"font-family: Arial;\">Promover a Educa\u00e7\u00e3o Ambiental nas comunidades escolares na cidade de Bel\u00e9m\/PAR\u00c1.<\/span><br style=\"font-family: Arial;\" \/> <br style=\"font-family: Arial;\" \/> <span style=\"font-family: Arial; font-weight: bold;\">OBJETIVOS ESPEC\u00cdFICOS<\/span><br style=\"font-family: Arial;\" \/>  <\/p>\n<ul>\n<li><span style=\"font-family: Arial;\">Transformar os acad\u00eamicos das quatro \u00faltimas turmas de Biologia em multiplicadores das pr\u00e1ticas por eles vivenciados;<\/span><\/li>\n<\/ul>\n<ul>\n<li><span style=\"font-family: Arial;\">Refor\u00e7ar o papel das escolas e dos educadores na forma\u00e7\u00e3o de agentes multiplicadores de EA;<\/span><\/li>\n<\/ul>\n<ul>\n<li><span style=\"font-family: Arial;\">Fomentar a difus\u00e3o da EA em todas as disciplinas do curr\u00edculo escolar primeiramente nas escolas de ensino fundamental e posteriormente no E. M\u00e9dio da rede p\u00fablica do ensino;<\/span><\/li>\n<\/ul>\n<ul>\n<li><span style=\"font-family: Arial;\">Sensibilizar e conscientizar os estudantes e comunidade escolar em geral de sobre os mais ligados \u00e0s necessidades locais.<\/span><\/li>\n<\/ul>\n<p> <span style=\"font-family: Arial; font-weight: bold;\"> JUSTIFICATIVA<\/span><br style=\"font-family: Arial;\" \/> <br style=\"font-family: Arial;\" \/> <span style=\"font-family: Arial;\">Em virtude da r\u00e1pida degrada\u00e7\u00e3o do planeta e consequente amea\u00e7a \u00e0 qualidade de vida, t\u00eam se tornado cada vez mais emergencial a abrang\u00eancia da Educa\u00e7\u00e3o Ambiental (EA) no ensino formal, como conceito transversal a todas as disciplinas oferecidas, participando ativamente da transdisciplinaridade, conduzindo e aplicando seus objetivos nos \u00e2mbitos sociais, pol\u00edticos, culturais, religiosos, profissionais e educacionais.<\/span><br style=\"font-family: Arial;\" \/> <br style=\"font-family: Arial;\" \/> <span style=\"font-family: Arial;\">Como os problemas ambientais n\u00e3o s\u00e3o independentes entre si, todos os seres humanos na Terra devem se mobilizar e fazer a sua parte, em aten\u00e7\u00e3o os ambientes de ensino formal onde passamos uma boa parte de nossas vidas. <\/span><br style=\"font-family: Arial;\" \/> <span style=\"font-family: Arial;\">Sabemos que a Educa\u00e7\u00e3o Ambiental por si s\u00f3, n\u00e3o resolver\u00e1 todos os problemas, mas poder\u00e1 contribuir muito para tal, pois uma vez conscientes de nossos direitos e deveres para com o meio ambiente, o homem educado e ensinado, poder\u00e1 ser mais justos e \u00e9ticos nessas rela\u00e7\u00f5es, contribuindo para o desenvolvimento sustent\u00e1vel.<\/span><br style=\"font-family: Arial;\" \/> <br style=\"font-family: Arial;\" \/> <span style=\"font-family: Arial;\">No ensino formal, a escola se destaca como sendo o principal meio de promover o desenvolvimento do cidad\u00e3o, pois atrav\u00e9s de seus projetos pedag\u00f3gicos s\u00e3o tra\u00e7ados os diferentes caracter\u00edsticas de posicionamento humano na sociedade que se desejam formar e os tipos de transforma\u00e7\u00f5es sociais que se pretendem atrav\u00e9s de suas interven\u00e7\u00f5es. Ent\u00e3o, no \u00e2mbito educacional, confirma-se que a EA dever\u00e1 permear todas as disciplinas do curr\u00edculo formal, fomentando a educa\u00e7\u00e3o dos educandos para o exerc\u00edcio pleno da cidadania consciente e \u00e9tica. <\/span><br style=\"font-family: Arial;\" \/> <br style=\"font-family: Arial;\" \/> <span style=\"font-family: Arial;\">Considerando a import\u00e2ncia da tem\u00e1tica ambiental e a vis\u00e3o integrada do mundo, acreditamos que seja poss\u00edvel \u00e0s escolas oferecerem meios efetivos para qu<br \/>\ne cada aluno compreenda os fen\u00f4menos naturais, a interfer\u00eancia das a\u00e7\u00f5es humanas e sua conseq\u00fc\u00eancia para o meio ambiente e todas as formas de vida existentes nele, ao mesmo tempo contribuindo na forma\u00e7\u00e3o de cidad\u00e3os respons\u00e1veis e conscientes de seus direitos e deveres para com o meio ambiente e desta forma atrav\u00e9s destes cidad\u00e3os conscientes, fomentar o desenvolvimento de a\u00e7\u00f5es que visem \u00e0 minimiza\u00e7\u00e3o dos problemas pertinentes \u00e0 crise ambiental decorrentes da desenfreada degrada\u00e7\u00e3o do meio ambiente e da insustentabilidade, tendo em vista que a escola \u00e9 o espa\u00e7o social e o local onde o aluno d\u00e1 seq\u00fc\u00eancia ao seu processo de socializa\u00e7\u00e3o.<\/span><br style=\"font-family: Arial;\" \/> <span style=\"font-family: Arial;\">Trabalhar o tema proposto neste projeto pode ser um ponto de partida para refor\u00e7ar o papel das escolas na forma\u00e7\u00e3o de agentes multiplicadores de EA.<\/span><br style=\"font-family: Arial;\" \/> <br style=\"font-family: Arial;\" \/> <span style=\"font-family: Arial; font-weight: bold;\">CARACTER\u00cdSTICAS DO PROJETO<\/span><br style=\"font-family: Arial;\" \/> <br style=\"font-family: Arial;\" \/> <span style=\"font-family: Arial; font-weight: bold;\">O P\u00fablico Alvo<\/span><br style=\"font-family: Arial;\" \/> <br style=\"font-family: Arial;\" \/> <span style=\"font-family: Arial;\">Estar\u00e3o envolvidos neste projeto cerca de 48 alunos, sendo 12 por turma de trabalho e, 2 professores de Educa\u00e7\u00e3o Ambiental da institui\u00e7\u00e3o que ir\u00e3o orientar os planejamentos dos alunos.<\/span><br style=\"font-family: Arial;\" \/> <br style=\"font-family: Arial;\" \/> <span style=\"font-family: Arial;\">O p\u00fablico alvo s\u00e3o alunos de ensino fundamental (1\u00aa a 8\u00aa s\u00e9ries) de escolas p\u00fablicas \u2013 16 escolas, do Munic\u00edpio de Bel\u00e9m, capital do estado do Par\u00e1.<\/span><br style=\"font-family: Arial;\" \/> <br style=\"font-family: Arial;\" \/> <span style=\"font-family: Arial;\">&#8211; Esses alunos t\u00eam em m\u00e9dia idade entre 6 a 14 anos, e compreende um per\u00edodo de transi\u00e7\u00e3o para a adolesc\u00eancia. Nesse per\u00edodo costuma-se trabalhar a quest\u00e3o do desenvolvimento de personalidade, da postura enquanto cidad\u00e3o, dos valores, das rela\u00e7\u00f5es sociais, dentre outros aspectos indispens\u00e1veis ao desenvolvimento pessoal por isso, a import\u00e2ncia de se trabalhar este tema desde crian\u00e7a;<\/span><br style=\"font-family: Arial;\" \/> <br style=\"font-family: Arial;\" \/> <span style=\"font-family: Arial; font-weight: bold;\">DURA\u00c7\u00c3O DO PROJETO<\/span><br style=\"font-family: Arial;\" \/> <br style=\"font-family: Arial;\" \/> <span style=\"font-family: Arial;\">O tempo total de dura\u00e7\u00e3o deste projeto \u00e9 de um ano que compreende desde os levantamentos de dados em rela\u00e7\u00e3o as comunidades escolares a serem trabalhadas, at\u00e9 o resultado final que culminar\u00e1 na constru\u00e7\u00e3o e apresenta\u00e7\u00e3o de um artigo.<\/span><br style=\"font-family: Arial;\" \/> <br style=\"font-family: Arial;\" \/> <span style=\"font-family: Arial;\">Durante oito meses, do m\u00eas de mar\u00e7o at\u00e9 o m\u00eas de novembro, os grupos divididos em sub grupos de 6 pessoas cada, ir\u00e3o visitar as escolas que receber\u00e3o os acad\u00eamicos de Biologia onde ser\u00e3o trabalhados os temas previamente selecionados de acordo com as necessidades locais.<\/span><br style=\"font-family: Arial;\" \/> <br style=\"font-family: Arial;\" \/> <span style=\"font-family: Arial; font-weight: bold;\">METODOLOGIA<\/span><br style=\"font-family: Arial;\" \/> <br style=\"font-family: Arial;\" \/> <span style=\"font-family: Arial;\">Cada um dos grupos visitar\u00e1 2 escolas por m\u00eas para trabalhar o tema escolhido e atrav\u00e9s de um rod\u00edzio, a cada m\u00eas o grupo mudar\u00e1 de escola, assim, no final todos os grupos ter\u00e3o trabalhado em todas as escolas participantes do projeto, e atrav\u00e9s dessas viv\u00eancias, os acad\u00eamicos de Biologia ao passo que contribuem para difus\u00e3o da EA, tamb\u00e9m estar\u00e3o refor\u00e7ando suas experi\u00eancias enquanto educadores. <\/span><br style=\"font-family: Arial;\" \/> <br style=\"font-family: Arial;\" \/> <span style=\"font-family: Arial;\">Temas b\u00e1sicos:<\/span><br style=\"font-family: Arial;\" \/><\/div>\n<ul style=\"text-align: justify;\">\n<li><span style=\"font-family: Arial;\">Meio Ambiente, <\/span><\/li>\n<\/ul>\n<ul style=\"text-align: justify;\">\n<li><span style=\"font-family: Arial;\">Lixo, <\/span><\/li>\n<\/ul>\n<ul style=\"text-align: justify;\">\n<li><span style=\"font-family: Arial;\">Desmatamento, <\/span><\/li>\n<\/ul>\n<ul style=\"text-align: justify;\">\n<li><span style=\"font-family: Arial;\">Polui\u00e7\u00e3o, <\/span><\/li>\n<\/ul>\n<ul style=\"text-align: justify;\">\n<li><span style=\"font-family: Arial;\">\u00c1gua, <\/span><\/li>\n<\/ul>\n<ul style=\"text-align: justify;\">\n<li><span style=\"font-family: Arial;\">Mudan\u00e7as Clim\u00e1ticas, <\/span><\/li>\n<\/ul>\n<ul style=\"text-align: justify;\">\n<li><span style=\"font-family: Arial;\">Impactos sobre a Vida <\/span><\/li>\n<\/ul>\n<ul style=\"text-align: justify;\">\n<li><span style=\"font-family: Arial;\">Conserva\u00e7\u00e3o e Preserva\u00e7\u00e3o<\/span><\/li>\n<\/ul>\n<div style=\"text-align: justify;\"><span style=\"font-family: Arial;\"> Pretendemos sensibilizar e conscientizar os participantes dos grupos atrav\u00e9s de uma linguagem acess\u00edvel e clara mostrando os caminhos da EA para uma nova vis\u00e3o do mundo, colaborando para a constru\u00e7\u00e3o de cidad\u00e3os justos e conscientes de seus deveres para com o meio ambiente. <\/span><br style=\"font-family: Arial;\" \/> <br style=\"font-family: Arial;\" \/> <span style=\"font-family: Arial;\">Sabemos que n\u00e3o existe um modelo padr\u00e3o de metodologia para se trabalhar a Educa\u00e7\u00e3o Ambiental, e sim que ela deve ser trabalhada a partir das necessidades locais observadas, mas, neste projeto pretendemos atrav\u00e9s da realiza\u00e7\u00e3o de oficinas, gincanas, desenhos, distribui\u00e7\u00e3o de alguns brindes e atrav\u00e9s de outras atividades abaixo relacionadas, atrair a aten\u00e7\u00e3o do p\u00fablico alvo. Sabemos tamb\u00e9m, que muitas dessas crian\u00e7as v\u00e3o para escola mal alimentadas, levando problemas de casa, muitos v\u00e3o for\u00e7ados, etc. Desta forma, ser\u00e3o realizados levantamento de dados nas comunidades escolares a fim de viabilizar uma metodologia mais adequada poss\u00edvel a realidade de cada escola. Ent\u00e3o como transmitir o tema de forma criativa e aproveitadora?<\/span><br style=\"font-family: Arial;\" \/> <br style=\"font-family: Arial;\" \/> <span style=\"font-family: Arial;\">&#8211; Levando-os (dependendo do tema) para aula extra classe, pois s\u00f3 o fato de conhecer algo novo j\u00e1 desperta uma curiosidade;<\/span><br style=\"font-family: Arial;\" \/> <span style=\"font-family: Arial;\">&#8211; Apresentado filmes, cartilhas em forma de quadrinhos;<\/span><br style=\"font-family: Arial;\" \/> <span style=\"font-family: Arial;\">&#8211; Fazendo pequenos teatros; trabalhando com massa de modelar;<\/span><br style=\"font-family: Arial;\" \/> <span style=\"font-family: Arial;\">&#8211; Construindo maquetes, com elementos que eles julguem serem importante para o equil\u00edbrio do meio ambiente e a manuten\u00e7\u00e3o da vida na terra;<\/span><br style=\"font-family: Arial;\" \/> <span style=\"font-family: Arial;\">&#8211; Construindo pain\u00e9is com reportagens levadas por eles, que retratem o meio ambiente, as a\u00e7\u00f5es do homem interferindo o ciclo natural e as consequ\u00eancias dessas a\u00e7\u00f5es para todas as formas de vida existentes no planeta;<\/span><br style=\"font-family: Arial;\" \/> <span style=\"font-family: Arial;\">&#8211; Fazendo concurso de reda\u00e7\u00f5es sobre os temas; cartas ou desenhos com solu\u00e7\u00f5es criadas por eles, para minimizar os problemas ambientais;<\/span><br style=\"font-family: Arial;\" \/> <span style=\"font-family: Arial;\">&#8211; Trabalhando a partir dos pr\u00f3prios conhecimentos de cada crian\u00e7a e adolescente, fazendo com que elas se percebam como parte integrante do meio ambiente e se torne multiplicador dessa pr\u00e1tica;<\/span><br style=\"font-family: Arial;\" \/> <span style=\"font-family: Arial;\">OBS: Ao final de cada atividade haver\u00e1 um momento de reflex\u00e3o sobre o que foi trabalhado.<\/span><br style=\"font-family: Arial;\" \/> <br style=\"font-family: Arial;\" \/> <span style=\"font-family: Arial; font-weight: bold;\">RECURSOS<\/span><br style=\"font-family: Arial;\" \/><\/div>\n<ul style=\"font-weight: bold; text-align: justify;\">\n<li><span style=\"font-family: Arial;\">Recursos humanos:<\/span><\/li>\n<\/ul>\n<div style=\"text-align: justify;\"><span style=\"font-family: Arial;\"> &#8211; Os alunos envolvidos no projeto, <\/span><br st\nyle=\"font-family: Arial;\" \/> <span style=\"font-family: Arial;\">&#8211; Os professores orientadores;<\/span><br style=\"font-family: Arial;\" \/> <span style=\"font-family: Arial;\">&#8211; Diretores e professores das escolas envolvidas;<\/span><br style=\"font-family: Arial;\" \/> <span style=\"font-family: Arial;\">&#8211; Poss\u00edveis volunt\u00e1rios que possam vir a surgir;<\/span><br style=\"font-family: Arial;\" \/> <span style=\"font-family: Arial;\">&#8211; Apoio suporte operacional (para equipamentos que possam ser utiliados);<\/span><br style=\"font-family: Arial;\" \/><\/div>\n<ul style=\"text-align: justify;\">\n<li><span style=\"font-family: Arial; font-weight: bold;\">Recursos Materiais:<\/span><\/li>\n<\/ul>\n<div style=\"text-align: justify;\"><span style=\"font-family: Arial;\"> &#8211; Papel A4 (resmas);<\/span><br style=\"font-family: Arial;\" \/> <span style=\"font-family: Arial;\">&#8211; Massa de modelar (caixinhas);<\/span><br style=\"font-family: Arial;\" \/> <span style=\"font-family: Arial;\">&#8211; L\u00e1pis de cor (caixinhas);<\/span><br style=\"font-family: Arial;\" \/> <span style=\"font-family: Arial;\">&#8211; Cartolinas (dezenas);<\/span><br style=\"font-family: Arial;\" \/> <span style=\"font-family: Arial;\">&#8211; \u00d4nibus (para condu\u00e7\u00e3o em poss\u00edveis aulas externas);<\/span><br style=\"font-family: Arial;\" \/> <span style=\"font-family: Arial;\">&#8211; Condu\u00e7\u00e3o dos universit\u00e1rios envolvidos no projeto at\u00e9 as escolas;<\/span><br style=\"font-family: Arial;\" \/> <span style=\"font-family: Arial;\">&#8211; Aparelho Retro projetor (caso n\u00e3o haja nas escolas envolvidas);<\/span><br style=\"font-family: Arial;\" \/> <span style=\"font-family: Arial;\">&#8211; Multim\u00eddia (Aparelho data show);<\/span><br style=\"font-family: Arial;\" \/> <span style=\"font-family: Arial;\">&#8211; Brindes (podem ser alguns bombons, biscoitos, livros em quadrinhos, cartilhas, etc);<\/span><br style=\"font-family: Arial;\" \/> <span style=\"font-family: Arial;\">&#8211; Impressos em geral (material did\u00e1tico, convites, folders \u2013 para divulga\u00e7\u00e3o);<\/span><br style=\"font-family: Arial;\" \/> <span style=\"font-family: Arial;\">&#8211; Materiais recicl\u00e1veis (vidros, pl\u00e1sticos, garrafas peti, caixas, etc);<\/span><br style=\"font-family: Arial;\" \/> <span style=\"font-family: Arial;\">&#8211; Camisetas e bon\u00e9s (com divulga\u00e7\u00e3o do projeto);<\/span><br style=\"font-family: Arial;\" \/> <span style=\"font-family: Arial;\">&#8211; Maquina fotogr\u00e1fica (para registrar o desenvolvimento das atividades);<\/span><br style=\"font-family: Arial;\" \/> <span style=\"font-family: Arial;\">&#8211; Etc. <\/span><br style=\"font-family: Arial;\" \/> <br style=\"font-family: Arial;\" \/> <span style=\"font-family: Arial; font-weight: bold;\">CRONOGRAMA<\/span><br style=\"font-family: Arial;\" \/> <br style=\"font-family: Arial;\" \/> <span style=\"font-family: Arial; font-weight: bold;\">ATIVIDADES \/ PER\u00cdODO<\/span><br style=\"font-family: Arial;\" \/> <br style=\"font-family: Arial;\" \/> <span style=\"font-family: Arial;\">Sorteio das escolas por equipes (Fev)<\/span><br style=\"font-family: Arial;\" \/> <br style=\"font-family: Arial;\" \/> <span style=\"font-family: Arial;\">Levantamento de dados das comunidades escolares (Fev)<\/span><br style=\"font-family: Arial;\" \/> <br style=\"font-family: Arial;\" \/> <span style=\"font-family: Arial;\">Constru\u00e7\u00e3o dos planos de atividades e orienta\u00e7\u00f5es (Fev e Jul)<\/span><br style=\"font-family: Arial;\" \/> <br style=\"font-family: Arial;\" \/> <span style=\"font-family: Arial;\">Aplica\u00e7\u00e3o das atividades (Mar a Nov)<\/span><br style=\"font-family: Arial;\" \/> <br style=\"font-family: Arial;\" \/> <span style=\"font-family: Arial;\">Coleta de dados para an\u00e1lises (Mar a Nov)<\/span><br style=\"font-family: Arial;\" \/> <br style=\"font-family: Arial;\" \/> <span style=\"font-family: Arial;\">An\u00e1lise de dados (Dez) <\/span><br style=\"font-family: Arial;\" \/> <br style=\"font-family: Arial;\" \/> <span style=\"font-family: Arial;\">Interpreta\u00e7\u00e3o de dados (Dez)<\/span><br style=\"font-family: Arial;\" \/> <br style=\"font-family: Arial;\" \/> <span style=\"font-family: Arial;\">Constru\u00e7\u00e3o dos Artigos (Jan)<\/span><br style=\"font-family: Arial;\" \/> <br style=\"font-family: Arial;\" \/> <span style=\"font-family: Arial;\">Apresenta\u00e7\u00e3o dos Artigos ao IES (Fev) <\/span><br style=\"font-family: Arial;\" \/> <br style=\"font-family: Arial;\" \/> <span style=\"font-family: Arial; font-weight: bold;\">RESPALDO BIBLIOGR\u00c1FICO<\/span><br style=\"font-family: Arial;\" \/> <br style=\"font-family: Arial;\" \/> <span style=\"font-family: Arial;\">DIAS, Genebaldo Freire. Atividades Interdisciplinares de educa\u00e7\u00e3o ambiental. 2\u00aa ed. S\u00e3o Paulo: Gaia, 2006.<\/span><br style=\"font-family: Arial;\" \/> <br style=\"font-family: Arial;\" \/> <span style=\"font-family: Arial;\">Desenvolvimento e Meio Ambiente: Interdisciplinaridade, meio ambiente e desenvolvimento: desafios e avan\u00e7os do ensino e da pesquisa. Curitiba: Editota UFPR, n. 10, 2004.<\/span><br style=\"font-family: Arial;\" \/> <br style=\"font-family: Arial;\" \/> <span style=\"font-family: Arial;\">FORLINE, Louis; MURRIETA, Rui; VIEIRA, Ima (Orgs.). Amaz\u00f4nia al\u00e9m dos 500 anos. Bel\u00e9m: Museu Paraense Em\u00edlio Goeldi, 2005.<\/span><br style=\"font-family: Arial;\" \/> <br style=\"font-family: Arial;\" \/> <span style=\"font-family: Arial;\">GON\u00c7ALVES, Carlos Walter Porto. Os (DES) caminhos do meio ambiente. 12 \u00aa ed. S\u00e3o Paulo: Contexto, 2005<\/span><br style=\"font-family: Arial;\" \/> <br style=\"font-family: Arial;\" \/> <span style=\"font-family: Arial;\">PADILHA, Paulo Roberto. Projeto Pol\u00edtico-Pedag\u00f3gico: Caminho para uma escola cidad\u00e3 mais bela, prazerosa e aprendente.<\/span><br style=\"font-family: Arial;\" \/> <span style=\"font-family: Arial;\">Dispon\u00edvel em www. paulofreire.org \u2013 consultado dia 02\/12\/2006 \u00e0s 11h 50min.<\/span><br style=\"font-family: Arial;\" \/> <br style=\"font-family: Arial;\" \/> <span style=\"font-family: Arial;\">SATO, M. Educa\u00e7\u00e3o Ambiental. S\u00e3o Carlos, RiMa, 2004.<\/span><br style=\"font-family: Arial;\" \/> <br style=\"font-family: Arial;\" \/> <span style=\"font-family: Arial;\">SALMASO, L. J. FERMIN, R. M. B. Projeto Pol\u00edtico-Pedag\u00f3gico: uma perspectiva de identidade no exerc\u00edcio da autonomia.<\/span><br style=\"font-family: Arial;\" \/> <span style=\"font-family: Arial;\">Dispon\u00edvel em www.cefetsp.br\/edu\/sinergia\/4p32c.html &#8211; consultado dia 02\/12\/2006 &#8211; \u00e0s 11h 47min.<\/span><br style=\"font-family: Arial;\" \/> <br style=\"font-family: Arial;\" \/> <span style=\"font-family: Arial;\">ZEPPONE, R. M. O. Educa\u00e7\u00e3o Ambiental: Teorias e Pr\u00e1ticas Escolares. 1 \u00aa ed. Araraquara: JM Editora, 1999.<\/span><\/div>\n","protected":false},"excerpt":{"rendered":"<p>\u00a0 TEMA: O Bi\u00f3logo e a Responsabilidade Social \u2013 Projeto Multiplicadores Ambientais. Autora: M\u00e1rcia Nagem Krag RESUMO Este Projeto pretende promover a Educa\u00e7\u00e3o Ambiental nas comunidades escolares na cidade de Bel\u00e9m (PA), atrav\u00e9s dos acad\u00eamicos com experi\u00eancias em doc\u00eancia, transformando-os em multiplicadores de suas pr\u00e1ticas, fomentando, desta forma, a difus\u00e3o da EA tanto nas escolas [&hellip;]<\/p>\n","protected":false},"author":1,"featured_media":0,"comment_status":"open","ping_status":"open","sticky":false,"template":"","format":"standard","meta":{"_jetpack_memberships_contains_paid_content":false,"footnotes":""},"categories":[3],"tags":[],"class_list":{"0":"post-112","1":"post","2":"type-post","3":"status-publish","4":"format-standard","6":"category-projetos-ambientais"},"yoast_head":"<!-- This site is optimized with the Yoast SEO plugin v25.1 - https:\/\/yoast.com\/wordpress\/plugins\/seo\/ -->\n<title>O Bi\u00f3logo e a Responsabilidade Social - Projeto Multiplicadores Ambientais - CENED Cursos Online<\/title>\n<meta name=\"robots\" content=\"index, follow, max-snippet:-1, max-image-preview:large, max-video-preview:-1\" \/>\n<link rel=\"canonical\" href=\"https:\/\/cenedcursos.com.br\/meio-ambiente\/o-bio-e-a-responsabilidade-social-projeto-multiplicadores-ambientais\/\" \/>\n<meta property=\"og:locale\" content=\"pt_BR\" \/>\n<meta property=\"og:type\" content=\"article\" \/>\n<meta property=\"og:title\" content=\"O Bi\u00f3logo e a Responsabilidade Social - Projeto Multiplicadores Ambientais - CENED Cursos Online\" \/>\n<meta property=\"og:description\" content=\"\u00a0 TEMA: O Bi\u00f3logo e a Responsabilidade Social \u2013 Projeto Multiplicadores Ambientais. Autora: M\u00e1rcia Nagem Krag RESUMO Este Projeto pretende promover a Educa\u00e7\u00e3o Ambiental nas comunidades escolares na cidade de Bel\u00e9m (PA), atrav\u00e9s dos acad\u00eamicos com experi\u00eancias em doc\u00eancia, transformando-os em multiplicadores de suas pr\u00e1ticas, fomentando, desta forma, a difus\u00e3o da EA tanto nas escolas [&hellip;]\" \/>\n<meta property=\"og:url\" content=\"https:\/\/cenedcursos.com.br\/meio-ambiente\/o-bio-e-a-responsabilidade-social-projeto-multiplicadores-ambientais\/\" \/>\n<meta property=\"og:site_name\" content=\"CENED Cursos Online\" \/>\n<meta property=\"article:published_time\" content=\"2007-02-20T08:51:03+00:00\" \/>\n<meta name=\"author\" content=\"Amarildo R. Ferrari\" \/>\n<meta name=\"twitter:card\" content=\"summary_large_image\" \/>\n<meta name=\"twitter:label1\" content=\"Escrito por\" \/>\n\t<meta name=\"twitter:data1\" content=\"Amarildo R. Ferrari\" \/>\n\t<meta name=\"twitter:label2\" content=\"Est. tempo de leitura\" \/>\n\t<meta name=\"twitter:data2\" content=\"11 minutos\" \/>\n<script type=\"application\/ld+json\" class=\"yoast-schema-graph\">{\"@context\":\"https:\/\/schema.org\",\"@graph\":[{\"@type\":\"WebPage\",\"@id\":\"https:\/\/cenedcursos.com.br\/meio-ambiente\/o-bio-e-a-responsabilidade-social-projeto-multiplicadores-ambientais\/\",\"url\":\"https:\/\/cenedcursos.com.br\/meio-ambiente\/o-bio-e-a-responsabilidade-social-projeto-multiplicadores-ambientais\/\",\"name\":\"O Bi\u00f3logo e a Responsabilidade Social - Projeto Multiplicadores Ambientais - CENED Cursos Online\",\"isPartOf\":{\"@id\":\"https:\/\/cenedcursos.com.br\/meio-ambiente\/#website\"},\"datePublished\":\"2007-02-20T08:51:03+00:00\",\"author\":{\"@id\":\"https:\/\/cenedcursos.com.br\/meio-ambiente\/#\/schema\/person\/64377d24cdc16779a1eb6229894af388\"},\"breadcrumb\":{\"@id\":\"https:\/\/cenedcursos.com.br\/meio-ambiente\/o-bio-e-a-responsabilidade-social-projeto-multiplicadores-ambientais\/#breadcrumb\"},\"inLanguage\":\"pt-BR\",\"potentialAction\":[{\"@type\":\"ReadAction\",\"target\":[\"https:\/\/cenedcursos.com.br\/meio-ambiente\/o-bio-e-a-responsabilidade-social-projeto-multiplicadores-ambientais\/\"]}]},{\"@type\":\"BreadcrumbList\",\"@id\":\"https:\/\/cenedcursos.com.br\/meio-ambiente\/o-bio-e-a-responsabilidade-social-projeto-multiplicadores-ambientais\/#breadcrumb\",\"itemListElement\":[{\"@type\":\"ListItem\",\"position\":1,\"name\":\"In\u00edcio\",\"item\":\"https:\/\/cenedcursos.com.br\/meio-ambiente\/\"},{\"@type\":\"ListItem\",\"position\":2,\"name\":\"O Bi\u00f3logo e a Responsabilidade Social &#8211; Projeto Multiplicadores Ambientais\"}]},{\"@type\":\"WebSite\",\"@id\":\"https:\/\/cenedcursos.com.br\/meio-ambiente\/#website\",\"url\":\"https:\/\/cenedcursos.com.br\/meio-ambiente\/\",\"name\":\"CENED Cursos Online\",\"description\":\"Aqui voc\u00ea encontra artigos em diversas \u00e1reas do conhecimento: meio ambiente, educa\u00e7\u00e3o, marketing digital, neg\u00f3cios online e muito mais.\",\"potentialAction\":[{\"@type\":\"SearchAction\",\"target\":{\"@type\":\"EntryPoint\",\"urlTemplate\":\"https:\/\/cenedcursos.com.br\/meio-ambiente\/?s={search_term_string}\"},\"query-input\":{\"@type\":\"PropertyValueSpecification\",\"valueRequired\":true,\"valueName\":\"search_term_string\"}}],\"inLanguage\":\"pt-BR\"},{\"@type\":\"Person\",\"@id\":\"https:\/\/cenedcursos.com.br\/meio-ambiente\/#\/schema\/person\/64377d24cdc16779a1eb6229894af388\",\"name\":\"Amarildo R. Ferrari\",\"image\":{\"@type\":\"ImageObject\",\"inLanguage\":\"pt-BR\",\"@id\":\"https:\/\/cenedcursos.com.br\/meio-ambiente\/#\/schema\/person\/image\/\",\"url\":\"https:\/\/secure.gravatar.com\/avatar\/6ea4248ca9f295c93f1b72f8398232f0fbbffe30349e6ec3839cfa5e09b0de3c?s=96&d=mm&r=g\",\"contentUrl\":\"https:\/\/secure.gravatar.com\/avatar\/6ea4248ca9f295c93f1b72f8398232f0fbbffe30349e6ec3839cfa5e09b0de3c?s=96&d=mm&r=g\",\"caption\":\"Amarildo R. Ferrari\"},\"sameAs\":[\"https:\/\/cenedcursos.com.br\/meio-ambiente\"],\"url\":\"https:\/\/cenedcursos.com.br\/meio-ambiente\/author\/admin\/\"}]}<\/script>\n<!-- \/ Yoast SEO plugin. -->","yoast_head_json":{"title":"O Bi\u00f3logo e a Responsabilidade Social - Projeto Multiplicadores Ambientais - CENED Cursos Online","robots":{"index":"index","follow":"follow","max-snippet":"max-snippet:-1","max-image-preview":"max-image-preview:large","max-video-preview":"max-video-preview:-1"},"canonical":"https:\/\/cenedcursos.com.br\/meio-ambiente\/o-bio-e-a-responsabilidade-social-projeto-multiplicadores-ambientais\/","og_locale":"pt_BR","og_type":"article","og_title":"O Bi\u00f3logo e a Responsabilidade Social - Projeto Multiplicadores Ambientais - CENED Cursos Online","og_description":"\u00a0 TEMA: O Bi\u00f3logo e a Responsabilidade Social \u2013 Projeto Multiplicadores Ambientais. Autora: M\u00e1rcia Nagem Krag RESUMO Este Projeto pretende promover a Educa\u00e7\u00e3o Ambiental nas comunidades escolares na cidade de Bel\u00e9m (PA), atrav\u00e9s dos acad\u00eamicos com experi\u00eancias em doc\u00eancia, transformando-os em multiplicadores de suas pr\u00e1ticas, fomentando, desta forma, a difus\u00e3o da EA tanto nas escolas [&hellip;]","og_url":"https:\/\/cenedcursos.com.br\/meio-ambiente\/o-bio-e-a-responsabilidade-social-projeto-multiplicadores-ambientais\/","og_site_name":"CENED Cursos Online","article_published_time":"2007-02-20T08:51:03+00:00","author":"Amarildo R. Ferrari","twitter_card":"summary_large_image","twitter_misc":{"Escrito por":"Amarildo R. Ferrari","Est. tempo de leitura":"11 minutos"},"schema":{"@context":"https:\/\/schema.org","@graph":[{"@type":"WebPage","@id":"https:\/\/cenedcursos.com.br\/meio-ambiente\/o-bio-e-a-responsabilidade-social-projeto-multiplicadores-ambientais\/","url":"https:\/\/cenedcursos.com.br\/meio-ambiente\/o-bio-e-a-responsabilidade-social-projeto-multiplicadores-ambientais\/","name":"O Bi\u00f3logo e a Responsabilidade Social - Projeto Multiplicadores Ambientais - CENED Cursos Online","isPartOf":{"@id":"https:\/\/cenedcursos.com.br\/meio-ambiente\/#website"},"datePublished":"2007-02-20T08:51:03+00:00","author":{"@id":"https:\/\/cenedcursos.com.br\/meio-ambiente\/#\/schema\/person\/64377d24cdc16779a1eb6229894af388"},"breadcrumb":{"@id":"https:\/\/cenedcursos.com.br\/meio-ambiente\/o-bio-e-a-responsabilidade-social-projeto-multiplicadores-ambientais\/#breadcrumb"},"inLanguage":"pt-BR","potentialAction":[{"@type":"ReadAction","target":["https:\/\/cenedcursos.com.br\/meio-ambiente\/o-bio-e-a-responsabilidade-social-projeto-multiplicadores-ambientais\/"]}]},{"@type":"BreadcrumbList","@id":"https:\/\/cenedcursos.com.br\/meio-ambiente\/o-bio-e-a-responsabilidade-social-projeto-multiplicadores-ambientais\/#breadcrumb","itemListElement":[{"@type":"ListItem","position":1,"name":"In\u00edcio","item":"https:\/\/cenedcursos.com.br\/meio-ambiente\/"},{"@type":"ListItem","position":2,"name":"O Bi\u00f3logo e a Responsabilidade Social &#8211; Projeto Multiplicadores Ambientais"}]},{"@type":"WebSite","@id":"https:\/\/cenedcursos.com.br\/meio-ambiente\/#website","url":"https:\/\/cenedcursos.com.br\/meio-ambiente\/","name":"CENED Cursos Online","description":"Aqui voc\u00ea encontra artigos em diversas \u00e1reas do conhecimento: meio ambiente, educa\u00e7\u00e3o, marketing digital, neg\u00f3cios online e muito mais.","potentialAction":[{"@type":"SearchAction","target":{"@type":"EntryPoint","urlTemplate":"https:\/\/cenedcursos.com.br\/meio-ambiente\/?s={search_term_string}"},"query-input":{"@type":"PropertyValueSpecification","valueRequired":true,"valueName":"search_term_string"}}],"inLanguage":"pt-BR"},{"@type":"Person","@id":"https:\/\/cenedcursos.com.br\/meio-ambiente\/#\/schema\/person\/64377d24cdc16779a1eb6229894af388","name":"Amarildo R. Ferrari","image":{"@type":"ImageObject","inLanguage":"pt-BR","@id":"https:\/\/cenedcursos.com.br\/meio-ambiente\/#\/schema\/person\/image\/","url":"https:\/\/secure.gravatar.com\/avatar\/6ea4248ca9f295c93f1b72f8398232f0fbbffe30349e6ec3839cfa5e09b0de3c?s=96&d=mm&r=g","contentUrl":"https:\/\/secure.gravatar.com\/avatar\/6ea4248ca9f295c93f1b72f8398232f0fbbffe30349e6ec3839cfa5e09b0de3c?s=96&d=mm&r=g","caption":"Amarildo R. Ferrari"},"sameAs":["https:\/\/cenedcursos.com.br\/meio-ambiente"],"url":"https:\/\/cenedcursos.com.br\/meio-ambiente\/author\/admin\/"}]}},"jetpack_featured_media_url":"","jetpack_sharing_enabled":true,"_links":{"self":[{"href":"https:\/\/cenedcursos.com.br\/meio-ambiente\/wp-json\/wp\/v2\/posts\/112","targetHints":{"allow":["GET"]}}],"collection":[{"href":"https:\/\/cenedcursos.com.br\/meio-ambiente\/wp-json\/wp\/v2\/posts"}],"about":[{"href":"https:\/\/cenedcursos.com.br\/meio-ambiente\/wp-json\/wp\/v2\/types\/post"}],"author":[{"embeddable":true,"href":"https:\/\/cenedcursos.com.br\/meio-ambiente\/wp-json\/wp\/v2\/users\/1"}],"replies":[{"embeddable":true,"href":"https:\/\/cenedcursos.com.br\/meio-ambiente\/wp-json\/wp\/v2\/comments?post=112"}],"version-history":[{"count":0,"href":"https:\/\/cenedcursos.com.br\/meio-ambiente\/wp-json\/wp\/v2\/posts\/112\/revisions"}],"wp:attachment":[{"href":"https:\/\/cenedcursos.com.br\/meio-ambiente\/wp-json\/wp\/v2\/media?parent=112"}],"wp:term":[{"taxonomy":"category","embeddable":true,"href":"https:\/\/cenedcursos.com.br\/meio-ambiente\/wp-json\/wp\/v2\/categories?post=112"},{"taxonomy":"post_tag","embeddable":true,"href":"https:\/\/cenedcursos.com.br\/meio-ambiente\/wp-json\/wp\/v2\/tags?post=112"}],"curies":[{"name":"wp","href":"https:\/\/api.w.org\/{rel}","templated":true}]}}