{"id":12195,"date":"2020-10-23T21:54:20","date_gmt":"2020-10-24T00:54:20","guid":{"rendered":"https:\/\/cenedcursos.com.br\/meio-ambiente\/29-de-novembro-dia-nacional-e-internacional-da-onca-pintada\/"},"modified":"2020-10-23T21:59:31","modified_gmt":"2020-10-24T00:59:31","slug":"dia-nacional-e-internacional-da-onca-pintada","status":"publish","type":"post","link":"https:\/\/cenedcursos.com.br\/meio-ambiente\/dia-nacional-e-internacional-da-onca-pintada\/","title":{"rendered":"29 de novembro: Dia nacional e internacional da on\u00e7a-pintada"},"content":{"rendered":"<div>\n<p style=\"text-align: justify;\">\n<span class=\"legenda_foto\">A conserva\u00e7\u00e3o bem-sucedida da on\u00e7a-pintada mant\u00e9m florestas, carbono, biodiversidade, bacias hidrogr\u00e1ficas e patrim\u00f4nio nacional e cultural equilibrados<br \/>\nFoto:\u00a0<a href=\"https:\/\/www.flickr.com\/photos\/antoniothomas\/9346179907\/in\/photolist-AcB6F-dSyBuK-jm4775-5ShHET-4PjDGj-4ovhtD-6hxPAe-99cfAX-k28Kps-k26iU4-9D86uB-9D87jz-7ZWisp-qVuJWh-5bPu1s-9asrKH-9Db2AA-5vogCR-AczEq-pizSCQ-p9uKY-9D85Wt-feTBET-4Xvxw-2AQYN-6hBZLU\" target=\"_blank\" rel=\"noopener noreferrer\">Antonio Thom\u00e1s\/Flickr(cc)<\/a><\/span><\/p>\n<p style=\"text-align: justify;\">A cria\u00e7\u00e3o do Dia Internacional da On\u00e7a-Pintada foi anunciada na COP-14 da Conven\u00e7\u00e3o sobre Diversidade Biol\u00f3gica (CDB). Comemorado anualmente em 29 de novembro, este dia aumentar\u00e1 a conscientiza\u00e7\u00e3o sobre as amea\u00e7as enfrentadas pela esp\u00e9cie, esfor\u00e7os de conserva\u00e7\u00e3o e o papel da on\u00e7a como uma esp\u00e9cie-chave cuja presen\u00e7a \u00e9 o principal indicador de um ecossistema saud\u00e1vel, ou seja, \u00e9 a base para um futuro sustent\u00e1vel tanto para a vida selvagem quanto para as pessoas.<\/p>\n<p><img data-recalc-dims=\"1\" loading=\"lazy\" decoding=\"async\" class=\"alignright\" style=\"text-align: justify;\" src=\"https:\/\/i0.wp.com\/cenedcursos.com.br\/meio-ambiente\/wp-content\/uploads\/2020\/10\/onca-ecod.jpg?resize=450%2C275&#038;ssl=1\" alt=\"onca-ecod.jpg\" width=\"450\" height=\"275\" \/><\/div>\n<p style=\"text-align: justify;\">O an\u00fancio foi feito durante a apresenta\u00e7\u00e3o do Plano de Conserva\u00e7\u00e3o On\u00e7a-Pintada 2030 para as Am\u00e9ricas que ser\u00e1 apresentado oficialmente no Brasil, durante o lan\u00e7amento da data nacional, nesta quinta-feira 29 de novembro, \u00e0s 18h30, no Parque Nacional do Igua\u00e7u, em Foz do Igua\u00e7u, uma das regi\u00f5es priorit\u00e1rias na conserva\u00e7\u00e3o da esp\u00e9cie.<\/p>\n<p style=\"text-align: justify;\">Conservar a on\u00e7a-pintada transcende a inten\u00e7\u00e3o de preservar uma \u00fanica esp\u00e9cie. A conserva\u00e7\u00e3o bem-sucedida da on\u00e7a-pintada mant\u00e9m florestas, carbono, biodiversidade, bacias hidrogr\u00e1ficas e patrim\u00f4nio nacional e cultural equilibrados. O Plano de Conserva\u00e7\u00e3o On\u00e7a-Pintada 2030 para as Am\u00e9ricas envolve o Programa das Na\u00e7\u00f5es Unidas para o Desenvolvimento (PNUD), WWF, Wildlife Conservation Society (WCS), Panthera e 14 pa\u00edses.<\/p>\n<div class=\"olho\" style=\"text-align: justify;\">O Brasil \u00e9 o pa\u00eds com maior popula\u00e7\u00e3o de on\u00e7as-pintadas no mundo<\/div>\n<p style=\"text-align: justify;\">Segundo o ministro do Meio Ambiente, Edson Duarte, o Brasil est\u00e1 totalmente comprometido em proteger a on\u00e7a-pintada. &#8220;Queremos aumentar a conscientiza\u00e7\u00e3o p\u00fablica e promover a\u00e7\u00f5es integradas, e tamb\u00e9m estabelecemos o Dia Nacional da On\u00e7a-Pintada, que ser\u00e1 comemorado tamb\u00e9m em 29 de novembro&#8221;, comentou o ministro.<\/p>\n<p style=\"text-align: justify;\">O Brasil \u00e9 o pa\u00eds com maior popula\u00e7\u00e3o de on\u00e7as-pintadas no mundo. Por\u00e9m, na Mata Atl\u00e2ntica, \u00e9 onde a esp\u00e9cie corre maior risco extin\u00e7\u00e3o.<\/p>\n<p style=\"text-align: justify;\">&#8220;Por um lado, temos a maior popula\u00e7\u00e3o e por outro temos tamb\u00e9m a maior amea\u00e7a para a on\u00e7a-pintada que \u00e9 a perda de habitat natural. Se nada mudar em pouco tempo a esp\u00e9cie estar\u00e1 completamente extinta na Mata Atl\u00e2ntica. Essa dualidade faz o Brasil ter papel de extrema import\u00e2ncia para a preserva\u00e7\u00e3o das on\u00e7as e de toda a biodiversidade na Am\u00e9rica Latina&#8221;, afirma Felipe Feliciani, analista de conserva\u00e7\u00e3o do WWF-Brasil.<\/p>\n<p style=\"text-align: justify;\">A on\u00e7a-pintada \u00e9 o maior carn\u00edvoro da Am\u00e9rica Latina. No entanto, 50% de seu habitat original foi perdido e as popula\u00e7\u00f5es da esp\u00e9cie est\u00e3o em decl\u00ednio devido \u00e0 ca\u00e7a ilegal e a perda do habitat. Devido a esse decl\u00ednio, ela foi extinta em El Salvador e no Uruguai.<\/p>\n<p style=\"text-align: justify;\"><strong>Sobre a COP-14<\/strong><br \/>\nA Conven\u00e7\u00e3o sobre Diversidade Biol\u00f3gica (CDB) foi aberta para assinatura na C\u00fapula da Terra no Rio de Janeiro em 5 de junho de 1992 e entrou em vigor em 29 de dezembro de 1993. A CDB tem tr\u00eas objetivos principais: a conserva\u00e7\u00e3o da diversidade biol\u00f3gica (ou biodiversidade); o uso sustent\u00e1vel de seus componentes; e a partilha justa e equitativa dos benef\u00edcios decorrentes dos recursos gen\u00e9ticos. Seu objetivo \u00e9 desenvolver estrat\u00e9gias nacionais para a conserva\u00e7\u00e3o e uso sustent\u00e1vel da diversidade biol\u00f3gica. Muitas vezes, \u00e9 visto como o documento chave em rela\u00e7\u00e3o ao desenvolvimento sustent\u00e1vel. Para mais informa\u00e7\u00f5es, visite: <a href=\"http:\/\/www.cbd.int\/\" target=\"_blank\" rel=\"noopener noreferrer\">http:\/\/www.cbd.int\/<\/a><\/p>\n<p style=\"text-align: justify;\"><a href=\"http:\/\/www.ecodesenvolvimento.org.br\/\" target=\"blank\" rel=\"noopener noreferrer\">EcoDesenvolvimento.org &#8211; Tudo Sobre Sustentabilidade em um s\u00f3 Lugar.<\/a><\/p>\n","protected":false},"excerpt":{"rendered":"<p>A conserva\u00e7\u00e3o bem-sucedida da on\u00e7a-pintada mant\u00e9m florestas, carbono, biodiversidade, bacias hidrogr\u00e1ficas e patrim\u00f4nio nacional e cultural equilibrados Foto:\u00a0Antonio Thom\u00e1s\/Flickr(cc) A cria\u00e7\u00e3o do Dia Internacional da On\u00e7a-Pintada foi anunciada na COP-14 da Conven\u00e7\u00e3o sobre Diversidade Biol\u00f3gica (CDB). Comemorado anualmente em 29 de novembro, este dia aumentar\u00e1 a conscientiza\u00e7\u00e3o sobre as amea\u00e7as enfrentadas pela esp\u00e9cie, esfor\u00e7os de [&hellip;]<\/p>\n","protected":false},"author":1,"featured_media":12196,"comment_status":"closed","ping_status":"closed","sticky":false,"template":"","format":"standard","meta":{"_jetpack_memberships_contains_paid_content":false,"footnotes":""},"categories":[489],"tags":[],"class_list":{"0":"post-12195","1":"post","2":"type-post","3":"status-publish","4":"format-standard","5":"has-post-thumbnail","7":"category-biodiversidade-textos"},"yoast_head":"<!-- This site is optimized with the Yoast SEO plugin v25.1 - https:\/\/yoast.com\/wordpress\/plugins\/seo\/ -->\n<title>29 de novembro: Dia nacional e internacional da on\u00e7a-pintada - CENED Cursos Online<\/title>\n<meta name=\"robots\" content=\"index, follow, max-snippet:-1, max-image-preview:large, max-video-preview:-1\" \/>\n<link rel=\"canonical\" href=\"https:\/\/cenedcursos.com.br\/meio-ambiente\/dia-nacional-e-internacional-da-onca-pintada\/\" \/>\n<meta property=\"og:locale\" content=\"pt_BR\" \/>\n<meta property=\"og:type\" content=\"article\" \/>\n<meta property=\"og:title\" content=\"29 de novembro: Dia nacional e internacional da on\u00e7a-pintada - CENED Cursos Online\" \/>\n<meta property=\"og:description\" content=\"A conserva\u00e7\u00e3o bem-sucedida da on\u00e7a-pintada mant\u00e9m florestas, carbono, biodiversidade, bacias hidrogr\u00e1ficas e patrim\u00f4nio nacional e cultural equilibrados Foto:\u00a0Antonio Thom\u00e1s\/Flickr(cc) A cria\u00e7\u00e3o do Dia Internacional da On\u00e7a-Pintada foi anunciada na COP-14 da Conven\u00e7\u00e3o sobre Diversidade Biol\u00f3gica (CDB). Comemorado anualmente em 29 de novembro, este dia aumentar\u00e1 a conscientiza\u00e7\u00e3o sobre as amea\u00e7as enfrentadas pela esp\u00e9cie, esfor\u00e7os de [&hellip;]\" \/>\n<meta property=\"og:url\" content=\"https:\/\/cenedcursos.com.br\/meio-ambiente\/dia-nacional-e-internacional-da-onca-pintada\/\" \/>\n<meta property=\"og:site_name\" content=\"CENED Cursos Online\" \/>\n<meta property=\"article:published_time\" content=\"2020-10-24T00:54:20+00:00\" \/>\n<meta property=\"article:modified_time\" content=\"2020-10-24T00:59:31+00:00\" \/>\n<meta property=\"og:image\" content=\"https:\/\/cenedcursos.com.br\/meio-ambiente\/wp-content\/uploads\/2020\/10\/onca-ecod.jpg\" \/>\n\t<meta property=\"og:image:width\" content=\"450\" \/>\n\t<meta property=\"og:image:height\" content=\"275\" \/>\n\t<meta property=\"og:image:type\" content=\"image\/jpeg\" \/>\n<meta name=\"author\" content=\"Amarildo R. Ferrari\" \/>\n<meta name=\"twitter:card\" content=\"summary_large_image\" \/>\n<meta name=\"twitter:label1\" content=\"Escrito por\" \/>\n\t<meta name=\"twitter:data1\" content=\"Amarildo R. Ferrari\" \/>\n\t<meta name=\"twitter:label2\" content=\"Est. tempo de leitura\" \/>\n\t<meta name=\"twitter:data2\" content=\"3 minutos\" \/>\n<script type=\"application\/ld+json\" class=\"yoast-schema-graph\">{\"@context\":\"https:\/\/schema.org\",\"@graph\":[{\"@type\":\"WebPage\",\"@id\":\"https:\/\/cenedcursos.com.br\/meio-ambiente\/dia-nacional-e-internacional-da-onca-pintada\/\",\"url\":\"https:\/\/cenedcursos.com.br\/meio-ambiente\/dia-nacional-e-internacional-da-onca-pintada\/\",\"name\":\"29 de novembro: Dia nacional e internacional da on\u00e7a-pintada - CENED Cursos Online\",\"isPartOf\":{\"@id\":\"https:\/\/cenedcursos.com.br\/meio-ambiente\/#website\"},\"primaryImageOfPage\":{\"@id\":\"https:\/\/cenedcursos.com.br\/meio-ambiente\/dia-nacional-e-internacional-da-onca-pintada\/#primaryimage\"},\"image\":{\"@id\":\"https:\/\/cenedcursos.com.br\/meio-ambiente\/dia-nacional-e-internacional-da-onca-pintada\/#primaryimage\"},\"thumbnailUrl\":\"https:\/\/i0.wp.com\/cenedcursos.com.br\/meio-ambiente\/wp-content\/uploads\/2020\/10\/onca-ecod.jpg?fit=450%2C275&ssl=1\",\"datePublished\":\"2020-10-24T00:54:20+00:00\",\"dateModified\":\"2020-10-24T00:59:31+00:00\",\"author\":{\"@id\":\"https:\/\/cenedcursos.com.br\/meio-ambiente\/#\/schema\/person\/64377d24cdc16779a1eb6229894af388\"},\"breadcrumb\":{\"@id\":\"https:\/\/cenedcursos.com.br\/meio-ambiente\/dia-nacional-e-internacional-da-onca-pintada\/#breadcrumb\"},\"inLanguage\":\"pt-BR\",\"potentialAction\":[{\"@type\":\"ReadAction\",\"target\":[\"https:\/\/cenedcursos.com.br\/meio-ambiente\/dia-nacional-e-internacional-da-onca-pintada\/\"]}]},{\"@type\":\"ImageObject\",\"inLanguage\":\"pt-BR\",\"@id\":\"https:\/\/cenedcursos.com.br\/meio-ambiente\/dia-nacional-e-internacional-da-onca-pintada\/#primaryimage\",\"url\":\"https:\/\/i0.wp.com\/cenedcursos.com.br\/meio-ambiente\/wp-content\/uploads\/2020\/10\/onca-ecod.jpg?fit=450%2C275&ssl=1\",\"contentUrl\":\"https:\/\/i0.wp.com\/cenedcursos.com.br\/meio-ambiente\/wp-content\/uploads\/2020\/10\/onca-ecod.jpg?fit=450%2C275&ssl=1\",\"width\":450,\"height\":275},{\"@type\":\"BreadcrumbList\",\"@id\":\"https:\/\/cenedcursos.com.br\/meio-ambiente\/dia-nacional-e-internacional-da-onca-pintada\/#breadcrumb\",\"itemListElement\":[{\"@type\":\"ListItem\",\"position\":1,\"name\":\"In\u00edcio\",\"item\":\"https:\/\/cenedcursos.com.br\/meio-ambiente\/\"},{\"@type\":\"ListItem\",\"position\":2,\"name\":\"29 de novembro: Dia nacional e internacional da on\u00e7a-pintada\"}]},{\"@type\":\"WebSite\",\"@id\":\"https:\/\/cenedcursos.com.br\/meio-ambiente\/#website\",\"url\":\"https:\/\/cenedcursos.com.br\/meio-ambiente\/\",\"name\":\"CENED Cursos Online\",\"description\":\"Aqui voc\u00ea encontra artigos em diversas \u00e1reas do conhecimento: meio ambiente, educa\u00e7\u00e3o, marketing digital, neg\u00f3cios online e muito mais.\",\"potentialAction\":[{\"@type\":\"SearchAction\",\"target\":{\"@type\":\"EntryPoint\",\"urlTemplate\":\"https:\/\/cenedcursos.com.br\/meio-ambiente\/?s={search_term_string}\"},\"query-input\":{\"@type\":\"PropertyValueSpecification\",\"valueRequired\":true,\"valueName\":\"search_term_string\"}}],\"inLanguage\":\"pt-BR\"},{\"@type\":\"Person\",\"@id\":\"https:\/\/cenedcursos.com.br\/meio-ambiente\/#\/schema\/person\/64377d24cdc16779a1eb6229894af388\",\"name\":\"Amarildo R. Ferrari\",\"image\":{\"@type\":\"ImageObject\",\"inLanguage\":\"pt-BR\",\"@id\":\"https:\/\/cenedcursos.com.br\/meio-ambiente\/#\/schema\/person\/image\/\",\"url\":\"https:\/\/secure.gravatar.com\/avatar\/6ea4248ca9f295c93f1b72f8398232f0fbbffe30349e6ec3839cfa5e09b0de3c?s=96&d=mm&r=g\",\"contentUrl\":\"https:\/\/secure.gravatar.com\/avatar\/6ea4248ca9f295c93f1b72f8398232f0fbbffe30349e6ec3839cfa5e09b0de3c?s=96&d=mm&r=g\",\"caption\":\"Amarildo R. Ferrari\"},\"sameAs\":[\"https:\/\/cenedcursos.com.br\/meio-ambiente\"],\"url\":\"https:\/\/cenedcursos.com.br\/meio-ambiente\/author\/admin\/\"}]}<\/script>\n<!-- \/ Yoast SEO plugin. -->","yoast_head_json":{"title":"29 de novembro: Dia nacional e internacional da on\u00e7a-pintada - CENED Cursos Online","robots":{"index":"index","follow":"follow","max-snippet":"max-snippet:-1","max-image-preview":"max-image-preview:large","max-video-preview":"max-video-preview:-1"},"canonical":"https:\/\/cenedcursos.com.br\/meio-ambiente\/dia-nacional-e-internacional-da-onca-pintada\/","og_locale":"pt_BR","og_type":"article","og_title":"29 de novembro: Dia nacional e internacional da on\u00e7a-pintada - CENED Cursos Online","og_description":"A conserva\u00e7\u00e3o bem-sucedida da on\u00e7a-pintada mant\u00e9m florestas, carbono, biodiversidade, bacias hidrogr\u00e1ficas e patrim\u00f4nio nacional e cultural equilibrados Foto:\u00a0Antonio Thom\u00e1s\/Flickr(cc) A cria\u00e7\u00e3o do Dia Internacional da On\u00e7a-Pintada foi anunciada na COP-14 da Conven\u00e7\u00e3o sobre Diversidade Biol\u00f3gica (CDB). Comemorado anualmente em 29 de novembro, este dia aumentar\u00e1 a conscientiza\u00e7\u00e3o sobre as amea\u00e7as enfrentadas pela esp\u00e9cie, esfor\u00e7os de [&hellip;]","og_url":"https:\/\/cenedcursos.com.br\/meio-ambiente\/dia-nacional-e-internacional-da-onca-pintada\/","og_site_name":"CENED Cursos Online","article_published_time":"2020-10-24T00:54:20+00:00","article_modified_time":"2020-10-24T00:59:31+00:00","og_image":[{"width":450,"height":275,"url":"https:\/\/cenedcursos.com.br\/meio-ambiente\/wp-content\/uploads\/2020\/10\/onca-ecod.jpg","type":"image\/jpeg"}],"author":"Amarildo R. Ferrari","twitter_card":"summary_large_image","twitter_misc":{"Escrito por":"Amarildo R. Ferrari","Est. tempo de leitura":"3 minutos"},"schema":{"@context":"https:\/\/schema.org","@graph":[{"@type":"WebPage","@id":"https:\/\/cenedcursos.com.br\/meio-ambiente\/dia-nacional-e-internacional-da-onca-pintada\/","url":"https:\/\/cenedcursos.com.br\/meio-ambiente\/dia-nacional-e-internacional-da-onca-pintada\/","name":"29 de novembro: Dia nacional e internacional da on\u00e7a-pintada - CENED Cursos Online","isPartOf":{"@id":"https:\/\/cenedcursos.com.br\/meio-ambiente\/#website"},"primaryImageOfPage":{"@id":"https:\/\/cenedcursos.com.br\/meio-ambiente\/dia-nacional-e-internacional-da-onca-pintada\/#primaryimage"},"image":{"@id":"https:\/\/cenedcursos.com.br\/meio-ambiente\/dia-nacional-e-internacional-da-onca-pintada\/#primaryimage"},"thumbnailUrl":"https:\/\/i0.wp.com\/cenedcursos.com.br\/meio-ambiente\/wp-content\/uploads\/2020\/10\/onca-ecod.jpg?fit=450%2C275&ssl=1","datePublished":"2020-10-24T00:54:20+00:00","dateModified":"2020-10-24T00:59:31+00:00","author":{"@id":"https:\/\/cenedcursos.com.br\/meio-ambiente\/#\/schema\/person\/64377d24cdc16779a1eb6229894af388"},"breadcrumb":{"@id":"https:\/\/cenedcursos.com.br\/meio-ambiente\/dia-nacional-e-internacional-da-onca-pintada\/#breadcrumb"},"inLanguage":"pt-BR","potentialAction":[{"@type":"ReadAction","target":["https:\/\/cenedcursos.com.br\/meio-ambiente\/dia-nacional-e-internacional-da-onca-pintada\/"]}]},{"@type":"ImageObject","inLanguage":"pt-BR","@id":"https:\/\/cenedcursos.com.br\/meio-ambiente\/dia-nacional-e-internacional-da-onca-pintada\/#primaryimage","url":"https:\/\/i0.wp.com\/cenedcursos.com.br\/meio-ambiente\/wp-content\/uploads\/2020\/10\/onca-ecod.jpg?fit=450%2C275&ssl=1","contentUrl":"https:\/\/i0.wp.com\/cenedcursos.com.br\/meio-ambiente\/wp-content\/uploads\/2020\/10\/onca-ecod.jpg?fit=450%2C275&ssl=1","width":450,"height":275},{"@type":"BreadcrumbList","@id":"https:\/\/cenedcursos.com.br\/meio-ambiente\/dia-nacional-e-internacional-da-onca-pintada\/#breadcrumb","itemListElement":[{"@type":"ListItem","position":1,"name":"In\u00edcio","item":"https:\/\/cenedcursos.com.br\/meio-ambiente\/"},{"@type":"ListItem","position":2,"name":"29 de novembro: Dia nacional e internacional da on\u00e7a-pintada"}]},{"@type":"WebSite","@id":"https:\/\/cenedcursos.com.br\/meio-ambiente\/#website","url":"https:\/\/cenedcursos.com.br\/meio-ambiente\/","name":"CENED Cursos Online","description":"Aqui voc\u00ea encontra artigos em diversas \u00e1reas do conhecimento: meio ambiente, educa\u00e7\u00e3o, marketing digital, neg\u00f3cios online e muito mais.","potentialAction":[{"@type":"SearchAction","target":{"@type":"EntryPoint","urlTemplate":"https:\/\/cenedcursos.com.br\/meio-ambiente\/?s={search_term_string}"},"query-input":{"@type":"PropertyValueSpecification","valueRequired":true,"valueName":"search_term_string"}}],"inLanguage":"pt-BR"},{"@type":"Person","@id":"https:\/\/cenedcursos.com.br\/meio-ambiente\/#\/schema\/person\/64377d24cdc16779a1eb6229894af388","name":"Amarildo R. Ferrari","image":{"@type":"ImageObject","inLanguage":"pt-BR","@id":"https:\/\/cenedcursos.com.br\/meio-ambiente\/#\/schema\/person\/image\/","url":"https:\/\/secure.gravatar.com\/avatar\/6ea4248ca9f295c93f1b72f8398232f0fbbffe30349e6ec3839cfa5e09b0de3c?s=96&d=mm&r=g","contentUrl":"https:\/\/secure.gravatar.com\/avatar\/6ea4248ca9f295c93f1b72f8398232f0fbbffe30349e6ec3839cfa5e09b0de3c?s=96&d=mm&r=g","caption":"Amarildo R. Ferrari"},"sameAs":["https:\/\/cenedcursos.com.br\/meio-ambiente"],"url":"https:\/\/cenedcursos.com.br\/meio-ambiente\/author\/admin\/"}]}},"jetpack_featured_media_url":"https:\/\/i0.wp.com\/cenedcursos.com.br\/meio-ambiente\/wp-content\/uploads\/2020\/10\/onca-ecod.jpg?fit=450%2C275&ssl=1","jetpack_sharing_enabled":true,"_links":{"self":[{"href":"https:\/\/cenedcursos.com.br\/meio-ambiente\/wp-json\/wp\/v2\/posts\/12195","targetHints":{"allow":["GET"]}}],"collection":[{"href":"https:\/\/cenedcursos.com.br\/meio-ambiente\/wp-json\/wp\/v2\/posts"}],"about":[{"href":"https:\/\/cenedcursos.com.br\/meio-ambiente\/wp-json\/wp\/v2\/types\/post"}],"author":[{"embeddable":true,"href":"https:\/\/cenedcursos.com.br\/meio-ambiente\/wp-json\/wp\/v2\/users\/1"}],"replies":[{"embeddable":true,"href":"https:\/\/cenedcursos.com.br\/meio-ambiente\/wp-json\/wp\/v2\/comments?post=12195"}],"version-history":[{"count":0,"href":"https:\/\/cenedcursos.com.br\/meio-ambiente\/wp-json\/wp\/v2\/posts\/12195\/revisions"}],"wp:featuredmedia":[{"embeddable":true,"href":"https:\/\/cenedcursos.com.br\/meio-ambiente\/wp-json\/wp\/v2\/media\/12196"}],"wp:attachment":[{"href":"https:\/\/cenedcursos.com.br\/meio-ambiente\/wp-json\/wp\/v2\/media?parent=12195"}],"wp:term":[{"taxonomy":"category","embeddable":true,"href":"https:\/\/cenedcursos.com.br\/meio-ambiente\/wp-json\/wp\/v2\/categories?post=12195"},{"taxonomy":"post_tag","embeddable":true,"href":"https:\/\/cenedcursos.com.br\/meio-ambiente\/wp-json\/wp\/v2\/tags?post=12195"}],"curies":[{"name":"wp","href":"https:\/\/api.w.org\/{rel}","templated":true}]}}