{"id":12376,"date":"2021-06-24T18:37:08","date_gmt":"2021-06-24T21:37:08","guid":{"rendered":"https:\/\/cenedcursos.com.br\/meio-ambiente\/?p=12376"},"modified":"2021-06-24T18:37:08","modified_gmt":"2021-06-24T21:37:08","slug":"ciclo-da-agua-em-industrias-e-custo-da-agua","status":"publish","type":"post","link":"https:\/\/cenedcursos.com.br\/meio-ambiente\/ciclo-da-agua-em-industrias-e-custo-da-agua\/","title":{"rendered":"Ciclo da \u00c1gua em Ind\u00fastrias e Custo da \u00c1gua"},"content":{"rendered":"<p style=\"text-align: justify;\">O ciclo da \u00e1gua em ind\u00fastrias compreende todos os trajetos percorridos pela \u00e1gua para todos os seus usos. O custo e cobran\u00e7a pelo seu uso vem impulsionando pr\u00e1ticas de racionaliza\u00e7\u00e3o em seu uso e reuso de \u00e1guas.<\/p>\n<p style=\"text-align: justify;\">Em decorr\u00eancia de uma relativa abund\u00e2ncia de \u00e1gua, nunca houve uma grande preocupa\u00e7\u00e3o do setor industrial com este insumo, com exce\u00e7\u00e3o dos setores que se utilizam de \u00e1gua como mat\u00e9ria-prima ou com influ\u00eancia direta sobre o produto final. Atualmente, com o surgimento de problemas relacionados \u00e0 escassez e polui\u00e7\u00e3o de \u00e1gua nos grandes centros urbanos, come\u00e7a a haver um maior interesse por parte de v\u00e1rios setores econ\u00f4micos pelas atividades nas quais a \u00e1gua \u00e9 utilizada, o que tamb\u00e9m \u00e9 motivado pelas recentes pol\u00edticas federais e estaduais sobre o gerenciamento dos recursos h\u00eddricos.<\/p>\n<p style=\"text-align: justify;\">O novo arcabou\u00e7o legal, tendo por objetivo garantir \u00e1gua na quantidade e qualidade necess\u00e1rias para a atual e futura gera\u00e7\u00f5es, introduziu como um de seus principais instrumentos a cobran\u00e7a pelo uso da \u00e1gua.<\/p>\n<p style=\"text-align: justify;\">O resultado da implanta\u00e7\u00e3o dessa cobran\u00e7a vai representar um aumento nos custos de produ\u00e7\u00e3o para o setor industrial, o qual enfrentar\u00e1 dificuldades em termos competitivos, especialmente no atual cen\u00e1rio econ\u00f4mico, uma vez que n\u00e3o poder\u00e1 repassar estes custos para seus produtos finais.<\/p>\n<p style=\"text-align: justify;\">Esta situa\u00e7\u00e3o tem conduzido muitas ind\u00fastrias \u00e0 busca por um novo modelo para o gerenciamento da \u00e1gua em seus processos, considerando novas op\u00e7\u00f5es e solu\u00e7\u00f5es que impliquem em autonomia no abastecimento de \u00e1gua e racionaliza\u00e7\u00e3o no seu consumo, onde o re\u00faso se torna n\u00e3o apenas uma forma de garantir seu crescimento, mas at\u00e9 mesmo uma quest\u00e3o de sobreviv\u00eancia.<\/p>\n<p style=\"text-align: justify;\">A \u00e1gua \u00e9 um insumo essencial \u00e0 maioria das atividades econ\u00f4micas e a gest\u00e3o deste recurso natural \u00e9 de suma import\u00e2ncia na manuten\u00e7\u00e3o de sua oferta em termos de quantidade e qualidade. Atitudes proativas s\u00e3o fundamentais, nesse sentido, pois apesar da aparente abund\u00e2ncia de recursos h\u00eddricos no Brasil (14 % das \u00e1guas doces do planeta e 53 % do continente sul americano), sua distribui\u00e7\u00e3o natural \u00e9 irregular nas diferentes regi\u00f5es do Pa\u00eds.<\/p>\n<p style=\"text-align: justify;\">Foi pela car\u00eancia de instrumentos de gest\u00e3o que conflitos entre usu\u00e1rios se instalaram em algumas bacias hidrogr\u00e1ficas brasileiras at\u00e9 o final do s\u00e9culo XX, situa\u00e7\u00e3o que est\u00e1 sendo revertida com a implementa\u00e7\u00e3o do <a href=\"https:\/\/www.gov.br\/ana\/pt-br\/assuntos\/gestao-das-aguas\/fortalecimento-dos-entes-do-singreh#:~:text=O%20Sistema%20Nacional%20de%20Gerenciamento,de%20forma%20democr%C3%A1tica%20e%20participativa.\" target=\"_blank\" rel=\"noopener\">Sistema Nacional de Gerenciamento de Recursos H\u00eddricos &#8211; SINGREH<\/a>. Trata-se de fato importante, uma vez que o cen\u00e1rio que se apresenta \u00e9 o de crescimento urbano-industrial e agr\u00edcola que certamente ser\u00e1 acompanhado pelo aumento da demanda de \u00e1gua.<\/p>\n<p style=\"text-align: justify;\">Sendo o setor industrial um importante usu\u00e1rio de \u00e1gua, \u00e9 fundamental que seu desenvolvimento se d\u00ea de forma sustent\u00e1vel, adotando pr\u00e1ticas como o uso racional e eficiente da \u00e1gua. As garantias de quantidade e qualidade de \u00e1gua em nossos mananciais, as quais permitir\u00e3o novos investimentos, expans\u00e3o da produ\u00e7\u00e3o industrial e gera\u00e7\u00e3o de emprego e renda, s\u00f3 poder\u00e3o ser conseguidas por meio de um amplo esfor\u00e7o do poder p\u00fablico, dos usu\u00e1rios e da comunidade em torno da gest\u00e3o participativa, descentralizada, harm\u00f4nica e racional das \u00e1guas no \u00e2mbito dos Comit\u00eas de Bacias. As federa\u00e7\u00f5es e associa\u00e7\u00f5es de ind\u00fastrias t\u00eam um importante papel no processo de mobiliza\u00e7\u00e3o e representa\u00e7\u00e3o dos seus filiados nos Comit\u00eas.<\/p>\n<p style=\"text-align: justify;\">A reciclagem ou re\u00faso de \u00e1gua n\u00e3o \u00e9 um conceito novo na hist\u00f3ria do nosso planeta. A natureza, por meio do ciclo hidrol\u00f3gico, vem reciclando e reutilizando a \u00e1gua h\u00e1 milh\u00f5es de anos, e com muita efici\u00eancia. Cidades, lavouras e ind\u00fastrias j\u00e1 se utilizam, h\u00e1 muitos anos, de uma forma indireta, ou pelo menos n\u00e3o planejada de re\u00faso, que resulta da utiliza\u00e7\u00e3o de \u00e1guas, por usu\u00e1rios de jusante que captam \u00e1guas que j\u00e1 foram utilizadas e devolvidas aos rios pelos usu\u00e1rios de montante. Milh\u00f5es de pessoas no mundo todo s\u00e3o abastecidas por esta forma indireta de \u00e1gua de re\u00faso.<\/p>\n<p style=\"text-align: justify;\">Durante muitos anos este sistema funcionou de forma amplamente satisfat\u00f3ria, o que contudo n\u00e3o acontece mais em muitas regi\u00f5es, face ao agravamento das condi\u00e7\u00f5es de polui\u00e7\u00e3o, basicamente pela falta de tratamento adequado de efluentes urbanos, quando n\u00e3o pela sua total inexist\u00eancia.<\/p>\n<p style=\"text-align: justify;\">Evoluiu-se, ent\u00e3o, para uma forma denominada direta de re\u00faso, que \u00e9 aquela em que se trata um efluente para sua reutiliza\u00e7\u00e3o em uma determinada finalidade, que pode ser interna ao pr\u00f3prio empreendimento, ou outra externa, para uma finalidade distinta da primeira, como por exemplo, a pr\u00e1tica de re\u00faso de efluentes urbanos tratados para fins agr\u00edcolas. A forma direta ou planejada, utiliza tecnologias e pr\u00e1ticas de renova\u00e7\u00e3o e re\u00faso de \u00e1gua, que atravessaram uma s\u00e9rie de fases nos \u00faltimos duzentos anos.<\/p>\n<p><strong>Fases de Re\u00faso de \u00c1gua<\/strong><\/p>\n<p style=\"text-align: justify;\">A primeira fase foi motivada por uma vertente baseada no conceito conservacionista, em que os dejetos da sociedade deveriam ser conservados e utilizados para preservar a fertilidade dos solos, enquanto a outra, numa abordagem mais pragm\u00e1tica, era direcionada para a elimina\u00e7\u00e3o da polui\u00e7\u00e3o dos rios. No final do s\u00e9culo XIX, o conceito de tratamento de efluentes dom\u00e9sticos por disposi\u00e7\u00e3o nos solos foi utilizado na Gr\u00e3-Bretanha, Alemanha e nos Estados Unidos com um enfoque central na redu\u00e7\u00e3o da polui\u00e7\u00e3o dos rios e n\u00e3o como um m\u00e9todo conservacionista de recarga de aqu\u00edferos ou de aumento de nutrientes para o solo.<\/p>\n<p style=\"text-align: justify;\">Na segunda fase, que se pode considerar at\u00e9 o final dos anos noventa, o principal enfoque foi basicamente a necessidade de se conservar e reusar \u00e1gua em zonas \u00e1ridas. Verificou-se grandes esfor\u00e7os de re\u00faso de \u00e1gua para o desenvolvimento agr\u00edcola em zonas \u00e1ridas dos Estados Unidos, como Calif\u00f3rnia e Texas, e em pa\u00edses como a \u00c1frica do Sul, Israel e \u00cdndia. Em Israel, por exemplo, o re\u00faso de \u00e1guas residu\u00e1rias tornou-se uma pol\u00edtica nacional em 1955. O plano nacional de \u00e1guas, inclu\u00eda re\u00faso dos principais sistemas de tratamento de efluentes das cidades no programa de desenvolvimento dos limitados recursos h\u00eddricos do pa\u00eds.<\/p>\n<p style=\"text-align: justify;\">A terceira fase, na qual nos encontramos atualmente, acabou se sobrepondo \u00e0 segunda, e \u00e9 baseada na urgente necessidade de se reduzir a polui\u00e7\u00e3o dos rios e lagos. Como as exig\u00eancias ambientais foram se tornando cada vez mais restritivas, os planejadores conclu\u00edram que dados os altos investimentos requeridos para o tratamento dos efluentes, se torna mais vantajoso reutilizar estes efluentes ao inv\u00e9s de lan\u00e7\u00e1-los de volta aos rios.<\/p>\n<p style=\"text-align: justify;\">No Brasil, as externalidades ambientais associadas ao <a href=\"https:\/\/cenedcursos.com.br\/meio-ambiente\/biotecnologia-industrial-sustentavel\/\">setor industrial<\/a> e ao r\u00e1pido crescimento urbano, no contexto do desenvolvimento das regi\u00f5es metropolitanas, apontam para cen\u00e1rios futuros de escassez h\u00eddrica.<\/p>\n<p style=\"text-align: justify;\">Em S\u00e3o Paulo, j\u00e1 existem regi\u00f5es com graves problemas de escassez e de polui\u00e7\u00e3o, que acabam gerando conflitos entre usu\u00e1rios agr\u00edcolas e urbanos, navega\u00e7\u00e3o e gera\u00e7\u00e3o de energia e industrial com abastecimento p\u00fablico.<\/p>\n<p><strong>Para Gerenciar os Recursos H\u00eddricos<\/strong><\/p>\n<p style=\"text-align: justify;\">Para melhor gerenciar os recursos h\u00eddricos, bem como promover seu uso de forma racional, a legisla\u00e7\u00e3o de recursos h\u00eddricos estabeleceu a outorga e a cobran\u00e7a pelo uso da \u00e1gua, dentre outros instrumentos de gest\u00e3o.<\/p>\n<p style=\"text-align: justify;\">Em conjunto com os novos instrumentos de gest\u00e3o dos recursos h\u00eddricos que est\u00e3o sendo implantados no pa\u00eds, o uso de alternativas tecnol\u00f3gicas para reciclagem e reuso de efluentes industriais e urbanos poder\u00e1 reduzir os custos de produ\u00e7\u00e3o nos setores hidrointensivos, al\u00e9m de promover a recupera\u00e7\u00e3o, preserva\u00e7\u00e3o e conserva\u00e7\u00e3o dos recursos h\u00eddricos e dos ecossistemas urbanos.<\/p>\n<p style=\"text-align: justify;\">Por outro lado, verifica-se que a concentra\u00e7\u00e3o de ind\u00fastrias ocorre justamente em regi\u00f5es que apresentam elevado grau de urbaniza\u00e7\u00e3o, o que implica a necessidade das empresas buscarem reduzir o consumo de \u00e1gua, novas fontes de abastecimento e implantar sistemas fechados de utiliza\u00e7\u00e3o da \u00e1gua, com vistas \u00e0 reciclagem do que at\u00e9 ent\u00e3o era considerado como res\u00edduo descart\u00e1vel, ampliando assim, o seu reaproveitamento para fins produtivos. Desta forma, poder\u00e1 haver uma minimiza\u00e7\u00e3o dos conflitos pelo uso da \u00e1gua, especialmente, com o setor de abastecimento p\u00fablico.<\/p>\n<p style=\"text-align: justify;\">Assim, para promover a ado\u00e7\u00e3o de sistemas de racionaliza\u00e7\u00e3o do uso da \u00e1gua,h\u00e1 que se considerar, no entanto, alguns aspectos restritivos quanto \u00e0 \u00e1gua proveniente de reuso seja do tipo macro externo, seja do tipo macro interno.<\/p>\n<p style=\"text-align: justify;\">No caso do re\u00faso macro externo, a utiliza\u00e7\u00e3o de \u00e1gua de re\u00faso proveniente de esta\u00e7\u00f5es de tratamento de efluentes de origem dom\u00e9stica pode ser reaproveitada ap\u00f3s sistemas de tratamento convencional por apresentarem baixa toxicidade.<\/p>\n<p style=\"text-align: justify;\">A \u00e1gua de re\u00faso proveniente de esta\u00e7\u00f5es de tratamento de efluentes urbanos para processos industriais tem sido utilizada, predominantemente, em sistemas de refrigera\u00e7\u00e3o, em especial, nos empreendimentos localizados pr\u00f3ximos \u00e0s ETE\u00b4s.<\/p>\n<p style=\"text-align: justify;\">A implanta\u00e7\u00e3o de sistemas eficientes de re\u00faso de \u00e1gua proveniente do setor p\u00fablico pode se tornar invi\u00e1vel, \u00e0 curto prazo, caso n\u00e3o sejam considerados os seguintes fatores:<\/p>\n<ul style=\"text-align: justify;\">\n<li>Pol\u00edticas e planos diretores consistentes de re\u00faso das empresas concession\u00e1rias;<\/li>\n<li>Localiza\u00e7\u00e3o das esta\u00e7\u00f5es de tratamento e sua proximidade de p\u00f3los industriais;<\/li>\n<li>Implanta\u00e7\u00e3o de infra-estrutura (redes de distribui\u00e7\u00e3o);<\/li>\n<li>Garantia e controle da qualidade;<\/li>\n<li>Garantia de cumprimento dos contratos firmados; e<\/li>\n<li>Regulamenta\u00e7\u00e3o normativa e legal.<\/li>\n<\/ul>\n<p style=\"text-align: justify;\">No caso do re\u00faso macro interno \u00e9 preciso ter consci\u00eancia que ele n\u00e3o substitui integralmente a necessidade de \u00e1gua de uma planta industrial, pois existem limita\u00e7\u00f5es de ordem t\u00e9cnica, operacional e ambiental que restringem a utiliza\u00e7\u00e3o de sistemas de circuito fechado. Al\u00e9m disso, o re\u00faso macro interno deve ser realizado ap\u00f3s uma avalia\u00e7\u00e3o integrada do uso da \u00e1gua na f\u00e1brica, a qual deve estar contemplada no Programa de Conserva\u00e7\u00e3o e Re\u00faso de \u00c1gua (PCRA). \u00c9 importante ter em mente que antes de se pensar no re\u00faso de efluentes da pr\u00f3pria empresa, \u00e9 preciso implantar medidas para a otimiza\u00e7\u00e3o do consumo e redu\u00e7\u00e3o de perdas e desperd\u00edcios, al\u00e9m de programas de conscientiza\u00e7\u00e3o e treinamento.<\/p>\n<p style=\"text-align: justify;\">A ado\u00e7\u00e3o destas pr\u00e1ticas apresenta os seguintes benef\u00edcios:<\/p>\n<p style=\"text-align: justify;\"><strong>Benef\u00edcios ambientais:<\/strong><\/p>\n<ul style=\"text-align: justify;\">\n<li>Redu\u00e7\u00e3o do lan\u00e7amento de efluentes industriais em cursos d\u00b4\u00e1gua, possibilitando melhorar a qualidade das \u00e1guas interiores das regi\u00f5es mais industrializadas.<\/li>\n<li>Redu\u00e7\u00e3o da capta\u00e7\u00e3o de \u00e1guas superficiais e subterr\u00e2neas, possibilitando uma situa\u00e7\u00e3o ecol\u00f3gica mais equilibrada.<\/li>\n<li>Aumento da disponibilidade de \u00e1gua para usos mais exigentes, como abastecimento p\u00fablico, hospitalar, etc.<\/li>\n<\/ul>\n<p style=\"text-align: justify;\"><strong>Benef\u00edcios econ\u00f4micos:<\/strong><\/p>\n<ul style=\"text-align: justify;\">\n<li>Conformidade ambiental em rela\u00e7\u00e3o a padr\u00f5es e normas ambientais estabelecidos, possibilitando melhor inser\u00e7\u00e3o dos produtos brasileiros nos mercados internacionais;<\/li>\n<li>Mudan\u00e7as nos padr\u00f5es de produ\u00e7\u00e3o e consumo;<\/li>\n<li>Redu\u00e7\u00e3o dos custos de produ\u00e7\u00e3o;<\/li>\n<li>Aumento da competitividade do setor;<\/li>\n<li>Habilita\u00e7\u00e3o para receber incentivos e coeficientes redutores dos fatores da cobran\u00e7a pelo uso da \u00e1gua.<\/li>\n<\/ul>\n<p style=\"text-align: justify;\"><strong>Benef\u00edcios sociais:<\/strong><\/p>\n<ul>\n<li style=\"text-align: justify;\">Amplia\u00e7\u00e3o da oportunidade de neg\u00f3cios para as empresas fornecedoras de servi\u00e7os e equipamentos, e em toda a cadeia produtiva;<\/li>\n<li style=\"text-align: justify;\">Amplia\u00e7\u00e3o na gera\u00e7\u00e3o de empregos diretos e indiretos;<\/li>\n<li style=\"text-align: justify;\">Melhoria da imagem do setor produtivo junto \u00e0 sociedade, com reconhecimento de empresas socialmente respons\u00e1veis.<\/li>\n<\/ul>\n","protected":false},"excerpt":{"rendered":"<p>O ciclo da \u00e1gua em ind\u00fastrias compreende todos os trajetos percorridos pela \u00e1gua para todos os seus usos. O custo e cobran\u00e7a pelo seu uso vem impulsionando pr\u00e1ticas de racionaliza\u00e7\u00e3o em seu uso e reuso de \u00e1guas. Em decorr\u00eancia de uma relativa abund\u00e2ncia de \u00e1gua, nunca houve uma grande preocupa\u00e7\u00e3o do setor industrial com este [&hellip;]<\/p>\n","protected":false},"author":1,"featured_media":12377,"comment_status":"open","ping_status":"open","sticky":false,"template":"","format":"standard","meta":{"_jetpack_memberships_contains_paid_content":false,"footnotes":""},"categories":[488],"tags":[],"class_list":{"0":"post-12376","1":"post","2":"type-post","3":"status-publish","4":"format-standard","5":"has-post-thumbnail","7":"category-agua-textos"},"yoast_head":"<!-- This site is optimized with the Yoast SEO plugin v25.1 - https:\/\/yoast.com\/wordpress\/plugins\/seo\/ -->\n<title>Ciclo da \u00c1gua em Ind\u00fastrias e Custo da \u00c1gua - CENED Cursos Online<\/title>\n<meta name=\"description\" content=\"O ciclo da \u00e1gua em ind\u00fastrias compreende todos os trajetos percorridos pela \u00e1gua para todos os seus usos. O custo e cobran\u00e7a pelo seu uso vem\" \/>\n<meta name=\"robots\" content=\"index, follow, max-snippet:-1, max-image-preview:large, max-video-preview:-1\" \/>\n<link rel=\"canonical\" href=\"https:\/\/cenedcursos.com.br\/meio-ambiente\/ciclo-da-agua-em-industrias-e-custo-da-agua\/\" \/>\n<meta property=\"og:locale\" content=\"pt_BR\" \/>\n<meta property=\"og:type\" content=\"article\" \/>\n<meta property=\"og:title\" content=\"Ciclo da \u00c1gua em Ind\u00fastrias e Custo da \u00c1gua - CENED Cursos Online\" \/>\n<meta property=\"og:description\" content=\"O ciclo da \u00e1gua em ind\u00fastrias compreende todos os trajetos percorridos pela \u00e1gua para todos os seus usos. O custo e cobran\u00e7a pelo seu uso vem\" \/>\n<meta property=\"og:url\" content=\"https:\/\/cenedcursos.com.br\/meio-ambiente\/ciclo-da-agua-em-industrias-e-custo-da-agua\/\" \/>\n<meta property=\"og:site_name\" content=\"CENED Cursos Online\" \/>\n<meta property=\"article:published_time\" content=\"2021-06-24T21:37:08+00:00\" \/>\n<meta property=\"og:image\" content=\"https:\/\/cenedcursos.com.br\/meio-ambiente\/wp-content\/uploads\/2021\/06\/ciclo-da-agua-em-industrias.jpg\" \/>\n\t<meta property=\"og:image:width\" content=\"640\" \/>\n\t<meta property=\"og:image:height\" content=\"426\" \/>\n\t<meta property=\"og:image:type\" content=\"image\/jpeg\" \/>\n<meta name=\"author\" content=\"Amarildo R. Ferrari\" \/>\n<meta name=\"twitter:card\" content=\"summary_large_image\" \/>\n<meta name=\"twitter:label1\" content=\"Escrito por\" \/>\n\t<meta name=\"twitter:data1\" content=\"Amarildo R. Ferrari\" \/>\n\t<meta name=\"twitter:label2\" content=\"Est. tempo de leitura\" \/>\n\t<meta name=\"twitter:data2\" content=\"8 minutos\" \/>\n<script type=\"application\/ld+json\" class=\"yoast-schema-graph\">{\"@context\":\"https:\/\/schema.org\",\"@graph\":[{\"@type\":\"WebPage\",\"@id\":\"https:\/\/cenedcursos.com.br\/meio-ambiente\/ciclo-da-agua-em-industrias-e-custo-da-agua\/\",\"url\":\"https:\/\/cenedcursos.com.br\/meio-ambiente\/ciclo-da-agua-em-industrias-e-custo-da-agua\/\",\"name\":\"Ciclo da \u00c1gua em Ind\u00fastrias e Custo da \u00c1gua - CENED Cursos Online\",\"isPartOf\":{\"@id\":\"https:\/\/cenedcursos.com.br\/meio-ambiente\/#website\"},\"primaryImageOfPage\":{\"@id\":\"https:\/\/cenedcursos.com.br\/meio-ambiente\/ciclo-da-agua-em-industrias-e-custo-da-agua\/#primaryimage\"},\"image\":{\"@id\":\"https:\/\/cenedcursos.com.br\/meio-ambiente\/ciclo-da-agua-em-industrias-e-custo-da-agua\/#primaryimage\"},\"thumbnailUrl\":\"https:\/\/i0.wp.com\/cenedcursos.com.br\/meio-ambiente\/wp-content\/uploads\/2021\/06\/ciclo-da-agua-em-industrias.jpg?fit=640%2C426&ssl=1\",\"datePublished\":\"2021-06-24T21:37:08+00:00\",\"author\":{\"@id\":\"https:\/\/cenedcursos.com.br\/meio-ambiente\/#\/schema\/person\/64377d24cdc16779a1eb6229894af388\"},\"description\":\"O ciclo da \u00e1gua em ind\u00fastrias compreende todos os trajetos percorridos pela \u00e1gua para todos os seus usos. O custo e cobran\u00e7a pelo seu uso vem\",\"breadcrumb\":{\"@id\":\"https:\/\/cenedcursos.com.br\/meio-ambiente\/ciclo-da-agua-em-industrias-e-custo-da-agua\/#breadcrumb\"},\"inLanguage\":\"pt-BR\",\"potentialAction\":[{\"@type\":\"ReadAction\",\"target\":[\"https:\/\/cenedcursos.com.br\/meio-ambiente\/ciclo-da-agua-em-industrias-e-custo-da-agua\/\"]}]},{\"@type\":\"ImageObject\",\"inLanguage\":\"pt-BR\",\"@id\":\"https:\/\/cenedcursos.com.br\/meio-ambiente\/ciclo-da-agua-em-industrias-e-custo-da-agua\/#primaryimage\",\"url\":\"https:\/\/i0.wp.com\/cenedcursos.com.br\/meio-ambiente\/wp-content\/uploads\/2021\/06\/ciclo-da-agua-em-industrias.jpg?fit=640%2C426&ssl=1\",\"contentUrl\":\"https:\/\/i0.wp.com\/cenedcursos.com.br\/meio-ambiente\/wp-content\/uploads\/2021\/06\/ciclo-da-agua-em-industrias.jpg?fit=640%2C426&ssl=1\",\"width\":640,\"height\":426,\"caption\":\"ciclo da \u00e1gua em ind\u00fastrias\"},{\"@type\":\"BreadcrumbList\",\"@id\":\"https:\/\/cenedcursos.com.br\/meio-ambiente\/ciclo-da-agua-em-industrias-e-custo-da-agua\/#breadcrumb\",\"itemListElement\":[{\"@type\":\"ListItem\",\"position\":1,\"name\":\"In\u00edcio\",\"item\":\"https:\/\/cenedcursos.com.br\/meio-ambiente\/\"},{\"@type\":\"ListItem\",\"position\":2,\"name\":\"Ciclo da \u00c1gua em Ind\u00fastrias e Custo da \u00c1gua\"}]},{\"@type\":\"WebSite\",\"@id\":\"https:\/\/cenedcursos.com.br\/meio-ambiente\/#website\",\"url\":\"https:\/\/cenedcursos.com.br\/meio-ambiente\/\",\"name\":\"CENED Cursos Online\",\"description\":\"Aqui voc\u00ea encontra artigos em diversas \u00e1reas do conhecimento: meio ambiente, educa\u00e7\u00e3o, marketing digital, neg\u00f3cios online e muito mais.\",\"potentialAction\":[{\"@type\":\"SearchAction\",\"target\":{\"@type\":\"EntryPoint\",\"urlTemplate\":\"https:\/\/cenedcursos.com.br\/meio-ambiente\/?s={search_term_string}\"},\"query-input\":{\"@type\":\"PropertyValueSpecification\",\"valueRequired\":true,\"valueName\":\"search_term_string\"}}],\"inLanguage\":\"pt-BR\"},{\"@type\":\"Person\",\"@id\":\"https:\/\/cenedcursos.com.br\/meio-ambiente\/#\/schema\/person\/64377d24cdc16779a1eb6229894af388\",\"name\":\"Amarildo R. Ferrari\",\"image\":{\"@type\":\"ImageObject\",\"inLanguage\":\"pt-BR\",\"@id\":\"https:\/\/cenedcursos.com.br\/meio-ambiente\/#\/schema\/person\/image\/\",\"url\":\"https:\/\/secure.gravatar.com\/avatar\/6ea4248ca9f295c93f1b72f8398232f0fbbffe30349e6ec3839cfa5e09b0de3c?s=96&d=mm&r=g\",\"contentUrl\":\"https:\/\/secure.gravatar.com\/avatar\/6ea4248ca9f295c93f1b72f8398232f0fbbffe30349e6ec3839cfa5e09b0de3c?s=96&d=mm&r=g\",\"caption\":\"Amarildo R. Ferrari\"},\"sameAs\":[\"https:\/\/cenedcursos.com.br\/meio-ambiente\"],\"url\":\"https:\/\/cenedcursos.com.br\/meio-ambiente\/author\/admin\/\"}]}<\/script>\n<!-- \/ Yoast SEO plugin. -->","yoast_head_json":{"title":"Ciclo da \u00c1gua em Ind\u00fastrias e Custo da \u00c1gua - CENED Cursos Online","description":"O ciclo da \u00e1gua em ind\u00fastrias compreende todos os trajetos percorridos pela \u00e1gua para todos os seus usos. O custo e cobran\u00e7a pelo seu uso vem","robots":{"index":"index","follow":"follow","max-snippet":"max-snippet:-1","max-image-preview":"max-image-preview:large","max-video-preview":"max-video-preview:-1"},"canonical":"https:\/\/cenedcursos.com.br\/meio-ambiente\/ciclo-da-agua-em-industrias-e-custo-da-agua\/","og_locale":"pt_BR","og_type":"article","og_title":"Ciclo da \u00c1gua em Ind\u00fastrias e Custo da \u00c1gua - CENED Cursos Online","og_description":"O ciclo da \u00e1gua em ind\u00fastrias compreende todos os trajetos percorridos pela \u00e1gua para todos os seus usos. O custo e cobran\u00e7a pelo seu uso vem","og_url":"https:\/\/cenedcursos.com.br\/meio-ambiente\/ciclo-da-agua-em-industrias-e-custo-da-agua\/","og_site_name":"CENED Cursos Online","article_published_time":"2021-06-24T21:37:08+00:00","og_image":[{"width":640,"height":426,"url":"https:\/\/cenedcursos.com.br\/meio-ambiente\/wp-content\/uploads\/2021\/06\/ciclo-da-agua-em-industrias.jpg","type":"image\/jpeg"}],"author":"Amarildo R. Ferrari","twitter_card":"summary_large_image","twitter_misc":{"Escrito por":"Amarildo R. Ferrari","Est. tempo de leitura":"8 minutos"},"schema":{"@context":"https:\/\/schema.org","@graph":[{"@type":"WebPage","@id":"https:\/\/cenedcursos.com.br\/meio-ambiente\/ciclo-da-agua-em-industrias-e-custo-da-agua\/","url":"https:\/\/cenedcursos.com.br\/meio-ambiente\/ciclo-da-agua-em-industrias-e-custo-da-agua\/","name":"Ciclo da \u00c1gua em Ind\u00fastrias e Custo da \u00c1gua - CENED Cursos Online","isPartOf":{"@id":"https:\/\/cenedcursos.com.br\/meio-ambiente\/#website"},"primaryImageOfPage":{"@id":"https:\/\/cenedcursos.com.br\/meio-ambiente\/ciclo-da-agua-em-industrias-e-custo-da-agua\/#primaryimage"},"image":{"@id":"https:\/\/cenedcursos.com.br\/meio-ambiente\/ciclo-da-agua-em-industrias-e-custo-da-agua\/#primaryimage"},"thumbnailUrl":"https:\/\/i0.wp.com\/cenedcursos.com.br\/meio-ambiente\/wp-content\/uploads\/2021\/06\/ciclo-da-agua-em-industrias.jpg?fit=640%2C426&ssl=1","datePublished":"2021-06-24T21:37:08+00:00","author":{"@id":"https:\/\/cenedcursos.com.br\/meio-ambiente\/#\/schema\/person\/64377d24cdc16779a1eb6229894af388"},"description":"O ciclo da \u00e1gua em ind\u00fastrias compreende todos os trajetos percorridos pela \u00e1gua para todos os seus usos. O custo e cobran\u00e7a pelo seu uso vem","breadcrumb":{"@id":"https:\/\/cenedcursos.com.br\/meio-ambiente\/ciclo-da-agua-em-industrias-e-custo-da-agua\/#breadcrumb"},"inLanguage":"pt-BR","potentialAction":[{"@type":"ReadAction","target":["https:\/\/cenedcursos.com.br\/meio-ambiente\/ciclo-da-agua-em-industrias-e-custo-da-agua\/"]}]},{"@type":"ImageObject","inLanguage":"pt-BR","@id":"https:\/\/cenedcursos.com.br\/meio-ambiente\/ciclo-da-agua-em-industrias-e-custo-da-agua\/#primaryimage","url":"https:\/\/i0.wp.com\/cenedcursos.com.br\/meio-ambiente\/wp-content\/uploads\/2021\/06\/ciclo-da-agua-em-industrias.jpg?fit=640%2C426&ssl=1","contentUrl":"https:\/\/i0.wp.com\/cenedcursos.com.br\/meio-ambiente\/wp-content\/uploads\/2021\/06\/ciclo-da-agua-em-industrias.jpg?fit=640%2C426&ssl=1","width":640,"height":426,"caption":"ciclo da \u00e1gua em ind\u00fastrias"},{"@type":"BreadcrumbList","@id":"https:\/\/cenedcursos.com.br\/meio-ambiente\/ciclo-da-agua-em-industrias-e-custo-da-agua\/#breadcrumb","itemListElement":[{"@type":"ListItem","position":1,"name":"In\u00edcio","item":"https:\/\/cenedcursos.com.br\/meio-ambiente\/"},{"@type":"ListItem","position":2,"name":"Ciclo da \u00c1gua em Ind\u00fastrias e Custo da \u00c1gua"}]},{"@type":"WebSite","@id":"https:\/\/cenedcursos.com.br\/meio-ambiente\/#website","url":"https:\/\/cenedcursos.com.br\/meio-ambiente\/","name":"CENED Cursos Online","description":"Aqui voc\u00ea encontra artigos em diversas \u00e1reas do conhecimento: meio ambiente, educa\u00e7\u00e3o, marketing digital, neg\u00f3cios online e muito mais.","potentialAction":[{"@type":"SearchAction","target":{"@type":"EntryPoint","urlTemplate":"https:\/\/cenedcursos.com.br\/meio-ambiente\/?s={search_term_string}"},"query-input":{"@type":"PropertyValueSpecification","valueRequired":true,"valueName":"search_term_string"}}],"inLanguage":"pt-BR"},{"@type":"Person","@id":"https:\/\/cenedcursos.com.br\/meio-ambiente\/#\/schema\/person\/64377d24cdc16779a1eb6229894af388","name":"Amarildo R. Ferrari","image":{"@type":"ImageObject","inLanguage":"pt-BR","@id":"https:\/\/cenedcursos.com.br\/meio-ambiente\/#\/schema\/person\/image\/","url":"https:\/\/secure.gravatar.com\/avatar\/6ea4248ca9f295c93f1b72f8398232f0fbbffe30349e6ec3839cfa5e09b0de3c?s=96&d=mm&r=g","contentUrl":"https:\/\/secure.gravatar.com\/avatar\/6ea4248ca9f295c93f1b72f8398232f0fbbffe30349e6ec3839cfa5e09b0de3c?s=96&d=mm&r=g","caption":"Amarildo R. Ferrari"},"sameAs":["https:\/\/cenedcursos.com.br\/meio-ambiente"],"url":"https:\/\/cenedcursos.com.br\/meio-ambiente\/author\/admin\/"}]}},"jetpack_featured_media_url":"https:\/\/i0.wp.com\/cenedcursos.com.br\/meio-ambiente\/wp-content\/uploads\/2021\/06\/ciclo-da-agua-em-industrias.jpg?fit=640%2C426&ssl=1","jetpack_sharing_enabled":true,"_links":{"self":[{"href":"https:\/\/cenedcursos.com.br\/meio-ambiente\/wp-json\/wp\/v2\/posts\/12376","targetHints":{"allow":["GET"]}}],"collection":[{"href":"https:\/\/cenedcursos.com.br\/meio-ambiente\/wp-json\/wp\/v2\/posts"}],"about":[{"href":"https:\/\/cenedcursos.com.br\/meio-ambiente\/wp-json\/wp\/v2\/types\/post"}],"author":[{"embeddable":true,"href":"https:\/\/cenedcursos.com.br\/meio-ambiente\/wp-json\/wp\/v2\/users\/1"}],"replies":[{"embeddable":true,"href":"https:\/\/cenedcursos.com.br\/meio-ambiente\/wp-json\/wp\/v2\/comments?post=12376"}],"version-history":[{"count":0,"href":"https:\/\/cenedcursos.com.br\/meio-ambiente\/wp-json\/wp\/v2\/posts\/12376\/revisions"}],"wp:featuredmedia":[{"embeddable":true,"href":"https:\/\/cenedcursos.com.br\/meio-ambiente\/wp-json\/wp\/v2\/media\/12377"}],"wp:attachment":[{"href":"https:\/\/cenedcursos.com.br\/meio-ambiente\/wp-json\/wp\/v2\/media?parent=12376"}],"wp:term":[{"taxonomy":"category","embeddable":true,"href":"https:\/\/cenedcursos.com.br\/meio-ambiente\/wp-json\/wp\/v2\/categories?post=12376"},{"taxonomy":"post_tag","embeddable":true,"href":"https:\/\/cenedcursos.com.br\/meio-ambiente\/wp-json\/wp\/v2\/tags?post=12376"}],"curies":[{"name":"wp","href":"https:\/\/api.w.org\/{rel}","templated":true}]}}