{"id":12427,"date":"2022-09-09T10:38:16","date_gmt":"2022-09-09T13:38:16","guid":{"rendered":"https:\/\/cenedcursos.com.br\/meio-ambiente\/?p=12427"},"modified":"2022-09-09T10:41:13","modified_gmt":"2022-09-09T13:41:13","slug":"entenda-a-importancia-dos-cursos-profissionalizantes-no-seu-curriculo","status":"publish","type":"post","link":"https:\/\/cenedcursos.com.br\/meio-ambiente\/entenda-a-importancia-dos-cursos-profissionalizantes-no-seu-curriculo\/","title":{"rendered":"Entenda a import\u00e2ncia dos cursos profissionalizantes no seu curr\u00edculo"},"content":{"rendered":"<p style=\"text-align: justify;\"><span style=\"font-weight: 400;\">A educa\u00e7\u00e3o \u00e9 fundamental em qualquer grau ao longo da vida dos trabalhadores, e os <\/span><b>cursos profissionalizantes<\/b><span style=\"font-weight: 400;\"> ajudam muitas pessoas a entrarem no mercado de trabalho, tendo um direcionamento claro sobre habilidades e t\u00e9cnicas necess\u00e1rias nas mais diversas \u00e1reas de atua\u00e7\u00e3o.\u00a0<\/span><\/p>\n<p style=\"text-align: justify;\"><span style=\"font-weight: 400;\">Quando se trata de encontrar um emprego e incentivar profissionais a se destacarem em uma nova carreira, os cursos profissionalizantes tendem a garantir que os graduados desenvolvam e pratiquem as habilidades necess\u00e1rias para os mais diferentes cargos.<\/span><\/p>\n<p style=\"text-align: justify;\"><span style=\"font-weight: 400;\">A educa\u00e7\u00e3o, de um modo geral, e o treinamento proposto por cursos profissionalizantes oferecidos pelas institui\u00e7\u00f5es de ensino, p\u00fablicas e particulares, permitem que os alunos ganhem experi\u00eancia e pr\u00e1tica na carreira escolhida.<\/span><\/p>\n<p style=\"text-align: justify;\"><span style=\"font-weight: 400;\">Os estudantes que concluem grades curriculares com essa vertente t\u00eam, de uma maneira s\u00f3lida, as credenciais e o treinamento necess\u00e1rios para come\u00e7ar na carreira escolhida.<\/span><\/p>\n<p style=\"text-align: justify;\"><span style=\"font-weight: 400;\">Assim, se quer trabalhar no ramo imobili\u00e1rio para fazer o <\/span><a href=\"https:\/\/blog.institutofelici.com.br\/salas-medicas-para-alugar\/aluguel-consultorio-medico\"><b>aluguel consult\u00f3rio m\u00e9dico<\/b><\/a><span style=\"font-weight: 400;\"> para empresas do setor. Hoje \u00e9 poss\u00edvel encontrar cursos profissionalizantes que atendem esse mercado.<\/span><\/p>\n<h2 style=\"text-align: justify;\"><span style=\"font-weight: 400;\">O que s\u00e3o habilidades vocacionais?<\/span><\/h2>\n<p style=\"text-align: justify;\"><span style=\"font-weight: 400;\">Escolher uma carreira profissional ao fim dos estudos essenciais pode trazer algumas d\u00favidas e receios. No entanto, considere as habilidades e interesses espec\u00edficos ao fazer a escolha.<\/span><\/p>\n<p style=\"text-align: justify;\"><span style=\"font-weight: 400;\">Inclusive, h\u00e1 estudantes que demonstram compet\u00eancias em \u00e1reas espec\u00edficas. Tamb\u00e9m \u00e9 preciso considerar que, apesar de ser importante j\u00e1 ter clareza sobre essa escolha, isso n\u00e3o significa que ela \u00e9 determinante e imut\u00e1vel.<\/span><\/p>\n<p style=\"text-align: justify;\"><span style=\"font-weight: 400;\">Na pr\u00e1tica, as compet\u00eancias t\u00e9cnicas s\u00e3o as habilidades que se precisa aprender, e que os cursos profissionalizantes podem moldar, e assim formar m\u00e3o de obra qualificada para o mercado de trabalho.<\/span><\/p>\n<p style=\"text-align: justify;\"><span style=\"font-weight: 400;\">As habilidades vocacionais s\u00e3o mais pr\u00e1ticas do que te\u00f3ricas, sendo igualmente importantes para qualquer estudante que pretende seguir no ramo do empreendedorismo e oferecer <\/span><a href=\"https:\/\/blog.hcav.com.br\/equipamentos-hospitalares-locacao\/aluguel-de-andadores\"><b>aluguel de andadores<\/b><\/a><span style=\"font-weight: 400;\"> para cl\u00ednicas especializadas na \u00e1rea de geriatria ou mobilidade reduzida, por exemplo.<\/span><\/p>\n<p style=\"text-align: justify;\"><span style=\"font-weight: 400;\">H\u00e1, ainda, habilidades pessoais e comportamentais que s\u00e3o desenvolvidas em atividades di\u00e1rias e no conv\u00edvio.<\/span><span style=\"font-weight: 400;\">\u00a0<\/span><\/p>\n<p style=\"text-align: justify;\"><span style=\"font-weight: 400;\">Isso significa que as compet\u00eancias vocacionais s\u00e3o aquelas que permitem a uma pessoa dominar um determinado assunto e\/ou t\u00e9cnica, sendo um procedimento aplic\u00e1vel a uma carreira.\u00a0<\/span><\/p>\n<p style=\"text-align: justify;\"><span style=\"font-weight: 400;\">A partir de ent\u00e3o, os cursos profissionalizantes formam alunos e alunas direcionados a uma carreira, sempre relacionando pr\u00e1tica com a parte te\u00f3rica.\u00a0<\/span><\/p>\n<h2 style=\"text-align: justify;\"><span style=\"font-weight: 400;\">A participa\u00e7\u00e3o no mercado de trabalho<\/span><\/h2>\n<p style=\"text-align: justify;\"><span style=\"font-weight: 400;\">Ao participar de cursos profissionalizantes, estudantes se mostram mais confiantes quanto \u00e0s habilidades voltadas para uma carreira de sucesso, seja no setor administrativo ou mesmo em servi\u00e7os voltados ao <\/span><a href=\"https:\/\/blog.medequipa.com.br\/equipamentos-medicos\/aluguel-de-material-hospitalar\"><b>aluguel de material hospitalar<\/b><\/a><span style=\"font-weight: 400;\"> para institui\u00e7\u00f5es m\u00e9dicas.<\/span><\/p>\n<p style=\"text-align: justify;\"><span style=\"font-weight: 400;\">Al\u00e9m disso, eles demonstram interesse em se manter atualizados e desenvolvem novas aptid\u00f5es, o que \u00e9 bastante atrativo.<\/span><\/p>\n<p style=\"text-align: justify;\"><span style=\"font-weight: 400;\">Em rela\u00e7\u00e3o aos empregadores, estes devem saber que fazem uma escolha s\u00f3lida em uma nova contrata\u00e7\u00e3o, podendo contar com jovens profissionais que est\u00e3o prontos para come\u00e7ar a se destacar rapidamente no cargo que ocupam.<\/span><\/p>\n<h2 style=\"text-align: justify;\"><span style=\"font-weight: 400;\">Desenvolvimento de habilidades e empregabilidade<\/span><\/h2>\n<p style=\"text-align: justify;\"><span style=\"font-weight: 400;\">As oportunidades que os cursos profissionalizantes proporcionam est\u00e3o diretamente relacionados ao desenvolvimento de compet\u00eancias e na empregabilidade.\u00a0<\/span><\/p>\n<p style=\"text-align: justify;\"><span style=\"font-weight: 400;\">A import\u00e2ncia do desenvolvimento vocacional pode ser resumida, em grande parte, como a diferen\u00e7a entre o conhecimento te\u00f3rico e as habilidades pr\u00e1ticas na manuten\u00e7\u00e3o de uma m\u00e1quina utilizada para a fabrica\u00e7\u00e3o de <\/span><a href=\"https:\/\/blog.prosegonline.com.br\/aventais-descartaveis\/aventais-descartaveis-conteudo\"><b>aventais descart\u00e1veis<\/b><\/a><span style=\"font-weight: 400;\"> em uma linha de produ\u00e7\u00e3o.<\/span><\/p>\n<p style=\"text-align: justify;\"><span style=\"font-weight: 400;\">Para estudantes que est\u00e3o presentes em um ambiente de ensino e forma\u00e7\u00e3o voltada para cursos profissionalizantes, a realidade \u00e9 que quem busca esse tipo de ensinamento passa horas nas oficinas pr\u00e1ticas, ao longo das semanas de estudo.\u00a0<\/span><\/p>\n<p style=\"text-align: justify;\"><span style=\"font-weight: 400;\">O objetivo \u00e9 aprender habilidades pr\u00e1ticas relacionadas ao campo escolhido.\u00a0<\/span><\/p>\n<p style=\"text-align: justify;\"><span style=\"font-weight: 400;\">O tempo de aula tende a aumentar nessas escolas, em compara\u00e7\u00e3o com o tempo de pesquisa fora, porque os estudantes passam mais tempo explorando oportunidades reais de trabalho que os preparam para os futuros empregos.\u00a0<\/span><\/p>\n<p style=\"text-align: justify;\"><span style=\"font-weight: 400;\">Eles n\u00e3o se concentram tanto em pesquisar o te\u00f3rico quanto em aprender o pr\u00e1tico.<\/span><\/p>\n<p style=\"text-align: justify;\"><span style=\"font-weight: 400;\">Os estudantes tamb\u00e9m t\u00eam cursos que os guiam pelas chances de usar os equipamentos e espa\u00e7os altamente especializados de que precisam para fazer bem o trabalho.\u00a0<\/span><\/p>\n<p style=\"text-align: justify;\"><span style=\"font-weight: 400;\">Em vez de simplesmente aprender sobre esse tipo de equipamento, ou como ele pode ser \u00fatil no trabalho de <\/span><a href=\"https:\/\/blog.vivazcuidadores.com.br\/home-care\/home-care-em-sp\"><b>home care em SP<\/b><\/a><span style=\"font-weight: 400;\">, eles t\u00eam a chance de experimentar as pr\u00f3prias habilidades ainda na institui\u00e7\u00e3o de ensino.<\/span><\/p>\n<p style=\"text-align: justify;\"><span style=\"font-weight: 400;\">Quando chega a hora de fazer a transi\u00e7\u00e3o para um ambiente de trabalho real, eles t\u00eam a experi\u00eancia necess\u00e1ria para come\u00e7ar na fun\u00e7\u00e3o imediatamente.\u00a0<\/span><\/p>\n<p style=\"text-align: justify;\"><span style=\"font-weight: 400;\">Eles n\u00e3o t\u00eam que gastar tempo aprendendo a operar fisicamente o equipamento no trabalho, permitindo que se tornem funcion\u00e1rios valiosos e construam uma carreira de maneira mais r\u00e1pida.<\/span><\/p>\n<h2 style=\"text-align: justify;\"><span style=\"font-weight: 400;\">O valor de se formar com habilidades de trabalho<\/span><\/h2>\n<p style=\"text-align: justify;\"><span style=\"font-weight: 400;\">Quando os empregadores procuram por novos funcion\u00e1rios para ingressar em uma organiza\u00e7\u00e3o, eles sabem que querem encontrar algu\u00e9m que tenha as habilidades para fazer bem o trabalho, com possibilidade de se adaptar rapidamente ao ambiente de trabalho.\u00a0<\/span><\/p>\n<p style=\"text-align: justify;\"><span style=\"font-weight: 400;\">As empresas gastam uma quantia significativa de investimento tentando integrar novos funcion\u00e1rios, pois devem passar por processos de treinamento, com a preocupa\u00e7\u00e3o em se antecipar se haver\u00e1 uma curva de aprendizado para o funcion\u00e1rio em um novo emprego.<\/span><\/p>\n<p style=\"text-align: justify;\"><span style=\"font-weight: 400;\">Os cursos profissionalizantes ajudam a preencher a lacuna de habilidades entre trabalho e educa\u00e7\u00e3o formal voltada para \u00e1reas completamente especializadas, como a cirurgia de <\/span><a href=\"https:\/\/blog.ricardoferro.com.br\/tratamentos\/prostatectomia-radical\"><b>prostatectomia radical<\/b><\/a><span style=\"font-weight: 400;\">, em<\/span><span style=\"font-weight: 400;\"> um curso de medicina, na universidade.<\/span><\/p>\n<p style=\"text-align: justify;\"><span style=\"font-weight: 400;\">Os estudantes n\u00e3o entram no campo de trabalho com pouca experi\u00eancia pr\u00e1tica em rela\u00e7\u00e3o \u00e0s ferramentas e ambientes em que tendem a trabalhar.\u00a0<\/span><\/p>\n<p style=\"text-align: justify;\"><span style=\"font-weight: 400;\">Em vez disso, eles trabalharam especificamente nessas situa\u00e7\u00f5es ao longo da grade curricular, sob a supervis\u00e3o de professores especializados em \u00e1reas espec\u00edficas.\u00a0<\/span><\/p>\n<p style=\"text-align: justify;\"><span style=\"font-weight: 400;\">Isso cria uma avalia\u00e7\u00e3o de habilidades de empregabilidade mais favor\u00e1vel.\u00a0<\/span><\/p>\n<p style=\"text-align: justify;\"><span style=\"font-weight: 400;\">Os empregadores em potencial podem consultar o hist\u00f3rico acad\u00eamico desses alunos, e passam a saber o tipo de habilidades que eles possuem quando entrarem no ambiente de trabalho.\u00a0<\/span><\/p>\n<p style=\"text-align: justify;\"><span style=\"font-weight: 400;\">Esse efeito pode ser ainda mais aproveitado, a partir do momento que uma institui\u00e7\u00e3o que oferece cursos profissionalizantes est\u00e1 aplicando uma abordagem de treinamento baseada em compet\u00eancias mapeada com as necessidades do setor.<\/span><\/p>\n<p style=\"text-align: justify;\"><span style=\"font-weight: 400;\">Para os interessados \u200b\u200bem aprender a melhorar as compet\u00eancias de empregabilidade, portanto, a primeira solu\u00e7\u00e3o deve estar nas oportunidades de aprendizagem profissional.\u00a0<\/span><\/p>\n<p style=\"text-align: justify;\"><span style=\"font-weight: 400;\">Essas habilidades podem ajudar os estudantes a aprender as t\u00e9cnicas e estrat\u00e9gias de que precisam especificamente para essa \u00e1rea de trabalho e, assim, garantir que estejam preparados para o sucesso.\u00a0<\/span><\/p>\n<p style=\"text-align: justify;\"><span style=\"font-weight: 400;\">Os empregadores podem se sentir confiantes de que os candidatos que recebem educa\u00e7\u00e3o de uma escola que disponibiliza cursos profissionalizantes, estes j\u00e1 possuem a experi\u00eancia e o treinamento necess\u00e1rios para come\u00e7ar a trabalhar imediatamente.<\/span><\/p>\n<h2 style=\"text-align: justify;\"><span style=\"font-weight: 400;\">Import\u00e2ncia real de cursos profissionalizantes<\/span><\/h2>\n<p style=\"text-align: justify;\"><span style=\"font-weight: 400;\">Quando um estudante recebe educa\u00e7\u00e3o em uma institui\u00e7\u00e3o de ensino voltada para os cursos profissionalizantes, essa pessoa n\u00e3o est\u00e1 se preparando apenas para estudar e passar na universidade. Eles est\u00e3o sendo preparados para conseguir um emprego no futuro.<\/span><\/p>\n<p style=\"text-align: justify;\"><span style=\"font-weight: 400;\">A forma\u00e7\u00e3o profissional em cursos profissionalizantes \u00e9 muito importante, podendo desenvolver habilidades diversas, entre as quais:<\/span><\/p>\n<ul style=\"text-align: justify;\">\n<li style=\"font-weight: 400;\" aria-level=\"1\"><span style=\"font-weight: 400;\">Aptid\u00e3o mec\u00e2nica;<\/span><\/li>\n<li style=\"font-weight: 400;\" aria-level=\"1\"><span style=\"font-weight: 400;\">Enfermagem;<\/span><\/li>\n<li style=\"font-weight: 400;\" aria-level=\"1\"><span style=\"font-weight: 400;\">Habilidades criativas;<\/span><\/li>\n<li style=\"font-weight: 400;\" aria-level=\"1\"><span style=\"font-weight: 400;\">Resolu\u00e7\u00e3o de problemas administrativos.<\/span><\/li>\n<\/ul>\n<p style=\"text-align: justify;\"><span style=\"font-weight: 400;\">Essas habilidades s\u00e3o adquiridas pelos alunos e os ajudam imensamente, pois elas criam v\u00e1rias oportunidades de trabalho em setores espec\u00edficos, como <\/span><a href=\"https:\/\/blog.vitacaremt.com\/transporte-de-ambulancia\/servico-de-remocao-de-pacientes\"><b>servi\u00e7o de remo\u00e7\u00e3o de pacientes<\/b><\/a><span style=\"font-weight: 400;\"> e traslado entre uma ambul\u00e2ncia e um hospital, de maneira adequada.<\/span><\/p>\n<p style=\"text-align: justify;\"><span style=\"font-weight: 400;\">No mundo de hoje, quase todas as empresas que oferecem empregos desejam que as pessoas que trabalham para elas tenham habilidades adequadas, que possam beneficiar a organiza\u00e7\u00e3o.\u00a0<\/span><\/p>\n<p style=\"text-align: justify;\"><span style=\"font-weight: 400;\">Essas habilidades n\u00e3o podem ser obtidas apenas por treinamento te\u00f3rico.<\/span><\/p>\n<p style=\"text-align: justify;\"><span style=\"font-weight: 400;\">A habilidade \u00e9 o bem mais valioso na vida de um indiv\u00edduo. A educa\u00e7\u00e3o voltada a cursos profissionalizantes proporciona \u00e0s pessoas uma nova experi\u00eancia de aprendizagem.\u00a0<\/span><\/p>\n<p style=\"text-align: justify;\"><span style=\"font-weight: 400;\">Aumenta o n\u00edvel de especializa\u00e7\u00e3o em um campo espec\u00edfico, o que facilita a escolha de uma carreira no futuro.<\/span><\/p>\n<p style=\"text-align: justify;\"><span style=\"font-weight: 400;\">Aprender uma habilidade leva menos tempo do que uma universidade tradicional de 4 anos e pode ser aprendida em um menor espa\u00e7o de tempo, ou at\u00e9 mesmo em paralelo ao Ensino M\u00e9dio.<\/span><\/p>\n<p style=\"text-align: justify;\"><span style=\"font-weight: 400;\">Devido ao curto per\u00edodo de aprendizado, \u00e9 muito flex\u00edvel e econ\u00f4mico para os alunos que ainda t\u00eam tempo para fazer outros trabalhos importantes, seja treinando meio per\u00edodo com o professor ou participando de est\u00e1gios remunerados.<\/span><\/p>\n<p style=\"text-align: justify;\"><span style=\"font-weight: 400;\">Depois de aprender, eles n\u00e3o se tornam dependentes de m\u00e1quinas ou de outra pessoa porque s\u00e3o habilidades que os ajudam a trabalhar. Tornam-se mais eficientes e auto-dependentes.\u00a0<\/span><\/p>\n<p style=\"text-align: justify;\"><span style=\"font-weight: 400;\">Al\u00e9m disso, eles percebem as capacidades e usam todo o potencial para alcan\u00e7ar n\u00edveis de sucesso na carreira profissional.<\/span><\/p>\n<h2 style=\"text-align: justify;\"><span style=\"font-weight: 400;\">Estudantes experimentam benef\u00edcios econ\u00f4micos<\/span><\/h2>\n<p style=\"text-align: justify;\"><span style=\"font-weight: 400;\">Os alunos que frequentam o ensino profissionalizante tamb\u00e9m t\u00eam a chance de receber uma variedade de benef\u00edcios econ\u00f4micos diferentes da educa\u00e7\u00e3o.<\/span><\/p>\n<p style=\"text-align: justify;\"><span style=\"font-weight: 400;\">Os alunos que se formam em cursos profissionalizantes podem entrar na carreira mais rapidamente, como um enfermeiro que se prepara para ajudar m\u00e9dicos especialistas em uma cirurgia de <\/span><a href=\"https:\/\/blog.androlog.com.br\/tratamentos\/varicocele-tratamento\"><b>varicocele tratamento<\/b><\/a><span style=\"font-weight: 400;\"> dos pacientes.<\/span><\/p>\n<p style=\"text-align: justify;\"><span style=\"font-weight: 400;\">Os empregadores sabem que j\u00e1 t\u00eam experi\u00eancia de trabalho e treinamento relacionados \u00e0 \u00e1rea, o que facilita a transi\u00e7\u00e3o para a fun\u00e7\u00e3o desejada e prejudica menos a empresa que trabalha para integr\u00e1-los.\u00a0<\/span><\/p>\n<p style=\"text-align: justify;\"><span style=\"font-weight: 400;\">Os estudantes podem aceitar empregos mais especializados, al\u00e9m de ganhar o sal\u00e1rio aplic\u00e1vel. Isso se combina para criar uma forte oportunidade econ\u00f4mica para graduados de cursos profissionalizantes.\u00a0<\/span><\/p>\n<p style=\"text-align: justify;\"><span style=\"font-weight: 400;\">Os graduados profissionais tamb\u00e9m tendem a ter um conjunto de ferramentas mais s\u00f3lido para subir rapidamente na hierarquia, pois conhecem a fun\u00e7\u00e3o de dentro para fora.\u00a0<\/span><\/p>\n<h2 style=\"text-align: justify;\"><span style=\"font-weight: 400;\">Conclus\u00e3o<\/span><\/h2>\n<p style=\"text-align: justify;\"><span style=\"font-weight: 400;\">Quando se trata de educar os estudantes, a import\u00e2ncia de construir um ensino baseado em habilidades n\u00e3o pode ser subestimada.\u00a0<\/span><\/p>\n<p style=\"text-align: justify;\"><span style=\"font-weight: 400;\">Eles ganham experi\u00eancia de trabalho no local ao longo da educa\u00e7\u00e3o para que a transi\u00e7\u00e3o para o mundo do trabalho seja m\u00ednima, ajudando-os profissionalmente e financeiramente.\u00a0<\/span><\/p>\n<p style=\"text-align: justify;\"><span style=\"font-weight: 400;\">As empresas que os contratam sabem que podem contar com os novos funcion\u00e1rios para come\u00e7ar imediatamente no campo, e trabalhar com alto n\u00edvel de independ\u00eancia e compet\u00eancia, criando uma experi\u00eancia favor\u00e1vel para todos os envolvidos.<\/span><\/p>\n<p style=\"text-align: justify;\"><span style=\"font-weight: 400;\">Os interessados \u200b\u200bem seguir um caminho vocacional para a educa\u00e7\u00e3o proporcionada pelos cursos profissionalizantes visam uma carreira em uma das muitas \u00e1reas interessantes que as institui\u00e7\u00f5es de ensino atendem,e\u00a0 os empregadores devem considerar os benef\u00edcios na contrata\u00e7\u00e3o.<\/span><\/p>\n<p style=\"text-align: justify;\"><i><span style=\"font-weight: 400;\">Texto originalmente desenvolvido pela equipe do blog <\/span><\/i><a href=\"http:\/\/www.businessconnection.com.br\/\"><b><i>Business Connection<\/i><\/b><\/a><i><span style=\"font-weight: 400;\">, canal em que voc\u00ea pode encontrar centenas de conte\u00fados informativos sobre diversos segmentos.<\/span><\/i><\/p>\n","protected":false},"excerpt":{"rendered":"<p>A educa\u00e7\u00e3o \u00e9 fundamental em qualquer grau ao longo da vida dos trabalhadores, e os cursos profissionalizantes ajudam muitas pessoas a entrarem no mercado de trabalho, tendo um direcionamento claro sobre habilidades e t\u00e9cnicas necess\u00e1rias nas mais diversas \u00e1reas de atua\u00e7\u00e3o.\u00a0 Quando se trata de encontrar um emprego e incentivar profissionais a se destacarem em [&hellip;]<\/p>\n","protected":false},"author":1,"featured_media":12428,"comment_status":"open","ping_status":"open","sticky":false,"template":"","format":"standard","meta":{"_jetpack_memberships_contains_paid_content":false,"footnotes":""},"categories":[1181],"tags":[],"class_list":{"0":"post-12427","1":"post","2":"type-post","3":"status-publish","4":"format-standard","5":"has-post-thumbnail","7":"category-negocios-online"},"yoast_head":"<!-- This site is optimized with the Yoast SEO plugin v25.1 - https:\/\/yoast.com\/wordpress\/plugins\/seo\/ -->\n<title>Entenda a import\u00e2ncia dos cursos profissionalizantes<\/title>\n<meta name=\"description\" content=\"Quando um estudante recebe educa\u00e7\u00e3o em uma institui\u00e7\u00e3o de ensino voltada para os cursos profissionalizantes, essa pessoa n\u00e3o est\u00e1 se\" \/>\n<meta name=\"robots\" content=\"index, follow, max-snippet:-1, max-image-preview:large, max-video-preview:-1\" \/>\n<link rel=\"canonical\" href=\"https:\/\/cenedcursos.com.br\/meio-ambiente\/entenda-a-importancia-dos-cursos-profissionalizantes-no-seu-curriculo\/\" \/>\n<meta property=\"og:locale\" content=\"pt_BR\" \/>\n<meta property=\"og:type\" content=\"article\" \/>\n<meta property=\"og:title\" content=\"Entenda a import\u00e2ncia dos cursos profissionalizantes\" \/>\n<meta property=\"og:description\" content=\"Quando um estudante recebe educa\u00e7\u00e3o em uma institui\u00e7\u00e3o de ensino voltada para os cursos profissionalizantes, essa pessoa n\u00e3o est\u00e1 se\" \/>\n<meta property=\"og:url\" content=\"https:\/\/cenedcursos.com.br\/meio-ambiente\/entenda-a-importancia-dos-cursos-profissionalizantes-no-seu-curriculo\/\" \/>\n<meta property=\"og:site_name\" content=\"CENED Cursos Online\" \/>\n<meta property=\"article:published_time\" content=\"2022-09-09T13:38:16+00:00\" \/>\n<meta property=\"article:modified_time\" content=\"2022-09-09T13:41:13+00:00\" \/>\n<meta property=\"og:image\" content=\"https:\/\/cenedcursos.com.br\/meio-ambiente\/wp-content\/uploads\/2022\/09\/cursos-profissionalizantes.jpg\" \/>\n\t<meta property=\"og:image:width\" content=\"1200\" \/>\n\t<meta property=\"og:image:height\" content=\"800\" \/>\n\t<meta property=\"og:image:type\" content=\"image\/jpeg\" \/>\n<meta name=\"author\" content=\"Amarildo R. Ferrari\" \/>\n<meta name=\"twitter:card\" content=\"summary_large_image\" \/>\n<meta name=\"twitter:label1\" content=\"Escrito por\" \/>\n\t<meta name=\"twitter:data1\" content=\"Amarildo R. Ferrari\" \/>\n\t<meta name=\"twitter:label2\" content=\"Est. tempo de leitura\" \/>\n\t<meta name=\"twitter:data2\" content=\"9 minutos\" \/>\n<script type=\"application\/ld+json\" class=\"yoast-schema-graph\">{\"@context\":\"https:\/\/schema.org\",\"@graph\":[{\"@type\":\"WebPage\",\"@id\":\"https:\/\/cenedcursos.com.br\/meio-ambiente\/entenda-a-importancia-dos-cursos-profissionalizantes-no-seu-curriculo\/\",\"url\":\"https:\/\/cenedcursos.com.br\/meio-ambiente\/entenda-a-importancia-dos-cursos-profissionalizantes-no-seu-curriculo\/\",\"name\":\"Entenda a import\u00e2ncia dos cursos profissionalizantes\",\"isPartOf\":{\"@id\":\"https:\/\/cenedcursos.com.br\/meio-ambiente\/#website\"},\"primaryImageOfPage\":{\"@id\":\"https:\/\/cenedcursos.com.br\/meio-ambiente\/entenda-a-importancia-dos-cursos-profissionalizantes-no-seu-curriculo\/#primaryimage\"},\"image\":{\"@id\":\"https:\/\/cenedcursos.com.br\/meio-ambiente\/entenda-a-importancia-dos-cursos-profissionalizantes-no-seu-curriculo\/#primaryimage\"},\"thumbnailUrl\":\"https:\/\/i0.wp.com\/cenedcursos.com.br\/meio-ambiente\/wp-content\/uploads\/2022\/09\/cursos-profissionalizantes.jpg?fit=1200%2C800&ssl=1\",\"datePublished\":\"2022-09-09T13:38:16+00:00\",\"dateModified\":\"2022-09-09T13:41:13+00:00\",\"author\":{\"@id\":\"https:\/\/cenedcursos.com.br\/meio-ambiente\/#\/schema\/person\/64377d24cdc16779a1eb6229894af388\"},\"description\":\"Quando um estudante recebe educa\u00e7\u00e3o em uma institui\u00e7\u00e3o de ensino voltada para os cursos profissionalizantes, essa pessoa n\u00e3o est\u00e1 se\",\"breadcrumb\":{\"@id\":\"https:\/\/cenedcursos.com.br\/meio-ambiente\/entenda-a-importancia-dos-cursos-profissionalizantes-no-seu-curriculo\/#breadcrumb\"},\"inLanguage\":\"pt-BR\",\"potentialAction\":[{\"@type\":\"ReadAction\",\"target\":[\"https:\/\/cenedcursos.com.br\/meio-ambiente\/entenda-a-importancia-dos-cursos-profissionalizantes-no-seu-curriculo\/\"]}]},{\"@type\":\"ImageObject\",\"inLanguage\":\"pt-BR\",\"@id\":\"https:\/\/cenedcursos.com.br\/meio-ambiente\/entenda-a-importancia-dos-cursos-profissionalizantes-no-seu-curriculo\/#primaryimage\",\"url\":\"https:\/\/i0.wp.com\/cenedcursos.com.br\/meio-ambiente\/wp-content\/uploads\/2022\/09\/cursos-profissionalizantes.jpg?fit=1200%2C800&ssl=1\",\"contentUrl\":\"https:\/\/i0.wp.com\/cenedcursos.com.br\/meio-ambiente\/wp-content\/uploads\/2022\/09\/cursos-profissionalizantes.jpg?fit=1200%2C800&ssl=1\",\"width\":1200,\"height\":800,\"caption\":\"cursos profissionalizantes\"},{\"@type\":\"BreadcrumbList\",\"@id\":\"https:\/\/cenedcursos.com.br\/meio-ambiente\/entenda-a-importancia-dos-cursos-profissionalizantes-no-seu-curriculo\/#breadcrumb\",\"itemListElement\":[{\"@type\":\"ListItem\",\"position\":1,\"name\":\"In\u00edcio\",\"item\":\"https:\/\/cenedcursos.com.br\/meio-ambiente\/\"},{\"@type\":\"ListItem\",\"position\":2,\"name\":\"Entenda a import\u00e2ncia dos cursos profissionalizantes no seu curr\u00edculo\"}]},{\"@type\":\"WebSite\",\"@id\":\"https:\/\/cenedcursos.com.br\/meio-ambiente\/#website\",\"url\":\"https:\/\/cenedcursos.com.br\/meio-ambiente\/\",\"name\":\"CENED Cursos Online\",\"description\":\"Aqui voc\u00ea encontra artigos em diversas \u00e1reas do conhecimento: meio ambiente, educa\u00e7\u00e3o, marketing digital, neg\u00f3cios online e muito mais.\",\"potentialAction\":[{\"@type\":\"SearchAction\",\"target\":{\"@type\":\"EntryPoint\",\"urlTemplate\":\"https:\/\/cenedcursos.com.br\/meio-ambiente\/?s={search_term_string}\"},\"query-input\":{\"@type\":\"PropertyValueSpecification\",\"valueRequired\":true,\"valueName\":\"search_term_string\"}}],\"inLanguage\":\"pt-BR\"},{\"@type\":\"Person\",\"@id\":\"https:\/\/cenedcursos.com.br\/meio-ambiente\/#\/schema\/person\/64377d24cdc16779a1eb6229894af388\",\"name\":\"Amarildo R. Ferrari\",\"image\":{\"@type\":\"ImageObject\",\"inLanguage\":\"pt-BR\",\"@id\":\"https:\/\/cenedcursos.com.br\/meio-ambiente\/#\/schema\/person\/image\/\",\"url\":\"https:\/\/secure.gravatar.com\/avatar\/6ea4248ca9f295c93f1b72f8398232f0fbbffe30349e6ec3839cfa5e09b0de3c?s=96&d=mm&r=g\",\"contentUrl\":\"https:\/\/secure.gravatar.com\/avatar\/6ea4248ca9f295c93f1b72f8398232f0fbbffe30349e6ec3839cfa5e09b0de3c?s=96&d=mm&r=g\",\"caption\":\"Amarildo R. Ferrari\"},\"sameAs\":[\"https:\/\/cenedcursos.com.br\/meio-ambiente\"],\"url\":\"https:\/\/cenedcursos.com.br\/meio-ambiente\/author\/admin\/\"}]}<\/script>\n<!-- \/ Yoast SEO plugin. -->","yoast_head_json":{"title":"Entenda a import\u00e2ncia dos cursos profissionalizantes","description":"Quando um estudante recebe educa\u00e7\u00e3o em uma institui\u00e7\u00e3o de ensino voltada para os cursos profissionalizantes, essa pessoa n\u00e3o est\u00e1 se","robots":{"index":"index","follow":"follow","max-snippet":"max-snippet:-1","max-image-preview":"max-image-preview:large","max-video-preview":"max-video-preview:-1"},"canonical":"https:\/\/cenedcursos.com.br\/meio-ambiente\/entenda-a-importancia-dos-cursos-profissionalizantes-no-seu-curriculo\/","og_locale":"pt_BR","og_type":"article","og_title":"Entenda a import\u00e2ncia dos cursos profissionalizantes","og_description":"Quando um estudante recebe educa\u00e7\u00e3o em uma institui\u00e7\u00e3o de ensino voltada para os cursos profissionalizantes, essa pessoa n\u00e3o est\u00e1 se","og_url":"https:\/\/cenedcursos.com.br\/meio-ambiente\/entenda-a-importancia-dos-cursos-profissionalizantes-no-seu-curriculo\/","og_site_name":"CENED Cursos Online","article_published_time":"2022-09-09T13:38:16+00:00","article_modified_time":"2022-09-09T13:41:13+00:00","og_image":[{"width":1200,"height":800,"url":"https:\/\/cenedcursos.com.br\/meio-ambiente\/wp-content\/uploads\/2022\/09\/cursos-profissionalizantes.jpg","type":"image\/jpeg"}],"author":"Amarildo R. Ferrari","twitter_card":"summary_large_image","twitter_misc":{"Escrito por":"Amarildo R. Ferrari","Est. tempo de leitura":"9 minutos"},"schema":{"@context":"https:\/\/schema.org","@graph":[{"@type":"WebPage","@id":"https:\/\/cenedcursos.com.br\/meio-ambiente\/entenda-a-importancia-dos-cursos-profissionalizantes-no-seu-curriculo\/","url":"https:\/\/cenedcursos.com.br\/meio-ambiente\/entenda-a-importancia-dos-cursos-profissionalizantes-no-seu-curriculo\/","name":"Entenda a import\u00e2ncia dos cursos profissionalizantes","isPartOf":{"@id":"https:\/\/cenedcursos.com.br\/meio-ambiente\/#website"},"primaryImageOfPage":{"@id":"https:\/\/cenedcursos.com.br\/meio-ambiente\/entenda-a-importancia-dos-cursos-profissionalizantes-no-seu-curriculo\/#primaryimage"},"image":{"@id":"https:\/\/cenedcursos.com.br\/meio-ambiente\/entenda-a-importancia-dos-cursos-profissionalizantes-no-seu-curriculo\/#primaryimage"},"thumbnailUrl":"https:\/\/i0.wp.com\/cenedcursos.com.br\/meio-ambiente\/wp-content\/uploads\/2022\/09\/cursos-profissionalizantes.jpg?fit=1200%2C800&ssl=1","datePublished":"2022-09-09T13:38:16+00:00","dateModified":"2022-09-09T13:41:13+00:00","author":{"@id":"https:\/\/cenedcursos.com.br\/meio-ambiente\/#\/schema\/person\/64377d24cdc16779a1eb6229894af388"},"description":"Quando um estudante recebe educa\u00e7\u00e3o em uma institui\u00e7\u00e3o de ensino voltada para os cursos profissionalizantes, essa pessoa n\u00e3o est\u00e1 se","breadcrumb":{"@id":"https:\/\/cenedcursos.com.br\/meio-ambiente\/entenda-a-importancia-dos-cursos-profissionalizantes-no-seu-curriculo\/#breadcrumb"},"inLanguage":"pt-BR","potentialAction":[{"@type":"ReadAction","target":["https:\/\/cenedcursos.com.br\/meio-ambiente\/entenda-a-importancia-dos-cursos-profissionalizantes-no-seu-curriculo\/"]}]},{"@type":"ImageObject","inLanguage":"pt-BR","@id":"https:\/\/cenedcursos.com.br\/meio-ambiente\/entenda-a-importancia-dos-cursos-profissionalizantes-no-seu-curriculo\/#primaryimage","url":"https:\/\/i0.wp.com\/cenedcursos.com.br\/meio-ambiente\/wp-content\/uploads\/2022\/09\/cursos-profissionalizantes.jpg?fit=1200%2C800&ssl=1","contentUrl":"https:\/\/i0.wp.com\/cenedcursos.com.br\/meio-ambiente\/wp-content\/uploads\/2022\/09\/cursos-profissionalizantes.jpg?fit=1200%2C800&ssl=1","width":1200,"height":800,"caption":"cursos profissionalizantes"},{"@type":"BreadcrumbList","@id":"https:\/\/cenedcursos.com.br\/meio-ambiente\/entenda-a-importancia-dos-cursos-profissionalizantes-no-seu-curriculo\/#breadcrumb","itemListElement":[{"@type":"ListItem","position":1,"name":"In\u00edcio","item":"https:\/\/cenedcursos.com.br\/meio-ambiente\/"},{"@type":"ListItem","position":2,"name":"Entenda a import\u00e2ncia dos cursos profissionalizantes no seu curr\u00edculo"}]},{"@type":"WebSite","@id":"https:\/\/cenedcursos.com.br\/meio-ambiente\/#website","url":"https:\/\/cenedcursos.com.br\/meio-ambiente\/","name":"CENED Cursos Online","description":"Aqui voc\u00ea encontra artigos em diversas \u00e1reas do conhecimento: meio ambiente, educa\u00e7\u00e3o, marketing digital, neg\u00f3cios online e muito mais.","potentialAction":[{"@type":"SearchAction","target":{"@type":"EntryPoint","urlTemplate":"https:\/\/cenedcursos.com.br\/meio-ambiente\/?s={search_term_string}"},"query-input":{"@type":"PropertyValueSpecification","valueRequired":true,"valueName":"search_term_string"}}],"inLanguage":"pt-BR"},{"@type":"Person","@id":"https:\/\/cenedcursos.com.br\/meio-ambiente\/#\/schema\/person\/64377d24cdc16779a1eb6229894af388","name":"Amarildo R. Ferrari","image":{"@type":"ImageObject","inLanguage":"pt-BR","@id":"https:\/\/cenedcursos.com.br\/meio-ambiente\/#\/schema\/person\/image\/","url":"https:\/\/secure.gravatar.com\/avatar\/6ea4248ca9f295c93f1b72f8398232f0fbbffe30349e6ec3839cfa5e09b0de3c?s=96&d=mm&r=g","contentUrl":"https:\/\/secure.gravatar.com\/avatar\/6ea4248ca9f295c93f1b72f8398232f0fbbffe30349e6ec3839cfa5e09b0de3c?s=96&d=mm&r=g","caption":"Amarildo R. Ferrari"},"sameAs":["https:\/\/cenedcursos.com.br\/meio-ambiente"],"url":"https:\/\/cenedcursos.com.br\/meio-ambiente\/author\/admin\/"}]}},"jetpack_featured_media_url":"https:\/\/i0.wp.com\/cenedcursos.com.br\/meio-ambiente\/wp-content\/uploads\/2022\/09\/cursos-profissionalizantes.jpg?fit=1200%2C800&ssl=1","jetpack_sharing_enabled":true,"_links":{"self":[{"href":"https:\/\/cenedcursos.com.br\/meio-ambiente\/wp-json\/wp\/v2\/posts\/12427","targetHints":{"allow":["GET"]}}],"collection":[{"href":"https:\/\/cenedcursos.com.br\/meio-ambiente\/wp-json\/wp\/v2\/posts"}],"about":[{"href":"https:\/\/cenedcursos.com.br\/meio-ambiente\/wp-json\/wp\/v2\/types\/post"}],"author":[{"embeddable":true,"href":"https:\/\/cenedcursos.com.br\/meio-ambiente\/wp-json\/wp\/v2\/users\/1"}],"replies":[{"embeddable":true,"href":"https:\/\/cenedcursos.com.br\/meio-ambiente\/wp-json\/wp\/v2\/comments?post=12427"}],"version-history":[{"count":0,"href":"https:\/\/cenedcursos.com.br\/meio-ambiente\/wp-json\/wp\/v2\/posts\/12427\/revisions"}],"wp:featuredmedia":[{"embeddable":true,"href":"https:\/\/cenedcursos.com.br\/meio-ambiente\/wp-json\/wp\/v2\/media\/12428"}],"wp:attachment":[{"href":"https:\/\/cenedcursos.com.br\/meio-ambiente\/wp-json\/wp\/v2\/media?parent=12427"}],"wp:term":[{"taxonomy":"category","embeddable":true,"href":"https:\/\/cenedcursos.com.br\/meio-ambiente\/wp-json\/wp\/v2\/categories?post=12427"},{"taxonomy":"post_tag","embeddable":true,"href":"https:\/\/cenedcursos.com.br\/meio-ambiente\/wp-json\/wp\/v2\/tags?post=12427"}],"curies":[{"name":"wp","href":"https:\/\/api.w.org\/{rel}","templated":true}]}}