{"id":12448,"date":"2022-10-21T11:13:51","date_gmt":"2022-10-21T14:13:51","guid":{"rendered":"https:\/\/cenedcursos.com.br\/meio-ambiente\/?p=12448"},"modified":"2023-04-12T16:11:45","modified_gmt":"2023-04-12T19:11:45","slug":"persona-o-que-e-e-como-pode-auxiliar-na-sua-empresa","status":"publish","type":"post","link":"https:\/\/cenedcursos.com.br\/meio-ambiente\/persona-o-que-e-e-como-pode-auxiliar-na-sua-empresa\/","title":{"rendered":"Persona: o que \u00e9 e como pode auxiliar na sua empresa"},"content":{"rendered":"<p style=\"text-align: justify;\"><span style=\"font-weight: 400;\">A cria\u00e7\u00e3o de um planejamento de marketing digital exige de empresas e profissionais de marketing entender <\/span><b>o que \u00e9 persona<\/b><span style=\"font-weight: 400;\"> de comprador, e como isso ajuda a conhecer melhor o p\u00fablico-alvo ao qual seus produtos e servi\u00e7os s\u00e3o direcionados para a\u00e7\u00f5es mais direcionadas.<\/span><\/p>\n<p style=\"text-align: justify;\"><span style=\"font-weight: 400;\">H\u00e1 muito a se saber sobre um cliente em potencial, e ao saber o que \u00e9 persona de comprador, \u00e9 poss\u00edvel identificar dados al\u00e9m daqueles gerais, como faixa et\u00e1ria, localiza\u00e7\u00e3o geogr\u00e1fica e n\u00edvel de renda.\u00a0<\/span><\/p>\n<p style=\"text-align: justify;\"><span style=\"font-weight: 400;\">Informa\u00e7\u00f5es gerais como tamanho da fam\u00edlia, quais s\u00e3o os anseios e desejos de consumo, os hobbies, o setor de atua\u00e7\u00e3o profissional, entre outros dados, passam a ser valiosos, permitindo que uma empresa conhe\u00e7a o p\u00fablico-alvo em profundidade.<\/span><\/p>\n<h2 style=\"text-align: justify;\"><span style=\"font-weight: 400;\">O que \u00e9 persona do comprador?<\/span><\/h2>\n<p style=\"text-align: justify;\"><span style=\"font-weight: 400;\">A defini\u00e7\u00e3o sobre o que \u00e9 persona de comprador est\u00e1 relacionada a uma representa\u00e7\u00e3o fict\u00edcia do cliente ideal da sua empresa, sendo dividido em uma ampla gama de detalhes, desde aspira\u00e7\u00f5es pessoais at\u00e9 dados geogr\u00e1ficos.\u00a0<\/span><\/p>\n<p style=\"text-align: justify;\"><span style=\"font-weight: 400;\">Isso pode ser feito a partir da <\/span><a href=\"https:\/\/blog.clxcontabil.com\/legalizacao-de-empresas\/abertura-de-empresa-simples-nacional\"><b>abertura de empresa Simples Nacional<\/b><\/a><span style=\"font-weight: 400;\"> do neg\u00f3cio, j\u00e1 estabelecendo quais p\u00fablicos se relacionam com o neg\u00f3cio e que gostaria de atender.<\/span><\/p>\n<p style=\"text-align: justify;\"><span style=\"font-weight: 400;\">Uma vez definido o que \u00e9 persona de comprador, se faz necess\u00e1rio produzir uma proje\u00e7\u00e3o de uma pessoa real, criando uma imagem de quem os clientes s\u00e3o de verdade, inclusive com fotos, mesmo que fict\u00edcias, para humaniz\u00e1-lo e possibilitar a\u00e7\u00f5es mais acertadas.<\/span><\/p>\n<p style=\"text-align: justify;\"><span style=\"font-weight: 400;\">J\u00e1 no caso de empresas j\u00e1 formadas, a persona pode ser criada com base no comportamento, interesses e problemas que os clientes ativos representam, estabelecendo entre eles o perfil que pode promover o desenvolvimento da marca e que se deseja negociar de forma mais ampla.<\/span><\/p>\n<h3 style=\"text-align: justify;\"><span style=\"font-weight: 400;\">Aplicando a persona e sua import\u00e2ncia<\/span><\/h3>\n<p style=\"text-align: justify;\"><span style=\"font-weight: 400;\">A partir da elabora\u00e7\u00e3o da persona do comprador, a equipe de marketing digital pode focar em uma perspectiva perfeita sobre quem s\u00e3o os clientes de uma determinada empresa, e porque elas precisam dos produtos e servi\u00e7os dispon\u00edveis para o mercado consumidor.\u00a0<\/span><\/p>\n<p style=\"text-align: justify;\"><span style=\"font-weight: 400;\">Os profissionais de marketing sabem, com os dados em m\u00e3os, como esses clientes agem, como ocorre o consumo, o que os clientes pretendem atingir ao adquirir algo, etc. Isso permite a personaliza\u00e7\u00e3o da mensagem que se quer passar.\u00a0<\/span><\/p>\n<p style=\"text-align: justify;\"><span style=\"font-weight: 400;\">Trata-se de percorrer um processo de marketing, relacionamento e vendas orientado por dados, a partir de pesquisas significativas e profundas.\u00a0<\/span><\/p>\n<p style=\"text-align: justify;\"><span style=\"font-weight: 400;\">Com uma abordagem apropriada, uma <\/span><a href=\"https:\/\/blog.areasbrasil.com.br\/servicos-de-portaria\/empresa-de-portaria\"><b>empresa de portaria<\/b><\/a><span style=\"font-weight: 400;\"> vislumbra as respostas que o cliente-alvo pode precisar e que seu neg\u00f3cio soluciona, sem precisar adivinhar.<\/span><\/p>\n<p style=\"text-align: justify;\"><span style=\"font-weight: 400;\">Para isso, a cria\u00e7\u00e3o de uma persona de comprador abrange detalhes que s\u00f3 um cliente ideal pode ter, como:<\/span><\/p>\n<ul style=\"text-align: justify;\">\n<li style=\"font-weight: 400;\" aria-level=\"1\"><span style=\"font-weight: 400;\">Comportamentos t\u00edpicos de consumo;<\/span><\/li>\n<li style=\"font-weight: 400;\" aria-level=\"1\"><span style=\"font-weight: 400;\">Desafios;<\/span><\/li>\n<li style=\"font-weight: 400;\" aria-level=\"1\"><span style=\"font-weight: 400;\">Educa\u00e7\u00e3o;<\/span><\/li>\n<li style=\"font-weight: 400;\" aria-level=\"1\"><span style=\"font-weight: 400;\">Estado civil;<\/span><\/li>\n<li style=\"font-weight: 400;\" aria-level=\"1\"><span style=\"font-weight: 400;\">Etnia;<\/span><\/li>\n<li style=\"font-weight: 400;\" aria-level=\"1\"><span style=\"font-weight: 400;\">G\u00eanero;<\/span><\/li>\n<li style=\"font-weight: 400;\" aria-level=\"1\"><span style=\"font-weight: 400;\">O que gosta e n\u00e3o gosta;<\/span><\/li>\n<li style=\"font-weight: 400;\" aria-level=\"1\"><span style=\"font-weight: 400;\">Objetivos de curto e longo prazo;<\/span><\/li>\n<li style=\"font-weight: 400;\" aria-level=\"1\"><span style=\"font-weight: 400;\">Peculiaridades \u00fanicas;<\/span><\/li>\n<li style=\"font-weight: 400;\" aria-level=\"1\"><span style=\"font-weight: 400;\">Preocupa\u00e7\u00f5es;<\/span><\/li>\n<li style=\"font-weight: 400;\" aria-level=\"1\"><span style=\"font-weight: 400;\">Renda familiar;<\/span><\/li>\n<li style=\"font-weight: 400;\" aria-level=\"1\"><span style=\"font-weight: 400;\">Valores pessoais.<\/span><\/li>\n<\/ul>\n<p style=\"text-align: justify;\"><span style=\"font-weight: 400;\">Todos esses detalhes s\u00e3o necess\u00e1rios ao construir e saber o que \u00e9 persona de comprador, e isso n\u00e3o \u00e9 uma tarefa f\u00e1cil.\u00a0<\/span><\/p>\n<p style=\"text-align: justify;\"><span style=\"font-weight: 400;\">Demanda tempo e esfor\u00e7o, mas se mostra um investimento inteligente que auxilia sua empresa a colher frutos e benef\u00edcios sem igual.<\/span><\/p>\n<h2 style=\"text-align: justify;\"><span style=\"font-weight: 400;\">Cria\u00e7\u00e3o de persona de comprador ajuda seu neg\u00f3cio<\/span><\/h2>\n<p style=\"text-align: justify;\"><span style=\"font-weight: 400;\">Faz sentido que entender seus clientes-alvo seja uma maneira eficaz de aumentar seu sucesso de marketing e facilidade de distribui\u00e7\u00e3o de <\/span><a href=\"https:\/\/blog.mallumar.com.br\/brindes\/brindes-personalizados\"><b>brindes personalizados<\/b><\/a><span style=\"font-weight: 400;\">, mas uma persona de comprador completa \u00e9 realmente necess\u00e1ria?\u00a0<\/span><\/p>\n<p style=\"text-align: justify;\"><span style=\"font-weight: 400;\">Voc\u00ea pode se surpreender ao saber que a cria\u00e7\u00e3o de personas de comprador n\u00e3o apenas moldar\u00e1 a maneira como voc\u00ea aborda o marketing, mas tamb\u00e9m pode ter um enorme efeito cascata que apoia seus neg\u00f3cios de v\u00e1rias maneiras, como apresentaremos a seguir.<\/span><\/p>\n<ol style=\"text-align: justify;\">\n<li style=\"font-weight: 400;\" aria-level=\"1\">\n<h3><span style=\"font-weight: 400;\">Ajuda a identificar as decis\u00f5es de compra<\/span><\/h3>\n<\/li>\n<\/ol>\n<p style=\"text-align: justify;\"><span style=\"font-weight: 400;\">Dentre os princ\u00edpios b\u00e1sicos do marketing, muitas vezes os clientes n\u00e3o adquirem algo apenas pela disponibilidade e racionalidade.<\/span><\/p>\n<p style=\"text-align: justify;\"><span style=\"font-weight: 400;\">Os clientes decidem investir, de fato, em um produto ou servi\u00e7o, ou mesmo em <\/span><a href=\"https:\/\/blog.salusterceirizacao.com.br\/terceirizacao-de-servicos\/empresas-de-terceirizacao-rj\"><b>empresas de terceiriza\u00e7\u00e3o RJ<\/b><\/a><span style=\"font-weight: 400;\">,<\/span><span style=\"font-weight: 400;\"> porque isso atende, de maneira espec\u00edfica, a um desejo de consumo, uma necessidade imprescind\u00edvel e promove sensa\u00e7\u00f5es e emo\u00e7\u00f5es.<\/span><\/p>\n<p style=\"text-align: justify;\"><span style=\"font-weight: 400;\">Quando voc\u00ea projeta e entende o que \u00e9 a persona do comprador, junto com a equipe de marketing \u00e9 poss\u00edvel direcionar os materiais para se conectar \u00e0s necessidades e desejos que interferem nas decis\u00f5es de compra do consumidor.\u00a0<\/span><\/p>\n<p style=\"text-align: justify;\"><span style=\"font-weight: 400;\">Em se tratando de neg\u00f3cios, isso j\u00e1 pode ser tratado como uma vit\u00f3ria.\u00a0<\/span><\/p>\n<p style=\"text-align: justify;\"><span style=\"font-weight: 400;\">Ao se apresentar como uma empresa de valor, sua marca garante que o atendimento est\u00e1 focado nos desejos e necessidades dos clientes, tornando as vendas mais f\u00e1ceis e bem-sucedidas.\u00a0<\/span><\/p>\n<p style=\"text-align: justify;\"><span style=\"font-weight: 400;\">Al\u00e9m disso, ter uma compreens\u00e3o s\u00f3lida dos m\u00e9todos de tomada de decis\u00f5es de seus clientes-alvo lhe d\u00e1 outra vantagem.\u00a0<\/span><\/p>\n<p style=\"text-align: justify;\"><span style=\"font-weight: 400;\">As informa\u00e7\u00f5es capacitam sua equipe para mover melhor o p\u00fablico ao longo do funil de vendas, assim como oferecem um impulso ao valor da vida \u00fatil dos clientes.<\/span><\/p>\n<ol style=\"text-align: justify;\">\n<li style=\"font-weight: 400;\" aria-level=\"1\">\n<h3><span style=\"font-weight: 400;\">Personaliza\u00e7\u00e3o das mensagens de marketing<\/span><\/h3>\n<\/li>\n<\/ol>\n<p style=\"text-align: justify;\"><span style=\"font-weight: 400;\">Um fato interessante \u00e9 que, ao personalizar uma mensagem de marketing entre um <\/span><a href=\"https:\/\/blog.appicenet.com.br\/consultoria-contabil\/escritorio-contabil\"><b>escrit\u00f3rio cont\u00e1bil<\/b><\/a><span style=\"font-weight: 400;\"> e o cliente, a comunica\u00e7\u00e3o se transforma totalmente, refletindo nas vendas em geral.\u00a0<\/span><\/p>\n<p style=\"text-align: justify;\"><span style=\"font-weight: 400;\">Inclusive, a pr\u00f3pria personaliza\u00e7\u00e3o das mensagens de marketing \u00e9 poss\u00edvel a partir da compreens\u00e3o da persona do comprador.\u00a0<\/span><\/p>\n<p style=\"text-align: justify;\"><span style=\"font-weight: 400;\">Afinal, pelo ponto de vista mercadol\u00f3gico, a persona de comprador estabelece caracter\u00edsticas significativas para o seu cliente em potencial de determinado produto, facilitando a cria\u00e7\u00e3o de campanhas e conte\u00fados considerando esses aspectos.<\/span><\/p>\n<p style=\"text-align: justify;\"><span style=\"font-weight: 400;\">Por exemplo, \u00e9 poss\u00edvel identificar que o p\u00fablico-alvo \u00e9 composto por um perfil jovem, entre 20 e 30 anos, interessado em estilo, moda e luxo. Com base nisso uma persona mais espec\u00edfica pode ser desenvolvida e a abordagem mais adequada pode ser pensada.<\/span><\/p>\n<p style=\"text-align: justify;\"><span style=\"font-weight: 400;\">Com o trabalho da equipe, junto a persona de comprador bem definida, voc\u00ea identifica esses tra\u00e7os e adequa a mensagem para que chegue a quem realmente importa, adotando uma linguagem mais jovial e din\u00e2mica, por exemplo.<\/span><\/p>\n<ol style=\"text-align: justify;\">\n<li style=\"font-weight: 400;\" aria-level=\"1\">\n<h3><span style=\"font-weight: 400;\">Desenvolve identifica\u00e7\u00e3o a partir de hobbies e interesses<\/span><\/h3>\n<\/li>\n<\/ol>\n<p style=\"text-align: justify;\"><span style=\"font-weight: 400;\">Fazer uma conex\u00e3o com os clientes no modelo digital pode parecer mais dif\u00edcil, afinal, n\u00e3o \u00e9 mais poss\u00edvel encontr\u00e1-los pessoalmente, o que demanda um bom <\/span><a href=\"https:\/\/blog.pmanalysis.com.br\/gestao-de-riscos\/gerenciamento-de-riscos\"><b>gerenciamento de riscos<\/b><\/a><span style=\"font-weight: 400;\">.<\/span><\/p>\n<p style=\"text-align: justify;\"><span style=\"font-weight: 400;\">O desenvolvimento de uma persona de comprador, ou v\u00e1rias, ajuda a detalhar exatamente os locais em que o p\u00fablico-alvo se encontra e como ele gosta de passar o tempo, com hobbies e atividades de rotina, al\u00e9m do trabalho, dos estudos e da fam\u00edlia.\u00a0<\/span><\/p>\n<p style=\"text-align: justify;\"><span style=\"font-weight: 400;\">Isso auxilia a marca a perceber como entrar em contato, com lugar e hora mais apropriado para o cliente em potencial.\u00a0<\/span><\/p>\n<p style=\"text-align: justify;\"><span style=\"font-weight: 400;\">Em posse de todos os detalhes, o marketing digital pode ser muito mais refinado, direcionado ao p\u00fablico-alvo de maneira certeira.\u00a0<\/span><\/p>\n<ol style=\"text-align: justify;\">\n<li style=\"font-weight: 400;\" aria-level=\"1\">\n<h3><span style=\"font-weight: 400;\">Contribui com a melhoria na apresenta\u00e7\u00e3o de produtos e servi\u00e7os<\/span><\/h3>\n<\/li>\n<\/ol>\n<p style=\"text-align: justify;\"><span style=\"font-weight: 400;\">Em face \u00e0s suas personas de comprador, uma empresa de <\/span><a href=\"https:\/\/blog.consultoriaambiental.com.br\/estudo-de-fauna-e-flora\/processo-de-licenciamento-ambiental\"><b>licenciamento ambiental<\/b><\/a> <span style=\"font-weight: 400;\">tende a contar com uma compreens\u00e3o abrangente dos clientes, inclusive quanto aos pontos de gatilhos negativos e maiores frustra\u00e7\u00f5es, que devem ser evitados.<\/span><\/p>\n<p style=\"text-align: justify;\"><span style=\"font-weight: 400;\">O resultado \u00e9 a possibilidade de um ajuste quanto aos produtos e servi\u00e7os, com o objetivo de atender melhor \u00e0s necessidades dos clientes.\u00a0<\/span><\/p>\n<p style=\"text-align: justify;\"><span style=\"font-weight: 400;\">Eles passam a perceber a marca, como por intui\u00e7\u00e3o, quais as necessidades e desejos que realmente importam e, dessa maneira, fortalece o relacionamento duradouro.<\/span><\/p>\n<ol style=\"text-align: justify;\">\n<li style=\"font-weight: 400;\" aria-level=\"1\">\n<h3><span style=\"font-weight: 400;\">Ajuda a equipe de marketing a conquistar<\/span><\/h3>\n<\/li>\n<\/ol>\n<p style=\"text-align: justify;\"><span style=\"font-weight: 400;\">Um ponto importante, conforme as caracter\u00edsticas da sua empresa, \u00e9 manter diferentes personas de comprador.\u00a0<\/span><\/p>\n<p style=\"text-align: justify;\"><span style=\"font-weight: 400;\">Essa expans\u00e3o de personas ocorre de acordo com a linha de produtos e servi\u00e7os de <\/span><a href=\"https:\/\/blog.ancoraservicos.com\/terceirizacao-de-limpeza\/terceirizacao-de-limpeza-ancora\"><b>terceiriza\u00e7\u00e3o de limpeza<\/b><\/a><span style=\"font-weight: 400;\"> dispon\u00edveis.\u00a0<\/span><\/p>\n<p style=\"text-align: justify;\"><span style=\"font-weight: 400;\">Basta imaginar um restaurante que recebe fam\u00edlias completas, com filhos menores que precisam de uma alimenta\u00e7\u00e3o balanceada, e um adolescente que prefere um lanche.\u00a0<\/span><\/p>\n<p style=\"text-align: justify;\"><span style=\"font-weight: 400;\">Dessa forma, o estabelecimento comercial precisa oferecer uma variedade personalizada de ingredientes e receitas, oferecendo aos clientes um card\u00e1pio que atenda a todos os paladares.\u00a0<\/span><\/p>\n<p style=\"text-align: justify;\"><span style=\"font-weight: 400;\">Se a abordagem de marketing da empresa se concentrar em apenas um desses p\u00fablicos menores, eles correm o risco de perder oportunidades com outro.<\/span><\/p>\n<p style=\"text-align: justify;\"><span style=\"font-weight: 400;\">Em vez disso, sua equipe de marketing pode segmentar esfor\u00e7os de campanha para alcan\u00e7ar cada persona de comprador que comp\u00f5e seu mercado-alvo de forma mais abrangente.\u00a0<\/span><\/p>\n<p style=\"text-align: justify;\"><span style=\"font-weight: 400;\">Voc\u00ea pode se conectar com sucesso com cada um de uma maneira que fa\u00e7a sentido, al\u00e9m de aumentar a efic\u00e1cia como um todo.<\/span><\/p>\n<ol style=\"text-align: justify;\">\n<li style=\"font-weight: 400;\" aria-level=\"1\">\n<h3><span style=\"font-weight: 400;\">Pr\u00e9-qualifica os leads\u00a0<\/span><\/h3>\n<\/li>\n<\/ol>\n<p style=\"text-align: justify;\"><span style=\"font-weight: 400;\">Uma equipe de marketing que tem definido o que \u00e9 a persona de comprador da sua empresa, pode se concentrar em atrair leads realmente prontos para realizar uma compra.\u00a0<\/span><\/p>\n<p style=\"text-align: justify;\"><span style=\"font-weight: 400;\">Dessa forma, todos ganham tempo ao alcan\u00e7ar clientes que possuem as caracter\u00edsticas da persona do comprador, e a equipe de marketing aprimora os leads que est\u00e3o em d\u00favida quanto \u00e0 necessidade e desejo sobre os produtos e servi\u00e7os oferecidos por uma empresa.\u00a0<\/span><\/p>\n<p style=\"text-align: justify;\"><span style=\"font-weight: 400;\">Outra t\u00e1tica \u00fatil \u00e9 a constru\u00e7\u00e3o de personas negativas, ou seja, aquelas que n\u00e3o se encaixam no tipo de neg\u00f3cio.\u00a0<\/span><\/p>\n<p style=\"text-align: justify;\"><span style=\"font-weight: 400;\">Com isso, \u00e9 poss\u00edvel eliminar os leads que n\u00e3o se encaixam, de nenhuma maneira, com a sua marca, o que pode resultar em economia de tempo e investimento.\u00a0<\/span><\/p>\n<h2 style=\"text-align: justify;\"><span style=\"font-weight: 400;\">Conclus\u00e3o<\/span><\/h2>\n<p style=\"text-align: justify;\"><span style=\"font-weight: 400;\">Em \u00faltima an\u00e1lise, o cliente \u00e9 a pessoa mais valiosa quanto ao relacionamento com sua empresa, e, por for\u00e7a maior, tem sempre raz\u00e3o.\u00a0<\/span><\/p>\n<p style=\"text-align: justify;\"><span style=\"font-weight: 400;\">Definir o que \u00e9 persona de comprador, de fato, permite a segmenta\u00e7\u00e3o desses clientes, assim como no desenvolvimento de senso de empatia em torno do p\u00fablico-alvo ideal como para evidenciar as solu\u00e7\u00f5es de forma mais adequada.<\/span><\/p>\n<p style=\"text-align: justify;\"><span style=\"font-weight: 400;\">Ao inv\u00e9s de tratar apenas como um neg\u00f3cio comercial, os clientes passam por uma evolu\u00e7\u00e3o para pessoas reais, pr\u00f3ximas, que demonstram as necessidades e desejos, e que sua empresa pode satisfazer.\u00a0<\/span><\/p>\n<p style=\"text-align: justify;\"><i><span style=\"font-weight: 400;\">Texto originalmente desenvolvido pela equipe do blog <\/span><\/i><a href=\"http:\/\/www.businessconnection.com.br\/\"><b><i>Business Connection<\/i><\/b><\/a><i><span style=\"font-weight: 400;\">, canal em que voc\u00ea pode encontrar centenas de conte\u00fados informativos sobre diversos segmentos.<\/span><\/i><\/p>\n","protected":false},"excerpt":{"rendered":"<p>A cria\u00e7\u00e3o de um planejamento de marketing digital exige de empresas e profissionais de marketing entender o que \u00e9 persona de comprador, e como isso ajuda a conhecer melhor o p\u00fablico-alvo ao qual seus produtos e servi\u00e7os s\u00e3o direcionados para a\u00e7\u00f5es mais direcionadas. H\u00e1 muito a se saber sobre um cliente em potencial, e ao [&hellip;]<\/p>\n","protected":false},"author":1,"featured_media":12449,"comment_status":"open","ping_status":"open","sticky":false,"template":"","format":"standard","meta":{"_jetpack_memberships_contains_paid_content":false,"footnotes":""},"categories":[1595],"tags":[],"class_list":{"0":"post-12448","1":"post","2":"type-post","3":"status-publish","4":"format-standard","5":"has-post-thumbnail","7":"category-marketing-digital"},"yoast_head":"<!-- This site is optimized with the Yoast SEO plugin v25.1 - https:\/\/yoast.com\/wordpress\/plugins\/seo\/ -->\n<title>Persona: o que \u00e9 e como pode auxiliar na sua empresa<\/title>\n<meta name=\"description\" content=\"A cria\u00e7\u00e3o de um planejamento de marketing digital exige de empresas e profissionais de marketing entender o que \u00e9 persona de comprador\" \/>\n<meta name=\"robots\" content=\"index, follow, max-snippet:-1, max-image-preview:large, max-video-preview:-1\" \/>\n<link rel=\"canonical\" href=\"https:\/\/cenedcursos.com.br\/meio-ambiente\/persona-o-que-e-e-como-pode-auxiliar-na-sua-empresa\/\" \/>\n<meta property=\"og:locale\" content=\"pt_BR\" \/>\n<meta property=\"og:type\" content=\"article\" \/>\n<meta property=\"og:title\" content=\"Persona: o que \u00e9 e como pode auxiliar na sua empresa\" \/>\n<meta property=\"og:description\" content=\"A cria\u00e7\u00e3o de um planejamento de marketing digital exige de empresas e profissionais de marketing entender o que \u00e9 persona de comprador\" \/>\n<meta property=\"og:url\" content=\"https:\/\/cenedcursos.com.br\/meio-ambiente\/persona-o-que-e-e-como-pode-auxiliar-na-sua-empresa\/\" \/>\n<meta property=\"og:site_name\" content=\"CENED Cursos Online\" \/>\n<meta property=\"article:published_time\" content=\"2022-10-21T14:13:51+00:00\" \/>\n<meta property=\"article:modified_time\" content=\"2023-04-12T19:11:45+00:00\" \/>\n<meta property=\"og:image\" content=\"https:\/\/cenedcursos.com.br\/meio-ambiente\/wp-content\/uploads\/2022\/10\/132-scaled.jpg\" \/>\n\t<meta property=\"og:image:width\" content=\"2560\" \/>\n\t<meta property=\"og:image:height\" content=\"1707\" \/>\n\t<meta property=\"og:image:type\" content=\"image\/jpeg\" \/>\n<meta name=\"author\" content=\"Amarildo R. Ferrari\" \/>\n<meta name=\"twitter:card\" content=\"summary_large_image\" \/>\n<meta name=\"twitter:label1\" content=\"Escrito por\" \/>\n\t<meta name=\"twitter:data1\" content=\"Amarildo R. Ferrari\" \/>\n\t<meta name=\"twitter:label2\" content=\"Est. tempo de leitura\" \/>\n\t<meta name=\"twitter:data2\" content=\"9 minutos\" \/>\n<script type=\"application\/ld+json\" class=\"yoast-schema-graph\">{\"@context\":\"https:\/\/schema.org\",\"@graph\":[{\"@type\":\"WebPage\",\"@id\":\"https:\/\/cenedcursos.com.br\/meio-ambiente\/persona-o-que-e-e-como-pode-auxiliar-na-sua-empresa\/\",\"url\":\"https:\/\/cenedcursos.com.br\/meio-ambiente\/persona-o-que-e-e-como-pode-auxiliar-na-sua-empresa\/\",\"name\":\"Persona: o que \u00e9 e como pode auxiliar na sua empresa\",\"isPartOf\":{\"@id\":\"https:\/\/cenedcursos.com.br\/meio-ambiente\/#website\"},\"primaryImageOfPage\":{\"@id\":\"https:\/\/cenedcursos.com.br\/meio-ambiente\/persona-o-que-e-e-como-pode-auxiliar-na-sua-empresa\/#primaryimage\"},\"image\":{\"@id\":\"https:\/\/cenedcursos.com.br\/meio-ambiente\/persona-o-que-e-e-como-pode-auxiliar-na-sua-empresa\/#primaryimage\"},\"thumbnailUrl\":\"https:\/\/i0.wp.com\/cenedcursos.com.br\/meio-ambiente\/wp-content\/uploads\/2022\/10\/132-scaled.jpg?fit=2560%2C1707&ssl=1\",\"datePublished\":\"2022-10-21T14:13:51+00:00\",\"dateModified\":\"2023-04-12T19:11:45+00:00\",\"author\":{\"@id\":\"https:\/\/cenedcursos.com.br\/meio-ambiente\/#\/schema\/person\/64377d24cdc16779a1eb6229894af388\"},\"description\":\"A cria\u00e7\u00e3o de um planejamento de marketing digital exige de empresas e profissionais de marketing entender o que \u00e9 persona de comprador\",\"breadcrumb\":{\"@id\":\"https:\/\/cenedcursos.com.br\/meio-ambiente\/persona-o-que-e-e-como-pode-auxiliar-na-sua-empresa\/#breadcrumb\"},\"inLanguage\":\"pt-BR\",\"potentialAction\":[{\"@type\":\"ReadAction\",\"target\":[\"https:\/\/cenedcursos.com.br\/meio-ambiente\/persona-o-que-e-e-como-pode-auxiliar-na-sua-empresa\/\"]}]},{\"@type\":\"ImageObject\",\"inLanguage\":\"pt-BR\",\"@id\":\"https:\/\/cenedcursos.com.br\/meio-ambiente\/persona-o-que-e-e-como-pode-auxiliar-na-sua-empresa\/#primaryimage\",\"url\":\"https:\/\/i0.wp.com\/cenedcursos.com.br\/meio-ambiente\/wp-content\/uploads\/2022\/10\/132-scaled.jpg?fit=2560%2C1707&ssl=1\",\"contentUrl\":\"https:\/\/i0.wp.com\/cenedcursos.com.br\/meio-ambiente\/wp-content\/uploads\/2022\/10\/132-scaled.jpg?fit=2560%2C1707&ssl=1\",\"width\":2560,\"height\":1707,\"caption\":\"Persona\"},{\"@type\":\"BreadcrumbList\",\"@id\":\"https:\/\/cenedcursos.com.br\/meio-ambiente\/persona-o-que-e-e-como-pode-auxiliar-na-sua-empresa\/#breadcrumb\",\"itemListElement\":[{\"@type\":\"ListItem\",\"position\":1,\"name\":\"In\u00edcio\",\"item\":\"https:\/\/cenedcursos.com.br\/meio-ambiente\/\"},{\"@type\":\"ListItem\",\"position\":2,\"name\":\"Persona: o que \u00e9 e como pode auxiliar na sua empresa\"}]},{\"@type\":\"WebSite\",\"@id\":\"https:\/\/cenedcursos.com.br\/meio-ambiente\/#website\",\"url\":\"https:\/\/cenedcursos.com.br\/meio-ambiente\/\",\"name\":\"CENED Cursos Online\",\"description\":\"Aqui voc\u00ea encontra artigos em diversas \u00e1reas do conhecimento: meio ambiente, educa\u00e7\u00e3o, marketing digital, neg\u00f3cios online e muito mais.\",\"potentialAction\":[{\"@type\":\"SearchAction\",\"target\":{\"@type\":\"EntryPoint\",\"urlTemplate\":\"https:\/\/cenedcursos.com.br\/meio-ambiente\/?s={search_term_string}\"},\"query-input\":{\"@type\":\"PropertyValueSpecification\",\"valueRequired\":true,\"valueName\":\"search_term_string\"}}],\"inLanguage\":\"pt-BR\"},{\"@type\":\"Person\",\"@id\":\"https:\/\/cenedcursos.com.br\/meio-ambiente\/#\/schema\/person\/64377d24cdc16779a1eb6229894af388\",\"name\":\"Amarildo R. Ferrari\",\"image\":{\"@type\":\"ImageObject\",\"inLanguage\":\"pt-BR\",\"@id\":\"https:\/\/cenedcursos.com.br\/meio-ambiente\/#\/schema\/person\/image\/\",\"url\":\"https:\/\/secure.gravatar.com\/avatar\/6ea4248ca9f295c93f1b72f8398232f0fbbffe30349e6ec3839cfa5e09b0de3c?s=96&d=mm&r=g\",\"contentUrl\":\"https:\/\/secure.gravatar.com\/avatar\/6ea4248ca9f295c93f1b72f8398232f0fbbffe30349e6ec3839cfa5e09b0de3c?s=96&d=mm&r=g\",\"caption\":\"Amarildo R. Ferrari\"},\"sameAs\":[\"https:\/\/cenedcursos.com.br\/meio-ambiente\"],\"url\":\"https:\/\/cenedcursos.com.br\/meio-ambiente\/author\/admin\/\"}]}<\/script>\n<!-- \/ Yoast SEO plugin. -->","yoast_head_json":{"title":"Persona: o que \u00e9 e como pode auxiliar na sua empresa","description":"A cria\u00e7\u00e3o de um planejamento de marketing digital exige de empresas e profissionais de marketing entender o que \u00e9 persona de comprador","robots":{"index":"index","follow":"follow","max-snippet":"max-snippet:-1","max-image-preview":"max-image-preview:large","max-video-preview":"max-video-preview:-1"},"canonical":"https:\/\/cenedcursos.com.br\/meio-ambiente\/persona-o-que-e-e-como-pode-auxiliar-na-sua-empresa\/","og_locale":"pt_BR","og_type":"article","og_title":"Persona: o que \u00e9 e como pode auxiliar na sua empresa","og_description":"A cria\u00e7\u00e3o de um planejamento de marketing digital exige de empresas e profissionais de marketing entender o que \u00e9 persona de comprador","og_url":"https:\/\/cenedcursos.com.br\/meio-ambiente\/persona-o-que-e-e-como-pode-auxiliar-na-sua-empresa\/","og_site_name":"CENED Cursos Online","article_published_time":"2022-10-21T14:13:51+00:00","article_modified_time":"2023-04-12T19:11:45+00:00","og_image":[{"width":2560,"height":1707,"url":"https:\/\/cenedcursos.com.br\/meio-ambiente\/wp-content\/uploads\/2022\/10\/132-scaled.jpg","type":"image\/jpeg"}],"author":"Amarildo R. Ferrari","twitter_card":"summary_large_image","twitter_misc":{"Escrito por":"Amarildo R. Ferrari","Est. tempo de leitura":"9 minutos"},"schema":{"@context":"https:\/\/schema.org","@graph":[{"@type":"WebPage","@id":"https:\/\/cenedcursos.com.br\/meio-ambiente\/persona-o-que-e-e-como-pode-auxiliar-na-sua-empresa\/","url":"https:\/\/cenedcursos.com.br\/meio-ambiente\/persona-o-que-e-e-como-pode-auxiliar-na-sua-empresa\/","name":"Persona: o que \u00e9 e como pode auxiliar na sua empresa","isPartOf":{"@id":"https:\/\/cenedcursos.com.br\/meio-ambiente\/#website"},"primaryImageOfPage":{"@id":"https:\/\/cenedcursos.com.br\/meio-ambiente\/persona-o-que-e-e-como-pode-auxiliar-na-sua-empresa\/#primaryimage"},"image":{"@id":"https:\/\/cenedcursos.com.br\/meio-ambiente\/persona-o-que-e-e-como-pode-auxiliar-na-sua-empresa\/#primaryimage"},"thumbnailUrl":"https:\/\/i0.wp.com\/cenedcursos.com.br\/meio-ambiente\/wp-content\/uploads\/2022\/10\/132-scaled.jpg?fit=2560%2C1707&ssl=1","datePublished":"2022-10-21T14:13:51+00:00","dateModified":"2023-04-12T19:11:45+00:00","author":{"@id":"https:\/\/cenedcursos.com.br\/meio-ambiente\/#\/schema\/person\/64377d24cdc16779a1eb6229894af388"},"description":"A cria\u00e7\u00e3o de um planejamento de marketing digital exige de empresas e profissionais de marketing entender o que \u00e9 persona de comprador","breadcrumb":{"@id":"https:\/\/cenedcursos.com.br\/meio-ambiente\/persona-o-que-e-e-como-pode-auxiliar-na-sua-empresa\/#breadcrumb"},"inLanguage":"pt-BR","potentialAction":[{"@type":"ReadAction","target":["https:\/\/cenedcursos.com.br\/meio-ambiente\/persona-o-que-e-e-como-pode-auxiliar-na-sua-empresa\/"]}]},{"@type":"ImageObject","inLanguage":"pt-BR","@id":"https:\/\/cenedcursos.com.br\/meio-ambiente\/persona-o-que-e-e-como-pode-auxiliar-na-sua-empresa\/#primaryimage","url":"https:\/\/i0.wp.com\/cenedcursos.com.br\/meio-ambiente\/wp-content\/uploads\/2022\/10\/132-scaled.jpg?fit=2560%2C1707&ssl=1","contentUrl":"https:\/\/i0.wp.com\/cenedcursos.com.br\/meio-ambiente\/wp-content\/uploads\/2022\/10\/132-scaled.jpg?fit=2560%2C1707&ssl=1","width":2560,"height":1707,"caption":"Persona"},{"@type":"BreadcrumbList","@id":"https:\/\/cenedcursos.com.br\/meio-ambiente\/persona-o-que-e-e-como-pode-auxiliar-na-sua-empresa\/#breadcrumb","itemListElement":[{"@type":"ListItem","position":1,"name":"In\u00edcio","item":"https:\/\/cenedcursos.com.br\/meio-ambiente\/"},{"@type":"ListItem","position":2,"name":"Persona: o que \u00e9 e como pode auxiliar na sua empresa"}]},{"@type":"WebSite","@id":"https:\/\/cenedcursos.com.br\/meio-ambiente\/#website","url":"https:\/\/cenedcursos.com.br\/meio-ambiente\/","name":"CENED Cursos Online","description":"Aqui voc\u00ea encontra artigos em diversas \u00e1reas do conhecimento: meio ambiente, educa\u00e7\u00e3o, marketing digital, neg\u00f3cios online e muito mais.","potentialAction":[{"@type":"SearchAction","target":{"@type":"EntryPoint","urlTemplate":"https:\/\/cenedcursos.com.br\/meio-ambiente\/?s={search_term_string}"},"query-input":{"@type":"PropertyValueSpecification","valueRequired":true,"valueName":"search_term_string"}}],"inLanguage":"pt-BR"},{"@type":"Person","@id":"https:\/\/cenedcursos.com.br\/meio-ambiente\/#\/schema\/person\/64377d24cdc16779a1eb6229894af388","name":"Amarildo R. Ferrari","image":{"@type":"ImageObject","inLanguage":"pt-BR","@id":"https:\/\/cenedcursos.com.br\/meio-ambiente\/#\/schema\/person\/image\/","url":"https:\/\/secure.gravatar.com\/avatar\/6ea4248ca9f295c93f1b72f8398232f0fbbffe30349e6ec3839cfa5e09b0de3c?s=96&d=mm&r=g","contentUrl":"https:\/\/secure.gravatar.com\/avatar\/6ea4248ca9f295c93f1b72f8398232f0fbbffe30349e6ec3839cfa5e09b0de3c?s=96&d=mm&r=g","caption":"Amarildo R. Ferrari"},"sameAs":["https:\/\/cenedcursos.com.br\/meio-ambiente"],"url":"https:\/\/cenedcursos.com.br\/meio-ambiente\/author\/admin\/"}]}},"jetpack_featured_media_url":"https:\/\/i0.wp.com\/cenedcursos.com.br\/meio-ambiente\/wp-content\/uploads\/2022\/10\/132-scaled.jpg?fit=2560%2C1707&ssl=1","jetpack_sharing_enabled":true,"_links":{"self":[{"href":"https:\/\/cenedcursos.com.br\/meio-ambiente\/wp-json\/wp\/v2\/posts\/12448","targetHints":{"allow":["GET"]}}],"collection":[{"href":"https:\/\/cenedcursos.com.br\/meio-ambiente\/wp-json\/wp\/v2\/posts"}],"about":[{"href":"https:\/\/cenedcursos.com.br\/meio-ambiente\/wp-json\/wp\/v2\/types\/post"}],"author":[{"embeddable":true,"href":"https:\/\/cenedcursos.com.br\/meio-ambiente\/wp-json\/wp\/v2\/users\/1"}],"replies":[{"embeddable":true,"href":"https:\/\/cenedcursos.com.br\/meio-ambiente\/wp-json\/wp\/v2\/comments?post=12448"}],"version-history":[{"count":0,"href":"https:\/\/cenedcursos.com.br\/meio-ambiente\/wp-json\/wp\/v2\/posts\/12448\/revisions"}],"wp:featuredmedia":[{"embeddable":true,"href":"https:\/\/cenedcursos.com.br\/meio-ambiente\/wp-json\/wp\/v2\/media\/12449"}],"wp:attachment":[{"href":"https:\/\/cenedcursos.com.br\/meio-ambiente\/wp-json\/wp\/v2\/media?parent=12448"}],"wp:term":[{"taxonomy":"category","embeddable":true,"href":"https:\/\/cenedcursos.com.br\/meio-ambiente\/wp-json\/wp\/v2\/categories?post=12448"},{"taxonomy":"post_tag","embeddable":true,"href":"https:\/\/cenedcursos.com.br\/meio-ambiente\/wp-json\/wp\/v2\/tags?post=12448"}],"curies":[{"name":"wp","href":"https:\/\/api.w.org\/{rel}","templated":true}]}}