{"id":12458,"date":"2022-10-21T14:42:28","date_gmt":"2022-10-21T17:42:28","guid":{"rendered":"https:\/\/cenedcursos.com.br\/meio-ambiente\/?p=12458"},"modified":"2022-10-21T14:42:28","modified_gmt":"2022-10-21T17:42:28","slug":"sustentabilidade-e-tecnologia-saiba-como-relaciona-los","status":"publish","type":"post","link":"https:\/\/cenedcursos.com.br\/meio-ambiente\/sustentabilidade-e-tecnologia-saiba-como-relaciona-los\/","title":{"rendered":"Sustentabilidade e Tecnologia: saiba como relacion\u00e1-los"},"content":{"rendered":"<p style=\"text-align: justify;\"><span style=\"font-weight: 400;\">As organiza\u00e7\u00f5es est\u00e3o sempre \u00e0 procura de maneiras de crescer, e duas das maiores oportunidades que rondam os mais diversos setores s\u00e3o a em seu radar s\u00e3o a <\/span><b>sustentabilidade e tecnologia<\/b><span style=\"font-weight: 400;\">, seguindo as respectivas import\u00e2ncias.\u00a0<\/span><\/p>\n<p style=\"text-align: justify;\"><span style=\"font-weight: 400;\">A sustentabilidade os preocupa por duas raz\u00f5es. Investidores, clientes e reguladores esperam a\u00e7\u00e3o diante da mudan\u00e7a clim\u00e1tica, e torn\u00e1-la central para o prop\u00f3sito da marca \u00e9 um passo vital.<\/span><\/p>\n<p style=\"text-align: justify;\"><span style=\"font-weight: 400;\">\u00c9 tamb\u00e9m uma chance de aumentar os resultados, junto aos ODS (Objetivos de Desenvolvimento Sustent\u00e1vel) da ONU representando uma oportunidade comercial estimada em US$ 12 trilh\u00f5es por ano at\u00e9 2030, segundo o Centro de Estudos Estrat\u00e9gicos Fiocruz.<\/span><\/p>\n<p style=\"text-align: justify;\"><span style=\"font-weight: 400;\">Enquanto isso, as empresas est\u00e3o investindo em tecnologia digital para ajud\u00e1-las a obter <\/span><i><span style=\"font-weight: 400;\">insights <\/span><\/i><span style=\"font-weight: 400;\">mais profundos sobre os neg\u00f3cios e mercados, aumentar a efici\u00eancia e tomar decis\u00f5es mais bem informadas, com um <\/span><a href=\"https:\/\/blog.ges.com.br\/cabeamento-estruturado\/cabeamentos-estruturados\"><b>cabeamento estruturado<\/b><\/a><span style=\"font-weight: 400;\"> devidamente projetado<\/span><span style=\"font-weight: 400;\">.<\/span><\/p>\n<p style=\"text-align: justify;\"><span style=\"font-weight: 400;\">De fato, o que ocorre \u00e9 que tanto sustentabilidade e tecnologia n\u00e3o est\u00e3o convergindo, mesmo que trabalhados em linhas paralelas.\u00a0<\/span><\/p>\n<p style=\"text-align: justify;\"><span style=\"font-weight: 400;\">As empresas usam a tecnologia digital para entender os clientes, maximizar a efici\u00eancia e controlar os custos, mas n\u00e3o a est\u00e3o conectando diretamente ao clima.<\/span><\/p>\n<p style=\"text-align: justify;\"><span style=\"font-weight: 400;\">Ao mesmo tempo, o progresso em sustentabilidade \u00e9 muito lento.\u00a0<\/span><\/p>\n<p style=\"text-align: justify;\"><span style=\"font-weight: 400;\">As empresas podem se comprometer a cortar o pl\u00e1stico nas cadeias de suprimentos e chegar a zero l\u00edquido at\u00e9 2030, por\u00e9m, as emiss\u00f5es globais ter\u00e3o que cair 7% ao ano para atingir as metas estabelecidas pelo Acordo de Paris, segundo dados apontados no artigo do EcoDebate.\u00a0<\/span><\/p>\n<p style=\"text-align: justify;\"><span style=\"font-weight: 400;\">A mudan\u00e7a em pequena escala n\u00e3o far\u00e1 uma diferen\u00e7a grande o suficiente.<\/span><\/p>\n<p style=\"text-align: justify;\"><span style=\"font-weight: 400;\">Ent\u00e3o, como as empresas podem usar os investimentos em tecnologia para dar passos maiores em dire\u00e7\u00e3o \u00e0 sustentabilidade?\u00a0<\/span><\/p>\n<h2 style=\"text-align: justify;\"><span style=\"font-weight: 400;\">Investir com foco em sustentabilidade e tecnologia<\/span><\/h2>\n<p style=\"text-align: justify;\"><span style=\"font-weight: 400;\">Pode parecer uma resposta simples e direta, mas \u00e9 exatamente sobre isso. Trata-se de unir investimentos paralelos em sustentabilidade e tecnologia.\u00a0<\/span><\/p>\n<p style=\"text-align: justify;\"><span style=\"font-weight: 400;\">Esta \u00e9 a chave para fazer as mudan\u00e7as transformadoras que o planeta precisa, que pode iniciar com o <\/span><a href=\"https:\/\/blog.rwcell.com.br\/apple\/conserto-de-iphone\"><b>conserto de iphone<\/b><\/a><span style=\"font-weight: 400;\"> para frear o consumo exacerbado.<\/span><\/p>\n<p style=\"text-align: justify;\"><span style=\"font-weight: 400;\">Para que isso aconte\u00e7a, os l\u00edderes precisam pensar de maneira diferente sobre por que uma tecnologia ou plataforma digital espec\u00edfica \u00e9 a resposta certa, e como eles podem us\u00e1-la para dar esse salto em sustentabilidade.<\/span><\/p>\n<p style=\"text-align: justify;\"><span style=\"font-weight: 400;\">A digitaliza\u00e7\u00e3o acelera a sustentabilidade porque ajuda a tornar as opera\u00e7\u00f5es mais eficientes. Ele tamb\u00e9m desbloqueia e compartilha os dados que tornam as cadeias de suprimentos mais transparentes.\u00a0<\/span><\/p>\n<p style=\"text-align: justify;\"><span style=\"font-weight: 400;\">Tudo isso leva \u00e0 mudan\u00e7a de comportamento que produz modelos de neg\u00f3cios circulares e estrat\u00e9gias de produtos, juntamente com melhores escolhas do consumidor.<\/span><\/p>\n<h2 style=\"text-align: justify;\"><span style=\"font-weight: 400;\">Sustentabilidade central na estrat\u00e9gia tecnol\u00f3gica<\/span><\/h2>\n<p style=\"text-align: justify;\"><span style=\"font-weight: 400;\">Para que isso seja poss\u00edvel, a sustentabilidade deve estar no centro de uma estrat\u00e9gia tecnol\u00f3gica digital, junto com uma <\/span><a href=\"https:\/\/blog.completi.com.br\/servicos-de-ti\/consultoria-em-ti\"><b>consultoria em ti<\/b><\/a><span style=\"font-weight: 400;\">. N\u00e3o pode ser uma simples apresenta\u00e7\u00e3o para o esfor\u00e7o digital, ou uma reflex\u00e3o tardia.\u00a0<\/span><\/p>\n<p style=\"text-align: justify;\"><span style=\"font-weight: 400;\">Se a sustentabilidade faz parte dos neg\u00f3cios, seja no varejo, no setor fabril ou no agroneg\u00f3cio, e se mostra mais um motivo para investir, faz parte de como as metas s\u00e3o definidas e o valor \u00e9 medido.<\/span><\/p>\n<p style=\"text-align: justify;\"><span style=\"font-weight: 400;\">Nesse sentido, tudo se volta para os dados. Se n\u00e3o for medido, n\u00e3o pode mudar.\u00a0<\/span><\/p>\n<p style=\"text-align: justify;\"><span style=\"font-weight: 400;\">As tend\u00eancias regulat\u00f3rias exigem cada vez mais relat\u00f3rios, como contabilidade de carbono, em qualquer caso, ent\u00e3o \u00e9 chegada a hora de incorporar isso em planos digitais, de dados e de informa\u00e7\u00f5es gerenciais.<\/span><\/p>\n<p style=\"text-align: justify;\"><span style=\"font-weight: 400;\">Se a sustentabilidade for uma prioridade, ela moldar\u00e1 a cultura, diferenciar\u00e1 uma <\/span><a href=\"https:\/\/blog.terrafertilpaisagismo.com.br\/paisagismo\/empresa-de-paisagismo\"><b>empresa de paisagismo<\/b><\/a><span style=\"font-weight: 400;\"> e a tornar\u00e1 mais competitiva. Mais importante ainda, orientar\u00e1 como a tecnologia digital \u00e9 implantada.<\/span><\/p>\n<h2 style=\"text-align: justify;\"><span style=\"font-weight: 400;\">Convers\u00e3o da sustentabilidade e tecnologia<\/span><\/h2>\n<p style=\"text-align: justify;\"><span style=\"font-weight: 400;\">Colocar a sustentabilidade no centro da estrat\u00e9gia digital tamb\u00e9m significa colocar a transpar\u00eancia e a colabora\u00e7\u00e3o no centro da experi\u00eancia digital do usu\u00e1rio, seja internamente ou para os consumidores.\u00a0<\/span><\/p>\n<p style=\"text-align: justify;\"><span style=\"font-weight: 400;\">A transpar\u00eancia na sustentabilidade deve fazer parte de como todos interagem com o pr\u00f3prio neg\u00f3cio, desde os funcion\u00e1rios acompanhando o trabalho e desenvolvimento, at\u00e9 os investidores tra\u00e7ando o desempenho.<\/span><\/p>\n<p style=\"text-align: justify;\"><span style=\"font-weight: 400;\">A tecnologia d\u00e1 vida aos dados para conquistar cora\u00e7\u00f5es e mentes, e sublinhar as implica\u00e7\u00f5es das decis\u00f5es.<\/span><\/p>\n<p style=\"text-align: justify;\"><span style=\"font-weight: 400;\">Isso pode ser apresentado usando v\u00eddeo para contar a hist\u00f3ria de um <\/span><a href=\"https:\/\/blog.europanbrasil.com.br\/forno-lastro-e-rotativo\/forno-de-lastro-com-vapor\"><b>forno de lastro com vapor<\/b><\/a> <span style=\"font-weight: 400;\">aplicado na ind\u00fastria,<\/span><span style=\"font-weight: 400;\"> ou usando realidade aumentada para criar um <\/span><i><span style=\"font-weight: 400;\">case<\/span><\/i><span style=\"font-weight: 400;\"> de neg\u00f3cios para investimentos sustent\u00e1veis.<\/span><\/p>\n<p style=\"text-align: justify;\"><span style=\"font-weight: 400;\">Da mesma forma, as ferramentas digitais ajudam a influenciar as escolhas dos clientes.\u00a0<\/span><\/p>\n<p style=\"text-align: justify;\"><span style=\"font-weight: 400;\">Podem ser dados no local em ambientes de varejo para destacar as credenciais de produtos sustent\u00e1veis, ou podem ser dados ao longo do tempo enfatizando o impacto cont\u00ednuo da compra ou aluguel de produtos mais sustent\u00e1veis.<\/span><\/p>\n<p style=\"text-align: justify;\"><span style=\"font-weight: 400;\">Esse \u00e9 o tipo de transpar\u00eancia que supera a desconfian\u00e7a em rela\u00e7\u00e3o ao <\/span><i><span style=\"font-weight: 400;\">greenwashing<\/span><\/i><span style=\"font-weight: 400;\">, em que muitas empresas apenas mascaram a verdade, tentando convencer consumidores e investidores de que o compromisso, a a\u00e7\u00e3o e os resultados s\u00e3o reais.<\/span><\/p>\n<p style=\"text-align: justify;\"><span style=\"font-weight: 400;\">A tecnologia pode ajudar a entender o impacto ambiental para cada compra realizada.<\/span><\/p>\n<h2 style=\"text-align: justify;\"><span style=\"font-weight: 400;\">O papel da sociedade quanto \u00e0 sustentabilidade<\/span><\/h2>\n<p style=\"text-align: justify;\"><span style=\"font-weight: 400;\">A sinergia varejista-cliente \u00e9 crucial para que as metas de sustentabilidade sejam alcan\u00e7adas.<\/span><\/p>\n<p style=\"text-align: justify;\"><span style=\"font-weight: 400;\">Para isso, as empresas de <\/span><a href=\"https:\/\/blog.msgeradores.com.br\/grupo-de-geradores-silenciosos\/gerador-silenciado\"><b>gerador silenciado<\/b><\/a><span style=\"font-weight: 400;\"> precisam ajudar os compradores a entender as implica\u00e7\u00f5es ambientais quanto \u00e0s compras realizadas.<\/span><\/p>\n<p style=\"text-align: justify;\"><span style=\"font-weight: 400;\">Sistemas avan\u00e7ados de PDV (Ponto De Venda) podem fornecer informa\u00e7\u00f5es baseadas em dados sobre o comportamento do cliente.\u00a0<\/span><\/p>\n<p style=\"text-align: justify;\"><span style=\"font-weight: 400;\">A reutiliza\u00e7\u00e3o de sacolas pl\u00e1sticas, por exemplo, pode ser monitorada no caixa, oferecendo recompensas aos compradores ecologicamente corretos que se lembram de trazer as pr\u00f3prias bolsas de casa.<\/span><\/p>\n<p style=\"text-align: justify;\"><span style=\"font-weight: 400;\">De olho no futuro, solu\u00e7\u00f5es habilitadas para <\/span><i><span style=\"font-weight: 400;\">blockchain<\/span><\/i><span style=\"font-weight: 400;\"> e sensores IoT (<\/span><i><span style=\"font-weight: 400;\">Internet of Things<\/span><\/i><span style=\"font-weight: 400;\">), ou Internet das Coisas, prometem levar isso adiante, oferecendo aos clientes informa\u00e7\u00f5es em tempo real sobre a pegada de carbono dos carrinhos em toda a cadeia de suprimentos.\u00a0<\/span><\/p>\n<p style=\"text-align: justify;\"><span style=\"font-weight: 400;\">Esse n\u00edvel de transpar\u00eancia ecol\u00f3gica \u00e9 vantajoso para o comprador, que tem o poder de fazer escolhas mais sustent\u00e1veis, assim como para o varejista, que pode demonstrar a\u00e7\u00f5es clim\u00e1ticas quantific\u00e1veis.<\/span><\/p>\n<h2 style=\"text-align: justify;\"><span style=\"font-weight: 400;\">Tecnologia pode otimizar cadeias de suprimentos<\/span><\/h2>\n<p style=\"text-align: justify;\"><span style=\"font-weight: 400;\">Quando uma empresa decide se tornar verde, limpar as opera\u00e7\u00f5es internas \u00e9 um ponto de partida \u00f3bvio. Mas se a cadeia de suprimentos n\u00e3o seguir o exemplo, esse trabalho \u00e1rduo ter\u00e1 sido em v\u00e3o.\u00a0<\/span><\/p>\n<p style=\"text-align: justify;\"><span style=\"font-weight: 400;\">Muitas pesquisas e artigos relacionados \u00e0 sustentabilidade e tecnologia demonstram uma s\u00e9rie de problemas insustent\u00e1veis \u200b\u200bnas cadeias de suprimentos, incluindo sistemas de gerenciamento verde inexistentes e alta rotatividade de pessoal.\u00a0<\/span><\/p>\n<p style=\"text-align: justify;\"><span style=\"font-weight: 400;\">Para combater essas reclama\u00e7\u00f5es, mais varejistas est\u00e3o adotando a digitaliza\u00e7\u00e3o da cadeia de suprimentos, de uma <\/span><a href=\"https:\/\/blog.dardanella.com.br\/pizzaria\/pizza-em-assis-sp\"><b>pizzaria assis<\/b><\/a><span style=\"font-weight: 400;\"> a redes que vendem roupas e cal\u00e7ados.<\/span><\/p>\n<p style=\"text-align: justify;\"><span style=\"font-weight: 400;\">Os pain\u00e9is orientados por dados podem reunir m\u00e9tricas de todas as etapas da jornada de um produto, al\u00e9m de destacar quest\u00f5es ecol\u00f3gicas ao longo do caminho, garantindo a proveni\u00eancia ambiental de um item no momento em que ele chega ao comprador.\u00a0<\/span><\/p>\n<p style=\"text-align: justify;\"><span style=\"font-weight: 400;\">Se por um lado ainda h\u00e1 uma necessidade de produ\u00e7\u00e3o em larga escala quando os itens est\u00e3o prontos para o mercado, ou outro [e que isso representa um desafio para os varejistas.<\/span><\/p>\n<p style=\"text-align: justify;\"><span style=\"font-weight: 400;\">Existe a necessidade de comprar o suficiente para que as prateleiras n\u00e3o fiquem vazias, mas n\u00e3o tanto que o desperd\u00edcio seja inevit\u00e1vel.\u00a0<\/span><\/p>\n<p style=\"text-align: justify;\"><span style=\"font-weight: 400;\">Mais uma vez, a tecnologia pode ajudar.\u00a0<\/span><\/p>\n<p style=\"text-align: justify;\"><span style=\"font-weight: 400;\">Sistemas inteligentes de gerenciamento de armaz\u00e9m baseados em nuvem maximizam a capacidade de armazenamento usando <\/span><i><span style=\"font-weight: 400;\">machine learning<\/span><\/i><span style=\"font-weight: 400;\">, ou aprendizado de m\u00e1quina, para otimizar <\/span><i><span style=\"font-weight: 400;\">layouts<\/span><\/i><span style=\"font-weight: 400;\">.\u00a0<\/span><\/p>\n<p style=\"text-align: justify;\"><span style=\"font-weight: 400;\">Isso aumenta a efici\u00eancia energ\u00e9tica, reduz o desperd\u00edcio de espa\u00e7o e ajuda os varejistas a adquirir a quantidade certa de estoque.<\/span><\/p>\n<h2 style=\"text-align: justify;\"><span style=\"font-weight: 400;\">Tecnologia atende redu\u00e7\u00e3o de emiss\u00f5es digitais<\/span><\/h2>\n<p style=\"text-align: justify;\"><span style=\"font-weight: 400;\">A tecnologia pode ser projetada de forma mais inteligente para reduzir as emiss\u00f5es digitais. Os custos ambientais n\u00e3o se limitam aos processos f\u00edsicos de varejo.\u00a0<\/span><\/p>\n<p style=\"text-align: justify;\"><span style=\"font-weight: 400;\">Toda vez que um site de com\u00e9rcio eletr\u00f4nico \u00e9 visitado, a eletricidade \u00e9 usada para alimentar <\/span><i><span style=\"font-weight: 400;\">data centers<\/span><\/i><span style=\"font-weight: 400;\">, redes de transmiss\u00e3o e dispositivos de consumo.\u00a0<\/span><\/p>\n<p style=\"text-align: justify;\"><span style=\"font-weight: 400;\">O design digital inteligente \u00e9 o segredo para a sustentabilidade do site.Isso significa uso inteligente de:<\/span><\/p>\n<ul style=\"text-align: justify;\">\n<li style=\"font-weight: 400;\" aria-level=\"1\"><span style=\"font-weight: 400;\">Estruturas de p\u00e1gina;<\/span><\/li>\n<li style=\"font-weight: 400;\" aria-level=\"1\"><span style=\"font-weight: 400;\">Fontes leves;<\/span><\/li>\n<li style=\"font-weight: 400;\" aria-level=\"1\"><span style=\"font-weight: 400;\">Formatos de arquivo eficientes;<\/span><\/li>\n<li style=\"font-weight: 400;\" aria-level=\"1\"><span style=\"font-weight: 400;\">Imagens compactadas.<\/span><\/li>\n<\/ul>\n<p style=\"text-align: justify;\"><span style=\"font-weight: 400;\">Com a ascens\u00e3o exponencial do setor de e-commerce, as vendas online quase quintuplicaram globalmente desde 2014, segundo dados apresentados no Mercado &amp; Consumo, e as emiss\u00f5es digitais s\u00e3o uma preocupa\u00e7\u00e3o crescente.<\/span><\/p>\n<h2 style=\"text-align: justify;\"><span style=\"font-weight: 400;\">Ser sustent\u00e1vel n\u00e3o precisa ser dif\u00edcil<\/span><\/h2>\n<p style=\"text-align: justify;\"><span style=\"font-weight: 400;\">Empresas do setor agr\u00edcola, varejista, industrial e de <\/span><a href=\"https:\/\/blog.bn3.com.br\/contabilidade\/precos-servicos-de-contabilidade\"><b>servi\u00e7os de contabilidade pre\u00e7os<\/b><\/a> <span style=\"font-weight: 400;\">sabem da import\u00e2ncia da sustentabilidade, mas precisam das ferramentas para canalizar adequadamente as ambi\u00e7\u00f5es verdes.\u00a0<\/span><\/p>\n<p style=\"text-align: justify;\"><span style=\"font-weight: 400;\">Otimizar as experi\u00eancias do cliente, refinar as cadeias de suprimentos e reduzir as emiss\u00f5es digitais, ou seja, tudo isso, e muito mais, pode ser alcan\u00e7ado com a experi\u00eancia e as parcerias certas.<\/span><\/p>\n<p style=\"text-align: justify;\"><span style=\"font-weight: 400;\">Trata-se de entender as mudan\u00e7as que precisam ser feitas, como pessoas, ideias e novas tecnologias podem ser reunidas para entregar os resultados mais sustent\u00e1veis.\u00a0<\/span><\/p>\n<p style=\"text-align: justify;\"><span style=\"font-weight: 400;\">Para clientes e empresas e, de fato, para o planeta como um todo, vale a pena lutar por isso.<\/span><\/p>\n<h2 style=\"text-align: justify;\"><span style=\"font-weight: 400;\">Conclus\u00e3o<\/span><\/h2>\n<p style=\"text-align: justify;\"><span style=\"font-weight: 400;\">A sustentabilidade e tecnologia, por fim, oferecem aos l\u00edderes de TI, executivos, e sociedade, como um todo, a oportunidade \u00fanica de demonstrar valor crescente para uma organiza\u00e7\u00e3o.\u00a0<\/span><\/p>\n<p style=\"text-align: justify;\"><span style=\"font-weight: 400;\">\u00c9 importante que as empresas possam capacitar os neg\u00f3cios, em n\u00edvel organizacional,com as ferramentas certas para uma transi\u00e7\u00e3o eficaz para mesclar a sustentabilidade e tecnologia.<\/span><\/p>\n<p style=\"text-align: justify;\"><span style=\"font-weight: 400;\">De qualquer maneira, todos devem assumir a responsabilidade de revisar as pr\u00f3prias pegadas de carbono e incorporar medidas de redu\u00e7\u00e3o nas estrat\u00e9gias corporativas, a fim de chegar a um senso comum que a sustentabilidade e tecnologia podem alcan\u00e7ar.<\/span><\/p>\n<p style=\"text-align: justify;\"><i><span style=\"font-weight: 400;\">Texto originalmente desenvolvido pela equipe do blog <\/span><\/i><a href=\"http:\/\/www.businessconnection.com.br\/\"><b><i>Business Connection<\/i><\/b><\/a><i><span style=\"font-weight: 400;\">, canal em que voc\u00ea pode encontrar centenas de conte\u00fados informativos sobre diversos segmentos.<\/span><\/i><\/p>\n","protected":false},"excerpt":{"rendered":"<p>As organiza\u00e7\u00f5es est\u00e3o sempre \u00e0 procura de maneiras de crescer, e duas das maiores oportunidades que rondam os mais diversos setores s\u00e3o a em seu radar s\u00e3o a sustentabilidade e tecnologia, seguindo as respectivas import\u00e2ncias.\u00a0 A sustentabilidade os preocupa por duas raz\u00f5es. Investidores, clientes e reguladores esperam a\u00e7\u00e3o diante da mudan\u00e7a clim\u00e1tica, e torn\u00e1-la central [&hellip;]<\/p>\n","protected":false},"author":1,"featured_media":12459,"comment_status":"open","ping_status":"open","sticky":false,"template":"","format":"standard","meta":{"_jetpack_memberships_contains_paid_content":false,"footnotes":""},"categories":[1181],"tags":[],"class_list":{"0":"post-12458","1":"post","2":"type-post","3":"status-publish","4":"format-standard","5":"has-post-thumbnail","7":"category-negocios-online"},"yoast_head":"<!-- This site is optimized with the Yoast SEO plugin v25.1 - https:\/\/yoast.com\/wordpress\/plugins\/seo\/ -->\n<title>Sustentabilidade e Tecnologia: saiba como relacion\u00e1-los<\/title>\n<meta name=\"description\" content=\"Parece uma resposta simples e direta, mas \u00e9 exatamente sobre isso. Trata-se de unir investimentos paralelos em sustentabilidade e tecnologia\" \/>\n<meta name=\"robots\" content=\"index, follow, max-snippet:-1, max-image-preview:large, max-video-preview:-1\" \/>\n<link rel=\"canonical\" href=\"https:\/\/cenedcursos.com.br\/meio-ambiente\/sustentabilidade-e-tecnologia-saiba-como-relaciona-los\/\" \/>\n<meta property=\"og:locale\" content=\"pt_BR\" \/>\n<meta property=\"og:type\" content=\"article\" \/>\n<meta property=\"og:title\" content=\"Sustentabilidade e Tecnologia: saiba como relacion\u00e1-los\" \/>\n<meta property=\"og:description\" content=\"Parece uma resposta simples e direta, mas \u00e9 exatamente sobre isso. Trata-se de unir investimentos paralelos em sustentabilidade e tecnologia\" \/>\n<meta property=\"og:url\" content=\"https:\/\/cenedcursos.com.br\/meio-ambiente\/sustentabilidade-e-tecnologia-saiba-como-relaciona-los\/\" \/>\n<meta property=\"og:site_name\" content=\"CENED Cursos Online\" \/>\n<meta property=\"article:published_time\" content=\"2022-10-21T17:42:28+00:00\" \/>\n<meta property=\"og:image\" content=\"https:\/\/cenedcursos.com.br\/meio-ambiente\/wp-content\/uploads\/2022\/10\/sustentabilidade-e-tecnologia.jpg\" \/>\n\t<meta property=\"og:image:width\" content=\"1200\" \/>\n\t<meta property=\"og:image:height\" content=\"675\" \/>\n\t<meta property=\"og:image:type\" content=\"image\/jpeg\" \/>\n<meta name=\"author\" content=\"Amarildo R. Ferrari\" \/>\n<meta name=\"twitter:card\" content=\"summary_large_image\" \/>\n<meta name=\"twitter:label1\" content=\"Escrito por\" \/>\n\t<meta name=\"twitter:data1\" content=\"Amarildo R. Ferrari\" \/>\n\t<meta name=\"twitter:label2\" content=\"Est. tempo de leitura\" \/>\n\t<meta name=\"twitter:data2\" content=\"9 minutos\" \/>\n<script type=\"application\/ld+json\" class=\"yoast-schema-graph\">{\"@context\":\"https:\/\/schema.org\",\"@graph\":[{\"@type\":\"WebPage\",\"@id\":\"https:\/\/cenedcursos.com.br\/meio-ambiente\/sustentabilidade-e-tecnologia-saiba-como-relaciona-los\/\",\"url\":\"https:\/\/cenedcursos.com.br\/meio-ambiente\/sustentabilidade-e-tecnologia-saiba-como-relaciona-los\/\",\"name\":\"Sustentabilidade e Tecnologia: saiba como relacion\u00e1-los\",\"isPartOf\":{\"@id\":\"https:\/\/cenedcursos.com.br\/meio-ambiente\/#website\"},\"primaryImageOfPage\":{\"@id\":\"https:\/\/cenedcursos.com.br\/meio-ambiente\/sustentabilidade-e-tecnologia-saiba-como-relaciona-los\/#primaryimage\"},\"image\":{\"@id\":\"https:\/\/cenedcursos.com.br\/meio-ambiente\/sustentabilidade-e-tecnologia-saiba-como-relaciona-los\/#primaryimage\"},\"thumbnailUrl\":\"https:\/\/i0.wp.com\/cenedcursos.com.br\/meio-ambiente\/wp-content\/uploads\/2022\/10\/sustentabilidade-e-tecnologia.jpg?fit=1200%2C675&ssl=1\",\"datePublished\":\"2022-10-21T17:42:28+00:00\",\"author\":{\"@id\":\"https:\/\/cenedcursos.com.br\/meio-ambiente\/#\/schema\/person\/64377d24cdc16779a1eb6229894af388\"},\"description\":\"Parece uma resposta simples e direta, mas \u00e9 exatamente sobre isso. Trata-se de unir investimentos paralelos em sustentabilidade e tecnologia\",\"breadcrumb\":{\"@id\":\"https:\/\/cenedcursos.com.br\/meio-ambiente\/sustentabilidade-e-tecnologia-saiba-como-relaciona-los\/#breadcrumb\"},\"inLanguage\":\"pt-BR\",\"potentialAction\":[{\"@type\":\"ReadAction\",\"target\":[\"https:\/\/cenedcursos.com.br\/meio-ambiente\/sustentabilidade-e-tecnologia-saiba-como-relaciona-los\/\"]}]},{\"@type\":\"ImageObject\",\"inLanguage\":\"pt-BR\",\"@id\":\"https:\/\/cenedcursos.com.br\/meio-ambiente\/sustentabilidade-e-tecnologia-saiba-como-relaciona-los\/#primaryimage\",\"url\":\"https:\/\/i0.wp.com\/cenedcursos.com.br\/meio-ambiente\/wp-content\/uploads\/2022\/10\/sustentabilidade-e-tecnologia.jpg?fit=1200%2C675&ssl=1\",\"contentUrl\":\"https:\/\/i0.wp.com\/cenedcursos.com.br\/meio-ambiente\/wp-content\/uploads\/2022\/10\/sustentabilidade-e-tecnologia.jpg?fit=1200%2C675&ssl=1\",\"width\":1200,\"height\":675,\"caption\":\"sustentabilidade e tecnologia\"},{\"@type\":\"BreadcrumbList\",\"@id\":\"https:\/\/cenedcursos.com.br\/meio-ambiente\/sustentabilidade-e-tecnologia-saiba-como-relaciona-los\/#breadcrumb\",\"itemListElement\":[{\"@type\":\"ListItem\",\"position\":1,\"name\":\"In\u00edcio\",\"item\":\"https:\/\/cenedcursos.com.br\/meio-ambiente\/\"},{\"@type\":\"ListItem\",\"position\":2,\"name\":\"Sustentabilidade e Tecnologia: saiba como relacion\u00e1-los\"}]},{\"@type\":\"WebSite\",\"@id\":\"https:\/\/cenedcursos.com.br\/meio-ambiente\/#website\",\"url\":\"https:\/\/cenedcursos.com.br\/meio-ambiente\/\",\"name\":\"CENED Cursos Online\",\"description\":\"Aqui voc\u00ea encontra artigos em diversas \u00e1reas do conhecimento: meio ambiente, educa\u00e7\u00e3o, marketing digital, neg\u00f3cios online e muito mais.\",\"potentialAction\":[{\"@type\":\"SearchAction\",\"target\":{\"@type\":\"EntryPoint\",\"urlTemplate\":\"https:\/\/cenedcursos.com.br\/meio-ambiente\/?s={search_term_string}\"},\"query-input\":{\"@type\":\"PropertyValueSpecification\",\"valueRequired\":true,\"valueName\":\"search_term_string\"}}],\"inLanguage\":\"pt-BR\"},{\"@type\":\"Person\",\"@id\":\"https:\/\/cenedcursos.com.br\/meio-ambiente\/#\/schema\/person\/64377d24cdc16779a1eb6229894af388\",\"name\":\"Amarildo R. Ferrari\",\"image\":{\"@type\":\"ImageObject\",\"inLanguage\":\"pt-BR\",\"@id\":\"https:\/\/cenedcursos.com.br\/meio-ambiente\/#\/schema\/person\/image\/\",\"url\":\"https:\/\/secure.gravatar.com\/avatar\/6ea4248ca9f295c93f1b72f8398232f0fbbffe30349e6ec3839cfa5e09b0de3c?s=96&d=mm&r=g\",\"contentUrl\":\"https:\/\/secure.gravatar.com\/avatar\/6ea4248ca9f295c93f1b72f8398232f0fbbffe30349e6ec3839cfa5e09b0de3c?s=96&d=mm&r=g\",\"caption\":\"Amarildo R. Ferrari\"},\"sameAs\":[\"https:\/\/cenedcursos.com.br\/meio-ambiente\"],\"url\":\"https:\/\/cenedcursos.com.br\/meio-ambiente\/author\/admin\/\"}]}<\/script>\n<!-- \/ Yoast SEO plugin. -->","yoast_head_json":{"title":"Sustentabilidade e Tecnologia: saiba como relacion\u00e1-los","description":"Parece uma resposta simples e direta, mas \u00e9 exatamente sobre isso. Trata-se de unir investimentos paralelos em sustentabilidade e tecnologia","robots":{"index":"index","follow":"follow","max-snippet":"max-snippet:-1","max-image-preview":"max-image-preview:large","max-video-preview":"max-video-preview:-1"},"canonical":"https:\/\/cenedcursos.com.br\/meio-ambiente\/sustentabilidade-e-tecnologia-saiba-como-relaciona-los\/","og_locale":"pt_BR","og_type":"article","og_title":"Sustentabilidade e Tecnologia: saiba como relacion\u00e1-los","og_description":"Parece uma resposta simples e direta, mas \u00e9 exatamente sobre isso. Trata-se de unir investimentos paralelos em sustentabilidade e tecnologia","og_url":"https:\/\/cenedcursos.com.br\/meio-ambiente\/sustentabilidade-e-tecnologia-saiba-como-relaciona-los\/","og_site_name":"CENED Cursos Online","article_published_time":"2022-10-21T17:42:28+00:00","og_image":[{"width":1200,"height":675,"url":"https:\/\/cenedcursos.com.br\/meio-ambiente\/wp-content\/uploads\/2022\/10\/sustentabilidade-e-tecnologia.jpg","type":"image\/jpeg"}],"author":"Amarildo R. Ferrari","twitter_card":"summary_large_image","twitter_misc":{"Escrito por":"Amarildo R. Ferrari","Est. tempo de leitura":"9 minutos"},"schema":{"@context":"https:\/\/schema.org","@graph":[{"@type":"WebPage","@id":"https:\/\/cenedcursos.com.br\/meio-ambiente\/sustentabilidade-e-tecnologia-saiba-como-relaciona-los\/","url":"https:\/\/cenedcursos.com.br\/meio-ambiente\/sustentabilidade-e-tecnologia-saiba-como-relaciona-los\/","name":"Sustentabilidade e Tecnologia: saiba como relacion\u00e1-los","isPartOf":{"@id":"https:\/\/cenedcursos.com.br\/meio-ambiente\/#website"},"primaryImageOfPage":{"@id":"https:\/\/cenedcursos.com.br\/meio-ambiente\/sustentabilidade-e-tecnologia-saiba-como-relaciona-los\/#primaryimage"},"image":{"@id":"https:\/\/cenedcursos.com.br\/meio-ambiente\/sustentabilidade-e-tecnologia-saiba-como-relaciona-los\/#primaryimage"},"thumbnailUrl":"https:\/\/i0.wp.com\/cenedcursos.com.br\/meio-ambiente\/wp-content\/uploads\/2022\/10\/sustentabilidade-e-tecnologia.jpg?fit=1200%2C675&ssl=1","datePublished":"2022-10-21T17:42:28+00:00","author":{"@id":"https:\/\/cenedcursos.com.br\/meio-ambiente\/#\/schema\/person\/64377d24cdc16779a1eb6229894af388"},"description":"Parece uma resposta simples e direta, mas \u00e9 exatamente sobre isso. Trata-se de unir investimentos paralelos em sustentabilidade e tecnologia","breadcrumb":{"@id":"https:\/\/cenedcursos.com.br\/meio-ambiente\/sustentabilidade-e-tecnologia-saiba-como-relaciona-los\/#breadcrumb"},"inLanguage":"pt-BR","potentialAction":[{"@type":"ReadAction","target":["https:\/\/cenedcursos.com.br\/meio-ambiente\/sustentabilidade-e-tecnologia-saiba-como-relaciona-los\/"]}]},{"@type":"ImageObject","inLanguage":"pt-BR","@id":"https:\/\/cenedcursos.com.br\/meio-ambiente\/sustentabilidade-e-tecnologia-saiba-como-relaciona-los\/#primaryimage","url":"https:\/\/i0.wp.com\/cenedcursos.com.br\/meio-ambiente\/wp-content\/uploads\/2022\/10\/sustentabilidade-e-tecnologia.jpg?fit=1200%2C675&ssl=1","contentUrl":"https:\/\/i0.wp.com\/cenedcursos.com.br\/meio-ambiente\/wp-content\/uploads\/2022\/10\/sustentabilidade-e-tecnologia.jpg?fit=1200%2C675&ssl=1","width":1200,"height":675,"caption":"sustentabilidade e tecnologia"},{"@type":"BreadcrumbList","@id":"https:\/\/cenedcursos.com.br\/meio-ambiente\/sustentabilidade-e-tecnologia-saiba-como-relaciona-los\/#breadcrumb","itemListElement":[{"@type":"ListItem","position":1,"name":"In\u00edcio","item":"https:\/\/cenedcursos.com.br\/meio-ambiente\/"},{"@type":"ListItem","position":2,"name":"Sustentabilidade e Tecnologia: saiba como relacion\u00e1-los"}]},{"@type":"WebSite","@id":"https:\/\/cenedcursos.com.br\/meio-ambiente\/#website","url":"https:\/\/cenedcursos.com.br\/meio-ambiente\/","name":"CENED Cursos Online","description":"Aqui voc\u00ea encontra artigos em diversas \u00e1reas do conhecimento: meio ambiente, educa\u00e7\u00e3o, marketing digital, neg\u00f3cios online e muito mais.","potentialAction":[{"@type":"SearchAction","target":{"@type":"EntryPoint","urlTemplate":"https:\/\/cenedcursos.com.br\/meio-ambiente\/?s={search_term_string}"},"query-input":{"@type":"PropertyValueSpecification","valueRequired":true,"valueName":"search_term_string"}}],"inLanguage":"pt-BR"},{"@type":"Person","@id":"https:\/\/cenedcursos.com.br\/meio-ambiente\/#\/schema\/person\/64377d24cdc16779a1eb6229894af388","name":"Amarildo R. Ferrari","image":{"@type":"ImageObject","inLanguage":"pt-BR","@id":"https:\/\/cenedcursos.com.br\/meio-ambiente\/#\/schema\/person\/image\/","url":"https:\/\/secure.gravatar.com\/avatar\/6ea4248ca9f295c93f1b72f8398232f0fbbffe30349e6ec3839cfa5e09b0de3c?s=96&d=mm&r=g","contentUrl":"https:\/\/secure.gravatar.com\/avatar\/6ea4248ca9f295c93f1b72f8398232f0fbbffe30349e6ec3839cfa5e09b0de3c?s=96&d=mm&r=g","caption":"Amarildo R. Ferrari"},"sameAs":["https:\/\/cenedcursos.com.br\/meio-ambiente"],"url":"https:\/\/cenedcursos.com.br\/meio-ambiente\/author\/admin\/"}]}},"jetpack_featured_media_url":"https:\/\/i0.wp.com\/cenedcursos.com.br\/meio-ambiente\/wp-content\/uploads\/2022\/10\/sustentabilidade-e-tecnologia.jpg?fit=1200%2C675&ssl=1","jetpack_sharing_enabled":true,"_links":{"self":[{"href":"https:\/\/cenedcursos.com.br\/meio-ambiente\/wp-json\/wp\/v2\/posts\/12458","targetHints":{"allow":["GET"]}}],"collection":[{"href":"https:\/\/cenedcursos.com.br\/meio-ambiente\/wp-json\/wp\/v2\/posts"}],"about":[{"href":"https:\/\/cenedcursos.com.br\/meio-ambiente\/wp-json\/wp\/v2\/types\/post"}],"author":[{"embeddable":true,"href":"https:\/\/cenedcursos.com.br\/meio-ambiente\/wp-json\/wp\/v2\/users\/1"}],"replies":[{"embeddable":true,"href":"https:\/\/cenedcursos.com.br\/meio-ambiente\/wp-json\/wp\/v2\/comments?post=12458"}],"version-history":[{"count":0,"href":"https:\/\/cenedcursos.com.br\/meio-ambiente\/wp-json\/wp\/v2\/posts\/12458\/revisions"}],"wp:featuredmedia":[{"embeddable":true,"href":"https:\/\/cenedcursos.com.br\/meio-ambiente\/wp-json\/wp\/v2\/media\/12459"}],"wp:attachment":[{"href":"https:\/\/cenedcursos.com.br\/meio-ambiente\/wp-json\/wp\/v2\/media?parent=12458"}],"wp:term":[{"taxonomy":"category","embeddable":true,"href":"https:\/\/cenedcursos.com.br\/meio-ambiente\/wp-json\/wp\/v2\/categories?post=12458"},{"taxonomy":"post_tag","embeddable":true,"href":"https:\/\/cenedcursos.com.br\/meio-ambiente\/wp-json\/wp\/v2\/tags?post=12458"}],"curies":[{"name":"wp","href":"https:\/\/api.w.org\/{rel}","templated":true}]}}