{"id":12463,"date":"2022-10-31T10:36:10","date_gmt":"2022-10-31T13:36:10","guid":{"rendered":"https:\/\/cenedcursos.com.br\/meio-ambiente\/?p=12463"},"modified":"2024-01-27T11:17:06","modified_gmt":"2024-01-27T14:17:06","slug":"oleo-essencial-de-lavanda-e-seus-beneficios-a-saude-e-bem-estar","status":"publish","type":"post","link":"https:\/\/cenedcursos.com.br\/meio-ambiente\/oleo-essencial-de-lavanda-e-seus-beneficios-a-saude-e-bem-estar\/","title":{"rendered":"\u00d3leo Essencial de Lavanda e seus Benef\u00edcios \u00e0 Sa\u00fade e Bem-Estar"},"content":{"rendered":"<p style=\"text-align: justify;\"><span style=\"color: #000000;\">O \u00f3leo essencial de lavanda \u00e9 um dos \u00f3leos essenciais mais vers\u00e1teis em termos de sa\u00fade e bem-estar. Ele pode ser usado para ajudar a aliviar uma ampla gama de condi\u00e7\u00f5es, incluindo ins\u00f4nia, ansiedade, dores de cabe\u00e7a, dores musculares e c\u00f3licas, depress\u00e3o e problemas menstruais. O \u00f3leo de lavanda tamb\u00e9m \u00e9 conhecido por ter um efeito calmante sobre o sistema nervoso.<\/span><br \/>\n<span style=\"color: #000000;\">H\u00e1 muitos benef\u00edcios para o \u00f3leo de lavanda que voc\u00ea pode colher do uso deste \u00f3leo essencial. Vamos conhecer alguns:<\/span><\/p>\n<h2 style=\"text-align: justify;\"><span style=\"color: #000000;\">Alivia a ansiedade, estresse e depress\u00e3o<\/span><\/h2>\n<p style=\"text-align: justify;\"><span style=\"color: #000000;\">O \u00f3leo essencial de lavanda tem um forte efeito calmante, o que o torna ideal para aliviar os sentimentos de ansiedade. Isto porque o \u00f3leo de lavanda cont\u00e9m compostos chamados linalol e acetato de linalil que s\u00e3o conhecidos por terem efeitos anti-ansiedade. Estes compostos tamb\u00e9m podem ajudar a reduzir a sensa\u00e7\u00e3o de estresse e promover o relaxamento, tornando o \u00f3leo essencial de lavanda uma grande escolha se voc\u00ea estiver se sentindo estressado. O <a href=\"https:\/\/protocoleos.com\/oleo-essencial-de-lavanda\/\" target=\"_blank\" rel=\"noopener\">\u00f3leo essencial de lavanda<\/a> tamb\u00e9m pode ajudar a melhorar o humor e aliviar os sintomas da depress\u00e3o, aumentando os n\u00edveis de serotonina no c\u00e9rebro. Ao inibir as enzimas que quebram a serotonina, o \u00f3leo essencial de lavanda pode ajudar a aumentar a quantidade de serotonina dispon\u00edvel em seu corpo, o que pode potencialmente levar \u00e0 melhora do humor e reduzir o estresse e a ansiedade.<\/span><br \/>\n<span style=\"color: #000000;\">Embora o \u00f3leo de lavanda possa ter v\u00e1rios benef\u00edcios, ele n\u00e3o deve ser usado como substituto de medicamentos se voc\u00ea estiver se sentindo mal. Converse sempre com seu m\u00e9dico antes de usar qualquer novo suplemento ou rem\u00e9dio. Em quest\u00f5es emocionais, tamb\u00e9m \u00e9 importante buscar uma <a href=\"https:\/\/partilhaterapia.com.br\/\" target=\"_blank\" rel=\"noopener\">terapia<\/a>.<\/span><\/p>\n<h2 style=\"text-align: justify;\"><span style=\"color: #000000;\">Ajuda a amenizar a dor de cabe\u00e7a e enxaqueca<\/span><\/h2>\n<p><img data-recalc-dims=\"1\" loading=\"lazy\" decoding=\"async\" data-attachment-id=\"12465\" data-permalink=\"https:\/\/cenedcursos.com.br\/meio-ambiente\/oleo-essencial-de-lavanda-e-seus-beneficios-a-saude-e-bem-estar\/below-view-of-a-man-having-a-headache-while-being-at-home\/\" data-orig-file=\"https:\/\/i0.wp.com\/cenedcursos.com.br\/meio-ambiente\/wp-content\/uploads\/2022\/10\/dor-de-cabeca-e-enxaqueca.jpeg?fit=1200%2C800&amp;ssl=1\" data-orig-size=\"1200,800\" data-comments-opened=\"1\" data-image-meta=\"{&quot;aperture&quot;:&quot;2&quot;,&quot;credit&quot;:&quot;Drazen - stock.adobe.com&quot;,&quot;camera&quot;:&quot;Canon EOS-1D X Mark II&quot;,&quot;caption&quot;:&quot;Low angle view of distraught man holding his head in pain while sitting in the living room.&quot;,&quot;created_timestamp&quot;:&quot;1588838660&quot;,&quot;copyright&quot;:&quot;&quot;,&quot;focal_length&quot;:&quot;35&quot;,&quot;iso&quot;:&quot;100&quot;,&quot;shutter_speed&quot;:&quot;0.003125&quot;,&quot;title&quot;:&quot;Below view of a man having a headache while being at home.&quot;,&quot;orientation&quot;:&quot;1&quot;}\" data-image-title=\"dor de cabe\u00e7a e enxaqueca\" data-image-description=\"\" data-image-caption=\"\" data-medium-file=\"https:\/\/i0.wp.com\/cenedcursos.com.br\/meio-ambiente\/wp-content\/uploads\/2022\/10\/dor-de-cabeca-e-enxaqueca.jpeg?fit=300%2C200&amp;ssl=1\" data-large-file=\"https:\/\/i0.wp.com\/cenedcursos.com.br\/meio-ambiente\/wp-content\/uploads\/2022\/10\/dor-de-cabeca-e-enxaqueca.jpeg?fit=696%2C464&amp;ssl=1\" class=\"aligncenter wp-image-12465 size-large\" src=\"https:\/\/i0.wp.com\/cenedcursos.com.br\/meio-ambiente\/wp-content\/uploads\/2022\/10\/dor-de-cabeca-e-enxaqueca-1024x683.jpeg?resize=696%2C464&#038;ssl=1\" alt=\"dor de cabe\u00e7a e enxaqueca\" width=\"696\" height=\"464\" srcset=\"https:\/\/i0.wp.com\/cenedcursos.com.br\/meio-ambiente\/wp-content\/uploads\/2022\/10\/dor-de-cabeca-e-enxaqueca.jpeg?resize=1024%2C683&amp;ssl=1 1024w, https:\/\/i0.wp.com\/cenedcursos.com.br\/meio-ambiente\/wp-content\/uploads\/2022\/10\/dor-de-cabeca-e-enxaqueca.jpeg?resize=300%2C200&amp;ssl=1 300w, https:\/\/i0.wp.com\/cenedcursos.com.br\/meio-ambiente\/wp-content\/uploads\/2022\/10\/dor-de-cabeca-e-enxaqueca.jpeg?resize=768%2C512&amp;ssl=1 768w, https:\/\/i0.wp.com\/cenedcursos.com.br\/meio-ambiente\/wp-content\/uploads\/2022\/10\/dor-de-cabeca-e-enxaqueca.jpeg?resize=696%2C464&amp;ssl=1 696w, https:\/\/i0.wp.com\/cenedcursos.com.br\/meio-ambiente\/wp-content\/uploads\/2022\/10\/dor-de-cabeca-e-enxaqueca.jpeg?resize=1068%2C712&amp;ssl=1 1068w, https:\/\/i0.wp.com\/cenedcursos.com.br\/meio-ambiente\/wp-content\/uploads\/2022\/10\/dor-de-cabeca-e-enxaqueca.jpeg?resize=630%2C420&amp;ssl=1 630w, https:\/\/i0.wp.com\/cenedcursos.com.br\/meio-ambiente\/wp-content\/uploads\/2022\/10\/dor-de-cabeca-e-enxaqueca.jpeg?w=1200&amp;ssl=1 1200w\" sizes=\"auto, (max-width: 696px) 100vw, 696px\" \/><\/p>\n<p style=\"text-align: justify;\"><span style=\"color: #000000;\">O \u00f3leo essencial de lavanda (Lavendula angustifolia) tem sido usado para tratar dor de cabe\u00e7a e enxaqueca desde os tempos antigos. A planta tem propriedades antivirais e antibacterianas, tornando-a uma excelente alternativa natural. O \u00f3leo de lavanda \u00e9 comumente usado em aromaterapia como antiss\u00e9ptico e analg\u00e9sico, assim como sedativo, antidepressivo e adstringente. <\/span><\/p>\n<p style=\"text-align: justify;\"><span style=\"color: #000000;\">Algumas gotas misturadas em um difusor de \u00f3leos essenciais podem ajudar a aliviar a irrita\u00e7\u00e3o e trazer al\u00edvio da dor.<\/span><\/p>\n<p style=\"text-align: justify;\"><span style=\"color: #000000;\">Voc\u00ea tamb\u00e9m pode utilizar o \u00f3leo essencial de forma t\u00f3pica, nas t\u00eamporas, pulsos, nuca, testa e sola dos p\u00e9s. Se tiver pele sens\u00edvel, misture com \u00f3leo carreador, especialmente \u00f3leo de coco. O \u00f3leo de lavanda tamb\u00e9m pode ser ingerido, por\u00e9m antes de ingerir, verifique se a empresa fabricante recomenda sua ingest\u00e3o ou procure um profissional especializado em <a href=\"https:\/\/cenedcursos.com.br\/meio-ambiente\/que-e-um-oleo-essencial\/\">\u00f3leos essenciais<\/a> ou aromaterapeuta.<\/span><\/p>\n<h2 style=\"text-align: justify;\"><span style=\"color: #000000;\">Ajuda a aliviar c\u00f3licas menstruais<\/span><\/h2>\n<p style=\"text-align: justify;\"><span style=\"color: #000000;\">\u00c9 de conhecimento geral que o \u00f3leo de lavanda \u00e9 \u00f3timo para relaxamento e controle do humor, mas voc\u00ea sabia que tamb\u00e9m \u00e9 um tratamento eficaz para c\u00f3licas menstruais? O \u00f3leo de lavanda cont\u00e9m compostos chamados terpenos que t\u00eam fortes propriedades anti-inflamat\u00f3rias. Estes compostos s\u00e3o considerados respons\u00e1veis pela capacidade da lavanda de reduzir as dores menstruais. Ao reduzir a dor associada \u00e0s c\u00f3licas, o \u00f3leo essencial de lavanda tamb\u00e9m pode ser capaz de reduzir a intensidade de futuras c\u00f3licas.<\/span><br \/>\n<span style=\"color: #000000;\">Embora todas as pesquisas sobre o \u00f3leo de lavanda at\u00e9 agora tenham se concentrado em suas propriedades anti-inflamat\u00f3rias, mais estudos s\u00e3o necess\u00e1rios antes que possamos saber o qu\u00e3o robusto este efeito \u00e9. Como sempre, por\u00e9m, \u00e9 importante conversar com seu m\u00e9dico se voc\u00ea estiver preocupado com quaisquer efeitos adversos do uso do \u00f3leo essencial de lavanda.<\/span><\/p>\n<h2 style=\"text-align: justify;\"><span style=\"color: #000000;\">Alivia a irrita\u00e7\u00e3o da pele, como queimaduras e picadas de insetos<\/span><\/h2>\n<p style=\"text-align: justify;\"><span style=\"color: #000000;\">O \u00f3leo essencial de lavanda \u00e9 um dos melhores \u00f3leos essenciais para suavizar irrita\u00e7\u00f5es da pele. Ele possui propriedades antibacterianas, antivirais e antif\u00fangicas que ajudam a proteger a pele contra infec\u00e7\u00f5es. O \u00f3leo de lavanda tamb\u00e9m tem propriedades anti-inflamat\u00f3rias que podem acalmar a pele irritada. Ele tem propriedades antiss\u00e9pticas suaves e funciona como um adstringente natural. Pode ser usado em diversos tipos de irrita\u00e7\u00f5es de pele como queimaduras, picadas de insetos e queimaduras solares. O \u00f3leo de lavanda tamb\u00e9m pode ajudar a reduzir a vermelhid\u00e3o e inflama\u00e7\u00e3o da pele.<\/span><br \/>\n<span style=\"color: #000000;\">Ele pode ser usado topicamente em cortes, feridas, arranh\u00f5es, erup\u00e7\u00f5es cut\u00e2neas, eczema e psor\u00edase.\u00a0<\/span><\/p>\n<p>Conhe\u00e7a mais sobre os <a href=\"https:\/\/protocoleos.com\/\" target=\"_blank\" rel=\"noopener\">\u00f3leos essenciais<\/a> e seus protocolos de uso.<\/p>\n","protected":false},"excerpt":{"rendered":"<p>O \u00f3leo essencial de lavanda \u00e9 um dos \u00f3leos essenciais mais vers\u00e1teis em termos de sa\u00fade e bem-estar. Ele pode ser usado para ajudar a aliviar uma ampla gama de condi\u00e7\u00f5es, incluindo ins\u00f4nia, ansiedade, dores de cabe\u00e7a, dores musculares e c\u00f3licas, depress\u00e3o e problemas menstruais. O \u00f3leo de lavanda tamb\u00e9m \u00e9 conhecido por ter um [&hellip;]<\/p>\n","protected":false},"author":1,"featured_media":12464,"comment_status":"open","ping_status":"open","sticky":false,"template":"","format":"standard","meta":{"_jetpack_memberships_contains_paid_content":false,"footnotes":""},"categories":[468],"tags":[],"class_list":{"0":"post-12463","1":"post","2":"type-post","3":"status-publish","4":"format-standard","5":"has-post-thumbnail","7":"category-oleos-essenciais"},"yoast_head":"<!-- This site is optimized with the Yoast SEO plugin v25.1 - https:\/\/yoast.com\/wordpress\/plugins\/seo\/ -->\n<title>\u00d3leo Essencial de Lavanda e seus Benef\u00edcios \u00e0 Sa\u00fade<\/title>\n<meta name=\"description\" content=\"O \u00f3leo essencial de lavanda \u00e9 um dos \u00f3leos essenciais mais vers\u00e1teis em termos de sa\u00fade e bem-estar. Ele pode ser usado para ajudar a aliviar\" \/>\n<meta name=\"robots\" content=\"index, follow, max-snippet:-1, max-image-preview:large, max-video-preview:-1\" \/>\n<link rel=\"canonical\" href=\"https:\/\/cenedcursos.com.br\/meio-ambiente\/oleo-essencial-de-lavanda-e-seus-beneficios-a-saude-e-bem-estar\/\" \/>\n<meta property=\"og:locale\" content=\"pt_BR\" \/>\n<meta property=\"og:type\" content=\"article\" \/>\n<meta property=\"og:title\" content=\"\u00d3leo Essencial de Lavanda e seus Benef\u00edcios \u00e0 Sa\u00fade\" \/>\n<meta property=\"og:description\" content=\"O \u00f3leo essencial de lavanda \u00e9 um dos \u00f3leos essenciais mais vers\u00e1teis em termos de sa\u00fade e bem-estar. Ele pode ser usado para ajudar a aliviar\" \/>\n<meta property=\"og:url\" content=\"https:\/\/cenedcursos.com.br\/meio-ambiente\/oleo-essencial-de-lavanda-e-seus-beneficios-a-saude-e-bem-estar\/\" \/>\n<meta property=\"og:site_name\" content=\"CENED Cursos Online\" \/>\n<meta property=\"article:published_time\" content=\"2022-10-31T13:36:10+00:00\" \/>\n<meta property=\"article:modified_time\" content=\"2024-01-27T14:17:06+00:00\" \/>\n<meta property=\"og:image\" content=\"https:\/\/cenedcursos.com.br\/meio-ambiente\/wp-content\/uploads\/2022\/10\/oleo-essencial-de-lavanda.jpeg\" \/>\n\t<meta property=\"og:image:width\" content=\"1200\" \/>\n\t<meta property=\"og:image:height\" content=\"874\" \/>\n\t<meta property=\"og:image:type\" content=\"image\/jpeg\" \/>\n<meta name=\"author\" content=\"Amarildo R. Ferrari\" \/>\n<meta name=\"twitter:card\" content=\"summary_large_image\" \/>\n<meta name=\"twitter:label1\" content=\"Escrito por\" \/>\n\t<meta name=\"twitter:data1\" content=\"Amarildo R. Ferrari\" \/>\n\t<meta name=\"twitter:label2\" content=\"Est. tempo de leitura\" \/>\n\t<meta name=\"twitter:data2\" content=\"5 minutos\" \/>\n<script type=\"application\/ld+json\" class=\"yoast-schema-graph\">{\"@context\":\"https:\/\/schema.org\",\"@graph\":[{\"@type\":\"WebPage\",\"@id\":\"https:\/\/cenedcursos.com.br\/meio-ambiente\/oleo-essencial-de-lavanda-e-seus-beneficios-a-saude-e-bem-estar\/\",\"url\":\"https:\/\/cenedcursos.com.br\/meio-ambiente\/oleo-essencial-de-lavanda-e-seus-beneficios-a-saude-e-bem-estar\/\",\"name\":\"\u00d3leo Essencial de Lavanda e seus Benef\u00edcios \u00e0 Sa\u00fade\",\"isPartOf\":{\"@id\":\"https:\/\/cenedcursos.com.br\/meio-ambiente\/#website\"},\"primaryImageOfPage\":{\"@id\":\"https:\/\/cenedcursos.com.br\/meio-ambiente\/oleo-essencial-de-lavanda-e-seus-beneficios-a-saude-e-bem-estar\/#primaryimage\"},\"image\":{\"@id\":\"https:\/\/cenedcursos.com.br\/meio-ambiente\/oleo-essencial-de-lavanda-e-seus-beneficios-a-saude-e-bem-estar\/#primaryimage\"},\"thumbnailUrl\":\"https:\/\/i0.wp.com\/cenedcursos.com.br\/meio-ambiente\/wp-content\/uploads\/2022\/10\/oleo-essencial-de-lavanda.jpeg?fit=1200%2C874&ssl=1\",\"datePublished\":\"2022-10-31T13:36:10+00:00\",\"dateModified\":\"2024-01-27T14:17:06+00:00\",\"author\":{\"@id\":\"https:\/\/cenedcursos.com.br\/meio-ambiente\/#\/schema\/person\/64377d24cdc16779a1eb6229894af388\"},\"description\":\"O \u00f3leo essencial de lavanda \u00e9 um dos \u00f3leos essenciais mais vers\u00e1teis em termos de sa\u00fade e bem-estar. Ele pode ser usado para ajudar a aliviar\",\"breadcrumb\":{\"@id\":\"https:\/\/cenedcursos.com.br\/meio-ambiente\/oleo-essencial-de-lavanda-e-seus-beneficios-a-saude-e-bem-estar\/#breadcrumb\"},\"inLanguage\":\"pt-BR\",\"potentialAction\":[{\"@type\":\"ReadAction\",\"target\":[\"https:\/\/cenedcursos.com.br\/meio-ambiente\/oleo-essencial-de-lavanda-e-seus-beneficios-a-saude-e-bem-estar\/\"]}]},{\"@type\":\"ImageObject\",\"inLanguage\":\"pt-BR\",\"@id\":\"https:\/\/cenedcursos.com.br\/meio-ambiente\/oleo-essencial-de-lavanda-e-seus-beneficios-a-saude-e-bem-estar\/#primaryimage\",\"url\":\"https:\/\/i0.wp.com\/cenedcursos.com.br\/meio-ambiente\/wp-content\/uploads\/2022\/10\/oleo-essencial-de-lavanda.jpeg?fit=1200%2C874&ssl=1\",\"contentUrl\":\"https:\/\/i0.wp.com\/cenedcursos.com.br\/meio-ambiente\/wp-content\/uploads\/2022\/10\/oleo-essencial-de-lavanda.jpeg?fit=1200%2C874&ssl=1\",\"width\":1200,\"height\":874,\"caption\":\"\u00f3leo essencial de lavanda\"},{\"@type\":\"BreadcrumbList\",\"@id\":\"https:\/\/cenedcursos.com.br\/meio-ambiente\/oleo-essencial-de-lavanda-e-seus-beneficios-a-saude-e-bem-estar\/#breadcrumb\",\"itemListElement\":[{\"@type\":\"ListItem\",\"position\":1,\"name\":\"In\u00edcio\",\"item\":\"https:\/\/cenedcursos.com.br\/meio-ambiente\/\"},{\"@type\":\"ListItem\",\"position\":2,\"name\":\"\u00d3leo Essencial de Lavanda e seus Benef\u00edcios \u00e0 Sa\u00fade e Bem-Estar\"}]},{\"@type\":\"WebSite\",\"@id\":\"https:\/\/cenedcursos.com.br\/meio-ambiente\/#website\",\"url\":\"https:\/\/cenedcursos.com.br\/meio-ambiente\/\",\"name\":\"CENED Cursos Online\",\"description\":\"Aqui voc\u00ea encontra artigos em diversas \u00e1reas do conhecimento: meio ambiente, educa\u00e7\u00e3o, marketing digital, neg\u00f3cios online e muito mais.\",\"potentialAction\":[{\"@type\":\"SearchAction\",\"target\":{\"@type\":\"EntryPoint\",\"urlTemplate\":\"https:\/\/cenedcursos.com.br\/meio-ambiente\/?s={search_term_string}\"},\"query-input\":{\"@type\":\"PropertyValueSpecification\",\"valueRequired\":true,\"valueName\":\"search_term_string\"}}],\"inLanguage\":\"pt-BR\"},{\"@type\":\"Person\",\"@id\":\"https:\/\/cenedcursos.com.br\/meio-ambiente\/#\/schema\/person\/64377d24cdc16779a1eb6229894af388\",\"name\":\"Amarildo R. Ferrari\",\"image\":{\"@type\":\"ImageObject\",\"inLanguage\":\"pt-BR\",\"@id\":\"https:\/\/cenedcursos.com.br\/meio-ambiente\/#\/schema\/person\/image\/\",\"url\":\"https:\/\/secure.gravatar.com\/avatar\/6ea4248ca9f295c93f1b72f8398232f0fbbffe30349e6ec3839cfa5e09b0de3c?s=96&d=mm&r=g\",\"contentUrl\":\"https:\/\/secure.gravatar.com\/avatar\/6ea4248ca9f295c93f1b72f8398232f0fbbffe30349e6ec3839cfa5e09b0de3c?s=96&d=mm&r=g\",\"caption\":\"Amarildo R. Ferrari\"},\"sameAs\":[\"https:\/\/cenedcursos.com.br\/meio-ambiente\"],\"url\":\"https:\/\/cenedcursos.com.br\/meio-ambiente\/author\/admin\/\"}]}<\/script>\n<!-- \/ Yoast SEO plugin. -->","yoast_head_json":{"title":"\u00d3leo Essencial de Lavanda e seus Benef\u00edcios \u00e0 Sa\u00fade","description":"O \u00f3leo essencial de lavanda \u00e9 um dos \u00f3leos essenciais mais vers\u00e1teis em termos de sa\u00fade e bem-estar. Ele pode ser usado para ajudar a aliviar","robots":{"index":"index","follow":"follow","max-snippet":"max-snippet:-1","max-image-preview":"max-image-preview:large","max-video-preview":"max-video-preview:-1"},"canonical":"https:\/\/cenedcursos.com.br\/meio-ambiente\/oleo-essencial-de-lavanda-e-seus-beneficios-a-saude-e-bem-estar\/","og_locale":"pt_BR","og_type":"article","og_title":"\u00d3leo Essencial de Lavanda e seus Benef\u00edcios \u00e0 Sa\u00fade","og_description":"O \u00f3leo essencial de lavanda \u00e9 um dos \u00f3leos essenciais mais vers\u00e1teis em termos de sa\u00fade e bem-estar. Ele pode ser usado para ajudar a aliviar","og_url":"https:\/\/cenedcursos.com.br\/meio-ambiente\/oleo-essencial-de-lavanda-e-seus-beneficios-a-saude-e-bem-estar\/","og_site_name":"CENED Cursos Online","article_published_time":"2022-10-31T13:36:10+00:00","article_modified_time":"2024-01-27T14:17:06+00:00","og_image":[{"width":1200,"height":874,"url":"https:\/\/cenedcursos.com.br\/meio-ambiente\/wp-content\/uploads\/2022\/10\/oleo-essencial-de-lavanda.jpeg","type":"image\/jpeg"}],"author":"Amarildo R. Ferrari","twitter_card":"summary_large_image","twitter_misc":{"Escrito por":"Amarildo R. Ferrari","Est. tempo de leitura":"5 minutos"},"schema":{"@context":"https:\/\/schema.org","@graph":[{"@type":"WebPage","@id":"https:\/\/cenedcursos.com.br\/meio-ambiente\/oleo-essencial-de-lavanda-e-seus-beneficios-a-saude-e-bem-estar\/","url":"https:\/\/cenedcursos.com.br\/meio-ambiente\/oleo-essencial-de-lavanda-e-seus-beneficios-a-saude-e-bem-estar\/","name":"\u00d3leo Essencial de Lavanda e seus Benef\u00edcios \u00e0 Sa\u00fade","isPartOf":{"@id":"https:\/\/cenedcursos.com.br\/meio-ambiente\/#website"},"primaryImageOfPage":{"@id":"https:\/\/cenedcursos.com.br\/meio-ambiente\/oleo-essencial-de-lavanda-e-seus-beneficios-a-saude-e-bem-estar\/#primaryimage"},"image":{"@id":"https:\/\/cenedcursos.com.br\/meio-ambiente\/oleo-essencial-de-lavanda-e-seus-beneficios-a-saude-e-bem-estar\/#primaryimage"},"thumbnailUrl":"https:\/\/i0.wp.com\/cenedcursos.com.br\/meio-ambiente\/wp-content\/uploads\/2022\/10\/oleo-essencial-de-lavanda.jpeg?fit=1200%2C874&ssl=1","datePublished":"2022-10-31T13:36:10+00:00","dateModified":"2024-01-27T14:17:06+00:00","author":{"@id":"https:\/\/cenedcursos.com.br\/meio-ambiente\/#\/schema\/person\/64377d24cdc16779a1eb6229894af388"},"description":"O \u00f3leo essencial de lavanda \u00e9 um dos \u00f3leos essenciais mais vers\u00e1teis em termos de sa\u00fade e bem-estar. Ele pode ser usado para ajudar a aliviar","breadcrumb":{"@id":"https:\/\/cenedcursos.com.br\/meio-ambiente\/oleo-essencial-de-lavanda-e-seus-beneficios-a-saude-e-bem-estar\/#breadcrumb"},"inLanguage":"pt-BR","potentialAction":[{"@type":"ReadAction","target":["https:\/\/cenedcursos.com.br\/meio-ambiente\/oleo-essencial-de-lavanda-e-seus-beneficios-a-saude-e-bem-estar\/"]}]},{"@type":"ImageObject","inLanguage":"pt-BR","@id":"https:\/\/cenedcursos.com.br\/meio-ambiente\/oleo-essencial-de-lavanda-e-seus-beneficios-a-saude-e-bem-estar\/#primaryimage","url":"https:\/\/i0.wp.com\/cenedcursos.com.br\/meio-ambiente\/wp-content\/uploads\/2022\/10\/oleo-essencial-de-lavanda.jpeg?fit=1200%2C874&ssl=1","contentUrl":"https:\/\/i0.wp.com\/cenedcursos.com.br\/meio-ambiente\/wp-content\/uploads\/2022\/10\/oleo-essencial-de-lavanda.jpeg?fit=1200%2C874&ssl=1","width":1200,"height":874,"caption":"\u00f3leo essencial de lavanda"},{"@type":"BreadcrumbList","@id":"https:\/\/cenedcursos.com.br\/meio-ambiente\/oleo-essencial-de-lavanda-e-seus-beneficios-a-saude-e-bem-estar\/#breadcrumb","itemListElement":[{"@type":"ListItem","position":1,"name":"In\u00edcio","item":"https:\/\/cenedcursos.com.br\/meio-ambiente\/"},{"@type":"ListItem","position":2,"name":"\u00d3leo Essencial de Lavanda e seus Benef\u00edcios \u00e0 Sa\u00fade e Bem-Estar"}]},{"@type":"WebSite","@id":"https:\/\/cenedcursos.com.br\/meio-ambiente\/#website","url":"https:\/\/cenedcursos.com.br\/meio-ambiente\/","name":"CENED Cursos Online","description":"Aqui voc\u00ea encontra artigos em diversas \u00e1reas do conhecimento: meio ambiente, educa\u00e7\u00e3o, marketing digital, neg\u00f3cios online e muito mais.","potentialAction":[{"@type":"SearchAction","target":{"@type":"EntryPoint","urlTemplate":"https:\/\/cenedcursos.com.br\/meio-ambiente\/?s={search_term_string}"},"query-input":{"@type":"PropertyValueSpecification","valueRequired":true,"valueName":"search_term_string"}}],"inLanguage":"pt-BR"},{"@type":"Person","@id":"https:\/\/cenedcursos.com.br\/meio-ambiente\/#\/schema\/person\/64377d24cdc16779a1eb6229894af388","name":"Amarildo R. Ferrari","image":{"@type":"ImageObject","inLanguage":"pt-BR","@id":"https:\/\/cenedcursos.com.br\/meio-ambiente\/#\/schema\/person\/image\/","url":"https:\/\/secure.gravatar.com\/avatar\/6ea4248ca9f295c93f1b72f8398232f0fbbffe30349e6ec3839cfa5e09b0de3c?s=96&d=mm&r=g","contentUrl":"https:\/\/secure.gravatar.com\/avatar\/6ea4248ca9f295c93f1b72f8398232f0fbbffe30349e6ec3839cfa5e09b0de3c?s=96&d=mm&r=g","caption":"Amarildo R. Ferrari"},"sameAs":["https:\/\/cenedcursos.com.br\/meio-ambiente"],"url":"https:\/\/cenedcursos.com.br\/meio-ambiente\/author\/admin\/"}]}},"jetpack_featured_media_url":"https:\/\/i0.wp.com\/cenedcursos.com.br\/meio-ambiente\/wp-content\/uploads\/2022\/10\/oleo-essencial-de-lavanda.jpeg?fit=1200%2C874&ssl=1","jetpack_sharing_enabled":true,"_links":{"self":[{"href":"https:\/\/cenedcursos.com.br\/meio-ambiente\/wp-json\/wp\/v2\/posts\/12463","targetHints":{"allow":["GET"]}}],"collection":[{"href":"https:\/\/cenedcursos.com.br\/meio-ambiente\/wp-json\/wp\/v2\/posts"}],"about":[{"href":"https:\/\/cenedcursos.com.br\/meio-ambiente\/wp-json\/wp\/v2\/types\/post"}],"author":[{"embeddable":true,"href":"https:\/\/cenedcursos.com.br\/meio-ambiente\/wp-json\/wp\/v2\/users\/1"}],"replies":[{"embeddable":true,"href":"https:\/\/cenedcursos.com.br\/meio-ambiente\/wp-json\/wp\/v2\/comments?post=12463"}],"version-history":[{"count":0,"href":"https:\/\/cenedcursos.com.br\/meio-ambiente\/wp-json\/wp\/v2\/posts\/12463\/revisions"}],"wp:featuredmedia":[{"embeddable":true,"href":"https:\/\/cenedcursos.com.br\/meio-ambiente\/wp-json\/wp\/v2\/media\/12464"}],"wp:attachment":[{"href":"https:\/\/cenedcursos.com.br\/meio-ambiente\/wp-json\/wp\/v2\/media?parent=12463"}],"wp:term":[{"taxonomy":"category","embeddable":true,"href":"https:\/\/cenedcursos.com.br\/meio-ambiente\/wp-json\/wp\/v2\/categories?post=12463"},{"taxonomy":"post_tag","embeddable":true,"href":"https:\/\/cenedcursos.com.br\/meio-ambiente\/wp-json\/wp\/v2\/tags?post=12463"}],"curies":[{"name":"wp","href":"https:\/\/api.w.org\/{rel}","templated":true}]}}