{"id":12585,"date":"2023-01-24T21:14:31","date_gmt":"2023-01-25T00:14:31","guid":{"rendered":"https:\/\/cenedcursos.com.br\/meio-ambiente\/?p=12585"},"modified":"2023-08-28T16:32:30","modified_gmt":"2023-08-28T19:32:30","slug":"divisorias-de-ambiente-como-criar-espacos-funcionais-e-esteticos","status":"publish","type":"post","link":"https:\/\/cenedcursos.com.br\/meio-ambiente\/divisorias-de-ambiente-como-criar-espacos-funcionais-e-esteticos\/","title":{"rendered":"Divis\u00f3rias de Ambiente: como criar espa\u00e7os funcionais e est\u00e9ticos"},"content":{"rendered":"<p style=\"text-align: justify;\"><span style=\"font-size: 18pt;\">Introdu\u00e7\u00e3o ao uso de divis\u00f3rias de ambiente para criar espa\u00e7os funcionais e est\u00e9ticos<\/span><\/p>\n<div class=\"flex-1 overflow-hidden\" style=\"text-align: justify;\">\n<div class=\"h-full overflow-y-auto\">\n<div class=\"flex flex-col items-center text-sm h-full dark:bg-gray-800\">\n<div class=\"w-full border-b border-black\/10 dark:border-gray-900\/50 text-gray-800 dark:text-gray-100 group bg-gray-50 dark:bg-[#444654]\">\n<div class=\"text-base gap-4 md:gap-6 m-auto md:max-w-2xl lg:max-w-2xl xl:max-w-3xl p-4 md:py-6 flex lg:px-0\">\n<div class=\"relative flex w-[calc(100%-50px)] md:flex-col lg:w-[calc(100%-115px)]\">\n<div class=\"flex flex-grow flex-col gap-3\">\n<div class=\"min-h-[20px] flex flex-col items-start gap-4 whitespace-pre-wrap\">\n<div class=\"markdown prose w-full break-words dark:prose-invert light\">\n<p>Divis\u00f3rias de ambiente s\u00e3o uma solu\u00e7\u00e3o vers\u00e1til e eficaz para criar espa\u00e7os funcionais e est\u00e9ticos em resid\u00eancias e espa\u00e7os comerciais. Elas permitem dividir um espa\u00e7o maior em v\u00e1rios ambientes menores, sem a necessidade de construir paredes permanentes. Al\u00e9m disso, as divis\u00f3rias de ambiente podem ser usadas para maximizar a privacidade, a ac\u00fastica e a ilumina\u00e7\u00e3o, al\u00e9m de ser uma boa op\u00e7\u00e3o para personalizar e adaptar o espa\u00e7o de acordo com as necessidades espec\u00edficas.<\/p>\n<p>Existem v\u00e1rios tipos de divis\u00f3rias de ambiente dispon\u00edveis no mercado, incluindo pain\u00e9is de vidro, cortinas, pain\u00e9is de tela, entre outros. Cada tipo tem suas pr\u00f3prias vantagens e desvantagens, e \u00e9 importante escolher o material adequado para o seu projeto. Al\u00e9m disso, as divis\u00f3rias de ambiente podem ser integradas na decora\u00e7\u00e3o do espa\u00e7o, criando uma sensa\u00e7\u00e3o de continuidade e harmonia.<\/p>\n<p>Neste artigo, vamos explorar como usar divis\u00f3rias de ambiente para criar espa\u00e7os funcionais e est\u00e9ticos, desde escolhendo os materiais ideais, integrando divis\u00f3rias na decora\u00e7\u00e3o, maximizando privacidade e ac\u00fastica, personalizando e adaptando \u00e0s necessidades do espa\u00e7o e integrando <a href=\"https:\/\/www.ivenshop.com.br\/ilumina%C3%A7%C3%A3o-de-casa\" target=\"_blank\" rel=\"noopener\">ilumina\u00e7\u00e3o<\/a> e ventila\u00e7\u00e3o.<\/p>\n<\/div>\n<\/div>\n<\/div>\n<\/div>\n<\/div>\n<\/div>\n<div class=\"w-full border-b border-black\/10 dark:border-gray-900\/50 text-gray-800 dark:text-gray-100 group dark:bg-gray-800\">\n<div class=\"text-base gap-4 md:gap-6 m-auto md:max-w-2xl lg:max-w-2xl xl:max-w-3xl p-4 md:py-6 flex lg:px-0\">\n<h3 class=\"w-[30px] flex flex-col relative items-end\">Tipos de divis\u00f3rias de ambiente e suas aplica\u00e7\u00f5es<\/h3>\n<\/div>\n<\/div>\n<\/div>\n<div class=\"w-full border-b border-black\/10 dark:border-gray-900\/50 text-gray-800 dark:text-gray-100 group bg-gray-50 dark:bg-[#444654]\">\n<div class=\"text-base gap-4 md:gap-6 m-auto md:max-w-2xl lg:max-w-2xl xl:max-w-3xl p-4 md:py-6 flex lg:px-0\">\n<div class=\"relative flex w-[calc(100%-50px)] md:flex-col lg:w-[calc(100%-115px)]\">\n<div class=\"flex flex-grow flex-col gap-3\">\n<div class=\"min-h-[20px] flex flex-col items-start gap-4 whitespace-pre-wrap\">\n<div class=\"markdown prose w-full break-words dark:prose-invert light\">\n<p>Existem v\u00e1rios tipos de divis\u00f3rias de ambiente dispon\u00edveis no mercado, cada um com suas pr\u00f3prias vantagens e desvantagens, e adequado para diferentes aplica\u00e7\u00f5es. Alguns dos tipos mais comuns incluem:<\/p>\n<\/div>\n<\/div>\n<\/div>\n<div class=\"text-gray-400 flex self-end lg:self-center justify-center mt-2 gap-4 lg:gap-1 lg:absolute lg:top-0 lg:translate-x-full lg:right-0 lg:mt-0 lg:pl-2 visible\">\n<ol>\n<li><strong>Divis\u00f3rias de parede:<\/strong> s\u00e3o as divis\u00f3rias mais comuns e podem ser feitas de materiais como drywall, tijolos, pedra ou <a href=\"https:\/\/cenedcursos.com.br\/meio-ambiente\/reciclagem-de-vidro-passo-a-passo\/\">vidro<\/a>. Elas s\u00e3o usadas para dividir espa\u00e7os internos em v\u00e1rios ambientes.<\/li>\n<li><strong>Divis\u00f3rias deslizantes:<\/strong> s\u00e3o divis\u00f3rias que se movem horizontalmente e podem ser usadas para dividir espa\u00e7os como salas de estar e jantar.<\/li>\n<li><strong>Divis\u00f3rias de teto a piso:<\/strong> s\u00e3o divis\u00f3rias que v\u00e3o do teto ao ch\u00e3o e geralmente s\u00e3o usadas para maximizar a privacidade.<\/li>\n<li><strong>Divis\u00f3rias de painel:<\/strong> s\u00e3o divis\u00f3rias feitas de pain\u00e9is de madeira ou metal e s\u00e3o usadas para dividir espa\u00e7os comerciais ou industriais.<\/li>\n<li><strong>Divis\u00f3rias de vidro:<\/strong> s\u00e3o divis\u00f3rias feitas de vidro e s\u00e3o usadas para dividir espa\u00e7os comerciais ou residenciais. Elas permitem a entrada de luz natural e criam uma sensa\u00e7\u00e3o de espa\u00e7o aberto.<\/li>\n<\/ol>\n<p><img data-recalc-dims=\"1\" loading=\"lazy\" decoding=\"async\" data-attachment-id=\"12587\" data-permalink=\"https:\/\/cenedcursos.com.br\/meio-ambiente\/divisorias-de-ambiente-como-criar-espacos-funcionais-e-esteticos\/stylish-folding-screen-near-sofa-in-living-room-interior\/\" data-orig-file=\"https:\/\/i0.wp.com\/cenedcursos.com.br\/meio-ambiente\/wp-content\/uploads\/2023\/01\/divisoria-de-ambiente.jpeg?fit=800%2C533&amp;ssl=1\" data-orig-size=\"800,533\" data-comments-opened=\"1\" data-image-meta=\"{&quot;aperture&quot;:&quot;8&quot;,&quot;credit&quot;:&quot;Pixel-Shot - stock.adobe.com&quot;,&quot;camera&quot;:&quot;Canon EOS 5D Mark III&quot;,&quot;caption&quot;:&quot;Stylish folding screen near sofa in living room interior&quot;,&quot;created_timestamp&quot;:&quot;1626524984&quot;,&quot;copyright&quot;:&quot;pixel-shot.com (Leonid Yastremskiy)&quot;,&quot;focal_length&quot;:&quot;70&quot;,&quot;iso&quot;:&quot;400&quot;,&quot;shutter_speed&quot;:&quot;0.066666666666667&quot;,&quot;title&quot;:&quot;Stylish folding screen near sofa in living room interior&quot;,&quot;orientation&quot;:&quot;1&quot;}\" data-image-title=\"divis\u00f3ria de ambiente\" data-image-description=\"\" data-image-caption=\"\" data-medium-file=\"https:\/\/i0.wp.com\/cenedcursos.com.br\/meio-ambiente\/wp-content\/uploads\/2023\/01\/divisoria-de-ambiente.jpeg?fit=300%2C200&amp;ssl=1\" data-large-file=\"https:\/\/i0.wp.com\/cenedcursos.com.br\/meio-ambiente\/wp-content\/uploads\/2023\/01\/divisoria-de-ambiente.jpeg?fit=696%2C464&amp;ssl=1\" class=\"alignnone wp-image-12587 size-full\" src=\"https:\/\/i0.wp.com\/cenedcursos.com.br\/meio-ambiente\/wp-content\/uploads\/2023\/01\/divisoria-de-ambiente.jpeg?resize=696%2C464&#038;ssl=1\" alt=\"divis\u00f3ria de ambiente\" width=\"696\" height=\"464\" srcset=\"https:\/\/i0.wp.com\/cenedcursos.com.br\/meio-ambiente\/wp-content\/uploads\/2023\/01\/divisoria-de-ambiente.jpeg?w=800&amp;ssl=1 800w, https:\/\/i0.wp.com\/cenedcursos.com.br\/meio-ambiente\/wp-content\/uploads\/2023\/01\/divisoria-de-ambiente.jpeg?resize=300%2C200&amp;ssl=1 300w, https:\/\/i0.wp.com\/cenedcursos.com.br\/meio-ambiente\/wp-content\/uploads\/2023\/01\/divisoria-de-ambiente.jpeg?resize=768%2C512&amp;ssl=1 768w, https:\/\/i0.wp.com\/cenedcursos.com.br\/meio-ambiente\/wp-content\/uploads\/2023\/01\/divisoria-de-ambiente.jpeg?resize=696%2C464&amp;ssl=1 696w, https:\/\/i0.wp.com\/cenedcursos.com.br\/meio-ambiente\/wp-content\/uploads\/2023\/01\/divisoria-de-ambiente.jpeg?resize=630%2C420&amp;ssl=1 630w\" sizes=\"auto, (max-width: 696px) 100vw, 696px\" \/><\/p>\n<\/div>\n<\/div>\n<\/div>\n<\/div>\n<h3 class=\"w-full border-b border-black\/10 dark:border-gray-900\/50 text-gray-800 dark:text-gray-100 group dark:bg-gray-800\">Escolhendo os materiais ideais para as divis\u00f3rias de ambiente<\/h3>\n<\/div>\n<\/div>\n<div class=\"w-full border-b border-black\/10 dark:border-gray-900\/50 text-gray-800 dark:text-gray-100 group bg-gray-50 dark:bg-[#444654]\" style=\"text-align: justify;\">\n<div class=\"text-base gap-4 md:gap-6 m-auto md:max-w-2xl lg:max-w-2xl xl:max-w-3xl p-4 md:py-6 flex lg:px-0\">\n<div class=\"relative flex w-[calc(100%-50px)] md:flex-col lg:w-[calc(100%-115px)]\">\n<div class=\"flex flex-grow flex-col gap-3\">\n<div class=\"min-h-[20px] flex flex-col items-start gap-4 whitespace-pre-wrap\">\n<div class=\"markdown prose w-full break-words dark:prose-invert light\">\n<p>A escolha do material certo para as divis\u00f3rias de ambiente \u00e9 crucial para garantir que elas atendam \u00e0s necessidades funcionais e est\u00e9ticas do espa\u00e7o. Alguns fatores a serem considerados ao escolher os materiais incluem:<\/p>\n<ol>\n<li><strong>Transpar\u00eancia:<\/strong> se a privacidade \u00e9 um fator importante, \u00e9 recomend\u00e1vel escolher materiais que ofere\u00e7am uma certa privacidade, como pain\u00e9is de vidro ou pain\u00e9is de madeira. Se a transmiss\u00e3o de luz natural \u00e9 importante, \u00e9 recomend\u00e1vel escolher materiais transparentes, como pain\u00e9is de vidro ou cortinas.<\/li>\n<li><strong>Ac\u00fastica:<\/strong> se a ac\u00fastica \u00e9 um fator importante, \u00e9 recomend\u00e1vel escolher materiais que possam absorver o som, como cortinas ou pain\u00e9is de tela.<\/li>\n<li><strong>Durabilidade:<\/strong> se a durabilidade \u00e9 um fator importante, \u00e9 recomend\u00e1vel escolher materiais resistentes a danos, como pain\u00e9is de vidro ou <a href=\"https:\/\/amzn.to\/3Jcgr9A\" target=\"_blank\" rel=\"noopener\">pain\u00e9is de madeira<\/a>.<\/li>\n<li><strong>Est\u00e9tica:<\/strong> \u00e9 importante escolher materiais que combinem com o estilo de decora\u00e7\u00e3o existente do espa\u00e7o.<\/li>\n<li><strong>Custo:<\/strong> \u00e9 importante considerar o custo dos materiais e se ele se encaixa no or\u00e7amento do projeto.<\/li>\n<li><strong>Manuten\u00e7\u00e3o:<\/strong> \u00e9 importante considerar se o material escolhido requer manuten\u00e7\u00e3o frequente ou se \u00e9 f\u00e1cil de limpar.<\/li>\n<li><strong>Flexibilidade:<\/strong> \u00e9 importante considerar se o material escolhido \u00e9 flex\u00edvel o suficiente para ser adaptado \u00e0s mudan\u00e7as futuras do espa\u00e7o.<\/li>\n<\/ol>\n<\/div>\n<\/div>\n<\/div>\n<\/div>\n<\/div>\n<\/div>\n<h3 style=\"text-align: justify;\">Integrando divis\u00f3rias de ambiente na decora\u00e7\u00e3o do espa\u00e7o<\/h3>\n<div class=\"w-full border-b border-black\/10 dark:border-gray-900\/50 text-gray-800 dark:text-gray-100 group bg-gray-50 dark:bg-[#444654]\" style=\"text-align: justify;\">\n<div class=\"text-base gap-4 md:gap-6 m-auto md:max-w-2xl lg:max-w-2xl xl:max-w-3xl p-4 md:py-6 flex lg:px-0\">\n<div class=\"relative flex w-[calc(100%-50px)] md:flex-col lg:w-[calc(100%-115px)]\">\n<div class=\"flex flex-grow flex-col gap-3\">\n<div class=\"min-h-[20px] flex flex-col items-start gap-4 whitespace-pre-wrap\">\n<div class=\"markdown prose w-full break-words dark:prose-invert light\">\n<p>Integrar divis\u00f3rias na decora\u00e7\u00e3o do espa\u00e7o \u00e9 uma \u00f3tima maneira de criar uma sensa\u00e7\u00e3o de continuidade e harmonia. Algumas dicas para integrar divis\u00f3rias na decora\u00e7\u00e3o incluem:<\/p>\n<ol>\n<li><strong>Combinar cores e estilos:<\/strong> escolha cores e estilos que combinem com a decora\u00e7\u00e3o existente do espa\u00e7o. Isso pode ser feito atrav\u00e9s de pintura, adesivos ou outros acabamentos.<\/li>\n<li><strong>Utilizar texturas:<\/strong> escolha materiais com diferentes texturas para criar interesse visual e complementar a decora\u00e7\u00e3o existente do espa\u00e7o.<\/li>\n<li><strong>Adicionar arte:<\/strong> adicionar pe\u00e7as de arte ou fotografias emolduradas nas divis\u00f3rias de ambiente pode ajudar a criar uma sensa\u00e7\u00e3o de continuidade e harmonia com o resto do espa\u00e7o.<\/li>\n<li><strong>Ilumina\u00e7\u00e3o:<\/strong> use ilumina\u00e7\u00e3o adequada para destacar e integr\u00e1-las na decora\u00e7\u00e3o do espa\u00e7o.<\/li>\n<li><strong>Plantas:<\/strong> adicionar plantas pode ajudar a criar uma sensa\u00e7\u00e3o de continuidade e harmonia com o resto do espa\u00e7o.<\/li>\n<li><strong>Personalizando:<\/strong> personalize suas divis\u00f3rias com adesivos ou pintura para que elas sejam \u00fanicas e se encaixem perfeitamente na decora\u00e7\u00e3o do espa\u00e7o.<\/li>\n<\/ol>\n<\/div>\n<\/div>\n<\/div>\n<\/div>\n<\/div>\n<\/div>\n<h3 style=\"text-align: justify;\">Utilizando divis\u00f3rias de ambiente para maximizar a privacidade e a ac\u00fastica<\/h3>\n<div class=\"w-full border-b border-black\/10 dark:border-gray-900\/50 text-gray-800 dark:text-gray-100 group bg-gray-50 dark:bg-[#444654]\" style=\"text-align: justify;\">\n<div class=\"text-base gap-4 md:gap-6 m-auto md:max-w-2xl lg:max-w-2xl xl:max-w-3xl p-4 md:py-6 flex lg:px-0\">\n<div class=\"relative flex w-[calc(100%-50px)] md:flex-col lg:w-[calc(100%-115px)]\">\n<div class=\"flex flex-grow flex-col gap-3\">\n<div class=\"min-h-[20px] flex flex-col items-start gap-4 whitespace-pre-wrap\">\n<div class=\"markdown prose w-full break-words dark:prose-invert light\">\n<p>Utilizando divis\u00f3rias de ambiente para maximizar a privacidade e a ac\u00fastica \u00e9 uma maneira eficaz de criar espa\u00e7os funcionais e confort\u00e1veis. Algumas dicas para maximizar a privacidade e a ac\u00fastica incluem:<\/p>\n<ol>\n<li><strong>Escolhendo o material certo:<\/strong> escolha materiais que ofere\u00e7am privacidade, como pain\u00e9is de vidro ou pain\u00e9is de madeira, ou que possam absorver o som, como cortinas ou pain\u00e9is de tela.<\/li>\n<li><strong>Adicionando revestimento ac\u00fastico:<\/strong> adicione revestimento ac\u00fastico nas divis\u00f3rias para ajudar a absorver o som e melhorar a ac\u00fastica.<\/li>\n<li><strong>Utilizando divis\u00f3rias de teto a piso:<\/strong> utilizando divis\u00f3rias de teto a piso pode ajudar a maximizar a privacidade, pois cobrem a vis\u00e3o de cima para baixo.<\/li>\n<li><strong>Utilizando divis\u00f3rias deslizantes:<\/strong> utilizando divis\u00f3rias deslizantes pode ajudar a maximizar a privacidade, pois podem ser facilmente fechadas ou abertas.<\/li>\n<li><strong>Adicionando cortinas:<\/strong> adicionando cortinas nas divis\u00f3rias de ambiente pode ajudar a maximizar a privacidade, pois podem ser facilmente fechadas ou abertas.<\/li>\n<li><strong>Personalizando:<\/strong> personalize suas divis\u00f3rias para maximizar a privacidade e a ac\u00fastica, e adaptando-as \u00e0s necessidades do espa\u00e7o.<\/li>\n<\/ol>\n<\/div>\n<\/div>\n<\/div>\n<\/div>\n<\/div>\n<\/div>\n<h3 style=\"text-align: justify;\">Personalizando e adaptando divis\u00f3rias de ambiente para atender \u00e0s necessidades espec\u00edficas do espa\u00e7o<\/h3>\n<div class=\"w-full border-b border-black\/10 dark:border-gray-900\/50 text-gray-800 dark:text-gray-100 group bg-gray-50 dark:bg-[#444654]\" style=\"text-align: justify;\">\n<div class=\"text-base gap-4 md:gap-6 m-auto md:max-w-2xl lg:max-w-2xl xl:max-w-3xl p-4 md:py-6 flex lg:px-0\">\n<div class=\"relative flex w-[calc(100%-50px)] md:flex-col lg:w-[calc(100%-115px)]\">\n<div class=\"flex flex-grow flex-col gap-3\">\n<div class=\"min-h-[20px] flex flex-col items-start gap-4 whitespace-pre-wrap\">\n<div class=\"markdown prose w-full break-words dark:prose-invert light\">\n<p>Personalizar e adaptar divis\u00f3rias de ambiente para atender \u00e0s necessidades espec\u00edficas do espa\u00e7o \u00e9 uma maneira eficaz de criar espa\u00e7os funcionais e personalizados. Algumas dicas para personalizar e adaptar divis\u00f3rias de ambiente incluem:<\/p>\n<ol>\n<li><strong>Escolhendo o tamanho e formato certo:<\/strong> escolha divis\u00f3rias de ambiente que se encaixem perfeitamente no espa\u00e7o dispon\u00edvel e atendam \u00e0s necessidades funcionais do espa\u00e7o.<\/li>\n<li><strong>Personalizando a apar\u00eancia:<\/strong> personalize a apar\u00eancia das divis\u00f3rias de ambiente atrav\u00e9s de pintura, adesivos ou outros acabamentos.<\/li>\n<li><strong>Adicionando funcionalidades:<\/strong> adicione funcionalidades \u00e0s divis\u00f3rias de ambiente, como prateleiras, ganchos ou outros acess\u00f3rios para armazenamento.<\/li>\n<li><strong>Utilizando divis\u00f3rias desmont\u00e1veis:<\/strong> Utilizando divis\u00f3rias desmont\u00e1veis permite que voc\u00ea possa adaptar o espa\u00e7o com facilidade, caso as necessidades do espa\u00e7o mudem no futuro.<\/li>\n<li><strong>Adicionando ilumina\u00e7\u00e3o:<\/strong> adicionando ilumina\u00e7\u00e3o nas divis\u00f3rias pode ajudar a personalizar e adaptar o espa\u00e7o, e tamb\u00e9m aumentar a privacidade.<\/li>\n<li><strong>Adicionando plantas:<\/strong> adicionando plantas nas divis\u00f3rias pode ajudar a personalizar e adaptar o espa\u00e7o, e tamb\u00e9m aumentar a privacidade.<\/li>\n<li><strong>Utilizando tecnologia:<\/strong> utilizando tecnologia avan\u00e7ada, como divis\u00f3rias inteligentes, para adaptar o espa\u00e7o e personaliz\u00e1-lo.<\/li>\n<\/ol>\n<\/div>\n<\/div>\n<\/div>\n<\/div>\n<\/div>\n<\/div>\n<div class=\"w-full border-b border-black\/10 dark:border-gray-900\/50 text-gray-800 dark:text-gray-100 group dark:bg-gray-800\" style=\"text-align: justify;\">\n<div class=\"text-base gap-4 md:gap-6 m-auto md:max-w-2xl lg:max-w-2xl xl:max-w-3xl p-4 md:py-6 flex lg:px-0\">\n<div class=\"relative flex w-[calc(100%-50px)] md:flex-col lg:w-[calc(100%-115px)]\">\n<div class=\"flex flex-grow flex-col gap-3\">\n<h3 class=\"min-h-[20px] flex flex-col items-start gap-4 whitespace-pre-wrap\">Integrando ilumina\u00e7\u00e3o e ventila\u00e7\u00e3o para otimizar o conforto em espa\u00e7os divididos por divis\u00f3rias<\/h3>\n<\/div>\n<\/div>\n<\/div>\n<\/div>\n<div class=\"w-full border-b border-black\/10 dark:border-gray-900\/50 text-gray-800 dark:text-gray-100 group bg-gray-50 dark:bg-[#444654]\" style=\"text-align: justify;\">\n<div class=\"text-base gap-4 md:gap-6 m-auto md:max-w-2xl lg:max-w-2xl xl:max-w-3xl p-4 md:py-6 flex lg:px-0\">\n<div class=\"relative flex w-[calc(100%-50px)] md:flex-col lg:w-[calc(100%-115px)]\">\n<div class=\"flex flex-grow flex-col gap-3\">\n<div class=\"min-h-[20px] flex flex-col items-start gap-4 whitespace-pre-wrap\">\n<div class=\"markdown prose w-full break-words dark:prose-invert light\">\n<p>Integrando ilumina\u00e7\u00e3o e ventila\u00e7\u00e3o nas divis\u00f3rias de ambiente \u00e9 uma maneira importante de garantir que os espa\u00e7os divididos sejam confort\u00e1veis e funcionais. Algumas dicas para integrar ilumina\u00e7\u00e3o e ventila\u00e7\u00e3o incluem:<\/p>\n<ol>\n<li><strong>Utilizando ilumina\u00e7\u00e3o natural:<\/strong> maximizar a entrada de luz natural nos espa\u00e7os divididos pode ajudar a economizar energia e criar ambientes mais confort\u00e1veis.<\/li>\n<li><strong>Utilizando ilumina\u00e7\u00e3o artificial:<\/strong> adicionando luz artificial nas divis\u00f3rias pode ajudar a criar ambientes mais confort\u00e1veis, especialmente se a ilumina\u00e7\u00e3o natural for limitada.<\/li>\n<li><strong>Utilizando ilumina\u00e7\u00e3o indireta:<\/strong> utilizando ilumina\u00e7\u00e3o indireta nas divis\u00f3rias de ambiente pode ajudar a criar um ambiente mais acolhedor e confort\u00e1vel.<\/li>\n<li><strong>Utilizando ventila\u00e7\u00e3o natural:<\/strong> maximizar a entrada de ar natural nos espa\u00e7os divididos pode ajudar a economizar energia e criar ambientes mais confort\u00e1veis.<\/li>\n<li><strong>Utilizando ventila\u00e7\u00e3o artificial:<\/strong> adicionando ventila\u00e7\u00e3o artificial nas divis\u00f3rias de ambiente pode ajudar a criar ambientes mais confort\u00e1veis, especialmente se a ventila\u00e7\u00e3o natural for limitada.<\/li>\n<li><strong>Integrando dispositivos de controle:<\/strong> Integrando dispositivos de controle de ilumina\u00e7\u00e3o e ventila\u00e7\u00e3o nas divis\u00f3rias de ambiente pode ajudar a garantir que os espa\u00e7os divididos sejam confort\u00e1veis e funcionais.<\/li>\n<\/ol>\n<\/div>\n<\/div>\n<\/div>\n<\/div>\n<\/div>\n<\/div>\n<div class=\"w-full border-b border-black\/10 dark:border-gray-900\/50 text-gray-800 dark:text-gray-100 group dark:bg-gray-800\" style=\"text-align: justify;\">\n<div class=\"text-base gap-4 md:gap-6 m-auto md:max-w-2xl lg:max-w-2xl xl:max-w-3xl p-4 md:py-6 flex lg:px-0\">\n<div class=\"w-[30px] flex flex-col relative items-end\">\n<div class=\"relative flex\"><\/div>\n<\/div>\n<div class=\"relative flex w-[calc(100%-50px)] md:flex-col lg:w-[calc(100%-115px)]\">\n<div class=\"flex flex-grow flex-col gap-3\"><\/div>\n<\/div>\n<\/div>\n<\/div>\n<div class=\"absolute bottom-0 left-0 w-full border-t md:border-t-0 dark:border-white\/20 md:border-transparent md:dark:border-transparent md:bg-vert-light-gradient bg-white dark:bg-gray-800 md:!bg-transparent dark:md:bg-vert-dark-gradient\">\n<form class=\"stretch mx-2 flex flex-row gap-3 pt-2 last:mb-2 md:last:mb-6 lg:mx-auto lg:max-w-3xl lg:pt-6\">\n<div class=\"relative flex h-full flex-1 md:flex-col\">\n<div class=\"ml-1 mt-1.5 md:w-full md:m-auto md:flex md:mb-2 gap-2 justify-center\" style=\"text-align: justify;\">Em conclus\u00e3o, as divis\u00f3rias de ambiente s\u00e3o uma ferramenta valiosa na decora\u00e7\u00e3o e arquitetura, pois permitem criar espa\u00e7os funcionais e est\u00e9ticos. \u00c9 importante escolher os materiais certos, integrar as divis\u00f3rias na decora\u00e7\u00e3o, maximizar a privacidade e a ac\u00fastica, personalizar e adaptar as divis\u00f3rias de ambiente e integrar a ilumina\u00e7\u00e3o e ventila\u00e7\u00e3o para garantir que as divis\u00f3rias sejam eficazes. Existem v\u00e1rios tipos de divis\u00f3rias de ambiente dispon\u00edveis, cada um com suas pr\u00f3prias caracter\u00edsticas e benef\u00edcios, e \u00e9 importante escolher o tipo certo para atender \u00e0s necessidades espec\u00edficas do espa\u00e7o. Ao seguir essas recomenda\u00e7\u00f5es, os espa\u00e7os divididos pela divis\u00f3ria de ambiente ser\u00e3o funcionais e esteticamente agrad\u00e1veis.<\/div>\n<\/div>\n<\/form>\n<\/div>\n<p><a href=\"https:\/\/www.example.com\/?FUsrjN-92d969\">. <\/a><\/p>\n","protected":false},"excerpt":{"rendered":"<p>Introdu\u00e7\u00e3o ao uso de divis\u00f3rias de ambiente para criar espa\u00e7os funcionais e est\u00e9ticos Divis\u00f3rias de ambiente s\u00e3o uma solu\u00e7\u00e3o vers\u00e1til e eficaz para criar espa\u00e7os funcionais e est\u00e9ticos em resid\u00eancias e espa\u00e7os comerciais. Elas permitem dividir um espa\u00e7o maior em v\u00e1rios ambientes menores, sem a necessidade de construir paredes permanentes. Al\u00e9m disso, as divis\u00f3rias de [&hellip;]<\/p>\n","protected":false},"author":1,"featured_media":12586,"comment_status":"open","ping_status":"open","sticky":false,"template":"","format":"standard","meta":{"_jetpack_memberships_contains_paid_content":false,"footnotes":""},"categories":[499],"tags":[],"class_list":{"0":"post-12585","1":"post","2":"type-post","3":"status-publish","4":"format-standard","5":"has-post-thumbnail","7":"category-sustentabilidade-textos"},"yoast_head":"<!-- This site is optimized with the Yoast SEO plugin v25.1 - https:\/\/yoast.com\/wordpress\/plugins\/seo\/ -->\n<title>Divis\u00f3rias de Ambiente: como criar espa\u00e7os funcionais e est\u00e9ticos<\/title>\n<meta name=\"description\" content=\"Divis\u00f3rias de ambiente s\u00e3o uma solu\u00e7\u00e3o vers\u00e1til e eficaz para criar espa\u00e7os funcionais e est\u00e9ticos em resid\u00eancias e espa\u00e7os comerciais. Elas\" \/>\n<meta name=\"robots\" content=\"index, follow, max-snippet:-1, max-image-preview:large, max-video-preview:-1\" \/>\n<link rel=\"canonical\" href=\"https:\/\/cenedcursos.com.br\/meio-ambiente\/divisorias-de-ambiente-como-criar-espacos-funcionais-e-esteticos\/\" \/>\n<meta property=\"og:locale\" content=\"pt_BR\" \/>\n<meta property=\"og:type\" content=\"article\" \/>\n<meta property=\"og:title\" content=\"Divis\u00f3rias de Ambiente: como criar espa\u00e7os funcionais e est\u00e9ticos\" \/>\n<meta property=\"og:description\" content=\"Divis\u00f3rias de ambiente s\u00e3o uma solu\u00e7\u00e3o vers\u00e1til e eficaz para criar espa\u00e7os funcionais e est\u00e9ticos em resid\u00eancias e espa\u00e7os comerciais. Elas\" \/>\n<meta property=\"og:url\" content=\"https:\/\/cenedcursos.com.br\/meio-ambiente\/divisorias-de-ambiente-como-criar-espacos-funcionais-e-esteticos\/\" \/>\n<meta property=\"og:site_name\" content=\"CENED Cursos Online\" \/>\n<meta property=\"article:published_time\" content=\"2023-01-25T00:14:31+00:00\" \/>\n<meta property=\"article:modified_time\" content=\"2023-08-28T19:32:30+00:00\" \/>\n<meta property=\"og:image\" content=\"https:\/\/cenedcursos.com.br\/meio-ambiente\/wp-content\/uploads\/2023\/01\/divisorias-de-ambiente.jpeg\" \/>\n\t<meta property=\"og:image:width\" content=\"1200\" \/>\n\t<meta property=\"og:image:height\" content=\"800\" \/>\n\t<meta property=\"og:image:type\" content=\"image\/jpeg\" \/>\n<meta name=\"author\" content=\"Amarildo R. Ferrari\" \/>\n<meta name=\"twitter:card\" content=\"summary_large_image\" \/>\n<meta name=\"twitter:label1\" content=\"Escrito por\" \/>\n\t<meta name=\"twitter:data1\" content=\"Amarildo R. Ferrari\" \/>\n\t<meta name=\"twitter:label2\" content=\"Est. tempo de leitura\" \/>\n\t<meta name=\"twitter:data2\" content=\"8 minutos\" \/>\n<script type=\"application\/ld+json\" class=\"yoast-schema-graph\">{\"@context\":\"https:\/\/schema.org\",\"@graph\":[{\"@type\":\"WebPage\",\"@id\":\"https:\/\/cenedcursos.com.br\/meio-ambiente\/divisorias-de-ambiente-como-criar-espacos-funcionais-e-esteticos\/\",\"url\":\"https:\/\/cenedcursos.com.br\/meio-ambiente\/divisorias-de-ambiente-como-criar-espacos-funcionais-e-esteticos\/\",\"name\":\"Divis\u00f3rias de Ambiente: como criar espa\u00e7os funcionais e est\u00e9ticos\",\"isPartOf\":{\"@id\":\"https:\/\/cenedcursos.com.br\/meio-ambiente\/#website\"},\"primaryImageOfPage\":{\"@id\":\"https:\/\/cenedcursos.com.br\/meio-ambiente\/divisorias-de-ambiente-como-criar-espacos-funcionais-e-esteticos\/#primaryimage\"},\"image\":{\"@id\":\"https:\/\/cenedcursos.com.br\/meio-ambiente\/divisorias-de-ambiente-como-criar-espacos-funcionais-e-esteticos\/#primaryimage\"},\"thumbnailUrl\":\"https:\/\/i0.wp.com\/cenedcursos.com.br\/meio-ambiente\/wp-content\/uploads\/2023\/01\/divisorias-de-ambiente.jpeg?fit=1200%2C800&ssl=1\",\"datePublished\":\"2023-01-25T00:14:31+00:00\",\"dateModified\":\"2023-08-28T19:32:30+00:00\",\"author\":{\"@id\":\"https:\/\/cenedcursos.com.br\/meio-ambiente\/#\/schema\/person\/64377d24cdc16779a1eb6229894af388\"},\"description\":\"Divis\u00f3rias de ambiente s\u00e3o uma solu\u00e7\u00e3o vers\u00e1til e eficaz para criar espa\u00e7os funcionais e est\u00e9ticos em resid\u00eancias e espa\u00e7os comerciais. Elas\",\"breadcrumb\":{\"@id\":\"https:\/\/cenedcursos.com.br\/meio-ambiente\/divisorias-de-ambiente-como-criar-espacos-funcionais-e-esteticos\/#breadcrumb\"},\"inLanguage\":\"pt-BR\",\"potentialAction\":[{\"@type\":\"ReadAction\",\"target\":[\"https:\/\/cenedcursos.com.br\/meio-ambiente\/divisorias-de-ambiente-como-criar-espacos-funcionais-e-esteticos\/\"]}]},{\"@type\":\"ImageObject\",\"inLanguage\":\"pt-BR\",\"@id\":\"https:\/\/cenedcursos.com.br\/meio-ambiente\/divisorias-de-ambiente-como-criar-espacos-funcionais-e-esteticos\/#primaryimage\",\"url\":\"https:\/\/i0.wp.com\/cenedcursos.com.br\/meio-ambiente\/wp-content\/uploads\/2023\/01\/divisorias-de-ambiente.jpeg?fit=1200%2C800&ssl=1\",\"contentUrl\":\"https:\/\/i0.wp.com\/cenedcursos.com.br\/meio-ambiente\/wp-content\/uploads\/2023\/01\/divisorias-de-ambiente.jpeg?fit=1200%2C800&ssl=1\",\"width\":1200,\"height\":800,\"caption\":\"divis\u00f3rias de ambiente\"},{\"@type\":\"BreadcrumbList\",\"@id\":\"https:\/\/cenedcursos.com.br\/meio-ambiente\/divisorias-de-ambiente-como-criar-espacos-funcionais-e-esteticos\/#breadcrumb\",\"itemListElement\":[{\"@type\":\"ListItem\",\"position\":1,\"name\":\"In\u00edcio\",\"item\":\"https:\/\/cenedcursos.com.br\/meio-ambiente\/\"},{\"@type\":\"ListItem\",\"position\":2,\"name\":\"Divis\u00f3rias de Ambiente: como criar espa\u00e7os funcionais e est\u00e9ticos\"}]},{\"@type\":\"WebSite\",\"@id\":\"https:\/\/cenedcursos.com.br\/meio-ambiente\/#website\",\"url\":\"https:\/\/cenedcursos.com.br\/meio-ambiente\/\",\"name\":\"CENED Cursos Online\",\"description\":\"Aqui voc\u00ea encontra artigos em diversas \u00e1reas do conhecimento: meio ambiente, educa\u00e7\u00e3o, marketing digital, neg\u00f3cios online e muito mais.\",\"potentialAction\":[{\"@type\":\"SearchAction\",\"target\":{\"@type\":\"EntryPoint\",\"urlTemplate\":\"https:\/\/cenedcursos.com.br\/meio-ambiente\/?s={search_term_string}\"},\"query-input\":{\"@type\":\"PropertyValueSpecification\",\"valueRequired\":true,\"valueName\":\"search_term_string\"}}],\"inLanguage\":\"pt-BR\"},{\"@type\":\"Person\",\"@id\":\"https:\/\/cenedcursos.com.br\/meio-ambiente\/#\/schema\/person\/64377d24cdc16779a1eb6229894af388\",\"name\":\"Amarildo R. Ferrari\",\"image\":{\"@type\":\"ImageObject\",\"inLanguage\":\"pt-BR\",\"@id\":\"https:\/\/cenedcursos.com.br\/meio-ambiente\/#\/schema\/person\/image\/\",\"url\":\"https:\/\/secure.gravatar.com\/avatar\/6ea4248ca9f295c93f1b72f8398232f0fbbffe30349e6ec3839cfa5e09b0de3c?s=96&d=mm&r=g\",\"contentUrl\":\"https:\/\/secure.gravatar.com\/avatar\/6ea4248ca9f295c93f1b72f8398232f0fbbffe30349e6ec3839cfa5e09b0de3c?s=96&d=mm&r=g\",\"caption\":\"Amarildo R. Ferrari\"},\"sameAs\":[\"https:\/\/cenedcursos.com.br\/meio-ambiente\"],\"url\":\"https:\/\/cenedcursos.com.br\/meio-ambiente\/author\/admin\/\"}]}<\/script>\n<!-- \/ Yoast SEO plugin. -->","yoast_head_json":{"title":"Divis\u00f3rias de Ambiente: como criar espa\u00e7os funcionais e est\u00e9ticos","description":"Divis\u00f3rias de ambiente s\u00e3o uma solu\u00e7\u00e3o vers\u00e1til e eficaz para criar espa\u00e7os funcionais e est\u00e9ticos em resid\u00eancias e espa\u00e7os comerciais. Elas","robots":{"index":"index","follow":"follow","max-snippet":"max-snippet:-1","max-image-preview":"max-image-preview:large","max-video-preview":"max-video-preview:-1"},"canonical":"https:\/\/cenedcursos.com.br\/meio-ambiente\/divisorias-de-ambiente-como-criar-espacos-funcionais-e-esteticos\/","og_locale":"pt_BR","og_type":"article","og_title":"Divis\u00f3rias de Ambiente: como criar espa\u00e7os funcionais e est\u00e9ticos","og_description":"Divis\u00f3rias de ambiente s\u00e3o uma solu\u00e7\u00e3o vers\u00e1til e eficaz para criar espa\u00e7os funcionais e est\u00e9ticos em resid\u00eancias e espa\u00e7os comerciais. Elas","og_url":"https:\/\/cenedcursos.com.br\/meio-ambiente\/divisorias-de-ambiente-como-criar-espacos-funcionais-e-esteticos\/","og_site_name":"CENED Cursos Online","article_published_time":"2023-01-25T00:14:31+00:00","article_modified_time":"2023-08-28T19:32:30+00:00","og_image":[{"width":1200,"height":800,"url":"https:\/\/cenedcursos.com.br\/meio-ambiente\/wp-content\/uploads\/2023\/01\/divisorias-de-ambiente.jpeg","type":"image\/jpeg"}],"author":"Amarildo R. Ferrari","twitter_card":"summary_large_image","twitter_misc":{"Escrito por":"Amarildo R. Ferrari","Est. tempo de leitura":"8 minutos"},"schema":{"@context":"https:\/\/schema.org","@graph":[{"@type":"WebPage","@id":"https:\/\/cenedcursos.com.br\/meio-ambiente\/divisorias-de-ambiente-como-criar-espacos-funcionais-e-esteticos\/","url":"https:\/\/cenedcursos.com.br\/meio-ambiente\/divisorias-de-ambiente-como-criar-espacos-funcionais-e-esteticos\/","name":"Divis\u00f3rias de Ambiente: como criar espa\u00e7os funcionais e est\u00e9ticos","isPartOf":{"@id":"https:\/\/cenedcursos.com.br\/meio-ambiente\/#website"},"primaryImageOfPage":{"@id":"https:\/\/cenedcursos.com.br\/meio-ambiente\/divisorias-de-ambiente-como-criar-espacos-funcionais-e-esteticos\/#primaryimage"},"image":{"@id":"https:\/\/cenedcursos.com.br\/meio-ambiente\/divisorias-de-ambiente-como-criar-espacos-funcionais-e-esteticos\/#primaryimage"},"thumbnailUrl":"https:\/\/i0.wp.com\/cenedcursos.com.br\/meio-ambiente\/wp-content\/uploads\/2023\/01\/divisorias-de-ambiente.jpeg?fit=1200%2C800&ssl=1","datePublished":"2023-01-25T00:14:31+00:00","dateModified":"2023-08-28T19:32:30+00:00","author":{"@id":"https:\/\/cenedcursos.com.br\/meio-ambiente\/#\/schema\/person\/64377d24cdc16779a1eb6229894af388"},"description":"Divis\u00f3rias de ambiente s\u00e3o uma solu\u00e7\u00e3o vers\u00e1til e eficaz para criar espa\u00e7os funcionais e est\u00e9ticos em resid\u00eancias e espa\u00e7os comerciais. Elas","breadcrumb":{"@id":"https:\/\/cenedcursos.com.br\/meio-ambiente\/divisorias-de-ambiente-como-criar-espacos-funcionais-e-esteticos\/#breadcrumb"},"inLanguage":"pt-BR","potentialAction":[{"@type":"ReadAction","target":["https:\/\/cenedcursos.com.br\/meio-ambiente\/divisorias-de-ambiente-como-criar-espacos-funcionais-e-esteticos\/"]}]},{"@type":"ImageObject","inLanguage":"pt-BR","@id":"https:\/\/cenedcursos.com.br\/meio-ambiente\/divisorias-de-ambiente-como-criar-espacos-funcionais-e-esteticos\/#primaryimage","url":"https:\/\/i0.wp.com\/cenedcursos.com.br\/meio-ambiente\/wp-content\/uploads\/2023\/01\/divisorias-de-ambiente.jpeg?fit=1200%2C800&ssl=1","contentUrl":"https:\/\/i0.wp.com\/cenedcursos.com.br\/meio-ambiente\/wp-content\/uploads\/2023\/01\/divisorias-de-ambiente.jpeg?fit=1200%2C800&ssl=1","width":1200,"height":800,"caption":"divis\u00f3rias de ambiente"},{"@type":"BreadcrumbList","@id":"https:\/\/cenedcursos.com.br\/meio-ambiente\/divisorias-de-ambiente-como-criar-espacos-funcionais-e-esteticos\/#breadcrumb","itemListElement":[{"@type":"ListItem","position":1,"name":"In\u00edcio","item":"https:\/\/cenedcursos.com.br\/meio-ambiente\/"},{"@type":"ListItem","position":2,"name":"Divis\u00f3rias de Ambiente: como criar espa\u00e7os funcionais e est\u00e9ticos"}]},{"@type":"WebSite","@id":"https:\/\/cenedcursos.com.br\/meio-ambiente\/#website","url":"https:\/\/cenedcursos.com.br\/meio-ambiente\/","name":"CENED Cursos Online","description":"Aqui voc\u00ea encontra artigos em diversas \u00e1reas do conhecimento: meio ambiente, educa\u00e7\u00e3o, marketing digital, neg\u00f3cios online e muito mais.","potentialAction":[{"@type":"SearchAction","target":{"@type":"EntryPoint","urlTemplate":"https:\/\/cenedcursos.com.br\/meio-ambiente\/?s={search_term_string}"},"query-input":{"@type":"PropertyValueSpecification","valueRequired":true,"valueName":"search_term_string"}}],"inLanguage":"pt-BR"},{"@type":"Person","@id":"https:\/\/cenedcursos.com.br\/meio-ambiente\/#\/schema\/person\/64377d24cdc16779a1eb6229894af388","name":"Amarildo R. Ferrari","image":{"@type":"ImageObject","inLanguage":"pt-BR","@id":"https:\/\/cenedcursos.com.br\/meio-ambiente\/#\/schema\/person\/image\/","url":"https:\/\/secure.gravatar.com\/avatar\/6ea4248ca9f295c93f1b72f8398232f0fbbffe30349e6ec3839cfa5e09b0de3c?s=96&d=mm&r=g","contentUrl":"https:\/\/secure.gravatar.com\/avatar\/6ea4248ca9f295c93f1b72f8398232f0fbbffe30349e6ec3839cfa5e09b0de3c?s=96&d=mm&r=g","caption":"Amarildo R. Ferrari"},"sameAs":["https:\/\/cenedcursos.com.br\/meio-ambiente"],"url":"https:\/\/cenedcursos.com.br\/meio-ambiente\/author\/admin\/"}]}},"jetpack_featured_media_url":"https:\/\/i0.wp.com\/cenedcursos.com.br\/meio-ambiente\/wp-content\/uploads\/2023\/01\/divisorias-de-ambiente.jpeg?fit=1200%2C800&ssl=1","jetpack_sharing_enabled":true,"_links":{"self":[{"href":"https:\/\/cenedcursos.com.br\/meio-ambiente\/wp-json\/wp\/v2\/posts\/12585","targetHints":{"allow":["GET"]}}],"collection":[{"href":"https:\/\/cenedcursos.com.br\/meio-ambiente\/wp-json\/wp\/v2\/posts"}],"about":[{"href":"https:\/\/cenedcursos.com.br\/meio-ambiente\/wp-json\/wp\/v2\/types\/post"}],"author":[{"embeddable":true,"href":"https:\/\/cenedcursos.com.br\/meio-ambiente\/wp-json\/wp\/v2\/users\/1"}],"replies":[{"embeddable":true,"href":"https:\/\/cenedcursos.com.br\/meio-ambiente\/wp-json\/wp\/v2\/comments?post=12585"}],"version-history":[{"count":0,"href":"https:\/\/cenedcursos.com.br\/meio-ambiente\/wp-json\/wp\/v2\/posts\/12585\/revisions"}],"wp:featuredmedia":[{"embeddable":true,"href":"https:\/\/cenedcursos.com.br\/meio-ambiente\/wp-json\/wp\/v2\/media\/12586"}],"wp:attachment":[{"href":"https:\/\/cenedcursos.com.br\/meio-ambiente\/wp-json\/wp\/v2\/media?parent=12585"}],"wp:term":[{"taxonomy":"category","embeddable":true,"href":"https:\/\/cenedcursos.com.br\/meio-ambiente\/wp-json\/wp\/v2\/categories?post=12585"},{"taxonomy":"post_tag","embeddable":true,"href":"https:\/\/cenedcursos.com.br\/meio-ambiente\/wp-json\/wp\/v2\/tags?post=12585"}],"curies":[{"name":"wp","href":"https:\/\/api.w.org\/{rel}","templated":true}]}}