{"id":128,"date":"2007-06-03T11:38:49","date_gmt":"2007-06-03T11:38:49","guid":{"rendered":"http:\/\/www.cenedcursos.com.br\/?p=128"},"modified":"2021-05-24T09:43:24","modified_gmt":"2021-05-24T12:43:24","slug":"dios-maxacalis-um-estudo-de-caso","status":"publish","type":"post","link":"https:\/\/cenedcursos.com.br\/meio-ambiente\/dios-maxacalis-um-estudo-de-caso\/","title":{"rendered":"\u00cdndios Maxacalis: um estudo de caso"},"content":{"rendered":"<p class=\"MsoNormal\" style=\"font-family: Arial;\" align=\"right\"><span style=\"font-weight: bold;\"><em>Autora: Delfina Sampaio de Oliveira Silva<\/em><br \/>\n<\/span><\/p>\n<p class=\"MsoNormal\" style=\"font-family: Arial;\"><span style=\"font-weight: bold;\">INTRODU\u00c7\u00c3O<\/span><\/p>\n<p class=\"MsoNormal\" style=\"margin-left: 144pt; text-align: justify; font-family: Arial;\"><span style=\"color: #000000;\"><em><span style=\"font-size: 12px;\"><span style=\"font-family: arial, helvetica, sans-serif;\"><small>\u201cMas n\u00e3o h\u00e1 nada que \u2018justifique\u2019 essas express\u00f5es brutais de desigualdade. S\u00e3o simplesmente a evid\u00eancia da indiferen\u00e7a absoluta com que s\u00e3o tratados os irrelevantes. Estes se v\u00eaem \u00e0s voltas com uma situa\u00e7\u00e3o paradoxal: em um mundo oficialmente de iguais, s\u00e3o tratados como pe\u00e7as fora do jogo\u201d (Bezerra Jr., 2000:).<\/small><\/span><\/span><\/em><\/span><\/p>\n<p class=\"MsoNormal\" style=\"text-align: justify; line-height: 150%; font-family: Arial;\">Com uma popula\u00e7\u00e3o estimada em mil pessoas, os Maxakali encontram-se fixados numa reserva composta por duas aldeias \u2013 \u00c1gua Boa, no munic\u00edpio de Santa Helena de Minas, e Pradinho, no munic\u00edpio de Bert\u00f3polis \u2013 na regi\u00e3o do Vale do Mucuri, nordeste do estado de Minas Gerais. Localizada pr\u00f3ximo \u00e0 divisa com o estado da Bahia, a reserva tem uma \u00e1rea total de 5.305,67 hectares. Hoje vivem numa terra onde os recursos naturais foram destru\u00eddos: matas devastadas \u2013 80% delas ocupadas por pastagens, \u00e1guas contaminadas e rios assoreados<\/p>\n<p class=\"MsoNormal\" style=\"text-align: justify; line-height: 150%; font-family: Arial;\">Semi-n\u00f4mades, ca\u00e7adores e coletores, os Maxakali costumavam vagar em pequenos grupos \u00e0 procura de novos territ\u00f3rios. Costumavam ocupar, no tempo da descoberta do Brasil, grandes \u00e1reas de Mata Atl\u00e2ntica nos estados de Minas Gerais, Bahia e Esp\u00edrito Santo. Seus inimigos naturais eram os grupos Nakreh\u00e9, Giporok e Gnutknak, conhecidos como \u201cBotocudos\u201d ou Aimor\u00e9, que ocupavam a \u00e1rea no mesmo per\u00edodo (Alvares, 1995, 12)<\/p>\n<p class=\"MsoNormal\" style=\"text-align: justify; line-height: 150%; font-family: Arial;\">Tendo assimilado alguns h\u00e1bitos do homem branco, passou a consumir as cestas b\u00e1sicas dodas pela FUNAI, passaram a gerar um excedente de lixo que antes n\u00e3o havia, pois eram ca\u00e7adores coletores e seu lixo era absorvido pelo meio ambiente. Atualmente enterram ou queimam o lixo indiscriminadamente.<\/p>\n<p style=\"text-align: justify; line-height: 150%; font-family: Arial;\">Vitimados pelo alcoolismo, sem trabalhar e produzir para o seu sustento, \u00e9 grave a fome entre os \u00edndios e alarmante a desnutri\u00e7\u00e3o entre as crian\u00e7as Maxakalis, registrando-se o \u00edndice de morte por essa causa no patamar de 25% das crian\u00e7as nascidas em um ano. H\u00e1 falta de assist\u00eancia escolar. At\u00e9 o momento o ano letivo n\u00e3o se iniciou e, sem aulas, elas ficam tamb\u00e9m sem merenda.<\/p>\n<p class=\"MsoNormal\" style=\"line-height: 150%; font-family: Arial;\">Os Maxakalis s\u00e3o um dos poucos povos \u00edndigenas brasileiros que ainda preservam sua l\u00edngua. Na tribo, a maioria de seus habitantes s\u00f3 fala a l\u00edngua Maxacali. Houve uma den\u00fancia a Alessandra Mello dos Direitos Humanos onde a Procuradoria da Rep\u00fablica acusa o governo federal de omiss\u00e3o no atendimento aos \u00edndios Maxakalis, que vivem no Nordeste de MG (Brasil \u00e9 denunciado \u00e0 OEA por viola\u00e7\u00e3o dos direitos humanos).<\/p>\n<p class=\"MsoNormal\" style=\"line-height: 150%; font-family: Arial;\">Os problemas mais comuns, segundo o procurador, s\u00e3o a morte por desnutri\u00e7\u00e3o, que afeta adultos e, principalmente, crian\u00e7as, e o alcoolismo, que atinge quase todos os membros da comunidade, inclusive com registro em crian\u00e7as de apenas oito anos de idade.<\/p>\n<p class=\"MsoNormal\" style=\"text-align: justify; line-height: 150%; font-family: Arial;\">Um surto de diarr\u00e9ia atingiu as crian\u00e7as das aldeias Maxakali de \u00c1gua Boa e Pradinho, situadas nos munic\u00edpios de Santa Helena e Bert\u00f3polis, no Vale do Mucuri. De acordo com informa\u00e7\u00f5es do Distrito Sanit\u00e1rio Especial Ind\u00edgena (Disei) de Governador Valadares, descritas na tabela 1 pode-se observar a gravidade da situa\u00e7\u00e3o<\/p>\n<p class=\"MsoNormal\" style=\"text-align: justify; line-height: 150%; font-family: Arial; font-style: italic;\">Tabela 1: \u00cdndios doentes por faixa et\u00e1ria<\/p>\n<table class=\"MsoTableGrid\" style=\"margin-left: 5.4pt; border-collapse: collapse; font-family: Arial;\" border=\"1\" cellspacing=\"0\" cellpadding=\"0\">\n<tbody>\n<tr>\n<td style=\"border: 1pt solid windowtext; padding: 0cm 5.4pt; width: 108pt;\" valign=\"top\" width=\"144\">\n<p class=\"MsoNormal\" style=\"text-align: justify; line-height: 150%;\">Faixa et\u00e1ria<\/p>\n<\/td>\n<td style=\"border-style: solid solid solid none; border-color: windowtext windowtext windowtext -moz-use-text-color; border-width: 1pt 1pt 1pt medium; padding: 0cm 5.4pt; width: 117pt;\" valign=\"top\" width=\"156\">\n<p class=\"MsoNormal\" style=\"line-height: 150%;\">N\u00famero de \u00cdndios<\/p>\n<\/td>\n<\/tr>\n<tr>\n<td style=\"border-style: none solid solid; border-color: -moz-use-text-color windowtext windowtext; border-width: medium 1pt 1pt; padding: 0cm 5.4pt; width: 108pt;\" valign=\"top\" width=\"144\">\n<p class=\"MsoNormal\" style=\"text-align: justify; line-height: 150%;\">0-1 ano<\/p>\n<\/td>\n<td style=\"border-style: none solid solid none; border-color: -moz-use-text-color windowtext windowtext -moz-use-text-color; border-width: medium 1pt 1pt medium; padding: 0cm 5.4pt; width: 117pt;\" valign=\"top\" width=\"156\">\n<p class=\"MsoNormal\" style=\"text-align: center; line-height: 150%;\" align=\"center\">19<\/p>\n<\/td>\n<\/tr>\n<tr>\n<td style=\"border-style: none solid solid; border-color: -moz-use-text-color windowtext windowtext; border-width: medium 1pt 1pt; padding: 0cm 5.4pt; width: 108pt;\" valign=\"top\" width=\"144\">\n<p class=\"MsoNormal\" style=\"text-align: justify; line-height: 150%;\">1-4 anos<\/p>\n<\/td>\n<td style=\"border-style: none solid solid none; border-color: -moz-use-text-color windowtext windowtext -moz-use-text-color; border-width: medium 1pt 1pt medium; padding: 0cm 5.4pt; width: 117pt;\" valign=\"top\" width=\"156\">\n<p class=\"MsoNormal\" style=\"text-align: center; line-height: 150%;\" align=\"center\">63<\/p>\n<\/td>\n<\/tr>\n<tr>\n<td style=\"border-style: none solid solid; border-color: -moz-use-text-color windowtext windowtext; border-width: medium 1pt 1pt; padding: 0cm 5.4pt; width: 108pt;\" valign=\"top\" width=\"144\">\n<p class=\"MsoNormal\" style=\"text-align: justify; line-height: 150%;\">5-9 anos<\/p>\n<\/td>\n<td style=\"border-style: none solid solid none; border-color: -moz-use-text-color windowtext windowtext -moz-use-text-color; border-width: medium 1pt 1pt medium; padding: 0cm 5.4pt; width: 117pt;\" valign=\"top\" width=\"156\">\n<p class=\"MsoNormal\" style=\"text-align: center; line-height: 150%;\" align=\"center\">6<\/p>\n<\/td>\n<\/tr>\n<tr>\n<td style=\"border-style: none solid solid; border-color: -moz-use-text-color windowtext windowtext; border-width: medium 1pt 1pt; padding: 0cm 5.4pt; width: 108pt;\" valign=\"top\" width=\"144\">\n<p class=\"MsoNormal\" style=\"text-align: justify; line-height: 150%;\">+ 10 anos<\/p>\n<\/td>\n<td style=\"border-style: none solid solid none; border-color: -moz-use-text-color windowtext windowtext -moz-use-text-color; border-width: medium 1pt 1pt medium; padding: 0cm 5.4pt; width: 117pt;\" valign=\"top\" width=\"156\">\n<p class=\"MsoNormal\" style=\"text-align: center; line-height: 150%;\" align=\"center\">1<\/p>\n<\/td>\n<\/tr>\n<tr>\n<td style=\"border-style: none solid solid; border-color: -moz-use-text-color windowtext windowtext; border-width: medium 1pt 1pt; padding: 0cm 5.4pt; width: 108pt;\" valign=\"top\" width=\"144\">\n<p class=\"MsoNormal\" style=\"text-align: justify; line-height: 150%;\">Idade ignorada<\/p>\n<\/td>\n<td style=\"border-style: none solid solid none; border-color: -moz-use-text-color windowtext windowtext -moz-use-text-color; border-width: medium 1pt 1pt medium; padding: 0cm 5.4pt; width: 117pt;\" valign=\"top\" width=\"156\">\n<p class=\"MsoNormal\" style=\"text-align: center; line-height: 150%;\" align=\"center\">13<\/p>\n<\/td>\n<\/tr>\n<tr>\n<td style=\"border-style: none solid solid; border-color: -moz-use-text-color windowtext windowtext; border-width: medium 1pt 1pt; padding: 0cm 5.4pt; width: 108pt;\" valign=\"top\" width=\"144\">\n<p class=\"MsoNormal\" style=\"text-align: justify; line-height: 150%;\">Total<\/p>\n<\/td>\n<td style=\"border-style: none solid solid none; border-color: -moz-use-text-color windowtext windowtext -moz-use-text-color; border-width: medium 1pt 1pt medium; padding: 0cm 5.4pt; width: 117pt;\" valign=\"top\" width=\"156\">\n<p class=\"MsoNormal\" style=\"text-align: center; line-height: 150%;\" align=\"center\">102<\/p>\n<\/td>\n<\/tr>\n<\/tbody>\n<\/table>\n<p class=\"MsoNormal\" style=\"margin-left: -9pt; text-align: justify; line-height: 150%; font-family: Arial;\">\u00a0 \u00a0 Desses casos, alguns foram a \u00f3bito hospitalizados, conforme descrito na tabela 2<\/p>\n<p class=\"MsoNormal\" style=\"text-align: justify; line-height: 150%; font-family: Arial;\">\u00a0 <span style=\"font-style: italic;\">Tabela 2: \u00f3bitos hospitalizados<\/span><\/p>\n<table class=\"MsoTableGrid\" style=\"margin-left: 5.4pt; border-collapse: collapse; font-family: Arial;\" border=\"1\" cellspacing=\"0\" cellpadding=\"0\">\n<tbody>\n<tr>\n<td style=\"border: 1pt solid windowtext; padding: 0cm 5.4pt; width: 144pt;\" valign=\"top\" width=\"192\">\n<p class=\"MsoNormal\" style=\"text-align: justify; line-height: 150%;\">Hospital<\/p>\n<\/td>\n<td style=\"border-style: solid solid solid none; border-color: windowtext windowtext windowtext -moz-use-text-color; border-width: 1pt 1pt 1pt medium; padding: 0cm 5.4pt; width: 99pt;\" valign=\"top\" width=\"132\">\n<p class=\"MsoNormal\" style=\"text-align: justify; line-height: 150%;\">\u00a0N\u00ba de \u00f3btos<\/p>\n<\/td>\n<\/tr>\n<tr>\n<td style=\"border-style: none solid solid; border-color: -moz-use-text-color windowtext windowtext; border-width: medium 1pt 1pt; padding: 0cm 5.4pt; width: 144pt;\" valign=\"top\" width=\"192\">\n<p class=\"MsoNormal\" style=\"text-align: justify; line-height: 150%;\">H. M. De Valadares<\/p>\n<\/td>\n<td style=\"border-style: none solid solid none; border-color: -moz-use-text-color windowtext windowtext -moz-use-text-color; border-width: medium 1pt 1pt medium; padding: 0cm 5.4pt; width: 99pt;\" valign=\"top\" width=\"132\">\n<p class=\"MsoNormal\" style=\"text-align: center; line-height: 150%;\" align=\"center\">01<\/p>\n<\/td>\n<\/tr>\n<tr>\n<td style=\"border-style: none solid solid; border-color: -moz-use-text-color windowtext windowtext; border-width: medium 1pt 1pt; padding: 0cm 5.4pt; width: 144pt;\" valign=\"top\" width=\"192\">\n<p class=\"MsoNormal\" style=\"text-align: justify; line-height: 150%;\">H. de \u00c1guas Formosas<\/p>\n<\/td>\n<td style=\"border-style: none solid solid none; border-color: -moz-use-text-color windowtext windowtext -moz-use-text-color; border-width: medium 1pt 1pt medium; padding: 0cm 5.4pt; width: 99pt;\" valign=\"top\" width=\"132\">\n<p class=\"MsoNormal\" style=\"text-align: center; line-height: 150%;\" align=\"center\">02<\/p>\n<\/td>\n<\/tr>\n<tr>\n<td style=\"border-style: none solid solid; border-color: -moz-use-text-color windowtext windowtext; border-width: medium 1pt 1pt; padding: 0cm 5.4pt; width: 144pt;\" valign=\"top\" width=\"192\">\n<p class=\"MsoNormal\" style=\"text-align: justify; line-height: 150%;\">Total<\/p>\n<\/td>\n<td style=\"border-style: none solid solid none; border-color: -moz-use-text-color windowtext windowtext -moz-use-text-color; border-width: medium 1pt 1pt medium; padding: 0cm 5.4pt; width: 99pt;\" valign=\"top\" width=\"132\">\n<p class=\"MsoNormal\" style=\"text-align: center; line-height: 150%;\" align=\"center\">03<\/p>\n<\/td>\n<\/tr>\n<\/tbody>\n<\/table>\n<p class=\"MsoNormal\" style=\"text-align: justify; line-height: 150%; font-family: Arial;\">Al\u00e9m da assist\u00eancia imediata aos ind\u00edgenas doentes, a Secretaria de Estado de Sa\u00fade (SES), atrav\u00e9s da Vigil\u00e2ncia Epidemiol\u00f3gica, em contato com as Dais de Governador Valadares e Te\u00f3filo Otoni, est\u00e1 buscando agilizar as medidas de investiga\u00e7\u00e3o dos casos notificados, providenciando a avalia\u00e7\u00e3o cl\u00ednica e realiza\u00e7\u00e3o de exames dos hospitalizados; coleta de fezes e sangue para an\u00e1lise na Funda\u00e7\u00e3o Ezequiel Dias (Funed), para certificar a causa da diarr\u00e9ia &#8211; v\u00edrus ou parasit\u00e1ria -; e, busca ativa de novos casos. T\u00e9cnicos das vigil\u00e2ncias Epidemiol\u00f3gica e Sanit\u00e1ria tamb\u00e9m fazem avalia\u00e7\u00e3o no local sobre as condi\u00e7\u00f5es de saneamento b\u00e1sico e abastecimento de \u00e1gua.<\/p>\n<p style=\"text-align: justify; line-height: 150%; font-family: Arial;\">Acrescente-se que a assist\u00eancia prestada pelos \u00f3rg\u00e3os p\u00fablicos \u00e9 deficiente e desorganizada. Durante inspe\u00e7\u00e3o realizada no ano DE 2004 nas aldeias Maxakalis, o MINIST\u00c9RIO P\u00daBLICO FEDERAL verificou as p\u00e9ssimas condi\u00e7\u00f5es das estradas de acesso e do posto de sa\u00fade. Neste, o consult\u00f3rio odontol\u00f3gico resume-se a uma maca enferrujada colocada do lado de uma janela por onde cospem os pacientes durante o tratamento. N\u00e3o h\u00e1 instrumentos adequados nem aparelhagem para esteriliza\u00e7\u00e3o e higiene. Para receberem tratamento m\u00e9dico os \u00edndios t\u00eam de se deslocar at\u00e9 as cidades mais pr\u00f3ximas.<\/p>\n<p class=\"MsoNormal\" style=\"font-family: Arial; font-weight: bold;\">OBJETIVOS<\/p>\n<ul style=\"font-family: Arial;\">\n<li>Estudar a condi\u00e7\u00e3o de viv\u00eancia do povo Maxakalis; analisar o impacto ambiental, causado pela destina\u00e7\u00e3o final dos res\u00edduos dom\u00e9sticos urbanos da comunidade, diagn\u00f3stico ambiental na an\u00e1lise obtida .<\/li>\n<li>Publica\u00e7\u00e3o e divulga\u00e7\u00e3o dos resultados obtidos.<\/li>\n<li>Encaminhar os resultados obtidos \u00e0s entidades incumbidas da defesa, sa\u00fade e prote\u00e7\u00e3o dos \u00edndios.<\/li>\n<\/ul>\n<p class=\"MsoNormal\" style=\"text-align: justify; line-height: 150%; font-family: Arial; font-weight: bold;\">METODOLOGIA<\/p>\n<ul style=\"margin-top: 0cm; font-family: Arial; color: #000000;\" type=\"square\">\n<li class=\"MsoNormal\" style=\"text-align: justify; line-height: 150%;\">Levantamento bibliogr\u00e1fico<\/li>\n<li class=\"MsoNormal\" style=\"text-align: justify; line-height: 150%;\">Cruzamento de dados da SES, FUNED, FUNASA E FUNAI<\/li>\n<li class=\"MsoNormal\" style=\"text-align: justify; line-height: 150%;\">Visita \u00e0s aldeias Pradinho e \u00c1gua Boa<\/li>\n<li class=\"MsoNormal\" style=\"text-align: justify; line-height: 150%;\">Entrevista com Guigui o Cacique da aldeia Pradinho e com Zezinho um dos caciques da aldeia \u00c1gua Boa.<\/li>\n<li class=\"MsoNormal\" style=\"text-align: justify; line-height: 150%;\">Entrevista com as pessoas respons\u00e1veis diretamente pela sa\u00fade dos \u00edndios: os m\u00e9dicos do PSF (Dr. Wilson e Dr. Ricardo) que atendem respectivamente as duas aldeias<\/li>\n<\/ul>\n<p class=\"MsoNormal\" style=\"text-align: justify; line-height: 150%; font-family: Arial; font-weight: bold;\">RESULTADOS<\/p>\n<p class=\"MsoNormal\" style=\"text-align: justify; line-height: 150%; font-family: Arial;\">Segundo an\u00e1lise da \u00e1gua do rio \u00a0feita pela Distrito Sanit\u00e1rio de Governador Valadares e pela FUNED, o \u00edndice de coliformes fecais estava muito acima doe considerados aceitos pela OMS, e, a UNESCO considera a regi\u00e3o como\u00a0 a de menor \u00edndice de IDH do pa\u00eds, considerado como o da\u00a0 Som\u00e1lia.<\/p>\n<p class=\"MsoNormal\" style=\"text-align: justify; line-height: 150%; font-family: Arial;\">Suas reservas naturais foram, ao longo do tempo, sendo engolidas pelos latif\u00fandios, sua ca\u00e7a foi extinta, pela pr\u00f3pria condi\u00e7\u00e3o ambiental os corredores ecol\u00f3gicos n\u00e3o foram preservados.\u00a0 O mais grave \u00e9 a condi\u00e7\u00e3o subumana desses que dia foram donos de todas essas terras.<\/p>\n<p class=\"MsoNormal\" style=\"text-align: justify; line-height: 150%; font-family: Arial; font-weight: bold;\">CONCLUS\u00c3O<\/p>\n<p class=\"MsoNormal\" style=\"text-align: justify; line-height: 150%; font-family: Arial;\">Conclui-se que os Maxakalis , assim como a maioria das popula\u00e7\u00f5es tradicionais est\u00e1 sendo extinta por inefici\u00eancia das pol\u00edticas p\u00fablicas de preserva\u00e7\u00e3o da\u00a0 cultura ind\u00edgena, por escassez de estruturas governamentais de prote\u00e7\u00e3o e cidadania ind\u00edgena, ficando eles, dependentes da boa vontade das entidades governamentais para sua pr\u00f3pria sobreviv\u00eancia.<\/p>\n<p class=\"MsoNormal\" style=\"text-align: justify; line-height: 150%; font-family: Arial;\">Mas quem contrata os m\u00e9dicos \u00e9 uma ONG, quem contrata as agentes de sa\u00fade \u00e9 a prefeitura, quem educa s\u00e3o agentes ind\u00edgenas que foram treinados e t\u00eam supervis\u00e3o da prefeitura local<\/p>\n<p class=\"MsoNormal\" style=\"text-align: justify; line-height: 150%; font-family: Arial;\">Onde est\u00e1 a maior falha? A gest\u00e3o \u00e9 comprometida com interfer\u00eancia de tantos agentes que na hora do problema\u00a0 fica no empurra-empurra.<\/p>\n<p class=\"MsoNormal\" style=\"text-align: justify; line-height: 150%; font-family: Arial;\">O tema \u00e9 vast\u00edssimo, mas fica para outras oportunidades a discuss\u00e3o de esquistosseosmose, e de outros\u00a0 agentes causadores de doen\u00e7as com v\u00e1rios casos de Hepatite em 2006.<\/p>\n<p class=\"MsoNormal\" style=\"text-align: justify; font-family: Arial; font-weight: bold;\">Refer\u00eancias bibliogr\u00e1ficas<\/p>\n<p class=\"MsoNormal\" style=\"font-family: Arial;\">ALVARES, Myriam Martins (1992). Y\u00e3miy, os esp\u00edritos do canto: a constru\u00e7\u00e3o da pessoa na sociedade Maxakali. Campinas: IFCH-UNICAMP. Disserta\u00e7\u00e3o de Mestrado.<\/p>\n<p class=\"MsoNormal\" style=\"font-family: Arial;\">ARA\u00daJO, Gabriel Antunes de (1996). Mas\u00dcakar\u00ed: Vocabul\u00e1rio Maxakali de Curt Nimuendaju. Cadernos de Estudos Ling\u00fc\u00edsticos. Campinas: IEL-UNICAMP, (31):5-31.<\/p>\n<p class=\"MsoNormal\" style=\"font-family: Arial;\">CEDEFES\u00a0 (1987). A luta dos \u00edndios pela terra. Contribui\u00e7\u00e3o \u00e0 hist\u00f3ria ind\u00edgena de Minas Gerais. Contagem: CEDEFES.<\/p>\n<p class=\"MsoNormal\" style=\"font-family: Arial;\">RIBEIRO, Darcy. Os \u00edndios e a Civiliza\u00e7\u00e3o.Companhia das Letras -2004\u00a0 pg:230-240<\/p>\n<p class=\"MsoNormal\" style=\"text-align: justify; font-family: Arial; font-weight: bold;\">Sites consultados<\/p>\n<p class=\"MsoNormal\" style=\"font-family: Arial;\"><a href=\"http:\/\/www.geocities.com\/RainForest%20em%2015\/04\/2007\">http:\/\/www.geocities.com\/RainForest em 15\/04\/2007<\/a>\u00a0 mapa das tribos que ocupam a mesma regi\u00e3o geogr\u00e1fica, com os rios que as abastecem.<\/p>\n<p class=\"MsoNormal\" style=\"font-family: Arial;\">\u00a0<a href=\"http:\/\/www.prmg.mpf.gov.br\/noticias%20em%2015\/04\/2007\">www.prmg.mpf.gov.br\/noticias em 15\/04\/2007<\/a> &#8211; Audi\u00eancia P\u00fablica para resolver a situa\u00e7\u00e3o de mis\u00e9ria e desola\u00e7\u00e3o dos Maxacalis<\/p>\n<p><span style=\"font-family: Arial;\"><a href=\"http:\/\/www.cedefes.org.br\" target=\"_blank\" rel=\"noopener noreferrer\">http:\/\/www.cedefes.org.br\u00a0<\/a> em 15\/04\/2007\u00a0 <\/span><\/p>\n","protected":false},"excerpt":{"rendered":"<p>Autora: Delfina Sampaio de Oliveira Silva INTRODU\u00c7\u00c3O \u201cMas n\u00e3o h\u00e1 nada que \u2018justifique\u2019 essas express\u00f5es brutais de desigualdade. S\u00e3o simplesmente a evid\u00eancia da indiferen\u00e7a absoluta com que s\u00e3o tratados os irrelevantes. Estes se v\u00eaem \u00e0s voltas com uma situa\u00e7\u00e3o paradoxal: em um mundo oficialmente de iguais, s\u00e3o tratados como pe\u00e7as fora do jogo\u201d (Bezerra Jr., [&hellip;]<\/p>\n","protected":false},"author":1,"featured_media":0,"comment_status":"open","ping_status":"open","sticky":false,"template":"","format":"standard","meta":{"_jetpack_memberships_contains_paid_content":false,"footnotes":""},"categories":[3],"tags":[],"class_list":{"0":"post-128","1":"post","2":"type-post","3":"status-publish","4":"format-standard","6":"category-projetos-ambientais"},"yoast_head":"<!-- This site is optimized with the Yoast SEO plugin v25.1 - https:\/\/yoast.com\/wordpress\/plugins\/seo\/ -->\n<title>\u00cdndios Maxacalis: um estudo de caso - CENED Cursos Online<\/title>\n<meta name=\"robots\" content=\"index, follow, max-snippet:-1, max-image-preview:large, max-video-preview:-1\" \/>\n<link rel=\"canonical\" href=\"https:\/\/cenedcursos.com.br\/meio-ambiente\/dios-maxacalis-um-estudo-de-caso\/\" \/>\n<meta property=\"og:locale\" content=\"pt_BR\" \/>\n<meta property=\"og:type\" content=\"article\" \/>\n<meta property=\"og:title\" content=\"\u00cdndios Maxacalis: um estudo de caso - CENED Cursos Online\" \/>\n<meta property=\"og:description\" content=\"Autora: Delfina Sampaio de Oliveira Silva INTRODU\u00c7\u00c3O \u201cMas n\u00e3o h\u00e1 nada que \u2018justifique\u2019 essas express\u00f5es brutais de desigualdade. S\u00e3o simplesmente a evid\u00eancia da indiferen\u00e7a absoluta com que s\u00e3o tratados os irrelevantes. Estes se v\u00eaem \u00e0s voltas com uma situa\u00e7\u00e3o paradoxal: em um mundo oficialmente de iguais, s\u00e3o tratados como pe\u00e7as fora do jogo\u201d (Bezerra Jr., [&hellip;]\" \/>\n<meta property=\"og:url\" content=\"https:\/\/cenedcursos.com.br\/meio-ambiente\/dios-maxacalis-um-estudo-de-caso\/\" \/>\n<meta property=\"og:site_name\" content=\"CENED Cursos Online\" \/>\n<meta property=\"article:published_time\" content=\"2007-06-03T11:38:49+00:00\" \/>\n<meta property=\"article:modified_time\" content=\"2021-05-24T12:43:24+00:00\" \/>\n<meta name=\"author\" content=\"Amarildo R. Ferrari\" \/>\n<meta name=\"twitter:card\" content=\"summary_large_image\" \/>\n<meta name=\"twitter:label1\" content=\"Escrito por\" \/>\n\t<meta name=\"twitter:data1\" content=\"Amarildo R. Ferrari\" \/>\n\t<meta name=\"twitter:label2\" content=\"Est. tempo de leitura\" \/>\n\t<meta name=\"twitter:data2\" content=\"6 minutos\" \/>\n<script type=\"application\/ld+json\" class=\"yoast-schema-graph\">{\"@context\":\"https:\/\/schema.org\",\"@graph\":[{\"@type\":\"WebPage\",\"@id\":\"https:\/\/cenedcursos.com.br\/meio-ambiente\/dios-maxacalis-um-estudo-de-caso\/\",\"url\":\"https:\/\/cenedcursos.com.br\/meio-ambiente\/dios-maxacalis-um-estudo-de-caso\/\",\"name\":\"\u00cdndios Maxacalis: um estudo de caso - CENED Cursos Online\",\"isPartOf\":{\"@id\":\"https:\/\/cenedcursos.com.br\/meio-ambiente\/#website\"},\"datePublished\":\"2007-06-03T11:38:49+00:00\",\"dateModified\":\"2021-05-24T12:43:24+00:00\",\"author\":{\"@id\":\"https:\/\/cenedcursos.com.br\/meio-ambiente\/#\/schema\/person\/64377d24cdc16779a1eb6229894af388\"},\"breadcrumb\":{\"@id\":\"https:\/\/cenedcursos.com.br\/meio-ambiente\/dios-maxacalis-um-estudo-de-caso\/#breadcrumb\"},\"inLanguage\":\"pt-BR\",\"potentialAction\":[{\"@type\":\"ReadAction\",\"target\":[\"https:\/\/cenedcursos.com.br\/meio-ambiente\/dios-maxacalis-um-estudo-de-caso\/\"]}]},{\"@type\":\"BreadcrumbList\",\"@id\":\"https:\/\/cenedcursos.com.br\/meio-ambiente\/dios-maxacalis-um-estudo-de-caso\/#breadcrumb\",\"itemListElement\":[{\"@type\":\"ListItem\",\"position\":1,\"name\":\"In\u00edcio\",\"item\":\"https:\/\/cenedcursos.com.br\/meio-ambiente\/\"},{\"@type\":\"ListItem\",\"position\":2,\"name\":\"\u00cdndios Maxacalis: um estudo de caso\"}]},{\"@type\":\"WebSite\",\"@id\":\"https:\/\/cenedcursos.com.br\/meio-ambiente\/#website\",\"url\":\"https:\/\/cenedcursos.com.br\/meio-ambiente\/\",\"name\":\"CENED Cursos Online\",\"description\":\"Aqui voc\u00ea encontra artigos em diversas \u00e1reas do conhecimento: meio ambiente, educa\u00e7\u00e3o, marketing digital, neg\u00f3cios online e muito mais.\",\"potentialAction\":[{\"@type\":\"SearchAction\",\"target\":{\"@type\":\"EntryPoint\",\"urlTemplate\":\"https:\/\/cenedcursos.com.br\/meio-ambiente\/?s={search_term_string}\"},\"query-input\":{\"@type\":\"PropertyValueSpecification\",\"valueRequired\":true,\"valueName\":\"search_term_string\"}}],\"inLanguage\":\"pt-BR\"},{\"@type\":\"Person\",\"@id\":\"https:\/\/cenedcursos.com.br\/meio-ambiente\/#\/schema\/person\/64377d24cdc16779a1eb6229894af388\",\"name\":\"Amarildo R. Ferrari\",\"image\":{\"@type\":\"ImageObject\",\"inLanguage\":\"pt-BR\",\"@id\":\"https:\/\/cenedcursos.com.br\/meio-ambiente\/#\/schema\/person\/image\/\",\"url\":\"https:\/\/secure.gravatar.com\/avatar\/6ea4248ca9f295c93f1b72f8398232f0fbbffe30349e6ec3839cfa5e09b0de3c?s=96&d=mm&r=g\",\"contentUrl\":\"https:\/\/secure.gravatar.com\/avatar\/6ea4248ca9f295c93f1b72f8398232f0fbbffe30349e6ec3839cfa5e09b0de3c?s=96&d=mm&r=g\",\"caption\":\"Amarildo R. Ferrari\"},\"sameAs\":[\"https:\/\/cenedcursos.com.br\/meio-ambiente\"],\"url\":\"https:\/\/cenedcursos.com.br\/meio-ambiente\/author\/admin\/\"}]}<\/script>\n<!-- \/ Yoast SEO plugin. -->","yoast_head_json":{"title":"\u00cdndios Maxacalis: um estudo de caso - CENED Cursos Online","robots":{"index":"index","follow":"follow","max-snippet":"max-snippet:-1","max-image-preview":"max-image-preview:large","max-video-preview":"max-video-preview:-1"},"canonical":"https:\/\/cenedcursos.com.br\/meio-ambiente\/dios-maxacalis-um-estudo-de-caso\/","og_locale":"pt_BR","og_type":"article","og_title":"\u00cdndios Maxacalis: um estudo de caso - CENED Cursos Online","og_description":"Autora: Delfina Sampaio de Oliveira Silva INTRODU\u00c7\u00c3O \u201cMas n\u00e3o h\u00e1 nada que \u2018justifique\u2019 essas express\u00f5es brutais de desigualdade. S\u00e3o simplesmente a evid\u00eancia da indiferen\u00e7a absoluta com que s\u00e3o tratados os irrelevantes. Estes se v\u00eaem \u00e0s voltas com uma situa\u00e7\u00e3o paradoxal: em um mundo oficialmente de iguais, s\u00e3o tratados como pe\u00e7as fora do jogo\u201d (Bezerra Jr., [&hellip;]","og_url":"https:\/\/cenedcursos.com.br\/meio-ambiente\/dios-maxacalis-um-estudo-de-caso\/","og_site_name":"CENED Cursos Online","article_published_time":"2007-06-03T11:38:49+00:00","article_modified_time":"2021-05-24T12:43:24+00:00","author":"Amarildo R. Ferrari","twitter_card":"summary_large_image","twitter_misc":{"Escrito por":"Amarildo R. Ferrari","Est. tempo de leitura":"6 minutos"},"schema":{"@context":"https:\/\/schema.org","@graph":[{"@type":"WebPage","@id":"https:\/\/cenedcursos.com.br\/meio-ambiente\/dios-maxacalis-um-estudo-de-caso\/","url":"https:\/\/cenedcursos.com.br\/meio-ambiente\/dios-maxacalis-um-estudo-de-caso\/","name":"\u00cdndios Maxacalis: um estudo de caso - CENED Cursos Online","isPartOf":{"@id":"https:\/\/cenedcursos.com.br\/meio-ambiente\/#website"},"datePublished":"2007-06-03T11:38:49+00:00","dateModified":"2021-05-24T12:43:24+00:00","author":{"@id":"https:\/\/cenedcursos.com.br\/meio-ambiente\/#\/schema\/person\/64377d24cdc16779a1eb6229894af388"},"breadcrumb":{"@id":"https:\/\/cenedcursos.com.br\/meio-ambiente\/dios-maxacalis-um-estudo-de-caso\/#breadcrumb"},"inLanguage":"pt-BR","potentialAction":[{"@type":"ReadAction","target":["https:\/\/cenedcursos.com.br\/meio-ambiente\/dios-maxacalis-um-estudo-de-caso\/"]}]},{"@type":"BreadcrumbList","@id":"https:\/\/cenedcursos.com.br\/meio-ambiente\/dios-maxacalis-um-estudo-de-caso\/#breadcrumb","itemListElement":[{"@type":"ListItem","position":1,"name":"In\u00edcio","item":"https:\/\/cenedcursos.com.br\/meio-ambiente\/"},{"@type":"ListItem","position":2,"name":"\u00cdndios Maxacalis: um estudo de caso"}]},{"@type":"WebSite","@id":"https:\/\/cenedcursos.com.br\/meio-ambiente\/#website","url":"https:\/\/cenedcursos.com.br\/meio-ambiente\/","name":"CENED Cursos Online","description":"Aqui voc\u00ea encontra artigos em diversas \u00e1reas do conhecimento: meio ambiente, educa\u00e7\u00e3o, marketing digital, neg\u00f3cios online e muito mais.","potentialAction":[{"@type":"SearchAction","target":{"@type":"EntryPoint","urlTemplate":"https:\/\/cenedcursos.com.br\/meio-ambiente\/?s={search_term_string}"},"query-input":{"@type":"PropertyValueSpecification","valueRequired":true,"valueName":"search_term_string"}}],"inLanguage":"pt-BR"},{"@type":"Person","@id":"https:\/\/cenedcursos.com.br\/meio-ambiente\/#\/schema\/person\/64377d24cdc16779a1eb6229894af388","name":"Amarildo R. Ferrari","image":{"@type":"ImageObject","inLanguage":"pt-BR","@id":"https:\/\/cenedcursos.com.br\/meio-ambiente\/#\/schema\/person\/image\/","url":"https:\/\/secure.gravatar.com\/avatar\/6ea4248ca9f295c93f1b72f8398232f0fbbffe30349e6ec3839cfa5e09b0de3c?s=96&d=mm&r=g","contentUrl":"https:\/\/secure.gravatar.com\/avatar\/6ea4248ca9f295c93f1b72f8398232f0fbbffe30349e6ec3839cfa5e09b0de3c?s=96&d=mm&r=g","caption":"Amarildo R. Ferrari"},"sameAs":["https:\/\/cenedcursos.com.br\/meio-ambiente"],"url":"https:\/\/cenedcursos.com.br\/meio-ambiente\/author\/admin\/"}]}},"jetpack_featured_media_url":"","jetpack_sharing_enabled":true,"_links":{"self":[{"href":"https:\/\/cenedcursos.com.br\/meio-ambiente\/wp-json\/wp\/v2\/posts\/128","targetHints":{"allow":["GET"]}}],"collection":[{"href":"https:\/\/cenedcursos.com.br\/meio-ambiente\/wp-json\/wp\/v2\/posts"}],"about":[{"href":"https:\/\/cenedcursos.com.br\/meio-ambiente\/wp-json\/wp\/v2\/types\/post"}],"author":[{"embeddable":true,"href":"https:\/\/cenedcursos.com.br\/meio-ambiente\/wp-json\/wp\/v2\/users\/1"}],"replies":[{"embeddable":true,"href":"https:\/\/cenedcursos.com.br\/meio-ambiente\/wp-json\/wp\/v2\/comments?post=128"}],"version-history":[{"count":0,"href":"https:\/\/cenedcursos.com.br\/meio-ambiente\/wp-json\/wp\/v2\/posts\/128\/revisions"}],"wp:attachment":[{"href":"https:\/\/cenedcursos.com.br\/meio-ambiente\/wp-json\/wp\/v2\/media?parent=128"}],"wp:term":[{"taxonomy":"category","embeddable":true,"href":"https:\/\/cenedcursos.com.br\/meio-ambiente\/wp-json\/wp\/v2\/categories?post=128"},{"taxonomy":"post_tag","embeddable":true,"href":"https:\/\/cenedcursos.com.br\/meio-ambiente\/wp-json\/wp\/v2\/tags?post=128"}],"curies":[{"name":"wp","href":"https:\/\/api.w.org\/{rel}","templated":true}]}}