{"id":129,"date":"2007-06-03T11:51:42","date_gmt":"2007-06-03T11:51:42","guid":{"rendered":"http:\/\/www.cenedcursos.com.br\/?p=129"},"modified":"2007-06-03T11:51:42","modified_gmt":"2007-06-03T11:51:42","slug":"coleta-seletiva-de-resos-urbanos","status":"publish","type":"post","link":"https:\/\/cenedcursos.com.br\/meio-ambiente\/coleta-seletiva-de-resos-urbanos\/","title":{"rendered":"Coleta Seletiva de Res\u00edduos Urbanos para \u00c1rea de Compostagem no Munic\u00edpio de Caapiranga-AM"},"content":{"rendered":"<p class=\"MsoNormal\" style=\"text-align: right;\"><span style=\"font-family: Arial; font-style: italic;\">Autor: Luis Augusto Ledesma Rey<\/span><\/p>\n<p class=\"MsoNormal\" style=\"text-align: justify; font-family: Arial; font-weight: bold;\">Introdu\u00e7\u00e3o<\/p>\n<div style=\"text-align: justify; font-family: Arial;\">A fus\u00e3o das geleiras do Himalaia e da cordilheira dos Andes, o fen\u00f4meno sem precedentes dos refugiados ambientais e o destino final dos res\u00edduos s\u00f3lidos urbanos de um Munic\u00edpio brasileiro de pequeno porte. S\u00e3o aspectos de um s\u00f3 problema, que diz respeito ao futuro das condi\u00e7\u00f5es de vida das gera\u00e7\u00f5es futuras da esp\u00e9cie humana sobre o planeta terra. Um futuro que se mostra presente.<\/div>\n<div style=\"text-align: justify; font-family: Arial;\">O destino final dos res\u00edduos s\u00f3lidos urbanos deste pequeno Munic\u00edpio de Caapiranga-AM, se for planejado um tratamento correto deles, poder\u00e1 amenizar a pegada ecol\u00f3gica deste Munic\u00edpio e somar-se-\u00e1, ao esfor\u00e7o de outras cidades na luta contra o aquecimento global, seguindo o lema da Agenda 21 Global: pensar globalmente e agir localmente.<\/div>\n<div style=\"text-align: justify; font-family: Arial;\">Em muitos Munic\u00edpios de pequeno porte da Amaz\u00f4nia, o lix\u00e3o recebe todos os res\u00edduos, sem nenhuma triagem, nem feita pelos catadores informais, tendo-se como resultado, que n\u00e3o existe nenhuma reciclagem. A falta de adubo para os pequenos agricultores \u00e9 outro problema destes pequenos munic\u00edpios , na Amaz\u00f4nia,onde a comunica\u00e7\u00e3o \u00e9 fluvial maiormente.<\/div>\n<div style=\"text-align: justify; font-family: Arial;\">A cidade de Caapiranga, capital do Munic\u00edpio do mesmo nome, produz diariamente 5 toneladas de res\u00edduos s\u00f3lidos, que s\u00e3o despejados no lix\u00e3o a c\u00e9u aberto, localizado a 2,5 km<br \/>\n<figure id=\"attachment_1402\" aria-describedby=\"caption-attachment-1402\" style=\"width: 300px\" class=\"wp-caption alignright\"><a href=\"https:\/\/i0.wp.com\/www.cenedcursos.com.br\/meio-ambiente\/wp-content\/uploads\/2007\/06\/coleta-seletiva.jpg?ssl=1\"><img data-recalc-dims=\"1\" loading=\"lazy\" decoding=\"async\" class=\"size-medium wp-image-1402\" src=\"https:\/\/i0.wp.com\/www.cenedcursos.com.br\/meio-ambiente\/wp-content\/uploads\/2007\/06\/coleta-seletiva-300x128.jpg?resize=300%2C128&#038;ssl=1\" alt=\"coleta seletiva\" width=\"300\" height=\"128\" \/><\/a><figcaption id=\"caption-attachment-1402\" class=\"wp-caption-text\">Coleta Seletiva<\/figcaption><\/figure><br \/>\nda cidade, na beira da estrada. Aproximadamente 2,5 ton. Correspondem a res\u00edduos org\u00e2nicos. Calculamos que nos 6 primeiros meses do projeto captar-se-\u00e1, diariamente pela coleta seletiva, entre 800 kg e 1 tonelada de res\u00edduos org\u00e2nicos e com o decorrer do projeto, deve incrementar-se o volume de res\u00edduos org\u00e2nicos,pela gradual conscientiza\u00e7\u00e3o da popula\u00e7\u00e3o com a participa\u00e7\u00e3o dos agricultores, neste processo.<\/div>\n<div style=\"text-align: justify; font-family: Arial;\"><\/div>\n<p class=\"MsoNormal\" style=\"text-align: justify; font-family: Arial; font-weight: bold;\">Objetivos<\/p>\n<p class=\"MsoNormal\" style=\"text-align: justify; font-family: Arial; font-weight: bold;\">Objetivo Geral<\/p>\n<div style=\"text-align: justify; font-family: Arial;\">Reciclagem dos res\u00edduos org\u00e2nicos urbanos da cidade de Caapiranga-AM, com produ\u00e7\u00e3o de adubo composto.<br \/>\n<br style=\"font-style: italic;\" \/> <span style=\"font-style: italic;\">1\u00ba Objetivo Espec\u00edfico:<\/span> Diminui\u00e7\u00e3o da quantidade de lixo despejada no lix\u00e3o, com a conseq\u00fcente diminui\u00e7\u00e3o da contamina\u00e7\u00e3o do solo e \u00e1guas subterr\u00e2neas, pelo chorume.<\/div>\n<div style=\"text-align: justify; font-family: Arial;\"><span style=\"font-style: italic;\">2\u00ba Objetivo Espec\u00edfico:<\/span> Capacita\u00e7\u00e3o dos pequenos agricultores para a produ\u00e7\u00e3o de adubo composto e incentivas a responsabilidade e criatividade para resolver os problemas locais.<\/div>\n<div style=\"text-align: justify; font-family: Arial;\"><span style=\"font-style: italic;\"><br \/>\n3\u00ba Objetivo Espec\u00edfico:<\/span> Incentivar a coleta seletiva em forma progressiva, com solu\u00e7\u00f5es pr\u00e1ticas.<\/div>\n<div style=\"text-align: justify; font-family: Arial;\"><\/div>\n<div style=\"text-align: justify; font-family: Arial;\"><span style=\"font-weight: bold;\">Metodologia<\/span><\/div>\n<div style=\"text-align: justify; font-family: Arial;\">Ser\u00e1 executado este projeto em duas etapas:<span style=\"font-style: italic;\">1\u00aa Etapa:<\/span> Ser\u00e1 organizada a capacita\u00e7\u00e3o dos agricultores, com aulas te\u00f3rico-pr\u00e1ticas sobre compostagem utilizando leiras est\u00e1ticas com auto-ventila\u00e7\u00e3o , constru\u00eddas com madeira. Ser\u00e3o constru\u00eddas para esta etapa 4 leiras de 6 m de comprimento X 0,50 m de largura e 0,60 m de altura, com aberturas laterais e superior para a ventila\u00e7\u00e3o da massa de compostagem. Dura\u00e7\u00e3o desta Etapa:60 dias<\/div>\n<div style=\"text-align: justify; font-family: Arial;\"><span style=\"font-style: italic;\"><br \/>\n2\u00aa Etapa:<\/span> Produ\u00e7\u00e3o de adubo composto.<\/div>\n<div style=\"text-align: justify; font-family: Arial;\"><\/div>\n<p class=\"MsoNormal\" style=\"text-align: justify; font-family: Arial;\">a &#8211; Preparo da \u00e1rea de compostagem:100m x 100m, com ligeiro declive (5 a 10%) dividida em duas sub\u00e1reas: 1 para a bioestabiliza\u00e7\u00e3o e outra para a matura\u00e7\u00e3o.<\/p>\n<p class=\"MsoNormal\" style=\"text-align: justify; font-family: Arial;\">b &#8211; Preparo dos t\u00faneis de madeira para as leiras auto-ventiladas. Em total 72 t\u00faneis ; cada t\u00fanel suportar\u00e1 1,2 ton. Formar-se-\u00e1 1 leira di\u00e1ria.<\/p>\n<p class=\"MsoNormal\" style=\"text-align: justify; font-family: Arial;\">Ser\u00e3o 6 leiras na semana x 4 semanas = 24 leiras mensais.<\/p>\n<p class=\"MsoNormal\" style=\"text-align: justify; font-family: Arial;\">24 leiras x 3 meses = 72 leiras nos tr\u00eas meses.<\/p>\n<div style=\"text-align: justify; font-family: Arial;\">O Sindicato de Trabalhadores Rurais deste Munic\u00edpio, estabelecer\u00e1 a escala de agricultores que trabalhar\u00e3o na \u00e1rea de compostagem, segundo o estabelecido no Termo de Parceria assinado entre o Sindicato e a Secretar\u00eda do Meio Ambiente.<\/div>\n<div style=\"text-align: justify; font-family: Arial;\">Ao final desta etapa, os agricultores, dar\u00e3o continuidade ao projeto , sem precisar acompanhamento.<\/div>\n<div style=\"text-align: justify; font-family: Arial;\"><span style=\"font-weight: bold;\">Resultado e conclus\u00e3o:<\/span><\/div>\n<div style=\"text-align: justify; font-family: Arial;\">At\u00e9 o presente momento, est\u00e1 se realizando a primeira etapa do projeto. Foram constru\u00eddas os 4 t\u00faneis de madeira e formadas as 4 leiras.<\/div>\n<p class=\"MsoNormal\" style=\"text-align: justify; font-family: Arial;\">Foi realizada primeiramente a homogeneiza\u00e7\u00e3o da massa de compostagem formada por res\u00edduos org\u00e2nicos coletados pela ca\u00e7amba da Prefeitura, capim e caro\u00e7o de a\u00e7a\u00ed triturado. Revolveram-se a massa, aos 5 dias e aos 10 dias ap\u00f3s a forma\u00e7\u00e3o da leira no ch\u00e3o. Depois da segunda revolta da massa, foram formadas as leiras sobre cada t\u00fanel. Conseguiu-se a coleta, em torno de 700 kg por dia de res\u00edduos s\u00f3lidos, durante 4 dias, formando-se 1 leira di\u00e1ria, estando atualmente na fase de bioestabiliza\u00e7\u00e3o.<\/p>\n<p class=\"MsoNormal\" style=\"text-align: justify; font-family: Arial;\">Pelo interesse que vem demonstrando no decorrer do projeto, os agricultores, acredito que ir\u00e1 aumentando a quantidade de res\u00edduos org\u00e2nicos captados pela coleta seletiva, que foi estabelecida da seguinte forma: coleta de res\u00edduos org\u00e2nicos os dias 2\u00aa, 4\u00aa e 6\u00aa feira, tendo sido instalado na ca\u00e7amba da coleta uma sirene musical que identifica a coleta de res\u00edduos org\u00e2nicos. No come\u00e7o da passagem da ca\u00e7amba com a sirene musical, foi motivo de piadas, mas agora n\u00e3o causa mais estranheza.<\/p>\n<p class=\"MsoNormal\" style=\"text-align: justify; font-family: Arial;\">Acredito que quando estiver se produzindo as primeiras toneladas de adubo composto, os agricultores ir\u00e3o querer continuar com o andamento do projeto, pelos benef\u00edcios na produtividade de suas lavouras, e ir\u00e1 se firmar a coleta seletiva, que come\u00e7ou timidamente.<\/p>\n","protected":false},"excerpt":{"rendered":"<p>Autor: Luis Augusto Ledesma Rey Introdu\u00e7\u00e3o A fus\u00e3o das geleiras do Himalaia e da cordilheira dos Andes, o fen\u00f4meno sem precedentes dos refugiados ambientais e o destino final dos res\u00edduos s\u00f3lidos urbanos de um Munic\u00edpio brasileiro de pequeno porte. S\u00e3o aspectos de um s\u00f3 problema, que diz respeito ao futuro das condi\u00e7\u00f5es de vida das [&hellip;]<\/p>\n","protected":false},"author":1,"featured_media":0,"comment_status":"open","ping_status":"open","sticky":false,"template":"","format":"standard","meta":{"_jetpack_memberships_contains_paid_content":false,"footnotes":""},"categories":[3],"tags":[282,611,1054],"class_list":{"0":"post-129","1":"post","2":"type-post","3":"status-publish","4":"format-standard","6":"category-projetos-ambientais","7":"tag-coleta-seletiva","8":"tag-compostagem","9":"tag-residuos-urbanos"},"yoast_head":"<!-- This site is optimized with the Yoast SEO plugin v25.1 - https:\/\/yoast.com\/wordpress\/plugins\/seo\/ -->\n<title>Coleta Seletiva de Res\u00edduos Urbanos para \u00c1rea de Compostagem<\/title>\n<meta name=\"description\" content=\"Projeto incentivando a coleta seletiva em forma progressiva, com solu\u00e7\u00f5es pr\u00e1ticas e a reciclagem dos res\u00edduos org\u00e2nicos urbanos da cidade de Caapiranga-AM\" \/>\n<meta name=\"robots\" content=\"index, follow, max-snippet:-1, max-image-preview:large, max-video-preview:-1\" \/>\n<link rel=\"canonical\" href=\"https:\/\/cenedcursos.com.br\/meio-ambiente\/coleta-seletiva-de-resos-urbanos\/\" \/>\n<meta property=\"og:locale\" content=\"pt_BR\" \/>\n<meta property=\"og:type\" content=\"article\" \/>\n<meta property=\"og:title\" content=\"Coleta Seletiva de Res\u00edduos Urbanos para \u00c1rea de Compostagem\" \/>\n<meta property=\"og:description\" content=\"Projeto incentivando a coleta seletiva em forma progressiva, com solu\u00e7\u00f5es pr\u00e1ticas e a reciclagem dos res\u00edduos org\u00e2nicos urbanos da cidade de Caapiranga-AM\" \/>\n<meta property=\"og:url\" content=\"https:\/\/cenedcursos.com.br\/meio-ambiente\/coleta-seletiva-de-resos-urbanos\/\" \/>\n<meta property=\"og:site_name\" content=\"CENED Cursos Online\" \/>\n<meta property=\"article:published_time\" content=\"2007-06-03T11:51:42+00:00\" \/>\n<meta property=\"og:image\" content=\"https:\/\/www.cenedcursos.com.br\/meio-ambiente\/wp-content\/uploads\/2007\/06\/coleta-seletiva-300x128.jpg\" \/>\n<meta name=\"author\" content=\"Amarildo R. Ferrari\" \/>\n<meta name=\"twitter:card\" content=\"summary_large_image\" \/>\n<meta name=\"twitter:label1\" content=\"Escrito por\" \/>\n\t<meta name=\"twitter:data1\" content=\"Amarildo R. Ferrari\" \/>\n\t<meta name=\"twitter:label2\" content=\"Est. tempo de leitura\" \/>\n\t<meta name=\"twitter:data2\" content=\"4 minutos\" \/>\n<script type=\"application\/ld+json\" class=\"yoast-schema-graph\">{\"@context\":\"https:\/\/schema.org\",\"@graph\":[{\"@type\":\"WebPage\",\"@id\":\"https:\/\/cenedcursos.com.br\/meio-ambiente\/coleta-seletiva-de-resos-urbanos\/\",\"url\":\"https:\/\/cenedcursos.com.br\/meio-ambiente\/coleta-seletiva-de-resos-urbanos\/\",\"name\":\"Coleta Seletiva de Res\u00edduos Urbanos para \u00c1rea de Compostagem\",\"isPartOf\":{\"@id\":\"https:\/\/cenedcursos.com.br\/meio-ambiente\/#website\"},\"primaryImageOfPage\":{\"@id\":\"https:\/\/cenedcursos.com.br\/meio-ambiente\/coleta-seletiva-de-resos-urbanos\/#primaryimage\"},\"image\":{\"@id\":\"https:\/\/cenedcursos.com.br\/meio-ambiente\/coleta-seletiva-de-resos-urbanos\/#primaryimage\"},\"thumbnailUrl\":\"https:\/\/www.cenedcursos.com.br\/meio-ambiente\/wp-content\/uploads\/2007\/06\/coleta-seletiva-300x128.jpg\",\"datePublished\":\"2007-06-03T11:51:42+00:00\",\"author\":{\"@id\":\"https:\/\/cenedcursos.com.br\/meio-ambiente\/#\/schema\/person\/64377d24cdc16779a1eb6229894af388\"},\"description\":\"Projeto incentivando a coleta seletiva em forma progressiva, com solu\u00e7\u00f5es pr\u00e1ticas e a reciclagem dos res\u00edduos org\u00e2nicos urbanos da cidade de Caapiranga-AM\",\"breadcrumb\":{\"@id\":\"https:\/\/cenedcursos.com.br\/meio-ambiente\/coleta-seletiva-de-resos-urbanos\/#breadcrumb\"},\"inLanguage\":\"pt-BR\",\"potentialAction\":[{\"@type\":\"ReadAction\",\"target\":[\"https:\/\/cenedcursos.com.br\/meio-ambiente\/coleta-seletiva-de-resos-urbanos\/\"]}]},{\"@type\":\"ImageObject\",\"inLanguage\":\"pt-BR\",\"@id\":\"https:\/\/cenedcursos.com.br\/meio-ambiente\/coleta-seletiva-de-resos-urbanos\/#primaryimage\",\"url\":\"https:\/\/www.cenedcursos.com.br\/meio-ambiente\/wp-content\/uploads\/2007\/06\/coleta-seletiva-300x128.jpg\",\"contentUrl\":\"https:\/\/www.cenedcursos.com.br\/meio-ambiente\/wp-content\/uploads\/2007\/06\/coleta-seletiva-300x128.jpg\"},{\"@type\":\"BreadcrumbList\",\"@id\":\"https:\/\/cenedcursos.com.br\/meio-ambiente\/coleta-seletiva-de-resos-urbanos\/#breadcrumb\",\"itemListElement\":[{\"@type\":\"ListItem\",\"position\":1,\"name\":\"In\u00edcio\",\"item\":\"https:\/\/cenedcursos.com.br\/meio-ambiente\/\"},{\"@type\":\"ListItem\",\"position\":2,\"name\":\"Coleta Seletiva de Res\u00edduos Urbanos para \u00c1rea de Compostagem no Munic\u00edpio de Caapiranga-AM\"}]},{\"@type\":\"WebSite\",\"@id\":\"https:\/\/cenedcursos.com.br\/meio-ambiente\/#website\",\"url\":\"https:\/\/cenedcursos.com.br\/meio-ambiente\/\",\"name\":\"CENED Cursos Online\",\"description\":\"Aqui voc\u00ea encontra artigos em diversas \u00e1reas do conhecimento: meio ambiente, educa\u00e7\u00e3o, marketing digital, neg\u00f3cios online e muito mais.\",\"potentialAction\":[{\"@type\":\"SearchAction\",\"target\":{\"@type\":\"EntryPoint\",\"urlTemplate\":\"https:\/\/cenedcursos.com.br\/meio-ambiente\/?s={search_term_string}\"},\"query-input\":{\"@type\":\"PropertyValueSpecification\",\"valueRequired\":true,\"valueName\":\"search_term_string\"}}],\"inLanguage\":\"pt-BR\"},{\"@type\":\"Person\",\"@id\":\"https:\/\/cenedcursos.com.br\/meio-ambiente\/#\/schema\/person\/64377d24cdc16779a1eb6229894af388\",\"name\":\"Amarildo R. Ferrari\",\"image\":{\"@type\":\"ImageObject\",\"inLanguage\":\"pt-BR\",\"@id\":\"https:\/\/cenedcursos.com.br\/meio-ambiente\/#\/schema\/person\/image\/\",\"url\":\"https:\/\/secure.gravatar.com\/avatar\/6ea4248ca9f295c93f1b72f8398232f0fbbffe30349e6ec3839cfa5e09b0de3c?s=96&d=mm&r=g\",\"contentUrl\":\"https:\/\/secure.gravatar.com\/avatar\/6ea4248ca9f295c93f1b72f8398232f0fbbffe30349e6ec3839cfa5e09b0de3c?s=96&d=mm&r=g\",\"caption\":\"Amarildo R. Ferrari\"},\"sameAs\":[\"https:\/\/cenedcursos.com.br\/meio-ambiente\"],\"url\":\"https:\/\/cenedcursos.com.br\/meio-ambiente\/author\/admin\/\"}]}<\/script>\n<!-- \/ Yoast SEO plugin. -->","yoast_head_json":{"title":"Coleta Seletiva de Res\u00edduos Urbanos para \u00c1rea de Compostagem","description":"Projeto incentivando a coleta seletiva em forma progressiva, com solu\u00e7\u00f5es pr\u00e1ticas e a reciclagem dos res\u00edduos org\u00e2nicos urbanos da cidade de Caapiranga-AM","robots":{"index":"index","follow":"follow","max-snippet":"max-snippet:-1","max-image-preview":"max-image-preview:large","max-video-preview":"max-video-preview:-1"},"canonical":"https:\/\/cenedcursos.com.br\/meio-ambiente\/coleta-seletiva-de-resos-urbanos\/","og_locale":"pt_BR","og_type":"article","og_title":"Coleta Seletiva de Res\u00edduos Urbanos para \u00c1rea de Compostagem","og_description":"Projeto incentivando a coleta seletiva em forma progressiva, com solu\u00e7\u00f5es pr\u00e1ticas e a reciclagem dos res\u00edduos org\u00e2nicos urbanos da cidade de Caapiranga-AM","og_url":"https:\/\/cenedcursos.com.br\/meio-ambiente\/coleta-seletiva-de-resos-urbanos\/","og_site_name":"CENED Cursos Online","article_published_time":"2007-06-03T11:51:42+00:00","og_image":[{"url":"https:\/\/www.cenedcursos.com.br\/meio-ambiente\/wp-content\/uploads\/2007\/06\/coleta-seletiva-300x128.jpg","type":"","width":"","height":""}],"author":"Amarildo R. Ferrari","twitter_card":"summary_large_image","twitter_misc":{"Escrito por":"Amarildo R. Ferrari","Est. tempo de leitura":"4 minutos"},"schema":{"@context":"https:\/\/schema.org","@graph":[{"@type":"WebPage","@id":"https:\/\/cenedcursos.com.br\/meio-ambiente\/coleta-seletiva-de-resos-urbanos\/","url":"https:\/\/cenedcursos.com.br\/meio-ambiente\/coleta-seletiva-de-resos-urbanos\/","name":"Coleta Seletiva de Res\u00edduos Urbanos para \u00c1rea de Compostagem","isPartOf":{"@id":"https:\/\/cenedcursos.com.br\/meio-ambiente\/#website"},"primaryImageOfPage":{"@id":"https:\/\/cenedcursos.com.br\/meio-ambiente\/coleta-seletiva-de-resos-urbanos\/#primaryimage"},"image":{"@id":"https:\/\/cenedcursos.com.br\/meio-ambiente\/coleta-seletiva-de-resos-urbanos\/#primaryimage"},"thumbnailUrl":"https:\/\/www.cenedcursos.com.br\/meio-ambiente\/wp-content\/uploads\/2007\/06\/coleta-seletiva-300x128.jpg","datePublished":"2007-06-03T11:51:42+00:00","author":{"@id":"https:\/\/cenedcursos.com.br\/meio-ambiente\/#\/schema\/person\/64377d24cdc16779a1eb6229894af388"},"description":"Projeto incentivando a coleta seletiva em forma progressiva, com solu\u00e7\u00f5es pr\u00e1ticas e a reciclagem dos res\u00edduos org\u00e2nicos urbanos da cidade de Caapiranga-AM","breadcrumb":{"@id":"https:\/\/cenedcursos.com.br\/meio-ambiente\/coleta-seletiva-de-resos-urbanos\/#breadcrumb"},"inLanguage":"pt-BR","potentialAction":[{"@type":"ReadAction","target":["https:\/\/cenedcursos.com.br\/meio-ambiente\/coleta-seletiva-de-resos-urbanos\/"]}]},{"@type":"ImageObject","inLanguage":"pt-BR","@id":"https:\/\/cenedcursos.com.br\/meio-ambiente\/coleta-seletiva-de-resos-urbanos\/#primaryimage","url":"https:\/\/www.cenedcursos.com.br\/meio-ambiente\/wp-content\/uploads\/2007\/06\/coleta-seletiva-300x128.jpg","contentUrl":"https:\/\/www.cenedcursos.com.br\/meio-ambiente\/wp-content\/uploads\/2007\/06\/coleta-seletiva-300x128.jpg"},{"@type":"BreadcrumbList","@id":"https:\/\/cenedcursos.com.br\/meio-ambiente\/coleta-seletiva-de-resos-urbanos\/#breadcrumb","itemListElement":[{"@type":"ListItem","position":1,"name":"In\u00edcio","item":"https:\/\/cenedcursos.com.br\/meio-ambiente\/"},{"@type":"ListItem","position":2,"name":"Coleta Seletiva de Res\u00edduos Urbanos para \u00c1rea de Compostagem no Munic\u00edpio de Caapiranga-AM"}]},{"@type":"WebSite","@id":"https:\/\/cenedcursos.com.br\/meio-ambiente\/#website","url":"https:\/\/cenedcursos.com.br\/meio-ambiente\/","name":"CENED Cursos Online","description":"Aqui voc\u00ea encontra artigos em diversas \u00e1reas do conhecimento: meio ambiente, educa\u00e7\u00e3o, marketing digital, neg\u00f3cios online e muito mais.","potentialAction":[{"@type":"SearchAction","target":{"@type":"EntryPoint","urlTemplate":"https:\/\/cenedcursos.com.br\/meio-ambiente\/?s={search_term_string}"},"query-input":{"@type":"PropertyValueSpecification","valueRequired":true,"valueName":"search_term_string"}}],"inLanguage":"pt-BR"},{"@type":"Person","@id":"https:\/\/cenedcursos.com.br\/meio-ambiente\/#\/schema\/person\/64377d24cdc16779a1eb6229894af388","name":"Amarildo R. Ferrari","image":{"@type":"ImageObject","inLanguage":"pt-BR","@id":"https:\/\/cenedcursos.com.br\/meio-ambiente\/#\/schema\/person\/image\/","url":"https:\/\/secure.gravatar.com\/avatar\/6ea4248ca9f295c93f1b72f8398232f0fbbffe30349e6ec3839cfa5e09b0de3c?s=96&d=mm&r=g","contentUrl":"https:\/\/secure.gravatar.com\/avatar\/6ea4248ca9f295c93f1b72f8398232f0fbbffe30349e6ec3839cfa5e09b0de3c?s=96&d=mm&r=g","caption":"Amarildo R. Ferrari"},"sameAs":["https:\/\/cenedcursos.com.br\/meio-ambiente"],"url":"https:\/\/cenedcursos.com.br\/meio-ambiente\/author\/admin\/"}]}},"jetpack_featured_media_url":"","jetpack_sharing_enabled":true,"_links":{"self":[{"href":"https:\/\/cenedcursos.com.br\/meio-ambiente\/wp-json\/wp\/v2\/posts\/129","targetHints":{"allow":["GET"]}}],"collection":[{"href":"https:\/\/cenedcursos.com.br\/meio-ambiente\/wp-json\/wp\/v2\/posts"}],"about":[{"href":"https:\/\/cenedcursos.com.br\/meio-ambiente\/wp-json\/wp\/v2\/types\/post"}],"author":[{"embeddable":true,"href":"https:\/\/cenedcursos.com.br\/meio-ambiente\/wp-json\/wp\/v2\/users\/1"}],"replies":[{"embeddable":true,"href":"https:\/\/cenedcursos.com.br\/meio-ambiente\/wp-json\/wp\/v2\/comments?post=129"}],"version-history":[{"count":0,"href":"https:\/\/cenedcursos.com.br\/meio-ambiente\/wp-json\/wp\/v2\/posts\/129\/revisions"}],"wp:attachment":[{"href":"https:\/\/cenedcursos.com.br\/meio-ambiente\/wp-json\/wp\/v2\/media?parent=129"}],"wp:term":[{"taxonomy":"category","embeddable":true,"href":"https:\/\/cenedcursos.com.br\/meio-ambiente\/wp-json\/wp\/v2\/categories?post=129"},{"taxonomy":"post_tag","embeddable":true,"href":"https:\/\/cenedcursos.com.br\/meio-ambiente\/wp-json\/wp\/v2\/tags?post=129"}],"curies":[{"name":"wp","href":"https:\/\/api.w.org\/{rel}","templated":true}]}}