{"id":13287,"date":"2024-10-30T13:29:16","date_gmt":"2024-10-30T16:29:16","guid":{"rendered":"https:\/\/cenedcursos.com.br\/meio-ambiente\/?p=13287"},"modified":"2024-10-30T13:29:16","modified_gmt":"2024-10-30T16:29:16","slug":"a-importancia-do-conteudo-digital-na-consciencia-ambiental","status":"publish","type":"post","link":"https:\/\/cenedcursos.com.br\/meio-ambiente\/a-importancia-do-conteudo-digital-na-consciencia-ambiental\/","title":{"rendered":"A Import\u00e2ncia do Conte\u00fado Digital na Consci\u00eancia Ambiental"},"content":{"rendered":"<p style=\"text-align: justify;\">A crescente preocupa\u00e7\u00e3o com quest\u00f5es ambientais e a necessidade de solu\u00e7\u00f5es sustent\u00e1veis t\u00eam ganhado destaque nas \u00faltimas d\u00e9cadas. Em meio a esse cen\u00e1rio, o conte\u00fado digital surge como uma ferramenta fundamental para conscientizar a popula\u00e7\u00e3o e fomentar mudan\u00e7as. Blogs, redes sociais, v\u00eddeos e podcasts ampliam o acesso a informa\u00e7\u00f5es sobre sustentabilidade, alcan\u00e7ando um p\u00fablico diversificado e inspirando atitudes mais ecol\u00f3gicas. Este artigo explora como o conte\u00fado digital promove a consci\u00eancia ambiental e mobiliza a\u00e7\u00f5es que podem transformar n\u00e3o s\u00f3 a vida cotidiana, mas tamb\u00e9m pr\u00e1ticas corporativas e pol\u00edticas.<\/p>\n<h3 style=\"text-align: justify;\">1. Democratiza\u00e7\u00e3o do Conhecimento Ambiental<\/h3>\n<p style=\"text-align: justify;\">O conte\u00fado digital tem o poder de democratizar o conhecimento, facilitando o acesso \u00e0 informa\u00e7\u00e3o ambiental para milh\u00f5es de pessoas. Antes da internet, o entendimento sobre ecologia e sustentabilidade era limitado a poucos especialistas. Hoje, as plataformas digitais tornam temas complexos mais acess\u00edveis, ajudando a popula\u00e7\u00e3o a compreender quest\u00f5es como mudan\u00e7as clim\u00e1ticas, polui\u00e7\u00e3o e conserva\u00e7\u00e3o de ecossistemas. A dissemina\u00e7\u00e3o de informa\u00e7\u00f5es relevantes contribui para a constru\u00e7\u00e3o de uma sociedade mais consciente e engajada na preserva\u00e7\u00e3o do meio ambiente.<\/p>\n<p style=\"text-align: justify;\">Essa democratiza\u00e7\u00e3o \u00e9 valiosa inclusive em setores espec\u00edficos, como o de\u00a0<a href=\"https:\/\/devsdata.com\/resumes\/talent-acquisition\/us-it-recruiter-resume-sample\/\" target=\"_blank\" rel=\"noopener\">us it recruiter resume<\/a>, onde a sustentabilidade pode ser considerada nos processos de recrutamento. Recrutadores que entendem a import\u00e2ncia da responsabilidade ambiental est\u00e3o aptos a identificar talentos alinhados com valores sustent\u00e1veis, trazendo profissionais para empresas que promovem solu\u00e7\u00f5es mais ecol\u00f3gicas. Isso impulsiona pr\u00e1ticas respons\u00e1veis no mercado de tecnologia e gera um impacto positivo em toda a cadeia de trabalho.<\/p>\n<h3 style=\"text-align: justify;\">2. Incentivo \u00e0 Mudan\u00e7a de Comportamento<\/h3>\n<p style=\"text-align: justify;\">Al\u00e9m de informar, o conte\u00fado digital tamb\u00e9m incentiva a mudan\u00e7a de comportamento. As m\u00eddias digitais s\u00e3o ricas em dicas pr\u00e1ticas e relatos inspiradores que motivam as pessoas a adotarem h\u00e1bitos mais sustent\u00e1veis, como reduzir o consumo de pl\u00e1stico, economizar energia e apoiar marcas ecologicamente corretas. O efeito multiplicador das redes sociais faz com que essas mudan\u00e7as comportamentais se tornem parte de um movimento coletivo em prol do meio ambiente.<\/p>\n<p style=\"text-align: justify;\">Empresas de diversos setores tamb\u00e9m podem se beneficiar dessa mudan\u00e7a de atitude. Por exemplo, no setor de\u00a0<a href=\"https:\/\/devsdata.com\/top-software-development-outsourcing-companies\/\" target=\"_blank\" rel=\"noopener\">agile software outsourcing<\/a>, \u00e9 poss\u00edvel incorporar princ\u00edpios sustent\u00e1veis ao desenvolvimento de softwares e servi\u00e7os. Ao adotar pr\u00e1ticas de trabalho remoto, economizar recursos e reduzir o consumo de energia, essas empresas contribuem para a sustentabilidade e incentivam seus colaboradores a agirem de forma mais respons\u00e1vel. O uso de metodologias \u00e1geis, al\u00e9m de otimizar processos, permite uma estrutura de trabalho flex\u00edvel que pode priorizar pr\u00e1ticas ambientais.<\/p>\n<p><img data-recalc-dims=\"1\" loading=\"lazy\" decoding=\"async\" data-attachment-id=\"13289\" data-permalink=\"https:\/\/cenedcursos.com.br\/meio-ambiente\/a-importancia-do-conteudo-digital-na-consciencia-ambiental\/conteudo-digital\/\" data-orig-file=\"https:\/\/i0.wp.com\/cenedcursos.com.br\/meio-ambiente\/wp-content\/uploads\/2024\/10\/conteudo-digital.webp?fit=1200%2C800&amp;ssl=1\" data-orig-size=\"1200,800\" data-comments-opened=\"1\" data-image-meta=\"{&quot;aperture&quot;:&quot;0&quot;,&quot;credit&quot;:&quot;&quot;,&quot;camera&quot;:&quot;&quot;,&quot;caption&quot;:&quot;&quot;,&quot;created_timestamp&quot;:&quot;0&quot;,&quot;copyright&quot;:&quot;&quot;,&quot;focal_length&quot;:&quot;0&quot;,&quot;iso&quot;:&quot;0&quot;,&quot;shutter_speed&quot;:&quot;0&quot;,&quot;title&quot;:&quot;&quot;,&quot;orientation&quot;:&quot;0&quot;}\" data-image-title=\"conte\u00fado digital\" data-image-description=\"\" data-image-caption=\"\" data-medium-file=\"https:\/\/i0.wp.com\/cenedcursos.com.br\/meio-ambiente\/wp-content\/uploads\/2024\/10\/conteudo-digital.webp?fit=300%2C200&amp;ssl=1\" data-large-file=\"https:\/\/i0.wp.com\/cenedcursos.com.br\/meio-ambiente\/wp-content\/uploads\/2024\/10\/conteudo-digital.webp?fit=696%2C464&amp;ssl=1\" class=\"alignnone size-large wp-image-13289\" src=\"https:\/\/i0.wp.com\/cenedcursos.com.br\/meio-ambiente\/wp-content\/uploads\/2024\/10\/conteudo-digital.webp?resize=696%2C464&#038;ssl=1\" alt=\"conte\u00fado digital\" width=\"696\" height=\"464\" srcset=\"https:\/\/i0.wp.com\/cenedcursos.com.br\/meio-ambiente\/wp-content\/uploads\/2024\/10\/conteudo-digital.webp?resize=1024%2C683&amp;ssl=1 1024w, https:\/\/i0.wp.com\/cenedcursos.com.br\/meio-ambiente\/wp-content\/uploads\/2024\/10\/conteudo-digital.webp?resize=300%2C200&amp;ssl=1 300w, https:\/\/i0.wp.com\/cenedcursos.com.br\/meio-ambiente\/wp-content\/uploads\/2024\/10\/conteudo-digital.webp?resize=768%2C512&amp;ssl=1 768w, https:\/\/i0.wp.com\/cenedcursos.com.br\/meio-ambiente\/wp-content\/uploads\/2024\/10\/conteudo-digital.webp?resize=696%2C464&amp;ssl=1 696w, https:\/\/i0.wp.com\/cenedcursos.com.br\/meio-ambiente\/wp-content\/uploads\/2024\/10\/conteudo-digital.webp?resize=1068%2C712&amp;ssl=1 1068w, https:\/\/i0.wp.com\/cenedcursos.com.br\/meio-ambiente\/wp-content\/uploads\/2024\/10\/conteudo-digital.webp?resize=630%2C420&amp;ssl=1 630w, https:\/\/i0.wp.com\/cenedcursos.com.br\/meio-ambiente\/wp-content\/uploads\/2024\/10\/conteudo-digital.webp?w=1200&amp;ssl=1 1200w\" sizes=\"auto, (max-width: 696px) 100vw, 696px\" \/><\/p>\n<h3 style=\"text-align: justify;\">3. Mobiliza\u00e7\u00e3o para A\u00e7\u00f5es Coletivas<\/h3>\n<p style=\"text-align: justify;\">O conte\u00fado digital \u00e9 um importante catalisador para a\u00e7\u00f5es coletivas, permitindo que pessoas com interesses em comum se conectem e se organizem para promover iniciativas ambientais. Movimentos como a coleta de lixo em praias, campanhas de reflorestamento e reciclagem ganham for\u00e7a e visibilidade por meio das m\u00eddias digitais, aumentando a participa\u00e7\u00e3o da comunidade e o engajamento.<\/p>\n<p style=\"text-align: justify;\">Al\u00e9m disso, o conte\u00fado digital contribui para a forma\u00e7\u00e3o de redes de apoio e comunidades voltadas \u00e0 preserva\u00e7\u00e3o do meio ambiente. Essa mobiliza\u00e7\u00e3o, viabilizada pela internet, refor\u00e7a a uni\u00e3o em torno de causas ecol\u00f3gicas e facilita o desenvolvimento de pr\u00e1ticas e pol\u00edticas ambientais em \u00e2mbito local e global.<\/p>\n<h3 style=\"text-align: justify;\">4. Influ\u00eancia nas Pol\u00edticas P\u00fablicas<\/h3>\n<p style=\"text-align: justify;\">A press\u00e3o da opini\u00e3o p\u00fablica, moldada pelo conte\u00fado digital, tem um papel significativo na formula\u00e7\u00e3o de pol\u00edticas ambientais. A visibilidade dada a movimentos e causas ambientais permite que governos e entidades governamentais percebam a import\u00e2ncia de implementar pol\u00edticas que protejam o meio ambiente. Peti\u00e7\u00f5es online, campanhas de conscientiza\u00e7\u00e3o e debates em redes sociais t\u00eam o poder de exigir respostas e regulamenta\u00e7\u00f5es voltadas \u00e0 sustentabilidade.<\/p>\n<p style=\"text-align: justify;\">Esse fen\u00f4meno se reflete nas empresas, que s\u00e3o pressionadas a alinhar suas opera\u00e7\u00f5es com as expectativas ambientais da sociedade. Essa exig\u00eancia por parte do p\u00fablico e do governo leva as organiza\u00e7\u00f5es a adotar pr\u00e1ticas mais sustent\u00e1veis em suas opera\u00e7\u00f5es, o que resulta em uma influ\u00eancia positiva em toda a cadeia de produ\u00e7\u00e3o.<\/p>\n<h3 style=\"text-align: justify;\">5. Educa\u00e7\u00e3o e Inspira\u00e7\u00e3o para Novas Solu\u00e7\u00f5es Tecnol\u00f3gicas<\/h3>\n<p style=\"text-align: justify;\">Com o acesso r\u00e1pido \u00e0 informa\u00e7\u00e3o, muitas pessoas s\u00e3o inspiradas a buscar solu\u00e7\u00f5es tecnol\u00f3gicas voltadas \u00e0 sustentabilidade. A tecnologia verde, por exemplo, \u00e9 um setor que se desenvolve em grande parte gra\u00e7as \u00e0 exposi\u00e7\u00e3o e ao incentivo gerado pelo conte\u00fado digital. Desde a cria\u00e7\u00e3o de aplicativos que promovem o uso consciente de recursos at\u00e9 sistemas de monitoramento ambiental, a inova\u00e7\u00e3o na \u00e1rea de tecnologia \u00e9 impulsionada pelo desejo de minimizar os <a href=\"https:\/\/cenedcursos.com.br\/meio-ambiente\/o-que-sao-residuos-solidos-definicao-tipos-e-impactos-ambientais\/\">impactos ambientais<\/a>.<\/p>\n<p style=\"text-align: justify;\">Empresas de tecnologia e startups t\u00eam se beneficiado da demanda por solu\u00e7\u00f5es ecol\u00f3gicas, e o conte\u00fado digital desempenha um papel fundamental na promo\u00e7\u00e3o dessas ideias. Essa visibilidade para projetos sustent\u00e1veis permite que mais investidores e profissionais entrem no mercado de tecnologia verde, fortalecendo um setor que contribui diretamente para a preserva\u00e7\u00e3o ambiental.<\/p>\n<h3 style=\"text-align: justify;\">Conclus\u00e3o<\/h3>\n<p style=\"text-align: justify;\">O conte\u00fado digital tem um papel crucial na promo\u00e7\u00e3o da consci\u00eancia ambiental e na mobiliza\u00e7\u00e3o de a\u00e7\u00f5es sustent\u00e1veis. Seja ao informar, inspirar ou conectar, o alcance das m\u00eddias digitais \u00e9 um catalisador para a conscientiza\u00e7\u00e3o e a mudan\u00e7a de atitudes em prol do meio ambiente. Empresas e profissionais em diferentes setores, como\u00a0<strong>us it recruiter resume<\/strong>\u00a0e\u00a0<strong>agile software outsourcing<\/strong>, t\u00eam um papel importante na cria\u00e7\u00e3o e ado\u00e7\u00e3o de pr\u00e1ticas mais sustent\u00e1veis, refletindo a import\u00e2ncia de alinhar os valores de responsabilidade social e ambiental em todos os n\u00edveis. Por meio da informa\u00e7\u00e3o e da mobiliza\u00e7\u00e3o digital, \u00e9 poss\u00edvel construir uma sociedade mais consciente, ativa e comprometida com a preserva\u00e7\u00e3o do planeta.<\/p>\n<p style=\"text-align: justify;\">Saiba mais em\u00a0<a href=\"https:\/\/devsdata.com\/\" target=\"_blank\" rel=\"noopener\">https:\/\/devsdata.com<\/a><\/p>\n","protected":false},"excerpt":{"rendered":"<p>A crescente preocupa\u00e7\u00e3o com quest\u00f5es ambientais e a necessidade de solu\u00e7\u00f5es sustent\u00e1veis t\u00eam ganhado destaque nas \u00faltimas d\u00e9cadas. Em meio a esse cen\u00e1rio, o conte\u00fado digital surge como uma ferramenta fundamental para conscientizar a popula\u00e7\u00e3o e fomentar mudan\u00e7as. Blogs, redes sociais, v\u00eddeos e podcasts ampliam o acesso a informa\u00e7\u00f5es sobre sustentabilidade, alcan\u00e7ando um p\u00fablico diversificado [&hellip;]<\/p>\n","protected":false},"author":1,"featured_media":13289,"comment_status":"open","ping_status":"open","sticky":false,"template":"","format":"standard","meta":{"_jetpack_memberships_contains_paid_content":false,"footnotes":""},"categories":[1595],"tags":[],"class_list":{"0":"post-13287","1":"post","2":"type-post","3":"status-publish","4":"format-standard","5":"has-post-thumbnail","7":"category-marketing-digital"},"yoast_head":"<!-- This site is optimized with the Yoast SEO plugin v25.1 - https:\/\/yoast.com\/wordpress\/plugins\/seo\/ -->\n<title>A Import\u00e2ncia do Conte\u00fado Digital na Consci\u00eancia Ambiental - CENED Cursos Online<\/title>\n<meta name=\"description\" content=\"Descubra como o conte\u00fado digital promove a consci\u00eancia ambiental, impulsiona pr\u00e1ticas sustent\u00e1veis e influencia mudan\u00e7as sociais e\" \/>\n<meta name=\"robots\" content=\"index, follow, max-snippet:-1, max-image-preview:large, max-video-preview:-1\" \/>\n<link rel=\"canonical\" href=\"https:\/\/cenedcursos.com.br\/meio-ambiente\/a-importancia-do-conteudo-digital-na-consciencia-ambiental\/\" \/>\n<meta property=\"og:locale\" content=\"pt_BR\" \/>\n<meta property=\"og:type\" content=\"article\" \/>\n<meta property=\"og:title\" content=\"A Import\u00e2ncia do Conte\u00fado Digital na Consci\u00eancia Ambiental - CENED Cursos Online\" \/>\n<meta property=\"og:description\" content=\"Descubra como o conte\u00fado digital promove a consci\u00eancia ambiental, impulsiona pr\u00e1ticas sustent\u00e1veis e influencia mudan\u00e7as sociais e\" \/>\n<meta property=\"og:url\" content=\"https:\/\/cenedcursos.com.br\/meio-ambiente\/a-importancia-do-conteudo-digital-na-consciencia-ambiental\/\" \/>\n<meta property=\"og:site_name\" content=\"CENED Cursos Online\" \/>\n<meta property=\"article:published_time\" content=\"2024-10-30T16:29:16+00:00\" \/>\n<meta property=\"og:image\" content=\"https:\/\/cenedcursos.com.br\/meio-ambiente\/wp-content\/uploads\/2024\/10\/conteudo-digital.webp\" \/>\n\t<meta property=\"og:image:width\" content=\"1200\" \/>\n\t<meta property=\"og:image:height\" content=\"800\" \/>\n\t<meta property=\"og:image:type\" content=\"image\/webp\" \/>\n<meta name=\"author\" content=\"Amarildo R. Ferrari\" \/>\n<meta name=\"twitter:card\" content=\"summary_large_image\" \/>\n<meta name=\"twitter:label1\" content=\"Escrito por\" \/>\n\t<meta name=\"twitter:data1\" content=\"Amarildo R. Ferrari\" \/>\n\t<meta name=\"twitter:label2\" content=\"Est. tempo de leitura\" \/>\n\t<meta name=\"twitter:data2\" content=\"6 minutos\" \/>\n<script type=\"application\/ld+json\" class=\"yoast-schema-graph\">{\"@context\":\"https:\/\/schema.org\",\"@graph\":[{\"@type\":\"WebPage\",\"@id\":\"https:\/\/cenedcursos.com.br\/meio-ambiente\/a-importancia-do-conteudo-digital-na-consciencia-ambiental\/\",\"url\":\"https:\/\/cenedcursos.com.br\/meio-ambiente\/a-importancia-do-conteudo-digital-na-consciencia-ambiental\/\",\"name\":\"A Import\u00e2ncia do Conte\u00fado Digital na Consci\u00eancia Ambiental - CENED Cursos Online\",\"isPartOf\":{\"@id\":\"https:\/\/cenedcursos.com.br\/meio-ambiente\/#website\"},\"primaryImageOfPage\":{\"@id\":\"https:\/\/cenedcursos.com.br\/meio-ambiente\/a-importancia-do-conteudo-digital-na-consciencia-ambiental\/#primaryimage\"},\"image\":{\"@id\":\"https:\/\/cenedcursos.com.br\/meio-ambiente\/a-importancia-do-conteudo-digital-na-consciencia-ambiental\/#primaryimage\"},\"thumbnailUrl\":\"https:\/\/i0.wp.com\/cenedcursos.com.br\/meio-ambiente\/wp-content\/uploads\/2024\/10\/conteudo-digital.webp?fit=1200%2C800&ssl=1\",\"datePublished\":\"2024-10-30T16:29:16+00:00\",\"author\":{\"@id\":\"https:\/\/cenedcursos.com.br\/meio-ambiente\/#\/schema\/person\/64377d24cdc16779a1eb6229894af388\"},\"description\":\"Descubra como o conte\u00fado digital promove a consci\u00eancia ambiental, impulsiona pr\u00e1ticas sustent\u00e1veis e influencia mudan\u00e7as sociais e\",\"breadcrumb\":{\"@id\":\"https:\/\/cenedcursos.com.br\/meio-ambiente\/a-importancia-do-conteudo-digital-na-consciencia-ambiental\/#breadcrumb\"},\"inLanguage\":\"pt-BR\",\"potentialAction\":[{\"@type\":\"ReadAction\",\"target\":[\"https:\/\/cenedcursos.com.br\/meio-ambiente\/a-importancia-do-conteudo-digital-na-consciencia-ambiental\/\"]}]},{\"@type\":\"ImageObject\",\"inLanguage\":\"pt-BR\",\"@id\":\"https:\/\/cenedcursos.com.br\/meio-ambiente\/a-importancia-do-conteudo-digital-na-consciencia-ambiental\/#primaryimage\",\"url\":\"https:\/\/i0.wp.com\/cenedcursos.com.br\/meio-ambiente\/wp-content\/uploads\/2024\/10\/conteudo-digital.webp?fit=1200%2C800&ssl=1\",\"contentUrl\":\"https:\/\/i0.wp.com\/cenedcursos.com.br\/meio-ambiente\/wp-content\/uploads\/2024\/10\/conteudo-digital.webp?fit=1200%2C800&ssl=1\",\"width\":1200,\"height\":800,\"caption\":\"conte\u00fado digital\"},{\"@type\":\"BreadcrumbList\",\"@id\":\"https:\/\/cenedcursos.com.br\/meio-ambiente\/a-importancia-do-conteudo-digital-na-consciencia-ambiental\/#breadcrumb\",\"itemListElement\":[{\"@type\":\"ListItem\",\"position\":1,\"name\":\"In\u00edcio\",\"item\":\"https:\/\/cenedcursos.com.br\/meio-ambiente\/\"},{\"@type\":\"ListItem\",\"position\":2,\"name\":\"A Import\u00e2ncia do Conte\u00fado Digital na Consci\u00eancia Ambiental\"}]},{\"@type\":\"WebSite\",\"@id\":\"https:\/\/cenedcursos.com.br\/meio-ambiente\/#website\",\"url\":\"https:\/\/cenedcursos.com.br\/meio-ambiente\/\",\"name\":\"CENED Cursos Online\",\"description\":\"Aqui voc\u00ea encontra artigos em diversas \u00e1reas do conhecimento: meio ambiente, educa\u00e7\u00e3o, marketing digital, neg\u00f3cios online e muito mais.\",\"potentialAction\":[{\"@type\":\"SearchAction\",\"target\":{\"@type\":\"EntryPoint\",\"urlTemplate\":\"https:\/\/cenedcursos.com.br\/meio-ambiente\/?s={search_term_string}\"},\"query-input\":{\"@type\":\"PropertyValueSpecification\",\"valueRequired\":true,\"valueName\":\"search_term_string\"}}],\"inLanguage\":\"pt-BR\"},{\"@type\":\"Person\",\"@id\":\"https:\/\/cenedcursos.com.br\/meio-ambiente\/#\/schema\/person\/64377d24cdc16779a1eb6229894af388\",\"name\":\"Amarildo R. Ferrari\",\"image\":{\"@type\":\"ImageObject\",\"inLanguage\":\"pt-BR\",\"@id\":\"https:\/\/cenedcursos.com.br\/meio-ambiente\/#\/schema\/person\/image\/\",\"url\":\"https:\/\/secure.gravatar.com\/avatar\/6ea4248ca9f295c93f1b72f8398232f0fbbffe30349e6ec3839cfa5e09b0de3c?s=96&d=mm&r=g\",\"contentUrl\":\"https:\/\/secure.gravatar.com\/avatar\/6ea4248ca9f295c93f1b72f8398232f0fbbffe30349e6ec3839cfa5e09b0de3c?s=96&d=mm&r=g\",\"caption\":\"Amarildo R. Ferrari\"},\"sameAs\":[\"https:\/\/cenedcursos.com.br\/meio-ambiente\"],\"url\":\"https:\/\/cenedcursos.com.br\/meio-ambiente\/author\/admin\/\"}]}<\/script>\n<!-- \/ Yoast SEO plugin. -->","yoast_head_json":{"title":"A Import\u00e2ncia do Conte\u00fado Digital na Consci\u00eancia Ambiental - CENED Cursos Online","description":"Descubra como o conte\u00fado digital promove a consci\u00eancia ambiental, impulsiona pr\u00e1ticas sustent\u00e1veis e influencia mudan\u00e7as sociais e","robots":{"index":"index","follow":"follow","max-snippet":"max-snippet:-1","max-image-preview":"max-image-preview:large","max-video-preview":"max-video-preview:-1"},"canonical":"https:\/\/cenedcursos.com.br\/meio-ambiente\/a-importancia-do-conteudo-digital-na-consciencia-ambiental\/","og_locale":"pt_BR","og_type":"article","og_title":"A Import\u00e2ncia do Conte\u00fado Digital na Consci\u00eancia Ambiental - CENED Cursos Online","og_description":"Descubra como o conte\u00fado digital promove a consci\u00eancia ambiental, impulsiona pr\u00e1ticas sustent\u00e1veis e influencia mudan\u00e7as sociais e","og_url":"https:\/\/cenedcursos.com.br\/meio-ambiente\/a-importancia-do-conteudo-digital-na-consciencia-ambiental\/","og_site_name":"CENED Cursos Online","article_published_time":"2024-10-30T16:29:16+00:00","og_image":[{"width":1200,"height":800,"url":"https:\/\/cenedcursos.com.br\/meio-ambiente\/wp-content\/uploads\/2024\/10\/conteudo-digital.webp","type":"image\/webp"}],"author":"Amarildo R. Ferrari","twitter_card":"summary_large_image","twitter_misc":{"Escrito por":"Amarildo R. Ferrari","Est. tempo de leitura":"6 minutos"},"schema":{"@context":"https:\/\/schema.org","@graph":[{"@type":"WebPage","@id":"https:\/\/cenedcursos.com.br\/meio-ambiente\/a-importancia-do-conteudo-digital-na-consciencia-ambiental\/","url":"https:\/\/cenedcursos.com.br\/meio-ambiente\/a-importancia-do-conteudo-digital-na-consciencia-ambiental\/","name":"A Import\u00e2ncia do Conte\u00fado Digital na Consci\u00eancia Ambiental - CENED Cursos Online","isPartOf":{"@id":"https:\/\/cenedcursos.com.br\/meio-ambiente\/#website"},"primaryImageOfPage":{"@id":"https:\/\/cenedcursos.com.br\/meio-ambiente\/a-importancia-do-conteudo-digital-na-consciencia-ambiental\/#primaryimage"},"image":{"@id":"https:\/\/cenedcursos.com.br\/meio-ambiente\/a-importancia-do-conteudo-digital-na-consciencia-ambiental\/#primaryimage"},"thumbnailUrl":"https:\/\/i0.wp.com\/cenedcursos.com.br\/meio-ambiente\/wp-content\/uploads\/2024\/10\/conteudo-digital.webp?fit=1200%2C800&ssl=1","datePublished":"2024-10-30T16:29:16+00:00","author":{"@id":"https:\/\/cenedcursos.com.br\/meio-ambiente\/#\/schema\/person\/64377d24cdc16779a1eb6229894af388"},"description":"Descubra como o conte\u00fado digital promove a consci\u00eancia ambiental, impulsiona pr\u00e1ticas sustent\u00e1veis e influencia mudan\u00e7as sociais e","breadcrumb":{"@id":"https:\/\/cenedcursos.com.br\/meio-ambiente\/a-importancia-do-conteudo-digital-na-consciencia-ambiental\/#breadcrumb"},"inLanguage":"pt-BR","potentialAction":[{"@type":"ReadAction","target":["https:\/\/cenedcursos.com.br\/meio-ambiente\/a-importancia-do-conteudo-digital-na-consciencia-ambiental\/"]}]},{"@type":"ImageObject","inLanguage":"pt-BR","@id":"https:\/\/cenedcursos.com.br\/meio-ambiente\/a-importancia-do-conteudo-digital-na-consciencia-ambiental\/#primaryimage","url":"https:\/\/i0.wp.com\/cenedcursos.com.br\/meio-ambiente\/wp-content\/uploads\/2024\/10\/conteudo-digital.webp?fit=1200%2C800&ssl=1","contentUrl":"https:\/\/i0.wp.com\/cenedcursos.com.br\/meio-ambiente\/wp-content\/uploads\/2024\/10\/conteudo-digital.webp?fit=1200%2C800&ssl=1","width":1200,"height":800,"caption":"conte\u00fado digital"},{"@type":"BreadcrumbList","@id":"https:\/\/cenedcursos.com.br\/meio-ambiente\/a-importancia-do-conteudo-digital-na-consciencia-ambiental\/#breadcrumb","itemListElement":[{"@type":"ListItem","position":1,"name":"In\u00edcio","item":"https:\/\/cenedcursos.com.br\/meio-ambiente\/"},{"@type":"ListItem","position":2,"name":"A Import\u00e2ncia do Conte\u00fado Digital na Consci\u00eancia Ambiental"}]},{"@type":"WebSite","@id":"https:\/\/cenedcursos.com.br\/meio-ambiente\/#website","url":"https:\/\/cenedcursos.com.br\/meio-ambiente\/","name":"CENED Cursos Online","description":"Aqui voc\u00ea encontra artigos em diversas \u00e1reas do conhecimento: meio ambiente, educa\u00e7\u00e3o, marketing digital, neg\u00f3cios online e muito mais.","potentialAction":[{"@type":"SearchAction","target":{"@type":"EntryPoint","urlTemplate":"https:\/\/cenedcursos.com.br\/meio-ambiente\/?s={search_term_string}"},"query-input":{"@type":"PropertyValueSpecification","valueRequired":true,"valueName":"search_term_string"}}],"inLanguage":"pt-BR"},{"@type":"Person","@id":"https:\/\/cenedcursos.com.br\/meio-ambiente\/#\/schema\/person\/64377d24cdc16779a1eb6229894af388","name":"Amarildo R. Ferrari","image":{"@type":"ImageObject","inLanguage":"pt-BR","@id":"https:\/\/cenedcursos.com.br\/meio-ambiente\/#\/schema\/person\/image\/","url":"https:\/\/secure.gravatar.com\/avatar\/6ea4248ca9f295c93f1b72f8398232f0fbbffe30349e6ec3839cfa5e09b0de3c?s=96&d=mm&r=g","contentUrl":"https:\/\/secure.gravatar.com\/avatar\/6ea4248ca9f295c93f1b72f8398232f0fbbffe30349e6ec3839cfa5e09b0de3c?s=96&d=mm&r=g","caption":"Amarildo R. Ferrari"},"sameAs":["https:\/\/cenedcursos.com.br\/meio-ambiente"],"url":"https:\/\/cenedcursos.com.br\/meio-ambiente\/author\/admin\/"}]}},"jetpack_featured_media_url":"https:\/\/i0.wp.com\/cenedcursos.com.br\/meio-ambiente\/wp-content\/uploads\/2024\/10\/conteudo-digital.webp?fit=1200%2C800&ssl=1","jetpack_sharing_enabled":true,"_links":{"self":[{"href":"https:\/\/cenedcursos.com.br\/meio-ambiente\/wp-json\/wp\/v2\/posts\/13287","targetHints":{"allow":["GET"]}}],"collection":[{"href":"https:\/\/cenedcursos.com.br\/meio-ambiente\/wp-json\/wp\/v2\/posts"}],"about":[{"href":"https:\/\/cenedcursos.com.br\/meio-ambiente\/wp-json\/wp\/v2\/types\/post"}],"author":[{"embeddable":true,"href":"https:\/\/cenedcursos.com.br\/meio-ambiente\/wp-json\/wp\/v2\/users\/1"}],"replies":[{"embeddable":true,"href":"https:\/\/cenedcursos.com.br\/meio-ambiente\/wp-json\/wp\/v2\/comments?post=13287"}],"version-history":[{"count":0,"href":"https:\/\/cenedcursos.com.br\/meio-ambiente\/wp-json\/wp\/v2\/posts\/13287\/revisions"}],"wp:featuredmedia":[{"embeddable":true,"href":"https:\/\/cenedcursos.com.br\/meio-ambiente\/wp-json\/wp\/v2\/media\/13289"}],"wp:attachment":[{"href":"https:\/\/cenedcursos.com.br\/meio-ambiente\/wp-json\/wp\/v2\/media?parent=13287"}],"wp:term":[{"taxonomy":"category","embeddable":true,"href":"https:\/\/cenedcursos.com.br\/meio-ambiente\/wp-json\/wp\/v2\/categories?post=13287"},{"taxonomy":"post_tag","embeddable":true,"href":"https:\/\/cenedcursos.com.br\/meio-ambiente\/wp-json\/wp\/v2\/tags?post=13287"}],"curies":[{"name":"wp","href":"https:\/\/api.w.org\/{rel}","templated":true}]}}