{"id":13293,"date":"2024-10-30T20:55:45","date_gmt":"2024-10-30T23:55:45","guid":{"rendered":"https:\/\/cenedcursos.com.br\/meio-ambiente\/?p=13293"},"modified":"2024-10-30T20:55:45","modified_gmt":"2024-10-30T23:55:45","slug":"veja-os-indicadores-de-quando-voce-deve-trocar-sua-maquina-de-lavar","status":"publish","type":"post","link":"https:\/\/cenedcursos.com.br\/meio-ambiente\/veja-os-indicadores-de-quando-voce-deve-trocar-sua-maquina-de-lavar\/","title":{"rendered":"Veja os indicadores de quando voc\u00ea deve trocar sua m\u00e1quina de lavar"},"content":{"rendered":"<p style=\"text-align: justify;\"><span style=\"font-weight: 400;\">A sua m\u00e1quina de lavar n\u00e3o est\u00e1 funcionando como antes e lavar roupa se tornou mais trabalhoso e demorado? Veja quais sinais podem indicar que est\u00e1 na hora de comprar outra\u00a0<\/span><\/p>\n<p style=\"text-align: justify;\"><span style=\"font-weight: 400;\">Manter os eletrodom\u00e9sticos em ordem \u00e9 uma tarefa que deve fazer parte da rotina dos moradores de uma casa. Cada aparelho demanda alguns tipos de cuidados para fazer a sua vida \u00fatil durar mais.<\/span><\/p>\n<p style=\"text-align: justify;\"><span style=\"font-weight: 400;\">Voc\u00ea vai lavar a roupa da semana e tem percebido que isso tem demorado mais e que a m\u00e1quina n\u00e3o est\u00e1 funcionando com a mesma efici\u00eancia de antes? As roupas permanecem encharcadas no interior do eletrodom\u00e9stico? Veja quais sinais podem indicar que est\u00e1 na hora de trocar esse aparelho, aproveitar os descontos de fim de ano e comprar uma <\/span><a href=\"https:\/\/www.compracerta.com.br\/eletrodomesticos\/lavadora-de-roupas\/black-friday\"><span style=\"font-weight: 400;\">m\u00e1quina de lavar na Black Friday<\/span><\/a><span style=\"font-weight: 400;\">!<\/span><\/p>\n<h2 style=\"text-align: justify;\"><span style=\"font-weight: 400;\">Performance ineficiente<\/span><\/h2>\n<p style=\"text-align: justify;\"><span style=\"font-weight: 400;\">Um dos sinais cl\u00e1ssicos de que a m\u00e1quina de lavar pode estar com problemas \u00e9 quando a sua performance n\u00e3o \u00e9 a mais a mesma. As roupas saem danificadas e n\u00e3o t\u00e3o limpas ap\u00f3s a lavagem, as pe\u00e7as saem mais molhadas (o que indica problemas na centrifuga\u00e7\u00e3o).<\/span><\/p>\n<p style=\"text-align: justify;\"><span style=\"font-weight: 400;\">Outro detalhe \u00e9 a emiss\u00e3o de ru\u00eddos mais intensos ou novos pela m\u00e1quina enquanto ela est\u00e1 funcionando, al\u00e9m de vibra\u00e7\u00f5es diferentes, pois isso pode indicar problemas mec\u00e2nicos graves, como desgaste de motor, correias, entre outros exemplos. Al\u00e9m disso, ao higienizar o filtro, voc\u00ea percebe que h\u00e1 um cheiro ruim no interior do tambor, al\u00e9m de fiapos e part\u00edculas diversas dos tecidos.<\/span><\/p>\n<figure id=\"attachment_13294\" aria-describedby=\"caption-attachment-13294\" style=\"width: 449px\" class=\"wp-caption aligncenter\"><img data-recalc-dims=\"1\" loading=\"lazy\" decoding=\"async\" data-attachment-id=\"13294\" data-permalink=\"https:\/\/cenedcursos.com.br\/meio-ambiente\/veja-os-indicadores-de-quando-voce-deve-trocar-sua-maquina-de-lavar\/veja-os-indicadores-de-quando-voce-deve-trocar-sua-maquina-de-lavar-2\/\" data-orig-file=\"https:\/\/i0.wp.com\/cenedcursos.com.br\/meio-ambiente\/wp-content\/uploads\/2024\/10\/veja-os-indicadores-de-quando-voce-deve-trocar-sua-maquina-de-lavar-2.jpg?fit=449%2C300&amp;ssl=1\" data-orig-size=\"449,300\" data-comments-opened=\"1\" data-image-meta=\"{&quot;aperture&quot;:&quot;0&quot;,&quot;credit&quot;:&quot;&quot;,&quot;camera&quot;:&quot;&quot;,&quot;caption&quot;:&quot;&quot;,&quot;created_timestamp&quot;:&quot;0&quot;,&quot;copyright&quot;:&quot;&quot;,&quot;focal_length&quot;:&quot;0&quot;,&quot;iso&quot;:&quot;0&quot;,&quot;shutter_speed&quot;:&quot;0&quot;,&quot;title&quot;:&quot;&quot;,&quot;orientation&quot;:&quot;0&quot;}\" data-image-title=\"veja-os-indicadores-de-quando-voce-deve-trocar-sua-maquina-de-lavar (2)\" data-image-description=\"\" data-image-caption=\"\" data-medium-file=\"https:\/\/i0.wp.com\/cenedcursos.com.br\/meio-ambiente\/wp-content\/uploads\/2024\/10\/veja-os-indicadores-de-quando-voce-deve-trocar-sua-maquina-de-lavar-2.jpg?fit=300%2C200&amp;ssl=1\" data-large-file=\"https:\/\/i0.wp.com\/cenedcursos.com.br\/meio-ambiente\/wp-content\/uploads\/2024\/10\/veja-os-indicadores-de-quando-voce-deve-trocar-sua-maquina-de-lavar-2.jpg?fit=449%2C300&amp;ssl=1\" class=\"wp-image-13294 size-full\" src=\"https:\/\/i0.wp.com\/cenedcursos.com.br\/meio-ambiente\/wp-content\/uploads\/2024\/10\/veja-os-indicadores-de-quando-voce-deve-trocar-sua-maquina-de-lavar-2.jpg?resize=449%2C300&#038;ssl=1\" alt=\"Veja os indicadores de quando voc\u00ea deve trocar sua m\u00e1quina de lavar\" width=\"449\" height=\"300\" srcset=\"https:\/\/i0.wp.com\/cenedcursos.com.br\/meio-ambiente\/wp-content\/uploads\/2024\/10\/veja-os-indicadores-de-quando-voce-deve-trocar-sua-maquina-de-lavar-2.jpg?w=449&amp;ssl=1 449w, https:\/\/i0.wp.com\/cenedcursos.com.br\/meio-ambiente\/wp-content\/uploads\/2024\/10\/veja-os-indicadores-de-quando-voce-deve-trocar-sua-maquina-de-lavar-2.jpg?resize=300%2C200&amp;ssl=1 300w\" sizes=\"auto, (max-width: 449px) 100vw, 449px\" \/><figcaption id=\"caption-attachment-13294\" class=\"wp-caption-text\">Veja os indicadores de quando voc\u00ea deve trocar sua m\u00e1quina de lavar<\/figcaption><\/figure>\n<h2 style=\"text-align: justify;\"><span style=\"font-weight: 400;\">Maior consumo de \u00e1gua ou eletricidade<\/span><\/h2>\n<p style=\"text-align: justify;\"><span style=\"font-weight: 400;\">Outro sinal bastante comum de que uma m\u00e1quina pode estar com problemas \u00e9 quando ela consome mais \u00e1gua e\/ou eletricidade para lavar uma mesma quantidade de roupa.<\/span><\/p>\n<p style=\"text-align: justify;\"><span style=\"font-weight: 400;\">Associado a isso, os ciclos de lavagem se tornam mais demorados e muitas vezes acompanhados por vazamentos constantes de <a href=\"https:\/\/cenedcursos.com.br\/meio-ambiente\/projeto-agua-e-voce-tudo-a-ver\/\">\u00e1gua<\/a>. A melhor maneira de conferir isso \u00e9 comparar o consumo e o valor das contas de \u00e1gua e eletricidade dos \u00faltimos tr\u00eas meses. E verificar se h\u00e1 algum outro eletrodom\u00e9stico na casa que pode estar com problemas e, portanto, contribuindo para essa diferen\u00e7a na conta.<\/span><\/p>\n<h2 style=\"text-align: justify;\"><span style=\"font-weight: 400;\">Partes sem funcionar<\/span><\/h2>\n<p style=\"text-align: justify;\"><span style=\"font-weight: 400;\">Outro sinal cl\u00e1ssico de que talvez esteja na hora de trocar a m\u00e1quina de lavar \u00e9 quando algumas de suas partes param de funcionar, tais como seletor, sensores, temporizador e painel eletr\u00f4nico.\u00a0<\/span><\/p>\n<p style=\"text-align: justify;\"><span style=\"font-weight: 400;\">Outro exemplo ocorre com a tampa, que tamb\u00e9m pode apresentar problemas quando \u00e9 fechada e o equipamento n\u00e3o inicia o ciclo programado. Ap\u00f3s perceber vazamentos constantes, veja se o tambor est\u00e1 danificado ou se sua veda\u00e7\u00e3o est\u00e1 desgastada.<\/span><\/p>\n<h2 style=\"text-align: justify;\"><span style=\"font-weight: 400;\">Funcionamento irregular<\/span><\/h2>\n<p style=\"text-align: justify;\"><span style=\"font-weight: 400;\">A m\u00e1quina de lavar tem diferentes op\u00e7\u00f5es de ciclos programados, o que depende do tipo de pe\u00e7a e da intensidade de lavagem necess\u00e1ria para limpar cada uma delas.\u00a0<\/span><\/p>\n<p style=\"text-align: justify;\"><span style=\"font-weight: 400;\">M\u00e1quinas com problemas apresentam o seu funcionamento comprometido como um todo: n\u00e3o iniciam a opera\u00e7\u00e3o da forma correta ou n\u00e3o encerram o trabalho da maneira e no momento em que deveriam.\u00a0<\/span><\/p>\n<h2 style=\"text-align: justify;\"><span style=\"font-weight: 400;\">Hora de troca<\/span><\/h2>\n<p style=\"text-align: justify;\"><span style=\"font-weight: 400;\">Ao perceber que sua m\u00e1quina de lavar n\u00e3o est\u00e1 funcionando como antes, \u00e9 comum se perguntar: est\u00e1 na hora de trocar? Existem alguns fatores que podem te ajudar a decidir.<\/span><\/p>\n<p style=\"text-align: justify;\"><span style=\"font-weight: 400;\">Um deles \u00e9 quando se identificam pe\u00e7as obsoletas e, ao procurar em lojas, voc\u00ea descobre que elas s\u00e3o dif\u00edceis de encontrar. Se voc\u00ea n\u00e3o consegue encontrar as pe\u00e7as ou se a escassez delas as faz ter um pre\u00e7o muito alto, talvez valha a pena comprar uma m\u00e1quina nova.<\/span><\/p>\n<p style=\"text-align: justify;\"><span style=\"font-weight: 400;\">Outro fator importante \u00e9 se a sua m\u00e1quina j\u00e1 passou por v\u00e1rios consertos e n\u00e3o est\u00e1 mais na garantia. Equipamentos que quebram regularmente acabam demandando muitos recursos financeiros a m\u00e9dio prazo. Vale calcular o quanto voc\u00ea gastou em todos os consertos e analisar se o melhor custo-benef\u00edcio est\u00e1 em comprar uma m\u00e1quina nova. Antes de decidir, vale chamar a assist\u00eancia t\u00e9cnica para avaliar a situa\u00e7\u00e3o e dar o or\u00e7amento.<\/span><\/p>\n","protected":false},"excerpt":{"rendered":"<p>A sua m\u00e1quina de lavar n\u00e3o est\u00e1 funcionando como antes e lavar roupa se tornou mais trabalhoso e demorado? Veja quais sinais podem indicar que est\u00e1 na hora de comprar outra\u00a0 Manter os eletrodom\u00e9sticos em ordem \u00e9 uma tarefa que deve fazer parte da rotina dos moradores de uma casa. Cada aparelho demanda alguns tipos [&hellip;]<\/p>\n","protected":false},"author":1,"featured_media":13295,"comment_status":"open","ping_status":"open","sticky":false,"template":"","format":"standard","meta":{"_jetpack_memberships_contains_paid_content":false,"footnotes":""},"categories":[1604],"tags":[],"class_list":{"0":"post-13293","1":"post","2":"type-post","3":"status-publish","4":"format-standard","5":"has-post-thumbnail","7":"category-variedades"},"yoast_head":"<!-- This site is optimized with the Yoast SEO plugin v25.1 - https:\/\/yoast.com\/wordpress\/plugins\/seo\/ -->\n<title>Indicadores de quando voc\u00ea deve trocar sua m\u00e1quina de lavar<\/title>\n<meta name=\"description\" content=\"A sua m\u00e1quina de lavar n\u00e3o est\u00e1 funcionando como antes e lavar roupa se tornou mais trabalhoso e demorado? Veja quais sinais podem\" \/>\n<meta name=\"robots\" content=\"index, follow, max-snippet:-1, max-image-preview:large, max-video-preview:-1\" \/>\n<link rel=\"canonical\" href=\"https:\/\/cenedcursos.com.br\/meio-ambiente\/veja-os-indicadores-de-quando-voce-deve-trocar-sua-maquina-de-lavar\/\" \/>\n<meta property=\"og:locale\" content=\"pt_BR\" \/>\n<meta property=\"og:type\" content=\"article\" \/>\n<meta property=\"og:title\" content=\"Indicadores de quando voc\u00ea deve trocar sua m\u00e1quina de lavar\" \/>\n<meta property=\"og:description\" content=\"A sua m\u00e1quina de lavar n\u00e3o est\u00e1 funcionando como antes e lavar roupa se tornou mais trabalhoso e demorado? Veja quais sinais podem\" \/>\n<meta property=\"og:url\" content=\"https:\/\/cenedcursos.com.br\/meio-ambiente\/veja-os-indicadores-de-quando-voce-deve-trocar-sua-maquina-de-lavar\/\" \/>\n<meta property=\"og:site_name\" content=\"CENED Cursos Online\" \/>\n<meta property=\"article:published_time\" content=\"2024-10-30T23:55:45+00:00\" \/>\n<meta property=\"og:image\" content=\"https:\/\/cenedcursos.com.br\/meio-ambiente\/wp-content\/uploads\/2024\/10\/maquina-de-lavar-roupa.webp\" \/>\n\t<meta property=\"og:image:width\" content=\"1200\" \/>\n\t<meta property=\"og:image:height\" content=\"800\" \/>\n\t<meta property=\"og:image:type\" content=\"image\/webp\" \/>\n<meta name=\"author\" content=\"Amarildo R. Ferrari\" \/>\n<meta name=\"twitter:card\" content=\"summary_large_image\" \/>\n<meta name=\"twitter:label1\" content=\"Escrito por\" \/>\n\t<meta name=\"twitter:data1\" content=\"Amarildo R. Ferrari\" \/>\n\t<meta name=\"twitter:label2\" content=\"Est. tempo de leitura\" \/>\n\t<meta name=\"twitter:data2\" content=\"4 minutos\" \/>\n<script type=\"application\/ld+json\" class=\"yoast-schema-graph\">{\"@context\":\"https:\/\/schema.org\",\"@graph\":[{\"@type\":\"WebPage\",\"@id\":\"https:\/\/cenedcursos.com.br\/meio-ambiente\/veja-os-indicadores-de-quando-voce-deve-trocar-sua-maquina-de-lavar\/\",\"url\":\"https:\/\/cenedcursos.com.br\/meio-ambiente\/veja-os-indicadores-de-quando-voce-deve-trocar-sua-maquina-de-lavar\/\",\"name\":\"Indicadores de quando voc\u00ea deve trocar sua m\u00e1quina de lavar\",\"isPartOf\":{\"@id\":\"https:\/\/cenedcursos.com.br\/meio-ambiente\/#website\"},\"primaryImageOfPage\":{\"@id\":\"https:\/\/cenedcursos.com.br\/meio-ambiente\/veja-os-indicadores-de-quando-voce-deve-trocar-sua-maquina-de-lavar\/#primaryimage\"},\"image\":{\"@id\":\"https:\/\/cenedcursos.com.br\/meio-ambiente\/veja-os-indicadores-de-quando-voce-deve-trocar-sua-maquina-de-lavar\/#primaryimage\"},\"thumbnailUrl\":\"https:\/\/i0.wp.com\/cenedcursos.com.br\/meio-ambiente\/wp-content\/uploads\/2024\/10\/maquina-de-lavar-roupa.webp?fit=1200%2C800&ssl=1\",\"datePublished\":\"2024-10-30T23:55:45+00:00\",\"author\":{\"@id\":\"https:\/\/cenedcursos.com.br\/meio-ambiente\/#\/schema\/person\/64377d24cdc16779a1eb6229894af388\"},\"description\":\"A sua m\u00e1quina de lavar n\u00e3o est\u00e1 funcionando como antes e lavar roupa se tornou mais trabalhoso e demorado? Veja quais sinais podem\",\"breadcrumb\":{\"@id\":\"https:\/\/cenedcursos.com.br\/meio-ambiente\/veja-os-indicadores-de-quando-voce-deve-trocar-sua-maquina-de-lavar\/#breadcrumb\"},\"inLanguage\":\"pt-BR\",\"potentialAction\":[{\"@type\":\"ReadAction\",\"target\":[\"https:\/\/cenedcursos.com.br\/meio-ambiente\/veja-os-indicadores-de-quando-voce-deve-trocar-sua-maquina-de-lavar\/\"]}]},{\"@type\":\"ImageObject\",\"inLanguage\":\"pt-BR\",\"@id\":\"https:\/\/cenedcursos.com.br\/meio-ambiente\/veja-os-indicadores-de-quando-voce-deve-trocar-sua-maquina-de-lavar\/#primaryimage\",\"url\":\"https:\/\/i0.wp.com\/cenedcursos.com.br\/meio-ambiente\/wp-content\/uploads\/2024\/10\/maquina-de-lavar-roupa.webp?fit=1200%2C800&ssl=1\",\"contentUrl\":\"https:\/\/i0.wp.com\/cenedcursos.com.br\/meio-ambiente\/wp-content\/uploads\/2024\/10\/maquina-de-lavar-roupa.webp?fit=1200%2C800&ssl=1\",\"width\":1200,\"height\":800},{\"@type\":\"BreadcrumbList\",\"@id\":\"https:\/\/cenedcursos.com.br\/meio-ambiente\/veja-os-indicadores-de-quando-voce-deve-trocar-sua-maquina-de-lavar\/#breadcrumb\",\"itemListElement\":[{\"@type\":\"ListItem\",\"position\":1,\"name\":\"In\u00edcio\",\"item\":\"https:\/\/cenedcursos.com.br\/meio-ambiente\/\"},{\"@type\":\"ListItem\",\"position\":2,\"name\":\"Veja os indicadores de quando voc\u00ea deve trocar sua m\u00e1quina de lavar\"}]},{\"@type\":\"WebSite\",\"@id\":\"https:\/\/cenedcursos.com.br\/meio-ambiente\/#website\",\"url\":\"https:\/\/cenedcursos.com.br\/meio-ambiente\/\",\"name\":\"CENED Cursos Online\",\"description\":\"Aqui voc\u00ea encontra artigos em diversas \u00e1reas do conhecimento: meio ambiente, educa\u00e7\u00e3o, marketing digital, neg\u00f3cios online e muito mais.\",\"potentialAction\":[{\"@type\":\"SearchAction\",\"target\":{\"@type\":\"EntryPoint\",\"urlTemplate\":\"https:\/\/cenedcursos.com.br\/meio-ambiente\/?s={search_term_string}\"},\"query-input\":{\"@type\":\"PropertyValueSpecification\",\"valueRequired\":true,\"valueName\":\"search_term_string\"}}],\"inLanguage\":\"pt-BR\"},{\"@type\":\"Person\",\"@id\":\"https:\/\/cenedcursos.com.br\/meio-ambiente\/#\/schema\/person\/64377d24cdc16779a1eb6229894af388\",\"name\":\"Amarildo R. Ferrari\",\"image\":{\"@type\":\"ImageObject\",\"inLanguage\":\"pt-BR\",\"@id\":\"https:\/\/cenedcursos.com.br\/meio-ambiente\/#\/schema\/person\/image\/\",\"url\":\"https:\/\/secure.gravatar.com\/avatar\/6ea4248ca9f295c93f1b72f8398232f0fbbffe30349e6ec3839cfa5e09b0de3c?s=96&d=mm&r=g\",\"contentUrl\":\"https:\/\/secure.gravatar.com\/avatar\/6ea4248ca9f295c93f1b72f8398232f0fbbffe30349e6ec3839cfa5e09b0de3c?s=96&d=mm&r=g\",\"caption\":\"Amarildo R. Ferrari\"},\"sameAs\":[\"https:\/\/cenedcursos.com.br\/meio-ambiente\"],\"url\":\"https:\/\/cenedcursos.com.br\/meio-ambiente\/author\/admin\/\"}]}<\/script>\n<!-- \/ Yoast SEO plugin. -->","yoast_head_json":{"title":"Indicadores de quando voc\u00ea deve trocar sua m\u00e1quina de lavar","description":"A sua m\u00e1quina de lavar n\u00e3o est\u00e1 funcionando como antes e lavar roupa se tornou mais trabalhoso e demorado? Veja quais sinais podem","robots":{"index":"index","follow":"follow","max-snippet":"max-snippet:-1","max-image-preview":"max-image-preview:large","max-video-preview":"max-video-preview:-1"},"canonical":"https:\/\/cenedcursos.com.br\/meio-ambiente\/veja-os-indicadores-de-quando-voce-deve-trocar-sua-maquina-de-lavar\/","og_locale":"pt_BR","og_type":"article","og_title":"Indicadores de quando voc\u00ea deve trocar sua m\u00e1quina de lavar","og_description":"A sua m\u00e1quina de lavar n\u00e3o est\u00e1 funcionando como antes e lavar roupa se tornou mais trabalhoso e demorado? Veja quais sinais podem","og_url":"https:\/\/cenedcursos.com.br\/meio-ambiente\/veja-os-indicadores-de-quando-voce-deve-trocar-sua-maquina-de-lavar\/","og_site_name":"CENED Cursos Online","article_published_time":"2024-10-30T23:55:45+00:00","og_image":[{"width":1200,"height":800,"url":"https:\/\/cenedcursos.com.br\/meio-ambiente\/wp-content\/uploads\/2024\/10\/maquina-de-lavar-roupa.webp","type":"image\/webp"}],"author":"Amarildo R. Ferrari","twitter_card":"summary_large_image","twitter_misc":{"Escrito por":"Amarildo R. Ferrari","Est. tempo de leitura":"4 minutos"},"schema":{"@context":"https:\/\/schema.org","@graph":[{"@type":"WebPage","@id":"https:\/\/cenedcursos.com.br\/meio-ambiente\/veja-os-indicadores-de-quando-voce-deve-trocar-sua-maquina-de-lavar\/","url":"https:\/\/cenedcursos.com.br\/meio-ambiente\/veja-os-indicadores-de-quando-voce-deve-trocar-sua-maquina-de-lavar\/","name":"Indicadores de quando voc\u00ea deve trocar sua m\u00e1quina de lavar","isPartOf":{"@id":"https:\/\/cenedcursos.com.br\/meio-ambiente\/#website"},"primaryImageOfPage":{"@id":"https:\/\/cenedcursos.com.br\/meio-ambiente\/veja-os-indicadores-de-quando-voce-deve-trocar-sua-maquina-de-lavar\/#primaryimage"},"image":{"@id":"https:\/\/cenedcursos.com.br\/meio-ambiente\/veja-os-indicadores-de-quando-voce-deve-trocar-sua-maquina-de-lavar\/#primaryimage"},"thumbnailUrl":"https:\/\/i0.wp.com\/cenedcursos.com.br\/meio-ambiente\/wp-content\/uploads\/2024\/10\/maquina-de-lavar-roupa.webp?fit=1200%2C800&ssl=1","datePublished":"2024-10-30T23:55:45+00:00","author":{"@id":"https:\/\/cenedcursos.com.br\/meio-ambiente\/#\/schema\/person\/64377d24cdc16779a1eb6229894af388"},"description":"A sua m\u00e1quina de lavar n\u00e3o est\u00e1 funcionando como antes e lavar roupa se tornou mais trabalhoso e demorado? Veja quais sinais podem","breadcrumb":{"@id":"https:\/\/cenedcursos.com.br\/meio-ambiente\/veja-os-indicadores-de-quando-voce-deve-trocar-sua-maquina-de-lavar\/#breadcrumb"},"inLanguage":"pt-BR","potentialAction":[{"@type":"ReadAction","target":["https:\/\/cenedcursos.com.br\/meio-ambiente\/veja-os-indicadores-de-quando-voce-deve-trocar-sua-maquina-de-lavar\/"]}]},{"@type":"ImageObject","inLanguage":"pt-BR","@id":"https:\/\/cenedcursos.com.br\/meio-ambiente\/veja-os-indicadores-de-quando-voce-deve-trocar-sua-maquina-de-lavar\/#primaryimage","url":"https:\/\/i0.wp.com\/cenedcursos.com.br\/meio-ambiente\/wp-content\/uploads\/2024\/10\/maquina-de-lavar-roupa.webp?fit=1200%2C800&ssl=1","contentUrl":"https:\/\/i0.wp.com\/cenedcursos.com.br\/meio-ambiente\/wp-content\/uploads\/2024\/10\/maquina-de-lavar-roupa.webp?fit=1200%2C800&ssl=1","width":1200,"height":800},{"@type":"BreadcrumbList","@id":"https:\/\/cenedcursos.com.br\/meio-ambiente\/veja-os-indicadores-de-quando-voce-deve-trocar-sua-maquina-de-lavar\/#breadcrumb","itemListElement":[{"@type":"ListItem","position":1,"name":"In\u00edcio","item":"https:\/\/cenedcursos.com.br\/meio-ambiente\/"},{"@type":"ListItem","position":2,"name":"Veja os indicadores de quando voc\u00ea deve trocar sua m\u00e1quina de lavar"}]},{"@type":"WebSite","@id":"https:\/\/cenedcursos.com.br\/meio-ambiente\/#website","url":"https:\/\/cenedcursos.com.br\/meio-ambiente\/","name":"CENED Cursos Online","description":"Aqui voc\u00ea encontra artigos em diversas \u00e1reas do conhecimento: meio ambiente, educa\u00e7\u00e3o, marketing digital, neg\u00f3cios online e muito mais.","potentialAction":[{"@type":"SearchAction","target":{"@type":"EntryPoint","urlTemplate":"https:\/\/cenedcursos.com.br\/meio-ambiente\/?s={search_term_string}"},"query-input":{"@type":"PropertyValueSpecification","valueRequired":true,"valueName":"search_term_string"}}],"inLanguage":"pt-BR"},{"@type":"Person","@id":"https:\/\/cenedcursos.com.br\/meio-ambiente\/#\/schema\/person\/64377d24cdc16779a1eb6229894af388","name":"Amarildo R. Ferrari","image":{"@type":"ImageObject","inLanguage":"pt-BR","@id":"https:\/\/cenedcursos.com.br\/meio-ambiente\/#\/schema\/person\/image\/","url":"https:\/\/secure.gravatar.com\/avatar\/6ea4248ca9f295c93f1b72f8398232f0fbbffe30349e6ec3839cfa5e09b0de3c?s=96&d=mm&r=g","contentUrl":"https:\/\/secure.gravatar.com\/avatar\/6ea4248ca9f295c93f1b72f8398232f0fbbffe30349e6ec3839cfa5e09b0de3c?s=96&d=mm&r=g","caption":"Amarildo R. Ferrari"},"sameAs":["https:\/\/cenedcursos.com.br\/meio-ambiente"],"url":"https:\/\/cenedcursos.com.br\/meio-ambiente\/author\/admin\/"}]}},"jetpack_featured_media_url":"https:\/\/i0.wp.com\/cenedcursos.com.br\/meio-ambiente\/wp-content\/uploads\/2024\/10\/maquina-de-lavar-roupa.webp?fit=1200%2C800&ssl=1","jetpack_sharing_enabled":true,"_links":{"self":[{"href":"https:\/\/cenedcursos.com.br\/meio-ambiente\/wp-json\/wp\/v2\/posts\/13293","targetHints":{"allow":["GET"]}}],"collection":[{"href":"https:\/\/cenedcursos.com.br\/meio-ambiente\/wp-json\/wp\/v2\/posts"}],"about":[{"href":"https:\/\/cenedcursos.com.br\/meio-ambiente\/wp-json\/wp\/v2\/types\/post"}],"author":[{"embeddable":true,"href":"https:\/\/cenedcursos.com.br\/meio-ambiente\/wp-json\/wp\/v2\/users\/1"}],"replies":[{"embeddable":true,"href":"https:\/\/cenedcursos.com.br\/meio-ambiente\/wp-json\/wp\/v2\/comments?post=13293"}],"version-history":[{"count":0,"href":"https:\/\/cenedcursos.com.br\/meio-ambiente\/wp-json\/wp\/v2\/posts\/13293\/revisions"}],"wp:featuredmedia":[{"embeddable":true,"href":"https:\/\/cenedcursos.com.br\/meio-ambiente\/wp-json\/wp\/v2\/media\/13295"}],"wp:attachment":[{"href":"https:\/\/cenedcursos.com.br\/meio-ambiente\/wp-json\/wp\/v2\/media?parent=13293"}],"wp:term":[{"taxonomy":"category","embeddable":true,"href":"https:\/\/cenedcursos.com.br\/meio-ambiente\/wp-json\/wp\/v2\/categories?post=13293"},{"taxonomy":"post_tag","embeddable":true,"href":"https:\/\/cenedcursos.com.br\/meio-ambiente\/wp-json\/wp\/v2\/tags?post=13293"}],"curies":[{"name":"wp","href":"https:\/\/api.w.org\/{rel}","templated":true}]}}