{"id":13545,"date":"2025-05-23T15:18:32","date_gmt":"2025-05-23T18:18:32","guid":{"rendered":"https:\/\/cenedcursos.com.br\/meio-ambiente\/?p=13545"},"modified":"2025-05-23T15:19:31","modified_gmt":"2025-05-23T18:19:31","slug":"percepcao-de-risco-no-ambiente-de-trabalho","status":"publish","type":"post","link":"https:\/\/cenedcursos.com.br\/meio-ambiente\/percepcao-de-risco-no-ambiente-de-trabalho\/","title":{"rendered":"Percep\u00e7\u00e3o de Risco no Ambiente de Trabalho"},"content":{"rendered":"<p style=\"text-align: justify;\">Descubra como desenvolver percep\u00e7\u00e3o de risco no ambiente de trabalho e reduzir acidentes. Estrat\u00e9gias Imagine-se operando uma m\u00e1quina industrial quando, de repente, algo parece diferente. Um ru\u00eddo estranho, uma vibra\u00e7\u00e3o incomum. Em quest\u00e3o de segundos, voc\u00ea precisa decidir: continuar trabalhando ou parar para investigar?<\/p>\n<p style=\"text-align: justify;\">Esta decis\u00e3o aparentemente simples ilustra perfeitamente o que \u00e9 <strong>percep\u00e7\u00e3o de risco no ambiente de trabalho<\/strong> \u2013 uma habilidade fundamental que pode literalmente salvar vidas e prevenir acidentes graves.<\/p>\n<p style=\"text-align: justify;\">A percep\u00e7\u00e3o de risco n\u00e3o \u00e9 apenas um conceito te\u00f3rico de seguran\u00e7a ocupacional. \u00c9 uma compet\u00eancia pr\u00e1tica que todo trabalhador deve desenvolver, independentemente do setor ou fun\u00e7\u00e3o. Neste guia completo, voc\u00ea descobrir\u00e1 como aprimorar essa habilidade crucial e implementar estrat\u00e9gias eficazes de preven\u00e7\u00e3o de acidentes.<\/p>\n<h2 style=\"text-align: justify;\">O Que \u00e9 Percep\u00e7\u00e3o de Risco no Ambiente de Trabalho?<\/h2>\n<p style=\"text-align: justify;\">A <strong>percep\u00e7\u00e3o de risco ocupacional<\/strong> refere-se \u00e0 capacidade de identificar, avaliar e responder adequadamente a situa\u00e7\u00f5es potencialmente perigosas no local de trabalho. Envolve tr\u00eas componentes essenciais:<\/p>\n<ol style=\"text-align: justify;\">\n<li><strong>Identifica\u00e7\u00e3o de perigos<\/strong> &#8211; Reconhecer situa\u00e7\u00f5es, equipamentos ou pr\u00e1ticas que podem causar danos<\/li>\n<li><strong>Avalia\u00e7\u00e3o de probabilidade<\/strong> &#8211; Estimar a chance de ocorr\u00eancia de um acidente<\/li>\n<li><strong>Tomada de decis\u00e3o<\/strong> &#8211; Escolher a a\u00e7\u00e3o mais apropriada para minimizar riscos<\/li>\n<\/ol>\n<h3 style=\"text-align: justify;\">Como Funciona o Processo de Percep\u00e7\u00e3o de Risco?<\/h3>\n<p style=\"text-align: justify;\">O c\u00e9rebro humano processa informa\u00e7\u00f5es de risco atrav\u00e9s de dois sistemas principais:<\/p>\n<ul style=\"text-align: justify;\">\n<li><strong>Sistema 1 (Autom\u00e1tico)<\/strong>: Rea\u00e7\u00f5es instintivas e r\u00e1pidas baseadas em experi\u00eancias anteriores<\/li>\n<li><strong>Sistema 2 (Reflexivo)<\/strong>: An\u00e1lise consciente e deliberada de situa\u00e7\u00f5es complexas<\/li>\n<\/ul>\n<p style=\"text-align: justify;\">A <strong>avalia\u00e7\u00e3o de riscos no trabalho<\/strong> eficaz combina ambos os sistemas, permitindo respostas tanto instintivas quanto anal\u00edticas conforme a situa\u00e7\u00e3o exige.<\/p>\n<h2 style=\"text-align: justify;\">Por Que a Percep\u00e7\u00e3o de Risco \u00e9 Fundamental para a Seguran\u00e7a?<\/h2>\n<h3 style=\"text-align: justify;\">Estat\u00edsticas Alarmantes que Demonstram a Import\u00e2ncia<\/h3>\n<p style=\"text-align: justify;\">Segundo dados do Minist\u00e9rio do Trabalho, o Brasil registra anualmente:<\/p>\n<ul style=\"text-align: justify;\">\n<li>Mais de 600.000 acidentes de trabalho notificados<\/li>\n<li>Aproximadamente 2.000 mortes relacionadas ao trabalho<\/li>\n<li>Custos superiores a R$ 70 bilh\u00f5es em benef\u00edcios previdenci\u00e1rios<\/li>\n<\/ul>\n<p style=\"text-align: justify;\">Estes n\u00fameros poderiam ser drasticamente reduzidos com melhor <strong>percep\u00e7\u00e3o de seguran\u00e7a no trabalho<\/strong>.<\/p>\n<h3 style=\"text-align: justify;\">Os Benef\u00edcios de Uma Percep\u00e7\u00e3o de Risco Apurada<\/h3>\n<p style=\"text-align: justify;\"><strong>Para o Trabalhador:<\/strong><\/p>\n<ul style=\"text-align: justify;\">\n<li>Redu\u00e7\u00e3o significativa de acidentes pessoais<\/li>\n<li>Maior confian\u00e7a e tranquilidade durante as atividades<\/li>\n<li>Desenvolvimento de compet\u00eancias profissionais valiosas<\/li>\n<li>Melhor qualidade de vida e sa\u00fade ocupacional<\/li>\n<\/ul>\n<p style=\"text-align: justify;\"><strong>Para a Empresa:<\/strong><\/p>\n<ul style=\"text-align: justify;\">\n<li>Diminui\u00e7\u00e3o de custos com acidentes e afastamentos<\/li>\n<li>Aumento da produtividade e efici\u00eancia<\/li>\n<li>Melhoria da imagem corporativa<\/li>\n<li>Redu\u00e7\u00e3o de passivos trabalhistas<\/li>\n<\/ul>\n<p><img loading=\"lazy\" decoding=\"async\" data-attachment-id=\"13546\" data-permalink=\"https:\/\/cenedcursos.com.br\/meio-ambiente\/percepcao-de-risco-no-ambiente-de-trabalho\/percepcao-de-risco-no-ambiente-trabalho\/\" data-orig-file=\"https:\/\/cenedcursos.com.br\/meio-ambiente\/wp-content\/uploads\/2025\/05\/Percepcao-de-Risco-no-Ambiente-Trabalho.avif\" data-orig-size=\"1200,800\" data-comments-opened=\"1\" data-image-meta=\"{&quot;aperture&quot;:&quot;0&quot;,&quot;credit&quot;:&quot;&quot;,&quot;camera&quot;:&quot;&quot;,&quot;caption&quot;:&quot;&quot;,&quot;created_timestamp&quot;:&quot;0&quot;,&quot;copyright&quot;:&quot;&quot;,&quot;focal_length&quot;:&quot;0&quot;,&quot;iso&quot;:&quot;0&quot;,&quot;shutter_speed&quot;:&quot;0&quot;,&quot;title&quot;:&quot;&quot;,&quot;orientation&quot;:&quot;0&quot;}\" data-image-title=\"Percep\u00e7\u00e3o de Risco no Ambiente de Trabalho\" data-image-description=\"\" data-image-caption=\"\" data-medium-file=\"https:\/\/cenedcursos.com.br\/meio-ambiente\/wp-content\/uploads\/2025\/05\/Percepcao-de-Risco-no-Ambiente-Trabalho-300x200.avif\" data-large-file=\"https:\/\/cenedcursos.com.br\/meio-ambiente\/wp-content\/uploads\/2025\/05\/Percepcao-de-Risco-no-Ambiente-Trabalho-1024x683.avif\" class=\"alignnone wp-image-13546 size-large\" src=\"https:\/\/cenedcursos.com.br\/meio-ambiente\/wp-content\/uploads\/2025\/05\/Percepcao-de-Risco-no-Ambiente-Trabalho-1024x683.avif\" alt=\"Percep\u00e7\u00e3o de Risco no Ambiente de Trabalho\" width=\"696\" height=\"464\" srcset=\"https:\/\/cenedcursos.com.br\/meio-ambiente\/wp-content\/uploads\/2025\/05\/Percepcao-de-Risco-no-Ambiente-Trabalho-1024x683.avif 1024w, https:\/\/cenedcursos.com.br\/meio-ambiente\/wp-content\/uploads\/2025\/05\/Percepcao-de-Risco-no-Ambiente-Trabalho-300x200.avif 300w, https:\/\/cenedcursos.com.br\/meio-ambiente\/wp-content\/uploads\/2025\/05\/Percepcao-de-Risco-no-Ambiente-Trabalho-768x512.avif 768w, https:\/\/cenedcursos.com.br\/meio-ambiente\/wp-content\/uploads\/2025\/05\/Percepcao-de-Risco-no-Ambiente-Trabalho-696x464.avif 696w, https:\/\/cenedcursos.com.br\/meio-ambiente\/wp-content\/uploads\/2025\/05\/Percepcao-de-Risco-no-Ambiente-Trabalho-1068x712.avif 1068w, https:\/\/cenedcursos.com.br\/meio-ambiente\/wp-content\/uploads\/2025\/05\/Percepcao-de-Risco-no-Ambiente-Trabalho-630x420.avif 630w, https:\/\/cenedcursos.com.br\/meio-ambiente\/wp-content\/uploads\/2025\/05\/Percepcao-de-Risco-no-Ambiente-Trabalho.avif 1200w\" sizes=\"auto, (max-width: 696px) 100vw, 696px\" \/><\/p>\n<h2 style=\"text-align: justify;\">Fatores que Influenciam a Percep\u00e7\u00e3o de Risco<\/h2>\n<h3 style=\"text-align: justify;\">1. Fatores Individuais<\/h3>\n<p style=\"text-align: justify;\"><strong>Experi\u00eancia Profissional<\/strong> Trabalhadores mais experientes geralmente desenvolvem melhor <strong>consci\u00eancia de risco no trabalho<\/strong>, mas podem sofrer de excesso de confian\u00e7a.<\/p>\n<p style=\"text-align: justify;\"><strong>Estado F\u00edsico e Mental<\/strong><\/p>\n<ul style=\"text-align: justify;\">\n<li>Fadiga reduz significativamente a capacidade de percep\u00e7\u00e3o<\/li>\n<li>Estresse e press\u00e3o temporal comprometem a avalia\u00e7\u00e3o de riscos<\/li>\n<li>Condi\u00e7\u00f5es de sa\u00fade podem afetar a aten\u00e7\u00e3o e reflexos<\/li>\n<\/ul>\n<p style=\"text-align: justify;\"><strong>Personalidade e Atitudes<\/strong><\/p>\n<ul style=\"text-align: justify;\">\n<li>Perfil conservador vs. propenso a riscos<\/li>\n<li>Motiva\u00e7\u00e3o pessoal para seguran\u00e7a<\/li>\n<li>Cren\u00e7as sobre controle e responsabilidade<\/li>\n<\/ul>\n<h3 style=\"text-align: justify;\">2. Fatores Organizacionais<\/h3>\n<p style=\"text-align: justify;\"><strong>Cultura de Seguran\u00e7a<\/strong> Organiza\u00e7\u00f5es que priorizam genuinamente a <strong>seguran\u00e7a ocupacional<\/strong> criam ambientes onde a percep\u00e7\u00e3o de risco \u00e9 naturalmente aprimorada.<\/p>\n<p style=\"text-align: justify;\"><a href=\"https:\/\/cenedcursos.com.br\/meio-ambiente\/a-educacao-online-como-ferramenta-de-capacitacao-profissional\/\"><strong>Treinamento e Capacita\u00e7\u00e3o<\/strong><\/a> Programas estruturados de <strong>preven\u00e7\u00e3o de acidentes de trabalho<\/strong> s\u00e3o essenciais para desenvolver compet\u00eancias de percep\u00e7\u00e3o de risco.<\/p>\n<p style=\"text-align: justify;\"><strong>Press\u00e3o por Produtividade<\/strong> Metas irreais e press\u00e3o excessiva podem comprometer a aten\u00e7\u00e3o aos riscos.<\/p>\n<h3 style=\"text-align: justify;\">3. Fatores Ambientais<\/h3>\n<p style=\"text-align: justify;\"><strong>Condi\u00e7\u00f5es F\u00edsicas do Local<\/strong><\/p>\n<ul style=\"text-align: justify;\">\n<li>Ilumina\u00e7\u00e3o inadequada<\/li>\n<li>Ru\u00eddo excessivo<\/li>\n<li>Temperatura extrema<\/li>\n<li>Organiza\u00e7\u00e3o e limpeza<\/li>\n<\/ul>\n<p style=\"text-align: justify;\"><strong>Complexidade das Tarefas<\/strong> Atividades muito simples podem gerar desaten\u00e7\u00e3o, enquanto tarefas complexas podem sobrecarregar a capacidade de an\u00e1lise.<\/p>\n<h2 style=\"text-align: justify;\">Como Desenvolver uma Percep\u00e7\u00e3o de Risco Eficaz<\/h2>\n<h3 style=\"text-align: justify;\">1. T\u00e9cnicas de Observa\u00e7\u00e3o Ativa<\/h3>\n<p style=\"text-align: justify;\"><strong>M\u00e9todo STOP (Stop, Think, Observe, Proceed)<\/strong><\/p>\n<ul style=\"text-align: justify;\">\n<li><strong>Stop<\/strong>: Pare antes de iniciar qualquer atividade<\/li>\n<li><strong>Think<\/strong>: Pense nos riscos potenciais<\/li>\n<li><strong>Observe<\/strong>: Observe o ambiente e condi\u00e7\u00f5es<\/li>\n<li><strong>Proceed<\/strong>: Proceda com seguran\u00e7a ou tome medidas corretivas<\/li>\n<\/ul>\n<p style=\"text-align: justify;\"><strong>An\u00e1lise Preliminar de Risco (APR)<\/strong> Antes de executar qualquer tarefa, fa\u00e7a uma an\u00e1lise r\u00e1pida:<\/p>\n<table>\n<thead>\n<tr>\n<th>Aspecto<\/th>\n<th>Perguntas-Chave<\/th>\n<\/tr>\n<\/thead>\n<tbody>\n<tr>\n<td>Equipamentos<\/td>\n<td>Est\u00e3o em boas condi\u00e7\u00f5es? Calibrados?<\/td>\n<\/tr>\n<tr>\n<td>Ambiente<\/td>\n<td>H\u00e1 obst\u00e1culos? Condi\u00e7\u00f5es clim\u00e1ticas?<\/td>\n<\/tr>\n<tr>\n<td>Pessoas<\/td>\n<td>Todos est\u00e3o capacitados? EPIs adequados?<\/td>\n<\/tr>\n<tr>\n<td>Procedimentos<\/td>\n<td>S\u00e3o conhecidos e atualizados?<\/td>\n<\/tr>\n<\/tbody>\n<\/table>\n<h3 style=\"text-align: justify;\">2. Desenvolvimento da Consci\u00eancia Situacional<\/h3>\n<p style=\"text-align: justify;\"><strong>Os 3 N\u00edveis de Consci\u00eancia Situacional:<\/strong><\/p>\n<ol style=\"text-align: justify;\">\n<li><strong>Percep\u00e7\u00e3o<\/strong>: O que est\u00e1 acontecendo ao meu redor?<\/li>\n<li><strong>Compreens\u00e3o<\/strong>: O que isso significa?<\/li>\n<li><strong>Proje\u00e7\u00e3o<\/strong>: O que pode acontecer a seguir?<\/li>\n<\/ol>\n<h3 style=\"text-align: justify;\">3. T\u00e9cnicas de Treinamento Mental<\/h3>\n<p style=\"text-align: justify;\"><strong>Visualiza\u00e7\u00e3o de Cen\u00e1rios<\/strong> Pratique mentalmente diferentes situa\u00e7\u00f5es de risco e suas poss\u00edveis respostas.<\/p>\n<p style=\"text-align: justify;\"><strong>An\u00e1lise de Quase-Acidentes<\/strong> Estude casos reais de situa\u00e7\u00f5es que quase resultaram em acidentes para aprender padr\u00f5es de risco.<\/p>\n<h2 style=\"text-align: justify;\">Implementando um Programa de Percep\u00e7\u00e3o de Risco na Empresa<\/h2>\n<h3 style=\"text-align: justify;\">Fase 1: Diagn\u00f3stico Inicial<\/h3>\n<p style=\"text-align: justify;\"><strong>Avalia\u00e7\u00e3o da Cultura Atual<\/strong><\/p>\n<ul style=\"text-align: justify;\">\n<li>Pesquisas de percep\u00e7\u00e3o de seguran\u00e7a<\/li>\n<li>An\u00e1lise de indicadores de acidentes<\/li>\n<li>Identifica\u00e7\u00e3o de gaps de conhecimento<\/li>\n<\/ul>\n<h3 style=\"text-align: justify;\">Fase 2: Desenvolvimento de Compet\u00eancias<\/h3>\n<p style=\"text-align: justify;\"><strong>Treinamentos Espec\u00edficos<\/strong><\/p>\n<ul style=\"text-align: justify;\">\n<li>Workshops sobre <strong>identifica\u00e7\u00e3o de perigos no trabalho<\/strong><\/li>\n<li>Simula\u00e7\u00f5es pr\u00e1ticas de situa\u00e7\u00f5es de risco<\/li>\n<li>Capacita\u00e7\u00e3o em t\u00e9cnicas de observa\u00e7\u00e3o<\/li>\n<\/ul>\n<p style=\"text-align: justify;\"><strong>Ferramentas de Apoio<\/strong><\/p>\n<ul style=\"text-align: justify;\">\n<li>Checklists de seguran\u00e7a<\/li>\n<li>Aplicativos m\u00f3veis para reporte de riscos<\/li>\n<li>Sistemas de comunica\u00e7\u00e3o eficazes<\/li>\n<\/ul>\n<h3 style=\"text-align: justify;\">Fase 3: Implementa\u00e7\u00e3o e Monitoramento<\/h3>\n<p style=\"text-align: justify;\"><strong>Indicadores de Performance<\/strong><\/p>\n<ul style=\"text-align: justify;\">\n<li>Taxa de identifica\u00e7\u00e3o de riscos<\/li>\n<li>N\u00famero de near misses reportados<\/li>\n<li>Redu\u00e7\u00e3o de acidentes<\/li>\n<li>Engajamento em atividades de seguran\u00e7a<\/li>\n<\/ul>\n<h2 style=\"text-align: justify;\">Tecnologias que Apoiam a Percep\u00e7\u00e3o de Risco<\/h2>\n<h3 style=\"text-align: justify;\">Realidade Virtual (VR) e Realidade Aumentada (AR)<\/h3>\n<p style=\"text-align: justify;\">Estas tecnologias permitem treinamentos imersivos onde trabalhadores podem praticar <strong>an\u00e1lise de riscos ocupacionais<\/strong> em ambientes controlados, mas realistas.<\/p>\n<h3 style=\"text-align: justify;\">Intelig\u00eancia Artificial e Machine Learning<\/h3>\n<p style=\"text-align: justify;\">Sistemas inteligentes podem:<\/p>\n<ul style=\"text-align: justify;\">\n<li>Identificar padr\u00f5es de comportamento de risco<\/li>\n<li>Prever situa\u00e7\u00f5es potencialmente perigosas<\/li>\n<li>Personalizar treinamentos conforme perfil individual<\/li>\n<\/ul>\n<h3 style=\"text-align: justify;\">Dispositivos Wearables<\/h3>\n<p style=\"text-align: justify;\">Sensores corporais monitoram:<\/p>\n<ul style=\"text-align: justify;\">\n<li>Sinais vitais que indicam fadiga ou estresse<\/li>\n<li>Postura e movimentos incorretos<\/li>\n<li>Exposi\u00e7\u00e3o a agentes ambientais perigosos<\/li>\n<\/ul>\n<h2 style=\"text-align: justify;\">Perguntas Frequentes sobre Percep\u00e7\u00e3o de Risco<\/h2>\n<h3 style=\"text-align: justify;\">Como posso melhorar minha percep\u00e7\u00e3o de risco pessoal?<\/h3>\n<p style=\"text-align: justify;\">Desenvolva o h\u00e1bito de fazer pausas reflexivas antes de iniciar atividades, questione-se constantemente sobre potenciais perigos e mantenha-se atualizado sobre melhores pr\u00e1ticas de seguran\u00e7a em sua \u00e1rea.<\/p>\n<h3 style=\"text-align: justify;\">Qual \u00e9 a diferen\u00e7a entre percep\u00e7\u00e3o de risco e avalia\u00e7\u00e3o de risco?<\/h3>\n<p style=\"text-align: justify;\">A <strong>percep\u00e7\u00e3o de risco<\/strong> \u00e9 o processo cognitivo individual de identificar e interpretar perigos, enquanto a <strong>avalia\u00e7\u00e3o de risco<\/strong> \u00e9 um processo mais formal e sistem\u00e1tico de an\u00e1lise quantitativa e qualitativa de riscos.<\/p>\n<h3 style=\"text-align: justify;\">Como a empresa pode incentivar melhor percep\u00e7\u00e3o de risco?<\/h3>\n<p style=\"text-align: justify;\">Atrav\u00e9s de programas de treinamento cont\u00ednuo, cria\u00e7\u00e3o de cultura de seguran\u00e7a positiva, reconhecimento de comportamentos seguros e fornecimento de ferramentas adequadas para identifica\u00e7\u00e3o e comunica\u00e7\u00e3o de riscos.<\/p>\n<h3 style=\"text-align: justify;\">Existe diferen\u00e7a na percep\u00e7\u00e3o de risco entre setores?<\/h3>\n<p style=\"text-align: justify;\">Sim, cada setor industrial possui caracter\u00edsticas espec\u00edficas de risco. Por exemplo, a <strong>percep\u00e7\u00e3o de risco na constru\u00e7\u00e3o civil<\/strong> difere significativamente da percep\u00e7\u00e3o necess\u00e1ria em ambientes de escrit\u00f3rio ou hospitais.<\/p>\n<h2 style=\"text-align: justify;\">Casos Pr\u00e1ticos de Sucesso<\/h2>\n<h3 style=\"text-align: justify;\">Ind\u00fastria Qu\u00edmica: Redu\u00e7\u00e3o de 85% em Acidentes<\/h3>\n<p style=\"text-align: justify;\">Uma multinacional qu\u00edmica implementou programa abrangente de percep\u00e7\u00e3o de risco que incluiu:<\/p>\n<ul style=\"text-align: justify;\">\n<li>Treinamentos comportamentais mensais<\/li>\n<li>Sistema de reporte de near misses<\/li>\n<li>Reconhecimento de comportamentos seguros<\/li>\n<li>Tecnologia de monitoramento em tempo real<\/li>\n<\/ul>\n<p style=\"text-align: justify;\"><strong>Resultados em 2 anos:<\/strong><\/p>\n<ul style=\"text-align: justify;\">\n<li>85% de redu\u00e7\u00e3o em acidentes com afastamento<\/li>\n<li>92% de aumento em reportes de situa\u00e7\u00f5es de risco<\/li>\n<li>R$ 12 milh\u00f5es economizados em custos de acidentes<\/li>\n<\/ul>\n<h3 style=\"text-align: justify;\">Constru\u00e7\u00e3o Civil: Transforma\u00e7\u00e3o Cultural<\/h3>\n<p style=\"text-align: justify;\">Construtora de grande porte focou na mudan\u00e7a cultural atrav\u00e9s de:<\/p>\n<ul style=\"text-align: justify;\">\n<li>Lideran\u00e7as engajadas em seguran\u00e7a<\/li>\n<li>Di\u00e1logos di\u00e1rios de seguran\u00e7a (DDS)<\/li>\n<li>Gamifica\u00e7\u00e3o de pr\u00e1ticas seguras<\/li>\n<li>Feedback cont\u00ednuo sobre comportamentos<\/li>\n<\/ul>\n<p style=\"text-align: justify;\"><strong>Impactos Medidos:<\/strong><\/p>\n<ul style=\"text-align: justify;\">\n<li>70% de redu\u00e7\u00e3o em acidentes graves<\/li>\n<li>Aumento de 150% na identifica\u00e7\u00e3o proativa de riscos<\/li>\n<li>Melhoria significativa no clima organizacional<\/li>\n<\/ul>\n<h2 style=\"text-align: justify;\">O Papel da Lideran\u00e7a na Percep\u00e7\u00e3o de Risco<\/h2>\n<h3 style=\"text-align: justify;\">L\u00edderes como Modelos de Comportamento<\/h3>\n<p style=\"text-align: justify;\">Gestores e supervisores t\u00eam papel fundamental na <strong>cultura de seguran\u00e7a ocupacional<\/strong>. Quando l\u00edderes demonstram consistentemente comportamentos seguros e priorizam a seguran\u00e7a sobre prazos e custos, criam ambiente prop\u00edcio para melhor percep\u00e7\u00e3o de risco em toda equipe.<\/p>\n<h3 style=\"text-align: justify;\">Comunica\u00e7\u00e3o Eficaz de Seguran\u00e7a<\/h3>\n<p style=\"text-align: justify;\"><strong>Elementos de Comunica\u00e7\u00e3o Eficaz:<\/strong><\/p>\n<ul style=\"text-align: justify;\">\n<li>Clareza nas expectativas de seguran\u00e7a<\/li>\n<li>Feedback regular sobre performance<\/li>\n<li>Reconhecimento de comportamentos seguros<\/li>\n<li>Abertura para discuss\u00e3o de preocupa\u00e7\u00f5es<\/li>\n<\/ul>\n<h2 style=\"text-align: justify;\">Desafios Comuns e Como Super\u00e1-los<\/h2>\n<h3 style=\"text-align: justify;\">Excesso de Confian\u00e7a<\/h3>\n<p style=\"text-align: justify;\"><strong>Problema<\/strong>: Trabalhadores experientes podem subestimar riscos devido \u00e0 familiaridade.<\/p>\n<p style=\"text-align: justify;\"><strong>Solu\u00e7\u00e3o<\/strong>: Implementar rotinas de verifica\u00e7\u00e3o obrigat\u00f3rias e revis\u00f5es peri\u00f3dicas de procedimentos.<\/p>\n<h3 style=\"text-align: justify;\">Press\u00e3o Temporal<\/h3>\n<p style=\"text-align: justify;\"><strong>Problema<\/strong>: Prazos apertados comprometem a aten\u00e7\u00e3o aos riscos.<\/p>\n<p style=\"text-align: justify;\"><strong>Solu\u00e7\u00e3o<\/strong>: Integrar an\u00e1lise de risco ao planejamento de atividades, n\u00e3o como etapa adicional.<\/p>\n<h3 style=\"text-align: justify;\">Normaliza\u00e7\u00e3o do Desvio<\/h3>\n<p style=\"text-align: justify;\"><strong>Problema<\/strong>: Pequenos desvios de seguran\u00e7a se tornam aceitos gradualmente.<\/p>\n<p style=\"text-align: justify;\"><strong>Solu\u00e7\u00e3o<\/strong>: Monitoramento cont\u00ednuo e interven\u00e7\u00e3o imediata em qualquer desvio identificado.<\/p>\n<h2 style=\"text-align: justify;\">Medindo o Sucesso da Percep\u00e7\u00e3o de Risco<\/h2>\n<h3 style=\"text-align: justify;\">Indicadores Quantitativos<\/h3>\n<ul style=\"text-align: justify;\">\n<li><strong>Taxa de Frequ\u00eancia de Acidentes<\/strong>: N\u00famero de acidentes por horas trabalhadas<\/li>\n<li><strong>Taxa de Gravidade<\/strong>: Dias perdidos por acidentes<\/li>\n<li><strong>\u00cdndice de Quase-Acidentes<\/strong>: Situa\u00e7\u00f5es de risco identificadas e reportadas<\/li>\n<li><strong>Participa\u00e7\u00e3o em Treinamentos<\/strong>: Percentual de colaboradores capacitados<\/li>\n<\/ul>\n<h3 style=\"text-align: justify;\">Indicadores Qualitativos<\/h3>\n<ul style=\"text-align: justify;\">\n<li><strong>Clima de Seguran\u00e7a<\/strong>: Pesquisas de percep\u00e7\u00e3o sobre cultura de seguran\u00e7a<\/li>\n<li><strong>Engajamento<\/strong>: Participa\u00e7\u00e3o volunt\u00e1ria em atividades de seguran\u00e7a<\/li>\n<li><strong>Qualidade de Reportes<\/strong>: Detalhamento e precis\u00e3o nas comunica\u00e7\u00f5es de risco<\/li>\n<\/ul>\n<h2 style=\"text-align: justify;\">Tend\u00eancias Futuras em Percep\u00e7\u00e3o de Risco<\/h2>\n<h3 style=\"text-align: justify;\">Personaliza\u00e7\u00e3o atrav\u00e9s de Big Data<\/h3>\n<p style=\"text-align: justify;\">An\u00e1lise de grandes volumes de dados permitir\u00e1 personalizar treinamentos e interven\u00e7\u00f5es conforme perfil individual de risco, hist\u00f3rico comportamental e caracter\u00edsticas cognitivas espec\u00edficas.<\/p>\n<h3 style=\"text-align: justify;\">Integra\u00e7\u00e3o com Internet das Coisas (IoT)<\/h3>\n<p style=\"text-align: justify;\"><a href=\"https:\/\/amzn.to\/4kxAkHI\" target=\"_blank\" rel=\"noopener\">Sensores conectados<\/a> em equipamentos e ambiente de trabalho fornecer\u00e3o dados em tempo real sobre condi\u00e7\u00f5es de risco, alertando trabalhadores instantaneamente sobre situa\u00e7\u00f5es perigosas.<\/p>\n<h3 style=\"text-align: justify;\">Neuroci\u00eancia Aplicada \u00e0 Seguran\u00e7a<\/h3>\n<p style=\"text-align: justify;\">Pesquisas em neuroci\u00eancia est\u00e3o revelando como o c\u00e9rebro processa informa\u00e7\u00f5es de risco, possibilitando desenvolvimento de t\u00e9cnicas mais eficazes de treinamento e interven\u00e7\u00e3o comportamental.<\/p>\n<h2 style=\"text-align: justify;\">Sua Seguran\u00e7a Come\u00e7a com Uma Decis\u00e3o<\/h2>\n<p style=\"text-align: justify;\">A <strong>percep\u00e7\u00e3o de risco no ambiente de trabalho<\/strong> n\u00e3o \u00e9 apenas uma compet\u00eancia profissional \u2013 \u00e9 uma habilidade de vida que protege voc\u00ea, seus colegas e sua fam\u00edlia. Cada situa\u00e7\u00e3o de risco identificada e cada acidente prevenido representa vidas preservadas e fam\u00edlias protegidas.<\/p>\n<p style=\"text-align: justify;\">Implementar uma cultura s\u00f3lida de percep\u00e7\u00e3o de risco requer comprometimento cont\u00ednuo, investimento em capacita\u00e7\u00e3o e lideran\u00e7a engajada. Mas os benef\u00edcios \u2013 vidas preservadas, custos evitados e ambientes de trabalho mais saud\u00e1veis \u2013 justificam amplamente todos os esfor\u00e7os.<\/p>\n<p style=\"text-align: justify;\">Lembre-se: <strong>a seguran\u00e7a n\u00e3o acontece por acidente, ela \u00e9 resultado de escolhas conscientes e prepara\u00e7\u00e3o adequada<\/strong>.<\/p>\n<h2 style=\"text-align: justify;\">Comece Hoje Sua Jornada de Seguran\u00e7a<\/h2>\n<p style=\"text-align: justify;\"><strong>N\u00e3o espere um acidente acontecer para valorizar a percep\u00e7\u00e3o de risco.<\/strong><\/p>\n<p style=\"text-align: justify;\"><strong>Para Trabalhadores:<\/strong><\/p>\n<ul style=\"text-align: justify;\">\n<li>Fa\u00e7a uma autoavalia\u00e7\u00e3o de suas pr\u00e1ticas atuais de seguran\u00e7a<\/li>\n<li>Solicite treinamentos em percep\u00e7\u00e3o de risco para sua empresa<\/li>\n<li>Pratique t\u00e9cnicas de observa\u00e7\u00e3o ativa em suas atividades di\u00e1rias<\/li>\n<\/ul>\n<p style=\"text-align: justify;\"><strong>Para Gestores:<\/strong><\/p>\n<ul style=\"text-align: justify;\">\n<li>Avalie a cultura de seguran\u00e7a atual de sua organiza\u00e7\u00e3o<\/li>\n<li>Implemente programas estruturados de desenvolvimento de percep\u00e7\u00e3o de risco<\/li>\n<li>Invista em tecnologias que apoiem a identifica\u00e7\u00e3o proativa de riscos<\/li>\n<\/ul>\n<p style=\"text-align: justify;\"><strong>Quer implementar um programa de percep\u00e7\u00e3o de risco no ambiente de trabalho em sua empresa?<\/strong> Entre em contato conosco para consultoria especializada e transforme a seguran\u00e7a ocupacional de sua organiza\u00e7\u00e3o.<\/p>\n<p style=\"text-align: justify;\"><strong>Compartilhe este conte\u00fado<\/strong> com colegas e contribua para criar ambientes de trabalho mais seguros para todos.<\/p>\n<hr \/>\n<p style=\"text-align: justify;\"><em>Este artigo foi desenvolvido com base nas melhores pr\u00e1ticas internacionais de seguran\u00e7a ocupacional e normas regulamentadoras brasileiras. Para informa\u00e7\u00f5es espec\u00edficas sobre seu setor, consulte sempre profissionais especializados em seguran\u00e7a do trabalho.<\/em><\/p>\n","protected":false},"excerpt":{"rendered":"<p>Descubra como desenvolver percep\u00e7\u00e3o de risco no ambiente de trabalho e reduzir acidentes. Estrat\u00e9gias Imagine-se operando uma m\u00e1quina industrial quando, de repente, algo parece diferente. Um ru\u00eddo estranho, uma vibra\u00e7\u00e3o incomum. Em quest\u00e3o de segundos, voc\u00ea precisa decidir: continuar trabalhando ou parar para investigar? Esta decis\u00e3o aparentemente simples ilustra perfeitamente o que \u00e9 percep\u00e7\u00e3o de [&hellip;]<\/p>\n","protected":false},"author":1,"featured_media":13547,"comment_status":"open","ping_status":"open","sticky":false,"template":"","format":"standard","meta":{"_jetpack_memberships_contains_paid_content":false,"footnotes":""},"categories":[1604],"tags":[],"class_list":{"0":"post-13545","1":"post","2":"type-post","3":"status-publish","4":"format-standard","5":"has-post-thumbnail","7":"category-variedades"},"yoast_head":"<!-- This site is optimized with the Yoast SEO plugin v25.1 - https:\/\/yoast.com\/wordpress\/plugins\/seo\/ -->\n<title>Percep\u00e7\u00e3o de Risco no Ambiente de Trabalho - CENED Cursos Online<\/title>\n<meta name=\"description\" content=\"Como desenvolver percep\u00e7\u00e3o de risco no ambiente de trabalho e reduzir acidentes. Estrat\u00e9gias pr\u00e1ticas para criar ambientes mais seguros.\" \/>\n<meta name=\"robots\" content=\"index, follow, max-snippet:-1, max-image-preview:large, max-video-preview:-1\" \/>\n<link rel=\"canonical\" href=\"https:\/\/cenedcursos.com.br\/meio-ambiente\/percepcao-de-risco-no-ambiente-de-trabalho\/\" \/>\n<meta property=\"og:locale\" content=\"pt_BR\" \/>\n<meta property=\"og:type\" content=\"article\" \/>\n<meta property=\"og:title\" content=\"Percep\u00e7\u00e3o de Risco no Ambiente de Trabalho - CENED Cursos Online\" \/>\n<meta property=\"og:description\" content=\"Como desenvolver percep\u00e7\u00e3o de risco no ambiente de trabalho e reduzir acidentes. Estrat\u00e9gias pr\u00e1ticas para criar ambientes mais seguros.\" \/>\n<meta property=\"og:url\" content=\"https:\/\/cenedcursos.com.br\/meio-ambiente\/percepcao-de-risco-no-ambiente-de-trabalho\/\" \/>\n<meta property=\"og:site_name\" content=\"CENED Cursos Online\" \/>\n<meta property=\"article:published_time\" content=\"2025-05-23T18:18:32+00:00\" \/>\n<meta property=\"article:modified_time\" content=\"2025-05-23T18:19:31+00:00\" \/>\n<meta name=\"author\" content=\"Amarildo R. Ferrari\" \/>\n<meta name=\"twitter:card\" content=\"summary_large_image\" \/>\n<meta name=\"twitter:label1\" content=\"Escrito por\" \/>\n\t<meta name=\"twitter:data1\" content=\"Amarildo R. Ferrari\" \/>\n\t<meta name=\"twitter:label2\" content=\"Est. tempo de leitura\" \/>\n\t<meta name=\"twitter:data2\" content=\"10 minutos\" \/>\n<script type=\"application\/ld+json\" class=\"yoast-schema-graph\">{\"@context\":\"https:\/\/schema.org\",\"@graph\":[{\"@type\":\"WebPage\",\"@id\":\"https:\/\/cenedcursos.com.br\/meio-ambiente\/percepcao-de-risco-no-ambiente-de-trabalho\/\",\"url\":\"https:\/\/cenedcursos.com.br\/meio-ambiente\/percepcao-de-risco-no-ambiente-de-trabalho\/\",\"name\":\"Percep\u00e7\u00e3o de Risco no Ambiente de Trabalho - CENED Cursos Online\",\"isPartOf\":{\"@id\":\"https:\/\/cenedcursos.com.br\/meio-ambiente\/#website\"},\"primaryImageOfPage\":{\"@id\":\"https:\/\/cenedcursos.com.br\/meio-ambiente\/percepcao-de-risco-no-ambiente-de-trabalho\/#primaryimage\"},\"image\":{\"@id\":\"https:\/\/cenedcursos.com.br\/meio-ambiente\/percepcao-de-risco-no-ambiente-de-trabalho\/#primaryimage\"},\"thumbnailUrl\":\"https:\/\/cenedcursos.com.br\/meio-ambiente\/wp-content\/uploads\/2025\/05\/Percepcao-de-Risco-no-Ambiente-de-Trabalho.avif\",\"datePublished\":\"2025-05-23T18:18:32+00:00\",\"dateModified\":\"2025-05-23T18:19:31+00:00\",\"author\":{\"@id\":\"https:\/\/cenedcursos.com.br\/meio-ambiente\/#\/schema\/person\/64377d24cdc16779a1eb6229894af388\"},\"description\":\"Como desenvolver percep\u00e7\u00e3o de risco no ambiente de trabalho e reduzir acidentes. Estrat\u00e9gias pr\u00e1ticas para criar ambientes mais seguros.\",\"breadcrumb\":{\"@id\":\"https:\/\/cenedcursos.com.br\/meio-ambiente\/percepcao-de-risco-no-ambiente-de-trabalho\/#breadcrumb\"},\"inLanguage\":\"pt-BR\",\"potentialAction\":[{\"@type\":\"ReadAction\",\"target\":[\"https:\/\/cenedcursos.com.br\/meio-ambiente\/percepcao-de-risco-no-ambiente-de-trabalho\/\"]}]},{\"@type\":\"ImageObject\",\"inLanguage\":\"pt-BR\",\"@id\":\"https:\/\/cenedcursos.com.br\/meio-ambiente\/percepcao-de-risco-no-ambiente-de-trabalho\/#primaryimage\",\"url\":\"https:\/\/cenedcursos.com.br\/meio-ambiente\/wp-content\/uploads\/2025\/05\/Percepcao-de-Risco-no-Ambiente-de-Trabalho.avif\",\"contentUrl\":\"https:\/\/cenedcursos.com.br\/meio-ambiente\/wp-content\/uploads\/2025\/05\/Percepcao-de-Risco-no-Ambiente-de-Trabalho.avif\",\"width\":1200,\"height\":825,\"caption\":\"Percep\u00e7\u00e3o de Risco no Ambiente de Trabalho\"},{\"@type\":\"BreadcrumbList\",\"@id\":\"https:\/\/cenedcursos.com.br\/meio-ambiente\/percepcao-de-risco-no-ambiente-de-trabalho\/#breadcrumb\",\"itemListElement\":[{\"@type\":\"ListItem\",\"position\":1,\"name\":\"In\u00edcio\",\"item\":\"https:\/\/cenedcursos.com.br\/meio-ambiente\/\"},{\"@type\":\"ListItem\",\"position\":2,\"name\":\"Percep\u00e7\u00e3o de Risco no Ambiente de Trabalho\"}]},{\"@type\":\"WebSite\",\"@id\":\"https:\/\/cenedcursos.com.br\/meio-ambiente\/#website\",\"url\":\"https:\/\/cenedcursos.com.br\/meio-ambiente\/\",\"name\":\"CENED Cursos Online\",\"description\":\"Aqui voc\u00ea encontra artigos em diversas \u00e1reas do conhecimento: meio ambiente, educa\u00e7\u00e3o, marketing digital, neg\u00f3cios online e muito mais.\",\"potentialAction\":[{\"@type\":\"SearchAction\",\"target\":{\"@type\":\"EntryPoint\",\"urlTemplate\":\"https:\/\/cenedcursos.com.br\/meio-ambiente\/?s={search_term_string}\"},\"query-input\":{\"@type\":\"PropertyValueSpecification\",\"valueRequired\":true,\"valueName\":\"search_term_string\"}}],\"inLanguage\":\"pt-BR\"},{\"@type\":\"Person\",\"@id\":\"https:\/\/cenedcursos.com.br\/meio-ambiente\/#\/schema\/person\/64377d24cdc16779a1eb6229894af388\",\"name\":\"Amarildo R. Ferrari\",\"image\":{\"@type\":\"ImageObject\",\"inLanguage\":\"pt-BR\",\"@id\":\"https:\/\/cenedcursos.com.br\/meio-ambiente\/#\/schema\/person\/image\/\",\"url\":\"https:\/\/secure.gravatar.com\/avatar\/6ea4248ca9f295c93f1b72f8398232f0fbbffe30349e6ec3839cfa5e09b0de3c?s=96&d=mm&r=g\",\"contentUrl\":\"https:\/\/secure.gravatar.com\/avatar\/6ea4248ca9f295c93f1b72f8398232f0fbbffe30349e6ec3839cfa5e09b0de3c?s=96&d=mm&r=g\",\"caption\":\"Amarildo R. Ferrari\"},\"sameAs\":[\"https:\/\/cenedcursos.com.br\/meio-ambiente\"],\"url\":\"https:\/\/cenedcursos.com.br\/meio-ambiente\/author\/admin\/\"}]}<\/script>\n<!-- \/ Yoast SEO plugin. -->","yoast_head_json":{"title":"Percep\u00e7\u00e3o de Risco no Ambiente de Trabalho - CENED Cursos Online","description":"Como desenvolver percep\u00e7\u00e3o de risco no ambiente de trabalho e reduzir acidentes. Estrat\u00e9gias pr\u00e1ticas para criar ambientes mais seguros.","robots":{"index":"index","follow":"follow","max-snippet":"max-snippet:-1","max-image-preview":"max-image-preview:large","max-video-preview":"max-video-preview:-1"},"canonical":"https:\/\/cenedcursos.com.br\/meio-ambiente\/percepcao-de-risco-no-ambiente-de-trabalho\/","og_locale":"pt_BR","og_type":"article","og_title":"Percep\u00e7\u00e3o de Risco no Ambiente de Trabalho - CENED Cursos Online","og_description":"Como desenvolver percep\u00e7\u00e3o de risco no ambiente de trabalho e reduzir acidentes. Estrat\u00e9gias pr\u00e1ticas para criar ambientes mais seguros.","og_url":"https:\/\/cenedcursos.com.br\/meio-ambiente\/percepcao-de-risco-no-ambiente-de-trabalho\/","og_site_name":"CENED Cursos Online","article_published_time":"2025-05-23T18:18:32+00:00","article_modified_time":"2025-05-23T18:19:31+00:00","author":"Amarildo R. Ferrari","twitter_card":"summary_large_image","twitter_misc":{"Escrito por":"Amarildo R. Ferrari","Est. tempo de leitura":"10 minutos"},"schema":{"@context":"https:\/\/schema.org","@graph":[{"@type":"WebPage","@id":"https:\/\/cenedcursos.com.br\/meio-ambiente\/percepcao-de-risco-no-ambiente-de-trabalho\/","url":"https:\/\/cenedcursos.com.br\/meio-ambiente\/percepcao-de-risco-no-ambiente-de-trabalho\/","name":"Percep\u00e7\u00e3o de Risco no Ambiente de Trabalho - CENED Cursos Online","isPartOf":{"@id":"https:\/\/cenedcursos.com.br\/meio-ambiente\/#website"},"primaryImageOfPage":{"@id":"https:\/\/cenedcursos.com.br\/meio-ambiente\/percepcao-de-risco-no-ambiente-de-trabalho\/#primaryimage"},"image":{"@id":"https:\/\/cenedcursos.com.br\/meio-ambiente\/percepcao-de-risco-no-ambiente-de-trabalho\/#primaryimage"},"thumbnailUrl":"https:\/\/cenedcursos.com.br\/meio-ambiente\/wp-content\/uploads\/2025\/05\/Percepcao-de-Risco-no-Ambiente-de-Trabalho.avif","datePublished":"2025-05-23T18:18:32+00:00","dateModified":"2025-05-23T18:19:31+00:00","author":{"@id":"https:\/\/cenedcursos.com.br\/meio-ambiente\/#\/schema\/person\/64377d24cdc16779a1eb6229894af388"},"description":"Como desenvolver percep\u00e7\u00e3o de risco no ambiente de trabalho e reduzir acidentes. Estrat\u00e9gias pr\u00e1ticas para criar ambientes mais seguros.","breadcrumb":{"@id":"https:\/\/cenedcursos.com.br\/meio-ambiente\/percepcao-de-risco-no-ambiente-de-trabalho\/#breadcrumb"},"inLanguage":"pt-BR","potentialAction":[{"@type":"ReadAction","target":["https:\/\/cenedcursos.com.br\/meio-ambiente\/percepcao-de-risco-no-ambiente-de-trabalho\/"]}]},{"@type":"ImageObject","inLanguage":"pt-BR","@id":"https:\/\/cenedcursos.com.br\/meio-ambiente\/percepcao-de-risco-no-ambiente-de-trabalho\/#primaryimage","url":"https:\/\/cenedcursos.com.br\/meio-ambiente\/wp-content\/uploads\/2025\/05\/Percepcao-de-Risco-no-Ambiente-de-Trabalho.avif","contentUrl":"https:\/\/cenedcursos.com.br\/meio-ambiente\/wp-content\/uploads\/2025\/05\/Percepcao-de-Risco-no-Ambiente-de-Trabalho.avif","width":1200,"height":825,"caption":"Percep\u00e7\u00e3o de Risco no Ambiente de Trabalho"},{"@type":"BreadcrumbList","@id":"https:\/\/cenedcursos.com.br\/meio-ambiente\/percepcao-de-risco-no-ambiente-de-trabalho\/#breadcrumb","itemListElement":[{"@type":"ListItem","position":1,"name":"In\u00edcio","item":"https:\/\/cenedcursos.com.br\/meio-ambiente\/"},{"@type":"ListItem","position":2,"name":"Percep\u00e7\u00e3o de Risco no Ambiente de Trabalho"}]},{"@type":"WebSite","@id":"https:\/\/cenedcursos.com.br\/meio-ambiente\/#website","url":"https:\/\/cenedcursos.com.br\/meio-ambiente\/","name":"CENED Cursos Online","description":"Aqui voc\u00ea encontra artigos em diversas \u00e1reas do conhecimento: meio ambiente, educa\u00e7\u00e3o, marketing digital, neg\u00f3cios online e muito mais.","potentialAction":[{"@type":"SearchAction","target":{"@type":"EntryPoint","urlTemplate":"https:\/\/cenedcursos.com.br\/meio-ambiente\/?s={search_term_string}"},"query-input":{"@type":"PropertyValueSpecification","valueRequired":true,"valueName":"search_term_string"}}],"inLanguage":"pt-BR"},{"@type":"Person","@id":"https:\/\/cenedcursos.com.br\/meio-ambiente\/#\/schema\/person\/64377d24cdc16779a1eb6229894af388","name":"Amarildo R. Ferrari","image":{"@type":"ImageObject","inLanguage":"pt-BR","@id":"https:\/\/cenedcursos.com.br\/meio-ambiente\/#\/schema\/person\/image\/","url":"https:\/\/secure.gravatar.com\/avatar\/6ea4248ca9f295c93f1b72f8398232f0fbbffe30349e6ec3839cfa5e09b0de3c?s=96&d=mm&r=g","contentUrl":"https:\/\/secure.gravatar.com\/avatar\/6ea4248ca9f295c93f1b72f8398232f0fbbffe30349e6ec3839cfa5e09b0de3c?s=96&d=mm&r=g","caption":"Amarildo R. Ferrari"},"sameAs":["https:\/\/cenedcursos.com.br\/meio-ambiente"],"url":"https:\/\/cenedcursos.com.br\/meio-ambiente\/author\/admin\/"}]}},"jetpack_featured_media_url":"https:\/\/cenedcursos.com.br\/meio-ambiente\/wp-content\/uploads\/2025\/05\/Percepcao-de-Risco-no-Ambiente-de-Trabalho.avif","jetpack_sharing_enabled":true,"_links":{"self":[{"href":"https:\/\/cenedcursos.com.br\/meio-ambiente\/wp-json\/wp\/v2\/posts\/13545","targetHints":{"allow":["GET"]}}],"collection":[{"href":"https:\/\/cenedcursos.com.br\/meio-ambiente\/wp-json\/wp\/v2\/posts"}],"about":[{"href":"https:\/\/cenedcursos.com.br\/meio-ambiente\/wp-json\/wp\/v2\/types\/post"}],"author":[{"embeddable":true,"href":"https:\/\/cenedcursos.com.br\/meio-ambiente\/wp-json\/wp\/v2\/users\/1"}],"replies":[{"embeddable":true,"href":"https:\/\/cenedcursos.com.br\/meio-ambiente\/wp-json\/wp\/v2\/comments?post=13545"}],"version-history":[{"count":0,"href":"https:\/\/cenedcursos.com.br\/meio-ambiente\/wp-json\/wp\/v2\/posts\/13545\/revisions"}],"wp:featuredmedia":[{"embeddable":true,"href":"https:\/\/cenedcursos.com.br\/meio-ambiente\/wp-json\/wp\/v2\/media\/13547"}],"wp:attachment":[{"href":"https:\/\/cenedcursos.com.br\/meio-ambiente\/wp-json\/wp\/v2\/media?parent=13545"}],"wp:term":[{"taxonomy":"category","embeddable":true,"href":"https:\/\/cenedcursos.com.br\/meio-ambiente\/wp-json\/wp\/v2\/categories?post=13545"},{"taxonomy":"post_tag","embeddable":true,"href":"https:\/\/cenedcursos.com.br\/meio-ambiente\/wp-json\/wp\/v2\/tags?post=13545"}],"curies":[{"name":"wp","href":"https:\/\/api.w.org\/{rel}","templated":true}]}}