{"id":139,"date":"2007-06-05T17:27:18","date_gmt":"2007-06-05T17:27:18","guid":{"rendered":"http:\/\/www.cenedcursos.com.br\/?p=139"},"modified":"2007-06-05T17:27:18","modified_gmt":"2007-06-05T17:27:18","slug":"gestao-ambiental-industria","status":"publish","type":"post","link":"https:\/\/cenedcursos.com.br\/meio-ambiente\/gestao-ambiental-industria\/","title":{"rendered":"Gest\u00e3o Ambiental na Ind\u00fastria"},"content":{"rendered":"<p style=\"text-align: justify;\"><span style=\"font-family: arial,helvetica,sans-serif;\"><span style=\"font-size: 10pt;\"><strong>INTRODU\u00c7\u00c3O<\/strong><\/span><\/span><\/p>\n<p>De forma resumida ser\u00e3o apresentados alguns aspectos fundamentais da gest\u00e3o ambiental na ind\u00fastria. Estes aspectos s\u00e3o aplic\u00e1veis para ind\u00fastrias de todos os segmentos e tamb\u00e9m de diferenciados portes (pequena, m\u00e9dia, grande) .<\/p>\n<p style=\"text-align: justify;\"><span style=\"font-family: arial,helvetica,sans-serif;\"><span style=\"font-size: 10pt;\"><strong>DESENVOLVIMENTO<\/strong><\/span><\/span><\/p>\n<p style=\"text-align: justify;\"><span style=\"font-family: arial,helvetica,sans-serif;\"><span style=\"font-size: 10pt;\"><strong><em>1. A autoriza\u00e7\u00e3o (Licen\u00e7a Ambiental) concedida atrav\u00e9s de: Licen\u00e7a Pr\u00e9via (LP), Licen\u00e7a de Instala\u00e7\u00e3o (LI) e Licen\u00e7a de Opera\u00e7\u00e3o (LO).<\/em><\/strong><\/span><\/span><\/p>\n<ul style=\"text-align: justify;\">\n<li><span style=\"font-family: arial,helvetica,sans-serif;\"><span style=\"font-size: 10pt;\"> cumprimento de todos os requisitos legais<\/span><\/span><\/li>\n<li><span style=\"font-family: arial,helvetica,sans-serif;\"><span style=\"font-size: 10pt;\"> manuten\u00e7\u00e3o da licen\u00e7a<\/span><\/span><\/li>\n<\/ul>\n<p style=\"text-align: justify;\"><span style=\"font-family: arial,helvetica,sans-serif;\"><span style=\"font-size: 10pt;\"><strong><em>2. Posicionamento atual da organiza\u00e7\u00e3o em rela\u00e7\u00e3o ao meio ambiente, com base em avalia\u00e7\u00e3o inicial que tomar\u00e1 em conta os seguintes aspectos:<\/em><\/strong><\/span><\/span><\/p>\n<ul style=\"text-align: justify;\">\n<li><span style=\"font-family: arial,helvetica,sans-serif;\"><span style=\"font-size: 10pt;\"> levantamento da legisla\u00e7\u00e3o ambiental pertinente e identifica\u00e7\u00e3o dos requisitos legais e regulamentares, bem como normas e regulamentos internos; <\/span><\/span><\/li>\n<li><span style=\"font-family: arial,helvetica,sans-serif;\"><span style=\"font-size: 10pt;\"> identifica\u00e7\u00e3o dos aspectos ambientais de suas atividades, produtos ou servi\u00e7os, de modo a determinar aqueles que t\u00eam ou possam ter impactos ambientais significativos; <\/span><\/span><\/li>\n<li><span style=\"font-family: arial,helvetica,sans-serif;\"><span style=\"font-size: 10pt;\"> pr\u00e1ticas e procedimentos de gest\u00e3o ambiental existentes; <\/span><\/span><\/li>\n<li><span style=\"font-family: arial,helvetica,sans-serif;\"><span style=\"font-size: 10pt;\"> informa\u00e7\u00f5es resultantes da investiga\u00e7\u00e3o de incidentes ambientais anteriores; <\/span><\/span><\/li>\n<li><span style=\"font-family: arial,helvetica,sans-serif;\"><span style=\"font-size: 10pt;\"> de reclama\u00e7\u00f5es de clientes, usu\u00e1rios, funcion\u00e1rios, vizinhos e demais partes interessadas nos aspectos ambientais das atividades e\/ou produtos; <\/span><\/span><\/li>\n<li><span style=\"font-family: arial,helvetica,sans-serif;\"><span style=\"font-size: 10pt;\"> verifica\u00e7\u00e3o dos consumos de \u00e1gua, energia el\u00e9trica, papel e outros insumos. <\/span><\/span><\/li>\n<\/ul>\n<p style=\"text-align: justify;\"><span style=\"font-family: arial,helvetica,sans-serif;\"><span style=\"font-size: 10pt;\"><strong><em>3. Estabelecimento da Pol\u00edtica Ambiental da Empresa<\/em><\/strong><\/span><\/span><\/p>\n<ul style=\"text-align: justify;\">\n<li><span style=\"font-family: arial,helvetica,sans-serif;\"><span style=\"font-size: 10pt;\"> Esta pol\u00edtica ir\u00e1 determinar o conjunto de inten\u00e7\u00f5es da alta dire\u00e7\u00e3o da empresa e orientar os procedimentos e condutas gerenciais relacionados ao meio ambiente.<\/span><\/span><\/li>\n<li><span style=\"font-family: arial,helvetica,sans-serif;\"><span style=\"font-size: 10pt;\"> A pol\u00edtica dever\u00e1 estar adequada \u00e1 natureza, escala e impactos ambientais das atividades, produtos e servi\u00e7os.<\/span><\/span><\/li>\n<\/ul>\n<p style=\"text-align: justify;\"><span style=\"font-family: arial,helvetica,sans-serif;\"><span style=\"font-size: 10pt;\"><strong><em>4. Estabelecimento de um sistema de gerenciamento ambiental<\/em><\/strong><\/span><\/span><\/p>\n<p style=\"text-align: justify;\"><span style=\"font-family: arial,helvetica,sans-serif;\"><span style=\"font-size: 10pt;\">Hoje \u00e9 vis\u00edvel que n\u00e3o \u00e9 poss\u00edvel improvisar ou administra de forma n\u00e3o ordenada. \u00c9 necess\u00e1rio integrar a administra\u00e7\u00e3o ambiental aos demais sistemas gerencias da empresa. A norma da ISO 14.001 \u00e9 uma excelente ferramenta de gest\u00e3o. Mesmo que a empresa n\u00e3o vise, a curto prazo, a certifica\u00e7\u00e3o poder\u00e1 colocar em funcionamento uma sistema de gerenciamento ambiental, com base na norma da ISSO 14.001.<\/span><\/span><\/p>\n<p style=\"text-align: justify;\"><span style=\"font-family: arial,helvetica,sans-serif;\"><span style=\"font-size: 10pt;\">A elabora\u00e7\u00e3o de um SGA -Sistema de Gest\u00e3o Ambiental envolve alguns pontos gen\u00e9rico:<\/span><\/span><\/p>\n<ul style=\"text-align: justify;\">\n<li><span style=\"font-family: arial,helvetica,sans-serif;\"><span style=\"font-size: 10pt;\"> an\u00e1lise cr\u00edtica da pol\u00edtica ambiental<\/span><\/span><\/li>\n<li><span style=\"font-family: arial,helvetica,sans-serif;\"><span style=\"font-size: 10pt;\"> compatibilidade do plano com a pol\u00edtica ambiental<\/span><\/span><\/li>\n<li><span style=\"font-family: arial,helvetica,sans-serif;\"><span style=\"font-size: 10pt;\"> emprego de processos estruturados, disciplinados e sistematizados de administra\u00e7\u00e3o. Ex. Ciclo PDCA, diagrama de causa e efeito, FEMEA<\/span><\/span><\/li>\n<li><span style=\"font-family: arial,helvetica,sans-serif;\"><span style=\"font-size: 10pt;\"> atribui\u00e7\u00e3o de prioridades<\/span><\/span><\/li>\n<li><span style=\"font-family: arial,helvetica,sans-serif;\"><span style=\"font-size: 10pt;\"> implanta\u00e7\u00e3o de uma estrutura funcional na organiza\u00e7\u00e3o voltada ao gerenciamento ambiental.<\/span><\/span><\/li>\n<li><span style=\"font-family: arial,helvetica,sans-serif;\"><span style=\"font-size: 10pt;\"> flexibilidade de adapta\u00e7\u00e3o \u00e1 mudan\u00e7as<\/span><\/span><\/li>\n<li><span style=\"font-family: arial,helvetica,sans-serif;\"><span style=\"font-size: 10pt;\"> cumprimento de normas ambientais<\/span><\/span><\/li>\n<li><span style=\"font-family: arial,helvetica,sans-serif;\"><span style=\"font-size: 10pt;\"> na fase de implementa\u00e7\u00e3o s\u00e3o definidos e disponibilizados os recursos humanos, f\u00edsicos e financeiros para a execu\u00e7\u00e3o das a\u00e7\u00f5es previstas no SGA, bem como a estrutura de responsabilidades. A motiva\u00e7\u00e3o e conscientiza\u00e7\u00e3o de todos os envolvidos s\u00e3o aspectos essenciais no processo. <\/span><\/span><\/li>\n<li><span style=\"font-family: arial,helvetica,sans-serif;\"><span style=\"font-size: 10pt;\"> definir formas e meios de comunica\u00e7\u00e3o interna das a\u00e7\u00f5es e seus efeitos. <\/span><\/span><\/li>\n<li><span style=\"font-family: arial,helvetica,sans-serif;\"><span style=\"font-size: 10pt;\"> produ\u00e7\u00e3o de documentos deve ser organizada e estar dispon\u00edvel para consulta por todos os interessados.<\/span><\/span><\/li>\n<li><span style=\"font-family: arial,helvetica,sans-serif;\"><span style=\"font-size: 10pt;\"> controle operacional e elabora\u00e7\u00e3o de um plano definindo procedimentos de emerg\u00eancia. A aplica\u00e7\u00e3o deste plano deve-se dar em casos de ocorr\u00eancia de desastres ambientais ou de situa\u00e7\u00f5es especiais que gerem a necessidade de interven\u00e7\u00f5es r\u00e1pidas e eficazes para o seu controle. <\/span><\/span><\/li>\n<\/ul>\n<p style=\"text-align: justify;\"><span style=\"font-family: arial,helvetica,sans-serif;\"><span style=\"font-size: 10pt;\"><strong><em>5. Monitoramento das a\u00e7\u00f5es<\/em><\/strong><\/span><\/span><\/p>\n<p style=\"text-align: justify;\"><span style=\"font-family: arial,helvetica,sans-serif;\"><span style=\"font-size: 10pt;\">O constante monitoramento e avalia\u00e7\u00e3o s\u00e3o os meios de aferir a execu\u00e7\u00e3o das atividades em acordo com o programa de gest\u00e3o previsto.<\/span><\/span><\/p>\n<p style=\"text-align: justify;\"><span style=\"font-family: arial,helvetica,sans-serif;\"><span style=\"font-size: 10pt;\">\u00c9 recomend\u00e1vel monitorar o efetivo desempenho na consecu\u00e7\u00e3o dos objetivos e metas definidos, e relatar os desvios ocorridos e suas causas. Checar prazos, verificar cronogramas, avaliar o cumprimento da legisla\u00e7\u00e3o e de regulamentos s\u00e3o exemplos de tarefas afetas a esta etapa. As observa\u00e7\u00f5es devem ser devidamente registradas e avaliadas, e os resultados gerados ser\u00e3o utilizados na identifica\u00e7\u00e3o de \u00e1reas de \u00eaxito e da necessidade de a\u00e7\u00f5es corretivas e de melhoria. Auditorias do Sistema de Gest\u00e3o Ambiental (SGA), tanto internas como externas.<\/span><\/span><\/p>\n<p style=\"text-align: justify;\"><span style=\"font-family: arial,helvetica,sans-serif;\"><span style=\"font-size: 10pt;\"><strong><em>6. Estabelecimento de metas e acompanhamento dos Indicadores de Desempenho de Sistemas de Gest\u00e3o Ambiental<\/em><\/strong><\/span><\/span><\/p>\n<table style=\"text-align: justify;\" border=\"1\" cellspacing=\"0\" cellpadding=\"0\">\n<tbody>\n<tr>\n<td valign=\"top\" width=\"217\"><span style=\"font-family: arial,helvetica,sans-serif;\"><span style=\"font-size: 10pt;\"><strong>Proposta inicial<\/strong><\/span><\/span><\/td>\n<td valign=\"top\" width=\"110\"><span style=\"font-family: arial,helvetica,sans-serif;\"><span style=\"font-size: 10pt;\"><strong>Tipo<\/strong><\/span><\/span><\/td>\n<td valign=\"top\" width=\"110\"><span style=\"font-family: arial,helvetica,sans-serif;\"><span style=\"font-size: 10pt;\"><strong>Unidade<\/strong><\/span><\/span><\/td>\n<td valign=\"top\" width=\"154\"><span style=\"font-family: arial,helvetica,sans-serif;\"><span style=\"font-size: 10pt;\"><strong>Dados Coletados<\/strong><\/span><\/span><\/td>\n<\/tr>\n<tr>\n<td valign=\"top\" width=\"217\"><span style=\"font-family: arial,helvetica,sans-serif;\"><span style=\"font-size: 10pt;\"><strong>&gt;Consumo de mat\u00e9rias primas &#8211; MP por unidade de produto.<\/strong><\/span><\/span><\/td>\n<td valign=\"top\" width=\"110\"><span style=\"font-family: arial,helvetica,sans-serif;\"><span style=\"font-size: 10pt;\">relativa ou percentual<\/span><\/span><\/td>\n<td valign=\"top\" width=\"110\"><span style=\"font-family: arial,helvetica,sans-serif;\"><span style=\"font-size: 10pt;\">Input MP em kg ou em %\/Produto final kg<\/span><\/span><\/td>\n<td valign=\"top\" width=\"154\">\n<ul>\n<li><span style=\"font-family: arial,helvetica,sans-serif;\"><span style=\"font-size: 10pt;\"> Quantidade de mat\u00e9rias primas consumidas<\/span><\/span><\/li>\n<\/ul>\n<ul>\n<li><span style=\"font-family: arial,helvetica,sans-serif;\"><span style=\"font-size: 10pt;\"> Quantidade de produtos<\/span><\/span><\/li>\n<\/ul>\n<\/td>\n<\/tr>\n<tr>\n<td valign=\"top\" width=\"217\"><span style=\"font-family: arial,helvetica,sans-serif;\"><span style=\"font-size: 10pt;\"><strong>&gt;Quantidade de \u00e1gua consumida por unidade de produto.<\/strong><\/span><\/span><\/td>\n<td valign=\"top\" width=\"110\"><span style=\"font-family: arial,helvetica,sans-serif;\"><span style=\"font-size: 10pt;\">relativa ou percentual<\/span><\/span><\/td>\n<td valign=\"top\" width=\"110\"><span style=\"font-family: arial,helvetica,sans-serif;\"><span style=\"font-size: 10pt;\">m\u00b3 ou l ou em %\/kg produto<\/span><\/span><\/td>\n<td valign=\"top\" width=\"154\">\n<ul>\n<li><span style=\"font-family: arial,helvetica,sans-serif;\"><span style=\"font-size: 10pt;\"> Consumo de \u00e1gua<\/span><\/span><\/li>\n<\/ul>\n<ul>\n<li><span style=\"font-family: arial,helvetica,sans-serif;\"><span style=\"font-size: 10pt;\"> Quantidade de produtos<\/span><\/span><\/li>\n<\/ul>\n<\/td>\n<\/tr>\n<tr>\n<td valign=\"top\" width=\"217\"><span style=\"font-family: arial,helvetica,sans-serif;\"><span style=\"font-size: 10pt;\"><strong>&gt;Quantidade de energia consumida por unidade de produto<\/strong><\/span><\/span><\/td>\n<td valign=\"top\" width=\"110\"><span style=\"font-family: arial,helvetica,sans-serif;\"><span style=\"font-size: 10pt;\">relativa ou percentual<\/span><\/span><\/td>\n<td valign=\"top\" width=\"110\"><span style=\"font-family: arial,helvetica,sans-serif;\"><span style=\"font-size: 10pt;\">kWh ou em %\/kg<\/span><\/span><\/td>\n<td valign=\"top\" width=\"154\">\n<ul>\n<li><span style=\"font-family: arial,helvetica,sans-serif;\"><span style=\"font-size: 10pt;\"> Consumo de energia<\/span><\/span><\/li>\n<\/ul>\n<ul>\n<li><span style=\"font-family: arial,helvetica,sans-serif;\"><span style=\"font-size: 10pt;\"> Quantidade de produtos<\/span><\/span><\/li>\n<\/ul>\n<\/td>\n<\/tr>\n<tr>\n<td valign=\"top\" width=\"217\"><span style=\"font-family: arial,helvetica,sans-serif;\"><span style=\"font-size: 10pt;\"><strong>&gt;Custos no processo produtivo por unidade de produto<\/strong><\/span><\/span><br \/>\n<span style=\"font-family: arial,helvetica,sans-serif;\"><span style=\"font-size: 10pt;\"><strong>\u2022 Custos operacionais no processo produtivo por unidade de produto<\/strong><\/span><\/span><br \/>\n<span style=\"font-family: arial,helvetica,sans-serif;\"><span style=\"font-size: 10pt;\"><strong>\u2022 Custos de consumo de insumos e mat\u00e9rias-primas no processo produtivo por unidade de produto<\/strong><\/span><\/span><\/td>\n<td valign=\"top\" width=\"110\"><span style=\"font-family: arial,helvetica,sans-serif;\"><span style=\"font-size: 10pt;\">relativa ou percentual<\/span><\/span><\/td>\n<td valign=\"top\" width=\"110\"><span style=\"font-family: arial,helvetica,sans-serif;\"><span style=\"font-size: 10pt;\">R$ ou %\/kg de produto<\/span><\/span><\/td>\n<td valign=\"top\" width=\"154\">\n<ul>\n<li><span style=\"font-family: arial,helvetica,sans-serif;\"><span style=\"font-size: 10pt;\"> Receita operacional<\/span><\/span><\/li>\n<\/ul>\n<p><span style=\"font-family: arial,helvetica,sans-serif;\"><span style=\"font-size: 10pt;\">\u00a0<\/span><\/span><\/td>\n<\/tr>\n<tr>\n<td valign=\"top\" width=\"217\"><span style=\"font-family: arial,helvetica,sans-serif;\"><span style=\"font-size: 10pt;\"><strong>-&gt;Quantidade de materiais reciclados ou reutilizados no processo produtivo por unidade de produto<\/strong><\/span><\/span><br \/>\n<span style=\"font-family: arial,helvetica,sans-serif;\"><span style=\"font-size: 10pt;\"><strong>Quantidade de materiais reciclados ou reutilizados na administra\u00e7\u00e3o<\/strong><\/span><\/span><\/td>\n<td valign=\"top\" width=\"110\"><span style=\"font-family: arial,helvetica,sans-serif;\"><span style=\"font-size: 10pt;\">relativa ou percentual<\/span><\/span><\/td>\n<td valign=\"top\" width=\"110\"><span style=\"font-family: arial,helvetica,sans-serif;\"><span style=\"font-size: 10pt;\">Kg Material reciclado\/kg produto<\/span><\/span><\/td>\n<td valign=\"top\" width=\"154\">\n<ul>\n<li><span style=\"font-family: arial,helvetica,sans-serif;\"><span style=\"font-size: 10pt;\"> Quantidade de materiais reciclados\/reutilizados<\/span><\/span><\/li>\n<\/ul>\n<ul>\n<li><span style=\"font-family: arial,helvetica,sans-serif;\"><span style=\"font-size: 10pt;\"> Quantidade de produto<\/span><\/span><\/li>\n<\/ul>\n<\/td>\n<\/tr>\n<tr>\n<td valign=\"top\" width=\"217\"><span style=\"font-family: arial,helvetica,sans-serif;\"><span style=\"font-size: 10pt;\"><strong>&gt;Quantidade de efluentes l\u00edquidos produzida por ano ou gerada por unidade de produto<\/strong><\/span><\/span><\/td>\n<td valign=\"top\" width=\"110\"><span style=\"font-family: arial,helvetica,sans-serif;\"><span style=\"font-size: 10pt;\">relativa ou percentual<\/span><\/span><\/td>\n<td valign=\"top\" width=\"110\"><span style=\"font-family: arial,helvetica,sans-serif;\"><span style=\"font-size: 10pt;\">Litros, kg, m3 ou %\/ano ou kg produto<\/span><\/span><\/td>\n<td valign=\"top\" width=\"154\">\n<ul>\n<li><span style=\"font-family: arial,helvetica,sans-serif;\"><span style=\"font-size: 10pt;\"> Efluentes l\u00edquidos e carga poluidora gerada<\/span><\/span><\/li>\n<\/ul>\n<ul>\n<li><span style=\"font-family: arial,helvetica,sans-serif;\"><span style=\"font-size: 10pt;\"> Quantidade de produtos<\/span><\/span><\/li>\n<\/ul>\n<\/td>\n<\/tr>\n<tr>\n<td valign=\"top\" width=\"217\"><span style=\"font-family: arial,helvetica,sans-serif;\"><span style=\"font-size: 10pt;\"><strong>&gt;Quantidade de res\u00edduos produzida por ano ou gerada por unidade de produto<\/strong><\/span><\/span><\/td>\n<td valign=\"top\" width=\"110\"><span style=\"font-family: arial,helvetica,sans-serif;\"><span style=\"font-size: 10pt;\">relativa ou percentual<\/span><\/span><\/td>\n<td valign=\"top\" width=\"110\"><span style=\"font-family: arial,helvetica,sans-serif;\"><span style=\"font-size: 10pt;\">Kg ou %\/ano ou kg produto<\/span><\/span><\/td>\n<td valign=\"top\" width=\"154\">\n<ul>\n<li><span style=\"font-family: arial,helvetica,sans-serif;\"><span style=\"font-size: 10pt;\"> Quantidade de res\u00edduos<\/span><\/span><\/li>\n<\/ul>\n<ul>\n<li><span style=\"font-family: arial,helvetica,sans-serif;\"><span style=\"font-size: 10pt;\"> Quantidade de produtos<\/span><\/span><\/li>\n<\/ul>\n<\/td>\n<\/tr>\n<tr>\n<td valign=\"top\" width=\"217\"><span style=\"font-family: arial,helvetica,sans-serif;\"><span style=\"font-size: 10pt;\"><strong>&gt;Emiss\u00f5es gasosas geradas anualmente<\/strong><\/span><\/span><\/td>\n<td valign=\"top\" width=\"110\"><span style=\"font-family: arial,helvetica,sans-serif;\"><span style=\"font-size: 10pt;\">relativa ou percentual<\/span><\/span><\/td>\n<td valign=\"top\" width=\"110\"><span style=\"font-family: arial,helvetica,sans-serif;\"><span style=\"font-size: 10pt;\">Kg ou m3\/ano<\/span><\/span><\/td>\n<td valign=\"top\" width=\"154\">\n<ul>\n<li><span style=\"font-family: arial,helvetica,sans-serif;\"><span style=\"font-size: 10pt;\"> Emiss\u00f5es gasosas e subst\u00e2ncias emitidas<\/span><\/span><\/li>\n<\/ul>\n<\/td>\n<\/tr>\n<tr>\n<td valign=\"top\" width=\"217\"><span style=\"font-family: arial,helvetica,sans-serif;\"><span style=\"font-size: 10pt;\"><strong>&gt;Concentra\u00e7\u00e3o de subst\u00e2ncias espec\u00edficas no ambiente<\/strong><\/span><\/span><br \/>\n<span style=\"font-family: arial,helvetica,sans-serif;\"><span style=\"font-size: 10pt;\"><strong>Evolu\u00e7\u00e3o no tempo da concentra\u00e7\u00e3o de subst\u00e2ncias espec\u00edficas no ambiente<\/strong><\/span><\/span><\/td>\n<td valign=\"top\" width=\"110\"><span style=\"font-family: arial,helvetica,sans-serif;\"><span style=\"font-size: 10pt;\">Absoluta<\/span><\/span><\/td>\n<td valign=\"top\" width=\"110\"><span style=\"font-family: arial,helvetica,sans-serif;\"><span style=\"font-size: 10pt;\">mg\/m3 ou \u00e1rea<\/span><\/span><\/td>\n<td valign=\"top\" width=\"154\">\n<ul>\n<li><span style=\"font-family: arial,helvetica,sans-serif;\"><span style=\"font-size: 10pt;\"> Subst\u00e2ncias lan\u00e7adas no ambiente<\/span><\/span><\/li>\n<\/ul>\n<\/td>\n<\/tr>\n<tr>\n<td valign=\"top\" width=\"217\"><span style=\"font-family: arial,helvetica,sans-serif;\"><span style=\"font-size: 10pt;\"><strong>&gt;Carga poluidora gerada no processo, em percentual de redu\u00e7\u00e3o e quantidade gerada por unidade de produto<\/strong><\/span><\/span><\/td>\n<td valign=\"top\" width=\"110\"><span style=\"font-family: arial,helvetica,sans-serif;\"><span style=\"font-size: 10pt;\">Relativa por esp\u00e9cie<\/span><\/span><\/td>\n<td valign=\"top\" width=\"110\"><span style=\"font-family: arial,helvetica,sans-serif;\"><span style=\"font-size: 10pt;\">(LD50), em mg\/kg ou m3<\/span><\/span><\/td>\n<td valign=\"top\" width=\"154\">\n<ul>\n<li><span style=\"font-family: arial,helvetica,sans-serif;\"><span style=\"font-size: 10pt;\"> Subst\u00e2ncias nos organismos<\/span><\/span><\/li>\n<\/ul>\n<\/td>\n<\/tr>\n<tr>\n<td valign=\"top\" width=\"217\"><span style=\"font-family: arial,helvetica,sans-serif;\"><span style=\"font-size: 10pt;\"><strong>-&gt;Custo ambiental em percentual do faturamento total da empresa<\/strong><\/span><\/span><\/td>\n<td valign=\"top\" width=\"110\"><span style=\"font-family: arial,helvetica,sans-serif;\"><span style=\"font-size: 10pt;\">Percentual<\/span><\/span><\/td>\n<td valign=\"top\" width=\"110\"><span style=\"font-family: arial,helvetica,sans-serif;\"><span style=\"font-size: 10pt;\">%\/por ano<\/span><\/span><\/td>\n<td valign=\"top\" width=\"154\">\n<ul>\n<li><span style=\"font-family: arial,helvetica,sans-serif;\"><span style=\"font-size: 10pt;\"> Recursos despendidos em despolui\u00e7\u00e3o<\/span><\/span><\/li>\n<\/ul>\n<\/td>\n<\/tr>\n<tr>\n<td valign=\"top\" width=\"217\"><span style=\"font-family: arial,helvetica,sans-serif;\"><span style=\"font-size: 10pt;\"><strong>-&gt;Custos de despolui\u00e7\u00e3o, como resultado de a\u00e7\u00f5es preventivas.<\/strong><\/span><\/span><br \/>\n<span style=\"font-family: arial,helvetica,sans-serif;\"><span style=\"font-size: 10pt;\"><strong>\u2022 Custos por quantidade de carga poluidora gerada, como R$ por m\u00b3 ou ton de emiss\u00f5es<\/strong><\/span><\/span><\/td>\n<td valign=\"top\" width=\"110\"><span style=\"font-family: arial,helvetica,sans-serif;\"><span style=\"font-size: 10pt;\">Absoluta ou percentual<\/span><\/span><\/td>\n<td valign=\"top\" width=\"110\"><span style=\"font-family: arial,helvetica,sans-serif;\"><span style=\"font-size: 10pt;\"><strong>R$ ou %\/por ano<\/strong><\/span><\/span><\/td>\n<td valign=\"top\" width=\"154\">\n<ul>\n<li><span style=\"font-family: arial,helvetica,sans-serif;\"><span style=\"font-size: 10pt;\"> Recursos despendidos em despolui\u00e7\u00e3o<\/span><\/span><\/li>\n<\/ul>\n<\/td>\n<\/tr>\n<tr>\n<td valign=\"top\" width=\"217\"><span style=\"font-family: arial,helvetica,sans-serif;\"><span style=\"font-size: 10pt;\"><strong>&gt;Receitas resultantes da minimiza\u00e7\u00e3o, reutiliza\u00e7\u00e3o e reciclagem de res\u00edduos ou emiss\u00f5es <\/strong><\/span><\/span><\/td>\n<td valign=\"top\" width=\"110\"><span style=\"font-family: arial,helvetica,sans-serif;\"><span style=\"font-size: 10pt;\">Absoluta ou percentual<\/span><\/span><\/td>\n<td valign=\"top\" width=\"110\"><span style=\"font-family: arial,helvetica,sans-serif;\"><span style=\"font-size: 10pt;\">R$ ou %\/por ano<\/span><\/span><\/td>\n<td valign=\"top\" width=\"154\">\n<ul>\n<li><span style=\"font-family: arial,helvetica,sans-serif;\"><span style=\"font-size: 10pt;\"> Receitas oriundas da minimiza\u00e7\u00e3o, redu\u00e7\u00e3o, reutiliza\u00e7\u00e3o e reciclagem de res\u00edduos<\/span><\/span><\/li>\n<\/ul>\n<\/td>\n<\/tr>\n<tr>\n<td valign=\"top\" width=\"217\"><span style=\"font-family: arial,helvetica,sans-serif;\"><span style=\"font-size: 10pt;\"><strong>&gt;Custos para remover e dispor res\u00edduos por per\u00edodo de tempo<\/strong><\/span><\/span><br \/>\n<span style=\"font-family: arial,helvetica,sans-serif;\"><span style=\"font-size: 10pt;\"><strong>\u2022 Custos para remover e dispor res\u00edduos por unidade de produto<\/strong><\/span><\/span><\/td>\n<td valign=\"top\" width=\"110\"><span style=\"font-family: arial,helvetica,sans-serif;\"><span style=\"font-size: 10pt;\">relativa ou percentual<\/span><\/span><\/td>\n<td valign=\"top\" width=\"110\"><span style=\"font-family: arial,helvetica,sans-serif;\"><span style=\"font-size: 10pt;\">R$ ou %\/por ano<\/span><\/span><\/td>\n<td valign=\"top\" width=\"154\">\n<ul>\n<li><span style=\"font-family: arial,helvetica,sans-serif;\"><span style=\"font-size: 10pt;\"> Recursos financeiros para dispor res\u00edduos<\/span><\/span><\/li>\n<\/ul>\n<ul>\n<li><span style=\"font-family: arial,helvetica,sans-serif;\"><span style=\"font-size: 10pt;\"> Quantidade de produtos<\/span><\/span><\/li>\n<\/ul>\n<\/td>\n<\/tr>\n<\/tbody>\n<\/table>\n<p style=\"text-align: justify;\"><span style=\"font-family: arial,helvetica,sans-serif;\"><span style=\"font-size: 10pt;\"><em>Fonte: MMA\/Secretaria de Qualidade Ambiental, 2001<\/em><\/span><\/span><\/p>\n<p style=\"text-align: justify;\"><span style=\"font-family: arial,helvetica,sans-serif;\"><span style=\"font-size: 10pt;\"><strong><em>7. CONCLUS\u00c3O<\/em><\/strong><\/span><\/span><\/p>\n<p style=\"text-align: justify;\"><span style=\"font-family: arial,helvetica,sans-serif;\"><span style=\"font-size: 10pt;\">Podemos concluir que a ind\u00fastria que possui um sistema de gest\u00e3o ambiental implementado poder\u00e1 usufruir de muitos benef\u00edcios, dentre eles podemos destacar:<\/span><\/span><\/p>\n<p style=\"text-align: justify;\"><span style=\"font-family: arial,helvetica,sans-serif;\"><span style=\"font-size: 10pt;\"><em>Benef\u00edcios Econ\u00f4micos<\/em><\/span><\/span><\/p>\n<ul style=\"text-align: justify;\" type=\"disc\">\n<li><span style=\"font-family: arial,helvetica,sans-serif;\"><span style=\"font-size: 10pt;\">Economia de Custos<\/span><\/span><\/li>\n<li><span style=\"font-family: arial,helvetica,sans-serif;\"><span style=\"font-size: 10pt;\">Redu\u00e7\u00e3o do consumo de \u00e1gua, energia e outros insumos.<\/span><\/span><\/li>\n<li><span style=\"font-family: arial,helvetica,sans-serif;\"><span style=\"font-size: 10pt;\">Reciclagem, venda e aproveitamento e res\u00edduos, e diminui\u00e7\u00e3o de efluentes.<\/span><\/span><\/li>\n<li><span style=\"font-family: arial,helvetica,sans-serif;\"><span style=\"font-size: 10pt;\">Redu\u00e7\u00e3o de multas e penalidades por polui\u00e7\u00e3o.<\/span><\/span><\/li>\n<\/ul>\n<p style=\"text-align: justify;\"><span style=\"font-family: arial,helvetica,sans-serif;\"><span style=\"font-size: 10pt;\"><span style=\"text-decoration: underline;\">Incremento de Receita<\/span><\/span><\/span><\/p>\n<ul style=\"text-align: justify;\" type=\"disc\">\n<li><span style=\"font-family: arial,helvetica,sans-serif;\"><span style=\"font-size: 10pt;\">Aumento da contribui\u00e7\u00e3o marginal de &#8220;produtos verdes&#8221;, que podem ser vendidos a pre\u00e7os mais altos.<\/span><\/span><\/li>\n<li><span style=\"font-family: arial,helvetica,sans-serif;\"><span style=\"font-size: 10pt;\">Aumento da participa\u00e7\u00e3o no mercado, devido \u00e0 inova\u00e7\u00e3o dos produtos e \u00e0 menor concorr\u00eancia.<\/span><\/span><\/li>\n<li><span style=\"font-family: arial,helvetica,sans-serif;\"><span style=\"font-size: 10pt;\">Linhas de novos produtos para novos mercados.<\/span><\/span><\/li>\n<li><span style=\"font-family: arial,helvetica,sans-serif;\"><span style=\"font-size: 10pt;\">Aumento da demanda para produtos que contribuam para a diminui\u00e7\u00e3o da polui\u00e7\u00e3o.<\/span><\/span><\/li>\n<\/ul>\n<p style=\"text-align: justify;\"><span style=\"font-family: arial,helvetica,sans-serif;\"><span style=\"font-size: 10pt;\"><em>Benef\u00edcios Estrat\u00e9gicos<\/em><\/span><\/span><\/p>\n<ul style=\"text-align: justify;\" type=\"disc\">\n<li><span style=\"font-family: arial,helvetica,sans-serif;\"><span style=\"font-size: 10pt;\">Melhoria da imagem institucional.<\/span><\/span><\/li>\n<li><span style=\"font-family: arial,helvetica,sans-serif;\"><span style=\"font-size: 10pt;\">Renova\u00e7\u00e3o da carteira de produtos.<\/span><\/span><\/li>\n<li><span style=\"font-family: arial,helvetica,sans-serif;\"><span style=\"font-size: 10pt;\">Aumento da produtividade.<\/span><\/span><\/li>\n<li><span style=\"font-family: arial,helvetica,sans-serif;\"><span style=\"font-size: 10pt;\">Alto comprometimento do pessoal.<\/span><\/span><\/li>\n<li><span style=\"font-family: arial,helvetica,sans-serif;\"><span style=\"font-size: 10pt;\">Melhoria nas rela\u00e7\u00f5es de trabalho.<\/span><\/span><\/li>\n<li><span style=\"font-family: arial,helvetica,sans-serif;\"><span style=\"font-size: 10pt;\">Melhoria da criatividade para novos desafios.<\/span><\/span><\/li>\n<li><span style=\"font-family: arial,helvetica,sans-serif;\"><span style=\"font-size: 10pt;\">Melhoria das rela\u00e7\u00f5es com os \u00f3rg\u00e3os governamentais, comunidade e grupos ambientalistas.<\/span><\/span><\/li>\n<li><span style=\"font-family: arial,helvetica,sans-serif;\"><span style=\"font-size: 10pt;\">Acesso assegurado ao mercado externo.<\/span><\/span><\/li>\n<li><span style=\"font-family: arial,helvetica,sans-serif;\"><span style=\"font-size: 10pt;\">Melhor adequa\u00e7\u00e3o aos padr\u00f5es ambientais.<\/span><\/span><\/li>\n<\/ul>\n<p style=\"text-align: right;\"><span style=\"font-family: arial,helvetica,sans-serif;\"><span style=\"font-size: 10pt;\"><strong><em>Autora: Elessandre Cristine F. M. dos Santos<\/em><\/strong><\/span><\/span><\/p>\n<p style=\"text-align: justify;\"><span style=\"font-family: arial,helvetica,sans-serif;\"><span style=\"font-size: 10pt;\"><strong>BIBLIOGRAFIA<\/strong><br \/>\n<\/span><\/span><\/p>\n<p style=\"text-align: justify;\"><span style=\"font-family: arial,helvetica,sans-serif;\"><span style=\"font-size: 10pt;\">CLEMENTINO, JOS\u00c9 CARLOS. 2001. Home Page Jur\u00eddica <a href=\"http:\/\/www.clementino.hpg.ig.com.br\/\" target=\"_blank\" rel=\"nofollow noopener noreferrer\">www.clementino.hpg.ig.com.br<\/a><br \/>\n<\/span><\/span><\/p>\n<p style=\"text-align: justify;\"><span style=\"font-family: arial,helvetica,sans-serif;\"><span style=\"font-size: 10pt;\">MMA\/Secretaria de Qualidade Ambiental, 2001.<\/span><\/span><\/p>\n<p style=\"text-align: justify;\"><span style=\"font-family: arial,helvetica,sans-serif;\"><span style=\"font-size: 10pt;\">MOURA, LUIZ ANTONIO ABDALLA DE. 2004. Qualidade e Gest\u00e3o Ambiental. 4\u00aa ed. S\u00e3o Paulo.<\/span><\/span><\/p>\n<p style=\"text-align: justify;\">[grwebform url=&#8221;http:\/\/app.getresponse.com\/view_webform.js?wid=3903003&amp;u=SK7G&#8221; css=&#8221;on&#8221;\/]<\/p>\n","protected":false},"excerpt":{"rendered":"<p>INTRODU\u00c7\u00c3O De forma resumida ser\u00e3o apresentados alguns aspectos fundamentais da gest\u00e3o ambiental na ind\u00fastria. Estes aspectos s\u00e3o aplic\u00e1veis para ind\u00fastrias de todos os segmentos e tamb\u00e9m de diferenciados portes (pequena, m\u00e9dia, grande) . DESENVOLVIMENTO 1. A autoriza\u00e7\u00e3o (Licen\u00e7a Ambiental) concedida atrav\u00e9s de: Licen\u00e7a Pr\u00e9via (LP), Licen\u00e7a de Instala\u00e7\u00e3o (LI) e Licen\u00e7a de Opera\u00e7\u00e3o (LO). cumprimento [&hellip;]<\/p>\n","protected":false},"author":1,"featured_media":0,"comment_status":"open","ping_status":"open","sticky":false,"template":"","format":"standard","meta":{"_jetpack_memberships_contains_paid_content":false,"footnotes":""},"categories":[494],"tags":[809,810,870,871,872,874,52,964],"class_list":{"0":"post-139","1":"post","2":"type-post","3":"status-publish","4":"format-standard","6":"category-gestao-ambiental-textos","7":"tag-gestao-ambiental","8":"tag-gestao-ambiental-na-industria","9":"tag-licenca-ambiental","10":"tag-licenca-de-operacao","11":"tag-licenca-previa","12":"tag-licencas-de-instalacao","13":"tag-meio-ambiente","14":"tag-politica-ambiental"},"yoast_head":"<!-- This site is optimized with the Yoast SEO plugin v25.1 - https:\/\/yoast.com\/wordpress\/plugins\/seo\/ -->\n<title>Gest\u00e3o Ambiental na Ind\u00fastria - CENED Cursos Online<\/title>\n<meta name=\"robots\" content=\"index, follow, max-snippet:-1, max-image-preview:large, max-video-preview:-1\" \/>\n<link rel=\"canonical\" href=\"https:\/\/cenedcursos.com.br\/meio-ambiente\/gestao-ambiental-industria\/\" \/>\n<meta property=\"og:locale\" content=\"pt_BR\" \/>\n<meta property=\"og:type\" content=\"article\" \/>\n<meta property=\"og:title\" content=\"Gest\u00e3o Ambiental na Ind\u00fastria - CENED Cursos Online\" \/>\n<meta property=\"og:description\" content=\"INTRODU\u00c7\u00c3O De forma resumida ser\u00e3o apresentados alguns aspectos fundamentais da gest\u00e3o ambiental na ind\u00fastria. Estes aspectos s\u00e3o aplic\u00e1veis para ind\u00fastrias de todos os segmentos e tamb\u00e9m de diferenciados portes (pequena, m\u00e9dia, grande) . DESENVOLVIMENTO 1. A autoriza\u00e7\u00e3o (Licen\u00e7a Ambiental) concedida atrav\u00e9s de: Licen\u00e7a Pr\u00e9via (LP), Licen\u00e7a de Instala\u00e7\u00e3o (LI) e Licen\u00e7a de Opera\u00e7\u00e3o (LO). cumprimento [&hellip;]\" \/>\n<meta property=\"og:url\" content=\"https:\/\/cenedcursos.com.br\/meio-ambiente\/gestao-ambiental-industria\/\" \/>\n<meta property=\"og:site_name\" content=\"CENED Cursos Online\" \/>\n<meta property=\"article:published_time\" content=\"2007-06-05T17:27:18+00:00\" \/>\n<meta name=\"author\" content=\"Amarildo R. Ferrari\" \/>\n<meta name=\"twitter:card\" content=\"summary_large_image\" \/>\n<meta name=\"twitter:label1\" content=\"Escrito por\" \/>\n\t<meta name=\"twitter:data1\" content=\"Amarildo R. Ferrari\" \/>\n\t<meta name=\"twitter:label2\" content=\"Est. tempo de leitura\" \/>\n\t<meta name=\"twitter:data2\" content=\"7 minutos\" \/>\n<script type=\"application\/ld+json\" class=\"yoast-schema-graph\">{\"@context\":\"https:\/\/schema.org\",\"@graph\":[{\"@type\":\"WebPage\",\"@id\":\"https:\/\/cenedcursos.com.br\/meio-ambiente\/gestao-ambiental-industria\/\",\"url\":\"https:\/\/cenedcursos.com.br\/meio-ambiente\/gestao-ambiental-industria\/\",\"name\":\"Gest\u00e3o Ambiental na Ind\u00fastria - CENED Cursos Online\",\"isPartOf\":{\"@id\":\"https:\/\/cenedcursos.com.br\/meio-ambiente\/#website\"},\"datePublished\":\"2007-06-05T17:27:18+00:00\",\"author\":{\"@id\":\"https:\/\/cenedcursos.com.br\/meio-ambiente\/#\/schema\/person\/64377d24cdc16779a1eb6229894af388\"},\"breadcrumb\":{\"@id\":\"https:\/\/cenedcursos.com.br\/meio-ambiente\/gestao-ambiental-industria\/#breadcrumb\"},\"inLanguage\":\"pt-BR\",\"potentialAction\":[{\"@type\":\"ReadAction\",\"target\":[\"https:\/\/cenedcursos.com.br\/meio-ambiente\/gestao-ambiental-industria\/\"]}]},{\"@type\":\"BreadcrumbList\",\"@id\":\"https:\/\/cenedcursos.com.br\/meio-ambiente\/gestao-ambiental-industria\/#breadcrumb\",\"itemListElement\":[{\"@type\":\"ListItem\",\"position\":1,\"name\":\"In\u00edcio\",\"item\":\"https:\/\/cenedcursos.com.br\/meio-ambiente\/\"},{\"@type\":\"ListItem\",\"position\":2,\"name\":\"Gest\u00e3o Ambiental na Ind\u00fastria\"}]},{\"@type\":\"WebSite\",\"@id\":\"https:\/\/cenedcursos.com.br\/meio-ambiente\/#website\",\"url\":\"https:\/\/cenedcursos.com.br\/meio-ambiente\/\",\"name\":\"CENED Cursos Online\",\"description\":\"Aqui voc\u00ea encontra artigos em diversas \u00e1reas do conhecimento: meio ambiente, educa\u00e7\u00e3o, marketing digital, neg\u00f3cios online e muito mais.\",\"potentialAction\":[{\"@type\":\"SearchAction\",\"target\":{\"@type\":\"EntryPoint\",\"urlTemplate\":\"https:\/\/cenedcursos.com.br\/meio-ambiente\/?s={search_term_string}\"},\"query-input\":{\"@type\":\"PropertyValueSpecification\",\"valueRequired\":true,\"valueName\":\"search_term_string\"}}],\"inLanguage\":\"pt-BR\"},{\"@type\":\"Person\",\"@id\":\"https:\/\/cenedcursos.com.br\/meio-ambiente\/#\/schema\/person\/64377d24cdc16779a1eb6229894af388\",\"name\":\"Amarildo R. Ferrari\",\"image\":{\"@type\":\"ImageObject\",\"inLanguage\":\"pt-BR\",\"@id\":\"https:\/\/cenedcursos.com.br\/meio-ambiente\/#\/schema\/person\/image\/\",\"url\":\"https:\/\/secure.gravatar.com\/avatar\/6ea4248ca9f295c93f1b72f8398232f0fbbffe30349e6ec3839cfa5e09b0de3c?s=96&d=mm&r=g\",\"contentUrl\":\"https:\/\/secure.gravatar.com\/avatar\/6ea4248ca9f295c93f1b72f8398232f0fbbffe30349e6ec3839cfa5e09b0de3c?s=96&d=mm&r=g\",\"caption\":\"Amarildo R. Ferrari\"},\"sameAs\":[\"https:\/\/cenedcursos.com.br\/meio-ambiente\"],\"url\":\"https:\/\/cenedcursos.com.br\/meio-ambiente\/author\/admin\/\"}]}<\/script>\n<!-- \/ Yoast SEO plugin. -->","yoast_head_json":{"title":"Gest\u00e3o Ambiental na Ind\u00fastria - CENED Cursos Online","robots":{"index":"index","follow":"follow","max-snippet":"max-snippet:-1","max-image-preview":"max-image-preview:large","max-video-preview":"max-video-preview:-1"},"canonical":"https:\/\/cenedcursos.com.br\/meio-ambiente\/gestao-ambiental-industria\/","og_locale":"pt_BR","og_type":"article","og_title":"Gest\u00e3o Ambiental na Ind\u00fastria - CENED Cursos Online","og_description":"INTRODU\u00c7\u00c3O De forma resumida ser\u00e3o apresentados alguns aspectos fundamentais da gest\u00e3o ambiental na ind\u00fastria. Estes aspectos s\u00e3o aplic\u00e1veis para ind\u00fastrias de todos os segmentos e tamb\u00e9m de diferenciados portes (pequena, m\u00e9dia, grande) . DESENVOLVIMENTO 1. A autoriza\u00e7\u00e3o (Licen\u00e7a Ambiental) concedida atrav\u00e9s de: Licen\u00e7a Pr\u00e9via (LP), Licen\u00e7a de Instala\u00e7\u00e3o (LI) e Licen\u00e7a de Opera\u00e7\u00e3o (LO). cumprimento [&hellip;]","og_url":"https:\/\/cenedcursos.com.br\/meio-ambiente\/gestao-ambiental-industria\/","og_site_name":"CENED Cursos Online","article_published_time":"2007-06-05T17:27:18+00:00","author":"Amarildo R. Ferrari","twitter_card":"summary_large_image","twitter_misc":{"Escrito por":"Amarildo R. Ferrari","Est. tempo de leitura":"7 minutos"},"schema":{"@context":"https:\/\/schema.org","@graph":[{"@type":"WebPage","@id":"https:\/\/cenedcursos.com.br\/meio-ambiente\/gestao-ambiental-industria\/","url":"https:\/\/cenedcursos.com.br\/meio-ambiente\/gestao-ambiental-industria\/","name":"Gest\u00e3o Ambiental na Ind\u00fastria - CENED Cursos Online","isPartOf":{"@id":"https:\/\/cenedcursos.com.br\/meio-ambiente\/#website"},"datePublished":"2007-06-05T17:27:18+00:00","author":{"@id":"https:\/\/cenedcursos.com.br\/meio-ambiente\/#\/schema\/person\/64377d24cdc16779a1eb6229894af388"},"breadcrumb":{"@id":"https:\/\/cenedcursos.com.br\/meio-ambiente\/gestao-ambiental-industria\/#breadcrumb"},"inLanguage":"pt-BR","potentialAction":[{"@type":"ReadAction","target":["https:\/\/cenedcursos.com.br\/meio-ambiente\/gestao-ambiental-industria\/"]}]},{"@type":"BreadcrumbList","@id":"https:\/\/cenedcursos.com.br\/meio-ambiente\/gestao-ambiental-industria\/#breadcrumb","itemListElement":[{"@type":"ListItem","position":1,"name":"In\u00edcio","item":"https:\/\/cenedcursos.com.br\/meio-ambiente\/"},{"@type":"ListItem","position":2,"name":"Gest\u00e3o Ambiental na Ind\u00fastria"}]},{"@type":"WebSite","@id":"https:\/\/cenedcursos.com.br\/meio-ambiente\/#website","url":"https:\/\/cenedcursos.com.br\/meio-ambiente\/","name":"CENED Cursos Online","description":"Aqui voc\u00ea encontra artigos em diversas \u00e1reas do conhecimento: meio ambiente, educa\u00e7\u00e3o, marketing digital, neg\u00f3cios online e muito mais.","potentialAction":[{"@type":"SearchAction","target":{"@type":"EntryPoint","urlTemplate":"https:\/\/cenedcursos.com.br\/meio-ambiente\/?s={search_term_string}"},"query-input":{"@type":"PropertyValueSpecification","valueRequired":true,"valueName":"search_term_string"}}],"inLanguage":"pt-BR"},{"@type":"Person","@id":"https:\/\/cenedcursos.com.br\/meio-ambiente\/#\/schema\/person\/64377d24cdc16779a1eb6229894af388","name":"Amarildo R. Ferrari","image":{"@type":"ImageObject","inLanguage":"pt-BR","@id":"https:\/\/cenedcursos.com.br\/meio-ambiente\/#\/schema\/person\/image\/","url":"https:\/\/secure.gravatar.com\/avatar\/6ea4248ca9f295c93f1b72f8398232f0fbbffe30349e6ec3839cfa5e09b0de3c?s=96&d=mm&r=g","contentUrl":"https:\/\/secure.gravatar.com\/avatar\/6ea4248ca9f295c93f1b72f8398232f0fbbffe30349e6ec3839cfa5e09b0de3c?s=96&d=mm&r=g","caption":"Amarildo R. Ferrari"},"sameAs":["https:\/\/cenedcursos.com.br\/meio-ambiente"],"url":"https:\/\/cenedcursos.com.br\/meio-ambiente\/author\/admin\/"}]}},"jetpack_featured_media_url":"","jetpack_sharing_enabled":true,"_links":{"self":[{"href":"https:\/\/cenedcursos.com.br\/meio-ambiente\/wp-json\/wp\/v2\/posts\/139","targetHints":{"allow":["GET"]}}],"collection":[{"href":"https:\/\/cenedcursos.com.br\/meio-ambiente\/wp-json\/wp\/v2\/posts"}],"about":[{"href":"https:\/\/cenedcursos.com.br\/meio-ambiente\/wp-json\/wp\/v2\/types\/post"}],"author":[{"embeddable":true,"href":"https:\/\/cenedcursos.com.br\/meio-ambiente\/wp-json\/wp\/v2\/users\/1"}],"replies":[{"embeddable":true,"href":"https:\/\/cenedcursos.com.br\/meio-ambiente\/wp-json\/wp\/v2\/comments?post=139"}],"version-history":[{"count":0,"href":"https:\/\/cenedcursos.com.br\/meio-ambiente\/wp-json\/wp\/v2\/posts\/139\/revisions"}],"wp:attachment":[{"href":"https:\/\/cenedcursos.com.br\/meio-ambiente\/wp-json\/wp\/v2\/media?parent=139"}],"wp:term":[{"taxonomy":"category","embeddable":true,"href":"https:\/\/cenedcursos.com.br\/meio-ambiente\/wp-json\/wp\/v2\/categories?post=139"},{"taxonomy":"post_tag","embeddable":true,"href":"https:\/\/cenedcursos.com.br\/meio-ambiente\/wp-json\/wp\/v2\/tags?post=139"}],"curies":[{"name":"wp","href":"https:\/\/api.w.org\/{rel}","templated":true}]}}