{"id":142,"date":"2007-06-07T20:39:57","date_gmt":"2007-06-07T20:39:57","guid":{"rendered":"http:\/\/www.cenedcursos.com.br\/?p=142"},"modified":"2007-06-07T20:39:57","modified_gmt":"2007-06-07T20:39:57","slug":"poema-natureza","status":"publish","type":"post","link":"https:\/\/cenedcursos.com.br\/meio-ambiente\/poema-natureza\/","title":{"rendered":"O que a Natureza nos diz"},"content":{"rendered":"<p align=\"right\" style=\"margin: 0cm 0cm 0pt;\" class=\"MsoNormal\"><span style=\"font-family: Arial; font-style: italic;\">Autora: Ana Paula da Silva Pestana<\/span><span style=\"font-size: 13pt;\"><font face=\"Times New Roman\"><br \/> <\/font><\/span><em style=\"\"><span style=\"font-size: 13pt;\"><font face=\"Times New Roman\"><br \/> <\/font><\/span><\/em><\/p>\n<p style=\"margin: 0cm 0cm 0pt; font-family: Arial;\" class=\"MsoNormal\">Quando desviamos suas &aacute;guas <\/p>\n<p style=\"margin: 0cm 0cm 0pt; font-family: Arial;\" class=\"MsoNormal\">Que sente a Natureza colorida<\/p>\n<p style=\"margin: 0cm 0cm 0pt; font-family: Arial;\" class=\"MsoNormal\">Para produzirmos muito mais<\/p>\n<p style=\"margin: 0cm 0cm 0pt; font-family: Arial;\" class=\"MsoNormal\">Sem d&oacute; a deixamos empobrecida.<\/p>\n<p style=\"margin: 0cm 0cm 0pt; font-family: Arial;\" class=\"MsoNormal\">\n<p style=\"margin: 0cm 0cm 0pt; font-family: Arial;\" class=\"MsoNormal\"> <\/p>\n<p style=\"margin: 0cm 0cm 0pt; font-family: Arial;\" class=\"MsoNormal\">Grande equ&iacute;voco do homem<\/p>\n<p style=\"margin: 0cm 0cm 0pt; font-family: Arial;\" class=\"MsoNormal\">Achar que tudo &eacute; infinito<\/p>\n<p style=\"margin: 0cm 0cm 0pt; font-family: Arial;\" class=\"MsoNormal\">Sem saber, dela vai tirando&#8230;<\/p>\n<p style=\"margin: 0cm 0cm 0pt; font-family: Arial;\" class=\"MsoNormal\">Sem ouvir o seu gemido.<\/p>\n<p style=\"margin: 0cm 0cm 0pt; font-family: Arial;\" class=\"MsoNormal\">\n<p style=\"margin: 0cm 0cm 0pt; font-family: Arial;\" class=\"MsoNormal\"> <\/p>\n<p style=\"margin: 0cm 0cm 0pt; font-family: Arial;\" class=\"MsoNormal\">Consumimos sem medidas<\/p>\n<p style=\"margin: 0cm 0cm 0pt; font-family: Arial;\" class=\"MsoNormal\">Aquilo que nos oferecem<\/p>\n<p style=\"margin: 0cm 0cm 0pt; font-family: Arial;\" class=\"MsoNormal\">Sem olharmos sua origem<\/p>\n<p style=\"margin: 0cm 0cm 0pt; font-family: Arial;\" class=\"MsoNormal\">A gan&acirc;ncia nos envaidece. <\/p>\n<p style=\"margin: 0cm 0cm 0pt; font-family: Arial;\" class=\"MsoNormal\">\n<p style=\"margin: 0cm 0cm 0pt; font-family: Arial;\" class=\"MsoNormal\"> <\/p>\n<p style=\"margin: 0cm 0cm 0pt; font-family: Arial;\" class=\"MsoNormal\">A natureza aos poucos diz<\/p>\n<p style=\"margin: 0cm 0cm 0pt; font-family: Arial;\" class=\"MsoNormal\">Que aquilo que se produz<\/p>\n<p style=\"margin: 0cm 0cm 0pt; font-family: Arial;\" class=\"MsoNormal\">Se a n&oacute;s nos falta prud&ecirc;ncia<\/p>\n<p style=\"margin: 0cm 0cm 0pt; font-family: Arial;\" class=\"MsoNormal\">Ao cessar iminente nos conduz.<\/p>\n<p style=\"margin: 0cm 0cm 0pt; font-family: Arial;\" class=\"MsoNormal\">\n<p style=\"margin: 0cm 0cm 0pt; font-family: Arial;\" class=\"MsoNormal\"> <\/p>\n<p style=\"margin: 0cm 0cm 0pt; font-family: Arial;\" class=\"MsoNormal\">A tecnologia nos d&aacute; asas<\/p>\n<p style=\"margin: 0cm 0cm 0pt; font-family: Arial;\" class=\"MsoNormal\">Voamos at&eacute; outro mundo<\/p>\n<p style=\"margin: 0cm 0cm 0pt; font-family: Arial;\" class=\"MsoNormal\">Aquele que nos separou<\/p>\n<p style=\"margin: 0cm 0cm 0pt; font-family: Arial;\" class=\"MsoNormal\">Daquele apego mais profundo.<\/p>\n<p style=\"margin: 0cm 0cm 0pt; font-family: Arial;\" class=\"MsoNormal\">\n<p style=\"margin: 0cm 0cm 0pt; font-family: Arial;\" class=\"MsoNormal\"> <\/p>\n<p style=\"margin: 0cm 0cm 0pt; font-family: Arial;\" class=\"MsoNormal\">Deus assim, nos deu tudo!<\/p>\n<p style=\"margin: 0cm 0cm 0pt; font-family: Arial;\" class=\"MsoNormal\">E a n&oacute;s nos coube esbanjar<\/p>\n<p style=\"margin: 0cm 0cm 0pt; font-family: Arial;\" class=\"MsoNormal\">Tudo aquilo de mais precioso<\/p>\n<p style=\"margin: 0cm 0cm 0pt; font-family: Arial;\" class=\"MsoNormal\">Dos bosques &agrave;s &aacute;guas do mar.<\/p>\n<p style=\"margin: 0cm 0cm 0pt; font-family: Arial;\" class=\"MsoNormal\">\n<p style=\"margin: 0cm 0cm 0pt; font-family: Arial;\" class=\"MsoNormal\"> <\/p>\n<p style=\"margin: 0cm 0cm 0pt; font-family: Arial;\" class=\"MsoNormal\">Quando Ad&atilde;o perdeu o para&iacute;so<\/p>\n<p style=\"margin: 0cm 0cm 0pt; font-family: Arial;\" class=\"MsoNormal\">N&atilde;o tinha id&eacute;ia do seu valor<\/p>\n<p style=\"margin: 0cm 0cm 0pt; font-family: Arial;\" class=\"MsoNormal\">Perdeu toda a harmonia perfeita<\/p>\n<p style=\"margin: 0cm 0cm 0pt; font-family: Arial;\" class=\"MsoNormal\">Depois disso, sofrimento e dor.<\/p>\n<p style=\"margin: 0cm 0cm 0pt; font-family: Arial;\" class=\"MsoNormal\">\n<p style=\"margin: 0cm 0cm 0pt; font-family: Arial;\" class=\"MsoNormal\"> <\/p>\n<p style=\"margin: 0cm 0cm 0pt; font-family: Arial;\" class=\"MsoNormal\">Ser&aacute; como uma profecia?<\/p>\n<p style=\"margin: 0cm 0cm 0pt; font-family: Arial;\" class=\"MsoNormal\">Como devemos nos conter?<\/p>\n<p style=\"margin: 0cm 0cm 0pt; font-family: Arial;\" class=\"MsoNormal\">Diante de tanta teimosia<\/p>\n<p style=\"margin: 0cm 0cm 0pt; font-family: Arial;\" class=\"MsoNormal\">O homem insiste em sofrer.<\/p>\n<p style=\"margin: 0cm 0cm 0pt; font-family: Arial;\" class=\"MsoNormal\">\n<p style=\"margin: 0cm 0cm 0pt; font-family: Arial;\" class=\"MsoNormal\"> <\/p>\n<p style=\"margin: 0cm 0cm 0pt; font-family: Arial;\" class=\"MsoNormal\">Por que n&atilde;o viver por ela?<\/p>\n<p style=\"margin: 0cm 0cm 0pt; font-family: Arial;\" class=\"MsoNormal\">Por tudo que ela nos d&aacute;<\/p>\n<p style=\"margin: 0cm 0cm 0pt; font-family: Arial;\" class=\"MsoNormal\">Viver trocando cuidados<\/p>\n<p style=\"margin: 0cm 0cm 0pt; font-family: Arial;\" class=\"MsoNormal\">E a ela nos dedicar&#8230;?<\/p>\n<p style=\"margin: 0cm 0cm 0pt; font-family: Arial;\" class=\"MsoNormal\">\n<p style=\"margin: 0cm 0cm 0pt; font-family: Arial;\" class=\"MsoNormal\"> <\/p>\n<p style=\"margin: 0cm 0cm 0pt; font-family: Arial;\" class=\"MsoNormal\">Dessa disputa com o meio<\/p>\n<p style=\"margin: 0cm 0cm 0pt; font-family: Arial;\" class=\"MsoNormal\">Que a muitos s&oacute; faz sofrer<\/p>\n<p style=\"margin: 0cm 0cm 0pt; font-family: Arial;\" class=\"MsoNormal\">As conseq&uuml;&ecirc;ncias da diferen&ccedil;a<\/p>\n<p style=\"margin: 0cm 0cm 0pt; font-family: Arial;\" class=\"MsoNormal\">Entre a riqueza e o empobrecer.<\/p>\n<p style=\"margin: 0cm 0cm 0pt; font-family: Arial;\" class=\"MsoNormal\">\n<p style=\"margin: 0cm 0cm 0pt; font-family: Arial;\" class=\"MsoNormal\"> <\/p>\n<p style=\"margin: 0cm 0cm 0pt; font-family: Arial;\" class=\"MsoNormal\">Entre povos explorados<\/p>\n<p style=\"margin: 0cm 0cm 0pt; font-family: Arial;\" class=\"MsoNormal\">Por muitos sem cora&ccedil;&atilde;o <\/p>\n<p style=\"margin: 0cm 0cm 0pt; font-family: Arial;\" class=\"MsoNormal\">N&atilde;o lhes importa se geram<\/p>\n<p style=\"margin: 0cm 0cm 0pt; font-family: Arial;\" class=\"MsoNormal\">Guerras, escassez e afli&ccedil;&atilde;o.<\/p>\n<p style=\"margin: 0cm 0cm 0pt; font-family: Arial;\" class=\"MsoNormal\">\n<p style=\"margin: 0cm 0cm 0pt; font-family: Arial;\" class=\"MsoNormal\"> <\/p>\n<p style=\"margin: 0cm 0cm 0pt; font-family: Arial;\" class=\"MsoNormal\">A Carta da Terra nos ensina<\/p>\n<p style=\"margin: 0cm 0cm 0pt; font-family: Arial;\" class=\"MsoNormal\">Sobre responsabilidade universal<\/p>\n<p style=\"margin: 0cm 0cm 0pt; font-family: Arial;\" class=\"MsoNormal\">Valores b&aacute;sicos de solidariedade<\/p>\n<p style=\"margin: 0cm 0cm 0pt; font-family: Arial;\" class=\"MsoNormal\">Unindo a comunidade mundial.<\/p>\n<p style=\"margin: 0cm 0cm 0pt; font-family: Arial;\" class=\"MsoNormal\">\n<p style=\"margin: 0cm 0cm 0pt; font-family: Arial;\" class=\"MsoNormal\"> <\/p>\n<p style=\"margin: 0cm 0cm 0pt; font-family: Arial;\" class=\"MsoNormal\">A &eacute;tica &eacute; o caminho da comunh&atilde;o<\/p>\n<p style=\"margin: 0cm 0cm 0pt; font-family: Arial;\" class=\"MsoNormal\">O desenvolvimento, um tanto fugaz<\/p>\n<p style=\"margin: 0cm 0cm 0pt; font-family: Arial;\" class=\"MsoNormal\">Devemos fazer nossa escolha<\/p>\n<p style=\"margin: 0cm 0cm 0pt; font-family: Arial;\" class=\"MsoNormal\">Promovendo a toler&acirc;ncia e a paz. <\/p>\n<p style=\"margin: 0cm 0cm 0pt; font-family: Arial;\" class=\"MsoNormal\">\n<p style=\"margin: 0cm 0cm 0pt; font-family: Arial;\" class=\"MsoNormal\"> <\/p>\n<p style=\"margin: 0cm 0cm 0pt; font-family: Arial;\" class=\"MsoNormal\">Entender a biodiversidade<\/p>\n<p style=\"margin: 0cm 0cm 0pt; font-family: Arial;\" class=\"MsoNormal\">Beleza dif&iacute;cil de explicar<\/p>\n<p style=\"margin: 0cm 0cm 0pt; font-family: Arial;\"\n class=\"MsoNormal\">Tantas esp&eacute;cies no mundo <\/p>\n<p style=\"margin: 0cm 0cm 0pt; font-family: Arial;\" class=\"MsoNormal\">Pass&iacute;veis de se esgotar.<\/p>\n<p style=\"margin: 0cm 0cm 0pt; font-family: Arial;\" class=\"MsoNormal\">\n<p style=\"margin: 0cm 0cm 0pt; font-family: Arial;\" class=\"MsoNormal\"> <\/p>\n<p style=\"margin: 0cm 0cm 0pt; font-family: Arial;\" class=\"MsoNormal\">A venda de nossas esp&eacute;cies <\/p>\n<p style=\"margin: 0cm 0cm 0pt; font-family: Arial;\" class=\"MsoNormal\">Gera lucro e tenta&ccedil;&atilde;o<\/p>\n<p style=\"margin: 0cm 0cm 0pt; font-family: Arial;\" class=\"MsoNormal\">Os governantes p&otilde;em vendas<\/p>\n<p style=\"margin: 0cm 0cm 0pt; font-family: Arial;\" class=\"MsoNormal\">Assim, n&atilde;o lhes cabe acusa&ccedil;&atilde;o.<\/p>\n<p style=\"margin: 0cm 0cm 0pt; font-family: Arial;\" class=\"MsoNormal\">\n<p style=\"margin: 0cm 0cm 0pt; font-family: Arial;\" class=\"MsoNormal\"> <\/p>\n<p style=\"margin: 0cm 0cm 0pt; font-family: Arial;\" class=\"MsoNormal\">Precisamos dizer n&atilde;o! <\/p>\n<p style=\"margin: 0cm 0cm 0pt; font-family: Arial;\" class=\"MsoNormal\">Agora, a todos os atos banais <\/p>\n<p style=\"margin: 0cm 0cm 0pt; font-family: Arial;\" class=\"MsoNormal\">Que possamos em uma s&oacute; voz<\/p>\n<p style=\"margin: 0cm 0cm 0pt; font-family: Arial;\" class=\"MsoNormal\">Dar &quot;basta&quot; a crimes ambientais<\/p>\n<p style=\"margin: 0cm 0cm 0pt; font-family: Arial;\" class=\"MsoNormal\">\n<p style=\"margin: 0cm 0cm 0pt; font-family: Arial;\" class=\"MsoNormal\"> <\/p>\n<p style=\"margin: 0cm 0cm 0pt; font-family: Arial;\" class=\"MsoNormal\">A cada pensamento ego&iacute;sta<\/p>\n<p style=\"margin: 0cm 0cm 0pt; font-family: Arial;\" class=\"MsoNormal\">Nos unimos ao inevit&aacute;vel<\/p>\n<p style=\"margin: 0cm 0cm 0pt; font-family: Arial;\" class=\"MsoNormal\">Desperdi&ccedil;ando a possibilidade<\/p>\n<div style=\"margin: 0cm 0cm 0pt; font-family: Arial;\" class=\"MsoNormal\">Do desenvolvimento sustent&aacute;vel.<\/div>\n<div style=\"margin: 0cm 0cm 0pt; font-family: Arial;\" class=\"MsoNormal\"> <\/div>\n<p style=\"margin: 0cm 0cm 0pt; font-family: Arial;\" class=\"MsoNormal\"> <\/p>\n<p style=\"margin: 0cm 0cm 0pt; font-family: Arial;\" class=\"MsoNormal\">Tratados, leis n&atilde;o nos faltam<\/p>\n<p style=\"margin: 0cm 0cm 0pt; font-family: Arial;\" class=\"MsoNormal\">Ainda temos esperan&ccedil;as<\/p>\n<p style=\"margin: 0cm 0cm 0pt; font-family: Arial;\" class=\"MsoNormal\">De p&ocirc;r finalmente em pr&aacute;tica<\/p>\n<p style=\"margin: 0cm 0cm 0pt; font-family: Arial;\" class=\"MsoNormal\">Atrav&eacute;s de nossas crian&ccedil;as.<\/p>\n<p style=\"margin: 0cm 0cm 0pt; font-family: Arial;\" class=\"MsoNormal\">\n<p style=\"margin: 0cm 0cm 0pt; font-family: Arial;\" class=\"MsoNormal\"> <\/p>\n<p style=\"margin: 0cm 0cm 0pt; font-family: Arial;\" class=\"MsoNormal\">De tudo que elas aprendem <\/p>\n<p style=\"margin: 0cm 0cm 0pt; font-family: Arial;\" class=\"MsoNormal\">Uma li&ccedil;&atilde;o &eacute; fundamental<\/p>\n<p style=\"margin: 0cm 0cm 0pt; font-family: Arial;\" class=\"MsoNormal\">Todos juntos pela mesma causa<\/p>\n<p style=\"margin: 0cm 0cm 0pt; font-family: Arial;\" class=\"MsoNormal\">Ensina a Educa&ccedil;&atilde;o Ambiental.<\/p>\n<p style=\"margin: 0cm 0cm 0pt; font-family: Arial;\" class=\"MsoNormal\">\n<p style=\"margin: 0cm 0cm 0pt; font-family: Arial;\" class=\"MsoNormal\"> <\/p>\n<p style=\"margin: 0cm 0cm 0pt; font-family: Arial;\" class=\"MsoNormal\">E esse aquecimento global<\/p>\n<p style=\"margin: 0cm 0cm 0pt; font-family: Arial;\" class=\"MsoNormal\">Nos dizem a cada momento<\/p>\n<p style=\"margin: 0cm 0cm 0pt; font-family: Arial;\" class=\"MsoNormal\">Que o planeta devo socorrer,<\/p>\n<p style=\"margin: 0cm 0cm 0pt; font-family: Arial;\" class=\"MsoNormal\">Mas qual ser&aacute; o procedimento?<\/p>\n<p style=\"margin: 0cm 0cm 0pt; font-family: Arial;\" class=\"MsoNormal\">\n<p style=\"margin: 0cm 0cm 0pt; font-family: Arial;\" class=\"MsoNormal\"> <\/p>\n<p style=\"margin: 0cm 0cm 0pt; font-family: Arial;\" class=\"MsoNormal\">Da&iacute; a import&acirc;ncia da escola<\/p>\n<p style=\"margin: 0cm 0cm 0pt; font-family: Arial;\" class=\"MsoNormal\">Que nos dir&aacute; como fazer<\/p>\n<p style=\"margin: 0cm 0cm 0pt; font-family: Arial;\" class=\"MsoNormal\">Nosso papel na sociedade<\/p>\n<p style=\"margin: 0cm 0cm 0pt; font-family: Arial;\" class=\"MsoNormal\">E o nosso meio proteger&#8230;<\/p>\n","protected":false},"excerpt":{"rendered":"<p>Autora: Ana Paula da Silva Pestana Quando desviamos suas &aacute;guas Que sente a Natureza colorida Para produzirmos muito mais Sem d&oacute; a deixamos empobrecida. Grande equ&iacute;voco do homem Achar que tudo &eacute; infinito Sem saber, dela vai tirando&#8230; Sem ouvir o seu gemido. Consumimos sem medidas Aquilo que nos oferecem Sem olharmos sua origem A [&hellip;]<\/p>\n","protected":false},"author":1,"featured_media":0,"comment_status":"open","ping_status":"open","sticky":false,"template":"","format":"standard","meta":{"_jetpack_memberships_contains_paid_content":false,"footnotes":""},"categories":[50],"tags":[517,254],"class_list":{"0":"post-142","1":"post","2":"type-post","3":"status-publish","4":"format-standard","6":"category-poemas-ambientais","7":"tag-aguas","8":"tag-natureza"},"yoast_head":"<!-- This site is optimized with the Yoast SEO plugin v25.1 - https:\/\/yoast.com\/wordpress\/plugins\/seo\/ -->\n<title>O que a Natureza nos diz - CENED Cursos Online<\/title>\n<meta name=\"robots\" content=\"index, follow, max-snippet:-1, max-image-preview:large, max-video-preview:-1\" \/>\n<link rel=\"canonical\" href=\"https:\/\/cenedcursos.com.br\/meio-ambiente\/poema-natureza\/\" \/>\n<meta property=\"og:locale\" content=\"pt_BR\" \/>\n<meta property=\"og:type\" content=\"article\" \/>\n<meta property=\"og:title\" content=\"O que a Natureza nos diz - CENED Cursos Online\" \/>\n<meta property=\"og:description\" content=\"Autora: Ana Paula da Silva Pestana Quando desviamos suas &aacute;guas Que sente a Natureza colorida Para produzirmos muito mais Sem d&oacute; a deixamos empobrecida. Grande equ&iacute;voco do homem Achar que tudo &eacute; infinito Sem saber, dela vai tirando&#8230; Sem ouvir o seu gemido. Consumimos sem medidas Aquilo que nos oferecem Sem olharmos sua origem A [&hellip;]\" \/>\n<meta property=\"og:url\" content=\"https:\/\/cenedcursos.com.br\/meio-ambiente\/poema-natureza\/\" \/>\n<meta property=\"og:site_name\" content=\"CENED Cursos Online\" \/>\n<meta property=\"article:published_time\" content=\"2007-06-07T20:39:57+00:00\" \/>\n<meta name=\"author\" content=\"Amarildo R. Ferrari\" \/>\n<meta name=\"twitter:card\" content=\"summary_large_image\" \/>\n<meta name=\"twitter:label1\" content=\"Escrito por\" \/>\n\t<meta name=\"twitter:data1\" content=\"Amarildo R. Ferrari\" \/>\n\t<meta name=\"twitter:label2\" content=\"Est. tempo de leitura\" \/>\n\t<meta name=\"twitter:data2\" content=\"2 minutos\" \/>\n<script type=\"application\/ld+json\" class=\"yoast-schema-graph\">{\"@context\":\"https:\/\/schema.org\",\"@graph\":[{\"@type\":\"WebPage\",\"@id\":\"https:\/\/cenedcursos.com.br\/meio-ambiente\/poema-natureza\/\",\"url\":\"https:\/\/cenedcursos.com.br\/meio-ambiente\/poema-natureza\/\",\"name\":\"O que a Natureza nos diz - CENED Cursos Online\",\"isPartOf\":{\"@id\":\"https:\/\/cenedcursos.com.br\/meio-ambiente\/#website\"},\"datePublished\":\"2007-06-07T20:39:57+00:00\",\"author\":{\"@id\":\"https:\/\/cenedcursos.com.br\/meio-ambiente\/#\/schema\/person\/64377d24cdc16779a1eb6229894af388\"},\"breadcrumb\":{\"@id\":\"https:\/\/cenedcursos.com.br\/meio-ambiente\/poema-natureza\/#breadcrumb\"},\"inLanguage\":\"pt-BR\",\"potentialAction\":[{\"@type\":\"ReadAction\",\"target\":[\"https:\/\/cenedcursos.com.br\/meio-ambiente\/poema-natureza\/\"]}]},{\"@type\":\"BreadcrumbList\",\"@id\":\"https:\/\/cenedcursos.com.br\/meio-ambiente\/poema-natureza\/#breadcrumb\",\"itemListElement\":[{\"@type\":\"ListItem\",\"position\":1,\"name\":\"In\u00edcio\",\"item\":\"https:\/\/cenedcursos.com.br\/meio-ambiente\/\"},{\"@type\":\"ListItem\",\"position\":2,\"name\":\"O que a Natureza nos diz\"}]},{\"@type\":\"WebSite\",\"@id\":\"https:\/\/cenedcursos.com.br\/meio-ambiente\/#website\",\"url\":\"https:\/\/cenedcursos.com.br\/meio-ambiente\/\",\"name\":\"CENED Cursos Online\",\"description\":\"Aqui voc\u00ea encontra artigos em diversas \u00e1reas do conhecimento: meio ambiente, educa\u00e7\u00e3o, marketing digital, neg\u00f3cios online e muito mais.\",\"potentialAction\":[{\"@type\":\"SearchAction\",\"target\":{\"@type\":\"EntryPoint\",\"urlTemplate\":\"https:\/\/cenedcursos.com.br\/meio-ambiente\/?s={search_term_string}\"},\"query-input\":{\"@type\":\"PropertyValueSpecification\",\"valueRequired\":true,\"valueName\":\"search_term_string\"}}],\"inLanguage\":\"pt-BR\"},{\"@type\":\"Person\",\"@id\":\"https:\/\/cenedcursos.com.br\/meio-ambiente\/#\/schema\/person\/64377d24cdc16779a1eb6229894af388\",\"name\":\"Amarildo R. Ferrari\",\"image\":{\"@type\":\"ImageObject\",\"inLanguage\":\"pt-BR\",\"@id\":\"https:\/\/cenedcursos.com.br\/meio-ambiente\/#\/schema\/person\/image\/\",\"url\":\"https:\/\/secure.gravatar.com\/avatar\/6ea4248ca9f295c93f1b72f8398232f0fbbffe30349e6ec3839cfa5e09b0de3c?s=96&d=mm&r=g\",\"contentUrl\":\"https:\/\/secure.gravatar.com\/avatar\/6ea4248ca9f295c93f1b72f8398232f0fbbffe30349e6ec3839cfa5e09b0de3c?s=96&d=mm&r=g\",\"caption\":\"Amarildo R. Ferrari\"},\"sameAs\":[\"https:\/\/cenedcursos.com.br\/meio-ambiente\"],\"url\":\"https:\/\/cenedcursos.com.br\/meio-ambiente\/author\/admin\/\"}]}<\/script>\n<!-- \/ Yoast SEO plugin. -->","yoast_head_json":{"title":"O que a Natureza nos diz - CENED Cursos Online","robots":{"index":"index","follow":"follow","max-snippet":"max-snippet:-1","max-image-preview":"max-image-preview:large","max-video-preview":"max-video-preview:-1"},"canonical":"https:\/\/cenedcursos.com.br\/meio-ambiente\/poema-natureza\/","og_locale":"pt_BR","og_type":"article","og_title":"O que a Natureza nos diz - CENED Cursos Online","og_description":"Autora: Ana Paula da Silva Pestana Quando desviamos suas &aacute;guas Que sente a Natureza colorida Para produzirmos muito mais Sem d&oacute; a deixamos empobrecida. Grande equ&iacute;voco do homem Achar que tudo &eacute; infinito Sem saber, dela vai tirando&#8230; Sem ouvir o seu gemido. Consumimos sem medidas Aquilo que nos oferecem Sem olharmos sua origem A [&hellip;]","og_url":"https:\/\/cenedcursos.com.br\/meio-ambiente\/poema-natureza\/","og_site_name":"CENED Cursos Online","article_published_time":"2007-06-07T20:39:57+00:00","author":"Amarildo R. Ferrari","twitter_card":"summary_large_image","twitter_misc":{"Escrito por":"Amarildo R. Ferrari","Est. tempo de leitura":"2 minutos"},"schema":{"@context":"https:\/\/schema.org","@graph":[{"@type":"WebPage","@id":"https:\/\/cenedcursos.com.br\/meio-ambiente\/poema-natureza\/","url":"https:\/\/cenedcursos.com.br\/meio-ambiente\/poema-natureza\/","name":"O que a Natureza nos diz - CENED Cursos Online","isPartOf":{"@id":"https:\/\/cenedcursos.com.br\/meio-ambiente\/#website"},"datePublished":"2007-06-07T20:39:57+00:00","author":{"@id":"https:\/\/cenedcursos.com.br\/meio-ambiente\/#\/schema\/person\/64377d24cdc16779a1eb6229894af388"},"breadcrumb":{"@id":"https:\/\/cenedcursos.com.br\/meio-ambiente\/poema-natureza\/#breadcrumb"},"inLanguage":"pt-BR","potentialAction":[{"@type":"ReadAction","target":["https:\/\/cenedcursos.com.br\/meio-ambiente\/poema-natureza\/"]}]},{"@type":"BreadcrumbList","@id":"https:\/\/cenedcursos.com.br\/meio-ambiente\/poema-natureza\/#breadcrumb","itemListElement":[{"@type":"ListItem","position":1,"name":"In\u00edcio","item":"https:\/\/cenedcursos.com.br\/meio-ambiente\/"},{"@type":"ListItem","position":2,"name":"O que a Natureza nos diz"}]},{"@type":"WebSite","@id":"https:\/\/cenedcursos.com.br\/meio-ambiente\/#website","url":"https:\/\/cenedcursos.com.br\/meio-ambiente\/","name":"CENED Cursos Online","description":"Aqui voc\u00ea encontra artigos em diversas \u00e1reas do conhecimento: meio ambiente, educa\u00e7\u00e3o, marketing digital, neg\u00f3cios online e muito mais.","potentialAction":[{"@type":"SearchAction","target":{"@type":"EntryPoint","urlTemplate":"https:\/\/cenedcursos.com.br\/meio-ambiente\/?s={search_term_string}"},"query-input":{"@type":"PropertyValueSpecification","valueRequired":true,"valueName":"search_term_string"}}],"inLanguage":"pt-BR"},{"@type":"Person","@id":"https:\/\/cenedcursos.com.br\/meio-ambiente\/#\/schema\/person\/64377d24cdc16779a1eb6229894af388","name":"Amarildo R. Ferrari","image":{"@type":"ImageObject","inLanguage":"pt-BR","@id":"https:\/\/cenedcursos.com.br\/meio-ambiente\/#\/schema\/person\/image\/","url":"https:\/\/secure.gravatar.com\/avatar\/6ea4248ca9f295c93f1b72f8398232f0fbbffe30349e6ec3839cfa5e09b0de3c?s=96&d=mm&r=g","contentUrl":"https:\/\/secure.gravatar.com\/avatar\/6ea4248ca9f295c93f1b72f8398232f0fbbffe30349e6ec3839cfa5e09b0de3c?s=96&d=mm&r=g","caption":"Amarildo R. Ferrari"},"sameAs":["https:\/\/cenedcursos.com.br\/meio-ambiente"],"url":"https:\/\/cenedcursos.com.br\/meio-ambiente\/author\/admin\/"}]}},"jetpack_featured_media_url":"","jetpack_sharing_enabled":true,"_links":{"self":[{"href":"https:\/\/cenedcursos.com.br\/meio-ambiente\/wp-json\/wp\/v2\/posts\/142","targetHints":{"allow":["GET"]}}],"collection":[{"href":"https:\/\/cenedcursos.com.br\/meio-ambiente\/wp-json\/wp\/v2\/posts"}],"about":[{"href":"https:\/\/cenedcursos.com.br\/meio-ambiente\/wp-json\/wp\/v2\/types\/post"}],"author":[{"embeddable":true,"href":"https:\/\/cenedcursos.com.br\/meio-ambiente\/wp-json\/wp\/v2\/users\/1"}],"replies":[{"embeddable":true,"href":"https:\/\/cenedcursos.com.br\/meio-ambiente\/wp-json\/wp\/v2\/comments?post=142"}],"version-history":[{"count":0,"href":"https:\/\/cenedcursos.com.br\/meio-ambiente\/wp-json\/wp\/v2\/posts\/142\/revisions"}],"wp:attachment":[{"href":"https:\/\/cenedcursos.com.br\/meio-ambiente\/wp-json\/wp\/v2\/media?parent=142"}],"wp:term":[{"taxonomy":"category","embeddable":true,"href":"https:\/\/cenedcursos.com.br\/meio-ambiente\/wp-json\/wp\/v2\/categories?post=142"},{"taxonomy":"post_tag","embeddable":true,"href":"https:\/\/cenedcursos.com.br\/meio-ambiente\/wp-json\/wp\/v2\/tags?post=142"}],"curies":[{"name":"wp","href":"https:\/\/api.w.org\/{rel}","templated":true}]}}