{"id":143,"date":"2007-06-07T20:43:37","date_gmt":"2007-06-07T20:43:37","guid":{"rendered":"http:\/\/www.cenedcursos.com.br\/?p=143"},"modified":"2007-06-07T20:43:37","modified_gmt":"2007-06-07T20:43:37","slug":"dia-mundial-meio-ambiente","status":"publish","type":"post","link":"https:\/\/cenedcursos.com.br\/meio-ambiente\/dia-mundial-meio-ambiente\/","title":{"rendered":"Versinhos para o Dia Mundial do Meio Ambiente"},"content":{"rendered":"<div class=\"MsoNormal\" style=\"margin: 0cm 0cm 0pt; font-style: italic;\">\n<div align=\"right\"><big><font face=\"Times New Roman\" color=\"#000000\">Autora: Ana Paula da Silva Pestana<\/font><\/big> <\/div>\n<p> <\/div>\n<p class=\"MsoNormal\" style=\"margin: 0cm 0cm 0pt; font-family: Arial;\">No dia do meio ambiente<\/p>\n<p class=\"MsoNormal\" style=\"margin: 0cm 0cm 0pt; font-family: Arial;\">Devemos um momento refletir:<\/p>\n<p class=\"MsoNormal\" style=\"margin: 0cm 0cm 0pt; font-family: Arial;\">Que efeitos minhas atitudes<\/p>\n<p class=\"MsoNormal\" style=\"margin: 0cm 0cm 0pt; font-family: Arial;\">Podem na natureza produzir?<\/p>\n<p class=\"MsoNormal\" style=\"margin: 0cm 0cm 0pt; font-family: Arial;\">\n<p class=\"MsoNormal\" style=\"margin: 0cm 0cm 0pt; font-family: Arial;\"> <\/p>\n<p class=\"MsoNormal\" style=\"margin: 0cm 0cm 0pt; font-family: Arial;\">Todos estragos feitos no mundo<\/p>\n<p class=\"MsoNormal\" style=\"margin: 0cm 0cm 0pt; font-family: Arial;\">Como polui&ccedil;&atilde;o e desmatamentos<\/p>\n<p class=\"MsoNormal\" style=\"margin: 0cm 0cm 0pt; font-family: Arial;\">N&atilde;o sofre apenas quem os fez<\/p>\n<p class=\"MsoNormal\" style=\"margin: 0cm 0cm 0pt; font-family: Arial;\">Sofremos juntos tais tormentos.<\/p>\n<p class=\"MsoNormal\" style=\"margin: 0cm 0cm 0pt; font-family: Arial;\">\n<p class=\"MsoNormal\" style=\"margin: 0cm 0cm 0pt; font-family: Arial;\"> <\/p>\n<p class=\"MsoNormal\" style=\"margin: 0cm 0cm 0pt; font-family: Arial;\">Cada geleira que se dissolve<\/p>\n<p class=\"MsoNormal\" style=\"margin: 0cm 0cm 0pt; font-family: Arial;\">&Eacute; lan&ccedil;ado sempre outro alerta<\/p>\n<p class=\"MsoNormal\" style=\"margin: 0cm 0cm 0pt; font-family: Arial;\">Muitos povos se p&otilde;em em perigo<\/p>\n<p class=\"MsoNormal\" style=\"margin: 0cm 0cm 0pt; font-family: Arial;\">E uma inseguran&ccedil;a nos desperta.<\/p>\n<p class=\"MsoNormal\" style=\"margin: 0cm 0cm 0pt; font-family: Arial;\">\n<p class=\"MsoNormal\" style=\"margin: 0cm 0cm 0pt; font-family: Arial;\"> <\/p>\n<p class=\"MsoNormal\" style=\"margin: 0cm 0cm 0pt; font-family: Arial;\">A Amaz&ocirc;nia imponente e verde<\/p>\n<p class=\"MsoNormal\" style=\"margin: 0cm 0cm 0pt; font-family: Arial;\">Em sua diversidade exuberante<\/p>\n<p class=\"MsoNormal\" style=\"margin: 0cm 0cm 0pt; font-family: Arial;\">Agoniza por tamanha maldade<\/p>\n<p class=\"MsoNormal\" style=\"margin: 0cm 0cm 0pt; font-family: Arial;\">Com o descaso dos governantes.<\/p>\n<p class=\"MsoNormal\" style=\"margin: 0cm 0cm 0pt; font-family: Arial;\">\n<p class=\"MsoNormal\" style=\"margin: 0cm 0cm 0pt; font-family: Arial;\"> <\/p>\n<p class=\"MsoNormal\" style=\"margin: 0cm 0cm 0pt; font-family: Arial;\">Os cen&aacute;rios se transformam<\/p>\n<p class=\"MsoNormal\" style=\"margin: 0cm 0cm 0pt; font-family: Arial;\">O que era forte&#8230; Perde vida<\/p>\n<p class=\"MsoNormal\" style=\"margin: 0cm 0cm 0pt; font-family: Arial;\">Nos olhos dos homens do mundo<\/p>\n<p class=\"MsoNormal\" style=\"margin: 0cm 0cm 0pt; font-family: Arial;\">Vemos um mundo t&atilde;o cinza.<\/p>\n<p class=\"MsoNormal\" style=\"margin: 0cm 0cm 0pt; font-family: Arial;\">\n<p class=\"MsoNormal\" style=\"margin: 0cm 0cm 0pt; font-family: Arial;\"> <\/p>\n<p class=\"MsoNormal\" style=\"margin: 0cm 0cm 0pt; font-family: Arial;\">Comemorar  o  cinco de junho <\/p>\n<p class=\"MsoNormal\" style=\"margin: 0cm 0cm 0pt; font-family: Arial;\">Representa um  bom  come&ccedil;o <\/p>\n<p class=\"MsoNormal\" style=\"margin: 0cm 0cm 0pt; font-family: Arial;\">Fomentando para as crian&ccedil;as<\/p>\n<p class=\"MsoNormal\" style=\"margin: 0cm 0cm 0pt; font-family: Arial;\">Um mundo verde e de sossego.<\/p>\n","protected":false},"excerpt":{"rendered":"<p>Autora: Ana Paula da Silva Pestana No dia do meio ambiente Devemos um momento refletir: Que efeitos minhas atitudes Podem na natureza produzir? Todos estragos feitos no mundo Como polui&ccedil;&atilde;o e desmatamentos N&atilde;o sofre apenas quem os fez Sofremos juntos tais tormentos. Cada geleira que se dissolve &Eacute; lan&ccedil;ado sempre outro alerta Muitos povos se [&hellip;]<\/p>\n","protected":false},"author":1,"featured_media":0,"comment_status":"open","ping_status":"open","sticky":false,"template":"","format":"standard","meta":{"_jetpack_memberships_contains_paid_content":false,"footnotes":""},"categories":[50],"tags":[52],"class_list":{"0":"post-143","1":"post","2":"type-post","3":"status-publish","4":"format-standard","6":"category-poemas-ambientais","7":"tag-meio-ambiente"},"yoast_head":"<!-- This site is optimized with the Yoast SEO plugin v25.1 - https:\/\/yoast.com\/wordpress\/plugins\/seo\/ -->\n<title>Versinhos para o Dia Mundial do Meio Ambiente - CENED Cursos Online<\/title>\n<meta name=\"robots\" content=\"index, follow, max-snippet:-1, max-image-preview:large, max-video-preview:-1\" \/>\n<link rel=\"canonical\" href=\"https:\/\/cenedcursos.com.br\/meio-ambiente\/dia-mundial-meio-ambiente\/\" \/>\n<meta property=\"og:locale\" content=\"pt_BR\" \/>\n<meta property=\"og:type\" content=\"article\" \/>\n<meta property=\"og:title\" content=\"Versinhos para o Dia Mundial do Meio Ambiente - CENED Cursos Online\" \/>\n<meta property=\"og:description\" content=\"Autora: Ana Paula da Silva Pestana No dia do meio ambiente Devemos um momento refletir: Que efeitos minhas atitudes Podem na natureza produzir? Todos estragos feitos no mundo Como polui&ccedil;&atilde;o e desmatamentos N&atilde;o sofre apenas quem os fez Sofremos juntos tais tormentos. Cada geleira que se dissolve &Eacute; lan&ccedil;ado sempre outro alerta Muitos povos se [&hellip;]\" \/>\n<meta property=\"og:url\" content=\"https:\/\/cenedcursos.com.br\/meio-ambiente\/dia-mundial-meio-ambiente\/\" \/>\n<meta property=\"og:site_name\" content=\"CENED Cursos Online\" \/>\n<meta property=\"article:published_time\" content=\"2007-06-07T20:43:37+00:00\" \/>\n<meta name=\"author\" content=\"Amarildo R. Ferrari\" \/>\n<meta name=\"twitter:card\" content=\"summary_large_image\" \/>\n<meta name=\"twitter:label1\" content=\"Escrito por\" \/>\n\t<meta name=\"twitter:data1\" content=\"Amarildo R. Ferrari\" \/>\n\t<meta name=\"twitter:label2\" content=\"Est. tempo de leitura\" \/>\n\t<meta name=\"twitter:data2\" content=\"1 minuto\" \/>\n<script type=\"application\/ld+json\" class=\"yoast-schema-graph\">{\"@context\":\"https:\/\/schema.org\",\"@graph\":[{\"@type\":\"WebPage\",\"@id\":\"https:\/\/cenedcursos.com.br\/meio-ambiente\/dia-mundial-meio-ambiente\/\",\"url\":\"https:\/\/cenedcursos.com.br\/meio-ambiente\/dia-mundial-meio-ambiente\/\",\"name\":\"Versinhos para o Dia Mundial do Meio Ambiente - CENED Cursos Online\",\"isPartOf\":{\"@id\":\"https:\/\/cenedcursos.com.br\/meio-ambiente\/#website\"},\"datePublished\":\"2007-06-07T20:43:37+00:00\",\"author\":{\"@id\":\"https:\/\/cenedcursos.com.br\/meio-ambiente\/#\/schema\/person\/64377d24cdc16779a1eb6229894af388\"},\"breadcrumb\":{\"@id\":\"https:\/\/cenedcursos.com.br\/meio-ambiente\/dia-mundial-meio-ambiente\/#breadcrumb\"},\"inLanguage\":\"pt-BR\",\"potentialAction\":[{\"@type\":\"ReadAction\",\"target\":[\"https:\/\/cenedcursos.com.br\/meio-ambiente\/dia-mundial-meio-ambiente\/\"]}]},{\"@type\":\"BreadcrumbList\",\"@id\":\"https:\/\/cenedcursos.com.br\/meio-ambiente\/dia-mundial-meio-ambiente\/#breadcrumb\",\"itemListElement\":[{\"@type\":\"ListItem\",\"position\":1,\"name\":\"In\u00edcio\",\"item\":\"https:\/\/cenedcursos.com.br\/meio-ambiente\/\"},{\"@type\":\"ListItem\",\"position\":2,\"name\":\"Versinhos para o Dia Mundial do Meio Ambiente\"}]},{\"@type\":\"WebSite\",\"@id\":\"https:\/\/cenedcursos.com.br\/meio-ambiente\/#website\",\"url\":\"https:\/\/cenedcursos.com.br\/meio-ambiente\/\",\"name\":\"CENED Cursos Online\",\"description\":\"Aqui voc\u00ea encontra artigos em diversas \u00e1reas do conhecimento: meio ambiente, educa\u00e7\u00e3o, marketing digital, neg\u00f3cios online e muito mais.\",\"potentialAction\":[{\"@type\":\"SearchAction\",\"target\":{\"@type\":\"EntryPoint\",\"urlTemplate\":\"https:\/\/cenedcursos.com.br\/meio-ambiente\/?s={search_term_string}\"},\"query-input\":{\"@type\":\"PropertyValueSpecification\",\"valueRequired\":true,\"valueName\":\"search_term_string\"}}],\"inLanguage\":\"pt-BR\"},{\"@type\":\"Person\",\"@id\":\"https:\/\/cenedcursos.com.br\/meio-ambiente\/#\/schema\/person\/64377d24cdc16779a1eb6229894af388\",\"name\":\"Amarildo R. Ferrari\",\"image\":{\"@type\":\"ImageObject\",\"inLanguage\":\"pt-BR\",\"@id\":\"https:\/\/cenedcursos.com.br\/meio-ambiente\/#\/schema\/person\/image\/\",\"url\":\"https:\/\/secure.gravatar.com\/avatar\/6ea4248ca9f295c93f1b72f8398232f0fbbffe30349e6ec3839cfa5e09b0de3c?s=96&d=mm&r=g\",\"contentUrl\":\"https:\/\/secure.gravatar.com\/avatar\/6ea4248ca9f295c93f1b72f8398232f0fbbffe30349e6ec3839cfa5e09b0de3c?s=96&d=mm&r=g\",\"caption\":\"Amarildo R. Ferrari\"},\"sameAs\":[\"https:\/\/cenedcursos.com.br\/meio-ambiente\"],\"url\":\"https:\/\/cenedcursos.com.br\/meio-ambiente\/author\/admin\/\"}]}<\/script>\n<!-- \/ Yoast SEO plugin. -->","yoast_head_json":{"title":"Versinhos para o Dia Mundial do Meio Ambiente - CENED Cursos Online","robots":{"index":"index","follow":"follow","max-snippet":"max-snippet:-1","max-image-preview":"max-image-preview:large","max-video-preview":"max-video-preview:-1"},"canonical":"https:\/\/cenedcursos.com.br\/meio-ambiente\/dia-mundial-meio-ambiente\/","og_locale":"pt_BR","og_type":"article","og_title":"Versinhos para o Dia Mundial do Meio Ambiente - CENED Cursos Online","og_description":"Autora: Ana Paula da Silva Pestana No dia do meio ambiente Devemos um momento refletir: Que efeitos minhas atitudes Podem na natureza produzir? Todos estragos feitos no mundo Como polui&ccedil;&atilde;o e desmatamentos N&atilde;o sofre apenas quem os fez Sofremos juntos tais tormentos. Cada geleira que se dissolve &Eacute; lan&ccedil;ado sempre outro alerta Muitos povos se [&hellip;]","og_url":"https:\/\/cenedcursos.com.br\/meio-ambiente\/dia-mundial-meio-ambiente\/","og_site_name":"CENED Cursos Online","article_published_time":"2007-06-07T20:43:37+00:00","author":"Amarildo R. Ferrari","twitter_card":"summary_large_image","twitter_misc":{"Escrito por":"Amarildo R. Ferrari","Est. tempo de leitura":"1 minuto"},"schema":{"@context":"https:\/\/schema.org","@graph":[{"@type":"WebPage","@id":"https:\/\/cenedcursos.com.br\/meio-ambiente\/dia-mundial-meio-ambiente\/","url":"https:\/\/cenedcursos.com.br\/meio-ambiente\/dia-mundial-meio-ambiente\/","name":"Versinhos para o Dia Mundial do Meio Ambiente - CENED Cursos Online","isPartOf":{"@id":"https:\/\/cenedcursos.com.br\/meio-ambiente\/#website"},"datePublished":"2007-06-07T20:43:37+00:00","author":{"@id":"https:\/\/cenedcursos.com.br\/meio-ambiente\/#\/schema\/person\/64377d24cdc16779a1eb6229894af388"},"breadcrumb":{"@id":"https:\/\/cenedcursos.com.br\/meio-ambiente\/dia-mundial-meio-ambiente\/#breadcrumb"},"inLanguage":"pt-BR","potentialAction":[{"@type":"ReadAction","target":["https:\/\/cenedcursos.com.br\/meio-ambiente\/dia-mundial-meio-ambiente\/"]}]},{"@type":"BreadcrumbList","@id":"https:\/\/cenedcursos.com.br\/meio-ambiente\/dia-mundial-meio-ambiente\/#breadcrumb","itemListElement":[{"@type":"ListItem","position":1,"name":"In\u00edcio","item":"https:\/\/cenedcursos.com.br\/meio-ambiente\/"},{"@type":"ListItem","position":2,"name":"Versinhos para o Dia Mundial do Meio Ambiente"}]},{"@type":"WebSite","@id":"https:\/\/cenedcursos.com.br\/meio-ambiente\/#website","url":"https:\/\/cenedcursos.com.br\/meio-ambiente\/","name":"CENED Cursos Online","description":"Aqui voc\u00ea encontra artigos em diversas \u00e1reas do conhecimento: meio ambiente, educa\u00e7\u00e3o, marketing digital, neg\u00f3cios online e muito mais.","potentialAction":[{"@type":"SearchAction","target":{"@type":"EntryPoint","urlTemplate":"https:\/\/cenedcursos.com.br\/meio-ambiente\/?s={search_term_string}"},"query-input":{"@type":"PropertyValueSpecification","valueRequired":true,"valueName":"search_term_string"}}],"inLanguage":"pt-BR"},{"@type":"Person","@id":"https:\/\/cenedcursos.com.br\/meio-ambiente\/#\/schema\/person\/64377d24cdc16779a1eb6229894af388","name":"Amarildo R. Ferrari","image":{"@type":"ImageObject","inLanguage":"pt-BR","@id":"https:\/\/cenedcursos.com.br\/meio-ambiente\/#\/schema\/person\/image\/","url":"https:\/\/secure.gravatar.com\/avatar\/6ea4248ca9f295c93f1b72f8398232f0fbbffe30349e6ec3839cfa5e09b0de3c?s=96&d=mm&r=g","contentUrl":"https:\/\/secure.gravatar.com\/avatar\/6ea4248ca9f295c93f1b72f8398232f0fbbffe30349e6ec3839cfa5e09b0de3c?s=96&d=mm&r=g","caption":"Amarildo R. Ferrari"},"sameAs":["https:\/\/cenedcursos.com.br\/meio-ambiente"],"url":"https:\/\/cenedcursos.com.br\/meio-ambiente\/author\/admin\/"}]}},"jetpack_featured_media_url":"","jetpack_sharing_enabled":true,"_links":{"self":[{"href":"https:\/\/cenedcursos.com.br\/meio-ambiente\/wp-json\/wp\/v2\/posts\/143","targetHints":{"allow":["GET"]}}],"collection":[{"href":"https:\/\/cenedcursos.com.br\/meio-ambiente\/wp-json\/wp\/v2\/posts"}],"about":[{"href":"https:\/\/cenedcursos.com.br\/meio-ambiente\/wp-json\/wp\/v2\/types\/post"}],"author":[{"embeddable":true,"href":"https:\/\/cenedcursos.com.br\/meio-ambiente\/wp-json\/wp\/v2\/users\/1"}],"replies":[{"embeddable":true,"href":"https:\/\/cenedcursos.com.br\/meio-ambiente\/wp-json\/wp\/v2\/comments?post=143"}],"version-history":[{"count":0,"href":"https:\/\/cenedcursos.com.br\/meio-ambiente\/wp-json\/wp\/v2\/posts\/143\/revisions"}],"wp:attachment":[{"href":"https:\/\/cenedcursos.com.br\/meio-ambiente\/wp-json\/wp\/v2\/media?parent=143"}],"wp:term":[{"taxonomy":"category","embeddable":true,"href":"https:\/\/cenedcursos.com.br\/meio-ambiente\/wp-json\/wp\/v2\/categories?post=143"},{"taxonomy":"post_tag","embeddable":true,"href":"https:\/\/cenedcursos.com.br\/meio-ambiente\/wp-json\/wp\/v2\/tags?post=143"}],"curies":[{"name":"wp","href":"https:\/\/api.w.org\/{rel}","templated":true}]}}