{"id":144,"date":"2007-06-10T20:15:43","date_gmt":"2007-06-10T20:15:43","guid":{"rendered":"http:\/\/www.cenedcursos.com.br\/?p=144"},"modified":"2007-06-10T20:15:43","modified_gmt":"2007-06-10T20:15:43","slug":"qcuida-bem-de-mimhoje-sou-sementeamanherei-pomarq","status":"publish","type":"post","link":"https:\/\/cenedcursos.com.br\/meio-ambiente\/qcuida-bem-de-mimhoje-sou-sementeamanherei-pomarq\/","title":{"rendered":"&quot;Cuida bem de mim&#8230;Hoje sou semente,amanh\u00e3 serei pomar&quot;"},"content":{"rendered":"<p align=\"left\" style=\"text-align: justify;\" class=\"MsoNormal\"><em>Autora: Yvanna Pinheiro<\/em><\/p>\n<p style=\"text-align: justify;\" class=\"MsoNormal\"><strong>TEMA<\/strong><\/p>\n<p style=\"text-align: justify;\" class=\"MsoNormal\"><strong>&quot;Cuida bem de mim&#8230;Hoje sou semente,amanh&atilde; serei pomar&quot;<o:p><\/o:p><\/strong><\/p>\n<p style=\"text-align: justify;\" class=\"MsoNormal\"><strong>2. RESUMO<\/strong><\/p>\n<p style=\"text-align: justify;\" class=\"MsoNormal\">Atrav&eacute;s da elabora&ccedil;&atilde;o de um banco de sementes para a cria&ccedil;&atilde;o de um viveiro de plantas frut&iacute;feras, desenvolver uma consci&ecirc;ncia cr&iacute;tica-s&oacute;cio-ambiental, tendo como base um trabalho de sustentabilidade emocional, onde os valores e o cuidado com a sa&uacute;de otimizar&atilde;o a qualidade de vida.<\/p>\n<p> <strong>3. INTRODU&Ccedil;&Atilde;O<\/strong><\/p>\n<p style=\"text-align: justify;\" class=\"MsoNormal\">A nossa vasta regi&atilde;o do Centro-Oeste tem um enorme potencial em suas &aacute;reas de recursos naturais,compostas de uma variedade de tipos de vegeta&ccedil;&atilde;o, solo, clima e topografia bastante heterog&ecirc;neos.<br \/> Ao caminharmos para o interior de nossa regi&atilde;o, atravessamos extensas &aacute;reas de cerrado que, apesar de ser marcado constantemente por queimadas, apresenta toda a sua beleza de flores ex&oacute;ticas,que parecem ter desabrochado intactas logo que acabou o fogo.Caminhando mais al&eacute;m, poderemos reconhecer plantas medicinais desconhecidas da medicina tradicional,como arnica, jurubeba, sucupira, rom&atilde;,catuaba e angico.<br \/> Mas a nossa regi&atilde;o,apesar de ter no cerrado um ecossistema tamb&eacute;m riqu&iacute;ssimo em esp&eacute;cies vivas,atualmente &eacute; uma das regi&otilde;es brasileiras mais amea&ccedil;adas pelos in&uacute;meros desmatamentos para dar lugar &agrave; agricultura,com o uso de t&eacute;cnicas pouco adequadas ao tipo do nosso solo e isso tem acelerado o comprometimento do cerrado que,por sinal,muitos at&eacute; desconhecem a recente descoberta de sua import&acirc;ncia para a despolui&ccedil;&atilde;o do ar.<br \/> Al&eacute;m disso,a popula&ccedil;&atilde;o tem aumentado de forma alarmante pelo uso e ocupa&ccedil;&atilde;o desordenada do solo,e houve um aumento consider&aacute;vel das ind&uacute;strias que trouxeram as suas tecnologias poluentes,causando um avan&ccedil;ado estado de degrada&ccedil;&atilde;o do bioma.<br \/> E um dos impactos ambientais mais graves na regi&atilde;o foi causada pelos garimpos,que contaminaram os rios com merc&uacute;rio e essa atividade mineradora tem causado eros&atilde;o de grande intensidade.<br \/> Destaca-se, entretanto, um envolvimento,mesmo que pequeno em termos,por&eacute;m grande em atitudes,de uma a&ccedil;&atilde;o coletiva por pessoas que buscam um princ&iacute;pio de precau&ccedil;&atilde;o e preserva&ccedil;&atilde;o para um desenvolvimento sustent&aacute;vel e para o mantimento das &aacute;reas de prote&ccedil;&atilde;o ambiental.Isso &eacute; not&oacute;rio pela cria&ccedil;&atilde;o volunt&aacute;ria de cooperativas,ONGS e at&eacute; mesmo por nobres gestos ou manifesta&ccedil;&otilde;es pol&iacute;ticas por parte de cidad&atilde;os conscientes para a vida.<br \/> <strong><br \/> 4. OBJETIVOS<\/strong><\/p>\n<p style=\"text-align: justify;\" class=\"MsoNormal\">&#8211; Conhecer os graves riscos prejudiciais, tanto &agrave; sa&uacute;de como ao meio ambiente, envolvidos na utiliza&ccedil;&atilde;o dos agrot&oacute;xicos e dos fertilizantes;<\/p>\n<p> &#8211; Alcan&ccedil;ar mudan&ccedil;as no comportamento dos alunos em sala de aula, em casa e na comunidade onde residem, por interm&eacute;dio de atividades te&oacute;ricas e pr&aacute;ticas;<\/p>\n<p> &#8211; Otimizar a import&acirc;ncia do amor pr&oacute;prio,desenvolvendo uma boa auto-estima por meio da conscientiza&ccedil;&atilde;o de que quem se ama se cuida, internalizando essa verdade como ser participante integral da pr&oacute;pria natureza,por meio da cria&ccedil;&atilde;o de um v&iacute;nculo dos alunos com as plantas semeadas.<\/p>\n<p> <strong>5. JUSTIFICATIVA<\/strong><\/p>\n<p> A escola na qual eu trabalho com E.A. &eacute; uma escola diferenciada que visa uma proposta interdisciplinar, estimulando uma a&ccedil;&atilde;o transformadora.<br \/> E, por n&atilde;o ser uma escola de ensino regular, oferece a possibilidade de desenvolver projetos diferenciados, permitindo que os temas transversais dos par&acirc;metros curriculares nacionais sejam trabalhados na integra, em uma pedagogia da a&ccedil;&atilde;o voltada ao exerc&iacute;cio da cidadania.<br \/> Se todos os jovens tivessem acesso a uma escola como essa, com certeza <br \/> a sociedade estaria livre de muitos males, pois as quest&otilde;es ecol&oacute;gicas est&atilde;o intrinsecamente ligadas &agrave; qualidade de vida e a sustentabilidade.<br \/> Vejo como a minha regi&atilde;o &eacute; rica em biomas e ecossistemas,que cont&eacute;m esp&eacute;cies vivas que poderiam se tornar alimentos e rem&eacute;dios no futuro,e posso assemelh&aacute;-la a uma semente que traz em seu interior m&uacute;ltiplas riquezas pela simples possibilidade de apenas germinar e crescer.<br \/> Vejo tamb&eacute;m que as causas da devasta&ccedil;&atilde;o da minha regi&atilde;o est&atilde;o no uso predat&oacute;rio e inadequado desses recursos naturais e reverter esse quadro requer um total envolvimento consciente, planejado e organizado,de resultado a longo prazo, tal como o despontar de uma semente em processo de germina&ccedil;&atilde;o, que necessita de cuidados especiais para superar aos ataques de predadores e produzir de si mesmo, em toda a sua ess&ecirc;ncia, a garantia da continua&ccedil;&atilde;o da vida,em sua capacidade de se multiplicar.<br \/> Nessa perspectiva, por certo, h&aacute; de se ter vontade para agir e realizar a&ccedil;&otilde;es que apontem para um mundo mais preservado e sustent&aacute;vel.<\/p>\n<p> <strong>6. CARACTER&Iacute;STICAS DO PROJETO<\/strong><\/p>\n<p style=\"text-align: justify;\" class=\"MsoNormal\"><em>a. P&Uacute;BLICO ALVO<\/em><br \/> alunos que participam das oficinas da Escola A&ccedil;&atilde;o Social do Planalto,localizada <st1:personname w:st=\"on\" productid=\"em Bras\u00edlia. S\u00e3o\">em Bras&iacute;lia. S&atilde;o<\/st1:personname> alunos que cursam as s&eacute;ries finais do ensino fudamental em escolas p&uacute;blicas, pr&oacute;ximas de suas resid&ecirc;ncias,a maioria reside no Estado de Goi&aacute;s, nas cidades do entorno do Distrito Federal. No quantitativo aproxima-se de 120 alunos matriculados com participa&ccedil;&atilde;o ativa e excelente produtividade.<\/p>\n<p> <em>b. METODOLOGIA<\/em> <br \/> Acreditando que a meta primordial &eacute; levar os alunos a elabora&ccedil;&atilde;o do seu pr&oacute;prio conhecimento sobre o que seja meio ambiente associado &agrave; qualidade de vida em sua rela&ccedil;&atilde;o intr&iacute;ssica, o melhor meio para um alcance internalizado seria pela produ&ccedil;&atilde;o de produtos ecologicamente corretos e economicamente vi&aacute;veis,ou seja, pela praticidade.&nbsp;<\/p>\n<p style=\"text-align: justify;\" class=\"MsoNormal\">c. RECURSOS NECESS&Aacute;RIOS<br \/> &#8211; variedades de esp&eacute;cies de sementes de &aacute;rvores frut&iacute;feras de pequeno porte;<br \/> &#8211; adubos apropriados para o favorecimento da germina&ccedil;&atilde;o dessas sementes;<br \/> &#8211; um orientador competente para dar as instru&ccedil;&otilde;es b&aacute;sicas de plantio e cuidados pertinentes a cada esp&eacute;cie de semente previamente selecionada;<br \/> &#8211; terreno espa&ccedil;oso ao lado da horta para a constru&ccedil;&atilde;o de pomar;<\/p>\n","protected":false},"excerpt":{"rendered":"<p>Autora: Yvanna Pinheiro TEMA &quot;Cuida bem de mim&#8230;Hoje sou semente,amanh&atilde; serei pomar&quot; 2. RESUMO Atrav&eacute;s da elabora&ccedil;&atilde;o de um banco de sementes para a cria&ccedil;&atilde;o de um viveiro de plantas frut&iacute;feras, desenvolver uma consci&ecirc;ncia cr&iacute;tica-s&oacute;cio-ambiental, tendo como base um trabalho de sustentabilidade emocional, onde os valores e o cuidado com a sa&uacute;de otimizar&atilde;o a qualidade [&hellip;]<\/p>\n","protected":false},"author":1,"featured_media":0,"comment_status":"open","ping_status":"open","sticky":false,"template":"","format":"standard","meta":{"_jetpack_memberships_contains_paid_content":false,"footnotes":""},"categories":[3],"tags":[],"class_list":{"0":"post-144","1":"post","2":"type-post","3":"status-publish","4":"format-standard","6":"category-projetos-ambientais"},"yoast_head":"<!-- This site is optimized with the Yoast SEO plugin v25.1 - https:\/\/yoast.com\/wordpress\/plugins\/seo\/ -->\n<title>&quot;Cuida bem de mim...Hoje sou semente,amanh\u00e3 serei pomar&quot; - CENED Cursos Online<\/title>\n<meta name=\"description\" content=\"&quot;Cuida bem de mim\u2026Hoje sou semente,amanh\u00e3 serei pomar&quot;\" \/>\n<meta name=\"robots\" content=\"index, follow, max-snippet:-1, max-image-preview:large, max-video-preview:-1\" \/>\n<link rel=\"canonical\" href=\"https:\/\/cenedcursos.com.br\/meio-ambiente\/qcuida-bem-de-mimhoje-sou-sementeamanherei-pomarq\/\" \/>\n<meta property=\"og:locale\" content=\"pt_BR\" \/>\n<meta property=\"og:type\" content=\"article\" \/>\n<meta property=\"og:title\" content=\"&quot;Cuida bem de mim...Hoje sou semente,amanh\u00e3 serei pomar&quot; - CENED Cursos Online\" \/>\n<meta property=\"og:description\" content=\"&quot;Cuida bem de mim\u2026Hoje sou semente,amanh\u00e3 serei pomar&quot;\" \/>\n<meta property=\"og:url\" content=\"https:\/\/cenedcursos.com.br\/meio-ambiente\/qcuida-bem-de-mimhoje-sou-sementeamanherei-pomarq\/\" \/>\n<meta property=\"og:site_name\" content=\"CENED Cursos Online\" \/>\n<meta property=\"article:published_time\" content=\"2007-06-10T20:15:43+00:00\" \/>\n<meta name=\"author\" content=\"Amarildo R. Ferrari\" \/>\n<meta name=\"twitter:card\" content=\"summary_large_image\" \/>\n<meta name=\"twitter:label1\" content=\"Escrito por\" \/>\n\t<meta name=\"twitter:data1\" content=\"Amarildo R. Ferrari\" \/>\n\t<meta name=\"twitter:label2\" content=\"Est. tempo de leitura\" \/>\n\t<meta name=\"twitter:data2\" content=\"6 minutos\" \/>\n<script type=\"application\/ld+json\" class=\"yoast-schema-graph\">{\"@context\":\"https:\/\/schema.org\",\"@graph\":[{\"@type\":\"WebPage\",\"@id\":\"https:\/\/cenedcursos.com.br\/meio-ambiente\/qcuida-bem-de-mimhoje-sou-sementeamanherei-pomarq\/\",\"url\":\"https:\/\/cenedcursos.com.br\/meio-ambiente\/qcuida-bem-de-mimhoje-sou-sementeamanherei-pomarq\/\",\"name\":\"&quot;Cuida bem de mim...Hoje sou semente,amanh\u00e3 serei pomar&quot; - CENED Cursos Online\",\"isPartOf\":{\"@id\":\"https:\/\/cenedcursos.com.br\/meio-ambiente\/#website\"},\"datePublished\":\"2007-06-10T20:15:43+00:00\",\"author\":{\"@id\":\"https:\/\/cenedcursos.com.br\/meio-ambiente\/#\/schema\/person\/64377d24cdc16779a1eb6229894af388\"},\"description\":\"\\\"Cuida bem de mim\u2026Hoje sou semente,amanh\u00e3 serei pomar\\\"\",\"breadcrumb\":{\"@id\":\"https:\/\/cenedcursos.com.br\/meio-ambiente\/qcuida-bem-de-mimhoje-sou-sementeamanherei-pomarq\/#breadcrumb\"},\"inLanguage\":\"pt-BR\",\"potentialAction\":[{\"@type\":\"ReadAction\",\"target\":[\"https:\/\/cenedcursos.com.br\/meio-ambiente\/qcuida-bem-de-mimhoje-sou-sementeamanherei-pomarq\/\"]}]},{\"@type\":\"BreadcrumbList\",\"@id\":\"https:\/\/cenedcursos.com.br\/meio-ambiente\/qcuida-bem-de-mimhoje-sou-sementeamanherei-pomarq\/#breadcrumb\",\"itemListElement\":[{\"@type\":\"ListItem\",\"position\":1,\"name\":\"In\u00edcio\",\"item\":\"https:\/\/cenedcursos.com.br\/meio-ambiente\/\"},{\"@type\":\"ListItem\",\"position\":2,\"name\":\"&quot;Cuida bem de mim&#8230;Hoje sou semente,amanh\u00e3 serei pomar&quot;\"}]},{\"@type\":\"WebSite\",\"@id\":\"https:\/\/cenedcursos.com.br\/meio-ambiente\/#website\",\"url\":\"https:\/\/cenedcursos.com.br\/meio-ambiente\/\",\"name\":\"CENED Cursos Online\",\"description\":\"Aqui voc\u00ea encontra artigos em diversas \u00e1reas do conhecimento: meio ambiente, educa\u00e7\u00e3o, marketing digital, neg\u00f3cios online e muito mais.\",\"potentialAction\":[{\"@type\":\"SearchAction\",\"target\":{\"@type\":\"EntryPoint\",\"urlTemplate\":\"https:\/\/cenedcursos.com.br\/meio-ambiente\/?s={search_term_string}\"},\"query-input\":{\"@type\":\"PropertyValueSpecification\",\"valueRequired\":true,\"valueName\":\"search_term_string\"}}],\"inLanguage\":\"pt-BR\"},{\"@type\":\"Person\",\"@id\":\"https:\/\/cenedcursos.com.br\/meio-ambiente\/#\/schema\/person\/64377d24cdc16779a1eb6229894af388\",\"name\":\"Amarildo R. Ferrari\",\"image\":{\"@type\":\"ImageObject\",\"inLanguage\":\"pt-BR\",\"@id\":\"https:\/\/cenedcursos.com.br\/meio-ambiente\/#\/schema\/person\/image\/\",\"url\":\"https:\/\/secure.gravatar.com\/avatar\/6ea4248ca9f295c93f1b72f8398232f0fbbffe30349e6ec3839cfa5e09b0de3c?s=96&d=mm&r=g\",\"contentUrl\":\"https:\/\/secure.gravatar.com\/avatar\/6ea4248ca9f295c93f1b72f8398232f0fbbffe30349e6ec3839cfa5e09b0de3c?s=96&d=mm&r=g\",\"caption\":\"Amarildo R. Ferrari\"},\"sameAs\":[\"https:\/\/cenedcursos.com.br\/meio-ambiente\"],\"url\":\"https:\/\/cenedcursos.com.br\/meio-ambiente\/author\/admin\/\"}]}<\/script>\n<!-- \/ Yoast SEO plugin. -->","yoast_head_json":{"title":"&quot;Cuida bem de mim...Hoje sou semente,amanh\u00e3 serei pomar&quot; - CENED Cursos Online","description":"\"Cuida bem de mim\u2026Hoje sou semente,amanh\u00e3 serei pomar\"","robots":{"index":"index","follow":"follow","max-snippet":"max-snippet:-1","max-image-preview":"max-image-preview:large","max-video-preview":"max-video-preview:-1"},"canonical":"https:\/\/cenedcursos.com.br\/meio-ambiente\/qcuida-bem-de-mimhoje-sou-sementeamanherei-pomarq\/","og_locale":"pt_BR","og_type":"article","og_title":"&quot;Cuida bem de mim...Hoje sou semente,amanh\u00e3 serei pomar&quot; - CENED Cursos Online","og_description":"\"Cuida bem de mim\u2026Hoje sou semente,amanh\u00e3 serei pomar\"","og_url":"https:\/\/cenedcursos.com.br\/meio-ambiente\/qcuida-bem-de-mimhoje-sou-sementeamanherei-pomarq\/","og_site_name":"CENED Cursos Online","article_published_time":"2007-06-10T20:15:43+00:00","author":"Amarildo R. Ferrari","twitter_card":"summary_large_image","twitter_misc":{"Escrito por":"Amarildo R. Ferrari","Est. tempo de leitura":"6 minutos"},"schema":{"@context":"https:\/\/schema.org","@graph":[{"@type":"WebPage","@id":"https:\/\/cenedcursos.com.br\/meio-ambiente\/qcuida-bem-de-mimhoje-sou-sementeamanherei-pomarq\/","url":"https:\/\/cenedcursos.com.br\/meio-ambiente\/qcuida-bem-de-mimhoje-sou-sementeamanherei-pomarq\/","name":"&quot;Cuida bem de mim...Hoje sou semente,amanh\u00e3 serei pomar&quot; - CENED Cursos Online","isPartOf":{"@id":"https:\/\/cenedcursos.com.br\/meio-ambiente\/#website"},"datePublished":"2007-06-10T20:15:43+00:00","author":{"@id":"https:\/\/cenedcursos.com.br\/meio-ambiente\/#\/schema\/person\/64377d24cdc16779a1eb6229894af388"},"description":"\"Cuida bem de mim\u2026Hoje sou semente,amanh\u00e3 serei pomar\"","breadcrumb":{"@id":"https:\/\/cenedcursos.com.br\/meio-ambiente\/qcuida-bem-de-mimhoje-sou-sementeamanherei-pomarq\/#breadcrumb"},"inLanguage":"pt-BR","potentialAction":[{"@type":"ReadAction","target":["https:\/\/cenedcursos.com.br\/meio-ambiente\/qcuida-bem-de-mimhoje-sou-sementeamanherei-pomarq\/"]}]},{"@type":"BreadcrumbList","@id":"https:\/\/cenedcursos.com.br\/meio-ambiente\/qcuida-bem-de-mimhoje-sou-sementeamanherei-pomarq\/#breadcrumb","itemListElement":[{"@type":"ListItem","position":1,"name":"In\u00edcio","item":"https:\/\/cenedcursos.com.br\/meio-ambiente\/"},{"@type":"ListItem","position":2,"name":"&quot;Cuida bem de mim&#8230;Hoje sou semente,amanh\u00e3 serei pomar&quot;"}]},{"@type":"WebSite","@id":"https:\/\/cenedcursos.com.br\/meio-ambiente\/#website","url":"https:\/\/cenedcursos.com.br\/meio-ambiente\/","name":"CENED Cursos Online","description":"Aqui voc\u00ea encontra artigos em diversas \u00e1reas do conhecimento: meio ambiente, educa\u00e7\u00e3o, marketing digital, neg\u00f3cios online e muito mais.","potentialAction":[{"@type":"SearchAction","target":{"@type":"EntryPoint","urlTemplate":"https:\/\/cenedcursos.com.br\/meio-ambiente\/?s={search_term_string}"},"query-input":{"@type":"PropertyValueSpecification","valueRequired":true,"valueName":"search_term_string"}}],"inLanguage":"pt-BR"},{"@type":"Person","@id":"https:\/\/cenedcursos.com.br\/meio-ambiente\/#\/schema\/person\/64377d24cdc16779a1eb6229894af388","name":"Amarildo R. Ferrari","image":{"@type":"ImageObject","inLanguage":"pt-BR","@id":"https:\/\/cenedcursos.com.br\/meio-ambiente\/#\/schema\/person\/image\/","url":"https:\/\/secure.gravatar.com\/avatar\/6ea4248ca9f295c93f1b72f8398232f0fbbffe30349e6ec3839cfa5e09b0de3c?s=96&d=mm&r=g","contentUrl":"https:\/\/secure.gravatar.com\/avatar\/6ea4248ca9f295c93f1b72f8398232f0fbbffe30349e6ec3839cfa5e09b0de3c?s=96&d=mm&r=g","caption":"Amarildo R. Ferrari"},"sameAs":["https:\/\/cenedcursos.com.br\/meio-ambiente"],"url":"https:\/\/cenedcursos.com.br\/meio-ambiente\/author\/admin\/"}]}},"jetpack_featured_media_url":"","jetpack_sharing_enabled":true,"_links":{"self":[{"href":"https:\/\/cenedcursos.com.br\/meio-ambiente\/wp-json\/wp\/v2\/posts\/144","targetHints":{"allow":["GET"]}}],"collection":[{"href":"https:\/\/cenedcursos.com.br\/meio-ambiente\/wp-json\/wp\/v2\/posts"}],"about":[{"href":"https:\/\/cenedcursos.com.br\/meio-ambiente\/wp-json\/wp\/v2\/types\/post"}],"author":[{"embeddable":true,"href":"https:\/\/cenedcursos.com.br\/meio-ambiente\/wp-json\/wp\/v2\/users\/1"}],"replies":[{"embeddable":true,"href":"https:\/\/cenedcursos.com.br\/meio-ambiente\/wp-json\/wp\/v2\/comments?post=144"}],"version-history":[{"count":0,"href":"https:\/\/cenedcursos.com.br\/meio-ambiente\/wp-json\/wp\/v2\/posts\/144\/revisions"}],"wp:attachment":[{"href":"https:\/\/cenedcursos.com.br\/meio-ambiente\/wp-json\/wp\/v2\/media?parent=144"}],"wp:term":[{"taxonomy":"category","embeddable":true,"href":"https:\/\/cenedcursos.com.br\/meio-ambiente\/wp-json\/wp\/v2\/categories?post=144"},{"taxonomy":"post_tag","embeddable":true,"href":"https:\/\/cenedcursos.com.br\/meio-ambiente\/wp-json\/wp\/v2\/tags?post=144"}],"curies":[{"name":"wp","href":"https:\/\/api.w.org\/{rel}","templated":true}]}}