{"id":156,"date":"2007-08-01T17:59:04","date_gmt":"2007-08-01T17:59:04","guid":{"rendered":"http:\/\/www.cenedcursos.com.br\/?p=156"},"modified":"2007-08-01T17:59:04","modified_gmt":"2007-08-01T17:59:04","slug":"a-importancia-de-trabalharmos-a-educacao-ambiental-desde-a-infancia","status":"publish","type":"post","link":"https:\/\/cenedcursos.com.br\/meio-ambiente\/a-importancia-de-trabalharmos-a-educacao-ambiental-desde-a-infancia\/","title":{"rendered":"A import\u00e2ncia de trabalharmos a Educa\u00e7\u00e3o Ambiental desde a inf\u00e2ncia"},"content":{"rendered":"<blockquote>\n<p class=\"MsoNormal\" style=\"text-align: right;\"><em><span style=\"font-size: 10pt; font-family: Arial;\">\u201cH\u00e1 que considerar que \u00e0 Educa\u00e7\u00e3o Ambiental cabe a tarefa de refor\u00e7ar suas fun\u00e7\u00f5es de servi\u00e7o \u00e0 sociedade, e mais concretamente suas atividades encaminhadas a erradicar a pobreza, a intoler\u00e2ncia, a viol\u00eancia, o analfabetismo, a fome, a degrada\u00e7\u00e3o do meio ambiente, e as doen\u00e7as. Isto implica um questionamento interdisciplin\u00e1rio e, melhor, transdisciplin\u00e1rio para analisar os problemas e as quest\u00f5es levantadas<a title=\"_ftnref2\" name=\"_ftnref2\"><\/a>\u201d.<\/span><\/em><br \/>\n<span style=\"font-size: 10pt; font-family: Arial;\"><br \/>\n(AMPARO, Nelcin\u00e9a Cairo do. \u00c9tica ecol\u00f3gica y Educaci\u00f3n Ambiental, p. 7)<br \/>\n<\/span><\/p>\n<\/blockquote>\n<p style=\"text-align: justify;\"><span style=\"font-size: 10pt; font-family: Arial;\">Hoje vivemos o resultado de anos de explora\u00e7\u00e3o cont\u00ednua dos recursos naturais e da produ\u00e7\u00e3o de toneladas de res\u00edduos n\u00e3o trabalhados. J\u00e1 sabemos que estamos chegando ao limite deste sistema que visa \u00e0 globaliza\u00e7\u00e3o e um progresso ininterrupto. Pobreza, desigualdade social, devasta\u00e7\u00f5es ambientais, s\u00e3o coisas que tamb\u00e9m foram internacionalizadas. Depois deste tempo vivendo sob as regras deste sistema sabemos que estamos caminhando para nossa pr\u00f3pria extin\u00e7\u00e3o, e sabemos tamb\u00e9m que algo deve ser feito. Quem melhor do que os que s\u00e3o nosso futuro para pens\u00e1-lo? Por isso se faz necess\u00e1rio dar aten\u00e7\u00e3o especial \u00e0 educa\u00e7\u00e3o de nossas crian\u00e7as, e que trabalhemos com elas, desde j\u00e1, as conseq\u00fc\u00eancias de nossas a\u00e7\u00f5es di\u00e1rias e a import\u00e2ncia de cuidarmos do que est\u00e1 ao nosso alcance.<\/span><\/p>\n<p style=\"text-align: justify;\"><span style=\"font-size: 10pt; font-family: Arial;\">O pr\u00f3prio conceito de desenvolvimento tem que ser mudado. O mundo n\u00e3o ir\u00e1 continuar se seguirmos por este caminho de tirar sem dar. Uma nova maneira de se estar no mundo vem sendo pensada, e ela enfatiza nossa rela\u00e7\u00e3o com o meio ambiente, uma vez que \u00e9 dele que tiramos a fonte de todas as nossas riquezas e do nosso sustento di\u00e1rio. N\u00e3o podemos simplesmente mudar nossa forma de agir em rela\u00e7\u00e3o a natureza sem mudarmos antes nossa forma de pensar em rela\u00e7\u00e3o a ela. <\/span><\/p>\n<p style=\"text-align: justify;\"><span style=\"font-size: 10pt; font-family: Arial;\">O n\u00famero de grupos que trabalham a quest\u00e3o da Educa\u00e7\u00e3o Ambiental (a forma que temos para mudar este pensamento e mesmo os valores que temos a respeito o meio ambiente) vem aumentando, mas isso deveria se uma a\u00e7\u00e3o pol\u00edtica de larga escala. O governo deveria incluir o tema na grade curricular de todas as escolas, p\u00fablicas e particulares. Melhor do que incluir o tema seria incluir toda uma disciplina dedicada \u00e0 quest\u00e3o. Uma vez que as crian\u00e7as forem alertadas e aceitadas como agentes fundamentais deste processo, ocorrer\u00e1 uma mudan\u00e7a significativa. Pois antes delas seus professores ser\u00e3o tocados e, a partir delas suas fam\u00edlias.<\/span><\/p>\n<p style=\"text-align: justify;\"><span style=\"font-size: 10pt; font-family: Arial;\">Quando trabalhamos com adultos podemos dizer que estes acrescentam o que aprendem a bagagem que j\u00e1 traziam. Algumas vezes conseguimos mudar um conceito ou outro. Mas quando falamos de crian\u00e7as \u00e9 outra hist\u00f3ria, ai podemos come\u00e7ar a construir uma maneira de se relacionar com o conhecimento. As crian\u00e7as n\u00e3o aprendem s\u00f3 conte\u00fados, mas tamb\u00e9m valores e constroem suas concep\u00e7\u00f5es de mundo.<\/span><\/p>\n<p style=\"text-align: justify;\"><span style=\"font-size: 10pt; font-family: Arial;\">Esta \u00e9 uma quest\u00e3o que toca todos os seres humanos do planeta, Ricos ou pobres, o destino \u00e9 o mesmo. A diferen\u00e7a \u00e9 que os mais afortunados mascaram a situa\u00e7\u00e3o recorrendo a recursos ainda mais degradantes como as \u00e1guas engarrafadas ao inv\u00e9s de se tratar as \u00e1guas e recicl\u00e1-las. At\u00e9 porque s\u00e3o esses os respons\u00e1veis pelas grandes destrui\u00e7\u00f5es.<\/span><\/p>\n<p style=\"text-align: justify;\"><span style=\"font-size: 10pt; font-family: Arial;\">Acho que o trabalho de conscientiza\u00e7\u00e3o \u00e9 de extrema import\u00e2ncia e se nossas crian\u00e7as tiverem a oportunidade de ter uma outra rela\u00e7\u00e3o com a natureza desde sempre, n\u00e3o se tornar\u00e3o adultos t\u00e3o negligentes como n\u00f3s, e seus filhos nos olharam com curiosidade. Eles se indagar\u00e3o: quem foram estas pessoas t\u00e3o egoc\u00eantricas que n\u00e3o viam o mal que faziam a elas mesmas? Como destru\u00edram a natureza que tudo nos d\u00e1?<\/span><\/p>\n<p style=\"text-align: justify;\"><span style=\"font-size: 10pt; font-family: Arial;\">Felizmente nos demos conta a tempo, e felizmente existem pessoas que j\u00e1 vem exercendo este trabalho. E cad\u00ea a n\u00f3s, novos integrantes desta luta, multiplicarmos o conhecimento. E que nosso trabalho seja em busca da interioriza\u00e7\u00e3o dos valores de tra\u00e7a, respeito e igualdade com o meio ambiente. Que um dia isto seja uma milit\u00e2ncia de todos, porque, claramente, j\u00e1 \u00e9 para todos, pois o grupo beneficiado com o sucesso desta luta \u00e9 toda a humanidade.<\/span><\/p>\n<p class=\"MsoNormal\" style=\"text-align: right;\"><em><strong><span style=\"font-size: 10pt; font-family: Arial;\">Autora: Diana Rodrigues Valle Milman<\/span><\/strong><\/em><em><span style=\"font-size: 10pt; font-family: Arial;\"><br \/>\n<\/span><\/em><\/p>\n","protected":false},"excerpt":{"rendered":"<p>\u201cH\u00e1 que considerar que \u00e0 Educa\u00e7\u00e3o Ambiental cabe a tarefa de refor\u00e7ar suas fun\u00e7\u00f5es de servi\u00e7o \u00e0 sociedade, e mais concretamente suas atividades encaminhadas a erradicar a pobreza, a intoler\u00e2ncia, a viol\u00eancia, o analfabetismo, a fome, a degrada\u00e7\u00e3o do meio ambiente, e as doen\u00e7as. Isto implica um questionamento interdisciplin\u00e1rio e, melhor, transdisciplin\u00e1rio para analisar os [&hellip;]<\/p>\n","protected":false},"author":1,"featured_media":0,"comment_status":"open","ping_status":"open","sticky":false,"template":"","format":"standard","meta":{"_jetpack_memberships_contains_paid_content":false,"footnotes":""},"categories":[491],"tags":[691,134,1031],"class_list":{"0":"post-156","1":"post","2":"type-post","3":"status-publish","4":"format-standard","6":"category-educacao-ambiental-textos","7":"tag-devastacoes-ambientais","8":"tag-educacao-ambiental","9":"tag-recursos-naturais"},"yoast_head":"<!-- This site is optimized with the Yoast SEO plugin v25.1 - https:\/\/yoast.com\/wordpress\/plugins\/seo\/ -->\n<title>A import\u00e2ncia de trabalharmos a Educa\u00e7\u00e3o Ambiental desde a inf\u00e2ncia - CENED Cursos Online<\/title>\n<meta name=\"description\" content=\"H\u00e1 que considerar que \u00e0 Educa\u00e7\u00e3o Ambiental cabe a tarefa de refor\u00e7ar suas fun\u00e7\u00f5es de servi\u00e7o \u00e0 sociedade, e mais concretamente suas atividades encaminhadas\" \/>\n<meta name=\"robots\" content=\"index, follow, max-snippet:-1, max-image-preview:large, max-video-preview:-1\" \/>\n<link rel=\"canonical\" href=\"https:\/\/cenedcursos.com.br\/meio-ambiente\/a-importancia-de-trabalharmos-a-educacao-ambiental-desde-a-infancia\/\" \/>\n<meta property=\"og:locale\" content=\"pt_BR\" \/>\n<meta property=\"og:type\" content=\"article\" \/>\n<meta property=\"og:title\" content=\"A import\u00e2ncia de trabalharmos a Educa\u00e7\u00e3o Ambiental desde a inf\u00e2ncia - CENED Cursos Online\" \/>\n<meta property=\"og:description\" content=\"H\u00e1 que considerar que \u00e0 Educa\u00e7\u00e3o Ambiental cabe a tarefa de refor\u00e7ar suas fun\u00e7\u00f5es de servi\u00e7o \u00e0 sociedade, e mais concretamente suas atividades encaminhadas\" \/>\n<meta property=\"og:url\" content=\"https:\/\/cenedcursos.com.br\/meio-ambiente\/a-importancia-de-trabalharmos-a-educacao-ambiental-desde-a-infancia\/\" \/>\n<meta property=\"og:site_name\" content=\"CENED Cursos Online\" \/>\n<meta property=\"article:published_time\" content=\"2007-08-01T17:59:04+00:00\" \/>\n<meta name=\"author\" content=\"Amarildo R. Ferrari\" \/>\n<meta name=\"twitter:card\" content=\"summary_large_image\" \/>\n<meta name=\"twitter:label1\" content=\"Escrito por\" \/>\n\t<meta name=\"twitter:data1\" content=\"Amarildo R. Ferrari\" \/>\n\t<meta name=\"twitter:label2\" content=\"Est. tempo de leitura\" \/>\n\t<meta name=\"twitter:data2\" content=\"4 minutos\" \/>\n<script type=\"application\/ld+json\" class=\"yoast-schema-graph\">{\"@context\":\"https:\/\/schema.org\",\"@graph\":[{\"@type\":\"WebPage\",\"@id\":\"https:\/\/cenedcursos.com.br\/meio-ambiente\/a-importancia-de-trabalharmos-a-educacao-ambiental-desde-a-infancia\/\",\"url\":\"https:\/\/cenedcursos.com.br\/meio-ambiente\/a-importancia-de-trabalharmos-a-educacao-ambiental-desde-a-infancia\/\",\"name\":\"A import\u00e2ncia de trabalharmos a Educa\u00e7\u00e3o Ambiental desde a inf\u00e2ncia - CENED Cursos Online\",\"isPartOf\":{\"@id\":\"https:\/\/cenedcursos.com.br\/meio-ambiente\/#website\"},\"datePublished\":\"2007-08-01T17:59:04+00:00\",\"author\":{\"@id\":\"https:\/\/cenedcursos.com.br\/meio-ambiente\/#\/schema\/person\/64377d24cdc16779a1eb6229894af388\"},\"description\":\"H\u00e1 que considerar que \u00e0 Educa\u00e7\u00e3o Ambiental cabe a tarefa de refor\u00e7ar suas fun\u00e7\u00f5es de servi\u00e7o \u00e0 sociedade, e mais concretamente suas atividades encaminhadas\",\"breadcrumb\":{\"@id\":\"https:\/\/cenedcursos.com.br\/meio-ambiente\/a-importancia-de-trabalharmos-a-educacao-ambiental-desde-a-infancia\/#breadcrumb\"},\"inLanguage\":\"pt-BR\",\"potentialAction\":[{\"@type\":\"ReadAction\",\"target\":[\"https:\/\/cenedcursos.com.br\/meio-ambiente\/a-importancia-de-trabalharmos-a-educacao-ambiental-desde-a-infancia\/\"]}]},{\"@type\":\"BreadcrumbList\",\"@id\":\"https:\/\/cenedcursos.com.br\/meio-ambiente\/a-importancia-de-trabalharmos-a-educacao-ambiental-desde-a-infancia\/#breadcrumb\",\"itemListElement\":[{\"@type\":\"ListItem\",\"position\":1,\"name\":\"In\u00edcio\",\"item\":\"https:\/\/cenedcursos.com.br\/meio-ambiente\/\"},{\"@type\":\"ListItem\",\"position\":2,\"name\":\"A import\u00e2ncia de trabalharmos a Educa\u00e7\u00e3o Ambiental desde a inf\u00e2ncia\"}]},{\"@type\":\"WebSite\",\"@id\":\"https:\/\/cenedcursos.com.br\/meio-ambiente\/#website\",\"url\":\"https:\/\/cenedcursos.com.br\/meio-ambiente\/\",\"name\":\"CENED Cursos Online\",\"description\":\"Aqui voc\u00ea encontra artigos em diversas \u00e1reas do conhecimento: meio ambiente, educa\u00e7\u00e3o, marketing digital, neg\u00f3cios online e muito mais.\",\"potentialAction\":[{\"@type\":\"SearchAction\",\"target\":{\"@type\":\"EntryPoint\",\"urlTemplate\":\"https:\/\/cenedcursos.com.br\/meio-ambiente\/?s={search_term_string}\"},\"query-input\":{\"@type\":\"PropertyValueSpecification\",\"valueRequired\":true,\"valueName\":\"search_term_string\"}}],\"inLanguage\":\"pt-BR\"},{\"@type\":\"Person\",\"@id\":\"https:\/\/cenedcursos.com.br\/meio-ambiente\/#\/schema\/person\/64377d24cdc16779a1eb6229894af388\",\"name\":\"Amarildo R. Ferrari\",\"image\":{\"@type\":\"ImageObject\",\"inLanguage\":\"pt-BR\",\"@id\":\"https:\/\/cenedcursos.com.br\/meio-ambiente\/#\/schema\/person\/image\/\",\"url\":\"https:\/\/secure.gravatar.com\/avatar\/6ea4248ca9f295c93f1b72f8398232f0fbbffe30349e6ec3839cfa5e09b0de3c?s=96&d=mm&r=g\",\"contentUrl\":\"https:\/\/secure.gravatar.com\/avatar\/6ea4248ca9f295c93f1b72f8398232f0fbbffe30349e6ec3839cfa5e09b0de3c?s=96&d=mm&r=g\",\"caption\":\"Amarildo R. Ferrari\"},\"sameAs\":[\"https:\/\/cenedcursos.com.br\/meio-ambiente\"],\"url\":\"https:\/\/cenedcursos.com.br\/meio-ambiente\/author\/admin\/\"}]}<\/script>\n<!-- \/ Yoast SEO plugin. -->","yoast_head_json":{"title":"A import\u00e2ncia de trabalharmos a Educa\u00e7\u00e3o Ambiental desde a inf\u00e2ncia - CENED Cursos Online","description":"H\u00e1 que considerar que \u00e0 Educa\u00e7\u00e3o Ambiental cabe a tarefa de refor\u00e7ar suas fun\u00e7\u00f5es de servi\u00e7o \u00e0 sociedade, e mais concretamente suas atividades encaminhadas","robots":{"index":"index","follow":"follow","max-snippet":"max-snippet:-1","max-image-preview":"max-image-preview:large","max-video-preview":"max-video-preview:-1"},"canonical":"https:\/\/cenedcursos.com.br\/meio-ambiente\/a-importancia-de-trabalharmos-a-educacao-ambiental-desde-a-infancia\/","og_locale":"pt_BR","og_type":"article","og_title":"A import\u00e2ncia de trabalharmos a Educa\u00e7\u00e3o Ambiental desde a inf\u00e2ncia - CENED Cursos Online","og_description":"H\u00e1 que considerar que \u00e0 Educa\u00e7\u00e3o Ambiental cabe a tarefa de refor\u00e7ar suas fun\u00e7\u00f5es de servi\u00e7o \u00e0 sociedade, e mais concretamente suas atividades encaminhadas","og_url":"https:\/\/cenedcursos.com.br\/meio-ambiente\/a-importancia-de-trabalharmos-a-educacao-ambiental-desde-a-infancia\/","og_site_name":"CENED Cursos Online","article_published_time":"2007-08-01T17:59:04+00:00","author":"Amarildo R. Ferrari","twitter_card":"summary_large_image","twitter_misc":{"Escrito por":"Amarildo R. Ferrari","Est. tempo de leitura":"4 minutos"},"schema":{"@context":"https:\/\/schema.org","@graph":[{"@type":"WebPage","@id":"https:\/\/cenedcursos.com.br\/meio-ambiente\/a-importancia-de-trabalharmos-a-educacao-ambiental-desde-a-infancia\/","url":"https:\/\/cenedcursos.com.br\/meio-ambiente\/a-importancia-de-trabalharmos-a-educacao-ambiental-desde-a-infancia\/","name":"A import\u00e2ncia de trabalharmos a Educa\u00e7\u00e3o Ambiental desde a inf\u00e2ncia - CENED Cursos Online","isPartOf":{"@id":"https:\/\/cenedcursos.com.br\/meio-ambiente\/#website"},"datePublished":"2007-08-01T17:59:04+00:00","author":{"@id":"https:\/\/cenedcursos.com.br\/meio-ambiente\/#\/schema\/person\/64377d24cdc16779a1eb6229894af388"},"description":"H\u00e1 que considerar que \u00e0 Educa\u00e7\u00e3o Ambiental cabe a tarefa de refor\u00e7ar suas fun\u00e7\u00f5es de servi\u00e7o \u00e0 sociedade, e mais concretamente suas atividades encaminhadas","breadcrumb":{"@id":"https:\/\/cenedcursos.com.br\/meio-ambiente\/a-importancia-de-trabalharmos-a-educacao-ambiental-desde-a-infancia\/#breadcrumb"},"inLanguage":"pt-BR","potentialAction":[{"@type":"ReadAction","target":["https:\/\/cenedcursos.com.br\/meio-ambiente\/a-importancia-de-trabalharmos-a-educacao-ambiental-desde-a-infancia\/"]}]},{"@type":"BreadcrumbList","@id":"https:\/\/cenedcursos.com.br\/meio-ambiente\/a-importancia-de-trabalharmos-a-educacao-ambiental-desde-a-infancia\/#breadcrumb","itemListElement":[{"@type":"ListItem","position":1,"name":"In\u00edcio","item":"https:\/\/cenedcursos.com.br\/meio-ambiente\/"},{"@type":"ListItem","position":2,"name":"A import\u00e2ncia de trabalharmos a Educa\u00e7\u00e3o Ambiental desde a inf\u00e2ncia"}]},{"@type":"WebSite","@id":"https:\/\/cenedcursos.com.br\/meio-ambiente\/#website","url":"https:\/\/cenedcursos.com.br\/meio-ambiente\/","name":"CENED Cursos Online","description":"Aqui voc\u00ea encontra artigos em diversas \u00e1reas do conhecimento: meio ambiente, educa\u00e7\u00e3o, marketing digital, neg\u00f3cios online e muito mais.","potentialAction":[{"@type":"SearchAction","target":{"@type":"EntryPoint","urlTemplate":"https:\/\/cenedcursos.com.br\/meio-ambiente\/?s={search_term_string}"},"query-input":{"@type":"PropertyValueSpecification","valueRequired":true,"valueName":"search_term_string"}}],"inLanguage":"pt-BR"},{"@type":"Person","@id":"https:\/\/cenedcursos.com.br\/meio-ambiente\/#\/schema\/person\/64377d24cdc16779a1eb6229894af388","name":"Amarildo R. Ferrari","image":{"@type":"ImageObject","inLanguage":"pt-BR","@id":"https:\/\/cenedcursos.com.br\/meio-ambiente\/#\/schema\/person\/image\/","url":"https:\/\/secure.gravatar.com\/avatar\/6ea4248ca9f295c93f1b72f8398232f0fbbffe30349e6ec3839cfa5e09b0de3c?s=96&d=mm&r=g","contentUrl":"https:\/\/secure.gravatar.com\/avatar\/6ea4248ca9f295c93f1b72f8398232f0fbbffe30349e6ec3839cfa5e09b0de3c?s=96&d=mm&r=g","caption":"Amarildo R. Ferrari"},"sameAs":["https:\/\/cenedcursos.com.br\/meio-ambiente"],"url":"https:\/\/cenedcursos.com.br\/meio-ambiente\/author\/admin\/"}]}},"jetpack_featured_media_url":"","jetpack_sharing_enabled":true,"_links":{"self":[{"href":"https:\/\/cenedcursos.com.br\/meio-ambiente\/wp-json\/wp\/v2\/posts\/156","targetHints":{"allow":["GET"]}}],"collection":[{"href":"https:\/\/cenedcursos.com.br\/meio-ambiente\/wp-json\/wp\/v2\/posts"}],"about":[{"href":"https:\/\/cenedcursos.com.br\/meio-ambiente\/wp-json\/wp\/v2\/types\/post"}],"author":[{"embeddable":true,"href":"https:\/\/cenedcursos.com.br\/meio-ambiente\/wp-json\/wp\/v2\/users\/1"}],"replies":[{"embeddable":true,"href":"https:\/\/cenedcursos.com.br\/meio-ambiente\/wp-json\/wp\/v2\/comments?post=156"}],"version-history":[{"count":0,"href":"https:\/\/cenedcursos.com.br\/meio-ambiente\/wp-json\/wp\/v2\/posts\/156\/revisions"}],"wp:attachment":[{"href":"https:\/\/cenedcursos.com.br\/meio-ambiente\/wp-json\/wp\/v2\/media?parent=156"}],"wp:term":[{"taxonomy":"category","embeddable":true,"href":"https:\/\/cenedcursos.com.br\/meio-ambiente\/wp-json\/wp\/v2\/categories?post=156"},{"taxonomy":"post_tag","embeddable":true,"href":"https:\/\/cenedcursos.com.br\/meio-ambiente\/wp-json\/wp\/v2\/tags?post=156"}],"curies":[{"name":"wp","href":"https:\/\/api.w.org\/{rel}","templated":true}]}}