{"id":158,"date":"2007-08-01T18:22:49","date_gmt":"2007-08-01T18:22:49","guid":{"rendered":"http:\/\/www.cenedcursos.com.br\/?p=158"},"modified":"2007-08-01T18:22:49","modified_gmt":"2007-08-01T18:22:49","slug":"a-caminho-do-desenvolvimento-sustentavel","status":"publish","type":"post","link":"https:\/\/cenedcursos.com.br\/meio-ambiente\/a-caminho-do-desenvolvimento-sustentavel\/","title":{"rendered":"A caminho do Desenvolvimento Sustent\u00e1vel"},"content":{"rendered":"<p style=\"text-align: justify;\">Este artigo analisa as origens do desenvolvimento sustent\u00e1vel como novo sistema de preserva\u00e7\u00e3o da vida humana na terra. Est\u00e1 estruturado em quatro se\u00e7\u00f5es. A primeira se\u00e7\u00e3o analisa O Movimento Ambientalista. A segunda se\u00e7\u00e3o, O Desenvolvimento Econ\u00f4mico. A terceira se\u00e7\u00e3o, O Desenvolvimento Social. A quarta se\u00e7\u00e3o, A Carta do Chefe Seatle.<\/p>\n<ol style=\"text-align: justify;\">\n<li><strong> O Movimento Ambientalista:\u00a0<\/strong>As primeiras manifesta\u00e7\u00f5es organizadas em defesa do meio ambiente remontam a meados do s\u00e9culo XX, ap\u00f3s a Segunda Grande Guerra, quando o ser humano comum tomou consci\u00eancia de que poderia acabar definitivamente com o planeta e com todas as esp\u00e9cies, inclusive a pr\u00f3pria. Ap\u00f3s a explos\u00e3o das bombas de Hiroshima e Nagasaki, tiveram in\u00edcio na Europa manifesta\u00e7\u00f5es pacifistas contra o uso da energia nuclear em fun\u00e7\u00e3o das conseq\u00fc\u00eancias desastrosas para a humanidade e o meio ambiente.<br \/>\nFoi a partir do relat\u00f3rio divulgado pela Comiss\u00e3o Brundtland, sob o nome de Nosso Futuro Comum, que a express\u00e3o Desenvolvimento Sustent\u00e1vel ganhou notoriedade. Este<a href=\"https:\/\/i0.wp.com\/www.cenedcursos.com.br\/meio-ambiente\/wp-content\/uploads\/2007\/08\/caminho-desenvolvimento-sustentavel.jpg?ssl=1\" rel=\"attachment wp-att-7942\"><img data-recalc-dims=\"1\" loading=\"lazy\" decoding=\"async\" data-attachment-id=\"7942\" data-permalink=\"https:\/\/cenedcursos.com.br\/meio-ambiente\/caminho-desenvolvimento-sustentavel\/\" data-orig-file=\"https:\/\/i0.wp.com\/cenedcursos.com.br\/meio-ambiente\/wp-content\/uploads\/2007\/08\/caminho-desenvolvimento-sustentavel-1.jpg?fit=425%2C425&amp;ssl=1\" data-orig-size=\"425,425\" data-comments-opened=\"1\" data-image-meta=\"{&quot;aperture&quot;:&quot;0&quot;,&quot;credit&quot;:&quot;&quot;,&quot;camera&quot;:&quot;&quot;,&quot;caption&quot;:&quot;&quot;,&quot;created_timestamp&quot;:&quot;0&quot;,&quot;copyright&quot;:&quot;&quot;,&quot;focal_length&quot;:&quot;0&quot;,&quot;iso&quot;:&quot;0&quot;,&quot;shutter_speed&quot;:&quot;0&quot;,&quot;title&quot;:&quot;&quot;,&quot;orientation&quot;:&quot;0&quot;}\" data-image-title=\"caminho desenvolvimento sustentavel\" data-image-description=\"\" data-image-caption=\"\" data-medium-file=\"https:\/\/i0.wp.com\/cenedcursos.com.br\/meio-ambiente\/wp-content\/uploads\/2007\/08\/caminho-desenvolvimento-sustentavel-1.jpg?fit=300%2C300&amp;ssl=1\" data-large-file=\"https:\/\/i0.wp.com\/cenedcursos.com.br\/meio-ambiente\/wp-content\/uploads\/2007\/08\/caminho-desenvolvimento-sustentavel-1.jpg?fit=425%2C425&amp;ssl=1\" class=\"alignright wp-image-7942 size-medium\" src=\"https:\/\/i0.wp.com\/www.cenedcursos.com.br\/meio-ambiente\/wp-content\/uploads\/2007\/08\/caminho-desenvolvimento-sustentavel-300x300.jpg?resize=300%2C300&#038;ssl=1\" alt=\"caminho desenvolvimento sustentavel\" width=\"300\" height=\"300\" \/><\/a> documento foi a base das discuss\u00f5es da ECO 92, ou RIO 92, uma confer\u00eancia internacional sobre meio ambiente promovida pela ONU no Rio de Janeiro, em prosseguimento \u00e0quela realizada em 1972 na cidade de Estocolmo. O relat\u00f3rio prop\u00f5e o conceito de que, desenvolvimento sustent\u00e1vel, seria a capacidade das atuais gera\u00e7\u00f5es de atender \u00e0s suas necessidades sem comprometer o atendimento das necessidades das gera\u00e7\u00f5es futuras.<\/li>\n<li><strong> O Desenvolvimento Econ\u00f4mico:\u00a0<\/strong>A cr\u00edtica \u00e0 irresponsabilidade com que a teoria econ\u00f4mica enfrentava os problemas de ordem ambiental come\u00e7ou a surgir primeiro entre cientistas da natureza. Em 1969 um grupo de cientistas de alto prest\u00edgio assinou um manifesto que fez eclodir o debate. O teor deste Manifesto, chamava a aten\u00e7\u00e3o para o fato de que o futuro da humanidade estava em quest\u00e3o. Pouco depois, uma organiza\u00e7\u00e3o n\u00e3o governamental, o Clube de Roma, contratou uma equipe de cientistas que elaborou uma proje\u00e7\u00e3o assentada sobre as tend\u00eancias ent\u00e3o imperantes; o resultado foi uma previs\u00e3o de cat\u00e1strofe para as primeiras d\u00e9cadas do S\u00e9culo XXI.<br \/>\nO tom alarmista do Limites ao Crescimento desencadeou v\u00e1rias avalia\u00e7\u00f5es contr\u00e1rias, mas o impacto foi decisivo: a quest\u00e3o natural doravante faria parte da teoria econ\u00f4mica, tanto ao n\u00edvel dos insumos, como dos efluentes e rejeitos. Naquele contexto, a economia mundial passou a conviver com problemas de natureza universal que se manifestavam de formas diferentes nos pa\u00edses capitalistas e nos pa\u00edses socialistas. Nos pa\u00edses de economia de mercado, os principais sintomas de uma profunda anomalia, eram as tend\u00eancias inflacion\u00e1rias cr\u00f4nicas e uma queda dos n\u00edveis de crescimento. Nos pa\u00edses socialistas, a situa\u00e7\u00e3o era de colapso econ\u00f4mico, ambiental e social.<br \/>\nO resultado de tal quadro de dilemas, foi o surgimento de duas concep\u00e7\u00f5es concorrentes: uma, que se convencionou chamar de &#8220;neoliberalismo&#8221;, que atuava predominantemente sobre a conten\u00e7\u00e3o de custos nas diversas economias, impondo l\u00f3gicas de austeridade; outra, que ainda busca caminhos pr\u00e1ticos, inspirada na tradi\u00e7\u00e3o institucionalista da teoria econ\u00f4mica, e que ficou conhecida como &#8220;desenvolvimento sustent\u00e1vel&#8221;.<\/li>\n<li><strong> O Desenvolvimento Social:\u00a0<\/strong>A sociedade livre est\u00e1 assentada num pacto social cuja componente econ\u00f4mica exige a realiza\u00e7\u00e3o de tr\u00eas condi\u00e7\u00f5es: 1) o direito de viver &#8211; ter acesso aos bens necess\u00e1rios; 2) o dever de trabalhar &#8211; sob pena de ser socialmente irrespons\u00e1vel; 3) o direito de ganhar a vida &#8211; o direito de trabalhar. S\u00e3o tr\u00eas as quest\u00f5es que um pa\u00eds tem de enfrentar para o seu desenvolvimento: 1) Qual tem sido a evolu\u00e7\u00e3o da pobreza; 2) Qual tem sido a evolu\u00e7\u00e3o do desemprego; 3) Qual tem sido a evolu\u00e7\u00e3o das desigualdades de renda. Assim, n\u00e3o poder\u00edamos chamar desenvolvimento a um crescimento econ\u00f4mico que n\u00e3o contribu\u00edsse para a resolu\u00e7\u00e3o destes problemas e muito menos que fosse acompanhado de uma sua degrada\u00e7\u00e3o. O desenvolvimento socialmente sustent\u00e1vel \u00e9 aquele que assegura o crescimento, sem colocar em risco o pacto social e a coes\u00e3o social.<\/li>\n<li><strong> A Carta do Chefe Seatle:\u00a0<\/strong>Nesta \u00e9poca de crise geral em todo o mundo, em que o desrespeito ao meio ambiente est\u00e1 levando o nosso mundo a uma poss\u00edvel hecatombe, as pessoas mais l\u00facidas fazem a defesa intransigente do meio ambiente. O principal documento de defesa do meio ambiente \u00e9 A Carta do Chefe Seatle. Este documento &#8211; dos mais belos e profundos pronunciamentos j\u00e1 feitos a respeito da defesa do meio ambiente &#8211; vem sendo intensamente divulgado pela ONU (Organiza\u00e7\u00e3o das Na\u00e7\u00f5es Unidas). \u00c9 uma carta escrita, em 1854, pelo chefe Seatle ao presidente dos EUA, Franklin Pierce, quando este prop\u00f4s comprar grande parte das terras de sua tribo, oferecendo, em contrapartida, a concess\u00e3o de uma outra &#8220;reserva&#8221;.<\/li>\n<\/ol>\n<p style=\"text-align: right;\"><strong>Autor: Silvano Pohl Moreira de Castilho<\/strong><\/p>\n<p style=\"text-align: justify;\"><strong><br \/>\nREFER\u00caNCIAS BIBLIOGR\u00c1FICAS<\/strong><\/p>\n<p style=\"text-align: justify;\">\nBRANCO, Manuel Couret Pereira. Desemprego Persistente e Dualiza\u00e7\u00e3o Social: Contribui\u00e7\u00e3o Para a Defini\u00e7\u00e3o dum Conceito de Desenvolvimento Socialmente Sustent\u00e1vel &#8211; 1\u00ba CONGRESSO PORTUGU\u00caS DE SOCIOLOGIA ECON\u00d3MICA, LISBOA 4,5 E 6 DE MAR\u00c7O DE 1998.<br \/>\nhttp:\/\/pascal.iseg.utl.pt\/~socius\/2\/ac\/acindex.htm &#8211; Acesso em 30\/07\/2001<\/p>\n<p style=\"text-align: justify;\">CAPORALI CORDEIRO, Renato. Do Desenvolvimento Econ\u00f4mico ao Desenvolvimento Sustent\u00e1vel. Centro Nacional de Refer\u00eancia em Gest\u00e3o Ambiental Urbana, 1997.<br \/>\nhttp:\/\/www.bsi.com.br\/~unilivre\/centro\/textos.htm &#8211; Acesso em 22\/07\/2001<\/p>\n<p style=\"text-align: justify;\">FONSECA, S\u00e9rgio de Mattos. Movimento Ambientalista e Desenvolvimento Sustent\u00e1vel: um breve hist\u00f3rico. Palestra proferida em 20\/07\/1999, na Faculdade de Direito da Universidade Federal Fluminense.<br \/>\nhttp:\/\/www.rits.org.br\/rets\/edicoes_a\/ed180700_2\/re_editorial.cfm Acesso em 15\/07\/2001<\/p>\n<p style=\"text-align: justify;\">ONU (Organiza\u00e7\u00e3o das Na\u00e7\u00f5es Unidas). Carta do Chefe Seatle<br \/>\nhttp:\/\/www.dhnet.org.br\/pascoa.htm &#8211; Acesso em 15\/07\/2001<\/p>\n<p style=\"text-align: justify;\">RESENDE, Ricardo Moyses. A ALCA e o Desenvolvimento Sustent\u00e1vel. 1997<br \/>\nhttp:\/\/www.camint.com.br\/estudos\/a000001.htm &#8211; Acesso em 30\/07\/2001<\/p>\n","protected":false},"excerpt":{"rendered":"<p>Este artigo analisa as origens do desenvolvimento sustent\u00e1vel como novo sistema de preserva\u00e7\u00e3o da vida humana na terra. Est\u00e1 estruturado em quatro se\u00e7\u00f5es. A primeira se\u00e7\u00e3o analisa O Movimento Ambientalista. A segunda se\u00e7\u00e3o, O Desenvolvimento Econ\u00f4mico. A terceira se\u00e7\u00e3o, O Desenvolvimento Social. A quarta se\u00e7\u00e3o, A Carta do Chefe Seatle. O Movimento Ambientalista:\u00a0As primeiras manifesta\u00e7\u00f5es [&hellip;]<\/p>\n","protected":false},"author":1,"featured_media":0,"comment_status":"open","ping_status":"open","sticky":false,"template":"","format":"standard","meta":{"_jetpack_memberships_contains_paid_content":false,"footnotes":""},"categories":[499],"tags":[680,682,683,911],"class_list":{"0":"post-158","1":"post","2":"type-post","3":"status-publish","4":"format-standard","6":"category-sustentabilidade-textos","7":"tag-desenvolvimento-economico","8":"tag-desenvolvimento-social","9":"tag-desenvolvimento-sustentavel","10":"tag-movimento-ambientalista"},"yoast_head":"<!-- This site is optimized with the Yoast SEO plugin v25.1 - https:\/\/yoast.com\/wordpress\/plugins\/seo\/ -->\n<title>A caminho do Desenvolvimento Sustent\u00e1vel - CENED Cursos Online<\/title>\n<meta name=\"description\" content=\"O conceito de que, desenvolvimento sustent\u00e1vel, seria a capacidade das atuais gera\u00e7\u00f5es de atender \u00e0s suas necessidades sem comprometer o atendimento\" \/>\n<meta name=\"robots\" content=\"index, follow, max-snippet:-1, max-image-preview:large, max-video-preview:-1\" \/>\n<link rel=\"canonical\" href=\"https:\/\/cenedcursos.com.br\/meio-ambiente\/a-caminho-do-desenvolvimento-sustentavel\/\" \/>\n<meta property=\"og:locale\" content=\"pt_BR\" \/>\n<meta property=\"og:type\" content=\"article\" \/>\n<meta property=\"og:title\" content=\"A caminho do Desenvolvimento Sustent\u00e1vel - CENED Cursos Online\" \/>\n<meta property=\"og:description\" content=\"O conceito de que, desenvolvimento sustent\u00e1vel, seria a capacidade das atuais gera\u00e7\u00f5es de atender \u00e0s suas necessidades sem comprometer o atendimento\" \/>\n<meta property=\"og:url\" content=\"https:\/\/cenedcursos.com.br\/meio-ambiente\/a-caminho-do-desenvolvimento-sustentavel\/\" \/>\n<meta property=\"og:site_name\" content=\"CENED Cursos Online\" \/>\n<meta property=\"article:published_time\" content=\"2007-08-01T18:22:49+00:00\" \/>\n<meta property=\"og:image\" content=\"https:\/\/www.cenedcursos.com.br\/meio-ambiente\/wp-content\/uploads\/2007\/08\/caminho-desenvolvimento-sustentavel-300x300.jpg\" \/>\n<meta name=\"author\" content=\"Amarildo R. Ferrari\" \/>\n<meta name=\"twitter:card\" content=\"summary_large_image\" \/>\n<meta name=\"twitter:label1\" content=\"Escrito por\" \/>\n\t<meta name=\"twitter:data1\" content=\"Amarildo R. Ferrari\" \/>\n\t<meta name=\"twitter:label2\" content=\"Est. tempo de leitura\" \/>\n\t<meta name=\"twitter:data2\" content=\"5 minutos\" \/>\n<script type=\"application\/ld+json\" class=\"yoast-schema-graph\">{\"@context\":\"https:\/\/schema.org\",\"@graph\":[{\"@type\":\"WebPage\",\"@id\":\"https:\/\/cenedcursos.com.br\/meio-ambiente\/a-caminho-do-desenvolvimento-sustentavel\/\",\"url\":\"https:\/\/cenedcursos.com.br\/meio-ambiente\/a-caminho-do-desenvolvimento-sustentavel\/\",\"name\":\"A caminho do Desenvolvimento Sustent\u00e1vel - CENED Cursos Online\",\"isPartOf\":{\"@id\":\"https:\/\/cenedcursos.com.br\/meio-ambiente\/#website\"},\"primaryImageOfPage\":{\"@id\":\"https:\/\/cenedcursos.com.br\/meio-ambiente\/a-caminho-do-desenvolvimento-sustentavel\/#primaryimage\"},\"image\":{\"@id\":\"https:\/\/cenedcursos.com.br\/meio-ambiente\/a-caminho-do-desenvolvimento-sustentavel\/#primaryimage\"},\"thumbnailUrl\":\"https:\/\/www.cenedcursos.com.br\/meio-ambiente\/wp-content\/uploads\/2007\/08\/caminho-desenvolvimento-sustentavel-300x300.jpg\",\"datePublished\":\"2007-08-01T18:22:49+00:00\",\"author\":{\"@id\":\"https:\/\/cenedcursos.com.br\/meio-ambiente\/#\/schema\/person\/64377d24cdc16779a1eb6229894af388\"},\"description\":\"O conceito de que, desenvolvimento sustent\u00e1vel, seria a capacidade das atuais gera\u00e7\u00f5es de atender \u00e0s suas necessidades sem comprometer o atendimento\",\"breadcrumb\":{\"@id\":\"https:\/\/cenedcursos.com.br\/meio-ambiente\/a-caminho-do-desenvolvimento-sustentavel\/#breadcrumb\"},\"inLanguage\":\"pt-BR\",\"potentialAction\":[{\"@type\":\"ReadAction\",\"target\":[\"https:\/\/cenedcursos.com.br\/meio-ambiente\/a-caminho-do-desenvolvimento-sustentavel\/\"]}]},{\"@type\":\"ImageObject\",\"inLanguage\":\"pt-BR\",\"@id\":\"https:\/\/cenedcursos.com.br\/meio-ambiente\/a-caminho-do-desenvolvimento-sustentavel\/#primaryimage\",\"url\":\"https:\/\/www.cenedcursos.com.br\/meio-ambiente\/wp-content\/uploads\/2007\/08\/caminho-desenvolvimento-sustentavel-300x300.jpg\",\"contentUrl\":\"https:\/\/www.cenedcursos.com.br\/meio-ambiente\/wp-content\/uploads\/2007\/08\/caminho-desenvolvimento-sustentavel-300x300.jpg\"},{\"@type\":\"BreadcrumbList\",\"@id\":\"https:\/\/cenedcursos.com.br\/meio-ambiente\/a-caminho-do-desenvolvimento-sustentavel\/#breadcrumb\",\"itemListElement\":[{\"@type\":\"ListItem\",\"position\":1,\"name\":\"In\u00edcio\",\"item\":\"https:\/\/cenedcursos.com.br\/meio-ambiente\/\"},{\"@type\":\"ListItem\",\"position\":2,\"name\":\"A caminho do Desenvolvimento Sustent\u00e1vel\"}]},{\"@type\":\"WebSite\",\"@id\":\"https:\/\/cenedcursos.com.br\/meio-ambiente\/#website\",\"url\":\"https:\/\/cenedcursos.com.br\/meio-ambiente\/\",\"name\":\"CENED Cursos Online\",\"description\":\"Aqui voc\u00ea encontra artigos em diversas \u00e1reas do conhecimento: meio ambiente, educa\u00e7\u00e3o, marketing digital, neg\u00f3cios online e muito mais.\",\"potentialAction\":[{\"@type\":\"SearchAction\",\"target\":{\"@type\":\"EntryPoint\",\"urlTemplate\":\"https:\/\/cenedcursos.com.br\/meio-ambiente\/?s={search_term_string}\"},\"query-input\":{\"@type\":\"PropertyValueSpecification\",\"valueRequired\":true,\"valueName\":\"search_term_string\"}}],\"inLanguage\":\"pt-BR\"},{\"@type\":\"Person\",\"@id\":\"https:\/\/cenedcursos.com.br\/meio-ambiente\/#\/schema\/person\/64377d24cdc16779a1eb6229894af388\",\"name\":\"Amarildo R. Ferrari\",\"image\":{\"@type\":\"ImageObject\",\"inLanguage\":\"pt-BR\",\"@id\":\"https:\/\/cenedcursos.com.br\/meio-ambiente\/#\/schema\/person\/image\/\",\"url\":\"https:\/\/secure.gravatar.com\/avatar\/6ea4248ca9f295c93f1b72f8398232f0fbbffe30349e6ec3839cfa5e09b0de3c?s=96&d=mm&r=g\",\"contentUrl\":\"https:\/\/secure.gravatar.com\/avatar\/6ea4248ca9f295c93f1b72f8398232f0fbbffe30349e6ec3839cfa5e09b0de3c?s=96&d=mm&r=g\",\"caption\":\"Amarildo R. Ferrari\"},\"sameAs\":[\"https:\/\/cenedcursos.com.br\/meio-ambiente\"],\"url\":\"https:\/\/cenedcursos.com.br\/meio-ambiente\/author\/admin\/\"}]}<\/script>\n<!-- \/ Yoast SEO plugin. -->","yoast_head_json":{"title":"A caminho do Desenvolvimento Sustent\u00e1vel - CENED Cursos Online","description":"O conceito de que, desenvolvimento sustent\u00e1vel, seria a capacidade das atuais gera\u00e7\u00f5es de atender \u00e0s suas necessidades sem comprometer o atendimento","robots":{"index":"index","follow":"follow","max-snippet":"max-snippet:-1","max-image-preview":"max-image-preview:large","max-video-preview":"max-video-preview:-1"},"canonical":"https:\/\/cenedcursos.com.br\/meio-ambiente\/a-caminho-do-desenvolvimento-sustentavel\/","og_locale":"pt_BR","og_type":"article","og_title":"A caminho do Desenvolvimento Sustent\u00e1vel - CENED Cursos Online","og_description":"O conceito de que, desenvolvimento sustent\u00e1vel, seria a capacidade das atuais gera\u00e7\u00f5es de atender \u00e0s suas necessidades sem comprometer o atendimento","og_url":"https:\/\/cenedcursos.com.br\/meio-ambiente\/a-caminho-do-desenvolvimento-sustentavel\/","og_site_name":"CENED Cursos Online","article_published_time":"2007-08-01T18:22:49+00:00","og_image":[{"url":"https:\/\/www.cenedcursos.com.br\/meio-ambiente\/wp-content\/uploads\/2007\/08\/caminho-desenvolvimento-sustentavel-300x300.jpg","type":"","width":"","height":""}],"author":"Amarildo R. Ferrari","twitter_card":"summary_large_image","twitter_misc":{"Escrito por":"Amarildo R. Ferrari","Est. tempo de leitura":"5 minutos"},"schema":{"@context":"https:\/\/schema.org","@graph":[{"@type":"WebPage","@id":"https:\/\/cenedcursos.com.br\/meio-ambiente\/a-caminho-do-desenvolvimento-sustentavel\/","url":"https:\/\/cenedcursos.com.br\/meio-ambiente\/a-caminho-do-desenvolvimento-sustentavel\/","name":"A caminho do Desenvolvimento Sustent\u00e1vel - CENED Cursos Online","isPartOf":{"@id":"https:\/\/cenedcursos.com.br\/meio-ambiente\/#website"},"primaryImageOfPage":{"@id":"https:\/\/cenedcursos.com.br\/meio-ambiente\/a-caminho-do-desenvolvimento-sustentavel\/#primaryimage"},"image":{"@id":"https:\/\/cenedcursos.com.br\/meio-ambiente\/a-caminho-do-desenvolvimento-sustentavel\/#primaryimage"},"thumbnailUrl":"https:\/\/www.cenedcursos.com.br\/meio-ambiente\/wp-content\/uploads\/2007\/08\/caminho-desenvolvimento-sustentavel-300x300.jpg","datePublished":"2007-08-01T18:22:49+00:00","author":{"@id":"https:\/\/cenedcursos.com.br\/meio-ambiente\/#\/schema\/person\/64377d24cdc16779a1eb6229894af388"},"description":"O conceito de que, desenvolvimento sustent\u00e1vel, seria a capacidade das atuais gera\u00e7\u00f5es de atender \u00e0s suas necessidades sem comprometer o atendimento","breadcrumb":{"@id":"https:\/\/cenedcursos.com.br\/meio-ambiente\/a-caminho-do-desenvolvimento-sustentavel\/#breadcrumb"},"inLanguage":"pt-BR","potentialAction":[{"@type":"ReadAction","target":["https:\/\/cenedcursos.com.br\/meio-ambiente\/a-caminho-do-desenvolvimento-sustentavel\/"]}]},{"@type":"ImageObject","inLanguage":"pt-BR","@id":"https:\/\/cenedcursos.com.br\/meio-ambiente\/a-caminho-do-desenvolvimento-sustentavel\/#primaryimage","url":"https:\/\/www.cenedcursos.com.br\/meio-ambiente\/wp-content\/uploads\/2007\/08\/caminho-desenvolvimento-sustentavel-300x300.jpg","contentUrl":"https:\/\/www.cenedcursos.com.br\/meio-ambiente\/wp-content\/uploads\/2007\/08\/caminho-desenvolvimento-sustentavel-300x300.jpg"},{"@type":"BreadcrumbList","@id":"https:\/\/cenedcursos.com.br\/meio-ambiente\/a-caminho-do-desenvolvimento-sustentavel\/#breadcrumb","itemListElement":[{"@type":"ListItem","position":1,"name":"In\u00edcio","item":"https:\/\/cenedcursos.com.br\/meio-ambiente\/"},{"@type":"ListItem","position":2,"name":"A caminho do Desenvolvimento Sustent\u00e1vel"}]},{"@type":"WebSite","@id":"https:\/\/cenedcursos.com.br\/meio-ambiente\/#website","url":"https:\/\/cenedcursos.com.br\/meio-ambiente\/","name":"CENED Cursos Online","description":"Aqui voc\u00ea encontra artigos em diversas \u00e1reas do conhecimento: meio ambiente, educa\u00e7\u00e3o, marketing digital, neg\u00f3cios online e muito mais.","potentialAction":[{"@type":"SearchAction","target":{"@type":"EntryPoint","urlTemplate":"https:\/\/cenedcursos.com.br\/meio-ambiente\/?s={search_term_string}"},"query-input":{"@type":"PropertyValueSpecification","valueRequired":true,"valueName":"search_term_string"}}],"inLanguage":"pt-BR"},{"@type":"Person","@id":"https:\/\/cenedcursos.com.br\/meio-ambiente\/#\/schema\/person\/64377d24cdc16779a1eb6229894af388","name":"Amarildo R. Ferrari","image":{"@type":"ImageObject","inLanguage":"pt-BR","@id":"https:\/\/cenedcursos.com.br\/meio-ambiente\/#\/schema\/person\/image\/","url":"https:\/\/secure.gravatar.com\/avatar\/6ea4248ca9f295c93f1b72f8398232f0fbbffe30349e6ec3839cfa5e09b0de3c?s=96&d=mm&r=g","contentUrl":"https:\/\/secure.gravatar.com\/avatar\/6ea4248ca9f295c93f1b72f8398232f0fbbffe30349e6ec3839cfa5e09b0de3c?s=96&d=mm&r=g","caption":"Amarildo R. Ferrari"},"sameAs":["https:\/\/cenedcursos.com.br\/meio-ambiente"],"url":"https:\/\/cenedcursos.com.br\/meio-ambiente\/author\/admin\/"}]}},"jetpack_featured_media_url":"","jetpack_sharing_enabled":true,"_links":{"self":[{"href":"https:\/\/cenedcursos.com.br\/meio-ambiente\/wp-json\/wp\/v2\/posts\/158","targetHints":{"allow":["GET"]}}],"collection":[{"href":"https:\/\/cenedcursos.com.br\/meio-ambiente\/wp-json\/wp\/v2\/posts"}],"about":[{"href":"https:\/\/cenedcursos.com.br\/meio-ambiente\/wp-json\/wp\/v2\/types\/post"}],"author":[{"embeddable":true,"href":"https:\/\/cenedcursos.com.br\/meio-ambiente\/wp-json\/wp\/v2\/users\/1"}],"replies":[{"embeddable":true,"href":"https:\/\/cenedcursos.com.br\/meio-ambiente\/wp-json\/wp\/v2\/comments?post=158"}],"version-history":[{"count":0,"href":"https:\/\/cenedcursos.com.br\/meio-ambiente\/wp-json\/wp\/v2\/posts\/158\/revisions"}],"wp:attachment":[{"href":"https:\/\/cenedcursos.com.br\/meio-ambiente\/wp-json\/wp\/v2\/media?parent=158"}],"wp:term":[{"taxonomy":"category","embeddable":true,"href":"https:\/\/cenedcursos.com.br\/meio-ambiente\/wp-json\/wp\/v2\/categories?post=158"},{"taxonomy":"post_tag","embeddable":true,"href":"https:\/\/cenedcursos.com.br\/meio-ambiente\/wp-json\/wp\/v2\/tags?post=158"}],"curies":[{"name":"wp","href":"https:\/\/api.w.org\/{rel}","templated":true}]}}