{"id":222,"date":"2007-11-30T21:16:54","date_gmt":"2007-11-30T21:16:54","guid":{"rendered":"http:\/\/www.cenedcursos.com.br\/?p=222"},"modified":"2007-11-30T21:16:54","modified_gmt":"2007-11-30T21:16:54","slug":"acerca-de-um-assim-chamado-florestamento","status":"publish","type":"post","link":"https:\/\/cenedcursos.com.br\/meio-ambiente\/acerca-de-um-assim-chamado-florestamento\/","title":{"rendered":"Acerca de um assim chamado &quot;florestamento&quot;"},"content":{"rendered":"<div class=\"Section1\">\n<p class=\"MsoNormal\" style=\"margin: 0cm 0.9pt 0.0001pt 3cm; text-align: justify; padding-left: 60px;\"><span style=\"font-size: 10pt;\"><span style=\"font-family: arial,helvetica,sans-serif;\"><em> E, ent\u00e3o, o pequeno Davi se prop\u00f4s a enfrentar o poderoso Golias usando uma funda contra um muito bem armado gigante<\/em>.<\/span><\/span><\/p>\n<\/div>\n<p class=\"MsoBodyTextIndent\" style=\"text-align: justify;\"><span style=\"font-size: 10pt;\"><span style=\"font-family: arial,helvetica,sans-serif;\"><span style=\"color: windowtext;\">Muita celulose j\u00e1 foi gasta nos \u00faltimos meses num duelo desigual, que se trava no Rio Grande do Sul. Reflorestar ou n\u00e3o com eucaliptos a metade sul do Estado, ou numa outra leitura mais atenta do mesmo embate: capturar investimentos fabulosos para instalarmos <em>papeleiras<\/em> ou legar para os filhos de nossos filhos desertos. Mesmo de maneira desigual o assunto tem mostrado posicionamentos a favor e contra planta\u00e7\u00f5es extensivas de eucaliptos. Isso h\u00e1 de ajudar na tomada de decis\u00f5es mais s\u00e1bias. <\/span><\/span><\/span><\/p>\n<p class=\"MsoBodyTextIndent\" style=\"text-align: justify;\"><span style=\"font-size: 10pt;\"><span style=\"font-family: arial,helvetica,sans-serif;\"><span style=\"color: windowtext;\">N\u00e3o vou discutir aqui se \u00e9 florestamento ou reflorestamento. Parece n\u00e3o ser nenhum dos dois. Deve ter havido, h\u00e1 mil\u00eanios uma a\u00e7\u00e3o antr\u00f3pica que transformou florestas em nosso pampa. Ent\u00e3o seria um reflorestamento. N\u00e3o, pois em florestas deve haver biodiversidade. Em uma monocultura, n\u00e3o h\u00e1 florestas. Mas isso \u00e9 quase uma irrelevante quest\u00e3o sem\u00e2ntica. <\/span><\/span><\/span><\/p>\n<p style=\"text-align: justify;\"><span style=\"font-size: 10pt;\"><span style=\"font-family: arial,helvetica,sans-serif;\">Trago algo que aprendi muito recentemente com uma produtora de finas castas de uva. Isso aumenta em mim ser contr\u00e1rio a fazer de parte do Rio Grande um deserto verde. Uma das regi\u00f5es atingida pela gana dos \u2018produtores de celulose\u2019 para os pa\u00edses centrais \u00e9 aquela que mais recentemente os viticultores encontraram como muito apropriadas a uvas mais nobres, na bacia do Camaqu\u00e3 (Encruzilhada do Sul, Bag\u00e9, Ca\u00e7apava&#8230;). Planta\u00e7\u00f5es de eucaliptos prejudicam as terras lindeiras usadas para vin\u00edferas em duas outras situa\u00e7\u00f5es (que n\u00e3o aquelas j\u00e1 conhecidas de extrair \u00e1gua e nutrientes do solo). Uma, as imponentes \u00e1rvores, que podem chegar a mais de 50 metros, produzem extensas regi\u00f5es de sombra v\u00e1rias vezes maiores que a sua altura; sabemos o quanto a \u2018incid\u00eancia de sol\u2019 \u00e9 uma exig\u00eancia necess\u00e1ria para a qualidade da uva. A outra, as part\u00edculas odor\u00edficas, emanadas quando da flora\u00e7\u00e3o do eucalipto \u2018contaminam\u2019 a videira quando de sua floresc\u00eancia, transferindo assim para a uva e, desta para o vinho, sabores indesejados. S\u00e3o os mesmos aromas que fazem do mel originado das floradas de eucaliptos t\u00e3o apreciado.<\/span><\/span><\/p>\n<p style=\"text-align: justify;\"><span style=\"font-size: 10pt;\"><span style=\"font-family: arial,helvetica,sans-serif;\">\u00c9 preciso recordar que existem subst\u00e2ncias com efeitos alelop\u00e1ticos, ou seja, compostos org\u00e2nicos desprendidos por vegetais que prejudicam outras plantas e as impedem de estabelecer-se na vizinhan\u00e7a. Na maioria dos casos pode se tratar de eteno, de \u00f3leos et\u00e9reos, de derivados de fen\u00f3is ou da cumarina, de alcal\u00f3ides, de glicos\u00eddeos, todos liberados em profus\u00e3o no ar. S\u00e3o os aromas que apreciamos em um mato de eucalipto. As esp\u00e9cies de Eucalyptus s\u00e3o importantes fontes de emiss\u00e3o de subst\u00e2ncias alelop\u00e1ticas.<\/span><\/span><\/p>\n<p class=\"MsoBodyTextIndent2\" style=\"text-align: justify;\"><span style=\"font-size: 10pt;\"><span style=\"font-family: arial,helvetica,sans-serif;\">N\u00e3o \u00e9 sem raz\u00e3o que a legisla\u00e7\u00e3o ambiental no mundo inteiro exige uma separa\u00e7\u00e3o grande \u2013 uma \u00e1rea de &#8220;amortecimento&#8221; \u2013,\u00a0entre as culturas de Eucalipto e a paisagem nativa ou outros tipos de cultivo. Vale estar atento a mais esse preju\u00edzo que a daninha planta\u00e7\u00e3o de eucalipto pode trazer a terras hoje destinadas a cultivares mais nobres.<\/span><\/span><\/p>\n<p class=\"MsoBodyTextIndent2\" style=\"text-align: right;\"><em><strong><span style=\"font-size: 10pt;\"><span style=\"font-family: arial,helvetica,sans-serif;\">Autor:Attico Chassot*<\/span><\/span><\/strong><\/em><\/p>\n<p class=\"MsoBodyTextIndent2\"><span style=\"font-size: 10pt;\"><span style=\"font-family: arial,helvetica,sans-serif;\">\u00a0<\/span><\/span><\/p>\n<hr size=\"2\" \/>\n<p class=\"MsoNormal\" style=\"margin-bottom: 6pt;\"><span style=\"font-size: 10pt;\"><span style=\"font-family: arial,helvetica,sans-serif;\">* Professor do Programa de P\u00f3s-Gradua\u00e7\u00e3o em Educa\u00e7\u00e3o da UNISINOS \u2013 S. Leopoldo &#8211; RS.<\/span><\/span><\/p>\n<p class=\"MsoNormal\" style=\"margin-bottom: 6pt; text-align: right;\" align=\"right\"><span style=\"font-size: 10pt;\"><span style=\"font-family: arial,helvetica,sans-serif;\"><a href=\"mailto:achassot@uol.com.br\">achassot@uol.com.br<\/a><\/span><\/span><\/p>\n<p class=\"MsoNormal\" style=\"margin-bottom: 6pt; text-align: right;\"><span style=\"font-size: 10pt;\"><span style=\"font-family: arial,helvetica,sans-serif;\"><a href=\"http:\/\/achassot.blog.uol.com.br\/\" target=\"_blank\" rel=\"nofollow noopener noreferrer\">http:\/\/achassot.blog.uol.com.br\/<\/a><\/span><\/span><\/p>\n<p class=\"MsoNormal\" style=\"margin-bottom: 6pt; text-align: center;\">[grwebform url=&#8221;http:\/\/app.getresponse.com\/view_webform.js?wid=3381303&amp;u=SK7G&#8221; css=&#8221;on&#8221;\/]<\/p>\n","protected":false},"excerpt":{"rendered":"<p>E, ent\u00e3o, o pequeno Davi se prop\u00f4s a enfrentar o poderoso Golias usando uma funda contra um muito bem armado gigante. Muita celulose j\u00e1 foi gasta nos \u00faltimos meses num duelo desigual, que se trava no Rio Grande do Sul. Reflorestar ou n\u00e3o com eucaliptos a metade sul do Estado, ou numa outra leitura mais [&hellip;]<\/p>\n","protected":false},"author":1,"featured_media":0,"comment_status":"open","ping_status":"open","sticky":false,"template":"","format":"standard","meta":{"_jetpack_memberships_contains_paid_content":false,"footnotes":""},"categories":[493],"tags":[591,686,790,344,1035],"class_list":{"0":"post-222","1":"post","2":"type-post","3":"status-publish","4":"format-standard","6":"category-florestas-textos","7":"tag-celulose","8":"tag-desertos","9":"tag-florestamento","10":"tag-reflorestamento","11":"tag-reflorestar"},"yoast_head":"<!-- This site is optimized with the Yoast SEO plugin v25.1 - https:\/\/yoast.com\/wordpress\/plugins\/seo\/ -->\n<title>Acerca de um assim chamado &quot;florestamento&quot; - CENED Cursos Online<\/title>\n<meta name=\"description\" content=\"N\u00e3o vou discutir aqui se \u00e9 florestamento ou reflorestamento. Parece n\u00e3o ser nenhum dos dois.\" \/>\n<meta name=\"robots\" content=\"index, follow, max-snippet:-1, max-image-preview:large, max-video-preview:-1\" \/>\n<link rel=\"canonical\" href=\"https:\/\/cenedcursos.com.br\/meio-ambiente\/acerca-de-um-assim-chamado-florestamento\/\" \/>\n<meta property=\"og:locale\" content=\"pt_BR\" \/>\n<meta property=\"og:type\" content=\"article\" \/>\n<meta property=\"og:title\" content=\"Acerca de um assim chamado &quot;florestamento&quot; - CENED Cursos Online\" \/>\n<meta property=\"og:description\" content=\"N\u00e3o vou discutir aqui se \u00e9 florestamento ou reflorestamento. Parece n\u00e3o ser nenhum dos dois.\" \/>\n<meta property=\"og:url\" content=\"https:\/\/cenedcursos.com.br\/meio-ambiente\/acerca-de-um-assim-chamado-florestamento\/\" \/>\n<meta property=\"og:site_name\" content=\"CENED Cursos Online\" \/>\n<meta property=\"article:published_time\" content=\"2007-11-30T21:16:54+00:00\" \/>\n<meta name=\"author\" content=\"Amarildo R. Ferrari\" \/>\n<meta name=\"twitter:card\" content=\"summary_large_image\" \/>\n<meta name=\"twitter:label1\" content=\"Escrito por\" \/>\n\t<meta name=\"twitter:data1\" content=\"Amarildo R. Ferrari\" \/>\n\t<meta name=\"twitter:label2\" content=\"Est. tempo de leitura\" \/>\n\t<meta name=\"twitter:data2\" content=\"3 minutos\" \/>\n<script type=\"application\/ld+json\" class=\"yoast-schema-graph\">{\"@context\":\"https:\/\/schema.org\",\"@graph\":[{\"@type\":\"WebPage\",\"@id\":\"https:\/\/cenedcursos.com.br\/meio-ambiente\/acerca-de-um-assim-chamado-florestamento\/\",\"url\":\"https:\/\/cenedcursos.com.br\/meio-ambiente\/acerca-de-um-assim-chamado-florestamento\/\",\"name\":\"Acerca de um assim chamado &quot;florestamento&quot; - CENED Cursos Online\",\"isPartOf\":{\"@id\":\"https:\/\/cenedcursos.com.br\/meio-ambiente\/#website\"},\"datePublished\":\"2007-11-30T21:16:54+00:00\",\"author\":{\"@id\":\"https:\/\/cenedcursos.com.br\/meio-ambiente\/#\/schema\/person\/64377d24cdc16779a1eb6229894af388\"},\"description\":\"N\u00e3o vou discutir aqui se \u00e9 florestamento ou reflorestamento. Parece n\u00e3o ser nenhum dos dois.\",\"breadcrumb\":{\"@id\":\"https:\/\/cenedcursos.com.br\/meio-ambiente\/acerca-de-um-assim-chamado-florestamento\/#breadcrumb\"},\"inLanguage\":\"pt-BR\",\"potentialAction\":[{\"@type\":\"ReadAction\",\"target\":[\"https:\/\/cenedcursos.com.br\/meio-ambiente\/acerca-de-um-assim-chamado-florestamento\/\"]}]},{\"@type\":\"BreadcrumbList\",\"@id\":\"https:\/\/cenedcursos.com.br\/meio-ambiente\/acerca-de-um-assim-chamado-florestamento\/#breadcrumb\",\"itemListElement\":[{\"@type\":\"ListItem\",\"position\":1,\"name\":\"In\u00edcio\",\"item\":\"https:\/\/cenedcursos.com.br\/meio-ambiente\/\"},{\"@type\":\"ListItem\",\"position\":2,\"name\":\"Acerca de um assim chamado &quot;florestamento&quot;\"}]},{\"@type\":\"WebSite\",\"@id\":\"https:\/\/cenedcursos.com.br\/meio-ambiente\/#website\",\"url\":\"https:\/\/cenedcursos.com.br\/meio-ambiente\/\",\"name\":\"CENED Cursos Online\",\"description\":\"Aqui voc\u00ea encontra artigos em diversas \u00e1reas do conhecimento: meio ambiente, educa\u00e7\u00e3o, marketing digital, neg\u00f3cios online e muito mais.\",\"potentialAction\":[{\"@type\":\"SearchAction\",\"target\":{\"@type\":\"EntryPoint\",\"urlTemplate\":\"https:\/\/cenedcursos.com.br\/meio-ambiente\/?s={search_term_string}\"},\"query-input\":{\"@type\":\"PropertyValueSpecification\",\"valueRequired\":true,\"valueName\":\"search_term_string\"}}],\"inLanguage\":\"pt-BR\"},{\"@type\":\"Person\",\"@id\":\"https:\/\/cenedcursos.com.br\/meio-ambiente\/#\/schema\/person\/64377d24cdc16779a1eb6229894af388\",\"name\":\"Amarildo R. Ferrari\",\"image\":{\"@type\":\"ImageObject\",\"inLanguage\":\"pt-BR\",\"@id\":\"https:\/\/cenedcursos.com.br\/meio-ambiente\/#\/schema\/person\/image\/\",\"url\":\"https:\/\/secure.gravatar.com\/avatar\/6ea4248ca9f295c93f1b72f8398232f0fbbffe30349e6ec3839cfa5e09b0de3c?s=96&d=mm&r=g\",\"contentUrl\":\"https:\/\/secure.gravatar.com\/avatar\/6ea4248ca9f295c93f1b72f8398232f0fbbffe30349e6ec3839cfa5e09b0de3c?s=96&d=mm&r=g\",\"caption\":\"Amarildo R. Ferrari\"},\"sameAs\":[\"https:\/\/cenedcursos.com.br\/meio-ambiente\"],\"url\":\"https:\/\/cenedcursos.com.br\/meio-ambiente\/author\/admin\/\"}]}<\/script>\n<!-- \/ Yoast SEO plugin. -->","yoast_head_json":{"title":"Acerca de um assim chamado &quot;florestamento&quot; - CENED Cursos Online","description":"N\u00e3o vou discutir aqui se \u00e9 florestamento ou reflorestamento. Parece n\u00e3o ser nenhum dos dois.","robots":{"index":"index","follow":"follow","max-snippet":"max-snippet:-1","max-image-preview":"max-image-preview:large","max-video-preview":"max-video-preview:-1"},"canonical":"https:\/\/cenedcursos.com.br\/meio-ambiente\/acerca-de-um-assim-chamado-florestamento\/","og_locale":"pt_BR","og_type":"article","og_title":"Acerca de um assim chamado &quot;florestamento&quot; - CENED Cursos Online","og_description":"N\u00e3o vou discutir aqui se \u00e9 florestamento ou reflorestamento. Parece n\u00e3o ser nenhum dos dois.","og_url":"https:\/\/cenedcursos.com.br\/meio-ambiente\/acerca-de-um-assim-chamado-florestamento\/","og_site_name":"CENED Cursos Online","article_published_time":"2007-11-30T21:16:54+00:00","author":"Amarildo R. Ferrari","twitter_card":"summary_large_image","twitter_misc":{"Escrito por":"Amarildo R. Ferrari","Est. tempo de leitura":"3 minutos"},"schema":{"@context":"https:\/\/schema.org","@graph":[{"@type":"WebPage","@id":"https:\/\/cenedcursos.com.br\/meio-ambiente\/acerca-de-um-assim-chamado-florestamento\/","url":"https:\/\/cenedcursos.com.br\/meio-ambiente\/acerca-de-um-assim-chamado-florestamento\/","name":"Acerca de um assim chamado &quot;florestamento&quot; - CENED Cursos Online","isPartOf":{"@id":"https:\/\/cenedcursos.com.br\/meio-ambiente\/#website"},"datePublished":"2007-11-30T21:16:54+00:00","author":{"@id":"https:\/\/cenedcursos.com.br\/meio-ambiente\/#\/schema\/person\/64377d24cdc16779a1eb6229894af388"},"description":"N\u00e3o vou discutir aqui se \u00e9 florestamento ou reflorestamento. Parece n\u00e3o ser nenhum dos dois.","breadcrumb":{"@id":"https:\/\/cenedcursos.com.br\/meio-ambiente\/acerca-de-um-assim-chamado-florestamento\/#breadcrumb"},"inLanguage":"pt-BR","potentialAction":[{"@type":"ReadAction","target":["https:\/\/cenedcursos.com.br\/meio-ambiente\/acerca-de-um-assim-chamado-florestamento\/"]}]},{"@type":"BreadcrumbList","@id":"https:\/\/cenedcursos.com.br\/meio-ambiente\/acerca-de-um-assim-chamado-florestamento\/#breadcrumb","itemListElement":[{"@type":"ListItem","position":1,"name":"In\u00edcio","item":"https:\/\/cenedcursos.com.br\/meio-ambiente\/"},{"@type":"ListItem","position":2,"name":"Acerca de um assim chamado &quot;florestamento&quot;"}]},{"@type":"WebSite","@id":"https:\/\/cenedcursos.com.br\/meio-ambiente\/#website","url":"https:\/\/cenedcursos.com.br\/meio-ambiente\/","name":"CENED Cursos Online","description":"Aqui voc\u00ea encontra artigos em diversas \u00e1reas do conhecimento: meio ambiente, educa\u00e7\u00e3o, marketing digital, neg\u00f3cios online e muito mais.","potentialAction":[{"@type":"SearchAction","target":{"@type":"EntryPoint","urlTemplate":"https:\/\/cenedcursos.com.br\/meio-ambiente\/?s={search_term_string}"},"query-input":{"@type":"PropertyValueSpecification","valueRequired":true,"valueName":"search_term_string"}}],"inLanguage":"pt-BR"},{"@type":"Person","@id":"https:\/\/cenedcursos.com.br\/meio-ambiente\/#\/schema\/person\/64377d24cdc16779a1eb6229894af388","name":"Amarildo R. Ferrari","image":{"@type":"ImageObject","inLanguage":"pt-BR","@id":"https:\/\/cenedcursos.com.br\/meio-ambiente\/#\/schema\/person\/image\/","url":"https:\/\/secure.gravatar.com\/avatar\/6ea4248ca9f295c93f1b72f8398232f0fbbffe30349e6ec3839cfa5e09b0de3c?s=96&d=mm&r=g","contentUrl":"https:\/\/secure.gravatar.com\/avatar\/6ea4248ca9f295c93f1b72f8398232f0fbbffe30349e6ec3839cfa5e09b0de3c?s=96&d=mm&r=g","caption":"Amarildo R. Ferrari"},"sameAs":["https:\/\/cenedcursos.com.br\/meio-ambiente"],"url":"https:\/\/cenedcursos.com.br\/meio-ambiente\/author\/admin\/"}]}},"jetpack_featured_media_url":"","jetpack_sharing_enabled":true,"_links":{"self":[{"href":"https:\/\/cenedcursos.com.br\/meio-ambiente\/wp-json\/wp\/v2\/posts\/222","targetHints":{"allow":["GET"]}}],"collection":[{"href":"https:\/\/cenedcursos.com.br\/meio-ambiente\/wp-json\/wp\/v2\/posts"}],"about":[{"href":"https:\/\/cenedcursos.com.br\/meio-ambiente\/wp-json\/wp\/v2\/types\/post"}],"author":[{"embeddable":true,"href":"https:\/\/cenedcursos.com.br\/meio-ambiente\/wp-json\/wp\/v2\/users\/1"}],"replies":[{"embeddable":true,"href":"https:\/\/cenedcursos.com.br\/meio-ambiente\/wp-json\/wp\/v2\/comments?post=222"}],"version-history":[{"count":0,"href":"https:\/\/cenedcursos.com.br\/meio-ambiente\/wp-json\/wp\/v2\/posts\/222\/revisions"}],"wp:attachment":[{"href":"https:\/\/cenedcursos.com.br\/meio-ambiente\/wp-json\/wp\/v2\/media?parent=222"}],"wp:term":[{"taxonomy":"category","embeddable":true,"href":"https:\/\/cenedcursos.com.br\/meio-ambiente\/wp-json\/wp\/v2\/categories?post=222"},{"taxonomy":"post_tag","embeddable":true,"href":"https:\/\/cenedcursos.com.br\/meio-ambiente\/wp-json\/wp\/v2\/tags?post=222"}],"curies":[{"name":"wp","href":"https:\/\/api.w.org\/{rel}","templated":true}]}}