{"id":230,"date":"2008-01-07T21:08:47","date_gmt":"2008-01-07T21:08:47","guid":{"rendered":"http:\/\/www.cenedcursos.com.br\/?p=230"},"modified":"2008-01-07T21:08:47","modified_gmt":"2008-01-07T21:08:47","slug":"eco-cidadania-com-rosto-jovem","status":"publish","type":"post","link":"https:\/\/cenedcursos.com.br\/meio-ambiente\/eco-cidadania-com-rosto-jovem\/","title":{"rendered":"Eco-cidadania com rosto jovem"},"content":{"rendered":"<p class=\"MsoNormal\" align=\"justify\">Na emerg\u00eancia de novos direitos, face aos s\u00e9rios problemas que a sociedade mundial experimenta, destaca-se a quest\u00e3o ambiental, que aos poucos vai configurando-se, efetivamente, como &#8220;direito verde&#8221; ou conjunto de direitos ambientais. No Brasil, a Constitui\u00e7\u00e3o Cidad\u00e3 de 1988, no seu art. 225, Cap. VI \u00e9 contundente a esse respeito: \u201cTodos t\u00eam direito ao meio ambiente ecologicamente equilibrado, bem como de uso comum do povo e essencial \u00e0 sadia qualidade de vida, impondo-se ao Poder P\u00fablico e \u00e0 coletividade o dever de defend\u00ea-lo e preserv\u00e1-lo para as presentes e futuras gera\u00e7\u00f5es&#8221;.<br \/>\nNa linha da consolida\u00e7\u00e3o dos direitos ambientais, a UNESCO lan\u00e7ou oficialmente, no dia 01 de mar\u00e7o de 2005, a D\u00e9cada das Na\u00e7\u00f5es Unidas da Educa\u00e7\u00e3o para o Desenvolvimento Sustent\u00e1vel. O principal objetivo da D\u00e9cada \u00e9 encorajar os governos dos pa\u00edses membros da ONU a integrar o conceito de desenvolvimento sustent\u00e1vel \u00e0s pol\u00edticas educacionais e aos processos de aprendizagem. No Brasil, o lan\u00e7amento da D\u00e9cada aconteceu durante o Congresso Ibero-americano sobre Desenvolvimento Sustent\u00e1vel 2005, que se realizou no Rio de Janeiro (RJ) nos dias 31 de maio, 01 e 02 de junho de 2005.<br \/>\nAo instituir a preocupa\u00e7\u00e3o com o desenvolvimento sustent\u00e1vel, a D\u00e9cada almeja melhorar a qualidade do ensino, facilitar a troca de experi\u00eancias entre os diversos atores envolvidos e aumentar a aten\u00e7\u00e3o p\u00fablica ao assunto. A defini\u00e7\u00e3o de educa\u00e7\u00e3o para o desenvolvimento sustent\u00e1vel ultrapassa a quest\u00e3o ambiental (como \u00e1gua, mudan\u00e7as clim\u00e1ticas, biodiversidade, etc.) e agrega estes conceitos a aspectos econ\u00f4micos para o desenvolvimento (luta contra a pobreza, transforma\u00e7\u00f5es sociais, eco-turismo etc.) e a valores s\u00f3cio-culturais, tais como igualdade de g\u00eanero, promo\u00e7\u00e3o da diversidade cultural e constru\u00e7\u00e3o de uma cultura de paz. Assim, ao integrar o cuidado ambiental num conceito de paz mais abrangente, pode-se afirmar que esta n\u00e3o ser\u00e1 mais somente &#8220;branca&#8221;, mas tamb\u00e9m &#8220;verde&#8221;!<\/p>\n<p class=\"MsoNormal\" align=\"justify\"><strong>a) Sensibilidade &#8220;verde&#8221; mais agu\u00e7ada<br \/>\n<\/strong><\/p>\n<p class=\"MsoNormal\" align=\"justify\">Apesar das dificuldades de efetiva\u00e7\u00e3o de uma aut\u00eantica Educa\u00e7\u00e3o Ambiental (ou para o \u201cDesenvolvimento Sustent\u00e1vel\u201d, como outros preferem cham\u00e1-la), a situa\u00e7\u00e3o ambiental ca\u00f3tica que todos estamos experimentando na pr\u00f3pria pele e em n\u00edvel planet\u00e1rio (aquecimento global), vem contribuindo para acelerar o processo de sensibiliza\u00e7\u00e3o e conscientiza\u00e7\u00e3o em torno ao cuidado do meio ambiente. Por isso hoje, mais do que nunca, proliferam movimentos e organiza\u00e7\u00f5es n\u00e3o-governamentais dedicadas exclusivamente \u00e0 prote\u00e7\u00e3o e \u00e0 defesa do meio ambiente.<br \/>\nEste \u00e9 um tempo prop\u00edcio para ajudar os jovens a fundamentarem a sua sensibilidade ecol\u00f3gica e a assumirem um compromisso permanente com o cuidado ambiental. Ali\u00e1s, a inser\u00e7\u00e3o em movimentos ambientais \u00e9 tamb\u00e9m uma forma muito atual e &#8220;diferente&#8221; de conscientiza\u00e7\u00e3o e engajamento pol\u00edtico.<br \/>\nPartindo da perspectiva do cuidado ambiental como a\u00e7\u00e3o cidad\u00e3, efetivamente, assistimos \u00e0 emerg\u00eancia do chamado sujeito ecol\u00f3gico. Esse sujeito, \u201cconcebido enquanto um tipo ideal, traduz uma subjetividade ambientalmente orientada, capaz de encarnar os dilemas societ\u00e1rios, \u00e9ticos e est\u00e9ticos configurados pela crise societ\u00e1ria em sua tradu\u00e7\u00e3o contra-cultural, tribut\u00e1rio de um ideal de sociedade socialmente emancipada e ambientalmente sustent\u00e1vel (&#8230;). O sujeito ecol\u00f3gico demarca um campo de ideais dispon\u00edveis para a forma\u00e7\u00e3o identit\u00e1ria do jovem que ingressa na esfera p\u00fablica e que partilha, em algum n\u00edvel, um projeto pol\u00edtico emancipat\u00f3rio. A id\u00e9ia de mudan\u00e7as radicais cultivada pelo ide\u00e1rio ecol\u00f3gico abarca n\u00e3o apenas uma nova sociedade, mas tamb\u00e9m um novo sujeito, que se v\u00ea como parte dessa mudan\u00e7a societ\u00e1ria e a compreende como uma revolu\u00e7\u00e3o de corpo e alma, ou seja, uma reconstru\u00e7\u00e3o do mundo incluindo os estilos de vida pessoal&#8221;.<\/p>\n<p class=\"MsoNormal\" align=\"justify\"><strong>b) Matizes no aprendizado do cuidado<br \/>\n<\/strong><\/p>\n<p class=\"MsoNormal\" align=\"justify\">Com o passar dos anos, desde o surgimento dos movimentos ambientalistas na d\u00e9cada dos 70 e a realiza\u00e7\u00e3o de diversas Confer\u00eancias Mundiais (Estocolmo, Tbilisi, Rio), o conceito de Educa\u00e7\u00e3o Ambiental foi sofrendo evolu\u00e7\u00f5es. Na pr\u00e1tica, ela segue caminhos diversificados. E isso incide tamb\u00e9m no tipo de engajamento juvenil e na identidade do chamado &#8220;sujeito ecol\u00f3gico&#8221;, como afirma CARVALHO (2004): &#8220;S\u00e3o diversos os caminhos pelos quais os jovens podem se aproximar dos valores ecol\u00f3gicos, identificando-se em diferentes n\u00edveis com os ideais do sujeito ecol\u00f3gico, uma vez que n\u00e3o se trata de uma identidade totalizante. Esse acercamento dos ideais ecol\u00f3gicos pode assumir de modo n\u00e3o-excludente as formas de ades\u00e3o a uma luta, a uma a\u00e7\u00e3o, a um modo de vida ou a um interesse intelectual. Dessa forma, nomear-se ecologista ou, ao menos, ecologicamente sensibilizado\/simpatizante pode ganhar os sentidos de ades\u00e3o a um ide\u00e1rio de a\u00e7\u00e3o militante; pode ser uma op\u00e7\u00e3o de engajamento grupal pontual e distintiva; ou ainda signo descrito de um interesse ambiental que pode combinar em diferentes grada\u00e7\u00f5es a sensibilidade pol\u00edtica com a escolha da forma\u00e7\u00e3o profissional\/intelectual&#8221;.<br \/>\nPor causa do anterior, os programas de Educa\u00e7\u00e3o Ambiental podem seguir roteiros diferentes, dependendo do acento que eles derem a determinadas a\u00e7\u00f5es, situa\u00e7\u00f5es e metodologias: &#8220;Sauv\u00e9 et al. (2000,) classificam as representa\u00e7\u00f5es ambientais em sete categorias: como natureza, como recurso, como problema, como sistema, como meio de vida, como biosfera e como projeto de vida. A s\u00edntese de cada percep\u00e7\u00e3o &#8230; n\u00e3o busca um sistema fechado de representa\u00e7\u00f5es nem pretende se inserir na posi\u00e7\u00e3o cartesiana de agrupar as representa\u00e7\u00f5es sociais em pacotes fechados e sem di\u00e1logo entre si, apenas oferece uma s\u00edntese cr\u00edtica que possa contribuir com o debate sobre as representa\u00e7\u00f5es do ambiente (Sato, 2001)&#8221;.<br \/>\nSegundo a mesma autora, &#8220;a categoriza\u00e7\u00e3o aqui apresentada n\u00e3o est\u00e1 conclu\u00edda \u00e9 que uma a\u00e7\u00e3o ou pensamento pode estar conectado com o outro. Igualmente, n\u00e3o existe &#8220;certo&#8221; ou &#8220;errado&#8221;. S\u00e3o apenas concep\u00e7\u00f5es sobre o mundo, as quais podem manter di\u00e1logos ou buscar interface, e uma pessoa pode utilizar uma t\u00e9cnica ou outra, atrav\u00e9s da a\u00e7\u00e3o e da reflex\u00e3o. Ou, como consideram Caride &amp; Meira (2001), &#8220;s\u00e3o momentos, inclusive, para rever nossas representa\u00e7\u00f5es&#8221;.<br \/>\nContudo, seja qual for o tipo de Educa\u00e7\u00e3o Ambiental que os grupos, movimentos juvenis e organiza\u00e7\u00f5es n\u00e3o governamentais quiserem seguir, eles n\u00e3o dever\u00e3o desconsiderar as recomenda\u00e7\u00f5es da Agenda 21 e os princ\u00edpios da Carta da Terra (o respeito e a manuten\u00e7\u00e3o de todas as formas de vida, a integridade ecol\u00f3gica, a justi\u00e7a social e econ\u00f4mica, a paz, a democracia e a n\u00e3o-viol\u00eancia).<\/p>\n<p class=\"MsoNormal\" align=\"justify\"><strong>c) Pauta e curr\u00edculo s\u00f3cio-ambiental<br \/>\n<\/strong><\/p>\n<p class=\"MsoNormal\" align=\"justify\">Certamente, para sustentar e alicer\u00e7ar as pr\u00e1ticas e o engajamento &#8220;eco-cidad\u00e3o&#8221; dos jovens, ser\u00e1 preciso integrar adequadamente a dimens\u00e3o da Educa\u00e7\u00e3o Ambiental no seu processo formativo, ajudando-os a adquirir um m\u00ednimo de conhecimentos, de habilidades e de sensibilidades, complementando, numa perspectiva libertadora, a reflex\u00e3o e a pr\u00e1xis em torno \u00e0 totalidade da quest\u00e3o ambiental nos seus aspectos biof\u00edsicos e sociais. Ou, como bem dizem os jovens num jarg\u00e3o mais popular: &#8220;cuidar do meio ambiente \u00e9 cuidar da nossa gente!&#8221;.<br \/>\nUma ampla tem\u00e1tica pode servir como pauta formativa v\u00e1lida, sempre e quando forem feitas as devidas adapta\u00e7\u00f5es e complementa\u00e7\u00f5es, conforme a realidade de cada grupo e as novas descobertas das ci\u00eancias: distin\u00e7\u00e3o entre ecologia e meio ambiente; desenvolvimento sustent\u00e1vel; paradigma do cuidado; teoria da Gaia; confer\u00eancias ambientais, Agenda 21; a Carta da Terra; meio ambiente e rela\u00e7\u00f5es de g\u00eanero; critica do conceito de desenvolvimento e do modelo desenvolvimentista implantado no Brasil; aquecimento global; escassez e polui\u00e7\u00e3o dos recursos h\u00eddricos; enchentes; polui\u00e7\u00e3o do ar; deserto verde, desmatamento e inc\u00eandios florestais; problemas dos biomas brasileiros; biodiversidade e biopirataria; grilagem de terras; agroneg\u00f3cio; sojicultura; eucalipto e bio-combust\u00edveis; conflitos agr\u00e1rios; extra\u00e7\u00e3o predat\u00f3ria de madeira; sider\u00fargicas e produ\u00e7\u00e3o ilegal de carv\u00e3o; terras p\u00fablicas e minera\u00e7\u00e3o; Base de Alc\u00e2ntara; impactos s\u00f3cio-ambientais de grandes obras de infra-estrutura; etc.<\/p>\n<div style=\"text-align: right;\"><strong><em>Autor: Gustavo Covarrubias Rodr\u00edguez<\/em><\/strong><\/div>\n<hr size=\"2\" \/>\n<p class=\"MsoNormal\"><strong>Refer\u00eancias Bibliogr\u00e1ficas:<\/strong><\/p>\n<p class=\"MsoNormal\">i CARVALHO, Isabel Cristina. Ambientalismo e juventude: o sujeito ecol\u00f3gico e o horizonte da a\u00e7\u00e3o pol\u00edtica contempor\u00e2nea. In NOVAES (2004), pp. 71-72.<br \/>\nii Ibid, p. 71.<br \/>\niii SATO, Michele. Educa\u00e7\u00e3o Ambiental. S\u00e3o Carlos: Rima Editora (2004), p. 11.<br \/>\niv Ibid., p. 12<br \/>\nv \u00c0s vezes, para designar a sensibilidade ambiental, usa-se muito o conceito paradigm\u00e1tico do &#8220;cuidado&#8221;.<\/p>\n","protected":false},"excerpt":{"rendered":"<p>Na emerg\u00eancia de novos direitos, face aos s\u00e9rios problemas que a sociedade mundial experimenta, destaca-se a quest\u00e3o ambiental, que aos poucos vai configurando-se, efetivamente, como &#8220;direito verde&#8221; ou conjunto de direitos ambientais. No Brasil, a Constitui\u00e7\u00e3o Cidad\u00e3 de 1988, no seu art. 225, Cap. VI \u00e9 contundente a esse respeito: \u201cTodos t\u00eam direito ao meio [&hellip;]<\/p>\n","protected":false},"author":1,"featured_media":0,"comment_status":"open","ping_status":"open","sticky":false,"template":"","format":"standard","meta":{"_jetpack_memberships_contains_paid_content":false,"footnotes":""},"categories":[491],"tags":[335,683,704,188,1008],"class_list":{"0":"post-230","1":"post","2":"type-post","3":"status-publish","4":"format-standard","6":"category-educacao-ambiental-textos","7":"tag-biodiversidade","8":"tag-desenvolvimento-sustentavel","9":"tag-eco-cidadania","10":"tag-educacao","11":"tag-questao-ambiental"},"yoast_head":"<!-- This site is optimized with the Yoast SEO plugin v25.1 - https:\/\/yoast.com\/wordpress\/plugins\/seo\/ -->\n<title>Eco-cidadania com rosto jovem - CENED Cursos Online<\/title>\n<meta name=\"description\" content=\"O sujeito ecol\u00f3gico demarca um campo de ideais dispon\u00edveis para a forma\u00e7\u00e3o identit\u00e1ria o jovem que ingressa na esfera p\u00fablica e que partilha, em algum n\u00edvel\" \/>\n<meta name=\"robots\" content=\"index, follow, max-snippet:-1, max-image-preview:large, max-video-preview:-1\" \/>\n<link rel=\"canonical\" href=\"https:\/\/cenedcursos.com.br\/meio-ambiente\/eco-cidadania-com-rosto-jovem\/\" \/>\n<meta property=\"og:locale\" content=\"pt_BR\" \/>\n<meta property=\"og:type\" content=\"article\" \/>\n<meta property=\"og:title\" content=\"Eco-cidadania com rosto jovem - CENED Cursos Online\" \/>\n<meta property=\"og:description\" content=\"O sujeito ecol\u00f3gico demarca um campo de ideais dispon\u00edveis para a forma\u00e7\u00e3o identit\u00e1ria o jovem que ingressa na esfera p\u00fablica e que partilha, em algum n\u00edvel\" \/>\n<meta property=\"og:url\" content=\"https:\/\/cenedcursos.com.br\/meio-ambiente\/eco-cidadania-com-rosto-jovem\/\" \/>\n<meta property=\"og:site_name\" content=\"CENED Cursos Online\" \/>\n<meta property=\"article:published_time\" content=\"2008-01-07T21:08:47+00:00\" \/>\n<meta name=\"author\" content=\"Amarildo R. Ferrari\" \/>\n<meta name=\"twitter:card\" content=\"summary_large_image\" \/>\n<meta name=\"twitter:label1\" content=\"Escrito por\" \/>\n\t<meta name=\"twitter:data1\" content=\"Amarildo R. Ferrari\" \/>\n\t<meta name=\"twitter:label2\" content=\"Est. tempo de leitura\" \/>\n\t<meta name=\"twitter:data2\" content=\"7 minutos\" \/>\n<script type=\"application\/ld+json\" class=\"yoast-schema-graph\">{\"@context\":\"https:\/\/schema.org\",\"@graph\":[{\"@type\":\"WebPage\",\"@id\":\"https:\/\/cenedcursos.com.br\/meio-ambiente\/eco-cidadania-com-rosto-jovem\/\",\"url\":\"https:\/\/cenedcursos.com.br\/meio-ambiente\/eco-cidadania-com-rosto-jovem\/\",\"name\":\"Eco-cidadania com rosto jovem - CENED Cursos Online\",\"isPartOf\":{\"@id\":\"https:\/\/cenedcursos.com.br\/meio-ambiente\/#website\"},\"datePublished\":\"2008-01-07T21:08:47+00:00\",\"author\":{\"@id\":\"https:\/\/cenedcursos.com.br\/meio-ambiente\/#\/schema\/person\/64377d24cdc16779a1eb6229894af388\"},\"description\":\"O sujeito ecol\u00f3gico demarca um campo de ideais dispon\u00edveis para a forma\u00e7\u00e3o identit\u00e1ria o jovem que ingressa na esfera p\u00fablica e que partilha, em algum n\u00edvel\",\"breadcrumb\":{\"@id\":\"https:\/\/cenedcursos.com.br\/meio-ambiente\/eco-cidadania-com-rosto-jovem\/#breadcrumb\"},\"inLanguage\":\"pt-BR\",\"potentialAction\":[{\"@type\":\"ReadAction\",\"target\":[\"https:\/\/cenedcursos.com.br\/meio-ambiente\/eco-cidadania-com-rosto-jovem\/\"]}]},{\"@type\":\"BreadcrumbList\",\"@id\":\"https:\/\/cenedcursos.com.br\/meio-ambiente\/eco-cidadania-com-rosto-jovem\/#breadcrumb\",\"itemListElement\":[{\"@type\":\"ListItem\",\"position\":1,\"name\":\"In\u00edcio\",\"item\":\"https:\/\/cenedcursos.com.br\/meio-ambiente\/\"},{\"@type\":\"ListItem\",\"position\":2,\"name\":\"Eco-cidadania com rosto jovem\"}]},{\"@type\":\"WebSite\",\"@id\":\"https:\/\/cenedcursos.com.br\/meio-ambiente\/#website\",\"url\":\"https:\/\/cenedcursos.com.br\/meio-ambiente\/\",\"name\":\"CENED Cursos Online\",\"description\":\"Aqui voc\u00ea encontra artigos em diversas \u00e1reas do conhecimento: meio ambiente, educa\u00e7\u00e3o, marketing digital, neg\u00f3cios online e muito mais.\",\"potentialAction\":[{\"@type\":\"SearchAction\",\"target\":{\"@type\":\"EntryPoint\",\"urlTemplate\":\"https:\/\/cenedcursos.com.br\/meio-ambiente\/?s={search_term_string}\"},\"query-input\":{\"@type\":\"PropertyValueSpecification\",\"valueRequired\":true,\"valueName\":\"search_term_string\"}}],\"inLanguage\":\"pt-BR\"},{\"@type\":\"Person\",\"@id\":\"https:\/\/cenedcursos.com.br\/meio-ambiente\/#\/schema\/person\/64377d24cdc16779a1eb6229894af388\",\"name\":\"Amarildo R. Ferrari\",\"image\":{\"@type\":\"ImageObject\",\"inLanguage\":\"pt-BR\",\"@id\":\"https:\/\/cenedcursos.com.br\/meio-ambiente\/#\/schema\/person\/image\/\",\"url\":\"https:\/\/secure.gravatar.com\/avatar\/6ea4248ca9f295c93f1b72f8398232f0fbbffe30349e6ec3839cfa5e09b0de3c?s=96&d=mm&r=g\",\"contentUrl\":\"https:\/\/secure.gravatar.com\/avatar\/6ea4248ca9f295c93f1b72f8398232f0fbbffe30349e6ec3839cfa5e09b0de3c?s=96&d=mm&r=g\",\"caption\":\"Amarildo R. Ferrari\"},\"sameAs\":[\"https:\/\/cenedcursos.com.br\/meio-ambiente\"],\"url\":\"https:\/\/cenedcursos.com.br\/meio-ambiente\/author\/admin\/\"}]}<\/script>\n<!-- \/ Yoast SEO plugin. -->","yoast_head_json":{"title":"Eco-cidadania com rosto jovem - CENED Cursos Online","description":"O sujeito ecol\u00f3gico demarca um campo de ideais dispon\u00edveis para a forma\u00e7\u00e3o identit\u00e1ria o jovem que ingressa na esfera p\u00fablica e que partilha, em algum n\u00edvel","robots":{"index":"index","follow":"follow","max-snippet":"max-snippet:-1","max-image-preview":"max-image-preview:large","max-video-preview":"max-video-preview:-1"},"canonical":"https:\/\/cenedcursos.com.br\/meio-ambiente\/eco-cidadania-com-rosto-jovem\/","og_locale":"pt_BR","og_type":"article","og_title":"Eco-cidadania com rosto jovem - CENED Cursos Online","og_description":"O sujeito ecol\u00f3gico demarca um campo de ideais dispon\u00edveis para a forma\u00e7\u00e3o identit\u00e1ria o jovem que ingressa na esfera p\u00fablica e que partilha, em algum n\u00edvel","og_url":"https:\/\/cenedcursos.com.br\/meio-ambiente\/eco-cidadania-com-rosto-jovem\/","og_site_name":"CENED Cursos Online","article_published_time":"2008-01-07T21:08:47+00:00","author":"Amarildo R. Ferrari","twitter_card":"summary_large_image","twitter_misc":{"Escrito por":"Amarildo R. Ferrari","Est. tempo de leitura":"7 minutos"},"schema":{"@context":"https:\/\/schema.org","@graph":[{"@type":"WebPage","@id":"https:\/\/cenedcursos.com.br\/meio-ambiente\/eco-cidadania-com-rosto-jovem\/","url":"https:\/\/cenedcursos.com.br\/meio-ambiente\/eco-cidadania-com-rosto-jovem\/","name":"Eco-cidadania com rosto jovem - CENED Cursos Online","isPartOf":{"@id":"https:\/\/cenedcursos.com.br\/meio-ambiente\/#website"},"datePublished":"2008-01-07T21:08:47+00:00","author":{"@id":"https:\/\/cenedcursos.com.br\/meio-ambiente\/#\/schema\/person\/64377d24cdc16779a1eb6229894af388"},"description":"O sujeito ecol\u00f3gico demarca um campo de ideais dispon\u00edveis para a forma\u00e7\u00e3o identit\u00e1ria o jovem que ingressa na esfera p\u00fablica e que partilha, em algum n\u00edvel","breadcrumb":{"@id":"https:\/\/cenedcursos.com.br\/meio-ambiente\/eco-cidadania-com-rosto-jovem\/#breadcrumb"},"inLanguage":"pt-BR","potentialAction":[{"@type":"ReadAction","target":["https:\/\/cenedcursos.com.br\/meio-ambiente\/eco-cidadania-com-rosto-jovem\/"]}]},{"@type":"BreadcrumbList","@id":"https:\/\/cenedcursos.com.br\/meio-ambiente\/eco-cidadania-com-rosto-jovem\/#breadcrumb","itemListElement":[{"@type":"ListItem","position":1,"name":"In\u00edcio","item":"https:\/\/cenedcursos.com.br\/meio-ambiente\/"},{"@type":"ListItem","position":2,"name":"Eco-cidadania com rosto jovem"}]},{"@type":"WebSite","@id":"https:\/\/cenedcursos.com.br\/meio-ambiente\/#website","url":"https:\/\/cenedcursos.com.br\/meio-ambiente\/","name":"CENED Cursos Online","description":"Aqui voc\u00ea encontra artigos em diversas \u00e1reas do conhecimento: meio ambiente, educa\u00e7\u00e3o, marketing digital, neg\u00f3cios online e muito mais.","potentialAction":[{"@type":"SearchAction","target":{"@type":"EntryPoint","urlTemplate":"https:\/\/cenedcursos.com.br\/meio-ambiente\/?s={search_term_string}"},"query-input":{"@type":"PropertyValueSpecification","valueRequired":true,"valueName":"search_term_string"}}],"inLanguage":"pt-BR"},{"@type":"Person","@id":"https:\/\/cenedcursos.com.br\/meio-ambiente\/#\/schema\/person\/64377d24cdc16779a1eb6229894af388","name":"Amarildo R. Ferrari","image":{"@type":"ImageObject","inLanguage":"pt-BR","@id":"https:\/\/cenedcursos.com.br\/meio-ambiente\/#\/schema\/person\/image\/","url":"https:\/\/secure.gravatar.com\/avatar\/6ea4248ca9f295c93f1b72f8398232f0fbbffe30349e6ec3839cfa5e09b0de3c?s=96&d=mm&r=g","contentUrl":"https:\/\/secure.gravatar.com\/avatar\/6ea4248ca9f295c93f1b72f8398232f0fbbffe30349e6ec3839cfa5e09b0de3c?s=96&d=mm&r=g","caption":"Amarildo R. Ferrari"},"sameAs":["https:\/\/cenedcursos.com.br\/meio-ambiente"],"url":"https:\/\/cenedcursos.com.br\/meio-ambiente\/author\/admin\/"}]}},"jetpack_featured_media_url":"","jetpack_sharing_enabled":true,"_links":{"self":[{"href":"https:\/\/cenedcursos.com.br\/meio-ambiente\/wp-json\/wp\/v2\/posts\/230","targetHints":{"allow":["GET"]}}],"collection":[{"href":"https:\/\/cenedcursos.com.br\/meio-ambiente\/wp-json\/wp\/v2\/posts"}],"about":[{"href":"https:\/\/cenedcursos.com.br\/meio-ambiente\/wp-json\/wp\/v2\/types\/post"}],"author":[{"embeddable":true,"href":"https:\/\/cenedcursos.com.br\/meio-ambiente\/wp-json\/wp\/v2\/users\/1"}],"replies":[{"embeddable":true,"href":"https:\/\/cenedcursos.com.br\/meio-ambiente\/wp-json\/wp\/v2\/comments?post=230"}],"version-history":[{"count":0,"href":"https:\/\/cenedcursos.com.br\/meio-ambiente\/wp-json\/wp\/v2\/posts\/230\/revisions"}],"wp:attachment":[{"href":"https:\/\/cenedcursos.com.br\/meio-ambiente\/wp-json\/wp\/v2\/media?parent=230"}],"wp:term":[{"taxonomy":"category","embeddable":true,"href":"https:\/\/cenedcursos.com.br\/meio-ambiente\/wp-json\/wp\/v2\/categories?post=230"},{"taxonomy":"post_tag","embeddable":true,"href":"https:\/\/cenedcursos.com.br\/meio-ambiente\/wp-json\/wp\/v2\/tags?post=230"}],"curies":[{"name":"wp","href":"https:\/\/api.w.org\/{rel}","templated":true}]}}