{"id":236,"date":"2008-02-05T11:22:22","date_gmt":"2008-02-05T11:22:22","guid":{"rendered":"http:\/\/www.cenedcursos.com.br\/?p=236"},"modified":"2008-02-05T11:22:22","modified_gmt":"2008-02-05T11:22:22","slug":"nr-09-programa-de-prevencao-de-riscos-ambientais","status":"publish","type":"post","link":"https:\/\/cenedcursos.com.br\/meio-ambiente\/nr-09-programa-de-prevencao-de-riscos-ambientais\/","title":{"rendered":"NR 09 &#8211; Programa de Preven\u00e7\u00e3o de Riscos Ambientais"},"content":{"rendered":"<p class=\"MsoNormal\" style=\"text-align: justify;\">A NR 09 \u00e9 o conjunto de a\u00e7\u00f5es visando a preserva\u00e7\u00e3o da sa\u00fade e da integridade dos trabalhadores, atrav\u00e9s da antecipa\u00e7\u00e3o, reconhecimento, avalia\u00e7\u00e3o e consequente controle da ocorr\u00eancia de riscos ambientais existentes ou que venham a existir no ambiente de trabalho, tendo em considera\u00e7\u00e3o a prote\u00e7\u00e3o do meio ambiente e dos recursos naturais.<br \/>\nEm Angola a legisla\u00e7\u00e3o de Seguran\u00e7a no trabalho obriga todas as empresas a elaborarem e implementarem o PPRA, al\u00e9m de manter um documento-base de registro dessas a\u00e7\u00f5es, que incluem:<\/p>\n<ul style=\"text-align: justify;\">\n<li class=\"MsoNormal\" style=\"text-align: justify;\">levantamento dos riscos;<\/li>\n<li class=\"MsoNormal\" style=\"text-align: justify;\">planejamento anual com estabelecimento de metas e prioridades;<\/li>\n<li class=\"MsoNormal\" style=\"text-align: justify;\">cronogramas;<\/li>\n<li class=\"MsoNormal\" style=\"text-align: justify;\">estrat\u00e9gia e metodologia de a\u00e7\u00e3o;<\/li>\n<li class=\"MsoNormal\" style=\"text-align: justify;\">forma do registro, manuten\u00e7\u00e3o e divulga\u00e7\u00e3o dos dados;<\/li>\n<li class=\"MsoNormal\" style=\"text-align: justify;\">periodicidade e forma de avalia\u00e7\u00e3o do desenvolvimento do PPRA.<\/li>\n<\/ul>\n<p class=\"MsoNormal\" style=\"text-align: justify;\">No Brasil o <a href=\"https:\/\/www.cenedcursos.com.br\/meio-ambiente\/mapa-de-riscos-ambientais\/\">Programa de Preven\u00e7\u00e3o de Riscos Ambientais<\/a> ou PPRA, \u00e9 um programa estabelecido pela Norma Regulamentadora NR 09, da Secretaria de Seguran\u00e7a e Sa\u00fade do Trabalho, do Minist\u00e9rio do Trabalho e Emprego.<\/p>\n<p style=\"text-align: justify;\">Este programa tem por objectivo, definir uma metodologia de a\u00e7\u00e3o que garanta a preserva\u00e7\u00e3o da sa\u00fade e integridade dos trabalhadores face aos riscos existentes nos ambientes de trabalho.<a href=\"https:\/\/i0.wp.com\/www.cenedcursos.com.br\/meio-ambiente\/wp-content\/uploads\/2008\/02\/nr-09-1.jpg?ssl=1\"><img data-recalc-dims=\"1\" loading=\"lazy\" decoding=\"async\" data-attachment-id=\"9475\" data-permalink=\"https:\/\/cenedcursos.com.br\/meio-ambiente\/nr-09-2\/\" data-orig-file=\"https:\/\/i0.wp.com\/cenedcursos.com.br\/meio-ambiente\/wp-content\/uploads\/2008\/02\/nr-09-1-1.jpg?fit=500%2C333&amp;ssl=1\" data-orig-size=\"500,333\" data-comments-opened=\"1\" data-image-meta=\"{&quot;aperture&quot;:&quot;0&quot;,&quot;credit&quot;:&quot;&quot;,&quot;camera&quot;:&quot;&quot;,&quot;caption&quot;:&quot;&quot;,&quot;created_timestamp&quot;:&quot;0&quot;,&quot;copyright&quot;:&quot;&quot;,&quot;focal_length&quot;:&quot;0&quot;,&quot;iso&quot;:&quot;0&quot;,&quot;shutter_speed&quot;:&quot;0&quot;,&quot;title&quot;:&quot;&quot;,&quot;orientation&quot;:&quot;0&quot;}\" data-image-title=\"nr 09\" data-image-description=\"\" data-image-caption=\"\" data-medium-file=\"https:\/\/i0.wp.com\/cenedcursos.com.br\/meio-ambiente\/wp-content\/uploads\/2008\/02\/nr-09-1-1.jpg?fit=300%2C200&amp;ssl=1\" data-large-file=\"https:\/\/i0.wp.com\/cenedcursos.com.br\/meio-ambiente\/wp-content\/uploads\/2008\/02\/nr-09-1-1.jpg?fit=500%2C333&amp;ssl=1\" class=\"alignright wp-image-9475 size-medium\" src=\"https:\/\/i0.wp.com\/www.cenedcursos.com.br\/meio-ambiente\/wp-content\/uploads\/2008\/02\/nr-09-1-300x200.jpg?resize=300%2C200&#038;ssl=1\" alt=\"nr 09\" width=\"300\" height=\"200\" \/><\/a><\/p>\n<p class=\"MsoNormal\" style=\"text-align: justify;\">A legisla\u00e7\u00e3o de seguran\u00e7a do trabalho brasileira, considera como riscos ambientais, agentes f\u00edsicos, qu\u00edmicos e biol\u00f3gicos.<br \/>\nPara que sejam considerados fatores de riscos ambientais estes agentes precisam estar presentes no ambiente de trabalho em determinada concentra\u00e7\u00e3o ou intensidade, e o tempo m\u00e1ximo de exposi\u00e7\u00e3o do trabalhador a eles \u00e9 determinado por limites pr\u00e9 estabelecidos.<\/p>\n<p class=\"MsoNormal\" style=\"text-align: justify;\"><strong>I. Introdu\u00e7\u00e3o<\/strong><\/p>\n<p class=\"MsoNormal\" style=\"text-align: justify;\">Em 29 de Dezembro de 1994, a portaria n\u00ba 25, aprovou o texto da NR 09, estabelecendo a obrigatoriedade da elabora\u00e7\u00e3o e implementa\u00e7\u00e3o por parte de todos os empregadores e institui\u00e7\u00f5es que admitam trabalhadores como empregados.<\/p>\n<h2 class=\"MsoNormal\" style=\"text-align: justify;\"><span style=\"font-size: 12pt;\"><strong>O programa de Preven\u00e7\u00e3o de Riscos Ambientais PPRA &#8211; NR 09<\/strong><\/span><\/h2>\n<p class=\"MsoNormal\" style=\"text-align: justify;\">Nesta \u00f3ptica o PPRA da Empresa descrito no documento base, deve conter os seguintes t\u00f3picos:<\/p>\n<ul style=\"text-align: justify;\">\n<li>Os aspectos estruturais do programa.<\/li>\n<li>A estrat\u00e9gia e metodologia de ac\u00e7\u00e3o.<\/li>\n<li>Forma de registro.<\/li>\n<li>Manuten\u00e7\u00e3o e divulga\u00e7\u00e3o dos dados.<\/li>\n<li>A periodicidade e forma de avalia\u00e7\u00e3o do desenvolvimento do programa.<\/li>\n<li>Etapas de reconhecimento dos riscos.<\/li>\n<li>Planeamento anual com estabelecimento das metas a serem cumpridas com prazos para a implementa\u00e7\u00e3o, conforme o cronograma anual.<\/li>\n<\/ul>\n<p class=\"MsoNormal\" style=\"text-align: justify;\"><strong>II.Objectivos<\/strong><\/p>\n<p class=\"MsoNormal\" style=\"text-align: justify;\">O PPRA, tem como objectivo a preven\u00e7\u00e3o da sa\u00fade e integridade f\u00edsica dos trabalhadores, atrav\u00e9s do desenvolvimento das seguintes etapas:<\/p>\n<ul style=\"text-align: justify;\">\n<li>Antecipa\u00e7\u00e3o;<\/li>\n<li>Reconhecimento;<\/li>\n<li>Avalia\u00e7\u00e3o e controle de riscos ambientais existentes nos locais de trabalho.<\/li>\n<\/ul>\n<p class=\"MsoNormal\" style=\"text-align: justify;\">Exemplo de Planilha para Reconhecimento dos Riscos.<\/p>\n<table border=\"1\" cellspacing=\"0\" cellpadding=\"0\">\n<tbody>\n<tr>\n<td valign=\"top\" width=\"144\">Identifica\u00e7\u00e3o do Risco<\/td>\n<td valign=\"top\" width=\"144\">Causa\/Fonte Gerador<\/td>\n<td valign=\"top\" width=\"144\">Tipo de Exposi\u00e7\u00e3o<\/td>\n<td valign=\"top\" width=\"144\">Trabalhadores Expostos<\/td>\n<\/tr>\n<tr>\n<td valign=\"top\" width=\"144\">Ru\u00eddos<\/td>\n<td valign=\"top\" width=\"144\">Motores dos caminh\u00f5es, tr\u00e2nsito de ve\u00edculos.<\/td>\n<td valign=\"top\" width=\"144\">Cont\u00ednuo<\/td>\n<td valign=\"top\" width=\"144\">Auxiliar de produ\u00e7\u00e3o<\/td>\n<\/tr>\n<tr>\n<td valign=\"top\" width=\"144\">\u00d3leos B\u00e1sicos<\/td>\n<td valign=\"top\" width=\"144\">Medi\u00e7\u00e3o do n\u00edvel de Temperatura dos Tanques<\/td>\n<td valign=\"top\" width=\"144\">Intermitente<\/td>\n<td valign=\"top\" width=\"144\">Auxiliar de produ\u00e7\u00e3o<\/td>\n<\/tr>\n<\/tbody>\n<\/table>\n<p class=\"MsoNormal\" style=\"text-align: justify;\">O PPRA \u00e9 parte integrante do conjunto mais amplo de iniciativas da empresa, no campo da preserva\u00e7\u00e3o da sa\u00fade e de integridade fisica dos trabalhadores.<br \/>\nTem ainda objectivo atender as obrigatoriedades legais, previstas nas normas especificas.<\/p>\n<p class=\"MsoNormal\" style=\"text-align: justify;\"><strong>III. Actividades da Empresa<\/strong><\/p>\n<p class=\"MsoNormal\" style=\"text-align: justify;\">Escrit\u00f3rios de servi\u00e7os admnistrativos visando atender as necessidades burocr\u00e1ticas da Empresa.<\/p>\n<p class=\"MsoNormal\" style=\"text-align: justify;\"><strong>IV. Caracter\u00edsticas do Ambiente de Trabalho.<\/strong><\/p>\n<p class=\"MsoNormal\" style=\"text-align: justify;\"><em>Tab.2. Caracter\u00edsticas F\u00edsicas do Ambiente de Trabalho, conforme ao Quadro abaixo:<\/em><\/p>\n<table border=\"1\" cellspacing=\"0\" cellpadding=\"0\">\n<tbody>\n<tr>\n<td colspan=\"2\" valign=\"top\" width=\"581\">\n<h2><span style=\"font-size: 12pt;\"><strong>Caracter\u00edsticas do Ambiente da Empresa<\/strong><\/span><\/h2>\n<\/td>\n<\/tr>\n<tr>\n<td valign=\"top\" width=\"291\">Piso:<\/td>\n<td valign=\"top\" width=\"291\">2\u00ba Andar Direito<\/td>\n<\/tr>\n<tr>\n<td valign=\"top\" width=\"291\">Paredes:<\/td>\n<td valign=\"top\" width=\"291\">Cimento e Alum\u00ednio<\/td>\n<\/tr>\n<tr>\n<td valign=\"top\" width=\"291\">Cobertura:<\/td>\n<td valign=\"top\" width=\"291\">Cimento<\/td>\n<\/tr>\n<tr>\n<td valign=\"top\" width=\"291\">Ilumina\u00e7\u00e3o natural:<\/td>\n<td valign=\"top\" width=\"291\">Sim<\/td>\n<\/tr>\n<tr>\n<td valign=\"top\" width=\"291\">Ventila\u00e7\u00e3o natural:<\/td>\n<td valign=\"top\" width=\"291\">Sim<\/td>\n<\/tr>\n<tr>\n<td valign=\"top\" width=\"291\">Ilumina\u00e7\u00e3o artificial:<\/td>\n<td valign=\"top\" width=\"291\">Sim<\/td>\n<\/tr>\n<tr>\n<td valign=\"top\" width=\"291\">Ventila\u00e7\u00e3o artificial:<\/td>\n<td valign=\"top\" width=\"291\">Sim<\/td>\n<\/tr>\n<\/tbody>\n<\/table>\n<p class=\"MsoNormal\" style=\"text-align: justify;\"><em>Descri\u00e7\u00e3o das actividades realizadas nos sectores de trabalho.<\/em><\/p>\n<p style=\"text-align: justify;\">Desenvolver Planilha contendo:<\/p>\n<ul style=\"text-align: justify;\">\n<li>A rela\u00e7\u00e3o de sectores,<\/li>\n<li>Fun\u00e7\u00f5es dos trabalhadores,<\/li>\n<li>O quantitativo de empregado e descri\u00e7\u00e3o das actividades realizadas.<\/li>\n<li>Descri\u00e7\u00e3o do Local de Trabalho.<\/li>\n<\/ul>\n<p class=\"MsoNormal\" style=\"text-align: justify;\"><strong>V. Descri\u00e7\u00e3o das Actividades Realizadas.<\/strong><\/p>\n<table border=\"1\" cellspacing=\"0\" cellpadding=\"0\">\n<tbody>\n<tr>\n<td valign=\"top\" width=\"116\">Sector<\/td>\n<td valign=\"top\" width=\"116\">Fun\u00e7\u00f5es Existentes<\/td>\n<td valign=\"top\" width=\"116\">N\u00ba. de Funcion\u00e1rios<\/td>\n<td valign=\"top\" width=\"116\">Descri\u00e7\u00e3o das Atividades<\/td>\n<td valign=\"top\" width=\"116\">Descri\u00e7\u00e3o do Local de Trabalho<\/td>\n<\/tr>\n<tr>\n<td valign=\"top\" width=\"116\">Escrit\u00f3rios<\/td>\n<td valign=\"top\" width=\"116\">Assistente T\u00e9cnico de Produ\u00e7\u00e3o<\/td>\n<td valign=\"top\" width=\"116\">01<\/td>\n<td valign=\"top\" width=\"116\">Repouso pelo servi\u00e7o administrativo da Empresa<\/td>\n<td valign=\"top\" width=\"116\">Sala existente de ilumina\u00e7\u00e3o natural e artificial<\/td>\n<\/tr>\n<tr>\n<td valign=\"top\" width=\"116\">Plataforma<\/td>\n<td valign=\"top\" width=\"116\">Auxiliar de Produ\u00e7\u00e3o<\/td>\n<td valign=\"top\" width=\"116\">02<\/td>\n<td valign=\"top\" width=\"116\">Execu\u00e7\u00e3o dos servi\u00e7os Operacionais<\/td>\n<td valign=\"top\" width=\"116\">Plataforma suspensoral, Exist\u00eancia de Ilumina\u00e7\u00e3o eventila\u00e7\u00e3o Natural.<\/td>\n<\/tr>\n<\/tbody>\n<\/table>\n<p class=\"MsoNormal\" style=\"text-align: justify;\">Defini\u00e7\u00e3o das Responsabilidades do Empregador:<\/p>\n<ul style=\"text-align: justify;\">\n<li style=\"text-align: justify;\">O Empregador \u00e9 o respons\u00e1vel por estabelecer, implementar e assegurar o cumprimento do <a href=\"http:\/\/www.guiatrabalhista.com.br\/legislacao\/nr\/nr9.htm\" target=\"_blank\" rel=\"noopener noreferrer\">PPRA<\/a>, como actividade permanente da Empresa.<\/li>\n<li style=\"text-align: justify;\">Informar aos trabalhadores sobre os riscos ambientais e meios dispon\u00edveis de protec\u00e7\u00e3o.<\/li>\n<\/ul>\n<p class=\"MsoNormal\" style=\"text-align: justify;\"><strong>VI. Conclus\u00e3o<\/strong><\/p>\n<ul style=\"text-align: justify;\">\n<li style=\"text-align: justify;\">O principal objectivo deste trabalho foi fornecer dados sobre a exposi\u00e7\u00e3o ocupacional a quem est\u00e3o sujeitos os trabalhadores.<\/li>\n<li style=\"text-align: justify;\">Servindo ainda como forma de auditoria anual ao programa de preven\u00e7\u00e3o de riscos ambientais &#8211; NR 09.<\/li>\n<li style=\"text-align: justify;\">A responsabilidade t\u00e9cnica do presente documento que foi confeccionado pelo eng. Fulano.<\/li>\n<li style=\"text-align: justify;\">Ficando de inteira responsabilidade da empresa a implementa\u00e7\u00e3o e acompanhamento das medidas de correc\u00e7\u00e3o.<\/li>\n<\/ul>\n<p style=\"text-align: justify;\"><em><strong>Autor: Paulo Domingos Brinca &#8211; Angola<\/strong><\/em><\/p>\n<p class=\"MsoNormal\" style=\"text-align: justify;\"><strong>VII. Bibliografia<\/strong><\/p>\n<ul style=\"text-align: justify;\">\n<li class=\"MsoNormal\"><strong>Manual sobre o Programa de Preven\u00e7\u00e3o de Risco Ambiental<\/strong>. Coordenadora de Ac\u00e7\u00f5es em Saude do Trabalho, Renata de Carvalho Murad Laead da Cunha. Funda\u00e7\u00e3o Universidade Federal do Tocantins.<\/li>\n<li class=\"MsoNormal\"><strong>Normas e Regulamentos de Seguran\u00e7a e Saude no Trabalho em Angola<span style=\"font-weight: normal;\">. Minist\u00e9rio<\/span><span style=\"font-weight: normal;\"> do Trabalho e Seguran\u00e7a Social.<\/span><\/strong><\/li>\n<li class=\"MsoNormal\"><strong>PPRA \u2013 Programa de Preven\u00e7\u00e3o de Riscos Ambientais<\/strong>. Fabianon Calvacanti.<\/li>\n<\/ul>\n","protected":false},"excerpt":{"rendered":"<p>A NR 09 \u00e9 o conjunto de a\u00e7\u00f5es visando a preserva\u00e7\u00e3o da sa\u00fade e da integridade dos trabalhadores, atrav\u00e9s da antecipa\u00e7\u00e3o, reconhecimento, avalia\u00e7\u00e3o e consequente controle da ocorr\u00eancia de riscos ambientais existentes ou que venham a existir no ambiente de trabalho, tendo em considera\u00e7\u00e3o a prote\u00e7\u00e3o do meio ambiente e dos recursos naturais. Em Angola [&hellip;]<\/p>\n","protected":false},"author":1,"featured_media":0,"comment_status":"open","ping_status":"open","sticky":false,"template":"","format":"standard","meta":{"_jetpack_memberships_contains_paid_content":false,"footnotes":""},"categories":[495],"tags":[922,975,997],"class_list":{"0":"post-236","1":"post","2":"type-post","3":"status-publish","4":"format-standard","6":"category-impactos-ambientais-textos","7":"tag-nr-09","8":"tag-ppra","9":"tag-programa-de-prevencao-de-riscos-ambientais"},"yoast_head":"<!-- This site is optimized with the Yoast SEO plugin v25.1 - https:\/\/yoast.com\/wordpress\/plugins\/seo\/ -->\n<title>NR 09 - Programa de Preven\u00e7\u00e3o de Riscos Ambientais<\/title>\n<meta name=\"description\" content=\"NR 09 \u00e9 o conjunto de a\u00e7\u00f5es visando a preserva\u00e7\u00e3o da sa\u00fade e da integridade dos trabalhadores, atrav\u00e9s da antecipa\u00e7\u00e3o, reconhecimento, avalia\u00e7\u00e3o e\" \/>\n<meta name=\"robots\" content=\"index, follow, max-snippet:-1, max-image-preview:large, max-video-preview:-1\" \/>\n<link rel=\"canonical\" href=\"https:\/\/cenedcursos.com.br\/meio-ambiente\/nr-09-programa-de-prevencao-de-riscos-ambientais\/\" \/>\n<meta property=\"og:locale\" content=\"pt_BR\" \/>\n<meta property=\"og:type\" content=\"article\" \/>\n<meta property=\"og:title\" content=\"NR 09 - Programa de Preven\u00e7\u00e3o de Riscos Ambientais\" \/>\n<meta property=\"og:description\" content=\"NR 09 \u00e9 o conjunto de a\u00e7\u00f5es visando a preserva\u00e7\u00e3o da sa\u00fade e da integridade dos trabalhadores, atrav\u00e9s da antecipa\u00e7\u00e3o, reconhecimento, avalia\u00e7\u00e3o e\" \/>\n<meta property=\"og:url\" content=\"https:\/\/cenedcursos.com.br\/meio-ambiente\/nr-09-programa-de-prevencao-de-riscos-ambientais\/\" \/>\n<meta property=\"og:site_name\" content=\"CENED Cursos Online\" \/>\n<meta property=\"article:published_time\" content=\"2008-02-05T11:22:22+00:00\" \/>\n<meta property=\"og:image\" content=\"https:\/\/www.cenedcursos.com.br\/meio-ambiente\/wp-content\/uploads\/2008\/02\/nr-09-1-300x200.jpg\" \/>\n<meta name=\"author\" content=\"Amarildo R. Ferrari\" \/>\n<meta name=\"twitter:card\" content=\"summary_large_image\" \/>\n<meta name=\"twitter:label1\" content=\"Escrito por\" \/>\n\t<meta name=\"twitter:data1\" content=\"Amarildo R. Ferrari\" \/>\n\t<meta name=\"twitter:label2\" content=\"Est. tempo de leitura\" \/>\n\t<meta name=\"twitter:data2\" content=\"4 minutos\" \/>\n<script type=\"application\/ld+json\" class=\"yoast-schema-graph\">{\"@context\":\"https:\/\/schema.org\",\"@graph\":[{\"@type\":\"WebPage\",\"@id\":\"https:\/\/cenedcursos.com.br\/meio-ambiente\/nr-09-programa-de-prevencao-de-riscos-ambientais\/\",\"url\":\"https:\/\/cenedcursos.com.br\/meio-ambiente\/nr-09-programa-de-prevencao-de-riscos-ambientais\/\",\"name\":\"NR 09 - Programa de Preven\u00e7\u00e3o de Riscos Ambientais\",\"isPartOf\":{\"@id\":\"https:\/\/cenedcursos.com.br\/meio-ambiente\/#website\"},\"primaryImageOfPage\":{\"@id\":\"https:\/\/cenedcursos.com.br\/meio-ambiente\/nr-09-programa-de-prevencao-de-riscos-ambientais\/#primaryimage\"},\"image\":{\"@id\":\"https:\/\/cenedcursos.com.br\/meio-ambiente\/nr-09-programa-de-prevencao-de-riscos-ambientais\/#primaryimage\"},\"thumbnailUrl\":\"https:\/\/www.cenedcursos.com.br\/meio-ambiente\/wp-content\/uploads\/2008\/02\/nr-09-1-300x200.jpg\",\"datePublished\":\"2008-02-05T11:22:22+00:00\",\"author\":{\"@id\":\"https:\/\/cenedcursos.com.br\/meio-ambiente\/#\/schema\/person\/64377d24cdc16779a1eb6229894af388\"},\"description\":\"NR 09 \u00e9 o conjunto de a\u00e7\u00f5es visando a preserva\u00e7\u00e3o da sa\u00fade e da integridade dos trabalhadores, atrav\u00e9s da antecipa\u00e7\u00e3o, reconhecimento, avalia\u00e7\u00e3o e\",\"breadcrumb\":{\"@id\":\"https:\/\/cenedcursos.com.br\/meio-ambiente\/nr-09-programa-de-prevencao-de-riscos-ambientais\/#breadcrumb\"},\"inLanguage\":\"pt-BR\",\"potentialAction\":[{\"@type\":\"ReadAction\",\"target\":[\"https:\/\/cenedcursos.com.br\/meio-ambiente\/nr-09-programa-de-prevencao-de-riscos-ambientais\/\"]}]},{\"@type\":\"ImageObject\",\"inLanguage\":\"pt-BR\",\"@id\":\"https:\/\/cenedcursos.com.br\/meio-ambiente\/nr-09-programa-de-prevencao-de-riscos-ambientais\/#primaryimage\",\"url\":\"https:\/\/www.cenedcursos.com.br\/meio-ambiente\/wp-content\/uploads\/2008\/02\/nr-09-1-300x200.jpg\",\"contentUrl\":\"https:\/\/www.cenedcursos.com.br\/meio-ambiente\/wp-content\/uploads\/2008\/02\/nr-09-1-300x200.jpg\"},{\"@type\":\"BreadcrumbList\",\"@id\":\"https:\/\/cenedcursos.com.br\/meio-ambiente\/nr-09-programa-de-prevencao-de-riscos-ambientais\/#breadcrumb\",\"itemListElement\":[{\"@type\":\"ListItem\",\"position\":1,\"name\":\"In\u00edcio\",\"item\":\"https:\/\/cenedcursos.com.br\/meio-ambiente\/\"},{\"@type\":\"ListItem\",\"position\":2,\"name\":\"NR 09 &#8211; Programa de Preven\u00e7\u00e3o de Riscos Ambientais\"}]},{\"@type\":\"WebSite\",\"@id\":\"https:\/\/cenedcursos.com.br\/meio-ambiente\/#website\",\"url\":\"https:\/\/cenedcursos.com.br\/meio-ambiente\/\",\"name\":\"CENED Cursos Online\",\"description\":\"Aqui voc\u00ea encontra artigos em diversas \u00e1reas do conhecimento: meio ambiente, educa\u00e7\u00e3o, marketing digital, neg\u00f3cios online e muito mais.\",\"potentialAction\":[{\"@type\":\"SearchAction\",\"target\":{\"@type\":\"EntryPoint\",\"urlTemplate\":\"https:\/\/cenedcursos.com.br\/meio-ambiente\/?s={search_term_string}\"},\"query-input\":{\"@type\":\"PropertyValueSpecification\",\"valueRequired\":true,\"valueName\":\"search_term_string\"}}],\"inLanguage\":\"pt-BR\"},{\"@type\":\"Person\",\"@id\":\"https:\/\/cenedcursos.com.br\/meio-ambiente\/#\/schema\/person\/64377d24cdc16779a1eb6229894af388\",\"name\":\"Amarildo R. Ferrari\",\"image\":{\"@type\":\"ImageObject\",\"inLanguage\":\"pt-BR\",\"@id\":\"https:\/\/cenedcursos.com.br\/meio-ambiente\/#\/schema\/person\/image\/\",\"url\":\"https:\/\/secure.gravatar.com\/avatar\/6ea4248ca9f295c93f1b72f8398232f0fbbffe30349e6ec3839cfa5e09b0de3c?s=96&d=mm&r=g\",\"contentUrl\":\"https:\/\/secure.gravatar.com\/avatar\/6ea4248ca9f295c93f1b72f8398232f0fbbffe30349e6ec3839cfa5e09b0de3c?s=96&d=mm&r=g\",\"caption\":\"Amarildo R. Ferrari\"},\"sameAs\":[\"https:\/\/cenedcursos.com.br\/meio-ambiente\"],\"url\":\"https:\/\/cenedcursos.com.br\/meio-ambiente\/author\/admin\/\"}]}<\/script>\n<!-- \/ Yoast SEO plugin. -->","yoast_head_json":{"title":"NR 09 - Programa de Preven\u00e7\u00e3o de Riscos Ambientais","description":"NR 09 \u00e9 o conjunto de a\u00e7\u00f5es visando a preserva\u00e7\u00e3o da sa\u00fade e da integridade dos trabalhadores, atrav\u00e9s da antecipa\u00e7\u00e3o, reconhecimento, avalia\u00e7\u00e3o e","robots":{"index":"index","follow":"follow","max-snippet":"max-snippet:-1","max-image-preview":"max-image-preview:large","max-video-preview":"max-video-preview:-1"},"canonical":"https:\/\/cenedcursos.com.br\/meio-ambiente\/nr-09-programa-de-prevencao-de-riscos-ambientais\/","og_locale":"pt_BR","og_type":"article","og_title":"NR 09 - Programa de Preven\u00e7\u00e3o de Riscos Ambientais","og_description":"NR 09 \u00e9 o conjunto de a\u00e7\u00f5es visando a preserva\u00e7\u00e3o da sa\u00fade e da integridade dos trabalhadores, atrav\u00e9s da antecipa\u00e7\u00e3o, reconhecimento, avalia\u00e7\u00e3o e","og_url":"https:\/\/cenedcursos.com.br\/meio-ambiente\/nr-09-programa-de-prevencao-de-riscos-ambientais\/","og_site_name":"CENED Cursos Online","article_published_time":"2008-02-05T11:22:22+00:00","og_image":[{"url":"https:\/\/www.cenedcursos.com.br\/meio-ambiente\/wp-content\/uploads\/2008\/02\/nr-09-1-300x200.jpg","type":"","width":"","height":""}],"author":"Amarildo R. Ferrari","twitter_card":"summary_large_image","twitter_misc":{"Escrito por":"Amarildo R. Ferrari","Est. tempo de leitura":"4 minutos"},"schema":{"@context":"https:\/\/schema.org","@graph":[{"@type":"WebPage","@id":"https:\/\/cenedcursos.com.br\/meio-ambiente\/nr-09-programa-de-prevencao-de-riscos-ambientais\/","url":"https:\/\/cenedcursos.com.br\/meio-ambiente\/nr-09-programa-de-prevencao-de-riscos-ambientais\/","name":"NR 09 - Programa de Preven\u00e7\u00e3o de Riscos Ambientais","isPartOf":{"@id":"https:\/\/cenedcursos.com.br\/meio-ambiente\/#website"},"primaryImageOfPage":{"@id":"https:\/\/cenedcursos.com.br\/meio-ambiente\/nr-09-programa-de-prevencao-de-riscos-ambientais\/#primaryimage"},"image":{"@id":"https:\/\/cenedcursos.com.br\/meio-ambiente\/nr-09-programa-de-prevencao-de-riscos-ambientais\/#primaryimage"},"thumbnailUrl":"https:\/\/www.cenedcursos.com.br\/meio-ambiente\/wp-content\/uploads\/2008\/02\/nr-09-1-300x200.jpg","datePublished":"2008-02-05T11:22:22+00:00","author":{"@id":"https:\/\/cenedcursos.com.br\/meio-ambiente\/#\/schema\/person\/64377d24cdc16779a1eb6229894af388"},"description":"NR 09 \u00e9 o conjunto de a\u00e7\u00f5es visando a preserva\u00e7\u00e3o da sa\u00fade e da integridade dos trabalhadores, atrav\u00e9s da antecipa\u00e7\u00e3o, reconhecimento, avalia\u00e7\u00e3o e","breadcrumb":{"@id":"https:\/\/cenedcursos.com.br\/meio-ambiente\/nr-09-programa-de-prevencao-de-riscos-ambientais\/#breadcrumb"},"inLanguage":"pt-BR","potentialAction":[{"@type":"ReadAction","target":["https:\/\/cenedcursos.com.br\/meio-ambiente\/nr-09-programa-de-prevencao-de-riscos-ambientais\/"]}]},{"@type":"ImageObject","inLanguage":"pt-BR","@id":"https:\/\/cenedcursos.com.br\/meio-ambiente\/nr-09-programa-de-prevencao-de-riscos-ambientais\/#primaryimage","url":"https:\/\/www.cenedcursos.com.br\/meio-ambiente\/wp-content\/uploads\/2008\/02\/nr-09-1-300x200.jpg","contentUrl":"https:\/\/www.cenedcursos.com.br\/meio-ambiente\/wp-content\/uploads\/2008\/02\/nr-09-1-300x200.jpg"},{"@type":"BreadcrumbList","@id":"https:\/\/cenedcursos.com.br\/meio-ambiente\/nr-09-programa-de-prevencao-de-riscos-ambientais\/#breadcrumb","itemListElement":[{"@type":"ListItem","position":1,"name":"In\u00edcio","item":"https:\/\/cenedcursos.com.br\/meio-ambiente\/"},{"@type":"ListItem","position":2,"name":"NR 09 &#8211; Programa de Preven\u00e7\u00e3o de Riscos Ambientais"}]},{"@type":"WebSite","@id":"https:\/\/cenedcursos.com.br\/meio-ambiente\/#website","url":"https:\/\/cenedcursos.com.br\/meio-ambiente\/","name":"CENED Cursos Online","description":"Aqui voc\u00ea encontra artigos em diversas \u00e1reas do conhecimento: meio ambiente, educa\u00e7\u00e3o, marketing digital, neg\u00f3cios online e muito mais.","potentialAction":[{"@type":"SearchAction","target":{"@type":"EntryPoint","urlTemplate":"https:\/\/cenedcursos.com.br\/meio-ambiente\/?s={search_term_string}"},"query-input":{"@type":"PropertyValueSpecification","valueRequired":true,"valueName":"search_term_string"}}],"inLanguage":"pt-BR"},{"@type":"Person","@id":"https:\/\/cenedcursos.com.br\/meio-ambiente\/#\/schema\/person\/64377d24cdc16779a1eb6229894af388","name":"Amarildo R. Ferrari","image":{"@type":"ImageObject","inLanguage":"pt-BR","@id":"https:\/\/cenedcursos.com.br\/meio-ambiente\/#\/schema\/person\/image\/","url":"https:\/\/secure.gravatar.com\/avatar\/6ea4248ca9f295c93f1b72f8398232f0fbbffe30349e6ec3839cfa5e09b0de3c?s=96&d=mm&r=g","contentUrl":"https:\/\/secure.gravatar.com\/avatar\/6ea4248ca9f295c93f1b72f8398232f0fbbffe30349e6ec3839cfa5e09b0de3c?s=96&d=mm&r=g","caption":"Amarildo R. Ferrari"},"sameAs":["https:\/\/cenedcursos.com.br\/meio-ambiente"],"url":"https:\/\/cenedcursos.com.br\/meio-ambiente\/author\/admin\/"}]}},"jetpack_featured_media_url":"","jetpack_sharing_enabled":true,"_links":{"self":[{"href":"https:\/\/cenedcursos.com.br\/meio-ambiente\/wp-json\/wp\/v2\/posts\/236","targetHints":{"allow":["GET"]}}],"collection":[{"href":"https:\/\/cenedcursos.com.br\/meio-ambiente\/wp-json\/wp\/v2\/posts"}],"about":[{"href":"https:\/\/cenedcursos.com.br\/meio-ambiente\/wp-json\/wp\/v2\/types\/post"}],"author":[{"embeddable":true,"href":"https:\/\/cenedcursos.com.br\/meio-ambiente\/wp-json\/wp\/v2\/users\/1"}],"replies":[{"embeddable":true,"href":"https:\/\/cenedcursos.com.br\/meio-ambiente\/wp-json\/wp\/v2\/comments?post=236"}],"version-history":[{"count":0,"href":"https:\/\/cenedcursos.com.br\/meio-ambiente\/wp-json\/wp\/v2\/posts\/236\/revisions"}],"wp:attachment":[{"href":"https:\/\/cenedcursos.com.br\/meio-ambiente\/wp-json\/wp\/v2\/media?parent=236"}],"wp:term":[{"taxonomy":"category","embeddable":true,"href":"https:\/\/cenedcursos.com.br\/meio-ambiente\/wp-json\/wp\/v2\/categories?post=236"},{"taxonomy":"post_tag","embeddable":true,"href":"https:\/\/cenedcursos.com.br\/meio-ambiente\/wp-json\/wp\/v2\/tags?post=236"}],"curies":[{"name":"wp","href":"https:\/\/api.w.org\/{rel}","templated":true}]}}