{"id":238,"date":"2008-03-06T23:32:28","date_gmt":"2008-03-06T23:32:28","guid":{"rendered":"http:\/\/www.cenedcursos.com.br\/?p=238"},"modified":"2008-03-06T23:32:28","modified_gmt":"2008-03-06T23:32:28","slug":"poema-para-o-rio-curu","status":"publish","type":"post","link":"https:\/\/cenedcursos.com.br\/meio-ambiente\/poema-para-o-rio-curu\/","title":{"rendered":"Poema para o Rio Curu"},"content":{"rendered":"<p class=\"MsoNormal\" style=\"margin: 0cm 0cm 0pt; text-align: justify;\"><strong style=\"\"><em style=\"\"><o:p><font size=\"3\" face=\"Times New Roman\"> <\/font><\/o:p><\/em><\/strong><\/p>\n<p class=\"MsoNormal\" style=\"margin: 0cm 0cm 0pt;\"><font size=\"2\" face=\"Arial \"><o:p> <\/o:p><\/font><\/p>\n<p class=\"MsoNormal\" style=\"margin: 0cm 0cm 0pt;\"><font size=\"2\" face=\"Arial \"><o:p> <\/o:p><\/font><\/p>\n<p><font size=\"2\" face=\"Arial \">Chuva molhando a terra<o:p><\/o:p><br \/> Fazendo barulho<o:p><\/o:p><br \/> Indiferente ao<span style=\"\">  <\/span>sono das gentes<o:p><\/o:p><br \/> Correndo entre as pedras<o:p><\/o:p><br \/> Umedecendo a terra<o:p><\/o:p><br \/> Enchendo os seus olhos<o:p><\/o:p><br \/> Que s&atilde;o grandes<span style=\"\">  <\/span>lagos<o:p><\/o:p><br \/> Querendo chorar<o:p><\/o:p><br \/> Chuva <o:p><\/o:p><br \/> Chegando no rio sedento de<span style=\"\">   <\/span>&aacute;gua<span style=\"\">  <\/span>e de amor<o:p><\/o:p><br \/> Onde os peixes namoram <o:p><\/o:p><br \/> Os cavalos bebem<o:p><\/o:p><br \/> E n&oacute;s navegamos nosso olhar com sede<o:p><\/o:p><br \/> Navegamos nessa &aacute;gua que &eacute; marrom<o:p><\/o:p><br \/> Onde os peixes n&atilde;o se enxergam mais para amar<o:p><\/o:p><br \/> E morrem<o:p><\/o:p><br \/> As crian&ccedil;as olham de latas vazias<o:p><\/o:p><br \/> A correnteza marrom<o:p><\/o:p><br \/> A &aacute;gua tem <span style=\"\"> <\/span>cheiro tem cor, tem capim, tem pl&aacute;stico, papel, restolhos<br \/> Em casa o feij&atilde;o fica desidratado <o:p><\/o:p><br \/> O barulho fica mais forte no mato<o:p><\/o:p><br \/> &Eacute; o rio chorando<o:p><\/o:p><br \/> Pedindo &aacute;gua pura para se lavar<\/font><\/p>\n<p><font size=\"2\" face=\"Arial \"><strong style=\"\"><em style=\"\">Autora: Maria de Jesus Lopes de Oliveira<\/em><\/strong><\/font><\/p>\n<p>&nbsp;<\/p>\n<p> <!--more--> <\/p>\n<p class=\"MsoNormal\" style=\"margin: 0cm 0cm 0pt;\"><strong style=\"\"><em style=\"\"><font size=\"3\"><font face=\"Times New Roman\"><o:p><\/o:p><\/font><\/font><\/em><\/strong><\/p>\n<p class=\"MsoNormal\" style=\"margin: 0cm 0cm 0pt; text-align: justify;\"><strong style=\"\"><em style=\"\"><o:p><font size=\"3\" face=\"Times New Roman\"> <\/font><\/o:p><\/em><\/strong><\/p>\n","protected":false},"excerpt":{"rendered":"<p>Chuva molhando a terra Fazendo barulho Indiferente ao sono das gentes Correndo entre as pedras Umedecendo a terra Enchendo os seus olhos Que s&atilde;o grandes lagos Querendo chorar Chuva Chegando no rio sedento de &aacute;gua e de amor Onde os peixes namoram Os cavalos bebem E n&oacute;s navegamos nosso olhar com sede Navegamos nessa &aacute;gua [&hellip;]<\/p>\n","protected":false},"author":1,"featured_media":0,"comment_status":"open","ping_status":"open","sticky":false,"template":"","format":"standard","meta":{"_jetpack_memberships_contains_paid_content":false,"footnotes":""},"categories":[50],"tags":[],"class_list":{"0":"post-238","1":"post","2":"type-post","3":"status-publish","4":"format-standard","6":"category-poemas-ambientais"},"yoast_head":"<!-- This site is optimized with the Yoast SEO plugin v25.1 - https:\/\/yoast.com\/wordpress\/plugins\/seo\/ -->\n<title>Poema para o Rio Curu - CENED Cursos Online<\/title>\n<meta name=\"robots\" content=\"index, follow, max-snippet:-1, max-image-preview:large, max-video-preview:-1\" \/>\n<link rel=\"canonical\" href=\"https:\/\/cenedcursos.com.br\/meio-ambiente\/poema-para-o-rio-curu\/\" \/>\n<meta property=\"og:locale\" content=\"pt_BR\" \/>\n<meta property=\"og:type\" content=\"article\" \/>\n<meta property=\"og:title\" content=\"Poema para o Rio Curu - CENED Cursos Online\" \/>\n<meta property=\"og:description\" content=\"Chuva molhando a terra Fazendo barulho Indiferente ao sono das gentes Correndo entre as pedras Umedecendo a terra Enchendo os seus olhos Que s&atilde;o grandes lagos Querendo chorar Chuva Chegando no rio sedento de &aacute;gua e de amor Onde os peixes namoram Os cavalos bebem E n&oacute;s navegamos nosso olhar com sede Navegamos nessa &aacute;gua [&hellip;]\" \/>\n<meta property=\"og:url\" content=\"https:\/\/cenedcursos.com.br\/meio-ambiente\/poema-para-o-rio-curu\/\" \/>\n<meta property=\"og:site_name\" content=\"CENED Cursos Online\" \/>\n<meta property=\"article:published_time\" content=\"2008-03-06T23:32:28+00:00\" \/>\n<meta name=\"author\" content=\"Amarildo R. Ferrari\" \/>\n<meta name=\"twitter:card\" content=\"summary_large_image\" \/>\n<meta name=\"twitter:label1\" content=\"Escrito por\" \/>\n\t<meta name=\"twitter:data1\" content=\"Amarildo R. Ferrari\" \/>\n\t<meta name=\"twitter:label2\" content=\"Est. tempo de leitura\" \/>\n\t<meta name=\"twitter:data2\" content=\"1 minuto\" \/>\n<script type=\"application\/ld+json\" class=\"yoast-schema-graph\">{\"@context\":\"https:\/\/schema.org\",\"@graph\":[{\"@type\":\"WebPage\",\"@id\":\"https:\/\/cenedcursos.com.br\/meio-ambiente\/poema-para-o-rio-curu\/\",\"url\":\"https:\/\/cenedcursos.com.br\/meio-ambiente\/poema-para-o-rio-curu\/\",\"name\":\"Poema para o Rio Curu - CENED Cursos Online\",\"isPartOf\":{\"@id\":\"https:\/\/cenedcursos.com.br\/meio-ambiente\/#website\"},\"datePublished\":\"2008-03-06T23:32:28+00:00\",\"author\":{\"@id\":\"https:\/\/cenedcursos.com.br\/meio-ambiente\/#\/schema\/person\/64377d24cdc16779a1eb6229894af388\"},\"breadcrumb\":{\"@id\":\"https:\/\/cenedcursos.com.br\/meio-ambiente\/poema-para-o-rio-curu\/#breadcrumb\"},\"inLanguage\":\"pt-BR\",\"potentialAction\":[{\"@type\":\"ReadAction\",\"target\":[\"https:\/\/cenedcursos.com.br\/meio-ambiente\/poema-para-o-rio-curu\/\"]}]},{\"@type\":\"BreadcrumbList\",\"@id\":\"https:\/\/cenedcursos.com.br\/meio-ambiente\/poema-para-o-rio-curu\/#breadcrumb\",\"itemListElement\":[{\"@type\":\"ListItem\",\"position\":1,\"name\":\"In\u00edcio\",\"item\":\"https:\/\/cenedcursos.com.br\/meio-ambiente\/\"},{\"@type\":\"ListItem\",\"position\":2,\"name\":\"Poema para o Rio Curu\"}]},{\"@type\":\"WebSite\",\"@id\":\"https:\/\/cenedcursos.com.br\/meio-ambiente\/#website\",\"url\":\"https:\/\/cenedcursos.com.br\/meio-ambiente\/\",\"name\":\"CENED Cursos Online\",\"description\":\"Aqui voc\u00ea encontra artigos em diversas \u00e1reas do conhecimento: meio ambiente, educa\u00e7\u00e3o, marketing digital, neg\u00f3cios online e muito mais.\",\"potentialAction\":[{\"@type\":\"SearchAction\",\"target\":{\"@type\":\"EntryPoint\",\"urlTemplate\":\"https:\/\/cenedcursos.com.br\/meio-ambiente\/?s={search_term_string}\"},\"query-input\":{\"@type\":\"PropertyValueSpecification\",\"valueRequired\":true,\"valueName\":\"search_term_string\"}}],\"inLanguage\":\"pt-BR\"},{\"@type\":\"Person\",\"@id\":\"https:\/\/cenedcursos.com.br\/meio-ambiente\/#\/schema\/person\/64377d24cdc16779a1eb6229894af388\",\"name\":\"Amarildo R. Ferrari\",\"image\":{\"@type\":\"ImageObject\",\"inLanguage\":\"pt-BR\",\"@id\":\"https:\/\/cenedcursos.com.br\/meio-ambiente\/#\/schema\/person\/image\/\",\"url\":\"https:\/\/secure.gravatar.com\/avatar\/6ea4248ca9f295c93f1b72f8398232f0fbbffe30349e6ec3839cfa5e09b0de3c?s=96&d=mm&r=g\",\"contentUrl\":\"https:\/\/secure.gravatar.com\/avatar\/6ea4248ca9f295c93f1b72f8398232f0fbbffe30349e6ec3839cfa5e09b0de3c?s=96&d=mm&r=g\",\"caption\":\"Amarildo R. Ferrari\"},\"sameAs\":[\"https:\/\/cenedcursos.com.br\/meio-ambiente\"],\"url\":\"https:\/\/cenedcursos.com.br\/meio-ambiente\/author\/admin\/\"}]}<\/script>\n<!-- \/ Yoast SEO plugin. -->","yoast_head_json":{"title":"Poema para o Rio Curu - CENED Cursos Online","robots":{"index":"index","follow":"follow","max-snippet":"max-snippet:-1","max-image-preview":"max-image-preview:large","max-video-preview":"max-video-preview:-1"},"canonical":"https:\/\/cenedcursos.com.br\/meio-ambiente\/poema-para-o-rio-curu\/","og_locale":"pt_BR","og_type":"article","og_title":"Poema para o Rio Curu - CENED Cursos Online","og_description":"Chuva molhando a terra Fazendo barulho Indiferente ao sono das gentes Correndo entre as pedras Umedecendo a terra Enchendo os seus olhos Que s&atilde;o grandes lagos Querendo chorar Chuva Chegando no rio sedento de &aacute;gua e de amor Onde os peixes namoram Os cavalos bebem E n&oacute;s navegamos nosso olhar com sede Navegamos nessa &aacute;gua [&hellip;]","og_url":"https:\/\/cenedcursos.com.br\/meio-ambiente\/poema-para-o-rio-curu\/","og_site_name":"CENED Cursos Online","article_published_time":"2008-03-06T23:32:28+00:00","author":"Amarildo R. Ferrari","twitter_card":"summary_large_image","twitter_misc":{"Escrito por":"Amarildo R. Ferrari","Est. tempo de leitura":"1 minuto"},"schema":{"@context":"https:\/\/schema.org","@graph":[{"@type":"WebPage","@id":"https:\/\/cenedcursos.com.br\/meio-ambiente\/poema-para-o-rio-curu\/","url":"https:\/\/cenedcursos.com.br\/meio-ambiente\/poema-para-o-rio-curu\/","name":"Poema para o Rio Curu - CENED Cursos Online","isPartOf":{"@id":"https:\/\/cenedcursos.com.br\/meio-ambiente\/#website"},"datePublished":"2008-03-06T23:32:28+00:00","author":{"@id":"https:\/\/cenedcursos.com.br\/meio-ambiente\/#\/schema\/person\/64377d24cdc16779a1eb6229894af388"},"breadcrumb":{"@id":"https:\/\/cenedcursos.com.br\/meio-ambiente\/poema-para-o-rio-curu\/#breadcrumb"},"inLanguage":"pt-BR","potentialAction":[{"@type":"ReadAction","target":["https:\/\/cenedcursos.com.br\/meio-ambiente\/poema-para-o-rio-curu\/"]}]},{"@type":"BreadcrumbList","@id":"https:\/\/cenedcursos.com.br\/meio-ambiente\/poema-para-o-rio-curu\/#breadcrumb","itemListElement":[{"@type":"ListItem","position":1,"name":"In\u00edcio","item":"https:\/\/cenedcursos.com.br\/meio-ambiente\/"},{"@type":"ListItem","position":2,"name":"Poema para o Rio Curu"}]},{"@type":"WebSite","@id":"https:\/\/cenedcursos.com.br\/meio-ambiente\/#website","url":"https:\/\/cenedcursos.com.br\/meio-ambiente\/","name":"CENED Cursos Online","description":"Aqui voc\u00ea encontra artigos em diversas \u00e1reas do conhecimento: meio ambiente, educa\u00e7\u00e3o, marketing digital, neg\u00f3cios online e muito mais.","potentialAction":[{"@type":"SearchAction","target":{"@type":"EntryPoint","urlTemplate":"https:\/\/cenedcursos.com.br\/meio-ambiente\/?s={search_term_string}"},"query-input":{"@type":"PropertyValueSpecification","valueRequired":true,"valueName":"search_term_string"}}],"inLanguage":"pt-BR"},{"@type":"Person","@id":"https:\/\/cenedcursos.com.br\/meio-ambiente\/#\/schema\/person\/64377d24cdc16779a1eb6229894af388","name":"Amarildo R. Ferrari","image":{"@type":"ImageObject","inLanguage":"pt-BR","@id":"https:\/\/cenedcursos.com.br\/meio-ambiente\/#\/schema\/person\/image\/","url":"https:\/\/secure.gravatar.com\/avatar\/6ea4248ca9f295c93f1b72f8398232f0fbbffe30349e6ec3839cfa5e09b0de3c?s=96&d=mm&r=g","contentUrl":"https:\/\/secure.gravatar.com\/avatar\/6ea4248ca9f295c93f1b72f8398232f0fbbffe30349e6ec3839cfa5e09b0de3c?s=96&d=mm&r=g","caption":"Amarildo R. Ferrari"},"sameAs":["https:\/\/cenedcursos.com.br\/meio-ambiente"],"url":"https:\/\/cenedcursos.com.br\/meio-ambiente\/author\/admin\/"}]}},"jetpack_featured_media_url":"","jetpack_sharing_enabled":true,"_links":{"self":[{"href":"https:\/\/cenedcursos.com.br\/meio-ambiente\/wp-json\/wp\/v2\/posts\/238","targetHints":{"allow":["GET"]}}],"collection":[{"href":"https:\/\/cenedcursos.com.br\/meio-ambiente\/wp-json\/wp\/v2\/posts"}],"about":[{"href":"https:\/\/cenedcursos.com.br\/meio-ambiente\/wp-json\/wp\/v2\/types\/post"}],"author":[{"embeddable":true,"href":"https:\/\/cenedcursos.com.br\/meio-ambiente\/wp-json\/wp\/v2\/users\/1"}],"replies":[{"embeddable":true,"href":"https:\/\/cenedcursos.com.br\/meio-ambiente\/wp-json\/wp\/v2\/comments?post=238"}],"version-history":[{"count":0,"href":"https:\/\/cenedcursos.com.br\/meio-ambiente\/wp-json\/wp\/v2\/posts\/238\/revisions"}],"wp:attachment":[{"href":"https:\/\/cenedcursos.com.br\/meio-ambiente\/wp-json\/wp\/v2\/media?parent=238"}],"wp:term":[{"taxonomy":"category","embeddable":true,"href":"https:\/\/cenedcursos.com.br\/meio-ambiente\/wp-json\/wp\/v2\/categories?post=238"},{"taxonomy":"post_tag","embeddable":true,"href":"https:\/\/cenedcursos.com.br\/meio-ambiente\/wp-json\/wp\/v2\/tags?post=238"}],"curies":[{"name":"wp","href":"https:\/\/api.w.org\/{rel}","templated":true}]}}