{"id":242,"date":"2008-03-15T19:08:03","date_gmt":"2008-03-15T19:08:03","guid":{"rendered":"http:\/\/www.cenedcursos.com.br\/?p=242"},"modified":"2025-05-16T10:05:22","modified_gmt":"2025-05-16T13:05:22","slug":"ecoeficiencia","status":"publish","type":"post","link":"https:\/\/cenedcursos.com.br\/meio-ambiente\/ecoeficiencia\/","title":{"rendered":"Ecoefici\u00eancia: base das rela\u00e7\u00f5es empresariais com o meio"},"content":{"rendered":"<p style=\"text-align: justify;\"><span style=\"font-size: 10pt; font-family: verdana, geneva, sans-serif;\"><em>O pr\u00f3ximo passo para as empresas que desejam se destacar em um cen\u00e1rio global \u00e9 compreender que a ecoefici\u00eancia vai al\u00e9m da mera redu\u00e7\u00e3o de res\u00edduos ou do uso racional dos recursos naturais; trata-se de uma estrat\u00e9gia ampla que integra inova\u00e7\u00e3o, sustentabilidade e lucratividade em todas as etapas do processo produtivo<\/em>.<\/span><\/p>\n<p style=\"text-align: justify;\"><span style=\"font-size: 10pt; font-family: verdana, geneva, sans-serif;\">O setor agr\u00edcola e o setor industrial, estigmatizados como principais respons\u00e1veis pela grave situa\u00e7\u00e3o ambiental do planeta e tamb\u00e9m por crescentes exig\u00eancias legais, com rela\u00e7\u00e3o aos res\u00edduos gerados, tem reagido pr\u00f3 ativamente, a partir da implanta\u00e7\u00e3o de estrat\u00e9gias de gest\u00e3o como: produ\u00e7\u00e3o limpa, certifica\u00e7\u00e3o ambiental, redu\u00e7\u00e3o de res\u00edduos t\u00f3xicos, reciclagem, consumo sustent\u00e1vel e re\u00faso, principalmente.<\/span><\/p>\n<p style=\"text-align: justify;\"><span style=\"font-size: 10pt; font-family: verdana, geneva, sans-serif;\">Al\u00e9m disso, estes setores necessitam tornar-se ecoeficientes e mais competitivos, pois res\u00edduo significa perda de mat\u00e9ria prima, falta de efici\u00eancia e aumento de custos na produ\u00e7\u00e3o.<\/span><\/p>\n<p style=\"text-align: justify;\"><span style=\"font-size: 10pt; font-family: verdana, geneva, sans-serif;\">Ao tratar ecoefici\u00eancia nas empresas, significa a competitividade na produ\u00e7\u00e3o e coloca\u00e7\u00e3o no mercado de bens ou servi\u00e7os que satisfazem \u00e0s necessidades humanas, trazendo qualidade de vida, minimizando os impactos ambientais e o uso de recursos naturais, considerando o ciclo inteiro de vida da produ\u00e7\u00e3o e reconhecendo a ecocapacidade planet\u00e1ria.<a href=\"https:\/\/i0.wp.com\/www.cenedcursos.com.br\/meio-ambiente\/wp-content\/uploads\/2008\/03\/ecoeficiencia.gif?ssl=1\" rel=\"attachment wp-att-8005\"><img data-recalc-dims=\"1\" loading=\"lazy\" decoding=\"async\" data-attachment-id=\"8005\" data-permalink=\"https:\/\/cenedcursos.com.br\/meio-ambiente\/ecoeficiencia-2\/\" data-orig-file=\"https:\/\/i0.wp.com\/cenedcursos.com.br\/meio-ambiente\/wp-content\/uploads\/2008\/03\/ecoeficiencia-1.gif?fit=375%2C422&amp;ssl=1\" data-orig-size=\"375,422\" data-comments-opened=\"1\" data-image-meta=\"{&quot;aperture&quot;:&quot;0&quot;,&quot;credit&quot;:&quot;&quot;,&quot;camera&quot;:&quot;&quot;,&quot;caption&quot;:&quot;&quot;,&quot;created_timestamp&quot;:&quot;0&quot;,&quot;copyright&quot;:&quot;&quot;,&quot;focal_length&quot;:&quot;0&quot;,&quot;iso&quot;:&quot;0&quot;,&quot;shutter_speed&quot;:&quot;0&quot;,&quot;title&quot;:&quot;&quot;,&quot;orientation&quot;:&quot;0&quot;}\" data-image-title=\"ecoeficiencia\" data-image-description=\"\" data-image-caption=\"\" data-medium-file=\"https:\/\/i0.wp.com\/cenedcursos.com.br\/meio-ambiente\/wp-content\/uploads\/2008\/03\/ecoeficiencia-1.gif?fit=267%2C300&amp;ssl=1\" data-large-file=\"https:\/\/i0.wp.com\/cenedcursos.com.br\/meio-ambiente\/wp-content\/uploads\/2008\/03\/ecoeficiencia-1.gif?fit=375%2C422&amp;ssl=1\" class=\"alignright size-full wp-image-8005\" src=\"https:\/\/i0.wp.com\/www.cenedcursos.com.br\/meio-ambiente\/wp-content\/uploads\/2008\/03\/ecoeficiencia.gif?resize=375%2C422&#038;ssl=1\" alt=\"ecoeficiencia\" width=\"375\" height=\"422\" \/><\/a><\/span><\/p>\n<p style=\"text-align: justify;\"><span style=\"font-size: 10pt; font-family: verdana, geneva, sans-serif;\">Diante disso, h\u00e1 preocupa\u00e7\u00e3o com a introdu\u00e7\u00e3o do conceito de preven\u00e7\u00e3o e ecoefici\u00eancia propriamente dita assim, reduzir cada vez mais a gera\u00e7\u00e3o na origem, abandonando a postura essencialmente reativa. Buscando atrav\u00e9s do controle de suas atividades, servi\u00e7os e produtos, pol\u00edticas ambientais que garantem a sustentabilidade dos mesmos.<\/span><\/p>\n<p style=\"text-align: justify;\"><span style=\"font-size: 10pt; font-family: verdana, geneva, sans-serif;\">Todavia, uma empresa que sabe trabalhar e interagir com o meio ambiente, sabe fazer qualidade ambiental tornando-se assim um fator estrat\u00e9gico e fundamental para a competitividade de seu neg\u00f3cio.<\/span><\/p>\n<p style=\"text-align: justify;\"><span style=\"font-size: 10pt; font-family: verdana, geneva, sans-serif;\">Com a finalidade de diminuir o impacto no meio e melhorar a degrada\u00e7\u00e3o ambiental, as empresas devem procurar meios de funcionamento, ecologicamente eficientes, mais produtivos, que consumam menos recursos e que reduzam a polui\u00e7\u00e3o.<\/span><\/p>\n<p style=\"text-align: justify;\"><span style=\"font-size: 10pt; font-family: verdana, geneva, sans-serif;\">Contudo, \u00e9 necess\u00e1rio estabelecer rela\u00e7\u00f5es de equil\u00edbrio entre os interesses das empresas, dos consumidores e dos mercados, contribuindo deste modo, para o desenvolvimento de um modelo de produ\u00e7\u00e3o e de consumo mais sustent\u00e1vel.<\/span><\/p>\n<p style=\"text-align: justify;\"><span style=\"font-size: 10pt; font-family: verdana, geneva, sans-serif;\">O desenvolvimento sustent\u00e1vel nada mais \u00e9 do que a express\u00e3o de um modo de produzir que assegura \u00e0 empresa satisfazer as necessidades presentes dos neg\u00f3cios sem comprometer a manuten\u00e7\u00e3o de seu sucesso e a qualidade de vida das futuras gera\u00e7\u00f5es. A estrat\u00e9gia de ecoefici\u00eancia em uma empresa revela que reduzir o impacto da produ\u00e7\u00e3o n\u00e3o \u00e9 s\u00f3 ambientalmente correto, \u00e9 tamb\u00e9m mais lucrativo.<\/span><\/p>\n<p style=\"text-align: justify;\"><span style=\"font-size: 10pt; font-family: verdana, geneva, sans-serif;\"><strong>SUSTENTABILIDADE A BASE DA ECOEFICI\u00caNCIA<\/strong><\/span><\/p>\n<p style=\"text-align: justify;\"><span style=\"font-size: 10pt; font-family: verdana, geneva, sans-serif;\">O conceito de sustentabilidade, pode-se dizer \u00e9 um conceito sist\u00eamico que est\u00e1 relacionado com a continuidade dos aspectos econ\u00f4micos, sociais, culturais e ambientais da sociedade humana. Prop\u00f5e-se a ser um meio de configurar a civiliza\u00e7\u00e3o e atividade humana, de tal forma que a sociedade, os seus membros e as suas economias possam preencher as suas necessidades e expressar o seu maior potencial no presente, e ao mesmo tempo preservar a <a title=\"Biodiversidade\" href=\"http:\/\/pt.wikipedia.org\/wiki\/Biodiversidade\" rel=\"nofollow\">biodiversidade<\/a> e os <a title=\"Ecossistemas\" href=\"http:\/\/pt.wikipedia.org\/wiki\/Ecossistemas\" rel=\"nofollow\">ecossistemas<\/a> naturais, planeando e agindo de forma a atingir pr\u00f3-efici\u00eancia na manuten\u00e7\u00e3o indefinida desses ideais.<\/span><\/p>\n<p style=\"text-align: justify;\"><span style=\"font-size: 10pt; font-family: verdana, geneva, sans-serif;\">A Sustentabilidade \u00e9 e ser\u00e1, inegavelmente, parte fundamental do planejamento de a\u00e7\u00f5es empresariais, em conjunto com diretrizes de desenvolvimento governamentais que consolidar\u00e3o esfor\u00e7os tanto das esferas p\u00fablicas como privadas. Para tal \u00e9 necess\u00e1rio rever valores institucionais, a fim de reverter o quadro de devasta\u00e7\u00f5es ambientais geradas pela atua\u00e7\u00e3o agr\u00edcola e industrial, e da deteriora\u00e7\u00e3o social.<\/span><\/p>\n<p style=\"text-align: justify;\"><span style=\"font-size: 10pt; font-family: verdana, geneva, sans-serif;\">Assim busca-se conciliar a continuidade de investimentos em setores produtivos, a produtividade, a competitividade e a lucratividade, considerando-se valores de preserva\u00e7\u00e3o do patrim\u00f4nio ecol\u00f3gico e de amplia\u00e7\u00e3o das situa\u00e7\u00f5es de qualidade de vida n\u00e3o mais para determinado segmento da popula\u00e7\u00e3o, mas para a sociedade como um todo, incluindo-se todos os seres vivos, dessa e de futuras gera\u00e7\u00f5es.<\/span><\/p>\n<p style=\"text-align: justify;\"><span style=\"font-size: 10pt; font-family: verdana, geneva, sans-serif;\">Para a sobreviv\u00eancia de uma empresa torna-se necess\u00e1rio muito mais que um conjunto de a\u00e7\u00f5es empresariais a serem implementadas a fim de atender um determinado mercado. Diante disso, as empresas, expostas ao meio tendem a ser mais exigente que as de hoje, tanto no que se refere \u00e0s condi\u00e7\u00f5es de pre\u00e7o e qualidade de seus produtos, como em rela\u00e7\u00e3o \u00e0 sustentabilidade, ou seja, elas ser\u00e3o observadas pelas sociedades de acordo com a sua &#8220;ecoefici\u00eancia&#8221;.<\/span><\/p>\n<p style=\"text-align: justify;\"><span style=\"font-size: 10pt; font-family: verdana, geneva, sans-serif;\">Em refer\u00eancia ao vi\u00e9s ecol\u00f3gico, pensa-se em incentivos \u00e0 cria\u00e7\u00e3o de sistemas de tratamento de res\u00edduos industriais, processos de reciclagem, que reduzam a dispers\u00e3o de subst\u00e2ncias t\u00f3xicas; ampliar as condi\u00e7\u00f5es para a reestrutura\u00e7\u00e3o da atua\u00e7\u00e3o industrial e do setor agr\u00edcola, dentro do entendimento do que \u00e9 desenvolvimento sustent\u00e1vel.<\/span><\/p>\n<p style=\"text-align: justify;\"><span style=\"font-size: 10pt; font-family: verdana, geneva, sans-serif;\">Ao ampliar a atua\u00e7\u00e3o de grandes grupos empresariais, incentiva-os a assumir a responsabilidade pela cria\u00e7\u00e3o de sistemas voltados \u00e0 preserva\u00e7\u00e3o de recursos renov\u00e1veis e na busca de sinergias de utiliza\u00e7\u00e3o desses sistemas por outras empresas de menor porte. Podem-se criar alternativas para um sistema integrado que venha a produzir resultados, a custos compartilhados, voltados a prop\u00f3sitos de renova\u00e7\u00e3o do atual modelo de desenvolvimento, amplamente questionado.<\/span><\/p>\n<p style=\"text-align: justify;\"><span style=\"font-size: 10pt; font-family: verdana, geneva, sans-serif;\"><strong>ECOEFICI\u00caNCIA NAS EMPRESAS: QUALIDADE E PRODUTIVIDADE<\/strong><\/span><\/p>\n<p style=\"text-align: justify;\"><span style=\"font-size: 10pt; font-family: verdana, geneva, sans-serif;\">Sabe-se que os elementos b\u00e1sicos para atingir-se a ecoefici\u00eancia s\u00e3o: a redu\u00e7\u00e3o do consumo de materiais com bens e servi\u00e7os; redu\u00e7\u00e3o do consumo de energia com bens e servi\u00e7os; redu\u00e7\u00e3o da dispers\u00e3o de subst\u00e2ncias t\u00f3xicas; a intensifica\u00e7\u00e3o da reciclagem dos materiais; maximiza\u00e7\u00e3o do uso sustent\u00e1vel de recursos renov\u00e1veis; prolonga\u00e7\u00e3o da durabilidade dos produtos e ainda agrega\u00e7\u00e3o de valores aos bens e servi\u00e7os.<\/span><\/p>\n<p style=\"text-align: justify;\"><span style=\"font-size: 10pt; font-family: verdana, geneva, sans-serif;\">Diante disso, al\u00e9m de permitir uma real adequa\u00e7\u00e3o das atividades humanas com as necessidades ambientais, a busca pela ecoefici\u00eancia \u00e9, acima de tudo, a utiliza\u00e7\u00e3o de uma ferramenta estrat\u00e9gica para a competitividade. O cuidado ambiental, bem como a adequa\u00e7\u00e3o \u00e0 legisla\u00e7\u00e3o vigente atrav\u00e9s do desenvolvimento de m\u00e9todos e t\u00e9cnicas de produ\u00e7\u00e3o mais limpa \u00e9 uma preocupa\u00e7\u00e3o que, a cada dia, cresce e se solidifica como o caminho mais seguro para se obter um melhor padr\u00e3o de desenvolvimento.<\/span><\/p>\n<p style=\"text-align: justify;\"><span style=\"font-size: 10pt; font-family: verdana, geneva, sans-serif;\">Em rela\u00e7\u00e3o \u00e0 compatibiliza\u00e7\u00e3o das atividades do homem com o meio ambiente. A natureza tem suas pr\u00f3prias leis, padr\u00f5es que precisam ser respeitados pelo homem ao realizar suas atividades. No mundo todo, cada vez mais se procura a ecoefici\u00eancia como norteadora das atividades. \u00c9 essencial que a assertiva de que para usufruirmos adequadamente a natureza, \u00e9 preciso entend\u00ea-la e respeita-la, obedecendo aos par\u00e2metros da sustentabilidade, aliando simultaneamente o desenvolvimento econ\u00f4mico e social com a prote\u00e7\u00e3o ambiental.<\/span><\/p>\n<p style=\"text-align: justify;\"><span style=\"font-size: 10pt; font-family: verdana, geneva, sans-serif;\">A ecoefici\u00eancia depende fundamentalmente de planejamento. Cada vez mais as atividades humanas carecem de um planejamento s\u00e9rio, adequado, sempre o mais de acordo poss\u00edvel com aquela ordem pr\u00e9-estabelecida da natureza. Para que se obtenha a ecoefici\u00eancia \u00e9 fundamental o planejamento de todas as atividades, em qualquer setor de atividade humana \u00e9 necess\u00e1rio um detido estudo de acordo com os par\u00e2metros da sustentabilidade.<\/span><\/p>\n<p style=\"text-align: justify;\"><span style=\"font-size: 10pt; font-family: verdana, geneva, sans-serif;\">Em sua abordagem mais ambiciosa, uma empresa ecoeficiente conseguiria gerar resultados garantindo o menor impacto ambiental poss\u00edvel em todas as etapas de seu processo &#8211; da concep\u00e7\u00e3o do produto, passando pela fabrica\u00e7\u00e3o, at\u00e9 o descarte pelo consumidor.<\/span><\/p>\n<p style=\"text-align: justify;\"><span style=\"font-size: 10pt; font-family: verdana, geneva, sans-serif;\">As empresas ecoeficientes s\u00e3o aquelas que conseguem benef\u00edcios econ\u00f4micos, rapidez em seus processos e qualidade de seus produtos, com redu\u00e7\u00e3o nos custos associados aos desperd\u00edcios de \u00e1gua, energia e materiais; \u00e0 medida que alcan\u00e7am benef\u00edcios ambientais por meio da redu\u00e7\u00e3o progressiva da gera\u00e7\u00e3o de res\u00edduos s\u00f3lidos, efluentes l\u00edquidos e emiss\u00f5es atmosf\u00e9ricas, inserindo em seu processo gerencial o conceito de preven\u00e7\u00e3o da polui\u00e7\u00e3o e de riscos ocupacionais.<\/span><\/p>\n<p style=\"text-align: justify;\"><span style=\"font-size: 10pt; font-family: verdana, geneva, sans-serif;\">Sabe-se que o s\u00e9culo XXI traz novos desafios aos setores produtivos e que as preocupa\u00e7\u00f5es com as quest\u00f5es ambientais passam a ocupar espa\u00e7o priorit\u00e1rio para o sucesso do desenvolvimento econ\u00f4mico mundial. Cada vez mais o consumidor come\u00e7a a selecionar produtos ecologicamente eficientes e cada vez mais a ind\u00fastria e a agricultura sente a vantagem em adotar e promover tecnologias para estes produtos.<\/span><\/p>\n<p style=\"text-align: justify;\"><span style=\"font-size: 10pt; font-family: verdana, geneva, sans-serif;\">Assim os antigos padr\u00f5es industriais e agr\u00edcolas v\u00eam sendo globalmente substitu\u00eddos por um novo comportamento, baseado em um conceito sustent\u00e1vel de desenvolvimento, que prima pela qualidade ambiental integrada aos processos produtivos para agregar vantagem econ\u00f4mica e competitiva.<\/span><\/p>\n<p style=\"text-align: justify;\"><span style=\"font-size: 10pt; font-family: verdana, geneva, sans-serif;\">Entretanto, as empresas caminham para o desenvolvimento sustent\u00e1vel propriamente dito anteriormente, n\u00e3o apenas por seu beneficio ambiental, mas e, principalmente pela sua raz\u00e3o econ\u00f4mica. Na maioria dos casos ecoefici\u00eancia \u00e9 apenas um slogan. Uma empresa s\u00f3 \u00e9 realmente ecoeficiente quando seus funcion\u00e1rios s\u00e3o ambientalmente respons\u00e1veis at\u00e9 em suas casas.<\/span><\/p>\n<p style=\"text-align: justify;\"><span style=\"font-size: 10pt; font-family: verdana, geneva, sans-serif;\">\u00c9 interesse do empres\u00e1rio, utilizar a tecnologia mais eficiente, que poupe mais mat\u00e9ria-prima, que recicle os res\u00edduos da empresa, que evite conflitos com a comunidade, que previna reclama\u00e7\u00f5es do cliente e que o livre das puni\u00e7\u00f5es da lei. A legisla\u00e7\u00e3o ambiental torna-se progressivamente mais severa, e a remedia\u00e7\u00e3o dos passivos ambientais mais onerosos para o poluidor. Em outros termos, a ecoefici\u00eancia tornou-se sin\u00f4nimo de evolu\u00e7\u00e3o industrial e a melhor garantia que uma empresa possa ter para conquistar espa\u00e7o significativo no mercado atual.<\/span><\/p>\n<p><img data-recalc-dims=\"1\" loading=\"lazy\" decoding=\"async\" data-attachment-id=\"13460\" data-permalink=\"https:\/\/cenedcursos.com.br\/meio-ambiente\/ecoeficiencia\/ecoeficiencia1\/\" data-orig-file=\"https:\/\/i0.wp.com\/cenedcursos.com.br\/meio-ambiente\/wp-content\/uploads\/2008\/03\/ecoeficiencia1.webp?fit=1200%2C800&amp;ssl=1\" data-orig-size=\"1200,800\" data-comments-opened=\"1\" data-image-meta=\"{&quot;aperture&quot;:&quot;0&quot;,&quot;credit&quot;:&quot;&quot;,&quot;camera&quot;:&quot;&quot;,&quot;caption&quot;:&quot;&quot;,&quot;created_timestamp&quot;:&quot;0&quot;,&quot;copyright&quot;:&quot;&quot;,&quot;focal_length&quot;:&quot;0&quot;,&quot;iso&quot;:&quot;0&quot;,&quot;shutter_speed&quot;:&quot;0&quot;,&quot;title&quot;:&quot;&quot;,&quot;orientation&quot;:&quot;0&quot;}\" data-image-title=\"ecoefici\u00eancia\" data-image-description=\"\" data-image-caption=\"\" data-medium-file=\"https:\/\/i0.wp.com\/cenedcursos.com.br\/meio-ambiente\/wp-content\/uploads\/2008\/03\/ecoeficiencia1.webp?fit=300%2C200&amp;ssl=1\" data-large-file=\"https:\/\/i0.wp.com\/cenedcursos.com.br\/meio-ambiente\/wp-content\/uploads\/2008\/03\/ecoeficiencia1.webp?fit=696%2C464&amp;ssl=1\" class=\"alignnone wp-image-13460 size-large\" src=\"https:\/\/i0.wp.com\/cenedcursos.com.br\/meio-ambiente\/wp-content\/uploads\/2008\/03\/ecoeficiencia1.webp?resize=696%2C464&#038;ssl=1\" alt=\"ecoefici\u00eancia\" width=\"696\" height=\"464\" srcset=\"https:\/\/i0.wp.com\/cenedcursos.com.br\/meio-ambiente\/wp-content\/uploads\/2008\/03\/ecoeficiencia1.webp?resize=1024%2C683&amp;ssl=1 1024w, https:\/\/i0.wp.com\/cenedcursos.com.br\/meio-ambiente\/wp-content\/uploads\/2008\/03\/ecoeficiencia1.webp?resize=300%2C200&amp;ssl=1 300w, https:\/\/i0.wp.com\/cenedcursos.com.br\/meio-ambiente\/wp-content\/uploads\/2008\/03\/ecoeficiencia1.webp?resize=768%2C512&amp;ssl=1 768w, https:\/\/i0.wp.com\/cenedcursos.com.br\/meio-ambiente\/wp-content\/uploads\/2008\/03\/ecoeficiencia1.webp?resize=696%2C464&amp;ssl=1 696w, https:\/\/i0.wp.com\/cenedcursos.com.br\/meio-ambiente\/wp-content\/uploads\/2008\/03\/ecoeficiencia1.webp?resize=1068%2C712&amp;ssl=1 1068w, https:\/\/i0.wp.com\/cenedcursos.com.br\/meio-ambiente\/wp-content\/uploads\/2008\/03\/ecoeficiencia1.webp?resize=630%2C420&amp;ssl=1 630w, https:\/\/i0.wp.com\/cenedcursos.com.br\/meio-ambiente\/wp-content\/uploads\/2008\/03\/ecoeficiencia1.webp?w=1200&amp;ssl=1 1200w\" sizes=\"auto, (max-width: 696px) 100vw, 696px\" \/><\/p>\n<p style=\"text-align: justify;\"><span style=\"font-size: 10pt; font-family: verdana, geneva, sans-serif;\"><strong>ESTRAT\u00c9GIAS FUNDAMENTAIS PARA A ECOEFICI\u00caNCIA DAS EMPRESAS <\/strong><\/span><\/p>\n<p style=\"text-align: justify;\"><span style=\"font-size: 10pt; font-family: verdana, geneva, sans-serif;\">Atrav\u00e9s de quatro estrat\u00e9gias, as empresas, programam o conceito de ecoefici\u00eancia, sendo: processos ecoeficientes; revaloriza\u00e7\u00e3o de res\u00edduos e subprodutos, cria\u00e7\u00e3o de novos e melhores produtos e as altera\u00e7\u00f5es das rela\u00e7\u00f5es entre consumidor e mercado.<\/span><\/p>\n<p style=\"text-align: justify;\"><span style=\"font-size: 10pt; font-family: verdana, geneva, sans-serif;\">Desenvolvendo processos produtivos mais eficientes, adotando, por exemplo, tecnologias mais limpas, as empresas alcan\u00e7am poupan\u00e7as na utiliza\u00e7\u00e3o de recursos e reduzem os riscos e impactos ambientais associados aos processos. Estas medidas s\u00e3o internas \u00e0 empresa, n\u00e3o envolvendo intera\u00e7\u00f5es com outras empresas nem com o mercado. Muitos dos investimentos realizados pelas empresas em efici\u00eancia energ\u00e9tica e de materiais, bem como na implementa\u00e7\u00e3o de tecnologias limpas, t\u00eam curtos per\u00edodos de retorno, frequentemente inferiores h\u00e1 um ano.<\/span><\/p>\n<p style=\"text-align: justify;\"><span style=\"font-size: 10pt; font-family: verdana, geneva, sans-serif;\">A coopera\u00e7\u00e3o com empresas associadas, geograficamente pr\u00f3ximas, pode oferecer oportunidades para revalorizar res\u00edduos e subprodutos, transformando esses materiais em recursos alternativos com valor. Estas sinergias entre empresas permitem redu\u00e7\u00f5es adicionais na utiliza\u00e7\u00e3o de recursos e na produ\u00e7\u00e3o de res\u00edduos, com as correspondentes poupan\u00e7as de custos. A meta \u00faltima para esta coopera\u00e7\u00e3o consiste em alcan\u00e7ar sistemas com res\u00edduos zero, fechando completamente os ciclos de materiais.<\/span><\/p>\n<p style=\"text-align: justify;\"><span style=\"font-size: 10pt; font-family: verdana, geneva, sans-serif;\">A cria\u00e7\u00e3o de produtos e servi\u00e7os com novas e melhores funcionalidades, seguindo regras de eco design, e contemplando o desempenho ambiental na sua concep\u00e7\u00e3o, pode contribuir para a ecoefici\u00eancia. Estas inova\u00e7\u00f5es, para al\u00e9m das eventuais poupan\u00e7as de custos alcan\u00e7adas, oferecem \u00e0s empresas novas, e mais rent\u00e1veis, oportunidades de neg\u00f3cio, com eventual aumento nas suas cotas de mercado.<\/span><\/p>\n<p style=\"text-align: justify;\"><span style=\"font-size: 10pt; font-family: verdana, geneva, sans-serif;\">As empresas podem identificar oportunidades de tornar os mercados mais ecoeficientes procurando desenvolver produtos e servi\u00e7os que permitem fechar os ciclos de materiais e alcan\u00e7ar uma utiliza\u00e7\u00e3o mais eficiente dos recursos. Substituir a venda de produtos pelo fornecimento dos servi\u00e7os ou pelo aluguer de produtos diretamente ao cliente, pode ser uma estrat\u00e9gia rent\u00e1vel, que permite o crescimento das empresas sem aumentar o seu impacte ambiental.<\/span><\/p>\n<p style=\"text-align: justify;\"><span style=\"font-size: 10pt; font-family: verdana, geneva, sans-serif;\">Por exemplo, a venda de servi\u00e7os de desinfesta\u00e7\u00e3o de solos em substitui\u00e7\u00e3o da venda de herbicidas, permitiu a uma empresa manter a sua base de neg\u00f3cio sem aumentar a contamina\u00e7\u00e3o do ambiente, a empresa deixa de ter incentivo para vender mais herbicida, passando a ser parte interessada na sua aplica\u00e7\u00e3o controlada.<\/span><\/p>\n<p style=\"text-align: justify;\"><span style=\"font-size: 10pt; font-family: verdana, geneva, sans-serif;\">Segundo, o Conselho Empresarial Brasileiro para o Desenvolvimento Sustent\u00e1vel, a ecoefici\u00eancia \u00e9 alcan\u00e7ada mediante o fornecimento de bens e servi\u00e7os a pre\u00e7os competitivos que satisfa\u00e7am as necessidades humanas e que tragam qualidade de vida, ao mesmo tempo em que ocorre a busca da redu\u00e7\u00e3o progressiva do impacto ambiental e do consumo de recursos ao longo do ciclo de vida at\u00e9 um n\u00edvel, no m\u00ednimo, equivalente \u00e0 capacidade de sustenta\u00e7\u00e3o estimada da Terra.<\/span><\/p>\n<p style=\"text-align: justify;\"><span style=\"font-size: 10pt; font-family: verdana, geneva, sans-serif;\"><strong>AMBEV: MODELO DE EMPRESA ECOEFICIENTE <\/strong><\/span><\/p>\n<p style=\"text-align: justify;\"><span style=\"font-size: 10pt; font-family: verdana, geneva, sans-serif;\">Diante do fato que no Brasil, poucas s\u00e3o as empresas cujos ideais apresentam por base o desenvolvimento sustent\u00e1vel, sabe-se que atualmente, um empres\u00e1rio que pretende conquistar o mercado deve possuir a compreens\u00e3o de que o seu processo de inser\u00e7\u00e3o produtiva se desenvolve nos pilares da ecoefici\u00eancia. Isto \u00e9, uma empresa \u00e9 competitiva quando sabe produzir de forma economicamente vi\u00e1vel, socialmente justa e ambientalmente compat\u00edvel. Isto faz com que os empres\u00e1rios invistam, cada vez mais, em processos e produtos que n\u00e3o agridam o meio ambiente.<\/span><\/p>\n<p style=\"text-align: justify;\"><span style=\"font-size: 10pt; font-family: verdana, geneva, sans-serif;\">Assim, um exemplo de autoefici\u00eancia neste contexto \u00e9 a Ambev, dona de 70% do mercado de cervejas, a empresa quase dobrou seu faturamento nos \u00faltimos tr\u00eas anos. Segundo dados da pr\u00f3pria, no mesmo per\u00edodo, a produ\u00e7\u00e3o aumentou 50%. Diante disso, entende-se a obsess\u00e3o dos executivos da Ambev que \u00e9 crescer com lucros maiores a cada trimestre, onde \u00e9 necess\u00e1rio produzir cada vez mais com menos. Foi essa id\u00e9ia fixa que levou a empresa a transformar-se num modelo de ecoefici\u00eancia &#8211; um conceito cada vez mais em voga no mundo dos neg\u00f3cios &#8211; no mercado brasileiro.<\/span><\/p>\n<p style=\"text-align: justify;\"><span style=\"font-size: 10pt; font-family: verdana, geneva, sans-serif;\">A ordem para os funcion\u00e1rios das 30 f\u00e1bricas da Ambev \u00e9 reduzir ao m\u00e1ximo poss\u00edvel o consumo de \u00e1gua, energia e a gera\u00e7\u00e3o de res\u00edduos ao mesmo tempo em que o n\u00famero de garrafas de cerveja produzidas cresce por muito tempo a id\u00e9ia pareceu impratic\u00e1vel.<\/span><\/p>\n<p style=\"text-align: justify;\"><span style=\"font-size: 10pt; font-family: verdana, geneva, sans-serif;\">No entanto hoje \u00e9 um dos fatores, que juntamente com a not\u00f3ria agressividade comercial e as arrojadas estrat\u00e9gias de marketing, garantem a lideran\u00e7a da Ambev no mercado. Ao adotar o princ\u00edpio da ecoefici\u00eancia, a empresa encontrou uma nova forma de controlar seus custos, segundo Oliveira, ao monitorar indicadores ambientais, al\u00e9m da exig\u00eancia legal, garantiu que os ganhos financeiros aumentassem a competitividade.<\/span><\/p>\n<p style=\"text-align: justify;\"><span style=\"font-size: 10pt; font-family: verdana, geneva, sans-serif;\">Sendo a Ambev, uma das dez maiores empresas pagadoras de impostos no Brasil, a companhia compreende que a responsabilidade corporativa, o consumo sustent\u00e1vel e a reutiliza\u00e7\u00e3o dos res\u00edduos, s\u00e3o uma maneira de agregar valores e gerar lucros.<\/span><\/p>\n<p style=\"text-align: justify;\"><span style=\"font-size: 10pt; font-family: verdana, geneva, sans-serif;\">No que diz respeito ao \u00e2mbito de energia, a Ambev, para reduzir o uso de \u00f3leo combust\u00edvel e de g\u00e1s natural, as f\u00e1bricas utilizam fontes <a href=\"https:\/\/cenedcursos.com.br\/meio-ambiente\/o-que-e-energia-renovavel-e-quais-sao-os-tipos-existentes\/\">alternativas de energia<\/a>. Em rela\u00e7\u00e3o ao consumo de \u00e1gua, boa parte da \u00e1gua utilizada na f\u00e1brica &#8211; com exce\u00e7\u00e3o daquela usada na composi\u00e7\u00e3o da cerveja &#8211; \u00e9 reaproveitada.<\/span><\/p>\n<p style=\"text-align: justify;\"><span style=\"font-size: 10pt; font-family: verdana, geneva, sans-serif;\">Dados da empresa subsidiem em que a empresa em 2006 obteve uma receita de 51 milh\u00f5es de reais com a venda de subprodutos &#8211; res\u00edduos da fabrica\u00e7\u00e3o de cervejas e refrigerantes que, em vez de ser encaminhados a aterros sanit\u00e1rios e gerar custos, s\u00e3o transformados em mat\u00e9ria-prima para outras ind\u00fastrias. Um exemplo \u00e9 o baga\u00e7o de malte. Subproduto da elabora\u00e7\u00e3o do mosto, mistura de \u00e1gua, malte e l\u00fapulo que forma a cerveja, o baga\u00e7o \u00e9 rico em prote\u00ednas e, por isso, usado por fabricantes de ra\u00e7\u00e3o animal.<\/span><\/p>\n<p style=\"text-align: justify;\"><span style=\"font-size: 10pt; font-family: verdana, geneva, sans-serif;\">Assim, a estrat\u00e9gia n\u00e3o s\u00f3 da Ambev, mas tamb\u00e9m das outras empresas que v\u00eam se tornando ecoeficientes, \u00e9 a de encontrar novas aplica\u00e7\u00f5es mais rent\u00e1veis aos seus res\u00edduos, garantindo assim uma sustentabilidade ambiental.<\/span><\/p>\n<p style=\"text-align: justify;\"><span style=\"font-size: 10pt; font-family: verdana, geneva, sans-serif;\"><strong><em>\u00a0 \u00a0 \u00a0 \u00a0 \u00a0 \u00a0 \u00a0 \u00a0 \u00a0 \u00a0 \u00a0 \u00a0 \u00a0 \u00a0 \u00a0 \u00a0 \u00a0 \u00a0 \u00a0 \u00a0 \u00a0 \u00a0 \u00a0 \u00a0 \u00a0 \u00a0 \u00a0 \u00a0 \u00a0 \u00a0 \u00a0 \u00a0 \u00a0 \u00a0 \u00a0 \u00a0 \u00a0 \u00a0 \u00a0 \u00a0 \u00a0 \u00a0 \u00a0 \u00a0 \u00a0Autora: Patr\u00edcia Menegaz de Farias<\/em><\/strong><\/span><\/p>\n<hr style=\"text-align: justify;\" size=\"2\" \/>\n<p style=\"text-align: justify;\"><span style=\"font-size: 10pt; font-family: verdana, geneva, sans-serif;\"><strong>REFER\u00caNCIAS BIBLIOGR\u00c1FICAS<\/strong><\/span><\/p>\n<p style=\"text-align: justify;\"><span style=\"font-size: 10pt; font-family: verdana, geneva, sans-serif;\">ALMEIDA, F. <strong>Desafios da Sustentabilidade: Uma ruptura urgente.<\/strong> Editora Campus Elsevier. S\u00e3o Paulo, 2007.<\/span><\/p>\n<p style=\"text-align: justify;\"><span style=\"font-size: 10pt; font-family: verdana, geneva, sans-serif;\">ALMEIDA, R.O. <strong>A ecoefici\u00eancia e as empresas do terceiro mil\u00eanio. <\/strong>Revista Tend\u00eancia do Trabalho, Abril de 1998.<\/span><\/p>\n<p style=\"text-align: justify;\"><span style=\"font-size: 10pt; font-family: verdana, geneva, sans-serif;\">HERZOG, A.L. <strong>A era da f\u00e1brica verde. <\/strong>Revista Exame, Agosto de 2006.<\/span><\/p>\n<p style=\"text-align: justify;\"><span style=\"font-size: 10pt; font-family: verdana, geneva, sans-serif;\">LAMARCHE, H.<strong> A agricultura familiar<\/strong>. Campinas: UNICAMP, 1993. 336 p.<\/span><\/p>\n<p style=\"text-align: justify;\"><span style=\"font-size: 10pt; font-family: verdana, geneva, sans-serif;\">ROSA COUTO, S.L. <strong>Agricultura familiar e desenvolvimento local sustent\u00e1vel<\/strong>. 37\u00ba Congresso Brasileiro de Economia e Sociologia Rural &#8211; SOBER, Foz dos Igua\u00e7u, 1999.<\/span><\/p>\n<p style=\"text-align: justify;\"><span style=\"font-size: 10pt; font-family: verdana, geneva, sans-serif;\"><a href=\"http:\/\/www.cebds.org.br\/cebds\/eco-rbe-ecoeficiencia.asp%20%20acesso%20em%2009\/05\/2007\" rel=\"nofollow\">http:\/\/www.cebds.org.br\/cebds\/eco-rbe-ecoeficiencia.asp\u00a0 acesso em 09\/05\/2007<\/a><\/span><\/p>\n<p style=\"text-align: justify;\"><span style=\"font-size: 10pt; font-family: verdana, geneva, sans-serif;\"><a href=\"http:\/\/www.ambev.com.br\/not_04.php?noticia=339\" rel=\"nofollow\">http:\/\/www.ambev.com.br\/not_04.php?noticia=339<\/a> acesso em 15\/05\/2007<\/span><\/p>\n<p style=\"text-align: justify;\"><span style=\"font-size: 10pt; font-family: verdana, geneva, sans-serif;\"><a href=\"http:\/\/www.bcsdportugal.org\/content\/index.php?action=detailFo&amp;rec=225\" rel=\"nofollow\">http:\/\/www.bcsdportugal.org\/content\/index.php?action=detailFo&amp;rec=225<\/a> acesso em 15\/05\/2007.<\/span><\/p>\n","protected":false},"excerpt":{"rendered":"<p>O pr\u00f3ximo passo para as empresas que desejam se destacar em um cen\u00e1rio global \u00e9 compreender que a ecoefici\u00eancia vai al\u00e9m da mera redu\u00e7\u00e3o de res\u00edduos ou do uso racional dos recursos naturais; trata-se de uma estrat\u00e9gia ampla que integra inova\u00e7\u00e3o, sustentabilidade e lucratividade em todas as etapas do processo produtivo. O setor agr\u00edcola e [&hellip;]<\/p>\n","protected":false},"author":1,"featured_media":13459,"comment_status":"open","ping_status":"open","sticky":false,"template":"","format":"standard","meta":{"_jetpack_memberships_contains_paid_content":false,"footnotes":""},"categories":[494],"tags":[526,707,751,967,1105],"class_list":{"0":"post-242","1":"post","2":"type-post","3":"status-publish","4":"format-standard","5":"has-post-thumbnail","7":"category-gestao-ambiental-textos","8":"tag-ambiental","9":"tag-ecoeficiencia","10":"tag-empresas","11":"tag-politicas-ambientais","12":"tag-sustentabilidade"},"yoast_head":"<!-- This site is optimized with the Yoast SEO plugin v25.1 - https:\/\/yoast.com\/wordpress\/plugins\/seo\/ -->\n<title>Ecoefici\u00eancia: base das rela\u00e7\u00f5es empresariais com o meio - CENED Cursos Online<\/title>\n<meta name=\"description\" content=\"Ao tratar ecoefici\u00eancia nas empresas, significa a competitividade na produ\u00e7\u00e3o e coloca\u00e7\u00e3o no mercado de bens ou servi\u00e7os que satisfazem\" \/>\n<meta name=\"robots\" content=\"index, follow, max-snippet:-1, max-image-preview:large, max-video-preview:-1\" \/>\n<link rel=\"canonical\" href=\"https:\/\/cenedcursos.com.br\/meio-ambiente\/ecoeficiencia\/\" \/>\n<meta property=\"og:locale\" content=\"pt_BR\" \/>\n<meta property=\"og:type\" content=\"article\" \/>\n<meta property=\"og:title\" content=\"Ecoefici\u00eancia: base das rela\u00e7\u00f5es empresariais com o meio - CENED Cursos Online\" \/>\n<meta property=\"og:description\" content=\"Ao tratar ecoefici\u00eancia nas empresas, significa a competitividade na produ\u00e7\u00e3o e coloca\u00e7\u00e3o no mercado de bens ou servi\u00e7os que satisfazem\" \/>\n<meta property=\"og:url\" content=\"https:\/\/cenedcursos.com.br\/meio-ambiente\/ecoeficiencia\/\" \/>\n<meta property=\"og:site_name\" content=\"CENED Cursos Online\" \/>\n<meta property=\"article:published_time\" content=\"2008-03-15T19:08:03+00:00\" \/>\n<meta property=\"article:modified_time\" content=\"2025-05-16T13:05:22+00:00\" \/>\n<meta property=\"og:image\" content=\"https:\/\/cenedcursos.com.br\/meio-ambiente\/wp-content\/uploads\/2008\/03\/ecoeficiencia.webp\" \/>\n\t<meta property=\"og:image:width\" content=\"1200\" \/>\n\t<meta property=\"og:image:height\" content=\"800\" \/>\n\t<meta property=\"og:image:type\" content=\"image\/webp\" \/>\n<meta name=\"author\" content=\"Amarildo R. Ferrari\" \/>\n<meta name=\"twitter:card\" content=\"summary_large_image\" \/>\n<meta name=\"twitter:label1\" content=\"Escrito por\" \/>\n\t<meta name=\"twitter:data1\" content=\"Amarildo R. Ferrari\" \/>\n\t<meta name=\"twitter:label2\" content=\"Est. tempo de leitura\" \/>\n\t<meta name=\"twitter:data2\" content=\"14 minutos\" \/>\n<script type=\"application\/ld+json\" class=\"yoast-schema-graph\">{\"@context\":\"https:\/\/schema.org\",\"@graph\":[{\"@type\":\"WebPage\",\"@id\":\"https:\/\/cenedcursos.com.br\/meio-ambiente\/ecoeficiencia\/\",\"url\":\"https:\/\/cenedcursos.com.br\/meio-ambiente\/ecoeficiencia\/\",\"name\":\"Ecoefici\u00eancia: base das rela\u00e7\u00f5es empresariais com o meio - CENED Cursos Online\",\"isPartOf\":{\"@id\":\"https:\/\/cenedcursos.com.br\/meio-ambiente\/#website\"},\"primaryImageOfPage\":{\"@id\":\"https:\/\/cenedcursos.com.br\/meio-ambiente\/ecoeficiencia\/#primaryimage\"},\"image\":{\"@id\":\"https:\/\/cenedcursos.com.br\/meio-ambiente\/ecoeficiencia\/#primaryimage\"},\"thumbnailUrl\":\"https:\/\/i0.wp.com\/cenedcursos.com.br\/meio-ambiente\/wp-content\/uploads\/2008\/03\/ecoeficiencia.webp?fit=1200%2C800&ssl=1\",\"datePublished\":\"2008-03-15T19:08:03+00:00\",\"dateModified\":\"2025-05-16T13:05:22+00:00\",\"author\":{\"@id\":\"https:\/\/cenedcursos.com.br\/meio-ambiente\/#\/schema\/person\/64377d24cdc16779a1eb6229894af388\"},\"description\":\"Ao tratar ecoefici\u00eancia nas empresas, significa a competitividade na produ\u00e7\u00e3o e coloca\u00e7\u00e3o no mercado de bens ou servi\u00e7os que satisfazem\",\"breadcrumb\":{\"@id\":\"https:\/\/cenedcursos.com.br\/meio-ambiente\/ecoeficiencia\/#breadcrumb\"},\"inLanguage\":\"pt-BR\",\"potentialAction\":[{\"@type\":\"ReadAction\",\"target\":[\"https:\/\/cenedcursos.com.br\/meio-ambiente\/ecoeficiencia\/\"]}]},{\"@type\":\"ImageObject\",\"inLanguage\":\"pt-BR\",\"@id\":\"https:\/\/cenedcursos.com.br\/meio-ambiente\/ecoeficiencia\/#primaryimage\",\"url\":\"https:\/\/i0.wp.com\/cenedcursos.com.br\/meio-ambiente\/wp-content\/uploads\/2008\/03\/ecoeficiencia.webp?fit=1200%2C800&ssl=1\",\"contentUrl\":\"https:\/\/i0.wp.com\/cenedcursos.com.br\/meio-ambiente\/wp-content\/uploads\/2008\/03\/ecoeficiencia.webp?fit=1200%2C800&ssl=1\",\"width\":1200,\"height\":800,\"caption\":\"ecoefici\u00eancia\"},{\"@type\":\"BreadcrumbList\",\"@id\":\"https:\/\/cenedcursos.com.br\/meio-ambiente\/ecoeficiencia\/#breadcrumb\",\"itemListElement\":[{\"@type\":\"ListItem\",\"position\":1,\"name\":\"In\u00edcio\",\"item\":\"https:\/\/cenedcursos.com.br\/meio-ambiente\/\"},{\"@type\":\"ListItem\",\"position\":2,\"name\":\"Ecoefici\u00eancia: base das rela\u00e7\u00f5es empresariais com o meio\"}]},{\"@type\":\"WebSite\",\"@id\":\"https:\/\/cenedcursos.com.br\/meio-ambiente\/#website\",\"url\":\"https:\/\/cenedcursos.com.br\/meio-ambiente\/\",\"name\":\"CENED Cursos Online\",\"description\":\"Aqui voc\u00ea encontra artigos em diversas \u00e1reas do conhecimento: meio ambiente, educa\u00e7\u00e3o, marketing digital, neg\u00f3cios online e muito mais.\",\"potentialAction\":[{\"@type\":\"SearchAction\",\"target\":{\"@type\":\"EntryPoint\",\"urlTemplate\":\"https:\/\/cenedcursos.com.br\/meio-ambiente\/?s={search_term_string}\"},\"query-input\":{\"@type\":\"PropertyValueSpecification\",\"valueRequired\":true,\"valueName\":\"search_term_string\"}}],\"inLanguage\":\"pt-BR\"},{\"@type\":\"Person\",\"@id\":\"https:\/\/cenedcursos.com.br\/meio-ambiente\/#\/schema\/person\/64377d24cdc16779a1eb6229894af388\",\"name\":\"Amarildo R. Ferrari\",\"image\":{\"@type\":\"ImageObject\",\"inLanguage\":\"pt-BR\",\"@id\":\"https:\/\/cenedcursos.com.br\/meio-ambiente\/#\/schema\/person\/image\/\",\"url\":\"https:\/\/secure.gravatar.com\/avatar\/6ea4248ca9f295c93f1b72f8398232f0fbbffe30349e6ec3839cfa5e09b0de3c?s=96&d=mm&r=g\",\"contentUrl\":\"https:\/\/secure.gravatar.com\/avatar\/6ea4248ca9f295c93f1b72f8398232f0fbbffe30349e6ec3839cfa5e09b0de3c?s=96&d=mm&r=g\",\"caption\":\"Amarildo R. Ferrari\"},\"sameAs\":[\"https:\/\/cenedcursos.com.br\/meio-ambiente\"],\"url\":\"https:\/\/cenedcursos.com.br\/meio-ambiente\/author\/admin\/\"}]}<\/script>\n<!-- \/ Yoast SEO plugin. -->","yoast_head_json":{"title":"Ecoefici\u00eancia: base das rela\u00e7\u00f5es empresariais com o meio - CENED Cursos Online","description":"Ao tratar ecoefici\u00eancia nas empresas, significa a competitividade na produ\u00e7\u00e3o e coloca\u00e7\u00e3o no mercado de bens ou servi\u00e7os que satisfazem","robots":{"index":"index","follow":"follow","max-snippet":"max-snippet:-1","max-image-preview":"max-image-preview:large","max-video-preview":"max-video-preview:-1"},"canonical":"https:\/\/cenedcursos.com.br\/meio-ambiente\/ecoeficiencia\/","og_locale":"pt_BR","og_type":"article","og_title":"Ecoefici\u00eancia: base das rela\u00e7\u00f5es empresariais com o meio - CENED Cursos Online","og_description":"Ao tratar ecoefici\u00eancia nas empresas, significa a competitividade na produ\u00e7\u00e3o e coloca\u00e7\u00e3o no mercado de bens ou servi\u00e7os que satisfazem","og_url":"https:\/\/cenedcursos.com.br\/meio-ambiente\/ecoeficiencia\/","og_site_name":"CENED Cursos Online","article_published_time":"2008-03-15T19:08:03+00:00","article_modified_time":"2025-05-16T13:05:22+00:00","og_image":[{"width":1200,"height":800,"url":"https:\/\/cenedcursos.com.br\/meio-ambiente\/wp-content\/uploads\/2008\/03\/ecoeficiencia.webp","type":"image\/webp"}],"author":"Amarildo R. Ferrari","twitter_card":"summary_large_image","twitter_misc":{"Escrito por":"Amarildo R. Ferrari","Est. tempo de leitura":"14 minutos"},"schema":{"@context":"https:\/\/schema.org","@graph":[{"@type":"WebPage","@id":"https:\/\/cenedcursos.com.br\/meio-ambiente\/ecoeficiencia\/","url":"https:\/\/cenedcursos.com.br\/meio-ambiente\/ecoeficiencia\/","name":"Ecoefici\u00eancia: base das rela\u00e7\u00f5es empresariais com o meio - CENED Cursos Online","isPartOf":{"@id":"https:\/\/cenedcursos.com.br\/meio-ambiente\/#website"},"primaryImageOfPage":{"@id":"https:\/\/cenedcursos.com.br\/meio-ambiente\/ecoeficiencia\/#primaryimage"},"image":{"@id":"https:\/\/cenedcursos.com.br\/meio-ambiente\/ecoeficiencia\/#primaryimage"},"thumbnailUrl":"https:\/\/i0.wp.com\/cenedcursos.com.br\/meio-ambiente\/wp-content\/uploads\/2008\/03\/ecoeficiencia.webp?fit=1200%2C800&ssl=1","datePublished":"2008-03-15T19:08:03+00:00","dateModified":"2025-05-16T13:05:22+00:00","author":{"@id":"https:\/\/cenedcursos.com.br\/meio-ambiente\/#\/schema\/person\/64377d24cdc16779a1eb6229894af388"},"description":"Ao tratar ecoefici\u00eancia nas empresas, significa a competitividade na produ\u00e7\u00e3o e coloca\u00e7\u00e3o no mercado de bens ou servi\u00e7os que satisfazem","breadcrumb":{"@id":"https:\/\/cenedcursos.com.br\/meio-ambiente\/ecoeficiencia\/#breadcrumb"},"inLanguage":"pt-BR","potentialAction":[{"@type":"ReadAction","target":["https:\/\/cenedcursos.com.br\/meio-ambiente\/ecoeficiencia\/"]}]},{"@type":"ImageObject","inLanguage":"pt-BR","@id":"https:\/\/cenedcursos.com.br\/meio-ambiente\/ecoeficiencia\/#primaryimage","url":"https:\/\/i0.wp.com\/cenedcursos.com.br\/meio-ambiente\/wp-content\/uploads\/2008\/03\/ecoeficiencia.webp?fit=1200%2C800&ssl=1","contentUrl":"https:\/\/i0.wp.com\/cenedcursos.com.br\/meio-ambiente\/wp-content\/uploads\/2008\/03\/ecoeficiencia.webp?fit=1200%2C800&ssl=1","width":1200,"height":800,"caption":"ecoefici\u00eancia"},{"@type":"BreadcrumbList","@id":"https:\/\/cenedcursos.com.br\/meio-ambiente\/ecoeficiencia\/#breadcrumb","itemListElement":[{"@type":"ListItem","position":1,"name":"In\u00edcio","item":"https:\/\/cenedcursos.com.br\/meio-ambiente\/"},{"@type":"ListItem","position":2,"name":"Ecoefici\u00eancia: base das rela\u00e7\u00f5es empresariais com o meio"}]},{"@type":"WebSite","@id":"https:\/\/cenedcursos.com.br\/meio-ambiente\/#website","url":"https:\/\/cenedcursos.com.br\/meio-ambiente\/","name":"CENED Cursos Online","description":"Aqui voc\u00ea encontra artigos em diversas \u00e1reas do conhecimento: meio ambiente, educa\u00e7\u00e3o, marketing digital, neg\u00f3cios online e muito mais.","potentialAction":[{"@type":"SearchAction","target":{"@type":"EntryPoint","urlTemplate":"https:\/\/cenedcursos.com.br\/meio-ambiente\/?s={search_term_string}"},"query-input":{"@type":"PropertyValueSpecification","valueRequired":true,"valueName":"search_term_string"}}],"inLanguage":"pt-BR"},{"@type":"Person","@id":"https:\/\/cenedcursos.com.br\/meio-ambiente\/#\/schema\/person\/64377d24cdc16779a1eb6229894af388","name":"Amarildo R. Ferrari","image":{"@type":"ImageObject","inLanguage":"pt-BR","@id":"https:\/\/cenedcursos.com.br\/meio-ambiente\/#\/schema\/person\/image\/","url":"https:\/\/secure.gravatar.com\/avatar\/6ea4248ca9f295c93f1b72f8398232f0fbbffe30349e6ec3839cfa5e09b0de3c?s=96&d=mm&r=g","contentUrl":"https:\/\/secure.gravatar.com\/avatar\/6ea4248ca9f295c93f1b72f8398232f0fbbffe30349e6ec3839cfa5e09b0de3c?s=96&d=mm&r=g","caption":"Amarildo R. Ferrari"},"sameAs":["https:\/\/cenedcursos.com.br\/meio-ambiente"],"url":"https:\/\/cenedcursos.com.br\/meio-ambiente\/author\/admin\/"}]}},"jetpack_featured_media_url":"https:\/\/i0.wp.com\/cenedcursos.com.br\/meio-ambiente\/wp-content\/uploads\/2008\/03\/ecoeficiencia.webp?fit=1200%2C800&ssl=1","jetpack_sharing_enabled":true,"_links":{"self":[{"href":"https:\/\/cenedcursos.com.br\/meio-ambiente\/wp-json\/wp\/v2\/posts\/242","targetHints":{"allow":["GET"]}}],"collection":[{"href":"https:\/\/cenedcursos.com.br\/meio-ambiente\/wp-json\/wp\/v2\/posts"}],"about":[{"href":"https:\/\/cenedcursos.com.br\/meio-ambiente\/wp-json\/wp\/v2\/types\/post"}],"author":[{"embeddable":true,"href":"https:\/\/cenedcursos.com.br\/meio-ambiente\/wp-json\/wp\/v2\/users\/1"}],"replies":[{"embeddable":true,"href":"https:\/\/cenedcursos.com.br\/meio-ambiente\/wp-json\/wp\/v2\/comments?post=242"}],"version-history":[{"count":0,"href":"https:\/\/cenedcursos.com.br\/meio-ambiente\/wp-json\/wp\/v2\/posts\/242\/revisions"}],"wp:featuredmedia":[{"embeddable":true,"href":"https:\/\/cenedcursos.com.br\/meio-ambiente\/wp-json\/wp\/v2\/media\/13459"}],"wp:attachment":[{"href":"https:\/\/cenedcursos.com.br\/meio-ambiente\/wp-json\/wp\/v2\/media?parent=242"}],"wp:term":[{"taxonomy":"category","embeddable":true,"href":"https:\/\/cenedcursos.com.br\/meio-ambiente\/wp-json\/wp\/v2\/categories?post=242"},{"taxonomy":"post_tag","embeddable":true,"href":"https:\/\/cenedcursos.com.br\/meio-ambiente\/wp-json\/wp\/v2\/tags?post=242"}],"curies":[{"name":"wp","href":"https:\/\/api.w.org\/{rel}","templated":true}]}}