{"id":244,"date":"2008-03-20T16:05:07","date_gmt":"2008-03-20T16:05:07","guid":{"rendered":"http:\/\/www.cenedcursos.com.br\/?p=244"},"modified":"2008-03-20T16:05:07","modified_gmt":"2008-03-20T16:05:07","slug":"consumismo-producao-lixo","status":"publish","type":"post","link":"https:\/\/cenedcursos.com.br\/meio-ambiente\/consumismo-producao-lixo\/","title":{"rendered":"Breve reflex\u00e3o acerca do consumismo e a produ\u00e7\u00e3o de lixo"},"content":{"rendered":"<p style=\"text-align: justify;\">Nos dias atuais o ser humano vem sendo assolado pelo consumismo! Mas o que vem a ser consumismo? Qual o papel do consumidor no mercado? E o que isso tem haver com o problema da produ\u00e7\u00e3o de lixo e a sua destina\u00e7\u00e3o? A quem compete resolver o problema? O ser humano, mais do que qualquer outro ser vivo na face da Terra, tem necessidades que precisam ser satisfeitas diariamente, alimentar, hidratar, vestir, morar, educar, transportar, comunicar, divertir etc. Mas al\u00e9m dessas necessidades b\u00e1sicas tem outras advindas da cultura de cada povo. Na cultura ocidental, por exemplo, os beb\u00eas s\u00e3o tratados como reis, todas as aten\u00e7\u00f5es de todos os seres humanos a sua volta lhe reafirmam o quanto \u00e9 belo, inteligente e gracioso! De acordo com a psican\u00e1lise, essa forma de educa\u00e7\u00e3o tem suas conseq\u00fc\u00eancias na vida adulta, pois, com o crescimento o indiv\u00edduo perde o \u201ctrono\u201d e passa a ser tratado como mais uma pessoa entre tantas.<\/p>\n<p style=\"text-align: justify;\">O produto comprado, jamais ir\u00e1 satisfazer sua \u201cnecessidade\u201d, sendo trocado por outro com promessa mais convincente, e por outro e mais outros. Induzindo, assim, o indiv\u00edduo a ser um consumidor irracional, levado pela emo\u00e7\u00e3o da necessidade artificial criada pelo mercado. Isso \u00e9 o consumismo. A necessidade artificial de consumir cada vez mais! Os produtos s\u00e3o desenvolvidos com o intuito de criar e satisfazer necessidades do consumidor. Dessa forma,<a href=\"https:\/\/i0.wp.com\/www.cenedcursos.com.br\/meio-ambiente\/wp-content\/uploads\/2008\/03\/consumismo.png?ssl=1\" rel=\"attachment wp-att-7952\"><img data-recalc-dims=\"1\" loading=\"lazy\" decoding=\"async\" data-attachment-id=\"7952\" data-permalink=\"https:\/\/cenedcursos.com.br\/meio-ambiente\/consumismo-2\/\" data-orig-file=\"https:\/\/i0.wp.com\/cenedcursos.com.br\/meio-ambiente\/wp-content\/uploads\/2008\/03\/consumismo-1.png?fit=400%2C225&amp;ssl=1\" data-orig-size=\"400,225\" data-comments-opened=\"1\" data-image-meta=\"{&quot;aperture&quot;:&quot;0&quot;,&quot;credit&quot;:&quot;&quot;,&quot;camera&quot;:&quot;&quot;,&quot;caption&quot;:&quot;&quot;,&quot;created_timestamp&quot;:&quot;0&quot;,&quot;copyright&quot;:&quot;&quot;,&quot;focal_length&quot;:&quot;0&quot;,&quot;iso&quot;:&quot;0&quot;,&quot;shutter_speed&quot;:&quot;0&quot;,&quot;title&quot;:&quot;&quot;,&quot;orientation&quot;:&quot;0&quot;}\" data-image-title=\"consumismo produ\u00e7\u00e3o de lixo\" data-image-description=\"\" data-image-caption=\"\" data-medium-file=\"https:\/\/i0.wp.com\/cenedcursos.com.br\/meio-ambiente\/wp-content\/uploads\/2008\/03\/consumismo-1.png?fit=300%2C169&amp;ssl=1\" data-large-file=\"https:\/\/i0.wp.com\/cenedcursos.com.br\/meio-ambiente\/wp-content\/uploads\/2008\/03\/consumismo-1.png?fit=400%2C225&amp;ssl=1\" class=\"alignright size-full wp-image-7952\" src=\"https:\/\/i0.wp.com\/www.cenedcursos.com.br\/meio-ambiente\/wp-content\/uploads\/2008\/03\/consumismo.png?resize=400%2C225&#038;ssl=1\" alt=\"consumismo produ\u00e7\u00e3o de lixo\" width=\"400\" height=\"225\" \/><\/a> o alvo do mercado \u00e9 o consumidor. <a href=\"https:\/\/cenedcursos.com.br\/posgraduacao\/produto\/direito-do-consumidor-3\/\" target=\"_blank\" rel=\"noopener noreferrer\">Sem consumidor n\u00e3o existe mercado<\/a>! Em tempos de globaliza\u00e7\u00e3o pol\u00edtica e econ\u00f4mica, tudo \u00e9 reduzido a produto: animal, vegetal, intelectual, industrial, ideol\u00f3gico, psicol\u00f3gico, educacional, religioso etc. O poder pol\u00edtico, sobrevivente aristot\u00e9lico, com a globaliza\u00e7\u00e3o perdeu muito de sua for\u00e7a, abrindo espa\u00e7o para o mercado. Os pr\u00f3prios representantes p\u00fablicos, muitos deles, foram reduzidos a produtos publicit\u00e1rios.Mas, o crescimento n\u00e3o apaga da mente da pessoa o seu reinado perdido, e ela passa o resto de sua vida tentando reconquistar o prest\u00edgio que tinha quando era apenas um beb\u00ea. Ciente dessa \u201cnecessidade\u201d do ser humano, o mercado busca forjar esse prest\u00edgio, dizendo ao consumidor aquilo que ele deseja ouvir, e cobra caro por isso. Levando-o a acreditar que se ele comprar este ou aquele produto estar\u00e1 recuperando o seu reinado e passando \u00e0 condi\u00e7\u00e3o de algu\u00e9m muito especial. Sem perceber o indiv\u00edduo passa a pensar que o que precisa \u00e9 o produto e n\u00e3o se d\u00e1 conta de que o que est\u00e1 buscando \u00e9 o prest\u00edgio.<\/p>\n<p style=\"text-align: justify;\">Assim, o cidad\u00e3o se v\u00ea perdido, sem saber em quem ou no que acreditar. Pois nem mesmo consegue saber, ao certo, quem \u00e9 a pessoa em quem depositou seu voto, se ela \u00e9 real ou uma cria\u00e7\u00e3o da m\u00eddia. Muito menos qual a sua ideologia. Assim, o voto se torna mais uma atitude de consumo irracional. Diante desse panorama, nota-se que o poder se encontra concentrado no mercado, e que o protagonista do mercado \u00e9 o consumidor, cabendo a ele dizer o que deseja consumir. Ocorre que o consumidor n\u00e3o desempenha seu papel adequadamente, pois sequer tem consci\u00eancia do poder que possui, sendo constantemente manipulado pelo fornecedor, atrav\u00e9s da m\u00eddia. Nessa corrida pelo consumo, o indiv\u00edduo precisa de cada vez mais poder aquisitivo, e isso significa mais trabalho, mais compromissos, mais responsabilidades e menos tempo para pensar e decidir o que, porqu\u00ea e quando consumir, tornando-se cada vez mais irracional enquanto consumidor. Podendo, muitas vezes, chegar \u00e0 depress\u00e3o por n\u00e3o conseguir manter determinado padr\u00e3o de consumo, o que o fragiliza ainda mais diante do mercado.<\/p>\n<p style=\"text-align: justify;\">Ocorre que al\u00e9m da perda de poder do cidad\u00e3o, o <a href=\"https:\/\/cenedcursos.com.br\/meio-ambiente\/consumismo-ameaca-meio-ambiente\/\" target=\"_blank\" rel=\"noopener noreferrer\">consumismo trouxe um grave problema<\/a>, o excesso de dejetos resultantes do consumo desenfreado. Em outras palavras, \u201cLIXO\u201d! Por \u201cfalta de tempo\u201d, pois trabalha muito para manter seus padr\u00f5es de consumo, o individuo n\u00e3o pensa na melhor forma de cuidar dos materiais que n\u00e3o lhe interessam mais, depositando-os de forma inadequada no meio ambiente e causando graves danos \u00e0 natureza! Danos estes que retornam ao ser humano em forma de desequil\u00edbrio. Um antigo ditado oriental j\u00e1 ensinava: \u201cO seu lixo sempre volta \u00e0 sua porta, cabe a voc\u00ea escolher a cara dele!\u201d! Assim como tamb\u00e9m ditava Antoine Laurent Lavoisier, inspirado em pensadores que o antecedeu: na natureza nada se cria, nada se perde e tudo deve ser transformado. Mas parece que a humanidade ainda n\u00e3o entendeu conceitos b\u00e1sicos e necess\u00e1rios para manter equil\u00edbrio e a vida. Nos \u00faltimos anos, com o fen\u00f4meno da globaliza\u00e7\u00e3o, houve um grande aumento na oferta de cr\u00e9dito, principalmente para as classes menos abastadas. Isso ocasionou aumento do poder de consumo entre os mais pobres. O que n\u00e3o quer dizer que hoje tenhamos menos indiv\u00edduos em situa\u00e7\u00e3o de pobreza do que antes da globaliza\u00e7\u00e3o, mas sim, que muitos povos pobres foram inseridos no mercado, atrav\u00e9s do cr\u00e9dito, tornando-os, al\u00e9m de pobres, endividados. O fato \u00e9 que, o aumento do poder aquisitivo das classes menos abastadas teve reflexo direto no aumento da produ\u00e7\u00e3o de lixo e na destina\u00e7\u00e3o inadequada.<\/p>\n<p style=\"text-align: justify;\">O problema da <a href=\"https:\/\/cenedcursos.com.br\/curso\/curso-gestao-de-residuos-solidos\/\" target=\"_blank\" rel=\"noopener noreferrer\">produ\u00e7\u00e3o de lixo<\/a> est\u00e1 estreitamente relacionado ao consumismo, agravado pela explos\u00e3o demogr\u00e1fica, males que precisam ser sanados urgentemente pelo ser humano, sob pena de lev\u00e1-lo \u00e0 degrada\u00e7\u00e3o. Indiv\u00edduos, fam\u00edlias, sociedades, governos, todos devem contribuir para a solu\u00e7\u00e3o do problema. Come\u00e7ando por cuidar cada um do seu pr\u00f3prio lixo. Buscando: Repensar o que \u00e9 de fato lixo; Reduzir, diminuindo o consumo desnecess\u00e1rio; Reutilizar, evitando o desperd\u00edcio de energia e dos recursos naturais; e reciclar transformando a mat\u00e9ria que seria dispensada em recurso renov\u00e1vel. N\u00e3o podemos nos deixar consumir pelo consumismo do mercado, pois afinal, n\u00f3s estamos no topo dessa cadeia, somos consumidores!<\/p>\n<p style=\"text-align: right;\"><em>Autora: Roseli Bregantin Barbosa<\/em><\/p>\n","protected":false},"excerpt":{"rendered":"<p>Nos dias atuais o ser humano vem sendo assolado pelo consumismo! Mas o que vem a ser consumismo? Qual o papel do consumidor no mercado? E o que isso tem haver com o problema da produ\u00e7\u00e3o de lixo e a sua destina\u00e7\u00e3o? A quem compete resolver o problema? O ser humano, mais do que qualquer [&hellip;]<\/p>\n","protected":false},"author":1,"featured_media":0,"comment_status":"open","ping_status":"open","sticky":false,"template":"","format":"standard","meta":{"_jetpack_memberships_contains_paid_content":false,"footnotes":""},"categories":[498],"tags":[633,689,993],"class_list":{"0":"post-244","1":"post","2":"type-post","3":"status-publish","4":"format-standard","6":"category-residuos-solidos-textos","7":"tag-consumismo","8":"tag-destinacao-do-lixo","9":"tag-producao-de-lixo"},"yoast_head":"<!-- This site is optimized with the Yoast SEO plugin v25.1 - https:\/\/yoast.com\/wordpress\/plugins\/seo\/ -->\n<title>Breve reflex\u00e3o acerca do consumismo e a produ\u00e7\u00e3o de lixo - CENED<\/title>\n<meta name=\"description\" content=\"O consumismo \u00e9 um fato crescente nos dias atuais, gerando uma produ\u00e7\u00e3o de lixo sem precedentes e criando v\u00e1rios problemas ao meio ambiente e \u00e0 sociedade...\" \/>\n<meta name=\"robots\" content=\"index, follow, max-snippet:-1, max-image-preview:large, max-video-preview:-1\" \/>\n<link rel=\"canonical\" href=\"https:\/\/cenedcursos.com.br\/meio-ambiente\/consumismo-producao-lixo\/\" \/>\n<meta property=\"og:locale\" content=\"pt_BR\" \/>\n<meta property=\"og:type\" content=\"article\" \/>\n<meta property=\"og:title\" content=\"Breve reflex\u00e3o acerca do consumismo e a produ\u00e7\u00e3o de lixo - CENED\" \/>\n<meta property=\"og:description\" content=\"O consumismo \u00e9 um fato crescente nos dias atuais, gerando uma produ\u00e7\u00e3o de lixo sem precedentes e criando v\u00e1rios problemas ao meio ambiente e \u00e0 sociedade...\" \/>\n<meta property=\"og:url\" content=\"https:\/\/cenedcursos.com.br\/meio-ambiente\/consumismo-producao-lixo\/\" \/>\n<meta property=\"og:site_name\" content=\"CENED Cursos Online\" \/>\n<meta property=\"article:published_time\" content=\"2008-03-20T16:05:07+00:00\" \/>\n<meta name=\"author\" content=\"Amarildo R. Ferrari\" \/>\n<meta name=\"twitter:card\" content=\"summary_large_image\" \/>\n<meta name=\"twitter:image\" content=\"https:\/\/www.cenedcursos.com.br\/meio-ambiente\/wp-content\/uploads\/2008\/03\/consumismo.png\" \/>\n<meta name=\"twitter:label1\" content=\"Escrito por\" \/>\n\t<meta name=\"twitter:data1\" content=\"Amarildo R. Ferrari\" \/>\n\t<meta name=\"twitter:label2\" content=\"Est. tempo de leitura\" \/>\n\t<meta name=\"twitter:data2\" content=\"5 minutos\" \/>\n<script type=\"application\/ld+json\" class=\"yoast-schema-graph\">{\"@context\":\"https:\/\/schema.org\",\"@graph\":[{\"@type\":\"WebPage\",\"@id\":\"https:\/\/cenedcursos.com.br\/meio-ambiente\/consumismo-producao-lixo\/\",\"url\":\"https:\/\/cenedcursos.com.br\/meio-ambiente\/consumismo-producao-lixo\/\",\"name\":\"Breve reflex\u00e3o acerca do consumismo e a produ\u00e7\u00e3o de lixo - CENED\",\"isPartOf\":{\"@id\":\"https:\/\/cenedcursos.com.br\/meio-ambiente\/#website\"},\"primaryImageOfPage\":{\"@id\":\"https:\/\/cenedcursos.com.br\/meio-ambiente\/consumismo-producao-lixo\/#primaryimage\"},\"image\":{\"@id\":\"https:\/\/cenedcursos.com.br\/meio-ambiente\/consumismo-producao-lixo\/#primaryimage\"},\"thumbnailUrl\":\"https:\/\/www.cenedcursos.com.br\/meio-ambiente\/wp-content\/uploads\/2008\/03\/consumismo.png\",\"datePublished\":\"2008-03-20T16:05:07+00:00\",\"author\":{\"@id\":\"https:\/\/cenedcursos.com.br\/meio-ambiente\/#\/schema\/person\/64377d24cdc16779a1eb6229894af388\"},\"description\":\"O consumismo \u00e9 um fato crescente nos dias atuais, gerando uma produ\u00e7\u00e3o de lixo sem precedentes e criando v\u00e1rios problemas ao meio ambiente e \u00e0 sociedade...\",\"breadcrumb\":{\"@id\":\"https:\/\/cenedcursos.com.br\/meio-ambiente\/consumismo-producao-lixo\/#breadcrumb\"},\"inLanguage\":\"pt-BR\",\"potentialAction\":[{\"@type\":\"ReadAction\",\"target\":[\"https:\/\/cenedcursos.com.br\/meio-ambiente\/consumismo-producao-lixo\/\"]}]},{\"@type\":\"ImageObject\",\"inLanguage\":\"pt-BR\",\"@id\":\"https:\/\/cenedcursos.com.br\/meio-ambiente\/consumismo-producao-lixo\/#primaryimage\",\"url\":\"https:\/\/www.cenedcursos.com.br\/meio-ambiente\/wp-content\/uploads\/2008\/03\/consumismo.png\",\"contentUrl\":\"https:\/\/www.cenedcursos.com.br\/meio-ambiente\/wp-content\/uploads\/2008\/03\/consumismo.png\"},{\"@type\":\"BreadcrumbList\",\"@id\":\"https:\/\/cenedcursos.com.br\/meio-ambiente\/consumismo-producao-lixo\/#breadcrumb\",\"itemListElement\":[{\"@type\":\"ListItem\",\"position\":1,\"name\":\"In\u00edcio\",\"item\":\"https:\/\/cenedcursos.com.br\/meio-ambiente\/\"},{\"@type\":\"ListItem\",\"position\":2,\"name\":\"Breve reflex\u00e3o acerca do consumismo e a produ\u00e7\u00e3o de lixo\"}]},{\"@type\":\"WebSite\",\"@id\":\"https:\/\/cenedcursos.com.br\/meio-ambiente\/#website\",\"url\":\"https:\/\/cenedcursos.com.br\/meio-ambiente\/\",\"name\":\"CENED Cursos Online\",\"description\":\"Aqui voc\u00ea encontra artigos em diversas \u00e1reas do conhecimento: meio ambiente, educa\u00e7\u00e3o, marketing digital, neg\u00f3cios online e muito mais.\",\"potentialAction\":[{\"@type\":\"SearchAction\",\"target\":{\"@type\":\"EntryPoint\",\"urlTemplate\":\"https:\/\/cenedcursos.com.br\/meio-ambiente\/?s={search_term_string}\"},\"query-input\":{\"@type\":\"PropertyValueSpecification\",\"valueRequired\":true,\"valueName\":\"search_term_string\"}}],\"inLanguage\":\"pt-BR\"},{\"@type\":\"Person\",\"@id\":\"https:\/\/cenedcursos.com.br\/meio-ambiente\/#\/schema\/person\/64377d24cdc16779a1eb6229894af388\",\"name\":\"Amarildo R. Ferrari\",\"image\":{\"@type\":\"ImageObject\",\"inLanguage\":\"pt-BR\",\"@id\":\"https:\/\/cenedcursos.com.br\/meio-ambiente\/#\/schema\/person\/image\/\",\"url\":\"https:\/\/secure.gravatar.com\/avatar\/6ea4248ca9f295c93f1b72f8398232f0fbbffe30349e6ec3839cfa5e09b0de3c?s=96&d=mm&r=g\",\"contentUrl\":\"https:\/\/secure.gravatar.com\/avatar\/6ea4248ca9f295c93f1b72f8398232f0fbbffe30349e6ec3839cfa5e09b0de3c?s=96&d=mm&r=g\",\"caption\":\"Amarildo R. Ferrari\"},\"sameAs\":[\"https:\/\/cenedcursos.com.br\/meio-ambiente\"],\"url\":\"https:\/\/cenedcursos.com.br\/meio-ambiente\/author\/admin\/\"}]}<\/script>\n<!-- \/ Yoast SEO plugin. -->","yoast_head_json":{"title":"Breve reflex\u00e3o acerca do consumismo e a produ\u00e7\u00e3o de lixo - CENED","description":"O consumismo \u00e9 um fato crescente nos dias atuais, gerando uma produ\u00e7\u00e3o de lixo sem precedentes e criando v\u00e1rios problemas ao meio ambiente e \u00e0 sociedade...","robots":{"index":"index","follow":"follow","max-snippet":"max-snippet:-1","max-image-preview":"max-image-preview:large","max-video-preview":"max-video-preview:-1"},"canonical":"https:\/\/cenedcursos.com.br\/meio-ambiente\/consumismo-producao-lixo\/","og_locale":"pt_BR","og_type":"article","og_title":"Breve reflex\u00e3o acerca do consumismo e a produ\u00e7\u00e3o de lixo - CENED","og_description":"O consumismo \u00e9 um fato crescente nos dias atuais, gerando uma produ\u00e7\u00e3o de lixo sem precedentes e criando v\u00e1rios problemas ao meio ambiente e \u00e0 sociedade...","og_url":"https:\/\/cenedcursos.com.br\/meio-ambiente\/consumismo-producao-lixo\/","og_site_name":"CENED Cursos Online","article_published_time":"2008-03-20T16:05:07+00:00","author":"Amarildo R. Ferrari","twitter_card":"summary_large_image","twitter_image":"https:\/\/www.cenedcursos.com.br\/meio-ambiente\/wp-content\/uploads\/2008\/03\/consumismo.png","twitter_misc":{"Escrito por":"Amarildo R. Ferrari","Est. tempo de leitura":"5 minutos"},"schema":{"@context":"https:\/\/schema.org","@graph":[{"@type":"WebPage","@id":"https:\/\/cenedcursos.com.br\/meio-ambiente\/consumismo-producao-lixo\/","url":"https:\/\/cenedcursos.com.br\/meio-ambiente\/consumismo-producao-lixo\/","name":"Breve reflex\u00e3o acerca do consumismo e a produ\u00e7\u00e3o de lixo - CENED","isPartOf":{"@id":"https:\/\/cenedcursos.com.br\/meio-ambiente\/#website"},"primaryImageOfPage":{"@id":"https:\/\/cenedcursos.com.br\/meio-ambiente\/consumismo-producao-lixo\/#primaryimage"},"image":{"@id":"https:\/\/cenedcursos.com.br\/meio-ambiente\/consumismo-producao-lixo\/#primaryimage"},"thumbnailUrl":"https:\/\/www.cenedcursos.com.br\/meio-ambiente\/wp-content\/uploads\/2008\/03\/consumismo.png","datePublished":"2008-03-20T16:05:07+00:00","author":{"@id":"https:\/\/cenedcursos.com.br\/meio-ambiente\/#\/schema\/person\/64377d24cdc16779a1eb6229894af388"},"description":"O consumismo \u00e9 um fato crescente nos dias atuais, gerando uma produ\u00e7\u00e3o de lixo sem precedentes e criando v\u00e1rios problemas ao meio ambiente e \u00e0 sociedade...","breadcrumb":{"@id":"https:\/\/cenedcursos.com.br\/meio-ambiente\/consumismo-producao-lixo\/#breadcrumb"},"inLanguage":"pt-BR","potentialAction":[{"@type":"ReadAction","target":["https:\/\/cenedcursos.com.br\/meio-ambiente\/consumismo-producao-lixo\/"]}]},{"@type":"ImageObject","inLanguage":"pt-BR","@id":"https:\/\/cenedcursos.com.br\/meio-ambiente\/consumismo-producao-lixo\/#primaryimage","url":"https:\/\/www.cenedcursos.com.br\/meio-ambiente\/wp-content\/uploads\/2008\/03\/consumismo.png","contentUrl":"https:\/\/www.cenedcursos.com.br\/meio-ambiente\/wp-content\/uploads\/2008\/03\/consumismo.png"},{"@type":"BreadcrumbList","@id":"https:\/\/cenedcursos.com.br\/meio-ambiente\/consumismo-producao-lixo\/#breadcrumb","itemListElement":[{"@type":"ListItem","position":1,"name":"In\u00edcio","item":"https:\/\/cenedcursos.com.br\/meio-ambiente\/"},{"@type":"ListItem","position":2,"name":"Breve reflex\u00e3o acerca do consumismo e a produ\u00e7\u00e3o de lixo"}]},{"@type":"WebSite","@id":"https:\/\/cenedcursos.com.br\/meio-ambiente\/#website","url":"https:\/\/cenedcursos.com.br\/meio-ambiente\/","name":"CENED Cursos Online","description":"Aqui voc\u00ea encontra artigos em diversas \u00e1reas do conhecimento: meio ambiente, educa\u00e7\u00e3o, marketing digital, neg\u00f3cios online e muito mais.","potentialAction":[{"@type":"SearchAction","target":{"@type":"EntryPoint","urlTemplate":"https:\/\/cenedcursos.com.br\/meio-ambiente\/?s={search_term_string}"},"query-input":{"@type":"PropertyValueSpecification","valueRequired":true,"valueName":"search_term_string"}}],"inLanguage":"pt-BR"},{"@type":"Person","@id":"https:\/\/cenedcursos.com.br\/meio-ambiente\/#\/schema\/person\/64377d24cdc16779a1eb6229894af388","name":"Amarildo R. Ferrari","image":{"@type":"ImageObject","inLanguage":"pt-BR","@id":"https:\/\/cenedcursos.com.br\/meio-ambiente\/#\/schema\/person\/image\/","url":"https:\/\/secure.gravatar.com\/avatar\/6ea4248ca9f295c93f1b72f8398232f0fbbffe30349e6ec3839cfa5e09b0de3c?s=96&d=mm&r=g","contentUrl":"https:\/\/secure.gravatar.com\/avatar\/6ea4248ca9f295c93f1b72f8398232f0fbbffe30349e6ec3839cfa5e09b0de3c?s=96&d=mm&r=g","caption":"Amarildo R. Ferrari"},"sameAs":["https:\/\/cenedcursos.com.br\/meio-ambiente"],"url":"https:\/\/cenedcursos.com.br\/meio-ambiente\/author\/admin\/"}]}},"jetpack_featured_media_url":"","jetpack_sharing_enabled":true,"_links":{"self":[{"href":"https:\/\/cenedcursos.com.br\/meio-ambiente\/wp-json\/wp\/v2\/posts\/244","targetHints":{"allow":["GET"]}}],"collection":[{"href":"https:\/\/cenedcursos.com.br\/meio-ambiente\/wp-json\/wp\/v2\/posts"}],"about":[{"href":"https:\/\/cenedcursos.com.br\/meio-ambiente\/wp-json\/wp\/v2\/types\/post"}],"author":[{"embeddable":true,"href":"https:\/\/cenedcursos.com.br\/meio-ambiente\/wp-json\/wp\/v2\/users\/1"}],"replies":[{"embeddable":true,"href":"https:\/\/cenedcursos.com.br\/meio-ambiente\/wp-json\/wp\/v2\/comments?post=244"}],"version-history":[{"count":0,"href":"https:\/\/cenedcursos.com.br\/meio-ambiente\/wp-json\/wp\/v2\/posts\/244\/revisions"}],"wp:attachment":[{"href":"https:\/\/cenedcursos.com.br\/meio-ambiente\/wp-json\/wp\/v2\/media?parent=244"}],"wp:term":[{"taxonomy":"category","embeddable":true,"href":"https:\/\/cenedcursos.com.br\/meio-ambiente\/wp-json\/wp\/v2\/categories?post=244"},{"taxonomy":"post_tag","embeddable":true,"href":"https:\/\/cenedcursos.com.br\/meio-ambiente\/wp-json\/wp\/v2\/tags?post=244"}],"curies":[{"name":"wp","href":"https:\/\/api.w.org\/{rel}","templated":true}]}}