{"id":286,"date":"2008-05-30T21:11:03","date_gmt":"2008-05-30T21:11:03","guid":{"rendered":"http:\/\/www.cenedcursos.com.br\/?p=286"},"modified":"2008-05-30T21:11:03","modified_gmt":"2008-05-30T21:11:03","slug":"a-biodiversidade-da-amaz","status":"publish","type":"post","link":"https:\/\/cenedcursos.com.br\/meio-ambiente\/a-biodiversidade-da-amaz\/","title":{"rendered":"A biodiversidade da Amaz\u00f4nia"},"content":{"rendered":"<p><strong><span style=\"font-size: 14pt;\"><font face=\"Times New Roman\"><br \/> <\/font><\/span><\/strong><strong><font face=\"Times New Roman\" size=\"3\"> <\/font><\/strong><strong><font face=\"Times New Roman\" size=\"3\"> <\/font><\/strong><\/p>\n<p class=\"MsoNormal\" style=\"margin: 0cm 0cm 0pt; text-indent: 134.95pt; line-height: 150%;\"><font face=\"Arial \" size=\"2\">Dizem que Amaz&ocirc;nia &eacute; o pulm&atilde;o do mundo<\/font><\/p>\n<p class=\"MsoNormal\" style=\"margin: 0cm 0cm 0pt; text-indent: 134.95pt; line-height: 150%;\"><font face=\"Arial \" size=\"2\">E est&atilde;o querendo polu&iacute;-la tamb&eacute;m<\/font><\/p>\n<p class=\"MsoNormal\" style=\"margin: 0cm 0cm 0pt; text-indent: 134.95pt; line-height: 150%;\"><font face=\"Arial \" size=\"2\">Em pleno s&eacute;culo XXI<\/font><\/p>\n<p class=\"MsoNormal\" style=\"margin: 0cm 0cm 0pt; text-indent: 134.95pt; line-height: 150%;\"><font face=\"Arial \" size=\"2\">Ser&aacute; que n&atilde;o v&atilde;o pensar em ningu&eacute;m?<\/font><\/p>\n<p><font face=\"Arial \" size=\"2\"> <\/font><\/p>\n<p class=\"MsoNormal\" style=\"margin: 0cm 0cm 0pt; text-indent: 134.95pt; line-height: 150%;\"><font face=\"Arial \" size=\"2\">A biodiversidade est&aacute; sendo<\/font><\/p>\n<p class=\"MsoNormal\" style=\"margin: 0cm 0cm 0pt; text-indent: 134.95pt; line-height: 150%;\"><font face=\"Arial \" size=\"2\">Afetada por nossa irresponsabilidade<\/font><\/p>\n<p class=\"MsoNormal\" style=\"margin: 0cm 0cm 0pt; text-indent: 134.95pt; line-height: 150%;\"><font face=\"Arial \" size=\"2\">Daqui um tempo<\/font><\/p>\n<p class=\"MsoNormal\" style=\"margin: 0cm 0cm 0pt; text-indent: 134.95pt; line-height: 150%;\"><font face=\"Arial \" size=\"2\">Essa variedade ser&aacute; raridade<\/font><\/p>\n<p><font face=\"Arial \" size=\"2\"> <\/font><\/p>\n<p class=\"MsoNormal\" style=\"margin: 0cm 0cm 0pt; text-indent: 134.95pt; line-height: 150%;\"><font face=\"Arial \" size=\"2\">Al&eacute;m de destruir as esp&eacute;cies de animais<\/font><\/p>\n<p class=\"MsoNormal\" style=\"margin: 0cm 0cm 0pt; text-indent: 134.95pt; line-height: 150%;\"><font face=\"Arial \" size=\"2\">Tamb&eacute;m v&atilde;o destruir as esp&eacute;cies vegetais<\/font><\/p>\n<p class=\"MsoNormal\" style=\"margin: 0cm 0cm 0pt; text-indent: 134.95pt; line-height: 150%;\"><font face=\"Arial \" size=\"2\">Precisamos fazer algo mais<\/font><\/p>\n<p class=\"MsoNormal\" style=\"margin: 0cm 0cm 0pt; text-indent: 134.95pt; line-height: 150%;\"><font face=\"Arial \" size=\"2\">Para a Amaz&ocirc;nia viver em PAZ<\/font><\/p>\n<p><font face=\"Arial \" size=\"2\"> <\/font><\/p>\n<p class=\"MsoNormal\" style=\"margin: 0cm 0cm 0pt; text-indent: 134.95pt; line-height: 150%;\"><font face=\"Arial \" size=\"2\">As plantas est&atilde;o morrendo<\/font><\/p>\n<p class=\"MsoNormal\" style=\"margin: 0cm 0cm 0pt; text-indent: 134.95pt; line-height: 150%;\"><font face=\"Arial \" size=\"2\">E as aves est&atilde;o voando<\/font><\/p>\n<p class=\"MsoNormal\" style=\"margin: 0cm 0cm 0pt; text-indent: 134.95pt; line-height: 150%;\"><font face=\"Arial \" size=\"2\">Os animais est&atilde;o correndo<\/font><\/p>\n<p class=\"MsoNormal\" style=\"margin: 0cm 0cm 0pt; text-indent: 134.95pt; line-height: 150%;\"><font face=\"Arial \" size=\"2\">E as pragas est&atilde;o chegando<\/font><\/p>\n<p><font face=\"Arial \" size=\"2\"> <\/font><\/p>\n<p class=\"MsoNormal\" style=\"margin: 0cm 0cm 0pt; text-indent: 134.95pt; line-height: 150%;\"><font face=\"Arial \" size=\"2\">Os locais de constru&ccedil;&atilde;o de linhas<\/font><\/p>\n<p class=\"MsoNormal\" style=\"margin: 0cm 0cm 0pt; text-indent: 134.95pt; line-height: 150%;\"><font face=\"Arial \" size=\"2\">Ser&atilde;o constru&iacute;das casinhas<\/font><\/p>\n<p class=\"MsoNormal\" style=\"margin: 0cm 0cm 0pt; text-indent: 134.95pt; line-height: 150%;\"><font face=\"Arial \" size=\"2\">Onde hoje existem seringueiras<\/font><\/p>\n<p class=\"MsoNormal\" style=\"margin: 0cm 0cm 0pt; text-indent: 134.95pt; line-height: 150%;\"><font face=\"Arial \" size=\"2\">Amanh&atilde; surgir&atilde;o cachoeiras<\/font><\/p>\n<p><font face=\"Arial \" size=\"2\"> <\/font><\/p>\n<p class=\"MsoNormal\" style=\"margin: 0cm 0cm 0pt; text-indent: 134.95pt; line-height: 150%;\"><font face=\"Arial \" size=\"2\">Para onde ser&aacute; que v&atilde;o<\/font><\/p>\n<p class=\"MsoNormal\" style=\"margin: 0cm 0cm 0pt; text-indent: 134.95pt; line-height: 150%;\"><font face=\"Arial \" size=\"2\">Os animais de estima&ccedil;&atilde;o<\/font><\/p>\n<p class=\"MsoNormal\" style=\"margin: 0cm 0cm 0pt; text-indent: 134.95pt; line-height: 150%;\"><font face=\"Arial \" size=\"2\">Da floresta que parece um mund&atilde;o<\/font><\/p>\n<p class=\"MsoNormal\" style=\"margin: 0cm 0cm 0pt; text-indent: 134.95pt; line-height: 150%;\"><font face=\"Arial \" size=\"2\">Ser&aacute; que s&oacute; em nossa imagina&ccedil;&atilde;o?<\/font><\/p>\n<p><font face=\"Arial \" size=\"2\"> <\/font><\/p>\n<p class=\"MsoNormal\" style=\"margin: 0cm 0cm 0pt; text-indent: 134.95pt; line-height: 150%;\"><font face=\"Arial \" size=\"2\">Ser&aacute; que isso vai acabar um dia<\/font><\/p>\n<p class=\"MsoNormal\" style=\"margin: 0cm 0cm 0pt; text-indent: 134.95pt; line-height: 150%;\"><font face=\"Arial \" size=\"2\">Ou vai durar o resto da vida<\/font><\/p>\n<p class=\"MsoNormal\" style=\"margin: 0cm 0cm 0pt; text-indent: 134.95pt; line-height: 150%;\"><font face=\"Arial \" size=\"2\">Ent&atilde;o, vamos ter consci&ecirc;ncia<\/font><\/p>\n<p class=\"MsoNormal\" style=\"margin: 0cm 0cm 0pt; text-indent: 134.95pt; line-height: 150%;\"><font face=\"Arial \" size=\"2\">E ajudar a Amaz&ocirc;nia inteira<\/font><\/p>\n<p><font face=\"Times New Roman\" size=\"3\"> <\/font><\/p>\n<p align=\"right\"><em><font face=\"Arial \" size=\"2\">Autoras: Deive e Rosane <\/font><\/em><\/p>\n<div align=\"right\"><em>Ano: 7&ordm; A<\/em><\/div>\n<div align=\"right\">&nbsp;<\/div>\n<div align=\"right\"><em>N&uacute;cleo Escolar Jo&atilde;o Gon&ccedil;alves dos Santos (Municipal)<\/em><\/div>\n<div align=\"right\">&nbsp;<\/div>\n<div align=\"right\">&nbsp;<\/div>\n<div align=\"right\"><em>S&atilde;o Luis do Paraitinga &#8211; S&atilde;o Paulo<\/em><\/div>\n","protected":false},"excerpt":{"rendered":"<p>Dizem que Amaz&ocirc;nia &eacute; o pulm&atilde;o do mundo E est&atilde;o querendo polu&iacute;-la tamb&eacute;m Em pleno s&eacute;culo XXI Ser&aacute; que n&atilde;o v&atilde;o pensar em ningu&eacute;m? A biodiversidade est&aacute; sendo Afetada por nossa irresponsabilidade Daqui um tempo Essa variedade ser&aacute; raridade Al&eacute;m de destruir as esp&eacute;cies de animais Tamb&eacute;m v&atilde;o destruir as esp&eacute;cies vegetais Precisamos fazer algo [&hellip;]<\/p>\n","protected":false},"author":1,"featured_media":0,"comment_status":"open","ping_status":"open","sticky":false,"template":"","format":"standard","meta":{"_jetpack_memberships_contains_paid_content":false,"footnotes":""},"categories":[50],"tags":[],"class_list":{"0":"post-286","1":"post","2":"type-post","3":"status-publish","4":"format-standard","6":"category-poemas-ambientais"},"yoast_head":"<!-- This site is optimized with the Yoast SEO plugin v25.1 - https:\/\/yoast.com\/wordpress\/plugins\/seo\/ -->\n<title>A biodiversidade da Amaz\u00f4nia - CENED Cursos Online<\/title>\n<meta name=\"description\" content=\"Dizem que Amaz\u00f4nia \u00e9 o pulm\u00e3o do mundo E est\u00e3o querendo polu\u00ed-la tamb\u00e9m Em pleno s\u00e9culo XXI Ser\u00e1 que n\u00e3o v\u00e3o pensar em ningu\u00e9m?\" \/>\n<meta name=\"robots\" content=\"index, follow, max-snippet:-1, max-image-preview:large, max-video-preview:-1\" \/>\n<link rel=\"canonical\" href=\"https:\/\/cenedcursos.com.br\/meio-ambiente\/a-biodiversidade-da-amaz\/\" \/>\n<meta property=\"og:locale\" content=\"pt_BR\" \/>\n<meta property=\"og:type\" content=\"article\" \/>\n<meta property=\"og:title\" content=\"A biodiversidade da Amaz\u00f4nia - CENED Cursos Online\" \/>\n<meta property=\"og:description\" content=\"Dizem que Amaz\u00f4nia \u00e9 o pulm\u00e3o do mundo E est\u00e3o querendo polu\u00ed-la tamb\u00e9m Em pleno s\u00e9culo XXI Ser\u00e1 que n\u00e3o v\u00e3o pensar em ningu\u00e9m?\" \/>\n<meta property=\"og:url\" content=\"https:\/\/cenedcursos.com.br\/meio-ambiente\/a-biodiversidade-da-amaz\/\" \/>\n<meta property=\"og:site_name\" content=\"CENED Cursos Online\" \/>\n<meta property=\"article:published_time\" content=\"2008-05-30T21:11:03+00:00\" \/>\n<meta name=\"author\" content=\"Amarildo R. Ferrari\" \/>\n<meta name=\"twitter:card\" content=\"summary_large_image\" \/>\n<meta name=\"twitter:label1\" content=\"Escrito por\" \/>\n\t<meta name=\"twitter:data1\" content=\"Amarildo R. Ferrari\" \/>\n\t<meta name=\"twitter:label2\" content=\"Est. tempo de leitura\" \/>\n\t<meta name=\"twitter:data2\" content=\"1 minuto\" \/>\n<script type=\"application\/ld+json\" class=\"yoast-schema-graph\">{\"@context\":\"https:\/\/schema.org\",\"@graph\":[{\"@type\":\"WebPage\",\"@id\":\"https:\/\/cenedcursos.com.br\/meio-ambiente\/a-biodiversidade-da-amaz\/\",\"url\":\"https:\/\/cenedcursos.com.br\/meio-ambiente\/a-biodiversidade-da-amaz\/\",\"name\":\"A biodiversidade da Amaz\u00f4nia - CENED Cursos Online\",\"isPartOf\":{\"@id\":\"https:\/\/cenedcursos.com.br\/meio-ambiente\/#website\"},\"datePublished\":\"2008-05-30T21:11:03+00:00\",\"author\":{\"@id\":\"https:\/\/cenedcursos.com.br\/meio-ambiente\/#\/schema\/person\/64377d24cdc16779a1eb6229894af388\"},\"description\":\"Dizem que Amaz\u00f4nia \u00e9 o pulm\u00e3o do mundo E est\u00e3o querendo polu\u00ed-la tamb\u00e9m Em pleno s\u00e9culo XXI Ser\u00e1 que n\u00e3o v\u00e3o pensar em ningu\u00e9m?\",\"breadcrumb\":{\"@id\":\"https:\/\/cenedcursos.com.br\/meio-ambiente\/a-biodiversidade-da-amaz\/#breadcrumb\"},\"inLanguage\":\"pt-BR\",\"potentialAction\":[{\"@type\":\"ReadAction\",\"target\":[\"https:\/\/cenedcursos.com.br\/meio-ambiente\/a-biodiversidade-da-amaz\/\"]}]},{\"@type\":\"BreadcrumbList\",\"@id\":\"https:\/\/cenedcursos.com.br\/meio-ambiente\/a-biodiversidade-da-amaz\/#breadcrumb\",\"itemListElement\":[{\"@type\":\"ListItem\",\"position\":1,\"name\":\"In\u00edcio\",\"item\":\"https:\/\/cenedcursos.com.br\/meio-ambiente\/\"},{\"@type\":\"ListItem\",\"position\":2,\"name\":\"A biodiversidade da Amaz\u00f4nia\"}]},{\"@type\":\"WebSite\",\"@id\":\"https:\/\/cenedcursos.com.br\/meio-ambiente\/#website\",\"url\":\"https:\/\/cenedcursos.com.br\/meio-ambiente\/\",\"name\":\"CENED Cursos Online\",\"description\":\"Aqui voc\u00ea encontra artigos em diversas \u00e1reas do conhecimento: meio ambiente, educa\u00e7\u00e3o, marketing digital, neg\u00f3cios online e muito mais.\",\"potentialAction\":[{\"@type\":\"SearchAction\",\"target\":{\"@type\":\"EntryPoint\",\"urlTemplate\":\"https:\/\/cenedcursos.com.br\/meio-ambiente\/?s={search_term_string}\"},\"query-input\":{\"@type\":\"PropertyValueSpecification\",\"valueRequired\":true,\"valueName\":\"search_term_string\"}}],\"inLanguage\":\"pt-BR\"},{\"@type\":\"Person\",\"@id\":\"https:\/\/cenedcursos.com.br\/meio-ambiente\/#\/schema\/person\/64377d24cdc16779a1eb6229894af388\",\"name\":\"Amarildo R. Ferrari\",\"image\":{\"@type\":\"ImageObject\",\"inLanguage\":\"pt-BR\",\"@id\":\"https:\/\/cenedcursos.com.br\/meio-ambiente\/#\/schema\/person\/image\/\",\"url\":\"https:\/\/secure.gravatar.com\/avatar\/6ea4248ca9f295c93f1b72f8398232f0fbbffe30349e6ec3839cfa5e09b0de3c?s=96&d=mm&r=g\",\"contentUrl\":\"https:\/\/secure.gravatar.com\/avatar\/6ea4248ca9f295c93f1b72f8398232f0fbbffe30349e6ec3839cfa5e09b0de3c?s=96&d=mm&r=g\",\"caption\":\"Amarildo R. Ferrari\"},\"sameAs\":[\"https:\/\/cenedcursos.com.br\/meio-ambiente\"],\"url\":\"https:\/\/cenedcursos.com.br\/meio-ambiente\/author\/admin\/\"}]}<\/script>\n<!-- \/ Yoast SEO plugin. -->","yoast_head_json":{"title":"A biodiversidade da Amaz\u00f4nia - CENED Cursos Online","description":"Dizem que Amaz\u00f4nia \u00e9 o pulm\u00e3o do mundo E est\u00e3o querendo polu\u00ed-la tamb\u00e9m Em pleno s\u00e9culo XXI Ser\u00e1 que n\u00e3o v\u00e3o pensar em ningu\u00e9m?","robots":{"index":"index","follow":"follow","max-snippet":"max-snippet:-1","max-image-preview":"max-image-preview:large","max-video-preview":"max-video-preview:-1"},"canonical":"https:\/\/cenedcursos.com.br\/meio-ambiente\/a-biodiversidade-da-amaz\/","og_locale":"pt_BR","og_type":"article","og_title":"A biodiversidade da Amaz\u00f4nia - CENED Cursos Online","og_description":"Dizem que Amaz\u00f4nia \u00e9 o pulm\u00e3o do mundo E est\u00e3o querendo polu\u00ed-la tamb\u00e9m Em pleno s\u00e9culo XXI Ser\u00e1 que n\u00e3o v\u00e3o pensar em ningu\u00e9m?","og_url":"https:\/\/cenedcursos.com.br\/meio-ambiente\/a-biodiversidade-da-amaz\/","og_site_name":"CENED Cursos Online","article_published_time":"2008-05-30T21:11:03+00:00","author":"Amarildo R. Ferrari","twitter_card":"summary_large_image","twitter_misc":{"Escrito por":"Amarildo R. Ferrari","Est. tempo de leitura":"1 minuto"},"schema":{"@context":"https:\/\/schema.org","@graph":[{"@type":"WebPage","@id":"https:\/\/cenedcursos.com.br\/meio-ambiente\/a-biodiversidade-da-amaz\/","url":"https:\/\/cenedcursos.com.br\/meio-ambiente\/a-biodiversidade-da-amaz\/","name":"A biodiversidade da Amaz\u00f4nia - CENED Cursos Online","isPartOf":{"@id":"https:\/\/cenedcursos.com.br\/meio-ambiente\/#website"},"datePublished":"2008-05-30T21:11:03+00:00","author":{"@id":"https:\/\/cenedcursos.com.br\/meio-ambiente\/#\/schema\/person\/64377d24cdc16779a1eb6229894af388"},"description":"Dizem que Amaz\u00f4nia \u00e9 o pulm\u00e3o do mundo E est\u00e3o querendo polu\u00ed-la tamb\u00e9m Em pleno s\u00e9culo XXI Ser\u00e1 que n\u00e3o v\u00e3o pensar em ningu\u00e9m?","breadcrumb":{"@id":"https:\/\/cenedcursos.com.br\/meio-ambiente\/a-biodiversidade-da-amaz\/#breadcrumb"},"inLanguage":"pt-BR","potentialAction":[{"@type":"ReadAction","target":["https:\/\/cenedcursos.com.br\/meio-ambiente\/a-biodiversidade-da-amaz\/"]}]},{"@type":"BreadcrumbList","@id":"https:\/\/cenedcursos.com.br\/meio-ambiente\/a-biodiversidade-da-amaz\/#breadcrumb","itemListElement":[{"@type":"ListItem","position":1,"name":"In\u00edcio","item":"https:\/\/cenedcursos.com.br\/meio-ambiente\/"},{"@type":"ListItem","position":2,"name":"A biodiversidade da Amaz\u00f4nia"}]},{"@type":"WebSite","@id":"https:\/\/cenedcursos.com.br\/meio-ambiente\/#website","url":"https:\/\/cenedcursos.com.br\/meio-ambiente\/","name":"CENED Cursos Online","description":"Aqui voc\u00ea encontra artigos em diversas \u00e1reas do conhecimento: meio ambiente, educa\u00e7\u00e3o, marketing digital, neg\u00f3cios online e muito mais.","potentialAction":[{"@type":"SearchAction","target":{"@type":"EntryPoint","urlTemplate":"https:\/\/cenedcursos.com.br\/meio-ambiente\/?s={search_term_string}"},"query-input":{"@type":"PropertyValueSpecification","valueRequired":true,"valueName":"search_term_string"}}],"inLanguage":"pt-BR"},{"@type":"Person","@id":"https:\/\/cenedcursos.com.br\/meio-ambiente\/#\/schema\/person\/64377d24cdc16779a1eb6229894af388","name":"Amarildo R. Ferrari","image":{"@type":"ImageObject","inLanguage":"pt-BR","@id":"https:\/\/cenedcursos.com.br\/meio-ambiente\/#\/schema\/person\/image\/","url":"https:\/\/secure.gravatar.com\/avatar\/6ea4248ca9f295c93f1b72f8398232f0fbbffe30349e6ec3839cfa5e09b0de3c?s=96&d=mm&r=g","contentUrl":"https:\/\/secure.gravatar.com\/avatar\/6ea4248ca9f295c93f1b72f8398232f0fbbffe30349e6ec3839cfa5e09b0de3c?s=96&d=mm&r=g","caption":"Amarildo R. Ferrari"},"sameAs":["https:\/\/cenedcursos.com.br\/meio-ambiente"],"url":"https:\/\/cenedcursos.com.br\/meio-ambiente\/author\/admin\/"}]}},"jetpack_featured_media_url":"","jetpack_sharing_enabled":true,"_links":{"self":[{"href":"https:\/\/cenedcursos.com.br\/meio-ambiente\/wp-json\/wp\/v2\/posts\/286","targetHints":{"allow":["GET"]}}],"collection":[{"href":"https:\/\/cenedcursos.com.br\/meio-ambiente\/wp-json\/wp\/v2\/posts"}],"about":[{"href":"https:\/\/cenedcursos.com.br\/meio-ambiente\/wp-json\/wp\/v2\/types\/post"}],"author":[{"embeddable":true,"href":"https:\/\/cenedcursos.com.br\/meio-ambiente\/wp-json\/wp\/v2\/users\/1"}],"replies":[{"embeddable":true,"href":"https:\/\/cenedcursos.com.br\/meio-ambiente\/wp-json\/wp\/v2\/comments?post=286"}],"version-history":[{"count":0,"href":"https:\/\/cenedcursos.com.br\/meio-ambiente\/wp-json\/wp\/v2\/posts\/286\/revisions"}],"wp:attachment":[{"href":"https:\/\/cenedcursos.com.br\/meio-ambiente\/wp-json\/wp\/v2\/media?parent=286"}],"wp:term":[{"taxonomy":"category","embeddable":true,"href":"https:\/\/cenedcursos.com.br\/meio-ambiente\/wp-json\/wp\/v2\/categories?post=286"},{"taxonomy":"post_tag","embeddable":true,"href":"https:\/\/cenedcursos.com.br\/meio-ambiente\/wp-json\/wp\/v2\/tags?post=286"}],"curies":[{"name":"wp","href":"https:\/\/api.w.org\/{rel}","templated":true}]}}