{"id":288,"date":"2008-05-30T21:15:56","date_gmt":"2008-05-30T21:15:56","guid":{"rendered":"http:\/\/www.cenedcursos.com.br\/?p=288"},"modified":"2008-05-30T21:15:56","modified_gmt":"2008-05-30T21:15:56","slug":"energia-elica","status":"publish","type":"post","link":"https:\/\/cenedcursos.com.br\/meio-ambiente\/energia-elica\/","title":{"rendered":"Energia El\u00e9trica"},"content":{"rendered":"<p><font size=\"2\" face=\"Arial \"><strong><span style=\"font-size: 14pt;\"><br \/> <\/span><\/strong><strong> <\/strong><strong> <\/strong><\/font><\/p>\n<p class=\"MsoNormal\" style=\"margin: 0cm 0cm 0pt; text-indent: 134.95pt; line-height: 150%;\"><font size=\"2\" face=\"Arial \">A &aacute;gua que hoje represa<\/font><\/p>\n<p class=\"MsoNormal\" style=\"margin: 0cm 0cm 0pt; text-indent: 134.95pt; line-height: 150%;\"><font size=\"2\" face=\"Arial \">A sede de muitos vai matar<\/font><\/p>\n<p class=\"MsoNormal\" style=\"margin: 0cm 0cm 0pt; text-indent: 134.95pt; line-height: 150%;\"><font size=\"2\" face=\"Arial \">A luz que &eacute; uma beleza<\/font><\/p>\n<p class=\"MsoNormal\" style=\"margin: 0cm 0cm 0pt; text-indent: 134.95pt; line-height: 150%;\"><font size=\"2\" face=\"Arial \">At&eacute; de noite vai clarear<\/font><\/p>\n<p><font size=\"2\" face=\"Arial \"> <\/font><\/p>\n<p class=\"MsoNormal\" style=\"margin: 0cm 0cm 0pt; text-indent: 134.95pt; line-height: 150%;\"><font size=\"2\" face=\"Arial \">A tristeza, com ela, tamb&eacute;m veio<\/font><\/p>\n<p class=\"MsoNormal\" style=\"margin: 0cm 0cm 0pt; text-indent: 134.95pt; line-height: 150%;\"><font size=\"2\" face=\"Arial \">E hoje estou a chorar,<\/font><\/p>\n<p class=\"MsoNormal\" style=\"margin: 0cm 0cm 0pt; text-indent: 134.95pt; line-height: 150%;\"><font size=\"2\" face=\"Arial \">Pois eu sou um ribeirinho<\/font><\/p>\n<p class=\"MsoNormal\" style=\"margin: 0cm 0cm 0pt; text-indent: 134.95pt; line-height: 150%;\"><font size=\"2\" face=\"Arial \">E tenho que me mudar<\/font><\/p>\n<p><font size=\"2\" face=\"Arial \"> <\/font><\/p>\n<p class=\"MsoNormal\" style=\"margin: 0cm 0cm 0pt; text-indent: 134.95pt; line-height: 150%;\"><font size=\"2\" face=\"Arial \">Essa tal de usina hidrel&eacute;trica<\/font><\/p>\n<p class=\"MsoNormal\" style=\"margin: 0cm 0cm 0pt; text-indent: 134.95pt; line-height: 150%;\"><font size=\"2\" face=\"Arial \">Por mim n&atilde;o existiria<\/font><\/p>\n<p class=\"MsoNormal\" style=\"margin: 0cm 0cm 0pt; text-indent: 134.95pt; line-height: 150%;\"><font size=\"2\" face=\"Arial \">A &aacute;gua pelo rio passaria<\/font><\/p>\n<p class=\"MsoNormal\" style=\"margin: 0cm 0cm 0pt; text-indent: 134.95pt; line-height: 150%;\"><font size=\"2\" face=\"Arial \">E no mundo haveria mais alegria<\/font><\/p>\n<p><font size=\"2\" face=\"Arial \"> <\/font><\/p>\n<p class=\"MsoNormal\" style=\"margin: 0cm 0cm 0pt; text-indent: 134.95pt; line-height: 150%;\"><font size=\"2\" face=\"Arial \">Disseram tamb&eacute;m que com ela o plantio iria melhorar<\/font><\/p>\n<p class=\"MsoNormal\" style=\"margin: 0cm 0cm 0pt; text-indent: 134.95pt; line-height: 150%;\"><font size=\"2\" face=\"Arial \">Que nada! S&oacute; inunda&ccedil;&atilde;o<\/font><\/p>\n<p class=\"MsoNormal\" style=\"margin: 0cm 0cm 0pt; text-indent: 134.95pt; line-height: 150%;\"><font size=\"2\" face=\"Arial \">Levando todo o meu arroz<\/font><\/p>\n<p class=\"MsoNormal\" style=\"margin: 0cm 0cm 0pt; text-indent: 134.95pt; line-height: 150%;\"><font size=\"2\" face=\"Arial \">E todo o meu feij&atilde;o<\/font><\/p>\n<p><font size=\"2\" face=\"Arial \"> <\/font><\/p>\n<p class=\"MsoNormal\" style=\"margin: 0cm 0cm 0pt; text-indent: 134.95pt; line-height: 150%;\"><font size=\"2\" face=\"Arial \">Eu, que todo dia gostava de pescar<\/font><\/p>\n<p class=\"MsoNormal\" style=\"margin: 0cm 0cm 0pt; text-indent: 134.95pt; line-height: 150%;\"><font size=\"2\" face=\"Arial \">Nem perco mais tempo de tentar<\/font><\/p>\n<p class=\"MsoNormal\" style=\"margin: 0cm 0cm 0pt; text-indent: 134.95pt; line-height: 150%;\"><font size=\"2\" face=\"Arial \">Os peixes sumiram<\/font><\/p>\n<p class=\"MsoNormal\" style=\"margin: 0cm 0cm 0pt; text-indent: 134.95pt; line-height: 150%;\"><font size=\"2\" face=\"Arial \">E o anzol nem quer beliscar<\/font><\/p>\n<p><font size=\"2\" face=\"Arial \"> <\/font><\/p>\n<p class=\"MsoNormal\" style=\"margin: 0cm 0cm 0pt; text-indent: 134.95pt; line-height: 150%;\"><font size=\"2\" face=\"Arial \">Bom, vou para outra terra<\/font><\/p>\n<p class=\"MsoNormal\" style=\"margin: 0cm 0cm 0pt; text-indent: 134.95pt; line-height: 150%;\"><font size=\"2\" face=\"Arial \">Essa vou deixar<\/font><\/p>\n<p class=\"MsoNormal\" style=\"margin: 0cm 0cm 0pt; text-indent: 134.95pt; line-height: 150%;\"><font size=\"2\" face=\"Arial \">Pois a &aacute;gua tomou conta de tudo<\/font><\/p>\n<p class=\"MsoNormal\" style=\"margin: 0cm 0cm 0pt; text-indent: 134.95pt; line-height: 150%;\"><font size=\"2\" face=\"Arial \">E aqui n&atilde;o vou ficar<\/font><\/p>\n<p><font size=\"2\" face=\"Arial \"> <\/font><font size=\"2\" face=\"Arial \"> <\/font><\/p>\n<p align=\"right\" class=\"MsoNormal\" style=\"margin: 0cm 0cm 0pt; text-align: right;\"><font size=\"2\" face=\"Arial \"><em>Ivan &ndash; 1&ordm; ano, Ensino M&eacute;dio<\/em><br \/> <\/font><\/p>\n<p align=\"right\">&nbsp;<\/p>\n","protected":false},"excerpt":{"rendered":"<p>A &aacute;gua que hoje represa A sede de muitos vai matar A luz que &eacute; uma beleza At&eacute; de noite vai clarear A tristeza, com ela, tamb&eacute;m veio E hoje estou a chorar, Pois eu sou um ribeirinho E tenho que me mudar Essa tal de usina hidrel&eacute;trica Por mim n&atilde;o existiria A &aacute;gua pelo [&hellip;]<\/p>\n","protected":false},"author":1,"featured_media":0,"comment_status":"open","ping_status":"open","sticky":false,"template":"","format":"standard","meta":{"_jetpack_memberships_contains_paid_content":false,"footnotes":""},"categories":[50],"tags":[],"class_list":{"0":"post-288","1":"post","2":"type-post","3":"status-publish","4":"format-standard","6":"category-poemas-ambientais"},"yoast_head":"<!-- This site is optimized with the Yoast SEO plugin v25.1 - https:\/\/yoast.com\/wordpress\/plugins\/seo\/ -->\n<title>Energia El\u00e9trica - CENED Cursos Online<\/title>\n<meta name=\"robots\" content=\"index, follow, max-snippet:-1, max-image-preview:large, max-video-preview:-1\" \/>\n<link rel=\"canonical\" href=\"https:\/\/cenedcursos.com.br\/meio-ambiente\/energia-elica\/\" \/>\n<meta property=\"og:locale\" content=\"pt_BR\" \/>\n<meta property=\"og:type\" content=\"article\" \/>\n<meta property=\"og:title\" content=\"Energia El\u00e9trica - CENED Cursos Online\" \/>\n<meta property=\"og:description\" content=\"A &aacute;gua que hoje represa A sede de muitos vai matar A luz que &eacute; uma beleza At&eacute; de noite vai clarear A tristeza, com ela, tamb&eacute;m veio E hoje estou a chorar, Pois eu sou um ribeirinho E tenho que me mudar Essa tal de usina hidrel&eacute;trica Por mim n&atilde;o existiria A &aacute;gua pelo [&hellip;]\" \/>\n<meta property=\"og:url\" content=\"https:\/\/cenedcursos.com.br\/meio-ambiente\/energia-elica\/\" \/>\n<meta property=\"og:site_name\" content=\"CENED Cursos Online\" \/>\n<meta property=\"article:published_time\" content=\"2008-05-30T21:15:56+00:00\" \/>\n<meta name=\"author\" content=\"Amarildo R. Ferrari\" \/>\n<meta name=\"twitter:card\" content=\"summary_large_image\" \/>\n<meta name=\"twitter:label1\" content=\"Escrito por\" \/>\n\t<meta name=\"twitter:data1\" content=\"Amarildo R. Ferrari\" \/>\n\t<meta name=\"twitter:label2\" content=\"Est. tempo de leitura\" \/>\n\t<meta name=\"twitter:data2\" content=\"1 minuto\" \/>\n<script type=\"application\/ld+json\" class=\"yoast-schema-graph\">{\"@context\":\"https:\/\/schema.org\",\"@graph\":[{\"@type\":\"WebPage\",\"@id\":\"https:\/\/cenedcursos.com.br\/meio-ambiente\/energia-elica\/\",\"url\":\"https:\/\/cenedcursos.com.br\/meio-ambiente\/energia-elica\/\",\"name\":\"Energia El\u00e9trica - CENED Cursos Online\",\"isPartOf\":{\"@id\":\"https:\/\/cenedcursos.com.br\/meio-ambiente\/#website\"},\"datePublished\":\"2008-05-30T21:15:56+00:00\",\"author\":{\"@id\":\"https:\/\/cenedcursos.com.br\/meio-ambiente\/#\/schema\/person\/64377d24cdc16779a1eb6229894af388\"},\"breadcrumb\":{\"@id\":\"https:\/\/cenedcursos.com.br\/meio-ambiente\/energia-elica\/#breadcrumb\"},\"inLanguage\":\"pt-BR\",\"potentialAction\":[{\"@type\":\"ReadAction\",\"target\":[\"https:\/\/cenedcursos.com.br\/meio-ambiente\/energia-elica\/\"]}]},{\"@type\":\"BreadcrumbList\",\"@id\":\"https:\/\/cenedcursos.com.br\/meio-ambiente\/energia-elica\/#breadcrumb\",\"itemListElement\":[{\"@type\":\"ListItem\",\"position\":1,\"name\":\"In\u00edcio\",\"item\":\"https:\/\/cenedcursos.com.br\/meio-ambiente\/\"},{\"@type\":\"ListItem\",\"position\":2,\"name\":\"Energia El\u00e9trica\"}]},{\"@type\":\"WebSite\",\"@id\":\"https:\/\/cenedcursos.com.br\/meio-ambiente\/#website\",\"url\":\"https:\/\/cenedcursos.com.br\/meio-ambiente\/\",\"name\":\"CENED Cursos Online\",\"description\":\"Aqui voc\u00ea encontra artigos em diversas \u00e1reas do conhecimento: meio ambiente, educa\u00e7\u00e3o, marketing digital, neg\u00f3cios online e muito mais.\",\"potentialAction\":[{\"@type\":\"SearchAction\",\"target\":{\"@type\":\"EntryPoint\",\"urlTemplate\":\"https:\/\/cenedcursos.com.br\/meio-ambiente\/?s={search_term_string}\"},\"query-input\":{\"@type\":\"PropertyValueSpecification\",\"valueRequired\":true,\"valueName\":\"search_term_string\"}}],\"inLanguage\":\"pt-BR\"},{\"@type\":\"Person\",\"@id\":\"https:\/\/cenedcursos.com.br\/meio-ambiente\/#\/schema\/person\/64377d24cdc16779a1eb6229894af388\",\"name\":\"Amarildo R. Ferrari\",\"image\":{\"@type\":\"ImageObject\",\"inLanguage\":\"pt-BR\",\"@id\":\"https:\/\/cenedcursos.com.br\/meio-ambiente\/#\/schema\/person\/image\/\",\"url\":\"https:\/\/secure.gravatar.com\/avatar\/6ea4248ca9f295c93f1b72f8398232f0fbbffe30349e6ec3839cfa5e09b0de3c?s=96&d=mm&r=g\",\"contentUrl\":\"https:\/\/secure.gravatar.com\/avatar\/6ea4248ca9f295c93f1b72f8398232f0fbbffe30349e6ec3839cfa5e09b0de3c?s=96&d=mm&r=g\",\"caption\":\"Amarildo R. Ferrari\"},\"sameAs\":[\"https:\/\/cenedcursos.com.br\/meio-ambiente\"],\"url\":\"https:\/\/cenedcursos.com.br\/meio-ambiente\/author\/admin\/\"}]}<\/script>\n<!-- \/ Yoast SEO plugin. -->","yoast_head_json":{"title":"Energia El\u00e9trica - CENED Cursos Online","robots":{"index":"index","follow":"follow","max-snippet":"max-snippet:-1","max-image-preview":"max-image-preview:large","max-video-preview":"max-video-preview:-1"},"canonical":"https:\/\/cenedcursos.com.br\/meio-ambiente\/energia-elica\/","og_locale":"pt_BR","og_type":"article","og_title":"Energia El\u00e9trica - CENED Cursos Online","og_description":"A &aacute;gua que hoje represa A sede de muitos vai matar A luz que &eacute; uma beleza At&eacute; de noite vai clarear A tristeza, com ela, tamb&eacute;m veio E hoje estou a chorar, Pois eu sou um ribeirinho E tenho que me mudar Essa tal de usina hidrel&eacute;trica Por mim n&atilde;o existiria A &aacute;gua pelo [&hellip;]","og_url":"https:\/\/cenedcursos.com.br\/meio-ambiente\/energia-elica\/","og_site_name":"CENED Cursos Online","article_published_time":"2008-05-30T21:15:56+00:00","author":"Amarildo R. Ferrari","twitter_card":"summary_large_image","twitter_misc":{"Escrito por":"Amarildo R. Ferrari","Est. tempo de leitura":"1 minuto"},"schema":{"@context":"https:\/\/schema.org","@graph":[{"@type":"WebPage","@id":"https:\/\/cenedcursos.com.br\/meio-ambiente\/energia-elica\/","url":"https:\/\/cenedcursos.com.br\/meio-ambiente\/energia-elica\/","name":"Energia El\u00e9trica - CENED Cursos Online","isPartOf":{"@id":"https:\/\/cenedcursos.com.br\/meio-ambiente\/#website"},"datePublished":"2008-05-30T21:15:56+00:00","author":{"@id":"https:\/\/cenedcursos.com.br\/meio-ambiente\/#\/schema\/person\/64377d24cdc16779a1eb6229894af388"},"breadcrumb":{"@id":"https:\/\/cenedcursos.com.br\/meio-ambiente\/energia-elica\/#breadcrumb"},"inLanguage":"pt-BR","potentialAction":[{"@type":"ReadAction","target":["https:\/\/cenedcursos.com.br\/meio-ambiente\/energia-elica\/"]}]},{"@type":"BreadcrumbList","@id":"https:\/\/cenedcursos.com.br\/meio-ambiente\/energia-elica\/#breadcrumb","itemListElement":[{"@type":"ListItem","position":1,"name":"In\u00edcio","item":"https:\/\/cenedcursos.com.br\/meio-ambiente\/"},{"@type":"ListItem","position":2,"name":"Energia El\u00e9trica"}]},{"@type":"WebSite","@id":"https:\/\/cenedcursos.com.br\/meio-ambiente\/#website","url":"https:\/\/cenedcursos.com.br\/meio-ambiente\/","name":"CENED Cursos Online","description":"Aqui voc\u00ea encontra artigos em diversas \u00e1reas do conhecimento: meio ambiente, educa\u00e7\u00e3o, marketing digital, neg\u00f3cios online e muito mais.","potentialAction":[{"@type":"SearchAction","target":{"@type":"EntryPoint","urlTemplate":"https:\/\/cenedcursos.com.br\/meio-ambiente\/?s={search_term_string}"},"query-input":{"@type":"PropertyValueSpecification","valueRequired":true,"valueName":"search_term_string"}}],"inLanguage":"pt-BR"},{"@type":"Person","@id":"https:\/\/cenedcursos.com.br\/meio-ambiente\/#\/schema\/person\/64377d24cdc16779a1eb6229894af388","name":"Amarildo R. Ferrari","image":{"@type":"ImageObject","inLanguage":"pt-BR","@id":"https:\/\/cenedcursos.com.br\/meio-ambiente\/#\/schema\/person\/image\/","url":"https:\/\/secure.gravatar.com\/avatar\/6ea4248ca9f295c93f1b72f8398232f0fbbffe30349e6ec3839cfa5e09b0de3c?s=96&d=mm&r=g","contentUrl":"https:\/\/secure.gravatar.com\/avatar\/6ea4248ca9f295c93f1b72f8398232f0fbbffe30349e6ec3839cfa5e09b0de3c?s=96&d=mm&r=g","caption":"Amarildo R. Ferrari"},"sameAs":["https:\/\/cenedcursos.com.br\/meio-ambiente"],"url":"https:\/\/cenedcursos.com.br\/meio-ambiente\/author\/admin\/"}]}},"jetpack_featured_media_url":"","jetpack_sharing_enabled":true,"_links":{"self":[{"href":"https:\/\/cenedcursos.com.br\/meio-ambiente\/wp-json\/wp\/v2\/posts\/288","targetHints":{"allow":["GET"]}}],"collection":[{"href":"https:\/\/cenedcursos.com.br\/meio-ambiente\/wp-json\/wp\/v2\/posts"}],"about":[{"href":"https:\/\/cenedcursos.com.br\/meio-ambiente\/wp-json\/wp\/v2\/types\/post"}],"author":[{"embeddable":true,"href":"https:\/\/cenedcursos.com.br\/meio-ambiente\/wp-json\/wp\/v2\/users\/1"}],"replies":[{"embeddable":true,"href":"https:\/\/cenedcursos.com.br\/meio-ambiente\/wp-json\/wp\/v2\/comments?post=288"}],"version-history":[{"count":0,"href":"https:\/\/cenedcursos.com.br\/meio-ambiente\/wp-json\/wp\/v2\/posts\/288\/revisions"}],"wp:attachment":[{"href":"https:\/\/cenedcursos.com.br\/meio-ambiente\/wp-json\/wp\/v2\/media?parent=288"}],"wp:term":[{"taxonomy":"category","embeddable":true,"href":"https:\/\/cenedcursos.com.br\/meio-ambiente\/wp-json\/wp\/v2\/categories?post=288"},{"taxonomy":"post_tag","embeddable":true,"href":"https:\/\/cenedcursos.com.br\/meio-ambiente\/wp-json\/wp\/v2\/tags?post=288"}],"curies":[{"name":"wp","href":"https:\/\/api.w.org\/{rel}","templated":true}]}}