{"id":289,"date":"2008-05-31T09:51:11","date_gmt":"2008-05-31T09:51:11","guid":{"rendered":"http:\/\/www.cenedcursos.com.br\/?p=289"},"modified":"2008-05-31T09:51:11","modified_gmt":"2008-05-31T09:51:11","slug":"mensagem-da-natureza","status":"publish","type":"post","link":"https:\/\/cenedcursos.com.br\/meio-ambiente\/mensagem-da-natureza\/","title":{"rendered":"Mensagem da Natureza"},"content":{"rendered":"<p>&nbsp;<\/p>\n<p style=\"text-align: justify;\" class=\"MsoNormal\"><span style=\"font-family: Arial;\">N&atilde;o podemos ter paz, n&atilde;o podemos ter sustentabilidade &ndash; se n&atilde;o tivermos PAZ INTERIOR E SERENIDADE para isso. Por qu&ecirc;? N&atilde;o observamos mais a cor do c&eacute;u em uma tarde de Outono; o nascer do sol durante o ver&atilde;o, as gotas de orvalho nas folhas &#8211; pequenos prismas refletindo o sol! N&atilde;o caminhamos mais descal&ccedil;os na terra para absorvermos a energia sutil da natureza que nos &eacute; dada de gra&ccedil;a&#8230; Garoa no rosto! O cantar dos p&aacute;ssaros urbanos, por que n&atilde;o? Eles ainda existem, ou melhor, ainda RESITEM&#8230; Esquecemos-nos de observar e principalmente de &ldquo;sentir&rdquo; os detalhes que est&atilde;o e, estar&atilde;o sempre acontecendo ao nosso redor. N&atilde;o temos mais &ldquo;tempo&rdquo; para isso&#8230; Perdemos o contacto com o sutil, com a natureza&#8230; Perdemos-nos dela e por conta disso &ndash; perdemos o contato com n&oacute;s mesmos! Estamos cada vez mais s&oacute;s, mais isolados&#8230; Sem brilho, sem energia e, sem &ldquo;luz&rdquo;. Perdemos o contato com nossos ancestrais, com nossa ancestralidade, com nossa ess&ecirc;ncia e com a nossa origem. Perdemos-nos da vida&#8230; Para vida e, para O VIVER. Sem futuro! Sem &ldquo;um futuro&rdquo; nos escondemos com Internet, MSN, telefone celular, e-mails, etc., etc. O excesso de informa&ccedil;&atilde;o &ndash; desinforma! Perdemos o contato humano&#8230; Perdemos o gosto do abra&ccedil;o. O olhar nos olhos, o toque, o cheiro. N&atilde;o mais agradecemos&#8230; N&atilde;o mais pedimos perd&atilde;o. N&atilde;o mais conquistamos! Sem agradecimentos, sem conquistas, sem pedidos de perd&atilde;o, sem objetivos, o VAZIO. FRUSTA&Ccedil;&Atilde;O &amp; FUGAS. <\/span><\/p>\n<p style=\"text-align: justify;\" class=\"MsoNormal\"><span style=\"font-family: Arial;\">Brincamos de gente grande, mas somos crian&ccedil;as presas em um cercadinho, encolhidas, escondidas e no fundo, com muito medo! Vivemos em nome da evolu&ccedil;&atilde;o e do crescimento (?) e, em nome de um materialismo absoluto, onde o que importa &eacute;: O QUE EU TENHO O QUE VOC&Ecirc; TEM, E, O QUE EU GANHO COM ISSO! Em nome do futuro, perdemos nossa localiza&ccedil;&atilde;o &ldquo;pessoal&rdquo; tanto no tempo, como no espa&ccedil;o. Somos como, pequenos pacotes de &aacute;gua e energia eletr&ocirc;nica &ndash; travestida de seres inteligentes&#8230; Acabando e destruindo o planeta, degradando a camada de oz&ocirc;nio, aumentando o efeito estufa com queimadas e desmatamentos, polui&ccedil;&atilde;o de todos os tipos (imagin&aacute;veis ou n&atilde;o) &ndash; tudo em nome do progresso, da evolu&ccedil;&atilde;o! <st1:personname w:st=\"on\" productid=\"EM NOME DA EVOLU&Ccedil;&Atilde;O\">EM NOME DA  EVOLU&Ccedil;&Atilde;O<\/st1:personname>! At&eacute; que ponto tudo isso &eacute; verdadeiro? Se &eacute; que existe ALGUMA VERDADE em tudo isso, ou se existe VERDADE ABSOLUTA! Ser&aacute; que da maneira que estamos conduzindo tudo isso, manteremos nossa &ldquo;semente c&oacute;smica&rdquo; viva? E, se sim &#8211; por quantas mais gera&ccedil;&otilde;es? Teremos um endere&ccedil;o &ndash; no futuro &ndash; para entregarmos nossa semente? Quem sabe: um LAR! Ou &ldquo;lar&rdquo;, &eacute; <strong>s&oacute; um aspecto moment&acirc;neo, emocional e passageiro?<\/strong> Ou seremos encomendas celestiais, mas sem um endere&ccedil;o de entrega definido? Continuamos com nossa jornada de destrui&ccedil;&atilde;o pelo planeta. <\/span><\/p>\n<p style=\"text-align: justify;\" class=\"MsoNormal\"><span style=\"font-family: Arial;\">Vivemos o hoje, o agora. N&atilde;o pensamos sequer no amanh&atilde;! N&atilde;o precisamos ir muito longe! Pode ser no pr&oacute;ximo ano, ou no seguinte! N&atilde;o estamos pensando de uma maneira natural e grandiosa, verdadeira&#8230; Se, estivermos realmente pensando &#8211; estamos pensando de uma maneira m&iacute;nima, ego&iacute;sta e individualista. N&atilde;o estamos pensando em nossos filhos, nos nossos netos &#8211; da mesma maneira que nossos ancestrais pensavam <st1:personname w:st=\"on\" productid=\"em n&oacute;s. N&atilde;o\">em n&oacute;s. <\/st1:personname><\/span><span style=\"font-family: Arial;\"><st1:personname w:st=\"on\" productid=\"em n&oacute;s. N&atilde;o\">N&atilde;o<\/st1:personname> herdamos deles, um mundo sem LUZ, sem &aacute;gua, sem mata, sem vida. Perdemos a refer&ecirc;ncia da ordem natural das coisas da natureza. Ainda que alguns poucos de n&oacute;s busquemos LUZ &#8211; a maioria ainda esta envolvida pela escurid&atilde;o&#8230; Est&aacute; na hora de parar. Est&aacute; na hora de refletir, e, principalmente est&aacute; na hora de Recome&ccedil;ar. <o:p><\/o:p><\/span><\/p>\n<p style=\"text-align: justify;\" class=\"MsoNormal\"><em style=\"\"><span style=\"font-family: Arial;\">Autor<\/span><\/em><em style=\"\"><span style=\"font-family: Arial;\">: Tarso Mugnai Marraccini<\/span><\/em><\/p>\n<p style=\"text-align: justify;\" class=\"MsoNormal\"><em style=\"\"><span style=\"font-family: Arial;\">E-mail<\/span><\/em><span style=\"font-family: Arial;\">: <a href=\"mailto:tmmarraccini@terra.com.br\">tmmarraccini@terra.com.br<\/a><o:p><\/o:p><\/span><\/p>\n<p><span style=\"font-size: 10pt; font-family: Verdana;\"> <\/span><span style=\"font-size: 10pt; font-family: Verdana;\"> <\/span><span style=\"font-size: 10pt; font-family: Verdana;\"> <\/span><span style=\"font-size: 10pt; font-family: Verdana;\"> <\/span><span style=\"font-size: 10pt; font-family: Verdana;\"><span> <\/span><\/span><span style=\"font-size: 10pt; font-family: Verdana;\"> <\/span><strong><span style=\"font-size: 10pt; font-family: Verdana;\"> <\/span><\/strong><strong><span style=\"font-size: 10pt; font-family: Verdana;\"> <\/span><\/strong><strong><span style=\"font-size: 10pt; font-family: Verdana;\"> <\/span><\/strong><strong><span style=\"font-size: 10pt; font-family: Verdana;\"> <\/span><\/strong><strong><span style=\"font-size: 10pt; font-family: Verdana;\"> <\/span><\/strong><span style=\"font-size: 10pt;\"><font face=\"Times New Roman\"> <\/font><\/span><\/p>\n","protected":false},"excerpt":{"rendered":"<p>&nbsp; N&atilde;o podemos ter paz, n&atilde;o podemos ter sustentabilidade &ndash; se n&atilde;o tivermos PAZ INTERIOR E SERENIDADE para isso. Por qu&ecirc;? N&atilde;o observamos mais a cor do c&eacute;u em uma tarde de Outono; o nascer do sol durante o ver&atilde;o, as gotas de orvalho nas folhas &#8211; pequenos prismas refletindo o sol! N&atilde;o caminhamos mais [&hellip;]<\/p>\n","protected":false},"author":1,"featured_media":0,"comment_status":"open","ping_status":"open","sticky":false,"template":"","format":"standard","meta":{"_jetpack_memberships_contains_paid_content":false,"footnotes":""},"categories":[492],"tags":[],"class_list":{"0":"post-289","1":"post","2":"type-post","3":"status-publish","4":"format-standard","6":"category-etica-meio-ambiente"},"yoast_head":"<!-- This site is optimized with the Yoast SEO plugin v25.1 - https:\/\/yoast.com\/wordpress\/plugins\/seo\/ -->\n<title>Mensagem da Natureza - CENED Cursos Online<\/title>\n<meta name=\"robots\" content=\"index, follow, max-snippet:-1, max-image-preview:large, max-video-preview:-1\" \/>\n<link rel=\"canonical\" href=\"https:\/\/cenedcursos.com.br\/meio-ambiente\/mensagem-da-natureza\/\" \/>\n<meta property=\"og:locale\" content=\"pt_BR\" \/>\n<meta property=\"og:type\" content=\"article\" \/>\n<meta property=\"og:title\" content=\"Mensagem da Natureza - CENED Cursos Online\" \/>\n<meta property=\"og:description\" content=\"&nbsp; N&atilde;o podemos ter paz, n&atilde;o podemos ter sustentabilidade &ndash; se n&atilde;o tivermos PAZ INTERIOR E SERENIDADE para isso. Por qu&ecirc;? N&atilde;o observamos mais a cor do c&eacute;u em uma tarde de Outono; o nascer do sol durante o ver&atilde;o, as gotas de orvalho nas folhas &#8211; pequenos prismas refletindo o sol! N&atilde;o caminhamos mais [&hellip;]\" \/>\n<meta property=\"og:url\" content=\"https:\/\/cenedcursos.com.br\/meio-ambiente\/mensagem-da-natureza\/\" \/>\n<meta property=\"og:site_name\" content=\"CENED Cursos Online\" \/>\n<meta property=\"article:published_time\" content=\"2008-05-31T09:51:11+00:00\" \/>\n<meta name=\"author\" content=\"Amarildo R. Ferrari\" \/>\n<meta name=\"twitter:card\" content=\"summary_large_image\" \/>\n<meta name=\"twitter:label1\" content=\"Escrito por\" \/>\n\t<meta name=\"twitter:data1\" content=\"Amarildo R. Ferrari\" \/>\n\t<meta name=\"twitter:label2\" content=\"Est. tempo de leitura\" \/>\n\t<meta name=\"twitter:data2\" content=\"4 minutos\" \/>\n<script type=\"application\/ld+json\" class=\"yoast-schema-graph\">{\"@context\":\"https:\/\/schema.org\",\"@graph\":[{\"@type\":\"WebPage\",\"@id\":\"https:\/\/cenedcursos.com.br\/meio-ambiente\/mensagem-da-natureza\/\",\"url\":\"https:\/\/cenedcursos.com.br\/meio-ambiente\/mensagem-da-natureza\/\",\"name\":\"Mensagem da Natureza - CENED Cursos Online\",\"isPartOf\":{\"@id\":\"https:\/\/cenedcursos.com.br\/meio-ambiente\/#website\"},\"datePublished\":\"2008-05-31T09:51:11+00:00\",\"author\":{\"@id\":\"https:\/\/cenedcursos.com.br\/meio-ambiente\/#\/schema\/person\/64377d24cdc16779a1eb6229894af388\"},\"breadcrumb\":{\"@id\":\"https:\/\/cenedcursos.com.br\/meio-ambiente\/mensagem-da-natureza\/#breadcrumb\"},\"inLanguage\":\"pt-BR\",\"potentialAction\":[{\"@type\":\"ReadAction\",\"target\":[\"https:\/\/cenedcursos.com.br\/meio-ambiente\/mensagem-da-natureza\/\"]}]},{\"@type\":\"BreadcrumbList\",\"@id\":\"https:\/\/cenedcursos.com.br\/meio-ambiente\/mensagem-da-natureza\/#breadcrumb\",\"itemListElement\":[{\"@type\":\"ListItem\",\"position\":1,\"name\":\"In\u00edcio\",\"item\":\"https:\/\/cenedcursos.com.br\/meio-ambiente\/\"},{\"@type\":\"ListItem\",\"position\":2,\"name\":\"Mensagem da Natureza\"}]},{\"@type\":\"WebSite\",\"@id\":\"https:\/\/cenedcursos.com.br\/meio-ambiente\/#website\",\"url\":\"https:\/\/cenedcursos.com.br\/meio-ambiente\/\",\"name\":\"CENED Cursos Online\",\"description\":\"Aqui voc\u00ea encontra artigos em diversas \u00e1reas do conhecimento: meio ambiente, educa\u00e7\u00e3o, marketing digital, neg\u00f3cios online e muito mais.\",\"potentialAction\":[{\"@type\":\"SearchAction\",\"target\":{\"@type\":\"EntryPoint\",\"urlTemplate\":\"https:\/\/cenedcursos.com.br\/meio-ambiente\/?s={search_term_string}\"},\"query-input\":{\"@type\":\"PropertyValueSpecification\",\"valueRequired\":true,\"valueName\":\"search_term_string\"}}],\"inLanguage\":\"pt-BR\"},{\"@type\":\"Person\",\"@id\":\"https:\/\/cenedcursos.com.br\/meio-ambiente\/#\/schema\/person\/64377d24cdc16779a1eb6229894af388\",\"name\":\"Amarildo R. Ferrari\",\"image\":{\"@type\":\"ImageObject\",\"inLanguage\":\"pt-BR\",\"@id\":\"https:\/\/cenedcursos.com.br\/meio-ambiente\/#\/schema\/person\/image\/\",\"url\":\"https:\/\/secure.gravatar.com\/avatar\/6ea4248ca9f295c93f1b72f8398232f0fbbffe30349e6ec3839cfa5e09b0de3c?s=96&d=mm&r=g\",\"contentUrl\":\"https:\/\/secure.gravatar.com\/avatar\/6ea4248ca9f295c93f1b72f8398232f0fbbffe30349e6ec3839cfa5e09b0de3c?s=96&d=mm&r=g\",\"caption\":\"Amarildo R. Ferrari\"},\"sameAs\":[\"https:\/\/cenedcursos.com.br\/meio-ambiente\"],\"url\":\"https:\/\/cenedcursos.com.br\/meio-ambiente\/author\/admin\/\"}]}<\/script>\n<!-- \/ Yoast SEO plugin. -->","yoast_head_json":{"title":"Mensagem da Natureza - CENED Cursos Online","robots":{"index":"index","follow":"follow","max-snippet":"max-snippet:-1","max-image-preview":"max-image-preview:large","max-video-preview":"max-video-preview:-1"},"canonical":"https:\/\/cenedcursos.com.br\/meio-ambiente\/mensagem-da-natureza\/","og_locale":"pt_BR","og_type":"article","og_title":"Mensagem da Natureza - CENED Cursos Online","og_description":"&nbsp; N&atilde;o podemos ter paz, n&atilde;o podemos ter sustentabilidade &ndash; se n&atilde;o tivermos PAZ INTERIOR E SERENIDADE para isso. Por qu&ecirc;? N&atilde;o observamos mais a cor do c&eacute;u em uma tarde de Outono; o nascer do sol durante o ver&atilde;o, as gotas de orvalho nas folhas &#8211; pequenos prismas refletindo o sol! N&atilde;o caminhamos mais [&hellip;]","og_url":"https:\/\/cenedcursos.com.br\/meio-ambiente\/mensagem-da-natureza\/","og_site_name":"CENED Cursos Online","article_published_time":"2008-05-31T09:51:11+00:00","author":"Amarildo R. Ferrari","twitter_card":"summary_large_image","twitter_misc":{"Escrito por":"Amarildo R. Ferrari","Est. tempo de leitura":"4 minutos"},"schema":{"@context":"https:\/\/schema.org","@graph":[{"@type":"WebPage","@id":"https:\/\/cenedcursos.com.br\/meio-ambiente\/mensagem-da-natureza\/","url":"https:\/\/cenedcursos.com.br\/meio-ambiente\/mensagem-da-natureza\/","name":"Mensagem da Natureza - CENED Cursos Online","isPartOf":{"@id":"https:\/\/cenedcursos.com.br\/meio-ambiente\/#website"},"datePublished":"2008-05-31T09:51:11+00:00","author":{"@id":"https:\/\/cenedcursos.com.br\/meio-ambiente\/#\/schema\/person\/64377d24cdc16779a1eb6229894af388"},"breadcrumb":{"@id":"https:\/\/cenedcursos.com.br\/meio-ambiente\/mensagem-da-natureza\/#breadcrumb"},"inLanguage":"pt-BR","potentialAction":[{"@type":"ReadAction","target":["https:\/\/cenedcursos.com.br\/meio-ambiente\/mensagem-da-natureza\/"]}]},{"@type":"BreadcrumbList","@id":"https:\/\/cenedcursos.com.br\/meio-ambiente\/mensagem-da-natureza\/#breadcrumb","itemListElement":[{"@type":"ListItem","position":1,"name":"In\u00edcio","item":"https:\/\/cenedcursos.com.br\/meio-ambiente\/"},{"@type":"ListItem","position":2,"name":"Mensagem da Natureza"}]},{"@type":"WebSite","@id":"https:\/\/cenedcursos.com.br\/meio-ambiente\/#website","url":"https:\/\/cenedcursos.com.br\/meio-ambiente\/","name":"CENED Cursos Online","description":"Aqui voc\u00ea encontra artigos em diversas \u00e1reas do conhecimento: meio ambiente, educa\u00e7\u00e3o, marketing digital, neg\u00f3cios online e muito mais.","potentialAction":[{"@type":"SearchAction","target":{"@type":"EntryPoint","urlTemplate":"https:\/\/cenedcursos.com.br\/meio-ambiente\/?s={search_term_string}"},"query-input":{"@type":"PropertyValueSpecification","valueRequired":true,"valueName":"search_term_string"}}],"inLanguage":"pt-BR"},{"@type":"Person","@id":"https:\/\/cenedcursos.com.br\/meio-ambiente\/#\/schema\/person\/64377d24cdc16779a1eb6229894af388","name":"Amarildo R. Ferrari","image":{"@type":"ImageObject","inLanguage":"pt-BR","@id":"https:\/\/cenedcursos.com.br\/meio-ambiente\/#\/schema\/person\/image\/","url":"https:\/\/secure.gravatar.com\/avatar\/6ea4248ca9f295c93f1b72f8398232f0fbbffe30349e6ec3839cfa5e09b0de3c?s=96&d=mm&r=g","contentUrl":"https:\/\/secure.gravatar.com\/avatar\/6ea4248ca9f295c93f1b72f8398232f0fbbffe30349e6ec3839cfa5e09b0de3c?s=96&d=mm&r=g","caption":"Amarildo R. Ferrari"},"sameAs":["https:\/\/cenedcursos.com.br\/meio-ambiente"],"url":"https:\/\/cenedcursos.com.br\/meio-ambiente\/author\/admin\/"}]}},"jetpack_featured_media_url":"","jetpack_sharing_enabled":true,"_links":{"self":[{"href":"https:\/\/cenedcursos.com.br\/meio-ambiente\/wp-json\/wp\/v2\/posts\/289","targetHints":{"allow":["GET"]}}],"collection":[{"href":"https:\/\/cenedcursos.com.br\/meio-ambiente\/wp-json\/wp\/v2\/posts"}],"about":[{"href":"https:\/\/cenedcursos.com.br\/meio-ambiente\/wp-json\/wp\/v2\/types\/post"}],"author":[{"embeddable":true,"href":"https:\/\/cenedcursos.com.br\/meio-ambiente\/wp-json\/wp\/v2\/users\/1"}],"replies":[{"embeddable":true,"href":"https:\/\/cenedcursos.com.br\/meio-ambiente\/wp-json\/wp\/v2\/comments?post=289"}],"version-history":[{"count":0,"href":"https:\/\/cenedcursos.com.br\/meio-ambiente\/wp-json\/wp\/v2\/posts\/289\/revisions"}],"wp:attachment":[{"href":"https:\/\/cenedcursos.com.br\/meio-ambiente\/wp-json\/wp\/v2\/media?parent=289"}],"wp:term":[{"taxonomy":"category","embeddable":true,"href":"https:\/\/cenedcursos.com.br\/meio-ambiente\/wp-json\/wp\/v2\/categories?post=289"},{"taxonomy":"post_tag","embeddable":true,"href":"https:\/\/cenedcursos.com.br\/meio-ambiente\/wp-json\/wp\/v2\/tags?post=289"}],"curies":[{"name":"wp","href":"https:\/\/api.w.org\/{rel}","templated":true}]}}