{"id":29,"date":"2006-06-22T21:04:43","date_gmt":"2006-06-22T21:04:43","guid":{"rendered":"http:\/\/www.cenedcursos.com.br\/?p=29"},"modified":"2006-06-22T21:04:43","modified_gmt":"2006-06-22T21:04:43","slug":"programa-de-educa-para-a-paz","status":"publish","type":"post","link":"https:\/\/cenedcursos.com.br\/meio-ambiente\/programa-de-educa-para-a-paz\/","title":{"rendered":"Programa de Educa\u00e7\u00e3o para a Paz"},"content":{"rendered":"<p>O Projeto Educa&ccedil;&atilde;o para a Paz tem como objetivo conscientizar a comunidade escolar &#8211; composta por professores, alunos, pais e funcion&aacute;rios &#8211; de que um ambiente de paz pode ser alcan&ccedil;ado, nas diversas esferas da sociedade, atrav&eacute;s da mudan&ccedil;a individual de cada ser humano, de seu comportamento perante o pr&oacute;ximo e da maneira como ele se coloca em rela&ccedil;&atilde;o aos problemas que o mundo atual enfrenta. <!--more--> <\/p>\n<table border=\"1\" width=\"450\">\n<tbody>\n<tr>\n<td><strong>T&iacute;tulo\/Nome do Projeto\/Experi&ecirc;ncia<\/strong><br \/>Programa de Educa&ccedil;&atilde;o para a Paz<\/td>\n<\/tr>\n<\/tbody>\n<\/table>\n<p><\/p>\n<table border=\"1\" width=\"450\">\n<tbody>\n<tr>\n<td><strong>Local<\/strong><br \/>Santo Andr&eacute; &#8211; SP<\/td>\n<\/tr>\n<\/tbody>\n<\/table>\n<p><\/p>\n<table border=\"1\" width=\"450\">\n<tbody>\n<tr>\n<td><strong>Coordenadores\/Respons&aacute;veis<\/strong><br \/>Maria de Lourdes Novato Hernandez<\/td>\n<\/tr>\n<\/tbody>\n<\/table>\n<p><\/p>\n<table border=\"1\" width=\"450\">\n<tbody>\n<tr>\n<td><strong>Endere&ccedil;o para contato<\/strong><br \/>Rua Dr. Ces&aacute;rio Mota, 138 &#8211; apto.41<\/td>\n<\/tr>\n<\/tbody>\n<\/table>\n<p><\/p>\n<table border=\"1\" width=\"450\">\n<tbody>\n<tr>\n<td><strong>Telefone<\/strong><br \/>(11) 4994.3748<\/td>\n<\/tr>\n<\/tbody>\n<\/table>\n<p><\/p>\n<table border=\"1\" width=\"450\" height=\"23\">\n<tbody>\n<tr>\n<td><strong>E-mail<\/strong><br \/><a href=\"mailto:mcnh19@yahoo.com.br\"><\/a><\/td>\n<\/tr>\n<\/tbody>\n<\/table>\n<p><\/p>\n<table border=\"1\" width=\"450\">\n<tbody>\n<tr>\n<td><strong>P&aacute;gina web<\/strong><br \/><a rel=\"nofollow\" href=\"http:\/\/www.dersantoandre.com.br\/\"><\/a><a rel=\"nofollow noopener noreferrer\" href=\"http:\/\/www.dersantoandre.com.br\/\" target=\"_blank\">www.dersantoandre.com.br<\/a><\/td>\n<\/tr>\n<\/tbody>\n<\/table>\n<p><\/p>\n<table border=\"1\" width=\"450\">\n<tbody>\n<tr>\n<td><strong>Hist&oacute;rico (como come&ccedil;ou)<\/strong><br \/>Come&ccedil;ou a partir de minha participa&ccedil;&atilde;o como Supervisora de Ensino e cursista, em n&iacute;vel de Diretoria de Ensino &#8211; Regi&atilde;o de Santo Andr&eacute; dos Cursos de Plenitude Humana e Lideran&ccedil;a e Plenitude, ministrado pelo Dr. Luiz Henrique Beust, consultor na &aacute;rea de Recursos Humanos, <\/td>\n<\/tr>\n<\/tbody>\n<\/table>\n<p><\/p>\n<table border=\"1\" width=\"449\" height=\"101\">\n<tbody>\n<tr>\n<td><strong>Objetivos<\/strong><br \/>O Projeto Educa&ccedil;&atilde;o para a Paz tem como objetivo conscientizar a comunidade escolar &#8211; composta por professores, alunos, pais e funcion&aacute;rios &#8211; de que um ambiente de paz pode ser alcan&ccedil;ado, nas diversas esferas da sociedade, atrav&eacute;s da mudan&ccedil;a individual de cada ser humano, de seu comportamento perante o pr&oacute;ximo e da maneira como ele se coloca em rela&ccedil;&atilde;o aos problemas que o mundo atual enfrenta. <\/td>\n<\/tr>\n<\/tbody>\n<\/table>\n<p><\/p>\n<table border=\"1\" width=\"450\">\n<tbody>\n<tr>\n<td><strong>P&uacute;blico-alvo<\/strong><br \/>Foi aplicado, principalmente para docentes de escola p&uacute;blica. Foram envolvidos professores coordenadores das 93 escolas da supracitada Diretoria, no ano de 2001. Mas, pode abranger a comunidade, em geral.<\/td>\n<\/tr>\n<\/tbody>\n<\/table>\n<p><\/p>\n<table border=\"1\" width=\"450\">\n<tbody>\n<tr>\n<td><strong>A&ccedil;&otilde;es realizadas e previstas<\/strong><br \/>S&atilde;o previstos oito encontros, abrangendo teoria e pr&aacute;tica.<\/td>\n<\/tr>\n<\/tbody>\n<\/table>\n<p><\/p>\n<table border=\"1\" width=\"450\">\n<tbody>\n<tr>\n<td><strong>Metodologia empregada<\/strong><br \/>Este processo se desenvolve atrav&eacute;s da abordagem de temas chave utilizando-se de t&eacute;cnicas de din&acirc;micas de grupo e integra&ccedil;&atilde;o, realiza&ccedil;&atilde;o de trabalhos manuais, apresenta&ccedil;&otilde;es de &aacute;udio-visuais, debates e palestras, onde cada participante tem a oportunidade de vivenciar um pouco dos conceitos e premissas para o estabelecimento de uma sociedade mais pac&iacute;fica e unida.<\/td>\n<\/tr>\n<\/tbody>\n<\/table>\n<p><\/p>\n<table border=\"1\" width=\"450\" height=\"36\">\n<tbody>\n<tr>\n<td><strong>N&uacute;mero de pessoas envolvidas\/atingidas<\/strong><br \/>Foram envolvidas em torno de 500 pessoas.<\/td>\n<\/tr>\n<\/tbody>\n<\/table>\n<p><\/p>\n<table border=\"1\" width=\"451\" height=\"49\">\n<tbody>\n<tr>\n<td><strong>Resultados obtidos<\/strong><br \/>Embora n&atilde;o seja poss&iacute;vel mensurar, as pessoas tornam-se mais conscientes de seu papel nesse processo.<\/td>\n<\/tr>\n<\/tbody>\n<\/table>\n<p><\/p>\n<table border=\"1\" width=\"450\">\n<tbody>\n<tr>\n<td><strong>Outros aspectos<\/strong><br \/>Cria elos fortes de amizade, rela&ccedil;&otilde;es mais harm&ocirc;nicas, maior consci&ecirc;ncia pessoal e profissional.<\/td>\n<\/tr>\n<\/tbody>\n<\/table>\n<p><\/p>\n<table border=\"1\" width=\"450\">\n<tbody>\n<tr>\n<td><strong>Nome da pessoa que forneceu as informa&ccedil;&otilde;es<\/strong><br \/>Maria de Lourdes Novato Hernandez &#8211; Supervisora de Ensino<\/td>\n<\/tr>\n<\/tbody>\n<\/table>\n","protected":false},"excerpt":{"rendered":"<p>O Projeto Educa&ccedil;&atilde;o para a Paz tem como objetivo conscientizar a comunidade escolar &#8211; composta por professores, alunos, pais e funcion&aacute;rios &#8211; de que um ambiente de paz pode ser alcan&ccedil;ado, nas diversas esferas da sociedade, atrav&eacute;s da mudan&ccedil;a individual de cada ser humano, de seu comportamento perante o pr&oacute;ximo e da maneira como ele [&hellip;]<\/p>\n","protected":false},"author":1,"featured_media":0,"comment_status":"open","ping_status":"open","sticky":false,"template":"","format":"standard","meta":{"_jetpack_memberships_contains_paid_content":false,"footnotes":""},"categories":[3],"tags":[],"class_list":{"0":"post-29","1":"post","2":"type-post","3":"status-publish","4":"format-standard","6":"category-projetos-ambientais"},"yoast_head":"<!-- This site is optimized with the Yoast SEO plugin v25.1 - https:\/\/yoast.com\/wordpress\/plugins\/seo\/ -->\n<title>Programa de Educa\u00e7\u00e3o para a Paz - CENED Cursos Online<\/title>\n<meta name=\"robots\" content=\"index, follow, max-snippet:-1, max-image-preview:large, max-video-preview:-1\" \/>\n<link rel=\"canonical\" href=\"https:\/\/cenedcursos.com.br\/meio-ambiente\/programa-de-educa-para-a-paz\/\" \/>\n<meta property=\"og:locale\" content=\"pt_BR\" \/>\n<meta property=\"og:type\" content=\"article\" \/>\n<meta property=\"og:title\" content=\"Programa de Educa\u00e7\u00e3o para a Paz - CENED Cursos Online\" \/>\n<meta property=\"og:description\" content=\"O Projeto Educa&ccedil;&atilde;o para a Paz tem como objetivo conscientizar a comunidade escolar &#8211; composta por professores, alunos, pais e funcion&aacute;rios &#8211; de que um ambiente de paz pode ser alcan&ccedil;ado, nas diversas esferas da sociedade, atrav&eacute;s da mudan&ccedil;a individual de cada ser humano, de seu comportamento perante o pr&oacute;ximo e da maneira como ele [&hellip;]\" \/>\n<meta property=\"og:url\" content=\"https:\/\/cenedcursos.com.br\/meio-ambiente\/programa-de-educa-para-a-paz\/\" \/>\n<meta property=\"og:site_name\" content=\"CENED Cursos Online\" \/>\n<meta property=\"article:published_time\" content=\"2006-06-22T21:04:43+00:00\" \/>\n<meta name=\"author\" content=\"Amarildo R. Ferrari\" \/>\n<meta name=\"twitter:card\" content=\"summary_large_image\" \/>\n<meta name=\"twitter:label1\" content=\"Escrito por\" \/>\n\t<meta name=\"twitter:data1\" content=\"Amarildo R. Ferrari\" \/>\n\t<meta name=\"twitter:label2\" content=\"Est. tempo de leitura\" \/>\n\t<meta name=\"twitter:data2\" content=\"2 minutos\" \/>\n<script type=\"application\/ld+json\" class=\"yoast-schema-graph\">{\"@context\":\"https:\/\/schema.org\",\"@graph\":[{\"@type\":\"WebPage\",\"@id\":\"https:\/\/cenedcursos.com.br\/meio-ambiente\/programa-de-educa-para-a-paz\/\",\"url\":\"https:\/\/cenedcursos.com.br\/meio-ambiente\/programa-de-educa-para-a-paz\/\",\"name\":\"Programa de Educa\u00e7\u00e3o para a Paz - CENED Cursos Online\",\"isPartOf\":{\"@id\":\"https:\/\/cenedcursos.com.br\/meio-ambiente\/#website\"},\"datePublished\":\"2006-06-22T21:04:43+00:00\",\"author\":{\"@id\":\"https:\/\/cenedcursos.com.br\/meio-ambiente\/#\/schema\/person\/64377d24cdc16779a1eb6229894af388\"},\"breadcrumb\":{\"@id\":\"https:\/\/cenedcursos.com.br\/meio-ambiente\/programa-de-educa-para-a-paz\/#breadcrumb\"},\"inLanguage\":\"pt-BR\",\"potentialAction\":[{\"@type\":\"ReadAction\",\"target\":[\"https:\/\/cenedcursos.com.br\/meio-ambiente\/programa-de-educa-para-a-paz\/\"]}]},{\"@type\":\"BreadcrumbList\",\"@id\":\"https:\/\/cenedcursos.com.br\/meio-ambiente\/programa-de-educa-para-a-paz\/#breadcrumb\",\"itemListElement\":[{\"@type\":\"ListItem\",\"position\":1,\"name\":\"In\u00edcio\",\"item\":\"https:\/\/cenedcursos.com.br\/meio-ambiente\/\"},{\"@type\":\"ListItem\",\"position\":2,\"name\":\"Programa de Educa\u00e7\u00e3o para a Paz\"}]},{\"@type\":\"WebSite\",\"@id\":\"https:\/\/cenedcursos.com.br\/meio-ambiente\/#website\",\"url\":\"https:\/\/cenedcursos.com.br\/meio-ambiente\/\",\"name\":\"CENED Cursos Online\",\"description\":\"Aqui voc\u00ea encontra artigos em diversas \u00e1reas do conhecimento: meio ambiente, educa\u00e7\u00e3o, marketing digital, neg\u00f3cios online e muito mais.\",\"potentialAction\":[{\"@type\":\"SearchAction\",\"target\":{\"@type\":\"EntryPoint\",\"urlTemplate\":\"https:\/\/cenedcursos.com.br\/meio-ambiente\/?s={search_term_string}\"},\"query-input\":{\"@type\":\"PropertyValueSpecification\",\"valueRequired\":true,\"valueName\":\"search_term_string\"}}],\"inLanguage\":\"pt-BR\"},{\"@type\":\"Person\",\"@id\":\"https:\/\/cenedcursos.com.br\/meio-ambiente\/#\/schema\/person\/64377d24cdc16779a1eb6229894af388\",\"name\":\"Amarildo R. Ferrari\",\"image\":{\"@type\":\"ImageObject\",\"inLanguage\":\"pt-BR\",\"@id\":\"https:\/\/cenedcursos.com.br\/meio-ambiente\/#\/schema\/person\/image\/\",\"url\":\"https:\/\/secure.gravatar.com\/avatar\/6ea4248ca9f295c93f1b72f8398232f0fbbffe30349e6ec3839cfa5e09b0de3c?s=96&d=mm&r=g\",\"contentUrl\":\"https:\/\/secure.gravatar.com\/avatar\/6ea4248ca9f295c93f1b72f8398232f0fbbffe30349e6ec3839cfa5e09b0de3c?s=96&d=mm&r=g\",\"caption\":\"Amarildo R. Ferrari\"},\"sameAs\":[\"https:\/\/cenedcursos.com.br\/meio-ambiente\"],\"url\":\"https:\/\/cenedcursos.com.br\/meio-ambiente\/author\/admin\/\"}]}<\/script>\n<!-- \/ Yoast SEO plugin. -->","yoast_head_json":{"title":"Programa de Educa\u00e7\u00e3o para a Paz - CENED Cursos Online","robots":{"index":"index","follow":"follow","max-snippet":"max-snippet:-1","max-image-preview":"max-image-preview:large","max-video-preview":"max-video-preview:-1"},"canonical":"https:\/\/cenedcursos.com.br\/meio-ambiente\/programa-de-educa-para-a-paz\/","og_locale":"pt_BR","og_type":"article","og_title":"Programa de Educa\u00e7\u00e3o para a Paz - CENED Cursos Online","og_description":"O Projeto Educa&ccedil;&atilde;o para a Paz tem como objetivo conscientizar a comunidade escolar &#8211; composta por professores, alunos, pais e funcion&aacute;rios &#8211; de que um ambiente de paz pode ser alcan&ccedil;ado, nas diversas esferas da sociedade, atrav&eacute;s da mudan&ccedil;a individual de cada ser humano, de seu comportamento perante o pr&oacute;ximo e da maneira como ele [&hellip;]","og_url":"https:\/\/cenedcursos.com.br\/meio-ambiente\/programa-de-educa-para-a-paz\/","og_site_name":"CENED Cursos Online","article_published_time":"2006-06-22T21:04:43+00:00","author":"Amarildo R. Ferrari","twitter_card":"summary_large_image","twitter_misc":{"Escrito por":"Amarildo R. Ferrari","Est. tempo de leitura":"2 minutos"},"schema":{"@context":"https:\/\/schema.org","@graph":[{"@type":"WebPage","@id":"https:\/\/cenedcursos.com.br\/meio-ambiente\/programa-de-educa-para-a-paz\/","url":"https:\/\/cenedcursos.com.br\/meio-ambiente\/programa-de-educa-para-a-paz\/","name":"Programa de Educa\u00e7\u00e3o para a Paz - CENED Cursos Online","isPartOf":{"@id":"https:\/\/cenedcursos.com.br\/meio-ambiente\/#website"},"datePublished":"2006-06-22T21:04:43+00:00","author":{"@id":"https:\/\/cenedcursos.com.br\/meio-ambiente\/#\/schema\/person\/64377d24cdc16779a1eb6229894af388"},"breadcrumb":{"@id":"https:\/\/cenedcursos.com.br\/meio-ambiente\/programa-de-educa-para-a-paz\/#breadcrumb"},"inLanguage":"pt-BR","potentialAction":[{"@type":"ReadAction","target":["https:\/\/cenedcursos.com.br\/meio-ambiente\/programa-de-educa-para-a-paz\/"]}]},{"@type":"BreadcrumbList","@id":"https:\/\/cenedcursos.com.br\/meio-ambiente\/programa-de-educa-para-a-paz\/#breadcrumb","itemListElement":[{"@type":"ListItem","position":1,"name":"In\u00edcio","item":"https:\/\/cenedcursos.com.br\/meio-ambiente\/"},{"@type":"ListItem","position":2,"name":"Programa de Educa\u00e7\u00e3o para a Paz"}]},{"@type":"WebSite","@id":"https:\/\/cenedcursos.com.br\/meio-ambiente\/#website","url":"https:\/\/cenedcursos.com.br\/meio-ambiente\/","name":"CENED Cursos Online","description":"Aqui voc\u00ea encontra artigos em diversas \u00e1reas do conhecimento: meio ambiente, educa\u00e7\u00e3o, marketing digital, neg\u00f3cios online e muito mais.","potentialAction":[{"@type":"SearchAction","target":{"@type":"EntryPoint","urlTemplate":"https:\/\/cenedcursos.com.br\/meio-ambiente\/?s={search_term_string}"},"query-input":{"@type":"PropertyValueSpecification","valueRequired":true,"valueName":"search_term_string"}}],"inLanguage":"pt-BR"},{"@type":"Person","@id":"https:\/\/cenedcursos.com.br\/meio-ambiente\/#\/schema\/person\/64377d24cdc16779a1eb6229894af388","name":"Amarildo R. Ferrari","image":{"@type":"ImageObject","inLanguage":"pt-BR","@id":"https:\/\/cenedcursos.com.br\/meio-ambiente\/#\/schema\/person\/image\/","url":"https:\/\/secure.gravatar.com\/avatar\/6ea4248ca9f295c93f1b72f8398232f0fbbffe30349e6ec3839cfa5e09b0de3c?s=96&d=mm&r=g","contentUrl":"https:\/\/secure.gravatar.com\/avatar\/6ea4248ca9f295c93f1b72f8398232f0fbbffe30349e6ec3839cfa5e09b0de3c?s=96&d=mm&r=g","caption":"Amarildo R. Ferrari"},"sameAs":["https:\/\/cenedcursos.com.br\/meio-ambiente"],"url":"https:\/\/cenedcursos.com.br\/meio-ambiente\/author\/admin\/"}]}},"jetpack_featured_media_url":"","jetpack_sharing_enabled":true,"_links":{"self":[{"href":"https:\/\/cenedcursos.com.br\/meio-ambiente\/wp-json\/wp\/v2\/posts\/29","targetHints":{"allow":["GET"]}}],"collection":[{"href":"https:\/\/cenedcursos.com.br\/meio-ambiente\/wp-json\/wp\/v2\/posts"}],"about":[{"href":"https:\/\/cenedcursos.com.br\/meio-ambiente\/wp-json\/wp\/v2\/types\/post"}],"author":[{"embeddable":true,"href":"https:\/\/cenedcursos.com.br\/meio-ambiente\/wp-json\/wp\/v2\/users\/1"}],"replies":[{"embeddable":true,"href":"https:\/\/cenedcursos.com.br\/meio-ambiente\/wp-json\/wp\/v2\/comments?post=29"}],"version-history":[{"count":0,"href":"https:\/\/cenedcursos.com.br\/meio-ambiente\/wp-json\/wp\/v2\/posts\/29\/revisions"}],"wp:attachment":[{"href":"https:\/\/cenedcursos.com.br\/meio-ambiente\/wp-json\/wp\/v2\/media?parent=29"}],"wp:term":[{"taxonomy":"category","embeddable":true,"href":"https:\/\/cenedcursos.com.br\/meio-ambiente\/wp-json\/wp\/v2\/categories?post=29"},{"taxonomy":"post_tag","embeddable":true,"href":"https:\/\/cenedcursos.com.br\/meio-ambiente\/wp-json\/wp\/v2\/tags?post=29"}],"curies":[{"name":"wp","href":"https:\/\/api.w.org\/{rel}","templated":true}]}}