{"id":303,"date":"2008-06-06T16:48:21","date_gmt":"2008-06-06T16:48:21","guid":{"rendered":"http:\/\/www.cenedcursos.com.br\/?p=303"},"modified":"2008-06-06T16:48:21","modified_gmt":"2008-06-06T16:48:21","slug":"poluicao-maritima","status":"publish","type":"post","link":"https:\/\/cenedcursos.com.br\/meio-ambiente\/poluicao-maritima\/","title":{"rendered":"Polui\u00e7\u00e3o mar\u00edtima do litoral de S\u00e3o Paulo"},"content":{"rendered":"<p class=\"MsoNormal\" style=\"margin: 5pt -24.8pt 5pt 0cm; text-align: justify;\" align=\"right\"><em>Autora: Ada Maria Scartozzoni<\/em><\/p>\n<p class=\"MsoNormal\" style=\"margin: 5pt -24.8pt 5pt 0cm; text-align: justify;\">\n<p class=\"MsoNormal\" style=\"margin: 5pt -24.8pt 5pt 0cm; text-align: justify;\"><span style=\"font-family: Arial; color: black;\"><strong>INTRODU\u00c7\u00c3O<\/strong><\/span><\/p>\n<p class=\"MsoNormal\" style=\"margin: 5pt -24.8pt 5pt 0cm; text-align: justify;\">\n<p class=\"MsoNormal\" style=\"margin: 5pt -24.8pt 5pt 0cm; text-align: justify;\"><span style=\"font-family: Arial; color: black;\">Devido a import\u00e2ncia do tema realizaremos um breve estudo.<\/span><\/p>\n<p class=\"MsoNormal\" style=\"margin: 5pt -24.8pt 5pt 0cm; text-align: justify;\"><span style=\"font-family: Arial; color: black;\">Primeiramente definiremos o que \u00e9 polui\u00e7\u00e3o, mais especificamente dos oceanos.<\/span><\/p>\n<p class=\"MsoNormal\" style=\"margin: 5pt -24.8pt 5pt 0cm; text-align: justify;\"><span style=\"font-family: Arial; color: black;\">Analisaremos a prote\u00e7\u00e3o jur\u00eddica dos oceanos visto que o mar al\u00e9m dos res\u00edduos eliminados pelos navios ele tamb\u00e9m sofre diretamente as conseq\u00fc\u00eancias da polui\u00e7\u00e3o urbana, industrial ,etc.<\/span><\/p>\n<p class=\"MsoNormal\" style=\"margin: 5pt -24.8pt 5pt 0cm; text-align: justify;\"><span style=\"font-family: Arial; color: black;\">O tema \u00e9 de extrema import\u00e2ncia visto que al\u00e9m de ser patrim\u00f4nio nacional tem um importante papel no equil\u00edbrio ecol\u00f3gico , logicamente deve ser preservado. <\/span><\/p>\n<p class=\"MsoNormal\" style=\"margin: 5pt -24.8pt 5pt 0cm; text-align: justify;\">\n<p class=\"MsoNormal\" style=\"margin: 5pt -24.8pt 5pt 0cm; text-align: justify;\"><strong><span style=\"font-family: Arial; color: black;\">1.Polui\u00e7\u00e3o<\/span><\/strong><\/p>\n<p class=\"MsoNormal\" style=\"margin: 5pt -24.8pt 5pt 0cm; text-align: justify;\">\n<p class=\"MsoNormal\" style=\"margin: 5pt -24.8pt 5pt 0cm; text-align: justify;\"><em><span style=\"font-family: Arial; color: black;\">1.1 Conceito<\/span><\/em><\/p>\n<p class=\"MsoNormal\" style=\"margin: 5pt -24.8pt 5pt 0cm; text-align: justify;\"><span style=\"font-family: Arial; color: black;\">A polui\u00e7\u00e3o \u00e9 a introdu\u00e7\u00e3o no meio ambiente de qualquer mat\u00e9ria ou energia que venha a alterar as propriedades f\u00edsicas ou qu\u00edmicas ou biol\u00f3gicas desse meio, afetando, ou podendo afetar, por isso, a &#8220;sa\u00fade&#8221; das esp\u00e9cies animais ou vegetais que dependem ou tenham contato com ele, ou que nele venham a provocar modifica\u00e7\u00f5es f\u00edsico-qu\u00edmicas nas esp\u00e9cies minerais presentes.<\/span><\/p>\n<p class=\"MsoNormal\" style=\"margin: 5pt -24.8pt 5pt 0cm; text-align: justify;\">\n<p class=\"MsoNormal\" style=\"margin: 5pt -24.8pt 5pt 0cm; text-align: justify;\"><em><span style=\"font-family: Arial; color: black;\">1.2 Tipos de polui\u00e7\u00e3o<\/span><\/em><\/p>\n<p class=\"MsoNormal\" style=\"margin: 5pt -24.8pt 5pt 0cm; text-align: justify;\"><span style=\"font-family: Arial; color: black;\">Temos v\u00e1rios tipos de polui\u00e7\u00e3o dentre elas a polui\u00e7\u00e3o h\u00eddrica,mas especificamente do mares, tema do nosso estudo.<\/span><\/p>\n<p class=\"MsoNormal\" style=\"margin: 5pt -24.8pt 5pt 0cm; text-align: justify;\"><span style=\"font-family: Arial; color: black;\">A polui\u00e7\u00e3o da \u00e1gua \u00e9 uma altera\u00e7\u00e3o da qualidade que afeta o bem-estar do consumidor e reduz os lucros do produtor, exigindo-se assim o estabelecimento de um n\u00edvel \u00f3ptimo de polui\u00e7\u00e3o. Em termos ambientais, a polui\u00e7\u00e3o da \u00e1gua \u00e9 uma altera\u00e7\u00e3o do ambiente que afeta os ecossistemas e direta ou indiretamente, o Homem. A classifica\u00e7\u00e3o de \u00e1gua poluida depende do seu uso, e do equil\u00edbrio que existe entre o meio aqu\u00e1tico e a sua fauna e flora, assim sendo, uma \u00e1gua pode ser impr\u00f3pria para consumo humano, mas estando em equil\u00edbrio<\/span><\/p>\n<p class=\"MsoNormal\" style=\"margin: 5pt -24.8pt 5pt 0cm; text-align: justify;\">\n<p class=\"MsoNormal\" style=\"margin: 5pt -24.8pt 5pt 0cm; text-align: justify;\"><strong><span style=\"font-family: Arial; color: black;\">2. Oceanos<\/span><\/strong><\/p>\n<p class=\"MsoNormal\" style=\"margin: 5pt -24.8pt 5pt 0cm; text-align: justify;\"><em><span style=\"font-family: Arial; color: black;\">2.1 Conceito<\/span><\/em><\/p>\n<p class=\"MsoNormal\" style=\"margin: 5pt -24.8pt 5pt 0cm; text-align: justify;\"><span style=\"font-family: Arial; color: black;\">A palavra oceano<\/span><span style=\"font-family: Arial; color: black;\"> \u00e9 origin\u00e1rio do grego <a title=\"Oceano (mitologia)\" href=\"http:\/\/pt.wikipedia.org\/wiki\/Oceano_%28mitologia%29\" rel=\"nofollow\"><span style=\"color: black;\">Okeanos (Oceanus)<\/span><\/a>, que \u00e9 um corpo principal da <a title=\"Salinidade\" href=\"http:\/\/pt.wikipedia.org\/wiki\/Salinidade\" rel=\"nofollow\"><span style=\"color: black;\">\u00e1gua salina<\/span><\/a>, e um componente principal da <a title=\"Hidrosfera\" href=\"http:\/\/pt.wikipedia.org\/wiki\/Hidrosfera\" rel=\"nofollow\"><span style=\"color: black;\">hidrosfera<\/span><\/a>. Aproximadamente 71% da superf\u00edcie de <a title=\"Terra\" href=\"http:\/\/pt.wikipedia.org\/wiki\/Terra\" rel=\"nofollow\"><span style=\"color: black;\">Terra<\/span><\/a> (uma \u00e1rea de uns 361 milh\u00f5es de <a title=\"Quil\u00f4metros quadrados\" href=\"http:\/\/pt.wikipedia.org\/wiki\/Quil%C3%B4metros_quadrados\" rel=\"nofollow\"><span style=\"color: black;\">quil\u00f4metros quadrados<\/span><\/a>) \u00e9 coberta pelo oceano, um corpo de \u00e1gua cont\u00ednuo que geralmente \u00e9 dividido em diversos oceanos principais e mares menores. Mais do que a metade desta \u00e1rea est\u00e1 sobre 3.000 <a title=\"Metro\" href=\"http:\/\/pt.wikipedia.org\/wiki\/Metro\" rel=\"nofollow\"><span style=\"color: black;\">metros<\/span><\/a> de profundidade.<\/span><\/p>\n<p class=\"MsoNormal\" style=\"margin: 5pt -24.8pt 5pt 0cm; text-align: justify;\"><span style=\"font-family: Arial; color: black;\">O Brasil \u00e9 banhado pelo oceano Atl\u00e2ntico <\/span><span style=\"font-family: Arial; color: black;\">, o litoral brasileiro tem 9.198 km de extens\u00e3o, com in\u00fameras reentr\u00e2ncias com praias, fal\u00e9sias, mangues, dunas, recifes, ba\u00edas, restingas etc. Praticamente o ano todo o litoral brasileiro possui condi\u00e7\u00f5es favor\u00e1veis \u00e0 navega\u00e7\u00e3o. <\/span><\/p>\n<p class=\"MsoNormal\" style=\"margin: 5pt -24.8pt 5pt 0cm; text-align: justify;\"><span style=\"font-family: Arial; color: black;\">Esse oceano <\/span><span style=\"font-family: Arial; color: black;\"> \u00e9 o segundo maior em extens\u00e3o, com uma \u00e1rea de aproximadamente 106.200.000 km\u00b2, cerca de um quinto da superf\u00edcie da <a title=\"Terra\" href=\"http:\/\/pt.wikipedia.org\/wiki\/Terra\" rel=\"nofollow\"><span style=\"color: black;\">Terra<\/span><\/a>. <\/span><\/p>\n<p class=\"MsoNormal\" style=\"margin: 5pt -24.8pt 5pt 0cm; text-align: justify;\"><em><span style=\"font-family: Arial; color: black;\">2.2 Polui\u00e7\u00e3o dos oceanos<\/span><\/em><\/p>\n<p class=\"MsoNormal\" style=\"margin: 5pt -24.8pt 5pt 0cm; text-align: justify;\"><span style=\"font-family: Arial; color: black;\">O oceanos possui v\u00e1rios tipos de lixo ,mas d\u00favida um dos piores \u00e9 o pl\u00e1stico. Ele tem uma vida \u00fatil curt\u00edssima, mas demora centenas de anos para se desfazer, seja no mar, seja na terra. E, dentro do est\u00f4mago de um bicho marinho, pode fazer um grande estrago, levando-o at\u00e9 \u00e0 morte. Para uma tartaruga, por exemplo, um saco pl\u00e1stico boiando na \u00e1gua pode parecer uma \u00e1gua-viva \u2013 ou seja, comida. <\/span><\/p>\n<p class=\"MsoNormal\" style=\"margin: 5pt -24.8pt 5pt 0cm; text-align: justify;\"><span style=\"font-family: Arial; color: black;\">Outro poluente e o <\/span><span style=\"font-family: Arial; color: black;\"> esgoto (industrial e dom\u00e9stico) constitui uma das grandes amea\u00e7as para a vida marinha e para quem vive no litoral porque age como um fertilizante. O esgoto leva para o mar grande quantidade de mat\u00e9ria org\u00e2nica, o que acaba contribuindo para uma explos\u00e3o do fitopl\u00e2ncton \u2013 uma explos\u00e3o que, n\u00e3o por acaso, \u00e9 conhecida por &#8220;bloom&#8221;. A vida microsc\u00f3pica cresce de forma desordenada, prejudicando os outros microorganismos marinhos, que ficam sem espa\u00e7o, sem oxig\u00eanio e sem nutrientes. Um dos exemplos mais conhecidos do bloom \u00e9 a chamada mar\u00e9 vermelha, que resulta da prolifera\u00e7\u00e3o dos dinoflagelados \u2013 um tipo de fitopl\u00e2ncton que cont\u00e9m pigmento vermelho. Os dinoflagelados produzem subst\u00e2ncias t\u00f3xicas que podem causar a morte.<\/span><\/p>\n<p class=\"MsoNormal\" style=\"margin: 5pt -24.8pt 5pt 0cm; text-align: justify;\"><span style=\"font-family: Arial; color: black;\">O esgoto tamb\u00e9m carrega para o oceano diversos organismos nocivos como bact\u00e9rias, v\u00edrus e larvas de parasitas. Metade do peso seco do lixo humano \u00e9 composto por bact\u00e9rias. <\/span><\/p>\n<p class=\"MsoNormal\" style=\"margin: 5pt -24.8pt 5pt 0cm; text-align: justify;\"><span style=\"font-family: Arial; color: black;\">O petr\u00f3leo polui os mares e as zonas costeiras na maioria das vezes originada por acidentes com o transporte mar\u00edtimo de mercadorias, em particular o petr\u00f3leo bruto, contribui, anualmente, em 10% para a polui\u00e7\u00e3o global dos oceanos. Todos os anos, 600.000 toneladas de petr\u00f3leo bruto s\u00e3o derramadas em acidentes ou descargas ilegais, com graves consequ\u00eancias econ\u00f4micas e ambientais.<\/span><\/p>\n<p class=\"MsoNormal\" style=\"margin: 5pt -24.8pt 5pt 0cm; text-align: justify;\"><span style=\"font-family: Arial; color: black;\">Dos acidentes com petroleiros, que infelizmente n\u00e3o s\u00e3o raros, os mesmos derramam, quase sempre, enormes quantidades de petr\u00f3leo que, flutuando e alastrando-se progressivamente, formam extensas manchas negras. S\u00e3o as chamadas mar\u00e9s negras, de efeitos altamente destruidores, provocando uma enorme mortandade na fauna (aves marinhas, peixes, moluscos, crust\u00e1ceos, etc.). A difus\u00e3o do oxig\u00eanio do ar para o mar \u00e9 tamb\u00e9m afetada . Al\u00e9m disso, o petr\u00f3leo adere as br\u00e2nquias de peixes e outros animais marinhos, impedindo trocas respirat\u00f3rias adequadas e matando-os por asfixia.<\/span><\/p>\n<p class=\"MsoNormal\" style=\"margin: 5pt -24.8pt 5pt 0cm; text-align: justify;\"><span style=\"font-family: Arial; color: black;\">Para o grande n\u00famero de acidentes com petroleiros contribuem decisivamente o envelhecimento da frota mundial ,cerca de 3000 navios t\u00eam mais de 20 anos e a deficiente forma\u00e7\u00e3o profissional das tripula\u00e7\u00f5es. Apesar da exist\u00eancia de m\u00faltiplas inst\u00e2ncias jur\u00eddicas destinadas \u00e0 prote\u00e7\u00e3o do meio marinho, a verdade \u00e9 que a l\u00f3gica do lucro imediato tem conduzido a um comportamento irrespons\u00e1vel por parte de numerosas empresas e armadores do setor. <\/span><\/p>\n<p class=\"MsoNormal\" style=\"margin: 5pt -24.8pt 5pt 0cm; text-align: justify;\"><span style=\"font-family: Arial; color: black;\">Tamb\u00e9m nas opera\u00e7\u00f5es de lavagem dos tanques dos petroleiros em pleno oceano s\u00e3o derramadas enormes quantidades de petr\u00f3leo, que, n\u00e3o raramente, originam aut\u00eanticas mar\u00e9s negras. Embora atualmente tal opera\u00e7\u00e3o em pleno mar seja proibida, \u00e9 natural que se continuem a cometer abusos, dada a dificuldade de fiscaliza\u00e7\u00e3o. <\/span><\/p>\n<p class=\"MsoNormal\" style=\"margin: 5pt -24.8pt 5pt 0cm; text-align: justify;\"><span style=\"font-family: Arial; color: black;\">N\u00e3o podemos deixar de citar o despejo de metais pesados no mar, altamente t\u00f3xicos para os seres vivos, que t\u00eam a tend\u00eancia de se acumular nas cadeias alimentares, aumentando a concentra\u00e7\u00e3o a cada est\u00e1gio.<\/span><\/p>\n<p class=\"MsoNormal\" style=\"margin: 5pt -24.8pt 5pt 0cm; text-align: justify;\"><span style=\"font-family: Arial; color: black;\">Citaremos agora a t\u00edtulo de curiosidade a vida do lixo no oceano :papel toalha: 2 a 4 semanas;caixa de papel\u00e3o: 2 meses; palito de f\u00f3sforo: 6 meses;restos de frutas: 1 ano;jornal: 6 meses;fralda Descart\u00e1vel: 450 anos; fralda descart\u00e1vel Biodegrad\u00e1vel; 1 ano;lata de A\u00e7o: 10 anos; lata de alum\u00ednio: n\u00e3o se corr\u00f3i;bituca de Cigarro: 2 anos;copo pl\u00e1stico: 50 anos; garrafa pl\u00e1stica: 400 anos; camisinha: 300 anos; <\/span><\/p>\n<p>&nbsp;<\/p>\n<p class=\"MsoNormal\" style=\"margin: 5pt -24.8pt 5pt 0cm; text-align: justify;\"><em><span style=\"font-family: Arial; color: black;\">2.3 Prote\u00e7\u00e3o Jur\u00eddica dos oceanos<\/span><\/em><\/p>\n<p class=\"MsoNormal\" style=\"margin: 5pt -24.8pt 5pt 0cm; text-align: justify;\"><span style=\"font-family: Arial; color: black;\">Temos uma vasta legisla\u00e7\u00e3o para proteger os nossos oceanos.<\/span><\/p>\n<p class=\"MsoNormal\" style=\"margin: 5pt -24.8pt 5pt 0cm; text-align: justify;\"><span style=\"font-family: Arial; color: black;\">Citaremos as mais significantes.<\/span><\/p>\n<p class=\"MsoNormal\" style=\"margin: 5pt -24.8pt 5pt 0cm; text-align: justify;\"><span style=\"font-family: Arial; color: black;\">Constitui\u00e7\u00e3o Federal, art.20. Discorre que s\u00e3o bens da Uni\u00e3o, entre outros: as praias mar\u00edtimas; as ilhas oce\u00e2nica e as costeiras (IV); os recursos naturais da plataforma continental e da zona economicamente exclusiva (V) e o mar territorial (VI); <\/span><\/p>\n<p class=\"MsoNormal\" style=\"margin: 5pt -24.8pt 5pt 0cm; text-align: justify;\"><span style=\"font-family: Arial; color: black;\">&#8211; Dec. Fed. n.\u00ba 28.840, de 08.11.50. <\/span><span style=\"font-family: Arial; color: black;\">Declara integrada ao territ\u00f3rio nacional a plataforma submarina, na parte correspondente a esse territ\u00f3rio; <\/span><\/p>\n<p class=\"MsoNormal\" style=\"margin: 5pt -24.8pt 5pt 0cm; text-align: justify;\"><span style=\"font-family: Arial; color: black;\">&#8211; Dec. Fed. n.\u00ba 68.459, de 01.4.71. <\/span><span style=\"font-family: Arial; color: black;\">Regulamenta a pesca no mar territorial brasileiro; <\/span><\/p>\n<p class=\"MsoNormal\" style=\"margin: 5pt -24.8pt 5pt 0cm; text-align: justify;\"><span style=\"font-family: Arial; color: black;\">&#8211; Lei n.\u00ba 7.661, de 16.5.88. Cria o Plano Nacional de Gerenciamento Costeiro; <\/span><\/p>\n<p class=\"MsoNormal\" style=\"margin: 5pt -24.8pt 5pt 0cm; text-align: justify;\"><span style=\"font-family: Arial; color: black;\">&#8211; Lei n.\u00ba 8.617, de 04.01.93. Disp\u00f5e sobre o mar territorial brasileiro, zona cont\u00edgua, zona econ\u00f4mica exclusiva e a plataforma continental brasileiros; <\/span><\/p>\n<p class=\"MsoNormal\" style=\"margin: 5pt -24.8pt 5pt 0cm; text-align: justify;\"><span style=\"font-family: Arial; color: black;\">&#8211; Dec. n.\u00ba 1.203, de 28.7.94. Aprova o IV Plano Setorial para os Recursos do Mar (IV PSRM); <\/span><\/p>\n<p class=\"MsoNormal\" style=\"margin: 5pt -24.8pt 5pt 0cm; text-align: justify;\"><span style=\"font-family: Arial; color: black;\">&#8211; Lei n.\u00ba 9.478, de 06.8.97. Disciplina a Explora\u00e7\u00e3o do Petr\u00f3leo. <\/span><\/p>\n<p class=\"MsoNormal\" style=\"margin: 5pt -24.8pt 5pt 0cm; text-align: justify;\">\n<p class=\"MsoNormal\" style=\"margin: 5pt -24.8pt 5pt 0cm; text-align: justify;\">\n<p class=\"MsoNormal\" style=\"margin: 5pt -24.8pt 5pt 0cm; text-align: justify;\"><strong><span style=\"font-family: Arial; color: black;\">CONCLUS\u00c3O<\/span><\/strong><\/p>\n<p class=\"MsoNormal\" style=\"margin: 5pt -24.8pt 5pt 0cm; text-align: justify;\">\n<p class=\"MsoNormal\" style=\"margin: 5pt -24.8pt 5pt 0cm; text-align: justify;\"><span style=\"font-family: Arial; color: black;\">A nossa Constitui\u00e7\u00e3o Federal , j\u00e1 preocupada desde de 1988 como o nosso meio ambiente , utilizou um cap\u00edtulo do para o meio ambiente.<\/span><\/p>\n<p class=\"MsoNormal\" style=\"margin: 5pt -24.8pt 5pt 0cm; text-align: justify;\"><span style=\"font-family: Arial; color: black;\">O art.225, \u00a7 4\u00ba da Constitui\u00e7\u00e3o Federal, menciona a Zona Costeira como \u201cpatrim\u00f4nio nacional\u201d, devendo por isso ser utilizada observando a preserva\u00e7\u00e3o do meio ambiente. \u00c9 importante salientar ainda que atrav\u00e9s do Decreto n\u00ba 2.508, de 04.03.98, o Brasil promulgou a Conven\u00e7\u00e3o Internacional para a Preven\u00e7\u00e3o da Polui\u00e7\u00e3o Causada por Navios, conclu\u00edda em Londres, em 2 de novembro de 1973, e seu Protocolo e Anexos, dando for\u00e7a execut\u00f3ria e cumprimento de seu teor, mostrando que estamos preocupados com a polui\u00e7\u00e3o marinha assim como com a sua prote\u00e7\u00e3o. <\/span><\/p>\n<p class=\"MsoNormal\" style=\"margin: 5pt -24.8pt 5pt 0cm; text-align: justify;\"><span style=\"font-family: Arial; color: black;\">Temos implantada em nosso pa\u00eds a Arbitragem Mar\u00edtima, cujas regras foram elaboradas recentemente pela Associa\u00e7\u00e3o Brasileira de Direito Mar\u00edtimo (ABDM) e que resolver\u00e1 inclusive problemas relacionados com os dispositivos da referida Conven\u00e7\u00e3o que tamb\u00e9m prev\u00ea este tipo de solu\u00e7\u00e3o de lit\u00edgios no seu Protocolo II.<br \/>\nTemos tamb\u00e9m a Lei 9.605, de 13 de fevereiro de 1998, a chamada Lei do Crimes Ambientais, que disp\u00f5e sobre crimes de danos causados por polui\u00e7\u00e3o \u00e0 fauna de ecossistemas aqu\u00e1ticos como em rios, lagos, a\u00e7udes, lagoas, ba\u00edas ou \u00e1guas jurisdicionais brasileiras, com deten\u00e7\u00e3o de um a tr\u00eas anos, ou multa, ou ambas cumulativamente (art. 33), com agravantes em caso de degrada\u00e7\u00e3o de viveiros, a\u00e7udes ou esta\u00e7\u00f5es de agricultura de dom\u00ednio p\u00fablico; explora\u00e7\u00e3o invertebrados aqu\u00e1ticos e algas, sem licen\u00e7a; ou fundeia embarca\u00e7\u00f5es ou lan\u00e7a detritos de qualquer natureza.<\/span><\/p>\n<p class=\"MsoNormal\" style=\"margin: 5pt -24.8pt 5pt 0cm; text-align: justify;\"><span style=\"font-family: Arial; color: black;\">O Direito Ambiental, como ci\u00eancia protetiva do meio ambiente, poder\u00e1 propiciar subs\u00eddios de prote\u00e7\u00e3o ao meio ambiente marinho, principalmente pela coloca\u00e7\u00e3o em pr\u00e1tica de seus princ\u00edpios como o da preven\u00e7\u00e3o, reparabilidade dos danos, da informa\u00e7\u00e3o etc., sem contar que a compila\u00e7\u00e3o e o estudo da legisla\u00e7\u00e3o em vigor pelo profissional do direito s\u00e3o primordiais para o fim protetivo que se pretende. <\/span><\/p>\n<p class=\"MsoNormal\" style=\"margin: 5pt -24.8pt 5pt 0cm; text-align: justify;\"><span style=\"font-family: Arial; color: black;\">N\u00e3o obtivemos dados espec\u00edficos sobre o lan\u00e7amento de res\u00edduos jogados ao mar, pois devido ao alto pre\u00e7o para realiza\u00e7\u00e3o de sua reciclagem .<\/span><\/p>\n<p class=\"MsoNormal\" style=\"margin: 5pt -24.8pt 5pt 0cm; text-align: justify;\"><span style=\"font-family: Arial; color: black;\">Constatamos que apesar desse aparato jur\u00eddico, os nossos oceanos n\u00e3o est\u00e3o protegidos, pois falta uma fiscaliza\u00e7\u00e3o muito mais eficiente.<\/span><\/p>\n<p class=\"MsoNormal\" style=\"margin: 5pt -24.8pt 5pt 0cm; text-align: justify;\"><span style=\"font-family: Arial; color: black;\">A magnitude dos problemas causados pelo elimina\u00e7\u00e3o dos res\u00edduos feita pelos nossos navios, causa impactos, que se n\u00e3o n\u00f3s preocuparmos com urg\u00eancia teremos danos ambientais que talvez sejam irrevers\u00edveis.<\/span><\/p>\n<p class=\"MsoNormal\" style=\"margin: 5pt -24.8pt 5pt 0cm; text-align: justify;\"><span style=\"font-family: Arial; color: black;\">Como solu\u00e7\u00e3o o governo brasileiro necessita se organizar, com pessoal capacitado e em n\u00famero suficiente para poder fiscalizar toda a nossa zona costeira, al\u00e9m de fornecer cursos de educa\u00e7\u00e3o ambiental para as pessoas que direta ou indiretamente trabalhem nesse setor.<\/span><\/p>\n<p class=\"MsoNormal\" style=\"margin: 5pt -24.8pt 5pt 0cm; text-align: justify;\">\n<p class=\"MsoNormal\" style=\"margin: 5pt -24.8pt 5pt 0cm; text-align: justify;\"><span style=\"font-family: Arial; color: black;\"><strong>Refer\u00eancias bibliogr\u00e1ficas<\/strong> <\/span><\/p>\n<p class=\"MsoNormal\" style=\"margin: 5pt -24.8pt 5pt 0cm; text-align: justify;\">\n<p class=\"MsoNormal\" style=\"margin: 5pt -24.8pt 5pt 0cm; text-align: justify;\"><span style=\"font-family: Arial; color: black;\">FIORILLO, CELSO ANTONIO 1996 et al. <strong><em>Direito Ambiental Brasileiro<\/em><\/strong>. Belo Horizonte. Livraria Del Rey Editora. <\/span><\/p>\n<p class=\"MsoNormal\" style=\"margin: 5pt -24.8pt 5pt 0cm; text-align: justify;\"><span style=\"font-family: Arial; color: black;\">FREITAS, Vladimir Passos de- <strong><em>A Constitui\u00e7\u00e3o Federal e a Efetividade das Normas Ambientais,<\/em><\/strong>S\u00e3o Paulo, Revista dos Tribunais, 2000. <\/span><\/p>\n<p class=\"MsoNormal\" style=\"margin: 5pt -24.8pt 5pt 0cm; text-align: justify;\"><span style=\"font-family: Arial; color: black;\">FREITAS, Vladimir Passos de &amp; FREITAS, Gilberto Passos de. <strong><em>Crimes contra a natureza.<\/em><\/strong> 3\u00aa ed., S\u00e3o Paulo, RT. 1992. <\/span><\/p>\n<p class=\"MsoNormal\" style=\"margin: 5pt -24.8pt 5pt 0cm; text-align: justify;\"><em><span style=\"font-family: Arial; color: black;\">MEIOS ELETR\u00d4NICOS<\/span><\/em><\/p>\n<p class=\"MsoNormal\" style=\"margin: 5pt -24.8pt 5pt 0cm; text-align: justify;\"><em><span style=\"font-family: Arial; color: black;\"><a href=\"http:\/\/www.aultimaarcadenoe.com.br\/\" rel=\"nofollow\"><span style=\"color: black; font-style: normal;\">www.aultimaarcadenoe.com.br<\/span><\/a><\/span><\/em><span style=\"font-family: Arial; color: black;\"> . Acesso em 10 de Maio de 2008.<\/span><\/p>\n<p class=\"MsoNormal\" style=\"margin: 5pt -24.8pt 5pt 0cm; text-align: justify;\"><span style=\"font-family: Arial; color: black;\">www. ambientebrasil.com.br. Acesso em 08 de Maio de 2008.<\/span><\/p>\n<p class=\"MsoNormal\" style=\"margin: 5pt -24.8pt 5pt 0cm; text-align: center;\">[grwebform url=&#8221;http:\/\/app.getresponse.com\/view_webform.js?wid=3381303&amp;u=SK7G&#8221; css=&#8221;on&#8221;\/]<\/p>\n","protected":false},"excerpt":{"rendered":"<p>Autora: Ada Maria Scartozzoni INTRODU\u00c7\u00c3O Devido a import\u00e2ncia do tema realizaremos um breve estudo. Primeiramente definiremos o que \u00e9 polui\u00e7\u00e3o, mais especificamente dos oceanos. Analisaremos a prote\u00e7\u00e3o jur\u00eddica dos oceanos visto que o mar al\u00e9m dos res\u00edduos eliminados pelos navios ele tamb\u00e9m sofre diretamente as conseq\u00fc\u00eancias da polui\u00e7\u00e3o urbana, industrial ,etc. O tema \u00e9 de [&hellip;]<\/p>\n","protected":false},"author":1,"featured_media":0,"comment_status":"open","ping_status":"open","sticky":false,"template":"","format":"standard","meta":{"_jetpack_memberships_contains_paid_content":false,"footnotes":""},"categories":[495],"tags":[969,971,1041],"class_list":{"0":"post-303","1":"post","2":"type-post","3":"status-publish","4":"format-standard","6":"category-impactos-ambientais-textos","7":"tag-poluicao","8":"tag-poluicao-maritima","9":"tag-residuos"},"yoast_head":"<!-- This site is optimized with the Yoast SEO plugin v25.1 - https:\/\/yoast.com\/wordpress\/plugins\/seo\/ -->\n<title>Polui\u00e7\u00e3o mar\u00edtima do litoral de S\u00e3o Paulo - CENED Cursos Online<\/title>\n<meta name=\"robots\" content=\"index, follow, max-snippet:-1, max-image-preview:large, max-video-preview:-1\" \/>\n<link rel=\"canonical\" href=\"https:\/\/cenedcursos.com.br\/meio-ambiente\/poluicao-maritima\/\" \/>\n<meta property=\"og:locale\" content=\"pt_BR\" \/>\n<meta property=\"og:type\" content=\"article\" \/>\n<meta property=\"og:title\" content=\"Polui\u00e7\u00e3o mar\u00edtima do litoral de S\u00e3o Paulo - CENED Cursos Online\" \/>\n<meta property=\"og:description\" content=\"Autora: Ada Maria Scartozzoni INTRODU\u00c7\u00c3O Devido a import\u00e2ncia do tema realizaremos um breve estudo. Primeiramente definiremos o que \u00e9 polui\u00e7\u00e3o, mais especificamente dos oceanos. Analisaremos a prote\u00e7\u00e3o jur\u00eddica dos oceanos visto que o mar al\u00e9m dos res\u00edduos eliminados pelos navios ele tamb\u00e9m sofre diretamente as conseq\u00fc\u00eancias da polui\u00e7\u00e3o urbana, industrial ,etc. O tema \u00e9 de [&hellip;]\" \/>\n<meta property=\"og:url\" content=\"https:\/\/cenedcursos.com.br\/meio-ambiente\/poluicao-maritima\/\" \/>\n<meta property=\"og:site_name\" content=\"CENED Cursos Online\" \/>\n<meta property=\"article:published_time\" content=\"2008-06-06T16:48:21+00:00\" \/>\n<meta name=\"author\" content=\"Amarildo R. Ferrari\" \/>\n<meta name=\"twitter:card\" content=\"summary_large_image\" \/>\n<meta name=\"twitter:label1\" content=\"Escrito por\" \/>\n\t<meta name=\"twitter:data1\" content=\"Amarildo R. Ferrari\" \/>\n\t<meta name=\"twitter:label2\" content=\"Est. tempo de leitura\" \/>\n\t<meta name=\"twitter:data2\" content=\"9 minutos\" \/>\n<script type=\"application\/ld+json\" class=\"yoast-schema-graph\">{\"@context\":\"https:\/\/schema.org\",\"@graph\":[{\"@type\":\"WebPage\",\"@id\":\"https:\/\/cenedcursos.com.br\/meio-ambiente\/poluicao-maritima\/\",\"url\":\"https:\/\/cenedcursos.com.br\/meio-ambiente\/poluicao-maritima\/\",\"name\":\"Polui\u00e7\u00e3o mar\u00edtima do litoral de S\u00e3o Paulo - CENED Cursos Online\",\"isPartOf\":{\"@id\":\"https:\/\/cenedcursos.com.br\/meio-ambiente\/#website\"},\"datePublished\":\"2008-06-06T16:48:21+00:00\",\"author\":{\"@id\":\"https:\/\/cenedcursos.com.br\/meio-ambiente\/#\/schema\/person\/64377d24cdc16779a1eb6229894af388\"},\"breadcrumb\":{\"@id\":\"https:\/\/cenedcursos.com.br\/meio-ambiente\/poluicao-maritima\/#breadcrumb\"},\"inLanguage\":\"pt-BR\",\"potentialAction\":[{\"@type\":\"ReadAction\",\"target\":[\"https:\/\/cenedcursos.com.br\/meio-ambiente\/poluicao-maritima\/\"]}]},{\"@type\":\"BreadcrumbList\",\"@id\":\"https:\/\/cenedcursos.com.br\/meio-ambiente\/poluicao-maritima\/#breadcrumb\",\"itemListElement\":[{\"@type\":\"ListItem\",\"position\":1,\"name\":\"In\u00edcio\",\"item\":\"https:\/\/cenedcursos.com.br\/meio-ambiente\/\"},{\"@type\":\"ListItem\",\"position\":2,\"name\":\"Polui\u00e7\u00e3o mar\u00edtima do litoral de S\u00e3o Paulo\"}]},{\"@type\":\"WebSite\",\"@id\":\"https:\/\/cenedcursos.com.br\/meio-ambiente\/#website\",\"url\":\"https:\/\/cenedcursos.com.br\/meio-ambiente\/\",\"name\":\"CENED Cursos Online\",\"description\":\"Aqui voc\u00ea encontra artigos em diversas \u00e1reas do conhecimento: meio ambiente, educa\u00e7\u00e3o, marketing digital, neg\u00f3cios online e muito mais.\",\"potentialAction\":[{\"@type\":\"SearchAction\",\"target\":{\"@type\":\"EntryPoint\",\"urlTemplate\":\"https:\/\/cenedcursos.com.br\/meio-ambiente\/?s={search_term_string}\"},\"query-input\":{\"@type\":\"PropertyValueSpecification\",\"valueRequired\":true,\"valueName\":\"search_term_string\"}}],\"inLanguage\":\"pt-BR\"},{\"@type\":\"Person\",\"@id\":\"https:\/\/cenedcursos.com.br\/meio-ambiente\/#\/schema\/person\/64377d24cdc16779a1eb6229894af388\",\"name\":\"Amarildo R. Ferrari\",\"image\":{\"@type\":\"ImageObject\",\"inLanguage\":\"pt-BR\",\"@id\":\"https:\/\/cenedcursos.com.br\/meio-ambiente\/#\/schema\/person\/image\/\",\"url\":\"https:\/\/secure.gravatar.com\/avatar\/6ea4248ca9f295c93f1b72f8398232f0fbbffe30349e6ec3839cfa5e09b0de3c?s=96&d=mm&r=g\",\"contentUrl\":\"https:\/\/secure.gravatar.com\/avatar\/6ea4248ca9f295c93f1b72f8398232f0fbbffe30349e6ec3839cfa5e09b0de3c?s=96&d=mm&r=g\",\"caption\":\"Amarildo R. Ferrari\"},\"sameAs\":[\"https:\/\/cenedcursos.com.br\/meio-ambiente\"],\"url\":\"https:\/\/cenedcursos.com.br\/meio-ambiente\/author\/admin\/\"}]}<\/script>\n<!-- \/ Yoast SEO plugin. -->","yoast_head_json":{"title":"Polui\u00e7\u00e3o mar\u00edtima do litoral de S\u00e3o Paulo - CENED Cursos Online","robots":{"index":"index","follow":"follow","max-snippet":"max-snippet:-1","max-image-preview":"max-image-preview:large","max-video-preview":"max-video-preview:-1"},"canonical":"https:\/\/cenedcursos.com.br\/meio-ambiente\/poluicao-maritima\/","og_locale":"pt_BR","og_type":"article","og_title":"Polui\u00e7\u00e3o mar\u00edtima do litoral de S\u00e3o Paulo - CENED Cursos Online","og_description":"Autora: Ada Maria Scartozzoni INTRODU\u00c7\u00c3O Devido a import\u00e2ncia do tema realizaremos um breve estudo. Primeiramente definiremos o que \u00e9 polui\u00e7\u00e3o, mais especificamente dos oceanos. Analisaremos a prote\u00e7\u00e3o jur\u00eddica dos oceanos visto que o mar al\u00e9m dos res\u00edduos eliminados pelos navios ele tamb\u00e9m sofre diretamente as conseq\u00fc\u00eancias da polui\u00e7\u00e3o urbana, industrial ,etc. O tema \u00e9 de [&hellip;]","og_url":"https:\/\/cenedcursos.com.br\/meio-ambiente\/poluicao-maritima\/","og_site_name":"CENED Cursos Online","article_published_time":"2008-06-06T16:48:21+00:00","author":"Amarildo R. Ferrari","twitter_card":"summary_large_image","twitter_misc":{"Escrito por":"Amarildo R. Ferrari","Est. tempo de leitura":"9 minutos"},"schema":{"@context":"https:\/\/schema.org","@graph":[{"@type":"WebPage","@id":"https:\/\/cenedcursos.com.br\/meio-ambiente\/poluicao-maritima\/","url":"https:\/\/cenedcursos.com.br\/meio-ambiente\/poluicao-maritima\/","name":"Polui\u00e7\u00e3o mar\u00edtima do litoral de S\u00e3o Paulo - CENED Cursos Online","isPartOf":{"@id":"https:\/\/cenedcursos.com.br\/meio-ambiente\/#website"},"datePublished":"2008-06-06T16:48:21+00:00","author":{"@id":"https:\/\/cenedcursos.com.br\/meio-ambiente\/#\/schema\/person\/64377d24cdc16779a1eb6229894af388"},"breadcrumb":{"@id":"https:\/\/cenedcursos.com.br\/meio-ambiente\/poluicao-maritima\/#breadcrumb"},"inLanguage":"pt-BR","potentialAction":[{"@type":"ReadAction","target":["https:\/\/cenedcursos.com.br\/meio-ambiente\/poluicao-maritima\/"]}]},{"@type":"BreadcrumbList","@id":"https:\/\/cenedcursos.com.br\/meio-ambiente\/poluicao-maritima\/#breadcrumb","itemListElement":[{"@type":"ListItem","position":1,"name":"In\u00edcio","item":"https:\/\/cenedcursos.com.br\/meio-ambiente\/"},{"@type":"ListItem","position":2,"name":"Polui\u00e7\u00e3o mar\u00edtima do litoral de S\u00e3o Paulo"}]},{"@type":"WebSite","@id":"https:\/\/cenedcursos.com.br\/meio-ambiente\/#website","url":"https:\/\/cenedcursos.com.br\/meio-ambiente\/","name":"CENED Cursos Online","description":"Aqui voc\u00ea encontra artigos em diversas \u00e1reas do conhecimento: meio ambiente, educa\u00e7\u00e3o, marketing digital, neg\u00f3cios online e muito mais.","potentialAction":[{"@type":"SearchAction","target":{"@type":"EntryPoint","urlTemplate":"https:\/\/cenedcursos.com.br\/meio-ambiente\/?s={search_term_string}"},"query-input":{"@type":"PropertyValueSpecification","valueRequired":true,"valueName":"search_term_string"}}],"inLanguage":"pt-BR"},{"@type":"Person","@id":"https:\/\/cenedcursos.com.br\/meio-ambiente\/#\/schema\/person\/64377d24cdc16779a1eb6229894af388","name":"Amarildo R. Ferrari","image":{"@type":"ImageObject","inLanguage":"pt-BR","@id":"https:\/\/cenedcursos.com.br\/meio-ambiente\/#\/schema\/person\/image\/","url":"https:\/\/secure.gravatar.com\/avatar\/6ea4248ca9f295c93f1b72f8398232f0fbbffe30349e6ec3839cfa5e09b0de3c?s=96&d=mm&r=g","contentUrl":"https:\/\/secure.gravatar.com\/avatar\/6ea4248ca9f295c93f1b72f8398232f0fbbffe30349e6ec3839cfa5e09b0de3c?s=96&d=mm&r=g","caption":"Amarildo R. Ferrari"},"sameAs":["https:\/\/cenedcursos.com.br\/meio-ambiente"],"url":"https:\/\/cenedcursos.com.br\/meio-ambiente\/author\/admin\/"}]}},"jetpack_featured_media_url":"","jetpack_sharing_enabled":true,"_links":{"self":[{"href":"https:\/\/cenedcursos.com.br\/meio-ambiente\/wp-json\/wp\/v2\/posts\/303","targetHints":{"allow":["GET"]}}],"collection":[{"href":"https:\/\/cenedcursos.com.br\/meio-ambiente\/wp-json\/wp\/v2\/posts"}],"about":[{"href":"https:\/\/cenedcursos.com.br\/meio-ambiente\/wp-json\/wp\/v2\/types\/post"}],"author":[{"embeddable":true,"href":"https:\/\/cenedcursos.com.br\/meio-ambiente\/wp-json\/wp\/v2\/users\/1"}],"replies":[{"embeddable":true,"href":"https:\/\/cenedcursos.com.br\/meio-ambiente\/wp-json\/wp\/v2\/comments?post=303"}],"version-history":[{"count":0,"href":"https:\/\/cenedcursos.com.br\/meio-ambiente\/wp-json\/wp\/v2\/posts\/303\/revisions"}],"wp:attachment":[{"href":"https:\/\/cenedcursos.com.br\/meio-ambiente\/wp-json\/wp\/v2\/media?parent=303"}],"wp:term":[{"taxonomy":"category","embeddable":true,"href":"https:\/\/cenedcursos.com.br\/meio-ambiente\/wp-json\/wp\/v2\/categories?post=303"},{"taxonomy":"post_tag","embeddable":true,"href":"https:\/\/cenedcursos.com.br\/meio-ambiente\/wp-json\/wp\/v2\/tags?post=303"}],"curies":[{"name":"wp","href":"https:\/\/api.w.org\/{rel}","templated":true}]}}