{"id":304,"date":"2008-06-07T10:28:27","date_gmt":"2008-06-07T10:28:27","guid":{"rendered":"http:\/\/www.cenedcursos.com.br\/?p=304"},"modified":"2008-06-07T10:28:27","modified_gmt":"2008-06-07T10:28:27","slug":"aproveitamento-da-luz-solar","status":"publish","type":"post","link":"https:\/\/cenedcursos.com.br\/meio-ambiente\/aproveitamento-da-luz-solar\/","title":{"rendered":"O Brasileiro e o aproveitamento da luz solar"},"content":{"rendered":"<p align=\"justify\">O Brasil \u00e9 privilegiado com a quantidade de luz solar dispon\u00edvel, embora n\u00e3o saiba aproveit\u00e1-la. Pa\u00edses como a Alemanha e Jap\u00e3o s\u00e3o pioneiros tanto na tecnologia quanto na consci\u00eancia do uso do aproveitamento solar. O diferencial \u00e9 que nesses pa\u00edses h\u00e1 auxilio e apoio institucional para a aplica\u00e7\u00e3o e instala\u00e7\u00e3o deste tipo de energia alternativa em ind\u00fastrias e resid\u00eancias. O que n\u00e3o acontece aqui no Brasil, pois os custos de instala\u00e7\u00e3o ainda est\u00e3o longe do alcance da maioria da popula\u00e7\u00e3o brasileira. Mas isso n\u00e3o \u00e9 um fato que desanime os interessados em aproveitar a luz solar gratuita, como o brasileiro sempre foi reconhecido pela criatividade, inventar ou reinventar objetos pr\u00e1ticos e \u00fateis, criar um sistema de aquecedor solar de \u00e1gua com materiais recicl\u00e1veis foi alem de criativo, eficiente e tem sido bem visto onde apresentado.<\/p>\n<p align=\"justify\">A procura por fontes alternativas de energia tem aumentado, principalmente pela preocupa\u00e7\u00e3o com a economia na conta de energia.<a href=\"https:\/\/i0.wp.com\/www.cenedcursos.com.br\/meio-ambiente\/wp-content\/uploads\/2008\/06\/energia-solar.jpg?ssl=1\"><img data-recalc-dims=\"1\" loading=\"lazy\" decoding=\"async\" data-attachment-id=\"4509\" data-permalink=\"https:\/\/cenedcursos.com.br\/meio-ambiente\/energia-solar\/\" data-orig-file=\"https:\/\/i0.wp.com\/cenedcursos.com.br\/meio-ambiente\/wp-content\/uploads\/2008\/06\/energia-solar-1.jpg?fit=275%2C183&amp;ssl=1\" data-orig-size=\"275,183\" data-comments-opened=\"1\" data-image-meta=\"{&quot;aperture&quot;:&quot;0&quot;,&quot;credit&quot;:&quot;&quot;,&quot;camera&quot;:&quot;&quot;,&quot;caption&quot;:&quot;&quot;,&quot;created_timestamp&quot;:&quot;0&quot;,&quot;copyright&quot;:&quot;&quot;,&quot;focal_length&quot;:&quot;0&quot;,&quot;iso&quot;:&quot;0&quot;,&quot;shutter_speed&quot;:&quot;0&quot;,&quot;title&quot;:&quot;&quot;,&quot;orientation&quot;:&quot;0&quot;}\" data-image-title=\"energia solar\" data-image-description=\"\" data-image-caption=\"\" data-medium-file=\"https:\/\/i0.wp.com\/cenedcursos.com.br\/meio-ambiente\/wp-content\/uploads\/2008\/06\/energia-solar-1.jpg?fit=275%2C183&amp;ssl=1\" data-large-file=\"https:\/\/i0.wp.com\/cenedcursos.com.br\/meio-ambiente\/wp-content\/uploads\/2008\/06\/energia-solar-1.jpg?fit=275%2C183&amp;ssl=1\" class=\"alignright size-full wp-image-4509\" src=\"https:\/\/i0.wp.com\/www.cenedcursos.com.br\/meio-ambiente\/wp-content\/uploads\/2008\/06\/energia-solar.jpg?resize=275%2C183&#038;ssl=1\" alt=\"energia solar\" width=\"275\" height=\"183\" \/><\/a><\/p>\n<div align=\"justify\">O Brasil est\u00e1 localizado pr\u00f3ximo a linha do Equador, o que faz com que receba maior quantidade de radia\u00e7\u00e3o solar. A m\u00e9dia de radia\u00e7\u00e3o solar no estado de Goi\u00e1s chega a 18MJ\/m2.dia, variando 5700 a 5900 Wh\/m2.dia, o que indica que recebe uma grande quantidade de luz diariamente. Em Porto Alegre a dura\u00e7\u00e3o solar de dia varia de 10 a 13 horas.Os maiores \u00edndices de radia\u00e7\u00e3o s\u00e3o observados na regi\u00e3o Nordeste. Pa\u00edses como a Alemanha e Jap\u00e3o s\u00e3o pioneiros tanto na tecnologia quanto na consci\u00eancia do uso do aproveitamento solar. Portugal come\u00e7a a segunda maior central solar fotovoltaica \u00e9 um dos maiores investimentos nesse tipo de gera\u00e7\u00e3o de energia alternativa.<\/div>\n<div align=\"justify\">\nO processo de aproveitamento de a luz solar pode ser v\u00e1rias formas, as mais usadas s\u00e3o o aquecimento solar de \u00e1gua e as placas fotovoltaicos.\n<\/div>\n<div align=\"justify\">Os pain\u00e9is solares fotovoltaicos s\u00e3o formados por c\u00e9lulas fotovoltaicas que convertem a energia da luz em eletricidade e t\u00eam v\u00e1rias aplica\u00e7\u00f5es, tanto em ind\u00fastrias quanto em resid\u00eancias. H\u00e1 vantagens e desvantagens, a principal vantagem \u00e9 a redu\u00e7\u00e3o de emiss\u00e3o de carbono, por\u00e9m, o custo de instala\u00e7\u00e3o de um sistema e manuten\u00e7\u00e3o \u00e9 alta, uma vez instalada o retorno do investimento \u00e9 de entorno de 20 anos.<\/div>\n<div align=\"justify\">\nSe a sua op\u00e7\u00e3o \u00e9 por um sistema mais barato, pode se pensar no aproveitamento da luz solar para apenas aquecer \u00e1gua, sistemas eficazes e artesanais t\u00eam chamado aten\u00e7\u00e3o, como o sistema de aquecedor solar de \u00e1gua feito com materiais de baixo custo, usando materiais recicl\u00e1veis.\n<\/div>\n<div align=\"justify\">O sistema \u00e9 composto por 2 componentes: o reservat\u00f3rio\/caixa d \u00e1gua e os coletores solares. A diferen\u00e7a desse sistema para os comerciais s\u00e3o os materiais dos coletores. As placas coletoras s\u00e3o feitas com garrafas PET, canos PVC e caixas tetra pack. Cada placa consome 30 garrafas e 10 caixas tetra pack, 2 placas \u00e9 o suficiente para aquecer \u00e1gua para 1 pessoa.De f\u00e1cil montagem e instala\u00e7\u00e3o pode ser constru\u00eddo por todos.<\/div>\n<div align=\"justify\">\nO processo que se d\u00e1 se resume em aquecer a \u00e1gua que circula pelas placas coletoras retornar para o reservat\u00f3rio aquecida, sem nenhum auxilio de bomba, apenas pela press\u00e3o exercida pela diferen\u00e7a de temperatura. A temperatura da \u00e1gua chega em dias ensolarados a cerca de 50 \u00b0C durante menos de 5 horas durante o ver\u00e3o e 6 horas no inverno.\n<\/div>\n<div><strong>Bibliografia:<\/strong><\/div>\n<ol>\n<li>ANNEL: ag\u00eancia nacional de energia el\u00e9trica<\/li>\n<li>Manual de aquecedor solar J\u00f3se Alcino<\/li>\n<li>2008 LUSA &#8211; Ag\u00eancia de Not\u00edcias de Portugal, S.A.<\/li>\n<li>site Inova\u00e7\u00e3o Tecnol\u00f3gica<\/li>\n<\/ol>\n<div><em>Autora: Ana Tissato Alencar- graduanda de Eng. Ambiental UCG<\/em><\/div>\n<p><!--more--><br \/>\n&nbsp;<\/p>\n","protected":false},"excerpt":{"rendered":"<p>O Brasil \u00e9 privilegiado com a quantidade de luz solar dispon\u00edvel, embora n\u00e3o saiba aproveit\u00e1-la. Pa\u00edses como a Alemanha e Jap\u00e3o s\u00e3o pioneiros tanto na tecnologia quanto na consci\u00eancia do uso do aproveitamento solar. O diferencial \u00e9 que nesses pa\u00edses h\u00e1 auxilio e apoio institucional para a aplica\u00e7\u00e3o e instala\u00e7\u00e3o deste tipo de energia alternativa [&hellip;]<\/p>\n","protected":false},"author":1,"featured_media":0,"comment_status":"open","ping_status":"open","sticky":false,"template":"","format":"standard","meta":{"_jetpack_memberships_contains_paid_content":false,"footnotes":""},"categories":[53],"tags":[752,886],"class_list":{"0":"post-304","1":"post","2":"type-post","3":"status-publish","4":"format-standard","6":"category-energias-alternativas","7":"tag-energia","8":"tag-luz-solar"},"yoast_head":"<!-- This site is optimized with the Yoast SEO plugin v25.1 - https:\/\/yoast.com\/wordpress\/plugins\/seo\/ -->\n<title>O Brasileiro e o aproveitamento da luz solar - CENED Cursos Online<\/title>\n<meta name=\"robots\" content=\"index, follow, max-snippet:-1, max-image-preview:large, max-video-preview:-1\" \/>\n<link rel=\"canonical\" href=\"https:\/\/cenedcursos.com.br\/meio-ambiente\/aproveitamento-da-luz-solar\/\" \/>\n<meta property=\"og:locale\" content=\"pt_BR\" \/>\n<meta property=\"og:type\" content=\"article\" \/>\n<meta property=\"og:title\" content=\"O Brasileiro e o aproveitamento da luz solar - CENED Cursos Online\" \/>\n<meta property=\"og:description\" content=\"O Brasil \u00e9 privilegiado com a quantidade de luz solar dispon\u00edvel, embora n\u00e3o saiba aproveit\u00e1-la. Pa\u00edses como a Alemanha e Jap\u00e3o s\u00e3o pioneiros tanto na tecnologia quanto na consci\u00eancia do uso do aproveitamento solar. O diferencial \u00e9 que nesses pa\u00edses h\u00e1 auxilio e apoio institucional para a aplica\u00e7\u00e3o e instala\u00e7\u00e3o deste tipo de energia alternativa [&hellip;]\" \/>\n<meta property=\"og:url\" content=\"https:\/\/cenedcursos.com.br\/meio-ambiente\/aproveitamento-da-luz-solar\/\" \/>\n<meta property=\"og:site_name\" content=\"CENED Cursos Online\" \/>\n<meta property=\"article:published_time\" content=\"2008-06-07T10:28:27+00:00\" \/>\n<meta property=\"og:image\" content=\"https:\/\/www.cenedcursos.com.br\/meio-ambiente\/wp-content\/uploads\/2008\/06\/energia-solar.jpg\" \/>\n<meta name=\"author\" content=\"Amarildo R. Ferrari\" \/>\n<meta name=\"twitter:card\" content=\"summary_large_image\" \/>\n<meta name=\"twitter:label1\" content=\"Escrito por\" \/>\n\t<meta name=\"twitter:data1\" content=\"Amarildo R. Ferrari\" \/>\n\t<meta name=\"twitter:label2\" content=\"Est. tempo de leitura\" \/>\n\t<meta name=\"twitter:data2\" content=\"3 minutos\" \/>\n<script type=\"application\/ld+json\" class=\"yoast-schema-graph\">{\"@context\":\"https:\/\/schema.org\",\"@graph\":[{\"@type\":\"WebPage\",\"@id\":\"https:\/\/cenedcursos.com.br\/meio-ambiente\/aproveitamento-da-luz-solar\/\",\"url\":\"https:\/\/cenedcursos.com.br\/meio-ambiente\/aproveitamento-da-luz-solar\/\",\"name\":\"O Brasileiro e o aproveitamento da luz solar - CENED Cursos Online\",\"isPartOf\":{\"@id\":\"https:\/\/cenedcursos.com.br\/meio-ambiente\/#website\"},\"primaryImageOfPage\":{\"@id\":\"https:\/\/cenedcursos.com.br\/meio-ambiente\/aproveitamento-da-luz-solar\/#primaryimage\"},\"image\":{\"@id\":\"https:\/\/cenedcursos.com.br\/meio-ambiente\/aproveitamento-da-luz-solar\/#primaryimage\"},\"thumbnailUrl\":\"https:\/\/www.cenedcursos.com.br\/meio-ambiente\/wp-content\/uploads\/2008\/06\/energia-solar.jpg\",\"datePublished\":\"2008-06-07T10:28:27+00:00\",\"author\":{\"@id\":\"https:\/\/cenedcursos.com.br\/meio-ambiente\/#\/schema\/person\/64377d24cdc16779a1eb6229894af388\"},\"breadcrumb\":{\"@id\":\"https:\/\/cenedcursos.com.br\/meio-ambiente\/aproveitamento-da-luz-solar\/#breadcrumb\"},\"inLanguage\":\"pt-BR\",\"potentialAction\":[{\"@type\":\"ReadAction\",\"target\":[\"https:\/\/cenedcursos.com.br\/meio-ambiente\/aproveitamento-da-luz-solar\/\"]}]},{\"@type\":\"ImageObject\",\"inLanguage\":\"pt-BR\",\"@id\":\"https:\/\/cenedcursos.com.br\/meio-ambiente\/aproveitamento-da-luz-solar\/#primaryimage\",\"url\":\"https:\/\/www.cenedcursos.com.br\/meio-ambiente\/wp-content\/uploads\/2008\/06\/energia-solar.jpg\",\"contentUrl\":\"https:\/\/www.cenedcursos.com.br\/meio-ambiente\/wp-content\/uploads\/2008\/06\/energia-solar.jpg\"},{\"@type\":\"BreadcrumbList\",\"@id\":\"https:\/\/cenedcursos.com.br\/meio-ambiente\/aproveitamento-da-luz-solar\/#breadcrumb\",\"itemListElement\":[{\"@type\":\"ListItem\",\"position\":1,\"name\":\"In\u00edcio\",\"item\":\"https:\/\/cenedcursos.com.br\/meio-ambiente\/\"},{\"@type\":\"ListItem\",\"position\":2,\"name\":\"O Brasileiro e o aproveitamento da luz solar\"}]},{\"@type\":\"WebSite\",\"@id\":\"https:\/\/cenedcursos.com.br\/meio-ambiente\/#website\",\"url\":\"https:\/\/cenedcursos.com.br\/meio-ambiente\/\",\"name\":\"CENED Cursos Online\",\"description\":\"Aqui voc\u00ea encontra artigos em diversas \u00e1reas do conhecimento: meio ambiente, educa\u00e7\u00e3o, marketing digital, neg\u00f3cios online e muito mais.\",\"potentialAction\":[{\"@type\":\"SearchAction\",\"target\":{\"@type\":\"EntryPoint\",\"urlTemplate\":\"https:\/\/cenedcursos.com.br\/meio-ambiente\/?s={search_term_string}\"},\"query-input\":{\"@type\":\"PropertyValueSpecification\",\"valueRequired\":true,\"valueName\":\"search_term_string\"}}],\"inLanguage\":\"pt-BR\"},{\"@type\":\"Person\",\"@id\":\"https:\/\/cenedcursos.com.br\/meio-ambiente\/#\/schema\/person\/64377d24cdc16779a1eb6229894af388\",\"name\":\"Amarildo R. Ferrari\",\"image\":{\"@type\":\"ImageObject\",\"inLanguage\":\"pt-BR\",\"@id\":\"https:\/\/cenedcursos.com.br\/meio-ambiente\/#\/schema\/person\/image\/\",\"url\":\"https:\/\/secure.gravatar.com\/avatar\/6ea4248ca9f295c93f1b72f8398232f0fbbffe30349e6ec3839cfa5e09b0de3c?s=96&d=mm&r=g\",\"contentUrl\":\"https:\/\/secure.gravatar.com\/avatar\/6ea4248ca9f295c93f1b72f8398232f0fbbffe30349e6ec3839cfa5e09b0de3c?s=96&d=mm&r=g\",\"caption\":\"Amarildo R. Ferrari\"},\"sameAs\":[\"https:\/\/cenedcursos.com.br\/meio-ambiente\"],\"url\":\"https:\/\/cenedcursos.com.br\/meio-ambiente\/author\/admin\/\"}]}<\/script>\n<!-- \/ Yoast SEO plugin. -->","yoast_head_json":{"title":"O Brasileiro e o aproveitamento da luz solar - CENED Cursos Online","robots":{"index":"index","follow":"follow","max-snippet":"max-snippet:-1","max-image-preview":"max-image-preview:large","max-video-preview":"max-video-preview:-1"},"canonical":"https:\/\/cenedcursos.com.br\/meio-ambiente\/aproveitamento-da-luz-solar\/","og_locale":"pt_BR","og_type":"article","og_title":"O Brasileiro e o aproveitamento da luz solar - CENED Cursos Online","og_description":"O Brasil \u00e9 privilegiado com a quantidade de luz solar dispon\u00edvel, embora n\u00e3o saiba aproveit\u00e1-la. Pa\u00edses como a Alemanha e Jap\u00e3o s\u00e3o pioneiros tanto na tecnologia quanto na consci\u00eancia do uso do aproveitamento solar. O diferencial \u00e9 que nesses pa\u00edses h\u00e1 auxilio e apoio institucional para a aplica\u00e7\u00e3o e instala\u00e7\u00e3o deste tipo de energia alternativa [&hellip;]","og_url":"https:\/\/cenedcursos.com.br\/meio-ambiente\/aproveitamento-da-luz-solar\/","og_site_name":"CENED Cursos Online","article_published_time":"2008-06-07T10:28:27+00:00","og_image":[{"url":"https:\/\/www.cenedcursos.com.br\/meio-ambiente\/wp-content\/uploads\/2008\/06\/energia-solar.jpg","type":"","width":"","height":""}],"author":"Amarildo R. Ferrari","twitter_card":"summary_large_image","twitter_misc":{"Escrito por":"Amarildo R. Ferrari","Est. tempo de leitura":"3 minutos"},"schema":{"@context":"https:\/\/schema.org","@graph":[{"@type":"WebPage","@id":"https:\/\/cenedcursos.com.br\/meio-ambiente\/aproveitamento-da-luz-solar\/","url":"https:\/\/cenedcursos.com.br\/meio-ambiente\/aproveitamento-da-luz-solar\/","name":"O Brasileiro e o aproveitamento da luz solar - CENED Cursos Online","isPartOf":{"@id":"https:\/\/cenedcursos.com.br\/meio-ambiente\/#website"},"primaryImageOfPage":{"@id":"https:\/\/cenedcursos.com.br\/meio-ambiente\/aproveitamento-da-luz-solar\/#primaryimage"},"image":{"@id":"https:\/\/cenedcursos.com.br\/meio-ambiente\/aproveitamento-da-luz-solar\/#primaryimage"},"thumbnailUrl":"https:\/\/www.cenedcursos.com.br\/meio-ambiente\/wp-content\/uploads\/2008\/06\/energia-solar.jpg","datePublished":"2008-06-07T10:28:27+00:00","author":{"@id":"https:\/\/cenedcursos.com.br\/meio-ambiente\/#\/schema\/person\/64377d24cdc16779a1eb6229894af388"},"breadcrumb":{"@id":"https:\/\/cenedcursos.com.br\/meio-ambiente\/aproveitamento-da-luz-solar\/#breadcrumb"},"inLanguage":"pt-BR","potentialAction":[{"@type":"ReadAction","target":["https:\/\/cenedcursos.com.br\/meio-ambiente\/aproveitamento-da-luz-solar\/"]}]},{"@type":"ImageObject","inLanguage":"pt-BR","@id":"https:\/\/cenedcursos.com.br\/meio-ambiente\/aproveitamento-da-luz-solar\/#primaryimage","url":"https:\/\/www.cenedcursos.com.br\/meio-ambiente\/wp-content\/uploads\/2008\/06\/energia-solar.jpg","contentUrl":"https:\/\/www.cenedcursos.com.br\/meio-ambiente\/wp-content\/uploads\/2008\/06\/energia-solar.jpg"},{"@type":"BreadcrumbList","@id":"https:\/\/cenedcursos.com.br\/meio-ambiente\/aproveitamento-da-luz-solar\/#breadcrumb","itemListElement":[{"@type":"ListItem","position":1,"name":"In\u00edcio","item":"https:\/\/cenedcursos.com.br\/meio-ambiente\/"},{"@type":"ListItem","position":2,"name":"O Brasileiro e o aproveitamento da luz solar"}]},{"@type":"WebSite","@id":"https:\/\/cenedcursos.com.br\/meio-ambiente\/#website","url":"https:\/\/cenedcursos.com.br\/meio-ambiente\/","name":"CENED Cursos Online","description":"Aqui voc\u00ea encontra artigos em diversas \u00e1reas do conhecimento: meio ambiente, educa\u00e7\u00e3o, marketing digital, neg\u00f3cios online e muito mais.","potentialAction":[{"@type":"SearchAction","target":{"@type":"EntryPoint","urlTemplate":"https:\/\/cenedcursos.com.br\/meio-ambiente\/?s={search_term_string}"},"query-input":{"@type":"PropertyValueSpecification","valueRequired":true,"valueName":"search_term_string"}}],"inLanguage":"pt-BR"},{"@type":"Person","@id":"https:\/\/cenedcursos.com.br\/meio-ambiente\/#\/schema\/person\/64377d24cdc16779a1eb6229894af388","name":"Amarildo R. Ferrari","image":{"@type":"ImageObject","inLanguage":"pt-BR","@id":"https:\/\/cenedcursos.com.br\/meio-ambiente\/#\/schema\/person\/image\/","url":"https:\/\/secure.gravatar.com\/avatar\/6ea4248ca9f295c93f1b72f8398232f0fbbffe30349e6ec3839cfa5e09b0de3c?s=96&d=mm&r=g","contentUrl":"https:\/\/secure.gravatar.com\/avatar\/6ea4248ca9f295c93f1b72f8398232f0fbbffe30349e6ec3839cfa5e09b0de3c?s=96&d=mm&r=g","caption":"Amarildo R. Ferrari"},"sameAs":["https:\/\/cenedcursos.com.br\/meio-ambiente"],"url":"https:\/\/cenedcursos.com.br\/meio-ambiente\/author\/admin\/"}]}},"jetpack_featured_media_url":"","jetpack_sharing_enabled":true,"_links":{"self":[{"href":"https:\/\/cenedcursos.com.br\/meio-ambiente\/wp-json\/wp\/v2\/posts\/304","targetHints":{"allow":["GET"]}}],"collection":[{"href":"https:\/\/cenedcursos.com.br\/meio-ambiente\/wp-json\/wp\/v2\/posts"}],"about":[{"href":"https:\/\/cenedcursos.com.br\/meio-ambiente\/wp-json\/wp\/v2\/types\/post"}],"author":[{"embeddable":true,"href":"https:\/\/cenedcursos.com.br\/meio-ambiente\/wp-json\/wp\/v2\/users\/1"}],"replies":[{"embeddable":true,"href":"https:\/\/cenedcursos.com.br\/meio-ambiente\/wp-json\/wp\/v2\/comments?post=304"}],"version-history":[{"count":0,"href":"https:\/\/cenedcursos.com.br\/meio-ambiente\/wp-json\/wp\/v2\/posts\/304\/revisions"}],"wp:attachment":[{"href":"https:\/\/cenedcursos.com.br\/meio-ambiente\/wp-json\/wp\/v2\/media?parent=304"}],"wp:term":[{"taxonomy":"category","embeddable":true,"href":"https:\/\/cenedcursos.com.br\/meio-ambiente\/wp-json\/wp\/v2\/categories?post=304"},{"taxonomy":"post_tag","embeddable":true,"href":"https:\/\/cenedcursos.com.br\/meio-ambiente\/wp-json\/wp\/v2\/tags?post=304"}],"curies":[{"name":"wp","href":"https:\/\/api.w.org\/{rel}","templated":true}]}}