{"id":306,"date":"2008-06-09T18:05:26","date_gmt":"2008-06-09T18:05:26","guid":{"rendered":"http:\/\/www.cenedcursos.com.br\/?p=306"},"modified":"2008-06-09T18:05:26","modified_gmt":"2008-06-09T18:05:26","slug":"an-vital","status":"publish","type":"post","link":"https:\/\/cenedcursos.com.br\/meio-ambiente\/an-vital\/","title":{"rendered":"\u00c9lan vital"},"content":{"rendered":"<p><em>Quando se sente a for&ccedil;a interior, a pr&oacute;pria vida pulsando&#8230; tomamos uma caneta e as palavras fluem como um rio&#8230; vivo..<\/em><\/p>\n<div>&Eacute;lan Vital<br \/> &Iacute;mpeto de mudan&ccedil;a<\/div>\n<div>for&ccedil;a de vida.<\/div>\n<div>Mudar para ficar.<\/div>\n<div>Ternura para conosco,<\/div>\n<div>verde por dentro.<\/div>\n<div>Um verde que se irradia<\/div>\n<div>toma conta das rela&ccedil;&otilde;es,<\/div>\n<div>apazigua o ambiente.<\/div>\n<div>Traz vida ao caos,<\/div>\n<div>poesia ao caminho.<\/div>\n<div>Marron parece ser a cor da terra ferida;<\/div>\n<div>marron por pouco tempo<\/div>\n<div>logo o verde vem, f&eacute;rtil.<\/div>\n<div>O azul se propaga nos pingos.<\/div>\n<div>Di&aacute;rios cuidados noturnos.<\/div>\n<div>Ventos com p&oacute;len.<\/div>\n<div>Saudades da primavera passada.<\/div>\n<div>Promessas de um outono farto,<\/div>\n<div>generosos ver&otilde;es,<\/div>\n<div>e invernos em recolhimento,<\/div>\n<div>para sentirmos o fluxo infind&aacute;vel,<\/div>\n<div>no qual vivos pulsamos.<\/div>\n<div>Unos, parte vol&aacute;til desta pintura viva, que co-criamos<br \/> desde tempos imemoriais:<br \/> N&oacute;s mesmos, em casa.<\/div>\n<div>\n<p><em>Autora: Maristela Elicker Dauve<\/em><\/p>\n<\/p><\/div>\n","protected":false},"excerpt":{"rendered":"<p>Quando se sente a for&ccedil;a interior, a pr&oacute;pria vida pulsando&#8230; tomamos uma caneta e as palavras fluem como um rio&#8230; vivo.. &Eacute;lan Vital &Iacute;mpeto de mudan&ccedil;a for&ccedil;a de vida. Mudar para ficar. Ternura para conosco, verde por dentro. Um verde que se irradia toma conta das rela&ccedil;&otilde;es, apazigua o ambiente. Traz vida ao caos, poesia [&hellip;]<\/p>\n","protected":false},"author":1,"featured_media":0,"comment_status":"open","ping_status":"open","sticky":false,"template":"","format":"standard","meta":{"_jetpack_memberships_contains_paid_content":false,"footnotes":""},"categories":[50],"tags":[126],"class_list":{"0":"post-306","1":"post","2":"type-post","3":"status-publish","4":"format-standard","6":"category-poemas-ambientais","7":"tag-ambiente"},"yoast_head":"<!-- This site is optimized with the Yoast SEO plugin v25.1 - https:\/\/yoast.com\/wordpress\/plugins\/seo\/ -->\n<title>\u00c9lan vital - CENED Cursos Online<\/title>\n<meta name=\"robots\" content=\"index, follow, max-snippet:-1, max-image-preview:large, max-video-preview:-1\" \/>\n<link rel=\"canonical\" href=\"https:\/\/cenedcursos.com.br\/meio-ambiente\/an-vital\/\" \/>\n<meta property=\"og:locale\" content=\"pt_BR\" \/>\n<meta property=\"og:type\" content=\"article\" \/>\n<meta property=\"og:title\" content=\"\u00c9lan vital - CENED Cursos Online\" \/>\n<meta property=\"og:description\" content=\"Quando se sente a for&ccedil;a interior, a pr&oacute;pria vida pulsando&#8230; tomamos uma caneta e as palavras fluem como um rio&#8230; vivo.. &Eacute;lan Vital &Iacute;mpeto de mudan&ccedil;a for&ccedil;a de vida. Mudar para ficar. Ternura para conosco, verde por dentro. Um verde que se irradia toma conta das rela&ccedil;&otilde;es, apazigua o ambiente. Traz vida ao caos, poesia [&hellip;]\" \/>\n<meta property=\"og:url\" content=\"https:\/\/cenedcursos.com.br\/meio-ambiente\/an-vital\/\" \/>\n<meta property=\"og:site_name\" content=\"CENED Cursos Online\" \/>\n<meta property=\"article:published_time\" content=\"2008-06-09T18:05:26+00:00\" \/>\n<meta name=\"author\" content=\"Amarildo R. Ferrari\" \/>\n<meta name=\"twitter:card\" content=\"summary_large_image\" \/>\n<meta name=\"twitter:label1\" content=\"Escrito por\" \/>\n\t<meta name=\"twitter:data1\" content=\"Amarildo R. Ferrari\" \/>\n\t<meta name=\"twitter:label2\" content=\"Est. tempo de leitura\" \/>\n\t<meta name=\"twitter:data2\" content=\"1 minuto\" \/>\n<script type=\"application\/ld+json\" class=\"yoast-schema-graph\">{\"@context\":\"https:\/\/schema.org\",\"@graph\":[{\"@type\":\"WebPage\",\"@id\":\"https:\/\/cenedcursos.com.br\/meio-ambiente\/an-vital\/\",\"url\":\"https:\/\/cenedcursos.com.br\/meio-ambiente\/an-vital\/\",\"name\":\"\u00c9lan vital - CENED Cursos Online\",\"isPartOf\":{\"@id\":\"https:\/\/cenedcursos.com.br\/meio-ambiente\/#website\"},\"datePublished\":\"2008-06-09T18:05:26+00:00\",\"author\":{\"@id\":\"https:\/\/cenedcursos.com.br\/meio-ambiente\/#\/schema\/person\/64377d24cdc16779a1eb6229894af388\"},\"breadcrumb\":{\"@id\":\"https:\/\/cenedcursos.com.br\/meio-ambiente\/an-vital\/#breadcrumb\"},\"inLanguage\":\"pt-BR\",\"potentialAction\":[{\"@type\":\"ReadAction\",\"target\":[\"https:\/\/cenedcursos.com.br\/meio-ambiente\/an-vital\/\"]}]},{\"@type\":\"BreadcrumbList\",\"@id\":\"https:\/\/cenedcursos.com.br\/meio-ambiente\/an-vital\/#breadcrumb\",\"itemListElement\":[{\"@type\":\"ListItem\",\"position\":1,\"name\":\"In\u00edcio\",\"item\":\"https:\/\/cenedcursos.com.br\/meio-ambiente\/\"},{\"@type\":\"ListItem\",\"position\":2,\"name\":\"\u00c9lan vital\"}]},{\"@type\":\"WebSite\",\"@id\":\"https:\/\/cenedcursos.com.br\/meio-ambiente\/#website\",\"url\":\"https:\/\/cenedcursos.com.br\/meio-ambiente\/\",\"name\":\"CENED Cursos Online\",\"description\":\"Aqui voc\u00ea encontra artigos em diversas \u00e1reas do conhecimento: meio ambiente, educa\u00e7\u00e3o, marketing digital, neg\u00f3cios online e muito mais.\",\"potentialAction\":[{\"@type\":\"SearchAction\",\"target\":{\"@type\":\"EntryPoint\",\"urlTemplate\":\"https:\/\/cenedcursos.com.br\/meio-ambiente\/?s={search_term_string}\"},\"query-input\":{\"@type\":\"PropertyValueSpecification\",\"valueRequired\":true,\"valueName\":\"search_term_string\"}}],\"inLanguage\":\"pt-BR\"},{\"@type\":\"Person\",\"@id\":\"https:\/\/cenedcursos.com.br\/meio-ambiente\/#\/schema\/person\/64377d24cdc16779a1eb6229894af388\",\"name\":\"Amarildo R. Ferrari\",\"image\":{\"@type\":\"ImageObject\",\"inLanguage\":\"pt-BR\",\"@id\":\"https:\/\/cenedcursos.com.br\/meio-ambiente\/#\/schema\/person\/image\/\",\"url\":\"https:\/\/secure.gravatar.com\/avatar\/6ea4248ca9f295c93f1b72f8398232f0fbbffe30349e6ec3839cfa5e09b0de3c?s=96&d=mm&r=g\",\"contentUrl\":\"https:\/\/secure.gravatar.com\/avatar\/6ea4248ca9f295c93f1b72f8398232f0fbbffe30349e6ec3839cfa5e09b0de3c?s=96&d=mm&r=g\",\"caption\":\"Amarildo R. Ferrari\"},\"sameAs\":[\"https:\/\/cenedcursos.com.br\/meio-ambiente\"],\"url\":\"https:\/\/cenedcursos.com.br\/meio-ambiente\/author\/admin\/\"}]}<\/script>\n<!-- \/ Yoast SEO plugin. -->","yoast_head_json":{"title":"\u00c9lan vital - CENED Cursos Online","robots":{"index":"index","follow":"follow","max-snippet":"max-snippet:-1","max-image-preview":"max-image-preview:large","max-video-preview":"max-video-preview:-1"},"canonical":"https:\/\/cenedcursos.com.br\/meio-ambiente\/an-vital\/","og_locale":"pt_BR","og_type":"article","og_title":"\u00c9lan vital - CENED Cursos Online","og_description":"Quando se sente a for&ccedil;a interior, a pr&oacute;pria vida pulsando&#8230; tomamos uma caneta e as palavras fluem como um rio&#8230; vivo.. &Eacute;lan Vital &Iacute;mpeto de mudan&ccedil;a for&ccedil;a de vida. Mudar para ficar. Ternura para conosco, verde por dentro. Um verde que se irradia toma conta das rela&ccedil;&otilde;es, apazigua o ambiente. Traz vida ao caos, poesia [&hellip;]","og_url":"https:\/\/cenedcursos.com.br\/meio-ambiente\/an-vital\/","og_site_name":"CENED Cursos Online","article_published_time":"2008-06-09T18:05:26+00:00","author":"Amarildo R. Ferrari","twitter_card":"summary_large_image","twitter_misc":{"Escrito por":"Amarildo R. Ferrari","Est. tempo de leitura":"1 minuto"},"schema":{"@context":"https:\/\/schema.org","@graph":[{"@type":"WebPage","@id":"https:\/\/cenedcursos.com.br\/meio-ambiente\/an-vital\/","url":"https:\/\/cenedcursos.com.br\/meio-ambiente\/an-vital\/","name":"\u00c9lan vital - CENED Cursos Online","isPartOf":{"@id":"https:\/\/cenedcursos.com.br\/meio-ambiente\/#website"},"datePublished":"2008-06-09T18:05:26+00:00","author":{"@id":"https:\/\/cenedcursos.com.br\/meio-ambiente\/#\/schema\/person\/64377d24cdc16779a1eb6229894af388"},"breadcrumb":{"@id":"https:\/\/cenedcursos.com.br\/meio-ambiente\/an-vital\/#breadcrumb"},"inLanguage":"pt-BR","potentialAction":[{"@type":"ReadAction","target":["https:\/\/cenedcursos.com.br\/meio-ambiente\/an-vital\/"]}]},{"@type":"BreadcrumbList","@id":"https:\/\/cenedcursos.com.br\/meio-ambiente\/an-vital\/#breadcrumb","itemListElement":[{"@type":"ListItem","position":1,"name":"In\u00edcio","item":"https:\/\/cenedcursos.com.br\/meio-ambiente\/"},{"@type":"ListItem","position":2,"name":"\u00c9lan vital"}]},{"@type":"WebSite","@id":"https:\/\/cenedcursos.com.br\/meio-ambiente\/#website","url":"https:\/\/cenedcursos.com.br\/meio-ambiente\/","name":"CENED Cursos Online","description":"Aqui voc\u00ea encontra artigos em diversas \u00e1reas do conhecimento: meio ambiente, educa\u00e7\u00e3o, marketing digital, neg\u00f3cios online e muito mais.","potentialAction":[{"@type":"SearchAction","target":{"@type":"EntryPoint","urlTemplate":"https:\/\/cenedcursos.com.br\/meio-ambiente\/?s={search_term_string}"},"query-input":{"@type":"PropertyValueSpecification","valueRequired":true,"valueName":"search_term_string"}}],"inLanguage":"pt-BR"},{"@type":"Person","@id":"https:\/\/cenedcursos.com.br\/meio-ambiente\/#\/schema\/person\/64377d24cdc16779a1eb6229894af388","name":"Amarildo R. Ferrari","image":{"@type":"ImageObject","inLanguage":"pt-BR","@id":"https:\/\/cenedcursos.com.br\/meio-ambiente\/#\/schema\/person\/image\/","url":"https:\/\/secure.gravatar.com\/avatar\/6ea4248ca9f295c93f1b72f8398232f0fbbffe30349e6ec3839cfa5e09b0de3c?s=96&d=mm&r=g","contentUrl":"https:\/\/secure.gravatar.com\/avatar\/6ea4248ca9f295c93f1b72f8398232f0fbbffe30349e6ec3839cfa5e09b0de3c?s=96&d=mm&r=g","caption":"Amarildo R. Ferrari"},"sameAs":["https:\/\/cenedcursos.com.br\/meio-ambiente"],"url":"https:\/\/cenedcursos.com.br\/meio-ambiente\/author\/admin\/"}]}},"jetpack_featured_media_url":"","jetpack_sharing_enabled":true,"_links":{"self":[{"href":"https:\/\/cenedcursos.com.br\/meio-ambiente\/wp-json\/wp\/v2\/posts\/306","targetHints":{"allow":["GET"]}}],"collection":[{"href":"https:\/\/cenedcursos.com.br\/meio-ambiente\/wp-json\/wp\/v2\/posts"}],"about":[{"href":"https:\/\/cenedcursos.com.br\/meio-ambiente\/wp-json\/wp\/v2\/types\/post"}],"author":[{"embeddable":true,"href":"https:\/\/cenedcursos.com.br\/meio-ambiente\/wp-json\/wp\/v2\/users\/1"}],"replies":[{"embeddable":true,"href":"https:\/\/cenedcursos.com.br\/meio-ambiente\/wp-json\/wp\/v2\/comments?post=306"}],"version-history":[{"count":0,"href":"https:\/\/cenedcursos.com.br\/meio-ambiente\/wp-json\/wp\/v2\/posts\/306\/revisions"}],"wp:attachment":[{"href":"https:\/\/cenedcursos.com.br\/meio-ambiente\/wp-json\/wp\/v2\/media?parent=306"}],"wp:term":[{"taxonomy":"category","embeddable":true,"href":"https:\/\/cenedcursos.com.br\/meio-ambiente\/wp-json\/wp\/v2\/categories?post=306"},{"taxonomy":"post_tag","embeddable":true,"href":"https:\/\/cenedcursos.com.br\/meio-ambiente\/wp-json\/wp\/v2\/tags?post=306"}],"curies":[{"name":"wp","href":"https:\/\/api.w.org\/{rel}","templated":true}]}}