{"id":309,"date":"2008-06-24T23:26:52","date_gmt":"2008-06-24T23:26:52","guid":{"rendered":"http:\/\/www.cenedcursos.com.br\/?p=309"},"modified":"2008-06-24T23:26:52","modified_gmt":"2008-06-24T23:26:52","slug":"pracas-areas-verdes-urbanas","status":"publish","type":"post","link":"https:\/\/cenedcursos.com.br\/meio-ambiente\/pracas-areas-verdes-urbanas\/","title":{"rendered":"\u00c1gora Privatizada &#8211; A import\u00e2ncia das pra\u00e7as e \u00e1reas verdes urbanas"},"content":{"rendered":"<p align=\"justify\"><span style=\"font-family: Arial; font-size: small;\">O t\u00e9dio e a insalubridade s\u00e3o condi\u00e7\u00f5es frequentemente atreladas \u00e0 ca\u00f3tica exist\u00eancia de sociedades industriais mal planejadas. Apesar do potencial benef\u00edcio que as pol\u00edticas p\u00fablicas produzem na qualidade de vida de uma sociedade, o Estado brasileiro n\u00e3o tomou iniciativas suficientes, a despeito dos projetos urban\u00edsticos pontuais assumidos no in\u00edcio do s\u00e9culo XX, pela manuten\u00e7\u00e3o de parques, bosques e pra\u00e7as. Esses projetos, mesmo que parcos, modificaram de maneira significativa as expectativas relacionadas a paisagem urbana das grandes cidades. O lazer e o bem estar, por conta de demandas organizadas da sociedade, tornaram-se atribui\u00e7\u00f5es p\u00fablicas.<\/span><\/p>\n<p align=\"justify\"><span style=\"font-family: Arial; font-size: small;\">A expans\u00e3o dos espa\u00e7os urbanos cria uma contradi\u00e7\u00e3o entre as quest\u00f5es s\u00f3cio-ambientais e o interesse econ\u00f4mico. As necessidades de harmoniza\u00e7\u00e3o do espa\u00e7o se chocam com as demandas utilit\u00e1rias do mesmo. Com o crescimento populacional da cidade de Campinas, observa-se que a rela\u00e7\u00e3o cidade e natureza assume fei\u00e7\u00f5es cada vez mais problem\u00e1ticas. Nota-se com falicidade pra\u00e7as e jardins abandonados por uma esfera p\u00fablica que, incumbida das responsabilidades obscuras dos gabinetes, acabou por engendrar uma desconfian\u00e7a da popula\u00e7\u00e3o nas institui\u00e7\u00f5es. O Estado, desprestigiado, colaborou ativamente no processo de perda de refer\u00eancia das \u00e1reas p\u00fablicas de conviv\u00eancia como partes constitutivas do cotidiano da sociedade. As ideologias de privatiza\u00e7\u00e3o e mercantiliza\u00e7\u00e3o do espa\u00e7o, nesse sentido, refor\u00e7aram o papel marginal, secund\u00e1rio, do poder p\u00fablico: as preocupa\u00e7\u00f5es coletivas foram engessadas, substitu\u00eddas por rentabilidades econ\u00f4micas exclusivistas.<\/span><\/p>\n<p align=\"justify\"><span style=\"font-family: Arial; font-size: small;\">Pode-se dizer que estas esferas p\u00fablicas, quando integram pol\u00edticas de Estado, desempenham um papel fundamental na paisagem de um espa\u00e7o urbano. As \u00e1reas verdes e as pra\u00e7as aparecem como campos, inseridos no sistema metropolitano, em que as necessidades econ\u00f4micas da cidade n\u00e3o excluem os benef\u00edcios ecol\u00f3gicos da natureza ou as vantagens l\u00fadicas do lazer. Ocorre, desta forma, uma certa harmoniza\u00e7\u00e3o das contradi\u00e7\u00f5es entre o cinza concreto da grande cidade e o verde simb\u00f3lico da natureza. Entretanto, em fun\u00e7\u00e3o do descaso de muitos e do lucro de poucos, os grupos sociais buscam a recrea\u00e7\u00e3o e o entretenimento nos ambientes fechados dos shoppings e dos centros similares de consumo. Com o objetivo de pretensamente substituir, \u201ccompensar\u201d, as necessidades da popula\u00e7\u00e3o em rela\u00e7\u00e3o ao bem p\u00fablico com o dinheiro, o mercado mant\u00e9m a l\u00f3gica perversa de privatizar a conviv\u00eancia, aniquilar o verde e subtrair o lazer.<\/span><\/p>\n<p align=\"justify\"><span style=\"font-family: Arial; font-size: small;\">\u00c9 emergencial a ado\u00e7\u00e3o de pol\u00edticas eficientes nos campos urban\u00edstico e ambiental das cidades. A neglig\u00eancia dos poderes constitu\u00eddos com as esferas p\u00fablicas de conviv\u00eancia desloca a aten\u00e7\u00e3o da sociedade para atividades privadas, exploradas pela livre iniciativa. O sucateamento desses patrim\u00f4nios, promovido por governos de consci\u00eancias privatizadas, cria o nicho necess\u00e1rio para que as empresas possam auferir seus lucros a partir de demandas leg\u00edtimas de uma popula\u00e7\u00e3o. S\u00e3o nestes espa\u00e7os, regidos por aspira\u00e7\u00f5es econ\u00f4micas particularizadas, que as pessoas buscam a beleza e a felicidade individuais, confundidas com bem estar social. Deve-se, ent\u00e3o, por meio da press\u00e3o dos organismos combativos da sociedade civil, garantir a aplica\u00e7\u00e3o do dinheiro arrecado pelo Estado em esferas de utilidade p\u00fablica, independentes das injun\u00e7\u00f5es de corpora\u00e7\u00f5es. Que a \u00e1gora seja republicana, coletiva e democr\u00e1tica.<\/span><\/p>\n<div style=\"line-height: normal;\"><\/div>\n<div style=\"text-indent: 35.45pt; line-height: normal;\" align=\"right\"><span style=\"font-family: Arial; font-size: small;\"><em>Marilza O. Amate,<\/em><\/span><\/div>\n<div style=\"text-indent: 35.45pt; line-height: normal;\" align=\"right\"><span style=\"font-family: Arial; font-size: small;\"><em>ge\u00f3grafa e educadora ambiental e<br \/>\nGuilherme Amate,<br \/>\ngraduando em hist\u00f3ria<\/em><\/span><em>.<\/em><\/div>\n<div style=\"text-indent: 35.45pt; line-height: normal; text-align: center;\" align=\"right\">[grwebform url=&#8221;http:\/\/app.getresponse.com\/view_webform.js?wid=3381303&amp;u=SK7G&#8221; css=&#8221;on&#8221;\/]<\/div>\n","protected":false},"excerpt":{"rendered":"<p>O t\u00e9dio e a insalubridade s\u00e3o condi\u00e7\u00f5es frequentemente atreladas \u00e0 ca\u00f3tica exist\u00eancia de sociedades industriais mal planejadas. Apesar do potencial benef\u00edcio que as pol\u00edticas p\u00fablicas produzem na qualidade de vida de uma sociedade, o Estado brasileiro n\u00e3o tomou iniciativas suficientes, a despeito dos projetos urban\u00edsticos pontuais assumidos no in\u00edcio do s\u00e9culo XX, pela manuten\u00e7\u00e3o de [&hellip;]<\/p>\n","protected":false},"author":1,"featured_media":0,"comment_status":"open","ping_status":"open","sticky":false,"template":"","format":"standard","meta":{"_jetpack_memberships_contains_paid_content":false,"footnotes":""},"categories":[499],"tags":[539,976,1097,1135],"class_list":{"0":"post-309","1":"post","2":"type-post","3":"status-publish","4":"format-standard","6":"category-sustentabilidade-textos","7":"tag-areas-verdes","8":"tag-pracas","9":"tag-socio-ambientais","10":"tag-urbanos"},"yoast_head":"<!-- This site is optimized with the Yoast SEO plugin v25.1 - https:\/\/yoast.com\/wordpress\/plugins\/seo\/ -->\n<title>\u00c1gora Privatizada - A import\u00e2ncia das pra\u00e7as e \u00e1reas verdes urbanas - CENED Cursos Online<\/title>\n<meta name=\"description\" content=\"As \u00e1reas verdes e as pra\u00e7as aparecem como campos, inseridos no sistema metropolitano, em que as necessidades econ\u00f4micas da cidade\" \/>\n<meta name=\"robots\" content=\"index, follow, max-snippet:-1, max-image-preview:large, max-video-preview:-1\" \/>\n<link rel=\"canonical\" href=\"https:\/\/cenedcursos.com.br\/meio-ambiente\/pracas-areas-verdes-urbanas\/\" \/>\n<meta property=\"og:locale\" content=\"pt_BR\" \/>\n<meta property=\"og:type\" content=\"article\" \/>\n<meta property=\"og:title\" content=\"\u00c1gora Privatizada - A import\u00e2ncia das pra\u00e7as e \u00e1reas verdes urbanas - CENED Cursos Online\" \/>\n<meta property=\"og:description\" content=\"As \u00e1reas verdes e as pra\u00e7as aparecem como campos, inseridos no sistema metropolitano, em que as necessidades econ\u00f4micas da cidade\" \/>\n<meta property=\"og:url\" content=\"https:\/\/cenedcursos.com.br\/meio-ambiente\/pracas-areas-verdes-urbanas\/\" \/>\n<meta property=\"og:site_name\" content=\"CENED Cursos Online\" \/>\n<meta property=\"article:published_time\" content=\"2008-06-24T23:26:52+00:00\" \/>\n<meta name=\"author\" content=\"Amarildo R. Ferrari\" \/>\n<meta name=\"twitter:card\" content=\"summary_large_image\" \/>\n<meta name=\"twitter:label1\" content=\"Escrito por\" \/>\n\t<meta name=\"twitter:data1\" content=\"Amarildo R. Ferrari\" \/>\n\t<meta name=\"twitter:label2\" content=\"Est. tempo de leitura\" \/>\n\t<meta name=\"twitter:data2\" content=\"3 minutos\" \/>\n<script type=\"application\/ld+json\" class=\"yoast-schema-graph\">{\"@context\":\"https:\/\/schema.org\",\"@graph\":[{\"@type\":\"WebPage\",\"@id\":\"https:\/\/cenedcursos.com.br\/meio-ambiente\/pracas-areas-verdes-urbanas\/\",\"url\":\"https:\/\/cenedcursos.com.br\/meio-ambiente\/pracas-areas-verdes-urbanas\/\",\"name\":\"\u00c1gora Privatizada - A import\u00e2ncia das pra\u00e7as e \u00e1reas verdes urbanas - CENED Cursos Online\",\"isPartOf\":{\"@id\":\"https:\/\/cenedcursos.com.br\/meio-ambiente\/#website\"},\"datePublished\":\"2008-06-24T23:26:52+00:00\",\"author\":{\"@id\":\"https:\/\/cenedcursos.com.br\/meio-ambiente\/#\/schema\/person\/64377d24cdc16779a1eb6229894af388\"},\"description\":\"As \u00e1reas verdes e as pra\u00e7as aparecem como campos, inseridos no sistema metropolitano, em que as necessidades econ\u00f4micas da cidade\",\"breadcrumb\":{\"@id\":\"https:\/\/cenedcursos.com.br\/meio-ambiente\/pracas-areas-verdes-urbanas\/#breadcrumb\"},\"inLanguage\":\"pt-BR\",\"potentialAction\":[{\"@type\":\"ReadAction\",\"target\":[\"https:\/\/cenedcursos.com.br\/meio-ambiente\/pracas-areas-verdes-urbanas\/\"]}]},{\"@type\":\"BreadcrumbList\",\"@id\":\"https:\/\/cenedcursos.com.br\/meio-ambiente\/pracas-areas-verdes-urbanas\/#breadcrumb\",\"itemListElement\":[{\"@type\":\"ListItem\",\"position\":1,\"name\":\"In\u00edcio\",\"item\":\"https:\/\/cenedcursos.com.br\/meio-ambiente\/\"},{\"@type\":\"ListItem\",\"position\":2,\"name\":\"\u00c1gora Privatizada &#8211; A import\u00e2ncia das pra\u00e7as e \u00e1reas verdes urbanas\"}]},{\"@type\":\"WebSite\",\"@id\":\"https:\/\/cenedcursos.com.br\/meio-ambiente\/#website\",\"url\":\"https:\/\/cenedcursos.com.br\/meio-ambiente\/\",\"name\":\"CENED Cursos Online\",\"description\":\"Aqui voc\u00ea encontra artigos em diversas \u00e1reas do conhecimento: meio ambiente, educa\u00e7\u00e3o, marketing digital, neg\u00f3cios online e muito mais.\",\"potentialAction\":[{\"@type\":\"SearchAction\",\"target\":{\"@type\":\"EntryPoint\",\"urlTemplate\":\"https:\/\/cenedcursos.com.br\/meio-ambiente\/?s={search_term_string}\"},\"query-input\":{\"@type\":\"PropertyValueSpecification\",\"valueRequired\":true,\"valueName\":\"search_term_string\"}}],\"inLanguage\":\"pt-BR\"},{\"@type\":\"Person\",\"@id\":\"https:\/\/cenedcursos.com.br\/meio-ambiente\/#\/schema\/person\/64377d24cdc16779a1eb6229894af388\",\"name\":\"Amarildo R. Ferrari\",\"image\":{\"@type\":\"ImageObject\",\"inLanguage\":\"pt-BR\",\"@id\":\"https:\/\/cenedcursos.com.br\/meio-ambiente\/#\/schema\/person\/image\/\",\"url\":\"https:\/\/secure.gravatar.com\/avatar\/6ea4248ca9f295c93f1b72f8398232f0fbbffe30349e6ec3839cfa5e09b0de3c?s=96&d=mm&r=g\",\"contentUrl\":\"https:\/\/secure.gravatar.com\/avatar\/6ea4248ca9f295c93f1b72f8398232f0fbbffe30349e6ec3839cfa5e09b0de3c?s=96&d=mm&r=g\",\"caption\":\"Amarildo R. Ferrari\"},\"sameAs\":[\"https:\/\/cenedcursos.com.br\/meio-ambiente\"],\"url\":\"https:\/\/cenedcursos.com.br\/meio-ambiente\/author\/admin\/\"}]}<\/script>\n<!-- \/ Yoast SEO plugin. -->","yoast_head_json":{"title":"\u00c1gora Privatizada - A import\u00e2ncia das pra\u00e7as e \u00e1reas verdes urbanas - CENED Cursos Online","description":"As \u00e1reas verdes e as pra\u00e7as aparecem como campos, inseridos no sistema metropolitano, em que as necessidades econ\u00f4micas da cidade","robots":{"index":"index","follow":"follow","max-snippet":"max-snippet:-1","max-image-preview":"max-image-preview:large","max-video-preview":"max-video-preview:-1"},"canonical":"https:\/\/cenedcursos.com.br\/meio-ambiente\/pracas-areas-verdes-urbanas\/","og_locale":"pt_BR","og_type":"article","og_title":"\u00c1gora Privatizada - A import\u00e2ncia das pra\u00e7as e \u00e1reas verdes urbanas - CENED Cursos Online","og_description":"As \u00e1reas verdes e as pra\u00e7as aparecem como campos, inseridos no sistema metropolitano, em que as necessidades econ\u00f4micas da cidade","og_url":"https:\/\/cenedcursos.com.br\/meio-ambiente\/pracas-areas-verdes-urbanas\/","og_site_name":"CENED Cursos Online","article_published_time":"2008-06-24T23:26:52+00:00","author":"Amarildo R. Ferrari","twitter_card":"summary_large_image","twitter_misc":{"Escrito por":"Amarildo R. Ferrari","Est. tempo de leitura":"3 minutos"},"schema":{"@context":"https:\/\/schema.org","@graph":[{"@type":"WebPage","@id":"https:\/\/cenedcursos.com.br\/meio-ambiente\/pracas-areas-verdes-urbanas\/","url":"https:\/\/cenedcursos.com.br\/meio-ambiente\/pracas-areas-verdes-urbanas\/","name":"\u00c1gora Privatizada - A import\u00e2ncia das pra\u00e7as e \u00e1reas verdes urbanas - CENED Cursos Online","isPartOf":{"@id":"https:\/\/cenedcursos.com.br\/meio-ambiente\/#website"},"datePublished":"2008-06-24T23:26:52+00:00","author":{"@id":"https:\/\/cenedcursos.com.br\/meio-ambiente\/#\/schema\/person\/64377d24cdc16779a1eb6229894af388"},"description":"As \u00e1reas verdes e as pra\u00e7as aparecem como campos, inseridos no sistema metropolitano, em que as necessidades econ\u00f4micas da cidade","breadcrumb":{"@id":"https:\/\/cenedcursos.com.br\/meio-ambiente\/pracas-areas-verdes-urbanas\/#breadcrumb"},"inLanguage":"pt-BR","potentialAction":[{"@type":"ReadAction","target":["https:\/\/cenedcursos.com.br\/meio-ambiente\/pracas-areas-verdes-urbanas\/"]}]},{"@type":"BreadcrumbList","@id":"https:\/\/cenedcursos.com.br\/meio-ambiente\/pracas-areas-verdes-urbanas\/#breadcrumb","itemListElement":[{"@type":"ListItem","position":1,"name":"In\u00edcio","item":"https:\/\/cenedcursos.com.br\/meio-ambiente\/"},{"@type":"ListItem","position":2,"name":"\u00c1gora Privatizada &#8211; A import\u00e2ncia das pra\u00e7as e \u00e1reas verdes urbanas"}]},{"@type":"WebSite","@id":"https:\/\/cenedcursos.com.br\/meio-ambiente\/#website","url":"https:\/\/cenedcursos.com.br\/meio-ambiente\/","name":"CENED Cursos Online","description":"Aqui voc\u00ea encontra artigos em diversas \u00e1reas do conhecimento: meio ambiente, educa\u00e7\u00e3o, marketing digital, neg\u00f3cios online e muito mais.","potentialAction":[{"@type":"SearchAction","target":{"@type":"EntryPoint","urlTemplate":"https:\/\/cenedcursos.com.br\/meio-ambiente\/?s={search_term_string}"},"query-input":{"@type":"PropertyValueSpecification","valueRequired":true,"valueName":"search_term_string"}}],"inLanguage":"pt-BR"},{"@type":"Person","@id":"https:\/\/cenedcursos.com.br\/meio-ambiente\/#\/schema\/person\/64377d24cdc16779a1eb6229894af388","name":"Amarildo R. Ferrari","image":{"@type":"ImageObject","inLanguage":"pt-BR","@id":"https:\/\/cenedcursos.com.br\/meio-ambiente\/#\/schema\/person\/image\/","url":"https:\/\/secure.gravatar.com\/avatar\/6ea4248ca9f295c93f1b72f8398232f0fbbffe30349e6ec3839cfa5e09b0de3c?s=96&d=mm&r=g","contentUrl":"https:\/\/secure.gravatar.com\/avatar\/6ea4248ca9f295c93f1b72f8398232f0fbbffe30349e6ec3839cfa5e09b0de3c?s=96&d=mm&r=g","caption":"Amarildo R. Ferrari"},"sameAs":["https:\/\/cenedcursos.com.br\/meio-ambiente"],"url":"https:\/\/cenedcursos.com.br\/meio-ambiente\/author\/admin\/"}]}},"jetpack_featured_media_url":"","jetpack_sharing_enabled":true,"_links":{"self":[{"href":"https:\/\/cenedcursos.com.br\/meio-ambiente\/wp-json\/wp\/v2\/posts\/309","targetHints":{"allow":["GET"]}}],"collection":[{"href":"https:\/\/cenedcursos.com.br\/meio-ambiente\/wp-json\/wp\/v2\/posts"}],"about":[{"href":"https:\/\/cenedcursos.com.br\/meio-ambiente\/wp-json\/wp\/v2\/types\/post"}],"author":[{"embeddable":true,"href":"https:\/\/cenedcursos.com.br\/meio-ambiente\/wp-json\/wp\/v2\/users\/1"}],"replies":[{"embeddable":true,"href":"https:\/\/cenedcursos.com.br\/meio-ambiente\/wp-json\/wp\/v2\/comments?post=309"}],"version-history":[{"count":0,"href":"https:\/\/cenedcursos.com.br\/meio-ambiente\/wp-json\/wp\/v2\/posts\/309\/revisions"}],"wp:attachment":[{"href":"https:\/\/cenedcursos.com.br\/meio-ambiente\/wp-json\/wp\/v2\/media?parent=309"}],"wp:term":[{"taxonomy":"category","embeddable":true,"href":"https:\/\/cenedcursos.com.br\/meio-ambiente\/wp-json\/wp\/v2\/categories?post=309"},{"taxonomy":"post_tag","embeddable":true,"href":"https:\/\/cenedcursos.com.br\/meio-ambiente\/wp-json\/wp\/v2\/tags?post=309"}],"curies":[{"name":"wp","href":"https:\/\/api.w.org\/{rel}","templated":true}]}}