{"id":311,"date":"2008-06-30T15:00:36","date_gmt":"2008-06-30T15:00:36","guid":{"rendered":"http:\/\/www.cenedcursos.com.br\/?p=311"},"modified":"2024-05-22T17:19:58","modified_gmt":"2024-05-22T20:19:58","slug":"importancia-da-educacao-ambiental","status":"publish","type":"post","link":"https:\/\/cenedcursos.com.br\/meio-ambiente\/importancia-da-educacao-ambiental\/","title":{"rendered":"Import\u00e2ncia da Educa\u00e7\u00e3o Ambiental"},"content":{"rendered":"<p style=\"text-align: justify;\">Nos dias atuais, o Homem, movido pela sua gan\u00e2ncia e ambi\u00e7\u00e3o de acumular mais riquezas, perdeu a no\u00e7\u00e3o de que para tal est\u00e1 em d\u00edvida com a unidade b\u00e1sica da sua exist\u00eancia: a natureza. A busca desenfreada por acumular inigual\u00e1veis fortunas \u00e9 uma manifesta\u00e7\u00e3o da sua natureza ego\u00edsta, que o impede de perceber que essa riqueza prov\u00e9m dos recursos naturais, os quais, um dia, poder\u00e3o se esgotar. Este comportamento n\u00e3o apenas amea\u00e7a a sustentabilidade do planeta, mas tamb\u00e9m p\u00f5e em risco a pr\u00f3pria sobreviv\u00eancia humana.<\/p>\n<p style=\"text-align: justify;\">S\u00e1bio \u00e9 aquele que vive em harmonia com sua cria\u00e7\u00e3o, seus filhos, sua fam\u00edlia e sua comunidade. Contudo, o que se observa \u00e9 o abuso do poder financeiro para subjugar os outros, explorar os recursos naturais de forma predat\u00f3ria e enriquecer cada vez mais. Essa atitude n\u00e3o leva em considera\u00e7\u00e3o os impactos a longo prazo e as consequ\u00eancias para as futuras gera\u00e7\u00f5es.<\/p>\n<p style=\"text-align: justify;\">A vida, em sua totalidade, \u00e9 a intera\u00e7\u00e3o dos fatores bi\u00f3ticos e abi\u00f3ticos. Estes elementos s\u00e3o interdependentes, e a manuten\u00e7\u00e3o de um equil\u00edbrio entre eles \u00e9 essencial para a sobreviv\u00eancia de todos os seres vivos. A pr\u00e1tica de a\u00e7\u00f5es ben\u00e9ficas em prol da natureza \u00e9 uma demonstra\u00e7\u00e3o clara de que manifestamos afeto e respeito por ela, assim como ela nos proporciona sustento e bem-estar atrav\u00e9s de seus recursos.<\/p>\n<p style=\"text-align: justify;\">Nosso modus vivendi e operandi reflete nossa maneira de ser e nossas cren\u00e7as. Os religiosos confiam na palavra de Deus e, por isso, possuem temor a ela. Os motoristas nunca entram na estrada sem a certeza de que seu ve\u00edculo est\u00e1 em perfeitas condi\u00e7\u00f5es mec\u00e2nicas, pois sabem que podem enfrentar problemas se n\u00e3o fizerem isso. Entretanto, essa convic\u00e7\u00e3o de que os recursos naturais s\u00e3o finitos e que um dia se esgotar\u00e3o ainda n\u00e3o \u00e9 amplamente aceita ou entendida. \u00c9 nesse contexto que a Educa\u00e7\u00e3o Ambiental se torna crucial, pois tem o poder de transformar mentes, condutas, comportamentos e atitudes em rela\u00e7\u00e3o ao meio ambiente.<\/p>\n<p style=\"text-align: justify;\">A Educa\u00e7\u00e3o Ambiental \u00e9 transversal e pode ser abordada de diversas formas, sendo integrada em qualquer disciplina e unidade tem\u00e1tica. N\u00e3o \u00e9 algo est\u00e1tico, ocorrendo a qualquer momento e lugar. N\u00e3o \u00e9 necess\u00e1rio possuir uma forma\u00e7\u00e3o espec\u00edfica ou grau acad\u00eamico elevado para pratic\u00e1-la; basta uma reflex\u00e3o s\u00e9ria sobre a conduta desviante do homem e a tentativa de encontrar mecanismos para mud\u00e1-la. \u00c9 olhar para as a\u00e7\u00f5es de hoje, identificar o que est\u00e1 errado e descobrir como corrigir esses erros.<\/p>\n<p style=\"text-align: justify;\">A Educa\u00e7\u00e3o Ambiental n\u00e3o \u00e9 uma causa isolada, mas est\u00e1 intrinsecamente relacionada a outras grandes causas da Humanidade, como a justi\u00e7a social, os direitos humanos e a paz. Envolve \u00e9tica, amor e ternura na busca pela tranquilidade e pelo sossego. Esse sossego ser\u00e1 alcan\u00e7ado quando nossos atos se revelarem positivos, futuristas e desprovidos de ego\u00edsmo. \u00c9 essencial que adotemos uma postura respons\u00e1vel e consciente, reconhecendo nossa interdepend\u00eancia com a natureza e trabalhando ativamente para preservar o meio ambiente para as futuras gera\u00e7\u00f5es.<\/p>\n<p class=\"MsoNormal\" style=\"text-align: right;\"><span style=\"font-family: Arial; font-size: 10pt;\"><em>Autor: Herculano Elias Ernesto &#8211; Beira, Mo\u00e7ambique<\/em><\/span><\/p>\n","protected":false},"excerpt":{"rendered":"<p>Nos dias atuais, o Homem, movido pela sua gan\u00e2ncia e ambi\u00e7\u00e3o de acumular mais riquezas, perdeu a no\u00e7\u00e3o de que para tal est\u00e1 em d\u00edvida com a unidade b\u00e1sica da sua exist\u00eancia: a natureza. A busca desenfreada por acumular inigual\u00e1veis fortunas \u00e9 uma manifesta\u00e7\u00e3o da sua natureza ego\u00edsta, que o impede de perceber que essa [&hellip;]<\/p>\n","protected":false},"author":1,"featured_media":13056,"comment_status":"open","ping_status":"open","sticky":false,"template":"","format":"standard","meta":{"_jetpack_memberships_contains_paid_content":false,"footnotes":""},"categories":[491],"tags":[134,254],"class_list":{"0":"post-311","1":"post","2":"type-post","3":"status-publish","4":"format-standard","5":"has-post-thumbnail","7":"category-educacao-ambiental-textos","8":"tag-educacao-ambiental","9":"tag-natureza"},"yoast_head":"<!-- This site is optimized with the Yoast SEO plugin v25.1 - https:\/\/yoast.com\/wordpress\/plugins\/seo\/ -->\n<title>Import\u00e2ncia da Educa\u00e7\u00e3o Ambiental - CENED Cursos Online<\/title>\n<meta name=\"robots\" content=\"index, follow, max-snippet:-1, max-image-preview:large, max-video-preview:-1\" \/>\n<link rel=\"canonical\" href=\"https:\/\/cenedcursos.com.br\/meio-ambiente\/importancia-da-educacao-ambiental\/\" \/>\n<meta property=\"og:locale\" content=\"pt_BR\" \/>\n<meta property=\"og:type\" content=\"article\" \/>\n<meta property=\"og:title\" content=\"Import\u00e2ncia da Educa\u00e7\u00e3o Ambiental - CENED Cursos Online\" \/>\n<meta property=\"og:description\" content=\"Nos dias atuais, o Homem, movido pela sua gan\u00e2ncia e ambi\u00e7\u00e3o de acumular mais riquezas, perdeu a no\u00e7\u00e3o de que para tal est\u00e1 em d\u00edvida com a unidade b\u00e1sica da sua exist\u00eancia: a natureza. A busca desenfreada por acumular inigual\u00e1veis fortunas \u00e9 uma manifesta\u00e7\u00e3o da sua natureza ego\u00edsta, que o impede de perceber que essa [&hellip;]\" \/>\n<meta property=\"og:url\" content=\"https:\/\/cenedcursos.com.br\/meio-ambiente\/importancia-da-educacao-ambiental\/\" \/>\n<meta property=\"og:site_name\" content=\"CENED Cursos Online\" \/>\n<meta property=\"article:published_time\" content=\"2008-06-30T15:00:36+00:00\" \/>\n<meta property=\"article:modified_time\" content=\"2024-05-22T20:19:58+00:00\" \/>\n<meta property=\"og:image\" content=\"https:\/\/cenedcursos.com.br\/meio-ambiente\/wp-content\/uploads\/2008\/06\/educacao-ambiental-e1716409178468.jpg\" \/>\n\t<meta property=\"og:image:width\" content=\"1200\" \/>\n\t<meta property=\"og:image:height\" content=\"800\" \/>\n\t<meta property=\"og:image:type\" content=\"image\/jpeg\" \/>\n<meta name=\"author\" content=\"Amarildo R. Ferrari\" \/>\n<meta name=\"twitter:card\" content=\"summary_large_image\" \/>\n<meta name=\"twitter:label1\" content=\"Escrito por\" \/>\n\t<meta name=\"twitter:data1\" content=\"Amarildo R. Ferrari\" \/>\n\t<meta name=\"twitter:label2\" content=\"Est. tempo de leitura\" \/>\n\t<meta name=\"twitter:data2\" content=\"3 minutos\" \/>\n<script type=\"application\/ld+json\" class=\"yoast-schema-graph\">{\"@context\":\"https:\/\/schema.org\",\"@graph\":[{\"@type\":\"WebPage\",\"@id\":\"https:\/\/cenedcursos.com.br\/meio-ambiente\/importancia-da-educacao-ambiental\/\",\"url\":\"https:\/\/cenedcursos.com.br\/meio-ambiente\/importancia-da-educacao-ambiental\/\",\"name\":\"Import\u00e2ncia da Educa\u00e7\u00e3o Ambiental - CENED Cursos Online\",\"isPartOf\":{\"@id\":\"https:\/\/cenedcursos.com.br\/meio-ambiente\/#website\"},\"primaryImageOfPage\":{\"@id\":\"https:\/\/cenedcursos.com.br\/meio-ambiente\/importancia-da-educacao-ambiental\/#primaryimage\"},\"image\":{\"@id\":\"https:\/\/cenedcursos.com.br\/meio-ambiente\/importancia-da-educacao-ambiental\/#primaryimage\"},\"thumbnailUrl\":\"https:\/\/i0.wp.com\/cenedcursos.com.br\/meio-ambiente\/wp-content\/uploads\/2008\/06\/educacao-ambiental-e1716409178468.jpg?fit=1200%2C800&ssl=1\",\"datePublished\":\"2008-06-30T15:00:36+00:00\",\"dateModified\":\"2024-05-22T20:19:58+00:00\",\"author\":{\"@id\":\"https:\/\/cenedcursos.com.br\/meio-ambiente\/#\/schema\/person\/64377d24cdc16779a1eb6229894af388\"},\"breadcrumb\":{\"@id\":\"https:\/\/cenedcursos.com.br\/meio-ambiente\/importancia-da-educacao-ambiental\/#breadcrumb\"},\"inLanguage\":\"pt-BR\",\"potentialAction\":[{\"@type\":\"ReadAction\",\"target\":[\"https:\/\/cenedcursos.com.br\/meio-ambiente\/importancia-da-educacao-ambiental\/\"]}]},{\"@type\":\"ImageObject\",\"inLanguage\":\"pt-BR\",\"@id\":\"https:\/\/cenedcursos.com.br\/meio-ambiente\/importancia-da-educacao-ambiental\/#primaryimage\",\"url\":\"https:\/\/i0.wp.com\/cenedcursos.com.br\/meio-ambiente\/wp-content\/uploads\/2008\/06\/educacao-ambiental-e1716409178468.jpg?fit=1200%2C800&ssl=1\",\"contentUrl\":\"https:\/\/i0.wp.com\/cenedcursos.com.br\/meio-ambiente\/wp-content\/uploads\/2008\/06\/educacao-ambiental-e1716409178468.jpg?fit=1200%2C800&ssl=1\",\"width\":1200,\"height\":800,\"caption\":\"import\u00e2ncia da educa\u00e7\u00e3o ambiental\"},{\"@type\":\"BreadcrumbList\",\"@id\":\"https:\/\/cenedcursos.com.br\/meio-ambiente\/importancia-da-educacao-ambiental\/#breadcrumb\",\"itemListElement\":[{\"@type\":\"ListItem\",\"position\":1,\"name\":\"In\u00edcio\",\"item\":\"https:\/\/cenedcursos.com.br\/meio-ambiente\/\"},{\"@type\":\"ListItem\",\"position\":2,\"name\":\"Import\u00e2ncia da Educa\u00e7\u00e3o Ambiental\"}]},{\"@type\":\"WebSite\",\"@id\":\"https:\/\/cenedcursos.com.br\/meio-ambiente\/#website\",\"url\":\"https:\/\/cenedcursos.com.br\/meio-ambiente\/\",\"name\":\"CENED Cursos Online\",\"description\":\"Aqui voc\u00ea encontra artigos em diversas \u00e1reas do conhecimento: meio ambiente, educa\u00e7\u00e3o, marketing digital, neg\u00f3cios online e muito mais.\",\"potentialAction\":[{\"@type\":\"SearchAction\",\"target\":{\"@type\":\"EntryPoint\",\"urlTemplate\":\"https:\/\/cenedcursos.com.br\/meio-ambiente\/?s={search_term_string}\"},\"query-input\":{\"@type\":\"PropertyValueSpecification\",\"valueRequired\":true,\"valueName\":\"search_term_string\"}}],\"inLanguage\":\"pt-BR\"},{\"@type\":\"Person\",\"@id\":\"https:\/\/cenedcursos.com.br\/meio-ambiente\/#\/schema\/person\/64377d24cdc16779a1eb6229894af388\",\"name\":\"Amarildo R. Ferrari\",\"image\":{\"@type\":\"ImageObject\",\"inLanguage\":\"pt-BR\",\"@id\":\"https:\/\/cenedcursos.com.br\/meio-ambiente\/#\/schema\/person\/image\/\",\"url\":\"https:\/\/secure.gravatar.com\/avatar\/6ea4248ca9f295c93f1b72f8398232f0fbbffe30349e6ec3839cfa5e09b0de3c?s=96&d=mm&r=g\",\"contentUrl\":\"https:\/\/secure.gravatar.com\/avatar\/6ea4248ca9f295c93f1b72f8398232f0fbbffe30349e6ec3839cfa5e09b0de3c?s=96&d=mm&r=g\",\"caption\":\"Amarildo R. Ferrari\"},\"sameAs\":[\"https:\/\/cenedcursos.com.br\/meio-ambiente\"],\"url\":\"https:\/\/cenedcursos.com.br\/meio-ambiente\/author\/admin\/\"}]}<\/script>\n<!-- \/ Yoast SEO plugin. -->","yoast_head_json":{"title":"Import\u00e2ncia da Educa\u00e7\u00e3o Ambiental - CENED Cursos Online","robots":{"index":"index","follow":"follow","max-snippet":"max-snippet:-1","max-image-preview":"max-image-preview:large","max-video-preview":"max-video-preview:-1"},"canonical":"https:\/\/cenedcursos.com.br\/meio-ambiente\/importancia-da-educacao-ambiental\/","og_locale":"pt_BR","og_type":"article","og_title":"Import\u00e2ncia da Educa\u00e7\u00e3o Ambiental - CENED Cursos Online","og_description":"Nos dias atuais, o Homem, movido pela sua gan\u00e2ncia e ambi\u00e7\u00e3o de acumular mais riquezas, perdeu a no\u00e7\u00e3o de que para tal est\u00e1 em d\u00edvida com a unidade b\u00e1sica da sua exist\u00eancia: a natureza. A busca desenfreada por acumular inigual\u00e1veis fortunas \u00e9 uma manifesta\u00e7\u00e3o da sua natureza ego\u00edsta, que o impede de perceber que essa [&hellip;]","og_url":"https:\/\/cenedcursos.com.br\/meio-ambiente\/importancia-da-educacao-ambiental\/","og_site_name":"CENED Cursos Online","article_published_time":"2008-06-30T15:00:36+00:00","article_modified_time":"2024-05-22T20:19:58+00:00","og_image":[{"width":1200,"height":800,"url":"https:\/\/cenedcursos.com.br\/meio-ambiente\/wp-content\/uploads\/2008\/06\/educacao-ambiental-e1716409178468.jpg","type":"image\/jpeg"}],"author":"Amarildo R. Ferrari","twitter_card":"summary_large_image","twitter_misc":{"Escrito por":"Amarildo R. Ferrari","Est. tempo de leitura":"3 minutos"},"schema":{"@context":"https:\/\/schema.org","@graph":[{"@type":"WebPage","@id":"https:\/\/cenedcursos.com.br\/meio-ambiente\/importancia-da-educacao-ambiental\/","url":"https:\/\/cenedcursos.com.br\/meio-ambiente\/importancia-da-educacao-ambiental\/","name":"Import\u00e2ncia da Educa\u00e7\u00e3o Ambiental - CENED Cursos Online","isPartOf":{"@id":"https:\/\/cenedcursos.com.br\/meio-ambiente\/#website"},"primaryImageOfPage":{"@id":"https:\/\/cenedcursos.com.br\/meio-ambiente\/importancia-da-educacao-ambiental\/#primaryimage"},"image":{"@id":"https:\/\/cenedcursos.com.br\/meio-ambiente\/importancia-da-educacao-ambiental\/#primaryimage"},"thumbnailUrl":"https:\/\/i0.wp.com\/cenedcursos.com.br\/meio-ambiente\/wp-content\/uploads\/2008\/06\/educacao-ambiental-e1716409178468.jpg?fit=1200%2C800&ssl=1","datePublished":"2008-06-30T15:00:36+00:00","dateModified":"2024-05-22T20:19:58+00:00","author":{"@id":"https:\/\/cenedcursos.com.br\/meio-ambiente\/#\/schema\/person\/64377d24cdc16779a1eb6229894af388"},"breadcrumb":{"@id":"https:\/\/cenedcursos.com.br\/meio-ambiente\/importancia-da-educacao-ambiental\/#breadcrumb"},"inLanguage":"pt-BR","potentialAction":[{"@type":"ReadAction","target":["https:\/\/cenedcursos.com.br\/meio-ambiente\/importancia-da-educacao-ambiental\/"]}]},{"@type":"ImageObject","inLanguage":"pt-BR","@id":"https:\/\/cenedcursos.com.br\/meio-ambiente\/importancia-da-educacao-ambiental\/#primaryimage","url":"https:\/\/i0.wp.com\/cenedcursos.com.br\/meio-ambiente\/wp-content\/uploads\/2008\/06\/educacao-ambiental-e1716409178468.jpg?fit=1200%2C800&ssl=1","contentUrl":"https:\/\/i0.wp.com\/cenedcursos.com.br\/meio-ambiente\/wp-content\/uploads\/2008\/06\/educacao-ambiental-e1716409178468.jpg?fit=1200%2C800&ssl=1","width":1200,"height":800,"caption":"import\u00e2ncia da educa\u00e7\u00e3o ambiental"},{"@type":"BreadcrumbList","@id":"https:\/\/cenedcursos.com.br\/meio-ambiente\/importancia-da-educacao-ambiental\/#breadcrumb","itemListElement":[{"@type":"ListItem","position":1,"name":"In\u00edcio","item":"https:\/\/cenedcursos.com.br\/meio-ambiente\/"},{"@type":"ListItem","position":2,"name":"Import\u00e2ncia da Educa\u00e7\u00e3o Ambiental"}]},{"@type":"WebSite","@id":"https:\/\/cenedcursos.com.br\/meio-ambiente\/#website","url":"https:\/\/cenedcursos.com.br\/meio-ambiente\/","name":"CENED Cursos Online","description":"Aqui voc\u00ea encontra artigos em diversas \u00e1reas do conhecimento: meio ambiente, educa\u00e7\u00e3o, marketing digital, neg\u00f3cios online e muito mais.","potentialAction":[{"@type":"SearchAction","target":{"@type":"EntryPoint","urlTemplate":"https:\/\/cenedcursos.com.br\/meio-ambiente\/?s={search_term_string}"},"query-input":{"@type":"PropertyValueSpecification","valueRequired":true,"valueName":"search_term_string"}}],"inLanguage":"pt-BR"},{"@type":"Person","@id":"https:\/\/cenedcursos.com.br\/meio-ambiente\/#\/schema\/person\/64377d24cdc16779a1eb6229894af388","name":"Amarildo R. Ferrari","image":{"@type":"ImageObject","inLanguage":"pt-BR","@id":"https:\/\/cenedcursos.com.br\/meio-ambiente\/#\/schema\/person\/image\/","url":"https:\/\/secure.gravatar.com\/avatar\/6ea4248ca9f295c93f1b72f8398232f0fbbffe30349e6ec3839cfa5e09b0de3c?s=96&d=mm&r=g","contentUrl":"https:\/\/secure.gravatar.com\/avatar\/6ea4248ca9f295c93f1b72f8398232f0fbbffe30349e6ec3839cfa5e09b0de3c?s=96&d=mm&r=g","caption":"Amarildo R. Ferrari"},"sameAs":["https:\/\/cenedcursos.com.br\/meio-ambiente"],"url":"https:\/\/cenedcursos.com.br\/meio-ambiente\/author\/admin\/"}]}},"jetpack_featured_media_url":"https:\/\/i0.wp.com\/cenedcursos.com.br\/meio-ambiente\/wp-content\/uploads\/2008\/06\/educacao-ambiental-e1716409178468.jpg?fit=1200%2C800&ssl=1","jetpack_sharing_enabled":true,"_links":{"self":[{"href":"https:\/\/cenedcursos.com.br\/meio-ambiente\/wp-json\/wp\/v2\/posts\/311","targetHints":{"allow":["GET"]}}],"collection":[{"href":"https:\/\/cenedcursos.com.br\/meio-ambiente\/wp-json\/wp\/v2\/posts"}],"about":[{"href":"https:\/\/cenedcursos.com.br\/meio-ambiente\/wp-json\/wp\/v2\/types\/post"}],"author":[{"embeddable":true,"href":"https:\/\/cenedcursos.com.br\/meio-ambiente\/wp-json\/wp\/v2\/users\/1"}],"replies":[{"embeddable":true,"href":"https:\/\/cenedcursos.com.br\/meio-ambiente\/wp-json\/wp\/v2\/comments?post=311"}],"version-history":[{"count":0,"href":"https:\/\/cenedcursos.com.br\/meio-ambiente\/wp-json\/wp\/v2\/posts\/311\/revisions"}],"wp:featuredmedia":[{"embeddable":true,"href":"https:\/\/cenedcursos.com.br\/meio-ambiente\/wp-json\/wp\/v2\/media\/13056"}],"wp:attachment":[{"href":"https:\/\/cenedcursos.com.br\/meio-ambiente\/wp-json\/wp\/v2\/media?parent=311"}],"wp:term":[{"taxonomy":"category","embeddable":true,"href":"https:\/\/cenedcursos.com.br\/meio-ambiente\/wp-json\/wp\/v2\/categories?post=311"},{"taxonomy":"post_tag","embeddable":true,"href":"https:\/\/cenedcursos.com.br\/meio-ambiente\/wp-json\/wp\/v2\/tags?post=311"}],"curies":[{"name":"wp","href":"https:\/\/api.w.org\/{rel}","templated":true}]}}