{"id":318,"date":"2008-07-21T18:10:00","date_gmt":"2008-07-21T18:10:00","guid":{"rendered":"http:\/\/www.cenedcursos.com.br\/?p=318"},"modified":"2008-07-21T18:10:00","modified_gmt":"2008-07-21T18:10:00","slug":"reflexoes-sobre-educacao-ambiental","status":"publish","type":"post","link":"https:\/\/cenedcursos.com.br\/meio-ambiente\/reflexoes-sobre-educacao-ambiental\/","title":{"rendered":"Reflex\u00e3o sobre Educa\u00e7\u00e3o Ambiental"},"content":{"rendered":"<p style=\"text-align: justify;\">A forma de conceber a exist\u00eancia no Planeta Terra com a compreens\u00e3o de que os nossos atos afetam o Planeta diferentemente do que antes consider\u00e1vamos como imposs\u00edvel.<br \/>\nEm nossa finita inoc\u00eancia ou ignor\u00e2ncia pensamos que tudo era poss\u00edvel usufruir no Planeta Terra\u00a0 sem questionarmos a sua capacidade de cria\u00e7\u00e3o e recria\u00e7\u00e3o.<br \/>\nDa M\u00e3e Terra poder\u00edamos requerer tudo: nosso alimento, nosso abrigo e ao mesmo tempo\u00a0 torn\u00e1-la dep\u00f3sito dos nossos descart\u00e1veis. Em algum momento fomos acordados desse torpor e da inconsci\u00eancia de nossos atos.<a href=\"https:\/\/i0.wp.com\/www.cenedcursos.com.br\/meio-ambiente\/wp-content\/uploads\/2008\/07\/educacao-ambiental-reflexao.jpg?ssl=1\" rel=\"attachment wp-att-7913\"><img data-recalc-dims=\"1\" loading=\"lazy\" decoding=\"async\" data-attachment-id=\"7913\" data-permalink=\"https:\/\/cenedcursos.com.br\/meio-ambiente\/educacao-ambiental-reflexao\/\" data-orig-file=\"https:\/\/i0.wp.com\/cenedcursos.com.br\/meio-ambiente\/wp-content\/uploads\/2008\/07\/educacao-ambiental-reflexao-1.jpg?fit=425%2C425&amp;ssl=1\" data-orig-size=\"425,425\" data-comments-opened=\"1\" data-image-meta=\"{&quot;aperture&quot;:&quot;0&quot;,&quot;credit&quot;:&quot;&quot;,&quot;camera&quot;:&quot;&quot;,&quot;caption&quot;:&quot;&quot;,&quot;created_timestamp&quot;:&quot;0&quot;,&quot;copyright&quot;:&quot;&quot;,&quot;focal_length&quot;:&quot;0&quot;,&quot;iso&quot;:&quot;0&quot;,&quot;shutter_speed&quot;:&quot;0&quot;,&quot;title&quot;:&quot;&quot;,&quot;orientation&quot;:&quot;0&quot;}\" data-image-title=\"educacao ambiental reflexao\" data-image-description=\"\" data-image-caption=\"\" data-medium-file=\"https:\/\/i0.wp.com\/cenedcursos.com.br\/meio-ambiente\/wp-content\/uploads\/2008\/07\/educacao-ambiental-reflexao-1.jpg?fit=300%2C300&amp;ssl=1\" data-large-file=\"https:\/\/i0.wp.com\/cenedcursos.com.br\/meio-ambiente\/wp-content\/uploads\/2008\/07\/educacao-ambiental-reflexao-1.jpg?fit=425%2C425&amp;ssl=1\" class=\"alignright size-medium wp-image-7913\" src=\"https:\/\/i0.wp.com\/www.cenedcursos.com.br\/meio-ambiente\/wp-content\/uploads\/2008\/07\/educacao-ambiental-reflexao-300x300.jpg?resize=300%2C300&#038;ssl=1\" alt=\"educacao ambiental reflexao\" width=\"300\" height=\"300\" \/><\/a><br \/>\nO Planeta reclama e a Natureza devolve com as mudan\u00e7as clim\u00e1ticas, o aquecimento global, o desaparecimento de esp\u00e9cies da fauna e da flora, a fome e a mis\u00e9ria entre os povos ao redor do mundo.<br \/>\nA Educa\u00e7\u00e3o Ambiental surgiu como uma linguagem que nos for\u00e7a a entender a caminhada da Humanidade e a sua cultura de utiliza\u00e7\u00e3o irrespons\u00e1vel dos recursos naturais.<br \/>\nA compreens\u00e3o do papel do Ser Humano de se colocar no mesmo patamar da Natureza, sentir-se parte indissoci\u00e1vel ao ponto de saber-se e compreender-se atingido pelos processos de destrui\u00e7\u00e3o e contudo continuar usufruindo da condi\u00e7\u00e3o de vivente adotando novo comportamento \u00e9 um grande desafio do processo educativo que se encontra voltado para as quest\u00f5es ambientais.<br \/>\n\u00c9 preciso mudar em atitudes e comportamentos do menor ao maior gesto, transformados ou n\u00e3o em Leis, Regulamentos,\u00a0 Cartas de Compromissos, mas que sejam assumidos pelos homens e mulheres que vislumbrem vida e abund\u00e2ncia para os seres que vir\u00e3o.<\/p>\n<p>Da sempre colaboradora da educa\u00e7\u00e3o ambiental.<\/p>\n<p style=\"text-align: right;\"><em>Autora: Maria de Lourdes C. S. Cantarelli<\/em><\/p>\n","protected":false},"excerpt":{"rendered":"<p>A forma de conceber a exist\u00eancia no Planeta Terra com a compreens\u00e3o de que os nossos atos afetam o Planeta diferentemente do que antes consider\u00e1vamos como imposs\u00edvel. Em nossa finita inoc\u00eancia ou ignor\u00e2ncia pensamos que tudo era poss\u00edvel usufruir no Planeta Terra\u00a0 sem questionarmos a sua capacidade de cria\u00e7\u00e3o e recria\u00e7\u00e3o. Da M\u00e3e Terra poder\u00edamos [&hellip;]<\/p>\n","protected":false},"author":1,"featured_media":0,"comment_status":"open","ping_status":"open","sticky":false,"template":"","format":"standard","meta":{"_jetpack_memberships_contains_paid_content":false,"footnotes":""},"categories":[491],"tags":[134],"class_list":{"0":"post-318","1":"post","2":"type-post","3":"status-publish","4":"format-standard","6":"category-educacao-ambiental-textos","7":"tag-educacao-ambiental"},"yoast_head":"<!-- This site is optimized with the Yoast SEO plugin v25.1 - https:\/\/yoast.com\/wordpress\/plugins\/seo\/ -->\n<title>Reflex\u00e3o sobre Educa\u00e7\u00e3o Ambiental - CENED Cursos Online<\/title>\n<meta name=\"robots\" content=\"index, follow, max-snippet:-1, max-image-preview:large, max-video-preview:-1\" \/>\n<link rel=\"canonical\" href=\"https:\/\/cenedcursos.com.br\/meio-ambiente\/reflexoes-sobre-educacao-ambiental\/\" \/>\n<meta property=\"og:locale\" content=\"pt_BR\" \/>\n<meta property=\"og:type\" content=\"article\" \/>\n<meta property=\"og:title\" content=\"Reflex\u00e3o sobre Educa\u00e7\u00e3o Ambiental - CENED Cursos Online\" \/>\n<meta property=\"og:description\" content=\"A forma de conceber a exist\u00eancia no Planeta Terra com a compreens\u00e3o de que os nossos atos afetam o Planeta diferentemente do que antes consider\u00e1vamos como imposs\u00edvel. Em nossa finita inoc\u00eancia ou ignor\u00e2ncia pensamos que tudo era poss\u00edvel usufruir no Planeta Terra\u00a0 sem questionarmos a sua capacidade de cria\u00e7\u00e3o e recria\u00e7\u00e3o. Da M\u00e3e Terra poder\u00edamos [&hellip;]\" \/>\n<meta property=\"og:url\" content=\"https:\/\/cenedcursos.com.br\/meio-ambiente\/reflexoes-sobre-educacao-ambiental\/\" \/>\n<meta property=\"og:site_name\" content=\"CENED Cursos Online\" \/>\n<meta property=\"article:published_time\" content=\"2008-07-21T18:10:00+00:00\" \/>\n<meta property=\"og:image\" content=\"https:\/\/www.cenedcursos.com.br\/meio-ambiente\/wp-content\/uploads\/2008\/07\/educacao-ambiental-reflexao-300x300.jpg\" \/>\n<meta name=\"author\" content=\"Amarildo R. Ferrari\" \/>\n<meta name=\"twitter:card\" content=\"summary_large_image\" \/>\n<meta name=\"twitter:label1\" content=\"Escrito por\" \/>\n\t<meta name=\"twitter:data1\" content=\"Amarildo R. Ferrari\" \/>\n\t<meta name=\"twitter:label2\" content=\"Est. tempo de leitura\" \/>\n\t<meta name=\"twitter:data2\" content=\"1 minuto\" \/>\n<script type=\"application\/ld+json\" class=\"yoast-schema-graph\">{\"@context\":\"https:\/\/schema.org\",\"@graph\":[{\"@type\":\"WebPage\",\"@id\":\"https:\/\/cenedcursos.com.br\/meio-ambiente\/reflexoes-sobre-educacao-ambiental\/\",\"url\":\"https:\/\/cenedcursos.com.br\/meio-ambiente\/reflexoes-sobre-educacao-ambiental\/\",\"name\":\"Reflex\u00e3o sobre Educa\u00e7\u00e3o Ambiental - CENED Cursos Online\",\"isPartOf\":{\"@id\":\"https:\/\/cenedcursos.com.br\/meio-ambiente\/#website\"},\"primaryImageOfPage\":{\"@id\":\"https:\/\/cenedcursos.com.br\/meio-ambiente\/reflexoes-sobre-educacao-ambiental\/#primaryimage\"},\"image\":{\"@id\":\"https:\/\/cenedcursos.com.br\/meio-ambiente\/reflexoes-sobre-educacao-ambiental\/#primaryimage\"},\"thumbnailUrl\":\"https:\/\/www.cenedcursos.com.br\/meio-ambiente\/wp-content\/uploads\/2008\/07\/educacao-ambiental-reflexao-300x300.jpg\",\"datePublished\":\"2008-07-21T18:10:00+00:00\",\"author\":{\"@id\":\"https:\/\/cenedcursos.com.br\/meio-ambiente\/#\/schema\/person\/64377d24cdc16779a1eb6229894af388\"},\"breadcrumb\":{\"@id\":\"https:\/\/cenedcursos.com.br\/meio-ambiente\/reflexoes-sobre-educacao-ambiental\/#breadcrumb\"},\"inLanguage\":\"pt-BR\",\"potentialAction\":[{\"@type\":\"ReadAction\",\"target\":[\"https:\/\/cenedcursos.com.br\/meio-ambiente\/reflexoes-sobre-educacao-ambiental\/\"]}]},{\"@type\":\"ImageObject\",\"inLanguage\":\"pt-BR\",\"@id\":\"https:\/\/cenedcursos.com.br\/meio-ambiente\/reflexoes-sobre-educacao-ambiental\/#primaryimage\",\"url\":\"https:\/\/www.cenedcursos.com.br\/meio-ambiente\/wp-content\/uploads\/2008\/07\/educacao-ambiental-reflexao-300x300.jpg\",\"contentUrl\":\"https:\/\/www.cenedcursos.com.br\/meio-ambiente\/wp-content\/uploads\/2008\/07\/educacao-ambiental-reflexao-300x300.jpg\"},{\"@type\":\"BreadcrumbList\",\"@id\":\"https:\/\/cenedcursos.com.br\/meio-ambiente\/reflexoes-sobre-educacao-ambiental\/#breadcrumb\",\"itemListElement\":[{\"@type\":\"ListItem\",\"position\":1,\"name\":\"In\u00edcio\",\"item\":\"https:\/\/cenedcursos.com.br\/meio-ambiente\/\"},{\"@type\":\"ListItem\",\"position\":2,\"name\":\"Reflex\u00e3o sobre Educa\u00e7\u00e3o Ambiental\"}]},{\"@type\":\"WebSite\",\"@id\":\"https:\/\/cenedcursos.com.br\/meio-ambiente\/#website\",\"url\":\"https:\/\/cenedcursos.com.br\/meio-ambiente\/\",\"name\":\"CENED Cursos Online\",\"description\":\"Aqui voc\u00ea encontra artigos em diversas \u00e1reas do conhecimento: meio ambiente, educa\u00e7\u00e3o, marketing digital, neg\u00f3cios online e muito mais.\",\"potentialAction\":[{\"@type\":\"SearchAction\",\"target\":{\"@type\":\"EntryPoint\",\"urlTemplate\":\"https:\/\/cenedcursos.com.br\/meio-ambiente\/?s={search_term_string}\"},\"query-input\":{\"@type\":\"PropertyValueSpecification\",\"valueRequired\":true,\"valueName\":\"search_term_string\"}}],\"inLanguage\":\"pt-BR\"},{\"@type\":\"Person\",\"@id\":\"https:\/\/cenedcursos.com.br\/meio-ambiente\/#\/schema\/person\/64377d24cdc16779a1eb6229894af388\",\"name\":\"Amarildo R. Ferrari\",\"image\":{\"@type\":\"ImageObject\",\"inLanguage\":\"pt-BR\",\"@id\":\"https:\/\/cenedcursos.com.br\/meio-ambiente\/#\/schema\/person\/image\/\",\"url\":\"https:\/\/secure.gravatar.com\/avatar\/6ea4248ca9f295c93f1b72f8398232f0fbbffe30349e6ec3839cfa5e09b0de3c?s=96&d=mm&r=g\",\"contentUrl\":\"https:\/\/secure.gravatar.com\/avatar\/6ea4248ca9f295c93f1b72f8398232f0fbbffe30349e6ec3839cfa5e09b0de3c?s=96&d=mm&r=g\",\"caption\":\"Amarildo R. Ferrari\"},\"sameAs\":[\"https:\/\/cenedcursos.com.br\/meio-ambiente\"],\"url\":\"https:\/\/cenedcursos.com.br\/meio-ambiente\/author\/admin\/\"}]}<\/script>\n<!-- \/ Yoast SEO plugin. -->","yoast_head_json":{"title":"Reflex\u00e3o sobre Educa\u00e7\u00e3o Ambiental - CENED Cursos Online","robots":{"index":"index","follow":"follow","max-snippet":"max-snippet:-1","max-image-preview":"max-image-preview:large","max-video-preview":"max-video-preview:-1"},"canonical":"https:\/\/cenedcursos.com.br\/meio-ambiente\/reflexoes-sobre-educacao-ambiental\/","og_locale":"pt_BR","og_type":"article","og_title":"Reflex\u00e3o sobre Educa\u00e7\u00e3o Ambiental - CENED Cursos Online","og_description":"A forma de conceber a exist\u00eancia no Planeta Terra com a compreens\u00e3o de que os nossos atos afetam o Planeta diferentemente do que antes consider\u00e1vamos como imposs\u00edvel. Em nossa finita inoc\u00eancia ou ignor\u00e2ncia pensamos que tudo era poss\u00edvel usufruir no Planeta Terra\u00a0 sem questionarmos a sua capacidade de cria\u00e7\u00e3o e recria\u00e7\u00e3o. Da M\u00e3e Terra poder\u00edamos [&hellip;]","og_url":"https:\/\/cenedcursos.com.br\/meio-ambiente\/reflexoes-sobre-educacao-ambiental\/","og_site_name":"CENED Cursos Online","article_published_time":"2008-07-21T18:10:00+00:00","og_image":[{"url":"https:\/\/www.cenedcursos.com.br\/meio-ambiente\/wp-content\/uploads\/2008\/07\/educacao-ambiental-reflexao-300x300.jpg","type":"","width":"","height":""}],"author":"Amarildo R. Ferrari","twitter_card":"summary_large_image","twitter_misc":{"Escrito por":"Amarildo R. Ferrari","Est. tempo de leitura":"1 minuto"},"schema":{"@context":"https:\/\/schema.org","@graph":[{"@type":"WebPage","@id":"https:\/\/cenedcursos.com.br\/meio-ambiente\/reflexoes-sobre-educacao-ambiental\/","url":"https:\/\/cenedcursos.com.br\/meio-ambiente\/reflexoes-sobre-educacao-ambiental\/","name":"Reflex\u00e3o sobre Educa\u00e7\u00e3o Ambiental - CENED Cursos Online","isPartOf":{"@id":"https:\/\/cenedcursos.com.br\/meio-ambiente\/#website"},"primaryImageOfPage":{"@id":"https:\/\/cenedcursos.com.br\/meio-ambiente\/reflexoes-sobre-educacao-ambiental\/#primaryimage"},"image":{"@id":"https:\/\/cenedcursos.com.br\/meio-ambiente\/reflexoes-sobre-educacao-ambiental\/#primaryimage"},"thumbnailUrl":"https:\/\/www.cenedcursos.com.br\/meio-ambiente\/wp-content\/uploads\/2008\/07\/educacao-ambiental-reflexao-300x300.jpg","datePublished":"2008-07-21T18:10:00+00:00","author":{"@id":"https:\/\/cenedcursos.com.br\/meio-ambiente\/#\/schema\/person\/64377d24cdc16779a1eb6229894af388"},"breadcrumb":{"@id":"https:\/\/cenedcursos.com.br\/meio-ambiente\/reflexoes-sobre-educacao-ambiental\/#breadcrumb"},"inLanguage":"pt-BR","potentialAction":[{"@type":"ReadAction","target":["https:\/\/cenedcursos.com.br\/meio-ambiente\/reflexoes-sobre-educacao-ambiental\/"]}]},{"@type":"ImageObject","inLanguage":"pt-BR","@id":"https:\/\/cenedcursos.com.br\/meio-ambiente\/reflexoes-sobre-educacao-ambiental\/#primaryimage","url":"https:\/\/www.cenedcursos.com.br\/meio-ambiente\/wp-content\/uploads\/2008\/07\/educacao-ambiental-reflexao-300x300.jpg","contentUrl":"https:\/\/www.cenedcursos.com.br\/meio-ambiente\/wp-content\/uploads\/2008\/07\/educacao-ambiental-reflexao-300x300.jpg"},{"@type":"BreadcrumbList","@id":"https:\/\/cenedcursos.com.br\/meio-ambiente\/reflexoes-sobre-educacao-ambiental\/#breadcrumb","itemListElement":[{"@type":"ListItem","position":1,"name":"In\u00edcio","item":"https:\/\/cenedcursos.com.br\/meio-ambiente\/"},{"@type":"ListItem","position":2,"name":"Reflex\u00e3o sobre Educa\u00e7\u00e3o Ambiental"}]},{"@type":"WebSite","@id":"https:\/\/cenedcursos.com.br\/meio-ambiente\/#website","url":"https:\/\/cenedcursos.com.br\/meio-ambiente\/","name":"CENED Cursos Online","description":"Aqui voc\u00ea encontra artigos em diversas \u00e1reas do conhecimento: meio ambiente, educa\u00e7\u00e3o, marketing digital, neg\u00f3cios online e muito mais.","potentialAction":[{"@type":"SearchAction","target":{"@type":"EntryPoint","urlTemplate":"https:\/\/cenedcursos.com.br\/meio-ambiente\/?s={search_term_string}"},"query-input":{"@type":"PropertyValueSpecification","valueRequired":true,"valueName":"search_term_string"}}],"inLanguage":"pt-BR"},{"@type":"Person","@id":"https:\/\/cenedcursos.com.br\/meio-ambiente\/#\/schema\/person\/64377d24cdc16779a1eb6229894af388","name":"Amarildo R. Ferrari","image":{"@type":"ImageObject","inLanguage":"pt-BR","@id":"https:\/\/cenedcursos.com.br\/meio-ambiente\/#\/schema\/person\/image\/","url":"https:\/\/secure.gravatar.com\/avatar\/6ea4248ca9f295c93f1b72f8398232f0fbbffe30349e6ec3839cfa5e09b0de3c?s=96&d=mm&r=g","contentUrl":"https:\/\/secure.gravatar.com\/avatar\/6ea4248ca9f295c93f1b72f8398232f0fbbffe30349e6ec3839cfa5e09b0de3c?s=96&d=mm&r=g","caption":"Amarildo R. Ferrari"},"sameAs":["https:\/\/cenedcursos.com.br\/meio-ambiente"],"url":"https:\/\/cenedcursos.com.br\/meio-ambiente\/author\/admin\/"}]}},"jetpack_featured_media_url":"","jetpack_sharing_enabled":true,"_links":{"self":[{"href":"https:\/\/cenedcursos.com.br\/meio-ambiente\/wp-json\/wp\/v2\/posts\/318","targetHints":{"allow":["GET"]}}],"collection":[{"href":"https:\/\/cenedcursos.com.br\/meio-ambiente\/wp-json\/wp\/v2\/posts"}],"about":[{"href":"https:\/\/cenedcursos.com.br\/meio-ambiente\/wp-json\/wp\/v2\/types\/post"}],"author":[{"embeddable":true,"href":"https:\/\/cenedcursos.com.br\/meio-ambiente\/wp-json\/wp\/v2\/users\/1"}],"replies":[{"embeddable":true,"href":"https:\/\/cenedcursos.com.br\/meio-ambiente\/wp-json\/wp\/v2\/comments?post=318"}],"version-history":[{"count":0,"href":"https:\/\/cenedcursos.com.br\/meio-ambiente\/wp-json\/wp\/v2\/posts\/318\/revisions"}],"wp:attachment":[{"href":"https:\/\/cenedcursos.com.br\/meio-ambiente\/wp-json\/wp\/v2\/media?parent=318"}],"wp:term":[{"taxonomy":"category","embeddable":true,"href":"https:\/\/cenedcursos.com.br\/meio-ambiente\/wp-json\/wp\/v2\/categories?post=318"},{"taxonomy":"post_tag","embeddable":true,"href":"https:\/\/cenedcursos.com.br\/meio-ambiente\/wp-json\/wp\/v2\/tags?post=318"}],"curies":[{"name":"wp","href":"https:\/\/api.w.org\/{rel}","templated":true}]}}