{"id":335,"date":"2008-08-21T21:15:32","date_gmt":"2008-08-21T21:15:32","guid":{"rendered":"http:\/\/www.cenedcursos.com.br\/?p=335"},"modified":"2025-05-23T14:57:42","modified_gmt":"2025-05-23T17:57:42","slug":"sistema-de-gestao-ambiental-nas-empresas","status":"publish","type":"post","link":"https:\/\/cenedcursos.com.br\/meio-ambiente\/sistema-de-gestao-ambiental-nas-empresas\/","title":{"rendered":"Sistema de Gest\u00e3o Ambiental nas empresas"},"content":{"rendered":"<p><span style=\"font-family: arial, helvetica, sans-serif; font-size: 10pt;\">O Sistema de Gest\u00e3o Ambiental \u00e9 uma importante ferramenta que visa a sustentabilidade nas empresas.<\/span><br \/>\n<span style=\"font-family: Arial; font-size: 10pt;\"><strong><span style=\"line-height: 115%;\">Introdu\u00e7\u00e3o<\/span><\/strong> <\/span><\/p>\n<p class=\"MsoNormal\" style=\"text-align: justify;\"><span style=\"font-family: Arial; font-size: 10pt;\">A amea\u00e7a \u00e0 sobreviv\u00eancia humana em face da degrada\u00e7\u00e3o dos recursos naturais, a extin\u00e7\u00e3o das esp\u00e9cies da fauna e flora, o aquecimento da temperatura devido \u00e0 emiss\u00e3o de gases poluentes fizeram a quest\u00e3o ambiental ocupar um lugar de destaque nos debates internacionais. O meio ambiente da empresa \u00e9 constitu\u00eddo por diversas formas de relacionamento, considerando as disciplinas gerenciais, as t\u00e9cnicas e o processo de produ\u00e7\u00e3o junto \u00e0s instala\u00e7\u00f5es e ao meio interno e externo, incluindo-se tamb\u00e9m a rela\u00e7\u00e3o entre mercado, cliente, fornecedores, comunidade e consumidor. Neste sentido, o gerenciamento ambiental n\u00e3o pode separar e nem ignorar o conceito de ambiente empresarial em seus objetivos, pois o desenvolvimento deste conceito possibilita melhores resultados nas rela\u00e7\u00f5es internas e externas, com melhorias na produtividade, na qualidade e nos neg\u00f3cios.<\/span><\/p>\n<p class=\"MsoNormal\" style=\"text-align: justify;\"><span style=\"font-family: Arial; font-size: 10pt;\">Embora o termo gest\u00e3o ambiental seja bastante abrangente e freq\u00fcentemente usado para designar a\u00e7\u00f5es ambientais em determinados espa\u00e7os geogr\u00e1ficos, ele pode ser definido como sendo um conjunto de pol\u00edticas, programas e pr\u00e1ticas administrativas e operacionais que levam em conta a sa\u00fade, a seguran\u00e7a das pessoas e a prote\u00e7\u00e3o do meio ambiente.<\/span><\/p>\n<p><a href=\"https:\/\/i0.wp.com\/www.cenedcursos.com.br\/meio-ambiente\/wp-content\/uploads\/2008\/08\/sistema-gestao-ambiental.png?ssl=1\" rel=\"nofollow\"><img data-recalc-dims=\"1\" loading=\"lazy\" decoding=\"async\" data-attachment-id=\"1434\" data-permalink=\"https:\/\/cenedcursos.com.br\/meio-ambiente\/sistema-gestao-ambiental\/\" data-orig-file=\"https:\/\/i0.wp.com\/cenedcursos.com.br\/meio-ambiente\/wp-content\/uploads\/2008\/08\/sistema-gestao-ambiental-1.png?fit=300%2C300&amp;ssl=1\" data-orig-size=\"300,300\" data-comments-opened=\"1\" data-image-meta=\"{&quot;aperture&quot;:&quot;0&quot;,&quot;credit&quot;:&quot;&quot;,&quot;camera&quot;:&quot;&quot;,&quot;caption&quot;:&quot;&quot;,&quot;created_timestamp&quot;:&quot;0&quot;,&quot;copyright&quot;:&quot;&quot;,&quot;focal_length&quot;:&quot;0&quot;,&quot;iso&quot;:&quot;0&quot;,&quot;shutter_speed&quot;:&quot;0&quot;,&quot;title&quot;:&quot;&quot;,&quot;orientation&quot;:&quot;0&quot;}\" data-image-title=\"sistema gestao ambiental\" data-image-description=\"\" data-image-caption=\"\" data-medium-file=\"https:\/\/i0.wp.com\/cenedcursos.com.br\/meio-ambiente\/wp-content\/uploads\/2008\/08\/sistema-gestao-ambiental-1.png?fit=300%2C300&amp;ssl=1\" data-large-file=\"https:\/\/i0.wp.com\/cenedcursos.com.br\/meio-ambiente\/wp-content\/uploads\/2008\/08\/sistema-gestao-ambiental-1.png?fit=300%2C300&amp;ssl=1\" class=\"wp-image-1434 size-medium\" title=\"sistema de gest\u00e3o ambiental\" src=\"https:\/\/i0.wp.com\/www.cenedcursos.com.br\/meio-ambiente\/wp-content\/uploads\/2008\/08\/sistema-gestao-ambiental-300x300.png?resize=300%2C300&#038;ssl=1\" alt=\"sistema de gest\u00e3o ambiental\" width=\"300\" height=\"300\" \/><\/a><\/p>\n<h2><span style=\"font-size: 10pt;\">Sistema de Gest\u00e3o Ambiental<\/span><\/h2>\n<p>&nbsp;<\/p>\n<p class=\"MsoNormal\" style=\"text-align: justify;\"><span style=\"font-family: Arial; font-size: 10pt;\">O objetivo maior de um sistema de gest\u00e3o ambiental deve ser a busca permanente de melhoria da qualidade ambiental dos servi\u00e7os, produtos e ambiente de trabalho de qualquer organiza\u00e7\u00e3o p\u00fablica ou privada.<\/span><\/p>\n<p class=\"MsoNormal\" style=\"text-align: justify;\"><span style=\"font-family: Arial; font-size: 10pt;\"><strong>Fundamentos B\u00e1sicos da Gest\u00e3o Ambiental <\/strong><\/span><\/p>\n<p class=\"MsoNormal\" style=\"text-align: justify;\"><span style=\"font-family: Arial; font-size: 10pt;\">Os fundamentos, ou seja, a base de raz\u00f5es que levam as empresas a adotar e praticar a gest\u00e3o ambiental, s\u00e3o v\u00e1rios. Podem perpassar desde procedimentos obrigat\u00f3rios de atendimento da legisla\u00e7\u00e3o ambiental at\u00e9 a fixa\u00e7\u00e3o de pol\u00edticas ambientais que visem a conscientiza\u00e7\u00e3o de todo o pessoal da organiza\u00e7\u00e3o. A busca de procedimentos gerenciais ambientalmente corretos, incluindo-se a\u00ed a ado\u00e7\u00e3o de um Sistema Ambiental (SGA), na verdade, encontra in\u00fameras raz\u00f5es que justificam a sua ado\u00e7\u00e3o.<\/span><\/p>\n<p class=\"MsoNormal\" style=\"text-align: justify;\"><span style=\"font-family: Arial; font-size: 10pt;\"> Os fundamentos predominantes podem variar de uma organiza\u00e7\u00e3o para outra. No entanto, eles podem ser resumidos nos seguintes b\u00e1sicos: Os recursos naturais (mat\u00e9rias-primas) s\u00e3o limitados e est\u00e3o sendo fortemente afetados pelos processos de utiliza\u00e7\u00e3o, exaust\u00e3o e degrada\u00e7\u00e3o decorrentes de atividades p\u00fablicas ou privadas, portanto est\u00e3o cada vez mais escassos, relativamente mais caros ou se encontram legalmente mais protegidos.<\/span><\/p>\n<p class=\"MsoNormal\" style=\"text-align: justify;\"><span style=\"font-family: Arial; font-size: 10pt;\">Os bens naturais (\u00e1gua, ar) j\u00e1 n\u00e3o s\u00e3o mais bens livres\/gr\u00e1tis. Por exemplo, a \u00e1gua possui valor econ\u00f4mico, ou seja, paga-se, e cada vez se pagar\u00e1 mais por esse recurso natural. Determinadas ind\u00fastrias, principalmente com tecnologias avan\u00e7adas, necessitam de \u00e1reas com relativa pureza atmosf\u00e9rica. Ao mesmo tempo, uma resid\u00eancia num bairro com ar puro custa bem mais do que uma casa em regi\u00e3o polu\u00edda. O crescimento da popula\u00e7\u00e3o humana, principalmente em grandes regi\u00f5es metropolitanas e nos pa\u00edses menos desenvolvidos exerce forte conseq\u00fc\u00eancia sobre o meio ambiente em geral e os recursos naturais em particular. <\/span><\/p>\n<p class=\"MsoNormal\" style=\"text-align: justify;\"><span style=\"font-family: Arial; font-size: 10pt;\">A legisla\u00e7\u00e3o ambiental exige cada vez mais respeito e cuidado com o meio ambiente, exig\u00eancia essa que conduz coercitivamente a uma maior preocupa\u00e7\u00e3o ambiental. Press\u00f5es p\u00fablicas de cunho local, nacional e mesmo internacional exigem cada vez mais responsabilidades ambientais das empresas.<\/span><\/p>\n<p class=\"MsoNormal\" style=\"text-align: justify;\"><span style=\"font-family: Arial; font-size: 10pt;\">Bancos, financiadores e seguradoras d\u00e3o privil\u00e9gios a empresas ambientalmente sadias ou exigem taxas financeiras e valores de ap\u00f3lices mais elevadas de firmas poluidoras. <\/span><\/p>\n<p class=\"MsoNormal\" style=\"text-align: justify;\"><span style=\"font-family: Arial; font-size: 10pt;\">A sociedade em geral e a vizinhan\u00e7a em particular est\u00e1 cada vez mais exigente e cr\u00edtica no que diz respeito a danos ambientais e \u00e0 polui\u00e7\u00e3o provenientes de empresas e atividades. Organiza\u00e7\u00f5es n\u00e3o-governamentais est\u00e3o sempre mais vigilantes, exigindo o cumprimento da legisla\u00e7\u00e3o ambiental, a minimiza\u00e7\u00e3o de impactos, a repara\u00e7\u00e3o de danos ambientais ou impedem a implanta\u00e7\u00e3o de novos empreendimentos ou atividades.<\/span><\/p>\n<p class=\"MsoNormal\" style=\"text-align: justify;\"><span style=\"font-family: Arial; font-size: 10pt;\">Compradores de produtos intermedi\u00e1rios est\u00e3o exigindo cada vez mais produtos que sejam produzidos em condi\u00e7\u00f5es ambientais favor\u00e1veis.<\/span><\/p>\n<p class=\"MsoNormal\" style=\"text-align: justify;\"><span style=\"font-family: Arial; font-size: 10pt;\">A imagem de empresas ambientalmente saud\u00e1veis \u00e9 mais bem aceita por acionistas, consumidores, fornecedores e autoridades p\u00fablicas.<\/span><\/p>\n<p class=\"MsoNormal\" style=\"text-align: justify;\"><span style=\"font-family: Arial; font-size: 10pt;\">Acionistas conscientes da responsabilidade ambiental preferem investir em empresas lucrativas sim, mas ambientalmente respons\u00e1veis.<\/span><\/p>\n<p class=\"MsoNormal\" style=\"text-align: justify;\"><span style=\"font-family: Arial; font-size: 10pt;\">A gest\u00e3o ambiental empresarial est\u00e1 na ordem do dia, principalmente nos pa\u00edses ditos industrializados e tamb\u00e9m j\u00e1 nos pa\u00edses considerados em vias de desenvolvimento.<\/span><\/p>\n<p class=\"MsoNormal\" style=\"text-align: justify;\"><span style=\"font-family: Arial; font-size: 10pt;\"> A demanda por produtos cultivados ou fabricados de forma ambientalmente compat\u00edvel cresce mundialmente, em especial nos pa\u00edses industrializados. Os consumidores tendem a dispensar produtos e servi\u00e7os que agridem o meio ambiente.<\/span><\/p>\n<p class=\"MsoNormal\" style=\"text-align: justify;\"><span style=\"font-family: Arial; font-size: 10pt;\">Cada vez mais compradores, principalmente importadores, est\u00e3o exigindo a certifica\u00e7\u00e3o ambiental, nos moldes da ISO 14.000, ou mesmo certificados ambientais espec\u00edficos como, por exemplo, para produtos t\u00eaxteis, madeiras, cereais, frutas, etc. Tais exig\u00eancias s\u00e3o voltadas para a concess\u00e3o do \u201cSelo Verde\u201d, mediante a rotulagem ambiental. <\/span><\/p>\n<p class=\"MsoNormal\" style=\"text-align: justify;\"><span style=\"font-family: Arial; font-size: 10pt;\">Acordos internacionais, tratados de com\u00e9rcio e mesmo tarifas alfandeg\u00e1rias incluem quest\u00f5es ambientais na pauta de negocia\u00e7\u00f5es culminando com exig\u00eancias n\u00e3o tarif\u00e1rias que em geral afetam produtores de pa\u00edses exportadores. Esse conjunto de fundamentos n\u00e3o \u00e9 conclusivo, pois os quesitos apontados continuam em discuss\u00e3o e tendem a se ampliar. Essa \u00e9 uma tend\u00eancia indiscut\u00edvel, at\u00e9 pelo fato de que apenas as normas ambientais da fam\u00edlia ISO 14.000 que tratam do Sistema de Gest\u00e3o Ambiental e de Auditoria Ambiental encontram-se em vigor.<\/span><\/p>\n<p class=\"MsoNormal\" style=\"text-align: justify;\"><span style=\"font-family: Arial; font-size: 10pt;\">Necessidade e Import\u00e2ncia da Gest\u00e3o Ambiental para a Empresa Por danos e efeitos ambientais poss\u00edveis de ocorrerem durante o ciclo de vida do produto compreendem-se todos os impactos sobre o meio ambiente, inclusive a sa\u00fade humana, decorrentes da obten\u00e7\u00e3o e transporte de mat\u00e9rias-primas, da transforma\u00e7\u00e3o, ou seja, a produ\u00e7\u00e3o propriamente dita, da distribui\u00e7\u00e3o e comercializa\u00e7\u00e3o, do uso dos produtos, da assist\u00eancia t\u00e9cnica e destina\u00e7\u00e3o final dos bens.<\/span><\/p>\n<p class=\"MsoNormal\" style=\"text-align: justify;\"><span style=\"font-family: Arial; font-size: 10pt;\">Devemos salientar que a empresa \u00e9 a \u00fanica respons\u00e1vel pela ado\u00e7\u00e3o de um sistema de gest\u00e3o ambiental e por conseguinte de uma pol\u00edtica ambiental. S\u00f3 ap\u00f3s sua ado\u00e7\u00e3o, o cumprimento e a conformidade devem ser seguidos integralmente, pois eles adquirem configura\u00e7\u00e3o de \u201csagrados\u201d. Portanto, ningu\u00e9m \u00e9 obrigado a adotar um sistema de gest\u00e3o ambiental e\/ou Pol\u00edtica Ambiental; depois de adotados, cumpra-se o estabelecido sob pena da organiza\u00e7\u00e3o cair num tremendo descr\u00e9dito no que se refere \u00e0s quest\u00f5es ambientais.<\/span><\/p>\n<p class=\"MsoNormal\" style=\"text-align: justify;\"><span style=\"font-family: Arial; font-size: 10pt;\"><strong>Finalidades B\u00e1sicas da Gest\u00e3o Ambiental e Empresarial<\/strong><\/span><\/p>\n<p class=\"MsoNormal\" style=\"text-align: justify;\"><span style=\"font-family: Arial; font-size: 10pt;\"> Servir de instrumentos de gest\u00e3o com vistas a obter ou assegurar a economia e o uso racional de mat\u00e9rias-primas e insumos, destacando-se a responsabilidade ambiental da empresa:<\/span><\/p>\n<ul>\n<li class=\"MsoNormal\" style=\"text-align: justify;\"><span style=\"font-family: arial, helvetica, sans-serif; font-size: 10pt;\">Orientar consumidores quanto \u00e0 compatibilidade ambiental dos processos produtivos e dos seus produtos ou servi\u00e7os;<\/span><\/li>\n<li class=\"MsoNormal\" style=\"text-align: justify;\"><span style=\"font-size: 10pt; font-family: arial, helvetica, sans-serif;\">Subsidiar campanhas institucionais da empresa com destaque para a conserva\u00e7\u00e3o e a preserva\u00e7\u00e3o da natureza;<\/span><\/li>\n<li class=\"MsoNormal\" style=\"text-align: justify;\"><span style=\"font-size: 10pt; font-family: arial, helvetica, sans-serif;\">Servir de material informativo a acionistas, fornecedores e consumidores para demonstrar o desempenho empresarial na \u00e1rea ambiental; <\/span><\/li>\n<li class=\"MsoNormal\" style=\"text-align: justify;\"><span style=\"font-size: 10pt; font-family: arial, helvetica, sans-serif;\">Orientar novos investimentos privilegiando setores com oportunidades em \u00e1reas correlatas;<\/span><\/li>\n<li class=\"MsoNormal\" style=\"text-align: justify;\"><span style=\"font-size: 10pt; font-family: arial, helvetica, sans-serif;\">Subsidiar procedimentos para a obten\u00e7\u00e3o da certifica\u00e7\u00e3o ambiental nos moldes da s\u00e9rie de normas ISO 14.000;<\/span><\/li>\n<li class=\"MsoNormal\" style=\"text-align: justify;\"><span style=\"font-size: 10pt; font-family: arial, helvetica, sans-serif;\">Subsidiar a obten\u00e7\u00e3o da rotulagem ambiental de produtos.<\/span><\/li>\n<\/ul>\n<p class=\"MsoNormal\" style=\"text-align: justify;\"><span style=\"font-family: Arial; font-size: 10pt;\">Os objetivos e as finalidades inerentes a um gerenciamento ambiental nas empresas evidentemente devem estar em conson\u00e2ncia com o conjunto das atividades empresariais. Portanto, eles n\u00e3o podem e nem devem ser vistos como elementos isolados, por mais importantes que possam parecer num primeiro momento. <\/span><\/p>\n<p class=\"MsoNormal\" style=\"text-align: justify;\"><span style=\"font-family: Arial; font-size: 10pt;\">Vale aqui relembrar o trin\u00f4mio das responsabilidades empresariais:<\/span><\/p>\n<ul>\n<li class=\"MsoNormal\" style=\"text-align: justify;\"><span style=\"font-family: Arial; font-size: 10pt;\"> Responsabilidade ambiental <\/span><\/li>\n<li class=\"MsoNormal\" style=\"text-align: justify;\"><span style=\"font-family: Arial; font-size: 10pt;\">Responsabilidade econ\u00f4mica<\/span><\/li>\n<li class=\"MsoNormal\" style=\"text-align: justify;\"><span style=\"font-family: Arial; font-size: 10pt;\">Responsabilidade social<\/span><\/li>\n<\/ul>\n<p class=\"MsoNormal\" style=\"text-align: justify;\"><span style=\"font-family: Arial; font-size: 10pt;\"><strong>Responsabilidade social princ\u00edpios e Elementos B\u00e1sicos <\/strong><\/span><\/p>\n<p class=\"MsoNormal\" style=\"text-align: justify;\"><span style=\"font-family: Arial; font-size: 10pt;\">Ao considerar o sistema de gest\u00e3o ambiental no contexto empresarial, percebe-se de imediato que ela pode ter e geralmente tem uma import\u00e2ncia muito grande, inclusive estrat\u00e9gica. Isso ocorre porque, dependendo do grau de sensibilidade para com o meio ambiente demonstrado e adotado pela alta administra\u00e7\u00e3o, j\u00e1 pode perceber e antever o potencial que existe para que uma gest\u00e3o ambiental efetivamente possa ser implantada. <\/span><\/p>\n<p class=\"MsoNormal\" style=\"text-align: justify;\"><span style=\"font-family: Arial; font-size: 10pt;\">De qualquer modo, estando muito ou pouco vinculadas a quest\u00f5es ambientais, as empresas que j\u00e1 est\u00e3o praticando a gest\u00e3o ambiental ou aquelas que est\u00e3o em fase de defini\u00e7\u00e3o de diretrizes e pol\u00edticas para iniciarem o seu gerenciamento ambiental devem ter em mente os princ\u00edpios e os elementos de um sistema de gest\u00e3o ambiental e as principais tarefas e atribui\u00e7\u00f5es que normalmente s\u00e3o exigidas para que seja poss\u00edvel levar a bom termo o sistema de gest\u00e3o ambiental.<\/span><\/p>\n<p class=\"MsoNormal\" style=\"text-align: justify;\"><span style=\"font-family: Arial; font-size: 10pt;\"><strong>Princ\u00edpios e elementos de um sistema de gest\u00e3o ambiental (SGA)<\/strong><\/span><\/p>\n<p class=\"MsoNormal\" style=\"text-align: justify;\"><span style=\"font-family: Arial; font-size: 10pt;\"><strong>Comprometimento e pol\u00edtica<\/strong> &#8211; \u00e9 recomendado que uma organiza\u00e7\u00e3o defina sua pol\u00edtica ambiental e assegure o comprometimento com o seu sistema de gest\u00e3o ambiental (SGA).<\/span><\/p>\n<p class=\"MsoNormal\" style=\"text-align: justify;\"><span style=\"font-family: Arial; font-size: 10pt;\"><strong>Planejamento<\/strong> &#8211; \u00e9 recomendado que uma organiza\u00e7\u00e3o formule um plano para cumprir sua pol\u00edtica ambiental. <\/span><\/p>\n<p class=\"MsoNormal\" style=\"text-align: justify;\"><span style=\"font-family: Arial; font-size: 10pt;\"><strong>Implementa\u00e7\u00e3o<\/strong> &#8211; para uma efetiva implementa\u00e7\u00e3o, \u00e9 recomendado que uma organiza\u00e7\u00e3o desenvolva a capacita\u00e7\u00e3o e os mecanismos de apoio necess\u00e1rios para atender sua pol\u00edtica, seus objetivos e metas ambientais.<\/span><\/p>\n<p class=\"MsoNormal\" style=\"text-align: justify;\"><span style=\"font-family: Arial; font-size: 10pt;\"><strong>Medi\u00e7\u00e3o e avalia\u00e7\u00e3o<\/strong> &#8211; \u00e9 recomendado que uma organiza\u00e7\u00e3o mensure, monitore e avalie seu desempenho ambiental. <\/span><\/p>\n<p class=\"MsoNormal\" style=\"text-align: justify;\"><span style=\"font-family: Arial; font-size: 10pt;\">An\u00e1lise cr\u00edtica e melhoria &#8211; \u00e9 recomendado que uma organiza\u00e7\u00e3o analise criticamente e aperfei\u00e7oe continuamente seu sistema de gest\u00e3o ambiental, com o objetivo de aprimorar seu desempenho ambiental global.<\/span><\/p>\n<p class=\"MsoNormal\" style=\"text-align: justify;\"><span style=\"font-family: Arial; font-size: 10pt;\"><strong>Avalia\u00e7\u00e3o Ambiental Inicial<\/strong><\/span><\/p>\n<p class=\"MsoNormal\" style=\"text-align: justify;\"><span style=\"font-family: Arial; font-size: 10pt;\">O processo de implementa\u00e7\u00e3o de um sistema de gest\u00e3o ambiental come\u00e7a pela avalia\u00e7\u00e3o ambiental inicial. Na pr\u00e1tica, esse procedimento pode ser realizado com recursos humanos internos ou externos, pois, quando a empresa j\u00e1 disp\u00f5e de pessoal habilitado ou relacionado com quest\u00f5es ambientais, ( por exemplo t\u00e9cnicos da \u00e1rea de sa\u00fade e seguran\u00e7a do trabalho ou controle de riscos), essa tarefa poder\u00e1 ser feita internamente. Por outro lado, n\u00e3o existindo tal possibilidade, a organiza\u00e7\u00e3o poder\u00e1 recorrer aos servi\u00e7os de terceiros, quer seja ao de consultores aut\u00f4nomos ou ao de firmas de consultoria ambiental.<\/span><\/p>\n<p class=\"MsoNormal\" style=\"text-align: justify;\"><span style=\"font-family: Arial; font-size: 10pt;\">Empresas em geral e as mais poluentes em particular possuem uma s\u00e9rie de problemas ambientais que v\u00e3o desde suas fontes poluidoras, destino de res\u00edduo e despejos perigosos, at\u00e9 o cumprimento da legisla\u00e7\u00e3o ambiental. Verdade \u00e9 que, muitas vezes, as empresas mal conseguem perceber suas defici\u00eancias em termos de meio ambiente, pois v\u00e1rios aspectos contribuem para isso, como por exemplo: <\/span><\/p>\n<ul>\n<li class=\"MsoNormal\" style=\"text-align: justify;\"><span style=\"font-family: Arial; font-size: 10pt;\"> Falta de percep\u00e7\u00e3o ou conscientiza\u00e7\u00e3o ecol\u00f3gica de dirigentes e colaboradores. <\/span><\/li>\n<li class=\"MsoNormal\" style=\"text-align: justify;\"><span style=\"font-family: Arial; font-size: 10pt;\">Forma tradicional de produ\u00e7\u00e3o, tratamento de efeitos poluidores no fim do processo industrial. <\/span><\/li>\n<li class=\"MsoNormal\" style=\"text-align: justify;\"><span style=\"font-family: Arial; font-size: 10pt;\">Redu\u00e7\u00e3o de despesas, a qualquer custo, em detrimento do meio ambiente.<\/span><\/li>\n<li class=\"MsoNormal\" style=\"text-align: justify;\"><span style=\"font-family: Arial; font-size: 10pt;\">Manuten\u00e7\u00e3o da competitividade em setores que em geral n\u00e3o cuidam das quest\u00f5es ambientais.<\/span><\/li>\n<li class=\"MsoNormal\" style=\"text-align: justify;\"><span style=\"font-family: Arial; font-size: 10pt;\">Falta de monitoramento ou fiscaliza\u00e7\u00e3o dos \u00f3rg\u00e3os ambientais competentes.<\/span><\/li>\n<li class=\"MsoNormal\" style=\"text-align: justify;\"><span style=\"font-family: Arial; font-size: 10pt;\">A avalia\u00e7\u00e3o ambiental inicial permite \u00e0s organiza\u00e7\u00f5es: <\/span><\/li>\n<li class=\"MsoNormal\" style=\"text-align: justify;\"><span style=\"font-family: Arial; font-size: 10pt;\"> Conhecer seu perfil e desempenho ambiental.<\/span><\/li>\n<li class=\"MsoNormal\" style=\"text-align: justify;\"><span style=\"font-family: Arial; font-size: 10pt;\">Adquirir experi\u00eancia na identifica\u00e7\u00e3o e an\u00e1lise de problemas ambientais. <\/span><\/li>\n<li class=\"MsoNormal\" style=\"text-align: justify;\"><span style=\"font-family: Arial; font-size: 10pt;\">Identificar pontos fracos que possibilitem obter benef\u00edcios ambientais e econ\u00f4micos, muitas vezes \u00f3bvios. <\/span><\/li>\n<li class=\"MsoNormal\" style=\"text-align: justify;\"><span style=\"font-family: Arial; font-size: 10pt;\">Tornar mais eficientes a utiliza\u00e7\u00e3o de mat\u00e9rias-primas e insumos. <\/span><\/li>\n<li class=\"MsoNormal\" style=\"text-align: justify;\"><span style=\"font-family: Arial; font-size: 10pt;\">Servir de subs\u00eddios para fixar a pol\u00edtica ambiental da organiza\u00e7\u00e3o. <\/span><\/li>\n<li class=\"MsoNormal\" style=\"text-align: justify;\"><span style=\"font-family: Arial; font-size: 10pt;\">A avalia\u00e7\u00e3o ambiental inicial pode ser executada com recursos humanos internos ou mediante a contrata\u00e7\u00e3o de servi\u00e7os de terceiros, quer seja com um especialista aut\u00f4nomo ou firma de consultoria. <\/span><\/li>\n<\/ul>\n<p class=\"MsoNormal\" style=\"text-align: justify;\"><span style=\"font-family: Arial; font-size: 10pt;\">Para a execu\u00e7\u00e3o da avalia\u00e7\u00e3o ambiental, podem ser usadas v\u00e1rias t\u00e9cnicas isoladamente ou de forma combinada &#8211; sempre depender\u00e1 da atividade ou organiza\u00e7\u00e3o a ser avaliada. As principais t\u00e9cnicas comuns para fazer a avalia\u00e7\u00e3o podem incluir: <\/span><\/p>\n<ul>\n<li class=\"MsoNormal\" style=\"text-align: justify;\"><span style=\"font-family: Arial; font-size: 10pt;\">Aplica\u00e7\u00e3o de question\u00e1rios previamente desenvolvidos para fins espec\u00edficos. <\/span><\/li>\n<li class=\"MsoNormal\" style=\"text-align: justify;\"><span style=\"font-family: Arial; font-size: 10pt;\">Realiza\u00e7\u00e3o de entrevistas dirigidas, com o devido registro dos resultados obtidos. <\/span><\/li>\n<li class=\"MsoNormal\" style=\"text-align: justify;\"><span style=\"font-family: Arial; font-size: 10pt;\">Utiliza\u00e7\u00e3o de listas de verifica\u00e7\u00e3o pertinentes \u00e0s caracter\u00edsticas da organiza\u00e7\u00e3o. Estas se mostram muito apropriadas para analisar atividades, linhas de produ\u00e7\u00e3o ou unidades fabris semelhantes, permitindo compara\u00e7\u00f5es. <\/span><\/li>\n<li class=\"MsoNormal\" style=\"text-align: justify;\"><span style=\"font-family: Arial; font-size: 10pt;\">Inspe\u00e7\u00f5es e medi\u00e7\u00f5es diretas em casos espec\u00edficos, como por exemplo: emiss\u00f5es atmosf\u00e9ricas, quantidades e qualidade de despejos. <\/span><\/li>\n<li class=\"MsoNormal\" style=\"text-align: justify;\"><span style=\"font-family: Arial; font-size: 10pt;\">Avalia\u00e7\u00e3o de registros de ocorr\u00eancias ambientais, como infra\u00e7\u00f5es, multas, etc. <\/span><\/li>\n<li class=\"MsoNormal\" style=\"text-align: justify;\"><span style=\"font-family: Arial; font-size: 10pt;\">Benchmarkingou seja, t\u00e9cnica de estudo das melhores pr\u00e1ticas, sejam elas de setores da pr\u00f3pria organiza\u00e7\u00e3o ou de terceiros, permitindo adot\u00e1-las ou aprimor\u00e1-las. <\/span><\/li>\n<\/ul>\n<p><span style=\"font-family: Arial; font-size: 10pt;\"><strong>Comprometimento e Pol\u00edtica Ambiental<\/strong><\/span><\/p>\n<p class=\"MsoNormal\" style=\"text-align: justify;\"><span style=\"font-family: Arial; font-size: 10pt;\">A pol\u00edtica ambiental deve estabelecer um senso geral de orienta\u00e7\u00e3o para as organiza\u00e7\u00f5es e simultaneamente fixar os princ\u00edpios de a\u00e7\u00e3o pertinentes aos assuntos e \u00e0 postura empresarial relacionados ao meio ambiente. <\/span><\/p>\n<p class=\"MsoNormal\" style=\"text-align: justify;\"><span style=\"font-family: Arial; font-size: 10pt;\">Tendo como base a avalia\u00e7\u00e3o ambiental inicial ou mesmo uma revis\u00e3o que permita saber onde e em que estado a organiza\u00e7\u00e3o se encontra em rela\u00e7\u00e3o \u00e0s quest\u00f5es ambientais, chegou a hora da empresa definir claramente aonde ela quer chegar. Nesse sentido, a organiza\u00e7\u00e3o discute, define e fixa o seu comprometimento e a respectiva pol\u00edtica ambiental. <\/span><\/p>\n<p class=\"MsoNormal\" style=\"text-align: justify;\"><span style=\"font-family: Arial; font-size: 10pt;\">O objetivo maior \u00e9 obter um comprometimento e uma pol\u00edtica ambiental definida para a organiza\u00e7\u00e3o. Ela n\u00e3o deve simplesmente conter declara\u00e7\u00f5es vagas; ela precisa ter um posicionamento definido e forte. Al\u00e9m da pol\u00edtica ambiental, empresas tamb\u00e9m adotam a miss\u00e3o de que em poucas palavras, exp\u00f5e seus prop\u00f3sitos. <\/span><\/p>\n<p class=\"MsoNormal\" style=\"text-align: justify;\"><span style=\"font-family: Arial; font-size: 10pt;\">A pol\u00edtica ambiental da organiza\u00e7\u00e3o deve necessariamente estar disseminada nos quatro pontos cardeais da empresa, ou seja, em todas as \u00e1reas administrativas e operativas e tamb\u00e9m deve estar incorporada em todas as hierarquias existentes, ou seja, de baixo para cima e de cima para baixo &#8211; da alta administra\u00e7\u00e3o at\u00e9 a produ\u00e7\u00e3o. <\/span><\/p>\n<p class=\"MsoNormal\" style=\"text-align: justify;\"><span style=\"font-family: Arial; font-size: 10pt;\">Ao adotar a pol\u00edtica ambiental, a organiza\u00e7\u00e3o deve escolher as \u00e1reas mais \u00f3bvias a serem focalizadas com rela\u00e7\u00e3o ao cumprimento da legisla\u00e7\u00e3o e das normas ambientais vigentes espec\u00edficas no que se refere a problemas e riscos ambientais potenciais da empresa.<\/span><\/p>\n<p class=\"MsoNormal\" style=\"text-align: justify;\"><span style=\"font-family: Arial; font-size: 10pt;\">A organiza\u00e7\u00e3o deve ter o cuidado de n\u00e3o ser demasiadamente gen\u00e9rica afirmando por exemplo: comprometemos-nos a cumprir a legisla\u00e7\u00e3o ambiental. \u00c9 \u00f3bvio que qualquer empresa, com ou sem pol\u00edtica ambiental declarada, deve obedecer a legisla\u00e7\u00e3o vigente.<\/span><\/p>\n<p class=\"MsoNormal\" style=\"text-align: justify;\"><span style=\"font-family: Arial; font-size: 10pt;\">O compromisso com o cumprimento e a conformidade \u00e9 de vital import\u00e2ncia para a organiza\u00e7\u00e3o, pois, em termos de gest\u00e3o ambiental, inclusive nos moldes das normas da s\u00e9rie ISO 14000, a ado\u00e7\u00e3o de um sistema de gest\u00e3o ambiental (SGA) \u00e9 volunt\u00e1ria, portanto nenhuma empresa \u00e9 obrigada a adotar uma pol\u00edtica ambiental ou procedimentos ambientais espont\u00e2neos, salvo em casos de requisitos exigidos por lei, como, por exemplo: licenciamento ambiental, controle de emiss\u00f5es, tratamento de res\u00edduos, etc.<\/span><\/p>\n<p class=\"MsoNormal\" style=\"text-align: justify;\"><span style=\"font-family: Arial; font-size: 10pt;\"><strong>Pol\u00edtica Ambiental<\/strong><\/span><\/p>\n<ul>\n<li class=\"MsoNormal\" style=\"text-align: justify;\"><span style=\"font-family: Arial; font-size: 10pt;\">A alta administra\u00e7\u00e3o deve definir a pol\u00edtica ambiental da organiza\u00e7\u00e3o e assegurar que ela: <\/span><\/li>\n<li class=\"MsoNormal\" style=\"text-align: justify;\"><span style=\"font-family: Arial; font-size: 10pt;\">Seja apropriada \u00e0 natureza, escala e impactos ambientais de suas atividades;<\/span><\/li>\n<li class=\"MsoNormal\" style=\"text-align: justify;\"><span style=\"font-family: Arial; font-size: 10pt;\">Inclua o comprometimento com a melhoria cont\u00ednua e com a preven\u00e7\u00e3o da polui\u00e7\u00e3o;<\/span><\/li>\n<li class=\"MsoNormal\" style=\"text-align: justify;\"><span style=\"font-family: Arial; font-size: 10pt;\">Inclua o comprometimento com o atendimento \u00e0 legisla\u00e7\u00e3o e normas ambientais aplic\u00e1veis e demais requisitos subscritos pela organiza\u00e7\u00e3o; <\/span><\/li>\n<li class=\"MsoNormal\" style=\"text-align: justify;\"><span style=\"font-family: Arial; font-size: 10pt;\">Forne\u00e7a a estrutura para o estabelecimento e revis\u00e3o dos objetivos e metas ambientais; <\/span><\/li>\n<li class=\"MsoNormal\" style=\"text-align: justify;\"><span style=\"font-family: Arial; font-size: 10pt;\">Seja documentada, implementada, mantida e comunicada a todos os empregados; <\/span><\/li>\n<li class=\"MsoNormal\" style=\"text-align: justify;\"><span style=\"font-family: Arial; font-size: 10pt;\">Esteja dispon\u00edvel para o p\u00fablico.<\/span><\/li>\n<\/ul>\n<p class=\"MsoNormal\" style=\"text-align: justify;\"><span style=\"font-family: Arial; font-size: 10pt;\"><strong>Normas ISO<\/strong><\/span><\/p>\n<p class=\"MsoNormal\" style=\"text-align: justify;\"><span style=\"font-family: Arial; font-size: 10pt;\">A <a href=\"http:\/\/www.abnt.org.br\/normalizacao\/lista-de-publicacoes\/normas-iso-e-iec-publicadas\" target=\"_blank\" rel=\"noopener noreferrer\">s\u00e9rie de normas ISO<\/a> relativas ao meio ambiente, denominada fam\u00edlia 14000, reflete uma das mais profundas transforma\u00e7\u00f5es culturais da humanidade neste s\u00e9culo. O impacto ambiental do desenvolvimento material e econ\u00f4mico gerou uma impressionante rea\u00e7\u00e3o em cadeia, iniciada no \u00e2mbito de entidades ecol\u00f3gicas, como o Greenpeace, e organiza\u00e7\u00f5es n\u00e3o-governamentais e disseminada rapidamente em toda a sociedade universal. Hoje, as empresas que menosprezam a consci\u00eancia ecol\u00f3gica s\u00e3o julgadas e condenadas sumariamente pela opini\u00e3o p\u00fablica, correndo s\u00e9rio risco de sobreviv\u00eancia. Rapidamente, percebeu-se que a gest\u00e3o ambiental, mais do que uma atitude politicamente correta, tornou-se uma indispens\u00e1vel vantagem competitiva. Os sistemas de gest\u00e3o ambiental passaram a ser desenvolvidos com maior \u00eanfase, na Europa e nos Estados Unidos, a partir da d\u00e9cada de 80, quando grandes acidentes, como Bhopal, na \u00cdndia, e Exxon Valdez, no Alasca, causaram impactos ambientais de grandes propor\u00e7\u00f5es e acirraram ainda mais a mobiliza\u00e7\u00e3o da sociedade em prol da ecologia. <\/span><\/p>\n<p class=\"MsoNormal\" style=\"text-align: justify;\"><span style=\"font-family: Arial; font-size: 10pt;\">Custos podem ser reduzidos com a economia de recursos naturais e diminui\u00e7\u00e3o dos res\u00edduos.<\/span><\/p>\n<p class=\"MsoNormal\" style=\"text-align: justify;\"><span style=\"font-family: Arial; font-size: 10pt;\">Foi nesse contexto que se iniciou, no \u00e2mbito do British Standards Institution (BSI), do Reino Unido, o desenvolvimento de uma norma voltada ao Sistema de Gest\u00e3o Ambiental. Esse modelo, denominado BS 7750 foi a base para o desenvolvimento da norma internacional<a href=\"https:\/\/cenedcursos.com.br\/meio-ambiente\/atualizacao-da-iso-14001\/\"> ISO 14001<\/a>, aprovada em 1996. Hoje, a nova norma caminha no sentido de atingir a import\u00e2ncia da ISO 9000 (relativa aos sistemas de qualidade), como requisito para o ingresso das empresas no com\u00e9rcio internacional. <\/span><\/p>\n<p class=\"MsoNormal\" style=\"text-align: justify;\"><span style=\"font-family: Arial; font-size: 10pt;\">O desenvolvimento de todo esse processo teve outro aspecto importante, ao demonstrar que o correto estabelecimento da gest\u00e3o ambiental, al\u00e9m de responder \u00e0s exig\u00eancias da comunidade mundial e do consumidor-cidad\u00e3o, tamb\u00e9m oferece \u00e0s organiza\u00e7\u00f5es vantagens competitivas matematicamente mensur\u00e1veis: redu\u00e7\u00e3o de custos, em fun\u00e7\u00e3o da economia de recursos naturais e diminui\u00e7\u00e3o da gera\u00e7\u00e3o de res\u00edduos; possibilidades de conquistar mercados restritos, como o da Uni\u00e3o Europ\u00e9ia; economia de recursos pertinentes a indeniza\u00e7\u00f5es por responsabilidade civil; mais facilidade para a obten\u00e7\u00e3o de financiamentos junto a organismos multilaterais de cr\u00e9dito, como o Banco Mundial (Bird), Banco lnteramericano de Desenvolvimento (BID) e Banco Nacional de Desenvolvimento Econ\u00f4mico e Social (BNDES); e atendimento \u00e0s legisla\u00e7\u00f5es inerentes ao meio ambiente. <\/span><\/p>\n<p class=\"MsoNormal\" style=\"text-align: justify;\"><span style=\"font-family: Arial; font-size: 10pt;\">Todas essas vantagens t\u00eam sido alcan\u00e7adas pelas empresas que estabelecem modelos de gest\u00e3o ambiental baseados na ISO 14001. A quest\u00e3o, contudo, transcende o universo empresarial, pois a dissemina\u00e7\u00e3o da norma tamb\u00e9m deve ser analisada num contexto mais amplo: \u00e0 medida que a grande maioria do parque produtivo, do Brasil e do mundo, estiver manejando de forma adequada a sua rela\u00e7\u00e3o com a ecologia, mais pr\u00f3xima estar\u00e1 a sociedade humana do conceito ideal de desenvolvimento sustentado e de manuten\u00e7\u00e3o de um habitat prop\u00edcio \u00e0 qualidade de vida.<\/span><\/p>\n<p class=\"MsoNormal\" style=\"text-align: justify;\"><span style=\"font-family: Arial; font-size: 10pt;\"><strong>O que diz a NBR-ISO 14.001<\/strong><\/span><\/p>\n<p class=\"MsoNormal\" style=\"text-align: justify;\"><span style=\"font-family: Arial; font-size: 10pt;\">O desempenho ambiental de uma companhia pode ter um impacto significativo em seu sucesso. A ISO 14001 \u00e9 a norma internacionalmente reconhecida para Sistemas de Gest\u00e3o Ambiental (SGA).<\/span><\/p>\n<p class=\"MsoNormal\" style=\"text-align: justify;\"><span style=\"font-family: Arial; font-size: 10pt;\"> A certifica\u00e7\u00e3o pode:<\/span><\/p>\n<ul>\n<li class=\"MsoNormal\" style=\"text-align: justify;\"><span style=\"font-family: Arial; font-size: 10pt;\">Demonstrar altos padr\u00f5es ambientais<\/span><\/li>\n<li class=\"MsoNormal\" style=\"text-align: justify;\"><span style=\"font-family: Arial; font-size: 10pt;\">Demonstrar a conformidade com a legisla\u00e7\u00e3o<\/span><\/li>\n<li class=\"MsoNormal\" style=\"text-align: justify;\"><span style=\"font-family: Arial; font-size: 10pt;\">Reduzir custos<\/span><\/li>\n<li class=\"MsoNormal\" style=\"text-align: justify;\"><span style=\"font-family: Arial; font-size: 10pt;\">Melhorar a efici\u00eancia<\/span><\/li>\n<\/ul>\n<p class=\"MsoNormal\" style=\"text-align: justify;\"><span style=\"font-family: Arial; font-size: 10pt;\"><strong>O que \u00e9 ISO 14001?<\/strong><\/span><\/p>\n<p class=\"MsoNormal\" style=\"text-align: justify;\"><span style=\"font-family: Arial; font-size: 10pt;\">ISO 14001 \u00e9 uma norma internacional que especifica um processo para controlar e melhorar o desempenho ambiental de uma companhia.<\/span><\/p>\n<p class=\"MsoNormal\" style=\"text-align: justify;\"><span style=\"font-family: Arial; font-size: 10pt;\"><strong>A ISO 14001 consiste de<\/strong>:<\/span><\/p>\n<ul>\n<li class=\"MsoNormal\" style=\"text-align: justify;\"><span style=\"font-family: arial, helvetica, sans-serif; font-size: 10pt;\">Requisitos gerais<\/span><\/li>\n<li class=\"MsoNormal\" style=\"text-align: justify;\"><span style=\"font-family: arial, helvetica, sans-serif; font-size: 10pt;\">Pol\u00edtica ambiental<\/span><\/li>\n<li class=\"MsoNormal\" style=\"text-align: justify;\"><span style=\"font-family: arial, helvetica, sans-serif; font-size: 10pt;\">Planejamento<\/span><\/li>\n<li class=\"MsoNormal\" style=\"text-align: justify;\"><span style=\"font-family: arial, helvetica, sans-serif; font-size: 10pt;\">Implementa\u00e7\u00e3o e opera\u00e7\u00e3o<\/span><\/li>\n<li class=\"MsoNormal\" style=\"text-align: justify;\"><span style=\"font-family: arial, helvetica, sans-serif; font-size: 10pt;\">Verifica\u00e7\u00e3o e a\u00e7\u00e3o corretiva<\/span><\/li>\n<li class=\"MsoNormal\" style=\"text-align: justify;\"><span style=\"font-family: arial, helvetica, sans-serif; font-size: 10pt;\">An\u00e1lise cr\u00edtica pela administra\u00e7\u00e3o<\/span><\/li>\n<\/ul>\n<p class=\"MsoNormal\" style=\"text-align: justify;\"><span style=\"font-family: Arial; font-size: 10pt;\"><strong><span style=\"line-height: 115%;\"> Isto significa que voc\u00ea<\/span><\/strong>:<\/span><\/p>\n<p class=\"MsoNormal\" style=\"text-align: justify;\"><span style=\"font-family: Arial; font-size: 10pt;\"> Identifica elementos de seu neg\u00f3cio que causam impacto no meio ambiente e providencia o acesso \u00e0 legisla\u00e7\u00e3o ambiental relevante.<\/span><\/p>\n<p class=\"MsoNormal\" style=\"text-align: justify;\"><span style=\"font-family: Arial; font-size: 10pt;\"> Prepara objetivos de melhoria e um programa de gest\u00e3o para atingi-los, com an\u00e1lises cr\u00edticas regulares para melhoria cont\u00ednua<\/span><\/p>\n<p class=\"MsoNormal\" style=\"text-align: justify;\"><span style=\"font-family: Arial; font-size: 10pt;\"><strong>T\u00e9cnicas e Procedimentos para serem seguidas pela Empresa<\/strong><\/span><\/p>\n<p class=\"MsoNormal\" style=\"text-align: justify;\"><span style=\"font-family: Arial; font-size: 10pt;\">Os principais procedimentos para avaliar a adequa\u00e7\u00e3o das atividades aos preceitos ambientais, envolvem:<\/span><\/p>\n<ul>\n<li class=\"MsoNormal\" style=\"text-align: justify;\"><span style=\"font-family: Arial; font-size: 10pt;\">Levantamento das exig\u00eancias legais<\/span><\/li>\n<li class=\"MsoNormal\" style=\"text-align: justify;\"><span style=\"font-family: Arial; font-size: 10pt;\">Aplica\u00e7\u00e3o de normas t\u00e9cnicas da ABNT<\/span><\/li>\n<li class=\"MsoNormal\" style=\"text-align: justify;\"><span style=\"font-family: Arial; font-size: 10pt;\">Levantamento de informa\u00e7\u00f5es em documentos dispon\u00edveis<\/span><\/li>\n<li class=\"MsoNormal\" style=\"text-align: justify;\"><span style=\"font-family: Arial; font-size: 10pt;\">Levantamento de informa\u00e7\u00f5es nas unidades e instala\u00e7\u00f5es- Vistorias espec\u00edficas<\/span><\/li>\n<li class=\"MsoNormal\" style=\"text-align: justify;\"><span style=\"font-family: Arial; font-size: 10pt;\">Prospec\u00e7\u00e3o de pend\u00eancias ambientais em \u00f3rg\u00e3os federais, estaduais e municipais<\/span><\/li>\n<li class=\"MsoNormal\" style=\"text-align: justify;\"><span style=\"font-family: Arial; font-size: 10pt;\">Obten\u00e7\u00e3o de certid\u00f5es negativas nos Cart\u00f3rios Distribuidores de Comarca<\/span><\/li>\n<li class=\"MsoNormal\" style=\"text-align: justify;\"><span style=\"font-family: Arial; font-size: 10pt;\">Obten\u00e7\u00e3o de certid\u00f5es negativas na Justi\u00e7a Federal e Estadual<\/span><\/li>\n<li class=\"MsoNormal\" style=\"text-align: justify;\"><span style=\"font-family: Arial; font-size: 10pt;\">Coleta de informa\u00e7\u00f5es na vizinhan\u00e7a e nas comunidades<\/span><\/li>\n<li class=\"MsoNormal\" style=\"text-align: justify;\"><span style=\"font-family: Arial; font-size: 10pt;\">Consultas a organiza\u00e7\u00f5es n\u00e3o-governamentais (ONG<\/span><\/li>\n<li class=\"MsoNormal\" style=\"text-align: justify;\"><span style=\"font-family: Arial; font-size: 10pt;\">Obten\u00e7\u00e3o de informa\u00e7\u00f5es complementares em fontes gen\u00e9ricas e espec\u00edficas<\/span><\/li>\n<li class=\"MsoNormal\" style=\"text-align: justify;\"><span style=\"font-family: Arial; font-size: 10pt;\">Realiza\u00e7\u00e3o de an\u00e1lises f\u00edsico-qu\u00edmicas de \u00e1gua, solo, ar, instala\u00e7\u00f5es (paredes, forro)<\/span><\/li>\n<li class=\"MsoNormal\" style=\"text-align: justify;\"><span style=\"font-family: Arial; font-size: 10pt;\">Levantamento de informa\u00e7\u00f5es complementares no \u201cdata room\u201d<\/span><\/li>\n<li class=\"MsoNormal\" style=\"text-align: justify;\"><span style=\"font-family: Arial; font-size: 10pt;\">Organiza\u00e7\u00e3o e an\u00e1lise dos dados levantados<\/span><\/li>\n<li class=\"MsoNormal\" style=\"text-align: justify;\"><span style=\"font-family: Arial; font-size: 10pt;\">Avalia\u00e7\u00e3o qualitativa e quantitativa do passivo ambiental<\/span><\/li>\n<li class=\"MsoNormal\" style=\"text-align: justify;\"><span style=\"font-family: Arial; font-size: 10pt;\">Elabora\u00e7\u00e3o do relat\u00f3rio de avalia\u00e7\u00e3o do passivo ambiental<\/span><\/li>\n<li class=\"MsoNormal\" style=\"text-align: justify;\"><span style=\"font-family: Arial; font-size: 10pt;\">Elabora\u00e7\u00e3o de planos e programas para eliminar as pend\u00eancias ambientais existentes<\/span><\/li>\n<li class=\"MsoNormal\" style=\"text-align: justify;\"><span style=\"font-family: Arial; font-size: 10pt;\">Ado\u00e7\u00e3o e pr\u00e1ticas de atitudes pr\u00f3-ativas para evitar a forma\u00e7\u00e3o de novos passivos ambientais<\/span><\/li>\n<\/ul>\n<p><span style=\"font-family: Arial; font-size: 10pt;\"> <strong><span style=\"line-height: 115%;\">Elementos auxiliares e de apoio<\/span><\/strong><\/span><\/p>\n<ul>\n<li class=\"MsoNormal\" style=\"text-align: justify;\"><span style=\"font-family: Arial; font-size: 10pt;\">Legisla\u00e7\u00e3o ambiental e normas t\u00e9cnicas<\/span><\/li>\n<li class=\"MsoNormal\" style=\"text-align: justify;\"><span style=\"font-family: Arial; font-size: 10pt;\">Listas de verifica\u00e7\u00e3o ambiental<\/span><\/li>\n<li class=\"MsoNormal\" style=\"text-align: justify;\"><span style=\"font-family: Arial; font-size: 10pt;\">AA &#8211; Auditoria Ambiental<\/span><\/li>\n<li class=\"MsoNormal\" style=\"text-align: justify;\"><span style=\"font-family: Arial; font-size: 10pt;\">EIA\/RIMA &#8211; Estudo e Relat\u00f3rio de Impacto Ambiental<\/span><\/li>\n<li class=\"MsoNormal\" style=\"text-align: justify;\"><span style=\"font-family: Arial; font-size: 10pt;\">PBA \u2013 Programa B\u00e1sico IniciaL<\/span><\/li>\n<li class=\"MsoNormal\" style=\"text-align: justify;\"><span style=\"font-family: Arial; font-size: 10pt;\">AAI \u2013 Avalia\u00e7\u00e3o Ambiental Inicial<\/span><\/li>\n<li class=\"MsoNormal\" style=\"text-align: justify;\"><span style=\"font-family: Arial; font-size: 10pt;\">ADA \u2013 Avalia\u00e7\u00e3o de Desempenho Ambiental<\/span><\/li>\n<li class=\"MsoNormal\" style=\"text-align: justify;\"><span style=\"font-family: Arial; font-size: 10pt;\">ACV \u2013 An\u00e1lise do Ciclo de Vida<\/span><\/li>\n<li class=\"MsoNormal\" style=\"text-align: justify;\"><span style=\"font-family: Arial; font-size: 10pt;\">ARA \u2013 An\u00e1lise de Risco Ambiental<\/span><\/li>\n<\/ul>\n<p><span style=\"font-family: Arial; font-size: 10pt;\"> A postura do Brasil diante de todo esse processo \u00e9 um bom exemplo do significado que o sistema de gest\u00e3o ambiental assume neste final de mil\u00eanio. As normas ISO pertinentes \u00e0 qualidade surgiram na Europa em 1987. Somente tr\u00eas anos depois come\u00e7aram, timidamente, a ser disseminadas no Pa\u00eds, que tamb\u00e9m n\u00e3o participou de seu desenvolvimento. Agora, \u00e9 verdade, os sistemas de qualidade j\u00e1 s\u00e3o vistos aqui com sua devida import\u00e2ncia, at\u00e9 porque se tornaram imprescind\u00edveis nos mercados interno e externo. J\u00e1 a norma 14001 contou com a participa\u00e7\u00e3o brasileira em sua formata\u00e7\u00e3o e chegou aqui quase simultaneamente \u00e0 sua implanta\u00e7\u00e3o nas na\u00e7\u00f5es desenvolvidas. O Pa\u00eds conta, inclusive, com organismos certificadores cujos atestados t\u00eam validade internacional. Assim, em termos de gest\u00e3o ambiental, o parque produtivo brasileiro conta com instrumentos que o equiparam \u00e0s empresas de todo o mundo na compulsiva luta pela conquista dos mercados globais.<\/span><\/p>\n<p class=\"MsoNormal\" style=\"text-align: justify;\"><span style=\"font-family: Arial; font-size: 10pt;\"><strong>CONCLUS\u00c3O<\/strong><\/span><\/p>\n<p class=\"MsoNormal\" style=\"text-align: justify;\"><span style=\"font-family: Arial; font-size: 10pt;\">Al\u00e9m das imposi\u00e7\u00f5es da legisla\u00e7\u00e3o, as empresas vem sendo pressionadas pela sociedade e mercados consumidores que exigem delas certos comportamentos que se traduzem em normas e regulamentos. A ISO procura desenvolver normaliza\u00e7\u00e3o atrav\u00e9s de acordos t\u00e9cnicos internacionais associando-se \u00e0s entidades de normaliza\u00e7\u00e3o de cada pa\u00eds. No Brasil a ISO \u00e9 representada pela ABNT \u2013 ASSOCIA\u00c7AO BRASILEIRA DE NORMAS T\u00c9CNICAS. <\/span><\/p>\n<p class=\"MsoNormal\" style=\"text-align: justify;\"><span style=\"font-family: Arial; font-size: 10pt;\">Empresa recebe o certificado ap\u00f3s implantar Sistemas de Gest\u00e3o Ambiental ligados \u00e0 qualidade do ar, da \u00e1gua e do solo e a certificadora realizar\u00e1 auditorias de acompanhamento para manuten\u00e7\u00e3o uma vez por ano. Caso haja o deterioramento de alguns dos padr\u00f5es estabelecidos, a empresa pode perder o certificado ISO 14000. Auditorias de renova\u00e7\u00e3o s\u00e3o feitas a cada 3 anos. \u00c8 dever do INMETRO fiscalizar as certificadoras.<\/span><\/p>\n<p class=\"MsoNormal\" style=\"text-align: justify;\"><span style=\"font-family: Arial; font-size: 10pt;\">Um dos est\u00edmulos para empresas buscarem esta certifica\u00e7\u00e3o est\u00e1 na press\u00e3o internacional por produtos ecologicamente mais corretos.<\/span><\/p>\n<p class=\"MsoNormal\" style=\"text-align: justify;\"><span style=\"font-family: Arial; font-size: 10pt;\">Promover o Desenvolvimento Sustent\u00e1vel que n\u00e3o gera graves problemas ambientais, transformou-se no grande des\u00e1gio para o setor produtivo.<\/span><\/p>\n<p class=\"MsoNormal\" style=\"text-align: justify;\"><span style=\"font-family: Arial; font-size: 10pt;\">Para tanto, come\u00e7aram a se estruturar visando reduzir as press\u00f5es ambientais negativas de seus produtos e processos.<\/span><\/p>\n<p class=\"MsoNormal\" style=\"text-align: justify;\"><span style=\"font-family: Arial; font-size: 10pt;\">A s\u00e9rie ISO 14000 \u00e9 um dos instrumentos que responde a esta demanda.<\/span><\/p>\n<p style=\"text-align: right;\"><span style=\"font-size: 10pt; font-family: arial,helvetica,sans-serif;\"><em><strong>Autoria: An\u00e9lia de Moraes Canedo<\/strong><\/em><\/span><\/p>\n","protected":false},"excerpt":{"rendered":"<p>O Sistema de Gest\u00e3o Ambiental \u00e9 uma importante ferramenta que visa a sustentabilidade nas empresas. Introdu\u00e7\u00e3o A amea\u00e7a \u00e0 sobreviv\u00eancia humana em face da degrada\u00e7\u00e3o dos recursos naturais, a extin\u00e7\u00e3o das esp\u00e9cies da fauna e flora, o aquecimento da temperatura devido \u00e0 emiss\u00e3o de gases poluentes fizeram a quest\u00e3o ambiental ocupar um lugar de destaque [&hellip;]<\/p>\n","protected":false},"author":1,"featured_media":0,"comment_status":"open","ping_status":"open","sticky":false,"template":"","format":"standard","meta":{"_jetpack_memberships_contains_paid_content":false,"footnotes":""},"categories":[494],"tags":[809,855],"class_list":{"0":"post-335","1":"post","2":"type-post","3":"status-publish","4":"format-standard","6":"category-gestao-ambiental-textos","7":"tag-gestao-ambiental","8":"tag-iso-14000"},"yoast_head":"<!-- This site is optimized with the Yoast SEO plugin v25.1 - https:\/\/yoast.com\/wordpress\/plugins\/seo\/ -->\n<title>Sistema de Gest\u00e3o Ambiental nas empresas - CENED Cursos Ambientais<\/title>\n<meta name=\"description\" content=\"O processo de implementa\u00e7\u00e3o de um sistema de gest\u00e3o ambiental come\u00e7a pela avalia\u00e7\u00e3o ambiental inicial. Na pr\u00e1tica, esse procedimento pode ser realizado...\" \/>\n<meta name=\"robots\" content=\"index, follow, max-snippet:-1, max-image-preview:large, max-video-preview:-1\" \/>\n<link rel=\"canonical\" href=\"https:\/\/cenedcursos.com.br\/meio-ambiente\/sistema-de-gestao-ambiental-nas-empresas\/\" \/>\n<meta property=\"og:locale\" content=\"pt_BR\" \/>\n<meta property=\"og:type\" content=\"article\" \/>\n<meta property=\"og:title\" content=\"Sistema de Gest\u00e3o Ambiental nas empresas - CENED Cursos Ambientais\" \/>\n<meta property=\"og:description\" content=\"O processo de implementa\u00e7\u00e3o de um sistema de gest\u00e3o ambiental come\u00e7a pela avalia\u00e7\u00e3o ambiental inicial. Na pr\u00e1tica, esse procedimento pode ser realizado...\" \/>\n<meta property=\"og:url\" content=\"https:\/\/cenedcursos.com.br\/meio-ambiente\/sistema-de-gestao-ambiental-nas-empresas\/\" \/>\n<meta property=\"og:site_name\" content=\"CENED Cursos Online\" \/>\n<meta property=\"article:published_time\" content=\"2008-08-21T21:15:32+00:00\" \/>\n<meta property=\"article:modified_time\" content=\"2025-05-23T17:57:42+00:00\" \/>\n<meta property=\"og:image\" content=\"https:\/\/www.cenedcursos.com.br\/meio-ambiente\/wp-content\/uploads\/2008\/08\/sistema-gestao-ambiental-300x300.png\" \/>\n<meta name=\"author\" content=\"Amarildo R. Ferrari\" \/>\n<meta name=\"twitter:card\" content=\"summary_large_image\" \/>\n<meta name=\"twitter:label1\" content=\"Escrito por\" \/>\n\t<meta name=\"twitter:data1\" content=\"Amarildo R. Ferrari\" \/>\n\t<meta name=\"twitter:label2\" content=\"Est. tempo de leitura\" \/>\n\t<meta name=\"twitter:data2\" content=\"19 minutos\" \/>\n<script type=\"application\/ld+json\" class=\"yoast-schema-graph\">{\"@context\":\"https:\/\/schema.org\",\"@graph\":[{\"@type\":\"WebPage\",\"@id\":\"https:\/\/cenedcursos.com.br\/meio-ambiente\/sistema-de-gestao-ambiental-nas-empresas\/\",\"url\":\"https:\/\/cenedcursos.com.br\/meio-ambiente\/sistema-de-gestao-ambiental-nas-empresas\/\",\"name\":\"Sistema de Gest\u00e3o Ambiental nas empresas - CENED Cursos Ambientais\",\"isPartOf\":{\"@id\":\"https:\/\/cenedcursos.com.br\/meio-ambiente\/#website\"},\"primaryImageOfPage\":{\"@id\":\"https:\/\/cenedcursos.com.br\/meio-ambiente\/sistema-de-gestao-ambiental-nas-empresas\/#primaryimage\"},\"image\":{\"@id\":\"https:\/\/cenedcursos.com.br\/meio-ambiente\/sistema-de-gestao-ambiental-nas-empresas\/#primaryimage\"},\"thumbnailUrl\":\"https:\/\/www.cenedcursos.com.br\/meio-ambiente\/wp-content\/uploads\/2008\/08\/sistema-gestao-ambiental-300x300.png\",\"datePublished\":\"2008-08-21T21:15:32+00:00\",\"dateModified\":\"2025-05-23T17:57:42+00:00\",\"author\":{\"@id\":\"https:\/\/cenedcursos.com.br\/meio-ambiente\/#\/schema\/person\/64377d24cdc16779a1eb6229894af388\"},\"description\":\"O processo de implementa\u00e7\u00e3o de um sistema de gest\u00e3o ambiental come\u00e7a pela avalia\u00e7\u00e3o ambiental inicial. Na pr\u00e1tica, esse procedimento pode ser realizado...\",\"breadcrumb\":{\"@id\":\"https:\/\/cenedcursos.com.br\/meio-ambiente\/sistema-de-gestao-ambiental-nas-empresas\/#breadcrumb\"},\"inLanguage\":\"pt-BR\",\"potentialAction\":[{\"@type\":\"ReadAction\",\"target\":[\"https:\/\/cenedcursos.com.br\/meio-ambiente\/sistema-de-gestao-ambiental-nas-empresas\/\"]}]},{\"@type\":\"ImageObject\",\"inLanguage\":\"pt-BR\",\"@id\":\"https:\/\/cenedcursos.com.br\/meio-ambiente\/sistema-de-gestao-ambiental-nas-empresas\/#primaryimage\",\"url\":\"https:\/\/www.cenedcursos.com.br\/meio-ambiente\/wp-content\/uploads\/2008\/08\/sistema-gestao-ambiental-300x300.png\",\"contentUrl\":\"https:\/\/www.cenedcursos.com.br\/meio-ambiente\/wp-content\/uploads\/2008\/08\/sistema-gestao-ambiental-300x300.png\"},{\"@type\":\"BreadcrumbList\",\"@id\":\"https:\/\/cenedcursos.com.br\/meio-ambiente\/sistema-de-gestao-ambiental-nas-empresas\/#breadcrumb\",\"itemListElement\":[{\"@type\":\"ListItem\",\"position\":1,\"name\":\"In\u00edcio\",\"item\":\"https:\/\/cenedcursos.com.br\/meio-ambiente\/\"},{\"@type\":\"ListItem\",\"position\":2,\"name\":\"Sistema de Gest\u00e3o Ambiental nas empresas\"}]},{\"@type\":\"WebSite\",\"@id\":\"https:\/\/cenedcursos.com.br\/meio-ambiente\/#website\",\"url\":\"https:\/\/cenedcursos.com.br\/meio-ambiente\/\",\"name\":\"CENED Cursos Online\",\"description\":\"Aqui voc\u00ea encontra artigos em diversas \u00e1reas do conhecimento: meio ambiente, educa\u00e7\u00e3o, marketing digital, neg\u00f3cios online e muito mais.\",\"potentialAction\":[{\"@type\":\"SearchAction\",\"target\":{\"@type\":\"EntryPoint\",\"urlTemplate\":\"https:\/\/cenedcursos.com.br\/meio-ambiente\/?s={search_term_string}\"},\"query-input\":{\"@type\":\"PropertyValueSpecification\",\"valueRequired\":true,\"valueName\":\"search_term_string\"}}],\"inLanguage\":\"pt-BR\"},{\"@type\":\"Person\",\"@id\":\"https:\/\/cenedcursos.com.br\/meio-ambiente\/#\/schema\/person\/64377d24cdc16779a1eb6229894af388\",\"name\":\"Amarildo R. Ferrari\",\"image\":{\"@type\":\"ImageObject\",\"inLanguage\":\"pt-BR\",\"@id\":\"https:\/\/cenedcursos.com.br\/meio-ambiente\/#\/schema\/person\/image\/\",\"url\":\"https:\/\/secure.gravatar.com\/avatar\/6ea4248ca9f295c93f1b72f8398232f0fbbffe30349e6ec3839cfa5e09b0de3c?s=96&d=mm&r=g\",\"contentUrl\":\"https:\/\/secure.gravatar.com\/avatar\/6ea4248ca9f295c93f1b72f8398232f0fbbffe30349e6ec3839cfa5e09b0de3c?s=96&d=mm&r=g\",\"caption\":\"Amarildo R. Ferrari\"},\"sameAs\":[\"https:\/\/cenedcursos.com.br\/meio-ambiente\"],\"url\":\"https:\/\/cenedcursos.com.br\/meio-ambiente\/author\/admin\/\"}]}<\/script>\n<!-- \/ Yoast SEO plugin. -->","yoast_head_json":{"title":"Sistema de Gest\u00e3o Ambiental nas empresas - CENED Cursos Ambientais","description":"O processo de implementa\u00e7\u00e3o de um sistema de gest\u00e3o ambiental come\u00e7a pela avalia\u00e7\u00e3o ambiental inicial. Na pr\u00e1tica, esse procedimento pode ser realizado...","robots":{"index":"index","follow":"follow","max-snippet":"max-snippet:-1","max-image-preview":"max-image-preview:large","max-video-preview":"max-video-preview:-1"},"canonical":"https:\/\/cenedcursos.com.br\/meio-ambiente\/sistema-de-gestao-ambiental-nas-empresas\/","og_locale":"pt_BR","og_type":"article","og_title":"Sistema de Gest\u00e3o Ambiental nas empresas - CENED Cursos Ambientais","og_description":"O processo de implementa\u00e7\u00e3o de um sistema de gest\u00e3o ambiental come\u00e7a pela avalia\u00e7\u00e3o ambiental inicial. Na pr\u00e1tica, esse procedimento pode ser realizado...","og_url":"https:\/\/cenedcursos.com.br\/meio-ambiente\/sistema-de-gestao-ambiental-nas-empresas\/","og_site_name":"CENED Cursos Online","article_published_time":"2008-08-21T21:15:32+00:00","article_modified_time":"2025-05-23T17:57:42+00:00","og_image":[{"url":"https:\/\/www.cenedcursos.com.br\/meio-ambiente\/wp-content\/uploads\/2008\/08\/sistema-gestao-ambiental-300x300.png","type":"","width":"","height":""}],"author":"Amarildo R. Ferrari","twitter_card":"summary_large_image","twitter_misc":{"Escrito por":"Amarildo R. Ferrari","Est. tempo de leitura":"19 minutos"},"schema":{"@context":"https:\/\/schema.org","@graph":[{"@type":"WebPage","@id":"https:\/\/cenedcursos.com.br\/meio-ambiente\/sistema-de-gestao-ambiental-nas-empresas\/","url":"https:\/\/cenedcursos.com.br\/meio-ambiente\/sistema-de-gestao-ambiental-nas-empresas\/","name":"Sistema de Gest\u00e3o Ambiental nas empresas - CENED Cursos Ambientais","isPartOf":{"@id":"https:\/\/cenedcursos.com.br\/meio-ambiente\/#website"},"primaryImageOfPage":{"@id":"https:\/\/cenedcursos.com.br\/meio-ambiente\/sistema-de-gestao-ambiental-nas-empresas\/#primaryimage"},"image":{"@id":"https:\/\/cenedcursos.com.br\/meio-ambiente\/sistema-de-gestao-ambiental-nas-empresas\/#primaryimage"},"thumbnailUrl":"https:\/\/www.cenedcursos.com.br\/meio-ambiente\/wp-content\/uploads\/2008\/08\/sistema-gestao-ambiental-300x300.png","datePublished":"2008-08-21T21:15:32+00:00","dateModified":"2025-05-23T17:57:42+00:00","author":{"@id":"https:\/\/cenedcursos.com.br\/meio-ambiente\/#\/schema\/person\/64377d24cdc16779a1eb6229894af388"},"description":"O processo de implementa\u00e7\u00e3o de um sistema de gest\u00e3o ambiental come\u00e7a pela avalia\u00e7\u00e3o ambiental inicial. Na pr\u00e1tica, esse procedimento pode ser realizado...","breadcrumb":{"@id":"https:\/\/cenedcursos.com.br\/meio-ambiente\/sistema-de-gestao-ambiental-nas-empresas\/#breadcrumb"},"inLanguage":"pt-BR","potentialAction":[{"@type":"ReadAction","target":["https:\/\/cenedcursos.com.br\/meio-ambiente\/sistema-de-gestao-ambiental-nas-empresas\/"]}]},{"@type":"ImageObject","inLanguage":"pt-BR","@id":"https:\/\/cenedcursos.com.br\/meio-ambiente\/sistema-de-gestao-ambiental-nas-empresas\/#primaryimage","url":"https:\/\/www.cenedcursos.com.br\/meio-ambiente\/wp-content\/uploads\/2008\/08\/sistema-gestao-ambiental-300x300.png","contentUrl":"https:\/\/www.cenedcursos.com.br\/meio-ambiente\/wp-content\/uploads\/2008\/08\/sistema-gestao-ambiental-300x300.png"},{"@type":"BreadcrumbList","@id":"https:\/\/cenedcursos.com.br\/meio-ambiente\/sistema-de-gestao-ambiental-nas-empresas\/#breadcrumb","itemListElement":[{"@type":"ListItem","position":1,"name":"In\u00edcio","item":"https:\/\/cenedcursos.com.br\/meio-ambiente\/"},{"@type":"ListItem","position":2,"name":"Sistema de Gest\u00e3o Ambiental nas empresas"}]},{"@type":"WebSite","@id":"https:\/\/cenedcursos.com.br\/meio-ambiente\/#website","url":"https:\/\/cenedcursos.com.br\/meio-ambiente\/","name":"CENED Cursos Online","description":"Aqui voc\u00ea encontra artigos em diversas \u00e1reas do conhecimento: meio ambiente, educa\u00e7\u00e3o, marketing digital, neg\u00f3cios online e muito mais.","potentialAction":[{"@type":"SearchAction","target":{"@type":"EntryPoint","urlTemplate":"https:\/\/cenedcursos.com.br\/meio-ambiente\/?s={search_term_string}"},"query-input":{"@type":"PropertyValueSpecification","valueRequired":true,"valueName":"search_term_string"}}],"inLanguage":"pt-BR"},{"@type":"Person","@id":"https:\/\/cenedcursos.com.br\/meio-ambiente\/#\/schema\/person\/64377d24cdc16779a1eb6229894af388","name":"Amarildo R. Ferrari","image":{"@type":"ImageObject","inLanguage":"pt-BR","@id":"https:\/\/cenedcursos.com.br\/meio-ambiente\/#\/schema\/person\/image\/","url":"https:\/\/secure.gravatar.com\/avatar\/6ea4248ca9f295c93f1b72f8398232f0fbbffe30349e6ec3839cfa5e09b0de3c?s=96&d=mm&r=g","contentUrl":"https:\/\/secure.gravatar.com\/avatar\/6ea4248ca9f295c93f1b72f8398232f0fbbffe30349e6ec3839cfa5e09b0de3c?s=96&d=mm&r=g","caption":"Amarildo R. Ferrari"},"sameAs":["https:\/\/cenedcursos.com.br\/meio-ambiente"],"url":"https:\/\/cenedcursos.com.br\/meio-ambiente\/author\/admin\/"}]}},"jetpack_featured_media_url":"","jetpack_sharing_enabled":true,"_links":{"self":[{"href":"https:\/\/cenedcursos.com.br\/meio-ambiente\/wp-json\/wp\/v2\/posts\/335","targetHints":{"allow":["GET"]}}],"collection":[{"href":"https:\/\/cenedcursos.com.br\/meio-ambiente\/wp-json\/wp\/v2\/posts"}],"about":[{"href":"https:\/\/cenedcursos.com.br\/meio-ambiente\/wp-json\/wp\/v2\/types\/post"}],"author":[{"embeddable":true,"href":"https:\/\/cenedcursos.com.br\/meio-ambiente\/wp-json\/wp\/v2\/users\/1"}],"replies":[{"embeddable":true,"href":"https:\/\/cenedcursos.com.br\/meio-ambiente\/wp-json\/wp\/v2\/comments?post=335"}],"version-history":[{"count":0,"href":"https:\/\/cenedcursos.com.br\/meio-ambiente\/wp-json\/wp\/v2\/posts\/335\/revisions"}],"wp:attachment":[{"href":"https:\/\/cenedcursos.com.br\/meio-ambiente\/wp-json\/wp\/v2\/media?parent=335"}],"wp:term":[{"taxonomy":"category","embeddable":true,"href":"https:\/\/cenedcursos.com.br\/meio-ambiente\/wp-json\/wp\/v2\/categories?post=335"},{"taxonomy":"post_tag","embeddable":true,"href":"https:\/\/cenedcursos.com.br\/meio-ambiente\/wp-json\/wp\/v2\/tags?post=335"}],"curies":[{"name":"wp","href":"https:\/\/api.w.org\/{rel}","templated":true}]}}