{"id":340,"date":"2008-08-23T10:29:34","date_gmt":"2008-08-23T10:29:34","guid":{"rendered":"http:\/\/www.cenedcursos.com.br\/?p=340"},"modified":"2008-08-23T10:29:34","modified_gmt":"2008-08-23T10:29:34","slug":"educa-ambiental-nas-escolas","status":"publish","type":"post","link":"https:\/\/cenedcursos.com.br\/meio-ambiente\/educa-ambiental-nas-escolas\/","title":{"rendered":"Projeto Educa\u00e7\u00e3o Ambiental nas Escolas &#8211; T\u00e9cnicas e M\u00e9todos de Ensino"},"content":{"rendered":"<p style=\"text-align: justify;\">1. T\u00edtulo do Projeto:<strong>\u00a0T\u00e9cnicas e M\u00e9todos de Ensino em Educa\u00e7\u00e3o Ambiental nas Escolas.<\/strong><\/p>\n<p style=\"text-align: justify;\"><strong><a href=\"https:\/\/i0.wp.com\/www.cenedcursos.com.br\/meio-ambiente\/wp-content\/uploads\/2008\/08\/educa%C3%A7%C3%A3o-ambiental-nas-escolas-1.jpg?ssl=1\"><img data-recalc-dims=\"1\" loading=\"lazy\" decoding=\"async\" data-attachment-id=\"9894\" data-permalink=\"https:\/\/cenedcursos.com.br\/meio-ambiente\/educacao-ambiental-nas-escolas-3\/\" data-orig-file=\"https:\/\/i0.wp.com\/cenedcursos.com.br\/meio-ambiente\/wp-content\/uploads\/2008\/08\/educacao-ambiental-nas-escolas-1-1.jpg?fit=640%2C480&amp;ssl=1\" data-orig-size=\"640,480\" data-comments-opened=\"1\" data-image-meta=\"{&quot;aperture&quot;:&quot;0&quot;,&quot;credit&quot;:&quot;&quot;,&quot;camera&quot;:&quot;&quot;,&quot;caption&quot;:&quot;&quot;,&quot;created_timestamp&quot;:&quot;0&quot;,&quot;copyright&quot;:&quot;&quot;,&quot;focal_length&quot;:&quot;0&quot;,&quot;iso&quot;:&quot;0&quot;,&quot;shutter_speed&quot;:&quot;0&quot;,&quot;title&quot;:&quot;&quot;,&quot;orientation&quot;:&quot;0&quot;}\" data-image-title=\"projeto educa\u00e7\u00e3o ambiental nas escolas\" data-image-description=\"\" data-image-caption=\"\" data-medium-file=\"https:\/\/i0.wp.com\/cenedcursos.com.br\/meio-ambiente\/wp-content\/uploads\/2008\/08\/educacao-ambiental-nas-escolas-1-1.jpg?fit=300%2C225&amp;ssl=1\" data-large-file=\"https:\/\/i0.wp.com\/cenedcursos.com.br\/meio-ambiente\/wp-content\/uploads\/2008\/08\/educacao-ambiental-nas-escolas-1-1.jpg?fit=640%2C480&amp;ssl=1\" class=\"alignnone wp-image-9894 size-full\" title=\"projeto educa\u00e7\u00e3o ambiental nas escolas\" src=\"https:\/\/i0.wp.com\/www.cenedcursos.com.br\/meio-ambiente\/wp-content\/uploads\/2008\/08\/educa%C3%A7%C3%A3o-ambiental-nas-escolas-1.jpg?resize=640%2C480&#038;ssl=1\" alt=\"projeto educa\u00e7\u00e3o ambiental nas escolas\" width=\"640\" height=\"480\" \/><\/a><\/strong><\/p>\n<h5 style=\"text-align: justify;\"><strong>2. P\u00fablico Alvo<\/strong><\/h5>\n<p style=\"text-align: justify;\">Educadores, alunos e comunidade escolar em geral, incluindo os profissionais funcion\u00e1rios das escolas e os pais e respons\u00e1veis dos alunos matriculados.<\/p>\n<h5 style=\"text-align: justify;\"><strong>3. Resumo do Projeto Educa\u00e7\u00e3o Ambiental nas Escolas<\/strong><\/h5>\n<p style=\"text-align: justify;\">A Educa\u00e7\u00e3o Ambiental deve ser entendida como um processo onde a participa\u00e7\u00e3o e envolvimento de todos \u00e9 muito importante: fam\u00edlia, escola e comunidade, devem estar envolvidas.<\/p>\n<p style=\"text-align: justify;\">A institui\u00e7\u00e3o \u201cescola\u201d \u00e9 um instrumento fundamental no desenvolvimento da educa\u00e7\u00e3o ambiental\/gest\u00e3o ambiental.<\/p>\n<p style=\"text-align: justify;\">O Projeto Educa\u00e7\u00e3o Ambiental nas Escolas tem a finalidade de procurar, despertar uma consci\u00eancia critica sobre as quest\u00f5es ambientais, envolvendo educadores e alunos a participarem de atividades l\u00fadicas, oficinas, palestras e gincanas que envolva o tema: <a href=\"https:\/\/cenedcursos.com.br\/shop\/\" target=\"_blank\" rel=\"noopener noreferrer\">educa\u00e7\u00e3o ambiental<\/a>.<\/p>\n<p style=\"text-align: justify;\">Na realiza\u00e7\u00e3o deste ser\u00e3o desenvolvidas as seguintes etapas: discuss\u00e3o e debates, forma\u00e7\u00e3o de grupos de trabalho nas escolas, cria\u00e7\u00e3o de cartazes, campanhas ilustrativos com linguagem acess\u00edvel ao publico alvo, montagem e desenvolvimento de gincana de reciclagem, exposi\u00e7\u00e3o e feira, exibi\u00e7\u00e3o de v\u00eddeos e m\u00fasicas com o tema relacionado.Este projeto tem a finalidade de procurar, despertar uma consci\u00eancia critica sobre as quest\u00f5es ambientais, envolvendo educadores e alunos a participarem de atividades l\u00fadicas, oficinas, palestras e gincanas que envolva o tema: educa\u00e7\u00e3o ambiental.<\/p>\n<p style=\"text-align: justify;\">Espera-se proporcionar aos professores e alunos informa\u00e7\u00f5es sobre educa\u00e7\u00e3o ambiental, as quais ir\u00e3o fortalecer a pratica desta e de outras atividades poss\u00edveis.<\/p>\n<h5 style=\"text-align: justify;\">4. <strong>Justificativa<\/strong><\/h5>\n<p style=\"text-align: justify;\">A Educa\u00e7\u00e3o Ambiental, de acordo a lei n\u00b09.795, de 27 de abril de 1999, deve ser cont\u00ednuo, permanente da educa\u00e7\u00e3o Nacional, devendo estar presente em todos os n\u00edveis e modalidades do processo de educa\u00e7\u00e3o formal e n\u00e3o formal.<\/p>\n<p style=\"text-align: justify;\">Devido ao seu car\u00e1ter hol\u00edstico, humanista, interdisciplinar e participativo a Educa\u00e7\u00e3o Ambiental contribui muito para auxiliar o processo educativo, trazendo o envolvimento dos educandos em a\u00e7\u00f5es concretas de transforma\u00e7\u00e3o desta realidade.<\/p>\n<p style=\"text-align: justify;\">Para realmente abordar estes princ\u00edpios e atingir seus objetivos a Educa\u00e7\u00e3o ambiental precisa de uma ampla gama de m\u00e9todos e do preparo dos educadores neste sentido.<\/p>\n<p style=\"text-align: justify;\">A fim de apoiar os educadores neste sentido surge este projeto denominado Educa\u00e7\u00e3o Ambiental nas Escolas, como forma de melhorar e sugerir ideias para melhorar o desenvolvimento dos professores em trabalhar o tema.<\/p>\n<h5 style=\"text-align: justify;\"><strong>5. Objetivo Geral<\/strong><\/h5>\n<p style=\"text-align: justify;\">Despertar uma consci\u00eancia critica na popula\u00e7\u00e3o brasileira sobre as graves quest\u00f5es ambientais do pa\u00eds, a partir de um trabalho dirigido \u00e0 comunidade escolar brasileira.<\/p>\n<p style=\"text-align: justify;\"><strong>5.1. Objetivos Espec\u00edficos<\/strong><\/p>\n<ul style=\"text-align: justify;\">\n<li>Promover <a href=\"https:\/\/cenedcursos.com.br\/posgraduacao\/produto\/educacao-ambiental-e-sustentabilidade\/\" target=\"_blank\" rel=\"noopener noreferrer\">educa\u00e7\u00e3o ambiental no ambiente escolar<\/a>, de forma a auxiliar na forma\u00e7\u00e3o de professores e alunos multiplicadores da informa\u00e7\u00e3o para a comunidade;<\/li>\n<li>Desenvolver uma vis\u00e3o globalizante multi e interdisciplinar;<\/li>\n<li>Estimular pr\u00e1ticas que levem a integra\u00e7\u00e3o entre as s\u00e9ries, disciplinas, escola, meio e a comunidade;<\/li>\n<li>Composi\u00e7\u00e3o dos temas que abrem possibilidades para uma vis\u00e3o mais ampla e cr\u00edtica da quest\u00e3o ambiental;<\/li>\n<li>Adequa\u00e7\u00e3o das atividades de Educa\u00e7\u00e3o Ambiental ao conte\u00fado program\u00e1tico do curr\u00edculo, o que descarta a ideia de obrigatoriedade ou de um projeto adicional;<\/li>\n<li>Homogeneiza\u00e7\u00e3o das informa\u00e7\u00f5es ambientais aos professores, independente da s\u00e9rie, disciplina ou grau em que atuem.<\/li>\n<\/ul>\n<h5 style=\"text-align: justify;\"><strong>6. Resultados esperados e metas<\/strong><\/h5>\n<ul style=\"text-align: justify;\">\n<li>Que no m\u00ednimo 80% dos educadores da escola onde o projeto Educa\u00e7\u00e3o Ambiental nas Escolas ser\u00e1 desenvolvido participem das discuss\u00f5es e se envolva efetivamente no desenvolvimento do mesmo;<\/li>\n<li>Que no m\u00ednimo 90% dos educandos sejam envolvidos nas atividades a serem desenvolvidas pelos educadores;<\/li>\n<li>Forma\u00e7\u00e3o de educadores e educandos com conhecimento em educa\u00e7\u00e3o ambiental que contribuam para dissemina\u00e7\u00e3o de informa\u00e7\u00f5es sobre como preservar o meio ambiente;<\/li>\n<li>Ao final do projeto Educa\u00e7\u00e3o Ambiental nas Escolas espera-se que os envolvidos tenham desenvolvido uma vis\u00e3o cr\u00edtica em rela\u00e7\u00e3o ao meio ambiente e uma posi\u00e7\u00e3o de a\u00e7\u00e3o e mudan\u00e7a frente aos problemas relacionados ao tema.<\/li>\n<\/ul>\n<h5 style=\"text-align: justify;\"><strong>7. Monitoramento e avalia\u00e7\u00e3o<\/strong><\/h5>\n<p style=\"text-align: justify;\">O monitoramento e avalia\u00e7\u00e3o do andamento do projeto e do cumprimento das atividades e etapas propostas poder\u00e3o ser feitos atrav\u00e9s dos relat\u00f3rios, nos per\u00edodos previstos, pelos educadores, pelas quantidade e qualidade das informa\u00e7\u00f5es geradas pelos alunos e comunidade, que poder\u00e1 ser visualizada atrav\u00e9s dos dados e informa\u00e7\u00f5es que ser\u00e3o repassadas para as p\u00e1ginas na internet a serem desenvolvidas pelos pr\u00f3prios educadores e alunos.<\/p>\n<p style=\"text-align: justify;\">Al\u00e9m disso, pretende-se estimular alunos para que desenvolvam disserta\u00e7\u00f5es, reda\u00e7\u00f5es e trabalhos acad\u00eamicos extens\u00e3o relacionados com o tema do projeto.<\/p>\n<h5 style=\"text-align: justify;\"><strong>8. Proposta Pedag\u00f3gica e Metodologia do Projeto Educa\u00e7\u00e3o Ambiental nas Escolas<\/strong><\/h5>\n<p style=\"text-align: justify;\">Ser\u00e3o ministrados 03 cursos sobre o tema meio ambiente por profissionais convidados, sendo o primeiro para professores e o segundo para alunos.<\/p>\n<p style=\"text-align: justify;\">Ser\u00e1 promovido um evento geral, envolvendo professores, estudantes e demais membros da comunidade, intitulado: \u201cAssuma a sua <a href=\"https:\/\/cenedcursos.com.br\/meio-ambiente\/responsabilidade-social-e-ambiental-da-empresa\/\" target=\"_blank\" rel=\"noopener noreferrer\">responsabilidade com o seu planeta<\/a>\u201d, que est\u00e1 previsto para o segundo semestre de 2008.<\/p>\n<p style=\"text-align: justify;\">Junto com os diretores das escolas, e professores de diferentes s\u00e9ries e disciplinas, ser\u00e1 discutido e elaborado o planejado de como trabalhar os temas: \u201ceduca\u00e7\u00e3o ambiental, cuidados com a \u00e1gua\u201d, de forma transversal, de maneira a envolver as diferentes turmas do curso fundamental, m\u00e9dio, e EJA (Educa\u00e7\u00e3o de Jovens e Adultos). As formas de introdu\u00e7\u00e3o do tema nos trabalhos escolares ficar\u00e3o a crit\u00e9rio de cada professor da escola.<\/p>\n<p style=\"text-align: justify;\">Os resultados obtidos ao longo do ano de trabalho ser\u00e3o apresentados numa feira do conhecimento sobre \u201cMeio ambiente, Biodiversidade e \u00c1gua\u201d, planejada para ser executada no \u00faltimo trimestre de vig\u00eancia do projeto.<\/p>\n<p style=\"text-align: justify;\">As metas alcan\u00e7adas e a\u00e7\u00f5es bem sucedidas ser\u00e3o divulgadas na p\u00e1gina do Projeto na Internet e disponibilizadas ao p\u00fablico, como um blog.<\/p>\n<h5 style=\"text-align: justify;\"><strong>9<\/strong>. <strong>Rotina de Atividades<\/strong><\/h5>\n<p style=\"text-align: justify;\">1) Discuss\u00e3o com os professores sobre temas que podem ser abordados, dificuldades, expectativas, sugest\u00f5es e apresenta\u00e7\u00e3o do projeto;<\/p>\n<p style=\"text-align: justify;\">2) Levantamento do perfil ambiental das escolas (se possui \u00e1rea verde, horta, separa\u00e7\u00e3o de lixo, etc.);<\/p>\n<p style=\"text-align: justify;\">3) Levantamento se existe projetos sobre o tema meio ambiente desenvolvido na escola;<\/p>\n<p style=\"text-align: justify;\">4) Envolvimento no planejamento de toda comunidade escolar na semana do meio ambiente a ser desenvolvida na escola;<\/p>\n<p style=\"text-align: justify;\">5) Realiza\u00e7\u00e3o de campanhas educativas a fim de informar e incentivar a popula\u00e7\u00e3o em rela\u00e7\u00e3o \u00e0 problem\u00e1tica ambiental;<\/p>\n<p style=\"text-align: justify;\">6) Realiza\u00e7\u00e3o de palestras e <a href=\"https:\/\/cenedcursos.com.br\/shop\/\" target=\"_blank\" rel=\"noopener noreferrer\">cursos sobre meio ambiente<\/a>;<\/p>\n<p style=\"text-align: justify;\">7) Abordagem dos professores em sala de aula de diversos temas: reciclagem de lixo; \u00e1gua, agrot\u00f3xicos, ca\u00e7a ilegal, drogas, no\u00e7\u00f5es de sa\u00fade, etc;<\/p>\n<h5 style=\"text-align: justify;\"><strong>10. Cronograma<\/strong><\/h5>\n<table style=\"height: 344px; background-color: #f7f7f7;\" width=\"647\">\n<tbody>\n<tr style=\"text-align: justify;\">\n<td style=\"width: 117px;\"><strong>M\u00eas<\/strong><\/td>\n<td style=\"width: 126px;\"><strong>Fevereiro<\/strong><\/td>\n<td style=\"width: 120px;\"><strong>Mar\u00e7o<\/strong><\/td>\n<td style=\"width: 118px;\"><strong>Abril<\/strong><\/td>\n<td style=\"width: 111px;\"><strong>Maio<\/strong><\/td>\n<\/tr>\n<tr>\n<td style=\"text-align: justify; width: 117px;\">Atividades<\/td>\n<td style=\"text-align: justify; width: 126px;\">Discuss\u00e3o com os professores sobre temas que podem ser abordados, dificuldades, expectativas, sugest\u00f5es e apresenta\u00e7\u00e3o do projeto<\/td>\n<td style=\"width: 120px;\">Levantamento do perfil ambiental das escolas (se possui \u00e1rea verde, horta, separa\u00e7\u00e3o de lixo, etc.);-Levantamento se existe projetos sobre o tema meio ambiente desenvolvido na escola;<\/td>\n<td style=\"width: 118px;\">Planejamento para a semana do meio ambiente, com envolvimento de toda comunidade escolar<\/td>\n<td style=\"width: 111px;\">Prepara\u00e7\u00e3o para a semana do meio ambiente, elabora\u00e7\u00e3o de trabalhos pelos alunos, discuss\u00f5es, etc.-Palestra sobre meio ambiente<\/td>\n<\/tr>\n<\/tbody>\n<\/table>\n<table style=\"background-color: #f7f7f7;\">\n<tbody>\n<tr style=\"text-align: justify;\">\n<td style=\"width: 138px;\">Junho<\/td>\n<td style=\"width: 61px;\">Julho<\/td>\n<td style=\"width: 98px;\">Agosto<\/td>\n<td style=\"width: 110px;\">Setembro<\/td>\n<td style=\"width: 110px;\">Outubro<\/td>\n<td style=\"width: 78px;\">Novembro<\/td>\n<td style=\"width: 77px;\">Dezembro<\/td>\n<\/tr>\n<tr>\n<td style=\"text-align: left; width: 138px;\">Semana do Meio Ambiente\u2013 2\u00aa semana<br \/>\n1\u00aa Avalia\u00e7\u00e3o<br \/>\n&nbsp;<br \/>\n\u2013 Novos encaminhamentos<br \/>\n&nbsp;<\/td>\n<td style=\"text-align: left; width: 61px;\">Recesso Escolar<\/td>\n<td style=\"text-align: left; width: 98px;\">Realiza\u00e7\u00e3o de campanhas educativas a fim de informar e incentivar a popula\u00e7\u00e3o em rela\u00e7\u00e3o \u00e0 problem\u00e1tica ambiental-Palestra sobre meio ambiente<br \/>\n&nbsp;<\/td>\n<td style=\"text-align: left; width: 110px;\">Prepara\u00e7\u00e3o para Feira Cultural\u2013 tema: \u201cMeio ambiente, Biodiversidade e \u00c1gua\u201d<br \/>\n&nbsp;<\/td>\n<td style=\"text-align: left; width: 110px;\">Prepara\u00e7\u00e3o para Feira Cultural\u2013 tema: \u201cMeio ambiente, Biodiversidade e \u00c1gua\u201d<br \/>\n&nbsp;<\/td>\n<td style=\"text-align: left; width: 78px;\">\n<p style=\"text-align: justify;\">Feira Cultural-Palestra<\/p>\n<p style=\"text-align: justify;\">\n<\/td>\n<td style=\"text-align: left; width: 77px;\">Avalia\u00e7\u00e3o<\/td>\n<\/tr>\n<\/tbody>\n<\/table>\n<p>&nbsp;<br \/>\n<a href=\"http:\/\/www.mma.gov.br\/publicacoes\/educacao-ambiental\" target=\"_blank\" rel=\"noopener noreferrer\">Publica\u00e7\u00f5es sobre Educa\u00e7\u00e3o Ambiental no Minist\u00e9rio do Meio Ambiente<\/a><\/p>\n","protected":false},"excerpt":{"rendered":"<p>1. T\u00edtulo do Projeto:\u00a0T\u00e9cnicas e M\u00e9todos de Ensino em Educa\u00e7\u00e3o Ambiental nas Escolas. 2. P\u00fablico Alvo Educadores, alunos e comunidade escolar em geral, incluindo os profissionais funcion\u00e1rios das escolas e os pais e respons\u00e1veis dos alunos matriculados. 3. Resumo do Projeto Educa\u00e7\u00e3o Ambiental nas Escolas A Educa\u00e7\u00e3o Ambiental deve ser entendida como um processo onde [&hellip;]<\/p>\n","protected":false},"author":1,"featured_media":9894,"comment_status":"open","ping_status":"open","sticky":false,"template":"","format":"standard","meta":{"_jetpack_memberships_contains_paid_content":false,"footnotes":""},"categories":[3],"tags":[154],"class_list":{"0":"post-340","1":"post","2":"type-post","3":"status-publish","4":"format-standard","5":"has-post-thumbnail","7":"category-projetos-ambientais","8":"tag-educacao-ambiental-nas-escolas"},"yoast_head":"<!-- This site is optimized with the Yoast SEO plugin v25.1 - https:\/\/yoast.com\/wordpress\/plugins\/seo\/ -->\n<title>Projeto Educa\u00e7\u00e3o Ambiental nas Escolas - T\u00e9cnicas\/M\u00e9todos<\/title>\n<meta name=\"description\" content=\"O Projeto Educa\u00e7\u00e3o Ambiental nas Escolas tem a finalidade de procurar, despertar uma consci\u00eancia critica sobre as quest\u00f5es ambientais, envolvendo educadores\" \/>\n<meta name=\"robots\" content=\"index, follow, max-snippet:-1, max-image-preview:large, max-video-preview:-1\" \/>\n<link rel=\"canonical\" href=\"https:\/\/cenedcursos.com.br\/meio-ambiente\/educa-ambiental-nas-escolas\/\" \/>\n<meta property=\"og:locale\" content=\"pt_BR\" \/>\n<meta property=\"og:type\" content=\"article\" \/>\n<meta property=\"og:title\" content=\"Educa\u00e7\u00e3o Ambiental nas Escolas - T\u00e9cnicas\/M\u00e9todos\" \/>\n<meta property=\"og:description\" content=\"O Projeto Educa\u00e7\u00e3o Ambiental nas Escolas tem a finalidade de procurar, despertar uma consci\u00eancia critica sobre as quest\u00f5es ambientais, envolvendo educadores\" \/>\n<meta property=\"og:url\" content=\"https:\/\/cenedcursos.com.br\/meio-ambiente\/educa-ambiental-nas-escolas\/\" \/>\n<meta property=\"og:site_name\" content=\"CENED Cursos Online\" \/>\n<meta property=\"article:published_time\" content=\"2008-08-23T10:29:34+00:00\" \/>\n<meta property=\"og:image\" content=\"https:\/\/cenedcursos.com.br\/meio-ambiente\/wp-content\/uploads\/2008\/08\/educacao-ambiental-nas-escolas-1-1.jpg\" \/>\n\t<meta property=\"og:image:width\" content=\"640\" \/>\n\t<meta property=\"og:image:height\" content=\"480\" \/>\n\t<meta property=\"og:image:type\" content=\"image\/jpeg\" \/>\n<meta name=\"author\" content=\"Amarildo R. Ferrari\" \/>\n<meta name=\"twitter:card\" content=\"summary_large_image\" \/>\n<meta name=\"twitter:title\" content=\"Educa\u00e7\u00e3o Ambiental nas Escolas - T\u00e9cnicas\/M\u00e9todos\" \/>\n<meta name=\"twitter:description\" content=\"O Projeto Educa\u00e7\u00e3o Ambiental nas Escolas tem a finalidade de procurar, despertar uma consci\u00eancia critica sobre as quest\u00f5es ambientais, envolvendo educadores\" \/>\n<meta name=\"twitter:image\" content=\"https:\/\/www.cenedcursos.com.br\/meio-ambiente\/wp-content\/uploads\/2008\/08\/educa\u00e7\u00e3o-ambiental-nas-escolas-1.jpg\" \/>\n<meta name=\"twitter:label1\" content=\"Escrito por\" \/>\n\t<meta name=\"twitter:data1\" content=\"Amarildo R. Ferrari\" \/>\n\t<meta name=\"twitter:label2\" content=\"Est. tempo de leitura\" \/>\n\t<meta name=\"twitter:data2\" content=\"6 minutos\" \/>\n<script type=\"application\/ld+json\" class=\"yoast-schema-graph\">{\"@context\":\"https:\/\/schema.org\",\"@graph\":[{\"@type\":\"WebPage\",\"@id\":\"https:\/\/cenedcursos.com.br\/meio-ambiente\/educa-ambiental-nas-escolas\/\",\"url\":\"https:\/\/cenedcursos.com.br\/meio-ambiente\/educa-ambiental-nas-escolas\/\",\"name\":\"Projeto Educa\u00e7\u00e3o Ambiental nas Escolas - T\u00e9cnicas\/M\u00e9todos\",\"isPartOf\":{\"@id\":\"https:\/\/cenedcursos.com.br\/meio-ambiente\/#website\"},\"primaryImageOfPage\":{\"@id\":\"https:\/\/cenedcursos.com.br\/meio-ambiente\/educa-ambiental-nas-escolas\/#primaryimage\"},\"image\":{\"@id\":\"https:\/\/cenedcursos.com.br\/meio-ambiente\/educa-ambiental-nas-escolas\/#primaryimage\"},\"thumbnailUrl\":\"https:\/\/i0.wp.com\/cenedcursos.com.br\/meio-ambiente\/wp-content\/uploads\/2008\/08\/educacao-ambiental-nas-escolas-1-1.jpg?fit=640%2C480&ssl=1\",\"datePublished\":\"2008-08-23T10:29:34+00:00\",\"author\":{\"@id\":\"https:\/\/cenedcursos.com.br\/meio-ambiente\/#\/schema\/person\/64377d24cdc16779a1eb6229894af388\"},\"description\":\"O Projeto Educa\u00e7\u00e3o Ambiental nas Escolas tem a finalidade de procurar, despertar uma consci\u00eancia critica sobre as quest\u00f5es ambientais, envolvendo educadores\",\"breadcrumb\":{\"@id\":\"https:\/\/cenedcursos.com.br\/meio-ambiente\/educa-ambiental-nas-escolas\/#breadcrumb\"},\"inLanguage\":\"pt-BR\",\"potentialAction\":[{\"@type\":\"ReadAction\",\"target\":[\"https:\/\/cenedcursos.com.br\/meio-ambiente\/educa-ambiental-nas-escolas\/\"]}]},{\"@type\":\"ImageObject\",\"inLanguage\":\"pt-BR\",\"@id\":\"https:\/\/cenedcursos.com.br\/meio-ambiente\/educa-ambiental-nas-escolas\/#primaryimage\",\"url\":\"https:\/\/i0.wp.com\/cenedcursos.com.br\/meio-ambiente\/wp-content\/uploads\/2008\/08\/educacao-ambiental-nas-escolas-1-1.jpg?fit=640%2C480&ssl=1\",\"contentUrl\":\"https:\/\/i0.wp.com\/cenedcursos.com.br\/meio-ambiente\/wp-content\/uploads\/2008\/08\/educacao-ambiental-nas-escolas-1-1.jpg?fit=640%2C480&ssl=1\",\"width\":640,\"height\":480,\"caption\":\"projeto educa\u00e7\u00e3o ambiental nas escolas\"},{\"@type\":\"BreadcrumbList\",\"@id\":\"https:\/\/cenedcursos.com.br\/meio-ambiente\/educa-ambiental-nas-escolas\/#breadcrumb\",\"itemListElement\":[{\"@type\":\"ListItem\",\"position\":1,\"name\":\"In\u00edcio\",\"item\":\"https:\/\/cenedcursos.com.br\/meio-ambiente\/\"},{\"@type\":\"ListItem\",\"position\":2,\"name\":\"Projeto Educa\u00e7\u00e3o Ambiental nas Escolas &#8211; T\u00e9cnicas e M\u00e9todos de Ensino\"}]},{\"@type\":\"WebSite\",\"@id\":\"https:\/\/cenedcursos.com.br\/meio-ambiente\/#website\",\"url\":\"https:\/\/cenedcursos.com.br\/meio-ambiente\/\",\"name\":\"CENED Cursos Online\",\"description\":\"Aqui voc\u00ea encontra artigos em diversas \u00e1reas do conhecimento: meio ambiente, educa\u00e7\u00e3o, marketing digital, neg\u00f3cios online e muito mais.\",\"potentialAction\":[{\"@type\":\"SearchAction\",\"target\":{\"@type\":\"EntryPoint\",\"urlTemplate\":\"https:\/\/cenedcursos.com.br\/meio-ambiente\/?s={search_term_string}\"},\"query-input\":{\"@type\":\"PropertyValueSpecification\",\"valueRequired\":true,\"valueName\":\"search_term_string\"}}],\"inLanguage\":\"pt-BR\"},{\"@type\":\"Person\",\"@id\":\"https:\/\/cenedcursos.com.br\/meio-ambiente\/#\/schema\/person\/64377d24cdc16779a1eb6229894af388\",\"name\":\"Amarildo R. Ferrari\",\"image\":{\"@type\":\"ImageObject\",\"inLanguage\":\"pt-BR\",\"@id\":\"https:\/\/cenedcursos.com.br\/meio-ambiente\/#\/schema\/person\/image\/\",\"url\":\"https:\/\/secure.gravatar.com\/avatar\/6ea4248ca9f295c93f1b72f8398232f0fbbffe30349e6ec3839cfa5e09b0de3c?s=96&d=mm&r=g\",\"contentUrl\":\"https:\/\/secure.gravatar.com\/avatar\/6ea4248ca9f295c93f1b72f8398232f0fbbffe30349e6ec3839cfa5e09b0de3c?s=96&d=mm&r=g\",\"caption\":\"Amarildo R. Ferrari\"},\"sameAs\":[\"https:\/\/cenedcursos.com.br\/meio-ambiente\"],\"url\":\"https:\/\/cenedcursos.com.br\/meio-ambiente\/author\/admin\/\"}]}<\/script>\n<!-- \/ Yoast SEO plugin. -->","yoast_head_json":{"title":"Projeto Educa\u00e7\u00e3o Ambiental nas Escolas - T\u00e9cnicas\/M\u00e9todos","description":"O Projeto Educa\u00e7\u00e3o Ambiental nas Escolas tem a finalidade de procurar, despertar uma consci\u00eancia critica sobre as quest\u00f5es ambientais, envolvendo educadores","robots":{"index":"index","follow":"follow","max-snippet":"max-snippet:-1","max-image-preview":"max-image-preview:large","max-video-preview":"max-video-preview:-1"},"canonical":"https:\/\/cenedcursos.com.br\/meio-ambiente\/educa-ambiental-nas-escolas\/","og_locale":"pt_BR","og_type":"article","og_title":"Educa\u00e7\u00e3o Ambiental nas Escolas - T\u00e9cnicas\/M\u00e9todos","og_description":"O Projeto Educa\u00e7\u00e3o Ambiental nas Escolas tem a finalidade de procurar, despertar uma consci\u00eancia critica sobre as quest\u00f5es ambientais, envolvendo educadores","og_url":"https:\/\/cenedcursos.com.br\/meio-ambiente\/educa-ambiental-nas-escolas\/","og_site_name":"CENED Cursos Online","article_published_time":"2008-08-23T10:29:34+00:00","og_image":[{"width":640,"height":480,"url":"https:\/\/cenedcursos.com.br\/meio-ambiente\/wp-content\/uploads\/2008\/08\/educacao-ambiental-nas-escolas-1-1.jpg","type":"image\/jpeg"}],"author":"Amarildo R. Ferrari","twitter_card":"summary_large_image","twitter_title":"Educa\u00e7\u00e3o Ambiental nas Escolas - T\u00e9cnicas\/M\u00e9todos","twitter_description":"O Projeto Educa\u00e7\u00e3o Ambiental nas Escolas tem a finalidade de procurar, despertar uma consci\u00eancia critica sobre as quest\u00f5es ambientais, envolvendo educadores","twitter_image":"https:\/\/www.cenedcursos.com.br\/meio-ambiente\/wp-content\/uploads\/2008\/08\/educa\u00e7\u00e3o-ambiental-nas-escolas-1.jpg","twitter_misc":{"Escrito por":"Amarildo R. Ferrari","Est. tempo de leitura":"6 minutos"},"schema":{"@context":"https:\/\/schema.org","@graph":[{"@type":"WebPage","@id":"https:\/\/cenedcursos.com.br\/meio-ambiente\/educa-ambiental-nas-escolas\/","url":"https:\/\/cenedcursos.com.br\/meio-ambiente\/educa-ambiental-nas-escolas\/","name":"Projeto Educa\u00e7\u00e3o Ambiental nas Escolas - T\u00e9cnicas\/M\u00e9todos","isPartOf":{"@id":"https:\/\/cenedcursos.com.br\/meio-ambiente\/#website"},"primaryImageOfPage":{"@id":"https:\/\/cenedcursos.com.br\/meio-ambiente\/educa-ambiental-nas-escolas\/#primaryimage"},"image":{"@id":"https:\/\/cenedcursos.com.br\/meio-ambiente\/educa-ambiental-nas-escolas\/#primaryimage"},"thumbnailUrl":"https:\/\/i0.wp.com\/cenedcursos.com.br\/meio-ambiente\/wp-content\/uploads\/2008\/08\/educacao-ambiental-nas-escolas-1-1.jpg?fit=640%2C480&ssl=1","datePublished":"2008-08-23T10:29:34+00:00","author":{"@id":"https:\/\/cenedcursos.com.br\/meio-ambiente\/#\/schema\/person\/64377d24cdc16779a1eb6229894af388"},"description":"O Projeto Educa\u00e7\u00e3o Ambiental nas Escolas tem a finalidade de procurar, despertar uma consci\u00eancia critica sobre as quest\u00f5es ambientais, envolvendo educadores","breadcrumb":{"@id":"https:\/\/cenedcursos.com.br\/meio-ambiente\/educa-ambiental-nas-escolas\/#breadcrumb"},"inLanguage":"pt-BR","potentialAction":[{"@type":"ReadAction","target":["https:\/\/cenedcursos.com.br\/meio-ambiente\/educa-ambiental-nas-escolas\/"]}]},{"@type":"ImageObject","inLanguage":"pt-BR","@id":"https:\/\/cenedcursos.com.br\/meio-ambiente\/educa-ambiental-nas-escolas\/#primaryimage","url":"https:\/\/i0.wp.com\/cenedcursos.com.br\/meio-ambiente\/wp-content\/uploads\/2008\/08\/educacao-ambiental-nas-escolas-1-1.jpg?fit=640%2C480&ssl=1","contentUrl":"https:\/\/i0.wp.com\/cenedcursos.com.br\/meio-ambiente\/wp-content\/uploads\/2008\/08\/educacao-ambiental-nas-escolas-1-1.jpg?fit=640%2C480&ssl=1","width":640,"height":480,"caption":"projeto educa\u00e7\u00e3o ambiental nas escolas"},{"@type":"BreadcrumbList","@id":"https:\/\/cenedcursos.com.br\/meio-ambiente\/educa-ambiental-nas-escolas\/#breadcrumb","itemListElement":[{"@type":"ListItem","position":1,"name":"In\u00edcio","item":"https:\/\/cenedcursos.com.br\/meio-ambiente\/"},{"@type":"ListItem","position":2,"name":"Projeto Educa\u00e7\u00e3o Ambiental nas Escolas &#8211; T\u00e9cnicas e M\u00e9todos de Ensino"}]},{"@type":"WebSite","@id":"https:\/\/cenedcursos.com.br\/meio-ambiente\/#website","url":"https:\/\/cenedcursos.com.br\/meio-ambiente\/","name":"CENED Cursos Online","description":"Aqui voc\u00ea encontra artigos em diversas \u00e1reas do conhecimento: meio ambiente, educa\u00e7\u00e3o, marketing digital, neg\u00f3cios online e muito mais.","potentialAction":[{"@type":"SearchAction","target":{"@type":"EntryPoint","urlTemplate":"https:\/\/cenedcursos.com.br\/meio-ambiente\/?s={search_term_string}"},"query-input":{"@type":"PropertyValueSpecification","valueRequired":true,"valueName":"search_term_string"}}],"inLanguage":"pt-BR"},{"@type":"Person","@id":"https:\/\/cenedcursos.com.br\/meio-ambiente\/#\/schema\/person\/64377d24cdc16779a1eb6229894af388","name":"Amarildo R. Ferrari","image":{"@type":"ImageObject","inLanguage":"pt-BR","@id":"https:\/\/cenedcursos.com.br\/meio-ambiente\/#\/schema\/person\/image\/","url":"https:\/\/secure.gravatar.com\/avatar\/6ea4248ca9f295c93f1b72f8398232f0fbbffe30349e6ec3839cfa5e09b0de3c?s=96&d=mm&r=g","contentUrl":"https:\/\/secure.gravatar.com\/avatar\/6ea4248ca9f295c93f1b72f8398232f0fbbffe30349e6ec3839cfa5e09b0de3c?s=96&d=mm&r=g","caption":"Amarildo R. Ferrari"},"sameAs":["https:\/\/cenedcursos.com.br\/meio-ambiente"],"url":"https:\/\/cenedcursos.com.br\/meio-ambiente\/author\/admin\/"}]}},"jetpack_featured_media_url":"https:\/\/i0.wp.com\/cenedcursos.com.br\/meio-ambiente\/wp-content\/uploads\/2008\/08\/educacao-ambiental-nas-escolas-1-1.jpg?fit=640%2C480&ssl=1","jetpack_sharing_enabled":true,"_links":{"self":[{"href":"https:\/\/cenedcursos.com.br\/meio-ambiente\/wp-json\/wp\/v2\/posts\/340","targetHints":{"allow":["GET"]}}],"collection":[{"href":"https:\/\/cenedcursos.com.br\/meio-ambiente\/wp-json\/wp\/v2\/posts"}],"about":[{"href":"https:\/\/cenedcursos.com.br\/meio-ambiente\/wp-json\/wp\/v2\/types\/post"}],"author":[{"embeddable":true,"href":"https:\/\/cenedcursos.com.br\/meio-ambiente\/wp-json\/wp\/v2\/users\/1"}],"replies":[{"embeddable":true,"href":"https:\/\/cenedcursos.com.br\/meio-ambiente\/wp-json\/wp\/v2\/comments?post=340"}],"version-history":[{"count":0,"href":"https:\/\/cenedcursos.com.br\/meio-ambiente\/wp-json\/wp\/v2\/posts\/340\/revisions"}],"wp:featuredmedia":[{"embeddable":true,"href":"https:\/\/cenedcursos.com.br\/meio-ambiente\/wp-json\/wp\/v2\/media\/9894"}],"wp:attachment":[{"href":"https:\/\/cenedcursos.com.br\/meio-ambiente\/wp-json\/wp\/v2\/media?parent=340"}],"wp:term":[{"taxonomy":"category","embeddable":true,"href":"https:\/\/cenedcursos.com.br\/meio-ambiente\/wp-json\/wp\/v2\/categories?post=340"},{"taxonomy":"post_tag","embeddable":true,"href":"https:\/\/cenedcursos.com.br\/meio-ambiente\/wp-json\/wp\/v2\/tags?post=340"}],"curies":[{"name":"wp","href":"https:\/\/api.w.org\/{rel}","templated":true}]}}