{"id":362,"date":"2008-09-22T16:17:30","date_gmt":"2008-09-22T16:17:30","guid":{"rendered":"http:\/\/www.cenedcursos.com.br\/?p=362"},"modified":"2008-09-22T16:17:30","modified_gmt":"2008-09-22T16:17:30","slug":"verde-e-azul","status":"publish","type":"post","link":"https:\/\/cenedcursos.com.br\/meio-ambiente\/verde-e-azul\/","title":{"rendered":"Verde e Azul"},"content":{"rendered":"<p><em>Olhando em sil&ecirc;ncio,  conteplamos o sentimento que nos cerca e preenche.. vivos por sentir&#8230;<\/em><\/p>\n<p class=\"MsoNormal\">Se algum dia eu n&atilde;o puder lembra do que senti hoje,<br \/> Quero lembrar do que n&atilde;o posso esquecer.<br \/> Quero dizer a meus filhos,<br \/> Que eu os amo e que sou capaz de transformar.<br \/> Meus filhos vieram de mim,<br \/> E como eu, s&atilde;o capazes para a felicidade.<br \/> O sol queima a retina,<br \/> Mas traz a luz.<br \/> Por isso n&atilde;o ou&ccedil;o mais a escurid&atilde;o<o:p><\/o:p><br \/> As linhas dos meus desenhos<br \/> Sempre foram levemente curvas.<br \/> Os tra&ccedil;os dos meus desenhos t&ecirc;m os moldes de uma mulher.<br \/> As formas dos meus desenhos representam o feminino generoso.<br \/> Os relevos dos meus desenhos s&atilde;o as curvas do planalto.<br \/> As cores nos meus desenhos s&atilde;o azuis, verdes e vivas de marrons,<br \/> Lim&iacute;trofes e interligadas<o:p><\/o:p><br \/> A sinuosidade dos meus desenhos<br \/> Lembra o lugar onde nasci, cresci e sou feliz.<br \/> Meus amigos, minha parentela,<br \/> Minhas alegrias, dores e desilus&otilde;es.<br \/> Nas manh&atilde;s dos sul do mundo, a vida &eacute; mais doce<br \/> Os dias passam lentos,<br \/> Os sorrisos s&atilde;o abertos e o mate &eacute; garantido.<br \/> O azul &eacute; uma constante,<br \/> Entremeada de cinza.<br \/> E o amor se esconde e aparece,<br \/> Como em todos os lugares do mundo.<br \/> T&atilde;o sul, t&atilde;o meu, t&atilde;o soul.<\/p>\n<p class=\"MsoNormal\"><o:p> <\/o:p><\/p>\n<p class=\"MsoNormal\"><o:p> <\/o:p><\/p>\n<p align=\"right\" class=\"MsoNormal\"><em>Autora: Maristela elicker duave<\/em><a href=\"mailto:maristelaed@gmail.com\"><br \/> maristelaed@gmail.com<\/a><\/p>\n","protected":false},"excerpt":{"rendered":"<p>Olhando em sil&ecirc;ncio, conteplamos o sentimento que nos cerca e preenche.. vivos por sentir&#8230; Se algum dia eu n&atilde;o puder lembra do que senti hoje, Quero lembrar do que n&atilde;o posso esquecer. Quero dizer a meus filhos, Que eu os amo e que sou capaz de transformar. Meus filhos vieram de mim, E como eu, [&hellip;]<\/p>\n","protected":false},"author":1,"featured_media":0,"comment_status":"open","ping_status":"open","sticky":false,"template":"","format":"standard","meta":{"_jetpack_memberships_contains_paid_content":false,"footnotes":""},"categories":[50],"tags":[556,1145],"class_list":{"0":"post-362","1":"post","2":"type-post","3":"status-publish","4":"format-standard","6":"category-poemas-ambientais","7":"tag-azul","8":"tag-verde"},"yoast_head":"<!-- This site is optimized with the Yoast SEO plugin v25.1 - https:\/\/yoast.com\/wordpress\/plugins\/seo\/ -->\n<title>Verde e Azul - CENED Cursos Online<\/title>\n<meta name=\"robots\" content=\"index, follow, max-snippet:-1, max-image-preview:large, max-video-preview:-1\" \/>\n<link rel=\"canonical\" href=\"https:\/\/cenedcursos.com.br\/meio-ambiente\/verde-e-azul\/\" \/>\n<meta property=\"og:locale\" content=\"pt_BR\" \/>\n<meta property=\"og:type\" content=\"article\" \/>\n<meta property=\"og:title\" content=\"Verde e Azul - CENED Cursos Online\" \/>\n<meta property=\"og:description\" content=\"Olhando em sil&ecirc;ncio, conteplamos o sentimento que nos cerca e preenche.. vivos por sentir&#8230; Se algum dia eu n&atilde;o puder lembra do que senti hoje, Quero lembrar do que n&atilde;o posso esquecer. Quero dizer a meus filhos, Que eu os amo e que sou capaz de transformar. Meus filhos vieram de mim, E como eu, [&hellip;]\" \/>\n<meta property=\"og:url\" content=\"https:\/\/cenedcursos.com.br\/meio-ambiente\/verde-e-azul\/\" \/>\n<meta property=\"og:site_name\" content=\"CENED Cursos Online\" \/>\n<meta property=\"article:published_time\" content=\"2008-09-22T16:17:30+00:00\" \/>\n<meta name=\"author\" content=\"Amarildo R. Ferrari\" \/>\n<meta name=\"twitter:card\" content=\"summary_large_image\" \/>\n<meta name=\"twitter:label1\" content=\"Escrito por\" \/>\n\t<meta name=\"twitter:data1\" content=\"Amarildo R. Ferrari\" \/>\n\t<meta name=\"twitter:label2\" content=\"Est. tempo de leitura\" \/>\n\t<meta name=\"twitter:data2\" content=\"1 minuto\" \/>\n<script type=\"application\/ld+json\" class=\"yoast-schema-graph\">{\"@context\":\"https:\/\/schema.org\",\"@graph\":[{\"@type\":\"WebPage\",\"@id\":\"https:\/\/cenedcursos.com.br\/meio-ambiente\/verde-e-azul\/\",\"url\":\"https:\/\/cenedcursos.com.br\/meio-ambiente\/verde-e-azul\/\",\"name\":\"Verde e Azul - CENED Cursos Online\",\"isPartOf\":{\"@id\":\"https:\/\/cenedcursos.com.br\/meio-ambiente\/#website\"},\"datePublished\":\"2008-09-22T16:17:30+00:00\",\"author\":{\"@id\":\"https:\/\/cenedcursos.com.br\/meio-ambiente\/#\/schema\/person\/64377d24cdc16779a1eb6229894af388\"},\"breadcrumb\":{\"@id\":\"https:\/\/cenedcursos.com.br\/meio-ambiente\/verde-e-azul\/#breadcrumb\"},\"inLanguage\":\"pt-BR\",\"potentialAction\":[{\"@type\":\"ReadAction\",\"target\":[\"https:\/\/cenedcursos.com.br\/meio-ambiente\/verde-e-azul\/\"]}]},{\"@type\":\"BreadcrumbList\",\"@id\":\"https:\/\/cenedcursos.com.br\/meio-ambiente\/verde-e-azul\/#breadcrumb\",\"itemListElement\":[{\"@type\":\"ListItem\",\"position\":1,\"name\":\"In\u00edcio\",\"item\":\"https:\/\/cenedcursos.com.br\/meio-ambiente\/\"},{\"@type\":\"ListItem\",\"position\":2,\"name\":\"Verde e Azul\"}]},{\"@type\":\"WebSite\",\"@id\":\"https:\/\/cenedcursos.com.br\/meio-ambiente\/#website\",\"url\":\"https:\/\/cenedcursos.com.br\/meio-ambiente\/\",\"name\":\"CENED Cursos Online\",\"description\":\"Aqui voc\u00ea encontra artigos em diversas \u00e1reas do conhecimento: meio ambiente, educa\u00e7\u00e3o, marketing digital, neg\u00f3cios online e muito mais.\",\"potentialAction\":[{\"@type\":\"SearchAction\",\"target\":{\"@type\":\"EntryPoint\",\"urlTemplate\":\"https:\/\/cenedcursos.com.br\/meio-ambiente\/?s={search_term_string}\"},\"query-input\":{\"@type\":\"PropertyValueSpecification\",\"valueRequired\":true,\"valueName\":\"search_term_string\"}}],\"inLanguage\":\"pt-BR\"},{\"@type\":\"Person\",\"@id\":\"https:\/\/cenedcursos.com.br\/meio-ambiente\/#\/schema\/person\/64377d24cdc16779a1eb6229894af388\",\"name\":\"Amarildo R. Ferrari\",\"image\":{\"@type\":\"ImageObject\",\"inLanguage\":\"pt-BR\",\"@id\":\"https:\/\/cenedcursos.com.br\/meio-ambiente\/#\/schema\/person\/image\/\",\"url\":\"https:\/\/secure.gravatar.com\/avatar\/6ea4248ca9f295c93f1b72f8398232f0fbbffe30349e6ec3839cfa5e09b0de3c?s=96&d=mm&r=g\",\"contentUrl\":\"https:\/\/secure.gravatar.com\/avatar\/6ea4248ca9f295c93f1b72f8398232f0fbbffe30349e6ec3839cfa5e09b0de3c?s=96&d=mm&r=g\",\"caption\":\"Amarildo R. Ferrari\"},\"sameAs\":[\"https:\/\/cenedcursos.com.br\/meio-ambiente\"],\"url\":\"https:\/\/cenedcursos.com.br\/meio-ambiente\/author\/admin\/\"}]}<\/script>\n<!-- \/ Yoast SEO plugin. -->","yoast_head_json":{"title":"Verde e Azul - CENED Cursos Online","robots":{"index":"index","follow":"follow","max-snippet":"max-snippet:-1","max-image-preview":"max-image-preview:large","max-video-preview":"max-video-preview:-1"},"canonical":"https:\/\/cenedcursos.com.br\/meio-ambiente\/verde-e-azul\/","og_locale":"pt_BR","og_type":"article","og_title":"Verde e Azul - CENED Cursos Online","og_description":"Olhando em sil&ecirc;ncio, conteplamos o sentimento que nos cerca e preenche.. vivos por sentir&#8230; Se algum dia eu n&atilde;o puder lembra do que senti hoje, Quero lembrar do que n&atilde;o posso esquecer. Quero dizer a meus filhos, Que eu os amo e que sou capaz de transformar. Meus filhos vieram de mim, E como eu, [&hellip;]","og_url":"https:\/\/cenedcursos.com.br\/meio-ambiente\/verde-e-azul\/","og_site_name":"CENED Cursos Online","article_published_time":"2008-09-22T16:17:30+00:00","author":"Amarildo R. Ferrari","twitter_card":"summary_large_image","twitter_misc":{"Escrito por":"Amarildo R. Ferrari","Est. tempo de leitura":"1 minuto"},"schema":{"@context":"https:\/\/schema.org","@graph":[{"@type":"WebPage","@id":"https:\/\/cenedcursos.com.br\/meio-ambiente\/verde-e-azul\/","url":"https:\/\/cenedcursos.com.br\/meio-ambiente\/verde-e-azul\/","name":"Verde e Azul - CENED Cursos Online","isPartOf":{"@id":"https:\/\/cenedcursos.com.br\/meio-ambiente\/#website"},"datePublished":"2008-09-22T16:17:30+00:00","author":{"@id":"https:\/\/cenedcursos.com.br\/meio-ambiente\/#\/schema\/person\/64377d24cdc16779a1eb6229894af388"},"breadcrumb":{"@id":"https:\/\/cenedcursos.com.br\/meio-ambiente\/verde-e-azul\/#breadcrumb"},"inLanguage":"pt-BR","potentialAction":[{"@type":"ReadAction","target":["https:\/\/cenedcursos.com.br\/meio-ambiente\/verde-e-azul\/"]}]},{"@type":"BreadcrumbList","@id":"https:\/\/cenedcursos.com.br\/meio-ambiente\/verde-e-azul\/#breadcrumb","itemListElement":[{"@type":"ListItem","position":1,"name":"In\u00edcio","item":"https:\/\/cenedcursos.com.br\/meio-ambiente\/"},{"@type":"ListItem","position":2,"name":"Verde e Azul"}]},{"@type":"WebSite","@id":"https:\/\/cenedcursos.com.br\/meio-ambiente\/#website","url":"https:\/\/cenedcursos.com.br\/meio-ambiente\/","name":"CENED Cursos Online","description":"Aqui voc\u00ea encontra artigos em diversas \u00e1reas do conhecimento: meio ambiente, educa\u00e7\u00e3o, marketing digital, neg\u00f3cios online e muito mais.","potentialAction":[{"@type":"SearchAction","target":{"@type":"EntryPoint","urlTemplate":"https:\/\/cenedcursos.com.br\/meio-ambiente\/?s={search_term_string}"},"query-input":{"@type":"PropertyValueSpecification","valueRequired":true,"valueName":"search_term_string"}}],"inLanguage":"pt-BR"},{"@type":"Person","@id":"https:\/\/cenedcursos.com.br\/meio-ambiente\/#\/schema\/person\/64377d24cdc16779a1eb6229894af388","name":"Amarildo R. Ferrari","image":{"@type":"ImageObject","inLanguage":"pt-BR","@id":"https:\/\/cenedcursos.com.br\/meio-ambiente\/#\/schema\/person\/image\/","url":"https:\/\/secure.gravatar.com\/avatar\/6ea4248ca9f295c93f1b72f8398232f0fbbffe30349e6ec3839cfa5e09b0de3c?s=96&d=mm&r=g","contentUrl":"https:\/\/secure.gravatar.com\/avatar\/6ea4248ca9f295c93f1b72f8398232f0fbbffe30349e6ec3839cfa5e09b0de3c?s=96&d=mm&r=g","caption":"Amarildo R. Ferrari"},"sameAs":["https:\/\/cenedcursos.com.br\/meio-ambiente"],"url":"https:\/\/cenedcursos.com.br\/meio-ambiente\/author\/admin\/"}]}},"jetpack_featured_media_url":"","jetpack_sharing_enabled":true,"_links":{"self":[{"href":"https:\/\/cenedcursos.com.br\/meio-ambiente\/wp-json\/wp\/v2\/posts\/362","targetHints":{"allow":["GET"]}}],"collection":[{"href":"https:\/\/cenedcursos.com.br\/meio-ambiente\/wp-json\/wp\/v2\/posts"}],"about":[{"href":"https:\/\/cenedcursos.com.br\/meio-ambiente\/wp-json\/wp\/v2\/types\/post"}],"author":[{"embeddable":true,"href":"https:\/\/cenedcursos.com.br\/meio-ambiente\/wp-json\/wp\/v2\/users\/1"}],"replies":[{"embeddable":true,"href":"https:\/\/cenedcursos.com.br\/meio-ambiente\/wp-json\/wp\/v2\/comments?post=362"}],"version-history":[{"count":0,"href":"https:\/\/cenedcursos.com.br\/meio-ambiente\/wp-json\/wp\/v2\/posts\/362\/revisions"}],"wp:attachment":[{"href":"https:\/\/cenedcursos.com.br\/meio-ambiente\/wp-json\/wp\/v2\/media?parent=362"}],"wp:term":[{"taxonomy":"category","embeddable":true,"href":"https:\/\/cenedcursos.com.br\/meio-ambiente\/wp-json\/wp\/v2\/categories?post=362"},{"taxonomy":"post_tag","embeddable":true,"href":"https:\/\/cenedcursos.com.br\/meio-ambiente\/wp-json\/wp\/v2\/tags?post=362"}],"curies":[{"name":"wp","href":"https:\/\/api.w.org\/{rel}","templated":true}]}}