{"id":366,"date":"2008-10-08T22:20:30","date_gmt":"2008-10-08T22:20:30","guid":{"rendered":"http:\/\/www.cenedcursos.com.br\/?p=366"},"modified":"2025-05-27T22:04:34","modified_gmt":"2025-05-28T01:04:34","slug":"agricultura-ecologica","status":"publish","type":"post","link":"https:\/\/cenedcursos.com.br\/meio-ambiente\/agricultura-ecologica\/","title":{"rendered":"Agricultura de base ecol\u00f3gica em assentamentos rurais: o caso do Assentamento Padre Gino"},"content":{"rendered":"<p><!-- [if gte mso 10]>\n\n\n\n<style> \/* Style Definitions *\/ table.MsoNormalTable {mso-style-name:\"Tabela normal\"; mso-tstyle-rowband-size:0; mso-tstyle-colband-size:0; mso-style-noshow:yes; mso-style-priority:99; mso-style-qformat:yes; mso-style-parent:\"\"; mso-padding-alt:0cm 5.4pt 0cm 5.4pt; mso-para-margin-top:0cm; mso-para-margin-right:0cm; mso-para-margin-bottom:10.0pt; mso-para-margin-left:0cm; line-height:115%; mso-pagination:widow-orphan; font-size:11.0pt; font-family:\"Calibri\",\"sans-serif\"; mso-ascii-font-family:Calibri; mso-ascii-theme-font:minor-latin; mso-fareast-font-family:\"Times New Roman\"; mso-fareast-theme-font:minor-fareast; mso-hansi-font-family:Calibri; mso-hansi-theme-font:minor-latin;} <\/style>\n\n <![endif]--><\/p>\n<p class=\"MsoNormal\" style=\"margin-bottom: 0.0001pt; text-align: right; line-height: normal;\" align=\"right\"><span style=\"font-family: Arial; font-size: small;\"><strong><em><span style=\"font-size: 10pt;\">Autoria: Firmino Manoel Neto<\/span><\/em><\/strong><\/span><\/p>\n<p class=\"MsoNormal\" style=\"margin-bottom: 0.0001pt; text-align: justify; line-height: normal;\"><span style=\"font-family: Arial;\"><span style=\"font-size: 10pt;\"><strong>RESUMO:<\/strong> O presente trabalho contempla a Agricultura familiar de base ecol\u00f3gica, no que compreende formas menos agressivas de agricultura ao meio ambiente, que proporcionam melhores condi\u00e7\u00f5es econ\u00f4micas aos agricultores familiares, especialmente aqueles com menos recursos de terra e capital. O estudo foi desenvolvido em quatro etapas que abordam desde assuntos introdut\u00f3rios, que esclarecem sobre os objetivos, at\u00e9 temas como: agricultura familiar de base ecol\u00f3gica, agroecologia e economia solid\u00e1ria, seguran\u00e7a alimentar sustent\u00e1vel, desenvolvimento da agricultura ecol\u00f3gica no que se refere \u00e0 sustentabilidade e qualidade de vida. Enfim, esclarece sobre a experi\u00eancia do Assentamento Padre Gino\/Sap\u00e9, economia, organiza\u00e7\u00e3o da produ\u00e7\u00e3o, e a agricultura ecol\u00f3gica para al\u00e9m dos aspectos da renda.<\/span><\/span><\/p>\n<p class=\"MsoNormal\" style=\"margin-bottom: 0.0001pt; text-align: justify; line-height: normal;\"><span style=\"font-family: Arial;\"><span style=\"font-size: 10pt;\"><em>Palavras-chave: Agroecologia, Agricultura familiar, Economia Solid\u00e1ria.<\/em><\/span><\/span><\/p>\n<p class=\"MsoNormal\" style=\"margin-bottom: 0.0001pt; text-align: justify; line-height: normal;\"><span style=\"font-family: Arial;\"><strong><span style=\"font-size: 10pt;\">Introdu\u00e7\u00e3o<\/span><\/strong><\/span><\/p>\n<p class=\"MsoNormal\" style=\"margin-bottom: 0.0001pt; text-align: justify; text-indent: 35.45pt; line-height: normal;\"><span style=\"font-family: Arial;\"><span style=\"font-size: 10pt;\">A agroecologia prop\u00f5e um conjunto de princ\u00edpios e de metodologias participativas que ap\u00f3iam o processo de transi\u00e7\u00e3o de agricultura convencional para estilos de agricultura de base ecol\u00f3gica. A aplica\u00e7\u00e3o desses princ\u00edpios envolve v\u00e1rias dimens\u00f5es: ambiental, social, econ\u00f4mica, cultural, pol\u00edtica e \u00e9tica.<\/span><\/span><\/p>\n<p class=\"MsoNormal\" style=\"margin-bottom: 0.0001pt; text-align: justify; text-indent: 35.45pt; line-height: normal;\"><span style=\"font-family: Arial;\"><span style=\"font-size: 10pt;\">A agroecologia vai al\u00e9m dos aspectos t\u00e9cnicos de produ\u00e7\u00e3o. Ela inclui todo o complexo de rela\u00e7\u00f5es que estabelecemos com o meio ambiente, assim como as rela\u00e7\u00f5es entre as pessoas. Ent\u00e3o \u00e9 essencial fazer a nossa parte na preserva\u00e7\u00e3o do meio em que vivemos, seja na ro\u00e7a, na comunidade, no bairro, no munic\u00edpio ou na regi\u00e3o que vivemos, segundo a id\u00e9ia de pensar globalmente e agir localmente.<\/span><\/span><\/p>\n<p class=\"MsoNormal\" style=\"margin-bottom: 0.0001pt; text-align: justify; text-indent: 17.4pt; line-height: normal;\"><span style=\"font-family: Arial;\"><span style=\"font-size: 10pt;\">Desde que come\u00e7ou a se constituir o paradigma Agroecol\u00f3gico e desde que foram retomadas a\u00e7\u00f5es da constru\u00e7\u00e3o das agriculturas alternativas, a refer\u00eancia \u00e0 agroecologia tem sido bastante positiva. O termo nos faz lembrar formas menos agressivas de agricultura ao meio ambiente, que promovem a inclus\u00e3o social e proporcionam melhores condi\u00e7\u00f5es econ\u00f4micas aos agricultores familiares, especialmente aqueles com poucos recursos de terra e de capital. <\/span><\/span><\/p>\n<p class=\"MsoNormal\" style=\"margin-bottom: 0.0001pt; text-align: justify; text-indent: 17.55pt; line-height: normal;\"><span style=\"font-family: Arial;\"><span style=\"font-size: 10pt;\">Ao investigarmos o tema, estamos tentando do contribuir com a Geografia agr\u00e1ria\/meio ambiente. Preocupados com a condi\u00e7\u00e3o de vida do agricultor familiar e da sociedade em geral do nosso estado, diante de uma realidade onde o atual ritmo de degrada\u00e7\u00e3o dos recursos naturais est\u00e1 comprometendo cada vez mais o futuro das pr\u00f3ximas gera\u00e7\u00f5es.<\/span><\/span><\/p>\n<p class=\"MsoNormal\" style=\"margin-bottom: 0.0001pt; text-align: justify; text-indent: 17.55pt; line-height: normal;\"><span style=\"font-family: Arial;\"><span style=\"font-size: 10pt;\">\u00c9 necess\u00e1ria uma mudan\u00e7a na maneira de perceber o meio ambiente em que estamos inseridos e do qual, o ser humano \u00e9 parte intr\u00ednseca. A agricultura ecol\u00f3gica al\u00e9m de proporcionar a melhoria da renda tem mostrado outras mudan\u00e7as e realiza\u00e7\u00f5es, nas dimens\u00f5es econ\u00f4micas, ambientais e de viv\u00eancias. Dentre os quais, o Assentamento Padre Gino, localizado no munic\u00edpio de Sap\u00e9 \u2013 PB se destaca por utilizar uma forma de agricultura menos agressiva ao meio ambiente, que promove a inclus\u00e3o social e proporciona melhores condi\u00e7\u00f5es econ\u00f4micas aos agricultores familiares, especialmente aqueles com poucos recursos de terra e de capital. <\/span><\/span><\/p>\n<p class=\"MsoNormal\" style=\"margin-bottom: 0.0001pt; text-align: justify; text-indent: 35.45pt; line-height: normal;\"><span style=\"font-family: Arial;\"><span style=\"font-size: 10pt;\">Com foco nas perspectivas da agricultura familiar de base ecol\u00f3gica e tendo como prop\u00f3sito de responder o seguinte questionamento: <\/span><\/span><\/p>\n<p class=\"MsoNormal\" style=\"margin-bottom: 0.0001pt; text-align: justify; text-indent: 35.45pt; line-height: normal;\"><span style=\"font-family: Arial;\"><span style=\"font-size: 10pt;\">Quais impactos econ\u00f4micos da Agricultura Familiar de base Ecol\u00f3gica no Assentamento Padre Gino?<\/span><\/span><\/p>\n<p class=\"MsoNormal\" style=\"margin-bottom: 0.0001pt; text-align: justify; text-indent: 35.45pt; line-height: normal;\"><span style=\"font-family: Arial;\"><span style=\"font-size: 10pt;\">\u00a0<\/span><\/span><\/p>\n<p class=\"MsoNormal\" style=\"margin-bottom: 0.0001pt; text-align: justify; line-height: normal;\"><span style=\"font-family: Arial;\"><strong><span style=\"font-size: 10pt;\">Metodologia<\/span><\/strong><\/span><\/p>\n<p class=\"MsoNormal\" style=\"margin-bottom: 0.0001pt; text-align: justify; text-indent: 35.4pt; line-height: normal;\"><span style=\"font-family: Arial;\"><span style=\"font-size: 10pt;\">Para desenvolvimento e constru\u00e7\u00e3o dessa pesquisa utilizamos muito das refer\u00eancias bibliogr\u00e1fic<\/span><\/span><span style=\"font-family: Arial;\"><span style=\"font-size: 10pt;\">as, j\u00e1 tornadas p\u00fablicas em rela\u00e7\u00e3o ao tema estudado, desde publica\u00e7\u00f5es avulsas, boletins, jornais revistas, livros monografias, teses material cartogr\u00e1fico, etc.<\/span><\/span><\/p>\n<p class=\"MsoNormal\" style=\"margin-bottom: 0.0001pt; text-align: justify; text-indent: 35.4pt; line-height: normal;\"><span style=\"font-family: Arial;\"><span style=\"font-size: 10pt;\">O m\u00e9todo de pesquisa utilizado para elabora\u00e7\u00e3o deste trabalho consistiu em uma Pesquisa Qualitativa do tipo \u201cEstudo de Caso\u201d, denominado Hist\u00f3ria de vida<a name=\"_ftnref1\"><\/a>[1].<\/span><\/span><\/p>\n<p class=\"MsoNormal\" style=\"margin-bottom: 0.0001pt; text-align: justify; text-indent: 35.4pt; line-height: normal;\"><span style=\"font-family: Arial;\"><span style=\"font-size: 10pt;\">Os m\u00e9todos qualitativos s\u00e3o utilizados para descrever, analisar e explicar o problema n\u00e3o fazendo uso de elementos estat\u00edsticos para esse fim. O objeto de estudo de caso, por seu turno \u00e9 uma analise profunda de uma unidade. No entender de Goody (1995,p.25) visa ao exame detalhado de um ambiente, de um sujeito ou de uma situa\u00e7\u00e3o em particular<\/span><\/span><\/p>\n<p class=\"MsoNormal\" style=\"margin-bottom: 0.0001pt; text-align: justify; line-height: normal;\"><span style=\"font-family: Arial;\"><span style=\"font-size: 10pt;\"> O estudo inicia-se com a revis\u00e3o das obras de alguns dos principais autores que tratam da tem\u00e1tica, formando uma fundamenta\u00e7\u00e3o te\u00f3rica consistente, favorecendo a correta compreens\u00e3o e conceitua\u00e7\u00e3o de Agricultura <\/span><\/span><span style=\"font-family: Arial;\"><span style=\"font-size: 10pt;\">de base Ecol\u00f3gica.<\/span><\/span><\/p>\n<p class=\"MsoNormal\" style=\"margin-bottom: 0.0001pt; text-align: justify; line-height: normal;\"><span style=\"font-family: Arial;\"><span style=\"font-size: 10pt;\"> No campo realizou-se pesquisa qualitativa com aplica\u00e7\u00e3o de question\u00e1rios a todos os agricultores de base ecol\u00f3gica do Assentamento objeto da pesquisa, tamb\u00e9m foram realizadas anota\u00e7\u00f5es em caderno de campo e registro da paisagem da unidade de produ\u00e7\u00e3o (campo). Foi feito o registro fotogr\u00e1fico para, para utiliz\u00e1-lo como documento e express\u00e3o de mem\u00f3ria. A foto \u00e9 a pe\u00e7a reveladora dos agentes que contribuem com a din\u00e2mica da produ\u00e7\u00e3o Agroecol\u00f3gica de forma micro-espacial e capaz de registrar os agricultores, produ\u00e7\u00e3o e o escoamento da produ\u00e7\u00e3o. As fotos nos d\u00e3o possibilidades de refletir sobre a problem\u00e1tica e as caracter\u00edsticas de uma pesquisa (VALERIO, 2002).<\/span><\/span><\/p>\n<p class=\"MsoNormal\" style=\"margin-bottom: 0.0001pt; text-align: justify; line-height: normal;\"><span style=\"font-family: Arial;\"><strong><span style=\"font-size: 10pt;\">Resultados e discuss\u00e3o<\/span><\/strong><\/span><\/p>\n<p class=\"MsoNormal\" style=\"margin-bottom: 0.0001pt; text-align: justify; text-indent: 35.45pt; line-height: normal;\"><span style=\"font-family: Arial;\"><span style=\"font-size: 10pt;\">No Assentamento Padre Gino, a agricultura familiar tradicional em transi\u00e7\u00e3o para a agroecologia tem buscado apropriar-se das diferentes potencialidades dos sistemas agr\u00edcolas e pecu\u00e1rios sustent\u00e1veis, seja atrav\u00e9s do beneficiamento de uma produ\u00e7\u00e3o diversificada, seja atrav\u00e9s da comercializa\u00e7\u00e3o a partir de canais diferenciados, com destaque para a \u201cFeira Agroecol\u00f3gica\u201d.<\/span><\/span><\/p>\n<p class=\"MsoNormal\" style=\"margin-bottom: 0.0001pt; text-align: justify; text-indent: 35.45pt; line-height: normal;\"><span style=\"font-family: Arial;\"><span style=\"font-size: 10pt;\">A Feira Agroecol\u00f3gica surgiu como alternativa para otimiza\u00e7\u00e3o do escoamento da produ\u00e7\u00e3o, onde o agricultor passou a ter maiores informa\u00e7\u00f5es do mercado. Tamb\u00e9m passou a ter maior volume de produ\u00e7\u00e3o, por saber onde vender, ser estimulado a aumentar a produtividade, obter produtos de qualidade, e ainda agregar valor ao seu produto.<\/span><\/span><\/p>\n<p class=\"MsoNormal\" style=\"margin-bottom: 0.0001pt; text-align: justify; line-height: normal;\"><span style=\"font-family: Arial;\"><span style=\"font-size: 10pt;\"> Assim, aos poucos a rela\u00e7\u00e3o dos Agricultores participantes da Feira Agroecol\u00f3gica com os atravessadores come\u00e7a a se distanciar. Hoje, os Agricultores podem produzir menos e lucrar mais.<\/span><\/span><\/p>\n<p class=\"MsoNormal\" style=\"margin-bottom: 0.0001pt; text-align: justify; text-indent: 35.4pt; line-height: normal;\"><span style=\"font-family: Arial;\"><span style=\"font-size: 10pt;\">Foram aplicados question\u00e1rios, em Setembro\/2008, aos agricultores de base ecol\u00f3gica do Assentamento Padre Gino. Ao aplicar os question\u00e1rios foi poss\u00edvel constatar que a maioria dos agricultores est\u00e1 dentro da faixa et\u00e1ria de 41 a 60 anos, e s\u00e3o do sexo masculino. <\/span><\/span><\/p>\n<p class=\"MsoNormal\" style=\"margin-bottom: 0.0001pt; text-align: justify; text-indent: 35.45pt; line-height: normal;\"><span style=\"font-family: Arial;\"><span style=\"font-size: 10pt;\">Verificamos tamb\u00e9m que o principal motivo que levam os consumidores a comprarem os produtos agroecol\u00f3gicos \u00e9 por serem org\u00e2nicos.<\/span><\/span><\/p>\n<p class=\"MsoNormal\" style=\"margin-bottom: 0.0001pt; text-align: justify; text-indent: 35.45pt; line-height: normal;\"><span style=\"font-family: Arial;\"><span style=\"font-size: 10pt;\">Al\u00e9m do discurso ambiental mercantilizado na esfera macro, com objetivos diversos que, quase sempre terminam por reafirmar a l\u00f3gica do lucro, tem-se tamb\u00e9m uma preocupa\u00e7\u00e3o em atender a uma esp\u00e9cie de \u201cnovo consumidor\u201d <a name=\"_ftnref2\"><\/a>[2], gerado pelo avan\u00e7o do sistema capitalista.<\/span><\/span><\/p>\n<p class=\"MsoNormal\" style=\"margin-bottom: 0.0001pt; text-align: justify; line-height: normal;\"><span style=\"font-family: Arial;\"><span style=\"font-size: 10pt;\"> Esse consumidor atual, que vive a chamada era da informa\u00e7\u00e3o, \u00e9 cercado por uma quantidade imensa de produtos e servi\u00e7os, tornando-o cada vez mais exigente na hora da escolha do que consumir.<\/span><\/span><\/p>\n<p class=\"MsoNormal\" style=\"margin-bottom: 0.0001pt; text-align: justify; line-height: normal;\"><span style=\"font-family: Arial;\"><span style=\"font-size: 10pt;\"> H\u00e1 evid\u00eancias de que existe uma preocupa\u00e7\u00e3o crescente desses consumidores com a qualidade de vida e com a sa\u00fade. Os \u201cmales\u201d do mundo urbano parecem afetar cada vez mais essas pessoas. O stress, o c\u00e2ncer, a depress\u00e3o e a solid\u00e3o tornam-se cada vez mais recorrentes cotidianos.<\/span><\/span><\/p>\n<p class=\"MsoNormal\" style=\"margin-bottom: 0.0001pt; text-align: justify; line-height: normal;\"><span style=\"font-family: Arial;\"><span style=\"font-size: 10pt;\"> Como resultado desse processo, observa-se uma necessidade de \u201cretorno a natureza\u201d, fen\u00f4meno que afeta atualmente diversos setores da economia. Como exemplo desse reencontro do homem com um modo de vida mais saud\u00e1vel observamos a\u00e7\u00f5es como: a compra de ch\u00e1caras afastadas da cidade, a procura do autoconhecimento atrav\u00e9s da cultura oriental, o apelo aos livros de auto-ajuda, as lotadas academias de gin\u00e1sticas at\u00e9 uma tentativa de reeduca\u00e7\u00e3o alimentar. <\/span><\/span><\/p>\n<p class=\"MsoNormal\" style=\"margin-bottom: 0.0001pt; text-align: justify; line-height: normal;\"><span style=\"font-family: Arial;\"><span style=\"font-size: 10pt;\"> Ao que tudo indica, os problemas gerados pela domina\u00e7\u00e3o e destrui\u00e7\u00e3o da natureza pela sociedade contempor\u00e2nea, ao inv\u00e9s de causar uma mudan\u00e7a de paradigma, em rela\u00e7\u00e3o \u00e0s pr\u00e1ticas de consumo desenfreadas, tem gerado novas linhas de consumo.<img data-recalc-dims=\"1\" loading=\"lazy\" decoding=\"async\" data-attachment-id=\"365\" data-permalink=\"https:\/\/cenedcursos.com.br\/meio-ambiente\/dsc02599\/\" data-orig-file=\"https:\/\/i0.wp.com\/cenedcursos.com.br\/meio-ambiente\/wp-content\/uploads\/2008\/10\/DSC02599-1.jpg?fit=300%2C225&amp;ssl=1\" data-orig-size=\"300,225\" data-comments-opened=\"1\" data-image-meta=\"{&quot;aperture&quot;:&quot;0&quot;,&quot;credit&quot;:&quot;&quot;,&quot;camera&quot;:&quot;&quot;,&quot;caption&quot;:&quot;&quot;,&quot;created_timestamp&quot;:&quot;0&quot;,&quot;copyright&quot;:&quot;&quot;,&quot;focal_length&quot;:&quot;0&quot;,&quot;iso&quot;:&quot;0&quot;,&quot;shutter_speed&quot;:&quot;0&quot;,&quot;title&quot;:&quot;&quot;,&quot;orientation&quot;:&quot;0&quot;}\" data-image-title=\"DSC02599\" data-image-description=\"\" data-image-caption=\"\" data-medium-file=\"https:\/\/i0.wp.com\/cenedcursos.com.br\/meio-ambiente\/wp-content\/uploads\/2008\/10\/DSC02599-1.jpg?fit=300%2C225&amp;ssl=1\" data-large-file=\"https:\/\/i0.wp.com\/cenedcursos.com.br\/meio-ambiente\/wp-content\/uploads\/2008\/10\/DSC02599-1.jpg?fit=300%2C225&amp;ssl=1\" class=\" alignright size-full wp-image-365\" title=\"\" src=\"https:\/\/i0.wp.com\/www.cenedcursos.com.br\/meio-ambiente\/wp-content\/uploads\/2008\/10\/DSC02599.JPG?resize=300%2C225&#038;ssl=1\" alt=\"agricultura ecologica agroecologia\" width=\"300\" height=\"225\" align=\"right\" border=\"0\" hspace=\"5\" vspace=\"5\" \/><\/span><\/span><\/p>\n<p class=\"MsoNormal\" style=\"margin-bottom: 0.0001pt; text-align: justify; text-indent: 35.45pt; line-height: normal;\"><span style=\"font-family: Arial;\"><span style=\"font-size: 10pt;\">Para atender a essa preocupa\u00e7\u00e3o com a alimenta\u00e7\u00e3o, grandes redes de <em>fast-foods, <\/em>como <em>McDonalds, Spoleto<\/em>, Vivenda do Camar\u00e3o, <em>Habib\u00b4s<\/em>, Casa do P\u00e3o de Queijo, Bom Grill\u00ea, <em>Bob\u00b4s<\/em>, <em>Jin, Burguer King<\/em>, entre outras, incorporaram aos seus card\u00e1pios op\u00e7\u00f5es mais \u201csaud\u00e1veis\u201d, com ingredientes mais <em>lights<\/em>.<\/span><\/span><\/p>\n<p class=\"MsoNormal\" style=\"margin-bottom: 0.0001pt; text-align: justify; text-indent: 35.45pt; line-height: normal;\"><span style=\"font-family: Arial;\"><span style=\"font-size: 10pt;\">Essa busca de um modo de vida auto-sustent\u00e1vel proporciona qualidade de vida e dignidade a esses agricultores. O processo de mudan\u00e7a \u00e9 bastante gradual e parte de uma iniciativa da pr\u00f3pria fam\u00edlia rural em mudar de vida. <\/span><\/span><\/p>\n<p class=\"MsoNormal\" style=\"margin-bottom: 0.0001pt; text-align: justify; text-indent: 35.45pt; line-height: normal;\"><span style=\"font-family: Arial;\"><span style=\"font-size: 10pt;\">De acordo com o question\u00e1rio aplicado junto aos agricultores do Assentamento Padre Gino, chama aten\u00e7\u00e3o o fato dos agricultores, estarem desenvolvendo experi\u00eancias que j\u00e1 apresentam resultados concretos nas dimens\u00f5es ambiental (solo, vegeta\u00e7\u00e3o, animais, etc.), s\u00f3cio-cultural e econ\u00f4mica, sobre a qual trataremos aqui de enfocar alguns aspectos. Para situar o contexto dessas experi\u00eancias, como pode ser observado nos depoimentos de alguns agricultores:<\/span><\/span><\/p>\n<p class=\"MsoNormal\" style=\"margin: 0cm 0cm 0.0001pt 4cm; text-align: justify; line-height: normal;\"><span style=\"font-family: Arial;\"><span style=\"font-size: 10pt;\">{&#8230;} Antes da produ\u00e7\u00e3o Agroecol\u00f3gica, plantava pouco e esse pouco s\u00f3 achava quem comprasse por migalhas que nem dava pra tirar meu trabalho. Para sustentar minha fam\u00edlia tinha de trabalhar alugado para complementar a renda. Mais como hoje com a produ\u00e7\u00e3o Agroecol\u00f3gica tenho certo a quem vender, e com o dinheiro que ganhei fui aumentando minha \u00e1rea de plantio. Hoje, vivo s\u00f3 da minha renda Agroecol\u00f3gica, livrando mais de um<br \/>\nsal\u00e1rio m\u00ednimo por m\u00eas, com isso, consegui melhorar a vida da minha fam\u00edlia, inclusive na nossa casa. Temos os mobili\u00e1rios necess\u00e1rios para uma familiar ter um pouco de conforto (Agricultor 01).<\/span><\/span><\/p>\n<p class=\"MsoNormal\" style=\"margin-left: 117pt; text-align: justify; line-height: normal;\"><span style=\"font-family: Arial;\"><span style=\"font-size: 10pt;\"> (&#8230;) O resultado das planta\u00e7\u00f5es era unicamente para o consumo da fam\u00edlia<em>.: \u201cA gente s\u00f3 plantava para comer, n\u00e3o tinha esse neg\u00f3cio de vender, porque a gente n\u00e3o lucrava nada\u201d<\/em>. Durante muitos anos foi assim, eu plantava para comer e n\u00e3o tinha a renda financeira com o meu trabalho. A\u00ed foi que decidi procurar informa\u00e7\u00f5es e participar de reuni\u00f5es para saber melhor a respeito da agroecologia. <em>\u201cFui \u00e0 primeira vez e gostei. Da\u00ed por diante, comecei a ir sempre as reuni\u00f5es da Associa\u00e7\u00e3o da feira Agroecol\u00f3gica e vi que a agroecologia d\u00e1 certo\u201d.<\/em> A agricultora notou a melhora da sua \u00e1rea, diversificou o n\u00famero de plantas e iniciou tamb\u00e9m a cria\u00e7\u00e3o de animais. Com esse novo jeito de plantar, ela p\u00f4de utilizar o produto do seu trabalho para fazer receitas e vender na feira Agroecol\u00f3gica. <em>\u201cO que a gente tem agora d\u00e1 para comer e pra vender, s\u00f3 gastamos com a\u00e7\u00facar, farinha e goma e quando a feirinha \u00e9 boa, chegamos a lucrar mais de R$100,00\u201d<\/em> (agricultora).<\/span><\/span><\/p>\n<p class=\"MsoNormal\" style=\"text-align: justify; line-height: normal;\"><span style=\"font-family: Arial;\"><strong><span style=\"font-size: 10pt;\">Conclus\u00f5es<\/span><\/strong><\/span><\/p>\n<p class=\"MsoNormal\"><span style=\"font-family: Arial;\"><span style=\"font-size: 10pt; line-height: 115%;\">A melhoria da renda veio acompanhada de outras mudan\u00e7as e realiza\u00e7\u00f5es, nas deten\u00e7\u00f5es econ\u00f4mica, ambiental e das viv\u00eancias, dentre as quais o grupo de agricultores do Assentamento Padre Gino se destaca:<\/span><\/span><\/p>\n<ul>\n<li><span style=\"font-family: Arial;\"><span style=\"font-size: 10pt; line-height: 115%;\">O planejamento da produ\u00e7\u00e3o e a organiza\u00e7\u00e3o do trabalho passaram a ser incorporados como uma necessidade pelo grupo, tornando mais f\u00e1cil a realiza\u00e7\u00e3o das atividades de forma solid\u00e1ria;<\/span><\/span><\/li>\n<\/ul>\n<ul>\n<li><span style=\"font-family: Arial;\"><span style=\"font-size: 10pt; line-height: 115%;\">A feira possibilita o contato direto com as pessoas urbanas, permite a troca de informa\u00e7\u00f5es entre quem produz e quem consome os alimentos, fortalecendo as rela\u00e7\u00f5es entre as partes: o campo e a cidade;<\/span><\/span><\/li>\n<\/ul>\n<ul>\n<li><span style=\"font-family: Arial;\"><span style=\"font-size: 10pt; line-height: 115%;\">A tranq\u00fcilidade na vida das fam\u00edlias de base ecol\u00f3gica aumentou muito, especialmente em rela\u00e7\u00e3o \u00e0 sa\u00fade, devido \u00e0 qualidade e a diversidade da alimenta\u00e7\u00e3o, ao uso da fototerapia e \u00e0 possibilidade de acesso ao lazer, al\u00e9m da estabilidade econ\u00f4mica e menor \u00edndice de riscos na atividade;<\/span><\/span><\/li>\n<\/ul>\n<ul>\n<li><span style=\"font-family: Arial;\"><span style=\"font-size: 10pt; line-height: 115%;\">Na dimens\u00e3o ambiental, o grupo tem convic\u00e7\u00e3o de que quanto menos interferir na natureza, melhor ser\u00e1 para a produ\u00e7\u00e3o e para a sa\u00fade das pessoas.<\/span><\/span><\/li>\n<\/ul>\n<p class=\"MsoNormal\" style=\"margin-bottom: 0.0001pt; text-align: justify; text-indent: 35.4pt; line-height: normal;\"><span style=\"font-family: Arial;\"><span style=\"font-size: 10pt;\">O estudo realizado no Assentamento Padre Gino, mostra que a agroecologia tem sido respons\u00e1vel pela melhoria na qualidade de vida do grupo de fam\u00edlias de produ\u00e7\u00e3o Agroecol\u00f3gica. A comercializa\u00e7\u00e3o direta ao consumidor configura como sendo uma oportunidade de integra\u00e7\u00e3o social, onde o conv\u00edvio de produtores com consumidores permite um maior interc\u00e2mbio e confiabilidade entre as partes, possibilitando a melhoria da qualidade da produ\u00e7\u00e3o comercializada. <\/span><\/span><\/p>\n<p class=\"MsoNormal\" style=\"margin-bottom: 0.0001pt; text-align: justify; text-indent: 35.45pt; line-height: normal;\"><span style=\"font-family: Arial;\"><span style=\"font-size: 10pt;\">Por fim, conclu\u00edmos que o <\/span><span style=\"font-size: 10pt;\">desenvolvimento local integrado e sustent\u00e1vel<span style=\"letter-spacing: 0.5pt;\"> constitu\u00eddo a partir da produ\u00e7\u00e3o agroecol\u00f3gica e a comercializa\u00e7\u00e3o diretamente ao consumidor,<\/span> atrav\u00e9s de um modelo de organiza\u00e7\u00e3o com importantes caracter\u00edsticas como: coopera\u00e7\u00e3o<a name=\"_ftnref3\"><\/a>[3], autogest\u00e3o<a name=\"_ftnref4\"><\/a>[4], viabilidade econ\u00f4mica<a name=\"_ftnref5\"><\/a>[5] e solidariedade<a name=\"_ftnref6\"><\/a>[6] (<em>ATLAS DA ECONOMIA SOLID\u00c1RIA NO BRASIL, 2005). <\/em>Estes fatores <span style=\"letter-spacing: 0.5pt;\">melhoraram o potencial s\u00f3cio-econ\u00f4mico dos assentados envolvidos, refletindo na qualidade de vida dos agricultores e consumidores, aproximando e redefinindo as rela\u00e7\u00f5es campo-cidade. <\/span><\/span><\/span><\/p>\n<p class=\"MsoNormal\" style=\"margin-bottom: 0.0001pt; text-align: justify; line-height: normal;\"><span style=\"font-family: Arial;\"><strong><span style=\"font-size: 10pt;\">Refer\u00eancias Bibliogr\u00e1ficas<\/span><\/strong><\/span><\/p>\n<p class=\"MsoNormal\" style=\"margin-bottom: 0.0001pt; text-align: justify; line-height: normal;\"><span style=\"font-family: Arial;\"><span style=\"font-size: 10pt;\">ARROYO, Jos\u00e9 Cl\u00e1udio Tupinamb\u00e1. Economia popular e solid\u00e1ria: a alavanca para um desenvolvimento local sustent\u00e1vel. 1\u00aa Ed \u2013 S\u00e3o Paulo: Editora Funda\u00e7\u00e3o Perseu Abramo,2006.<\/span><\/span><\/p>\n<p class=\"MsoNormal\" style=\"margin-bottom: 0.0001pt; text-align: justify; line-height: normal;\"><span style=\"font-family: Arial;\"><span lang=\"ES-TRAD\" style=\"font-size: 10pt;\">ALTIERI, M. A. El \u201cestado del arte\u201d de la Agroecolog\u00eda y su contribuci\u00f3n al desarrollo rural en Am\u00e9rica Latina. In: CADENAS MAR\u00cdN, A. (Ed.). <strong>Agricultura y desarrollo sostenible<\/strong>. Madrid: MAPA, 1995.<\/span><\/span><\/p>\n<p class=\"MsoNormal\" style=\"margin-bottom: 0.0001pt; text-align: justify; line-height: normal;\"><span style=\"font-family: Arial;\"><span style=\"font-size: 10pt;\">ALTIERI, M. A. <strong>Agroecologia: <\/strong>as bases cient\u00edficas da agricultura alternativa. <\/span><span lang=\"ES\" style=\"font-size: 10pt;\">Rio de Janeiro: PTA\/FASE, 1989. <\/span><\/span><\/p>\n<p class=\"MsoNormal\" style=\"margin-bottom: 0.0001pt; text-align: justify; line-height: normal;\"><span style=\"font-family: Arial;\"><span style=\"font-size: 10pt;\">BUARQUE, Crist\u00f3vam. <strong>Qualidade de vida: a moderniza\u00e7\u00e3o da utopia<\/strong>. Revista de Cultura e Pol\u00edtica. Lua Nova, S\u00e3o Paulo, n. 31, 1993.<\/span><\/span><\/p>\n<p class=\"MsoNormal\" style=\"margin-bottom: 0.0001pt; text-align: justify; line-height: normal;\"><span style=\"font-family: Arial;\"><span style=\"font-size: 10pt;\">_______. <strong>Desenvolvimento sustent\u00e1vel da zona da mata. <\/strong>Recife, SEPLAN \u2013 IICA, 1994 (Relat\u00f3rio T\u00e9cnico).<\/span><\/span><\/p>\n<p class=\"MsoNormal\" style=\"margin-bottom: 0.0001pt; text-align: justify; line-height: normal;\"><span style=\"font-family: Arial;\"><span style=\"font-size: 10pt;\">CAPORAL, Francisco Roberto. <strong>Agroecologia: alguns conceitos e princ\u00edpios<\/strong>. 24 p. Bras\u00edlia : MDA\/SAF\/DAT5ER-IICA, 2007.<\/span><\/span><\/p>\n<p class=\"MsoNormal\" style=\"margin-bottom: 0.0001pt; text-align: justify; line-height: normal;\"><span style=\"font-family: Arial;\"><span style=\"font-size: 10pt;\">________. <strong>Agroecologia e Extens\u00e3o Rural: contribuindo para a promo\u00e7\u00e3o do desenvolvimento rural sustent\u00e1ve<\/strong>l. Bras\u00edlia, DF: MDA\/SAF\/DAT5ER-IICA, 2007.<\/span><\/span><\/p>\n<p class=\"MsoNormal\" style=\"margin-bottom: 0.0001pt; text-align: justify; line-height: normal;\"><span style=\"font-family: Arial;\"><span lang=\"PT\" style=\"font-size: 10pt;\">BILHIM, Jo\u00e3o Abreu de Faria. <strong>Teoria Organizacional: Estruturas e Pessoas<\/strong>. ed. ISCSP, 2006.<\/span><\/span><\/p>\n<p class=\"MsoNormal\" style=\"margin-bottom: 0.0001pt; text-align: justify; line-height: normal;\"><span style=\"font-family: Arial;\"><span style=\"font-size: 10pt;\">DELGADO, Guilherme da C. <strong>Agricultura familiar<\/strong> <strong>e pol\u00edtica agr\u00edcola no Brasil: situa\u00e7\u00e3o atual e perspectivas.<\/strong> Campinas: ABRA, 1995.<\/span><\/span><\/p>\n<p class=\"MsoNormal\" style=\"margin-bottom: 0.0001pt; text-align: justify; line-height: normal;\"><span style=\"font-family: Arial;\"><span style=\"font-size: 10pt;\">GLIESSMAN, S. R. <strong><em>Agroecologia: <\/em><\/strong><em>processos ecol\u00f3gicos em agricultura sustent\u00e1vel<\/em>. Porto Alegre: Editora da Universidade \u2013 UFRGS, 2000. <\/span><\/span><\/p>\n<p class=\"MsoNormal\" style=\"margin-bottom: 0.0001pt; text-align: justify; line-height: normal;\"><span style=\"font-family: Arial;\"><span lang=\"ES-TRAD\" style=\"font-size: 10pt;\">GUZM\u00c1N CASADO, G.; GONZ\u00c1LEZ DE MOLINA, M.; SEVILLA GUZM\u00c1N, E. (coord.). <strong><em>Introducci\u00f3n a la Agroecolog\u00eda como desarrollo rural sostenible<\/em><\/strong>. Madrid: Ediciones Mundi-Prensa, 2000.<\/span><\/span><\/p>\n<p class=\"MsoNormal\" style=\"margin-bottom: 0.0001pt; text-align: justify; line-height: normal;\"><span style=\"font-family: Arial;\"><span style=\"font-size: 10pt;\">MENEZES, Francisco. <strong>Seguran\u00e7a Alimentar: um conceito em disputa e constru\u00e7\u00e3o<\/strong>. IBASE, Rio de Janeiro, 2001.<\/span><\/span><\/p>\n<p class=\"MsoNormal\" style=\"margin-bottom: 0.0001pt; text-align: justify; line-height: normal;\"><span style=\"font-family: Arial;\"><span style=\"font-size: 10pt;\">PORTUGAL, Alberto Duque. <strong>O desafio da agricultura familiar<\/strong>, in: Revista Agroanlysis, mar\u00e7o de 2002.<\/span><\/span><\/p>\n<p class=\"MsoNormal\" style=\"margin -bottom: 0.0001pt; text-align: justify; line-height: normal;\"><span style=\"font-family: Arial;\"><span style=\"font-size: 10pt;\">VALADARES, Jos\u00e9 Horta. <strong>Cooperativismo e Associativismo no Mundo em Transforma\u00e7\u00e3o<\/strong>, SEBRAE-MG.<\/span><\/span><\/p>\n<p class=\"MsoNormal\" style=\"margin-bottom: 0.0001pt; text-align: justify; line-height: normal;\"><span style=\"font-family: Arial;\"><span style=\"font-size: 10pt;\">SINGER, Paul. <strong>Introdu\u00e7\u00e3o \u00e0 Economia<\/strong> <strong>Solid\u00e1ria<\/strong>. S\u00e3o Paulo: Editora Funda\u00e7\u00e3o Perseu Abramo, 2002.<\/span><\/span><\/p>\n<p class=\"MsoNormal\" style=\"margin-bottom: 0.0001pt; line-height: normal;\"><span style=\"font-family: Arial;\"><span style=\"font-size: 12pt;\">\u00a0<\/span><\/span><\/p>\n<div class=\"MsoNormal\" style=\"margin-bottom: 0.0001pt; line-height: normal;\">\n<p>&nbsp;<\/p>\n<hr align=\"left\" size=\"1\" width=\"33%\" \/>\n<p>&nbsp;<\/p>\n<\/div>\n<p class=\"MsoNormal\" style=\"margin-bottom: 0.0001pt; line-height: normal;\"><span style=\"font-family: Arial;\"><a name=\"_ftn1\"><\/a><span style=\"font-size: 10pt;\">[1]<\/span><span style=\"font-size: 10pt;\"> O Estudo de Caso \u00e9 uma categoria de pesquisa cujo objeto \u00e9 uma unidade que se analisa aprofundamente (LUDKE ; ANDRE, 1996). <\/span><\/span><\/p>\n<p class=\"MsoNormal\" style=\"margin-bottom: 0.0001pt; text-align: justify; line-height: normal;\"><span style=\"font-family: Arial;\"><a name=\"_ftn2\"><\/a><span style=\"font-size: 10pt;\">[2]<\/span><span style=\"font-size: 10pt;\"> Esse novo consumidor a que nos referimos, no Brasil, constitui-se de uma pequena parcela da popula\u00e7\u00e3o, a maioria n\u00e3o possui renda suficiente nem para manter uma dieta cal\u00f3rica m\u00ednima para a fam\u00edlia.<\/span><\/span><\/p>\n<p class=\"MsoNormal\" style=\"margin-bottom: 0.0001pt; text-align: justify; line-height: normal;\"><span style=\"font-family: Arial;\"><a name=\"_ftn3\"><\/a> <\/span><\/p>\n<p class=\"MsoNormal\" style=\"margin-bottom: 0.0001pt; text-align: justify; line-height: normal;\"><span style=\"font-family: Arial;\"><span style=\"font-size: 12pt;\">[3] <\/span><span style=\"font-size: 10pt;\">Coopera\u00e7\u00e3o &#8211; <\/span><span style=\"font-size: 10pt;\">Exist\u00eancia de interesses e objetivos comuns, uni\u00e3o dos esfor\u00e7os e capacidades, propriedade coletiva parcial ou total de bens, partilha dos resultados e responsabilidade solid\u00e1ria diante das dificuldades.<\/span><\/span><\/p>\n<p class=\"MsoNormal\" style=\"margin-bottom: 0.0001pt; text-align: justify; line-height: normal;\"><span style=\"font-family: Arial;\"><a name=\"_ftn4\"><\/a><span style=\"font-size: 10pt;\">[4]<\/span><span style=\"font-size: 10pt;\"> Autogest\u00e3o &#8211; <span style=\"color: #333333;\">Exerc\u00edcio de pr\u00e1ticas participativas de autogest\u00e3o nos processos de trabalho, nas defini\u00e7\u00f5es estrat\u00e9gicas e cotidianas dos empreendimentos, na dire\u00e7\u00e3o e coordena\u00e7\u00e3o das a\u00e7\u00f5es nos seus diversos graus e interesses.<\/span><\/span><\/span><\/p>\n<p class=\"MsoNormal\" style=\"margin-bottom: 0.0001pt; text-align: justify; line-height: normal;\"><span style=\"font-family: Arial;\"><a name=\"_ftn5\"><\/a><span style=\"font-size: 10pt;\">[5]<\/span> <span style=\"font-size: 10pt;\">Atividade econ\u00f4mica &#8211; Agrega\u00e7\u00e3o de esfor\u00e7os, recursos e conhecimentos para viabilizar as iniciativas coletivas de produ\u00e7\u00e3o, presta\u00e7\u00e3o de servi\u00e7os, beneficiamento, cr\u00e9dito, comercializa\u00e7\u00e3o e consumo.<\/span><\/span><\/p>\n<p class=\"MsoNormal\" style=\"line-height: normal;\"><span style=\"font-family: Arial;\"><a name=\"_ftn6\"><\/a><span style=\"font-size: 10pt;\">[6]<\/span><span style=\"font-size: 10pt;\"> Solidariedade &#8211; <span style=\"color: #333333;\">Preocupa\u00e7\u00e3o permanente com a justa distribui\u00e7\u00e3o dos resultados e a melhoria das condi\u00e7\u00f5es de vida de participantes. Comprometimento com o meio ambiente saud\u00e1vel e com a comunidade, com movimentos emancipat\u00f3rios e com o bem estar de trabalhadoras e consumidoras.<\/span><\/span><\/span><\/p>\n<div class=\"MsoNormal\" style=\"margin-bottom: 0.0001pt; text-align: center; line-height: normal;\" align=\"center\">\n<p>&nbsp;<\/p>\n<hr align=\"center\" size=\"2\" width=\"100%\" \/>\n<p>&nbsp;<\/p>\n<\/div>\n<p class=\"MsoNormal\" style=\"margin-bottom: 0.0001pt; line-height: normal;\"><span style=\"font-family: Arial;\"><strong><em><span style=\"font-size: 10pt;\">Firmino Manoel Neto<\/span><\/em><\/strong><span style=\"font-size: 12pt;\"> &#8211; <\/span><span style=\"font-size: 10pt;\">T\u00e9cnico em Agropecu\u00e1ria, Bacharel e licenciado em Geografia \u2013 UFPB , P\u00f3s-graduando em Agroecologia por tutoria a dist\u00e2ncia \u2013 Centro de Forma\u00e7\u00e3o de Tecn\u00f3logos \u2013 CFT- Universidade Federal da Para\u00edba.Extensionista Rural da EMATER-PB. <\/span><\/span><\/p>\n<p class=\"MsoNormal\" style=\"margin-bottom: 0.0001pt; line-height: normal;\"><span style=\"font-size: 10pt;\"><span style=\"font-family: Arial;\">E-mail: <span style=\"letter-spacing: 0.5pt;\"><a href=\"mailto:firminomanoelneto@hotmail.com\">firminomanoelneto@hotmail.com<\/a> <\/span><\/span><\/span><\/p>\n","protected":false},"excerpt":{"rendered":"<p>Autoria: Firmino Manoel Neto RESUMO: O presente trabalho contempla a Agricultura familiar de base ecol\u00f3gica, no que compreende formas menos agressivas de agricultura ao meio ambiente, que proporcionam melhores condi\u00e7\u00f5es econ\u00f4micas aos agricultores familiares, especialmente aqueles com menos recursos de terra e capital. O estudo foi desenvolvido em quatro etapas que abordam desde assuntos introdut\u00f3rios, [&hellip;]<\/p>\n","protected":false},"author":1,"featured_media":0,"comment_status":"open","ping_status":"open","sticky":false,"template":"","format":"standard","meta":{"_jetpack_memberships_contains_paid_content":false,"footnotes":""},"categories":[490],"tags":[507,509],"class_list":{"0":"post-366","1":"post","2":"type-post","3":"status-publish","4":"format-standard","6":"category-ecologia-textos","7":"tag-agricultura-ecologica","8":"tag-agroecologia"},"yoast_head":"<!-- This site is optimized with the Yoast SEO plugin v25.1 - https:\/\/yoast.com\/wordpress\/plugins\/seo\/ -->\n<title>Agricultura de base ecol\u00f3gica em assentamentos rurais: o caso do Assentamento Padre Gino - CENED Cursos Online<\/title>\n<meta name=\"description\" content=\"Agricultura ecol\u00f3gica no que se refere \u00e0 sustentabilidade e qualidade de vida\" \/>\n<meta name=\"robots\" content=\"index, follow, max-snippet:-1, max-image-preview:large, max-video-preview:-1\" \/>\n<link rel=\"canonical\" href=\"https:\/\/cenedcursos.com.br\/meio-ambiente\/agricultura-ecologica\/\" \/>\n<meta property=\"og:locale\" content=\"pt_BR\" \/>\n<meta property=\"og:type\" content=\"article\" \/>\n<meta property=\"og:title\" content=\"Agricultura de base ecol\u00f3gica em assentamentos rurais: o caso do Assentamento Padre Gino - CENED Cursos Online\" \/>\n<meta property=\"og:description\" content=\"Agricultura ecol\u00f3gica no que se refere \u00e0 sustentabilidade e qualidade de vida\" \/>\n<meta property=\"og:url\" content=\"https:\/\/cenedcursos.com.br\/meio-ambiente\/agricultura-ecologica\/\" \/>\n<meta property=\"og:site_name\" content=\"CENED Cursos Online\" \/>\n<meta property=\"article:published_time\" content=\"2008-10-08T22:20:30+00:00\" \/>\n<meta property=\"article:modified_time\" content=\"2025-05-28T01:04:34+00:00\" \/>\n<meta property=\"og:image\" content=\"https:\/\/www.cenedcursos.com.br\/meio-ambiente\/wp-content\/uploads\/2008\/10\/DSC02599.JPG\" \/>\n<meta name=\"author\" content=\"Amarildo R. Ferrari\" \/>\n<meta name=\"twitter:card\" content=\"summary_large_image\" \/>\n<meta name=\"twitter:label1\" content=\"Escrito por\" \/>\n\t<meta name=\"twitter:data1\" content=\"Amarildo R. Ferrari\" \/>\n\t<meta name=\"twitter:label2\" content=\"Est. tempo de leitura\" \/>\n\t<meta name=\"twitter:data2\" content=\"13 minutos\" \/>\n<script type=\"application\/ld+json\" class=\"yoast-schema-graph\">{\"@context\":\"https:\/\/schema.org\",\"@graph\":[{\"@type\":\"WebPage\",\"@id\":\"https:\/\/cenedcursos.com.br\/meio-ambiente\/agricultura-ecologica\/\",\"url\":\"https:\/\/cenedcursos.com.br\/meio-ambiente\/agricultura-ecologica\/\",\"name\":\"Agricultura de base ecol\u00f3gica em assentamentos rurais: o caso do Assentamento Padre Gino - CENED Cursos Online\",\"isPartOf\":{\"@id\":\"https:\/\/cenedcursos.com.br\/meio-ambiente\/#website\"},\"primaryImageOfPage\":{\"@id\":\"https:\/\/cenedcursos.com.br\/meio-ambiente\/agricultura-ecologica\/#primaryimage\"},\"image\":{\"@id\":\"https:\/\/cenedcursos.com.br\/meio-ambiente\/agricultura-ecologica\/#primaryimage\"},\"thumbnailUrl\":\"https:\/\/www.cenedcursos.com.br\/meio-ambiente\/wp-content\/uploads\/2008\/10\/DSC02599.JPG\",\"datePublished\":\"2008-10-08T22:20:30+00:00\",\"dateModified\":\"2025-05-28T01:04:34+00:00\",\"author\":{\"@id\":\"https:\/\/cenedcursos.com.br\/meio-ambiente\/#\/schema\/person\/64377d24cdc16779a1eb6229894af388\"},\"description\":\"Agricultura ecol\u00f3gica no que se refere \u00e0 sustentabilidade e qualidade de vida\",\"breadcrumb\":{\"@id\":\"https:\/\/cenedcursos.com.br\/meio-ambiente\/agricultura-ecologica\/#breadcrumb\"},\"inLanguage\":\"pt-BR\",\"potentialAction\":[{\"@type\":\"ReadAction\",\"target\":[\"https:\/\/cenedcursos.com.br\/meio-ambiente\/agricultura-ecologica\/\"]}]},{\"@type\":\"ImageObject\",\"inLanguage\":\"pt-BR\",\"@id\":\"https:\/\/cenedcursos.com.br\/meio-ambiente\/agricultura-ecologica\/#primaryimage\",\"url\":\"https:\/\/www.cenedcursos.com.br\/meio-ambiente\/wp-content\/uploads\/2008\/10\/DSC02599.JPG\",\"contentUrl\":\"https:\/\/www.cenedcursos.com.br\/meio-ambiente\/wp-content\/uploads\/2008\/10\/DSC02599.JPG\"},{\"@type\":\"BreadcrumbList\",\"@id\":\"https:\/\/cenedcursos.com.br\/meio-ambiente\/agricultura-ecologica\/#breadcrumb\",\"itemListElement\":[{\"@type\":\"ListItem\",\"position\":1,\"name\":\"In\u00edcio\",\"item\":\"https:\/\/cenedcursos.com.br\/meio-ambiente\/\"},{\"@type\":\"ListItem\",\"position\":2,\"name\":\"Agricultura de base ecol\u00f3gica em assentamentos rurais: o caso do Assentamento Padre Gino\"}]},{\"@type\":\"WebSite\",\"@id\":\"https:\/\/cenedcursos.com.br\/meio-ambiente\/#website\",\"url\":\"https:\/\/cenedcursos.com.br\/meio-ambiente\/\",\"name\":\"CENED Cursos Online\",\"description\":\"Aqui voc\u00ea encontra artigos em diversas \u00e1reas do conhecimento: meio ambiente, educa\u00e7\u00e3o, marketing digital, neg\u00f3cios online e muito mais.\",\"potentialAction\":[{\"@type\":\"SearchAction\",\"target\":{\"@type\":\"EntryPoint\",\"urlTemplate\":\"https:\/\/cenedcursos.com.br\/meio-ambiente\/?s={search_term_string}\"},\"query-input\":{\"@type\":\"PropertyValueSpecification\",\"valueRequired\":true,\"valueName\":\"search_term_string\"}}],\"inLanguage\":\"pt-BR\"},{\"@type\":\"Person\",\"@id\":\"https:\/\/cenedcursos.com.br\/meio-ambiente\/#\/schema\/person\/64377d24cdc16779a1eb6229894af388\",\"name\":\"Amarildo R. Ferrari\",\"image\":{\"@type\":\"ImageObject\",\"inLanguage\":\"pt-BR\",\"@id\":\"https:\/\/cenedcursos.com.br\/meio-ambiente\/#\/schema\/person\/image\/\",\"url\":\"https:\/\/secure.gravatar.com\/avatar\/6ea4248ca9f295c93f1b72f8398232f0fbbffe30349e6ec3839cfa5e09b0de3c?s=96&d=mm&r=g\",\"contentUrl\":\"https:\/\/secure.gravatar.com\/avatar\/6ea4248ca9f295c93f1b72f8398232f0fbbffe30349e6ec3839cfa5e09b0de3c?s=96&d=mm&r=g\",\"caption\":\"Amarildo R. Ferrari\"},\"sameAs\":[\"https:\/\/cenedcursos.com.br\/meio-ambiente\"],\"url\":\"https:\/\/cenedcursos.com.br\/meio-ambiente\/author\/admin\/\"}]}<\/script>\n<!-- \/ Yoast SEO plugin. -->","yoast_head_json":{"title":"Agricultura de base ecol\u00f3gica em assentamentos rurais: o caso do Assentamento Padre Gino - CENED Cursos Online","description":"Agricultura ecol\u00f3gica no que se refere \u00e0 sustentabilidade e qualidade de vida","robots":{"index":"index","follow":"follow","max-snippet":"max-snippet:-1","max-image-preview":"max-image-preview:large","max-video-preview":"max-video-preview:-1"},"canonical":"https:\/\/cenedcursos.com.br\/meio-ambiente\/agricultura-ecologica\/","og_locale":"pt_BR","og_type":"article","og_title":"Agricultura de base ecol\u00f3gica em assentamentos rurais: o caso do Assentamento Padre Gino - CENED Cursos Online","og_description":"Agricultura ecol\u00f3gica no que se refere \u00e0 sustentabilidade e qualidade de vida","og_url":"https:\/\/cenedcursos.com.br\/meio-ambiente\/agricultura-ecologica\/","og_site_name":"CENED Cursos Online","article_published_time":"2008-10-08T22:20:30+00:00","article_modified_time":"2025-05-28T01:04:34+00:00","og_image":[{"url":"https:\/\/www.cenedcursos.com.br\/meio-ambiente\/wp-content\/uploads\/2008\/10\/DSC02599.JPG","type":"","width":"","height":""}],"author":"Amarildo R. Ferrari","twitter_card":"summary_large_image","twitter_misc":{"Escrito por":"Amarildo R. Ferrari","Est. tempo de leitura":"13 minutos"},"schema":{"@context":"https:\/\/schema.org","@graph":[{"@type":"WebPage","@id":"https:\/\/cenedcursos.com.br\/meio-ambiente\/agricultura-ecologica\/","url":"https:\/\/cenedcursos.com.br\/meio-ambiente\/agricultura-ecologica\/","name":"Agricultura de base ecol\u00f3gica em assentamentos rurais: o caso do Assentamento Padre Gino - CENED Cursos Online","isPartOf":{"@id":"https:\/\/cenedcursos.com.br\/meio-ambiente\/#website"},"primaryImageOfPage":{"@id":"https:\/\/cenedcursos.com.br\/meio-ambiente\/agricultura-ecologica\/#primaryimage"},"image":{"@id":"https:\/\/cenedcursos.com.br\/meio-ambiente\/agricultura-ecologica\/#primaryimage"},"thumbnailUrl":"https:\/\/www.cenedcursos.com.br\/meio-ambiente\/wp-content\/uploads\/2008\/10\/DSC02599.JPG","datePublished":"2008-10-08T22:20:30+00:00","dateModified":"2025-05-28T01:04:34+00:00","author":{"@id":"https:\/\/cenedcursos.com.br\/meio-ambiente\/#\/schema\/person\/64377d24cdc16779a1eb6229894af388"},"description":"Agricultura ecol\u00f3gica no que se refere \u00e0 sustentabilidade e qualidade de vida","breadcrumb":{"@id":"https:\/\/cenedcursos.com.br\/meio-ambiente\/agricultura-ecologica\/#breadcrumb"},"inLanguage":"pt-BR","potentialAction":[{"@type":"ReadAction","target":["https:\/\/cenedcursos.com.br\/meio-ambiente\/agricultura-ecologica\/"]}]},{"@type":"ImageObject","inLanguage":"pt-BR","@id":"https:\/\/cenedcursos.com.br\/meio-ambiente\/agricultura-ecologica\/#primaryimage","url":"https:\/\/www.cenedcursos.com.br\/meio-ambiente\/wp-content\/uploads\/2008\/10\/DSC02599.JPG","contentUrl":"https:\/\/www.cenedcursos.com.br\/meio-ambiente\/wp-content\/uploads\/2008\/10\/DSC02599.JPG"},{"@type":"BreadcrumbList","@id":"https:\/\/cenedcursos.com.br\/meio-ambiente\/agricultura-ecologica\/#breadcrumb","itemListElement":[{"@type":"ListItem","position":1,"name":"In\u00edcio","item":"https:\/\/cenedcursos.com.br\/meio-ambiente\/"},{"@type":"ListItem","position":2,"name":"Agricultura de base ecol\u00f3gica em assentamentos rurais: o caso do Assentamento Padre Gino"}]},{"@type":"WebSite","@id":"https:\/\/cenedcursos.com.br\/meio-ambiente\/#website","url":"https:\/\/cenedcursos.com.br\/meio-ambiente\/","name":"CENED Cursos Online","description":"Aqui voc\u00ea encontra artigos em diversas \u00e1reas do conhecimento: meio ambiente, educa\u00e7\u00e3o, marketing digital, neg\u00f3cios online e muito mais.","potentialAction":[{"@type":"SearchAction","target":{"@type":"EntryPoint","urlTemplate":"https:\/\/cenedcursos.com.br\/meio-ambiente\/?s={search_term_string}"},"query-input":{"@type":"PropertyValueSpecification","valueRequired":true,"valueName":"search_term_string"}}],"inLanguage":"pt-BR"},{"@type":"Person","@id":"https:\/\/cenedcursos.com.br\/meio-ambiente\/#\/schema\/person\/64377d24cdc16779a1eb6229894af388","name":"Amarildo R. Ferrari","image":{"@type":"ImageObject","inLanguage":"pt-BR","@id":"https:\/\/cenedcursos.com.br\/meio-ambiente\/#\/schema\/person\/image\/","url":"https:\/\/secure.gravatar.com\/avatar\/6ea4248ca9f295c93f1b72f8398232f0fbbffe30349e6ec3839cfa5e09b0de3c?s=96&d=mm&r=g","contentUrl":"https:\/\/secure.gravatar.com\/avatar\/6ea4248ca9f295c93f1b72f8398232f0fbbffe30349e6ec3839cfa5e09b0de3c?s=96&d=mm&r=g","caption":"Amarildo R. Ferrari"},"sameAs":["https:\/\/cenedcursos.com.br\/meio-ambiente"],"url":"https:\/\/cenedcursos.com.br\/meio-ambiente\/author\/admin\/"}]}},"jetpack_featured_media_url":"","jetpack_sharing_enabled":true,"_links":{"self":[{"href":"https:\/\/cenedcursos.com.br\/meio-ambiente\/wp-json\/wp\/v2\/posts\/366","targetHints":{"allow":["GET"]}}],"collection":[{"href":"https:\/\/cenedcursos.com.br\/meio-ambiente\/wp-json\/wp\/v2\/posts"}],"about":[{"href":"https:\/\/cenedcursos.com.br\/meio-ambiente\/wp-json\/wp\/v2\/types\/post"}],"author":[{"embeddable":true,"href":"https:\/\/cenedcursos.com.br\/meio-ambiente\/wp-json\/wp\/v2\/users\/1"}],"replies":[{"embeddable":true,"href":"https:\/\/cenedcursos.com.br\/meio-ambiente\/wp-json\/wp\/v2\/comments?post=366"}],"version-history":[{"count":1,"href":"https:\/\/cenedcursos.com.br\/meio-ambiente\/wp-json\/wp\/v2\/posts\/366\/revisions"}],"predecessor-version":[{"id":13579,"href":"https:\/\/cenedcursos.com.br\/meio-ambiente\/wp-json\/wp\/v2\/posts\/366\/revisions\/13579"}],"wp:attachment":[{"href":"https:\/\/cenedcursos.com.br\/meio-ambiente\/wp-json\/wp\/v2\/media?parent=366"}],"wp:term":[{"taxonomy":"category","embeddable":true,"href":"https:\/\/cenedcursos.com.br\/meio-ambiente\/wp-json\/wp\/v2\/categories?post=366"},{"taxonomy":"post_tag","embeddable":true,"href":"https:\/\/cenedcursos.com.br\/meio-ambiente\/wp-json\/wp\/v2\/tags?post=366"}],"curies":[{"name":"wp","href":"https:\/\/api.w.org\/{rel}","templated":true}]}}