{"id":367,"date":"2008-10-15T11:06:08","date_gmt":"2008-10-15T11:06:08","guid":{"rendered":"http:\/\/www.cenedcursos.com.br\/?p=367"},"modified":"2008-10-15T11:06:08","modified_gmt":"2008-10-15T11:06:08","slug":"agua-recurso-natural","status":"publish","type":"post","link":"https:\/\/cenedcursos.com.br\/meio-ambiente\/agua-recurso-natural\/","title":{"rendered":"\u00c1gua, at\u00e9 quando iremos disp\u00f4r deste recurso natural?"},"content":{"rendered":"<p> <meta content=\"text\/html; charset=utf-8\" http-equiv=\"Content-Type\"> <meta content=\"Word.Document\" name=\"ProgId\"> <meta content=\"Microsoft Word 12\" name=\"Generator\"> <meta content=\"Microsoft Word 12\" name=\"Originator\"> <link href=\"file:\/\/\/C:%5CDOCUME%7E1%5CAmarildo%5CCONFIG%7E1%5CTemp%5Cmsohtmlclip1%5C01%5Cclip_filelist.xml\" rel=\"File-List\" \/> <link href=\"file:\/\/\/C:%5CDOCUME%7E1%5CAmarildo%5CCONFIG%7E1%5CTemp%5Cmsohtmlclip1%5C01%5Cclip_themedata.thmx\" rel=\"themeData\" \/> <link href=\"file:\/\/\/C:%5CDOCUME%7E1%5CAmarildo%5CCONFIG%7E1%5CTemp%5Cmsohtmlclip1%5C01%5Cclip_colorschememapping.xml\" rel=\"colorSchemeMapping\" \/><!--[if gte mso 9]><xml>     Normal   0         21         false   false   false      PT-BR   X-NONE   X-NONE                                                     MicrosoftInternetExplorer4                                                   <\/xml><![endif]--><!--[if gte mso 9]><![endif]--><\/p>\n<style type=\"text\/css\"> <!--  \/* Font Definitions *\/  @font-face \t{\"Cambria Math\"; \tpanose-1:2 4 5 3 5 4 6 3 2 4;} @font-face \t{ \tpanose-1:2 15 5 2 2 2 4 3 2 4;}  \/* Style Definitions *\/  p.MsoNormal, li.MsoNormal, div.MsoNormal \t{ \tmso-style-parent:\"\"; \tmargin-top:0cm; \tmargin-right:0cm; \tmargin-bottom:10.0pt; \tmargin-left:0cm; \tline-height:115%; \tfont-size:11.0pt;\"Calibri\",\"sans-serif\"; \tmso-bidi-\"Times New Roman\";} p \t{ \tmargin-right:0cm; \tmargin-left:0cm; \tfont-size:12.0pt;\"Times New Roman\",\"serif\"; \tmso-fareast-\"Times New Roman\";} .MsoChpDefault \t{ \tfont-size:10.0pt;} @page Section1 \t{size:612.0pt 792.0pt; \tmargin:70.85pt 3.0cm 70.85pt 3.0cm;} div.Section1 \t{page:Section1;} --> <\/style>\n<p><!--[if gte mso 10]> \n\n<style>  \/* Style Definitions *\/  table.MsoNormalTable \t{mso-style-name:\"Tabela normal\"; \tmso-style-parent:\"\"; \tfont-size:11.0pt;\"Calibri\",\"sans-serif\"; \tmso-fareast-\"Times New Roman\"; \tmso-bidi-\"Times New Roman\";} <\/style>\n\n <![endif]-->    <font size=\"2\"><em><strong>Autoria: Jovita Ribeiro<\/strong><\/em><\/font>    <\/meta> <\/meta> <\/meta> <\/meta> <\/p>\n<div align=\"right\"> <meta content=\"text\/html; charset=utf-8\" http-equiv=\"Content-Type\"> <meta content=\"Word.Document\" name=\"ProgId\"> <meta content=\"Microsoft Word 12\" name=\"Generator\"> <meta content=\"Microsoft Word 12\" name=\"Originator\"> <meta content=\"text\/html; charset=utf-8\" http-equiv=\"Content-Type\"> <meta content=\"Word.Document\" name=\"ProgId\"> <meta content=\"Microsoft Word 12\" name=\"Generator\"> <meta content=\"Microsoft Word 12\" name=\"Originator\">           <\/meta> <\/meta> <\/meta> <\/meta> <\/meta> <\/meta> <\/meta> <\/meta> <\/div>\n<div align=\"justify\"><font face=\"Arial \"> <meta content=\"text\/html; charset=utf-8\" http-equiv=\"Content-Type\"> <meta content=\"Word.Document\" name=\"ProgId\"> <meta content=\"Microsoft Word 12\" name=\"Generator\"> <meta content=\"Microsoft Word 12\" name=\"Originator\">     <\/meta> <\/meta> <\/meta> <\/meta> <\/font> <\/p>\n<p style=\"text-align: justify; line-height: normal;\"><span style=\"font-size: 10pt;\"><font face=\"Arial \">No que diz respeito &agrave; preserva&ccedil;&atilde;o do meio ambiente, a conserva&ccedil;&atilde;o das fontes de &aacute;gua, esse elemento vital, a perpetua&ccedil;&atilde;o das esp&eacute;cies, requer uma aten&ccedil;&atilde;o especial no planejamento de medidas para redu&ccedil;&atilde;o do consumo, e de uma boa gest&atilde;o dos recursos h&iacute;dricos e otimiza&ccedil;&atilde;o do uso da &aacute;gua.<\/font><\/span><\/p>\n<p> <span style=\"font-size: 10pt;\">V&aacute;rios s&atilde;o os fatores que tornam preocupantes a m&aacute; gest&atilde;o da &aacute;gua:<\/span><font face=\"Arial \"> <meta content=\"text\/html; charset=utf-8\" http-equiv=\"Content-Type\"> <meta content=\"Word.Document\" name=\"ProgId\"> <meta content=\"Microsoft Word 12\" name=\"Generator\"> <meta content=\"Microsoft Word 12\" name=\"Originator\">          <\/meta> <\/meta> <\/meta> <\/meta> <\/font> <\/p>\n<ul>\n<li><font face=\"Arial \">     <meta content=\"text\/html; charset=utf-8\" http-equiv=\"Content-Type\">     <meta content=\"Word.Document\" name=\"ProgId\">     <meta content=\"Microsoft Word 12\" name=\"Generator\">     <meta content=\"Microsoft Word 12\" name=\"Originator\">                         <\/meta>     <\/meta>     <\/meta>     <\/meta>     <\/font>\n<div style=\"text-align: justify; line-height: normal;\"><span style=\"font-size: 10pt;\"><font face=\"Arial \">A varia&ccedil;&atilde;o da quantidade dispon&iacute;vel de um pa&iacute;s para outro;<\/font><\/span><\/div>\n<p>     <font face=\"Arial \">                        <\/font><\/li>\n<\/ul>\n<p> <font face=\"Arial \"> <meta content=\"text\/html; charset=utf-8\" http-equiv=\"Content-Type\"> <meta content=\"Word.Document\" name=\"ProgId\"> <meta content=\"Microsoft Word 12\" name=\"Generator\"> <meta content=\"Microsoft Word 12\" name=\"Originator\">          <\/meta> <\/meta> <\/meta> <\/meta> <\/font> <\/p>\n<ul>\n<li><font face=\"Arial \">     <meta content=\"text\/html; charset=utf-8\" http-equiv=\"Content-Type\">     <meta content=\"Word.Document\" name=\"ProgId\">     <meta content=\"Microsoft Word 12\" name=\"Generator\">     <meta content=\"Microsoft Word 12\" name=\"Originator\">                         <\/meta>     <\/meta>     <\/meta>     <\/meta>     <\/font>\n<p style=\"text-align: justify; line-height: normal;\"><span style=\"font-size: 10pt;\"><font face=\"Arial \">A probabilidade dos pa&iacute;ses desenvolvidos que possuem melhores condi&ccedil;&otilde;es financeiras, e portanto, maiores possibilidades de investimento em reservat&oacute;rio, barragens e outras tecnologias que facilitam o acesso da popula&ccedil;&atilde;o a &aacute;gua, favorecendo assim  uma maior precipita&ccedil;&atilde;o de chuvas;<\/font><\/span><\/p>\n<p>     <font face=\"Arial \">                        <\/font><\/li>\n<\/ul>\n<p> <font face=\"Arial \"> <meta content=\"text\/html; charset=utf-8\" http-equiv=\"Content-Type\"> <meta content=\"Word.Document\" name=\"ProgId\"> <meta content=\"Microsoft Word 12\" name=\"Generator\"> <meta content=\"Microsoft Word 12\" name=\"Originator\">          <\/meta> <\/meta> <\/meta> <\/meta> <\/font> <\/p>\n<ul>\n<li><font face=\"Arial \">     <meta content=\"text\/html; charset=utf-8\" http-equiv=\"Content-Type\">     <meta content=\"Word.Document\" name=\"ProgId\">     <meta content=\"Microsoft Word 12\" name=\"Generator\">     <meta content=\"Microsoft Word 12\" name=\"Originator\">                         <\/meta>     <\/meta>     <\/meta>     <\/meta>     <\/font>\n<p style=\"text-align: justify; line-height: normal;\"><span style=\"font-size: 10pt;\"><font face=\"Arial \">O estresse h&iacute;drico caracterizado pela falta de &aacute;gua em determinados momentos do ano;<\/font><\/span><\/p>\n<p>     <font face=\"Arial \">                        <\/font><\/li>\n<\/ul>\n<p> <font face=\"Arial \"> <meta content=\"text\/html; charset=utf-8\" http-equiv=\"Content-Type\"> <meta content=\"Word.Document\" name=\"ProgId\"> <meta content=\"Microsoft Word 12\" name=\"Generator\"> <meta content=\"Microsoft Word 12\" name=\"Originator\">          <\/meta> <\/meta> <\/meta> <\/meta> <\/font> <\/p>\n<ul>\n<li><font face=\"Arial \">     <meta content=\"text\/html; charset=utf-8\" http-equiv=\"Content-Type\">     <meta content=\"Word.Document\" name=\"ProgId\">     <meta content=\"Microsoft Word 12\" name=\"Generator\">     <meta content=\"Microsoft Word 12\" name=\"Originator\">                         <\/meta>     <\/meta>     <\/meta>     <\/meta>     <\/font>\n<p style=\"text-align: justify; line-height: normal;\"><span style=\"font-size: 10pt;\"><font face=\"Arial \">E pelas escolhas priorit&aacute;rias no uso da &aacute;gua.<\/font><\/span><\/p>\n<p>     <font face=\"Arial \">                        <\/font><\/li>\n<\/ul>\n<p> <font face=\"Arial \"> <meta content=\"text\/html; charset=utf-8\" http-equiv=\"Content-Type\"> <meta content=\"Word.Document\" name=\"ProgId\"> <meta content=\"Microsoft Word 12\" name=\"Generator\"> <meta content=\"Microsoft Word 12\" name=\"Originator\">     <\/meta> <\/meta> <\/meta> <\/meta> <\/font> <\/p>\n<p style=\"text-align: justify; line-height: normal;\"><span style=\"font-size: 10pt;\"><font face=\"Arial \">Para melhoria da qualidade da &aacute;gua e purifica&ccedil;&atilde;o da mesma, &eacute; de fundamental import&acirc;ncia devolver aos sistemas fluviais os seus caudais naturais, gerir a irriga&ccedil;&atilde;o, utilizar produtos qu&iacute;micos e res&iacute;duos animais, e travar a polui&ccedil;&atilde;o atmosf&eacute;rica.<\/font><\/span><\/p>\n<p><span style=\"font-si\nze: 10pt;\"><font face=\"Arial \">O consumo consciente deste recurso tamb&eacute;m &eacute; fato relevante e nos leva uma mudan&ccedil;a de postura. Fechar a torneira enquanto escovamos os dentes, fechar o chuveiro enquanto tomamos banho, controlar o gasto na lavagem de pratos, n&atilde;o fazer a mangueira de vassoura, enquanto lavamos as cal&ccedil;adas s&atilde;o medidas simples que podem minimizar escassez futura.<\/font><\/span><\/p>\n<p><span style=\"font-size: 10pt;\"><font face=\"Arial \">Outra medida que facilitaria a vida de todos seria o reuso da &aacute;gua. Aproveitar &aacute;guas da chuva, de um po&ccedil;o artesiano ou mesmo a &aacute;gua qeu desce o ralo, com certeza incentivariam a autonomia de suprimentos, bem como o uso racional da &aacute;gua com certifica&ccedil;&atilde;o de qualidade. <\/font><\/span><\/p>\n<p><span style=\"font-size: 10pt;\"><font face=\"Arial \">A instala&ccedil;&atilde;o de um sistema de reuso pode significar em economia de at&eacute; 70% de &aacute;gua no processo produtivo, e se 10% das ind&uacute;strias adotassem a reutiliza&ccedil;&atilde;o da &aacute;gua, a economia seria equivalente &agrave; metade do volume gasto na grande S&atilde;o Paulo em um dia (1,6 bilh&atilde;o de m&sup3;).<\/font><\/span><\/p>\n<p><span style=\"font-size: 10pt;\"><font face=\"Arial \">Essa t&eacute;cnica n&atilde;o chega nem a 1% das instala&ccedil;&otilde;es no Brasil e encontra uma barreira cultural, pois ainda n&atilde;o se confia no sistema de tratamento n&atilde;o proveniente das empresas oficiais. Mesmo assim, devemos lembrar que a &aacute;gua encanada tamb&eacute;m apresenta contamina&ccedil;&otilde;es ou excesso de cloro, por exemplo, o que leva ao uso de purificadores pelo consumidor final. Ent&atilde;o devemos acabar com essa barreira para este excelente sistema.<\/font><\/span><\/p>\n<p style=\"text-align: justify; line-height: normal;\"><span style=\"font-size: 10pt;\"><font face=\"Arial \">O bombeamento excessivo da &aacute;gua subterr&acirc;nea est&aacute; causando decl&iacute;nio dos len&ccedil;&oacute;is fre&aacute;ticos em regi&otilde;es agr&iacute;colas chave na &Aacute;sia, &Aacute;frica do Norte, Oriente M&eacute;dio e Estados Unidos. A qualidade da &aacute;gua tamb&eacute;m est&aacute; deteriorando-se devido ao escoamento de fertilizantes e pesticidas, produtos petroqu&iacute;micos que vazam de tanques de armazenagem, solventes clorados, metais pesados despejados pelas ind&uacute;strias e lixo radioativo de usinas nucleares.<\/font><\/span><\/p>\n<p style=\"text-align: justify; line-height: normal;\"><span style=\"font-size: 10pt;\"><font face=\"Arial \">Se n&atilde;o atentarmos para os perigos que a falta de &aacute;gua poder&aacute; nos causar, podermos passar por priva&ccedil;&otilde;es irrevers&iacute;veis.<\/font><\/span><\/p>\n<p style=\"text-align: justify; line-height: normal;\"><span style=\"font-size: 10pt;\"><font face=\"Arial \">O tema em quest&atilde;o exige uma tomada de consci&ecirc;ncia a cerca do uso indevido e desmedido que estamos fazendo deste recurso sen&atilde;o as gera&ccedil;&otilde;es futuras ser&atilde;o prejudicadas em potencial, pois desfrutar&atilde;o dessa semente m&aacute; que estamos permitindo que germine.<\/font><\/span><\/p>\n<\/p><\/div>\n<p><font face=\"Arial \"> <meta content=\"text\/html; charset=utf-8\" http-equiv=\"Content-Type\"> <meta content=\"Word.Document\" name=\"ProgId\"> <meta content=\"Microsoft Word 12\" name=\"Generator\"> <meta content=\"Microsoft Word 12\" name=\"Originator\">          <\/meta> <\/meta> <\/meta> <\/meta> <\/font><\/p>\n","protected":false},"excerpt":{"rendered":"<p>Autoria: Jovita Ribeiro No que diz respeito &agrave; preserva&ccedil;&atilde;o do meio ambiente, a conserva&ccedil;&atilde;o das fontes de &aacute;gua, esse elemento vital, a perpetua&ccedil;&atilde;o das esp&eacute;cies, requer uma aten&ccedil;&atilde;o especial no planejamento de medidas para redu&ccedil;&atilde;o do consumo, e de uma boa gest&atilde;o dos recursos h&iacute;dricos e otimiza&ccedil;&atilde;o do uso da &aacute;gua. V&aacute;rios s&atilde;o os fatores [&hellip;]<\/p>\n","protected":false},"author":1,"featured_media":0,"comment_status":"open","ping_status":"open","sticky":false,"template":"","format":"standard","meta":{"_jetpack_memberships_contains_paid_content":false,"footnotes":""},"categories":[488],"tags":[512,634,52,1024,1030],"class_list":{"0":"post-367","1":"post","2":"type-post","3":"status-publish","4":"format-standard","6":"category-agua-textos","7":"tag-agua","8":"tag-consumo","9":"tag-meio-ambiente","10":"tag-recurso-natural","11":"tag-recursos-hidricos"},"yoast_head":"<!-- This site is optimized with the Yoast SEO plugin v25.1 - https:\/\/yoast.com\/wordpress\/plugins\/seo\/ -->\n<title>\u00c1gua, at\u00e9 quando iremos disp\u00f4r deste recurso natural? - CENED Cursos Online<\/title>\n<meta name=\"description\" content=\"De medidas para redu\u00e7\u00e3o do consumo, e de uma boa gest\u00e3o dos recursos h\u00eddricos e otimiza\u00e7\u00e3o do uso da \u00e1gua.\" \/>\n<meta name=\"robots\" content=\"index, follow, max-snippet:-1, max-image-preview:large, max-video-preview:-1\" \/>\n<link rel=\"canonical\" href=\"https:\/\/cenedcursos.com.br\/meio-ambiente\/agua-recurso-natural\/\" \/>\n<meta property=\"og:locale\" content=\"pt_BR\" \/>\n<meta property=\"og:type\" content=\"article\" \/>\n<meta property=\"og:title\" content=\"\u00c1gua, at\u00e9 quando iremos disp\u00f4r deste recurso natural? - CENED Cursos Online\" \/>\n<meta property=\"og:description\" content=\"De medidas para redu\u00e7\u00e3o do consumo, e de uma boa gest\u00e3o dos recursos h\u00eddricos e otimiza\u00e7\u00e3o do uso da \u00e1gua.\" \/>\n<meta property=\"og:url\" content=\"https:\/\/cenedcursos.com.br\/meio-ambiente\/agua-recurso-natural\/\" \/>\n<meta property=\"og:site_name\" content=\"CENED Cursos Online\" \/>\n<meta property=\"article:published_time\" content=\"2008-10-15T11:06:08+00:00\" \/>\n<meta name=\"author\" content=\"Amarildo R. Ferrari\" \/>\n<meta name=\"twitter:card\" content=\"summary_large_image\" \/>\n<meta name=\"twitter:label1\" content=\"Escrito por\" \/>\n\t<meta name=\"twitter:data1\" content=\"Amarildo R. Ferrari\" \/>\n\t<meta name=\"twitter:label2\" content=\"Est. tempo de leitura\" \/>\n\t<meta name=\"twitter:data2\" content=\"3 minutos\" \/>\n<script type=\"application\/ld+json\" class=\"yoast-schema-graph\">{\"@context\":\"https:\/\/schema.org\",\"@graph\":[{\"@type\":\"WebPage\",\"@id\":\"https:\/\/cenedcursos.com.br\/meio-ambiente\/agua-recurso-natural\/\",\"url\":\"https:\/\/cenedcursos.com.br\/meio-ambiente\/agua-recurso-natural\/\",\"name\":\"\u00c1gua, at\u00e9 quando iremos disp\u00f4r deste recurso natural? - CENED Cursos Online\",\"isPartOf\":{\"@id\":\"https:\/\/cenedcursos.com.br\/meio-ambiente\/#website\"},\"datePublished\":\"2008-10-15T11:06:08+00:00\",\"author\":{\"@id\":\"https:\/\/cenedcursos.com.br\/meio-ambiente\/#\/schema\/person\/64377d24cdc16779a1eb6229894af388\"},\"description\":\"De medidas para redu\u00e7\u00e3o do consumo, e de uma boa gest\u00e3o dos recursos h\u00eddricos e otimiza\u00e7\u00e3o do uso da \u00e1gua.\",\"breadcrumb\":{\"@id\":\"https:\/\/cenedcursos.com.br\/meio-ambiente\/agua-recurso-natural\/#breadcrumb\"},\"inLanguage\":\"pt-BR\",\"potentialAction\":[{\"@type\":\"ReadAction\",\"target\":[\"https:\/\/cenedcursos.com.br\/meio-ambiente\/agua-recurso-natural\/\"]}]},{\"@type\":\"BreadcrumbList\",\"@id\":\"https:\/\/cenedcursos.com.br\/meio-ambiente\/agua-recurso-natural\/#breadcrumb\",\"itemListElement\":[{\"@type\":\"ListItem\",\"position\":1,\"name\":\"In\u00edcio\",\"item\":\"https:\/\/cenedcursos.com.br\/meio-ambiente\/\"},{\"@type\":\"ListItem\",\"position\":2,\"name\":\"\u00c1gua, at\u00e9 quando iremos disp\u00f4r deste recurso natural?\"}]},{\"@type\":\"WebSite\",\"@id\":\"https:\/\/cenedcursos.com.br\/meio-ambiente\/#website\",\"url\":\"https:\/\/cenedcursos.com.br\/meio-ambiente\/\",\"name\":\"CENED Cursos Online\",\"description\":\"Aqui voc\u00ea encontra artigos em diversas \u00e1reas do conhecimento: meio ambiente, educa\u00e7\u00e3o, marketing digital, neg\u00f3cios online e muito mais.\",\"potentialAction\":[{\"@type\":\"SearchAction\",\"target\":{\"@type\":\"EntryPoint\",\"urlTemplate\":\"https:\/\/cenedcursos.com.br\/meio-ambiente\/?s={search_term_string}\"},\"query-input\":{\"@type\":\"PropertyValueSpecification\",\"valueRequired\":true,\"valueName\":\"search_term_string\"}}],\"inLanguage\":\"pt-BR\"},{\"@type\":\"Person\",\"@id\":\"https:\/\/cenedcursos.com.br\/meio-ambiente\/#\/schema\/person\/64377d24cdc16779a1eb6229894af388\",\"name\":\"Amarildo R. Ferrari\",\"image\":{\"@type\":\"ImageObject\",\"inLanguage\":\"pt-BR\",\"@id\":\"https:\/\/cenedcursos.com.br\/meio-ambiente\/#\/schema\/person\/image\/\",\"url\":\"https:\/\/secure.gravatar.com\/avatar\/6ea4248ca9f295c93f1b72f8398232f0fbbffe30349e6ec3839cfa5e09b0de3c?s=96&d=mm&r=g\",\"contentUrl\":\"https:\/\/secure.gravatar.com\/avatar\/6ea4248ca9f295c93f1b72f8398232f0fbbffe30349e6ec3839cfa5e09b0de3c?s=96&d=mm&r=g\",\"caption\":\"Amarildo R. Ferrari\"},\"sameAs\":[\"https:\/\/cenedcursos.com.br\/meio-ambiente\"],\"url\":\"https:\/\/cenedcursos.com.br\/meio-ambiente\/author\/admin\/\"}]}<\/script>\n<!-- \/ Yoast SEO plugin. -->","yoast_head_json":{"title":"\u00c1gua, at\u00e9 quando iremos disp\u00f4r deste recurso natural? - CENED Cursos Online","description":"De medidas para redu\u00e7\u00e3o do consumo, e de uma boa gest\u00e3o dos recursos h\u00eddricos e otimiza\u00e7\u00e3o do uso da \u00e1gua.","robots":{"index":"index","follow":"follow","max-snippet":"max-snippet:-1","max-image-preview":"max-image-preview:large","max-video-preview":"max-video-preview:-1"},"canonical":"https:\/\/cenedcursos.com.br\/meio-ambiente\/agua-recurso-natural\/","og_locale":"pt_BR","og_type":"article","og_title":"\u00c1gua, at\u00e9 quando iremos disp\u00f4r deste recurso natural? - CENED Cursos Online","og_description":"De medidas para redu\u00e7\u00e3o do consumo, e de uma boa gest\u00e3o dos recursos h\u00eddricos e otimiza\u00e7\u00e3o do uso da \u00e1gua.","og_url":"https:\/\/cenedcursos.com.br\/meio-ambiente\/agua-recurso-natural\/","og_site_name":"CENED Cursos Online","article_published_time":"2008-10-15T11:06:08+00:00","author":"Amarildo R. Ferrari","twitter_card":"summary_large_image","twitter_misc":{"Escrito por":"Amarildo R. Ferrari","Est. tempo de leitura":"3 minutos"},"schema":{"@context":"https:\/\/schema.org","@graph":[{"@type":"WebPage","@id":"https:\/\/cenedcursos.com.br\/meio-ambiente\/agua-recurso-natural\/","url":"https:\/\/cenedcursos.com.br\/meio-ambiente\/agua-recurso-natural\/","name":"\u00c1gua, at\u00e9 quando iremos disp\u00f4r deste recurso natural? - CENED Cursos Online","isPartOf":{"@id":"https:\/\/cenedcursos.com.br\/meio-ambiente\/#website"},"datePublished":"2008-10-15T11:06:08+00:00","author":{"@id":"https:\/\/cenedcursos.com.br\/meio-ambiente\/#\/schema\/person\/64377d24cdc16779a1eb6229894af388"},"description":"De medidas para redu\u00e7\u00e3o do consumo, e de uma boa gest\u00e3o dos recursos h\u00eddricos e otimiza\u00e7\u00e3o do uso da \u00e1gua.","breadcrumb":{"@id":"https:\/\/cenedcursos.com.br\/meio-ambiente\/agua-recurso-natural\/#breadcrumb"},"inLanguage":"pt-BR","potentialAction":[{"@type":"ReadAction","target":["https:\/\/cenedcursos.com.br\/meio-ambiente\/agua-recurso-natural\/"]}]},{"@type":"BreadcrumbList","@id":"https:\/\/cenedcursos.com.br\/meio-ambiente\/agua-recurso-natural\/#breadcrumb","itemListElement":[{"@type":"ListItem","position":1,"name":"In\u00edcio","item":"https:\/\/cenedcursos.com.br\/meio-ambiente\/"},{"@type":"ListItem","position":2,"name":"\u00c1gua, at\u00e9 quando iremos disp\u00f4r deste recurso natural?"}]},{"@type":"WebSite","@id":"https:\/\/cenedcursos.com.br\/meio-ambiente\/#website","url":"https:\/\/cenedcursos.com.br\/meio-ambiente\/","name":"CENED Cursos Online","description":"Aqui voc\u00ea encontra artigos em diversas \u00e1reas do conhecimento: meio ambiente, educa\u00e7\u00e3o, marketing digital, neg\u00f3cios online e muito mais.","potentialAction":[{"@type":"SearchAction","target":{"@type":"EntryPoint","urlTemplate":"https:\/\/cenedcursos.com.br\/meio-ambiente\/?s={search_term_string}"},"query-input":{"@type":"PropertyValueSpecification","valueRequired":true,"valueName":"search_term_string"}}],"inLanguage":"pt-BR"},{"@type":"Person","@id":"https:\/\/cenedcursos.com.br\/meio-ambiente\/#\/schema\/person\/64377d24cdc16779a1eb6229894af388","name":"Amarildo R. Ferrari","image":{"@type":"ImageObject","inLanguage":"pt-BR","@id":"https:\/\/cenedcursos.com.br\/meio-ambiente\/#\/schema\/person\/image\/","url":"https:\/\/secure.gravatar.com\/avatar\/6ea4248ca9f295c93f1b72f8398232f0fbbffe30349e6ec3839cfa5e09b0de3c?s=96&d=mm&r=g","contentUrl":"https:\/\/secure.gravatar.com\/avatar\/6ea4248ca9f295c93f1b72f8398232f0fbbffe30349e6ec3839cfa5e09b0de3c?s=96&d=mm&r=g","caption":"Amarildo R. Ferrari"},"sameAs":["https:\/\/cenedcursos.com.br\/meio-ambiente"],"url":"https:\/\/cenedcursos.com.br\/meio-ambiente\/author\/admin\/"}]}},"jetpack_featured_media_url":"","jetpack_sharing_enabled":true,"_links":{"self":[{"href":"https:\/\/cenedcursos.com.br\/meio-ambiente\/wp-json\/wp\/v2\/posts\/367","targetHints":{"allow":["GET"]}}],"collection":[{"href":"https:\/\/cenedcursos.com.br\/meio-ambiente\/wp-json\/wp\/v2\/posts"}],"about":[{"href":"https:\/\/cenedcursos.com.br\/meio-ambiente\/wp-json\/wp\/v2\/types\/post"}],"author":[{"embeddable":true,"href":"https:\/\/cenedcursos.com.br\/meio-ambiente\/wp-json\/wp\/v2\/users\/1"}],"replies":[{"embeddable":true,"href":"https:\/\/cenedcursos.com.br\/meio-ambiente\/wp-json\/wp\/v2\/comments?post=367"}],"version-history":[{"count":0,"href":"https:\/\/cenedcursos.com.br\/meio-ambiente\/wp-json\/wp\/v2\/posts\/367\/revisions"}],"wp:attachment":[{"href":"https:\/\/cenedcursos.com.br\/meio-ambiente\/wp-json\/wp\/v2\/media?parent=367"}],"wp:term":[{"taxonomy":"category","embeddable":true,"href":"https:\/\/cenedcursos.com.br\/meio-ambiente\/wp-json\/wp\/v2\/categories?post=367"},{"taxonomy":"post_tag","embeddable":true,"href":"https:\/\/cenedcursos.com.br\/meio-ambiente\/wp-json\/wp\/v2\/tags?post=367"}],"curies":[{"name":"wp","href":"https:\/\/api.w.org\/{rel}","templated":true}]}}