{"id":3798,"date":"2014-11-20T18:05:49","date_gmt":"2014-11-20T21:05:49","guid":{"rendered":"http:\/\/www.cenedcursos.com.br\/?p=3798"},"modified":"2024-06-22T09:24:09","modified_gmt":"2024-06-22T12:24:09","slug":"gestao-ecologica-ecomanagement","status":"publish","type":"post","link":"https:\/\/cenedcursos.com.br\/meio-ambiente\/gestao-ecologica-ecomanagement\/","title":{"rendered":"Gest\u00e3o Ecol\u00f3gica ou Ecomanagement"},"content":{"rendered":"<p style=\"text-align: justify;\">A proposta da gest\u00e3o ecol\u00f3gica ou tamb\u00e9m conhecida como ecomanagement surgiu com Ernest Callenbach e colaboradores do Instituto Elmwood e tinha como objetivo a mudan\u00e7a de pensamento e de a\u00e7\u00e3o dos gestores, objetivando uma redu\u00e7\u00e3o dos impactos ocasionados pelas suas atividades empresariais. A proposta estabelecia prioridades e criava um plano de a\u00e7\u00e3o para o estabelecimento de melhorias de maneira sistem\u00e1tica. Para eles gest\u00e3o ecol\u00f3gica e gest\u00e3o ambiental s\u00e3o distintas, sendo que o termo ecol\u00f3gico possui uma abrang\u00eancia maior e mais profunda. (Cf. NASCIMENTO; LEMOS;MELLO, 2008, pg. 179)<\/p>\n<p style=\"text-align: justify;\">Para Callenbach e outros defensores da <a href=\"http:\/\/www.fiesp.com.br\/servicos\/gestao-ecologica-de-documentos\/\" target=\"_blank\" rel=\"noopener noreferrer\">gest\u00e3o ecol\u00f3gica<\/a>, como Fritjof Capra, f\u00edsico de renome e fundador do Instituto Elmwood, a gest\u00e3o ambiental seria mais defensiva e reativa, enquanto a gest\u00e3o ecol\u00f3gica possui uma abordagem mais ativa e criativa, objetivando a minimiza\u00e7\u00e3o dos impactos ambientais causados pelas organiza\u00e7\u00f5es, tornando suas a\u00e7\u00f5es ecologicamente corretas. O pensamento da gest\u00e3o ecol\u00f3gica tamb\u00e9m leva da expans\u00e3o para a conserva\u00e7\u00e3o, da quantidade para a qualidade e da domina\u00e7\u00e3o para a parceria.\u00a0Os apoiadores da gest\u00e3o ecol\u00f3gica criaram o termo \u201cnovo paradigma\u201d para explicar este novo pensamento e novo sistema de valores, em conjunto com as novas percep\u00e7\u00f5es e pr\u00e1ticas. (Cf. NASCIMENTO; LEMOS; MELLO, 2008, pg. 180)<\/p>\n<p><img data-recalc-dims=\"1\" loading=\"lazy\" decoding=\"async\" data-attachment-id=\"13100\" data-permalink=\"https:\/\/cenedcursos.com.br\/meio-ambiente\/gestao-ecologica-ecomanagement\/gestao-ecologica\/\" data-orig-file=\"https:\/\/i0.wp.com\/cenedcursos.com.br\/meio-ambiente\/wp-content\/uploads\/2014\/11\/gestao-ecologica.webp?fit=1200%2C800&amp;ssl=1\" data-orig-size=\"1200,800\" data-comments-opened=\"1\" data-image-meta=\"{&quot;aperture&quot;:&quot;0&quot;,&quot;credit&quot;:&quot;&quot;,&quot;camera&quot;:&quot;&quot;,&quot;caption&quot;:&quot;&quot;,&quot;created_timestamp&quot;:&quot;0&quot;,&quot;copyright&quot;:&quot;&quot;,&quot;focal_length&quot;:&quot;0&quot;,&quot;iso&quot;:&quot;0&quot;,&quot;shutter_speed&quot;:&quot;0&quot;,&quot;title&quot;:&quot;&quot;,&quot;orientation&quot;:&quot;0&quot;}\" data-image-title=\"gest\u00e3o ecol\u00f3gica\" data-image-description=\"\" data-image-caption=\"\" data-medium-file=\"https:\/\/i0.wp.com\/cenedcursos.com.br\/meio-ambiente\/wp-content\/uploads\/2014\/11\/gestao-ecologica.webp?fit=300%2C200&amp;ssl=1\" data-large-file=\"https:\/\/i0.wp.com\/cenedcursos.com.br\/meio-ambiente\/wp-content\/uploads\/2014\/11\/gestao-ecologica.webp?fit=696%2C464&amp;ssl=1\" class=\"alignnone size-large wp-image-13100\" src=\"https:\/\/i0.wp.com\/cenedcursos.com.br\/meio-ambiente\/wp-content\/uploads\/2014\/11\/gestao-ecologica-1024x683.webp?resize=696%2C464&#038;ssl=1\" alt=\"gest\u00e3o ecol\u00f3gica\" width=\"696\" height=\"464\" srcset=\"https:\/\/i0.wp.com\/cenedcursos.com.br\/meio-ambiente\/wp-content\/uploads\/2014\/11\/gestao-ecologica.webp?resize=1024%2C683&amp;ssl=1 1024w, https:\/\/i0.wp.com\/cenedcursos.com.br\/meio-ambiente\/wp-content\/uploads\/2014\/11\/gestao-ecologica.webp?resize=300%2C200&amp;ssl=1 300w, https:\/\/i0.wp.com\/cenedcursos.com.br\/meio-ambiente\/wp-content\/uploads\/2014\/11\/gestao-ecologica.webp?resize=768%2C512&amp;ssl=1 768w, https:\/\/i0.wp.com\/cenedcursos.com.br\/meio-ambiente\/wp-content\/uploads\/2014\/11\/gestao-ecologica.webp?resize=696%2C464&amp;ssl=1 696w, https:\/\/i0.wp.com\/cenedcursos.com.br\/meio-ambiente\/wp-content\/uploads\/2014\/11\/gestao-ecologica.webp?resize=1068%2C712&amp;ssl=1 1068w, https:\/\/i0.wp.com\/cenedcursos.com.br\/meio-ambiente\/wp-content\/uploads\/2014\/11\/gestao-ecologica.webp?resize=630%2C420&amp;ssl=1 630w, https:\/\/i0.wp.com\/cenedcursos.com.br\/meio-ambiente\/wp-content\/uploads\/2014\/11\/gestao-ecologica.webp?w=1200&amp;ssl=1 1200w\" sizes=\"auto, (max-width: 696px) 100vw, 696px\" \/><\/p>\n<p style=\"text-align: justify;\">A seguir temos um quadro comparativo entre gest\u00e3o ambiental (considerada superficial) e gest\u00e3o ecol\u00f3gica (considerada profunda).<\/p>\n<table>\n<tbody>\n<tr>\n<td width=\"288\"><strong>Gest\u00e3o Ambiental (\u201csuperficial\u201d)<\/strong><\/td>\n<td width=\"288\"><strong>Gest\u00e3o ecol\u00f3gica (\u201cprofunda\u201d)<\/strong><\/td>\n<\/tr>\n<tr>\n<td width=\"288\"><strong>Paradigma mecanicista<\/strong><\/td>\n<td width=\"288\"><strong>Vis\u00e3o hol\u00edstica e sist\u00eamica<\/strong><\/td>\n<\/tr>\n<tr>\n<td width=\"288\">A auditoria ambiental e outras pr\u00e1ticas administrativas ambientais n\u00e3o questionam o paradigma organizacional dominante.<\/td>\n<td width=\"288\">A ecoauditoria questiona o paradigma organizacional dominante e envolve a passagem do pensamento mecanicista para o pensamento sist\u00eamico.<\/td>\n<\/tr>\n<tr>\n<td width=\"288\">Estas ferramentas ambientais v\u00eaem a organiza\u00e7\u00e3o como uma m\u00e1quina que pode ser controlada e adotam o quadro de refer\u00eancia da economia tradicional.<\/td>\n<td width=\"288\">A gest\u00e3o ecol\u00f3gica percebe o mundo, a natureza, o organismo humano, a sociedade e as organiza\u00e7\u00f5es como sistemas vivos, cuja compreens\u00e3o n\u00e3o \u00e9 poss\u00edvel apenas sob o prisma econ\u00f4mico.<\/td>\n<\/tr>\n<tr>\n<td width=\"288\">Na auditoria de cumprimento podem ser aplicados m\u00e9todos baseados unicamente na quantifica\u00e7\u00e3o, j\u00e1 que as regulamenta\u00e7\u00f5es e normas governamentais s\u00e3o quantificadas. Isto refor\u00e7a o <em>status quo <\/em>e n\u00e3o fornece orienta\u00e7\u00e3o alguma para a solu\u00e7\u00e3o de problemas ambientais urgentes, n\u00e3o contemplados nas medidas governamentais.<\/td>\n<td width=\"288\">Como a organiza\u00e7\u00e3o \u00e9 vista como um sistema vivo, ela n\u00e3o pode ser rigidamente controlada por meio de interven\u00e7\u00e3o direta. Por\u00e9m, pode ser influenciada pela transmiss\u00e3o de orienta\u00e7\u00f5es e emiss\u00e3o de impulsos. Esse novo estilo de administra\u00e7\u00e3o \u00e9 conhecido como administra\u00e7\u00e3o sist\u00eamica.<\/td>\n<\/tr>\n<tr>\n<td width=\"288\"><strong>Vis\u00e3o antropoc\u00eantrica<\/strong><\/td>\n<td width=\"288\"><strong>Vis\u00e3o n\u00e3o antropoc\u00eantrica<\/strong><\/td>\n<\/tr>\n<tr>\n<td width=\"288\">Est\u00e1 associada \u00e0 ideia de resolver problemas ambientais em benef\u00edcio da organiza\u00e7\u00e3o.<\/td>\n<td width=\"288\">\u00c9 motivada por uma \u00e9tica ecol\u00f3gica e por uma preocupa\u00e7\u00e3o com o bem-estar das futuras gera\u00e7\u00f5es.<\/td>\n<\/tr>\n<tr>\n<td width=\"288\">Carece de uma dimens\u00e3o \u00e9tica e suas principais motiva\u00e7\u00f5es s\u00e3o a observ\u00e2ncia das leis e melhoria da imagem da organiza\u00e7\u00e3o<\/td>\n<td width=\"288\">Seu ponto de partida \u00e9 uma mudan\u00e7a de valores na cultura organizacional (mudan\u00e7a no pensar e agir dos gestores).<\/td>\n<\/tr>\n<tr>\n<td width=\"288\"><strong>Ideologia do crescimento econ\u00f4mico<\/strong><\/td>\n<td width=\"288\"><strong>Sustentabilidade ecol\u00f3gica<\/strong><\/td>\n<\/tr>\n<tr>\n<td width=\"288\">A gest\u00e3o ambiental n\u00e3o questiona a ideologia do crescimento econ\u00f4mico, que \u00e9 a principal for\u00e7a motriz das atuais pol\u00edticas econ\u00f4micas e, tragicamente, da destrui\u00e7\u00e3o do ambiente global.<\/td>\n<td width=\"288\">A gest\u00e3o ecol\u00f3gica implica o reconhecimento de que o crescimento econ\u00f4mico ilimitado num planeta finito s\u00f3 pode levar ao desastre.<\/td>\n<\/tr>\n<tr>\n<td width=\"288\">Busca incessantemente o crescimento econ\u00f4mico irrestrito, entendido em termos puramente quantitativos como a maximiza\u00e7\u00e3o dos lucros ou PNB.<\/td>\n<td width=\"288\">A gest\u00e3o ecol\u00f3gica faz uma restri\u00e7\u00e3o ao conceito de crescimento, introduzindo a quest\u00e3o da sustentabilidade ecol\u00f3gica como crit\u00e9rio fundamental de todas as atividades e neg\u00f3cios.<\/td>\n<\/tr>\n<\/tbody>\n<\/table>\n<p style=\"text-align: justify;\">\u00a0\u00a0\u00a0\u00a0\u00a0\u00a0\u00a0\u00a0\u00a0\u00a0\u00a0<em> Fonte: adaptado de Callenbach et al. apud NASCIMENTO; LEMOS; MELLO, 2008, pg. 181)<\/em><\/p>\n<p style=\"text-align: justify;\">No s\u00e9culo XXI teremos cada vez mais mudan\u00e7as ecol\u00f3gicas afetando os neg\u00f3cios das empresas. Por isso uma mudan\u00e7a estrat\u00e9gica e de pensamento ser\u00e1 necess\u00e1ria nas empresas, baseada nos princ\u00edpios do desenvolvimento econ\u00f4mico e sist\u00eamico. Neste sentido a gest\u00e3o ecol\u00f3gica ter\u00e1 grande import\u00e2ncia na elabora\u00e7\u00e3o de novos paradigmas empresariais.<\/p>\n","protected":false},"excerpt":{"rendered":"<p>A proposta da gest\u00e3o ecol\u00f3gica ou tamb\u00e9m conhecida como ecomanagement surgiu com Ernest Callenbach e colaboradores do Instituto Elmwood e tinha como objetivo a mudan\u00e7a de pensamento e de a\u00e7\u00e3o dos gestores, objetivando uma redu\u00e7\u00e3o dos impactos ocasionados pelas suas atividades empresariais. A proposta estabelecia prioridades e criava um plano de a\u00e7\u00e3o para o estabelecimento [&hellip;]<\/p>\n","protected":false},"author":1,"featured_media":13100,"comment_status":"open","ping_status":"open","sticky":false,"template":"","format":"standard","meta":{"_jetpack_memberships_contains_paid_content":false,"footnotes":""},"categories":[499],"tags":[330],"class_list":{"0":"post-3798","1":"post","2":"type-post","3":"status-publish","4":"format-standard","5":"has-post-thumbnail","7":"category-sustentabilidade-textos","8":"tag-gestao-ecologica"},"yoast_head":"<!-- This site is optimized with the Yoast SEO plugin v25.1 - https:\/\/yoast.com\/wordpress\/plugins\/seo\/ -->\n<title>A Gest\u00e3o Ecol\u00f3gica - Ecomanagement - CENED Cursos<\/title>\n<meta name=\"description\" content=\"A gest\u00e3o ecol\u00f3gica ou tamb\u00e9m conhecida como ecomanagement surgiu com Ernest Callenbach e colaboradores do Instituto Elmwood e tinha como objetivo a...\" \/>\n<meta name=\"robots\" content=\"index, follow, max-snippet:-1, max-image-preview:large, max-video-preview:-1\" \/>\n<link rel=\"canonical\" href=\"https:\/\/cenedcursos.com.br\/meio-ambiente\/gestao-ecologica-ecomanagement\/\" \/>\n<meta property=\"og:locale\" content=\"pt_BR\" \/>\n<meta property=\"og:type\" content=\"article\" \/>\n<meta property=\"og:title\" content=\"A Gest\u00e3o Ecol\u00f3gica - Ecomanagement - CENED Cursos\" \/>\n<meta property=\"og:description\" content=\"A gest\u00e3o ecol\u00f3gica ou tamb\u00e9m conhecida como ecomanagement surgiu com Ernest Callenbach e colaboradores do Instituto Elmwood e tinha como objetivo a...\" \/>\n<meta property=\"og:url\" content=\"https:\/\/cenedcursos.com.br\/meio-ambiente\/gestao-ecologica-ecomanagement\/\" \/>\n<meta property=\"og:site_name\" content=\"CENED Cursos Online\" \/>\n<meta property=\"article:published_time\" content=\"2014-11-20T21:05:49+00:00\" \/>\n<meta property=\"article:modified_time\" content=\"2024-06-22T12:24:09+00:00\" \/>\n<meta property=\"og:image\" content=\"https:\/\/cenedcursos.com.br\/meio-ambiente\/wp-content\/uploads\/2014\/11\/gestao-ecologica.webp\" \/>\n\t<meta property=\"og:image:width\" content=\"1200\" \/>\n\t<meta property=\"og:image:height\" content=\"800\" \/>\n\t<meta property=\"og:image:type\" content=\"image\/webp\" \/>\n<meta name=\"author\" content=\"Amarildo R. Ferrari\" \/>\n<meta name=\"twitter:card\" content=\"summary_large_image\" \/>\n<meta name=\"twitter:label1\" content=\"Escrito por\" \/>\n\t<meta name=\"twitter:data1\" content=\"Amarildo R. Ferrari\" \/>\n\t<meta name=\"twitter:label2\" content=\"Est. tempo de leitura\" \/>\n\t<meta name=\"twitter:data2\" content=\"4 minutos\" \/>\n<script type=\"application\/ld+json\" class=\"yoast-schema-graph\">{\"@context\":\"https:\/\/schema.org\",\"@graph\":[{\"@type\":\"WebPage\",\"@id\":\"https:\/\/cenedcursos.com.br\/meio-ambiente\/gestao-ecologica-ecomanagement\/\",\"url\":\"https:\/\/cenedcursos.com.br\/meio-ambiente\/gestao-ecologica-ecomanagement\/\",\"name\":\"A Gest\u00e3o Ecol\u00f3gica - Ecomanagement - CENED Cursos\",\"isPartOf\":{\"@id\":\"https:\/\/cenedcursos.com.br\/meio-ambiente\/#website\"},\"primaryImageOfPage\":{\"@id\":\"https:\/\/cenedcursos.com.br\/meio-ambiente\/gestao-ecologica-ecomanagement\/#primaryimage\"},\"image\":{\"@id\":\"https:\/\/cenedcursos.com.br\/meio-ambiente\/gestao-ecologica-ecomanagement\/#primaryimage\"},\"thumbnailUrl\":\"https:\/\/i0.wp.com\/cenedcursos.com.br\/meio-ambiente\/wp-content\/uploads\/2014\/11\/gestao-ecologica.webp?fit=1200%2C800&ssl=1\",\"datePublished\":\"2014-11-20T21:05:49+00:00\",\"dateModified\":\"2024-06-22T12:24:09+00:00\",\"author\":{\"@id\":\"https:\/\/cenedcursos.com.br\/meio-ambiente\/#\/schema\/person\/64377d24cdc16779a1eb6229894af388\"},\"description\":\"A gest\u00e3o ecol\u00f3gica ou tamb\u00e9m conhecida como ecomanagement surgiu com Ernest Callenbach e colaboradores do Instituto Elmwood e tinha como objetivo a...\",\"breadcrumb\":{\"@id\":\"https:\/\/cenedcursos.com.br\/meio-ambiente\/gestao-ecologica-ecomanagement\/#breadcrumb\"},\"inLanguage\":\"pt-BR\",\"potentialAction\":[{\"@type\":\"ReadAction\",\"target\":[\"https:\/\/cenedcursos.com.br\/meio-ambiente\/gestao-ecologica-ecomanagement\/\"]}]},{\"@type\":\"ImageObject\",\"inLanguage\":\"pt-BR\",\"@id\":\"https:\/\/cenedcursos.com.br\/meio-ambiente\/gestao-ecologica-ecomanagement\/#primaryimage\",\"url\":\"https:\/\/i0.wp.com\/cenedcursos.com.br\/meio-ambiente\/wp-content\/uploads\/2014\/11\/gestao-ecologica.webp?fit=1200%2C800&ssl=1\",\"contentUrl\":\"https:\/\/i0.wp.com\/cenedcursos.com.br\/meio-ambiente\/wp-content\/uploads\/2014\/11\/gestao-ecologica.webp?fit=1200%2C800&ssl=1\",\"width\":1200,\"height\":800,\"caption\":\"gest\u00e3o ecol\u00f3gica\"},{\"@type\":\"BreadcrumbList\",\"@id\":\"https:\/\/cenedcursos.com.br\/meio-ambiente\/gestao-ecologica-ecomanagement\/#breadcrumb\",\"itemListElement\":[{\"@type\":\"ListItem\",\"position\":1,\"name\":\"In\u00edcio\",\"item\":\"https:\/\/cenedcursos.com.br\/meio-ambiente\/\"},{\"@type\":\"ListItem\",\"position\":2,\"name\":\"Gest\u00e3o Ecol\u00f3gica ou Ecomanagement\"}]},{\"@type\":\"WebSite\",\"@id\":\"https:\/\/cenedcursos.com.br\/meio-ambiente\/#website\",\"url\":\"https:\/\/cenedcursos.com.br\/meio-ambiente\/\",\"name\":\"CENED Cursos Online\",\"description\":\"Aqui voc\u00ea encontra artigos em diversas \u00e1reas do conhecimento: meio ambiente, educa\u00e7\u00e3o, marketing digital, neg\u00f3cios online e muito mais.\",\"potentialAction\":[{\"@type\":\"SearchAction\",\"target\":{\"@type\":\"EntryPoint\",\"urlTemplate\":\"https:\/\/cenedcursos.com.br\/meio-ambiente\/?s={search_term_string}\"},\"query-input\":{\"@type\":\"PropertyValueSpecification\",\"valueRequired\":true,\"valueName\":\"search_term_string\"}}],\"inLanguage\":\"pt-BR\"},{\"@type\":\"Person\",\"@id\":\"https:\/\/cenedcursos.com.br\/meio-ambiente\/#\/schema\/person\/64377d24cdc16779a1eb6229894af388\",\"name\":\"Amarildo R. Ferrari\",\"image\":{\"@type\":\"ImageObject\",\"inLanguage\":\"pt-BR\",\"@id\":\"https:\/\/cenedcursos.com.br\/meio-ambiente\/#\/schema\/person\/image\/\",\"url\":\"https:\/\/secure.gravatar.com\/avatar\/6ea4248ca9f295c93f1b72f8398232f0fbbffe30349e6ec3839cfa5e09b0de3c?s=96&d=mm&r=g\",\"contentUrl\":\"https:\/\/secure.gravatar.com\/avatar\/6ea4248ca9f295c93f1b72f8398232f0fbbffe30349e6ec3839cfa5e09b0de3c?s=96&d=mm&r=g\",\"caption\":\"Amarildo R. Ferrari\"},\"sameAs\":[\"https:\/\/cenedcursos.com.br\/meio-ambiente\"],\"url\":\"https:\/\/cenedcursos.com.br\/meio-ambiente\/author\/admin\/\"}]}<\/script>\n<!-- \/ Yoast SEO plugin. -->","yoast_head_json":{"title":"A Gest\u00e3o Ecol\u00f3gica - Ecomanagement - CENED Cursos","description":"A gest\u00e3o ecol\u00f3gica ou tamb\u00e9m conhecida como ecomanagement surgiu com Ernest Callenbach e colaboradores do Instituto Elmwood e tinha como objetivo a...","robots":{"index":"index","follow":"follow","max-snippet":"max-snippet:-1","max-image-preview":"max-image-preview:large","max-video-preview":"max-video-preview:-1"},"canonical":"https:\/\/cenedcursos.com.br\/meio-ambiente\/gestao-ecologica-ecomanagement\/","og_locale":"pt_BR","og_type":"article","og_title":"A Gest\u00e3o Ecol\u00f3gica - Ecomanagement - CENED Cursos","og_description":"A gest\u00e3o ecol\u00f3gica ou tamb\u00e9m conhecida como ecomanagement surgiu com Ernest Callenbach e colaboradores do Instituto Elmwood e tinha como objetivo a...","og_url":"https:\/\/cenedcursos.com.br\/meio-ambiente\/gestao-ecologica-ecomanagement\/","og_site_name":"CENED Cursos Online","article_published_time":"2014-11-20T21:05:49+00:00","article_modified_time":"2024-06-22T12:24:09+00:00","og_image":[{"width":1200,"height":800,"url":"https:\/\/cenedcursos.com.br\/meio-ambiente\/wp-content\/uploads\/2014\/11\/gestao-ecologica.webp","type":"image\/webp"}],"author":"Amarildo R. Ferrari","twitter_card":"summary_large_image","twitter_misc":{"Escrito por":"Amarildo R. Ferrari","Est. tempo de leitura":"4 minutos"},"schema":{"@context":"https:\/\/schema.org","@graph":[{"@type":"WebPage","@id":"https:\/\/cenedcursos.com.br\/meio-ambiente\/gestao-ecologica-ecomanagement\/","url":"https:\/\/cenedcursos.com.br\/meio-ambiente\/gestao-ecologica-ecomanagement\/","name":"A Gest\u00e3o Ecol\u00f3gica - Ecomanagement - CENED Cursos","isPartOf":{"@id":"https:\/\/cenedcursos.com.br\/meio-ambiente\/#website"},"primaryImageOfPage":{"@id":"https:\/\/cenedcursos.com.br\/meio-ambiente\/gestao-ecologica-ecomanagement\/#primaryimage"},"image":{"@id":"https:\/\/cenedcursos.com.br\/meio-ambiente\/gestao-ecologica-ecomanagement\/#primaryimage"},"thumbnailUrl":"https:\/\/i0.wp.com\/cenedcursos.com.br\/meio-ambiente\/wp-content\/uploads\/2014\/11\/gestao-ecologica.webp?fit=1200%2C800&ssl=1","datePublished":"2014-11-20T21:05:49+00:00","dateModified":"2024-06-22T12:24:09+00:00","author":{"@id":"https:\/\/cenedcursos.com.br\/meio-ambiente\/#\/schema\/person\/64377d24cdc16779a1eb6229894af388"},"description":"A gest\u00e3o ecol\u00f3gica ou tamb\u00e9m conhecida como ecomanagement surgiu com Ernest Callenbach e colaboradores do Instituto Elmwood e tinha como objetivo a...","breadcrumb":{"@id":"https:\/\/cenedcursos.com.br\/meio-ambiente\/gestao-ecologica-ecomanagement\/#breadcrumb"},"inLanguage":"pt-BR","potentialAction":[{"@type":"ReadAction","target":["https:\/\/cenedcursos.com.br\/meio-ambiente\/gestao-ecologica-ecomanagement\/"]}]},{"@type":"ImageObject","inLanguage":"pt-BR","@id":"https:\/\/cenedcursos.com.br\/meio-ambiente\/gestao-ecologica-ecomanagement\/#primaryimage","url":"https:\/\/i0.wp.com\/cenedcursos.com.br\/meio-ambiente\/wp-content\/uploads\/2014\/11\/gestao-ecologica.webp?fit=1200%2C800&ssl=1","contentUrl":"https:\/\/i0.wp.com\/cenedcursos.com.br\/meio-ambiente\/wp-content\/uploads\/2014\/11\/gestao-ecologica.webp?fit=1200%2C800&ssl=1","width":1200,"height":800,"caption":"gest\u00e3o ecol\u00f3gica"},{"@type":"BreadcrumbList","@id":"https:\/\/cenedcursos.com.br\/meio-ambiente\/gestao-ecologica-ecomanagement\/#breadcrumb","itemListElement":[{"@type":"ListItem","position":1,"name":"In\u00edcio","item":"https:\/\/cenedcursos.com.br\/meio-ambiente\/"},{"@type":"ListItem","position":2,"name":"Gest\u00e3o Ecol\u00f3gica ou Ecomanagement"}]},{"@type":"WebSite","@id":"https:\/\/cenedcursos.com.br\/meio-ambiente\/#website","url":"https:\/\/cenedcursos.com.br\/meio-ambiente\/","name":"CENED Cursos Online","description":"Aqui voc\u00ea encontra artigos em diversas \u00e1reas do conhecimento: meio ambiente, educa\u00e7\u00e3o, marketing digital, neg\u00f3cios online e muito mais.","potentialAction":[{"@type":"SearchAction","target":{"@type":"EntryPoint","urlTemplate":"https:\/\/cenedcursos.com.br\/meio-ambiente\/?s={search_term_string}"},"query-input":{"@type":"PropertyValueSpecification","valueRequired":true,"valueName":"search_term_string"}}],"inLanguage":"pt-BR"},{"@type":"Person","@id":"https:\/\/cenedcursos.com.br\/meio-ambiente\/#\/schema\/person\/64377d24cdc16779a1eb6229894af388","name":"Amarildo R. Ferrari","image":{"@type":"ImageObject","inLanguage":"pt-BR","@id":"https:\/\/cenedcursos.com.br\/meio-ambiente\/#\/schema\/person\/image\/","url":"https:\/\/secure.gravatar.com\/avatar\/6ea4248ca9f295c93f1b72f8398232f0fbbffe30349e6ec3839cfa5e09b0de3c?s=96&d=mm&r=g","contentUrl":"https:\/\/secure.gravatar.com\/avatar\/6ea4248ca9f295c93f1b72f8398232f0fbbffe30349e6ec3839cfa5e09b0de3c?s=96&d=mm&r=g","caption":"Amarildo R. Ferrari"},"sameAs":["https:\/\/cenedcursos.com.br\/meio-ambiente"],"url":"https:\/\/cenedcursos.com.br\/meio-ambiente\/author\/admin\/"}]}},"jetpack_featured_media_url":"https:\/\/i0.wp.com\/cenedcursos.com.br\/meio-ambiente\/wp-content\/uploads\/2014\/11\/gestao-ecologica.webp?fit=1200%2C800&ssl=1","jetpack_sharing_enabled":true,"_links":{"self":[{"href":"https:\/\/cenedcursos.com.br\/meio-ambiente\/wp-json\/wp\/v2\/posts\/3798","targetHints":{"allow":["GET"]}}],"collection":[{"href":"https:\/\/cenedcursos.com.br\/meio-ambiente\/wp-json\/wp\/v2\/posts"}],"about":[{"href":"https:\/\/cenedcursos.com.br\/meio-ambiente\/wp-json\/wp\/v2\/types\/post"}],"author":[{"embeddable":true,"href":"https:\/\/cenedcursos.com.br\/meio-ambiente\/wp-json\/wp\/v2\/users\/1"}],"replies":[{"embeddable":true,"href":"https:\/\/cenedcursos.com.br\/meio-ambiente\/wp-json\/wp\/v2\/comments?post=3798"}],"version-history":[{"count":0,"href":"https:\/\/cenedcursos.com.br\/meio-ambiente\/wp-json\/wp\/v2\/posts\/3798\/revisions"}],"wp:featuredmedia":[{"embeddable":true,"href":"https:\/\/cenedcursos.com.br\/meio-ambiente\/wp-json\/wp\/v2\/media\/13100"}],"wp:attachment":[{"href":"https:\/\/cenedcursos.com.br\/meio-ambiente\/wp-json\/wp\/v2\/media?parent=3798"}],"wp:term":[{"taxonomy":"category","embeddable":true,"href":"https:\/\/cenedcursos.com.br\/meio-ambiente\/wp-json\/wp\/v2\/categories?post=3798"},{"taxonomy":"post_tag","embeddable":true,"href":"https:\/\/cenedcursos.com.br\/meio-ambiente\/wp-json\/wp\/v2\/tags?post=3798"}],"curies":[{"name":"wp","href":"https:\/\/api.w.org\/{rel}","templated":true}]}}