{"id":3823,"date":"2014-12-10T17:30:29","date_gmt":"2014-12-10T20:30:29","guid":{"rendered":"http:\/\/www.cenedcursos.com.br\/?p=3823"},"modified":"2014-12-10T17:30:29","modified_gmt":"2014-12-10T20:30:29","slug":"impacto-ambiental-ferramentas","status":"publish","type":"post","link":"https:\/\/cenedcursos.com.br\/meio-ambiente\/impacto-ambiental-ferramentas\/","title":{"rendered":"A Avalia\u00e7\u00e3o de Impacto Ambiental e suas ferramentas"},"content":{"rendered":"<p style=\"text-align: justify;\">A Avalia\u00e7\u00e3o de Impacto Ambiental \u00e9 um instrumento da Pol\u00edtica Nacional do Meio Ambiente, como j\u00e1 comentado nos par\u00e1grafos anteriores. O que torna essa pol\u00edtica de grande import\u00e2ncia na evolu\u00e7\u00e3o da Legisla\u00e7\u00e3o Ambiental no Brasil.<\/p>\n<p style=\"text-align: justify;\">De acordo com a Lei 6.938\/81 a <a href=\"http:\/\/www.planalto.gov.br\/ccivil_03\/leis\/l6938.htm\" target=\"_blank\" rel=\"noopener noreferrer\">Pol\u00edtica Nacional do Meio Ambiente<\/a> tem como principais diretrizes:<\/p>\n<p style=\"text-align: justify;\">I &#8211; a\u00e7\u00e3o governamental na manuten\u00e7\u00e3o do equil\u00edbrio ecol\u00f3gico, considerando o meio ambiente como um patrim\u00f4nio p\u00fablico a ser necessariamente assegurado e protegido, tendo em vista o uso coletivo;<br \/>\nII &#8211; racionaliza\u00e7\u00e3o do uso do solo, do subsolo, da \u00e1gua e do ar;<br \/>\nIII &#8211; planejamento e fiscaliza\u00e7\u00e3o do uso dos recursos ambientais;<br \/>\nIV &#8211; prote\u00e7\u00e3o dos ecossistemas, com a preserva\u00e7\u00e3o de \u00e1reas representativas;<br \/>\nV &#8211; controle e zoneamento das atividades potencial ou efetivamente poluidoras;<br \/>\nVI &#8211; incentivos ao estudo e \u00e0 pesquisa de tecnologias orientadas para o uso racional e a prote\u00e7\u00e3o dos recursos ambientais;<br \/>\nVII &#8211; acompanhamento do estado da qualidade ambiental;<br \/>\nVIII &#8211; recupera\u00e7\u00e3o de \u00e1reas degradadas;<br \/>\nIX &#8211; prote\u00e7\u00e3o de \u00e1reas amea\u00e7adas de degrada\u00e7\u00e3o;<br \/>\nX &#8211; educa\u00e7\u00e3o ambiental a todos os n\u00edveis de ensino, incluindo a educa\u00e7\u00e3o da comunidade, objetivando capacit\u00e1-la para participa\u00e7\u00e3o ativa na defesa do meio ambiente.<\/p>\n<p style=\"text-align: justify;\">Para a consecu\u00e7\u00e3o dessas diretrizes, a Lei 6.938\/81 prev\u00ea a Avalia\u00e7\u00e3o de Impacto Ambiental-AIA e uma s\u00e9rie de outros instrumentos complementares e inter-relacionados, como por<\/p>\n<figure id=\"attachment_3825\" aria-describedby=\"caption-attachment-3825\" style=\"width: 283px\" class=\"wp-caption alignright\"><a href=\"https:\/\/i0.wp.com\/www.cenedcursos.com.br\/meio-ambiente\/wp-content\/uploads\/2014\/12\/impacto-ambiental.jpg?ssl=1\"><img data-recalc-dims=\"1\" loading=\"lazy\" decoding=\"async\" data-attachment-id=\"3825\" data-permalink=\"https:\/\/cenedcursos.com.br\/meio-ambiente\/impacto-ambiental\/\" data-orig-file=\"https:\/\/i0.wp.com\/cenedcursos.com.br\/meio-ambiente\/wp-content\/uploads\/2014\/12\/impacto-ambiental-1.jpg?fit=400%2C304&amp;ssl=1\" data-orig-size=\"400,304\" data-comments-opened=\"1\" data-image-meta=\"{&quot;aperture&quot;:&quot;0&quot;,&quot;credit&quot;:&quot;&quot;,&quot;camera&quot;:&quot;&quot;,&quot;caption&quot;:&quot;&quot;,&quot;created_timestamp&quot;:&quot;0&quot;,&quot;copyright&quot;:&quot;&quot;,&quot;focal_length&quot;:&quot;0&quot;,&quot;iso&quot;:&quot;0&quot;,&quot;shutter_speed&quot;:&quot;0&quot;,&quot;title&quot;:&quot;&quot;,&quot;orientation&quot;:&quot;0&quot;}\" data-image-title=\"Impacto Ambiental\" data-image-description=\"\" data-image-caption=\"&lt;p&gt;Avalia\u00e7\u00e3o de Impacto Ambiental&lt;\/p&gt;\n\" data-medium-file=\"https:\/\/i0.wp.com\/cenedcursos.com.br\/meio-ambiente\/wp-content\/uploads\/2014\/12\/impacto-ambiental-1.jpg?fit=300%2C228&amp;ssl=1\" data-large-file=\"https:\/\/i0.wp.com\/cenedcursos.com.br\/meio-ambiente\/wp-content\/uploads\/2014\/12\/impacto-ambiental-1.jpg?fit=400%2C304&amp;ssl=1\" class=\" wp-image-3825\" src=\"https:\/\/i0.wp.com\/www.cenedcursos.com.br\/meio-ambiente\/wp-content\/uploads\/2014\/12\/impacto-ambiental-300x228.jpg?resize=283%2C215&#038;ssl=1\" alt=\"Avalia\u00e7\u00e3o de Impacto Ambiental\" width=\"283\" height=\"215\" \/><\/a><figcaption id=\"caption-attachment-3825\" class=\"wp-caption-text\"><\/p>\n<h2><span style=\"font-size: 10pt;\">Avalia\u00e7\u00e3o de Impacto Ambiental<\/span><\/h2>\n<p><\/figcaption><\/figure>\n<p style=\"text-align: justify;\">exemplo:<\/p>\n<ul style=\"text-align: justify;\">\n<li>o licenciamento e a revis\u00e3o de atividades efetivas ou potencialmente poluidoras, que exige a elabora\u00e7\u00e3o de EIA\/RIMA e\/ou de outros documentos t\u00e9cnicos, os quais constituem instrumentos b\u00e1sicos de implementa\u00e7\u00e3o da AIA;<\/li>\n<li>o zoneamento ambiental, o estabelecimento de padr\u00f5es de qualidade ambiental e a cria\u00e7\u00e3o de unidades de conserva\u00e7\u00e3o, que condicionam e orientam a elabora\u00e7\u00e3o de estudos de impacto ambiental e de outros documentos t\u00e9cnicos necess\u00e1rios ao licenciamento ambiental;<\/li>\n<li>os Cadastros T\u00e9cnicos, os Relat\u00f3rios de Qualidade Ambiental, as penalidades disciplinares ou compensat\u00f3rias, os incentivos \u00e0 produ\u00e7\u00e3o, a instala\u00e7\u00e3o de equipamentos e a cria\u00e7\u00e3o ou absor\u00e7\u00e3o de tecnologia, voltados para a melhoria da qualidade ambiental, que facilitam ou condicionam a condu\u00e7\u00e3o do processo de AIA em suas diferentes fases.<\/li>\n<\/ul>\n<p style=\"text-align: justify;\"><strong>1. Estudo de Impacto Ambiental \u2013 EIA<\/strong><strong>\u00a0 \u00a0 \u00a0 \u00a0 \u00a0<\/strong><\/p>\n<p style=\"text-align: justify;\">O Estudo de <a href=\"https:\/\/www.cenedcursos.com.br\/meio-ambiente\/chuva-acida\/\">Impacto Ambiental (EIA)<\/a> \u00e9 o instrumento mais importante da disciplina de AIA. Trata de estudo completo, que consome muito tempo e exige um alto investimento do empreendedor. Neste estudo s\u00e3o realizadas an\u00e1lises referentes \u00e0 viabilidade ambiental de projetos que possam causar impactos significativos. O estudo deve ser elaborado por uma equipe de profissionais de diferentes \u00e1reas t\u00e9cnicas, que contemple todas as \u00e1reas de abrang\u00eancia dos impactos ambientais potenciais do projeto.<\/p>\n<p style=\"text-align: justify;\">A maioria dos EIA deve avaliar os potenciais impactos sobre os fatores f\u00edsicos, bi\u00f3ticos e s\u00f3cio-econ\u00f4micos. Dessa forma, a equipe dever\u00e1 contemplar engenheiros (arquitetos), ge\u00f3logos, bi\u00f3logos, soci\u00f3logos, psic\u00f3logos, m\u00e9dicos sanitaristas, etc. Todos esses profissionais dever\u00e3o estar credenciados no conselho regional de sua \u00e1rea de atua\u00e7\u00e3o. A equipe n\u00e3o poder\u00e1 ter nenhum v\u00ednculo com o empreendedor, que \u00e9 o respons\u00e1vel pela sua contrata\u00e7\u00e3o.<\/p>\n<p style=\"text-align: justify;\">Atrav\u00e9s do EIA, a equipe t\u00e9cnica deve realizar: um diagn\u00f3stico ambiental da \u00e1rea de influ\u00eancia do empreendimento (meio f\u00edsico, bi\u00f3tico e s\u00f3cio-econ\u00f4mico); um progn\u00f3stico dos impactos (identifica\u00e7\u00e3o, valora\u00e7\u00e3o e interpreta\u00e7\u00e3o dos impactos); medidas mitigadoras e potencializadora (m\u00e9todos de controle e mitiga\u00e7\u00e3o dos efeitos negativos e potencializa\u00e7\u00e3o dos efeitos positivos da atividade); programa de acompanhamento e monitoramento ambiental (alternativas para monitorar as atividades e seus impactos ambientais).<\/p>\n<p style=\"text-align: justify;\">Todos esses procedimentos devem ser realizados a partir de metodologias delineadas para cada situa\u00e7\u00e3o e \u00e1rea de conhecimento, e abranger uma escala espacial e temporal compat\u00edvel para uma avalia\u00e7\u00e3o completa dos impactos potenciais.<\/p>\n<p style=\"text-align: justify;\"><strong>2. Relat\u00f3rio de Impacto Ambiental \u2013 RIMA<\/strong><\/p>\n<p style=\"text-align: justify;\">O Relat\u00f3rio de Impacto Ambiental (RIMA) trata de um documento que apresenta, em linguagem acess\u00edvel, todas as conclus\u00f5es relativas ao EIA. Este documento servir\u00e1 como base para a avalia\u00e7\u00e3o do empreendimento, para fins de licenciamento, pelos \u00f3rg\u00e3os competentes, institui\u00e7\u00f5es interessadas e popula\u00e7\u00e3o.<\/p>\n<p style=\"text-align: justify;\">O RIMA deve conter informa\u00e7\u00f5es sobre o projeto (como localiza\u00e7\u00e3o, objetivos, atividades, recursos utilizados, res\u00edduos produzidos, tecnologias utilizadas); resultados do diagn\u00f3stico ambiental realizado no EIA; descri\u00e7\u00e3o dos impactos identificados no EIA; caracteriza\u00e7\u00e3o da qualidade ambiental da \u00e1rea de influ\u00eancia do empreendimento; progn\u00f3stico realizado no EIA e o plano de gest\u00e3o ambiental, com medidas mitigadoras, compensat\u00f3rias e plano de monitoramento e controle ambiental.<\/p>\n<p style=\"text-align: justify;\">[grwebform url=&#8221;http:\/\/app.getresponse.com\/view_webform.js?wid=3381303&amp;u=SK7G&#8221; css=&#8221;on&#8221;\/]<\/p>\n","protected":false},"excerpt":{"rendered":"<p>A Avalia\u00e7\u00e3o de Impacto Ambiental \u00e9 um instrumento da Pol\u00edtica Nacional do Meio Ambiente, como j\u00e1 comentado nos par\u00e1grafos anteriores. O que torna essa pol\u00edtica de grande import\u00e2ncia na evolu\u00e7\u00e3o da Legisla\u00e7\u00e3o Ambiental no Brasil. De acordo com a Lei 6.938\/81 a Pol\u00edtica Nacional do Meio Ambiente tem como principais diretrizes: I &#8211; a\u00e7\u00e3o governamental [&hellip;]<\/p>\n","protected":false},"author":1,"featured_media":0,"comment_status":"open","ping_status":"open","sticky":false,"template":"","format":"standard","meta":{"_jetpack_memberships_contains_paid_content":false,"footnotes":""},"categories":[495],"tags":[],"class_list":{"0":"post-3823","1":"post","2":"type-post","3":"status-publish","4":"format-standard","6":"category-impactos-ambientais-textos"},"yoast_head":"<!-- This site is optimized with the Yoast SEO plugin v25.1 - https:\/\/yoast.com\/wordpress\/plugins\/seo\/ -->\n<title>Impacto Ambiental: Estudo e Relat\u00f3rio - CENED Cursos<\/title>\n<meta name=\"description\" content=\"A Avalia\u00e7\u00e3o de Impacto Ambiental \u00e9 um instrumento da Pol\u00edtica Nacional do Meio Ambiente e tem como ferramentas o Estudo de Impacto Ambiental e o Relat\u00f3rio\" \/>\n<meta name=\"robots\" content=\"index, follow, max-snippet:-1, max-image-preview:large, max-video-preview:-1\" \/>\n<link rel=\"canonical\" href=\"https:\/\/cenedcursos.com.br\/meio-ambiente\/impacto-ambiental-ferramentas\/\" \/>\n<meta property=\"og:locale\" content=\"pt_BR\" \/>\n<meta property=\"og:type\" content=\"article\" \/>\n<meta property=\"og:title\" content=\"Impacto Ambiental: Estudo e Relat\u00f3rio - CENED Cursos\" \/>\n<meta property=\"og:description\" content=\"A Avalia\u00e7\u00e3o de Impacto Ambiental \u00e9 um instrumento da Pol\u00edtica Nacional do Meio Ambiente e tem como ferramentas o Estudo de Impacto Ambiental e o Relat\u00f3rio\" \/>\n<meta property=\"og:url\" content=\"https:\/\/cenedcursos.com.br\/meio-ambiente\/impacto-ambiental-ferramentas\/\" \/>\n<meta property=\"og:site_name\" content=\"CENED Cursos Online\" \/>\n<meta property=\"article:published_time\" content=\"2014-12-10T20:30:29+00:00\" \/>\n<meta property=\"og:image\" content=\"https:\/\/www.cenedcursos.com.br\/meio-ambiente\/wp-content\/uploads\/2014\/12\/impacto-ambiental-300x228.jpg\" \/>\n<meta name=\"author\" content=\"Amarildo R. Ferrari\" \/>\n<meta name=\"twitter:card\" content=\"summary_large_image\" \/>\n<meta name=\"twitter:label1\" content=\"Escrito por\" \/>\n\t<meta name=\"twitter:data1\" content=\"Amarildo R. Ferrari\" \/>\n\t<meta name=\"twitter:label2\" content=\"Est. tempo de leitura\" \/>\n\t<meta name=\"twitter:data2\" content=\"4 minutos\" \/>\n<script type=\"application\/ld+json\" class=\"yoast-schema-graph\">{\"@context\":\"https:\/\/schema.org\",\"@graph\":[{\"@type\":\"WebPage\",\"@id\":\"https:\/\/cenedcursos.com.br\/meio-ambiente\/impacto-ambiental-ferramentas\/\",\"url\":\"https:\/\/cenedcursos.com.br\/meio-ambiente\/impacto-ambiental-ferramentas\/\",\"name\":\"Impacto Ambiental: Estudo e Relat\u00f3rio - CENED Cursos\",\"isPartOf\":{\"@id\":\"https:\/\/cenedcursos.com.br\/meio-ambiente\/#website\"},\"primaryImageOfPage\":{\"@id\":\"https:\/\/cenedcursos.com.br\/meio-ambiente\/impacto-ambiental-ferramentas\/#primaryimage\"},\"image\":{\"@id\":\"https:\/\/cenedcursos.com.br\/meio-ambiente\/impacto-ambiental-ferramentas\/#primaryimage\"},\"thumbnailUrl\":\"https:\/\/www.cenedcursos.com.br\/meio-ambiente\/wp-content\/uploads\/2014\/12\/impacto-ambiental-300x228.jpg\",\"datePublished\":\"2014-12-10T20:30:29+00:00\",\"author\":{\"@id\":\"https:\/\/cenedcursos.com.br\/meio-ambiente\/#\/schema\/person\/64377d24cdc16779a1eb6229894af388\"},\"description\":\"A Avalia\u00e7\u00e3o de Impacto Ambiental \u00e9 um instrumento da Pol\u00edtica Nacional do Meio Ambiente e tem como ferramentas o Estudo de Impacto Ambiental e o Relat\u00f3rio\",\"breadcrumb\":{\"@id\":\"https:\/\/cenedcursos.com.br\/meio-ambiente\/impacto-ambiental-ferramentas\/#breadcrumb\"},\"inLanguage\":\"pt-BR\",\"potentialAction\":[{\"@type\":\"ReadAction\",\"target\":[\"https:\/\/cenedcursos.com.br\/meio-ambiente\/impacto-ambiental-ferramentas\/\"]}]},{\"@type\":\"ImageObject\",\"inLanguage\":\"pt-BR\",\"@id\":\"https:\/\/cenedcursos.com.br\/meio-ambiente\/impacto-ambiental-ferramentas\/#primaryimage\",\"url\":\"https:\/\/www.cenedcursos.com.br\/meio-ambiente\/wp-content\/uploads\/2014\/12\/impacto-ambiental-300x228.jpg\",\"contentUrl\":\"https:\/\/www.cenedcursos.com.br\/meio-ambiente\/wp-content\/uploads\/2014\/12\/impacto-ambiental-300x228.jpg\"},{\"@type\":\"BreadcrumbList\",\"@id\":\"https:\/\/cenedcursos.com.br\/meio-ambiente\/impacto-ambiental-ferramentas\/#breadcrumb\",\"itemListElement\":[{\"@type\":\"ListItem\",\"position\":1,\"name\":\"In\u00edcio\",\"item\":\"https:\/\/cenedcursos.com.br\/meio-ambiente\/\"},{\"@type\":\"ListItem\",\"position\":2,\"name\":\"A Avalia\u00e7\u00e3o de Impacto Ambiental e suas ferramentas\"}]},{\"@type\":\"WebSite\",\"@id\":\"https:\/\/cenedcursos.com.br\/meio-ambiente\/#website\",\"url\":\"https:\/\/cenedcursos.com.br\/meio-ambiente\/\",\"name\":\"CENED Cursos Online\",\"description\":\"Aqui voc\u00ea encontra artigos em diversas \u00e1reas do conhecimento: meio ambiente, educa\u00e7\u00e3o, marketing digital, neg\u00f3cios online e muito mais.\",\"potentialAction\":[{\"@type\":\"SearchAction\",\"target\":{\"@type\":\"EntryPoint\",\"urlTemplate\":\"https:\/\/cenedcursos.com.br\/meio-ambiente\/?s={search_term_string}\"},\"query-input\":{\"@type\":\"PropertyValueSpecification\",\"valueRequired\":true,\"valueName\":\"search_term_string\"}}],\"inLanguage\":\"pt-BR\"},{\"@type\":\"Person\",\"@id\":\"https:\/\/cenedcursos.com.br\/meio-ambiente\/#\/schema\/person\/64377d24cdc16779a1eb6229894af388\",\"name\":\"Amarildo R. Ferrari\",\"image\":{\"@type\":\"ImageObject\",\"inLanguage\":\"pt-BR\",\"@id\":\"https:\/\/cenedcursos.com.br\/meio-ambiente\/#\/schema\/person\/image\/\",\"url\":\"https:\/\/secure.gravatar.com\/avatar\/6ea4248ca9f295c93f1b72f8398232f0fbbffe30349e6ec3839cfa5e09b0de3c?s=96&d=mm&r=g\",\"contentUrl\":\"https:\/\/secure.gravatar.com\/avatar\/6ea4248ca9f295c93f1b72f8398232f0fbbffe30349e6ec3839cfa5e09b0de3c?s=96&d=mm&r=g\",\"caption\":\"Amarildo R. Ferrari\"},\"sameAs\":[\"https:\/\/cenedcursos.com.br\/meio-ambiente\"],\"url\":\"https:\/\/cenedcursos.com.br\/meio-ambiente\/author\/admin\/\"}]}<\/script>\n<!-- \/ Yoast SEO plugin. -->","yoast_head_json":{"title":"Impacto Ambiental: Estudo e Relat\u00f3rio - CENED Cursos","description":"A Avalia\u00e7\u00e3o de Impacto Ambiental \u00e9 um instrumento da Pol\u00edtica Nacional do Meio Ambiente e tem como ferramentas o Estudo de Impacto Ambiental e o Relat\u00f3rio","robots":{"index":"index","follow":"follow","max-snippet":"max-snippet:-1","max-image-preview":"max-image-preview:large","max-video-preview":"max-video-preview:-1"},"canonical":"https:\/\/cenedcursos.com.br\/meio-ambiente\/impacto-ambiental-ferramentas\/","og_locale":"pt_BR","og_type":"article","og_title":"Impacto Ambiental: Estudo e Relat\u00f3rio - CENED Cursos","og_description":"A Avalia\u00e7\u00e3o de Impacto Ambiental \u00e9 um instrumento da Pol\u00edtica Nacional do Meio Ambiente e tem como ferramentas o Estudo de Impacto Ambiental e o Relat\u00f3rio","og_url":"https:\/\/cenedcursos.com.br\/meio-ambiente\/impacto-ambiental-ferramentas\/","og_site_name":"CENED Cursos Online","article_published_time":"2014-12-10T20:30:29+00:00","og_image":[{"url":"https:\/\/www.cenedcursos.com.br\/meio-ambiente\/wp-content\/uploads\/2014\/12\/impacto-ambiental-300x228.jpg","type":"","width":"","height":""}],"author":"Amarildo R. Ferrari","twitter_card":"summary_large_image","twitter_misc":{"Escrito por":"Amarildo R. Ferrari","Est. tempo de leitura":"4 minutos"},"schema":{"@context":"https:\/\/schema.org","@graph":[{"@type":"WebPage","@id":"https:\/\/cenedcursos.com.br\/meio-ambiente\/impacto-ambiental-ferramentas\/","url":"https:\/\/cenedcursos.com.br\/meio-ambiente\/impacto-ambiental-ferramentas\/","name":"Impacto Ambiental: Estudo e Relat\u00f3rio - CENED Cursos","isPartOf":{"@id":"https:\/\/cenedcursos.com.br\/meio-ambiente\/#website"},"primaryImageOfPage":{"@id":"https:\/\/cenedcursos.com.br\/meio-ambiente\/impacto-ambiental-ferramentas\/#primaryimage"},"image":{"@id":"https:\/\/cenedcursos.com.br\/meio-ambiente\/impacto-ambiental-ferramentas\/#primaryimage"},"thumbnailUrl":"https:\/\/www.cenedcursos.com.br\/meio-ambiente\/wp-content\/uploads\/2014\/12\/impacto-ambiental-300x228.jpg","datePublished":"2014-12-10T20:30:29+00:00","author":{"@id":"https:\/\/cenedcursos.com.br\/meio-ambiente\/#\/schema\/person\/64377d24cdc16779a1eb6229894af388"},"description":"A Avalia\u00e7\u00e3o de Impacto Ambiental \u00e9 um instrumento da Pol\u00edtica Nacional do Meio Ambiente e tem como ferramentas o Estudo de Impacto Ambiental e o Relat\u00f3rio","breadcrumb":{"@id":"https:\/\/cenedcursos.com.br\/meio-ambiente\/impacto-ambiental-ferramentas\/#breadcrumb"},"inLanguage":"pt-BR","potentialAction":[{"@type":"ReadAction","target":["https:\/\/cenedcursos.com.br\/meio-ambiente\/impacto-ambiental-ferramentas\/"]}]},{"@type":"ImageObject","inLanguage":"pt-BR","@id":"https:\/\/cenedcursos.com.br\/meio-ambiente\/impacto-ambiental-ferramentas\/#primaryimage","url":"https:\/\/www.cenedcursos.com.br\/meio-ambiente\/wp-content\/uploads\/2014\/12\/impacto-ambiental-300x228.jpg","contentUrl":"https:\/\/www.cenedcursos.com.br\/meio-ambiente\/wp-content\/uploads\/2014\/12\/impacto-ambiental-300x228.jpg"},{"@type":"BreadcrumbList","@id":"https:\/\/cenedcursos.com.br\/meio-ambiente\/impacto-ambiental-ferramentas\/#breadcrumb","itemListElement":[{"@type":"ListItem","position":1,"name":"In\u00edcio","item":"https:\/\/cenedcursos.com.br\/meio-ambiente\/"},{"@type":"ListItem","position":2,"name":"A Avalia\u00e7\u00e3o de Impacto Ambiental e suas ferramentas"}]},{"@type":"WebSite","@id":"https:\/\/cenedcursos.com.br\/meio-ambiente\/#website","url":"https:\/\/cenedcursos.com.br\/meio-ambiente\/","name":"CENED Cursos Online","description":"Aqui voc\u00ea encontra artigos em diversas \u00e1reas do conhecimento: meio ambiente, educa\u00e7\u00e3o, marketing digital, neg\u00f3cios online e muito mais.","potentialAction":[{"@type":"SearchAction","target":{"@type":"EntryPoint","urlTemplate":"https:\/\/cenedcursos.com.br\/meio-ambiente\/?s={search_term_string}"},"query-input":{"@type":"PropertyValueSpecification","valueRequired":true,"valueName":"search_term_string"}}],"inLanguage":"pt-BR"},{"@type":"Person","@id":"https:\/\/cenedcursos.com.br\/meio-ambiente\/#\/schema\/person\/64377d24cdc16779a1eb6229894af388","name":"Amarildo R. Ferrari","image":{"@type":"ImageObject","inLanguage":"pt-BR","@id":"https:\/\/cenedcursos.com.br\/meio-ambiente\/#\/schema\/person\/image\/","url":"https:\/\/secure.gravatar.com\/avatar\/6ea4248ca9f295c93f1b72f8398232f0fbbffe30349e6ec3839cfa5e09b0de3c?s=96&d=mm&r=g","contentUrl":"https:\/\/secure.gravatar.com\/avatar\/6ea4248ca9f295c93f1b72f8398232f0fbbffe30349e6ec3839cfa5e09b0de3c?s=96&d=mm&r=g","caption":"Amarildo R. Ferrari"},"sameAs":["https:\/\/cenedcursos.com.br\/meio-ambiente"],"url":"https:\/\/cenedcursos.com.br\/meio-ambiente\/author\/admin\/"}]}},"jetpack_featured_media_url":"","jetpack_sharing_enabled":true,"_links":{"self":[{"href":"https:\/\/cenedcursos.com.br\/meio-ambiente\/wp-json\/wp\/v2\/posts\/3823","targetHints":{"allow":["GET"]}}],"collection":[{"href":"https:\/\/cenedcursos.com.br\/meio-ambiente\/wp-json\/wp\/v2\/posts"}],"about":[{"href":"https:\/\/cenedcursos.com.br\/meio-ambiente\/wp-json\/wp\/v2\/types\/post"}],"author":[{"embeddable":true,"href":"https:\/\/cenedcursos.com.br\/meio-ambiente\/wp-json\/wp\/v2\/users\/1"}],"replies":[{"embeddable":true,"href":"https:\/\/cenedcursos.com.br\/meio-ambiente\/wp-json\/wp\/v2\/comments?post=3823"}],"version-history":[{"count":0,"href":"https:\/\/cenedcursos.com.br\/meio-ambiente\/wp-json\/wp\/v2\/posts\/3823\/revisions"}],"wp:attachment":[{"href":"https:\/\/cenedcursos.com.br\/meio-ambiente\/wp-json\/wp\/v2\/media?parent=3823"}],"wp:term":[{"taxonomy":"category","embeddable":true,"href":"https:\/\/cenedcursos.com.br\/meio-ambiente\/wp-json\/wp\/v2\/categories?post=3823"},{"taxonomy":"post_tag","embeddable":true,"href":"https:\/\/cenedcursos.com.br\/meio-ambiente\/wp-json\/wp\/v2\/tags?post=3823"}],"curies":[{"name":"wp","href":"https:\/\/api.w.org\/{rel}","templated":true}]}}