{"id":3829,"date":"2014-12-10T18:06:06","date_gmt":"2014-12-10T21:06:06","guid":{"rendered":"http:\/\/www.cenedcursos.com.br\/?p=3829"},"modified":"2023-01-14T17:34:16","modified_gmt":"2023-01-14T20:34:16","slug":"gestao-de-custos-ambientais","status":"publish","type":"post","link":"https:\/\/cenedcursos.com.br\/meio-ambiente\/gestao-de-custos-ambientais\/","title":{"rendered":"Gest\u00e3o de Custos Ambientais"},"content":{"rendered":"<p style=\"text-align: justify;\">A gest\u00e3o de\u00a0custos ambientais passou a configurar-se enquanto processo de significativo valor, que acarreta consequ\u00eancias capazes de influenciar a pr\u00f3pria perman\u00eancia da empresa no mercado. Atrav\u00e9s desse controle, torna-se poss\u00edvel visualizar o \u00edndice de erros presentes e a quantidade de gastos que ser\u00e1 preciso utilizar para alcan\u00e7ar a elimina\u00e7\u00e3o ou minimiza\u00e7\u00e3o dos referidos erros. Esses gastos podem ocorrer na forma de investimentos permanentes ou por meio de insumos que ser\u00e3o consumidos no pr\u00f3prio processo operacional da empresa.<\/p>\n<p style=\"text-align: justify;\">\u00c9 preciso enfatizar que ao se remeter \u00e0 gest\u00e3o de custos ambientais, se estar\u00e1 englobando os fatores da gest\u00e3o ambiental e da gest\u00e3o de custos. No \u00e2mbito organizacional, a gest\u00e3o ambiental envolve, principalmente, a gest\u00e3o de materiais e de energia que cada institui\u00e7\u00e3o absorve (e devolve) ao meio ambiente. Isso porque existe uma quantidade dos materiais da energia que entra no produto, ao mesmo tempo em que outra parte dos materiais se transforma em res\u00edduos s\u00f3lidos e \u00e1gua, ar ou calor residual.<\/p>\n<p style=\"text-align: justify;\">Entendendo os res\u00edduos enquanto materiais que geram custos na aquisi\u00e7\u00e3o, exigem m\u00e3o de obra durante de produ\u00e7\u00e3o e desencadeiam custos adicionais no tratamento derradeiro, enfatiza-se que eles se configuram como uma carga financeira importante para empresa e n\u00e3o somente para o ambiente em si. Na verdade o que se enfatiza nessa rela\u00e7\u00e3o \u00e9 que os custos de res\u00edduo produzem despesas, sem agregar valor ao produto ou \u00e0 empresa. Pelo contr\u00e1rio, sua diminui\u00e7\u00e3o pode representar significativa melhora em termos econ\u00f4micos e ecol\u00f3gicos.<\/p>\n<figure id=\"attachment_3831\" aria-describedby=\"caption-attachment-3831\" style=\"width: 300px\" class=\"wp-caption alignright\"><a href=\"https:\/\/i0.wp.com\/www.cenedcursos.com.br\/meio-ambiente\/wp-content\/uploads\/2014\/12\/gest%C3%A3o-de-custos-ambientais.jpg?ssl=1\"><img data-recalc-dims=\"1\" loading=\"lazy\" decoding=\"async\" data-attachment-id=\"3831\" data-permalink=\"https:\/\/cenedcursos.com.br\/meio-ambiente\/gestao-de-custos-ambientais-2\/\" data-orig-file=\"https:\/\/i0.wp.com\/cenedcursos.com.br\/meio-ambiente\/wp-content\/uploads\/2014\/12\/gestao-de-custos-ambientais.jpg?fit=400%2C270&amp;ssl=1\" data-orig-size=\"400,270\" data-comments-opened=\"1\" data-image-meta=\"{&quot;aperture&quot;:&quot;0&quot;,&quot;credit&quot;:&quot;&quot;,&quot;camera&quot;:&quot;&quot;,&quot;caption&quot;:&quot;&quot;,&quot;created_timestamp&quot;:&quot;0&quot;,&quot;copyright&quot;:&quot;&quot;,&quot;focal_length&quot;:&quot;0&quot;,&quot;iso&quot;:&quot;0&quot;,&quot;shutter_speed&quot;:&quot;0&quot;,&quot;title&quot;:&quot;&quot;,&quot;orientation&quot;:&quot;0&quot;}\" data-image-title=\"gest\u00e3o de custos ambientais\" data-image-description=\"\" data-image-caption=\"&lt;p&gt;Gest\u00e3o de Custos Ambientais&lt;\/p&gt;\n\" data-medium-file=\"https:\/\/i0.wp.com\/cenedcursos.com.br\/meio-ambiente\/wp-content\/uploads\/2014\/12\/gestao-de-custos-ambientais.jpg?fit=300%2C203&amp;ssl=1\" data-large-file=\"https:\/\/i0.wp.com\/cenedcursos.com.br\/meio-ambiente\/wp-content\/uploads\/2014\/12\/gestao-de-custos-ambientais.jpg?fit=400%2C270&amp;ssl=1\" class=\"size-medium wp-image-3831\" src=\"https:\/\/i0.wp.com\/www.cenedcursos.com.br\/meio-ambiente\/wp-content\/uploads\/2014\/12\/gest%C3%A3o-de-custos-ambientais-300x202.jpg?resize=300%2C202&#038;ssl=1\" alt=\"Gest\u00e3o de Custos Ambientais\" width=\"300\" height=\"202\" \/><\/a><figcaption id=\"caption-attachment-3831\" class=\"wp-caption-text\"><\/p>\n<h2><span style=\"font-size: 10pt;\">Gest\u00e3o de Custos Ambientais<\/span><\/h2>\n<p><\/figcaption><\/figure>\n<p style=\"text-align: justify;\">Atrav\u00e9s da gest\u00e3o de\u00a0custos ambientais \u00e9 poss\u00edvel investir no fortalecimento dos sistemas de gest\u00e3o ambiental que j\u00e1 fazem parte do contexto organizacional, ao mesmo tempo em que, torna-se muito mais vi\u00e1vel o estabelecimento de novos sistemas padronizados. Ela conduz a um processo de transforma\u00e7\u00f5es continuadas em prol do desenvolvimento global da empresa.<\/p>\n<p style=\"text-align: justify;\">Ressalta-se que, o gerenciamento dos custos ambientais, viabiliza a obten\u00e7\u00e3o de informa\u00e7\u00f5es b\u00e1sicas, auxilia na forma\u00e7\u00e3o de consci\u00eancia e no desenvolvimento de estruturas que podem ser importantes no processo <a title=\"Import\u00e2ncia da certifica\u00e7\u00e3o de um SGA-ISO 14001 para empresas Angolanas\" href=\"http:\/\/www.cenedcursos.com.br\/iso-14001-empresas-angolanas.html\">ISO 14001<\/a>. Isso porque ele est\u00e1 direcionado para o fluxo de materiais, energia e \u00e1gua e n\u00e3o na racionalidade.<\/p>\n<p style=\"text-align: justify;\">E, na contemporaneidade, a busca pela contempla\u00e7\u00e3o da qualidade ambiental vem ganhando for\u00e7as em fun\u00e7\u00e3o da eleva\u00e7\u00e3o da competitividade mercadol\u00f3gica global. Isso quer dizer que as empresas como um todo passaram a direcionar maiores cuidados \u00e0s quest\u00f5es relacionadas ao controle e gerenciamento dos custos e dos programas de qualidade.<\/p>\n<p style=\"text-align: justify;\">Essa amplia\u00e7\u00e3o da necessidade de gest\u00e3o ocasionou o desenvolvimento de novos sistemas de custos, superando o antigo sistema de custos tradicionais existente desde o in\u00edcio. Uma das raz\u00f5es para a cria\u00e7\u00e3o desses novos sistemas \u00e9 a ocorr\u00eancia de repasse do custo ao produto final que n\u00e3o lhe \u00e9 correspondente, exigindo que sua gest\u00e3o seja mais condizente com a realidade.<\/p>\n<p style=\"text-align: justify;\">Nesse contexto, o que vem ganhando for\u00e7a e reconhecimento, sendo reconhecido como o mais apropriado \u00e9 o Custeio Baseado em Atividades (ABC), que est\u00e1 sendo inclu\u00eddo tamb\u00e9m para fazer parte da gest\u00e3o do controle dos <a href=\"https:\/\/cenedcursos.com.br\/meio-ambiente\/impactos-ambientais-residuos-solidos\/\">impactos ambientais<\/a>.<\/p>\n<p style=\"text-align: justify;\">O foco de preocupa\u00e7\u00e3o do Custeio Baseado em Atividades (ABC) \u00e9 o aprimoramento dos custos aos produtos, destacando, enfaticamente, os custos indiretos. O ABC ganha profundo destaque ao investir na minimiza\u00e7\u00e3o dos impactos de aloca\u00e7\u00f5es inadequadas, por meio de custeamento das a\u00e7\u00f5es demandadas pelo pr\u00f3prio produto ou outras a\u00e7\u00f5es operacionais. Ele \u00e9 considerado ponto principal da avalia\u00e7\u00e3o estrat\u00e9gica dos custos, contribuindo de maneira significativa para o planejamento estrat\u00e9gico da organiza\u00e7\u00e3o.<\/p>\n<p style=\"text-align: justify;\">O sistema do ABC n\u00e3o se encontra focalizado somente em n\u00fameros, n\u00e3o existe exclusividade com quest\u00f5es monet\u00e1rias ou fiscais. A base central do ABC \u00e9 a contempla\u00e7\u00e3o dos aspectos f\u00edsicos das a\u00e7\u00f5es, avaliando fatos, atividades e processos. Portanto, \u00e9 poss\u00edvel, segundo Prazeres (1997), desenvolver a defini\u00e7\u00e3o do mesmo enquanto elementos importantes para tratar de custeio:<\/p>\n<ul style=\"text-align: justify;\">\n<li><strong>Fun\u00e7\u00e3o<\/strong>: conjunto de processos efetivados visando um resultado espec\u00edfico. Exemplo: fun\u00e7\u00e3o de vendas ou controle ambiental<\/li>\n<li><strong>Processo<\/strong>: total de a\u00e7\u00f5es elaboradas em fun\u00e7\u00e3o de um objetivo espec\u00edfico. Por exemplo: linha de montagem do produto ou grupo de t\u00e9cnicas imprescind\u00edveis para o tratamento de uma quantidade espec\u00edfica de poluentes em um determinado per\u00edodo.<\/li>\n<li><strong>Atividades<\/strong>: a\u00e7\u00f5es dedicadas aos recursos adquiridos para se alcan\u00e7ar uma meta espec\u00edfica. Por exemplo, entender o processo de produ\u00e7\u00e3o almejando avaliar o que causa a polui\u00e7\u00e3o.<\/li>\n<li><strong>Tarefas<\/strong>: corresponde ao trabalho necess\u00e1rio para a contempla\u00e7\u00e3o das atividades. Por exemplo, identificar os pontos que se configuram como pass\u00edveis de produ\u00e7\u00e3o de res\u00edduos poluentes.<\/li>\n<li><strong>Opera\u00e7\u00f5es<\/strong>: operacionaliza\u00e7\u00e3o das tarefas planejadas, correspondendo \u00e0 menor fra\u00e7\u00e3o de trabalho. Por exemplo, visitar pontos pass\u00edveis de produ\u00e7\u00e3o de res\u00edduos poluentes.<\/li>\n<\/ul>\n<p style=\"text-align: justify;\">Todos esses passos levam \u00e0 excel\u00eancia organizacional, que representa a integra\u00e7\u00e3o eficaz do custo das a\u00e7\u00f5es do conjunto de setores e unidades, visando aprimorar continuamente a presta\u00e7\u00e3o dos servi\u00e7os que satisfa\u00e7am os consumidores.<\/p>\n","protected":false},"excerpt":{"rendered":"<p>A gest\u00e3o de\u00a0custos ambientais passou a configurar-se enquanto processo de significativo valor, que acarreta consequ\u00eancias capazes de influenciar a pr\u00f3pria perman\u00eancia da empresa no mercado. Atrav\u00e9s desse controle, torna-se poss\u00edvel visualizar o \u00edndice de erros presentes e a quantidade de gastos que ser\u00e1 preciso utilizar para alcan\u00e7ar a elimina\u00e7\u00e3o ou minimiza\u00e7\u00e3o dos referidos erros. Esses [&hellip;]<\/p>\n","protected":false},"author":1,"featured_media":12567,"comment_status":"open","ping_status":"open","sticky":false,"template":"","format":"standard","meta":{"_jetpack_memberships_contains_paid_content":false,"footnotes":""},"categories":[494],"tags":[331],"class_list":{"0":"post-3829","1":"post","2":"type-post","3":"status-publish","4":"format-standard","5":"has-post-thumbnail","7":"category-gestao-ambiental-textos","8":"tag-gestao-de-custos-ambientais"},"yoast_head":"<!-- This site is optimized with the Yoast SEO plugin v25.1 - https:\/\/yoast.com\/wordpress\/plugins\/seo\/ -->\n<title>Gest\u00e3o de Custos Ambientais - CENED Cursos Ambientais<\/title>\n<meta name=\"description\" content=\"A gest\u00e3o de custos ambientais passou a configurar-se enquanto processo de significativo valor, que acarreta consequ\u00eancias capazes de\" \/>\n<meta name=\"robots\" content=\"index, follow, max-snippet:-1, max-image-preview:large, max-video-preview:-1\" \/>\n<link rel=\"canonical\" href=\"https:\/\/cenedcursos.com.br\/meio-ambiente\/gestao-de-custos-ambientais\/\" \/>\n<meta property=\"og:locale\" content=\"pt_BR\" \/>\n<meta property=\"og:type\" content=\"article\" \/>\n<meta property=\"og:title\" content=\"Gest\u00e3o de Custos Ambientais - CENED Cursos Ambientais\" \/>\n<meta property=\"og:description\" content=\"A gest\u00e3o de custos ambientais passou a configurar-se enquanto processo de significativo valor, que acarreta consequ\u00eancias capazes de\" \/>\n<meta property=\"og:url\" content=\"https:\/\/cenedcursos.com.br\/meio-ambiente\/gestao-de-custos-ambientais\/\" \/>\n<meta property=\"og:site_name\" content=\"CENED Cursos Online\" \/>\n<meta property=\"article:published_time\" content=\"2014-12-10T21:06:06+00:00\" \/>\n<meta property=\"article:modified_time\" content=\"2023-01-14T20:34:16+00:00\" \/>\n<meta property=\"og:image\" content=\"https:\/\/cenedcursos.com.br\/meio-ambiente\/wp-content\/uploads\/2014\/12\/custos-ambientais.jpeg\" \/>\n\t<meta property=\"og:image:width\" content=\"1200\" \/>\n\t<meta property=\"og:image:height\" content=\"794\" \/>\n\t<meta property=\"og:image:type\" content=\"image\/jpeg\" \/>\n<meta name=\"author\" content=\"Amarildo R. Ferrari\" \/>\n<meta name=\"twitter:card\" content=\"summary_large_image\" \/>\n<meta name=\"twitter:label1\" content=\"Escrito por\" \/>\n\t<meta name=\"twitter:data1\" content=\"Amarildo R. Ferrari\" \/>\n\t<meta name=\"twitter:label2\" content=\"Est. tempo de leitura\" \/>\n\t<meta name=\"twitter:data2\" content=\"5 minutos\" \/>\n<script type=\"application\/ld+json\" class=\"yoast-schema-graph\">{\"@context\":\"https:\/\/schema.org\",\"@graph\":[{\"@type\":\"WebPage\",\"@id\":\"https:\/\/cenedcursos.com.br\/meio-ambiente\/gestao-de-custos-ambientais\/\",\"url\":\"https:\/\/cenedcursos.com.br\/meio-ambiente\/gestao-de-custos-ambientais\/\",\"name\":\"Gest\u00e3o de Custos Ambientais - CENED Cursos Ambientais\",\"isPartOf\":{\"@id\":\"https:\/\/cenedcursos.com.br\/meio-ambiente\/#website\"},\"primaryImageOfPage\":{\"@id\":\"https:\/\/cenedcursos.com.br\/meio-ambiente\/gestao-de-custos-ambientais\/#primaryimage\"},\"image\":{\"@id\":\"https:\/\/cenedcursos.com.br\/meio-ambiente\/gestao-de-custos-ambientais\/#primaryimage\"},\"thumbnailUrl\":\"https:\/\/i0.wp.com\/cenedcursos.com.br\/meio-ambiente\/wp-content\/uploads\/2014\/12\/custos-ambientais.jpeg?fit=1200%2C794&ssl=1\",\"datePublished\":\"2014-12-10T21:06:06+00:00\",\"dateModified\":\"2023-01-14T20:34:16+00:00\",\"author\":{\"@id\":\"https:\/\/cenedcursos.com.br\/meio-ambiente\/#\/schema\/person\/64377d24cdc16779a1eb6229894af388\"},\"description\":\"A gest\u00e3o de custos ambientais passou a configurar-se enquanto processo de significativo valor, que acarreta consequ\u00eancias capazes de\",\"breadcrumb\":{\"@id\":\"https:\/\/cenedcursos.com.br\/meio-ambiente\/gestao-de-custos-ambientais\/#breadcrumb\"},\"inLanguage\":\"pt-BR\",\"potentialAction\":[{\"@type\":\"ReadAction\",\"target\":[\"https:\/\/cenedcursos.com.br\/meio-ambiente\/gestao-de-custos-ambientais\/\"]}]},{\"@type\":\"ImageObject\",\"inLanguage\":\"pt-BR\",\"@id\":\"https:\/\/cenedcursos.com.br\/meio-ambiente\/gestao-de-custos-ambientais\/#primaryimage\",\"url\":\"https:\/\/i0.wp.com\/cenedcursos.com.br\/meio-ambiente\/wp-content\/uploads\/2014\/12\/custos-ambientais.jpeg?fit=1200%2C794&ssl=1\",\"contentUrl\":\"https:\/\/i0.wp.com\/cenedcursos.com.br\/meio-ambiente\/wp-content\/uploads\/2014\/12\/custos-ambientais.jpeg?fit=1200%2C794&ssl=1\",\"width\":1200,\"height\":794,\"caption\":\"custos ambientais\"},{\"@type\":\"BreadcrumbList\",\"@id\":\"https:\/\/cenedcursos.com.br\/meio-ambiente\/gestao-de-custos-ambientais\/#breadcrumb\",\"itemListElement\":[{\"@type\":\"ListItem\",\"position\":1,\"name\":\"In\u00edcio\",\"item\":\"https:\/\/cenedcursos.com.br\/meio-ambiente\/\"},{\"@type\":\"ListItem\",\"position\":2,\"name\":\"Gest\u00e3o de Custos Ambientais\"}]},{\"@type\":\"WebSite\",\"@id\":\"https:\/\/cenedcursos.com.br\/meio-ambiente\/#website\",\"url\":\"https:\/\/cenedcursos.com.br\/meio-ambiente\/\",\"name\":\"CENED Cursos Online\",\"description\":\"Aqui voc\u00ea encontra artigos em diversas \u00e1reas do conhecimento: meio ambiente, educa\u00e7\u00e3o, marketing digital, neg\u00f3cios online e muito mais.\",\"potentialAction\":[{\"@type\":\"SearchAction\",\"target\":{\"@type\":\"EntryPoint\",\"urlTemplate\":\"https:\/\/cenedcursos.com.br\/meio-ambiente\/?s={search_term_string}\"},\"query-input\":{\"@type\":\"PropertyValueSpecification\",\"valueRequired\":true,\"valueName\":\"search_term_string\"}}],\"inLanguage\":\"pt-BR\"},{\"@type\":\"Person\",\"@id\":\"https:\/\/cenedcursos.com.br\/meio-ambiente\/#\/schema\/person\/64377d24cdc16779a1eb6229894af388\",\"name\":\"Amarildo R. Ferrari\",\"image\":{\"@type\":\"ImageObject\",\"inLanguage\":\"pt-BR\",\"@id\":\"https:\/\/cenedcursos.com.br\/meio-ambiente\/#\/schema\/person\/image\/\",\"url\":\"https:\/\/secure.gravatar.com\/avatar\/6ea4248ca9f295c93f1b72f8398232f0fbbffe30349e6ec3839cfa5e09b0de3c?s=96&d=mm&r=g\",\"contentUrl\":\"https:\/\/secure.gravatar.com\/avatar\/6ea4248ca9f295c93f1b72f8398232f0fbbffe30349e6ec3839cfa5e09b0de3c?s=96&d=mm&r=g\",\"caption\":\"Amarildo R. Ferrari\"},\"sameAs\":[\"https:\/\/cenedcursos.com.br\/meio-ambiente\"],\"url\":\"https:\/\/cenedcursos.com.br\/meio-ambiente\/author\/admin\/\"}]}<\/script>\n<!-- \/ Yoast SEO plugin. -->","yoast_head_json":{"title":"Gest\u00e3o de Custos Ambientais - CENED Cursos Ambientais","description":"A gest\u00e3o de custos ambientais passou a configurar-se enquanto processo de significativo valor, que acarreta consequ\u00eancias capazes de","robots":{"index":"index","follow":"follow","max-snippet":"max-snippet:-1","max-image-preview":"max-image-preview:large","max-video-preview":"max-video-preview:-1"},"canonical":"https:\/\/cenedcursos.com.br\/meio-ambiente\/gestao-de-custos-ambientais\/","og_locale":"pt_BR","og_type":"article","og_title":"Gest\u00e3o de Custos Ambientais - CENED Cursos Ambientais","og_description":"A gest\u00e3o de custos ambientais passou a configurar-se enquanto processo de significativo valor, que acarreta consequ\u00eancias capazes de","og_url":"https:\/\/cenedcursos.com.br\/meio-ambiente\/gestao-de-custos-ambientais\/","og_site_name":"CENED Cursos Online","article_published_time":"2014-12-10T21:06:06+00:00","article_modified_time":"2023-01-14T20:34:16+00:00","og_image":[{"width":1200,"height":794,"url":"https:\/\/cenedcursos.com.br\/meio-ambiente\/wp-content\/uploads\/2014\/12\/custos-ambientais.jpeg","type":"image\/jpeg"}],"author":"Amarildo R. Ferrari","twitter_card":"summary_large_image","twitter_misc":{"Escrito por":"Amarildo R. Ferrari","Est. tempo de leitura":"5 minutos"},"schema":{"@context":"https:\/\/schema.org","@graph":[{"@type":"WebPage","@id":"https:\/\/cenedcursos.com.br\/meio-ambiente\/gestao-de-custos-ambientais\/","url":"https:\/\/cenedcursos.com.br\/meio-ambiente\/gestao-de-custos-ambientais\/","name":"Gest\u00e3o de Custos Ambientais - CENED Cursos Ambientais","isPartOf":{"@id":"https:\/\/cenedcursos.com.br\/meio-ambiente\/#website"},"primaryImageOfPage":{"@id":"https:\/\/cenedcursos.com.br\/meio-ambiente\/gestao-de-custos-ambientais\/#primaryimage"},"image":{"@id":"https:\/\/cenedcursos.com.br\/meio-ambiente\/gestao-de-custos-ambientais\/#primaryimage"},"thumbnailUrl":"https:\/\/i0.wp.com\/cenedcursos.com.br\/meio-ambiente\/wp-content\/uploads\/2014\/12\/custos-ambientais.jpeg?fit=1200%2C794&ssl=1","datePublished":"2014-12-10T21:06:06+00:00","dateModified":"2023-01-14T20:34:16+00:00","author":{"@id":"https:\/\/cenedcursos.com.br\/meio-ambiente\/#\/schema\/person\/64377d24cdc16779a1eb6229894af388"},"description":"A gest\u00e3o de custos ambientais passou a configurar-se enquanto processo de significativo valor, que acarreta consequ\u00eancias capazes de","breadcrumb":{"@id":"https:\/\/cenedcursos.com.br\/meio-ambiente\/gestao-de-custos-ambientais\/#breadcrumb"},"inLanguage":"pt-BR","potentialAction":[{"@type":"ReadAction","target":["https:\/\/cenedcursos.com.br\/meio-ambiente\/gestao-de-custos-ambientais\/"]}]},{"@type":"ImageObject","inLanguage":"pt-BR","@id":"https:\/\/cenedcursos.com.br\/meio-ambiente\/gestao-de-custos-ambientais\/#primaryimage","url":"https:\/\/i0.wp.com\/cenedcursos.com.br\/meio-ambiente\/wp-content\/uploads\/2014\/12\/custos-ambientais.jpeg?fit=1200%2C794&ssl=1","contentUrl":"https:\/\/i0.wp.com\/cenedcursos.com.br\/meio-ambiente\/wp-content\/uploads\/2014\/12\/custos-ambientais.jpeg?fit=1200%2C794&ssl=1","width":1200,"height":794,"caption":"custos ambientais"},{"@type":"BreadcrumbList","@id":"https:\/\/cenedcursos.com.br\/meio-ambiente\/gestao-de-custos-ambientais\/#breadcrumb","itemListElement":[{"@type":"ListItem","position":1,"name":"In\u00edcio","item":"https:\/\/cenedcursos.com.br\/meio-ambiente\/"},{"@type":"ListItem","position":2,"name":"Gest\u00e3o de Custos Ambientais"}]},{"@type":"WebSite","@id":"https:\/\/cenedcursos.com.br\/meio-ambiente\/#website","url":"https:\/\/cenedcursos.com.br\/meio-ambiente\/","name":"CENED Cursos Online","description":"Aqui voc\u00ea encontra artigos em diversas \u00e1reas do conhecimento: meio ambiente, educa\u00e7\u00e3o, marketing digital, neg\u00f3cios online e muito mais.","potentialAction":[{"@type":"SearchAction","target":{"@type":"EntryPoint","urlTemplate":"https:\/\/cenedcursos.com.br\/meio-ambiente\/?s={search_term_string}"},"query-input":{"@type":"PropertyValueSpecification","valueRequired":true,"valueName":"search_term_string"}}],"inLanguage":"pt-BR"},{"@type":"Person","@id":"https:\/\/cenedcursos.com.br\/meio-ambiente\/#\/schema\/person\/64377d24cdc16779a1eb6229894af388","name":"Amarildo R. Ferrari","image":{"@type":"ImageObject","inLanguage":"pt-BR","@id":"https:\/\/cenedcursos.com.br\/meio-ambiente\/#\/schema\/person\/image\/","url":"https:\/\/secure.gravatar.com\/avatar\/6ea4248ca9f295c93f1b72f8398232f0fbbffe30349e6ec3839cfa5e09b0de3c?s=96&d=mm&r=g","contentUrl":"https:\/\/secure.gravatar.com\/avatar\/6ea4248ca9f295c93f1b72f8398232f0fbbffe30349e6ec3839cfa5e09b0de3c?s=96&d=mm&r=g","caption":"Amarildo R. Ferrari"},"sameAs":["https:\/\/cenedcursos.com.br\/meio-ambiente"],"url":"https:\/\/cenedcursos.com.br\/meio-ambiente\/author\/admin\/"}]}},"jetpack_featured_media_url":"https:\/\/i0.wp.com\/cenedcursos.com.br\/meio-ambiente\/wp-content\/uploads\/2014\/12\/custos-ambientais.jpeg?fit=1200%2C794&ssl=1","jetpack_sharing_enabled":true,"_links":{"self":[{"href":"https:\/\/cenedcursos.com.br\/meio-ambiente\/wp-json\/wp\/v2\/posts\/3829","targetHints":{"allow":["GET"]}}],"collection":[{"href":"https:\/\/cenedcursos.com.br\/meio-ambiente\/wp-json\/wp\/v2\/posts"}],"about":[{"href":"https:\/\/cenedcursos.com.br\/meio-ambiente\/wp-json\/wp\/v2\/types\/post"}],"author":[{"embeddable":true,"href":"https:\/\/cenedcursos.com.br\/meio-ambiente\/wp-json\/wp\/v2\/users\/1"}],"replies":[{"embeddable":true,"href":"https:\/\/cenedcursos.com.br\/meio-ambiente\/wp-json\/wp\/v2\/comments?post=3829"}],"version-history":[{"count":0,"href":"https:\/\/cenedcursos.com.br\/meio-ambiente\/wp-json\/wp\/v2\/posts\/3829\/revisions"}],"wp:featuredmedia":[{"embeddable":true,"href":"https:\/\/cenedcursos.com.br\/meio-ambiente\/wp-json\/wp\/v2\/media\/12567"}],"wp:attachment":[{"href":"https:\/\/cenedcursos.com.br\/meio-ambiente\/wp-json\/wp\/v2\/media?parent=3829"}],"wp:term":[{"taxonomy":"category","embeddable":true,"href":"https:\/\/cenedcursos.com.br\/meio-ambiente\/wp-json\/wp\/v2\/categories?post=3829"},{"taxonomy":"post_tag","embeddable":true,"href":"https:\/\/cenedcursos.com.br\/meio-ambiente\/wp-json\/wp\/v2\/tags?post=3829"}],"curies":[{"name":"wp","href":"https:\/\/api.w.org\/{rel}","templated":true}]}}