{"id":3843,"date":"2015-01-19T11:14:58","date_gmt":"2015-01-19T14:14:58","guid":{"rendered":"http:\/\/www.cenedcursos.com.br\/?p=3843"},"modified":"2025-06-07T21:08:35","modified_gmt":"2025-06-08T00:08:35","slug":"principio-desenvolvimento-sustentavel","status":"publish","type":"post","link":"https:\/\/cenedcursos.com.br\/meio-ambiente\/principio-desenvolvimento-sustentavel\/","title":{"rendered":"Princ\u00edpio do Desenvolvimento Sustent\u00e1vel"},"content":{"rendered":"<p style=\"text-align: justify;\">O termo desenvolvimento sustent\u00e1vel surgiu na Confer\u00eancia Mundial do Meio Ambiente, realizada em Estocolmo, no ano de 1972. Este termo foi citado nas demais Confer\u00eancias e Tratados sobre Meio Ambiente que sucederam Estocolmo. A ECO-92, realizada no Rio de Janeiro, deu especial aten\u00e7\u00e3o ao termo, citando-o em onze dos vinte e sete princ\u00edpios elaborados, consagrando-o como princ\u00edpio. A Constitui\u00e7\u00e3o Federal contempla o princ\u00edpio do Desenvolvimento Sustent\u00e1vel em seu artigo 225, especialmente quando nos diz: \u201c&#8230;o dever de defend\u00ea-lo e preserv\u00e1-lo para as presentes e futuras gera\u00e7\u00f5es\u201d.<\/p>\n<p style=\"text-align: justify;\">A conceitua\u00e7\u00e3o mais usada e aceita sobre Desenvolvimento Sustent\u00e1vel foi elaborada em 1987, pela ent\u00e3o Primeira Ministra da Noruega, Gro Harlem Brundtland, no relat\u00f3rio <em>Nosso Futuro Comum<\/em>. Ela nos dizia que Desenvolvimento Sustent\u00e1vel \u00e9 aquele capaz de \u201catender \u00e0s necessidades do presente sem comprometer a capacidade das gera\u00e7\u00f5es futuras de satisfazer suas pr\u00f3prias necessidades\u201d.<\/p>\n<p style=\"text-align: justify;\">Fiorillo (2009) conceitua da seguinte maneira o princ\u00edpio do Desenvolvimento Sustent\u00e1vel:<a href=\"https:\/\/i0.wp.com\/www.cenedcursos.com.br\/meio-ambiente\/wp-content\/uploads\/2015\/01\/principio-desenvolvimento-sustentavel.jpg?ssl=1\"><img data-recalc-dims=\"1\" loading=\"lazy\" decoding=\"async\" data-attachment-id=\"3844\" data-permalink=\"https:\/\/cenedcursos.com.br\/meio-ambiente\/principio-desenvolvimento-sustentavel-2\/\" data-orig-file=\"https:\/\/i0.wp.com\/cenedcursos.com.br\/meio-ambiente\/wp-content\/uploads\/2015\/01\/principio-desenvolvimento-sustentavel-1.jpg?fit=300%2C319&amp;ssl=1\" data-orig-size=\"300,319\" data-comments-opened=\"1\" data-image-meta=\"{&quot;aperture&quot;:&quot;0&quot;,&quot;credit&quot;:&quot;&quot;,&quot;camera&quot;:&quot;&quot;,&quot;caption&quot;:&quot;&quot;,&quot;created_timestamp&quot;:&quot;0&quot;,&quot;copyright&quot;:&quot;&quot;,&quot;focal_length&quot;:&quot;0&quot;,&quot;iso&quot;:&quot;0&quot;,&quot;shutter_speed&quot;:&quot;0&quot;,&quot;title&quot;:&quot;&quot;,&quot;orientation&quot;:&quot;0&quot;}\" data-image-title=\"princ\u00edpio desenvolvimento sustent\u00e1vel\" data-image-description=\"\" data-image-caption=\"\" data-medium-file=\"https:\/\/i0.wp.com\/cenedcursos.com.br\/meio-ambiente\/wp-content\/uploads\/2015\/01\/principio-desenvolvimento-sustentavel-1.jpg?fit=282%2C300&amp;ssl=1\" data-large-file=\"https:\/\/i0.wp.com\/cenedcursos.com.br\/meio-ambiente\/wp-content\/uploads\/2015\/01\/principio-desenvolvimento-sustentavel-1.jpg?fit=300%2C319&amp;ssl=1\" class=\"alignright wp-image-3844 size-medium\" src=\"https:\/\/i0.wp.com\/www.cenedcursos.com.br\/meio-ambiente\/wp-content\/uploads\/2015\/01\/principio-desenvolvimento-sustentavel-282x300.jpg?resize=282%2C300&#038;ssl=1\" alt=\"principio-desenvolvimento-sustent\u00e1vel\" width=\"282\" height=\"300\" \/><\/a><\/p>\n<p style=\"text-align: justify;\"><em>O princ\u00edpio do desenvolvimento sustent\u00e1vel tem por conte\u00fado a manuten\u00e7\u00e3o das bases vitais da produ\u00e7\u00e3o e reprodu\u00e7\u00e3o do homem e de suas atividades, garantindo igualmente uma rela\u00e7\u00e3o satisfat\u00f3ria entre os homens e destes com o seu ambiente, para que as futuras gera\u00e7\u00f5es tamb\u00e9m tenham oportunidade de desfrutar os mesmos recursos que temos hoje \u00e0 nossa disposi\u00e7\u00e3o\u201d. (FIORILLO, 2009, p. 28)<\/em><\/p>\n<p style=\"text-align: justify;\">Sirvinskas (2009) nos diz que este princ\u00edpio<\/p>\n<p style=\"text-align: justify;\"><em>procura conciliar a prote\u00e7\u00e3o do meio ambiente com o desenvolvimento s\u00f3cio-econ\u00f4mico para a melhoria da qualidade de vida do homem. \u00c9 a utiliza\u00e7\u00e3o racional dos recursos naturais n\u00e3o renov\u00e1veis. Tamb\u00e9m conhecido como meio ambiente ecologicamente equilibrado ou ecodesenvolvimento. (SIRVINSKAS, 2009, p. 58)<\/em><\/p>\n<p style=\"text-align: justify;\">O autor ainda nos diz que devido ao fato de muitos cr\u00edticos considerarem n\u00e3o existir uma forma exata de medir o princ\u00edpio do desenvolvimento sustent\u00e1vel, a n\u00e3o ser que seja atrav\u00e9s do Produto Interno Bruto (PIB), A ONU criou, ent\u00e3o, outra forma de medida que \u00e9 o \u00cdndice de Desenvolvimento Humano, o qual est\u00e1 fundamentado em tr\u00eas pilares: longevidade da vida com sa\u00fade, acesso \u00e0 educa\u00e7\u00e3o e n\u00edvel de escolaridade e renda m\u00ednima e vida digna.<\/p>\n<p style=\"text-align: justify;\">Este princ\u00edpio tem como base legal o artigo 170, inciso VI, que no diz:<\/p>\n<p style=\"text-align: justify;\"><strong>Art.\u00a0170.<\/strong>\u00a0A ordem econ\u00f4mica, fundada na valoriza\u00e7\u00e3o do trabalho humano e na livre iniciativa, tem por fim assegurar a todos exist\u00eancia digna, conforme os ditames da justi\u00e7a social, observados os seguintes princ\u00edpios:<\/p>\n<p style=\"text-align: justify;\">\u00a0<em> (&#8230;)<\/em><\/p>\n<p style=\"text-align: justify;\"><em>VI\u00a0&#8211;\u00a0 defesa do meio ambiente, inclusive mediante tratamento diferenciado conforme o impacto ambiental dos produtos e servi\u00e7os e de seus processos de elabora\u00e7\u00e3o e presta\u00e7\u00e3o; (BRASIL. Constitui\u00e7\u00e3o Federal, 1988.)<\/em><\/p>\n<p style=\"text-align: justify;\">Fiorillo (2009) nos lembra que<\/p>\n<p style=\"text-align: justify;\"><em>a id\u00e9ia principal \u00e9 assegurar exist\u00eancia digna, atrav\u00e9s de uma vida com qualidade. Com isso, o princ\u00edpio n\u00e3o objetiva impedir o desenvolvimento econ\u00f4mico. Sabemos que a atividade econ\u00f4mica, na maioria das vezes, representa alguma degrada\u00e7\u00e3o ambiental. Todavia, o que se procura \u00e9 minimiz\u00e1-la, pois pensar de forma contr\u00e1ria significaria dizer que nenhuma ind\u00fastria que venha a deteriorar o meio ambiente poder\u00e1 ser instalada, e n\u00e3o \u00e9 essa a concep\u00e7\u00e3o apreendida do texto. O correto \u00e9 que as atividades sejam desenvolvidas lan\u00e7ando-se m\u00e3o dos instrumentos existente adequados para a menor degrada\u00e7\u00e3o poss\u00edvel. (FIORILLO, 2009, p. 36)<\/em><\/p>\n<p style=\"text-align: justify;\">O autor ainda continua citando as palavras do Prof. Luiz Alberto David Ara\u00fajo:<\/p>\n<p style=\"text-align: justify;\"><em>A inser\u00e7\u00e3o do princ\u00edpio do desenvolvimento sustent\u00e1vel\u00a0significa que nenhuma ind\u00fastria que venha deteriorar o meio ambiente pode ser instalada? A resposta \u00e9 negativa. A efic\u00e1cia da norma consiste em fixar uma interpreta\u00e7\u00e3o que leve \u00e0 <a href=\"https:\/\/cenedcursos.com.br\/meio-ambiente\/atlas-das-caatingas-areas-protecao-ambiental\/\">prote\u00e7\u00e3o ao meio ambiente<\/a>. Todo o esfor\u00e7o da ordem econ\u00f4mica deve ser voltado para a prote\u00e7\u00e3o do meio ambiente, ao lado de outros valores citados no artigo 170, em seus incisos. (ARA\u00daJO, 1992 apud FIORILLO, 2009, p. 37).<\/em><\/p>\n<p style=\"text-align: justify;\"><strong>\u00a0<\/strong><strong>Refer\u00eancias Bibliogr\u00e1ficas<\/strong><\/p>\n<p style=\"text-align: justify;\">FIORILLO, Celso Antonio Pacheco. <strong>Curso de Direito Ambiental Brasileiro<\/strong>. 10 ed. S\u00e3o Paulo: Saraiva, 2009.<\/p>\n<p style=\"text-align: justify;\">SIRVINSKAS. Lu\u00eds Paulo. <strong>Manual de Direito Ambiental<\/strong>. 7 ed. S\u00e3o Paulo: Saraiva, 2009.<\/p>\n<p style=\"text-align: justify;\"><strong>Sobre o Autor:<\/strong><\/p>\n<p style=\"text-align: justify;\"><strong>Amarildo R. Ferrari<\/strong> \u00e9 Especialista em Educa\u00e7\u00e3o Ambiental pela Universidade Polit\u00e9cnica da Catalunha (UPC &#8211; Espanha); Especialista em Direito Ambiental pela Universidade Paulista (UNIP); Fil\u00f3sofo pela PUCRS; Diretor do CENED Cursos \u2013 <a href=\"http:\/\/www.cenedcursos.com.br\">http:\/\/www.cenedcursos.com.br<\/a> ; Idealizador do Congresso Nacional de Meio Ambiente e Sustentabilidade- CONMAS (<a href=\"http:\/\/www.conmas.com.br\" target=\"_blank\" rel=\"noopener noreferrer\">http:\/\/www.conmas.com.br<\/a>); Professor de diversos cursos na \u00e1rea ambiental como: Gest\u00e3o de Res\u00edduos S\u00f3lidos, Licenciamento Ambiental, Educa\u00e7\u00e3o Ambiental e \u00c9tica, Direito e Legisla\u00e7\u00e3o Ambiental e outros; Palestrante.<\/p>\n","protected":false},"excerpt":{"rendered":"<p>O termo desenvolvimento sustent\u00e1vel surgiu na Confer\u00eancia Mundial do Meio Ambiente, realizada em Estocolmo, no ano de 1972. Este termo foi citado nas demais Confer\u00eancias e Tratados sobre Meio Ambiente que sucederam Estocolmo. A ECO-92, realizada no Rio de Janeiro, deu especial aten\u00e7\u00e3o ao termo, citando-o em onze dos vinte e sete princ\u00edpios elaborados, consagrando-o [&hellip;]<\/p>\n","protected":false},"author":1,"featured_media":3844,"comment_status":"open","ping_status":"open","sticky":false,"template":"","format":"standard","meta":{"_jetpack_memberships_contains_paid_content":false,"footnotes":""},"categories":[496],"tags":[],"class_list":{"0":"post-3843","1":"post","2":"type-post","3":"status-publish","4":"format-standard","5":"has-post-thumbnail","7":"category-legislacao-ambiental-textos"},"yoast_head":"<!-- This site is optimized with the Yoast SEO plugin v25.1 - https:\/\/yoast.com\/wordpress\/plugins\/seo\/ -->\n<title>Princ\u00edpio do Desenvolvimento Sustent\u00e1vel-CENED Cursos<\/title>\n<meta name=\"description\" content=\"O termo desenvolvimento sustent\u00e1vel surgiu na Confer\u00eancia Mundial do Meio Ambiente, realizada em Estocolmo, no ano de 1972. Este termo foi\" \/>\n<meta name=\"robots\" content=\"index, follow, max-snippet:-1, max-image-preview:large, max-video-preview:-1\" \/>\n<link rel=\"canonical\" href=\"https:\/\/cenedcursos.com.br\/meio-ambiente\/principio-desenvolvimento-sustentavel\/\" \/>\n<meta property=\"og:locale\" content=\"pt_BR\" \/>\n<meta property=\"og:type\" content=\"article\" \/>\n<meta property=\"og:title\" content=\"Princ\u00edpio do Desenvolvimento Sustent\u00e1vel-CENED Cursos\" \/>\n<meta property=\"og:description\" content=\"O termo desenvolvimento sustent\u00e1vel surgiu na Confer\u00eancia Mundial do Meio Ambiente, realizada em Estocolmo, no ano de 1972. Este termo foi\" \/>\n<meta property=\"og:url\" content=\"https:\/\/cenedcursos.com.br\/meio-ambiente\/principio-desenvolvimento-sustentavel\/\" \/>\n<meta property=\"og:site_name\" content=\"CENED Cursos Online\" \/>\n<meta property=\"article:published_time\" content=\"2015-01-19T14:14:58+00:00\" \/>\n<meta property=\"article:modified_time\" content=\"2025-06-08T00:08:35+00:00\" \/>\n<meta property=\"og:image\" content=\"https:\/\/cenedcursos.com.br\/meio-ambiente\/wp-content\/uploads\/2015\/01\/principio-desenvolvimento-sustentavel-1.jpg\" \/>\n\t<meta property=\"og:image:width\" content=\"300\" \/>\n\t<meta property=\"og:image:height\" content=\"319\" \/>\n\t<meta property=\"og:image:type\" content=\"image\/jpeg\" \/>\n<meta name=\"author\" content=\"Amarildo R. Ferrari\" \/>\n<meta name=\"twitter:card\" content=\"summary_large_image\" \/>\n<meta name=\"twitter:label1\" content=\"Escrito por\" \/>\n\t<meta name=\"twitter:data1\" content=\"Amarildo R. Ferrari\" \/>\n\t<meta name=\"twitter:label2\" content=\"Est. tempo de leitura\" \/>\n\t<meta name=\"twitter:data2\" content=\"5 minutos\" \/>\n<script type=\"application\/ld+json\" class=\"yoast-schema-graph\">{\"@context\":\"https:\/\/schema.org\",\"@graph\":[{\"@type\":\"WebPage\",\"@id\":\"https:\/\/cenedcursos.com.br\/meio-ambiente\/principio-desenvolvimento-sustentavel\/\",\"url\":\"https:\/\/cenedcursos.com.br\/meio-ambiente\/principio-desenvolvimento-sustentavel\/\",\"name\":\"Princ\u00edpio do Desenvolvimento Sustent\u00e1vel-CENED Cursos\",\"isPartOf\":{\"@id\":\"https:\/\/cenedcursos.com.br\/meio-ambiente\/#website\"},\"primaryImageOfPage\":{\"@id\":\"https:\/\/cenedcursos.com.br\/meio-ambiente\/principio-desenvolvimento-sustentavel\/#primaryimage\"},\"image\":{\"@id\":\"https:\/\/cenedcursos.com.br\/meio-ambiente\/principio-desenvolvimento-sustentavel\/#primaryimage\"},\"thumbnailUrl\":\"https:\/\/i0.wp.com\/cenedcursos.com.br\/meio-ambiente\/wp-content\/uploads\/2015\/01\/principio-desenvolvimento-sustentavel-1.jpg?fit=300%2C319&ssl=1\",\"datePublished\":\"2015-01-19T14:14:58+00:00\",\"dateModified\":\"2025-06-08T00:08:35+00:00\",\"author\":{\"@id\":\"https:\/\/cenedcursos.com.br\/meio-ambiente\/#\/schema\/person\/64377d24cdc16779a1eb6229894af388\"},\"description\":\"O termo desenvolvimento sustent\u00e1vel surgiu na Confer\u00eancia Mundial do Meio Ambiente, realizada em Estocolmo, no ano de 1972. Este termo foi\",\"breadcrumb\":{\"@id\":\"https:\/\/cenedcursos.com.br\/meio-ambiente\/principio-desenvolvimento-sustentavel\/#breadcrumb\"},\"inLanguage\":\"pt-BR\",\"potentialAction\":[{\"@type\":\"ReadAction\",\"target\":[\"https:\/\/cenedcursos.com.br\/meio-ambiente\/principio-desenvolvimento-sustentavel\/\"]}]},{\"@type\":\"ImageObject\",\"inLanguage\":\"pt-BR\",\"@id\":\"https:\/\/cenedcursos.com.br\/meio-ambiente\/principio-desenvolvimento-sustentavel\/#primaryimage\",\"url\":\"https:\/\/i0.wp.com\/cenedcursos.com.br\/meio-ambiente\/wp-content\/uploads\/2015\/01\/principio-desenvolvimento-sustentavel-1.jpg?fit=300%2C319&ssl=1\",\"contentUrl\":\"https:\/\/i0.wp.com\/cenedcursos.com.br\/meio-ambiente\/wp-content\/uploads\/2015\/01\/principio-desenvolvimento-sustentavel-1.jpg?fit=300%2C319&ssl=1\",\"width\":300,\"height\":319,\"caption\":\"princ\u00edpio desenvolvimento sustent\u00e1vel\"},{\"@type\":\"BreadcrumbList\",\"@id\":\"https:\/\/cenedcursos.com.br\/meio-ambiente\/principio-desenvolvimento-sustentavel\/#breadcrumb\",\"itemListElement\":[{\"@type\":\"ListItem\",\"position\":1,\"name\":\"In\u00edcio\",\"item\":\"https:\/\/cenedcursos.com.br\/meio-ambiente\/\"},{\"@type\":\"ListItem\",\"position\":2,\"name\":\"Princ\u00edpio do Desenvolvimento Sustent\u00e1vel\"}]},{\"@type\":\"WebSite\",\"@id\":\"https:\/\/cenedcursos.com.br\/meio-ambiente\/#website\",\"url\":\"https:\/\/cenedcursos.com.br\/meio-ambiente\/\",\"name\":\"CENED Cursos Online\",\"description\":\"Aqui voc\u00ea encontra artigos em diversas \u00e1reas do conhecimento: meio ambiente, educa\u00e7\u00e3o, marketing digital, neg\u00f3cios online e muito mais.\",\"potentialAction\":[{\"@type\":\"SearchAction\",\"target\":{\"@type\":\"EntryPoint\",\"urlTemplate\":\"https:\/\/cenedcursos.com.br\/meio-ambiente\/?s={search_term_string}\"},\"query-input\":{\"@type\":\"PropertyValueSpecification\",\"valueRequired\":true,\"valueName\":\"search_term_string\"}}],\"inLanguage\":\"pt-BR\"},{\"@type\":\"Person\",\"@id\":\"https:\/\/cenedcursos.com.br\/meio-ambiente\/#\/schema\/person\/64377d24cdc16779a1eb6229894af388\",\"name\":\"Amarildo R. Ferrari\",\"image\":{\"@type\":\"ImageObject\",\"inLanguage\":\"pt-BR\",\"@id\":\"https:\/\/cenedcursos.com.br\/meio-ambiente\/#\/schema\/person\/image\/\",\"url\":\"https:\/\/secure.gravatar.com\/avatar\/6ea4248ca9f295c93f1b72f8398232f0fbbffe30349e6ec3839cfa5e09b0de3c?s=96&d=mm&r=g\",\"contentUrl\":\"https:\/\/secure.gravatar.com\/avatar\/6ea4248ca9f295c93f1b72f8398232f0fbbffe30349e6ec3839cfa5e09b0de3c?s=96&d=mm&r=g\",\"caption\":\"Amarildo R. Ferrari\"},\"sameAs\":[\"https:\/\/cenedcursos.com.br\/meio-ambiente\"],\"url\":\"https:\/\/cenedcursos.com.br\/meio-ambiente\/author\/admin\/\"}]}<\/script>\n<!-- \/ Yoast SEO plugin. -->","yoast_head_json":{"title":"Princ\u00edpio do Desenvolvimento Sustent\u00e1vel-CENED Cursos","description":"O termo desenvolvimento sustent\u00e1vel surgiu na Confer\u00eancia Mundial do Meio Ambiente, realizada em Estocolmo, no ano de 1972. Este termo foi","robots":{"index":"index","follow":"follow","max-snippet":"max-snippet:-1","max-image-preview":"max-image-preview:large","max-video-preview":"max-video-preview:-1"},"canonical":"https:\/\/cenedcursos.com.br\/meio-ambiente\/principio-desenvolvimento-sustentavel\/","og_locale":"pt_BR","og_type":"article","og_title":"Princ\u00edpio do Desenvolvimento Sustent\u00e1vel-CENED Cursos","og_description":"O termo desenvolvimento sustent\u00e1vel surgiu na Confer\u00eancia Mundial do Meio Ambiente, realizada em Estocolmo, no ano de 1972. Este termo foi","og_url":"https:\/\/cenedcursos.com.br\/meio-ambiente\/principio-desenvolvimento-sustentavel\/","og_site_name":"CENED Cursos Online","article_published_time":"2015-01-19T14:14:58+00:00","article_modified_time":"2025-06-08T00:08:35+00:00","og_image":[{"width":300,"height":319,"url":"https:\/\/cenedcursos.com.br\/meio-ambiente\/wp-content\/uploads\/2015\/01\/principio-desenvolvimento-sustentavel-1.jpg","type":"image\/jpeg"}],"author":"Amarildo R. Ferrari","twitter_card":"summary_large_image","twitter_misc":{"Escrito por":"Amarildo R. Ferrari","Est. tempo de leitura":"5 minutos"},"schema":{"@context":"https:\/\/schema.org","@graph":[{"@type":"WebPage","@id":"https:\/\/cenedcursos.com.br\/meio-ambiente\/principio-desenvolvimento-sustentavel\/","url":"https:\/\/cenedcursos.com.br\/meio-ambiente\/principio-desenvolvimento-sustentavel\/","name":"Princ\u00edpio do Desenvolvimento Sustent\u00e1vel-CENED Cursos","isPartOf":{"@id":"https:\/\/cenedcursos.com.br\/meio-ambiente\/#website"},"primaryImageOfPage":{"@id":"https:\/\/cenedcursos.com.br\/meio-ambiente\/principio-desenvolvimento-sustentavel\/#primaryimage"},"image":{"@id":"https:\/\/cenedcursos.com.br\/meio-ambiente\/principio-desenvolvimento-sustentavel\/#primaryimage"},"thumbnailUrl":"https:\/\/i0.wp.com\/cenedcursos.com.br\/meio-ambiente\/wp-content\/uploads\/2015\/01\/principio-desenvolvimento-sustentavel-1.jpg?fit=300%2C319&ssl=1","datePublished":"2015-01-19T14:14:58+00:00","dateModified":"2025-06-08T00:08:35+00:00","author":{"@id":"https:\/\/cenedcursos.com.br\/meio-ambiente\/#\/schema\/person\/64377d24cdc16779a1eb6229894af388"},"description":"O termo desenvolvimento sustent\u00e1vel surgiu na Confer\u00eancia Mundial do Meio Ambiente, realizada em Estocolmo, no ano de 1972. Este termo foi","breadcrumb":{"@id":"https:\/\/cenedcursos.com.br\/meio-ambiente\/principio-desenvolvimento-sustentavel\/#breadcrumb"},"inLanguage":"pt-BR","potentialAction":[{"@type":"ReadAction","target":["https:\/\/cenedcursos.com.br\/meio-ambiente\/principio-desenvolvimento-sustentavel\/"]}]},{"@type":"ImageObject","inLanguage":"pt-BR","@id":"https:\/\/cenedcursos.com.br\/meio-ambiente\/principio-desenvolvimento-sustentavel\/#primaryimage","url":"https:\/\/i0.wp.com\/cenedcursos.com.br\/meio-ambiente\/wp-content\/uploads\/2015\/01\/principio-desenvolvimento-sustentavel-1.jpg?fit=300%2C319&ssl=1","contentUrl":"https:\/\/i0.wp.com\/cenedcursos.com.br\/meio-ambiente\/wp-content\/uploads\/2015\/01\/principio-desenvolvimento-sustentavel-1.jpg?fit=300%2C319&ssl=1","width":300,"height":319,"caption":"princ\u00edpio desenvolvimento sustent\u00e1vel"},{"@type":"BreadcrumbList","@id":"https:\/\/cenedcursos.com.br\/meio-ambiente\/principio-desenvolvimento-sustentavel\/#breadcrumb","itemListElement":[{"@type":"ListItem","position":1,"name":"In\u00edcio","item":"https:\/\/cenedcursos.com.br\/meio-ambiente\/"},{"@type":"ListItem","position":2,"name":"Princ\u00edpio do Desenvolvimento Sustent\u00e1vel"}]},{"@type":"WebSite","@id":"https:\/\/cenedcursos.com.br\/meio-ambiente\/#website","url":"https:\/\/cenedcursos.com.br\/meio-ambiente\/","name":"CENED Cursos Online","description":"Aqui voc\u00ea encontra artigos em diversas \u00e1reas do conhecimento: meio ambiente, educa\u00e7\u00e3o, marketing digital, neg\u00f3cios online e muito mais.","potentialAction":[{"@type":"SearchAction","target":{"@type":"EntryPoint","urlTemplate":"https:\/\/cenedcursos.com.br\/meio-ambiente\/?s={search_term_string}"},"query-input":{"@type":"PropertyValueSpecification","valueRequired":true,"valueName":"search_term_string"}}],"inLanguage":"pt-BR"},{"@type":"Person","@id":"https:\/\/cenedcursos.com.br\/meio-ambiente\/#\/schema\/person\/64377d24cdc16779a1eb6229894af388","name":"Amarildo R. Ferrari","image":{"@type":"ImageObject","inLanguage":"pt-BR","@id":"https:\/\/cenedcursos.com.br\/meio-ambiente\/#\/schema\/person\/image\/","url":"https:\/\/secure.gravatar.com\/avatar\/6ea4248ca9f295c93f1b72f8398232f0fbbffe30349e6ec3839cfa5e09b0de3c?s=96&d=mm&r=g","contentUrl":"https:\/\/secure.gravatar.com\/avatar\/6ea4248ca9f295c93f1b72f8398232f0fbbffe30349e6ec3839cfa5e09b0de3c?s=96&d=mm&r=g","caption":"Amarildo R. Ferrari"},"sameAs":["https:\/\/cenedcursos.com.br\/meio-ambiente"],"url":"https:\/\/cenedcursos.com.br\/meio-ambiente\/author\/admin\/"}]}},"jetpack_featured_media_url":"https:\/\/i0.wp.com\/cenedcursos.com.br\/meio-ambiente\/wp-content\/uploads\/2015\/01\/principio-desenvolvimento-sustentavel-1.jpg?fit=300%2C319&ssl=1","jetpack_sharing_enabled":true,"_links":{"self":[{"href":"https:\/\/cenedcursos.com.br\/meio-ambiente\/wp-json\/wp\/v2\/posts\/3843","targetHints":{"allow":["GET"]}}],"collection":[{"href":"https:\/\/cenedcursos.com.br\/meio-ambiente\/wp-json\/wp\/v2\/posts"}],"about":[{"href":"https:\/\/cenedcursos.com.br\/meio-ambiente\/wp-json\/wp\/v2\/types\/post"}],"author":[{"embeddable":true,"href":"https:\/\/cenedcursos.com.br\/meio-ambiente\/wp-json\/wp\/v2\/users\/1"}],"replies":[{"embeddable":true,"href":"https:\/\/cenedcursos.com.br\/meio-ambiente\/wp-json\/wp\/v2\/comments?post=3843"}],"version-history":[{"count":1,"href":"https:\/\/cenedcursos.com.br\/meio-ambiente\/wp-json\/wp\/v2\/posts\/3843\/revisions"}],"predecessor-version":[{"id":13591,"href":"https:\/\/cenedcursos.com.br\/meio-ambiente\/wp-json\/wp\/v2\/posts\/3843\/revisions\/13591"}],"wp:featuredmedia":[{"embeddable":true,"href":"https:\/\/cenedcursos.com.br\/meio-ambiente\/wp-json\/wp\/v2\/media\/3844"}],"wp:attachment":[{"href":"https:\/\/cenedcursos.com.br\/meio-ambiente\/wp-json\/wp\/v2\/media?parent=3843"}],"wp:term":[{"taxonomy":"category","embeddable":true,"href":"https:\/\/cenedcursos.com.br\/meio-ambiente\/wp-json\/wp\/v2\/categories?post=3843"},{"taxonomy":"post_tag","embeddable":true,"href":"https:\/\/cenedcursos.com.br\/meio-ambiente\/wp-json\/wp\/v2\/tags?post=3843"}],"curies":[{"name":"wp","href":"https:\/\/api.w.org\/{rel}","templated":true}]}}